{"id":342344,"date":"2013-07-12T00:00:00","date_gmt":"2013-07-12T04:00:00","guid":{"rendered":"https:\/\/casadecampoliving.com\/noche-de-tabaco-y-ron-para-celebrar-el-dia-de-los-padres-en-la-cana-el-27-de-julio\/"},"modified":"2022-10-21T18:54:31","modified_gmt":"2022-10-21T22:54:31","slug":"noche-de-tabaco-y-ron-para-celebrar-el-dia-de-los-padres-en-la-cana-el-27-de-julio","status":"publish","type":"post","link":"https:\/\/casadecampoliving.com\/es\/noche-de-tabaco-y-ron-para-celebrar-el-dia-de-los-padres-en-la-cana-el-27-de-julio\/","title":{"rendered":"Noche de Tabaco y Ron para celebrar el D\u00eda de los Padres en La Ca\u00f1a el 27 de Julio"},"content":{"rendered":"<div class=\"wp-block-image\">\n<figure class=\"aligncenter is-resized\"><img loading=\"lazy\" decoding=\"async\" src=\"https:\/\/i0.wp.com\/casadecampoliving.com\/wp-content\/uploads\/2022\/10\/Noche_de_Tabaco_Ron.jpg?resize=550%2C480&amp;ssl=1\" alt=\"casa de campo\" class=\"wp-image-73764\" title=\"Noche_de_Tabaco_Ron\" height=\"480\" width=\"550\"\/><\/figure>\n<\/div>\n\n\n<p>\u00a1A los padres de Casa de Campo les espera en una noche especial! El restaurante La Ca\u00f1a de Casa de Campo le tiene preparada una velada para celebrar el D\u00eda de los Padres en Rep\u00fablica Dominicana, el cual se celebrar\u00e1 pr\u00f3ximo domingo 28 de julio de 2013.<\/p>\n\n\n\n<p>Se trata de una ante sala del D\u00eda de los Padres con una noche de tabaco y ron, acompa\u00f1ada del contagioso ritmo de son en vivo. Esta actividad tendr\u00e1 lugar el s\u00e1bado 27 de julio, desde las 8:00 de la noche.<\/p>\n\n\n\n<p>Durante toda la noche habr\u00e1 una oferta especial de ron Barcel\u00f3, <strong>\u00a1NO SE LO PIERDA!<\/strong><\/p>\n\n\n\n<blockquote><p><strong>Noche de Tabaco y Ron<\/strong><\/p><p><strong>D\u00f3nde:<\/strong> Restaurante La Ca\u00f1a, Casa de Campo<\/p><p><strong>Cu\u00e1ndo:<\/strong> S\u00e1bado 27 de julio<\/p><p><strong>Hora:<\/strong> 8:00 pm<\/p><p><strong>Contacto:&nbsp;<\/strong><\/p><ul>\n<li>Club de Due\u00f1os: 2079-2080<\/li>\n<li>Concierge: 3165-3166<\/li>\n<\/ul><\/blockquote>\n","protected":false},"excerpt":{"rendered":"<p>\u00a1A los padres de Casa de Campo les espera en una noche especial! El restaurante La Ca\u00f1a de Casa de Campo le tiene preparada una velada para celebrar el D\u00eda de los Padres en Rep\u00fablica Dominicana, el cual se celebrar\u00e1 pr\u00f3ximo domingo 28 de julio de 2013. Se trata de una ante sala del D\u00eda [&hellip;]<\/p>\n","protected":false},"author":431,"featured_media":252834,"comment_status":"closed","ping_status":"closed","sticky":false,"template":"","format":"standard","meta":{"newspack_ads_suppress_ads":false,"newspack_popups_has_disabled_popups":false,"newspack_sponsor_sponsorship_scope":"","newspack_sponsor_native_byline_display":"inherit","newspack_sponsor_native_category_display":"inherit","newspack_sponsor_underwriter_style":"inherit","newspack_sponsor_underwriter_placement":"inherit","_newspack_byline_active":false,"_newspack_byline":"","newspack_hide_updated_date":false,"newspack_show_updated_date":false,"newspack_content_restriction_is_exempt":false,"newspack_featured_image_position":"","newspack_post_subtitle":"","newspack_article_summary_title":"Overview:","newspack_article_summary":"","_jetpack_memberships_contains_paid_content":false,"footnotes":"","jetpack_publicize_message":"","jetpack_publicize_feature_enabled":true,"jetpack_social_post_already_shared":false,"jetpack_social_options":{"image_generator_settings":{"template":"highway","default_image_id":0,"font":"","enabled":false},"version":2},"_wpas_customize_per_network":false},"categories":[14629,2522,14625,14627,26822,2520,2501],"tags":[4897],"newspack_spnsrs_tax":[],"class_list":["post-342344","post","type-post","status-publish","format-standard","has-post-thumbnail","hentry","category-comidas-bebidas","category-eventos-es","category-noticias-locales","category-proximamente","category-resort-casa-de-campo","category-restaurantes-es","category-vida-nocturna-es","tag-dia-de-los-padres","entry"],"yoast_head":"<!-- This site is optimized with the Yoast SEO plugin v27.5 - https:\/\/yoast.com\/product\/yoast-seo-wordpress\/ -->\n<title>Noche de Tabaco y Ron para celebrar el D\u00eda de los Padres en La Ca\u00f1a el 27 de Julio | Casa de Campo Living<\/title>\n<meta name=\"description\" content=\"\u00a1A los padres de Casa de Campo les espera en una noche especial! El restaurante La Ca\u00f1a de Casa de Campo le tiene preparada una velada para celebrar el\" \/>\n<meta name=\"robots\" content=\"index, follow, max-snippet:-1, max-image-preview:large, max-video-preview:-1\" \/>\n<link rel=\"canonical\" href=\"https:\/\/casadecampoliving.com\/es\/noche-de-tabaco-y-ron-para-celebrar-el-dia-de-los-padres-en-la-cana-el-27-de-julio\/\" \/>\n<meta property=\"og:locale\" content=\"es_ES\" \/>\n<meta property=\"og:type\" content=\"article\" \/>\n<meta property=\"og:title\" content=\"Noche de Tabaco y Ron para celebrar el D\u00eda de los Padres en La Ca\u00f1a el 27 de Julio | Casa de Campo Living\" \/>\n<meta property=\"og:description\" content=\"\u00a1A los padres de Casa de Campo les espera en una noche especial! El restaurante La Ca\u00f1a de Casa de Campo le tiene preparada una velada para celebrar el\" \/>\n<meta property=\"og:url\" content=\"https:\/\/casadecampoliving.com\/es\/noche-de-tabaco-y-ron-para-celebrar-el-dia-de-los-padres-en-la-cana-el-27-de-julio\/\" \/>\n<meta property=\"og:site_name\" content=\"Casa de Campo Living\" \/>\n<meta property=\"article:publisher\" content=\"https:\/\/www.facebook.com\/casadecampoliving\" \/>\n<meta property=\"article:published_time\" content=\"2013-07-12T04:00:00+00:00\" \/>\n<meta property=\"article:modified_time\" content=\"2022-10-21T22:54:31+00:00\" \/>\n<meta property=\"og:image\" content=\"https:\/\/i0.wp.com\/casadecampoliving.com\/wp-content\/uploads\/2022\/10\/Noche_de_Tabaco_Ron-1.jpg?fit=550%2C480&ssl=1\" \/>\n\t<meta property=\"og:image:width\" content=\"550\" \/>\n\t<meta property=\"og:image:height\" content=\"480\" \/>\n\t<meta property=\"og:image:type\" content=\"image\/jpeg\" \/>\n<meta name=\"author\" content=\"Mairobi Herrera\" \/>\n<meta name=\"twitter:card\" content=\"summary_large_image\" \/>\n<meta name=\"twitter:creator\" content=\"@cdcliving\" \/>\n<meta name=\"twitter:site\" content=\"@cdcliving\" \/>\n<meta name=\"twitter:label1\" content=\"Escrito por\" \/>\n\t<meta name=\"twitter:data1\" content=\"Mairobi Herrera\" \/>\n\t<meta name=\"twitter:label2\" content=\"Tiempo de lectura\" \/>\n\t<meta name=\"twitter:data2\" content=\"1 minuto\" \/>\n<script type=\"application\/ld+json\" class=\"yoast-schema-graph\">{\"@context\":\"https:\\\/\\\/schema.org\",\"@graph\":[{\"@type\":\"Article\",\"@id\":\"https:\\\/\\\/casadecampoliving.com\\\/es\\\/noche-de-tabaco-y-ron-para-celebrar-el-dia-de-los-padres-en-la-cana-el-27-de-julio\\\/#article\",\"isPartOf\":{\"@id\":\"https:\\\/\\\/casadecampoliving.com\\\/es\\\/noche-de-tabaco-y-ron-para-celebrar-el-dia-de-los-padres-en-la-cana-el-27-de-julio\\\/\"},\"author\":{\"name\":\"Mairobi Herrera\",\"@id\":\"https:\\\/\\\/casadecampoliving.com\\\/es\\\/#\\\/schema\\\/person\\\/932e594484c49168ad37fbb9141bf699\"},\"headline\":\"Noche de Tabaco y Ron para celebrar el D\u00eda de los Padres en La Ca\u00f1a el 27 de Julio\",\"datePublished\":\"2013-07-12T04:00:00+00:00\",\"dateModified\":\"2022-10-21T22:54:31+00:00\",\"mainEntityOfPage\":{\"@id\":\"https:\\\/\\\/casadecampoliving.com\\\/es\\\/noche-de-tabaco-y-ron-para-celebrar-el-dia-de-los-padres-en-la-cana-el-27-de-julio\\\/\"},\"wordCount\":157,\"publisher\":{\"@id\":\"https:\\\/\\\/casadecampoliving.com\\\/es\\\/#organization\"},\"image\":{\"@id\":\"https:\\\/\\\/casadecampoliving.com\\\/es\\\/noche-de-tabaco-y-ron-para-celebrar-el-dia-de-los-padres-en-la-cana-el-27-de-julio\\\/#primaryimage\"},\"thumbnailUrl\":\"https:\\\/\\\/i0.wp.com\\\/casadecampoliving.com\\\/wp-content\\\/uploads\\\/2022\\\/10\\\/Noche_de_Tabaco_Ron-1.jpg?fit=550%2C480&ssl=1\",\"keywords\":[\"dia de los padres\"],\"articleSection\":[\"Comidas &amp; Bebidas\",\"Eventos\",\"Noticias Locales\",\"Proximamente\",\"Resort Casa de Campo\",\"Restaurantes\",\"Vida Nocturna\"],\"inLanguage\":\"es\"},{\"@type\":\"WebPage\",\"@id\":\"https:\\\/\\\/casadecampoliving.com\\\/es\\\/noche-de-tabaco-y-ron-para-celebrar-el-dia-de-los-padres-en-la-cana-el-27-de-julio\\\/\",\"url\":\"https:\\\/\\\/casadecampoliving.com\\\/es\\\/noche-de-tabaco-y-ron-para-celebrar-el-dia-de-los-padres-en-la-cana-el-27-de-julio\\\/\",\"name\":\"Noche de Tabaco y Ron para celebrar el D\u00eda de los Padres en La Ca\u00f1a el 27 de Julio | Casa de Campo Living\",\"isPartOf\":{\"@id\":\"https:\\\/\\\/casadecampoliving.com\\\/es\\\/#website\"},\"primaryImageOfPage\":{\"@id\":\"https:\\\/\\\/casadecampoliving.com\\\/es\\\/noche-de-tabaco-y-ron-para-celebrar-el-dia-de-los-padres-en-la-cana-el-27-de-julio\\\/#primaryimage\"},\"image\":{\"@id\":\"https:\\\/\\\/casadecampoliving.com\\\/es\\\/noche-de-tabaco-y-ron-para-celebrar-el-dia-de-los-padres-en-la-cana-el-27-de-julio\\\/#primaryimage\"},\"thumbnailUrl\":\"https:\\\/\\\/i0.wp.com\\\/casadecampoliving.com\\\/wp-content\\\/uploads\\\/2022\\\/10\\\/Noche_de_Tabaco_Ron-1.jpg?fit=550%2C480&ssl=1\",\"datePublished\":\"2013-07-12T04:00:00+00:00\",\"dateModified\":\"2022-10-21T22:54:31+00:00\",\"description\":\"\u00a1A los padres de Casa de Campo les espera en una noche especial! El restaurante La Ca\u00f1a de Casa de Campo le tiene preparada una velada para celebrar el\",\"breadcrumb\":{\"@id\":\"https:\\\/\\\/casadecampoliving.com\\\/es\\\/noche-de-tabaco-y-ron-para-celebrar-el-dia-de-los-padres-en-la-cana-el-27-de-julio\\\/#breadcrumb\"},\"inLanguage\":\"es\",\"potentialAction\":[{\"@type\":\"ReadAction\",\"target\":[\"https:\\\/\\\/casadecampoliving.com\\\/es\\\/noche-de-tabaco-y-ron-para-celebrar-el-dia-de-los-padres-en-la-cana-el-27-de-julio\\\/\"]}]},{\"@type\":\"ImageObject\",\"inLanguage\":\"es\",\"@id\":\"https:\\\/\\\/casadecampoliving.com\\\/es\\\/noche-de-tabaco-y-ron-para-celebrar-el-dia-de-los-padres-en-la-cana-el-27-de-julio\\\/#primaryimage\",\"url\":\"https:\\\/\\\/i0.wp.com\\\/casadecampoliving.com\\\/wp-content\\\/uploads\\\/2022\\\/10\\\/Noche_de_Tabaco_Ron-1.jpg?fit=550%2C480&ssl=1\",\"contentUrl\":\"https:\\\/\\\/i0.wp.com\\\/casadecampoliving.com\\\/wp-content\\\/uploads\\\/2022\\\/10\\\/Noche_de_Tabaco_Ron-1.jpg?fit=550%2C480&ssl=1\",\"width\":550,\"height\":480,\"caption\":\"casa de campo\"},{\"@type\":\"BreadcrumbList\",\"@id\":\"https:\\\/\\\/casadecampoliving.com\\\/es\\\/noche-de-tabaco-y-ron-para-celebrar-el-dia-de-los-padres-en-la-cana-el-27-de-julio\\\/#breadcrumb\",\"itemListElement\":[{\"@type\":\"ListItem\",\"position\":1,\"name\":\"Home\",\"item\":\"https:\\\/\\\/casadecampoliving.com\\\/es\\\/\"},{\"@type\":\"ListItem\",\"position\":2,\"name\":\"Noche de Tabaco y Ron para celebrar el D\u00eda de los Padres en La Ca\u00f1a el 27 de Julio\"}]},{\"@type\":\"WebSite\",\"@id\":\"https:\\\/\\\/casadecampoliving.com\\\/es\\\/#website\",\"url\":\"https:\\\/\\\/casadecampoliving.com\\\/es\\\/\",\"name\":\"Casa de Campo Living\",\"description\":\"Resort community news and resources.\",\"publisher\":{\"@id\":\"https:\\\/\\\/casadecampoliving.com\\\/es\\\/#organization\"},\"potentialAction\":[{\"@type\":\"SearchAction\",\"target\":{\"@type\":\"EntryPoint\",\"urlTemplate\":\"https:\\\/\\\/casadecampoliving.com\\\/es\\\/?s={search_term_string}\"},\"query-input\":{\"@type\":\"PropertyValueSpecification\",\"valueRequired\":true,\"valueName\":\"search_term_string\"}}],\"inLanguage\":\"es\"},{\"@type\":\"Organization\",\"@id\":\"https:\\\/\\\/casadecampoliving.com\\\/es\\\/#organization\",\"name\":\"Casa de Campo Living\",\"url\":\"https:\\\/\\\/casadecampoliving.com\\\/es\\\/\",\"logo\":{\"@type\":\"ImageObject\",\"inLanguage\":\"es\",\"@id\":\"https:\\\/\\\/casadecampoliving.com\\\/es\\\/#\\\/schema\\\/logo\\\/image\\\/\",\"url\":\"https:\\\/\\\/i0.wp.com\\\/casadecampoliving.com\\\/wp-content\\\/uploads\\\/2022\\\/07\\\/CDCLivingLogo_V1-white-sized.png?fit=800%2C214&ssl=1\",\"contentUrl\":\"https:\\\/\\\/i0.wp.com\\\/casadecampoliving.com\\\/wp-content\\\/uploads\\\/2022\\\/07\\\/CDCLivingLogo_V1-white-sized.png?fit=800%2C214&ssl=1\",\"width\":800,\"height\":214,\"caption\":\"Casa de Campo Living\"},\"image\":{\"@id\":\"https:\\\/\\\/casadecampoliving.com\\\/es\\\/#\\\/schema\\\/logo\\\/image\\\/\"},\"sameAs\":[\"https:\\\/\\\/www.facebook.com\\\/casadecampoliving\",\"https:\\\/\\\/x.com\\\/cdcliving\"]},{\"@type\":\"Person\",\"@id\":\"https:\\\/\\\/casadecampoliving.com\\\/es\\\/#\\\/schema\\\/person\\\/932e594484c49168ad37fbb9141bf699\",\"name\":\"Mairobi Herrera\",\"image\":{\"@type\":\"ImageObject\",\"inLanguage\":\"es\",\"@id\":\"https:\\\/\\\/secure.gravatar.com\\\/avatar\\\/d0bf6c19470eb55d83c719e39672f670b2c4412339af1eb8a08f86427ba98ee8?s=96&d=mm&r=g\",\"url\":\"https:\\\/\\\/secure.gravatar.com\\\/avatar\\\/d0bf6c19470eb55d83c719e39672f670b2c4412339af1eb8a08f86427ba98ee8?s=96&d=mm&r=g\",\"contentUrl\":\"https:\\\/\\\/secure.gravatar.com\\\/avatar\\\/d0bf6c19470eb55d83c719e39672f670b2c4412339af1eb8a08f86427ba98ee8?s=96&d=mm&r=g\",\"caption\":\"Mairobi Herrera\"},\"sameAs\":[\"https:\\\/\\\/casadecampoliving.com\\\/\"],\"url\":\"https:\\\/\\\/casadecampoliving.com\\\/es\\\/author\\\/mherrera\\\/\"}]}<\/script>\n<!-- \/ Yoast SEO plugin. -->","yoast_head_json":{"title":"Noche de Tabaco y Ron para celebrar el D\u00eda de los Padres en La Ca\u00f1a el 27 de Julio | Casa de Campo Living","description":"\u00a1A los padres de Casa de Campo les espera en una noche especial! El restaurante La Ca\u00f1a de Casa de Campo le tiene preparada una velada para celebrar el","robots":{"index":"index","follow":"follow","max-snippet":"max-snippet:-1","max-image-preview":"max-image-preview:large","max-video-preview":"max-video-preview:-1"},"canonical":"https:\/\/casadecampoliving.com\/es\/noche-de-tabaco-y-ron-para-celebrar-el-dia-de-los-padres-en-la-cana-el-27-de-julio\/","og_locale":"es_ES","og_type":"article","og_title":"Noche de Tabaco y Ron para celebrar el D\u00eda de los Padres en La Ca\u00f1a el 27 de Julio | Casa de Campo Living","og_description":"\u00a1A los padres de Casa de Campo les espera en una noche especial! El restaurante La Ca\u00f1a de Casa de Campo le tiene preparada una velada para celebrar el","og_url":"https:\/\/casadecampoliving.com\/es\/noche-de-tabaco-y-ron-para-celebrar-el-dia-de-los-padres-en-la-cana-el-27-de-julio\/","og_site_name":"Casa de Campo Living","article_publisher":"https:\/\/www.facebook.com\/casadecampoliving","article_published_time":"2013-07-12T04:00:00+00:00","article_modified_time":"2022-10-21T22:54:31+00:00","og_image":[{"width":550,"height":480,"url":"https:\/\/i0.wp.com\/casadecampoliving.com\/wp-content\/uploads\/2022\/10\/Noche_de_Tabaco_Ron-1.jpg?fit=550%2C480&ssl=1","type":"image\/jpeg"}],"author":"Mairobi Herrera","twitter_card":"summary_large_image","twitter_creator":"@cdcliving","twitter_site":"@cdcliving","twitter_misc":{"Escrito por":"Mairobi Herrera","Tiempo de lectura":"1 minuto"},"schema":{"@context":"https:\/\/schema.org","@graph":[{"@type":"Article","@id":"https:\/\/casadecampoliving.com\/es\/noche-de-tabaco-y-ron-para-celebrar-el-dia-de-los-padres-en-la-cana-el-27-de-julio\/#article","isPartOf":{"@id":"https:\/\/casadecampoliving.com\/es\/noche-de-tabaco-y-ron-para-celebrar-el-dia-de-los-padres-en-la-cana-el-27-de-julio\/"},"author":{"name":"Mairobi Herrera","@id":"https:\/\/casadecampoliving.com\/es\/#\/schema\/person\/932e594484c49168ad37fbb9141bf699"},"headline":"Noche de Tabaco y Ron para celebrar el D\u00eda de los Padres en La Ca\u00f1a el 27 de Julio","datePublished":"2013-07-12T04:00:00+00:00","dateModified":"2022-10-21T22:54:31+00:00","mainEntityOfPage":{"@id":"https:\/\/casadecampoliving.com\/es\/noche-de-tabaco-y-ron-para-celebrar-el-dia-de-los-padres-en-la-cana-el-27-de-julio\/"},"wordCount":157,"publisher":{"@id":"https:\/\/casadecampoliving.com\/es\/#organization"},"image":{"@id":"https:\/\/casadecampoliving.com\/es\/noche-de-tabaco-y-ron-para-celebrar-el-dia-de-los-padres-en-la-cana-el-27-de-julio\/#primaryimage"},"thumbnailUrl":"https:\/\/i0.wp.com\/casadecampoliving.com\/wp-content\/uploads\/2022\/10\/Noche_de_Tabaco_Ron-1.jpg?fit=550%2C480&ssl=1","keywords":["dia de los padres"],"articleSection":["Comidas &amp; Bebidas","Eventos","Noticias Locales","Proximamente","Resort Casa de Campo","Restaurantes","Vida Nocturna"],"inLanguage":"es"},{"@type":"WebPage","@id":"https:\/\/casadecampoliving.com\/es\/noche-de-tabaco-y-ron-para-celebrar-el-dia-de-los-padres-en-la-cana-el-27-de-julio\/","url":"https:\/\/casadecampoliving.com\/es\/noche-de-tabaco-y-ron-para-celebrar-el-dia-de-los-padres-en-la-cana-el-27-de-julio\/","name":"Noche de Tabaco y Ron para celebrar el D\u00eda de los Padres en La Ca\u00f1a el 27 de Julio | Casa de Campo Living","isPartOf":{"@id":"https:\/\/casadecampoliving.com\/es\/#website"},"primaryImageOfPage":{"@id":"https:\/\/casadecampoliving.com\/es\/noche-de-tabaco-y-ron-para-celebrar-el-dia-de-los-padres-en-la-cana-el-27-de-julio\/#primaryimage"},"image":{"@id":"https:\/\/casadecampoliving.com\/es\/noche-de-tabaco-y-ron-para-celebrar-el-dia-de-los-padres-en-la-cana-el-27-de-julio\/#primaryimage"},"thumbnailUrl":"https:\/\/i0.wp.com\/casadecampoliving.com\/wp-content\/uploads\/2022\/10\/Noche_de_Tabaco_Ron-1.jpg?fit=550%2C480&ssl=1","datePublished":"2013-07-12T04:00:00+00:00","dateModified":"2022-10-21T22:54:31+00:00","description":"\u00a1A los padres de Casa de Campo les espera en una noche especial! El restaurante La Ca\u00f1a de Casa de Campo le tiene preparada una velada para celebrar el","breadcrumb":{"@id":"https:\/\/casadecampoliving.com\/es\/noche-de-tabaco-y-ron-para-celebrar-el-dia-de-los-padres-en-la-cana-el-27-de-julio\/#breadcrumb"},"inLanguage":"es","potentialAction":[{"@type":"ReadAction","target":["https:\/\/casadecampoliving.com\/es\/noche-de-tabaco-y-ron-para-celebrar-el-dia-de-los-padres-en-la-cana-el-27-de-julio\/"]}]},{"@type":"ImageObject","inLanguage":"es","@id":"https:\/\/casadecampoliving.com\/es\/noche-de-tabaco-y-ron-para-celebrar-el-dia-de-los-padres-en-la-cana-el-27-de-julio\/#primaryimage","url":"https:\/\/i0.wp.com\/casadecampoliving.com\/wp-content\/uploads\/2022\/10\/Noche_de_Tabaco_Ron-1.jpg?fit=550%2C480&ssl=1","contentUrl":"https:\/\/i0.wp.com\/casadecampoliving.com\/wp-content\/uploads\/2022\/10\/Noche_de_Tabaco_Ron-1.jpg?fit=550%2C480&ssl=1","width":550,"height":480,"caption":"casa de campo"},{"@type":"BreadcrumbList","@id":"https:\/\/casadecampoliving.com\/es\/noche-de-tabaco-y-ron-para-celebrar-el-dia-de-los-padres-en-la-cana-el-27-de-julio\/#breadcrumb","itemListElement":[{"@type":"ListItem","position":1,"name":"Home","item":"https:\/\/casadecampoliving.com\/es\/"},{"@type":"ListItem","position":2,"name":"Noche de Tabaco y Ron para celebrar el D\u00eda de los Padres en La Ca\u00f1a el 27 de Julio"}]},{"@type":"WebSite","@id":"https:\/\/casadecampoliving.com\/es\/#website","url":"https:\/\/casadecampoliving.com\/es\/","name":"Casa de Campo Living","description":"Resort community news and resources.","publisher":{"@id":"https:\/\/casadecampoliving.com\/es\/#organization"},"potentialAction":[{"@type":"SearchAction","target":{"@type":"EntryPoint","urlTemplate":"https:\/\/casadecampoliving.com\/es\/?s={search_term_string}"},"query-input":{"@type":"PropertyValueSpecification","valueRequired":true,"valueName":"search_term_string"}}],"inLanguage":"es"},{"@type":"Organization","@id":"https:\/\/casadecampoliving.com\/es\/#organization","name":"Casa de Campo Living","url":"https:\/\/casadecampoliving.com\/es\/","logo":{"@type":"ImageObject","inLanguage":"es","@id":"https:\/\/casadecampoliving.com\/es\/#\/schema\/logo\/image\/","url":"https:\/\/i0.wp.com\/casadecampoliving.com\/wp-content\/uploads\/2022\/07\/CDCLivingLogo_V1-white-sized.png?fit=800%2C214&ssl=1","contentUrl":"https:\/\/i0.wp.com\/casadecampoliving.com\/wp-content\/uploads\/2022\/07\/CDCLivingLogo_V1-white-sized.png?fit=800%2C214&ssl=1","width":800,"height":214,"caption":"Casa de Campo Living"},"image":{"@id":"https:\/\/casadecampoliving.com\/es\/#\/schema\/logo\/image\/"},"sameAs":["https:\/\/www.facebook.com\/casadecampoliving","https:\/\/x.com\/cdcliving"]},{"@type":"Person","@id":"https:\/\/casadecampoliving.com\/es\/#\/schema\/person\/932e594484c49168ad37fbb9141bf699","name":"Mairobi Herrera","image":{"@type":"ImageObject","inLanguage":"es","@id":"https:\/\/secure.gravatar.com\/avatar\/d0bf6c19470eb55d83c719e39672f670b2c4412339af1eb8a08f86427ba98ee8?s=96&d=mm&r=g","url":"https:\/\/secure.gravatar.com\/avatar\/d0bf6c19470eb55d83c719e39672f670b2c4412339af1eb8a08f86427ba98ee8?s=96&d=mm&r=g","contentUrl":"https:\/\/secure.gravatar.com\/avatar\/d0bf6c19470eb55d83c719e39672f670b2c4412339af1eb8a08f86427ba98ee8?s=96&d=mm&r=g","caption":"Mairobi Herrera"},"sameAs":["https:\/\/casadecampoliving.com\/"],"url":"https:\/\/casadecampoliving.com\/es\/author\/mherrera\/"}]}},"parsely":{"version":"1.1.0","canonical_url":"https:\/\/casadecampoliving.com\/es\/noche-de-tabaco-y-ron-para-celebrar-el-dia-de-los-padres-en-la-cana-el-27-de-julio\/","smart_links":{"inbound":0,"outbound":0},"traffic_boost_suggestions_count":0,"meta":{"@context":"https:\/\/schema.org","@type":"NewsArticle","headline":"Noche de Tabaco y Ron para celebrar el D\u00eda de los Padres en La Ca\u00f1a el 27 de Julio","url":"http:\/\/casadecampoliving.com\/es\/noche-de-tabaco-y-ron-para-celebrar-el-dia-de-los-padres-en-la-cana-el-27-de-julio\/","mainEntityOfPage":{"@type":"WebPage","@id":"http:\/\/casadecampoliving.com\/es\/noche-de-tabaco-y-ron-para-celebrar-el-dia-de-los-padres-en-la-cana-el-27-de-julio\/"},"thumbnailUrl":"https:\/\/i0.wp.com\/casadecampoliving.com\/wp-content\/uploads\/2022\/10\/Noche_de_Tabaco_Ron-1.jpg?resize=150%2C150&ssl=1","image":{"@type":"ImageObject","url":"https:\/\/i0.wp.com\/casadecampoliving.com\/wp-content\/uploads\/2022\/10\/Noche_de_Tabaco_Ron-1.jpg?fit=550%2C480&ssl=1"},"articleSection":"Comidas &amp; Bebidas","author":[{"@type":"Person","name":"Mairobi Herrera"}],"creator":["Mairobi Herrera"],"publisher":{"@type":"Organization","name":"Casa de Campo Living","logo":"https:\/\/casadecampoliving.com\/wp-content\/uploads\/2022\/07\/CDCLivingLogo_V1-white-sized.png"},"keywords":["dia de los padres"],"dateCreated":"2013-07-12T04:00:00Z","datePublished":"2013-07-12T04:00:00Z","dateModified":"2022-10-21T22:54:31Z"},"rendered":"<script type=\"application\/ld+json\" class=\"wp-parsely-metadata\">{\"@context\":\"https:\\\/\\\/schema.org\",\"@type\":\"NewsArticle\",\"headline\":\"Noche de Tabaco y Ron para celebrar el D\\u00eda de los Padres en La Ca\\u00f1a el 27 de Julio\",\"url\":\"http:\\\/\\\/casadecampoliving.com\\\/es\\\/noche-de-tabaco-y-ron-para-celebrar-el-dia-de-los-padres-en-la-cana-el-27-de-julio\\\/\",\"mainEntityOfPage\":{\"@type\":\"WebPage\",\"@id\":\"http:\\\/\\\/casadecampoliving.com\\\/es\\\/noche-de-tabaco-y-ron-para-celebrar-el-dia-de-los-padres-en-la-cana-el-27-de-julio\\\/\"},\"thumbnailUrl\":\"https:\\\/\\\/i0.wp.com\\\/casadecampoliving.com\\\/wp-content\\\/uploads\\\/2022\\\/10\\\/Noche_de_Tabaco_Ron-1.jpg?resize=150%2C150&ssl=1\",\"image\":{\"@type\":\"ImageObject\",\"url\":\"https:\\\/\\\/i0.wp.com\\\/casadecampoliving.com\\\/wp-content\\\/uploads\\\/2022\\\/10\\\/Noche_de_Tabaco_Ron-1.jpg?fit=550%2C480&ssl=1\"},\"articleSection\":\"Comidas &amp; Bebidas\",\"author\":[{\"@type\":\"Person\",\"name\":\"Mairobi Herrera\"}],\"creator\":[\"Mairobi Herrera\"],\"publisher\":{\"@type\":\"Organization\",\"name\":\"Casa de Campo Living\",\"logo\":\"https:\\\/\\\/casadecampoliving.com\\\/wp-content\\\/uploads\\\/2022\\\/07\\\/CDCLivingLogo_V1-white-sized.png\"},\"keywords\":[\"dia de los padres\"],\"dateCreated\":\"2013-07-12T04:00:00Z\",\"datePublished\":\"2013-07-12T04:00:00Z\",\"dateModified\":\"2022-10-21T22:54:31Z\"}<\/script>","tracker_url":"https:\/\/cdn.parsely.com\/keys\/casadecampoliving.com\/p.js"},"jetpack_publicize_connections":[],"jetpack_featured_media_url":"https:\/\/i0.wp.com\/casadecampoliving.com\/wp-content\/uploads\/2022\/10\/Noche_de_Tabaco_Ron-1.jpg?fit=550%2C480&ssl=1","jetpack-related-posts":[{"id":433460,"url":"https:\/\/casadecampoliving.com\/es\/no-se-pierdan-el-increible-tributo-a-frank-sinatra-para-celebrar-el-40-aniversario-del-anfiteatro-altos-de-chavon\/","url_meta":{"origin":342344,"position":0},"title":"No se pierdan el incre\u00edble tributo a Frank Sinatra para celebrar el 40 aniversario del\u00a0Anfiteatro Altos de Chav\u00f3n","author":"Casa de Campo Living","date":"20 Oct, 2022","format":false,"excerpt":"Siendo uno de los escenarios m\u00e1s emblem\u00e1ticos del pa\u00eds, Casa de Campo Resort\u00ae & Villas celebra las cuatro d\u00e9cadas de aniversario de Altos de Chav\u00f3n con un tributo al gran Frank Sinatra, protagonizado por artistas invitados y una big band tal cual la que acompa\u00f1\u00f3 al artista hace 40 a\u00f1os\u2026","rel":"","context":"En \u00abUncategorized @es\u00bb","block_context":{"text":"Uncategorized @es","link":"https:\/\/casadecampoliving.com\/es\/category\/uncategorized-es\/"},"img":{"alt_text":"","src":"https:\/\/i0.wp.com\/casadecampoliving.com\/wp-content\/uploads\/2022\/10\/Tributo-Frank-Sinatra-Foto-Principal-Amaury-Sanchez-Danilo-Ginebra-Andres-Pichardo-y-Jose-Gabriel-Perez-.jpg?fit=1200%2C873&ssl=1&resize=350%2C200","width":350,"height":200,"srcset":"https:\/\/i0.wp.com\/casadecampoliving.com\/wp-content\/uploads\/2022\/10\/Tributo-Frank-Sinatra-Foto-Principal-Amaury-Sanchez-Danilo-Ginebra-Andres-Pichardo-y-Jose-Gabriel-Perez-.jpg?fit=1200%2C873&ssl=1&resize=350%2C200 1x, https:\/\/i0.wp.com\/casadecampoliving.com\/wp-content\/uploads\/2022\/10\/Tributo-Frank-Sinatra-Foto-Principal-Amaury-Sanchez-Danilo-Ginebra-Andres-Pichardo-y-Jose-Gabriel-Perez-.jpg?fit=1200%2C873&ssl=1&resize=525%2C300 1.5x, https:\/\/i0.wp.com\/casadecampoliving.com\/wp-content\/uploads\/2022\/10\/Tributo-Frank-Sinatra-Foto-Principal-Amaury-Sanchez-Danilo-Ginebra-Andres-Pichardo-y-Jose-Gabriel-Perez-.jpg?fit=1200%2C873&ssl=1&resize=700%2C400 2x, https:\/\/i0.wp.com\/casadecampoliving.com\/wp-content\/uploads\/2022\/10\/Tributo-Frank-Sinatra-Foto-Principal-Amaury-Sanchez-Danilo-Ginebra-Andres-Pichardo-y-Jose-Gabriel-Perez-.jpg?fit=1200%2C873&ssl=1&resize=1050%2C600 3x"},"classes":[]},{"id":354450,"url":"https:\/\/casadecampoliving.com\/es\/celebre-el-fin-de-semana-del-dia-del-padre-dominicano-en-casa-de-campo\/","url_meta":{"origin":342344,"position":1},"title":"\u00a1Celebre el fin de semana del D\u00eda del Padre Dominicano en Casa de Campo!","author":"Casa de Campo Living","date":"25 Jul, 2022","format":false,"excerpt":"Este a\u00f1o, el 31 de julio es el D\u00eda del Padre en la Rep\u00fablica Dominicana, as\u00ed que FELIZ D\u00cdA DEL PADRE a todos, \u00a1esperamos que tengan un maravilloso d\u00eda de descanso con sus amigos y familiares! Este fin de semana se trata de pasar tiempo de calidad con los padres,\u2026","rel":"","context":"En \u00abAltos de Chavon @es\u00bb","block_context":{"text":"Altos de Chavon @es","link":"https:\/\/casadecampoliving.com\/category\/altos-de-chavon-es\/"},"img":{"alt_text":"","src":"https:\/\/i0.wp.com\/casadecampoliving.com\/wp-content\/uploads\/2022\/10\/unnamed-13-e1658759221184-1.jpg?fit=1000%2C612&ssl=1&resize=350%2C200","width":350,"height":200,"srcset":"https:\/\/i0.wp.com\/casadecampoliving.com\/wp-content\/uploads\/2022\/10\/unnamed-13-e1658759221184-1.jpg?fit=1000%2C612&ssl=1&resize=350%2C200 1x, https:\/\/i0.wp.com\/casadecampoliving.com\/wp-content\/uploads\/2022\/10\/unnamed-13-e1658759221184-1.jpg?fit=1000%2C612&ssl=1&resize=525%2C300 1.5x, https:\/\/i0.wp.com\/casadecampoliving.com\/wp-content\/uploads\/2022\/10\/unnamed-13-e1658759221184-1.jpg?fit=1000%2C612&ssl=1&resize=700%2C400 2x"},"classes":[]},{"id":350243,"url":"https:\/\/casadecampoliving.com\/es\/celebra-con-papa-este-fin-de-semana-en-onnos-bar\/","url_meta":{"origin":342344,"position":2},"title":"\u00a1Todos lo caminos conducen a Altos de Chav\u00f3n este fin de semana para celebrar a Pap\u00e1 en Onno&#8217;s Bar &#038; Restaurant!","author":"Marlenys Guzm\u00e1n Casta\u00f1os","date":"25 Jul, 2016","format":false,"excerpt":"Hay tantas razones para celebrar aqu\u00ed en Casa de Campo, aun cuando julio ya est\u00e1 llegando casi a su fin. No hay necesidad de sentirse mal o estresado esta semana, especialmente con el Happy Hour 2\u00d71 de Caf\u00e9 Marietta, los Especiales del D\u00eda de Papa Jack\u2019s, el concierto de Son\u2026","rel":"","context":"En \u00abAltos de Chavon @es\u00bb","block_context":{"text":"Altos de Chavon @es","link":"https:\/\/casadecampoliving.com\/category\/altos-de-chavon-es\/"},"img":{"alt_text":"","src":"https:\/\/i0.wp.com\/casadecampoliving.com\/wp-content\/uploads\/2022\/10\/shutterstock_228177547.jpg?fit=1000%2C662&ssl=1&resize=350%2C200","width":350,"height":200,"srcset":"https:\/\/i0.wp.com\/casadecampoliving.com\/wp-content\/uploads\/2022\/10\/shutterstock_228177547.jpg?fit=1000%2C662&ssl=1&resize=350%2C200 1x, https:\/\/i0.wp.com\/casadecampoliving.com\/wp-content\/uploads\/2022\/10\/shutterstock_228177547.jpg?fit=1000%2C662&ssl=1&resize=525%2C300 1.5x, https:\/\/i0.wp.com\/casadecampoliving.com\/wp-content\/uploads\/2022\/10\/shutterstock_228177547.jpg?fit=1000%2C662&ssl=1&resize=700%2C400 2x"},"classes":[]},{"id":353815,"url":"https:\/\/casadecampoliving.com\/es\/5-formas-de-celebrar-el-dia-del-padre-en-casa-de-campo\/","url_meta":{"origin":342344,"position":3},"title":"\u00a15 formas de celebrar el D\u00eda del Padre en Casa de Campo!","author":"Casa de Campo Living","date":"24 Jul, 2020","format":false,"excerpt":"\u00a1Feliz D\u00eda del Padre Dominicano a todos los incre\u00edbles padres de Casa de Campo! Por supuesto, el D\u00eda del Padre podr\u00eda ser un poco diferente este a\u00f1o, pero tu chico especial (pap\u00e1s, abuelos, suegros, t\u00edos, etc.) a\u00fan merece ser celebrado a lo grande, por eso hemos reunido varias actividades del\u2026","rel":"","context":"En \u00abCasa de Campo Living @es\u00bb","block_context":{"text":"Casa de Campo Living @es","link":"https:\/\/casadecampoliving.com\/category\/casa-de-campo-living-es\/"},"img":{"alt_text":"","src":"https:\/\/i0.wp.com\/casadecampoliving.com\/wp-content\/uploads\/2022\/10\/derek-thomson-M1jCmRxO7cY-unsplash-1.jpg?fit=1000%2C600&ssl=1&resize=350%2C200","width":350,"height":200,"srcset":"https:\/\/i0.wp.com\/casadecampoliving.com\/wp-content\/uploads\/2022\/10\/derek-thomson-M1jCmRxO7cY-unsplash-1.jpg?fit=1000%2C600&ssl=1&resize=350%2C200 1x, https:\/\/i0.wp.com\/casadecampoliving.com\/wp-content\/uploads\/2022\/10\/derek-thomson-M1jCmRxO7cY-unsplash-1.jpg?fit=1000%2C600&ssl=1&resize=525%2C300 1.5x, https:\/\/i0.wp.com\/casadecampoliving.com\/wp-content\/uploads\/2022\/10\/derek-thomson-M1jCmRxO7cY-unsplash-1.jpg?fit=1000%2C600&ssl=1&resize=700%2C400 2x"},"classes":[]},{"id":353796,"url":"https:\/\/casadecampoliving.com\/es\/el-regalo-perfecto-del-dia-del-padre-para-nuestros-papas-amantes-de-casa\/","url_meta":{"origin":342344,"position":4},"title":"\u00a1El regalo perfecto del D\u00eda del Padre para nuestros pap\u00e1s amantes de Casa!","author":"Casa de Campo Living","date":"21 Jun, 2020","format":false,"excerpt":"El 21 de junio se celebra el D\u00eda del Padre en varios pa\u00edses del mundo, as\u00ed que para todos esos padres \u00a1FELIZ D\u00cdA DEL PADRE!, esperamos que hayan tenido un d\u00eda maravilloso y tranquilo con sus amigos y familiares! El D\u00eda del Padre es una ocasi\u00f3n especial para agradecer a\u2026","rel":"","context":"En \u00abCasa de Campo Living @es\u00bb","block_context":{"text":"Casa de Campo Living @es","link":"https:\/\/casadecampoliving.com\/category\/casa-de-campo-living-es\/"},"img":{"alt_text":"","src":"https:\/\/i0.wp.com\/casadecampoliving.com\/wp-content\/uploads\/2022\/10\/shutterstock_373736368-1.jpg?fit=1000%2C600&ssl=1&resize=350%2C200","width":350,"height":200,"srcset":"https:\/\/i0.wp.com\/casadecampoliving.com\/wp-content\/uploads\/2022\/10\/shutterstock_373736368-1.jpg?fit=1000%2C600&ssl=1&resize=350%2C200 1x, https:\/\/i0.wp.com\/casadecampoliving.com\/wp-content\/uploads\/2022\/10\/shutterstock_373736368-1.jpg?fit=1000%2C600&ssl=1&resize=525%2C300 1.5x, https:\/\/i0.wp.com\/casadecampoliving.com\/wp-content\/uploads\/2022\/10\/shutterstock_373736368-1.jpg?fit=1000%2C600&ssl=1&resize=700%2C400 2x"},"classes":[]},{"id":344753,"url":"https:\/\/casadecampoliving.com\/es\/menus-especiales-del-dia-de-los-adres-en-casa-de-campo\/","url_meta":{"origin":342344,"position":5},"title":"Men\u00fas especiales del D\u00eda de los Padres en Casa de Campo","author":"Perkin Agramonte","date":"7 Jul, 2014","format":false,"excerpt":"\u00a1Se acerca el D\u00eda de los Padres en nuestro pa\u00eds! El domingo 27 de julio celebramos el D\u00eda del Padre en la Rep\u00fablica Dominicana \u2013 un d\u00eda en el que compartimos con aquellos hombres, quienes ponen todo su amor y dedicaci\u00f3n para hacer crecer la generaci\u00f3n del futuro. Los restaurantes\u2026","rel":"","context":"En \u00abAltos de Chavon @es\u00bb","block_context":{"text":"Altos de Chavon @es","link":"https:\/\/casadecampoliving.com\/category\/altos-de-chavon-es\/"},"img":{"alt_text":"","src":"https:\/\/i0.wp.com\/casadecampoliving.com\/wp-content\/uploads\/2022\/10\/fathers_day_Casa-1.jpg?fit=650%2C508&ssl=1&resize=350%2C200","width":350,"height":200,"srcset":"https:\/\/i0.wp.com\/casadecampoliving.com\/wp-content\/uploads\/2022\/10\/fathers_day_Casa-1.jpg?fit=650%2C508&ssl=1&resize=350%2C200 1x, https:\/\/i0.wp.com\/casadecampoliving.com\/wp-content\/uploads\/2022\/10\/fathers_day_Casa-1.jpg?fit=650%2C508&ssl=1&resize=525%2C300 1.5x"},"classes":[]}],"jetpack_sharing_enabled":true,"_links":{"self":[{"href":"https:\/\/casadecampoliving.com\/es\/wp-json\/wp\/v2\/posts\/342344","targetHints":{"allow":["GET"]}}],"collection":[{"href":"https:\/\/casadecampoliving.com\/es\/wp-json\/wp\/v2\/posts"}],"about":[{"href":"https:\/\/casadecampoliving.com\/es\/wp-json\/wp\/v2\/types\/post"}],"author":[{"embeddable":true,"href":"https:\/\/casadecampoliving.com\/es\/wp-json\/wp\/v2\/users\/431"}],"replies":[{"embeddable":true,"href":"https:\/\/casadecampoliving.com\/es\/wp-json\/wp\/v2\/comments?post=342344"}],"version-history":[{"count":1,"href":"https:\/\/casadecampoliving.com\/es\/wp-json\/wp\/v2\/posts\/342344\/revisions"}],"predecessor-version":[{"id":342345,"href":"https:\/\/casadecampoliving.com\/es\/wp-json\/wp\/v2\/posts\/342344\/revisions\/342345"}],"wp:featuredmedia":[{"embeddable":true,"href":"https:\/\/casadecampoliving.com\/es\/wp-json\/wp\/v2\/media\/252834"}],"wp:attachment":[{"href":"https:\/\/casadecampoliving.com\/es\/wp-json\/wp\/v2\/media?parent=342344"}],"wp:term":[{"taxonomy":"category","embeddable":true,"href":"https:\/\/casadecampoliving.com\/es\/wp-json\/wp\/v2\/categories?post=342344"},{"taxonomy":"post_tag","embeddable":true,"href":"https:\/\/casadecampoliving.com\/es\/wp-json\/wp\/v2\/tags?post=342344"},{"taxonomy":"newspack_spnsrs_tax","embeddable":true,"href":"https:\/\/casadecampoliving.com\/es\/wp-json\/wp\/v2\/newspack_spnsrs_tax?post=342344"}],"curies":[{"name":"wp","href":"https:\/\/api.w.org\/{rel}","templated":true}]}}