{"id":342336,"date":"2013-07-10T00:00:00","date_gmt":"2013-07-10T04:00:00","guid":{"rendered":"https:\/\/casadecampoliving.com\/reserve-la-fecha-feria-familiar-de-verano-en-altos-de-chavon\/"},"modified":"2022-10-21T18:54:08","modified_gmt":"2022-10-21T22:54:08","slug":"reserve-la-fecha-feria-familiar-de-verano-en-altos-de-chavon","status":"publish","type":"post","link":"https:\/\/casadecampoliving.com\/es\/reserve-la-fecha-feria-familiar-de-verano-en-altos-de-chavon\/","title":{"rendered":"\u00a1Reserve la Fecha! Feria Familiar de Verano en Altos de Chav\u00f3n"},"content":{"rendered":"<div class=\"wp-block-image\">\n<figure class=\"aligncenter is-resized\"><img loading=\"lazy\" decoding=\"async\" src=\"https:\/\/i0.wp.com\/casadecampoliving.com\/wp-content\/uploads\/2022\/10\/family_fair.jpg?resize=650%2C586&amp;ssl=1\" alt=\"family fair\" class=\"wp-image-73705\" title=\"family_fair\" height=\"586\" width=\"650\"\/><\/figure>\n<\/div>\n\n\n<p>\u00a1Maravillosas noticias! Altos de Chav\u00f3n est\u00e1 planeando una Feria Familiar de Verano, la cual se llevar\u00e1 a cabo el s\u00e1bado 20 de julio, con no menos de <strong>seis &nbsp;\u201cjuegos inflables\u201d<\/strong> &nbsp;\u2013 &nbsp;\u00a1Este es un evento que todos los ni\u00f1os van amar!<\/p>\n\n\n\n<p>La feria tendr\u00e1 lugar en los jardines exteriores del anfiteatro de Altos de Chav\u00f3n y alrededor de la famosa \u201cfuente de peces\u201d. Este evento divertido y orientado a la familia comenzar\u00e1 a las 4:00 de la tarde y continuar\u00e1 hasta 08:00 pm. Todas las actividades de la tarde ser\u00e1 totalmente gratuita \u2013 a excepci\u00f3n de la utilizaci\u00f3n de los \u201cJuegos Inflables\u201d, que ser\u00e1 RD $ 200 por ni\u00f1o para un uso ilimitado!<\/p>\n\n\n<div class=\"wp-block-image\">\n<figure class=\"alignright is-resized\"><img loading=\"lazy\" decoding=\"async\" src=\"https:\/\/i0.wp.com\/casadecampoliving.com\/wp-content\/uploads\/2022\/10\/family_fair3.jpg?resize=280%2C308&amp;ssl=1\" alt=\"family fair\" class=\"wp-image-73707\" title=\"family_fair3\" height=\"308\" width=\"280\"\/><\/figure>\n<\/div>\n\n\n<p><strong>Los juegos para ni\u00f1os de todas las edades incluyen:<\/strong><\/p>\n\n\n\n<p>\u2022juegos inflables<\/p>\n\n\n\n<p>\u2022 storytelling<\/p>\n\n\n\n<p>\u2022 pintura en la cara<\/p>\n\n\n\n<p>\u2022 figuras con globos<\/p>\n\n\n\n<p>\u2022 espect\u00e1culo de mago<\/p>\n\n\n\n<p>\u2022 funci\u00f3n de t\u00edteres<\/p>\n\n\n\n<p>\u2022 abuelita cuenta cuentos<\/p>\n\n\n\n<p>\u2022 juegos tradicionales de ni\u00f1os Dominicanos y \u00a1mucho m\u00e1s!<\/p>\n\n\n\n<p><strong>Mientras tanto, se invita a los adultos y adolescentes a disfrutar de:<\/strong><\/p>\n\n\n\n<p>\u2022 domin\u00f3<\/p>\n\n\n\n<p>\u2022 petanca<\/p>\n\n\n\n<p>\u2022 juegos de mesa<\/p>\n\n\n\n<p>\u2022&nbsp;\u201cjuegos inflables\u201d \u2013 \u00a1si realmente habr\u00e1n algunos para \u201cni\u00f1os grandes\u201d tambi\u00e9n!<\/p>\n\n\n\n<p>Tambi\u00e9n habr\u00e1 palomitas y dulces de algod\u00f3n para la venta &nbsp;\u2013 y se espera que los restaurantes y bares de Altos de Chav\u00f3n participen tambien\u2026 detalles muy pronto!<\/p>\n\n\n\n<blockquote class=\"wp-block-quote is-layout-flow wp-block-quote-is-layout-flow\"><p><strong>Feria familiar de verano&nbsp;<\/strong><\/p><p><strong>Cu\u00e1ndo:<\/strong>&nbsp;s\u00e1bado 20 de julio, 4pm \u2013 8pm<\/p><p><strong>D\u00f3nde:<\/strong> Cerca del anfiteatro de Altos de Chav\u00f3n y de la \u201cFuente de Peces\u201d<\/p><p><strong>Costo:<\/strong> GRATIS<\/p><p><strong>Contacto:<\/strong>&nbsp;(809) 523-2097,&nbsp;w.gomez@ccampo.com.do<\/p><\/blockquote>\n","protected":false},"excerpt":{"rendered":"<p>\u00a1Maravillosas noticias! Altos de Chav\u00f3n est\u00e1 planeando una Feria Familiar de Verano, la cual se llevar\u00e1 a cabo el s\u00e1bado 20 de julio, con no menos de seis &nbsp;\u201cjuegos inflables\u201d &nbsp;\u2013 &nbsp;\u00a1Este es un evento que todos los ni\u00f1os van amar! La feria tendr\u00e1 lugar en los jardines exteriores del anfiteatro de Altos de Chav\u00f3n [&hellip;]<\/p>\n","protected":false},"author":431,"featured_media":251709,"comment_status":"closed","ping_status":"closed","sticky":false,"template":"","format":"standard","meta":{"newspack_ads_suppress_ads":false,"newspack_popups_has_disabled_popups":false,"newspack_sponsor_sponsorship_scope":"","newspack_sponsor_native_byline_display":"inherit","newspack_sponsor_native_category_display":"inherit","newspack_sponsor_underwriter_style":"inherit","newspack_sponsor_underwriter_placement":"inherit","_newspack_byline_active":false,"_newspack_byline":"","newspack_hide_updated_date":false,"newspack_show_updated_date":false,"newspack_content_restriction_is_exempt":false,"newspack_featured_image_position":"","newspack_post_subtitle":"","newspack_article_summary_title":"Overview:","newspack_article_summary":"","_jetpack_memberships_contains_paid_content":false,"footnotes":"","jetpack_publicize_message":"","jetpack_publicize_feature_enabled":true,"jetpack_social_post_already_shared":false,"jetpack_social_options":{"image_generator_settings":{"template":"highway","default_image_id":0,"font":"","enabled":false},"version":2},"_wpas_customize_per_network":false},"categories":[26819,26823,14629,2524,2522,14625,14627,26822,2520,2526],"tags":[15387,3926,6504,6953],"newspack_spnsrs_tax":[],"class_list":["post-342336","post","type-post","status-publish","format-standard","has-post-thumbnail","hentry","category-altos-de-chavon-es","category-arte-y-cultura","category-comidas-bebidas","category-destacados","category-eventos-es","category-noticias-locales","category-proximamente","category-resort-casa-de-campo","category-restaurantes-es","category-titulares-es","tag-altos-de-chavon-es","tag-altos-de-chavones","tag-anfiteatro-altos-de-chavones","tag-juegos-para-ninos","entry"],"yoast_head":"<!-- This site is optimized with the Yoast SEO plugin v27.5 - https:\/\/yoast.com\/product\/yoast-seo-wordpress\/ -->\n<title>\u00a1Reserve la Fecha! Feria Familiar de Verano en Altos de Chav\u00f3n | Casa de Campo Living<\/title>\n<meta name=\"description\" content=\"\u00a1Maravillosas noticias! Altos de Chav\u00f3n est\u00e1 planeando una Feria Familiar de Verano, la cual se llevar\u00e1 a cabo el s\u00e1bado 20 de julio, con no menos de\" \/>\n<meta name=\"robots\" content=\"index, follow, max-snippet:-1, max-image-preview:large, max-video-preview:-1\" \/>\n<link rel=\"canonical\" href=\"https:\/\/casadecampoliving.com\/es\/reserve-la-fecha-feria-familiar-de-verano-en-altos-de-chavon\/\" \/>\n<meta property=\"og:locale\" content=\"es_ES\" \/>\n<meta property=\"og:type\" content=\"article\" \/>\n<meta property=\"og:title\" content=\"\u00a1Reserve la Fecha! Feria Familiar de Verano en Altos de Chav\u00f3n | Casa de Campo Living\" \/>\n<meta property=\"og:description\" content=\"\u00a1Maravillosas noticias! Altos de Chav\u00f3n est\u00e1 planeando una Feria Familiar de Verano, la cual se llevar\u00e1 a cabo el s\u00e1bado 20 de julio, con no menos de\" \/>\n<meta property=\"og:url\" content=\"https:\/\/casadecampoliving.com\/es\/reserve-la-fecha-feria-familiar-de-verano-en-altos-de-chavon\/\" \/>\n<meta property=\"og:site_name\" content=\"Casa de Campo Living\" \/>\n<meta property=\"article:publisher\" content=\"https:\/\/www.facebook.com\/casadecampoliving\" \/>\n<meta property=\"article:published_time\" content=\"2013-07-10T04:00:00+00:00\" \/>\n<meta property=\"article:modified_time\" content=\"2022-10-21T22:54:08+00:00\" \/>\n<meta property=\"og:image\" content=\"https:\/\/i0.wp.com\/casadecampoliving.com\/wp-content\/uploads\/2022\/10\/family_fair2.jpg?fit=650%2C365&ssl=1\" \/>\n\t<meta property=\"og:image:width\" content=\"650\" \/>\n\t<meta property=\"og:image:height\" content=\"365\" \/>\n\t<meta property=\"og:image:type\" content=\"image\/jpeg\" \/>\n<meta name=\"author\" content=\"Mairobi Herrera\" \/>\n<meta name=\"twitter:card\" content=\"summary_large_image\" \/>\n<meta name=\"twitter:creator\" content=\"@cdcliving\" \/>\n<meta name=\"twitter:site\" content=\"@cdcliving\" \/>\n<meta name=\"twitter:label1\" content=\"Escrito por\" \/>\n\t<meta name=\"twitter:data1\" content=\"Mairobi Herrera\" \/>\n\t<meta name=\"twitter:label2\" content=\"Tiempo de lectura\" \/>\n\t<meta name=\"twitter:data2\" content=\"1 minuto\" \/>\n<script type=\"application\/ld+json\" class=\"yoast-schema-graph\">{\"@context\":\"https:\\\/\\\/schema.org\",\"@graph\":[{\"@type\":\"Article\",\"@id\":\"https:\\\/\\\/casadecampoliving.com\\\/es\\\/reserve-la-fecha-feria-familiar-de-verano-en-altos-de-chavon\\\/#article\",\"isPartOf\":{\"@id\":\"https:\\\/\\\/casadecampoliving.com\\\/es\\\/reserve-la-fecha-feria-familiar-de-verano-en-altos-de-chavon\\\/\"},\"author\":{\"name\":\"Mairobi Herrera\",\"@id\":\"https:\\\/\\\/casadecampoliving.com\\\/es\\\/#\\\/schema\\\/person\\\/932e594484c49168ad37fbb9141bf699\"},\"headline\":\"\u00a1Reserve la Fecha! Feria Familiar de Verano en Altos de Chav\u00f3n\",\"datePublished\":\"2013-07-10T04:00:00+00:00\",\"dateModified\":\"2022-10-21T22:54:08+00:00\",\"mainEntityOfPage\":{\"@id\":\"https:\\\/\\\/casadecampoliving.com\\\/es\\\/reserve-la-fecha-feria-familiar-de-verano-en-altos-de-chavon\\\/\"},\"wordCount\":273,\"publisher\":{\"@id\":\"https:\\\/\\\/casadecampoliving.com\\\/es\\\/#organization\"},\"image\":{\"@id\":\"https:\\\/\\\/casadecampoliving.com\\\/es\\\/reserve-la-fecha-feria-familiar-de-verano-en-altos-de-chavon\\\/#primaryimage\"},\"thumbnailUrl\":\"https:\\\/\\\/i0.wp.com\\\/casadecampoliving.com\\\/wp-content\\\/uploads\\\/2022\\\/10\\\/family_fair2.jpg?fit=650%2C365&ssl=1\",\"keywords\":[\"Altos de Chavon\",\"altos de chavon@es\",\"anfiteatro altos de chavon@es\",\"juegos para ni\u00f1os\"],\"articleSection\":[\"Altos de Chavon @es\",\"Arte y cultura\",\"Comidas &amp; Bebidas\",\"Destacados\",\"Eventos\",\"Noticias Locales\",\"Proximamente\",\"Resort Casa de Campo\",\"Restaurantes\",\"Titulares\"],\"inLanguage\":\"es\"},{\"@type\":\"WebPage\",\"@id\":\"https:\\\/\\\/casadecampoliving.com\\\/es\\\/reserve-la-fecha-feria-familiar-de-verano-en-altos-de-chavon\\\/\",\"url\":\"https:\\\/\\\/casadecampoliving.com\\\/es\\\/reserve-la-fecha-feria-familiar-de-verano-en-altos-de-chavon\\\/\",\"name\":\"\u00a1Reserve la Fecha! Feria Familiar de Verano en Altos de Chav\u00f3n | Casa de Campo Living\",\"isPartOf\":{\"@id\":\"https:\\\/\\\/casadecampoliving.com\\\/es\\\/#website\"},\"primaryImageOfPage\":{\"@id\":\"https:\\\/\\\/casadecampoliving.com\\\/es\\\/reserve-la-fecha-feria-familiar-de-verano-en-altos-de-chavon\\\/#primaryimage\"},\"image\":{\"@id\":\"https:\\\/\\\/casadecampoliving.com\\\/es\\\/reserve-la-fecha-feria-familiar-de-verano-en-altos-de-chavon\\\/#primaryimage\"},\"thumbnailUrl\":\"https:\\\/\\\/i0.wp.com\\\/casadecampoliving.com\\\/wp-content\\\/uploads\\\/2022\\\/10\\\/family_fair2.jpg?fit=650%2C365&ssl=1\",\"datePublished\":\"2013-07-10T04:00:00+00:00\",\"dateModified\":\"2022-10-21T22:54:08+00:00\",\"description\":\"\u00a1Maravillosas noticias! Altos de Chav\u00f3n est\u00e1 planeando una Feria Familiar de Verano, la cual se llevar\u00e1 a cabo el s\u00e1bado 20 de julio, con no menos de\",\"breadcrumb\":{\"@id\":\"https:\\\/\\\/casadecampoliving.com\\\/es\\\/reserve-la-fecha-feria-familiar-de-verano-en-altos-de-chavon\\\/#breadcrumb\"},\"inLanguage\":\"es\",\"potentialAction\":[{\"@type\":\"ReadAction\",\"target\":[\"https:\\\/\\\/casadecampoliving.com\\\/es\\\/reserve-la-fecha-feria-familiar-de-verano-en-altos-de-chavon\\\/\"]}]},{\"@type\":\"ImageObject\",\"inLanguage\":\"es\",\"@id\":\"https:\\\/\\\/casadecampoliving.com\\\/es\\\/reserve-la-fecha-feria-familiar-de-verano-en-altos-de-chavon\\\/#primaryimage\",\"url\":\"https:\\\/\\\/i0.wp.com\\\/casadecampoliving.com\\\/wp-content\\\/uploads\\\/2022\\\/10\\\/family_fair2.jpg?fit=650%2C365&ssl=1\",\"contentUrl\":\"https:\\\/\\\/i0.wp.com\\\/casadecampoliving.com\\\/wp-content\\\/uploads\\\/2022\\\/10\\\/family_fair2.jpg?fit=650%2C365&ssl=1\",\"width\":650,\"height\":365},{\"@type\":\"BreadcrumbList\",\"@id\":\"https:\\\/\\\/casadecampoliving.com\\\/es\\\/reserve-la-fecha-feria-familiar-de-verano-en-altos-de-chavon\\\/#breadcrumb\",\"itemListElement\":[{\"@type\":\"ListItem\",\"position\":1,\"name\":\"Home\",\"item\":\"https:\\\/\\\/casadecampoliving.com\\\/es\\\/\"},{\"@type\":\"ListItem\",\"position\":2,\"name\":\"\u00a1Reserve la Fecha! Feria Familiar de Verano en Altos de Chav\u00f3n\"}]},{\"@type\":\"WebSite\",\"@id\":\"https:\\\/\\\/casadecampoliving.com\\\/es\\\/#website\",\"url\":\"https:\\\/\\\/casadecampoliving.com\\\/es\\\/\",\"name\":\"Casa de Campo Living\",\"description\":\"Resort community news and resources.\",\"publisher\":{\"@id\":\"https:\\\/\\\/casadecampoliving.com\\\/es\\\/#organization\"},\"potentialAction\":[{\"@type\":\"SearchAction\",\"target\":{\"@type\":\"EntryPoint\",\"urlTemplate\":\"https:\\\/\\\/casadecampoliving.com\\\/es\\\/?s={search_term_string}\"},\"query-input\":{\"@type\":\"PropertyValueSpecification\",\"valueRequired\":true,\"valueName\":\"search_term_string\"}}],\"inLanguage\":\"es\"},{\"@type\":\"Organization\",\"@id\":\"https:\\\/\\\/casadecampoliving.com\\\/es\\\/#organization\",\"name\":\"Casa de Campo Living\",\"url\":\"https:\\\/\\\/casadecampoliving.com\\\/es\\\/\",\"logo\":{\"@type\":\"ImageObject\",\"inLanguage\":\"es\",\"@id\":\"https:\\\/\\\/casadecampoliving.com\\\/es\\\/#\\\/schema\\\/logo\\\/image\\\/\",\"url\":\"https:\\\/\\\/i0.wp.com\\\/casadecampoliving.com\\\/wp-content\\\/uploads\\\/2022\\\/07\\\/CDCLivingLogo_V1-white-sized.png?fit=800%2C214&ssl=1\",\"contentUrl\":\"https:\\\/\\\/i0.wp.com\\\/casadecampoliving.com\\\/wp-content\\\/uploads\\\/2022\\\/07\\\/CDCLivingLogo_V1-white-sized.png?fit=800%2C214&ssl=1\",\"width\":800,\"height\":214,\"caption\":\"Casa de Campo Living\"},\"image\":{\"@id\":\"https:\\\/\\\/casadecampoliving.com\\\/es\\\/#\\\/schema\\\/logo\\\/image\\\/\"},\"sameAs\":[\"https:\\\/\\\/www.facebook.com\\\/casadecampoliving\",\"https:\\\/\\\/x.com\\\/cdcliving\"]},{\"@type\":\"Person\",\"@id\":\"https:\\\/\\\/casadecampoliving.com\\\/es\\\/#\\\/schema\\\/person\\\/932e594484c49168ad37fbb9141bf699\",\"name\":\"Mairobi Herrera\",\"image\":{\"@type\":\"ImageObject\",\"inLanguage\":\"es\",\"@id\":\"https:\\\/\\\/secure.gravatar.com\\\/avatar\\\/d0bf6c19470eb55d83c719e39672f670b2c4412339af1eb8a08f86427ba98ee8?s=96&d=mm&r=g\",\"url\":\"https:\\\/\\\/secure.gravatar.com\\\/avatar\\\/d0bf6c19470eb55d83c719e39672f670b2c4412339af1eb8a08f86427ba98ee8?s=96&d=mm&r=g\",\"contentUrl\":\"https:\\\/\\\/secure.gravatar.com\\\/avatar\\\/d0bf6c19470eb55d83c719e39672f670b2c4412339af1eb8a08f86427ba98ee8?s=96&d=mm&r=g\",\"caption\":\"Mairobi Herrera\"},\"sameAs\":[\"https:\\\/\\\/casadecampoliving.com\\\/\"],\"url\":\"https:\\\/\\\/casadecampoliving.com\\\/es\\\/author\\\/mherrera\\\/\"}]}<\/script>\n<!-- \/ Yoast SEO plugin. -->","yoast_head_json":{"title":"\u00a1Reserve la Fecha! Feria Familiar de Verano en Altos de Chav\u00f3n | Casa de Campo Living","description":"\u00a1Maravillosas noticias! Altos de Chav\u00f3n est\u00e1 planeando una Feria Familiar de Verano, la cual se llevar\u00e1 a cabo el s\u00e1bado 20 de julio, con no menos de","robots":{"index":"index","follow":"follow","max-snippet":"max-snippet:-1","max-image-preview":"max-image-preview:large","max-video-preview":"max-video-preview:-1"},"canonical":"https:\/\/casadecampoliving.com\/es\/reserve-la-fecha-feria-familiar-de-verano-en-altos-de-chavon\/","og_locale":"es_ES","og_type":"article","og_title":"\u00a1Reserve la Fecha! Feria Familiar de Verano en Altos de Chav\u00f3n | Casa de Campo Living","og_description":"\u00a1Maravillosas noticias! Altos de Chav\u00f3n est\u00e1 planeando una Feria Familiar de Verano, la cual se llevar\u00e1 a cabo el s\u00e1bado 20 de julio, con no menos de","og_url":"https:\/\/casadecampoliving.com\/es\/reserve-la-fecha-feria-familiar-de-verano-en-altos-de-chavon\/","og_site_name":"Casa de Campo Living","article_publisher":"https:\/\/www.facebook.com\/casadecampoliving","article_published_time":"2013-07-10T04:00:00+00:00","article_modified_time":"2022-10-21T22:54:08+00:00","og_image":[{"width":650,"height":365,"url":"https:\/\/i0.wp.com\/casadecampoliving.com\/wp-content\/uploads\/2022\/10\/family_fair2.jpg?fit=650%2C365&ssl=1","type":"image\/jpeg"}],"author":"Mairobi Herrera","twitter_card":"summary_large_image","twitter_creator":"@cdcliving","twitter_site":"@cdcliving","twitter_misc":{"Escrito por":"Mairobi Herrera","Tiempo de lectura":"1 minuto"},"schema":{"@context":"https:\/\/schema.org","@graph":[{"@type":"Article","@id":"https:\/\/casadecampoliving.com\/es\/reserve-la-fecha-feria-familiar-de-verano-en-altos-de-chavon\/#article","isPartOf":{"@id":"https:\/\/casadecampoliving.com\/es\/reserve-la-fecha-feria-familiar-de-verano-en-altos-de-chavon\/"},"author":{"name":"Mairobi Herrera","@id":"https:\/\/casadecampoliving.com\/es\/#\/schema\/person\/932e594484c49168ad37fbb9141bf699"},"headline":"\u00a1Reserve la Fecha! Feria Familiar de Verano en Altos de Chav\u00f3n","datePublished":"2013-07-10T04:00:00+00:00","dateModified":"2022-10-21T22:54:08+00:00","mainEntityOfPage":{"@id":"https:\/\/casadecampoliving.com\/es\/reserve-la-fecha-feria-familiar-de-verano-en-altos-de-chavon\/"},"wordCount":273,"publisher":{"@id":"https:\/\/casadecampoliving.com\/es\/#organization"},"image":{"@id":"https:\/\/casadecampoliving.com\/es\/reserve-la-fecha-feria-familiar-de-verano-en-altos-de-chavon\/#primaryimage"},"thumbnailUrl":"https:\/\/i0.wp.com\/casadecampoliving.com\/wp-content\/uploads\/2022\/10\/family_fair2.jpg?fit=650%2C365&ssl=1","keywords":["Altos de Chavon","altos de chavon@es","anfiteatro altos de chavon@es","juegos para ni\u00f1os"],"articleSection":["Altos de Chavon @es","Arte y cultura","Comidas &amp; Bebidas","Destacados","Eventos","Noticias Locales","Proximamente","Resort Casa de Campo","Restaurantes","Titulares"],"inLanguage":"es"},{"@type":"WebPage","@id":"https:\/\/casadecampoliving.com\/es\/reserve-la-fecha-feria-familiar-de-verano-en-altos-de-chavon\/","url":"https:\/\/casadecampoliving.com\/es\/reserve-la-fecha-feria-familiar-de-verano-en-altos-de-chavon\/","name":"\u00a1Reserve la Fecha! Feria Familiar de Verano en Altos de Chav\u00f3n | Casa de Campo Living","isPartOf":{"@id":"https:\/\/casadecampoliving.com\/es\/#website"},"primaryImageOfPage":{"@id":"https:\/\/casadecampoliving.com\/es\/reserve-la-fecha-feria-familiar-de-verano-en-altos-de-chavon\/#primaryimage"},"image":{"@id":"https:\/\/casadecampoliving.com\/es\/reserve-la-fecha-feria-familiar-de-verano-en-altos-de-chavon\/#primaryimage"},"thumbnailUrl":"https:\/\/i0.wp.com\/casadecampoliving.com\/wp-content\/uploads\/2022\/10\/family_fair2.jpg?fit=650%2C365&ssl=1","datePublished":"2013-07-10T04:00:00+00:00","dateModified":"2022-10-21T22:54:08+00:00","description":"\u00a1Maravillosas noticias! Altos de Chav\u00f3n est\u00e1 planeando una Feria Familiar de Verano, la cual se llevar\u00e1 a cabo el s\u00e1bado 20 de julio, con no menos de","breadcrumb":{"@id":"https:\/\/casadecampoliving.com\/es\/reserve-la-fecha-feria-familiar-de-verano-en-altos-de-chavon\/#breadcrumb"},"inLanguage":"es","potentialAction":[{"@type":"ReadAction","target":["https:\/\/casadecampoliving.com\/es\/reserve-la-fecha-feria-familiar-de-verano-en-altos-de-chavon\/"]}]},{"@type":"ImageObject","inLanguage":"es","@id":"https:\/\/casadecampoliving.com\/es\/reserve-la-fecha-feria-familiar-de-verano-en-altos-de-chavon\/#primaryimage","url":"https:\/\/i0.wp.com\/casadecampoliving.com\/wp-content\/uploads\/2022\/10\/family_fair2.jpg?fit=650%2C365&ssl=1","contentUrl":"https:\/\/i0.wp.com\/casadecampoliving.com\/wp-content\/uploads\/2022\/10\/family_fair2.jpg?fit=650%2C365&ssl=1","width":650,"height":365},{"@type":"BreadcrumbList","@id":"https:\/\/casadecampoliving.com\/es\/reserve-la-fecha-feria-familiar-de-verano-en-altos-de-chavon\/#breadcrumb","itemListElement":[{"@type":"ListItem","position":1,"name":"Home","item":"https:\/\/casadecampoliving.com\/es\/"},{"@type":"ListItem","position":2,"name":"\u00a1Reserve la Fecha! Feria Familiar de Verano en Altos de Chav\u00f3n"}]},{"@type":"WebSite","@id":"https:\/\/casadecampoliving.com\/es\/#website","url":"https:\/\/casadecampoliving.com\/es\/","name":"Casa de Campo Living","description":"Resort community news and resources.","publisher":{"@id":"https:\/\/casadecampoliving.com\/es\/#organization"},"potentialAction":[{"@type":"SearchAction","target":{"@type":"EntryPoint","urlTemplate":"https:\/\/casadecampoliving.com\/es\/?s={search_term_string}"},"query-input":{"@type":"PropertyValueSpecification","valueRequired":true,"valueName":"search_term_string"}}],"inLanguage":"es"},{"@type":"Organization","@id":"https:\/\/casadecampoliving.com\/es\/#organization","name":"Casa de Campo Living","url":"https:\/\/casadecampoliving.com\/es\/","logo":{"@type":"ImageObject","inLanguage":"es","@id":"https:\/\/casadecampoliving.com\/es\/#\/schema\/logo\/image\/","url":"https:\/\/i0.wp.com\/casadecampoliving.com\/wp-content\/uploads\/2022\/07\/CDCLivingLogo_V1-white-sized.png?fit=800%2C214&ssl=1","contentUrl":"https:\/\/i0.wp.com\/casadecampoliving.com\/wp-content\/uploads\/2022\/07\/CDCLivingLogo_V1-white-sized.png?fit=800%2C214&ssl=1","width":800,"height":214,"caption":"Casa de Campo Living"},"image":{"@id":"https:\/\/casadecampoliving.com\/es\/#\/schema\/logo\/image\/"},"sameAs":["https:\/\/www.facebook.com\/casadecampoliving","https:\/\/x.com\/cdcliving"]},{"@type":"Person","@id":"https:\/\/casadecampoliving.com\/es\/#\/schema\/person\/932e594484c49168ad37fbb9141bf699","name":"Mairobi Herrera","image":{"@type":"ImageObject","inLanguage":"es","@id":"https:\/\/secure.gravatar.com\/avatar\/d0bf6c19470eb55d83c719e39672f670b2c4412339af1eb8a08f86427ba98ee8?s=96&d=mm&r=g","url":"https:\/\/secure.gravatar.com\/avatar\/d0bf6c19470eb55d83c719e39672f670b2c4412339af1eb8a08f86427ba98ee8?s=96&d=mm&r=g","contentUrl":"https:\/\/secure.gravatar.com\/avatar\/d0bf6c19470eb55d83c719e39672f670b2c4412339af1eb8a08f86427ba98ee8?s=96&d=mm&r=g","caption":"Mairobi Herrera"},"sameAs":["https:\/\/casadecampoliving.com\/"],"url":"https:\/\/casadecampoliving.com\/es\/author\/mherrera\/"}]}},"parsely":{"version":"1.1.0","canonical_url":"https:\/\/casadecampoliving.com\/es\/reserve-la-fecha-feria-familiar-de-verano-en-altos-de-chavon\/","smart_links":{"inbound":0,"outbound":0},"traffic_boost_suggestions_count":0,"meta":{"@context":"https:\/\/schema.org","@type":"NewsArticle","headline":"\u00a1Reserve la Fecha! Feria Familiar de Verano en Altos de Chav\u00f3n","url":"http:\/\/casadecampoliving.com\/es\/reserve-la-fecha-feria-familiar-de-verano-en-altos-de-chavon\/","mainEntityOfPage":{"@type":"WebPage","@id":"http:\/\/casadecampoliving.com\/es\/reserve-la-fecha-feria-familiar-de-verano-en-altos-de-chavon\/"},"thumbnailUrl":"https:\/\/i0.wp.com\/casadecampoliving.com\/wp-content\/uploads\/2022\/10\/family_fair2.jpg?resize=150%2C150&ssl=1","image":{"@type":"ImageObject","url":"https:\/\/i0.wp.com\/casadecampoliving.com\/wp-content\/uploads\/2022\/10\/family_fair2.jpg?fit=650%2C365&ssl=1"},"articleSection":"Altos de Chavon @es","author":[{"@type":"Person","name":"Mairobi Herrera"}],"creator":["Mairobi Herrera"],"publisher":{"@type":"Organization","name":"Casa de Campo Living","logo":"https:\/\/casadecampoliving.com\/wp-content\/uploads\/2022\/07\/CDCLivingLogo_V1-white-sized.png"},"keywords":["altos de chavon","altos de chavon@es","anfiteatro altos de chavon@es","juegos para ni\u00f1os"],"dateCreated":"2013-07-10T04:00:00Z","datePublished":"2013-07-10T04:00:00Z","dateModified":"2022-10-21T22:54:08Z"},"rendered":"<script type=\"application\/ld+json\" class=\"wp-parsely-metadata\">{\"@context\":\"https:\\\/\\\/schema.org\",\"@type\":\"NewsArticle\",\"headline\":\"\\u00a1Reserve la Fecha! Feria Familiar de Verano en Altos de Chav\\u00f3n\",\"url\":\"http:\\\/\\\/casadecampoliving.com\\\/es\\\/reserve-la-fecha-feria-familiar-de-verano-en-altos-de-chavon\\\/\",\"mainEntityOfPage\":{\"@type\":\"WebPage\",\"@id\":\"http:\\\/\\\/casadecampoliving.com\\\/es\\\/reserve-la-fecha-feria-familiar-de-verano-en-altos-de-chavon\\\/\"},\"thumbnailUrl\":\"https:\\\/\\\/i0.wp.com\\\/casadecampoliving.com\\\/wp-content\\\/uploads\\\/2022\\\/10\\\/family_fair2.jpg?resize=150%2C150&ssl=1\",\"image\":{\"@type\":\"ImageObject\",\"url\":\"https:\\\/\\\/i0.wp.com\\\/casadecampoliving.com\\\/wp-content\\\/uploads\\\/2022\\\/10\\\/family_fair2.jpg?fit=650%2C365&ssl=1\"},\"articleSection\":\"Altos de Chavon @es\",\"author\":[{\"@type\":\"Person\",\"name\":\"Mairobi Herrera\"}],\"creator\":[\"Mairobi Herrera\"],\"publisher\":{\"@type\":\"Organization\",\"name\":\"Casa de Campo Living\",\"logo\":\"https:\\\/\\\/casadecampoliving.com\\\/wp-content\\\/uploads\\\/2022\\\/07\\\/CDCLivingLogo_V1-white-sized.png\"},\"keywords\":[\"altos de chavon\",\"altos de chavon@es\",\"anfiteatro altos de chavon@es\",\"juegos para ni\\u00f1os\"],\"dateCreated\":\"2013-07-10T04:00:00Z\",\"datePublished\":\"2013-07-10T04:00:00Z\",\"dateModified\":\"2022-10-21T22:54:08Z\"}<\/script>","tracker_url":"https:\/\/cdn.parsely.com\/keys\/casadecampoliving.com\/p.js"},"jetpack_publicize_connections":[],"jetpack_featured_media_url":"https:\/\/i0.wp.com\/casadecampoliving.com\/wp-content\/uploads\/2022\/10\/family_fair2.jpg?fit=650%2C365&ssl=1","jetpack-related-posts":[{"id":433460,"url":"https:\/\/casadecampoliving.com\/es\/no-se-pierdan-el-increible-tributo-a-frank-sinatra-para-celebrar-el-40-aniversario-del-anfiteatro-altos-de-chavon\/","url_meta":{"origin":342336,"position":0},"title":"No se pierdan el incre\u00edble tributo a Frank Sinatra para celebrar el 40 aniversario del\u00a0Anfiteatro Altos de Chav\u00f3n","author":"Casa de Campo Living","date":"20 Oct, 2022","format":false,"excerpt":"Siendo uno de los escenarios m\u00e1s emblem\u00e1ticos del pa\u00eds, Casa de Campo Resort\u00ae & Villas celebra las cuatro d\u00e9cadas de aniversario de Altos de Chav\u00f3n con un tributo al gran Frank Sinatra, protagonizado por artistas invitados y una big band tal cual la que acompa\u00f1\u00f3 al artista hace 40 a\u00f1os\u2026","rel":"","context":"En \u00abUncategorized @es\u00bb","block_context":{"text":"Uncategorized @es","link":"https:\/\/casadecampoliving.com\/es\/category\/uncategorized-es\/"},"img":{"alt_text":"","src":"https:\/\/i0.wp.com\/casadecampoliving.com\/wp-content\/uploads\/2022\/10\/Tributo-Frank-Sinatra-Foto-Principal-Amaury-Sanchez-Danilo-Ginebra-Andres-Pichardo-y-Jose-Gabriel-Perez-.jpg?fit=1200%2C873&ssl=1&resize=350%2C200","width":350,"height":200,"srcset":"https:\/\/i0.wp.com\/casadecampoliving.com\/wp-content\/uploads\/2022\/10\/Tributo-Frank-Sinatra-Foto-Principal-Amaury-Sanchez-Danilo-Ginebra-Andres-Pichardo-y-Jose-Gabriel-Perez-.jpg?fit=1200%2C873&ssl=1&resize=350%2C200 1x, https:\/\/i0.wp.com\/casadecampoliving.com\/wp-content\/uploads\/2022\/10\/Tributo-Frank-Sinatra-Foto-Principal-Amaury-Sanchez-Danilo-Ginebra-Andres-Pichardo-y-Jose-Gabriel-Perez-.jpg?fit=1200%2C873&ssl=1&resize=525%2C300 1.5x, https:\/\/i0.wp.com\/casadecampoliving.com\/wp-content\/uploads\/2022\/10\/Tributo-Frank-Sinatra-Foto-Principal-Amaury-Sanchez-Danilo-Ginebra-Andres-Pichardo-y-Jose-Gabriel-Perez-.jpg?fit=1200%2C873&ssl=1&resize=700%2C400 2x, https:\/\/i0.wp.com\/casadecampoliving.com\/wp-content\/uploads\/2022\/10\/Tributo-Frank-Sinatra-Foto-Principal-Amaury-Sanchez-Danilo-Ginebra-Andres-Pichardo-y-Jose-Gabriel-Perez-.jpg?fit=1200%2C873&ssl=1&resize=1050%2C600 3x"},"classes":[]},{"id":342444,"url":"https:\/\/casadecampoliving.com\/es\/4-juegos-inflables-magos-juegos-tradicionales-taekwondo-pinta-caritas-y-mas-en-la-feria-familiar-en-chavon-este-sabado\/","url_meta":{"origin":342336,"position":1},"title":"4 juegos inflables, magos, juegos tradicionales, Taekwondo, pinta caritas y m\u00e1s, !en la Feria Familiar en Chav\u00f3n este s\u00e1bado!","author":"lperdomo","date":"16 Jul, 2013","format":false,"excerpt":"Este s\u00e1bado 20 de julio, no te puedes perder la Feria Familiar de Verano de Altos de Chav\u00f3n, con muchas actividades para toda la familia. \u00a1Desde las 4 pm a las 8pm! Aqu\u00ed te traemos el horario de las actividades y todos los detalles. A trav\u00e9s de toda la tarde,\u2026","rel":"","context":"En \u00abAltos de Chavon @es\u00bb","block_context":{"text":"Altos de Chavon @es","link":"https:\/\/casadecampoliving.com\/category\/altos-de-chavon-es\/"},"img":{"alt_text":"juegos inflables","src":"https:\/\/i0.wp.com\/casadecampoliving.com\/wp-content\/uploads\/2022\/10\/juegos_inflables-1.jpg?fit=650%2C387&ssl=1&resize=350%2C200","width":350,"height":200,"srcset":"https:\/\/i0.wp.com\/casadecampoliving.com\/wp-content\/uploads\/2022\/10\/juegos_inflables-1.jpg?fit=650%2C387&ssl=1&resize=350%2C200 1x, https:\/\/i0.wp.com\/casadecampoliving.com\/wp-content\/uploads\/2022\/10\/juegos_inflables-1.jpg?fit=650%2C387&ssl=1&resize=525%2C300 1.5x"},"classes":[]},{"id":342538,"url":"https:\/\/casadecampoliving.com\/es\/la-feria-familiar-chavon-es-hoy-4pm-8pm\/","url_meta":{"origin":342336,"position":2},"title":"La Feria Familiar Chav\u00f3n es HOY! 4pm &#8211; 8pm!","author":"Rebecca Silvestri","date":"20 Jul, 2013","format":false,"excerpt":"No te lo pierdas! Toda la diversi\u00f3n de la feria esta viniendo a Altos de Chav\u00f3n HOY (S\u00e1bado 20 de Julio) desde la 4pm hasta las 8pm! Usted y su familia est\u00e1n listos para divertirse?! La familia completa est\u00e1n invitados a unirse a nosotros en Altos de Chav\u00f3n esta tarde\u2026","rel":"","context":"En \u00abAltos de Chavon @es\u00bb","block_context":{"text":"Altos de Chavon @es","link":"https:\/\/casadecampoliving.com\/category\/altos-de-chavon-es\/"},"img":{"alt_text":"","src":"https:\/\/i0.wp.com\/casadecampoliving.com\/wp-content\/uploads\/2022\/10\/family_fair2.jpg?fit=650%2C365&ssl=1&resize=350%2C200","width":350,"height":200,"srcset":"https:\/\/i0.wp.com\/casadecampoliving.com\/wp-content\/uploads\/2022\/10\/family_fair2.jpg?fit=650%2C365&ssl=1&resize=350%2C200 1x, https:\/\/i0.wp.com\/casadecampoliving.com\/wp-content\/uploads\/2022\/10\/family_fair2.jpg?fit=650%2C365&ssl=1&resize=525%2C300 1.5x"},"classes":[]},{"id":342544,"url":"https:\/\/casadecampoliving.com\/es\/una-divertida-tarde-en-la-feria-familiar-de-verano-de-altos-de-chavon\/","url_meta":{"origin":342336,"position":3},"title":"Una divertida tarde en la Feria Familiar de Verano de Altos de Chav\u00f3n","author":"Mairobi Herrera","date":"23 Jul, 2013","format":false,"excerpt":"El pasado s\u00e1bado 2o de julio, decenas de ni\u00f1os acompa\u00f1ados de sus familiares asistieron a la Feria Familia de Verano de Altos de Chav\u00f3n, realizada en la Fuente de Peces de \u00a0Altos de Chav\u00f3n, en donde disfrutaron de juegos inflables y otras actividades infantiles dominicanas. Desde las 4:00 de la\u2026","rel":"","context":"En \u00abAltos de Chavon @es\u00bb","block_context":{"text":"Altos de Chavon @es","link":"https:\/\/casadecampoliving.com\/category\/altos-de-chavon-es\/"},"img":{"alt_text":"","src":"https:\/\/i0.wp.com\/casadecampoliving.com\/wp-content\/uploads\/2022\/10\/feria_familiar_verano-1.jpg?fit=650%2C433&ssl=1&resize=350%2C200","width":350,"height":200,"srcset":"https:\/\/i0.wp.com\/casadecampoliving.com\/wp-content\/uploads\/2022\/10\/feria_familiar_verano-1.jpg?fit=650%2C433&ssl=1&resize=350%2C200 1x, https:\/\/i0.wp.com\/casadecampoliving.com\/wp-content\/uploads\/2022\/10\/feria_familiar_verano-1.jpg?fit=650%2C433&ssl=1&resize=525%2C300 1.5x"},"classes":[]},{"id":343526,"url":"https:\/\/casadecampoliving.com\/es\/busqueda-de-regalos-escondidos-de-santa-y-fiesta-infantil-este-domingo\/","url_meta":{"origin":342336,"position":4},"title":"\u00a1B\u00fasqueda de regalos de Santa y fiesta infantil este domingo!","author":"Perkin Agramonte","date":"18 Dic, 2013","format":false,"excerpt":"\u00a1Santa Claus viene a la ciudad! Este domingo 22 de diciembre, Santa Claus estar\u00e1 en Altos de Chav\u00f3n organizando una b\u00fasqueda de regalos escondidos y una fiesta infantil. Ven y \u00fanete a nosotros en los hermosos jardines de Altos de Chav\u00f3n en una divertida tarde para ni\u00f1os de todas las\u2026","rel":"","context":"En \u00abAltos de Chavon @es\u00bb","block_context":{"text":"Altos de Chavon @es","link":"https:\/\/casadecampoliving.com\/category\/altos-de-chavon-es\/"},"img":{"alt_text":"Santa Altos de Chavon","src":"https:\/\/i0.wp.com\/casadecampoliving.com\/wp-content\/uploads\/2022\/10\/santa_altos_de_chavon1-5.jpg?fit=650%2C433&ssl=1&resize=350%2C200","width":350,"height":200,"srcset":"https:\/\/i0.wp.com\/casadecampoliving.com\/wp-content\/uploads\/2022\/10\/santa_altos_de_chavon1-5.jpg?fit=650%2C433&ssl=1&resize=350%2C200 1x, https:\/\/i0.wp.com\/casadecampoliving.com\/wp-content\/uploads\/2022\/10\/santa_altos_de_chavon1-5.jpg?fit=650%2C433&ssl=1&resize=525%2C300 1.5x"},"classes":[]},{"id":350678,"url":"https:\/\/casadecampoliving.com\/es\/juegos-inflables-actividades-gratis-para-ninos-en-fall-fest\/","url_meta":{"origin":342336,"position":5},"title":"\u00a1Juegos inflables y actividades **GRATIS** para los peque\u00f1os en Altos de Chavon Fall Fest!","author":"Heather Lincoln","date":"24 Oct, 2016","format":false,"excerpt":"Oto\u00f1o siempre ha\u00a0sido\u00a0uno de mis momentos favoritos del a\u00f1o; siendo de\u00a0Carolina del Norte, me gusta el clima fresco de oto\u00f1o, las hojas de color rojo y naranja que llenan los paisajes, y los festivales que siempre rodean esta emocionante temporada. El uso de botas de vaquero y la buscar\u00a0la mejor\u2026","rel":"","context":"En \u00abAltos de Chavon @es\u00bb","block_context":{"text":"Altos de Chavon @es","link":"https:\/\/casadecampoliving.com\/category\/altos-de-chavon-es\/"},"img":{"alt_text":"Altos de Chavon Fall Fest","src":"https:\/\/i0.wp.com\/casadecampoliving.com\/wp-content\/uploads\/2022\/10\/IMG_3313-e1477329567779-1.jpg?fit=1000%2C750&ssl=1&resize=350%2C200","width":350,"height":200,"srcset":"https:\/\/i0.wp.com\/casadecampoliving.com\/wp-content\/uploads\/2022\/10\/IMG_3313-e1477329567779-1.jpg?fit=1000%2C750&ssl=1&resize=350%2C200 1x, https:\/\/i0.wp.com\/casadecampoliving.com\/wp-content\/uploads\/2022\/10\/IMG_3313-e1477329567779-1.jpg?fit=1000%2C750&ssl=1&resize=525%2C300 1.5x, https:\/\/i0.wp.com\/casadecampoliving.com\/wp-content\/uploads\/2022\/10\/IMG_3313-e1477329567779-1.jpg?fit=1000%2C750&ssl=1&resize=700%2C400 2x"},"classes":[]}],"jetpack_sharing_enabled":true,"_links":{"self":[{"href":"https:\/\/casadecampoliving.com\/es\/wp-json\/wp\/v2\/posts\/342336","targetHints":{"allow":["GET"]}}],"collection":[{"href":"https:\/\/casadecampoliving.com\/es\/wp-json\/wp\/v2\/posts"}],"about":[{"href":"https:\/\/casadecampoliving.com\/es\/wp-json\/wp\/v2\/types\/post"}],"author":[{"embeddable":true,"href":"https:\/\/casadecampoliving.com\/es\/wp-json\/wp\/v2\/users\/431"}],"replies":[{"embeddable":true,"href":"https:\/\/casadecampoliving.com\/es\/wp-json\/wp\/v2\/comments?post=342336"}],"version-history":[{"count":1,"href":"https:\/\/casadecampoliving.com\/es\/wp-json\/wp\/v2\/posts\/342336\/revisions"}],"predecessor-version":[{"id":342337,"href":"https:\/\/casadecampoliving.com\/es\/wp-json\/wp\/v2\/posts\/342336\/revisions\/342337"}],"wp:featuredmedia":[{"embeddable":true,"href":"https:\/\/casadecampoliving.com\/es\/wp-json\/wp\/v2\/media\/251709"}],"wp:attachment":[{"href":"https:\/\/casadecampoliving.com\/es\/wp-json\/wp\/v2\/media?parent=342336"}],"wp:term":[{"taxonomy":"category","embeddable":true,"href":"https:\/\/casadecampoliving.com\/es\/wp-json\/wp\/v2\/categories?post=342336"},{"taxonomy":"post_tag","embeddable":true,"href":"https:\/\/casadecampoliving.com\/es\/wp-json\/wp\/v2\/tags?post=342336"},{"taxonomy":"newspack_spnsrs_tax","embeddable":true,"href":"https:\/\/casadecampoliving.com\/es\/wp-json\/wp\/v2\/newspack_spnsrs_tax?post=342336"}],"curies":[{"name":"wp","href":"https:\/\/api.w.org\/{rel}","templated":true}]}}