{"id":342240,"date":"2013-07-05T00:00:00","date_gmt":"2013-07-05T04:00:00","guid":{"rendered":"https:\/\/casadecampoliving.com\/los-cursos-del-verano-internacional-altos-de-chavon-ya-comenzaron\/"},"modified":"2022-10-21T18:52:43","modified_gmt":"2022-10-21T22:52:43","slug":"los-cursos-del-verano-internacional-altos-de-chavon-ya-comenzaron","status":"publish","type":"post","link":"https:\/\/casadecampoliving.com\/es\/los-cursos-del-verano-internacional-altos-de-chavon-ya-comenzaron\/","title":{"rendered":"\u00a1Los cursos del Verano Internacional Altos de Chav\u00f3n ya comenzaron!"},"content":{"rendered":"<div class=\"wp-block-image\">\n<figure class=\"aligncenter is-resized\"><img loading=\"lazy\" decoding=\"async\" src=\"https:\/\/i0.wp.com\/casadecampoliving.com\/wp-content\/uploads\/2022\/10\/verano_internacional_escuela_chavon.jpg?resize=650%2C417&amp;ssl=1\" alt=\"verano internacional escuela chavon\" class=\"wp-image-73326\" title=\"verano_internacional_escuela_chavon\" height=\"417\" width=\"650\"\/><\/figure>\n<\/div>\n\n\n<p>No se olvide en este verano los cursos que imparte la&nbsp;<a href=\"https:\/\/casadecampoliving.com\/es\/escuelachavon\/\">Escuela de Dise\u00f1o de Altos de Chav\u00f3n<\/a>, los cuales est\u00e1n disponibles desde este momento y durar\u00e1n hasta el mes de agosto.<\/p>\n\n\n\n<p>A los cursos del Verano internacional Altos de Chav\u00f3n se ha unido la escuela de arte New York Academy of Art para ofrecer cursos avanzados en Bellas Artes. Lamentablemente, el de Escultura Cer\u00e1mica Figurativa y Dibujo Retrato ya concluyeron, <strong>\u00a1pero todav\u00eda queda oportunidad para Grabado y Pintura al Oleo, los cuales se llevar\u00e1n a cabo en el mes de agosto!<\/strong><\/p>\n\n\n\n<p>Los dem\u00e1s cursos que ofrece la Escuela de Dise\u00f1o abarcan \u00e1reas de dise\u00f1o gr\u00e1fico, moda, cine, joyer\u00eda, fotograf\u00eda, pintura, y otras (<em>vea debajo el brochure completo con todas las clases<\/em>).<\/p>\n\n\n\n<p>El programa Verano Internacional Altos de Chav\u00f3n est\u00e1 enfocado en proveer instrucci\u00f3n en habilidades espec\u00edficas o contenidos generales relacionados al arte o dise\u00f1o. No importa a qu\u00e9 usted se dedique, los cursos est\u00e1n abiertos a estudiantes de bachiller, universitarios, j\u00f3venes profesionales o cualquier persona interesada en el arte y el dise\u00f1o.<\/p>\n\n\n\n<blockquote><p><strong>Verano Internacional Altos de Chav\u00f3n 2013:<\/strong><\/p><p><strong>Cuando:&nbsp;<\/strong>julio \u2013 agosto<\/p><p><strong>Donde:<\/strong>&nbsp;Escuela de Dise\u00f1o Altos de Chav\u00f3n<\/p><p><strong>Costo:<\/strong>&nbsp;Cursos de una semana cuestan: US$500 Cursos de dos semanas cuestan: US$800 (incluye la matr\u00edcula, alojamiento y transferencias del aeropuerto si es necesario) Si los gastos de alojamiento y transportes del aeropuerto no son necesarios, el costo entonces es: Cursos de una semana One week courses cost: US$450 Cursos de dos semanas: US$750<\/p><p><strong>Para m\u00e1s informaci\u00f3n: &nbsp;Zoraida Reyes<\/strong><\/p><ul>\n<li><strong>Tel:<\/strong>&nbsp;(809) 523-8011 ext. 228 y 230<\/li>\n<li><strong>E-mail:<\/strong><a href=\"mailto:specialprograms@altosdechavon.com\">specialprograms@altosdechavon.com<\/a><\/li>\n<\/ul><\/blockquote>\n\n\n\n<p>Los cursos se impartir\u00e1n en diferentes d\u00edas y en distintos horarios. A continuaci\u00f3n le presentamos el programa completo con todas las fechas y horarios de las clases:<\/p>\n\n\n<div class=\"wp-block-image\">\n<figure class=\"aligncenter is-resized\"><img loading=\"lazy\" decoding=\"async\" src=\"https:\/\/i0.wp.com\/casadecampoliving.com\/wp-content\/uploads\/2022\/10\/verano_internacional_altos_chavon.jpg?resize=650%2C867&amp;ssl=1\" alt=\"\" class=\"wp-image-73327\" title=\"verano_internacional_altos_chavon\" height=\"867\" width=\"650\"\/><\/figure>\n<\/div>\n\n<div class=\"wp-block-image\">\n<figure class=\"aligncenter is-resized\"><img loading=\"lazy\" decoding=\"async\" src=\"https:\/\/i0.wp.com\/casadecampoliving.com\/wp-content\/uploads\/2022\/10\/Intensivos_Dibujo.jpg?resize=650%2C713&amp;ssl=1\" alt=\"\" class=\"wp-image-73328\" title=\"Intensivos_Dibujo\" height=\"713\" width=\"650\"\/><\/figure>\n<\/div>","protected":false},"excerpt":{"rendered":"<p>No se olvide en este verano los cursos que imparte la&nbsp;Escuela de Dise\u00f1o de Altos de Chav\u00f3n, los cuales est\u00e1n disponibles desde este momento y durar\u00e1n hasta el mes de agosto. A los cursos del Verano internacional Altos de Chav\u00f3n se ha unido la escuela de arte New York Academy of Art para ofrecer cursos [&hellip;]<\/p>\n","protected":false},"author":431,"featured_media":250614,"comment_status":"closed","ping_status":"closed","sticky":false,"template":"","format":"standard","meta":{"newspack_ads_suppress_ads":false,"newspack_popups_has_disabled_popups":false,"newspack_sponsor_sponsorship_scope":"","newspack_sponsor_native_byline_display":"inherit","newspack_sponsor_native_category_display":"inherit","newspack_sponsor_underwriter_style":"inherit","newspack_sponsor_underwriter_placement":"inherit","_newspack_byline_active":false,"_newspack_byline":"","newspack_hide_updated_date":false,"newspack_show_updated_date":false,"newspack_content_restriction_is_exempt":false,"newspack_featured_image_position":"","newspack_post_subtitle":"","newspack_article_summary_title":"Overview:","newspack_article_summary":"","_jetpack_memberships_contains_paid_content":false,"footnotes":"","jetpack_publicize_message":"","jetpack_publicize_feature_enabled":true,"jetpack_social_post_already_shared":false,"jetpack_social_options":{"image_generator_settings":{"template":"highway","default_image_id":0,"font":"","enabled":false},"version":2},"_wpas_customize_per_network":false},"categories":[26819,26823,2524,14625,26822],"tags":[6899],"newspack_spnsrs_tax":[],"class_list":["post-342240","post","type-post","status-publish","format-standard","has-post-thumbnail","hentry","category-altos-de-chavon-es","category-arte-y-cultura","category-destacados","category-noticias-locales","category-resort-casa-de-campo","tag-escuela-de-arte","entry"],"yoast_head":"<!-- This site is optimized with the Yoast SEO plugin v27.4 - https:\/\/yoast.com\/product\/yoast-seo-wordpress\/ -->\n<title>\u00a1Los cursos del Verano Internacional Altos de Chav\u00f3n ya comenzaron! | Casa de Campo Living<\/title>\n<meta name=\"description\" content=\"No se olvide en este verano los cursos que imparte la&nbsp;Escuela de Dise\u00f1o de Altos de Chav\u00f3n, los cuales est\u00e1n disponibles desde este momento y durar\u00e1n\" \/>\n<meta name=\"robots\" content=\"index, follow, max-snippet:-1, max-image-preview:large, max-video-preview:-1\" \/>\n<link rel=\"canonical\" href=\"https:\/\/casadecampoliving.com\/es\/los-cursos-del-verano-internacional-altos-de-chavon-ya-comenzaron\/\" \/>\n<meta property=\"og:locale\" content=\"es_ES\" \/>\n<meta property=\"og:type\" content=\"article\" \/>\n<meta property=\"og:title\" content=\"\u00a1Los cursos del Verano Internacional Altos de Chav\u00f3n ya comenzaron! | Casa de Campo Living\" \/>\n<meta property=\"og:description\" content=\"No se olvide en este verano los cursos que imparte la&nbsp;Escuela de Dise\u00f1o de Altos de Chav\u00f3n, los cuales est\u00e1n disponibles desde este momento y durar\u00e1n\" \/>\n<meta property=\"og:url\" content=\"https:\/\/casadecampoliving.com\/es\/los-cursos-del-verano-internacional-altos-de-chavon-ya-comenzaron\/\" \/>\n<meta property=\"og:site_name\" content=\"Casa de Campo Living\" \/>\n<meta property=\"article:publisher\" content=\"https:\/\/www.facebook.com\/casadecampoliving\" \/>\n<meta property=\"article:published_time\" content=\"2013-07-05T04:00:00+00:00\" \/>\n<meta property=\"article:modified_time\" content=\"2022-10-21T22:52:43+00:00\" \/>\n<meta property=\"og:image\" content=\"https:\/\/i0.wp.com\/casadecampoliving.com\/wp-content\/uploads\/2022\/10\/verano_internacional_escuela_chavon-1.jpg?fit=650%2C417&ssl=1\" \/>\n\t<meta property=\"og:image:width\" content=\"650\" \/>\n\t<meta property=\"og:image:height\" content=\"417\" \/>\n\t<meta property=\"og:image:type\" content=\"image\/jpeg\" \/>\n<meta name=\"author\" content=\"Mairobi Herrera\" \/>\n<meta name=\"twitter:card\" content=\"summary_large_image\" \/>\n<meta name=\"twitter:creator\" content=\"@cdcliving\" \/>\n<meta name=\"twitter:site\" content=\"@cdcliving\" \/>\n<meta name=\"twitter:label1\" content=\"Escrito por\" \/>\n\t<meta name=\"twitter:data1\" content=\"Mairobi Herrera\" \/>\n\t<meta name=\"twitter:label2\" content=\"Tiempo de lectura\" \/>\n\t<meta name=\"twitter:data2\" content=\"2 minutos\" \/>\n<script type=\"application\/ld+json\" class=\"yoast-schema-graph\">{\"@context\":\"https:\\\/\\\/schema.org\",\"@graph\":[{\"@type\":\"Article\",\"@id\":\"https:\\\/\\\/casadecampoliving.com\\\/es\\\/los-cursos-del-verano-internacional-altos-de-chavon-ya-comenzaron\\\/#article\",\"isPartOf\":{\"@id\":\"https:\\\/\\\/casadecampoliving.com\\\/es\\\/los-cursos-del-verano-internacional-altos-de-chavon-ya-comenzaron\\\/\"},\"author\":{\"name\":\"Mairobi Herrera\",\"@id\":\"https:\\\/\\\/casadecampoliving.com\\\/es\\\/#\\\/schema\\\/person\\\/932e594484c49168ad37fbb9141bf699\"},\"headline\":\"\u00a1Los cursos del Verano Internacional Altos de Chav\u00f3n ya comenzaron!\",\"datePublished\":\"2013-07-05T04:00:00+00:00\",\"dateModified\":\"2022-10-21T22:52:43+00:00\",\"mainEntityOfPage\":{\"@id\":\"https:\\\/\\\/casadecampoliving.com\\\/es\\\/los-cursos-del-verano-internacional-altos-de-chavon-ya-comenzaron\\\/\"},\"wordCount\":329,\"publisher\":{\"@id\":\"https:\\\/\\\/casadecampoliving.com\\\/es\\\/#organization\"},\"image\":{\"@id\":\"https:\\\/\\\/casadecampoliving.com\\\/es\\\/los-cursos-del-verano-internacional-altos-de-chavon-ya-comenzaron\\\/#primaryimage\"},\"thumbnailUrl\":\"https:\\\/\\\/i0.wp.com\\\/casadecampoliving.com\\\/wp-content\\\/uploads\\\/2022\\\/10\\\/verano_internacional_escuela_chavon-1.jpg?fit=650%2C417&ssl=1\",\"keywords\":[\"Escuela de arte\"],\"articleSection\":[\"Altos de Chavon @es\",\"Arte y cultura\",\"Destacados\",\"Noticias Locales\",\"Resort Casa de Campo\"],\"inLanguage\":\"es\"},{\"@type\":\"WebPage\",\"@id\":\"https:\\\/\\\/casadecampoliving.com\\\/es\\\/los-cursos-del-verano-internacional-altos-de-chavon-ya-comenzaron\\\/\",\"url\":\"https:\\\/\\\/casadecampoliving.com\\\/es\\\/los-cursos-del-verano-internacional-altos-de-chavon-ya-comenzaron\\\/\",\"name\":\"\u00a1Los cursos del Verano Internacional Altos de Chav\u00f3n ya comenzaron! | Casa de Campo Living\",\"isPartOf\":{\"@id\":\"https:\\\/\\\/casadecampoliving.com\\\/es\\\/#website\"},\"primaryImageOfPage\":{\"@id\":\"https:\\\/\\\/casadecampoliving.com\\\/es\\\/los-cursos-del-verano-internacional-altos-de-chavon-ya-comenzaron\\\/#primaryimage\"},\"image\":{\"@id\":\"https:\\\/\\\/casadecampoliving.com\\\/es\\\/los-cursos-del-verano-internacional-altos-de-chavon-ya-comenzaron\\\/#primaryimage\"},\"thumbnailUrl\":\"https:\\\/\\\/i0.wp.com\\\/casadecampoliving.com\\\/wp-content\\\/uploads\\\/2022\\\/10\\\/verano_internacional_escuela_chavon-1.jpg?fit=650%2C417&ssl=1\",\"datePublished\":\"2013-07-05T04:00:00+00:00\",\"dateModified\":\"2022-10-21T22:52:43+00:00\",\"description\":\"No se olvide en este verano los cursos que imparte la&nbsp;Escuela de Dise\u00f1o de Altos de Chav\u00f3n, los cuales est\u00e1n disponibles desde este momento y durar\u00e1n\",\"breadcrumb\":{\"@id\":\"https:\\\/\\\/casadecampoliving.com\\\/es\\\/los-cursos-del-verano-internacional-altos-de-chavon-ya-comenzaron\\\/#breadcrumb\"},\"inLanguage\":\"es\",\"potentialAction\":[{\"@type\":\"ReadAction\",\"target\":[\"https:\\\/\\\/casadecampoliving.com\\\/es\\\/los-cursos-del-verano-internacional-altos-de-chavon-ya-comenzaron\\\/\"]}]},{\"@type\":\"ImageObject\",\"inLanguage\":\"es\",\"@id\":\"https:\\\/\\\/casadecampoliving.com\\\/es\\\/los-cursos-del-verano-internacional-altos-de-chavon-ya-comenzaron\\\/#primaryimage\",\"url\":\"https:\\\/\\\/i0.wp.com\\\/casadecampoliving.com\\\/wp-content\\\/uploads\\\/2022\\\/10\\\/verano_internacional_escuela_chavon-1.jpg?fit=650%2C417&ssl=1\",\"contentUrl\":\"https:\\\/\\\/i0.wp.com\\\/casadecampoliving.com\\\/wp-content\\\/uploads\\\/2022\\\/10\\\/verano_internacional_escuela_chavon-1.jpg?fit=650%2C417&ssl=1\",\"width\":650,\"height\":417,\"caption\":\"verano internacional escuela chavon\"},{\"@type\":\"BreadcrumbList\",\"@id\":\"https:\\\/\\\/casadecampoliving.com\\\/es\\\/los-cursos-del-verano-internacional-altos-de-chavon-ya-comenzaron\\\/#breadcrumb\",\"itemListElement\":[{\"@type\":\"ListItem\",\"position\":1,\"name\":\"Home\",\"item\":\"https:\\\/\\\/casadecampoliving.com\\\/es\\\/\"},{\"@type\":\"ListItem\",\"position\":2,\"name\":\"\u00a1Los cursos del Verano Internacional Altos de Chav\u00f3n ya comenzaron!\"}]},{\"@type\":\"WebSite\",\"@id\":\"https:\\\/\\\/casadecampoliving.com\\\/es\\\/#website\",\"url\":\"https:\\\/\\\/casadecampoliving.com\\\/es\\\/\",\"name\":\"Casa de Campo Living\",\"description\":\"Resort community news and resources.\",\"publisher\":{\"@id\":\"https:\\\/\\\/casadecampoliving.com\\\/es\\\/#organization\"},\"potentialAction\":[{\"@type\":\"SearchAction\",\"target\":{\"@type\":\"EntryPoint\",\"urlTemplate\":\"https:\\\/\\\/casadecampoliving.com\\\/es\\\/?s={search_term_string}\"},\"query-input\":{\"@type\":\"PropertyValueSpecification\",\"valueRequired\":true,\"valueName\":\"search_term_string\"}}],\"inLanguage\":\"es\"},{\"@type\":\"Organization\",\"@id\":\"https:\\\/\\\/casadecampoliving.com\\\/es\\\/#organization\",\"name\":\"Casa de Campo Living\",\"url\":\"https:\\\/\\\/casadecampoliving.com\\\/es\\\/\",\"logo\":{\"@type\":\"ImageObject\",\"inLanguage\":\"es\",\"@id\":\"https:\\\/\\\/casadecampoliving.com\\\/es\\\/#\\\/schema\\\/logo\\\/image\\\/\",\"url\":\"https:\\\/\\\/i0.wp.com\\\/casadecampoliving.com\\\/wp-content\\\/uploads\\\/2022\\\/07\\\/CDCLivingLogo_V1-white-sized.png?fit=800%2C214&ssl=1\",\"contentUrl\":\"https:\\\/\\\/i0.wp.com\\\/casadecampoliving.com\\\/wp-content\\\/uploads\\\/2022\\\/07\\\/CDCLivingLogo_V1-white-sized.png?fit=800%2C214&ssl=1\",\"width\":800,\"height\":214,\"caption\":\"Casa de Campo Living\"},\"image\":{\"@id\":\"https:\\\/\\\/casadecampoliving.com\\\/es\\\/#\\\/schema\\\/logo\\\/image\\\/\"},\"sameAs\":[\"https:\\\/\\\/www.facebook.com\\\/casadecampoliving\",\"https:\\\/\\\/x.com\\\/cdcliving\"]},{\"@type\":\"Person\",\"@id\":\"https:\\\/\\\/casadecampoliving.com\\\/es\\\/#\\\/schema\\\/person\\\/932e594484c49168ad37fbb9141bf699\",\"name\":\"Mairobi Herrera\",\"image\":{\"@type\":\"ImageObject\",\"inLanguage\":\"es\",\"@id\":\"https:\\\/\\\/secure.gravatar.com\\\/avatar\\\/d0bf6c19470eb55d83c719e39672f670b2c4412339af1eb8a08f86427ba98ee8?s=96&d=mm&r=g\",\"url\":\"https:\\\/\\\/secure.gravatar.com\\\/avatar\\\/d0bf6c19470eb55d83c719e39672f670b2c4412339af1eb8a08f86427ba98ee8?s=96&d=mm&r=g\",\"contentUrl\":\"https:\\\/\\\/secure.gravatar.com\\\/avatar\\\/d0bf6c19470eb55d83c719e39672f670b2c4412339af1eb8a08f86427ba98ee8?s=96&d=mm&r=g\",\"caption\":\"Mairobi Herrera\"},\"sameAs\":[\"https:\\\/\\\/casadecampoliving.com\\\/\"],\"url\":\"https:\\\/\\\/casadecampoliving.com\\\/es\\\/author\\\/mherrera\\\/\"}]}<\/script>\n<!-- \/ Yoast SEO plugin. -->","yoast_head_json":{"title":"\u00a1Los cursos del Verano Internacional Altos de Chav\u00f3n ya comenzaron! | Casa de Campo Living","description":"No se olvide en este verano los cursos que imparte la&nbsp;Escuela de Dise\u00f1o de Altos de Chav\u00f3n, los cuales est\u00e1n disponibles desde este momento y durar\u00e1n","robots":{"index":"index","follow":"follow","max-snippet":"max-snippet:-1","max-image-preview":"max-image-preview:large","max-video-preview":"max-video-preview:-1"},"canonical":"https:\/\/casadecampoliving.com\/es\/los-cursos-del-verano-internacional-altos-de-chavon-ya-comenzaron\/","og_locale":"es_ES","og_type":"article","og_title":"\u00a1Los cursos del Verano Internacional Altos de Chav\u00f3n ya comenzaron! | Casa de Campo Living","og_description":"No se olvide en este verano los cursos que imparte la&nbsp;Escuela de Dise\u00f1o de Altos de Chav\u00f3n, los cuales est\u00e1n disponibles desde este momento y durar\u00e1n","og_url":"https:\/\/casadecampoliving.com\/es\/los-cursos-del-verano-internacional-altos-de-chavon-ya-comenzaron\/","og_site_name":"Casa de Campo Living","article_publisher":"https:\/\/www.facebook.com\/casadecampoliving","article_published_time":"2013-07-05T04:00:00+00:00","article_modified_time":"2022-10-21T22:52:43+00:00","og_image":[{"width":650,"height":417,"url":"https:\/\/i0.wp.com\/casadecampoliving.com\/wp-content\/uploads\/2022\/10\/verano_internacional_escuela_chavon-1.jpg?fit=650%2C417&ssl=1","type":"image\/jpeg"}],"author":"Mairobi Herrera","twitter_card":"summary_large_image","twitter_creator":"@cdcliving","twitter_site":"@cdcliving","twitter_misc":{"Escrito por":"Mairobi Herrera","Tiempo de lectura":"2 minutos"},"schema":{"@context":"https:\/\/schema.org","@graph":[{"@type":"Article","@id":"https:\/\/casadecampoliving.com\/es\/los-cursos-del-verano-internacional-altos-de-chavon-ya-comenzaron\/#article","isPartOf":{"@id":"https:\/\/casadecampoliving.com\/es\/los-cursos-del-verano-internacional-altos-de-chavon-ya-comenzaron\/"},"author":{"name":"Mairobi Herrera","@id":"https:\/\/casadecampoliving.com\/es\/#\/schema\/person\/932e594484c49168ad37fbb9141bf699"},"headline":"\u00a1Los cursos del Verano Internacional Altos de Chav\u00f3n ya comenzaron!","datePublished":"2013-07-05T04:00:00+00:00","dateModified":"2022-10-21T22:52:43+00:00","mainEntityOfPage":{"@id":"https:\/\/casadecampoliving.com\/es\/los-cursos-del-verano-internacional-altos-de-chavon-ya-comenzaron\/"},"wordCount":329,"publisher":{"@id":"https:\/\/casadecampoliving.com\/es\/#organization"},"image":{"@id":"https:\/\/casadecampoliving.com\/es\/los-cursos-del-verano-internacional-altos-de-chavon-ya-comenzaron\/#primaryimage"},"thumbnailUrl":"https:\/\/i0.wp.com\/casadecampoliving.com\/wp-content\/uploads\/2022\/10\/verano_internacional_escuela_chavon-1.jpg?fit=650%2C417&ssl=1","keywords":["Escuela de arte"],"articleSection":["Altos de Chavon @es","Arte y cultura","Destacados","Noticias Locales","Resort Casa de Campo"],"inLanguage":"es"},{"@type":"WebPage","@id":"https:\/\/casadecampoliving.com\/es\/los-cursos-del-verano-internacional-altos-de-chavon-ya-comenzaron\/","url":"https:\/\/casadecampoliving.com\/es\/los-cursos-del-verano-internacional-altos-de-chavon-ya-comenzaron\/","name":"\u00a1Los cursos del Verano Internacional Altos de Chav\u00f3n ya comenzaron! | Casa de Campo Living","isPartOf":{"@id":"https:\/\/casadecampoliving.com\/es\/#website"},"primaryImageOfPage":{"@id":"https:\/\/casadecampoliving.com\/es\/los-cursos-del-verano-internacional-altos-de-chavon-ya-comenzaron\/#primaryimage"},"image":{"@id":"https:\/\/casadecampoliving.com\/es\/los-cursos-del-verano-internacional-altos-de-chavon-ya-comenzaron\/#primaryimage"},"thumbnailUrl":"https:\/\/i0.wp.com\/casadecampoliving.com\/wp-content\/uploads\/2022\/10\/verano_internacional_escuela_chavon-1.jpg?fit=650%2C417&ssl=1","datePublished":"2013-07-05T04:00:00+00:00","dateModified":"2022-10-21T22:52:43+00:00","description":"No se olvide en este verano los cursos que imparte la&nbsp;Escuela de Dise\u00f1o de Altos de Chav\u00f3n, los cuales est\u00e1n disponibles desde este momento y durar\u00e1n","breadcrumb":{"@id":"https:\/\/casadecampoliving.com\/es\/los-cursos-del-verano-internacional-altos-de-chavon-ya-comenzaron\/#breadcrumb"},"inLanguage":"es","potentialAction":[{"@type":"ReadAction","target":["https:\/\/casadecampoliving.com\/es\/los-cursos-del-verano-internacional-altos-de-chavon-ya-comenzaron\/"]}]},{"@type":"ImageObject","inLanguage":"es","@id":"https:\/\/casadecampoliving.com\/es\/los-cursos-del-verano-internacional-altos-de-chavon-ya-comenzaron\/#primaryimage","url":"https:\/\/i0.wp.com\/casadecampoliving.com\/wp-content\/uploads\/2022\/10\/verano_internacional_escuela_chavon-1.jpg?fit=650%2C417&ssl=1","contentUrl":"https:\/\/i0.wp.com\/casadecampoliving.com\/wp-content\/uploads\/2022\/10\/verano_internacional_escuela_chavon-1.jpg?fit=650%2C417&ssl=1","width":650,"height":417,"caption":"verano internacional escuela chavon"},{"@type":"BreadcrumbList","@id":"https:\/\/casadecampoliving.com\/es\/los-cursos-del-verano-internacional-altos-de-chavon-ya-comenzaron\/#breadcrumb","itemListElement":[{"@type":"ListItem","position":1,"name":"Home","item":"https:\/\/casadecampoliving.com\/es\/"},{"@type":"ListItem","position":2,"name":"\u00a1Los cursos del Verano Internacional Altos de Chav\u00f3n ya comenzaron!"}]},{"@type":"WebSite","@id":"https:\/\/casadecampoliving.com\/es\/#website","url":"https:\/\/casadecampoliving.com\/es\/","name":"Casa de Campo Living","description":"Resort community news and resources.","publisher":{"@id":"https:\/\/casadecampoliving.com\/es\/#organization"},"potentialAction":[{"@type":"SearchAction","target":{"@type":"EntryPoint","urlTemplate":"https:\/\/casadecampoliving.com\/es\/?s={search_term_string}"},"query-input":{"@type":"PropertyValueSpecification","valueRequired":true,"valueName":"search_term_string"}}],"inLanguage":"es"},{"@type":"Organization","@id":"https:\/\/casadecampoliving.com\/es\/#organization","name":"Casa de Campo Living","url":"https:\/\/casadecampoliving.com\/es\/","logo":{"@type":"ImageObject","inLanguage":"es","@id":"https:\/\/casadecampoliving.com\/es\/#\/schema\/logo\/image\/","url":"https:\/\/i0.wp.com\/casadecampoliving.com\/wp-content\/uploads\/2022\/07\/CDCLivingLogo_V1-white-sized.png?fit=800%2C214&ssl=1","contentUrl":"https:\/\/i0.wp.com\/casadecampoliving.com\/wp-content\/uploads\/2022\/07\/CDCLivingLogo_V1-white-sized.png?fit=800%2C214&ssl=1","width":800,"height":214,"caption":"Casa de Campo Living"},"image":{"@id":"https:\/\/casadecampoliving.com\/es\/#\/schema\/logo\/image\/"},"sameAs":["https:\/\/www.facebook.com\/casadecampoliving","https:\/\/x.com\/cdcliving"]},{"@type":"Person","@id":"https:\/\/casadecampoliving.com\/es\/#\/schema\/person\/932e594484c49168ad37fbb9141bf699","name":"Mairobi Herrera","image":{"@type":"ImageObject","inLanguage":"es","@id":"https:\/\/secure.gravatar.com\/avatar\/d0bf6c19470eb55d83c719e39672f670b2c4412339af1eb8a08f86427ba98ee8?s=96&d=mm&r=g","url":"https:\/\/secure.gravatar.com\/avatar\/d0bf6c19470eb55d83c719e39672f670b2c4412339af1eb8a08f86427ba98ee8?s=96&d=mm&r=g","contentUrl":"https:\/\/secure.gravatar.com\/avatar\/d0bf6c19470eb55d83c719e39672f670b2c4412339af1eb8a08f86427ba98ee8?s=96&d=mm&r=g","caption":"Mairobi Herrera"},"sameAs":["https:\/\/casadecampoliving.com\/"],"url":"https:\/\/casadecampoliving.com\/es\/author\/mherrera\/"}]}},"parsely":{"version":"1.1.0","canonical_url":"https:\/\/casadecampoliving.com\/es\/los-cursos-del-verano-internacional-altos-de-chavon-ya-comenzaron\/","smart_links":{"inbound":0,"outbound":0},"traffic_boost_suggestions_count":0,"meta":{"@context":"https:\/\/schema.org","@type":"NewsArticle","headline":"\u00a1Los cursos del Verano Internacional Altos de Chav\u00f3n ya comenzaron!","url":"http:\/\/casadecampoliving.com\/es\/los-cursos-del-verano-internacional-altos-de-chavon-ya-comenzaron\/","mainEntityOfPage":{"@type":"WebPage","@id":"http:\/\/casadecampoliving.com\/es\/los-cursos-del-verano-internacional-altos-de-chavon-ya-comenzaron\/"},"thumbnailUrl":"https:\/\/i0.wp.com\/casadecampoliving.com\/wp-content\/uploads\/2022\/10\/verano_internacional_escuela_chavon-1.jpg?resize=150%2C150&ssl=1","image":{"@type":"ImageObject","url":"https:\/\/i0.wp.com\/casadecampoliving.com\/wp-content\/uploads\/2022\/10\/verano_internacional_escuela_chavon-1.jpg?fit=650%2C417&ssl=1"},"articleSection":"Altos de Chavon @es","author":[{"@type":"Person","name":"Mairobi Herrera"}],"creator":["Mairobi Herrera"],"publisher":{"@type":"Organization","name":"Casa de Campo Living","logo":"https:\/\/casadecampoliving.com\/wp-content\/uploads\/2022\/07\/CDCLivingLogo_V1-white-sized.png"},"keywords":["escuela de arte"],"dateCreated":"2013-07-05T04:00:00Z","datePublished":"2013-07-05T04:00:00Z","dateModified":"2022-10-21T22:52:43Z"},"rendered":"<script type=\"application\/ld+json\" class=\"wp-parsely-metadata\">{\"@context\":\"https:\\\/\\\/schema.org\",\"@type\":\"NewsArticle\",\"headline\":\"\\u00a1Los cursos del Verano Internacional Altos de Chav\\u00f3n ya comenzaron!\",\"url\":\"http:\\\/\\\/casadecampoliving.com\\\/es\\\/los-cursos-del-verano-internacional-altos-de-chavon-ya-comenzaron\\\/\",\"mainEntityOfPage\":{\"@type\":\"WebPage\",\"@id\":\"http:\\\/\\\/casadecampoliving.com\\\/es\\\/los-cursos-del-verano-internacional-altos-de-chavon-ya-comenzaron\\\/\"},\"thumbnailUrl\":\"https:\\\/\\\/i0.wp.com\\\/casadecampoliving.com\\\/wp-content\\\/uploads\\\/2022\\\/10\\\/verano_internacional_escuela_chavon-1.jpg?resize=150%2C150&ssl=1\",\"image\":{\"@type\":\"ImageObject\",\"url\":\"https:\\\/\\\/i0.wp.com\\\/casadecampoliving.com\\\/wp-content\\\/uploads\\\/2022\\\/10\\\/verano_internacional_escuela_chavon-1.jpg?fit=650%2C417&ssl=1\"},\"articleSection\":\"Altos de Chavon @es\",\"author\":[{\"@type\":\"Person\",\"name\":\"Mairobi Herrera\"}],\"creator\":[\"Mairobi Herrera\"],\"publisher\":{\"@type\":\"Organization\",\"name\":\"Casa de Campo Living\",\"logo\":\"https:\\\/\\\/casadecampoliving.com\\\/wp-content\\\/uploads\\\/2022\\\/07\\\/CDCLivingLogo_V1-white-sized.png\"},\"keywords\":[\"escuela de arte\"],\"dateCreated\":\"2013-07-05T04:00:00Z\",\"datePublished\":\"2013-07-05T04:00:00Z\",\"dateModified\":\"2022-10-21T22:52:43Z\"}<\/script>","tracker_url":"https:\/\/cdn.parsely.com\/keys\/casadecampoliving.com\/p.js"},"jetpack_publicize_connections":[],"jetpack_featured_media_url":"https:\/\/i0.wp.com\/casadecampoliving.com\/wp-content\/uploads\/2022\/10\/verano_internacional_escuela_chavon-1.jpg?fit=650%2C417&ssl=1","jetpack-related-posts":[{"id":433460,"url":"https:\/\/casadecampoliving.com\/es\/no-se-pierdan-el-increible-tributo-a-frank-sinatra-para-celebrar-el-40-aniversario-del-anfiteatro-altos-de-chavon\/","url_meta":{"origin":342240,"position":0},"title":"No se pierdan el incre\u00edble tributo a Frank Sinatra para celebrar el 40 aniversario del\u00a0Anfiteatro Altos de Chav\u00f3n","author":"Casa de Campo Living","date":"20 Oct, 2022","format":false,"excerpt":"Siendo uno de los escenarios m\u00e1s emblem\u00e1ticos del pa\u00eds, Casa de Campo Resort\u00ae & Villas celebra las cuatro d\u00e9cadas de aniversario de Altos de Chav\u00f3n con un tributo al gran Frank Sinatra, protagonizado por artistas invitados y una big band tal cual la que acompa\u00f1\u00f3 al artista hace 40 a\u00f1os\u2026","rel":"","context":"En \u00abUncategorized @es\u00bb","block_context":{"text":"Uncategorized @es","link":"https:\/\/casadecampoliving.com\/es\/category\/uncategorized-es\/"},"img":{"alt_text":"","src":"https:\/\/i0.wp.com\/casadecampoliving.com\/wp-content\/uploads\/2022\/10\/Tributo-Frank-Sinatra-Foto-Principal-Amaury-Sanchez-Danilo-Ginebra-Andres-Pichardo-y-Jose-Gabriel-Perez-.jpg?fit=1200%2C873&ssl=1&resize=350%2C200","width":350,"height":200,"srcset":"https:\/\/i0.wp.com\/casadecampoliving.com\/wp-content\/uploads\/2022\/10\/Tributo-Frank-Sinatra-Foto-Principal-Amaury-Sanchez-Danilo-Ginebra-Andres-Pichardo-y-Jose-Gabriel-Perez-.jpg?fit=1200%2C873&ssl=1&resize=350%2C200 1x, https:\/\/i0.wp.com\/casadecampoliving.com\/wp-content\/uploads\/2022\/10\/Tributo-Frank-Sinatra-Foto-Principal-Amaury-Sanchez-Danilo-Ginebra-Andres-Pichardo-y-Jose-Gabriel-Perez-.jpg?fit=1200%2C873&ssl=1&resize=525%2C300 1.5x, https:\/\/i0.wp.com\/casadecampoliving.com\/wp-content\/uploads\/2022\/10\/Tributo-Frank-Sinatra-Foto-Principal-Amaury-Sanchez-Danilo-Ginebra-Andres-Pichardo-y-Jose-Gabriel-Perez-.jpg?fit=1200%2C873&ssl=1&resize=700%2C400 2x, https:\/\/i0.wp.com\/casadecampoliving.com\/wp-content\/uploads\/2022\/10\/Tributo-Frank-Sinatra-Foto-Principal-Amaury-Sanchez-Danilo-Ginebra-Andres-Pichardo-y-Jose-Gabriel-Perez-.jpg?fit=1200%2C873&ssl=1&resize=1050%2C600 3x"},"classes":[]},{"id":347622,"url":"https:\/\/casadecampoliving.com\/es\/verano-internacional-en-chavon\/","url_meta":{"origin":342240,"position":1},"title":"\u00a1Ya inici\u00f3 el Verano Internacional en Chav\u00f3n!","author":"Carla Campos","date":"29 Jun, 2015","format":false,"excerpt":"Desempolve su c\u00e1mara, saque su cuaderno de dibujo, y busque el maniqu\u00ed que tiene en su armario porque el programa intensivo \"Verano Internacional\" de la Escuela de Dise\u00f1o Altos de Chav\u00f3n comienza hoy. Sea usted un verdadero artista o ya sea que est\u00e9 en proceso de descubrir el artista que\u2026","rel":"","context":"En \u00abAltos de Chavon @es\u00bb","block_context":{"text":"Altos de Chavon @es","link":"https:\/\/casadecampoliving.com\/category\/altos-de-chavon-es\/"},"img":{"alt_text":"","src":"https:\/\/i0.wp.com\/casadecampoliving.com\/wp-content\/uploads\/2022\/10\/Altos_Chavon_School_of_Design_1.jpg?fit=1024%2C683&ssl=1&resize=350%2C200","width":350,"height":200,"srcset":"https:\/\/i0.wp.com\/casadecampoliving.com\/wp-content\/uploads\/2022\/10\/Altos_Chavon_School_of_Design_1.jpg?fit=1024%2C683&ssl=1&resize=350%2C200 1x, https:\/\/i0.wp.com\/casadecampoliving.com\/wp-content\/uploads\/2022\/10\/Altos_Chavon_School_of_Design_1.jpg?fit=1024%2C683&ssl=1&resize=525%2C300 1.5x, https:\/\/i0.wp.com\/casadecampoliving.com\/wp-content\/uploads\/2022\/10\/Altos_Chavon_School_of_Design_1.jpg?fit=1024%2C683&ssl=1&resize=700%2C400 2x"},"classes":[]},{"id":352602,"url":"https:\/\/casadecampoliving.com\/es\/aproveche-los-cursos-de-verano-de-chavon-escuela-de-diseno-de-este-ano\/","url_meta":{"origin":342240,"position":2},"title":"\u00a1Aproveche los cursos de verano de Chav\u00f3n Escuela de Dise\u00f1o de este a\u00f1o!","author":"Marlenys Guzm\u00e1n Casta\u00f1os","date":"16 Abr, 2018","format":false,"excerpt":"Chav\u00f3n Escuela de Dise\u00f1o contin\u00faa ofreciendo excelentes programas en su campus de Altos de Chav\u00f3n. Este verano, la escuela ha preparado una gama de cursos excepcionales, \u00a1hay algo para todos, desde adolescentes, estudiantes universitarios y profesionales! Altos de Chav\u00f3n siempre ha sido el hogar del arte y se considera una\u2026","rel":"","context":"En \u00abAltos de Chavon @es\u00bb","block_context":{"text":"Altos de Chavon @es","link":"https:\/\/casadecampoliving.com\/category\/altos-de-chavon-es\/"},"img":{"alt_text":"","src":"https:\/\/i0.wp.com\/casadecampoliving.com\/wp-content\/uploads\/2018\/04\/Chavoneros_2016_Davidoff-3-e1523890157791.jpg?resize=350%2C200&ssl=1","width":350,"height":200,"srcset":"https:\/\/i0.wp.com\/casadecampoliving.com\/wp-content\/uploads\/2018\/04\/Chavoneros_2016_Davidoff-3-e1523890157791.jpg?resize=350%2C200&ssl=1 1x, https:\/\/i0.wp.com\/casadecampoliving.com\/wp-content\/uploads\/2018\/04\/Chavoneros_2016_Davidoff-3-e1523890157791.jpg?resize=525%2C300&ssl=1 1.5x, https:\/\/i0.wp.com\/casadecampoliving.com\/wp-content\/uploads\/2018\/04\/Chavoneros_2016_Davidoff-3-e1523890157791.jpg?resize=700%2C400&ssl=1 2x"},"classes":[]},{"id":341469,"url":"https:\/\/casadecampoliving.com\/es\/vuelve-el-verano-internacional-de-altos-de-chavon-del-17-de-julio-hasta-el-23-de-agosto\/","url_meta":{"origin":342240,"position":3},"title":"\u00a1Vuelve el Verano Internacional de Altos de Chav\u00f3n- del 17 de julio hasta el 23 de agosto!","author":"Mairobi Herrera","date":"26 May, 2013","format":false,"excerpt":"Una vez m\u00e1s la Escuela de Dise\u00f1o de Altos de Chav\u00f3n le invita a participar en una gran cantidad de cursos que impartir\u00e1n en este verano, desde el 17 de Julio hasta el 23 de agosto. Los cursos del Verano internacional en Altos de Chav\u00f3n abarcan \u00e1reas de dise\u00f1o gr\u00e1fico,\u2026","rel":"","context":"En \u00abAltos de Chavon @es\u00bb","block_context":{"text":"Altos de Chavon @es","link":"https:\/\/casadecampoliving.com\/category\/altos-de-chavon-es\/"},"img":{"alt_text":"verano internacional cursos","src":"https:\/\/i0.wp.com\/casadecampoliving.com\/wp-content\/uploads\/2022\/10\/vernao_internacional_altos_chavon-1.jpg?fit=650%2C476&ssl=1&resize=350%2C200","width":350,"height":200,"srcset":"https:\/\/i0.wp.com\/casadecampoliving.com\/wp-content\/uploads\/2022\/10\/vernao_internacional_altos_chavon-1.jpg?fit=650%2C476&ssl=1&resize=350%2C200 1x, https:\/\/i0.wp.com\/casadecampoliving.com\/wp-content\/uploads\/2022\/10\/vernao_internacional_altos_chavon-1.jpg?fit=650%2C476&ssl=1&resize=525%2C300 1.5x"},"classes":[]},{"id":350102,"url":"https:\/\/casadecampoliving.com\/es\/verano-internacional-chavon\/","url_meta":{"origin":342240,"position":4},"title":"\u00a1Los cursos Verano Internacional de Chav\u00f3n comenzar\u00e1n la pr\u00f3xima semana!","author":"Marlenys Guzm\u00e1n Casta\u00f1os","date":"1 Jul, 2016","format":false,"excerpt":"\u00bfBusca algo divertido y enriquecedor que\u00a0hacer este verano? Pues no busque m\u00e1s, la Escuela de Dise\u00f1o de Altos de Chav\u00f3n nos invita a participar en un gran n\u00famero de cursos que se estar\u00e1n realizando durante todo el verano. Los cursos de arte y dise\u00f1o \u201cVerano Internacional\u201d cubrir\u00e1n \u00e1reas de dise\u00f1o\u2026","rel":"","context":"En \u00abAltos de Chavon @es\u00bb","block_context":{"text":"Altos de Chavon @es","link":"https:\/\/casadecampoliving.com\/category\/altos-de-chavon-es\/"},"img":{"alt_text":"Featured Image Chavon International Summer","src":"https:\/\/i0.wp.com\/casadecampoliving.com\/wp-content\/uploads\/2022\/10\/Featured-Image-Chavon-International-Summer-2.jpg?fit=1000%2C600&ssl=1&resize=350%2C200","width":350,"height":200,"srcset":"https:\/\/i0.wp.com\/casadecampoliving.com\/wp-content\/uploads\/2022\/10\/Featured-Image-Chavon-International-Summer-2.jpg?fit=1000%2C600&ssl=1&resize=350%2C200 1x, https:\/\/i0.wp.com\/casadecampoliving.com\/wp-content\/uploads\/2022\/10\/Featured-Image-Chavon-International-Summer-2.jpg?fit=1000%2C600&ssl=1&resize=525%2C300 1.5x, https:\/\/i0.wp.com\/casadecampoliving.com\/wp-content\/uploads\/2022\/10\/Featured-Image-Chavon-International-Summer-2.jpg?fit=1000%2C600&ssl=1&resize=700%2C400 2x"},"classes":[]},{"id":347494,"url":"https:\/\/casadecampoliving.com\/es\/altos-de-chavon-anuncia-cursos-de-arte-para-el-verano\/","url_meta":{"origin":342240,"position":5},"title":"Altos de Chav\u00f3n anuncia cursos de arte para el verano","author":"Perkin Agramonte","date":"6 Jun, 2015","format":false,"excerpt":"\u00bfEres apasionado al arte y dise\u00f1o? Pues no quites tus ojos de la pantalla porque la\u00a0Escuela de Arte y Dise\u00f1o Altos de Chav\u00f3n te ofrece la oportunidad de adentrarte en el mundo del arte, con los cursos de verano que ofrecen aqu\u00ed en Casa! Queremos motivar a\u00a0todos los amantes del\u2026","rel":"","context":"En \u00abAltos de Chavon @es\u00bb","block_context":{"text":"Altos de Chavon @es","link":"https:\/\/casadecampoliving.com\/category\/altos-de-chavon-es\/"},"img":{"alt_text":"","src":"https:\/\/i0.wp.com\/casadecampoliving.com\/wp-content\/uploads\/2022\/10\/Escuela_de_diseno_altos_de_chavon.jpg?fit=1024%2C683&ssl=1&resize=350%2C200","width":350,"height":200,"srcset":"https:\/\/i0.wp.com\/casadecampoliving.com\/wp-content\/uploads\/2022\/10\/Escuela_de_diseno_altos_de_chavon.jpg?fit=1024%2C683&ssl=1&resize=350%2C200 1x, https:\/\/i0.wp.com\/casadecampoliving.com\/wp-content\/uploads\/2022\/10\/Escuela_de_diseno_altos_de_chavon.jpg?fit=1024%2C683&ssl=1&resize=525%2C300 1.5x, https:\/\/i0.wp.com\/casadecampoliving.com\/wp-content\/uploads\/2022\/10\/Escuela_de_diseno_altos_de_chavon.jpg?fit=1024%2C683&ssl=1&resize=700%2C400 2x"},"classes":[]}],"jetpack_sharing_enabled":true,"_links":{"self":[{"href":"https:\/\/casadecampoliving.com\/es\/wp-json\/wp\/v2\/posts\/342240","targetHints":{"allow":["GET"]}}],"collection":[{"href":"https:\/\/casadecampoliving.com\/es\/wp-json\/wp\/v2\/posts"}],"about":[{"href":"https:\/\/casadecampoliving.com\/es\/wp-json\/wp\/v2\/types\/post"}],"author":[{"embeddable":true,"href":"https:\/\/casadecampoliving.com\/es\/wp-json\/wp\/v2\/users\/431"}],"replies":[{"embeddable":true,"href":"https:\/\/casadecampoliving.com\/es\/wp-json\/wp\/v2\/comments?post=342240"}],"version-history":[{"count":1,"href":"https:\/\/casadecampoliving.com\/es\/wp-json\/wp\/v2\/posts\/342240\/revisions"}],"predecessor-version":[{"id":342241,"href":"https:\/\/casadecampoliving.com\/es\/wp-json\/wp\/v2\/posts\/342240\/revisions\/342241"}],"wp:featuredmedia":[{"embeddable":true,"href":"https:\/\/casadecampoliving.com\/es\/wp-json\/wp\/v2\/media\/250614"}],"wp:attachment":[{"href":"https:\/\/casadecampoliving.com\/es\/wp-json\/wp\/v2\/media?parent=342240"}],"wp:term":[{"taxonomy":"category","embeddable":true,"href":"https:\/\/casadecampoliving.com\/es\/wp-json\/wp\/v2\/categories?post=342240"},{"taxonomy":"post_tag","embeddable":true,"href":"https:\/\/casadecampoliving.com\/es\/wp-json\/wp\/v2\/tags?post=342240"},{"taxonomy":"newspack_spnsrs_tax","embeddable":true,"href":"https:\/\/casadecampoliving.com\/es\/wp-json\/wp\/v2\/newspack_spnsrs_tax?post=342240"}],"curies":[{"name":"wp","href":"https:\/\/api.w.org\/{rel}","templated":true}]}}