{"id":342202,"date":"2013-07-03T00:00:00","date_gmt":"2013-07-03T04:00:00","guid":{"rendered":"https:\/\/casadecampoliving.com\/clinica-familia-organiza-el-campamento-esperanza-y-alegria-para-80-ninos-vih-positivo-julio-26-agosto-9\/"},"modified":"2022-10-21T18:51:59","modified_gmt":"2022-10-21T22:51:59","slug":"clinica-familia-organiza-el-campamento-esperanza-y-alegria-para-80-ninos-vih-positivo-julio-26-agosto-9","status":"publish","type":"post","link":"https:\/\/casadecampoliving.com\/es\/clinica-familia-organiza-el-campamento-esperanza-y-alegria-para-80-ninos-vih-positivo-julio-26-agosto-9\/","title":{"rendered":"Cl\u00ednica Familia organiza el \u00abCampamento Esperanza y Alegr\u00eda\u00bb para 80 ni\u00f1os VIH positivo: julio 26-agosto 9"},"content":{"rendered":"<div class=\"wp-block-image\">\n<figure class=\"aligncenter is-resized\"><img loading=\"lazy\" decoding=\"async\" src=\"https:\/\/i0.wp.com\/casadecampoliving.com\/wp-content\/uploads\/2022\/10\/dominican_republic-2.jpg?resize=650%2C314&amp;ssl=1\" alt=\"dominican republic\" class=\"wp-image-73115\" title=\"dominican_republic\" height=\"314\" width=\"650\"\/><\/figure>\n<\/div>\n\n\n<p>Desde el 26 de julio al 9 de agosto, la Cl\u00ednica de Familia, un centro dedicado a la prestaci\u00f3n de asistencia m\u00e9dica a las mujeres y los ni\u00f1os con el virus del VIH, as\u00ed como numerosos programas de apoyo dirigidos a la comunidad de La Romana, realizar\u00e1n su campamento anual \u201cCampamento esperanza y Alegr\u00eda\u201d.<\/p>\n\n\n<div class=\"wp-block-image\">\n<figure class=\"alignright is-resized\"><img loading=\"lazy\" decoding=\"async\" src=\"https:\/\/i0.wp.com\/casadecampoliving.com\/wp-content\/uploads\/2022\/10\/holding_hands.jpg?resize=300%2C453&amp;ssl=1\" alt=\"holding hands\" class=\"wp-image-73114\" title=\"holding_hands\" height=\"453\" width=\"300\"\/><\/figure>\n<\/div>\n\n\n<p>Esta incre\u00edble actividad da a m\u00e1s de 80 ni\u00f1os VIH positivos la oportunidad de divertirse y simplemente ser ni\u00f1os en un ambiente seguro, de apoyo y cari\u00f1o, en el que participar\u00e1n en actividades como artes y artesan\u00edas, deportes, servicio comunitario, el canto, el teatro y juegos, los cuales ayudan a fortalecer sus habilidades para la vida, esp\u00edritu de equipo, y construir su autoestima.<\/p>\n\n\n\n<p>La Cl\u00ednica de Familia de La Romana es una organizaci\u00f3n no gubernamental que trabaja para mejorar la salud de las familias en la Rep\u00fablica Dominicana, a trav\u00e9s de servicios integrales de salud, educaci\u00f3n e investigaci\u00f3n. El campamento de Esperanza y Alegr\u00eda es un campamento de verano anual de la Cl\u00ednica de Familia para los ni\u00f1os y adolescentes con VIH. El campamento acoge campistas de las familias m\u00e1s pobres y m\u00e1s vulnerables de la regi\u00f3n Este de la Rep\u00fablica Dominicana.<\/p>\n\n\n\n<blockquote class=\"wp-block-quote is-layout-flow wp-block-quote-is-layout-flow\"><p><em><strong>\u201cMe encanta el campamento de verano, ya que es muy divertido y puedo estar con las personas que son como yo. Todos somos iguales. Los consejeros est\u00e1n ah\u00ed para apoyar y ayudar a ver las cosas desde una nueva perspectiva. La verdad es que el campamento es tan importante para nuestra salud como las consultas m\u00e9dicas y medicamentos \u2026 El nos da el apoyo emocional que necesitamos\u201d.<\/strong><\/em><\/p><p style=\"padding-left: 30px;\">\u2014 Patricia<\/p><\/blockquote>\n\n\n\n<p><strong>\u00bfUsted quiere participar?<\/strong><\/p>\n\n\n\n<p>Usted puede apoyar el \u201cCampamento Esperanza y Alegr\u00eda\u201d, haciendo una donaci\u00f3n \u2013 o como voluntario.<\/p>\n\n\n\n<p><strong>UNA DONACI\u00d3N DE\u2026<\/strong><br>\n<strong>$100\u2026<\/strong>compra materiales para artes y manualidades para una cabina completa.<br>\n<strong>$350\u2026<\/strong>&nbsp;cubre los costos completos de enviar un ni\u00f1o al campamento.<br>\n<strong>$500\u2026&nbsp;<\/strong>compra los de \u00fatiles escolares para todos los campistas, as\u00ed que estar\u00e1n listos para empezar la escuela despu\u00e9s del campamento.<br>\n<strong>$1000\u2026<\/strong>proporciona suministros m\u00e9dicos y atenci\u00f3n m\u00e9dica para todos los campistas.<br>\n<strong>$5000\u2026<\/strong> cubre los gastos de alojamiento para todos los campistas.<\/p>\n\n\n\n<p><strong>VOLUNTARIO\u2026<\/strong><br>\n\u00bfEst\u00e1 usted interesado en participar activamente en el campamento de verano y tener una experiencia inolvidable? Si es as\u00ed, \u00a1solicite el ingreso como consejero de campamento, mediante el env\u00edo de un correo electr\u00f3nico a la direcci\u00f3n de abajo! El campamento ha atra\u00eddo a m\u00e1s de 50 voluntarios internacionales hasta la fecha -\u00bf tal vez usted o alguien que usted conoce estar\u00eda interesado?<\/p>\n\n\n\n<p><strong>CONTACTO:<\/strong><br>\n(809) 813-2934<br>\nclinicadefamilia.org.do<br>\nclinicadefamilialaromana@gmail.com<\/p>\n\n\n\n<blockquote><figure><img decoding=\"async\" loading=\"lazy\" class=\"aligncenter size-full wp-image-73118\" title=\"summer_camp\" src=\"https:\/\/i0.wp.com\/casadecampoliving.com\/wp-content\/uploads\/2022\/10\/summer_camp.jpg?resize=620%2C381&amp;ssl=1\" alt=\"summer camp\" width=\"620\" height=\"381\"><\/figure><p style=\"text-align: center;\"><\/p><p><em><strong>\u201cEn el Camp estamos empoderando a los ni\u00f1os, creando &nbsp;j\u00f3venes que puedan levantarse &nbsp;por s\u00ed mismos. Mediante el apoyo a este tipo de eventos, nosotros contribuimos a un mejor futuro para nuestros ni\u00f1os y adolescentes, para que puedan tener una vida significativa y saludable\u201d.<\/strong><\/em><\/p><p style=\"padding-left: 30px;\">\u2014 Noem\u00ed Torres, directora del Campamento Esperanza y Alegr\u00eda<\/p><\/blockquote>\n","protected":false},"excerpt":{"rendered":"<p>Desde el 26 de julio al 9 de agosto, la Cl\u00ednica de Familia, un centro dedicado a la prestaci\u00f3n de asistencia m\u00e9dica a las mujeres y los ni\u00f1os con el virus del VIH, as\u00ed como numerosos programas de apoyo dirigidos a la comunidad de La Romana, realizar\u00e1n su campamento anual \u201cCampamento esperanza y Alegr\u00eda\u201d. Esta [&hellip;]<\/p>\n","protected":false},"author":431,"featured_media":249217,"comment_status":"closed","ping_status":"closed","sticky":false,"template":"","format":"standard","meta":{"newspack_ads_suppress_ads":false,"newspack_popups_has_disabled_popups":false,"newspack_sponsor_sponsorship_scope":"","newspack_sponsor_native_byline_display":"inherit","newspack_sponsor_native_category_display":"inherit","newspack_sponsor_underwriter_style":"inherit","newspack_sponsor_underwriter_placement":"inherit","_newspack_byline_active":false,"_newspack_byline":"","newspack_hide_updated_date":false,"newspack_show_updated_date":false,"newspack_content_restriction_is_exempt":false,"newspack_featured_image_position":"","newspack_post_subtitle":"","newspack_article_summary_title":"Overview:","newspack_article_summary":"","_jetpack_memberships_contains_paid_content":false,"footnotes":"","jetpack_publicize_message":"","jetpack_publicize_feature_enabled":true,"jetpack_social_post_already_shared":false,"jetpack_social_options":{"image_generator_settings":{"template":"highway","default_image_id":0,"font":"","enabled":false},"version":2},"_wpas_customize_per_network":false},"categories":[2524,14631,2522,2514,2507,2506,14625,14627],"tags":[6877,6606,379],"newspack_spnsrs_tax":[],"class_list":["post-342202","post","type-post","status-publish","format-standard","has-post-thumbnail","hentry","category-destacados","category-estilo-de-vida","category-eventos-es","category-fundaciones-es","category-la-romana-es","category-mas-alla-de-casa-es","category-noticias-locales","category-proximamente","tag-campamento-esperanza-y-alegria","tag-campamentos-de-verano","tag-clinica-familia","entry"],"yoast_head":"<!-- This site is optimized with the Yoast SEO plugin v27.5 - https:\/\/yoast.com\/product\/yoast-seo-wordpress\/ -->\n<title>Cl\u00ednica Familia organiza el &quot;Campamento Esperanza y Alegr\u00eda&quot; para 80 ni\u00f1os VIH positivo: julio 26-agosto 9 | Casa de Campo Living<\/title>\n<meta name=\"description\" content=\"Desde el 26 de julio al 9 de agosto, la Cl\u00ednica de Familia, un centro dedicado a la prestaci\u00f3n de asistencia m\u00e9dica a las mujeres y los ni\u00f1os con el virus\" \/>\n<meta name=\"robots\" content=\"index, follow, max-snippet:-1, max-image-preview:large, max-video-preview:-1\" \/>\n<link rel=\"canonical\" href=\"https:\/\/casadecampoliving.com\/es\/clinica-familia-organiza-el-campamento-esperanza-y-alegria-para-80-ninos-vih-positivo-julio-26-agosto-9\/\" \/>\n<meta property=\"og:locale\" content=\"es_ES\" \/>\n<meta property=\"og:type\" content=\"article\" \/>\n<meta property=\"og:title\" content=\"Cl\u00ednica Familia organiza el &quot;Campamento Esperanza y Alegr\u00eda&quot; para 80 ni\u00f1os VIH positivo: julio 26-agosto 9 | Casa de Campo Living\" \/>\n<meta property=\"og:description\" content=\"Desde el 26 de julio al 9 de agosto, la Cl\u00ednica de Familia, un centro dedicado a la prestaci\u00f3n de asistencia m\u00e9dica a las mujeres y los ni\u00f1os con el virus\" \/>\n<meta property=\"og:url\" content=\"https:\/\/casadecampoliving.com\/es\/clinica-familia-organiza-el-campamento-esperanza-y-alegria-para-80-ninos-vih-positivo-julio-26-agosto-9\/\" \/>\n<meta property=\"og:site_name\" content=\"Casa de Campo Living\" \/>\n<meta property=\"article:publisher\" content=\"https:\/\/www.facebook.com\/casadecampoliving\" \/>\n<meta property=\"article:published_time\" content=\"2013-07-03T04:00:00+00:00\" \/>\n<meta property=\"article:modified_time\" content=\"2022-10-21T22:51:59+00:00\" \/>\n<meta property=\"og:image\" content=\"https:\/\/i0.wp.com\/casadecampoliving.com\/wp-content\/uploads\/2022\/10\/dominican_republic-3.jpg?fit=650%2C314&ssl=1\" \/>\n\t<meta property=\"og:image:width\" content=\"650\" \/>\n\t<meta property=\"og:image:height\" content=\"314\" \/>\n\t<meta property=\"og:image:type\" content=\"image\/jpeg\" \/>\n<meta name=\"author\" content=\"Mairobi Herrera\" \/>\n<meta name=\"twitter:card\" content=\"summary_large_image\" \/>\n<meta name=\"twitter:creator\" content=\"@cdcliving\" \/>\n<meta name=\"twitter:site\" content=\"@cdcliving\" \/>\n<meta name=\"twitter:label1\" content=\"Escrito por\" \/>\n\t<meta name=\"twitter:data1\" content=\"Mairobi Herrera\" \/>\n\t<meta name=\"twitter:label2\" content=\"Tiempo de lectura\" \/>\n\t<meta name=\"twitter:data2\" content=\"3 minutos\" \/>\n<script type=\"application\/ld+json\" class=\"yoast-schema-graph\">{\"@context\":\"https:\\\/\\\/schema.org\",\"@graph\":[{\"@type\":\"Article\",\"@id\":\"https:\\\/\\\/casadecampoliving.com\\\/es\\\/clinica-familia-organiza-el-campamento-esperanza-y-alegria-para-80-ninos-vih-positivo-julio-26-agosto-9\\\/#article\",\"isPartOf\":{\"@id\":\"https:\\\/\\\/casadecampoliving.com\\\/es\\\/clinica-familia-organiza-el-campamento-esperanza-y-alegria-para-80-ninos-vih-positivo-julio-26-agosto-9\\\/\"},\"author\":{\"name\":\"Mairobi Herrera\",\"@id\":\"https:\\\/\\\/casadecampoliving.com\\\/es\\\/#\\\/schema\\\/person\\\/932e594484c49168ad37fbb9141bf699\"},\"headline\":\"Cl\u00ednica Familia organiza el \u00abCampamento Esperanza y Alegr\u00eda\u00bb para 80 ni\u00f1os VIH positivo: julio 26-agosto 9\",\"datePublished\":\"2013-07-03T04:00:00+00:00\",\"dateModified\":\"2022-10-21T22:51:59+00:00\",\"mainEntityOfPage\":{\"@id\":\"https:\\\/\\\/casadecampoliving.com\\\/es\\\/clinica-familia-organiza-el-campamento-esperanza-y-alegria-para-80-ninos-vih-positivo-julio-26-agosto-9\\\/\"},\"wordCount\":530,\"publisher\":{\"@id\":\"https:\\\/\\\/casadecampoliving.com\\\/es\\\/#organization\"},\"image\":{\"@id\":\"https:\\\/\\\/casadecampoliving.com\\\/es\\\/clinica-familia-organiza-el-campamento-esperanza-y-alegria-para-80-ninos-vih-positivo-julio-26-agosto-9\\\/#primaryimage\"},\"thumbnailUrl\":\"https:\\\/\\\/i0.wp.com\\\/casadecampoliving.com\\\/wp-content\\\/uploads\\\/2022\\\/10\\\/dominican_republic-3.jpg?fit=650%2C314&ssl=1\",\"keywords\":[\"campamento esperanza y alegria\",\"campamentos de verano\",\"Clinica Familia\"],\"articleSection\":[\"Destacados\",\"Estilo de Vida\",\"Eventos\",\"Fundaciones\",\"La Romana @es\",\"M\u00e1s all\u00e1 de Casa\",\"Noticias Locales\",\"Proximamente\"],\"inLanguage\":\"es\"},{\"@type\":\"WebPage\",\"@id\":\"https:\\\/\\\/casadecampoliving.com\\\/es\\\/clinica-familia-organiza-el-campamento-esperanza-y-alegria-para-80-ninos-vih-positivo-julio-26-agosto-9\\\/\",\"url\":\"https:\\\/\\\/casadecampoliving.com\\\/es\\\/clinica-familia-organiza-el-campamento-esperanza-y-alegria-para-80-ninos-vih-positivo-julio-26-agosto-9\\\/\",\"name\":\"Cl\u00ednica Familia organiza el \\\"Campamento Esperanza y Alegr\u00eda\\\" para 80 ni\u00f1os VIH positivo: julio 26-agosto 9 | Casa de Campo Living\",\"isPartOf\":{\"@id\":\"https:\\\/\\\/casadecampoliving.com\\\/es\\\/#website\"},\"primaryImageOfPage\":{\"@id\":\"https:\\\/\\\/casadecampoliving.com\\\/es\\\/clinica-familia-organiza-el-campamento-esperanza-y-alegria-para-80-ninos-vih-positivo-julio-26-agosto-9\\\/#primaryimage\"},\"image\":{\"@id\":\"https:\\\/\\\/casadecampoliving.com\\\/es\\\/clinica-familia-organiza-el-campamento-esperanza-y-alegria-para-80-ninos-vih-positivo-julio-26-agosto-9\\\/#primaryimage\"},\"thumbnailUrl\":\"https:\\\/\\\/i0.wp.com\\\/casadecampoliving.com\\\/wp-content\\\/uploads\\\/2022\\\/10\\\/dominican_republic-3.jpg?fit=650%2C314&ssl=1\",\"datePublished\":\"2013-07-03T04:00:00+00:00\",\"dateModified\":\"2022-10-21T22:51:59+00:00\",\"description\":\"Desde el 26 de julio al 9 de agosto, la Cl\u00ednica de Familia, un centro dedicado a la prestaci\u00f3n de asistencia m\u00e9dica a las mujeres y los ni\u00f1os con el virus\",\"breadcrumb\":{\"@id\":\"https:\\\/\\\/casadecampoliving.com\\\/es\\\/clinica-familia-organiza-el-campamento-esperanza-y-alegria-para-80-ninos-vih-positivo-julio-26-agosto-9\\\/#breadcrumb\"},\"inLanguage\":\"es\",\"potentialAction\":[{\"@type\":\"ReadAction\",\"target\":[\"https:\\\/\\\/casadecampoliving.com\\\/es\\\/clinica-familia-organiza-el-campamento-esperanza-y-alegria-para-80-ninos-vih-positivo-julio-26-agosto-9\\\/\"]}]},{\"@type\":\"ImageObject\",\"inLanguage\":\"es\",\"@id\":\"https:\\\/\\\/casadecampoliving.com\\\/es\\\/clinica-familia-organiza-el-campamento-esperanza-y-alegria-para-80-ninos-vih-positivo-julio-26-agosto-9\\\/#primaryimage\",\"url\":\"https:\\\/\\\/i0.wp.com\\\/casadecampoliving.com\\\/wp-content\\\/uploads\\\/2022\\\/10\\\/dominican_republic-3.jpg?fit=650%2C314&ssl=1\",\"contentUrl\":\"https:\\\/\\\/i0.wp.com\\\/casadecampoliving.com\\\/wp-content\\\/uploads\\\/2022\\\/10\\\/dominican_republic-3.jpg?fit=650%2C314&ssl=1\",\"width\":650,\"height\":314,\"caption\":\"dominican republic\"},{\"@type\":\"BreadcrumbList\",\"@id\":\"https:\\\/\\\/casadecampoliving.com\\\/es\\\/clinica-familia-organiza-el-campamento-esperanza-y-alegria-para-80-ninos-vih-positivo-julio-26-agosto-9\\\/#breadcrumb\",\"itemListElement\":[{\"@type\":\"ListItem\",\"position\":1,\"name\":\"Home\",\"item\":\"https:\\\/\\\/casadecampoliving.com\\\/es\\\/\"},{\"@type\":\"ListItem\",\"position\":2,\"name\":\"Cl\u00ednica Familia organiza el &#8220;Campamento Esperanza y Alegr\u00eda&#8221; para 80 ni\u00f1os VIH positivo: julio 26-agosto 9\"}]},{\"@type\":\"WebSite\",\"@id\":\"https:\\\/\\\/casadecampoliving.com\\\/es\\\/#website\",\"url\":\"https:\\\/\\\/casadecampoliving.com\\\/es\\\/\",\"name\":\"Casa de Campo Living\",\"description\":\"Resort community news and resources.\",\"publisher\":{\"@id\":\"https:\\\/\\\/casadecampoliving.com\\\/es\\\/#organization\"},\"potentialAction\":[{\"@type\":\"SearchAction\",\"target\":{\"@type\":\"EntryPoint\",\"urlTemplate\":\"https:\\\/\\\/casadecampoliving.com\\\/es\\\/?s={search_term_string}\"},\"query-input\":{\"@type\":\"PropertyValueSpecification\",\"valueRequired\":true,\"valueName\":\"search_term_string\"}}],\"inLanguage\":\"es\"},{\"@type\":\"Organization\",\"@id\":\"https:\\\/\\\/casadecampoliving.com\\\/es\\\/#organization\",\"name\":\"Casa de Campo Living\",\"url\":\"https:\\\/\\\/casadecampoliving.com\\\/es\\\/\",\"logo\":{\"@type\":\"ImageObject\",\"inLanguage\":\"es\",\"@id\":\"https:\\\/\\\/casadecampoliving.com\\\/es\\\/#\\\/schema\\\/logo\\\/image\\\/\",\"url\":\"https:\\\/\\\/i0.wp.com\\\/casadecampoliving.com\\\/wp-content\\\/uploads\\\/2022\\\/07\\\/CDCLivingLogo_V1-white-sized.png?fit=800%2C214&ssl=1\",\"contentUrl\":\"https:\\\/\\\/i0.wp.com\\\/casadecampoliving.com\\\/wp-content\\\/uploads\\\/2022\\\/07\\\/CDCLivingLogo_V1-white-sized.png?fit=800%2C214&ssl=1\",\"width\":800,\"height\":214,\"caption\":\"Casa de Campo Living\"},\"image\":{\"@id\":\"https:\\\/\\\/casadecampoliving.com\\\/es\\\/#\\\/schema\\\/logo\\\/image\\\/\"},\"sameAs\":[\"https:\\\/\\\/www.facebook.com\\\/casadecampoliving\",\"https:\\\/\\\/x.com\\\/cdcliving\"]},{\"@type\":\"Person\",\"@id\":\"https:\\\/\\\/casadecampoliving.com\\\/es\\\/#\\\/schema\\\/person\\\/932e594484c49168ad37fbb9141bf699\",\"name\":\"Mairobi Herrera\",\"image\":{\"@type\":\"ImageObject\",\"inLanguage\":\"es\",\"@id\":\"https:\\\/\\\/secure.gravatar.com\\\/avatar\\\/d0bf6c19470eb55d83c719e39672f670b2c4412339af1eb8a08f86427ba98ee8?s=96&d=mm&r=g\",\"url\":\"https:\\\/\\\/secure.gravatar.com\\\/avatar\\\/d0bf6c19470eb55d83c719e39672f670b2c4412339af1eb8a08f86427ba98ee8?s=96&d=mm&r=g\",\"contentUrl\":\"https:\\\/\\\/secure.gravatar.com\\\/avatar\\\/d0bf6c19470eb55d83c719e39672f670b2c4412339af1eb8a08f86427ba98ee8?s=96&d=mm&r=g\",\"caption\":\"Mairobi Herrera\"},\"sameAs\":[\"https:\\\/\\\/casadecampoliving.com\\\/\"],\"url\":\"https:\\\/\\\/casadecampoliving.com\\\/es\\\/author\\\/mherrera\\\/\"}]}<\/script>\n<!-- \/ Yoast SEO plugin. -->","yoast_head_json":{"title":"Cl\u00ednica Familia organiza el \"Campamento Esperanza y Alegr\u00eda\" para 80 ni\u00f1os VIH positivo: julio 26-agosto 9 | Casa de Campo Living","description":"Desde el 26 de julio al 9 de agosto, la Cl\u00ednica de Familia, un centro dedicado a la prestaci\u00f3n de asistencia m\u00e9dica a las mujeres y los ni\u00f1os con el virus","robots":{"index":"index","follow":"follow","max-snippet":"max-snippet:-1","max-image-preview":"max-image-preview:large","max-video-preview":"max-video-preview:-1"},"canonical":"https:\/\/casadecampoliving.com\/es\/clinica-familia-organiza-el-campamento-esperanza-y-alegria-para-80-ninos-vih-positivo-julio-26-agosto-9\/","og_locale":"es_ES","og_type":"article","og_title":"Cl\u00ednica Familia organiza el \"Campamento Esperanza y Alegr\u00eda\" para 80 ni\u00f1os VIH positivo: julio 26-agosto 9 | Casa de Campo Living","og_description":"Desde el 26 de julio al 9 de agosto, la Cl\u00ednica de Familia, un centro dedicado a la prestaci\u00f3n de asistencia m\u00e9dica a las mujeres y los ni\u00f1os con el virus","og_url":"https:\/\/casadecampoliving.com\/es\/clinica-familia-organiza-el-campamento-esperanza-y-alegria-para-80-ninos-vih-positivo-julio-26-agosto-9\/","og_site_name":"Casa de Campo Living","article_publisher":"https:\/\/www.facebook.com\/casadecampoliving","article_published_time":"2013-07-03T04:00:00+00:00","article_modified_time":"2022-10-21T22:51:59+00:00","og_image":[{"width":650,"height":314,"url":"https:\/\/i0.wp.com\/casadecampoliving.com\/wp-content\/uploads\/2022\/10\/dominican_republic-3.jpg?fit=650%2C314&ssl=1","type":"image\/jpeg"}],"author":"Mairobi Herrera","twitter_card":"summary_large_image","twitter_creator":"@cdcliving","twitter_site":"@cdcliving","twitter_misc":{"Escrito por":"Mairobi Herrera","Tiempo de lectura":"3 minutos"},"schema":{"@context":"https:\/\/schema.org","@graph":[{"@type":"Article","@id":"https:\/\/casadecampoliving.com\/es\/clinica-familia-organiza-el-campamento-esperanza-y-alegria-para-80-ninos-vih-positivo-julio-26-agosto-9\/#article","isPartOf":{"@id":"https:\/\/casadecampoliving.com\/es\/clinica-familia-organiza-el-campamento-esperanza-y-alegria-para-80-ninos-vih-positivo-julio-26-agosto-9\/"},"author":{"name":"Mairobi Herrera","@id":"https:\/\/casadecampoliving.com\/es\/#\/schema\/person\/932e594484c49168ad37fbb9141bf699"},"headline":"Cl\u00ednica Familia organiza el \u00abCampamento Esperanza y Alegr\u00eda\u00bb para 80 ni\u00f1os VIH positivo: julio 26-agosto 9","datePublished":"2013-07-03T04:00:00+00:00","dateModified":"2022-10-21T22:51:59+00:00","mainEntityOfPage":{"@id":"https:\/\/casadecampoliving.com\/es\/clinica-familia-organiza-el-campamento-esperanza-y-alegria-para-80-ninos-vih-positivo-julio-26-agosto-9\/"},"wordCount":530,"publisher":{"@id":"https:\/\/casadecampoliving.com\/es\/#organization"},"image":{"@id":"https:\/\/casadecampoliving.com\/es\/clinica-familia-organiza-el-campamento-esperanza-y-alegria-para-80-ninos-vih-positivo-julio-26-agosto-9\/#primaryimage"},"thumbnailUrl":"https:\/\/i0.wp.com\/casadecampoliving.com\/wp-content\/uploads\/2022\/10\/dominican_republic-3.jpg?fit=650%2C314&ssl=1","keywords":["campamento esperanza y alegria","campamentos de verano","Clinica Familia"],"articleSection":["Destacados","Estilo de Vida","Eventos","Fundaciones","La Romana @es","M\u00e1s all\u00e1 de Casa","Noticias Locales","Proximamente"],"inLanguage":"es"},{"@type":"WebPage","@id":"https:\/\/casadecampoliving.com\/es\/clinica-familia-organiza-el-campamento-esperanza-y-alegria-para-80-ninos-vih-positivo-julio-26-agosto-9\/","url":"https:\/\/casadecampoliving.com\/es\/clinica-familia-organiza-el-campamento-esperanza-y-alegria-para-80-ninos-vih-positivo-julio-26-agosto-9\/","name":"Cl\u00ednica Familia organiza el \"Campamento Esperanza y Alegr\u00eda\" para 80 ni\u00f1os VIH positivo: julio 26-agosto 9 | Casa de Campo Living","isPartOf":{"@id":"https:\/\/casadecampoliving.com\/es\/#website"},"primaryImageOfPage":{"@id":"https:\/\/casadecampoliving.com\/es\/clinica-familia-organiza-el-campamento-esperanza-y-alegria-para-80-ninos-vih-positivo-julio-26-agosto-9\/#primaryimage"},"image":{"@id":"https:\/\/casadecampoliving.com\/es\/clinica-familia-organiza-el-campamento-esperanza-y-alegria-para-80-ninos-vih-positivo-julio-26-agosto-9\/#primaryimage"},"thumbnailUrl":"https:\/\/i0.wp.com\/casadecampoliving.com\/wp-content\/uploads\/2022\/10\/dominican_republic-3.jpg?fit=650%2C314&ssl=1","datePublished":"2013-07-03T04:00:00+00:00","dateModified":"2022-10-21T22:51:59+00:00","description":"Desde el 26 de julio al 9 de agosto, la Cl\u00ednica de Familia, un centro dedicado a la prestaci\u00f3n de asistencia m\u00e9dica a las mujeres y los ni\u00f1os con el virus","breadcrumb":{"@id":"https:\/\/casadecampoliving.com\/es\/clinica-familia-organiza-el-campamento-esperanza-y-alegria-para-80-ninos-vih-positivo-julio-26-agosto-9\/#breadcrumb"},"inLanguage":"es","potentialAction":[{"@type":"ReadAction","target":["https:\/\/casadecampoliving.com\/es\/clinica-familia-organiza-el-campamento-esperanza-y-alegria-para-80-ninos-vih-positivo-julio-26-agosto-9\/"]}]},{"@type":"ImageObject","inLanguage":"es","@id":"https:\/\/casadecampoliving.com\/es\/clinica-familia-organiza-el-campamento-esperanza-y-alegria-para-80-ninos-vih-positivo-julio-26-agosto-9\/#primaryimage","url":"https:\/\/i0.wp.com\/casadecampoliving.com\/wp-content\/uploads\/2022\/10\/dominican_republic-3.jpg?fit=650%2C314&ssl=1","contentUrl":"https:\/\/i0.wp.com\/casadecampoliving.com\/wp-content\/uploads\/2022\/10\/dominican_republic-3.jpg?fit=650%2C314&ssl=1","width":650,"height":314,"caption":"dominican republic"},{"@type":"BreadcrumbList","@id":"https:\/\/casadecampoliving.com\/es\/clinica-familia-organiza-el-campamento-esperanza-y-alegria-para-80-ninos-vih-positivo-julio-26-agosto-9\/#breadcrumb","itemListElement":[{"@type":"ListItem","position":1,"name":"Home","item":"https:\/\/casadecampoliving.com\/es\/"},{"@type":"ListItem","position":2,"name":"Cl\u00ednica Familia organiza el &#8220;Campamento Esperanza y Alegr\u00eda&#8221; para 80 ni\u00f1os VIH positivo: julio 26-agosto 9"}]},{"@type":"WebSite","@id":"https:\/\/casadecampoliving.com\/es\/#website","url":"https:\/\/casadecampoliving.com\/es\/","name":"Casa de Campo Living","description":"Resort community news and resources.","publisher":{"@id":"https:\/\/casadecampoliving.com\/es\/#organization"},"potentialAction":[{"@type":"SearchAction","target":{"@type":"EntryPoint","urlTemplate":"https:\/\/casadecampoliving.com\/es\/?s={search_term_string}"},"query-input":{"@type":"PropertyValueSpecification","valueRequired":true,"valueName":"search_term_string"}}],"inLanguage":"es"},{"@type":"Organization","@id":"https:\/\/casadecampoliving.com\/es\/#organization","name":"Casa de Campo Living","url":"https:\/\/casadecampoliving.com\/es\/","logo":{"@type":"ImageObject","inLanguage":"es","@id":"https:\/\/casadecampoliving.com\/es\/#\/schema\/logo\/image\/","url":"https:\/\/i0.wp.com\/casadecampoliving.com\/wp-content\/uploads\/2022\/07\/CDCLivingLogo_V1-white-sized.png?fit=800%2C214&ssl=1","contentUrl":"https:\/\/i0.wp.com\/casadecampoliving.com\/wp-content\/uploads\/2022\/07\/CDCLivingLogo_V1-white-sized.png?fit=800%2C214&ssl=1","width":800,"height":214,"caption":"Casa de Campo Living"},"image":{"@id":"https:\/\/casadecampoliving.com\/es\/#\/schema\/logo\/image\/"},"sameAs":["https:\/\/www.facebook.com\/casadecampoliving","https:\/\/x.com\/cdcliving"]},{"@type":"Person","@id":"https:\/\/casadecampoliving.com\/es\/#\/schema\/person\/932e594484c49168ad37fbb9141bf699","name":"Mairobi Herrera","image":{"@type":"ImageObject","inLanguage":"es","@id":"https:\/\/secure.gravatar.com\/avatar\/d0bf6c19470eb55d83c719e39672f670b2c4412339af1eb8a08f86427ba98ee8?s=96&d=mm&r=g","url":"https:\/\/secure.gravatar.com\/avatar\/d0bf6c19470eb55d83c719e39672f670b2c4412339af1eb8a08f86427ba98ee8?s=96&d=mm&r=g","contentUrl":"https:\/\/secure.gravatar.com\/avatar\/d0bf6c19470eb55d83c719e39672f670b2c4412339af1eb8a08f86427ba98ee8?s=96&d=mm&r=g","caption":"Mairobi Herrera"},"sameAs":["https:\/\/casadecampoliving.com\/"],"url":"https:\/\/casadecampoliving.com\/es\/author\/mherrera\/"}]}},"parsely":{"version":"1.1.0","canonical_url":"https:\/\/casadecampoliving.com\/es\/clinica-familia-organiza-el-campamento-esperanza-y-alegria-para-80-ninos-vih-positivo-julio-26-agosto-9\/","smart_links":{"inbound":0,"outbound":0},"traffic_boost_suggestions_count":0,"meta":{"@context":"https:\/\/schema.org","@type":"NewsArticle","headline":"Cl\u00ednica Familia organiza el \u00abCampamento Esperanza y Alegr\u00eda\u00bb para 80 ni\u00f1os VIH positivo: julio 26-agosto 9","url":"http:\/\/casadecampoliving.com\/es\/clinica-familia-organiza-el-campamento-esperanza-y-alegria-para-80-ninos-vih-positivo-julio-26-agosto-9\/","mainEntityOfPage":{"@type":"WebPage","@id":"http:\/\/casadecampoliving.com\/es\/clinica-familia-organiza-el-campamento-esperanza-y-alegria-para-80-ninos-vih-positivo-julio-26-agosto-9\/"},"thumbnailUrl":"https:\/\/i0.wp.com\/casadecampoliving.com\/wp-content\/uploads\/2022\/10\/dominican_republic-3.jpg?resize=150%2C150&ssl=1","image":{"@type":"ImageObject","url":"https:\/\/i0.wp.com\/casadecampoliving.com\/wp-content\/uploads\/2022\/10\/dominican_republic-3.jpg?fit=650%2C314&ssl=1"},"articleSection":"Destacados","author":[{"@type":"Person","name":"Mairobi Herrera"}],"creator":["Mairobi Herrera"],"publisher":{"@type":"Organization","name":"Casa de Campo Living","logo":"https:\/\/casadecampoliving.com\/wp-content\/uploads\/2022\/07\/CDCLivingLogo_V1-white-sized.png"},"keywords":["campamento esperanza y alegria","campamentos de verano","clinica familia"],"dateCreated":"2013-07-03T04:00:00Z","datePublished":"2013-07-03T04:00:00Z","dateModified":"2022-10-21T22:51:59Z"},"rendered":"<script type=\"application\/ld+json\" class=\"wp-parsely-metadata\">{\"@context\":\"https:\\\/\\\/schema.org\",\"@type\":\"NewsArticle\",\"headline\":\"Cl\\u00ednica Familia organiza el \\u00abCampamento Esperanza y Alegr\\u00eda\\u00bb para 80 ni\\u00f1os VIH positivo: julio 26-agosto 9\",\"url\":\"http:\\\/\\\/casadecampoliving.com\\\/es\\\/clinica-familia-organiza-el-campamento-esperanza-y-alegria-para-80-ninos-vih-positivo-julio-26-agosto-9\\\/\",\"mainEntityOfPage\":{\"@type\":\"WebPage\",\"@id\":\"http:\\\/\\\/casadecampoliving.com\\\/es\\\/clinica-familia-organiza-el-campamento-esperanza-y-alegria-para-80-ninos-vih-positivo-julio-26-agosto-9\\\/\"},\"thumbnailUrl\":\"https:\\\/\\\/i0.wp.com\\\/casadecampoliving.com\\\/wp-content\\\/uploads\\\/2022\\\/10\\\/dominican_republic-3.jpg?resize=150%2C150&ssl=1\",\"image\":{\"@type\":\"ImageObject\",\"url\":\"https:\\\/\\\/i0.wp.com\\\/casadecampoliving.com\\\/wp-content\\\/uploads\\\/2022\\\/10\\\/dominican_republic-3.jpg?fit=650%2C314&ssl=1\"},\"articleSection\":\"Destacados\",\"author\":[{\"@type\":\"Person\",\"name\":\"Mairobi Herrera\"}],\"creator\":[\"Mairobi Herrera\"],\"publisher\":{\"@type\":\"Organization\",\"name\":\"Casa de Campo Living\",\"logo\":\"https:\\\/\\\/casadecampoliving.com\\\/wp-content\\\/uploads\\\/2022\\\/07\\\/CDCLivingLogo_V1-white-sized.png\"},\"keywords\":[\"campamento esperanza y alegria\",\"campamentos de verano\",\"clinica familia\"],\"dateCreated\":\"2013-07-03T04:00:00Z\",\"datePublished\":\"2013-07-03T04:00:00Z\",\"dateModified\":\"2022-10-21T22:51:59Z\"}<\/script>","tracker_url":"https:\/\/cdn.parsely.com\/keys\/casadecampoliving.com\/p.js"},"jetpack_publicize_connections":[],"jetpack_featured_media_url":"https:\/\/i0.wp.com\/casadecampoliving.com\/wp-content\/uploads\/2022\/10\/dominican_republic-3.jpg?fit=650%2C314&ssl=1","jetpack-related-posts":[{"id":352726,"url":"https:\/\/casadecampoliving.com\/es\/ayudemos-la-clinica-de-familia-llevar-esperanza-y-alegria-los-ninos-de-la-romana\/","url_meta":{"origin":342202,"position":0},"title":"Ayudemos a la Cl\u00ednica de Familia a llevar \u00abEsperanza y Alegr\u00eda\u00bb a los ni\u00f1os de La Romana","author":"Marlenys Guzm\u00e1n Casta\u00f1os","date":"20 Jun, 2018","format":false,"excerpt":"La Cl\u00ednica de Familia La Romana (Cl\u00ednica Familiar) es una organizaci\u00f3n no gubernamental y sin fines de lucro que brinda servicios de atenci\u00f3n m\u00e9dica, con una metodolog\u00eda centrada en la familia desde hace m\u00e1s de 17 a\u00f1os. Trabajan con las poblaciones m\u00e1s vulnerables de la comunidad de La Romana y\u2026","rel":"","context":"En \u00abEventos\u00bb","block_context":{"text":"Eventos","link":"https:\/\/casadecampoliving.com\/es\/category\/eventos-es\/"},"img":{"alt_text":"","src":"https:\/\/i0.wp.com\/casadecampoliving.com\/wp-content\/uploads\/2022\/10\/Clinica-de-Familia-Camp-Hope-and-Joy-1.jpg?fit=1000%2C650&ssl=1&resize=350%2C200","width":350,"height":200,"srcset":"https:\/\/i0.wp.com\/casadecampoliving.com\/wp-content\/uploads\/2022\/10\/Clinica-de-Familia-Camp-Hope-and-Joy-1.jpg?fit=1000%2C650&ssl=1&resize=350%2C200 1x, https:\/\/i0.wp.com\/casadecampoliving.com\/wp-content\/uploads\/2022\/10\/Clinica-de-Familia-Camp-Hope-and-Joy-1.jpg?fit=1000%2C650&ssl=1&resize=525%2C300 1.5x, https:\/\/i0.wp.com\/casadecampoliving.com\/wp-content\/uploads\/2022\/10\/Clinica-de-Familia-Camp-Hope-and-Joy-1.jpg?fit=1000%2C650&ssl=1&resize=700%2C400 2x"},"classes":[]},{"id":345690,"url":"https:\/\/casadecampoliving.com\/es\/campamento-esperanza-y-alegria-de-clinica-de-familia-la-romana-celebra-10-anos\/","url_meta":{"origin":342202,"position":1},"title":"Campamento Esperanza y Alegr\u00eda de Cl\u00ednica de Familia La Romana Celebra 10 A\u00f1os","author":"Perkin Agramonte","date":"20 Oct, 2014","format":false,"excerpt":"El pasado mes de agosto, la Cl\u00ednica de Familia La Romana celebr\u00f3 los diez a\u00f1os del Campamento Esperanza y Alegr\u00eda, un campamento de verano para ni\u00f1os y adolescentes con VIH. Este a\u00f1o el Campamento recibi\u00f3 m\u00e1s de 80 campistas en Jarabacoa bajo el lema: \u201cUn paso m\u00e1s, el cielo es\u2026","rel":"","context":"En \u00abCasa de Campo Living @es\u00bb","block_context":{"text":"Casa de Campo Living @es","link":"https:\/\/casadecampoliving.com\/category\/casa-de-campo-living-es\/"},"img":{"alt_text":"","src":"https:\/\/i0.wp.com\/casadecampoliving.com\/wp-content\/uploads\/2022\/10\/Clinica-de-Familia-5-1.jpg?fit=1200%2C797&ssl=1&resize=350%2C200","width":350,"height":200,"srcset":"https:\/\/i0.wp.com\/casadecampoliving.com\/wp-content\/uploads\/2022\/10\/Clinica-de-Familia-5-1.jpg?fit=1200%2C797&ssl=1&resize=350%2C200 1x, https:\/\/i0.wp.com\/casadecampoliving.com\/wp-content\/uploads\/2022\/10\/Clinica-de-Familia-5-1.jpg?fit=1200%2C797&ssl=1&resize=525%2C300 1.5x, https:\/\/i0.wp.com\/casadecampoliving.com\/wp-content\/uploads\/2022\/10\/Clinica-de-Familia-5-1.jpg?fit=1200%2C797&ssl=1&resize=700%2C400 2x, https:\/\/i0.wp.com\/casadecampoliving.com\/wp-content\/uploads\/2022\/10\/Clinica-de-Familia-5-1.jpg?fit=1200%2C797&ssl=1&resize=1050%2C600 3x"},"classes":[]},{"id":342907,"url":"https:\/\/casadecampoliving.com\/es\/una-experiencia-de-amor-en-el-campamento-esperanza-y-alegria-de-clinica-de-familia-la-romana\/","url_meta":{"origin":342202,"position":2},"title":"Una experiencia de amor en el Campamento Esperanza y Alegr\u00eda de Cl\u00ednica de Familia La Romana","author":"Rebecca Silvestri","date":"20 Sep, 2013","format":false,"excerpt":"Del 26 de julio al 9 de agosto, la Cl\u00ednica de Familia, un centro dedicado a la asistencia m\u00e9dica a mujeres y ni\u00f1os con el s\u00edndrome de inmunodeficiencia\u00a0adquirido VIH SIDA, as\u00ed como numerosos programas de apoyo dirigidos a la mayor comunidad de La Romana, tendr\u00e1 lugar el \u201cCampamento anual La\u2026","rel":"","context":"En \u00abDestacados\u00bb","block_context":{"text":"Destacados","link":"https:\/\/casadecampoliving.com\/es\/category\/destacados\/"},"img":{"alt_text":"Dominican Republic","src":"https:\/\/i0.wp.com\/casadecampoliving.com\/wp-content\/uploads\/2022\/10\/dominican_republic1-3.jpg?fit=650%2C333&ssl=1&resize=350%2C200","width":350,"height":200,"srcset":"https:\/\/i0.wp.com\/casadecampoliving.com\/wp-content\/uploads\/2022\/10\/dominican_republic1-3.jpg?fit=650%2C333&ssl=1&resize=350%2C200 1x, https:\/\/i0.wp.com\/casadecampoliving.com\/wp-content\/uploads\/2022\/10\/dominican_republic1-3.jpg?fit=650%2C333&ssl=1&resize=525%2C300 1.5x"},"classes":[]},{"id":351715,"url":"https:\/\/casadecampoliving.com\/es\/ayudemos-la-clinica-de-familia-acoger-este-ano-el-campamento-de-esperanza-y-alegria\/","url_meta":{"origin":342202,"position":3},"title":"Ayudemos a la Cl\u00ednica de Familia a acoger este a\u00f1o \u00abEl Campamento de Esperanza y Alegr\u00eda\u00bb","author":"Heather Lincoln","date":"13 Jul, 2017","format":false,"excerpt":"Este mes, a partir del 21 de julio, la Cl\u00ednica de Familia, un centro dedicado a brindar asistencia m\u00e9dica a mujeres y ni\u00f1os con VIH, as\u00ed como de apoyar numerosos programas en beneficio del mejoramiento del \u00e1rea de La Romana, est\u00e1 auspiciando este a\u00f1o su campamento anual \u00a8Esperanza y Alegr\u00eda\u00a8.\u2026","rel":"","context":"En \u00abFundaciones\u00bb","block_context":{"text":"Fundaciones","link":"https:\/\/casadecampoliving.com\/es\/category\/fundaciones-es\/"},"img":{"alt_text":"Clinica de Familia Camp Hope and Joy","src":"https:\/\/i0.wp.com\/casadecampoliving.com\/wp-content\/uploads\/2022\/10\/Clinica-de-Familia-Camp-Hope-and-Joy.jpg?fit=1000%2C650&ssl=1&resize=350%2C200","width":350,"height":200,"srcset":"https:\/\/i0.wp.com\/casadecampoliving.com\/wp-content\/uploads\/2022\/10\/Clinica-de-Familia-Camp-Hope-and-Joy.jpg?fit=1000%2C650&ssl=1&resize=350%2C200 1x, https:\/\/i0.wp.com\/casadecampoliving.com\/wp-content\/uploads\/2022\/10\/Clinica-de-Familia-Camp-Hope-and-Joy.jpg?fit=1000%2C650&ssl=1&resize=525%2C300 1.5x, https:\/\/i0.wp.com\/casadecampoliving.com\/wp-content\/uploads\/2022\/10\/Clinica-de-Familia-Camp-Hope-and-Joy.jpg?fit=1000%2C650&ssl=1&resize=700%2C400 2x"},"classes":[]},{"id":351912,"url":"https:\/\/casadecampoliving.com\/es\/campamento-esperanza-alegria-2017-clinica-de-familia-la-romana\/","url_meta":{"origin":342202,"position":4},"title":"Campamento de Verano de Superh\u00e9roes Campo Esperanza y Alegr\u00eda 2017","author":"Heather Lincoln","date":"29 Ago, 2017","format":false,"excerpt":"El 4 de agosto culmin\u00f3 el Campamento Esperanza y Alegr\u00eda 2017, el campamento de verano para ni\u00f1os y adolescentes vulnerables de escasos recursos de la regi\u00f3n este del pa\u00eds que organiza desde hace trece a\u00f1os por Cl\u00ednica de Familia La Romana.\u00a0El Campamento Esperanza y Alegr\u00eda es un ambiente seguro y\u2026","rel":"","context":"En \u00abFundaciones\u00bb","block_context":{"text":"Fundaciones","link":"https:\/\/casadecampoliving.com\/es\/category\/fundaciones-es\/"},"img":{"alt_text":"Cl\u00ednica de la Familia","src":"https:\/\/i0.wp.com\/casadecampoliving.com\/wp-content\/uploads\/2022\/10\/clinicadefamilia05-e1504038341242.jpg?fit=1000%2C600&ssl=1&resize=350%2C200","width":350,"height":200,"srcset":"https:\/\/i0.wp.com\/casadecampoliving.com\/wp-content\/uploads\/2022\/10\/clinicadefamilia05-e1504038341242.jpg?fit=1000%2C600&ssl=1&resize=350%2C200 1x, https:\/\/i0.wp.com\/casadecampoliving.com\/wp-content\/uploads\/2022\/10\/clinicadefamilia05-e1504038341242.jpg?fit=1000%2C600&ssl=1&resize=525%2C300 1.5x, https:\/\/i0.wp.com\/casadecampoliving.com\/wp-content\/uploads\/2022\/10\/clinicadefamilia05-e1504038341242.jpg?fit=1000%2C600&ssl=1&resize=700%2C400 2x"},"classes":[]},{"id":353517,"url":"https:\/\/casadecampoliving.com\/es\/vive-la-fiesta-campamento-esperanza-y-alegria-2019-celebra-15-anos\/","url_meta":{"origin":342202,"position":5},"title":"\u00ab\u00a1Vive la fiesta!\u00bb Campamento Esperanza y Alegr\u00eda 2019 celebra 15 a\u00f1os","author":"Casa de Campo Living","date":"9 Ago, 2019","format":false,"excerpt":"El pasado viernes, 2 de agosto culmin\u00f3 Campamento Esperanza y Alegr\u00eda 2019, el campamento de verano para ni\u00f1os y adolescentes vulnerables de escasos recursos de la regi\u00f3n este del pa\u00eds que organiza desde hace quince a\u00f1os Cl\u00ednica de Familia La Romana. El Campamento Esperanza y Alegr\u00eda es un ambiente seguro\u2026","rel":"","context":"En \u00abFundaciones\u00bb","block_context":{"text":"Fundaciones","link":"https:\/\/casadecampoliving.com\/es\/category\/fundaciones-es\/"},"img":{"alt_text":"","src":"https:\/\/i0.wp.com\/casadecampoliving.com\/wp-content\/uploads\/2022\/10\/IMG_0805.jpg?fit=1000%2C608&ssl=1&resize=350%2C200","width":350,"height":200,"srcset":"https:\/\/i0.wp.com\/casadecampoliving.com\/wp-content\/uploads\/2022\/10\/IMG_0805.jpg?fit=1000%2C608&ssl=1&resize=350%2C200 1x, https:\/\/i0.wp.com\/casadecampoliving.com\/wp-content\/uploads\/2022\/10\/IMG_0805.jpg?fit=1000%2C608&ssl=1&resize=525%2C300 1.5x, https:\/\/i0.wp.com\/casadecampoliving.com\/wp-content\/uploads\/2022\/10\/IMG_0805.jpg?fit=1000%2C608&ssl=1&resize=700%2C400 2x"},"classes":[]}],"jetpack_sharing_enabled":true,"_links":{"self":[{"href":"https:\/\/casadecampoliving.com\/es\/wp-json\/wp\/v2\/posts\/342202","targetHints":{"allow":["GET"]}}],"collection":[{"href":"https:\/\/casadecampoliving.com\/es\/wp-json\/wp\/v2\/posts"}],"about":[{"href":"https:\/\/casadecampoliving.com\/es\/wp-json\/wp\/v2\/types\/post"}],"author":[{"embeddable":true,"href":"https:\/\/casadecampoliving.com\/es\/wp-json\/wp\/v2\/users\/431"}],"replies":[{"embeddable":true,"href":"https:\/\/casadecampoliving.com\/es\/wp-json\/wp\/v2\/comments?post=342202"}],"version-history":[{"count":1,"href":"https:\/\/casadecampoliving.com\/es\/wp-json\/wp\/v2\/posts\/342202\/revisions"}],"predecessor-version":[{"id":342203,"href":"https:\/\/casadecampoliving.com\/es\/wp-json\/wp\/v2\/posts\/342202\/revisions\/342203"}],"wp:featuredmedia":[{"embeddable":true,"href":"https:\/\/casadecampoliving.com\/es\/wp-json\/wp\/v2\/media\/249217"}],"wp:attachment":[{"href":"https:\/\/casadecampoliving.com\/es\/wp-json\/wp\/v2\/media?parent=342202"}],"wp:term":[{"taxonomy":"category","embeddable":true,"href":"https:\/\/casadecampoliving.com\/es\/wp-json\/wp\/v2\/categories?post=342202"},{"taxonomy":"post_tag","embeddable":true,"href":"https:\/\/casadecampoliving.com\/es\/wp-json\/wp\/v2\/tags?post=342202"},{"taxonomy":"newspack_spnsrs_tax","embeddable":true,"href":"https:\/\/casadecampoliving.com\/es\/wp-json\/wp\/v2\/newspack_spnsrs_tax?post=342202"}],"curies":[{"name":"wp","href":"https:\/\/api.w.org\/{rel}","templated":true}]}}