{"id":342063,"date":"2013-06-23T00:00:00","date_gmt":"2013-06-23T04:00:00","guid":{"rendered":"https:\/\/casadecampoliving.com\/historia-de-chavoneros-parte-1-andrea-saenz-graduada-de-diseno-de-modas\/"},"modified":"2022-10-21T18:49:54","modified_gmt":"2022-10-21T22:49:54","slug":"historia-de-chavoneros-parte-1-andrea-saenz-graduada-de-diseno-de-modas","status":"publish","type":"post","link":"https:\/\/casadecampoliving.com\/es\/historia-de-chavoneros-parte-1-andrea-saenz-graduada-de-diseno-de-modas\/","title":{"rendered":"Historia de Chavoneros: Andrea S\u00e1enz, graduada de Dise\u00f1o de Modas"},"content":{"rendered":"<div class=\"wp-block-image\">\n<figure class=\"aligncenter is-resized\"><img loading=\"lazy\" decoding=\"async\" src=\"https:\/\/i0.wp.com\/casadecampoliving.com\/wp-content\/uploads\/2022\/10\/andrea_saenz.jpg?resize=650%2C488&amp;ssl=1\" alt=\"\" class=\"wp-image-72579\" title=\"andrea_saenz\" height=\"488\" width=\"650\"\/><\/figure>\n<\/div>\n\n\n<p>La prestigiosa Escuela de Dise\u00f1os de Altos de Chav\u00f3n, la cual ha estado graduando estudiantes desde&nbsp;1983, se ha convertido en la cuna de muchos artistas y dise\u00f1adores &nbsp;dominicanos y extranjeros,&nbsp;actualmente muy reconocidos por sus trabajos tanto en la industria de la moda, dise\u00f1o gr\u00e1fico y las artes pl\u00e1sticas. Por esta raz\u00f3n cada a\u00f1o se grad\u00faan decenas de j\u00f3venes artistas, con la esperanza de alcanzar sus sue\u00f1os y poner &nbsp;el nombre de la escuela en alto.<\/p>\n\n\n\n<p>Entre la extensa lista de egresados, conocimos a una joven ecuatoriana llamada Andrea S\u00e1enz. Ella se gradu\u00f3 &nbsp;de Dise\u00f1o de Modas <a href=\"https:\/\/casadecampoliving.com\/es\/2013\/05\/la-escuela-de-diseno-de-altos-de-chavon-realiza-su-xxix-graduacion\/\">en la graduaci\u00f3n realizada en mayo pasado <\/a>&nbsp;y amablemente&nbsp;nos cuenta, a continuaci\u00f3n, su historia, sus proyectos y planes y futuros.<\/p>\n\n\n\n<p><strong>@cdcliving:&nbsp;&nbsp;\u00bfEn qu\u00e9 a\u00f1o entraste a Chav\u00f3n?&nbsp;<\/strong><\/p>\n\n\n\n<p>Llegu\u00e9 de Quito, Ecuador, en septiembre del 2011 para empezar mi carrera de dise\u00f1o de modas en el programa de la Escuela de dise\u00f1o de Altos de Chav\u00f3n&nbsp;con&nbsp;Parsons The New School for Design de NY.<\/p>\n\n\n<div class=\"wp-block-image\">\n<figure class=\"aligncenter is-resized\"><img loading=\"lazy\" decoding=\"async\" src=\"https:\/\/i0.wp.com\/casadecampoliving.com\/wp-content\/uploads\/2022\/10\/familia_saenz.jpg?resize=585%2C557&amp;ssl=1\" alt=\"familia saenz\" class=\"wp-image-72580\" title=\"familia_saenz\" height=\"557\" width=\"585\"\/><\/figure>\n<\/div>\n\n\n<p class=\"has-text-align-center\"><strong>Andrea junto a sus padres<br>\n<\/strong><\/p>\n\n\n\n<p class=\"has-text-align-left\"><strong>&nbsp;@cdcliving:&nbsp; \u00bfTen\u00edas alguna experiencia previa antes de entrar a la escuela?&nbsp;<\/strong><\/p>\n\n\n\n<p>Estuve siempre interesada por el arte en general. Ten\u00eda clases de dibujo extracurriculares e hice el Bachillerato Internacional en Artes Visuales en highschool, pero no estuve en otra escuela antes de Chav\u00f3n.<\/p>\n\n\n\n<p><strong>@cdcliving:&nbsp;&nbsp;\u00bfC\u00f3mo fue tu experiencia all\u00e1?&nbsp;<\/strong><\/p>\n\n\n\n<p>Mi experiencia fue incre\u00edble. Convivencia con artistas, muchos conocimientos, el lugar es m\u00e1gico, los profesores, los amigos\u2026 es el lugar perfecto para empezar a estudiar arte.<\/p>\n\n\n<div class=\"wp-block-image\">\n<figure class=\"aligncenter is-resized\"><img loading=\"lazy\" decoding=\"async\" src=\"https:\/\/i0.wp.com\/casadecampoliving.com\/wp-content\/uploads\/2022\/10\/graduacion_escuela_chavon.jpg?resize=650%2C429&amp;ssl=1\" alt=\"\" class=\"wp-image-72581\" title=\"graduacion_escuela_chavon\" height=\"429\" width=\"650\"\/><\/figure>\n<\/div>\n\n<div class=\"wp-block-image\">\n<figure class=\"alignright is-resized\"><img loading=\"lazy\" decoding=\"async\" src=\"https:\/\/i0.wp.com\/casadecampoliving.com\/wp-content\/uploads\/2022\/10\/andrea_diseno_-de_moda.jpg?resize=200%2C266&amp;ssl=1\" alt=\"\" class=\"wp-image-72582\" title=\"andrea_dise\u00f1o_ de_moda\" height=\"266\" width=\"200\"\/><\/figure>\n<\/div>\n\n\n<p><strong>@cdcliving:&nbsp;\u00bfCu\u00e1les son tus planes futuros?&nbsp;<\/strong><\/p>\n\n\n\n<p>Ahora que he concluido esta primera etapa, planeo viajar en Agosto a Nueva York para obtener un BFA en Estudios Ambientales y Dise\u00f1o de Modas. Quiero especializarme en dise\u00f1o sostenible. Es un sector del dise\u00f1o que el mundo pide a gritos hoy en d\u00eda y me apasiona inmensamente. En pa\u00edses tan ricos en recursos, como los nuestros, hay muchos materiales \u00fanicos y excepcionales como el bamb\u00fa, las fibras naturales y dem\u00e1s.<\/p>\n\n\n\n<p><strong>&nbsp;@cdcliving:&nbsp; \u00bfC\u00f3mo te visualizas en 10 a\u00f1os?<\/strong><\/p>\n\n\n\n<p>La moda va a evolucionar en estos pr\u00f3ximos a\u00f1os a grandes escalas. La tecnolog\u00eda va a crear fibras textiles con cualidades extraordinarias para crear prendas con dise\u00f1os duraderos. El objetivo del dise\u00f1o sostenible es crear prendas de alta calidad, alta versatilidad, durabilidad y resistencia para reducir el sobre consumo tan innecesario. Me visualizo en 10 a\u00f1os con mi propia linea de ropa, con escuelas de capacitaci\u00f3n de dise\u00f1o y utilizaci\u00f3n de fibras para artesanos y dise\u00f1adores y con nuevas metas para seguir reinventando mis dise\u00f1os todos los d\u00edas y seguir sonando.<\/p>\n\n\n\n<p><strong>&nbsp;@cdcliving:&nbsp; \u00bfQu\u00e9 tipos de dise\u00f1adores admiras y por qu\u00e9?<\/strong><\/p>\n\n\n\n<p>Admiro a los dise\u00f1adores atemporales, que han logrado crear alto nivel de dise\u00f1o, que han tenido la capacidad para reinventarse cada d\u00eda y crear historia en la moda.<\/p>\n\n\n<div class=\"wp-block-image\">\n<figure class=\"alignright is-resized\"><img loading=\"lazy\" decoding=\"async\" src=\"https:\/\/i0.wp.com\/casadecampoliving.com\/wp-content\/uploads\/2022\/10\/vestido_andrea_saenz.jpg?resize=200%2C300&amp;ssl=1\" alt=\"\" class=\"wp-image-72583\" title=\"vestido_andrea_saenz\" height=\"300\" width=\"200\"\/><\/figure>\n<\/div>\n\n\n<p><strong>@cdcliving:&nbsp;&nbsp;\u00bfCon qu\u00e9 tipo de material te gusta trabajar m\u00e1s y por qu\u00e9?<\/strong><\/p>\n\n\n\n<p>Soy muy flexible con los materiales, no dependo de ellos y siempre trato de jugar en mis dise\u00f1os con su propia naturaleza y caracter\u00edsticas. Sin embargo, s\u00ed tengo dos vertientes por las que me inclino m\u00e1s. La primera: los materiales reciclados, los encuentros desafiantes\u2026 &nbsp;se pueden hacer cosas realmente \u00fanicas con ellos. La otra son los materiales naturales y biodegradables; en un mundo tan contaminado como lo tenemos hoy en d\u00eda, tenemos que cuidar los aspectos ambientales en todo sentido, prevenir la contaminaci\u00f3n que un material puede provocar a nuestra piel y sacar provecho de la tecnolog\u00eda que se aplica para la fabricaci\u00f3n de estos materiales.<\/p>\n\n\n\n<p><strong>@cdcliving:&nbsp;&nbsp;\u00bfEn qu\u00e9 te especializas o te gustar\u00eda especializarte ( una prenda, zapatos, un tipo de material, un tipo de corte\u2026)<\/strong>?<\/p>\n\n\n\n<p>No quiero especializarme en algo tan espec\u00edfico a\u00fan; creo que llegar\u00e9 a ese punto solo con la experiencia que adquiera en los pr\u00f3ximos a\u00f1os. Me gustan los desaf\u00edos y los cambios y quisiera trabajar en diferentes \u00e1reas de dise\u00f1o antes de tomar esa decisi\u00f3n.<\/p>\n\n\n\n<p><strong>@cdcliving:&nbsp; \u00bfQu\u00e9 opinas sobre la moda mundial actual y qu\u00e9 opinas sobre la moda dominicana en general y sus dise\u00f1adores?<\/strong><\/p>\n\n\n\n<p>Actualmente creo que la moda mundial est\u00e1 en una etapa de transici\u00f3n. Las grandes casas de dise\u00f1o est\u00e1n siendo delegadas a dise\u00f1adores j\u00f3venes y llenos de nuevas ideas. Del fruto de esta nueva generaci\u00f3n se va a pautar una historia fascinante. <a href=\"https:\/\/casadecampoliving.com\/es\/2013\/05\/estilo-2013-en-palabras-del-propio-stephen-kaplan\/\">En Estilo 2013 <\/a>se vio eso: la fusi\u00f3n de la moda cl\u00e1sica con la visi\u00f3n de lo que ser\u00e1 la moda futurista. La moda en Rep\u00fablica Dominicana es refrescante, llena de juventud, talento y novedad. Hay dise\u00f1adores con un talento impresionante que quieren hacer que la industria aqu\u00ed siga creciendo y prosperando, con un compromiso inmenso y admirable hacia las generaciones pr\u00f3ximas a ellos. He tenido el placer de conocer a muchos dise\u00f1adores ya establecidos y compartir a\u00fan m\u00e1s con mis compa\u00f1eros, ahora dise\u00f1adores. Ellos han sido para m\u00ed una inspiraci\u00f3n y todos llegar\u00e1n a cumplir los sue\u00f1os que se propongan. Cuando hay cerebro y voluntad no hay misi\u00f3n que falle.<\/p>\n\n\n\n<p><strong>@cdcliving:&nbsp;<\/strong>&nbsp;<strong>\u00bfCrees que tienes oportunidad en este mundo de la moda actual y por qu\u00e9?<\/strong><\/p>\n\n\n\n<p>Las oportunidades se las crea uno mismo. Hay que buscar los sectores menos desarrollados y el dise\u00f1o sostenible tiene un campo extenso. Tengo que seguir estudiando para expandir mis conocimientos. Como siempre me ha dicho mi pap\u00e1:<strong><em> \u201cEstudia lo que te guste, porque por m\u00e1s profesionales que haya en este mundo, siempre hay trabajo seguro para los mejores\u201d.<\/em><\/strong><\/p>\n\n\n<div class=\"wp-block-image\">\n<figure class=\"aligncenter is-resized\"><img loading=\"lazy\" decoding=\"async\" src=\"https:\/\/i0.wp.com\/casadecampoliving.com\/wp-content\/uploads\/2022\/10\/vestido_estilo_2013.jpg?resize=640%2C790&amp;ssl=1\" alt=\"\" class=\"wp-image-72584\" title=\"vestido_estilo_2013\" height=\"790\" width=\"640\"\/><\/figure>\n<\/div>\n\n\n<p class=\"has-text-align-center\"><strong>Vestido de dise\u00f1ado por Andrea para el desfile <a href=\"https:\/\/casadecampoliving.com\/es\/2013\/05\/estilo-2013-en-palabras-del-propio-stephen-kaplan\/\">Estilo 2013<\/a><br>\n<\/strong><\/p>\n\n\n\n<p class=\"has-text-align-left\"><strong>@cdcliving:<\/strong>&nbsp;<strong>\u00bfRecomendar\u00edas a la Escuela de Chav\u00f3n a otras personas, por qu\u00e9?<\/strong><\/p>\n\n\n\n<p>Chav\u00f3n no es para todo el mundo, pero las personas que tienen la suerte de llegar ah\u00ed son sumamente afortunadas. Es un para\u00edso terrenal, lleno de juventud y excentricismo, con un legado y una historia fascinante.<\/p>\n\n\n\n<p>\u00a1<strong>No se pierda en la segunda de esta serie de entrevistas con chavoneros, los puntos de vistas de la artista graduada en Artes Pl\u00e1sticas, Alanna Leschhorn!<\/strong><\/p>\n\n\n\n<blockquote><p><strong>Escuela de Arte y Dise\u00f1o de Altos de Chav\u00f3n<\/strong><\/p><div>\n<figure><a href=\"https:\/\/casadecampoliving.com\/2010\/09\/discovering-the-altos-de-chavon-school-of-art-and-design\/altos_de_chavon_school_of_design\/\" rel=\"attachment wp-att-19426\"><img decoding=\"async\" loading=\"lazy\" class=\"aligncenter\" title=\"altos_de_chavon_school_of_design\" src=\"https:\/\/i0.wp.com\/casadecampoliving.com\/wp-content\/uploads\/2022\/10\/altos_de_chavon_school_of_design.jpg?resize=565%2C354&amp;ssl=1\" alt=\"altos_de_chavon_school_of_design\" width=\"565\" height=\"354\"><\/a><\/figure><p style=\"text-align: center;\"><\/p>\n<\/div><p>Como parte de la Fundaci\u00f3n Centro Cultural Altos de Chav\u00f3n, la Escuela de Arte y Dise\u00f1o de Altos de Chav\u00f3n ha estado graduando estudiantes del programa de dos a\u00f1os con grado asociado, afiliada con la prestigiosa Nueva Escuela de Parsons en Nueva York, desde 1983.<\/p><p><a href=\"https:\/\/casadecampoliving.com\/es\/escuelachavon\/\">Haga click aqu\u00ed para saber m\u00e1s sobre la escuela y sus actividades m\u00e1s recientes<\/a><\/p><\/blockquote>\n","protected":false},"excerpt":{"rendered":"<p>La prestigiosa Escuela de Dise\u00f1os de Altos de Chav\u00f3n, la cual ha estado graduando estudiantes desde&nbsp;1983, se ha convertido en la cuna de muchos artistas y dise\u00f1adores &nbsp;dominicanos y extranjeros,&nbsp;actualmente muy reconocidos por sus trabajos tanto en la industria de la moda, dise\u00f1o gr\u00e1fico y las artes pl\u00e1sticas. Por esta raz\u00f3n cada a\u00f1o se grad\u00faan [&hellip;]<\/p>\n","protected":false},"author":431,"featured_media":246593,"comment_status":"closed","ping_status":"closed","sticky":false,"template":"","format":"standard","meta":{"newspack_ads_suppress_ads":false,"newspack_popups_has_disabled_popups":false,"newspack_sponsor_sponsorship_scope":"","newspack_sponsor_native_byline_display":"inherit","newspack_sponsor_native_category_display":"inherit","newspack_sponsor_underwriter_style":"inherit","newspack_sponsor_underwriter_placement":"inherit","_newspack_byline_active":false,"_newspack_byline":"","newspack_hide_updated_date":false,"newspack_show_updated_date":false,"newspack_content_restriction_is_exempt":false,"newspack_featured_image_position":"","newspack_post_subtitle":"","newspack_article_summary_title":"Overview:","newspack_article_summary":"","_jetpack_memberships_contains_paid_content":false,"footnotes":"","jetpack_publicize_message":"","jetpack_publicize_feature_enabled":true,"jetpack_social_post_already_shared":false,"jetpack_social_options":{"image_generator_settings":{"template":"highway","default_image_id":0,"font":"","enabled":false},"version":2},"_wpas_customize_per_network":false},"categories":[26819,26823,2524,14631,2523,14625,26822],"tags":[5346,5609,4095],"newspack_spnsrs_tax":[],"class_list":["post-342063","post","type-post","status-publish","format-standard","has-post-thumbnail","hentry","category-altos-de-chavon-es","category-arte-y-cultura","category-destacados","category-estilo-de-vida","category-moda-es","category-noticias-locales","category-resort-casa-de-campo","tag-chavoneros","tag-diseno-de-moda","tag-escuela-de-arte-y-diseno-altos-de-chavon","entry"],"yoast_head":"<!-- This site is optimized with the Yoast SEO plugin v27.4 - https:\/\/yoast.com\/product\/yoast-seo-wordpress\/ -->\n<title>Historia de Chavoneros: Andrea S\u00e1enz, graduada de Dise\u00f1o de Modas | Casa de Campo Living<\/title>\n<meta name=\"description\" content=\"La prestigiosa Escuela de Dise\u00f1os de Altos de Chav\u00f3n, la cual ha estado graduando estudiantes desde&nbsp;1983, se ha convertido en la cuna de muchos\" \/>\n<meta name=\"robots\" content=\"index, follow, max-snippet:-1, max-image-preview:large, max-video-preview:-1\" \/>\n<link rel=\"canonical\" href=\"https:\/\/casadecampoliving.com\/es\/historia-de-chavoneros-parte-1-andrea-saenz-graduada-de-diseno-de-modas\/\" \/>\n<meta property=\"og:locale\" content=\"es_ES\" \/>\n<meta property=\"og:type\" content=\"article\" \/>\n<meta property=\"og:title\" content=\"Historia de Chavoneros: Andrea S\u00e1enz, graduada de Dise\u00f1o de Modas | Casa de Campo Living\" \/>\n<meta property=\"og:description\" content=\"La prestigiosa Escuela de Dise\u00f1os de Altos de Chav\u00f3n, la cual ha estado graduando estudiantes desde&nbsp;1983, se ha convertido en la cuna de muchos\" \/>\n<meta property=\"og:url\" content=\"https:\/\/casadecampoliving.com\/es\/historia-de-chavoneros-parte-1-andrea-saenz-graduada-de-diseno-de-modas\/\" \/>\n<meta property=\"og:site_name\" content=\"Casa de Campo Living\" \/>\n<meta property=\"article:publisher\" content=\"https:\/\/www.facebook.com\/casadecampoliving\" \/>\n<meta property=\"article:published_time\" content=\"2013-06-23T04:00:00+00:00\" \/>\n<meta property=\"article:modified_time\" content=\"2022-10-21T22:49:54+00:00\" \/>\n<meta property=\"og:image\" content=\"https:\/\/i0.wp.com\/casadecampoliving.com\/wp-content\/uploads\/2022\/10\/andrea_saenz-1.jpg?fit=650%2C488&ssl=1\" \/>\n\t<meta property=\"og:image:width\" content=\"650\" \/>\n\t<meta property=\"og:image:height\" content=\"488\" \/>\n\t<meta property=\"og:image:type\" content=\"image\/jpeg\" \/>\n<meta name=\"author\" content=\"Mairobi Herrera\" \/>\n<meta name=\"twitter:card\" content=\"summary_large_image\" \/>\n<meta name=\"twitter:creator\" content=\"@cdcliving\" \/>\n<meta name=\"twitter:site\" content=\"@cdcliving\" \/>\n<meta name=\"twitter:label1\" content=\"Escrito por\" \/>\n\t<meta name=\"twitter:data1\" content=\"Mairobi Herrera\" \/>\n\t<meta name=\"twitter:label2\" content=\"Tiempo de lectura\" \/>\n\t<meta name=\"twitter:data2\" content=\"6 minutos\" \/>\n<script type=\"application\/ld+json\" class=\"yoast-schema-graph\">{\"@context\":\"https:\\\/\\\/schema.org\",\"@graph\":[{\"@type\":\"Article\",\"@id\":\"https:\\\/\\\/casadecampoliving.com\\\/es\\\/historia-de-chavoneros-parte-1-andrea-saenz-graduada-de-diseno-de-modas\\\/#article\",\"isPartOf\":{\"@id\":\"https:\\\/\\\/casadecampoliving.com\\\/es\\\/historia-de-chavoneros-parte-1-andrea-saenz-graduada-de-diseno-de-modas\\\/\"},\"author\":{\"name\":\"Mairobi Herrera\",\"@id\":\"https:\\\/\\\/casadecampoliving.com\\\/es\\\/#\\\/schema\\\/person\\\/932e594484c49168ad37fbb9141bf699\"},\"headline\":\"Historia de Chavoneros: Andrea S\u00e1enz, graduada de Dise\u00f1o de Modas\",\"datePublished\":\"2013-06-23T04:00:00+00:00\",\"dateModified\":\"2022-10-21T22:49:54+00:00\",\"mainEntityOfPage\":{\"@id\":\"https:\\\/\\\/casadecampoliving.com\\\/es\\\/historia-de-chavoneros-parte-1-andrea-saenz-graduada-de-diseno-de-modas\\\/\"},\"wordCount\":1179,\"publisher\":{\"@id\":\"https:\\\/\\\/casadecampoliving.com\\\/es\\\/#organization\"},\"image\":{\"@id\":\"https:\\\/\\\/casadecampoliving.com\\\/es\\\/historia-de-chavoneros-parte-1-andrea-saenz-graduada-de-diseno-de-modas\\\/#primaryimage\"},\"thumbnailUrl\":\"https:\\\/\\\/i0.wp.com\\\/casadecampoliving.com\\\/wp-content\\\/uploads\\\/2022\\\/10\\\/andrea_saenz-1.jpg?fit=650%2C488&ssl=1\",\"keywords\":[\"chavoneros\",\"diseno de moda\",\"escuela de arte y diseno altos de chavon\"],\"articleSection\":[\"Altos de Chavon @es\",\"Arte y cultura\",\"Destacados\",\"Estilo de Vida\",\"Moda\",\"Noticias Locales\",\"Resort Casa de Campo\"],\"inLanguage\":\"es\"},{\"@type\":\"WebPage\",\"@id\":\"https:\\\/\\\/casadecampoliving.com\\\/es\\\/historia-de-chavoneros-parte-1-andrea-saenz-graduada-de-diseno-de-modas\\\/\",\"url\":\"https:\\\/\\\/casadecampoliving.com\\\/es\\\/historia-de-chavoneros-parte-1-andrea-saenz-graduada-de-diseno-de-modas\\\/\",\"name\":\"Historia de Chavoneros: Andrea S\u00e1enz, graduada de Dise\u00f1o de Modas | Casa de Campo Living\",\"isPartOf\":{\"@id\":\"https:\\\/\\\/casadecampoliving.com\\\/es\\\/#website\"},\"primaryImageOfPage\":{\"@id\":\"https:\\\/\\\/casadecampoliving.com\\\/es\\\/historia-de-chavoneros-parte-1-andrea-saenz-graduada-de-diseno-de-modas\\\/#primaryimage\"},\"image\":{\"@id\":\"https:\\\/\\\/casadecampoliving.com\\\/es\\\/historia-de-chavoneros-parte-1-andrea-saenz-graduada-de-diseno-de-modas\\\/#primaryimage\"},\"thumbnailUrl\":\"https:\\\/\\\/i0.wp.com\\\/casadecampoliving.com\\\/wp-content\\\/uploads\\\/2022\\\/10\\\/andrea_saenz-1.jpg?fit=650%2C488&ssl=1\",\"datePublished\":\"2013-06-23T04:00:00+00:00\",\"dateModified\":\"2022-10-21T22:49:54+00:00\",\"description\":\"La prestigiosa Escuela de Dise\u00f1os de Altos de Chav\u00f3n, la cual ha estado graduando estudiantes desde&nbsp;1983, se ha convertido en la cuna de muchos\",\"breadcrumb\":{\"@id\":\"https:\\\/\\\/casadecampoliving.com\\\/es\\\/historia-de-chavoneros-parte-1-andrea-saenz-graduada-de-diseno-de-modas\\\/#breadcrumb\"},\"inLanguage\":\"es\",\"potentialAction\":[{\"@type\":\"ReadAction\",\"target\":[\"https:\\\/\\\/casadecampoliving.com\\\/es\\\/historia-de-chavoneros-parte-1-andrea-saenz-graduada-de-diseno-de-modas\\\/\"]}]},{\"@type\":\"ImageObject\",\"inLanguage\":\"es\",\"@id\":\"https:\\\/\\\/casadecampoliving.com\\\/es\\\/historia-de-chavoneros-parte-1-andrea-saenz-graduada-de-diseno-de-modas\\\/#primaryimage\",\"url\":\"https:\\\/\\\/i0.wp.com\\\/casadecampoliving.com\\\/wp-content\\\/uploads\\\/2022\\\/10\\\/andrea_saenz-1.jpg?fit=650%2C488&ssl=1\",\"contentUrl\":\"https:\\\/\\\/i0.wp.com\\\/casadecampoliving.com\\\/wp-content\\\/uploads\\\/2022\\\/10\\\/andrea_saenz-1.jpg?fit=650%2C488&ssl=1\",\"width\":650,\"height\":488},{\"@type\":\"BreadcrumbList\",\"@id\":\"https:\\\/\\\/casadecampoliving.com\\\/es\\\/historia-de-chavoneros-parte-1-andrea-saenz-graduada-de-diseno-de-modas\\\/#breadcrumb\",\"itemListElement\":[{\"@type\":\"ListItem\",\"position\":1,\"name\":\"Home\",\"item\":\"https:\\\/\\\/casadecampoliving.com\\\/es\\\/\"},{\"@type\":\"ListItem\",\"position\":2,\"name\":\"Historia de Chavoneros: Andrea S\u00e1enz, graduada de Dise\u00f1o de Modas\"}]},{\"@type\":\"WebSite\",\"@id\":\"https:\\\/\\\/casadecampoliving.com\\\/es\\\/#website\",\"url\":\"https:\\\/\\\/casadecampoliving.com\\\/es\\\/\",\"name\":\"Casa de Campo Living\",\"description\":\"Resort community news and resources.\",\"publisher\":{\"@id\":\"https:\\\/\\\/casadecampoliving.com\\\/es\\\/#organization\"},\"potentialAction\":[{\"@type\":\"SearchAction\",\"target\":{\"@type\":\"EntryPoint\",\"urlTemplate\":\"https:\\\/\\\/casadecampoliving.com\\\/es\\\/?s={search_term_string}\"},\"query-input\":{\"@type\":\"PropertyValueSpecification\",\"valueRequired\":true,\"valueName\":\"search_term_string\"}}],\"inLanguage\":\"es\"},{\"@type\":\"Organization\",\"@id\":\"https:\\\/\\\/casadecampoliving.com\\\/es\\\/#organization\",\"name\":\"Casa de Campo Living\",\"url\":\"https:\\\/\\\/casadecampoliving.com\\\/es\\\/\",\"logo\":{\"@type\":\"ImageObject\",\"inLanguage\":\"es\",\"@id\":\"https:\\\/\\\/casadecampoliving.com\\\/es\\\/#\\\/schema\\\/logo\\\/image\\\/\",\"url\":\"https:\\\/\\\/i0.wp.com\\\/casadecampoliving.com\\\/wp-content\\\/uploads\\\/2022\\\/07\\\/CDCLivingLogo_V1-white-sized.png?fit=800%2C214&ssl=1\",\"contentUrl\":\"https:\\\/\\\/i0.wp.com\\\/casadecampoliving.com\\\/wp-content\\\/uploads\\\/2022\\\/07\\\/CDCLivingLogo_V1-white-sized.png?fit=800%2C214&ssl=1\",\"width\":800,\"height\":214,\"caption\":\"Casa de Campo Living\"},\"image\":{\"@id\":\"https:\\\/\\\/casadecampoliving.com\\\/es\\\/#\\\/schema\\\/logo\\\/image\\\/\"},\"sameAs\":[\"https:\\\/\\\/www.facebook.com\\\/casadecampoliving\",\"https:\\\/\\\/x.com\\\/cdcliving\"]},{\"@type\":\"Person\",\"@id\":\"https:\\\/\\\/casadecampoliving.com\\\/es\\\/#\\\/schema\\\/person\\\/932e594484c49168ad37fbb9141bf699\",\"name\":\"Mairobi Herrera\",\"image\":{\"@type\":\"ImageObject\",\"inLanguage\":\"es\",\"@id\":\"https:\\\/\\\/secure.gravatar.com\\\/avatar\\\/d0bf6c19470eb55d83c719e39672f670b2c4412339af1eb8a08f86427ba98ee8?s=96&d=mm&r=g\",\"url\":\"https:\\\/\\\/secure.gravatar.com\\\/avatar\\\/d0bf6c19470eb55d83c719e39672f670b2c4412339af1eb8a08f86427ba98ee8?s=96&d=mm&r=g\",\"contentUrl\":\"https:\\\/\\\/secure.gravatar.com\\\/avatar\\\/d0bf6c19470eb55d83c719e39672f670b2c4412339af1eb8a08f86427ba98ee8?s=96&d=mm&r=g\",\"caption\":\"Mairobi Herrera\"},\"sameAs\":[\"https:\\\/\\\/casadecampoliving.com\\\/\"],\"url\":\"https:\\\/\\\/casadecampoliving.com\\\/es\\\/author\\\/mherrera\\\/\"}]}<\/script>\n<!-- \/ Yoast SEO plugin. -->","yoast_head_json":{"title":"Historia de Chavoneros: Andrea S\u00e1enz, graduada de Dise\u00f1o de Modas | Casa de Campo Living","description":"La prestigiosa Escuela de Dise\u00f1os de Altos de Chav\u00f3n, la cual ha estado graduando estudiantes desde&nbsp;1983, se ha convertido en la cuna de muchos","robots":{"index":"index","follow":"follow","max-snippet":"max-snippet:-1","max-image-preview":"max-image-preview:large","max-video-preview":"max-video-preview:-1"},"canonical":"https:\/\/casadecampoliving.com\/es\/historia-de-chavoneros-parte-1-andrea-saenz-graduada-de-diseno-de-modas\/","og_locale":"es_ES","og_type":"article","og_title":"Historia de Chavoneros: Andrea S\u00e1enz, graduada de Dise\u00f1o de Modas | Casa de Campo Living","og_description":"La prestigiosa Escuela de Dise\u00f1os de Altos de Chav\u00f3n, la cual ha estado graduando estudiantes desde&nbsp;1983, se ha convertido en la cuna de muchos","og_url":"https:\/\/casadecampoliving.com\/es\/historia-de-chavoneros-parte-1-andrea-saenz-graduada-de-diseno-de-modas\/","og_site_name":"Casa de Campo Living","article_publisher":"https:\/\/www.facebook.com\/casadecampoliving","article_published_time":"2013-06-23T04:00:00+00:00","article_modified_time":"2022-10-21T22:49:54+00:00","og_image":[{"width":650,"height":488,"url":"https:\/\/i0.wp.com\/casadecampoliving.com\/wp-content\/uploads\/2022\/10\/andrea_saenz-1.jpg?fit=650%2C488&ssl=1","type":"image\/jpeg"}],"author":"Mairobi Herrera","twitter_card":"summary_large_image","twitter_creator":"@cdcliving","twitter_site":"@cdcliving","twitter_misc":{"Escrito por":"Mairobi Herrera","Tiempo de lectura":"6 minutos"},"schema":{"@context":"https:\/\/schema.org","@graph":[{"@type":"Article","@id":"https:\/\/casadecampoliving.com\/es\/historia-de-chavoneros-parte-1-andrea-saenz-graduada-de-diseno-de-modas\/#article","isPartOf":{"@id":"https:\/\/casadecampoliving.com\/es\/historia-de-chavoneros-parte-1-andrea-saenz-graduada-de-diseno-de-modas\/"},"author":{"name":"Mairobi Herrera","@id":"https:\/\/casadecampoliving.com\/es\/#\/schema\/person\/932e594484c49168ad37fbb9141bf699"},"headline":"Historia de Chavoneros: Andrea S\u00e1enz, graduada de Dise\u00f1o de Modas","datePublished":"2013-06-23T04:00:00+00:00","dateModified":"2022-10-21T22:49:54+00:00","mainEntityOfPage":{"@id":"https:\/\/casadecampoliving.com\/es\/historia-de-chavoneros-parte-1-andrea-saenz-graduada-de-diseno-de-modas\/"},"wordCount":1179,"publisher":{"@id":"https:\/\/casadecampoliving.com\/es\/#organization"},"image":{"@id":"https:\/\/casadecampoliving.com\/es\/historia-de-chavoneros-parte-1-andrea-saenz-graduada-de-diseno-de-modas\/#primaryimage"},"thumbnailUrl":"https:\/\/i0.wp.com\/casadecampoliving.com\/wp-content\/uploads\/2022\/10\/andrea_saenz-1.jpg?fit=650%2C488&ssl=1","keywords":["chavoneros","diseno de moda","escuela de arte y diseno altos de chavon"],"articleSection":["Altos de Chavon @es","Arte y cultura","Destacados","Estilo de Vida","Moda","Noticias Locales","Resort Casa de Campo"],"inLanguage":"es"},{"@type":"WebPage","@id":"https:\/\/casadecampoliving.com\/es\/historia-de-chavoneros-parte-1-andrea-saenz-graduada-de-diseno-de-modas\/","url":"https:\/\/casadecampoliving.com\/es\/historia-de-chavoneros-parte-1-andrea-saenz-graduada-de-diseno-de-modas\/","name":"Historia de Chavoneros: Andrea S\u00e1enz, graduada de Dise\u00f1o de Modas | Casa de Campo Living","isPartOf":{"@id":"https:\/\/casadecampoliving.com\/es\/#website"},"primaryImageOfPage":{"@id":"https:\/\/casadecampoliving.com\/es\/historia-de-chavoneros-parte-1-andrea-saenz-graduada-de-diseno-de-modas\/#primaryimage"},"image":{"@id":"https:\/\/casadecampoliving.com\/es\/historia-de-chavoneros-parte-1-andrea-saenz-graduada-de-diseno-de-modas\/#primaryimage"},"thumbnailUrl":"https:\/\/i0.wp.com\/casadecampoliving.com\/wp-content\/uploads\/2022\/10\/andrea_saenz-1.jpg?fit=650%2C488&ssl=1","datePublished":"2013-06-23T04:00:00+00:00","dateModified":"2022-10-21T22:49:54+00:00","description":"La prestigiosa Escuela de Dise\u00f1os de Altos de Chav\u00f3n, la cual ha estado graduando estudiantes desde&nbsp;1983, se ha convertido en la cuna de muchos","breadcrumb":{"@id":"https:\/\/casadecampoliving.com\/es\/historia-de-chavoneros-parte-1-andrea-saenz-graduada-de-diseno-de-modas\/#breadcrumb"},"inLanguage":"es","potentialAction":[{"@type":"ReadAction","target":["https:\/\/casadecampoliving.com\/es\/historia-de-chavoneros-parte-1-andrea-saenz-graduada-de-diseno-de-modas\/"]}]},{"@type":"ImageObject","inLanguage":"es","@id":"https:\/\/casadecampoliving.com\/es\/historia-de-chavoneros-parte-1-andrea-saenz-graduada-de-diseno-de-modas\/#primaryimage","url":"https:\/\/i0.wp.com\/casadecampoliving.com\/wp-content\/uploads\/2022\/10\/andrea_saenz-1.jpg?fit=650%2C488&ssl=1","contentUrl":"https:\/\/i0.wp.com\/casadecampoliving.com\/wp-content\/uploads\/2022\/10\/andrea_saenz-1.jpg?fit=650%2C488&ssl=1","width":650,"height":488},{"@type":"BreadcrumbList","@id":"https:\/\/casadecampoliving.com\/es\/historia-de-chavoneros-parte-1-andrea-saenz-graduada-de-diseno-de-modas\/#breadcrumb","itemListElement":[{"@type":"ListItem","position":1,"name":"Home","item":"https:\/\/casadecampoliving.com\/es\/"},{"@type":"ListItem","position":2,"name":"Historia de Chavoneros: Andrea S\u00e1enz, graduada de Dise\u00f1o de Modas"}]},{"@type":"WebSite","@id":"https:\/\/casadecampoliving.com\/es\/#website","url":"https:\/\/casadecampoliving.com\/es\/","name":"Casa de Campo Living","description":"Resort community news and resources.","publisher":{"@id":"https:\/\/casadecampoliving.com\/es\/#organization"},"potentialAction":[{"@type":"SearchAction","target":{"@type":"EntryPoint","urlTemplate":"https:\/\/casadecampoliving.com\/es\/?s={search_term_string}"},"query-input":{"@type":"PropertyValueSpecification","valueRequired":true,"valueName":"search_term_string"}}],"inLanguage":"es"},{"@type":"Organization","@id":"https:\/\/casadecampoliving.com\/es\/#organization","name":"Casa de Campo Living","url":"https:\/\/casadecampoliving.com\/es\/","logo":{"@type":"ImageObject","inLanguage":"es","@id":"https:\/\/casadecampoliving.com\/es\/#\/schema\/logo\/image\/","url":"https:\/\/i0.wp.com\/casadecampoliving.com\/wp-content\/uploads\/2022\/07\/CDCLivingLogo_V1-white-sized.png?fit=800%2C214&ssl=1","contentUrl":"https:\/\/i0.wp.com\/casadecampoliving.com\/wp-content\/uploads\/2022\/07\/CDCLivingLogo_V1-white-sized.png?fit=800%2C214&ssl=1","width":800,"height":214,"caption":"Casa de Campo Living"},"image":{"@id":"https:\/\/casadecampoliving.com\/es\/#\/schema\/logo\/image\/"},"sameAs":["https:\/\/www.facebook.com\/casadecampoliving","https:\/\/x.com\/cdcliving"]},{"@type":"Person","@id":"https:\/\/casadecampoliving.com\/es\/#\/schema\/person\/932e594484c49168ad37fbb9141bf699","name":"Mairobi Herrera","image":{"@type":"ImageObject","inLanguage":"es","@id":"https:\/\/secure.gravatar.com\/avatar\/d0bf6c19470eb55d83c719e39672f670b2c4412339af1eb8a08f86427ba98ee8?s=96&d=mm&r=g","url":"https:\/\/secure.gravatar.com\/avatar\/d0bf6c19470eb55d83c719e39672f670b2c4412339af1eb8a08f86427ba98ee8?s=96&d=mm&r=g","contentUrl":"https:\/\/secure.gravatar.com\/avatar\/d0bf6c19470eb55d83c719e39672f670b2c4412339af1eb8a08f86427ba98ee8?s=96&d=mm&r=g","caption":"Mairobi Herrera"},"sameAs":["https:\/\/casadecampoliving.com\/"],"url":"https:\/\/casadecampoliving.com\/es\/author\/mherrera\/"}]}},"parsely":{"version":"1.1.0","canonical_url":"https:\/\/casadecampoliving.com\/es\/historia-de-chavoneros-parte-1-andrea-saenz-graduada-de-diseno-de-modas\/","smart_links":{"inbound":0,"outbound":0},"traffic_boost_suggestions_count":0,"meta":{"@context":"https:\/\/schema.org","@type":"NewsArticle","headline":"Historia de Chavoneros: Andrea S\u00e1enz, graduada de Dise\u00f1o de Modas","url":"http:\/\/casadecampoliving.com\/es\/historia-de-chavoneros-parte-1-andrea-saenz-graduada-de-diseno-de-modas\/","mainEntityOfPage":{"@type":"WebPage","@id":"http:\/\/casadecampoliving.com\/es\/historia-de-chavoneros-parte-1-andrea-saenz-graduada-de-diseno-de-modas\/"},"thumbnailUrl":"https:\/\/i0.wp.com\/casadecampoliving.com\/wp-content\/uploads\/2022\/10\/andrea_saenz-1.jpg?resize=150%2C150&ssl=1","image":{"@type":"ImageObject","url":"https:\/\/i0.wp.com\/casadecampoliving.com\/wp-content\/uploads\/2022\/10\/andrea_saenz-1.jpg?fit=650%2C488&ssl=1"},"articleSection":"Altos de Chavon @es","author":[{"@type":"Person","name":"Mairobi Herrera"}],"creator":["Mairobi Herrera"],"publisher":{"@type":"Organization","name":"Casa de Campo Living","logo":"https:\/\/casadecampoliving.com\/wp-content\/uploads\/2022\/07\/CDCLivingLogo_V1-white-sized.png"},"keywords":["chavoneros","diseno de moda","escuela de arte y diseno altos de chavon"],"dateCreated":"2013-06-23T04:00:00Z","datePublished":"2013-06-23T04:00:00Z","dateModified":"2022-10-21T22:49:54Z"},"rendered":"<script type=\"application\/ld+json\" class=\"wp-parsely-metadata\">{\"@context\":\"https:\\\/\\\/schema.org\",\"@type\":\"NewsArticle\",\"headline\":\"Historia de Chavoneros: Andrea S\\u00e1enz, graduada de Dise\\u00f1o de Modas\",\"url\":\"http:\\\/\\\/casadecampoliving.com\\\/es\\\/historia-de-chavoneros-parte-1-andrea-saenz-graduada-de-diseno-de-modas\\\/\",\"mainEntityOfPage\":{\"@type\":\"WebPage\",\"@id\":\"http:\\\/\\\/casadecampoliving.com\\\/es\\\/historia-de-chavoneros-parte-1-andrea-saenz-graduada-de-diseno-de-modas\\\/\"},\"thumbnailUrl\":\"https:\\\/\\\/i0.wp.com\\\/casadecampoliving.com\\\/wp-content\\\/uploads\\\/2022\\\/10\\\/andrea_saenz-1.jpg?resize=150%2C150&ssl=1\",\"image\":{\"@type\":\"ImageObject\",\"url\":\"https:\\\/\\\/i0.wp.com\\\/casadecampoliving.com\\\/wp-content\\\/uploads\\\/2022\\\/10\\\/andrea_saenz-1.jpg?fit=650%2C488&ssl=1\"},\"articleSection\":\"Altos de Chavon @es\",\"author\":[{\"@type\":\"Person\",\"name\":\"Mairobi Herrera\"}],\"creator\":[\"Mairobi Herrera\"],\"publisher\":{\"@type\":\"Organization\",\"name\":\"Casa de Campo Living\",\"logo\":\"https:\\\/\\\/casadecampoliving.com\\\/wp-content\\\/uploads\\\/2022\\\/07\\\/CDCLivingLogo_V1-white-sized.png\"},\"keywords\":[\"chavoneros\",\"diseno de moda\",\"escuela de arte y diseno altos de chavon\"],\"dateCreated\":\"2013-06-23T04:00:00Z\",\"datePublished\":\"2013-06-23T04:00:00Z\",\"dateModified\":\"2022-10-21T22:49:54Z\"}<\/script>","tracker_url":"https:\/\/cdn.parsely.com\/keys\/casadecampoliving.com\/p.js"},"jetpack_publicize_connections":[],"jetpack_featured_media_url":"https:\/\/i0.wp.com\/casadecampoliving.com\/wp-content\/uploads\/2022\/10\/andrea_saenz-1.jpg?fit=650%2C488&ssl=1","jetpack-related-posts":[{"id":349441,"url":"https:\/\/casadecampoliving.com\/es\/chavoneros-experiencia-de-vida\/","url_meta":{"origin":342063,"position":0},"title":"Chavoneros: Una experiencia de vida","author":"Marlenys Guzm\u00e1n Casta\u00f1os","date":"17 Mar, 2016","format":false,"excerpt":"Como la mayor\u00eda de ustedes saben, las personas que se grad\u00faan de la Escuela de Dise\u00f1o Altos de Chav\u00f3n son llamados Chavoneros. Los estudiantes que vienen a Chav\u00f3n aman lo que hacen y que les gusta tanto que est\u00e1n dispuestos a pasar noches en vela con el fin de terminar\u2026","rel":"","context":"En \u00abAltos de Chavon @es\u00bb","block_context":{"text":"Altos de Chavon @es","link":"https:\/\/casadecampoliving.com\/category\/altos-de-chavon-es\/"},"img":{"alt_text":"Wali Vidal \u2014 Chavoneros Stories","src":"https:\/\/i0.wp.com\/casadecampoliving.com\/wp-content\/uploads\/2022\/10\/Wali-Vidal-%E2%80%94-Chavoneros-Stories-1.jpg?fit=1000%2C600&ssl=1&resize=350%2C200","width":350,"height":200,"srcset":"https:\/\/i0.wp.com\/casadecampoliving.com\/wp-content\/uploads\/2022\/10\/Wali-Vidal-%E2%80%94-Chavoneros-Stories-1.jpg?fit=1000%2C600&ssl=1&resize=350%2C200 1x, https:\/\/i0.wp.com\/casadecampoliving.com\/wp-content\/uploads\/2022\/10\/Wali-Vidal-%E2%80%94-Chavoneros-Stories-1.jpg?fit=1000%2C600&ssl=1&resize=525%2C300 1.5x, https:\/\/i0.wp.com\/casadecampoliving.com\/wp-content\/uploads\/2022\/10\/Wali-Vidal-%E2%80%94-Chavoneros-Stories-1.jpg?fit=1000%2C600&ssl=1&resize=700%2C400 2x"},"classes":[]},{"id":343508,"url":"https:\/\/casadecampoliving.com\/es\/chavoneros-historia-scarlette-hernandez\/","url_meta":{"origin":342063,"position":1},"title":"Historia de Chavoneros: \u00abLa mejor experiencia\u00bb &#8211; Scarlette Hernandez","author":"Perkin Agramonte","date":"6 Abr, 2014","format":false,"excerpt":"\u201cPara m\u00ed, Altos de Chav\u00f3n ha sido una de las mejores experiencias que he tenido hasta ahora, no lo cambiar\u00eda para nada.\u201d Dij\u00f3\u00a0Scarlette Hern\u00e1ndez a Casa de Campo Living.\u00a0 La prestigiosa Escuela de Arte y Dise\u00f1o Altos de Chav\u00f3n, la cual ha estado graduando estudiantes desde el a\u00f1o 1983, se\u2026","rel":"","context":"En \u00abAltos de Chavon @es\u00bb","block_context":{"text":"Altos de Chavon @es","link":"https:\/\/casadecampoliving.com\/category\/altos-de-chavon-es\/"},"img":{"alt_text":"Scarlette wall","src":"https:\/\/i0.wp.com\/casadecampoliving.com\/wp-content\/uploads\/2022\/10\/Scarlette-wall-1.jpg?fit=1200%2C689&ssl=1&resize=350%2C200","width":350,"height":200,"srcset":"https:\/\/i0.wp.com\/casadecampoliving.com\/wp-content\/uploads\/2022\/10\/Scarlette-wall-1.jpg?fit=1200%2C689&ssl=1&resize=350%2C200 1x, https:\/\/i0.wp.com\/casadecampoliving.com\/wp-content\/uploads\/2022\/10\/Scarlette-wall-1.jpg?fit=1200%2C689&ssl=1&resize=525%2C300 1.5x, https:\/\/i0.wp.com\/casadecampoliving.com\/wp-content\/uploads\/2022\/10\/Scarlette-wall-1.jpg?fit=1200%2C689&ssl=1&resize=700%2C400 2x, https:\/\/i0.wp.com\/casadecampoliving.com\/wp-content\/uploads\/2022\/10\/Scarlette-wall-1.jpg?fit=1200%2C689&ssl=1&resize=1050%2C600 3x"},"classes":[]},{"id":352683,"url":"https:\/\/casadecampoliving.com\/es\/chavon-escuela-de-diseno-presenta-la-exposicion-chavoneros-2018\/","url_meta":{"origin":342063,"position":2},"title":"Chav\u00f3n Escuela de Dise\u00f1o presenta la Exposici\u00f3n \u00abChavoneros 2018\u00bb","author":"Marlenys Guzm\u00e1n Casta\u00f1os","date":"30 May, 2018","format":false,"excerpt":"El pasado mi\u00e9rcoles 23 de mayo, Chav\u00f3n Escuela de Dise\u00f1o inaugur\u00f3 oficialmente su exposici\u00f3n de fin de a\u00f1o '' Chavoneros 2018 '', que presenta las \u00faltimas obras y portafolios de la trig\u00e9simo cuarta promoci\u00f3n en las \u00e1reas de Bellas Artes, Comunicaci\u00f3n Visual y Moda. Al caminar a trav\u00e9s de la\u2026","rel":"","context":"En \u00abAltos de Chavon @es\u00bb","block_context":{"text":"Altos de Chavon @es","link":"https:\/\/casadecampoliving.com\/category\/altos-de-chavon-es\/"},"img":{"alt_text":"","src":"https:\/\/i0.wp.com\/casadecampoliving.com\/wp-content\/uploads\/2022\/10\/1069373_10153061816630164_1122926614_n-1.jpg?fit=400%2C400&ssl=1&resize=350%2C200","width":350,"height":200},"classes":[]},{"id":344384,"url":"https:\/\/casadecampoliving.com\/es\/tras-bastidores-en-estilo-2014\/","url_meta":{"origin":342063,"position":3},"title":"Desfile de modas Estilo 2014 tras bastidores","author":"Perkin Agramonte","date":"15 May, 2014","format":false,"excerpt":"Ma\u00f1ana, viernes 16 de mayo, la Escuela de Dise\u00f1o de Altos de Chav\u00f3n dar\u00e1 inicio a las celebraciones de su trig\u00e9simo aniversario de graduaci\u00f3n con la 30\u00ba edici\u00f3n anual del desfile de modas ESTILO. Estilo 2014 es el espect\u00e1culo de modas presentado por la clase graduanda del \u00e1rea de dise\u00f1o\u2026","rel":"","context":"En \u00abAltos de Chavon @es\u00bb","block_context":{"text":"Altos de Chavon @es","link":"https:\/\/casadecampoliving.com\/category\/altos-de-chavon-es\/"},"img":{"alt_text":"Julio Marcano, Altos de Chavon, Escuela de Diseno","src":"https:\/\/i0.wp.com\/casadecampoliving.com\/wp-content\/uploads\/2022\/10\/Julio_Marcano_Altos_de_Chavon_Escuela_de_Diseno1-1.jpg?fit=650%2C433&ssl=1&resize=350%2C200","width":350,"height":200,"srcset":"https:\/\/i0.wp.com\/casadecampoliving.com\/wp-content\/uploads\/2022\/10\/Julio_Marcano_Altos_de_Chavon_Escuela_de_Diseno1-1.jpg?fit=650%2C433&ssl=1&resize=350%2C200 1x, https:\/\/i0.wp.com\/casadecampoliving.com\/wp-content\/uploads\/2022\/10\/Julio_Marcano_Altos_de_Chavon_Escuela_de_Diseno1-1.jpg?fit=650%2C433&ssl=1&resize=525%2C300 1.5x"},"classes":[]},{"id":339857,"url":"https:\/\/casadecampoliving.com\/es\/estilo-2012-el-nuevo-resort-wear-domina-por-stephen-kaplan\/","url_meta":{"origin":342063,"position":4},"title":"Estilo 2012: \u00abEl Nuevo \u00abResort Wear\u00bb domina!\u00bb por Stephen Kaplan","author":"","date":"4 Oct, 2012","format":false,"excerpt":"Una vez m\u00e1s la Escuela de Arte y Dise\u00f1o de Altos de Chav\u00f3n es pionera en un nuevo territorio. Dominicana Moda, es un prestigioso evento de \u201cfashion week\u201d en la Rep\u00fablica Dominicana, realizado anualmente en Santo Domingo, en el que destacados y emergentes dise\u00f1adores de moda, muestran sus ideas en\u2026","rel":"","context":"En \u00abAltos de Chavon @es\u00bb","block_context":{"text":"Altos de Chavon @es","link":"https:\/\/casadecampoliving.com\/category\/altos-de-chavon-es\/"},"img":{"alt_text":"altos de chavon moda","src":"https:\/\/i0.wp.com\/casadecampoliving.com\/wp-content\/uploads\/2022\/10\/Altos_de_Chavon_moda1-1.jpg?fit=650%2C433&ssl=1&resize=350%2C200","width":350,"height":200,"srcset":"https:\/\/i0.wp.com\/casadecampoliving.com\/wp-content\/uploads\/2022\/10\/Altos_de_Chavon_moda1-1.jpg?fit=650%2C433&ssl=1&resize=350%2C200 1x, https:\/\/i0.wp.com\/casadecampoliving.com\/wp-content\/uploads\/2022\/10\/Altos_de_Chavon_moda1-1.jpg?fit=650%2C433&ssl=1&resize=525%2C300 1.5x"},"classes":[]},{"id":343540,"url":"https:\/\/casadecampoliving.com\/es\/chavoneros-historia-de-dulcina-abreu\/","url_meta":{"origin":342063,"position":5},"title":"Historia de Chavoneros: \u201cLa escuela cambi\u00f3 mi modo de ver una disciplina de trabajo\u201d &#8211; Dulcina Abreu","author":"Perkin Agramonte","date":"23 Feb, 2014","format":false,"excerpt":"\u00a1Otra historia de \u201cChavoneros\u201d!\u00a0La prestigiosa Escuela de Arte y Dise\u00f1o Altos de Chav\u00f3n, la cual ha estado graduando estudiantes desde el a\u00f1o 1983, se ha convertido en la casa de muchos artistas y dise\u00f1adores dominicanos como tambi\u00e9n extranjeros ahora reconocidos por su importante trabajo dentro del mundo de la Moda,\u2026","rel":"","context":"En \u00abAltos de Chavon @es\u00bb","block_context":{"text":"Altos de Chavon @es","link":"https:\/\/casadecampoliving.com\/category\/altos-de-chavon-es\/"},"img":{"alt_text":"Dulcina 1","src":"https:\/\/i0.wp.com\/casadecampoliving.com\/wp-content\/uploads\/2022\/10\/Dulciana-1-1-scaled.jpg?fit=1200%2C1200&ssl=1&resize=350%2C200","width":350,"height":200,"srcset":"https:\/\/i0.wp.com\/casadecampoliving.com\/wp-content\/uploads\/2022\/10\/Dulciana-1-1-scaled.jpg?fit=1200%2C1200&ssl=1&resize=350%2C200 1x, https:\/\/i0.wp.com\/casadecampoliving.com\/wp-content\/uploads\/2022\/10\/Dulciana-1-1-scaled.jpg?fit=1200%2C1200&ssl=1&resize=525%2C300 1.5x, https:\/\/i0.wp.com\/casadecampoliving.com\/wp-content\/uploads\/2022\/10\/Dulciana-1-1-scaled.jpg?fit=1200%2C1200&ssl=1&resize=700%2C400 2x, https:\/\/i0.wp.com\/casadecampoliving.com\/wp-content\/uploads\/2022\/10\/Dulciana-1-1-scaled.jpg?fit=1200%2C1200&ssl=1&resize=1050%2C600 3x"},"classes":[]}],"jetpack_sharing_enabled":true,"_links":{"self":[{"href":"https:\/\/casadecampoliving.com\/es\/wp-json\/wp\/v2\/posts\/342063","targetHints":{"allow":["GET"]}}],"collection":[{"href":"https:\/\/casadecampoliving.com\/es\/wp-json\/wp\/v2\/posts"}],"about":[{"href":"https:\/\/casadecampoliving.com\/es\/wp-json\/wp\/v2\/types\/post"}],"author":[{"embeddable":true,"href":"https:\/\/casadecampoliving.com\/es\/wp-json\/wp\/v2\/users\/431"}],"replies":[{"embeddable":true,"href":"https:\/\/casadecampoliving.com\/es\/wp-json\/wp\/v2\/comments?post=342063"}],"version-history":[{"count":1,"href":"https:\/\/casadecampoliving.com\/es\/wp-json\/wp\/v2\/posts\/342063\/revisions"}],"predecessor-version":[{"id":342064,"href":"https:\/\/casadecampoliving.com\/es\/wp-json\/wp\/v2\/posts\/342063\/revisions\/342064"}],"wp:featuredmedia":[{"embeddable":true,"href":"https:\/\/casadecampoliving.com\/es\/wp-json\/wp\/v2\/media\/246593"}],"wp:attachment":[{"href":"https:\/\/casadecampoliving.com\/es\/wp-json\/wp\/v2\/media?parent=342063"}],"wp:term":[{"taxonomy":"category","embeddable":true,"href":"https:\/\/casadecampoliving.com\/es\/wp-json\/wp\/v2\/categories?post=342063"},{"taxonomy":"post_tag","embeddable":true,"href":"https:\/\/casadecampoliving.com\/es\/wp-json\/wp\/v2\/tags?post=342063"},{"taxonomy":"newspack_spnsrs_tax","embeddable":true,"href":"https:\/\/casadecampoliving.com\/es\/wp-json\/wp\/v2\/newspack_spnsrs_tax?post=342063"}],"curies":[{"name":"wp","href":"https:\/\/api.w.org\/{rel}","templated":true}]}}