{"id":342035,"date":"2013-06-21T00:00:00","date_gmt":"2013-06-21T04:00:00","guid":{"rendered":"https:\/\/casadecampoliving.com\/punta-minitas-34-la-primera-propiedad-dominicana-que-aparece-en-la-portada-de-la-revista-christies\/"},"modified":"2022-10-21T18:49:23","modified_gmt":"2022-10-21T22:49:23","slug":"punta-minitas-34-la-primera-propiedad-dominicana-que-aparece-en-la-portada-de-la-revista-christies","status":"publish","type":"post","link":"https:\/\/casadecampoliving.com\/es\/punta-minitas-34-la-primera-propiedad-dominicana-que-aparece-en-la-portada-de-la-revista-christies\/","title":{"rendered":"Punta Minitas 34, la primera propiedad dominicana que aparece en la portada de la revista Christie\u00b4s"},"content":{"rendered":"<div class=\"wp-block-image\">\n<figure class=\"aligncenter is-resized\"><a href=\"https:\/\/i0.wp.com\/casadecampoliving.com\/wp-content\/uploads\/2022\/10\/punta_minitas_34-3.jpg?ssl=1\"><img loading=\"lazy\" decoding=\"async\" src=\"https:\/\/i0.wp.com\/casadecampoliving.com\/wp-content\/uploads\/2022\/10\/punta_minitas_34-3.jpg?resize=650%2C367&amp;ssl=1\" alt=\"punta minitas 34\" class=\"wp-image-72424\" title=\"punta_minitas_34\" height=\"367\" width=\"650\"\/><\/a><\/figure>\n<\/div>\n\n<div class=\"wp-block-image\">\n<figure class=\"alignright is-resized\"><img loading=\"lazy\" decoding=\"async\" src=\"https:\/\/i0.wp.com\/casadecampoliving.com\/wp-content\/uploads\/2022\/10\/punta_minitas_345.jpg?resize=270%2C353&amp;ssl=1\" alt=\"punta minitas 34\" class=\"wp-image-72438\" title=\"punta_minitas_34\" height=\"353\" width=\"270\"\/><\/figure>\n<\/div>\n\n\n<p>Felicitaciones a Punta Minitas #34, una preciosa villa con vista al oc\u00e9ano en Casa de Campo, que acaba de convertirse en la primera propiedad dominicana en aparecer en la portada de la revista inmobiliaria internacional Christie\u00b4s.<\/p>\n\n\n\n<p>Punta Minitas # 34, es catalogada como una <strong>\u201cun lugar palaciego en la Rep\u00fablica Dominicana\u201d<\/strong>, con un precio de US$19,500,000. \u00c9sta eclips\u00f3 a algunas de las &nbsp;propiedades m\u00e1s magn\u00edficas&nbsp;del mundo al ser elegida para la portada de esta prestigiosa revista.<\/p>\n\n\n\n<p>En la revista se destacan &nbsp;hogares de todo el mundo, como por ejemplo 888 Lilac Drive en Santa B\u00e1rbara, &nbsp;cuesta US$16.5 millones, Pacific Heights, en San Francisco, cuesta US$ 30 millones, adem\u00e1s de la incre\u00edble Casa Sin Nombre, en Palm Beach, que aparece por unos sorprendentes &nbsp;\u00a1$59 millones de d\u00f3lares!<\/p>\n\n\n<div class=\"wp-block-image\">\n<figure class=\"aligncenter is-resized\"><img loading=\"lazy\" decoding=\"async\" src=\"https:\/\/i0.wp.com\/casadecampoliving.com\/wp-content\/uploads\/2022\/10\/punta_minitas_342-2.jpg?resize=650%2C344&amp;ssl=1\" alt=\"punta minitas 34\" class=\"wp-image-72433\" title=\"punta_minitas_34\" height=\"344\" width=\"650\"\/><\/figure>\n<\/div>\n\n\n<p class=\"has-text-align-center\"><strong>Una puesta de sol magn\u00edfica en Punta Minitas 34, Casa de Campo<\/strong><br>\n<\/p>\n\n\n<div class=\"wp-block-image\">\n<figure class=\"alignright is-resized\"><img loading=\"lazy\" decoding=\"async\" src=\"https:\/\/i0.wp.com\/casadecampoliving.com\/wp-content\/uploads\/2022\/10\/punta_minitas_344.jpg?resize=300%2C308&amp;ssl=1\" alt=\"punta minitas 34\" class=\"wp-image-72435\" title=\"punta_minitas_34\" height=\"308\" width=\"300\"\/><\/figure>\n<\/div>\n\n\n<p>Para figurar en la portada de una revista que solo cataloga el 1% de las propiedades m\u00e1s importante del mundo ( todas con un valor de m\u00e1s de US$ 600 millones) es una prueba del valor, de muchos de los elementos arquitect\u00f3nicos, vista y ubicaci\u00f3n excepcional que Punta Minitas # 34 tiene para ofrecer a sus futuros propietarios. Tambi\u00e9n, es un gran espaldarazo para la Rep\u00fablica Dominicana (y de hecho para Casa de Campo), que refuerza la imagen del pa\u00eds (y del complejo) como un destino de lujo.<\/p>\n\n\n\n<p>No es de extra\u00f1ar entonces que en el \u00faltimo a\u00f1o, Punta Minitas # 34 ha acogido a algunos invitados muy famosos y exigentes \u2013 incluyendo la visita de miembros de la realeza, Kim Kardashian y, de hecho, la familia completa Kardashian-Jenner (que film\u00f3 un episodio de 2 partes para su exitoso programa \u201cKeeping Up with the Kardashians\u201d), y el <a href=\"https:\/\/casadecampoliving.com\/es\/2013\/02\/drake-graba-video-started-from-the-bottom-en-punta-minitas-34-de-casa-de-campo\/\">m\u00fasico canadiense Drake, que grab\u00f3 su video \u201cStarted from the botton\u201d en el recinto de la villa.<\/a><\/p>\n\n\n\n<p>La villa tambi\u00e9n fue elegida como sede de uno de los lugares <a href=\"https:\/\/casadecampoliving.com\/es\/2012\/12\/la-revista-casalife-y-chivas-regal-18-celebran-una-verdadera-experiencia-de-los-sentidos\/\">antes de la fiesta organizada por Chivas Regal 18 y CasaLife, residente exclusivo del resort y la revista resort.<\/a><\/p>\n\n\n<div class=\"wp-block-image\">\n<figure class=\"aligncenter is-resized\"><img loading=\"lazy\" decoding=\"async\" src=\"https:\/\/i0.wp.com\/casadecampoliving.com\/wp-content\/uploads\/2022\/10\/punta_minitas_343.jpg?resize=650%2C389&amp;ssl=1\" alt=\"punta minitas 34\" class=\"wp-image-72434\" title=\"punta_minitas_34\" height=\"389\" width=\"650\"\/><\/figure>\n<\/div>\n\n\n<p>Recientemente, la villa m\u00e1s extraordinaria de Casa de Campo, fue el tel\u00f3n de fondo de un <a href=\"https:\/\/casadecampoliving.com\/es\/2013\/04\/un-deslumbrante-coctel-y-muestra-de-arte-en-punta-minitas-34\/\">c\u00f3ctel y exposici\u00f3n de arte organizada por Christie\u00b4s y Provaltur<\/a>. Invitados especiales de Casa de Campo realizaron un recorrido en los 35000 pies cuadrados del inmueble con seis dormitorios, mientras tambi\u00e9n contemplaron una amplia colecci\u00f3n de arte de la villa, con obras de tres de famosos artistas fallecidos dominicanos, Gaspar Mario Cruz, Antonio Prats-Ventos and Candido Bido..<\/p>\n\n\n\n<blockquote><p><strong>Punta Minitas #34, Casa de Campo<\/strong><\/p><figure><img decoding=\"async\" loading=\"lazy\" class=\"aligncenter size-full wp-image-72432\" title=\"punta_minitas_34\" src=\"https:\/\/i0.wp.com\/casadecampoliving.com\/wp-content\/uploads\/2022\/10\/punta_minitas_341-2.jpg?resize=620%2C262&amp;ssl=1\" alt=\"punta minitas 34\" width=\"620\" height=\"262\"><\/figure><p style=\"padding-left: 30px;\">\u2022 Propiedad al lado del mar con 35,000 pies cuadrados en el resort Casa de Campo<\/p><p style=\"padding-left: 30px;\">\u2022 Siete grandes dormitorios; otros pueden convertirse facilmente en dormitorios<\/p><p style=\"padding-left: 30px;\">\u2022\u0083 Ocho ba\u00f1os y tres tocadores<\/p><p style=\"padding-left: 30px;\">\u2022 Sal\u00f3n principal con techos de 20 pies, cocina del chef, con techos de tres pisos, &nbsp;museo de temperatura controlada, oficinas &nbsp;y ascensor<\/p><p style=\"padding-left: 30px;\">\u2022 Frente de la playa privado, muelle privado, una enorme piscina, gazebos, fuentes, piscinas decorativas, y 16 plazas de garaje privado<\/p><p style=\"padding-left: 30px;\">\u2022 Solo a algunos minutos del areopuerto internacional Casa de Campo \u2013 La Romana<\/p><p style=\"padding-left: 30px;\">\u0083\u2022&nbsp;Acceso a las comodidades del resort de clase mundial Casa de Campo, con cinco campos de golf dise\u00f1ados por Pete Dye, un centro de tenis, centro ecuestre, restaurantes, instalaciones para polo y mucho m\u00e1s&lt;<\/p><p style=\"padding-left: 30px;\"><strong>Se Vende en US$19,500,000<\/strong><\/p><\/blockquote>\n\n\n\n<p>Tambi\u00e9n, Casa Palapa figura actualmente en la revista inmobiliaria internacional Christie\u00b4s, en el barrio de Punta Minitas de Casa de Campo. Esta es otra villa notable, situada en una pen\u00ednsula con 3 hect\u00e1reas, con vista a la entrada de la Marina Casa de Campo. Punta Minitas # 11 cuenta con seis dormitorios, dos playas privadas, una piscina ol\u00edmpica, y mucho m\u00e1s.<\/p>\n\n\n<div class=\"wp-block-image\">\n<figure class=\"aligncenter is-resized\"><img loading=\"lazy\" decoding=\"async\" src=\"https:\/\/i0.wp.com\/casadecampoliving.com\/wp-content\/uploads\/2022\/10\/casa_de_campo_villa-11.jpg?resize=650%2C320&amp;ssl=1\" alt=\"casa de campo villa\" class=\"wp-image-72436\" title=\"casa_de_campo_villa\" height=\"320\" width=\"650\"\/><\/figure>\n<\/div>\n\n\n<p class=\"has-text-align-center\"><strong>Casa Palapa, Punta Minitas 11 in Casa de Campo<\/strong><br>\n<\/p>\n\n\n\n<p><strong>Christie\u2019s International Real Estate<\/strong><\/p>\n\n\n\n<p>El nombre de Christie es sin\u00f3nimo de arte extraordinario, experiencias inigualables y el glamour internacional. Christie\u2019s International Real Estate&nbsp;se dedica a la comercializaci\u00f3n y venta de propiedades residenciales de lujo en todo el mundo, alcanzando unas ventas anuales de m\u00e1s de 125 mil millones d\u00f3lares de d\u00f3lares.<\/p>\n\n\n\n<p>Mediante el cultivo de este equilibrio \u00fanico de alcance mundial, con un toque personal, Christie\u2019s International Real Estate&nbsp;se ha convertido en una autoridad mundial en la comercializaci\u00f3n de propiedades excepcionales.<\/p>\n\n\n\n<p>La revista Christie\u2019s International Real Estate&nbsp;ofrece a los clientes un acceso exclusivo, a un nivel sin precedentes de visibilidad internacional de los compradores y vendedores de propiedades de alto valor.<\/p>\n\n\n\n<blockquote class=\"wp-block-quote is-layout-flow wp-block-quote-is-layout-flow\"><p>Para consultas:<\/p><p><strong>Rebecca Hughes<\/strong><br>\nrhughes@silgon.net<br>\n(809) 523-2045 [weekdays]<br>\n(809) 949-8906 [mobile]<\/p><\/blockquote>\n","protected":false},"excerpt":{"rendered":"<p>Felicitaciones a Punta Minitas #34, una preciosa villa con vista al oc\u00e9ano en Casa de Campo, que acaba de convertirse en la primera propiedad dominicana en aparecer en la portada de la revista inmobiliaria internacional Christie\u00b4s. Punta Minitas # 34, es catalogada como una \u201cun lugar palaciego en la Rep\u00fablica Dominicana\u201d, con un precio de [&hellip;]<\/p>\n","protected":false},"author":431,"featured_media":245563,"comment_status":"closed","ping_status":"closed","sticky":false,"template":"","format":"standard","meta":{"newspack_ads_suppress_ads":false,"newspack_popups_has_disabled_popups":false,"newspack_sponsor_sponsorship_scope":"","newspack_sponsor_native_byline_display":"inherit","newspack_sponsor_native_category_display":"inherit","newspack_sponsor_underwriter_style":"inherit","newspack_sponsor_underwriter_placement":"inherit","_newspack_byline_active":false,"_newspack_byline":"","newspack_content_restriction_is_exempt":false,"newspack_featured_image_position":"","newspack_post_subtitle":"","newspack_article_summary_title":"Overview:","newspack_article_summary":"","newspack_hide_updated_date":false,"newspack_show_updated_date":false,"_jetpack_memberships_contains_paid_content":false,"footnotes":"","jetpack_publicize_message":"","jetpack_publicize_feature_enabled":true,"jetpack_social_post_already_shared":false,"jetpack_social_options":{"image_generator_settings":{"template":"highway","default_image_id":0,"font":"","enabled":false},"version":2},"_wpas_customize_per_network":false},"categories":[26823,2505,6192,14631,14625,2521,26822,2512,2526],"tags":[],"newspack_spnsrs_tax":[],"class_list":["post-342035","post","type-post","status-publish","format-standard","has-post-thumbnail","hentry","category-arte-y-cultura","category-bienes-raices-casa-de-campo-es","category-businesses","category-estilo-de-vida","category-noticias-locales","category-republica-dominicana-2","category-resort-casa-de-campo","category-revista-casalife-es","category-titulares-es","entry"],"yoast_head":"<!-- This site is optimized with the Yoast SEO plugin v27.3 - https:\/\/yoast.com\/product\/yoast-seo-wordpress\/ -->\n<title>Punta Minitas 34, la primera propiedad dominicana que aparece en la portada de la revista Christie\u00b4s | Casa de Campo Living<\/title>\n<meta name=\"description\" content=\"Felicitaciones a Punta Minitas #34, una preciosa villa con vista al oc\u00e9ano en Casa de Campo, que acaba de convertirse en la primera propiedad dominicana\" \/>\n<meta name=\"robots\" content=\"index, follow, max-snippet:-1, max-image-preview:large, max-video-preview:-1\" \/>\n<link rel=\"canonical\" href=\"https:\/\/casadecampoliving.com\/es\/punta-minitas-34-la-primera-propiedad-dominicana-que-aparece-en-la-portada-de-la-revista-christies\/\" \/>\n<meta property=\"og:locale\" content=\"es_ES\" \/>\n<meta property=\"og:type\" content=\"article\" \/>\n<meta property=\"og:title\" content=\"Punta Minitas 34, la primera propiedad dominicana que aparece en la portada de la revista Christie\u00b4s | Casa de Campo Living\" \/>\n<meta property=\"og:description\" content=\"Felicitaciones a Punta Minitas #34, una preciosa villa con vista al oc\u00e9ano en Casa de Campo, que acaba de convertirse en la primera propiedad dominicana\" \/>\n<meta property=\"og:url\" content=\"https:\/\/casadecampoliving.com\/es\/punta-minitas-34-la-primera-propiedad-dominicana-que-aparece-en-la-portada-de-la-revista-christies\/\" \/>\n<meta property=\"og:site_name\" content=\"Casa de Campo Living\" \/>\n<meta property=\"article:publisher\" content=\"https:\/\/www.facebook.com\/casadecampoliving\" \/>\n<meta property=\"article:published_time\" content=\"2013-06-21T04:00:00+00:00\" \/>\n<meta property=\"article:modified_time\" content=\"2022-10-21T22:49:23+00:00\" \/>\n<meta property=\"og:image\" content=\"https:\/\/i0.wp.com\/casadecampoliving.com\/wp-content\/uploads\/2022\/10\/punta_minitas_34-4.jpg?fit=650%2C367&ssl=1\" \/>\n\t<meta property=\"og:image:width\" content=\"650\" \/>\n\t<meta property=\"og:image:height\" content=\"367\" \/>\n\t<meta property=\"og:image:type\" content=\"image\/jpeg\" \/>\n<meta name=\"author\" content=\"Mairobi Herrera\" \/>\n<meta name=\"twitter:card\" content=\"summary_large_image\" \/>\n<meta name=\"twitter:creator\" content=\"@cdcliving\" \/>\n<meta name=\"twitter:site\" content=\"@cdcliving\" \/>\n<meta name=\"twitter:label1\" content=\"Escrito por\" \/>\n\t<meta name=\"twitter:data1\" content=\"Mairobi Herrera\" \/>\n\t<meta name=\"twitter:label2\" content=\"Tiempo de lectura\" \/>\n\t<meta name=\"twitter:data2\" content=\"4 minutos\" \/>\n<script type=\"application\/ld+json\" class=\"yoast-schema-graph\">{\"@context\":\"https:\\\/\\\/schema.org\",\"@graph\":[{\"@type\":\"Article\",\"@id\":\"https:\\\/\\\/casadecampoliving.com\\\/es\\\/punta-minitas-34-la-primera-propiedad-dominicana-que-aparece-en-la-portada-de-la-revista-christies\\\/#article\",\"isPartOf\":{\"@id\":\"https:\\\/\\\/casadecampoliving.com\\\/es\\\/punta-minitas-34-la-primera-propiedad-dominicana-que-aparece-en-la-portada-de-la-revista-christies\\\/\"},\"author\":{\"name\":\"Mairobi Herrera\",\"@id\":\"https:\\\/\\\/casadecampoliving.com\\\/es\\\/#\\\/schema\\\/person\\\/932e594484c49168ad37fbb9141bf699\"},\"headline\":\"Punta Minitas 34, la primera propiedad dominicana que aparece en la portada de la revista Christie\u00b4s\",\"datePublished\":\"2013-06-21T04:00:00+00:00\",\"dateModified\":\"2022-10-21T22:49:23+00:00\",\"mainEntityOfPage\":{\"@id\":\"https:\\\/\\\/casadecampoliving.com\\\/es\\\/punta-minitas-34-la-primera-propiedad-dominicana-que-aparece-en-la-portada-de-la-revista-christies\\\/\"},\"wordCount\":778,\"publisher\":{\"@id\":\"https:\\\/\\\/casadecampoliving.com\\\/es\\\/#organization\"},\"image\":{\"@id\":\"https:\\\/\\\/casadecampoliving.com\\\/es\\\/punta-minitas-34-la-primera-propiedad-dominicana-que-aparece-en-la-portada-de-la-revista-christies\\\/#primaryimage\"},\"thumbnailUrl\":\"https:\\\/\\\/i0.wp.com\\\/casadecampoliving.com\\\/wp-content\\\/uploads\\\/2022\\\/10\\\/punta_minitas_34-4.jpg?fit=650%2C367&ssl=1\",\"articleSection\":[\"Arte y cultura\",\"Bienes raices Casa de Campo\",\"businesses\",\"Estilo de Vida\",\"Noticias Locales\",\"Rep\u00fablica Dominicana @es\",\"Resort Casa de Campo\",\"Revista CasaLife\",\"Titulares\"],\"inLanguage\":\"es\"},{\"@type\":\"WebPage\",\"@id\":\"https:\\\/\\\/casadecampoliving.com\\\/es\\\/punta-minitas-34-la-primera-propiedad-dominicana-que-aparece-en-la-portada-de-la-revista-christies\\\/\",\"url\":\"https:\\\/\\\/casadecampoliving.com\\\/es\\\/punta-minitas-34-la-primera-propiedad-dominicana-que-aparece-en-la-portada-de-la-revista-christies\\\/\",\"name\":\"Punta Minitas 34, la primera propiedad dominicana que aparece en la portada de la revista Christie\u00b4s | Casa de Campo Living\",\"isPartOf\":{\"@id\":\"https:\\\/\\\/casadecampoliving.com\\\/es\\\/#website\"},\"primaryImageOfPage\":{\"@id\":\"https:\\\/\\\/casadecampoliving.com\\\/es\\\/punta-minitas-34-la-primera-propiedad-dominicana-que-aparece-en-la-portada-de-la-revista-christies\\\/#primaryimage\"},\"image\":{\"@id\":\"https:\\\/\\\/casadecampoliving.com\\\/es\\\/punta-minitas-34-la-primera-propiedad-dominicana-que-aparece-en-la-portada-de-la-revista-christies\\\/#primaryimage\"},\"thumbnailUrl\":\"https:\\\/\\\/i0.wp.com\\\/casadecampoliving.com\\\/wp-content\\\/uploads\\\/2022\\\/10\\\/punta_minitas_34-4.jpg?fit=650%2C367&ssl=1\",\"datePublished\":\"2013-06-21T04:00:00+00:00\",\"dateModified\":\"2022-10-21T22:49:23+00:00\",\"description\":\"Felicitaciones a Punta Minitas #34, una preciosa villa con vista al oc\u00e9ano en Casa de Campo, que acaba de convertirse en la primera propiedad dominicana\",\"breadcrumb\":{\"@id\":\"https:\\\/\\\/casadecampoliving.com\\\/es\\\/punta-minitas-34-la-primera-propiedad-dominicana-que-aparece-en-la-portada-de-la-revista-christies\\\/#breadcrumb\"},\"inLanguage\":\"es\",\"potentialAction\":[{\"@type\":\"ReadAction\",\"target\":[\"https:\\\/\\\/casadecampoliving.com\\\/es\\\/punta-minitas-34-la-primera-propiedad-dominicana-que-aparece-en-la-portada-de-la-revista-christies\\\/\"]}]},{\"@type\":\"ImageObject\",\"inLanguage\":\"es\",\"@id\":\"https:\\\/\\\/casadecampoliving.com\\\/es\\\/punta-minitas-34-la-primera-propiedad-dominicana-que-aparece-en-la-portada-de-la-revista-christies\\\/#primaryimage\",\"url\":\"https:\\\/\\\/i0.wp.com\\\/casadecampoliving.com\\\/wp-content\\\/uploads\\\/2022\\\/10\\\/punta_minitas_34-4.jpg?fit=650%2C367&ssl=1\",\"contentUrl\":\"https:\\\/\\\/i0.wp.com\\\/casadecampoliving.com\\\/wp-content\\\/uploads\\\/2022\\\/10\\\/punta_minitas_34-4.jpg?fit=650%2C367&ssl=1\",\"width\":650,\"height\":367,\"caption\":\"punta minitas 34\"},{\"@type\":\"BreadcrumbList\",\"@id\":\"https:\\\/\\\/casadecampoliving.com\\\/es\\\/punta-minitas-34-la-primera-propiedad-dominicana-que-aparece-en-la-portada-de-la-revista-christies\\\/#breadcrumb\",\"itemListElement\":[{\"@type\":\"ListItem\",\"position\":1,\"name\":\"Home\",\"item\":\"https:\\\/\\\/casadecampoliving.com\\\/es\\\/\"},{\"@type\":\"ListItem\",\"position\":2,\"name\":\"Punta Minitas 34, la primera propiedad dominicana que aparece en la portada de la revista Christie\u00b4s\"}]},{\"@type\":\"WebSite\",\"@id\":\"https:\\\/\\\/casadecampoliving.com\\\/es\\\/#website\",\"url\":\"https:\\\/\\\/casadecampoliving.com\\\/es\\\/\",\"name\":\"Casa de Campo Living\",\"description\":\"Resort community news and resources.\",\"publisher\":{\"@id\":\"https:\\\/\\\/casadecampoliving.com\\\/es\\\/#organization\"},\"potentialAction\":[{\"@type\":\"SearchAction\",\"target\":{\"@type\":\"EntryPoint\",\"urlTemplate\":\"https:\\\/\\\/casadecampoliving.com\\\/es\\\/?s={search_term_string}\"},\"query-input\":{\"@type\":\"PropertyValueSpecification\",\"valueRequired\":true,\"valueName\":\"search_term_string\"}}],\"inLanguage\":\"es\"},{\"@type\":\"Organization\",\"@id\":\"https:\\\/\\\/casadecampoliving.com\\\/es\\\/#organization\",\"name\":\"Casa de Campo Living\",\"url\":\"https:\\\/\\\/casadecampoliving.com\\\/es\\\/\",\"logo\":{\"@type\":\"ImageObject\",\"inLanguage\":\"es\",\"@id\":\"https:\\\/\\\/casadecampoliving.com\\\/es\\\/#\\\/schema\\\/logo\\\/image\\\/\",\"url\":\"https:\\\/\\\/i0.wp.com\\\/casadecampoliving.com\\\/wp-content\\\/uploads\\\/2022\\\/07\\\/CDCLivingLogo_V1-white-sized.png?fit=800%2C214&ssl=1\",\"contentUrl\":\"https:\\\/\\\/i0.wp.com\\\/casadecampoliving.com\\\/wp-content\\\/uploads\\\/2022\\\/07\\\/CDCLivingLogo_V1-white-sized.png?fit=800%2C214&ssl=1\",\"width\":800,\"height\":214,\"caption\":\"Casa de Campo Living\"},\"image\":{\"@id\":\"https:\\\/\\\/casadecampoliving.com\\\/es\\\/#\\\/schema\\\/logo\\\/image\\\/\"},\"sameAs\":[\"https:\\\/\\\/www.facebook.com\\\/casadecampoliving\",\"https:\\\/\\\/x.com\\\/cdcliving\"]},{\"@type\":\"Person\",\"@id\":\"https:\\\/\\\/casadecampoliving.com\\\/es\\\/#\\\/schema\\\/person\\\/932e594484c49168ad37fbb9141bf699\",\"name\":\"Mairobi Herrera\",\"image\":{\"@type\":\"ImageObject\",\"inLanguage\":\"es\",\"@id\":\"https:\\\/\\\/secure.gravatar.com\\\/avatar\\\/d0bf6c19470eb55d83c719e39672f670b2c4412339af1eb8a08f86427ba98ee8?s=96&d=mm&r=g\",\"url\":\"https:\\\/\\\/secure.gravatar.com\\\/avatar\\\/d0bf6c19470eb55d83c719e39672f670b2c4412339af1eb8a08f86427ba98ee8?s=96&d=mm&r=g\",\"contentUrl\":\"https:\\\/\\\/secure.gravatar.com\\\/avatar\\\/d0bf6c19470eb55d83c719e39672f670b2c4412339af1eb8a08f86427ba98ee8?s=96&d=mm&r=g\",\"caption\":\"Mairobi Herrera\"},\"sameAs\":[\"https:\\\/\\\/casadecampoliving.com\\\/\"],\"url\":\"https:\\\/\\\/casadecampoliving.com\\\/es\\\/author\\\/mherrera\\\/\"}]}<\/script>\n<!-- \/ Yoast SEO plugin. -->","yoast_head_json":{"title":"Punta Minitas 34, la primera propiedad dominicana que aparece en la portada de la revista Christie\u00b4s | Casa de Campo Living","description":"Felicitaciones a Punta Minitas #34, una preciosa villa con vista al oc\u00e9ano en Casa de Campo, que acaba de convertirse en la primera propiedad dominicana","robots":{"index":"index","follow":"follow","max-snippet":"max-snippet:-1","max-image-preview":"max-image-preview:large","max-video-preview":"max-video-preview:-1"},"canonical":"https:\/\/casadecampoliving.com\/es\/punta-minitas-34-la-primera-propiedad-dominicana-que-aparece-en-la-portada-de-la-revista-christies\/","og_locale":"es_ES","og_type":"article","og_title":"Punta Minitas 34, la primera propiedad dominicana que aparece en la portada de la revista Christie\u00b4s | Casa de Campo Living","og_description":"Felicitaciones a Punta Minitas #34, una preciosa villa con vista al oc\u00e9ano en Casa de Campo, que acaba de convertirse en la primera propiedad dominicana","og_url":"https:\/\/casadecampoliving.com\/es\/punta-minitas-34-la-primera-propiedad-dominicana-que-aparece-en-la-portada-de-la-revista-christies\/","og_site_name":"Casa de Campo Living","article_publisher":"https:\/\/www.facebook.com\/casadecampoliving","article_published_time":"2013-06-21T04:00:00+00:00","article_modified_time":"2022-10-21T22:49:23+00:00","og_image":[{"width":650,"height":367,"url":"https:\/\/i0.wp.com\/casadecampoliving.com\/wp-content\/uploads\/2022\/10\/punta_minitas_34-4.jpg?fit=650%2C367&ssl=1","type":"image\/jpeg"}],"author":"Mairobi Herrera","twitter_card":"summary_large_image","twitter_creator":"@cdcliving","twitter_site":"@cdcliving","twitter_misc":{"Escrito por":"Mairobi Herrera","Tiempo de lectura":"4 minutos"},"schema":{"@context":"https:\/\/schema.org","@graph":[{"@type":"Article","@id":"https:\/\/casadecampoliving.com\/es\/punta-minitas-34-la-primera-propiedad-dominicana-que-aparece-en-la-portada-de-la-revista-christies\/#article","isPartOf":{"@id":"https:\/\/casadecampoliving.com\/es\/punta-minitas-34-la-primera-propiedad-dominicana-que-aparece-en-la-portada-de-la-revista-christies\/"},"author":{"name":"Mairobi Herrera","@id":"https:\/\/casadecampoliving.com\/es\/#\/schema\/person\/932e594484c49168ad37fbb9141bf699"},"headline":"Punta Minitas 34, la primera propiedad dominicana que aparece en la portada de la revista Christie\u00b4s","datePublished":"2013-06-21T04:00:00+00:00","dateModified":"2022-10-21T22:49:23+00:00","mainEntityOfPage":{"@id":"https:\/\/casadecampoliving.com\/es\/punta-minitas-34-la-primera-propiedad-dominicana-que-aparece-en-la-portada-de-la-revista-christies\/"},"wordCount":778,"publisher":{"@id":"https:\/\/casadecampoliving.com\/es\/#organization"},"image":{"@id":"https:\/\/casadecampoliving.com\/es\/punta-minitas-34-la-primera-propiedad-dominicana-que-aparece-en-la-portada-de-la-revista-christies\/#primaryimage"},"thumbnailUrl":"https:\/\/i0.wp.com\/casadecampoliving.com\/wp-content\/uploads\/2022\/10\/punta_minitas_34-4.jpg?fit=650%2C367&ssl=1","articleSection":["Arte y cultura","Bienes raices Casa de Campo","businesses","Estilo de Vida","Noticias Locales","Rep\u00fablica Dominicana @es","Resort Casa de Campo","Revista CasaLife","Titulares"],"inLanguage":"es"},{"@type":"WebPage","@id":"https:\/\/casadecampoliving.com\/es\/punta-minitas-34-la-primera-propiedad-dominicana-que-aparece-en-la-portada-de-la-revista-christies\/","url":"https:\/\/casadecampoliving.com\/es\/punta-minitas-34-la-primera-propiedad-dominicana-que-aparece-en-la-portada-de-la-revista-christies\/","name":"Punta Minitas 34, la primera propiedad dominicana que aparece en la portada de la revista Christie\u00b4s | Casa de Campo Living","isPartOf":{"@id":"https:\/\/casadecampoliving.com\/es\/#website"},"primaryImageOfPage":{"@id":"https:\/\/casadecampoliving.com\/es\/punta-minitas-34-la-primera-propiedad-dominicana-que-aparece-en-la-portada-de-la-revista-christies\/#primaryimage"},"image":{"@id":"https:\/\/casadecampoliving.com\/es\/punta-minitas-34-la-primera-propiedad-dominicana-que-aparece-en-la-portada-de-la-revista-christies\/#primaryimage"},"thumbnailUrl":"https:\/\/i0.wp.com\/casadecampoliving.com\/wp-content\/uploads\/2022\/10\/punta_minitas_34-4.jpg?fit=650%2C367&ssl=1","datePublished":"2013-06-21T04:00:00+00:00","dateModified":"2022-10-21T22:49:23+00:00","description":"Felicitaciones a Punta Minitas #34, una preciosa villa con vista al oc\u00e9ano en Casa de Campo, que acaba de convertirse en la primera propiedad dominicana","breadcrumb":{"@id":"https:\/\/casadecampoliving.com\/es\/punta-minitas-34-la-primera-propiedad-dominicana-que-aparece-en-la-portada-de-la-revista-christies\/#breadcrumb"},"inLanguage":"es","potentialAction":[{"@type":"ReadAction","target":["https:\/\/casadecampoliving.com\/es\/punta-minitas-34-la-primera-propiedad-dominicana-que-aparece-en-la-portada-de-la-revista-christies\/"]}]},{"@type":"ImageObject","inLanguage":"es","@id":"https:\/\/casadecampoliving.com\/es\/punta-minitas-34-la-primera-propiedad-dominicana-que-aparece-en-la-portada-de-la-revista-christies\/#primaryimage","url":"https:\/\/i0.wp.com\/casadecampoliving.com\/wp-content\/uploads\/2022\/10\/punta_minitas_34-4.jpg?fit=650%2C367&ssl=1","contentUrl":"https:\/\/i0.wp.com\/casadecampoliving.com\/wp-content\/uploads\/2022\/10\/punta_minitas_34-4.jpg?fit=650%2C367&ssl=1","width":650,"height":367,"caption":"punta minitas 34"},{"@type":"BreadcrumbList","@id":"https:\/\/casadecampoliving.com\/es\/punta-minitas-34-la-primera-propiedad-dominicana-que-aparece-en-la-portada-de-la-revista-christies\/#breadcrumb","itemListElement":[{"@type":"ListItem","position":1,"name":"Home","item":"https:\/\/casadecampoliving.com\/es\/"},{"@type":"ListItem","position":2,"name":"Punta Minitas 34, la primera propiedad dominicana que aparece en la portada de la revista Christie\u00b4s"}]},{"@type":"WebSite","@id":"https:\/\/casadecampoliving.com\/es\/#website","url":"https:\/\/casadecampoliving.com\/es\/","name":"Casa de Campo Living","description":"Resort community news and resources.","publisher":{"@id":"https:\/\/casadecampoliving.com\/es\/#organization"},"potentialAction":[{"@type":"SearchAction","target":{"@type":"EntryPoint","urlTemplate":"https:\/\/casadecampoliving.com\/es\/?s={search_term_string}"},"query-input":{"@type":"PropertyValueSpecification","valueRequired":true,"valueName":"search_term_string"}}],"inLanguage":"es"},{"@type":"Organization","@id":"https:\/\/casadecampoliving.com\/es\/#organization","name":"Casa de Campo Living","url":"https:\/\/casadecampoliving.com\/es\/","logo":{"@type":"ImageObject","inLanguage":"es","@id":"https:\/\/casadecampoliving.com\/es\/#\/schema\/logo\/image\/","url":"https:\/\/i0.wp.com\/casadecampoliving.com\/wp-content\/uploads\/2022\/07\/CDCLivingLogo_V1-white-sized.png?fit=800%2C214&ssl=1","contentUrl":"https:\/\/i0.wp.com\/casadecampoliving.com\/wp-content\/uploads\/2022\/07\/CDCLivingLogo_V1-white-sized.png?fit=800%2C214&ssl=1","width":800,"height":214,"caption":"Casa de Campo Living"},"image":{"@id":"https:\/\/casadecampoliving.com\/es\/#\/schema\/logo\/image\/"},"sameAs":["https:\/\/www.facebook.com\/casadecampoliving","https:\/\/x.com\/cdcliving"]},{"@type":"Person","@id":"https:\/\/casadecampoliving.com\/es\/#\/schema\/person\/932e594484c49168ad37fbb9141bf699","name":"Mairobi Herrera","image":{"@type":"ImageObject","inLanguage":"es","@id":"https:\/\/secure.gravatar.com\/avatar\/d0bf6c19470eb55d83c719e39672f670b2c4412339af1eb8a08f86427ba98ee8?s=96&d=mm&r=g","url":"https:\/\/secure.gravatar.com\/avatar\/d0bf6c19470eb55d83c719e39672f670b2c4412339af1eb8a08f86427ba98ee8?s=96&d=mm&r=g","contentUrl":"https:\/\/secure.gravatar.com\/avatar\/d0bf6c19470eb55d83c719e39672f670b2c4412339af1eb8a08f86427ba98ee8?s=96&d=mm&r=g","caption":"Mairobi Herrera"},"sameAs":["https:\/\/casadecampoliving.com\/"],"url":"https:\/\/casadecampoliving.com\/es\/author\/mherrera\/"}]}},"parsely":{"version":"1.1.0","canonical_url":"https:\/\/casadecampoliving.com\/es\/punta-minitas-34-la-primera-propiedad-dominicana-que-aparece-en-la-portada-de-la-revista-christies\/","smart_links":{"inbound":0,"outbound":0},"traffic_boost_suggestions_count":0,"meta":{"@context":"https:\/\/schema.org","@type":"NewsArticle","headline":"Punta Minitas 34, la primera propiedad dominicana que aparece en la portada de la revista Christie\u00b4s","url":"http:\/\/casadecampoliving.com\/es\/punta-minitas-34-la-primera-propiedad-dominicana-que-aparece-en-la-portada-de-la-revista-christies\/","mainEntityOfPage":{"@type":"WebPage","@id":"http:\/\/casadecampoliving.com\/es\/punta-minitas-34-la-primera-propiedad-dominicana-que-aparece-en-la-portada-de-la-revista-christies\/"},"thumbnailUrl":"https:\/\/i0.wp.com\/casadecampoliving.com\/wp-content\/uploads\/2022\/10\/punta_minitas_34-4.jpg?resize=150%2C150&ssl=1","image":{"@type":"ImageObject","url":"https:\/\/i0.wp.com\/casadecampoliving.com\/wp-content\/uploads\/2022\/10\/punta_minitas_34-4.jpg?fit=650%2C367&ssl=1"},"articleSection":"Arte y cultura","author":[{"@type":"Person","name":"Mairobi Herrera"}],"creator":["Mairobi Herrera"],"publisher":{"@type":"Organization","name":"Casa de Campo Living","logo":"https:\/\/casadecampoliving.com\/wp-content\/uploads\/2022\/07\/CDCLivingLogo_V1-white-sized.png"},"keywords":[],"dateCreated":"2013-06-21T04:00:00Z","datePublished":"2013-06-21T04:00:00Z","dateModified":"2022-10-21T22:49:23Z"},"rendered":"<script type=\"application\/ld+json\" class=\"wp-parsely-metadata\">{\"@context\":\"https:\\\/\\\/schema.org\",\"@type\":\"NewsArticle\",\"headline\":\"Punta Minitas 34, la primera propiedad dominicana que aparece en la portada de la revista Christie\\u00b4s\",\"url\":\"http:\\\/\\\/casadecampoliving.com\\\/es\\\/punta-minitas-34-la-primera-propiedad-dominicana-que-aparece-en-la-portada-de-la-revista-christies\\\/\",\"mainEntityOfPage\":{\"@type\":\"WebPage\",\"@id\":\"http:\\\/\\\/casadecampoliving.com\\\/es\\\/punta-minitas-34-la-primera-propiedad-dominicana-que-aparece-en-la-portada-de-la-revista-christies\\\/\"},\"thumbnailUrl\":\"https:\\\/\\\/i0.wp.com\\\/casadecampoliving.com\\\/wp-content\\\/uploads\\\/2022\\\/10\\\/punta_minitas_34-4.jpg?resize=150%2C150&ssl=1\",\"image\":{\"@type\":\"ImageObject\",\"url\":\"https:\\\/\\\/i0.wp.com\\\/casadecampoliving.com\\\/wp-content\\\/uploads\\\/2022\\\/10\\\/punta_minitas_34-4.jpg?fit=650%2C367&ssl=1\"},\"articleSection\":\"Arte y cultura\",\"author\":[{\"@type\":\"Person\",\"name\":\"Mairobi Herrera\"}],\"creator\":[\"Mairobi Herrera\"],\"publisher\":{\"@type\":\"Organization\",\"name\":\"Casa de Campo Living\",\"logo\":\"https:\\\/\\\/casadecampoliving.com\\\/wp-content\\\/uploads\\\/2022\\\/07\\\/CDCLivingLogo_V1-white-sized.png\"},\"keywords\":[],\"dateCreated\":\"2013-06-21T04:00:00Z\",\"datePublished\":\"2013-06-21T04:00:00Z\",\"dateModified\":\"2022-10-21T22:49:23Z\"}<\/script>","tracker_url":"https:\/\/cdn.parsely.com\/keys\/casadecampoliving.com\/p.js"},"jetpack_publicize_connections":[],"jetpack_featured_media_url":"https:\/\/i0.wp.com\/casadecampoliving.com\/wp-content\/uploads\/2022\/10\/punta_minitas_34-4.jpg?fit=650%2C367&ssl=1","jetpack-related-posts":[{"id":348890,"url":"https:\/\/casadecampoliving.com\/es\/casa-de-campo-real-estate-open-house\/","url_meta":{"origin":342035,"position":0},"title":"Casa de Campo Real Estate te invita a su Open House en Punta Minitas 34 y Punta \u00c1guila 63","author":"Felix Guerrero","date":"23 Dic, 2015","format":false,"excerpt":"Casa de Campo es nuestra forma de\u00a0utop\u00eda\u00a0en la paradis\u00edaca\u00a0Rep\u00fablica Dominicana. Si alguna vez has venido de visita, estoy m\u00e1s que seguro de que quedaste sorprendido por su belleza, relajado estilo de vida y su incre\u00edble y variada arquitectura. Ahora es tu oportunidad de adquirir tu propia y lujosa obra maestra\u2026","rel":"","context":"En \u00abCasa de Campo Living @es\u00bb","block_context":{"text":"Casa de Campo Living @es","link":"https:\/\/casadecampoliving.com\/category\/casa-de-campo-living-es\/"},"img":{"alt_text":"Open House Featured","src":"https:\/\/i0.wp.com\/casadecampoliving.com\/wp-content\/uploads\/2022\/10\/Open-House-Featured-1.jpg?fit=650%2C400&ssl=1&resize=350%2C200","width":350,"height":200,"srcset":"https:\/\/i0.wp.com\/casadecampoliving.com\/wp-content\/uploads\/2022\/10\/Open-House-Featured-1.jpg?fit=650%2C400&ssl=1&resize=350%2C200 1x, https:\/\/i0.wp.com\/casadecampoliving.com\/wp-content\/uploads\/2022\/10\/Open-House-Featured-1.jpg?fit=650%2C400&ssl=1&resize=525%2C300 1.5x"},"classes":[]},{"id":341093,"url":"https:\/\/casadecampoliving.com\/es\/un-deslumbrante-coctel-y-muestra-de-arte-en-punta-minitas-34\/","url_meta":{"origin":342035,"position":1},"title":"Un deslumbrante c\u00f3ctel y muestra de arte en Punta Minitas #34","author":"Rebecca Silvestri","date":"23 Abr, 2013","format":false,"excerpt":"\u00a0El pasado jueves 11 de abril de 2013, los propietarios de villas de Casa de Campo, residentes y visitantes, as\u00ed como tambi\u00e9n numerosos corredores de bienes ra\u00edces fueron juntos a una de las m\u00e1s magn\u00edficas fincas de Casa de Campo, Punta Minitas 34, \u00a0para un c\u00f3ctel y una muestra de\u2026","rel":"","context":"En \u00abBienes raices Casa de Campo\u00bb","block_context":{"text":"Bienes raices Casa de Campo","link":"https:\/\/casadecampoliving.com\/es\/category\/bienes-raices-casa-de-campo-es\/"},"img":{"alt_text":"punta minitas 34","src":"https:\/\/i0.wp.com\/casadecampoliving.com\/wp-content\/uploads\/2022\/10\/punta_minitas_34-1.jpg?fit=650%2C406&ssl=1&resize=350%2C200","width":350,"height":200,"srcset":"https:\/\/i0.wp.com\/casadecampoliving.com\/wp-content\/uploads\/2022\/10\/punta_minitas_34-1.jpg?fit=650%2C406&ssl=1&resize=350%2C200 1x, https:\/\/i0.wp.com\/casadecampoliving.com\/wp-content\/uploads\/2022\/10\/punta_minitas_34-1.jpg?fit=650%2C406&ssl=1&resize=525%2C300 1.5x"},"classes":[]},{"id":340410,"url":"https:\/\/casadecampoliving.com\/es\/casa-de-campo-estates-celebra-un-coctel-para-su-co-brokers\/","url_meta":{"origin":342035,"position":2},"title":"Casa de Campo Estates celebra un coctel para su co-brokers","author":"lperdomo","date":"29 Dic, 2012","format":false,"excerpt":"Recientemente,\u00a0Rick Rosemarin de \u201cCasa de Campo Estates\u201d organiz\u00f3 un c\u00f3ctel para su equipo de empleados y co-brokers, en su villa m\u00e1s reconocida y magn\u00edfica; Punta Minitas #34. \u201cCasa de Campo Estates\u201d, una compa\u00f1\u00eda de bienes ra\u00edces\u00a0es due\u00f1a de una numerosa cantidad de villas impresionantes dentro del resort de Casa de\u2026","rel":"","context":"En \u00abBienes raices Casa de Campo\u00bb","block_context":{"text":"Bienes raices Casa de Campo","link":"https:\/\/casadecampoliving.com\/es\/category\/bienes-raices-casa-de-campo-es\/"},"img":{"alt_text":"casa de campo community","src":"https:\/\/i0.wp.com\/casadecampoliving.com\/wp-content\/uploads\/2022\/10\/casa_de_campo_community-1.jpg?fit=650%2C392&ssl=1&resize=350%2C200","width":350,"height":200,"srcset":"https:\/\/i0.wp.com\/casadecampoliving.com\/wp-content\/uploads\/2022\/10\/casa_de_campo_community-1.jpg?fit=650%2C392&ssl=1&resize=350%2C200 1x, https:\/\/i0.wp.com\/casadecampoliving.com\/wp-content\/uploads\/2022\/10\/casa_de_campo_community-1.jpg?fit=650%2C392&ssl=1&resize=525%2C300 1.5x"},"classes":[]},{"id":338396,"url":"https:\/\/casadecampoliving.com\/es\/este-ano-el-tour-de-casas-y-jardines-del-hogar-del-nino-visitara-una-villa-multimillonaria-punta-minitas-34\/","url_meta":{"origin":342035,"position":3},"title":"Este a\u00f1o, el Tour de Casas y Jardines del Hogar del Ni\u00f1o visitar\u00e1 una villa multimillonaria &#8211; Punta Minitas #34!","author":"","date":"15 Feb, 2012","format":false,"excerpt":"Punta Minitas #34, \u00a0ubicado en una de las m\u00e1s exclusivas \u00e1reas de Casa de Campo con villas que gozan de playas privadas, se caracteriza por sus torres que la asemejan a un espectacular castillo. Este viernes 17 de febrero, durante el Tour de Casas y Jardines del Hogar del Ni\u00f1o,\u2026","rel":"","context":"En \u00abEstilo de Vida\u00bb","block_context":{"text":"Estilo de Vida","link":"https:\/\/casadecampoliving.com\/es\/category\/estilo-de-vida\/"},"img":{"alt_text":"punta minitas casa de campo","src":"https:\/\/i0.wp.com\/casadecampoliving.com\/wp-content\/uploads\/2022\/10\/punta_minitas_casa_de_campo-3.jpg?fit=650%2C410&ssl=1&resize=350%2C200","width":350,"height":200,"srcset":"https:\/\/i0.wp.com\/casadecampoliving.com\/wp-content\/uploads\/2022\/10\/punta_minitas_casa_de_campo-3.jpg?fit=650%2C410&ssl=1&resize=350%2C200 1x, https:\/\/i0.wp.com\/casadecampoliving.com\/wp-content\/uploads\/2022\/10\/punta_minitas_casa_de_campo-3.jpg?fit=650%2C410&ssl=1&resize=525%2C300 1.5x"},"classes":[]},{"id":339249,"url":"https:\/\/casadecampoliving.com\/es\/foto-de-la-semana-puesta-del-sol-en-punta-minitas\/","url_meta":{"origin":342035,"position":4},"title":"Foto de la semana: Puesta del sol en Punta Minitas","author":"Rebecca Silvestri","date":"1 Jul, 2012","format":false,"excerpt":"La foto de esta semana fue tomada\u00a0por Rick Rosemarin\u00a0desde la villa Punta Minitas #34, una villa muy especial con su propio playa y donde varios vistantes ricos y famosos elegan disfrutar sus vacaciones! Aqu\u00ed Rick nos dice un poco m\u00e1s sobre la foto: \"La imagen fue inspirada por la tranquilidad\u2026","rel":"","context":"En \u00abBienes raices Casa de Campo\u00bb","block_context":{"text":"Bienes raices Casa de Campo","link":"https:\/\/casadecampoliving.com\/es\/category\/bienes-raices-casa-de-campo-es\/"},"img":{"alt_text":"punta minitas casa de campo","src":"https:\/\/i0.wp.com\/casadecampoliving.com\/wp-content\/uploads\/2022\/10\/punta_minitas_casa_de_campo2-2.jpg?fit=650%2C488&ssl=1&resize=350%2C200","width":350,"height":200,"srcset":"https:\/\/i0.wp.com\/casadecampoliving.com\/wp-content\/uploads\/2022\/10\/punta_minitas_casa_de_campo2-2.jpg?fit=650%2C488&ssl=1&resize=350%2C200 1x, https:\/\/i0.wp.com\/casadecampoliving.com\/wp-content\/uploads\/2022\/10\/punta_minitas_casa_de_campo2-2.jpg?fit=650%2C488&ssl=1&resize=525%2C300 1.5x"},"classes":[]},{"id":340632,"url":"https:\/\/casadecampoliving.com\/es\/drake-graba-video-started-from-the-bottom-en-punta-minitas-34-de-casa-de-campo\/","url_meta":{"origin":342035,"position":5},"title":"Drake graba video \u00abStarted From the Bottom\u00bb en Punta Minitas #34 de Casa de Campo","author":"","date":"13 Feb, 2013","format":false,"excerpt":"Casa de Campo, el para\u00edso que llamamos hogar, a veces tambi\u00e9n juega el papel de \u201c\u00e1rea recreativa para los ricos y famosos\u201d, si contamos todas las celebridades que hemos visto aqu\u00ed con el paso de los a\u00f1os (Beyonce and Jay-Z, los Kardashians, Vin\u00a0Diesel, \u00a0Pitbull, los Jonas Brothers, Hugh Grant, Marc\u2026","rel":"","context":"En \u00abBienes raices Casa de Campo\u00bb","block_context":{"text":"Bienes raices Casa de Campo","link":"https:\/\/casadecampoliving.com\/es\/category\/bienes-raices-casa-de-campo-es\/"},"img":{"alt_text":"drake casa de campo","src":"https:\/\/i0.wp.com\/casadecampoliving.com\/wp-content\/uploads\/2022\/10\/drake_casa_de_campo-1.jpg?fit=638%2C347&ssl=1&resize=350%2C200","width":350,"height":200,"srcset":"https:\/\/i0.wp.com\/casadecampoliving.com\/wp-content\/uploads\/2022\/10\/drake_casa_de_campo-1.jpg?fit=638%2C347&ssl=1&resize=350%2C200 1x, https:\/\/i0.wp.com\/casadecampoliving.com\/wp-content\/uploads\/2022\/10\/drake_casa_de_campo-1.jpg?fit=638%2C347&ssl=1&resize=525%2C300 1.5x"},"classes":[]}],"jetpack_sharing_enabled":true,"_links":{"self":[{"href":"https:\/\/casadecampoliving.com\/es\/wp-json\/wp\/v2\/posts\/342035","targetHints":{"allow":["GET"]}}],"collection":[{"href":"https:\/\/casadecampoliving.com\/es\/wp-json\/wp\/v2\/posts"}],"about":[{"href":"https:\/\/casadecampoliving.com\/es\/wp-json\/wp\/v2\/types\/post"}],"author":[{"embeddable":true,"href":"https:\/\/casadecampoliving.com\/es\/wp-json\/wp\/v2\/users\/431"}],"replies":[{"embeddable":true,"href":"https:\/\/casadecampoliving.com\/es\/wp-json\/wp\/v2\/comments?post=342035"}],"version-history":[{"count":1,"href":"https:\/\/casadecampoliving.com\/es\/wp-json\/wp\/v2\/posts\/342035\/revisions"}],"predecessor-version":[{"id":342036,"href":"https:\/\/casadecampoliving.com\/es\/wp-json\/wp\/v2\/posts\/342035\/revisions\/342036"}],"wp:featuredmedia":[{"embeddable":true,"href":"https:\/\/casadecampoliving.com\/es\/wp-json\/wp\/v2\/media\/245563"}],"wp:attachment":[{"href":"https:\/\/casadecampoliving.com\/es\/wp-json\/wp\/v2\/media?parent=342035"}],"wp:term":[{"taxonomy":"category","embeddable":true,"href":"https:\/\/casadecampoliving.com\/es\/wp-json\/wp\/v2\/categories?post=342035"},{"taxonomy":"post_tag","embeddable":true,"href":"https:\/\/casadecampoliving.com\/es\/wp-json\/wp\/v2\/tags?post=342035"},{"taxonomy":"newspack_spnsrs_tax","embeddable":true,"href":"https:\/\/casadecampoliving.com\/es\/wp-json\/wp\/v2\/newspack_spnsrs_tax?post=342035"}],"curies":[{"name":"wp","href":"https:\/\/api.w.org\/{rel}","templated":true}]}}