{"id":341903,"date":"2013-06-17T00:00:00","date_gmt":"2013-06-17T04:00:00","guid":{"rendered":"https:\/\/casadecampoliving.com\/reserve-la-fecha-exhibicion-de-arte-convergencia-del-4-al-29-de-julio-en-la-galeria-altos-de-chavon\/"},"modified":"2022-10-21T18:47:35","modified_gmt":"2022-10-21T22:47:35","slug":"reserve-la-fecha-exhibicion-de-arte-convergencia-del-4-al-29-de-julio-en-la-galeria-altos-de-chavon","status":"publish","type":"post","link":"https:\/\/casadecampoliving.com\/es\/reserve-la-fecha-exhibicion-de-arte-convergencia-del-4-al-29-de-julio-en-la-galeria-altos-de-chavon\/","title":{"rendered":"Reserve la fecha: Exhibici\u00f3n de arte \u00abConvergencia\u00bb- Del 4 al 29 de Julio en La Galer\u00eda Altos de Chav\u00f3n"},"content":{"rendered":"<div class=\"wp-block-image\">\n<figure class=\"aligncenter is-resized\"><img loading=\"lazy\" decoding=\"async\" src=\"https:\/\/i0.wp.com\/casadecampoliving.com\/wp-content\/uploads\/2022\/10\/convergencia_arte.jpg?resize=650%2C300&amp;ssl=1\" alt=\"convergencia arte\" class=\"wp-image-72025\" title=\"convergencia_arte\" height=\"300\" width=\"650\"\/><\/figure>\n<\/div>\n\n\n<p>El pr\u00f3ximo Jueves 4 de julio la Fundaci\u00f3n Centro Cultural Altos de Chav\u00f3n inaugurar\u00e1 la exposici\u00f3n \u201cConvergencia\u201d, en donde se mostrar\u00e1n las obras de artes de los artistas Fernando Tamburini, Grimaldy Polanco y Pery Jim\u00e9nez,&nbsp;en&nbsp;la Galer\u00eda Principal de Altos de Chav\u00f3n.<\/p>\n\n\n\n<p>El jueves 04 de julio, a partir de las 7:30 pm, se realizar\u00e1 el c\u00f3ctel de apertura en La Galer\u00eda. Y usted est\u00e1 cordialmente invitado a unirse a la celebraci\u00f3n, y tener la oportunidad de ser uno de los primeros en ver las obras de arte, conocer a los artistas y disfrutar de unos c\u00f3cteles entre due\u00f1os de villas de Casa de Campo, residentes y amigos.<\/p>\n\n\n\n<p>Luego de la apertura la exposici\u00f3n estar\u00e1 abierta desde el 29 de Julio del 2013, en horario de 9:00 AM a 6:00 PM. Estar\u00e1 cerrada los Mi\u00e9rcoles.<\/p>\n\n\n\n<p>Fernando Tamburini, Grimaldy Polanco y Pery Jim\u00e9nez son tres pintores muy talentosos que han expuestos sus trabajos en importantes galer\u00edas nacionales e internacionles.<\/p>\n\n\n\n<blockquote class=\"wp-block-quote is-layout-flow wp-block-quote-is-layout-flow\"><p><strong>Exposici\u00f3n de Arte \u201cConvergencia\u201d:<\/strong><\/p><p><strong>Cu\u00e1ndo:<\/strong> Jueves 4 de julio, 7:30pm<\/p><p><strong>D\u00f3nde:<\/strong> La Galer\u00eda, Altos de Chav\u00f3n<\/p><p><strong>Artistas:&nbsp;<\/strong>Fernando Tamburini, Grimaldy Polanco y Pery Jim\u00e9nez<\/p><p><strong>Contacto:<\/strong><\/p><\/blockquote>\n\n\n\n<blockquote class=\"wp-block-quote is-layout-flow wp-block-quote-is-layout-flow\"><p>\u2022 La Galer\u00eda: &nbsp;809-523-8470<\/p><\/blockquote>\n\n\n\n<blockquote class=\"wp-block-quote is-layout-flow wp-block-quote-is-layout-flow\"><p>Luego de la apertura la exposici\u00f3n estar\u00e1 abierta desde el 29 de Julio del 2013, en horario de 9:00 AM a 6:00 PM. Estar\u00e1 cerrada los Mi\u00e9rcoles.<\/p><\/blockquote>\n\n\n\n<p><strong>Acerca de los pintores:<\/strong><\/p>\n\n\n\n<blockquote><p><strong style=\"font-size: 13px;\">Fernando Tamburini:<\/strong><\/p><p><strong style=\"font-size: 13px;\"><\/strong>Naci\u00f3 en Barahona, en el a\u00f1o 1961. Al graduarse de la Escuela de Dise\u00f1o Altos de Chav\u00f3n, parte hacia la ciudad de Nueva York, donde trabaj\u00f3 como dise\u00f1ador de modas y textiles. Entre 1990-1994, expuso de manera colectiva en importante galer\u00edas y museos de los Estados Unidos, tales como Jadite Gallery, The Paterson Museum, de New Jersey y la Jeshiva University de Nueva York. En 1995 participa en el programa Artistas en Residencia de la Fundaci\u00f3n Centro Cultural Altos de Chav\u00f3n. En este mismo a\u00f1o se hace cargo de la Galer\u00eda de Altos de Chav\u00f3n, al frente de la cual realiza una labor meritoria hasta finales de 1997.<\/p><p>Entre sus exposiciones m\u00e1s importantes en Santo Domingo se destacan XX Bienal Nacional de Artes Visuales, Museo de Arte Moderno(1995), Arte-Objeto, Fundaci\u00f3n Nouveau de Arte Contempor\u00e1neo (1998), Primer Encuentro Internacional de Grabado en Peque\u00f1o Formato, Fundaci\u00f3n Nouveau de Arte contempor\u00e1neo (1997) ocho caras, Galer\u00eda el Espacio, Santo Domingo, De los sue\u00f1os, Centro Cultural Espa\u00f1ol, Papier, Galer\u00eda El espacio, Sin Titulo, Fundaci\u00f3n Guayasam\u00edn y mas reciente en la feria de arte de New York, Agora Gallery, Miami y La Galer\u00eda de Altos de Chav\u00f3n con dos individuales y dos reencuentros con Cataldi y Kikito.<\/p><p>Actualmente tiene su estudio en La Romana y vende sus cuadros en Eduardos Galleria en La Romana.<\/p><figure><img decoding=\"async\" loading=\"lazy\" class=\"aligncenter  wp-image-72060\" title=\"fernando_tamburini_art2\" src=\"https:\/\/i0.wp.com\/casadecampoliving.com\/wp-content\/uploads\/2022\/10\/fernando_tamburini_art2-2.jpg?resize=585%2C323&amp;ssl=1\" alt=\"\" width=\"585\" height=\"323\"><\/figure><p style=\"text-align: center;\"><\/p><\/blockquote>\n\n\n\n<blockquote class=\"wp-block-quote is-layout-flow wp-block-quote-is-layout-flow\"><p><strong style=\"font-size: 13px;\">Grimaldy Polanco:<\/strong><\/p><p><strong style=\"font-size: 13px;\"><\/strong>&nbsp;Naci\u00f3 en Puerto Plata. Estudi\u00f3 diferentes disciplinas del arte en Parsons School of Design, N.Y. USA, Altos de Chav\u00f3n la Escuela de Dise\u00f1o, la Romana R.D. y en la Universidad Aut\u00f3noma de Santo Domingo (UASD).<\/p><p>Ha participado en numerosas exposiciones de arte y dise\u00f1o en diversos paises, recibiendo m\u00e1s de una decena de premios y distinciones. Sus trabajos presentan una visi\u00f3n Metaf\u00f3rica de los contornos imprecisos y en constante evaluaci\u00f3n, de la desnaturalizaci\u00f3n de los conceptos socio-culturales , la interconecci\u00f3n interior y exterior del todo y el acceso a la ilimitada capacidad interior del ser humano para transformarse o ser transformados.<\/p><\/blockquote>\n\n\n\n<blockquote class=\"wp-block-quote is-layout-flow wp-block-quote-is-layout-flow\"><p><strong style=\"font-size: 13px;\">Francisco Javier De Jesus Jim\u00e9nez Gonz\u00e1lez (Pery Jim\u00e9nez): <\/strong><\/p><p><strong style=\"font-size: 13px;\"><\/strong>Graduado de&nbsp; La Escuela de Pintura Puerto Plata Dibujo y Pintura (1976 \u2013 78); Universidad Aut\u00f3noma de Santo Domingo Artes Publicitarias (1978-84); Altos de Chav\u00f3n, La Escuela de Dise\u00f1o de la carrera Ilustraci\u00f3n y Artes Pl\u00e1sticas (1985 -87) y &nbsp;de Parsons School of Design, en la ciudad de Nueva York(1988) en la carrera de Ilustraci\u00f3n.<\/p><p>Ha presentado su trabajo en Galer\u00eda de Arte Moderno Santo Domingo, Manhattan Community College, York College Library, New York, The Guerrilla Gallery of Thelma Hill, Brooklyn, N. Y., en varias ediciones de la Bienal Nacional de Artes Visuales,&nbsp; en el Museo de Arte Moderno y en muchos otros festivales y exposiciones de colectivos donde el p\u00fablico ha podido ser part\u00edcipe del talento de este egresado que vuelve a presentar sus piezas en lo que una vez fue su casa.<\/p><\/blockquote>\n","protected":false},"excerpt":{"rendered":"<p>El pr\u00f3ximo Jueves 4 de julio la Fundaci\u00f3n Centro Cultural Altos de Chav\u00f3n inaugurar\u00e1 la exposici\u00f3n \u201cConvergencia\u201d, en donde se mostrar\u00e1n las obras de artes de los artistas Fernando Tamburini, Grimaldy Polanco y Pery Jim\u00e9nez,&nbsp;en&nbsp;la Galer\u00eda Principal de Altos de Chav\u00f3n. El jueves 04 de julio, a partir de las 7:30 pm, se realizar\u00e1 el [&hellip;]<\/p>\n","protected":false},"author":431,"featured_media":244007,"comment_status":"closed","ping_status":"closed","sticky":false,"template":"","format":"standard","meta":{"newspack_ads_suppress_ads":false,"newspack_popups_has_disabled_popups":false,"newspack_sponsor_sponsorship_scope":"","newspack_sponsor_native_byline_display":"inherit","newspack_sponsor_native_category_display":"inherit","newspack_sponsor_underwriter_style":"inherit","newspack_sponsor_underwriter_placement":"inherit","_newspack_byline_active":false,"_newspack_byline":"","newspack_hide_updated_date":false,"newspack_show_updated_date":false,"newspack_content_restriction_is_exempt":false,"newspack_featured_image_position":"","newspack_post_subtitle":"","newspack_article_summary_title":"Overview:","newspack_article_summary":"","_jetpack_memberships_contains_paid_content":false,"footnotes":"","jetpack_publicize_message":"","jetpack_publicize_feature_enabled":true,"jetpack_social_post_already_shared":false,"jetpack_social_options":{"image_generator_settings":{"template":"highway","default_image_id":0,"font":"","enabled":false},"version":2},"_wpas_customize_per_network":false},"categories":[26819,26823,2524,2522,14625,14627,26822],"tags":[2557,6680],"newspack_spnsrs_tax":[],"class_list":["post-341903","post","type-post","status-publish","format-standard","has-post-thumbnail","hentry","category-altos-de-chavon-es","category-arte-y-cultura","category-destacados","category-eventos-es","category-noticias-locales","category-proximamente","category-resort-casa-de-campo","tag-exhibicion-de-arte","tag-pery-jimenez","entry"],"yoast_head":"<!-- This site is optimized with the Yoast SEO plugin v27.5 - https:\/\/yoast.com\/product\/yoast-seo-wordpress\/ -->\n<title>Reserve la fecha: Exhibici\u00f3n de arte &quot;Convergencia&quot;- Del 4 al 29 de Julio en La Galer\u00eda Altos de Chav\u00f3n | Casa de Campo Living<\/title>\n<meta name=\"description\" content=\"El pr\u00f3ximo Jueves 4 de julio la Fundaci\u00f3n Centro Cultural Altos de Chav\u00f3n inaugurar\u00e1 la exposici\u00f3n \u201cConvergencia\u201d, en donde se mostrar\u00e1n las obras de\" \/>\n<meta name=\"robots\" content=\"index, follow, max-snippet:-1, max-image-preview:large, max-video-preview:-1\" \/>\n<link rel=\"canonical\" href=\"https:\/\/casadecampoliving.com\/es\/reserve-la-fecha-exhibicion-de-arte-convergencia-del-4-al-29-de-julio-en-la-galeria-altos-de-chavon\/\" \/>\n<meta property=\"og:locale\" content=\"es_ES\" \/>\n<meta property=\"og:type\" content=\"article\" \/>\n<meta property=\"og:title\" content=\"Reserve la fecha: Exhibici\u00f3n de arte &quot;Convergencia&quot;- Del 4 al 29 de Julio en La Galer\u00eda Altos de Chav\u00f3n | Casa de Campo Living\" \/>\n<meta property=\"og:description\" content=\"El pr\u00f3ximo Jueves 4 de julio la Fundaci\u00f3n Centro Cultural Altos de Chav\u00f3n inaugurar\u00e1 la exposici\u00f3n \u201cConvergencia\u201d, en donde se mostrar\u00e1n las obras de\" \/>\n<meta property=\"og:url\" content=\"https:\/\/casadecampoliving.com\/es\/reserve-la-fecha-exhibicion-de-arte-convergencia-del-4-al-29-de-julio-en-la-galeria-altos-de-chavon\/\" \/>\n<meta property=\"og:site_name\" content=\"Casa de Campo Living\" \/>\n<meta property=\"article:publisher\" content=\"https:\/\/www.facebook.com\/casadecampoliving\" \/>\n<meta property=\"article:published_time\" content=\"2013-06-17T04:00:00+00:00\" \/>\n<meta property=\"article:modified_time\" content=\"2022-10-21T22:47:35+00:00\" \/>\n<meta property=\"og:image\" content=\"https:\/\/i0.wp.com\/casadecampoliving.com\/wp-content\/uploads\/2022\/10\/convergencia_arte-1.jpg?fit=650%2C300&ssl=1\" \/>\n\t<meta property=\"og:image:width\" content=\"650\" \/>\n\t<meta property=\"og:image:height\" content=\"300\" \/>\n\t<meta property=\"og:image:type\" content=\"image\/jpeg\" \/>\n<meta name=\"author\" content=\"Mairobi Herrera\" \/>\n<meta name=\"twitter:card\" content=\"summary_large_image\" \/>\n<meta name=\"twitter:creator\" content=\"@cdcliving\" \/>\n<meta name=\"twitter:site\" content=\"@cdcliving\" \/>\n<meta name=\"twitter:label1\" content=\"Escrito por\" \/>\n\t<meta name=\"twitter:data1\" content=\"Mairobi Herrera\" \/>\n\t<meta name=\"twitter:label2\" content=\"Tiempo de lectura\" \/>\n\t<meta name=\"twitter:data2\" content=\"4 minutos\" \/>\n<script type=\"application\/ld+json\" class=\"yoast-schema-graph\">{\"@context\":\"https:\\\/\\\/schema.org\",\"@graph\":[{\"@type\":\"Article\",\"@id\":\"https:\\\/\\\/casadecampoliving.com\\\/es\\\/reserve-la-fecha-exhibicion-de-arte-convergencia-del-4-al-29-de-julio-en-la-galeria-altos-de-chavon\\\/#article\",\"isPartOf\":{\"@id\":\"https:\\\/\\\/casadecampoliving.com\\\/es\\\/reserve-la-fecha-exhibicion-de-arte-convergencia-del-4-al-29-de-julio-en-la-galeria-altos-de-chavon\\\/\"},\"author\":{\"name\":\"Mairobi Herrera\",\"@id\":\"https:\\\/\\\/casadecampoliving.com\\\/es\\\/#\\\/schema\\\/person\\\/932e594484c49168ad37fbb9141bf699\"},\"headline\":\"Reserve la fecha: Exhibici\u00f3n de arte \u00abConvergencia\u00bb- Del 4 al 29 de Julio en La Galer\u00eda Altos de Chav\u00f3n\",\"datePublished\":\"2013-06-17T04:00:00+00:00\",\"dateModified\":\"2022-10-21T22:47:35+00:00\",\"mainEntityOfPage\":{\"@id\":\"https:\\\/\\\/casadecampoliving.com\\\/es\\\/reserve-la-fecha-exhibicion-de-arte-convergencia-del-4-al-29-de-julio-en-la-galeria-altos-de-chavon\\\/\"},\"wordCount\":765,\"publisher\":{\"@id\":\"https:\\\/\\\/casadecampoliving.com\\\/es\\\/#organization\"},\"image\":{\"@id\":\"https:\\\/\\\/casadecampoliving.com\\\/es\\\/reserve-la-fecha-exhibicion-de-arte-convergencia-del-4-al-29-de-julio-en-la-galeria-altos-de-chavon\\\/#primaryimage\"},\"thumbnailUrl\":\"https:\\\/\\\/i0.wp.com\\\/casadecampoliving.com\\\/wp-content\\\/uploads\\\/2022\\\/10\\\/convergencia_arte-1.jpg?fit=650%2C300&ssl=1\",\"keywords\":[\"exhibicion de arte\",\"pery jimenez\"],\"articleSection\":[\"Altos de Chavon @es\",\"Arte y cultura\",\"Destacados\",\"Eventos\",\"Noticias Locales\",\"Proximamente\",\"Resort Casa de Campo\"],\"inLanguage\":\"es\"},{\"@type\":\"WebPage\",\"@id\":\"https:\\\/\\\/casadecampoliving.com\\\/es\\\/reserve-la-fecha-exhibicion-de-arte-convergencia-del-4-al-29-de-julio-en-la-galeria-altos-de-chavon\\\/\",\"url\":\"https:\\\/\\\/casadecampoliving.com\\\/es\\\/reserve-la-fecha-exhibicion-de-arte-convergencia-del-4-al-29-de-julio-en-la-galeria-altos-de-chavon\\\/\",\"name\":\"Reserve la fecha: Exhibici\u00f3n de arte \\\"Convergencia\\\"- Del 4 al 29 de Julio en La Galer\u00eda Altos de Chav\u00f3n | Casa de Campo Living\",\"isPartOf\":{\"@id\":\"https:\\\/\\\/casadecampoliving.com\\\/es\\\/#website\"},\"primaryImageOfPage\":{\"@id\":\"https:\\\/\\\/casadecampoliving.com\\\/es\\\/reserve-la-fecha-exhibicion-de-arte-convergencia-del-4-al-29-de-julio-en-la-galeria-altos-de-chavon\\\/#primaryimage\"},\"image\":{\"@id\":\"https:\\\/\\\/casadecampoliving.com\\\/es\\\/reserve-la-fecha-exhibicion-de-arte-convergencia-del-4-al-29-de-julio-en-la-galeria-altos-de-chavon\\\/#primaryimage\"},\"thumbnailUrl\":\"https:\\\/\\\/i0.wp.com\\\/casadecampoliving.com\\\/wp-content\\\/uploads\\\/2022\\\/10\\\/convergencia_arte-1.jpg?fit=650%2C300&ssl=1\",\"datePublished\":\"2013-06-17T04:00:00+00:00\",\"dateModified\":\"2022-10-21T22:47:35+00:00\",\"description\":\"El pr\u00f3ximo Jueves 4 de julio la Fundaci\u00f3n Centro Cultural Altos de Chav\u00f3n inaugurar\u00e1 la exposici\u00f3n \u201cConvergencia\u201d, en donde se mostrar\u00e1n las obras de\",\"breadcrumb\":{\"@id\":\"https:\\\/\\\/casadecampoliving.com\\\/es\\\/reserve-la-fecha-exhibicion-de-arte-convergencia-del-4-al-29-de-julio-en-la-galeria-altos-de-chavon\\\/#breadcrumb\"},\"inLanguage\":\"es\",\"potentialAction\":[{\"@type\":\"ReadAction\",\"target\":[\"https:\\\/\\\/casadecampoliving.com\\\/es\\\/reserve-la-fecha-exhibicion-de-arte-convergencia-del-4-al-29-de-julio-en-la-galeria-altos-de-chavon\\\/\"]}]},{\"@type\":\"ImageObject\",\"inLanguage\":\"es\",\"@id\":\"https:\\\/\\\/casadecampoliving.com\\\/es\\\/reserve-la-fecha-exhibicion-de-arte-convergencia-del-4-al-29-de-julio-en-la-galeria-altos-de-chavon\\\/#primaryimage\",\"url\":\"https:\\\/\\\/i0.wp.com\\\/casadecampoliving.com\\\/wp-content\\\/uploads\\\/2022\\\/10\\\/convergencia_arte-1.jpg?fit=650%2C300&ssl=1\",\"contentUrl\":\"https:\\\/\\\/i0.wp.com\\\/casadecampoliving.com\\\/wp-content\\\/uploads\\\/2022\\\/10\\\/convergencia_arte-1.jpg?fit=650%2C300&ssl=1\",\"width\":650,\"height\":300,\"caption\":\"convergencia arte\"},{\"@type\":\"BreadcrumbList\",\"@id\":\"https:\\\/\\\/casadecampoliving.com\\\/es\\\/reserve-la-fecha-exhibicion-de-arte-convergencia-del-4-al-29-de-julio-en-la-galeria-altos-de-chavon\\\/#breadcrumb\",\"itemListElement\":[{\"@type\":\"ListItem\",\"position\":1,\"name\":\"Home\",\"item\":\"https:\\\/\\\/casadecampoliving.com\\\/es\\\/\"},{\"@type\":\"ListItem\",\"position\":2,\"name\":\"Reserve la fecha: Exhibici\u00f3n de arte &#8220;Convergencia&#8221;- Del 4 al 29 de Julio en La Galer\u00eda Altos de Chav\u00f3n\"}]},{\"@type\":\"WebSite\",\"@id\":\"https:\\\/\\\/casadecampoliving.com\\\/es\\\/#website\",\"url\":\"https:\\\/\\\/casadecampoliving.com\\\/es\\\/\",\"name\":\"Casa de Campo Living\",\"description\":\"Resort community news and resources.\",\"publisher\":{\"@id\":\"https:\\\/\\\/casadecampoliving.com\\\/es\\\/#organization\"},\"potentialAction\":[{\"@type\":\"SearchAction\",\"target\":{\"@type\":\"EntryPoint\",\"urlTemplate\":\"https:\\\/\\\/casadecampoliving.com\\\/es\\\/?s={search_term_string}\"},\"query-input\":{\"@type\":\"PropertyValueSpecification\",\"valueRequired\":true,\"valueName\":\"search_term_string\"}}],\"inLanguage\":\"es\"},{\"@type\":\"Organization\",\"@id\":\"https:\\\/\\\/casadecampoliving.com\\\/es\\\/#organization\",\"name\":\"Casa de Campo Living\",\"url\":\"https:\\\/\\\/casadecampoliving.com\\\/es\\\/\",\"logo\":{\"@type\":\"ImageObject\",\"inLanguage\":\"es\",\"@id\":\"https:\\\/\\\/casadecampoliving.com\\\/es\\\/#\\\/schema\\\/logo\\\/image\\\/\",\"url\":\"https:\\\/\\\/i0.wp.com\\\/casadecampoliving.com\\\/wp-content\\\/uploads\\\/2022\\\/07\\\/CDCLivingLogo_V1-white-sized.png?fit=800%2C214&ssl=1\",\"contentUrl\":\"https:\\\/\\\/i0.wp.com\\\/casadecampoliving.com\\\/wp-content\\\/uploads\\\/2022\\\/07\\\/CDCLivingLogo_V1-white-sized.png?fit=800%2C214&ssl=1\",\"width\":800,\"height\":214,\"caption\":\"Casa de Campo Living\"},\"image\":{\"@id\":\"https:\\\/\\\/casadecampoliving.com\\\/es\\\/#\\\/schema\\\/logo\\\/image\\\/\"},\"sameAs\":[\"https:\\\/\\\/www.facebook.com\\\/casadecampoliving\",\"https:\\\/\\\/x.com\\\/cdcliving\"]},{\"@type\":\"Person\",\"@id\":\"https:\\\/\\\/casadecampoliving.com\\\/es\\\/#\\\/schema\\\/person\\\/932e594484c49168ad37fbb9141bf699\",\"name\":\"Mairobi Herrera\",\"image\":{\"@type\":\"ImageObject\",\"inLanguage\":\"es\",\"@id\":\"https:\\\/\\\/secure.gravatar.com\\\/avatar\\\/d0bf6c19470eb55d83c719e39672f670b2c4412339af1eb8a08f86427ba98ee8?s=96&d=mm&r=g\",\"url\":\"https:\\\/\\\/secure.gravatar.com\\\/avatar\\\/d0bf6c19470eb55d83c719e39672f670b2c4412339af1eb8a08f86427ba98ee8?s=96&d=mm&r=g\",\"contentUrl\":\"https:\\\/\\\/secure.gravatar.com\\\/avatar\\\/d0bf6c19470eb55d83c719e39672f670b2c4412339af1eb8a08f86427ba98ee8?s=96&d=mm&r=g\",\"caption\":\"Mairobi Herrera\"},\"sameAs\":[\"https:\\\/\\\/casadecampoliving.com\\\/\"],\"url\":\"https:\\\/\\\/casadecampoliving.com\\\/es\\\/author\\\/mherrera\\\/\"}]}<\/script>\n<!-- \/ Yoast SEO plugin. -->","yoast_head_json":{"title":"Reserve la fecha: Exhibici\u00f3n de arte \"Convergencia\"- Del 4 al 29 de Julio en La Galer\u00eda Altos de Chav\u00f3n | Casa de Campo Living","description":"El pr\u00f3ximo Jueves 4 de julio la Fundaci\u00f3n Centro Cultural Altos de Chav\u00f3n inaugurar\u00e1 la exposici\u00f3n \u201cConvergencia\u201d, en donde se mostrar\u00e1n las obras de","robots":{"index":"index","follow":"follow","max-snippet":"max-snippet:-1","max-image-preview":"max-image-preview:large","max-video-preview":"max-video-preview:-1"},"canonical":"https:\/\/casadecampoliving.com\/es\/reserve-la-fecha-exhibicion-de-arte-convergencia-del-4-al-29-de-julio-en-la-galeria-altos-de-chavon\/","og_locale":"es_ES","og_type":"article","og_title":"Reserve la fecha: Exhibici\u00f3n de arte \"Convergencia\"- Del 4 al 29 de Julio en La Galer\u00eda Altos de Chav\u00f3n | Casa de Campo Living","og_description":"El pr\u00f3ximo Jueves 4 de julio la Fundaci\u00f3n Centro Cultural Altos de Chav\u00f3n inaugurar\u00e1 la exposici\u00f3n \u201cConvergencia\u201d, en donde se mostrar\u00e1n las obras de","og_url":"https:\/\/casadecampoliving.com\/es\/reserve-la-fecha-exhibicion-de-arte-convergencia-del-4-al-29-de-julio-en-la-galeria-altos-de-chavon\/","og_site_name":"Casa de Campo Living","article_publisher":"https:\/\/www.facebook.com\/casadecampoliving","article_published_time":"2013-06-17T04:00:00+00:00","article_modified_time":"2022-10-21T22:47:35+00:00","og_image":[{"width":650,"height":300,"url":"https:\/\/i0.wp.com\/casadecampoliving.com\/wp-content\/uploads\/2022\/10\/convergencia_arte-1.jpg?fit=650%2C300&ssl=1","type":"image\/jpeg"}],"author":"Mairobi Herrera","twitter_card":"summary_large_image","twitter_creator":"@cdcliving","twitter_site":"@cdcliving","twitter_misc":{"Escrito por":"Mairobi Herrera","Tiempo de lectura":"4 minutos"},"schema":{"@context":"https:\/\/schema.org","@graph":[{"@type":"Article","@id":"https:\/\/casadecampoliving.com\/es\/reserve-la-fecha-exhibicion-de-arte-convergencia-del-4-al-29-de-julio-en-la-galeria-altos-de-chavon\/#article","isPartOf":{"@id":"https:\/\/casadecampoliving.com\/es\/reserve-la-fecha-exhibicion-de-arte-convergencia-del-4-al-29-de-julio-en-la-galeria-altos-de-chavon\/"},"author":{"name":"Mairobi Herrera","@id":"https:\/\/casadecampoliving.com\/es\/#\/schema\/person\/932e594484c49168ad37fbb9141bf699"},"headline":"Reserve la fecha: Exhibici\u00f3n de arte \u00abConvergencia\u00bb- Del 4 al 29 de Julio en La Galer\u00eda Altos de Chav\u00f3n","datePublished":"2013-06-17T04:00:00+00:00","dateModified":"2022-10-21T22:47:35+00:00","mainEntityOfPage":{"@id":"https:\/\/casadecampoliving.com\/es\/reserve-la-fecha-exhibicion-de-arte-convergencia-del-4-al-29-de-julio-en-la-galeria-altos-de-chavon\/"},"wordCount":765,"publisher":{"@id":"https:\/\/casadecampoliving.com\/es\/#organization"},"image":{"@id":"https:\/\/casadecampoliving.com\/es\/reserve-la-fecha-exhibicion-de-arte-convergencia-del-4-al-29-de-julio-en-la-galeria-altos-de-chavon\/#primaryimage"},"thumbnailUrl":"https:\/\/i0.wp.com\/casadecampoliving.com\/wp-content\/uploads\/2022\/10\/convergencia_arte-1.jpg?fit=650%2C300&ssl=1","keywords":["exhibicion de arte","pery jimenez"],"articleSection":["Altos de Chavon @es","Arte y cultura","Destacados","Eventos","Noticias Locales","Proximamente","Resort Casa de Campo"],"inLanguage":"es"},{"@type":"WebPage","@id":"https:\/\/casadecampoliving.com\/es\/reserve-la-fecha-exhibicion-de-arte-convergencia-del-4-al-29-de-julio-en-la-galeria-altos-de-chavon\/","url":"https:\/\/casadecampoliving.com\/es\/reserve-la-fecha-exhibicion-de-arte-convergencia-del-4-al-29-de-julio-en-la-galeria-altos-de-chavon\/","name":"Reserve la fecha: Exhibici\u00f3n de arte \"Convergencia\"- Del 4 al 29 de Julio en La Galer\u00eda Altos de Chav\u00f3n | Casa de Campo Living","isPartOf":{"@id":"https:\/\/casadecampoliving.com\/es\/#website"},"primaryImageOfPage":{"@id":"https:\/\/casadecampoliving.com\/es\/reserve-la-fecha-exhibicion-de-arte-convergencia-del-4-al-29-de-julio-en-la-galeria-altos-de-chavon\/#primaryimage"},"image":{"@id":"https:\/\/casadecampoliving.com\/es\/reserve-la-fecha-exhibicion-de-arte-convergencia-del-4-al-29-de-julio-en-la-galeria-altos-de-chavon\/#primaryimage"},"thumbnailUrl":"https:\/\/i0.wp.com\/casadecampoliving.com\/wp-content\/uploads\/2022\/10\/convergencia_arte-1.jpg?fit=650%2C300&ssl=1","datePublished":"2013-06-17T04:00:00+00:00","dateModified":"2022-10-21T22:47:35+00:00","description":"El pr\u00f3ximo Jueves 4 de julio la Fundaci\u00f3n Centro Cultural Altos de Chav\u00f3n inaugurar\u00e1 la exposici\u00f3n \u201cConvergencia\u201d, en donde se mostrar\u00e1n las obras de","breadcrumb":{"@id":"https:\/\/casadecampoliving.com\/es\/reserve-la-fecha-exhibicion-de-arte-convergencia-del-4-al-29-de-julio-en-la-galeria-altos-de-chavon\/#breadcrumb"},"inLanguage":"es","potentialAction":[{"@type":"ReadAction","target":["https:\/\/casadecampoliving.com\/es\/reserve-la-fecha-exhibicion-de-arte-convergencia-del-4-al-29-de-julio-en-la-galeria-altos-de-chavon\/"]}]},{"@type":"ImageObject","inLanguage":"es","@id":"https:\/\/casadecampoliving.com\/es\/reserve-la-fecha-exhibicion-de-arte-convergencia-del-4-al-29-de-julio-en-la-galeria-altos-de-chavon\/#primaryimage","url":"https:\/\/i0.wp.com\/casadecampoliving.com\/wp-content\/uploads\/2022\/10\/convergencia_arte-1.jpg?fit=650%2C300&ssl=1","contentUrl":"https:\/\/i0.wp.com\/casadecampoliving.com\/wp-content\/uploads\/2022\/10\/convergencia_arte-1.jpg?fit=650%2C300&ssl=1","width":650,"height":300,"caption":"convergencia arte"},{"@type":"BreadcrumbList","@id":"https:\/\/casadecampoliving.com\/es\/reserve-la-fecha-exhibicion-de-arte-convergencia-del-4-al-29-de-julio-en-la-galeria-altos-de-chavon\/#breadcrumb","itemListElement":[{"@type":"ListItem","position":1,"name":"Home","item":"https:\/\/casadecampoliving.com\/es\/"},{"@type":"ListItem","position":2,"name":"Reserve la fecha: Exhibici\u00f3n de arte &#8220;Convergencia&#8221;- Del 4 al 29 de Julio en La Galer\u00eda Altos de Chav\u00f3n"}]},{"@type":"WebSite","@id":"https:\/\/casadecampoliving.com\/es\/#website","url":"https:\/\/casadecampoliving.com\/es\/","name":"Casa de Campo Living","description":"Resort community news and resources.","publisher":{"@id":"https:\/\/casadecampoliving.com\/es\/#organization"},"potentialAction":[{"@type":"SearchAction","target":{"@type":"EntryPoint","urlTemplate":"https:\/\/casadecampoliving.com\/es\/?s={search_term_string}"},"query-input":{"@type":"PropertyValueSpecification","valueRequired":true,"valueName":"search_term_string"}}],"inLanguage":"es"},{"@type":"Organization","@id":"https:\/\/casadecampoliving.com\/es\/#organization","name":"Casa de Campo Living","url":"https:\/\/casadecampoliving.com\/es\/","logo":{"@type":"ImageObject","inLanguage":"es","@id":"https:\/\/casadecampoliving.com\/es\/#\/schema\/logo\/image\/","url":"https:\/\/i0.wp.com\/casadecampoliving.com\/wp-content\/uploads\/2022\/07\/CDCLivingLogo_V1-white-sized.png?fit=800%2C214&ssl=1","contentUrl":"https:\/\/i0.wp.com\/casadecampoliving.com\/wp-content\/uploads\/2022\/07\/CDCLivingLogo_V1-white-sized.png?fit=800%2C214&ssl=1","width":800,"height":214,"caption":"Casa de Campo Living"},"image":{"@id":"https:\/\/casadecampoliving.com\/es\/#\/schema\/logo\/image\/"},"sameAs":["https:\/\/www.facebook.com\/casadecampoliving","https:\/\/x.com\/cdcliving"]},{"@type":"Person","@id":"https:\/\/casadecampoliving.com\/es\/#\/schema\/person\/932e594484c49168ad37fbb9141bf699","name":"Mairobi Herrera","image":{"@type":"ImageObject","inLanguage":"es","@id":"https:\/\/secure.gravatar.com\/avatar\/d0bf6c19470eb55d83c719e39672f670b2c4412339af1eb8a08f86427ba98ee8?s=96&d=mm&r=g","url":"https:\/\/secure.gravatar.com\/avatar\/d0bf6c19470eb55d83c719e39672f670b2c4412339af1eb8a08f86427ba98ee8?s=96&d=mm&r=g","contentUrl":"https:\/\/secure.gravatar.com\/avatar\/d0bf6c19470eb55d83c719e39672f670b2c4412339af1eb8a08f86427ba98ee8?s=96&d=mm&r=g","caption":"Mairobi Herrera"},"sameAs":["https:\/\/casadecampoliving.com\/"],"url":"https:\/\/casadecampoliving.com\/es\/author\/mherrera\/"}]}},"parsely":{"version":"1.1.0","canonical_url":"https:\/\/casadecampoliving.com\/es\/reserve-la-fecha-exhibicion-de-arte-convergencia-del-4-al-29-de-julio-en-la-galeria-altos-de-chavon\/","smart_links":{"inbound":0,"outbound":0},"traffic_boost_suggestions_count":0,"meta":{"@context":"https:\/\/schema.org","@type":"NewsArticle","headline":"Reserve la fecha: Exhibici\u00f3n de arte \u00abConvergencia\u00bb- Del 4 al 29 de Julio en La Galer\u00eda Altos de Chav\u00f3n","url":"http:\/\/casadecampoliving.com\/es\/reserve-la-fecha-exhibicion-de-arte-convergencia-del-4-al-29-de-julio-en-la-galeria-altos-de-chavon\/","mainEntityOfPage":{"@type":"WebPage","@id":"http:\/\/casadecampoliving.com\/es\/reserve-la-fecha-exhibicion-de-arte-convergencia-del-4-al-29-de-julio-en-la-galeria-altos-de-chavon\/"},"thumbnailUrl":"https:\/\/i0.wp.com\/casadecampoliving.com\/wp-content\/uploads\/2022\/10\/convergencia_arte-1.jpg?resize=150%2C150&ssl=1","image":{"@type":"ImageObject","url":"https:\/\/i0.wp.com\/casadecampoliving.com\/wp-content\/uploads\/2022\/10\/convergencia_arte-1.jpg?fit=650%2C300&ssl=1"},"articleSection":"Altos de Chavon @es","author":[{"@type":"Person","name":"Mairobi Herrera"}],"creator":["Mairobi Herrera"],"publisher":{"@type":"Organization","name":"Casa de Campo Living","logo":"https:\/\/casadecampoliving.com\/wp-content\/uploads\/2022\/07\/CDCLivingLogo_V1-white-sized.png"},"keywords":["exhibicion de arte","pery jimenez"],"dateCreated":"2013-06-17T04:00:00Z","datePublished":"2013-06-17T04:00:00Z","dateModified":"2022-10-21T22:47:35Z"},"rendered":"<script type=\"application\/ld+json\" class=\"wp-parsely-metadata\">{\"@context\":\"https:\\\/\\\/schema.org\",\"@type\":\"NewsArticle\",\"headline\":\"Reserve la fecha: Exhibici\\u00f3n de arte \\u00abConvergencia\\u00bb- Del 4 al 29 de Julio en La Galer\\u00eda Altos de Chav\\u00f3n\",\"url\":\"http:\\\/\\\/casadecampoliving.com\\\/es\\\/reserve-la-fecha-exhibicion-de-arte-convergencia-del-4-al-29-de-julio-en-la-galeria-altos-de-chavon\\\/\",\"mainEntityOfPage\":{\"@type\":\"WebPage\",\"@id\":\"http:\\\/\\\/casadecampoliving.com\\\/es\\\/reserve-la-fecha-exhibicion-de-arte-convergencia-del-4-al-29-de-julio-en-la-galeria-altos-de-chavon\\\/\"},\"thumbnailUrl\":\"https:\\\/\\\/i0.wp.com\\\/casadecampoliving.com\\\/wp-content\\\/uploads\\\/2022\\\/10\\\/convergencia_arte-1.jpg?resize=150%2C150&ssl=1\",\"image\":{\"@type\":\"ImageObject\",\"url\":\"https:\\\/\\\/i0.wp.com\\\/casadecampoliving.com\\\/wp-content\\\/uploads\\\/2022\\\/10\\\/convergencia_arte-1.jpg?fit=650%2C300&ssl=1\"},\"articleSection\":\"Altos de Chavon @es\",\"author\":[{\"@type\":\"Person\",\"name\":\"Mairobi Herrera\"}],\"creator\":[\"Mairobi Herrera\"],\"publisher\":{\"@type\":\"Organization\",\"name\":\"Casa de Campo Living\",\"logo\":\"https:\\\/\\\/casadecampoliving.com\\\/wp-content\\\/uploads\\\/2022\\\/07\\\/CDCLivingLogo_V1-white-sized.png\"},\"keywords\":[\"exhibicion de arte\",\"pery jimenez\"],\"dateCreated\":\"2013-06-17T04:00:00Z\",\"datePublished\":\"2013-06-17T04:00:00Z\",\"dateModified\":\"2022-10-21T22:47:35Z\"}<\/script>","tracker_url":"https:\/\/cdn.parsely.com\/keys\/casadecampoliving.com\/p.js"},"jetpack_publicize_connections":[],"jetpack_featured_media_url":"https:\/\/i0.wp.com\/casadecampoliving.com\/wp-content\/uploads\/2022\/10\/convergencia_arte-1.jpg?fit=650%2C300&ssl=1","jetpack-related-posts":[{"id":433460,"url":"https:\/\/casadecampoliving.com\/es\/no-se-pierdan-el-increible-tributo-a-frank-sinatra-para-celebrar-el-40-aniversario-del-anfiteatro-altos-de-chavon\/","url_meta":{"origin":341903,"position":0},"title":"No se pierdan el incre\u00edble tributo a Frank Sinatra para celebrar el 40 aniversario del\u00a0Anfiteatro Altos de Chav\u00f3n","author":"Casa de Campo Living","date":"20 Oct, 2022","format":false,"excerpt":"Siendo uno de los escenarios m\u00e1s emblem\u00e1ticos del pa\u00eds, Casa de Campo Resort\u00ae & Villas celebra las cuatro d\u00e9cadas de aniversario de Altos de Chav\u00f3n con un tributo al gran Frank Sinatra, protagonizado por artistas invitados y una big band tal cual la que acompa\u00f1\u00f3 al artista hace 40 a\u00f1os\u2026","rel":"","context":"En \u00abUncategorized @es\u00bb","block_context":{"text":"Uncategorized @es","link":"https:\/\/casadecampoliving.com\/es\/category\/uncategorized-es\/"},"img":{"alt_text":"","src":"https:\/\/i0.wp.com\/casadecampoliving.com\/wp-content\/uploads\/2022\/10\/Tributo-Frank-Sinatra-Foto-Principal-Amaury-Sanchez-Danilo-Ginebra-Andres-Pichardo-y-Jose-Gabriel-Perez-.jpg?fit=1200%2C873&ssl=1&resize=350%2C200","width":350,"height":200,"srcset":"https:\/\/i0.wp.com\/casadecampoliving.com\/wp-content\/uploads\/2022\/10\/Tributo-Frank-Sinatra-Foto-Principal-Amaury-Sanchez-Danilo-Ginebra-Andres-Pichardo-y-Jose-Gabriel-Perez-.jpg?fit=1200%2C873&ssl=1&resize=350%2C200 1x, https:\/\/i0.wp.com\/casadecampoliving.com\/wp-content\/uploads\/2022\/10\/Tributo-Frank-Sinatra-Foto-Principal-Amaury-Sanchez-Danilo-Ginebra-Andres-Pichardo-y-Jose-Gabriel-Perez-.jpg?fit=1200%2C873&ssl=1&resize=525%2C300 1.5x, https:\/\/i0.wp.com\/casadecampoliving.com\/wp-content\/uploads\/2022\/10\/Tributo-Frank-Sinatra-Foto-Principal-Amaury-Sanchez-Danilo-Ginebra-Andres-Pichardo-y-Jose-Gabriel-Perez-.jpg?fit=1200%2C873&ssl=1&resize=700%2C400 2x, https:\/\/i0.wp.com\/casadecampoliving.com\/wp-content\/uploads\/2022\/10\/Tributo-Frank-Sinatra-Foto-Principal-Amaury-Sanchez-Danilo-Ginebra-Andres-Pichardo-y-Jose-Gabriel-Perez-.jpg?fit=1200%2C873&ssl=1&resize=1050%2C600 3x"},"classes":[]},{"id":342288,"url":"https:\/\/casadecampoliving.com\/es\/inicia-exposicion-de-arte-convergencia-en-la-galeria-de-altos-de-chavon\/","url_meta":{"origin":341903,"position":1},"title":"Inicia Exposici\u00f3n de Arte \u00abConvergencia\u00bb en La Galer\u00eda de Altos de Chav\u00f3n","author":"Mairobi Herrera","date":"6 Jul, 2013","format":false,"excerpt":"El pasado jueves 4 de julio se inaugur\u00f3 en La Galer\u00eda de arte de Altos de Chav\u00f3n la exposici\u00f3n de arte \"Convergencia\", donde se exhibieron los trabajos de los artistas Fernando Tamburini, Grimaldy Polanco y Pery Jim\u00e9nez. La actividad inici\u00f3 a las 7:30 de la noche con un c\u00f3ctel de\u2026","rel":"","context":"En \u00abAltos de Chavon @es\u00bb","block_context":{"text":"Altos de Chavon @es","link":"https:\/\/casadecampoliving.com\/category\/altos-de-chavon-es\/"},"img":{"alt_text":"fernando tamburini","src":"https:\/\/i0.wp.com\/casadecampoliving.com\/wp-content\/uploads\/2022\/10\/IMG_0282-1.jpg?fit=604%2C391&ssl=1&resize=350%2C200","width":350,"height":200,"srcset":"https:\/\/i0.wp.com\/casadecampoliving.com\/wp-content\/uploads\/2022\/10\/IMG_0282-1.jpg?fit=604%2C391&ssl=1&resize=350%2C200 1x, https:\/\/i0.wp.com\/casadecampoliving.com\/wp-content\/uploads\/2022\/10\/IMG_0282-1.jpg?fit=604%2C391&ssl=1&resize=525%2C300 1.5x"},"classes":[]},{"id":349210,"url":"https:\/\/casadecampoliving.com\/es\/marcos-lora-read-trae-sus-memorias-en-transito-a-altos-de-chavon\/","url_meta":{"origin":341903,"position":2},"title":"Marcos Lora Read trae sus &#8216;Memoria en Tr\u00e1nsito a Altos de Chav\u00f3n","author":"Perkin Agramonte","date":"16 Feb, 2016","format":false,"excerpt":"La Galer\u00eda en Altos de Chav\u00f3n inaugurar\u00e1 ESTE\u00a0jueves, 18 de febrero una nueva exhibici\u00f3n de arte con obras de la colecci\u00f3n \u201cMemoria en Tr\u00e1nsito\u201d del artista dominicano Marcos Lora Read. Marcos, egresado de la Escuela de Dise\u00f1o Altos de Chav\u00f3n, en Bellas Artes e Ilustraci\u00f3n, regresa al pueblo de los\u2026","rel":"","context":"En \u00abAltos de Chavon @es\u00bb","block_context":{"text":"Altos de Chavon @es","link":"https:\/\/casadecampoliving.com\/category\/altos-de-chavon-es\/"},"img":{"alt_text":"","src":"https:\/\/i0.wp.com\/casadecampoliving.com\/wp-content\/uploads\/2022\/10\/12274730_10207267287657230_7155583601929910908_n-1.jpg?fit=767%2C526&ssl=1&resize=350%2C200","width":350,"height":200,"srcset":"https:\/\/i0.wp.com\/casadecampoliving.com\/wp-content\/uploads\/2022\/10\/12274730_10207267287657230_7155583601929910908_n-1.jpg?fit=767%2C526&ssl=1&resize=350%2C200 1x, https:\/\/i0.wp.com\/casadecampoliving.com\/wp-content\/uploads\/2022\/10\/12274730_10207267287657230_7155583601929910908_n-1.jpg?fit=767%2C526&ssl=1&resize=525%2C300 1.5x, https:\/\/i0.wp.com\/casadecampoliving.com\/wp-content\/uploads\/2022\/10\/12274730_10207267287657230_7155583601929910908_n-1.jpg?fit=767%2C526&ssl=1&resize=700%2C400 2x"},"classes":[]},{"id":345474,"url":"https:\/\/casadecampoliving.com\/es\/luna-de-otono-exhibicion-de-arte-por-german-garcia\/","url_meta":{"origin":341903,"position":3},"title":"Luna de Oto\u00f1o, exhibici\u00f3n de arte por German Garc\u00eda","author":"Daniela Medina","date":"1 Oct, 2014","format":false,"excerpt":"Casa de Campo representa el arte en todos los sentidos, ya sea una preciosa puesta de sol en la playa o una exposici\u00f3n en nuestra galer\u00eda de arte m\u00e1s reconocida. \u00a1En este caso estamos hablando de una exposici\u00f3n de arte de German Garc\u00eda! Esta notable exposici\u00f3n ser\u00e1 inaugurada oficialmente con\u2026","rel":"","context":"En \u00abAltos de Chavon @es\u00bb","block_context":{"text":"Altos de Chavon @es","link":"https:\/\/casadecampoliving.com\/category\/altos-de-chavon-es\/"},"img":{"alt_text":"","src":"https:\/\/i0.wp.com\/casadecampoliving.com\/wp-content\/uploads\/2022\/10\/luna-de-otono-e1412170944664-1.jpg?fit=801%2C466&ssl=1&resize=350%2C200","width":350,"height":200,"srcset":"https:\/\/i0.wp.com\/casadecampoliving.com\/wp-content\/uploads\/2022\/10\/luna-de-otono-e1412170944664-1.jpg?fit=801%2C466&ssl=1&resize=350%2C200 1x, https:\/\/i0.wp.com\/casadecampoliving.com\/wp-content\/uploads\/2022\/10\/luna-de-otono-e1412170944664-1.jpg?fit=801%2C466&ssl=1&resize=525%2C300 1.5x, https:\/\/i0.wp.com\/casadecampoliving.com\/wp-content\/uploads\/2022\/10\/luna-de-otono-e1412170944664-1.jpg?fit=801%2C466&ssl=1&resize=700%2C400 2x"},"classes":[]},{"id":344087,"url":"https:\/\/casadecampoliving.com\/es\/exhibicion-de-arte-suenos-persistentes-por-fermin-ceballos\/","url_meta":{"origin":341903,"position":4},"title":"Exhibici\u00f3n de arte \u00abSue\u00f1os Persistentes\u00bb por Ferm\u00edn Ceballos","author":"Perkin Agramonte","date":"31 Mar, 2014","format":false,"excerpt":"El pr\u00f3ximo Jueves 3 de abril, el Centro Cultural Fundaci\u00f3n de Altos de Chavon abrir\u00e1 una nueva exhibici\u00f3n, llamada \u201cSue\u00f1os Persistentes\u201d presentada por el artista en residencia Ferm\u00edn Ceballos. El programa \u201cArtistas en Residencia\u201d dirigido por la Escuela de Arte y Dise\u00f1o Altos de Chav\u00f3n enfatiza la importancia del intercambio\u2026","rel":"","context":"En \u00abAltos de Chavon @es\u00bb","block_context":{"text":"Altos de Chavon @es","link":"https:\/\/casadecampoliving.com\/category\/altos-de-chavon-es\/"},"img":{"alt_text":"","src":"https:\/\/i0.wp.com\/casadecampoliving.com\/wp-content\/uploads\/2022\/10\/FC_AIRp14_header-1.jpg?fit=650%2C464&ssl=1&resize=350%2C200","width":350,"height":200,"srcset":"https:\/\/i0.wp.com\/casadecampoliving.com\/wp-content\/uploads\/2022\/10\/FC_AIRp14_header-1.jpg?fit=650%2C464&ssl=1&resize=350%2C200 1x, https:\/\/i0.wp.com\/casadecampoliving.com\/wp-content\/uploads\/2022\/10\/FC_AIRp14_header-1.jpg?fit=650%2C464&ssl=1&resize=525%2C300 1.5x"},"classes":[]},{"id":341907,"url":"https:\/\/casadecampoliving.com\/es\/entrevista-con-fernando-tamburini-un-artista-dominicano-refrescante-y-diferente\/","url_meta":{"origin":341903,"position":5},"title":"Entrevista con Fernando Tamburini, un artista dominicano refrescante y diferente","author":"Rebecca Silvestri","date":"26 Jun, 2013","format":false,"excerpt":"Amado por sus representaciones abstractas y coloridas de la cultura dominicana y estilo de vida, el arte de Tamburini caracter\u00edsticamente presenta escenas con colores brillantes e intentos, as\u00ed como con s\u00edmbolos surrealistas, tales como el de la casa - que simboliza seguridad y femineidad y las rosas que representan pureza\u2026","rel":"","context":"En \u00abAltos de Chavon @es\u00bb","block_context":{"text":"Altos de Chavon @es","link":"https:\/\/casadecampoliving.com\/category\/altos-de-chavon-es\/"},"img":{"alt_text":"fernando tamburini","src":"https:\/\/i0.wp.com\/casadecampoliving.com\/wp-content\/uploads\/2022\/10\/Fernando-tamburini2-1.jpg?fit=650%2C338&ssl=1&resize=350%2C200","width":350,"height":200,"srcset":"https:\/\/i0.wp.com\/casadecampoliving.com\/wp-content\/uploads\/2022\/10\/Fernando-tamburini2-1.jpg?fit=650%2C338&ssl=1&resize=350%2C200 1x, https:\/\/i0.wp.com\/casadecampoliving.com\/wp-content\/uploads\/2022\/10\/Fernando-tamburini2-1.jpg?fit=650%2C338&ssl=1&resize=525%2C300 1.5x"},"classes":[]}],"jetpack_sharing_enabled":true,"_links":{"self":[{"href":"https:\/\/casadecampoliving.com\/es\/wp-json\/wp\/v2\/posts\/341903","targetHints":{"allow":["GET"]}}],"collection":[{"href":"https:\/\/casadecampoliving.com\/es\/wp-json\/wp\/v2\/posts"}],"about":[{"href":"https:\/\/casadecampoliving.com\/es\/wp-json\/wp\/v2\/types\/post"}],"author":[{"embeddable":true,"href":"https:\/\/casadecampoliving.com\/es\/wp-json\/wp\/v2\/users\/431"}],"replies":[{"embeddable":true,"href":"https:\/\/casadecampoliving.com\/es\/wp-json\/wp\/v2\/comments?post=341903"}],"version-history":[{"count":1,"href":"https:\/\/casadecampoliving.com\/es\/wp-json\/wp\/v2\/posts\/341903\/revisions"}],"predecessor-version":[{"id":341904,"href":"https:\/\/casadecampoliving.com\/es\/wp-json\/wp\/v2\/posts\/341903\/revisions\/341904"}],"wp:featuredmedia":[{"embeddable":true,"href":"https:\/\/casadecampoliving.com\/es\/wp-json\/wp\/v2\/media\/244007"}],"wp:attachment":[{"href":"https:\/\/casadecampoliving.com\/es\/wp-json\/wp\/v2\/media?parent=341903"}],"wp:term":[{"taxonomy":"category","embeddable":true,"href":"https:\/\/casadecampoliving.com\/es\/wp-json\/wp\/v2\/categories?post=341903"},{"taxonomy":"post_tag","embeddable":true,"href":"https:\/\/casadecampoliving.com\/es\/wp-json\/wp\/v2\/tags?post=341903"},{"taxonomy":"newspack_spnsrs_tax","embeddable":true,"href":"https:\/\/casadecampoliving.com\/es\/wp-json\/wp\/v2\/newspack_spnsrs_tax?post=341903"}],"curies":[{"name":"wp","href":"https:\/\/api.w.org\/{rel}","templated":true}]}}