{"id":341849,"date":"2013-06-10T00:00:00","date_gmt":"2013-06-10T04:00:00","guid":{"rendered":"https:\/\/casadecampoliving.com\/justin-bieber-jaden-smith-y-t-junior-en-casa-de-campo\/"},"modified":"2022-10-21T18:46:30","modified_gmt":"2022-10-21T22:46:30","slug":"justin-bieber-jaden-smith-y-t-junior-en-casa-de-campo","status":"publish","type":"post","link":"https:\/\/casadecampoliving.com\/es\/justin-bieber-jaden-smith-y-t-junior-en-casa-de-campo\/","title":{"rendered":"\u00a1Justin Bieber, Jaden Smith y T-Junior en Casa de Campo!"},"content":{"rendered":"<div class=\"wp-block-image\">\n<figure class=\"aligncenter is-resized\"><img loading=\"lazy\" decoding=\"async\" src=\"https:\/\/i0.wp.com\/casadecampoliving.com\/wp-content\/uploads\/2022\/10\/cafe_de_la_leche-632x305-copy.jpg?resize=632%2C305&amp;ssl=1\" alt=\"justin bieber casa de campo\" class=\"wp-image-71768\" title=\"justin_bieber_casa_de_campo\" height=\"305\" width=\"632\"\/><\/figure>\n<\/div>\n\n\n<p>El famos\u00edsimo cantante de pop canadiense Justin Bieber, se tom\u00f3 este pasado fin de semana un descanso en una de las lujosas villas de Casa de Campo ubicadas en Barranca Este: \u201cLas Ondinas\u201d. \u00c9sta es la misma villa que <a href=\"https:\/\/casadecampoliving.com\/2009\/12\/jay-zs-birthday-bash-we-reveal-the-full-glamorous-details\/\">Jay-Z y su esposa Beyonc\u00e9 utilizaron para celebrar su cumplea\u00f1os en diciembre de 2009.<\/a><\/p>\n\n\n\n<p>De acuerdo a nuestra fuente, Justin se qued\u00f3 tres noches dentro del complejo y en la mayor\u00eda del tiempo permaneci\u00f3 dentro de la Villa.<\/p>\n\n\n\n<p>El famoso cantante estuvo acompa\u00f1ado de un grupo de 13 personas, hemos escuchado que entre ellos estuvo el hijo de Will Smith, Jaden Smith y el hijo de Mr. T, T-Junior.<\/p>\n\n\n<div class=\"wp-block-image\">\n<figure class=\"aligncenter is-resized\"><img loading=\"lazy\" decoding=\"async\" src=\"https:\/\/i0.wp.com\/casadecampoliving.com\/wp-content\/uploads\/2022\/10\/08-Ondinas-2.jpg?resize=600%2C357&amp;ssl=1\" alt=\"villa ondinas\" class=\"wp-image-71769\" title=\"Villa_Ondinas\" height=\"357\" width=\"600\"\/><\/figure>\n<\/div>\n\n\n<p>Justin Bieber lleg\u00f3 a Casa de Campo por el aeropuerto internacional de La Romana \u2013 Casa de Campo, en su Jet privado.<\/p>\n\n\n\n<p>Hay espectativas de que el cantante juvenil realice un concierto en el Estadio Quisqueya de Santo Domingo, el pr\u00f3ximo 22 de octubre de 2013, en el en el marco de su gira \u201cBelieve Tour\u201d.<\/p>\n\n\n\n<p>El cantante Justin Bieber es actualmente un fen\u00f3meno medi\u00e1tico y tiene miles de fans, especialmente chicas, en todo el mundo. Rep\u00fablica Dominicana no es la excepcion y por ende, tambi\u00e9n tiene aqu\u00ed un gran n\u00famero de seguidoras que siempre est\u00e1n al pendiente de todas sus actividades.<\/p>\n\n\n\n<p>Al igual que Justin Bieber decenas de celebridades ha seleccionado el exclusivo ambiente de Casa de Campo para pasar algunos momentos agradables en sus vidas. Entre ellos estan:<\/p>\n\n\n\n<blockquote><p><strong>Michael Jordan<\/strong><\/p><figure><img decoding=\"async\" loading=\"lazy\" title=\"michael_jordan_casa_de_campo\" src=\"https:\/\/i0.wp.com\/casadecampoliving.com\/wp-content\/uploads\/2022\/10\/michael_jordan_casa_de_campo.jpg?resize=585%2C304&amp;ssl=1\" alt=\"michael jordan casa de campo\" width=\"585\" height=\"304\"><\/figure><p>\u00a1S\u00ed, es verdad! \u00a1Michael Jeffrey Jordan, considerado el jugador de basketball m\u00e1s grande de todos los tiempos estuvo en Casa de Campo este fin de semana celebrando su despedida de soltero! Y aunque ya hayas o\u00eddo est\u00e1s noticias -oiste los detalles? Bueno, con nuestro acceso exclusivo te traemos todos los detalles de la estad\u00eda de Michael Jordan en el hotel de Casa de Campo!<\/p><p><a href=\"https:\/\/casadecampoliving.com\/es\/2013\/03\/michael-jordan-celebra-su-despedida-de-soltero-en-casa-de-campo\/\">Haga click aqu\u00ed para leer el articulo completo<\/a><\/p><\/blockquote>\n\n\n\n<blockquote><p><strong>Bill Clinton<\/strong><\/p><figure><img decoding=\"async\" loading=\"lazy\" title=\"bill_clinton\" src=\"https:\/\/i0.wp.com\/casadecampoliving.com\/wp-content\/uploads\/2022\/10\/bill_clinton.jpg?resize=585%2C345&amp;ssl=1\" alt=\"bill clinton\" width=\"585\" height=\"345\"><\/figure><p>A principios de esta semana, el lunes 25 de marzo de 2013,&nbsp;Bill Clinton ex&nbsp;Presidente de los Estados Unidos de Am\u00e9rica estuvo aqu\u00ed en Casa de Campo \u2013 jugando una ronda de Golf en el campo de golf Teeth of the Dog.<\/p><p><a style=\"font-size: 13px;\" href=\"https:\/\/casadecampoliving.com\/es\/2013\/03\/jugar-golf-en-casa-de-campo-es-presidencial-el-presidente-bill-clinton-jugando-el-teeth-of-the-dog\/\">Haga click aqu\u00ed para leer el articulo completo<\/a><\/p><\/blockquote>\n\n\n\n<blockquote><p><strong>Victor Manuelle<\/strong><\/p><figure><img decoding=\"async\" loading=\"lazy\" title=\"victor_manuelle\" src=\"https:\/\/i0.wp.com\/casadecampoliving.com\/wp-content\/uploads\/2022\/10\/victor_manuelle.jpg?resize=585%2C356&amp;ssl=1\" alt=\"victor manuelle\" width=\"585\" height=\"356\"><\/figure><p>\u00a1A&nbsp;nosotros nos encanta ver celebridades!&nbsp;A principios de esta semana, el martes 28 de mayo 2013, &nbsp;el sexy salsero puertorrique\u00f1o V\u00edctor Manuelle, fue encontrado en La Marina Casa de Campo y fue lo suficientemente amable como para posar para una foto con nuestra amiga Cesarina Gil Aristy.<\/p><p><a href=\"\u00a1A nosotros nos encanta ver celebridades! A principios de esta semana, el martes 28 de mayo 2013,  el sexy salsero puertorrique\u00f1o V\u00edctor Manuelle, fue encontrado en La Marina Casa de Campo y fue lo suficientemente amable como para posar para una foto con nuestra amiga Cesarina Gil Aristy.\">Haga click aqu\u00ed para leer el art\u00edculo completo<\/a><\/p><\/blockquote>\n\n\n\n<blockquote><p><strong>Michelle &nbsp;Rodr\u00edguez<\/strong><\/p><figure><img decoding=\"async\" loading=\"lazy\" src=\"https:\/\/i0.wp.com\/casadecampoliving.com\/wp-content\/uploads\/2022\/10\/michelle_rodriguez.jpg?resize=585%2C328&amp;ssl=1\" alt=\"michelle rodriguez\" width=\"585\" height=\"328\"><\/figure><p>WOW \u2013 \u00a1estas son algunas ardientes fotos de Michelle Rodriguez en Casa de Campo!&nbsp;Desafortunadamente estas fotos no son del todo recientes \u2013 pero que puedo decir \u2013 estas fotos de hecho fueron tomadas enJulio del 2008&nbsp;\u2013 \u00a1cuando obviamente ella estaba en el Spa de Casa de Campo!<\/p><p><a href=\"https:\/\/casadecampoliving.com\/es\/2013\/03\/fotos-michelle-rodriguez-disfrutando-el-casa-de-campo-spa\/\">Haga click aqu\u00ed para leer el articulo completo<\/a><\/p><\/blockquote>\n\n\n\n<blockquote><p><strong>Hugh Grant<\/strong><\/p><figure><img decoding=\"async\" loading=\"lazy\" title=\"hugh_grant\" src=\"https:\/\/i0.wp.com\/casadecampoliving.com\/wp-content\/uploads\/2022\/10\/hugh_grant.jpg?resize=585%2C423&amp;ssl=1\" alt=\"hugh grant\" width=\"585\" height=\"423\"><\/figure><p>Hugh Grant, el famoso actor ingl\u00e9s y productor de cine, visit\u00f3 Casa de Campo en enero de 2013 &nbsp;\u2013 una ocasi\u00f3n en la que hizo uso de la&nbsp;<a href=\"https:\/\/casadecampoliving.com\/es\/2012\/12\/ha-llegado-la-edicion-4-de-todo-casa-de-campo\/\">revista TODO Casa de Campo<\/a>, la gu\u00eda oficial de Casa de Campo, producida por&nbsp;<a href=\"http:\/\/wp.me\/P1kvEy-fhU\">Silgon Inc., empresa de Marketing, Desarrollo Web y Servicios Publicitarios<\/a>, como modo de orientaci\u00f3n en el resort, y (asumimos) tambi\u00e9n disfrut\u00f3 de la&nbsp;<a href=\"https:\/\/casadecampoliving.com\/category\/casalife-magazine\/\">revista CasaLife<\/a>, para ponerse al d\u00eda con la vida de lujo que ofrece Casa de Campo a todos los hu\u00e9spedes y due\u00f1os de villas!<\/p><p><a href=\"https:\/\/casadecampoliving.com\/es\/2013\/01\/hugh-grant-de-vacaciones-en-casa-de-campo-con-la-revista-todo\/\">Haga click aqu\u00ed para leer el art\u00edculo completo<\/a><\/p><\/blockquote>\n","protected":false},"excerpt":{"rendered":"<p>El famos\u00edsimo cantante de pop canadiense Justin Bieber, se tom\u00f3 este pasado fin de semana un descanso en una de las lujosas villas de Casa de Campo ubicadas en Barranca Este: \u201cLas Ondinas\u201d. \u00c9sta es la misma villa que Jay-Z y su esposa Beyonc\u00e9 utilizaron para celebrar su cumplea\u00f1os en diciembre de 2009. De acuerdo [&hellip;]<\/p>\n","protected":false},"author":431,"featured_media":242779,"comment_status":"closed","ping_status":"closed","sticky":false,"template":"","format":"standard","meta":{"newspack_ads_suppress_ads":false,"newspack_popups_has_disabled_popups":false,"newspack_sponsor_sponsorship_scope":"","newspack_sponsor_native_byline_display":"inherit","newspack_sponsor_native_category_display":"inherit","newspack_sponsor_underwriter_style":"inherit","newspack_sponsor_underwriter_placement":"inherit","_newspack_byline_active":false,"_newspack_byline":"","newspack_hide_updated_date":false,"newspack_show_updated_date":false,"newspack_content_restriction_is_exempt":false,"newspack_featured_image_position":"","newspack_post_subtitle":"","newspack_article_summary_title":"Overview:","newspack_article_summary":"","_jetpack_memberships_contains_paid_content":false,"footnotes":"","jetpack_publicize_message":"","jetpack_publicize_feature_enabled":true,"jetpack_social_post_already_shared":false,"jetpack_social_options":{"image_generator_settings":{"template":"highway","default_image_id":0,"font":"","enabled":false},"version":2},"_wpas_customize_per_network":false},"categories":[2513,14631,14625,26822,2526],"tags":[2624,3570,2561],"newspack_spnsrs_tax":[],"class_list":["post-341849","post","type-post","status-publish","format-standard","has-post-thumbnail","hentry","category-celebridades-es","category-estilo-de-vida","category-noticias-locales","category-resort-casa-de-campo","category-titulares-es","tag-celebridades","tag-celebridades-en-casa-de-campo","tag-resort-casa-de-campo","entry"],"yoast_head":"<!-- This site is optimized with the Yoast SEO plugin v27.4 - https:\/\/yoast.com\/product\/yoast-seo-wordpress\/ -->\n<title>\u00a1Justin Bieber, Jaden Smith y T-Junior en Casa de Campo! | Casa de Campo Living<\/title>\n<meta name=\"description\" content=\"El famos\u00edsimo cantante de pop canadiense Justin Bieber, se tom\u00f3 este pasado fin de semana un descanso en una de las lujosas villas de Casa de Campo\" \/>\n<meta name=\"robots\" content=\"index, follow, max-snippet:-1, max-image-preview:large, max-video-preview:-1\" \/>\n<link rel=\"canonical\" href=\"https:\/\/casadecampoliving.com\/es\/justin-bieber-jaden-smith-y-t-junior-en-casa-de-campo\/\" \/>\n<meta property=\"og:locale\" content=\"es_ES\" \/>\n<meta property=\"og:type\" content=\"article\" \/>\n<meta property=\"og:title\" content=\"\u00a1Justin Bieber, Jaden Smith y T-Junior en Casa de Campo! | Casa de Campo Living\" \/>\n<meta property=\"og:description\" content=\"El famos\u00edsimo cantante de pop canadiense Justin Bieber, se tom\u00f3 este pasado fin de semana un descanso en una de las lujosas villas de Casa de Campo\" \/>\n<meta property=\"og:url\" content=\"https:\/\/casadecampoliving.com\/es\/justin-bieber-jaden-smith-y-t-junior-en-casa-de-campo\/\" \/>\n<meta property=\"og:site_name\" content=\"Casa de Campo Living\" \/>\n<meta property=\"article:publisher\" content=\"https:\/\/www.facebook.com\/casadecampoliving\" \/>\n<meta property=\"article:published_time\" content=\"2013-06-10T04:00:00+00:00\" \/>\n<meta property=\"article:modified_time\" content=\"2022-10-21T22:46:30+00:00\" \/>\n<meta property=\"og:image\" content=\"https:\/\/i0.wp.com\/casadecampoliving.com\/wp-content\/uploads\/2022\/10\/cafe_de_la_leche-632x305-copy-1.jpg?fit=632%2C305&ssl=1\" \/>\n\t<meta property=\"og:image:width\" content=\"632\" \/>\n\t<meta property=\"og:image:height\" content=\"305\" \/>\n\t<meta property=\"og:image:type\" content=\"image\/jpeg\" \/>\n<meta name=\"author\" content=\"Mairobi Herrera\" \/>\n<meta name=\"twitter:card\" content=\"summary_large_image\" \/>\n<meta name=\"twitter:creator\" content=\"@cdcliving\" \/>\n<meta name=\"twitter:site\" content=\"@cdcliving\" \/>\n<meta name=\"twitter:label1\" content=\"Escrito por\" \/>\n\t<meta name=\"twitter:data1\" content=\"Mairobi Herrera\" \/>\n\t<meta name=\"twitter:label2\" content=\"Tiempo de lectura\" \/>\n\t<meta name=\"twitter:data2\" content=\"3 minutos\" \/>\n<script type=\"application\/ld+json\" class=\"yoast-schema-graph\">{\"@context\":\"https:\\\/\\\/schema.org\",\"@graph\":[{\"@type\":\"Article\",\"@id\":\"https:\\\/\\\/casadecampoliving.com\\\/es\\\/justin-bieber-jaden-smith-y-t-junior-en-casa-de-campo\\\/#article\",\"isPartOf\":{\"@id\":\"https:\\\/\\\/casadecampoliving.com\\\/es\\\/justin-bieber-jaden-smith-y-t-junior-en-casa-de-campo\\\/\"},\"author\":{\"name\":\"Mairobi Herrera\",\"@id\":\"https:\\\/\\\/casadecampoliving.com\\\/es\\\/#\\\/schema\\\/person\\\/932e594484c49168ad37fbb9141bf699\"},\"headline\":\"\u00a1Justin Bieber, Jaden Smith y T-Junior en Casa de Campo!\",\"datePublished\":\"2013-06-10T04:00:00+00:00\",\"dateModified\":\"2022-10-21T22:46:30+00:00\",\"mainEntityOfPage\":{\"@id\":\"https:\\\/\\\/casadecampoliving.com\\\/es\\\/justin-bieber-jaden-smith-y-t-junior-en-casa-de-campo\\\/\"},\"wordCount\":615,\"publisher\":{\"@id\":\"https:\\\/\\\/casadecampoliving.com\\\/es\\\/#organization\"},\"image\":{\"@id\":\"https:\\\/\\\/casadecampoliving.com\\\/es\\\/justin-bieber-jaden-smith-y-t-junior-en-casa-de-campo\\\/#primaryimage\"},\"thumbnailUrl\":\"https:\\\/\\\/i0.wp.com\\\/casadecampoliving.com\\\/wp-content\\\/uploads\\\/2022\\\/10\\\/cafe_de_la_leche-632x305-copy-1.jpg?fit=632%2C305&ssl=1\",\"keywords\":[\"celebridades\",\"celebridades en casa de campo\",\"resort casa de campo\"],\"articleSection\":[\"Celebridades\",\"Estilo de Vida\",\"Noticias Locales\",\"Resort Casa de Campo\",\"Titulares\"],\"inLanguage\":\"es\"},{\"@type\":\"WebPage\",\"@id\":\"https:\\\/\\\/casadecampoliving.com\\\/es\\\/justin-bieber-jaden-smith-y-t-junior-en-casa-de-campo\\\/\",\"url\":\"https:\\\/\\\/casadecampoliving.com\\\/es\\\/justin-bieber-jaden-smith-y-t-junior-en-casa-de-campo\\\/\",\"name\":\"\u00a1Justin Bieber, Jaden Smith y T-Junior en Casa de Campo! | Casa de Campo Living\",\"isPartOf\":{\"@id\":\"https:\\\/\\\/casadecampoliving.com\\\/es\\\/#website\"},\"primaryImageOfPage\":{\"@id\":\"https:\\\/\\\/casadecampoliving.com\\\/es\\\/justin-bieber-jaden-smith-y-t-junior-en-casa-de-campo\\\/#primaryimage\"},\"image\":{\"@id\":\"https:\\\/\\\/casadecampoliving.com\\\/es\\\/justin-bieber-jaden-smith-y-t-junior-en-casa-de-campo\\\/#primaryimage\"},\"thumbnailUrl\":\"https:\\\/\\\/i0.wp.com\\\/casadecampoliving.com\\\/wp-content\\\/uploads\\\/2022\\\/10\\\/cafe_de_la_leche-632x305-copy-1.jpg?fit=632%2C305&ssl=1\",\"datePublished\":\"2013-06-10T04:00:00+00:00\",\"dateModified\":\"2022-10-21T22:46:30+00:00\",\"description\":\"El famos\u00edsimo cantante de pop canadiense Justin Bieber, se tom\u00f3 este pasado fin de semana un descanso en una de las lujosas villas de Casa de Campo\",\"breadcrumb\":{\"@id\":\"https:\\\/\\\/casadecampoliving.com\\\/es\\\/justin-bieber-jaden-smith-y-t-junior-en-casa-de-campo\\\/#breadcrumb\"},\"inLanguage\":\"es\",\"potentialAction\":[{\"@type\":\"ReadAction\",\"target\":[\"https:\\\/\\\/casadecampoliving.com\\\/es\\\/justin-bieber-jaden-smith-y-t-junior-en-casa-de-campo\\\/\"]}]},{\"@type\":\"ImageObject\",\"inLanguage\":\"es\",\"@id\":\"https:\\\/\\\/casadecampoliving.com\\\/es\\\/justin-bieber-jaden-smith-y-t-junior-en-casa-de-campo\\\/#primaryimage\",\"url\":\"https:\\\/\\\/i0.wp.com\\\/casadecampoliving.com\\\/wp-content\\\/uploads\\\/2022\\\/10\\\/cafe_de_la_leche-632x305-copy-1.jpg?fit=632%2C305&ssl=1\",\"contentUrl\":\"https:\\\/\\\/i0.wp.com\\\/casadecampoliving.com\\\/wp-content\\\/uploads\\\/2022\\\/10\\\/cafe_de_la_leche-632x305-copy-1.jpg?fit=632%2C305&ssl=1\",\"width\":632,\"height\":305,\"caption\":\"justin bieber casa de campo\"},{\"@type\":\"BreadcrumbList\",\"@id\":\"https:\\\/\\\/casadecampoliving.com\\\/es\\\/justin-bieber-jaden-smith-y-t-junior-en-casa-de-campo\\\/#breadcrumb\",\"itemListElement\":[{\"@type\":\"ListItem\",\"position\":1,\"name\":\"Home\",\"item\":\"https:\\\/\\\/casadecampoliving.com\\\/es\\\/\"},{\"@type\":\"ListItem\",\"position\":2,\"name\":\"\u00a1Justin Bieber, Jaden Smith y T-Junior en Casa de Campo!\"}]},{\"@type\":\"WebSite\",\"@id\":\"https:\\\/\\\/casadecampoliving.com\\\/es\\\/#website\",\"url\":\"https:\\\/\\\/casadecampoliving.com\\\/es\\\/\",\"name\":\"Casa de Campo Living\",\"description\":\"Resort community news and resources.\",\"publisher\":{\"@id\":\"https:\\\/\\\/casadecampoliving.com\\\/es\\\/#organization\"},\"potentialAction\":[{\"@type\":\"SearchAction\",\"target\":{\"@type\":\"EntryPoint\",\"urlTemplate\":\"https:\\\/\\\/casadecampoliving.com\\\/es\\\/?s={search_term_string}\"},\"query-input\":{\"@type\":\"PropertyValueSpecification\",\"valueRequired\":true,\"valueName\":\"search_term_string\"}}],\"inLanguage\":\"es\"},{\"@type\":\"Organization\",\"@id\":\"https:\\\/\\\/casadecampoliving.com\\\/es\\\/#organization\",\"name\":\"Casa de Campo Living\",\"url\":\"https:\\\/\\\/casadecampoliving.com\\\/es\\\/\",\"logo\":{\"@type\":\"ImageObject\",\"inLanguage\":\"es\",\"@id\":\"https:\\\/\\\/casadecampoliving.com\\\/es\\\/#\\\/schema\\\/logo\\\/image\\\/\",\"url\":\"https:\\\/\\\/i0.wp.com\\\/casadecampoliving.com\\\/wp-content\\\/uploads\\\/2022\\\/07\\\/CDCLivingLogo_V1-white-sized.png?fit=800%2C214&ssl=1\",\"contentUrl\":\"https:\\\/\\\/i0.wp.com\\\/casadecampoliving.com\\\/wp-content\\\/uploads\\\/2022\\\/07\\\/CDCLivingLogo_V1-white-sized.png?fit=800%2C214&ssl=1\",\"width\":800,\"height\":214,\"caption\":\"Casa de Campo Living\"},\"image\":{\"@id\":\"https:\\\/\\\/casadecampoliving.com\\\/es\\\/#\\\/schema\\\/logo\\\/image\\\/\"},\"sameAs\":[\"https:\\\/\\\/www.facebook.com\\\/casadecampoliving\",\"https:\\\/\\\/x.com\\\/cdcliving\"]},{\"@type\":\"Person\",\"@id\":\"https:\\\/\\\/casadecampoliving.com\\\/es\\\/#\\\/schema\\\/person\\\/932e594484c49168ad37fbb9141bf699\",\"name\":\"Mairobi Herrera\",\"image\":{\"@type\":\"ImageObject\",\"inLanguage\":\"es\",\"@id\":\"https:\\\/\\\/secure.gravatar.com\\\/avatar\\\/d0bf6c19470eb55d83c719e39672f670b2c4412339af1eb8a08f86427ba98ee8?s=96&d=mm&r=g\",\"url\":\"https:\\\/\\\/secure.gravatar.com\\\/avatar\\\/d0bf6c19470eb55d83c719e39672f670b2c4412339af1eb8a08f86427ba98ee8?s=96&d=mm&r=g\",\"contentUrl\":\"https:\\\/\\\/secure.gravatar.com\\\/avatar\\\/d0bf6c19470eb55d83c719e39672f670b2c4412339af1eb8a08f86427ba98ee8?s=96&d=mm&r=g\",\"caption\":\"Mairobi Herrera\"},\"sameAs\":[\"https:\\\/\\\/casadecampoliving.com\\\/\"],\"url\":\"https:\\\/\\\/casadecampoliving.com\\\/es\\\/author\\\/mherrera\\\/\"}]}<\/script>\n<!-- \/ Yoast SEO plugin. -->","yoast_head_json":{"title":"\u00a1Justin Bieber, Jaden Smith y T-Junior en Casa de Campo! | Casa de Campo Living","description":"El famos\u00edsimo cantante de pop canadiense Justin Bieber, se tom\u00f3 este pasado fin de semana un descanso en una de las lujosas villas de Casa de Campo","robots":{"index":"index","follow":"follow","max-snippet":"max-snippet:-1","max-image-preview":"max-image-preview:large","max-video-preview":"max-video-preview:-1"},"canonical":"https:\/\/casadecampoliving.com\/es\/justin-bieber-jaden-smith-y-t-junior-en-casa-de-campo\/","og_locale":"es_ES","og_type":"article","og_title":"\u00a1Justin Bieber, Jaden Smith y T-Junior en Casa de Campo! | Casa de Campo Living","og_description":"El famos\u00edsimo cantante de pop canadiense Justin Bieber, se tom\u00f3 este pasado fin de semana un descanso en una de las lujosas villas de Casa de Campo","og_url":"https:\/\/casadecampoliving.com\/es\/justin-bieber-jaden-smith-y-t-junior-en-casa-de-campo\/","og_site_name":"Casa de Campo Living","article_publisher":"https:\/\/www.facebook.com\/casadecampoliving","article_published_time":"2013-06-10T04:00:00+00:00","article_modified_time":"2022-10-21T22:46:30+00:00","og_image":[{"width":632,"height":305,"url":"https:\/\/i0.wp.com\/casadecampoliving.com\/wp-content\/uploads\/2022\/10\/cafe_de_la_leche-632x305-copy-1.jpg?fit=632%2C305&ssl=1","type":"image\/jpeg"}],"author":"Mairobi Herrera","twitter_card":"summary_large_image","twitter_creator":"@cdcliving","twitter_site":"@cdcliving","twitter_misc":{"Escrito por":"Mairobi Herrera","Tiempo de lectura":"3 minutos"},"schema":{"@context":"https:\/\/schema.org","@graph":[{"@type":"Article","@id":"https:\/\/casadecampoliving.com\/es\/justin-bieber-jaden-smith-y-t-junior-en-casa-de-campo\/#article","isPartOf":{"@id":"https:\/\/casadecampoliving.com\/es\/justin-bieber-jaden-smith-y-t-junior-en-casa-de-campo\/"},"author":{"name":"Mairobi Herrera","@id":"https:\/\/casadecampoliving.com\/es\/#\/schema\/person\/932e594484c49168ad37fbb9141bf699"},"headline":"\u00a1Justin Bieber, Jaden Smith y T-Junior en Casa de Campo!","datePublished":"2013-06-10T04:00:00+00:00","dateModified":"2022-10-21T22:46:30+00:00","mainEntityOfPage":{"@id":"https:\/\/casadecampoliving.com\/es\/justin-bieber-jaden-smith-y-t-junior-en-casa-de-campo\/"},"wordCount":615,"publisher":{"@id":"https:\/\/casadecampoliving.com\/es\/#organization"},"image":{"@id":"https:\/\/casadecampoliving.com\/es\/justin-bieber-jaden-smith-y-t-junior-en-casa-de-campo\/#primaryimage"},"thumbnailUrl":"https:\/\/i0.wp.com\/casadecampoliving.com\/wp-content\/uploads\/2022\/10\/cafe_de_la_leche-632x305-copy-1.jpg?fit=632%2C305&ssl=1","keywords":["celebridades","celebridades en casa de campo","resort casa de campo"],"articleSection":["Celebridades","Estilo de Vida","Noticias Locales","Resort Casa de Campo","Titulares"],"inLanguage":"es"},{"@type":"WebPage","@id":"https:\/\/casadecampoliving.com\/es\/justin-bieber-jaden-smith-y-t-junior-en-casa-de-campo\/","url":"https:\/\/casadecampoliving.com\/es\/justin-bieber-jaden-smith-y-t-junior-en-casa-de-campo\/","name":"\u00a1Justin Bieber, Jaden Smith y T-Junior en Casa de Campo! | Casa de Campo Living","isPartOf":{"@id":"https:\/\/casadecampoliving.com\/es\/#website"},"primaryImageOfPage":{"@id":"https:\/\/casadecampoliving.com\/es\/justin-bieber-jaden-smith-y-t-junior-en-casa-de-campo\/#primaryimage"},"image":{"@id":"https:\/\/casadecampoliving.com\/es\/justin-bieber-jaden-smith-y-t-junior-en-casa-de-campo\/#primaryimage"},"thumbnailUrl":"https:\/\/i0.wp.com\/casadecampoliving.com\/wp-content\/uploads\/2022\/10\/cafe_de_la_leche-632x305-copy-1.jpg?fit=632%2C305&ssl=1","datePublished":"2013-06-10T04:00:00+00:00","dateModified":"2022-10-21T22:46:30+00:00","description":"El famos\u00edsimo cantante de pop canadiense Justin Bieber, se tom\u00f3 este pasado fin de semana un descanso en una de las lujosas villas de Casa de Campo","breadcrumb":{"@id":"https:\/\/casadecampoliving.com\/es\/justin-bieber-jaden-smith-y-t-junior-en-casa-de-campo\/#breadcrumb"},"inLanguage":"es","potentialAction":[{"@type":"ReadAction","target":["https:\/\/casadecampoliving.com\/es\/justin-bieber-jaden-smith-y-t-junior-en-casa-de-campo\/"]}]},{"@type":"ImageObject","inLanguage":"es","@id":"https:\/\/casadecampoliving.com\/es\/justin-bieber-jaden-smith-y-t-junior-en-casa-de-campo\/#primaryimage","url":"https:\/\/i0.wp.com\/casadecampoliving.com\/wp-content\/uploads\/2022\/10\/cafe_de_la_leche-632x305-copy-1.jpg?fit=632%2C305&ssl=1","contentUrl":"https:\/\/i0.wp.com\/casadecampoliving.com\/wp-content\/uploads\/2022\/10\/cafe_de_la_leche-632x305-copy-1.jpg?fit=632%2C305&ssl=1","width":632,"height":305,"caption":"justin bieber casa de campo"},{"@type":"BreadcrumbList","@id":"https:\/\/casadecampoliving.com\/es\/justin-bieber-jaden-smith-y-t-junior-en-casa-de-campo\/#breadcrumb","itemListElement":[{"@type":"ListItem","position":1,"name":"Home","item":"https:\/\/casadecampoliving.com\/es\/"},{"@type":"ListItem","position":2,"name":"\u00a1Justin Bieber, Jaden Smith y T-Junior en Casa de Campo!"}]},{"@type":"WebSite","@id":"https:\/\/casadecampoliving.com\/es\/#website","url":"https:\/\/casadecampoliving.com\/es\/","name":"Casa de Campo Living","description":"Resort community news and resources.","publisher":{"@id":"https:\/\/casadecampoliving.com\/es\/#organization"},"potentialAction":[{"@type":"SearchAction","target":{"@type":"EntryPoint","urlTemplate":"https:\/\/casadecampoliving.com\/es\/?s={search_term_string}"},"query-input":{"@type":"PropertyValueSpecification","valueRequired":true,"valueName":"search_term_string"}}],"inLanguage":"es"},{"@type":"Organization","@id":"https:\/\/casadecampoliving.com\/es\/#organization","name":"Casa de Campo Living","url":"https:\/\/casadecampoliving.com\/es\/","logo":{"@type":"ImageObject","inLanguage":"es","@id":"https:\/\/casadecampoliving.com\/es\/#\/schema\/logo\/image\/","url":"https:\/\/i0.wp.com\/casadecampoliving.com\/wp-content\/uploads\/2022\/07\/CDCLivingLogo_V1-white-sized.png?fit=800%2C214&ssl=1","contentUrl":"https:\/\/i0.wp.com\/casadecampoliving.com\/wp-content\/uploads\/2022\/07\/CDCLivingLogo_V1-white-sized.png?fit=800%2C214&ssl=1","width":800,"height":214,"caption":"Casa de Campo Living"},"image":{"@id":"https:\/\/casadecampoliving.com\/es\/#\/schema\/logo\/image\/"},"sameAs":["https:\/\/www.facebook.com\/casadecampoliving","https:\/\/x.com\/cdcliving"]},{"@type":"Person","@id":"https:\/\/casadecampoliving.com\/es\/#\/schema\/person\/932e594484c49168ad37fbb9141bf699","name":"Mairobi Herrera","image":{"@type":"ImageObject","inLanguage":"es","@id":"https:\/\/secure.gravatar.com\/avatar\/d0bf6c19470eb55d83c719e39672f670b2c4412339af1eb8a08f86427ba98ee8?s=96&d=mm&r=g","url":"https:\/\/secure.gravatar.com\/avatar\/d0bf6c19470eb55d83c719e39672f670b2c4412339af1eb8a08f86427ba98ee8?s=96&d=mm&r=g","contentUrl":"https:\/\/secure.gravatar.com\/avatar\/d0bf6c19470eb55d83c719e39672f670b2c4412339af1eb8a08f86427ba98ee8?s=96&d=mm&r=g","caption":"Mairobi Herrera"},"sameAs":["https:\/\/casadecampoliving.com\/"],"url":"https:\/\/casadecampoliving.com\/es\/author\/mherrera\/"}]}},"parsely":{"version":"1.1.0","canonical_url":"https:\/\/casadecampoliving.com\/es\/justin-bieber-jaden-smith-y-t-junior-en-casa-de-campo\/","smart_links":{"inbound":0,"outbound":0},"traffic_boost_suggestions_count":0,"meta":{"@context":"https:\/\/schema.org","@type":"NewsArticle","headline":"\u00a1Justin Bieber, Jaden Smith y T-Junior en Casa de Campo!","url":"http:\/\/casadecampoliving.com\/es\/justin-bieber-jaden-smith-y-t-junior-en-casa-de-campo\/","mainEntityOfPage":{"@type":"WebPage","@id":"http:\/\/casadecampoliving.com\/es\/justin-bieber-jaden-smith-y-t-junior-en-casa-de-campo\/"},"thumbnailUrl":"https:\/\/i0.wp.com\/casadecampoliving.com\/wp-content\/uploads\/2022\/10\/cafe_de_la_leche-632x305-copy-1.jpg?resize=150%2C150&ssl=1","image":{"@type":"ImageObject","url":"https:\/\/i0.wp.com\/casadecampoliving.com\/wp-content\/uploads\/2022\/10\/cafe_de_la_leche-632x305-copy-1.jpg?fit=632%2C305&ssl=1"},"articleSection":"Celebridades","author":[{"@type":"Person","name":"Mairobi Herrera"}],"creator":["Mairobi Herrera"],"publisher":{"@type":"Organization","name":"Casa de Campo Living","logo":"https:\/\/casadecampoliving.com\/wp-content\/uploads\/2022\/07\/CDCLivingLogo_V1-white-sized.png"},"keywords":["celebridades","celebridades en casa de campo","resort casa de campo"],"dateCreated":"2013-06-10T04:00:00Z","datePublished":"2013-06-10T04:00:00Z","dateModified":"2022-10-21T22:46:30Z"},"rendered":"<script type=\"application\/ld+json\" class=\"wp-parsely-metadata\">{\"@context\":\"https:\\\/\\\/schema.org\",\"@type\":\"NewsArticle\",\"headline\":\"\\u00a1Justin Bieber, Jaden Smith y T-Junior en Casa de Campo!\",\"url\":\"http:\\\/\\\/casadecampoliving.com\\\/es\\\/justin-bieber-jaden-smith-y-t-junior-en-casa-de-campo\\\/\",\"mainEntityOfPage\":{\"@type\":\"WebPage\",\"@id\":\"http:\\\/\\\/casadecampoliving.com\\\/es\\\/justin-bieber-jaden-smith-y-t-junior-en-casa-de-campo\\\/\"},\"thumbnailUrl\":\"https:\\\/\\\/i0.wp.com\\\/casadecampoliving.com\\\/wp-content\\\/uploads\\\/2022\\\/10\\\/cafe_de_la_leche-632x305-copy-1.jpg?resize=150%2C150&ssl=1\",\"image\":{\"@type\":\"ImageObject\",\"url\":\"https:\\\/\\\/i0.wp.com\\\/casadecampoliving.com\\\/wp-content\\\/uploads\\\/2022\\\/10\\\/cafe_de_la_leche-632x305-copy-1.jpg?fit=632%2C305&ssl=1\"},\"articleSection\":\"Celebridades\",\"author\":[{\"@type\":\"Person\",\"name\":\"Mairobi Herrera\"}],\"creator\":[\"Mairobi Herrera\"],\"publisher\":{\"@type\":\"Organization\",\"name\":\"Casa de Campo Living\",\"logo\":\"https:\\\/\\\/casadecampoliving.com\\\/wp-content\\\/uploads\\\/2022\\\/07\\\/CDCLivingLogo_V1-white-sized.png\"},\"keywords\":[\"celebridades\",\"celebridades en casa de campo\",\"resort casa de campo\"],\"dateCreated\":\"2013-06-10T04:00:00Z\",\"datePublished\":\"2013-06-10T04:00:00Z\",\"dateModified\":\"2022-10-21T22:46:30Z\"}<\/script>","tracker_url":"https:\/\/cdn.parsely.com\/keys\/casadecampoliving.com\/p.js"},"jetpack_publicize_connections":[],"jetpack_featured_media_url":"https:\/\/i0.wp.com\/casadecampoliving.com\/wp-content\/uploads\/2022\/10\/cafe_de_la_leche-632x305-copy-1.jpg?fit=632%2C305&ssl=1","jetpack-related-posts":[{"id":433460,"url":"https:\/\/casadecampoliving.com\/es\/no-se-pierdan-el-increible-tributo-a-frank-sinatra-para-celebrar-el-40-aniversario-del-anfiteatro-altos-de-chavon\/","url_meta":{"origin":341849,"position":0},"title":"No se pierdan el incre\u00edble tributo a Frank Sinatra para celebrar el 40 aniversario del\u00a0Anfiteatro Altos de Chav\u00f3n","author":"Casa de Campo Living","date":"20 Oct, 2022","format":false,"excerpt":"Siendo uno de los escenarios m\u00e1s emblem\u00e1ticos del pa\u00eds, Casa de Campo Resort\u00ae & Villas celebra las cuatro d\u00e9cadas de aniversario de Altos de Chav\u00f3n con un tributo al gran Frank Sinatra, protagonizado por artistas invitados y una big band tal cual la que acompa\u00f1\u00f3 al artista hace 40 a\u00f1os\u2026","rel":"","context":"En \u00abUncategorized @es\u00bb","block_context":{"text":"Uncategorized @es","link":"https:\/\/casadecampoliving.com\/es\/category\/uncategorized-es\/"},"img":{"alt_text":"","src":"https:\/\/i0.wp.com\/casadecampoliving.com\/wp-content\/uploads\/2022\/10\/Tributo-Frank-Sinatra-Foto-Principal-Amaury-Sanchez-Danilo-Ginebra-Andres-Pichardo-y-Jose-Gabriel-Perez-.jpg?fit=1200%2C873&ssl=1&resize=350%2C200","width":350,"height":200,"srcset":"https:\/\/i0.wp.com\/casadecampoliving.com\/wp-content\/uploads\/2022\/10\/Tributo-Frank-Sinatra-Foto-Principal-Amaury-Sanchez-Danilo-Ginebra-Andres-Pichardo-y-Jose-Gabriel-Perez-.jpg?fit=1200%2C873&ssl=1&resize=350%2C200 1x, https:\/\/i0.wp.com\/casadecampoliving.com\/wp-content\/uploads\/2022\/10\/Tributo-Frank-Sinatra-Foto-Principal-Amaury-Sanchez-Danilo-Ginebra-Andres-Pichardo-y-Jose-Gabriel-Perez-.jpg?fit=1200%2C873&ssl=1&resize=525%2C300 1.5x, https:\/\/i0.wp.com\/casadecampoliving.com\/wp-content\/uploads\/2022\/10\/Tributo-Frank-Sinatra-Foto-Principal-Amaury-Sanchez-Danilo-Ginebra-Andres-Pichardo-y-Jose-Gabriel-Perez-.jpg?fit=1200%2C873&ssl=1&resize=700%2C400 2x, https:\/\/i0.wp.com\/casadecampoliving.com\/wp-content\/uploads\/2022\/10\/Tributo-Frank-Sinatra-Foto-Principal-Amaury-Sanchez-Danilo-Ginebra-Andres-Pichardo-y-Jose-Gabriel-Perez-.jpg?fit=1200%2C873&ssl=1&resize=1050%2C600 3x"},"classes":[]},{"id":345576,"url":"https:\/\/casadecampoliving.com\/es\/los-diez-mejores-momentos-de-celebridades-en-casa-de-campo-cantantes\/","url_meta":{"origin":341849,"position":1},"title":"Los diez mejores momentos de celebridades en Casa de Campo &#8211; cantantes","author":"Perkin Agramonte","date":"7 Oct, 2014","format":false,"excerpt":"Sin lugar a duda, Casa de Campo es el lugar m\u00e1s deseado por los famosos para pasar unas placenteras vacaciones. En art\u00edculos anteriores, les presentamos nuestro top 10\u00a0actores\/actrices, as\u00ed como, el top\u00a010\u00a0deportistas vistos en Casa de Campo\u2026 esta vez les presentamos nuestro top 10 de cantantes famosos en Casa de\u2026","rel":"","context":"En \u00abAltos de Chavon @es\u00bb","block_context":{"text":"Altos de Chavon @es","link":"https:\/\/casadecampoliving.com\/category\/altos-de-chavon-es\/"},"img":{"alt_text":"beyonce and jay z casa de campo","src":"https:\/\/i0.wp.com\/casadecampoliving.com\/wp-content\/uploads\/2022\/10\/beyonce2-1.jpg?fit=1200%2C846&ssl=1&resize=350%2C200","width":350,"height":200,"srcset":"https:\/\/i0.wp.com\/casadecampoliving.com\/wp-content\/uploads\/2022\/10\/beyonce2-1.jpg?fit=1200%2C846&ssl=1&resize=350%2C200 1x, https:\/\/i0.wp.com\/casadecampoliving.com\/wp-content\/uploads\/2022\/10\/beyonce2-1.jpg?fit=1200%2C846&ssl=1&resize=525%2C300 1.5x, https:\/\/i0.wp.com\/casadecampoliving.com\/wp-content\/uploads\/2022\/10\/beyonce2-1.jpg?fit=1200%2C846&ssl=1&resize=700%2C400 2x, https:\/\/i0.wp.com\/casadecampoliving.com\/wp-content\/uploads\/2022\/10\/beyonce2-1.jpg?fit=1200%2C846&ssl=1&resize=1050%2C600 3x"},"classes":[]},{"id":343835,"url":"https:\/\/casadecampoliving.com\/es\/beyonce-y-jay-z-en-casa-de-campo\/","url_meta":{"origin":341849,"position":2},"title":"Beyonce y Jay Z en Casa de Campo","author":"Perkin Agramonte","date":"8 Feb, 2014","format":false,"excerpt":"Beyonce and Jay Z se encuentran actualmente de vacaciones en el prestigioso resort Casa de Campo, de acuerdo con un art\u00edculo publicado en hoy.com.do. Obviamente ya hab\u00edamos escuchado este rumor, que actualmente se ha convertido en noticia nacional, por lo que nos sentimos seguros de revelar este peque\u00f1o secreto. En\u2026","rel":"","context":"En \u00abCelebridades\u00bb","block_context":{"text":"Celebridades","link":"https:\/\/casadecampoliving.com\/es\/category\/celebridades-es\/"},"img":{"alt_text":"Casa de Campo villa","src":"https:\/\/i0.wp.com\/casadecampoliving.com\/wp-content\/uploads\/2022\/10\/casa_de_campo_villa-20.jpg?fit=650%2C338&ssl=1&resize=350%2C200","width":350,"height":200,"srcset":"https:\/\/i0.wp.com\/casadecampoliving.com\/wp-content\/uploads\/2022\/10\/casa_de_campo_villa-20.jpg?fit=650%2C338&ssl=1&resize=350%2C200 1x, https:\/\/i0.wp.com\/casadecampoliving.com\/wp-content\/uploads\/2022\/10\/casa_de_campo_villa-20.jpg?fit=650%2C338&ssl=1&resize=525%2C300 1.5x"},"classes":[]},{"id":346373,"url":"https:\/\/casadecampoliving.com\/es\/vin-diesel-luce-musculoso-en-la-playa-en-casa-de-campo\/","url_meta":{"origin":341849,"position":3},"title":"Vin Diesel luce musculoso en la playa en Casa de Campo","author":"Rebecca Hughes","date":"23 Dic, 2014","format":false,"excerpt":"\u00a1Apuesto a que usted desea haber estado en Playa Minitas en Casa de Campo, cuando esta sexy foto fue\u00a0tomada! Actor\/director, Vin Diesel se encuentra entre una de las muchas celebridades que frecuentan Casa de Campo, y como puede ver en esta foto publicada ayer en su cuenta oficial de Facebook,\u2026","rel":"","context":"En \u00abCasa de Campo Living @es\u00bb","block_context":{"text":"Casa de Campo Living @es","link":"https:\/\/casadecampoliving.com\/category\/casa-de-campo-living-es\/"},"img":{"alt_text":"Vin Diesel Casa de Campo","src":"https:\/\/i0.wp.com\/casadecampoliving.com\/wp-content\/uploads\/2022\/10\/Vin_Diesel_Casa_de_Campo-3.jpg?fit=650%2C402&ssl=1&resize=350%2C200","width":350,"height":200,"srcset":"https:\/\/i0.wp.com\/casadecampoliving.com\/wp-content\/uploads\/2022\/10\/Vin_Diesel_Casa_de_Campo-3.jpg?fit=650%2C402&ssl=1&resize=350%2C200 1x, https:\/\/i0.wp.com\/casadecampoliving.com\/wp-content\/uploads\/2022\/10\/Vin_Diesel_Casa_de_Campo-3.jpg?fit=650%2C402&ssl=1&resize=525%2C300 1.5x"},"classes":[]},{"id":322366,"url":"https:\/\/casadecampoliving.com\/justin-bieber-jaden-smith-and-t-junior-take-a-break-in-casa-de-campo\/","url_meta":{"origin":341849,"position":4},"title":"Justin Bieber, Jaden Smith and T-Junior take a break in Casa de Campo!","author":"Mairobi Herrera","date":"10 Jun, 2013","format":false,"excerpt":"The famous Canadian pop singer Justin Bieber this weekend took a break in a luxurious Casa de Campo villa located in Barranca Este: \u201cLas Ondinas\u201d. The same villa that Jay-Z and his wife Beyonc\u00e9 used to celebrate his birthday in December 2009. According to our source, Justin stayed 3 nights\u2026","rel":"","context":"En \u00abCasa de Campo Resort\u00bb","block_context":{"text":"Casa de Campo Resort","link":"https:\/\/casadecampoliving.com\/category\/casa-de-campo-resort\/"},"img":{"alt_text":"justin bieber casa de campo","src":"https:\/\/i0.wp.com\/casadecampoliving.com\/wp-content\/uploads\/2022\/10\/cafe_de_la_leche-632x305-copy-1.jpg?fit=632%2C305&ssl=1&resize=350%2C200","width":350,"height":200,"srcset":"https:\/\/i0.wp.com\/casadecampoliving.com\/wp-content\/uploads\/2022\/10\/cafe_de_la_leche-632x305-copy-1.jpg?fit=632%2C305&ssl=1&resize=350%2C200 1x, https:\/\/i0.wp.com\/casadecampoliving.com\/wp-content\/uploads\/2022\/10\/cafe_de_la_leche-632x305-copy-1.jpg?fit=632%2C305&ssl=1&resize=525%2C300 1.5x"},"classes":[]},{"id":337176,"url":"https:\/\/casadecampoliving.com\/es\/akon-en-casa-de-campo-grabando-un-nuevo-video-musical-con-omega\/","url_meta":{"origin":341849,"position":5},"title":"Akon en Casa de Campo: \u00a1Grabando un nuevo video m\u00fasical con Omega!","author":"","date":"28 Sep, 2011","format":false,"excerpt":"Akon, es una famosa estrella de Hip Hop\u00a0y\u00a0R&B, quien cant\u00f3\u00a0\u201cSmack That\u201d con Eminem y\u00a0\u201cI Wanna Love You\u201d con Snoop Dog, pas\u00f3 unos d\u00edas en Casa de Campo grabando uno nuevo video m\u00fasical! Akon en el\u00a0Kartodromo Julian Barcelo, Santo Domingo Cr\u00e9dito Foto: Listindiario.com.do Antes de Akon llegar a Casa de Campo,\u2026","rel":"","context":"En \u00abCasa de Campo Living @es\u00bb","block_context":{"text":"Casa de Campo Living @es","link":"https:\/\/casadecampoliving.com\/category\/casa-de-campo-living-es\/"},"img":{"alt_text":"","src":"https:\/\/i0.wp.com\/casadecampoliving.com\/wp-content\/uploads\/2022\/10\/akon_casa_de_campo-1.jpg?fit=565%2C277&ssl=1&resize=350%2C200","width":350,"height":200,"srcset":"https:\/\/i0.wp.com\/casadecampoliving.com\/wp-content\/uploads\/2022\/10\/akon_casa_de_campo-1.jpg?fit=565%2C277&ssl=1&resize=350%2C200 1x, https:\/\/i0.wp.com\/casadecampoliving.com\/wp-content\/uploads\/2022\/10\/akon_casa_de_campo-1.jpg?fit=565%2C277&ssl=1&resize=525%2C300 1.5x"},"classes":[]}],"jetpack_sharing_enabled":true,"_links":{"self":[{"href":"https:\/\/casadecampoliving.com\/es\/wp-json\/wp\/v2\/posts\/341849","targetHints":{"allow":["GET"]}}],"collection":[{"href":"https:\/\/casadecampoliving.com\/es\/wp-json\/wp\/v2\/posts"}],"about":[{"href":"https:\/\/casadecampoliving.com\/es\/wp-json\/wp\/v2\/types\/post"}],"author":[{"embeddable":true,"href":"https:\/\/casadecampoliving.com\/es\/wp-json\/wp\/v2\/users\/431"}],"replies":[{"embeddable":true,"href":"https:\/\/casadecampoliving.com\/es\/wp-json\/wp\/v2\/comments?post=341849"}],"version-history":[{"count":1,"href":"https:\/\/casadecampoliving.com\/es\/wp-json\/wp\/v2\/posts\/341849\/revisions"}],"predecessor-version":[{"id":341852,"href":"https:\/\/casadecampoliving.com\/es\/wp-json\/wp\/v2\/posts\/341849\/revisions\/341852"}],"wp:featuredmedia":[{"embeddable":true,"href":"https:\/\/casadecampoliving.com\/es\/wp-json\/wp\/v2\/media\/242779"}],"wp:attachment":[{"href":"https:\/\/casadecampoliving.com\/es\/wp-json\/wp\/v2\/media?parent=341849"}],"wp:term":[{"taxonomy":"category","embeddable":true,"href":"https:\/\/casadecampoliving.com\/es\/wp-json\/wp\/v2\/categories?post=341849"},{"taxonomy":"post_tag","embeddable":true,"href":"https:\/\/casadecampoliving.com\/es\/wp-json\/wp\/v2\/tags?post=341849"},{"taxonomy":"newspack_spnsrs_tax","embeddable":true,"href":"https:\/\/casadecampoliving.com\/es\/wp-json\/wp\/v2\/newspack_spnsrs_tax?post=341849"}],"curies":[{"name":"wp","href":"https:\/\/api.w.org\/{rel}","templated":true}]}}