{"id":341845,"date":"2013-06-10T00:00:00","date_gmt":"2013-06-10T04:00:00","guid":{"rendered":"https:\/\/casadecampoliving.com\/casa-llena-en-el-anfiteatro-altos-de-chavon-un-concierto-digno-de-ricardo-arjona\/"},"modified":"2022-10-21T18:46:25","modified_gmt":"2022-10-21T22:46:25","slug":"casa-llena-en-el-anfiteatro-altos-de-chavon-un-concierto-digno-de-ricardo-arjona","status":"publish","type":"post","link":"https:\/\/casadecampoliving.com\/es\/casa-llena-en-el-anfiteatro-altos-de-chavon-un-concierto-digno-de-ricardo-arjona\/","title":{"rendered":"Casa llena en el Anfiteatro Altos de Chav\u00f3n: \u00abUn concierto digno de Ricardo Arjona\u00bb"},"content":{"rendered":"<div class=\"wp-block-image\">\n<figure class=\"aligncenter is-resized\"><img loading=\"lazy\" decoding=\"async\" src=\"https:\/\/i0.wp.com\/casadecampoliving.com\/wp-content\/uploads\/2022\/10\/Ricardo-Arjona.jpg?resize=650%2C417&amp;ssl=1\" alt=\"\" class=\"wp-image-71761\" title=\"Ricardo Arjona\" height=\"417\" width=\"650\"\/><\/figure>\n<\/div>\n\n\n<p class=\"has-text-align-center\"><\/p>\n\n\n\n<p class=\"has-text-align-left\">Fue hace un par de semanas cuando me llev\u00e9 una gran sorpresa al repasar la extensa lista de conciertos que se han celebrado en el anfiteatro de Altos de Chav\u00f3n durante los \u00faltimos 30 a\u00f1os. Me percat\u00e9 que el artista que el pasado s\u00e1bado 8 de junio de 2013 hizo vibrar a los m\u00e1s de 5 mil presentes en las prestigiosas piedras de Altos de Chav\u00f3n, a penas se estar\u00eda presentando por primera vez en el lugar con la gira de conciertos \u201cRicardo Arjona: \u00cdntimo\u201d. Pero felizmente, puedo decir que esta \u00e9sta no fue la \u00fanica sorpresa\u2026 El concierto final de la gira Metamorfosis sin lugar a dudas fue uno sin precedentes \u2013 una caja de sorpresas de principio a fin.<\/p>\n\n\n\n<!--more-->\n\n\n<div class=\"wp-block-image\">\n<figure class=\"alignright is-resized\"><img loading=\"lazy\" decoding=\"async\" src=\"https:\/\/i0.wp.com\/casadecampoliving.com\/wp-content\/uploads\/2022\/10\/Ricardo-Arjona-1.jpg?resize=230%2C353&amp;ssl=1\" alt=\"\" class=\"wp-image-71762\" title=\"Ricardo Arjona 1\" height=\"353\" width=\"230\"\/><\/figure>\n<\/div>\n\n\n<p>Aquellos que le conocen como uno de los artistas m\u00e1s famosos de Am\u00e9rica Latina, caracterizado por sus temas de desamor, filosof\u00eda y de corte social, probablemente se imaginar\u00e1n lo que ocurri\u00f3 en la noche del s\u00e1bado 8 de junio en el Anfiteatro de Altos de Chav\u00f3n. Si hablamos en t\u00e9rminos de ventas gui\u00e1ndonos por las m\u00e1s de 5,000 personas que se dieron cita en el concierto, \u00e9ste, sin duda, fue un \u00e9xito total\u2026 pero si hablamos en t\u00e9rminos de expectativas de un p\u00fablico que no par\u00f3 de corear los incontables \u00e9xitos de Ricardo Arjona, se puede decir que el espect\u00e1culo las super\u00f3 en todo el sentido de la palabra.<\/p>\n\n\n\n<p>Uno de las grandes sorpresas de la noche fue la participaci\u00f3n de Eliacim como contraparte del esperado artista; un nuevo talento dominicano que se encuentra conquistando la industria musical, interpretando temas como \u201cQuiero\u201d, \u201cUn D\u00eda de Esos\u201d y \u201cQuisqueya la Bella\u201d.<\/p>\n\n\n\n<p>Luego de esta exquisitez musical, los primeros acordes del saxof\u00f3n que indicaban el comienzo del concierto, causaron una prolongada ovaci\u00f3n del p\u00fablico, pero sobre todo una infinita incertidumbre. Y es que como expresaban algunos de sus m\u00faltiples fan\u00e1ticos en el momento, \u00e9ste daba indicios de ser \u201cun concierto digno de Ricardo Arjona\u201d.<\/p>\n\n\n\n<p>Con el apoyo de m\u00faltiples efectos especiales, luces y un video montaje que, con el uso de intencionales cortes abruptos, mostraba escenas cotidianas, desde el comienzo del particular \u201cnoticiario metamorfosis\u201d, hasta personajes de la televisi\u00f3n latinoamericana y distintas tomas del rostro de Arjona, la voz del int\u00e9rprete finalmente fue escuchada con el tema \u201cVida\u201d,&nbsp; acompa\u00f1ado de un desconocido y colorido objeto volador que hacia su entrada sobre los presentes.<\/p>\n\n\n\n<p>La expectativa causada por esta c\u00e1mara a\u00e9rea s\u00f3lo logr\u00f3 una ovaci\u00f3n a\u00fan mayor por parte de los presentes. La reacci\u00f3n fue atribuida principalmente a la idea de que Arjona estuviera haciendo su aparici\u00f3n a bordo de este artefacto, pero no fue hasta \u201cAnimal Nocturno\u201d cuando el artista, acomapa\u00f1ado por su guitarra, hizo su entrada para dar comienzo al \u00faltimo show de su gira \u201cMetamorfosis\u201d.<\/p>\n\n\n<div class=\"wp-block-image\">\n<figure class=\"aligncenter is-resized\"><img loading=\"lazy\" decoding=\"async\" src=\"https:\/\/i0.wp.com\/casadecampoliving.com\/wp-content\/uploads\/2022\/10\/concert-2.jpg?resize=650%2C394&amp;ssl=1\" alt=\"\" class=\"wp-image-71790\" title=\"concert\" height=\"394\" width=\"650\"\/><\/figure>\n<\/div>\n\n\n<p class=\"has-text-align-center\"><strong><\/strong><strong>El concierto de Ricardo Arjona en Altos de Chav\u00f3n<\/strong><br>\n<\/p>\n\n\n\n<p>Luego de los primeros dos temas, las primeras palabras de Ricardo Arjona fueron las siguientes: \u201c<em>Hoy es una noche especial, porque hoy es \u00faltimo concierto de esta gira y \u00bfpor qu\u00e9 justamente en Santo Domingo? Les digo las razones, la primera: porque es un pa\u00eds que nos gusta. La segunda, porque es un pa\u00eds que nos gusta y la tercera, porque es su pa\u00eds. Y la cuarta que podr\u00eda ser la m\u00e1s importante, incluso m\u00e1s importante que las tres primeras, es porque estos ojos que ustedes ven aqu\u00ed, necesitan el colirio de ver a una dominicana caminando<\/em>\u201c.<\/p>\n\n\n<div class=\"wp-block-image\">\n<figure class=\"aligncenter is-resized\"><img loading=\"lazy\" decoding=\"async\" src=\"https:\/\/i0.wp.com\/casadecampoliving.com\/wp-content\/uploads\/2022\/10\/concert1.jpg?resize=650%2C365&amp;ssl=1\" alt=\"\" class=\"wp-image-71791\" title=\"concert1\" height=\"365\" width=\"650\"\/><\/figure>\n<\/div>\n\n\n<p class=\"has-text-align-center\"><strong>Demostraciones de amor para Ricardo Arjona<\/strong><br>\n<\/p>\n\n\n\n<p>Pero el espect\u00e1culo que fue adornado con gigantescas bombillas, triciclos, tiendas y telones, simulando un circo, a\u00fan ten\u00eda numerosas sorpresas por desvelar y siguiendo las caracter\u00edsticas del cantante, todas podr\u00edan definirse con una sola palabra: \u201cespontaneidad\u201d. En medio de temas como \u201cCuando\u201d, \u201cEl Problema\u201d, \u201cPing\u00fcinos en la cama\u201d, \u201cEl Taxista\u201d, \u201cTe conozco\u201d y \u201cFuiste T\u00fa\u201d, \u00e9ste \u00faltimo interpretado junto a la cantante dominicana Adalgisa Pantale\u00f3n, algunas fan\u00e1ticas afortunadas tuvieron la oportunidad de intercambiar conversaciones, abrazos e incluso bailes con el cantante guatemalteco.<\/p>\n\n\n\n<p>No obstante, a\u00fan cuando hab\u00edan transcurrido dos horas, el espect\u00e1culo deb\u00eda llegar a su final \u2013 hecho que ocurri\u00f3 con el popular tema \u201cMujeres\u201d, grabado en 1993 como un tributo a todas las hermosas mujeres del mundo. \u00a1\u00a1Me impresionaste Arjona\u2026 todav\u00eda m\u00e1s!! \ud83d\ude09 Por nuestra parte, \u00a1esperamos verle nuevamente en Altos de Chav\u00f3n!<\/p>\n\n\n\n<p><strong>CR\u00c9DITO DE FOTOS<\/strong>: Fotos principales de Ricardo Arjona tomadas por Bryan de la Cruz, fot\u00f3grafo profesional.<\/p>\n","protected":false},"excerpt":{"rendered":"<p>Fue hace un par de semanas cuando me llev\u00e9 una gran sorpresa al repasar la extensa lista de conciertos que se han celebrado en el anfiteatro de Altos de Chav\u00f3n durante los \u00faltimos 30 a\u00f1os. Me percat\u00e9 que el artista que el pasado s\u00e1bado 8 de junio de 2013 hizo vibrar a los m\u00e1s de [&hellip;]<\/p>\n","protected":false},"author":21,"featured_media":242654,"comment_status":"closed","ping_status":"closed","sticky":false,"template":"","format":"standard","meta":{"newspack_ads_suppress_ads":false,"newspack_popups_has_disabled_popups":false,"newspack_sponsor_sponsorship_scope":"","newspack_sponsor_native_byline_display":"inherit","newspack_sponsor_native_category_display":"inherit","newspack_sponsor_underwriter_style":"inherit","newspack_sponsor_underwriter_placement":"inherit","_newspack_byline_active":false,"_newspack_byline":"","newspack_hide_updated_date":false,"newspack_show_updated_date":false,"newspack_content_restriction_is_exempt":false,"newspack_featured_image_position":"","newspack_post_subtitle":"","newspack_article_summary_title":"Overview:","newspack_article_summary":"","_jetpack_memberships_contains_paid_content":false,"footnotes":"","jetpack_publicize_message":"","jetpack_publicize_feature_enabled":true,"jetpack_social_post_already_shared":false,"jetpack_social_options":{"image_generator_settings":{"template":"highway","default_image_id":0,"font":"","enabled":false},"version":2},"_wpas_customize_per_network":false},"categories":[26819,2513,2518,2524,14631,2522,14625,14627],"tags":[15387,2604,5678,6363],"newspack_spnsrs_tax":[],"class_list":["post-341845","post","type-post","status-publish","format-standard","has-post-thumbnail","hentry","category-altos-de-chavon-es","category-celebridades-es","category-conciertos-es","category-destacados","category-estilo-de-vida","category-eventos-es","category-noticias-locales","category-proximamente","tag-altos-de-chavon-es","tag-anfiteatro-altos-de-chavon","tag-george-nader","tag-ricardo-arjona","entry"],"yoast_head":"<!-- This site is optimized with the Yoast SEO plugin v27.5 - https:\/\/yoast.com\/product\/yoast-seo-wordpress\/ -->\n<title>Casa llena en el Anfiteatro Altos de Chav\u00f3n: &quot;Un concierto digno de Ricardo Arjona&quot; | Casa de Campo Living<\/title>\n<meta name=\"description\" content=\"Fue hace un par de semanas cuando me llev\u00e9 una gran sorpresa al repasar la extensa lista de conciertos que se han celebrado en el anfiteatro de Altos de\" \/>\n<meta name=\"robots\" content=\"index, follow, max-snippet:-1, max-image-preview:large, max-video-preview:-1\" \/>\n<link rel=\"canonical\" href=\"https:\/\/casadecampoliving.com\/es\/casa-llena-en-el-anfiteatro-altos-de-chavon-un-concierto-digno-de-ricardo-arjona\/\" \/>\n<meta property=\"og:locale\" content=\"es_ES\" \/>\n<meta property=\"og:type\" content=\"article\" \/>\n<meta property=\"og:title\" content=\"Casa llena en el Anfiteatro Altos de Chav\u00f3n: &quot;Un concierto digno de Ricardo Arjona&quot; | Casa de Campo Living\" \/>\n<meta property=\"og:description\" content=\"Fue hace un par de semanas cuando me llev\u00e9 una gran sorpresa al repasar la extensa lista de conciertos que se han celebrado en el anfiteatro de Altos de\" \/>\n<meta property=\"og:url\" content=\"https:\/\/casadecampoliving.com\/es\/casa-llena-en-el-anfiteatro-altos-de-chavon-un-concierto-digno-de-ricardo-arjona\/\" \/>\n<meta property=\"og:site_name\" content=\"Casa de Campo Living\" \/>\n<meta property=\"article:publisher\" content=\"https:\/\/www.facebook.com\/casadecampoliving\" \/>\n<meta property=\"article:published_time\" content=\"2013-06-10T04:00:00+00:00\" \/>\n<meta property=\"article:modified_time\" content=\"2022-10-21T22:46:25+00:00\" \/>\n<meta property=\"og:image\" content=\"https:\/\/i0.wp.com\/casadecampoliving.com\/wp-content\/uploads\/2022\/10\/Ricardo-Arjona-2.jpg?fit=650%2C417&ssl=1\" \/>\n\t<meta property=\"og:image:width\" content=\"650\" \/>\n\t<meta property=\"og:image:height\" content=\"417\" \/>\n\t<meta property=\"og:image:type\" content=\"image\/jpeg\" \/>\n<meta name=\"twitter:card\" content=\"summary_large_image\" \/>\n<meta name=\"twitter:creator\" content=\"@cdcliving\" \/>\n<meta name=\"twitter:site\" content=\"@cdcliving\" \/>\n<meta name=\"twitter:label1\" content=\"Escrito por\" \/>\n\t<meta name=\"twitter:data1\" content=\"\" \/>\n\t<meta name=\"twitter:label2\" content=\"Tiempo de lectura\" \/>\n\t<meta name=\"twitter:data2\" content=\"4 minutos\" \/>\n<script type=\"application\/ld+json\" class=\"yoast-schema-graph\">{\"@context\":\"https:\\\/\\\/schema.org\",\"@graph\":[{\"@type\":\"Article\",\"@id\":\"https:\\\/\\\/casadecampoliving.com\\\/es\\\/casa-llena-en-el-anfiteatro-altos-de-chavon-un-concierto-digno-de-ricardo-arjona\\\/#article\",\"isPartOf\":{\"@id\":\"https:\\\/\\\/casadecampoliving.com\\\/es\\\/casa-llena-en-el-anfiteatro-altos-de-chavon-un-concierto-digno-de-ricardo-arjona\\\/\"},\"author\":{\"name\":\"\",\"@id\":\"https:\\\/\\\/casadecampoliving.com\\\/es\\\/#\\\/schema\\\/person\\\/7e3b975d584a5f6ac0fd7128a81b0bc5\"},\"headline\":\"Casa llena en el Anfiteatro Altos de Chav\u00f3n: \u00abUn concierto digno de Ricardo Arjona\u00bb\",\"datePublished\":\"2013-06-10T04:00:00+00:00\",\"dateModified\":\"2022-10-21T22:46:25+00:00\",\"mainEntityOfPage\":{\"@id\":\"https:\\\/\\\/casadecampoliving.com\\\/es\\\/casa-llena-en-el-anfiteatro-altos-de-chavon-un-concierto-digno-de-ricardo-arjona\\\/\"},\"wordCount\":786,\"publisher\":{\"@id\":\"https:\\\/\\\/casadecampoliving.com\\\/es\\\/#organization\"},\"image\":{\"@id\":\"https:\\\/\\\/casadecampoliving.com\\\/es\\\/casa-llena-en-el-anfiteatro-altos-de-chavon-un-concierto-digno-de-ricardo-arjona\\\/#primaryimage\"},\"thumbnailUrl\":\"https:\\\/\\\/i0.wp.com\\\/casadecampoliving.com\\\/wp-content\\\/uploads\\\/2022\\\/10\\\/Ricardo-Arjona-2.jpg?fit=650%2C417&ssl=1\",\"keywords\":[\"Altos de Chavon\",\"anfiteatro altos de chavon\",\"george nader\",\"ricardo arjona\"],\"articleSection\":[\"Altos de Chavon @es\",\"Celebridades\",\"Conciertos\",\"Destacados\",\"Estilo de Vida\",\"Eventos\",\"Noticias Locales\",\"Proximamente\"],\"inLanguage\":\"es\"},{\"@type\":\"WebPage\",\"@id\":\"https:\\\/\\\/casadecampoliving.com\\\/es\\\/casa-llena-en-el-anfiteatro-altos-de-chavon-un-concierto-digno-de-ricardo-arjona\\\/\",\"url\":\"https:\\\/\\\/casadecampoliving.com\\\/es\\\/casa-llena-en-el-anfiteatro-altos-de-chavon-un-concierto-digno-de-ricardo-arjona\\\/\",\"name\":\"Casa llena en el Anfiteatro Altos de Chav\u00f3n: \\\"Un concierto digno de Ricardo Arjona\\\" | Casa de Campo Living\",\"isPartOf\":{\"@id\":\"https:\\\/\\\/casadecampoliving.com\\\/es\\\/#website\"},\"primaryImageOfPage\":{\"@id\":\"https:\\\/\\\/casadecampoliving.com\\\/es\\\/casa-llena-en-el-anfiteatro-altos-de-chavon-un-concierto-digno-de-ricardo-arjona\\\/#primaryimage\"},\"image\":{\"@id\":\"https:\\\/\\\/casadecampoliving.com\\\/es\\\/casa-llena-en-el-anfiteatro-altos-de-chavon-un-concierto-digno-de-ricardo-arjona\\\/#primaryimage\"},\"thumbnailUrl\":\"https:\\\/\\\/i0.wp.com\\\/casadecampoliving.com\\\/wp-content\\\/uploads\\\/2022\\\/10\\\/Ricardo-Arjona-2.jpg?fit=650%2C417&ssl=1\",\"datePublished\":\"2013-06-10T04:00:00+00:00\",\"dateModified\":\"2022-10-21T22:46:25+00:00\",\"description\":\"Fue hace un par de semanas cuando me llev\u00e9 una gran sorpresa al repasar la extensa lista de conciertos que se han celebrado en el anfiteatro de Altos de\",\"breadcrumb\":{\"@id\":\"https:\\\/\\\/casadecampoliving.com\\\/es\\\/casa-llena-en-el-anfiteatro-altos-de-chavon-un-concierto-digno-de-ricardo-arjona\\\/#breadcrumb\"},\"inLanguage\":\"es\",\"potentialAction\":[{\"@type\":\"ReadAction\",\"target\":[\"https:\\\/\\\/casadecampoliving.com\\\/es\\\/casa-llena-en-el-anfiteatro-altos-de-chavon-un-concierto-digno-de-ricardo-arjona\\\/\"]}]},{\"@type\":\"ImageObject\",\"inLanguage\":\"es\",\"@id\":\"https:\\\/\\\/casadecampoliving.com\\\/es\\\/casa-llena-en-el-anfiteatro-altos-de-chavon-un-concierto-digno-de-ricardo-arjona\\\/#primaryimage\",\"url\":\"https:\\\/\\\/i0.wp.com\\\/casadecampoliving.com\\\/wp-content\\\/uploads\\\/2022\\\/10\\\/Ricardo-Arjona-2.jpg?fit=650%2C417&ssl=1\",\"contentUrl\":\"https:\\\/\\\/i0.wp.com\\\/casadecampoliving.com\\\/wp-content\\\/uploads\\\/2022\\\/10\\\/Ricardo-Arjona-2.jpg?fit=650%2C417&ssl=1\",\"width\":650,\"height\":417},{\"@type\":\"BreadcrumbList\",\"@id\":\"https:\\\/\\\/casadecampoliving.com\\\/es\\\/casa-llena-en-el-anfiteatro-altos-de-chavon-un-concierto-digno-de-ricardo-arjona\\\/#breadcrumb\",\"itemListElement\":[{\"@type\":\"ListItem\",\"position\":1,\"name\":\"Home\",\"item\":\"https:\\\/\\\/casadecampoliving.com\\\/es\\\/\"},{\"@type\":\"ListItem\",\"position\":2,\"name\":\"Casa llena en el Anfiteatro Altos de Chav\u00f3n: &#8220;Un concierto digno de Ricardo Arjona&#8221;\"}]},{\"@type\":\"WebSite\",\"@id\":\"https:\\\/\\\/casadecampoliving.com\\\/es\\\/#website\",\"url\":\"https:\\\/\\\/casadecampoliving.com\\\/es\\\/\",\"name\":\"Casa de Campo Living\",\"description\":\"Resort community news and resources.\",\"publisher\":{\"@id\":\"https:\\\/\\\/casadecampoliving.com\\\/es\\\/#organization\"},\"potentialAction\":[{\"@type\":\"SearchAction\",\"target\":{\"@type\":\"EntryPoint\",\"urlTemplate\":\"https:\\\/\\\/casadecampoliving.com\\\/es\\\/?s={search_term_string}\"},\"query-input\":{\"@type\":\"PropertyValueSpecification\",\"valueRequired\":true,\"valueName\":\"search_term_string\"}}],\"inLanguage\":\"es\"},{\"@type\":\"Organization\",\"@id\":\"https:\\\/\\\/casadecampoliving.com\\\/es\\\/#organization\",\"name\":\"Casa de Campo Living\",\"url\":\"https:\\\/\\\/casadecampoliving.com\\\/es\\\/\",\"logo\":{\"@type\":\"ImageObject\",\"inLanguage\":\"es\",\"@id\":\"https:\\\/\\\/casadecampoliving.com\\\/es\\\/#\\\/schema\\\/logo\\\/image\\\/\",\"url\":\"https:\\\/\\\/i0.wp.com\\\/casadecampoliving.com\\\/wp-content\\\/uploads\\\/2022\\\/07\\\/CDCLivingLogo_V1-white-sized.png?fit=800%2C214&ssl=1\",\"contentUrl\":\"https:\\\/\\\/i0.wp.com\\\/casadecampoliving.com\\\/wp-content\\\/uploads\\\/2022\\\/07\\\/CDCLivingLogo_V1-white-sized.png?fit=800%2C214&ssl=1\",\"width\":800,\"height\":214,\"caption\":\"Casa de Campo Living\"},\"image\":{\"@id\":\"https:\\\/\\\/casadecampoliving.com\\\/es\\\/#\\\/schema\\\/logo\\\/image\\\/\"},\"sameAs\":[\"https:\\\/\\\/www.facebook.com\\\/casadecampoliving\",\"https:\\\/\\\/x.com\\\/cdcliving\"]},{\"@type\":\"Person\",\"@id\":\"https:\\\/\\\/casadecampoliving.com\\\/es\\\/#\\\/schema\\\/person\\\/7e3b975d584a5f6ac0fd7128a81b0bc5\",\"name\":\"\",\"image\":{\"@type\":\"ImageObject\",\"inLanguage\":\"es\",\"@id\":\"https:\\\/\\\/secure.gravatar.com\\\/avatar\\\/?s=96&d=mm&r=g\",\"url\":\"https:\\\/\\\/secure.gravatar.com\\\/avatar\\\/?s=96&d=mm&r=g\",\"contentUrl\":\"https:\\\/\\\/secure.gravatar.com\\\/avatar\\\/?s=96&d=mm&r=g\"},\"url\":\"https:\\\/\\\/casadecampoliving.com\\\/es\\\/author\\\/ \\\/\"}]}<\/script>\n<!-- \/ Yoast SEO plugin. -->","yoast_head_json":{"title":"Casa llena en el Anfiteatro Altos de Chav\u00f3n: \"Un concierto digno de Ricardo Arjona\" | Casa de Campo Living","description":"Fue hace un par de semanas cuando me llev\u00e9 una gran sorpresa al repasar la extensa lista de conciertos que se han celebrado en el anfiteatro de Altos de","robots":{"index":"index","follow":"follow","max-snippet":"max-snippet:-1","max-image-preview":"max-image-preview:large","max-video-preview":"max-video-preview:-1"},"canonical":"https:\/\/casadecampoliving.com\/es\/casa-llena-en-el-anfiteatro-altos-de-chavon-un-concierto-digno-de-ricardo-arjona\/","og_locale":"es_ES","og_type":"article","og_title":"Casa llena en el Anfiteatro Altos de Chav\u00f3n: \"Un concierto digno de Ricardo Arjona\" | Casa de Campo Living","og_description":"Fue hace un par de semanas cuando me llev\u00e9 una gran sorpresa al repasar la extensa lista de conciertos que se han celebrado en el anfiteatro de Altos de","og_url":"https:\/\/casadecampoliving.com\/es\/casa-llena-en-el-anfiteatro-altos-de-chavon-un-concierto-digno-de-ricardo-arjona\/","og_site_name":"Casa de Campo Living","article_publisher":"https:\/\/www.facebook.com\/casadecampoliving","article_published_time":"2013-06-10T04:00:00+00:00","article_modified_time":"2022-10-21T22:46:25+00:00","og_image":[{"width":650,"height":417,"url":"https:\/\/i0.wp.com\/casadecampoliving.com\/wp-content\/uploads\/2022\/10\/Ricardo-Arjona-2.jpg?fit=650%2C417&ssl=1","type":"image\/jpeg"}],"twitter_card":"summary_large_image","twitter_creator":"@cdcliving","twitter_site":"@cdcliving","twitter_misc":{"Escrito por":"","Tiempo de lectura":"4 minutos"},"schema":{"@context":"https:\/\/schema.org","@graph":[{"@type":"Article","@id":"https:\/\/casadecampoliving.com\/es\/casa-llena-en-el-anfiteatro-altos-de-chavon-un-concierto-digno-de-ricardo-arjona\/#article","isPartOf":{"@id":"https:\/\/casadecampoliving.com\/es\/casa-llena-en-el-anfiteatro-altos-de-chavon-un-concierto-digno-de-ricardo-arjona\/"},"author":{"name":"","@id":"https:\/\/casadecampoliving.com\/es\/#\/schema\/person\/7e3b975d584a5f6ac0fd7128a81b0bc5"},"headline":"Casa llena en el Anfiteatro Altos de Chav\u00f3n: \u00abUn concierto digno de Ricardo Arjona\u00bb","datePublished":"2013-06-10T04:00:00+00:00","dateModified":"2022-10-21T22:46:25+00:00","mainEntityOfPage":{"@id":"https:\/\/casadecampoliving.com\/es\/casa-llena-en-el-anfiteatro-altos-de-chavon-un-concierto-digno-de-ricardo-arjona\/"},"wordCount":786,"publisher":{"@id":"https:\/\/casadecampoliving.com\/es\/#organization"},"image":{"@id":"https:\/\/casadecampoliving.com\/es\/casa-llena-en-el-anfiteatro-altos-de-chavon-un-concierto-digno-de-ricardo-arjona\/#primaryimage"},"thumbnailUrl":"https:\/\/i0.wp.com\/casadecampoliving.com\/wp-content\/uploads\/2022\/10\/Ricardo-Arjona-2.jpg?fit=650%2C417&ssl=1","keywords":["Altos de Chavon","anfiteatro altos de chavon","george nader","ricardo arjona"],"articleSection":["Altos de Chavon @es","Celebridades","Conciertos","Destacados","Estilo de Vida","Eventos","Noticias Locales","Proximamente"],"inLanguage":"es"},{"@type":"WebPage","@id":"https:\/\/casadecampoliving.com\/es\/casa-llena-en-el-anfiteatro-altos-de-chavon-un-concierto-digno-de-ricardo-arjona\/","url":"https:\/\/casadecampoliving.com\/es\/casa-llena-en-el-anfiteatro-altos-de-chavon-un-concierto-digno-de-ricardo-arjona\/","name":"Casa llena en el Anfiteatro Altos de Chav\u00f3n: \"Un concierto digno de Ricardo Arjona\" | Casa de Campo Living","isPartOf":{"@id":"https:\/\/casadecampoliving.com\/es\/#website"},"primaryImageOfPage":{"@id":"https:\/\/casadecampoliving.com\/es\/casa-llena-en-el-anfiteatro-altos-de-chavon-un-concierto-digno-de-ricardo-arjona\/#primaryimage"},"image":{"@id":"https:\/\/casadecampoliving.com\/es\/casa-llena-en-el-anfiteatro-altos-de-chavon-un-concierto-digno-de-ricardo-arjona\/#primaryimage"},"thumbnailUrl":"https:\/\/i0.wp.com\/casadecampoliving.com\/wp-content\/uploads\/2022\/10\/Ricardo-Arjona-2.jpg?fit=650%2C417&ssl=1","datePublished":"2013-06-10T04:00:00+00:00","dateModified":"2022-10-21T22:46:25+00:00","description":"Fue hace un par de semanas cuando me llev\u00e9 una gran sorpresa al repasar la extensa lista de conciertos que se han celebrado en el anfiteatro de Altos de","breadcrumb":{"@id":"https:\/\/casadecampoliving.com\/es\/casa-llena-en-el-anfiteatro-altos-de-chavon-un-concierto-digno-de-ricardo-arjona\/#breadcrumb"},"inLanguage":"es","potentialAction":[{"@type":"ReadAction","target":["https:\/\/casadecampoliving.com\/es\/casa-llena-en-el-anfiteatro-altos-de-chavon-un-concierto-digno-de-ricardo-arjona\/"]}]},{"@type":"ImageObject","inLanguage":"es","@id":"https:\/\/casadecampoliving.com\/es\/casa-llena-en-el-anfiteatro-altos-de-chavon-un-concierto-digno-de-ricardo-arjona\/#primaryimage","url":"https:\/\/i0.wp.com\/casadecampoliving.com\/wp-content\/uploads\/2022\/10\/Ricardo-Arjona-2.jpg?fit=650%2C417&ssl=1","contentUrl":"https:\/\/i0.wp.com\/casadecampoliving.com\/wp-content\/uploads\/2022\/10\/Ricardo-Arjona-2.jpg?fit=650%2C417&ssl=1","width":650,"height":417},{"@type":"BreadcrumbList","@id":"https:\/\/casadecampoliving.com\/es\/casa-llena-en-el-anfiteatro-altos-de-chavon-un-concierto-digno-de-ricardo-arjona\/#breadcrumb","itemListElement":[{"@type":"ListItem","position":1,"name":"Home","item":"https:\/\/casadecampoliving.com\/es\/"},{"@type":"ListItem","position":2,"name":"Casa llena en el Anfiteatro Altos de Chav\u00f3n: &#8220;Un concierto digno de Ricardo Arjona&#8221;"}]},{"@type":"WebSite","@id":"https:\/\/casadecampoliving.com\/es\/#website","url":"https:\/\/casadecampoliving.com\/es\/","name":"Casa de Campo Living","description":"Resort community news and resources.","publisher":{"@id":"https:\/\/casadecampoliving.com\/es\/#organization"},"potentialAction":[{"@type":"SearchAction","target":{"@type":"EntryPoint","urlTemplate":"https:\/\/casadecampoliving.com\/es\/?s={search_term_string}"},"query-input":{"@type":"PropertyValueSpecification","valueRequired":true,"valueName":"search_term_string"}}],"inLanguage":"es"},{"@type":"Organization","@id":"https:\/\/casadecampoliving.com\/es\/#organization","name":"Casa de Campo Living","url":"https:\/\/casadecampoliving.com\/es\/","logo":{"@type":"ImageObject","inLanguage":"es","@id":"https:\/\/casadecampoliving.com\/es\/#\/schema\/logo\/image\/","url":"https:\/\/i0.wp.com\/casadecampoliving.com\/wp-content\/uploads\/2022\/07\/CDCLivingLogo_V1-white-sized.png?fit=800%2C214&ssl=1","contentUrl":"https:\/\/i0.wp.com\/casadecampoliving.com\/wp-content\/uploads\/2022\/07\/CDCLivingLogo_V1-white-sized.png?fit=800%2C214&ssl=1","width":800,"height":214,"caption":"Casa de Campo Living"},"image":{"@id":"https:\/\/casadecampoliving.com\/es\/#\/schema\/logo\/image\/"},"sameAs":["https:\/\/www.facebook.com\/casadecampoliving","https:\/\/x.com\/cdcliving"]},{"@type":"Person","@id":"https:\/\/casadecampoliving.com\/es\/#\/schema\/person\/7e3b975d584a5f6ac0fd7128a81b0bc5","name":"","image":{"@type":"ImageObject","inLanguage":"es","@id":"https:\/\/secure.gravatar.com\/avatar\/?s=96&d=mm&r=g","url":"https:\/\/secure.gravatar.com\/avatar\/?s=96&d=mm&r=g","contentUrl":"https:\/\/secure.gravatar.com\/avatar\/?s=96&d=mm&r=g"},"url":"https:\/\/casadecampoliving.com\/es\/author\/ \/"}]}},"parsely":{"version":"1.1.0","canonical_url":"https:\/\/casadecampoliving.com\/es\/casa-llena-en-el-anfiteatro-altos-de-chavon-un-concierto-digno-de-ricardo-arjona\/","smart_links":{"inbound":0,"outbound":0},"traffic_boost_suggestions_count":0,"meta":{"@context":"https:\/\/schema.org","@type":"NewsArticle","headline":"Casa llena en el Anfiteatro Altos de Chav\u00f3n: \u00abUn concierto digno de Ricardo Arjona\u00bb","url":"http:\/\/casadecampoliving.com\/es\/casa-llena-en-el-anfiteatro-altos-de-chavon-un-concierto-digno-de-ricardo-arjona\/","mainEntityOfPage":{"@type":"WebPage","@id":"http:\/\/casadecampoliving.com\/es\/casa-llena-en-el-anfiteatro-altos-de-chavon-un-concierto-digno-de-ricardo-arjona\/"},"thumbnailUrl":"https:\/\/i0.wp.com\/casadecampoliving.com\/wp-content\/uploads\/2022\/10\/Ricardo-Arjona-2.jpg?resize=150%2C150&ssl=1","image":{"@type":"ImageObject","url":"https:\/\/i0.wp.com\/casadecampoliving.com\/wp-content\/uploads\/2022\/10\/Ricardo-Arjona-2.jpg?fit=650%2C417&ssl=1"},"articleSection":"Altos de Chavon @es","author":[{"@type":"Person","name":"FB_515917546"}],"creator":["FB_515917546"],"publisher":{"@type":"Organization","name":"Casa de Campo Living","logo":"https:\/\/casadecampoliving.com\/wp-content\/uploads\/2022\/07\/CDCLivingLogo_V1-white-sized.png"},"keywords":["altos de chavon","anfiteatro altos de chavon","george nader","ricardo arjona"],"dateCreated":"2013-06-10T04:00:00Z","datePublished":"2013-06-10T04:00:00Z","dateModified":"2022-10-21T22:46:25Z"},"rendered":"<script type=\"application\/ld+json\" class=\"wp-parsely-metadata\">{\"@context\":\"https:\\\/\\\/schema.org\",\"@type\":\"NewsArticle\",\"headline\":\"Casa llena en el Anfiteatro Altos de Chav\\u00f3n: \\u00abUn concierto digno de Ricardo Arjona\\u00bb\",\"url\":\"http:\\\/\\\/casadecampoliving.com\\\/es\\\/casa-llena-en-el-anfiteatro-altos-de-chavon-un-concierto-digno-de-ricardo-arjona\\\/\",\"mainEntityOfPage\":{\"@type\":\"WebPage\",\"@id\":\"http:\\\/\\\/casadecampoliving.com\\\/es\\\/casa-llena-en-el-anfiteatro-altos-de-chavon-un-concierto-digno-de-ricardo-arjona\\\/\"},\"thumbnailUrl\":\"https:\\\/\\\/i0.wp.com\\\/casadecampoliving.com\\\/wp-content\\\/uploads\\\/2022\\\/10\\\/Ricardo-Arjona-2.jpg?resize=150%2C150&ssl=1\",\"image\":{\"@type\":\"ImageObject\",\"url\":\"https:\\\/\\\/i0.wp.com\\\/casadecampoliving.com\\\/wp-content\\\/uploads\\\/2022\\\/10\\\/Ricardo-Arjona-2.jpg?fit=650%2C417&ssl=1\"},\"articleSection\":\"Altos de Chavon @es\",\"author\":[{\"@type\":\"Person\",\"name\":\"FB_515917546\"}],\"creator\":[\"FB_515917546\"],\"publisher\":{\"@type\":\"Organization\",\"name\":\"Casa de Campo Living\",\"logo\":\"https:\\\/\\\/casadecampoliving.com\\\/wp-content\\\/uploads\\\/2022\\\/07\\\/CDCLivingLogo_V1-white-sized.png\"},\"keywords\":[\"altos de chavon\",\"anfiteatro altos de chavon\",\"george nader\",\"ricardo arjona\"],\"dateCreated\":\"2013-06-10T04:00:00Z\",\"datePublished\":\"2013-06-10T04:00:00Z\",\"dateModified\":\"2022-10-21T22:46:25Z\"}<\/script>","tracker_url":"https:\/\/cdn.parsely.com\/keys\/casadecampoliving.com\/p.js"},"jetpack_publicize_connections":[],"jetpack_featured_media_url":"https:\/\/i0.wp.com\/casadecampoliving.com\/wp-content\/uploads\/2022\/10\/Ricardo-Arjona-2.jpg?fit=650%2C417&ssl=1","jetpack-related-posts":[{"id":433460,"url":"https:\/\/casadecampoliving.com\/es\/no-se-pierdan-el-increible-tributo-a-frank-sinatra-para-celebrar-el-40-aniversario-del-anfiteatro-altos-de-chavon\/","url_meta":{"origin":341845,"position":0},"title":"No se pierdan el incre\u00edble tributo a Frank Sinatra para celebrar el 40 aniversario del\u00a0Anfiteatro Altos de Chav\u00f3n","author":"Casa de Campo Living","date":"20 Oct, 2022","format":false,"excerpt":"Siendo uno de los escenarios m\u00e1s emblem\u00e1ticos del pa\u00eds, Casa de Campo Resort\u00ae & Villas celebra las cuatro d\u00e9cadas de aniversario de Altos de Chav\u00f3n con un tributo al gran Frank Sinatra, protagonizado por artistas invitados y una big band tal cual la que acompa\u00f1\u00f3 al artista hace 40 a\u00f1os\u2026","rel":"","context":"En \u00abUncategorized @es\u00bb","block_context":{"text":"Uncategorized @es","link":"https:\/\/casadecampoliving.com\/es\/category\/uncategorized-es\/"},"img":{"alt_text":"","src":"https:\/\/i0.wp.com\/casadecampoliving.com\/wp-content\/uploads\/2022\/10\/Tributo-Frank-Sinatra-Foto-Principal-Amaury-Sanchez-Danilo-Ginebra-Andres-Pichardo-y-Jose-Gabriel-Perez-.jpg?fit=1200%2C873&ssl=1&resize=350%2C200","width":350,"height":200,"srcset":"https:\/\/i0.wp.com\/casadecampoliving.com\/wp-content\/uploads\/2022\/10\/Tributo-Frank-Sinatra-Foto-Principal-Amaury-Sanchez-Danilo-Ginebra-Andres-Pichardo-y-Jose-Gabriel-Perez-.jpg?fit=1200%2C873&ssl=1&resize=350%2C200 1x, https:\/\/i0.wp.com\/casadecampoliving.com\/wp-content\/uploads\/2022\/10\/Tributo-Frank-Sinatra-Foto-Principal-Amaury-Sanchez-Danilo-Ginebra-Andres-Pichardo-y-Jose-Gabriel-Perez-.jpg?fit=1200%2C873&ssl=1&resize=525%2C300 1.5x, https:\/\/i0.wp.com\/casadecampoliving.com\/wp-content\/uploads\/2022\/10\/Tributo-Frank-Sinatra-Foto-Principal-Amaury-Sanchez-Danilo-Ginebra-Andres-Pichardo-y-Jose-Gabriel-Perez-.jpg?fit=1200%2C873&ssl=1&resize=700%2C400 2x, https:\/\/i0.wp.com\/casadecampoliving.com\/wp-content\/uploads\/2022\/10\/Tributo-Frank-Sinatra-Foto-Principal-Amaury-Sanchez-Danilo-Ginebra-Andres-Pichardo-y-Jose-Gabriel-Perez-.jpg?fit=1200%2C873&ssl=1&resize=1050%2C600 3x"},"classes":[]},{"id":341477,"url":"https:\/\/casadecampoliving.com\/es\/boletas-especiales-para-la-primera-fila-del-concierto-arjona-intimo-de-venta-con-la-fundacion-mir\/","url_meta":{"origin":341845,"position":1},"title":"Boletas especiales para la primera fila del concierto \u00abArjona Intimo\u00bb de venta con la Fundaci\u00f3n MIR!","author":"Mairobi Herrera","date":"18 May, 2013","format":false,"excerpt":"Le informamos que las boletas para el concierto de Ricardo Arjona, el 8 de junio en el Anfiteatro de Altos de Chav\u00f3n,\u00a0ya\u00a0est\u00e1n a la venta y mejor a\u00fan, \u00a1la Fundaci\u00f3n Mir la est\u00e1 vendiendo! \u00a1Una gran noticia amigos! Igual como la Fundaci\u00f3n MIR\u00a0hizo el a\u00f1o pasado con las boletas del\u2026","rel":"","context":"En \u00abAltos de Chavon @es\u00bb","block_context":{"text":"Altos de Chavon @es","link":"https:\/\/casadecampoliving.com\/category\/altos-de-chavon-es\/"},"img":{"alt_text":"","src":"https:\/\/i0.wp.com\/casadecampoliving.com\/wp-content\/uploads\/2022\/10\/ricardo_arjona_concierto_anfiteatro_chavon1.jpg?fit=650%2C514&ssl=1&resize=350%2C200","width":350,"height":200,"srcset":"https:\/\/i0.wp.com\/casadecampoliving.com\/wp-content\/uploads\/2022\/10\/ricardo_arjona_concierto_anfiteatro_chavon1.jpg?fit=650%2C514&ssl=1&resize=350%2C200 1x, https:\/\/i0.wp.com\/casadecampoliving.com\/wp-content\/uploads\/2022\/10\/ricardo_arjona_concierto_anfiteatro_chavon1.jpg?fit=650%2C514&ssl=1&resize=525%2C300 1.5x"},"classes":[]},{"id":341755,"url":"https:\/\/casadecampoliving.com\/es\/fundacion-mir-ahora-vende-boletas-de-todas-las-categorias-para-el-concierto-de-arjona\/","url_meta":{"origin":341845,"position":2},"title":"Fundaci\u00f3n MIR ahora vende boletas de todas las categor\u00edas para el concierto de Arjona","author":"Mairobi Herrera","date":"4 Jun, 2013","format":false,"excerpt":"\u00a1Una gran noticia! La Fundaci\u00f3n MIR est\u00e1 vendiendo boletas de todas las categor\u00edas para el de Ricardo Arjona, el 8 de junio en el Anfiteatro de Altos de Chav\u00f3n\u00a0adem\u00e1s de las boletas especiales para primera fila, con las cuales recibir\u00e1n un 10% y \u00a0un 20% en beneficio de la fundaci\u00f3n.\u2026","rel":"","context":"En \u00abAltos de Chavon @es\u00bb","block_context":{"text":"Altos de Chavon @es","link":"https:\/\/casadecampoliving.com\/category\/altos-de-chavon-es\/"},"img":{"alt_text":"mapa chavon arjona","src":"https:\/\/i0.wp.com\/casadecampoliving.com\/wp-content\/uploads\/2022\/10\/Map_Chavon_Arjona-1.jpg?fit=650%2C502&ssl=1&resize=350%2C200","width":350,"height":200,"srcset":"https:\/\/i0.wp.com\/casadecampoliving.com\/wp-content\/uploads\/2022\/10\/Map_Chavon_Arjona-1.jpg?fit=650%2C502&ssl=1&resize=350%2C200 1x, https:\/\/i0.wp.com\/casadecampoliving.com\/wp-content\/uploads\/2022\/10\/Map_Chavon_Arjona-1.jpg?fit=650%2C502&ssl=1&resize=525%2C300 1.5x"},"classes":[]},{"id":341889,"url":"https:\/\/casadecampoliving.com\/es\/la-fundacion-mir-recauda-rd68400-con-ventas-de-boletos-del-concierto-de-arjona\/","url_meta":{"origin":341845,"position":3},"title":"La Fundaci\u00f3n MIR recauda RD$68,400 con ventas de boletos del concierto de Arjona","author":"Mairobi Herrera","date":"13 Jun, 2013","format":false,"excerpt":"Una suma de $68,400 pesos fueron recaudados por la Fundaci\u00f3n MIR con la ventas de los boletos del concierto a casa llena de Ricardo Arjona en Altos de Chav\u00f3n, el pasado s\u00e1bado 8 de junio. El concierto de Arjona en Altos de Chav\u00f3n fue fant\u00e1stico y ahora mucho m\u00e1s, ya\u2026","rel":"","context":"En \u00abAltos de Chavon @es\u00bb","block_context":{"text":"Altos de Chavon @es","link":"https:\/\/casadecampoliving.com\/category\/altos-de-chavon-es\/"},"img":{"alt_text":"fundacion MIR","src":"https:\/\/i0.wp.com\/casadecampoliving.com\/wp-content\/uploads\/2022\/10\/fundacion_MIR-16.jpg?fit=650%2C433&ssl=1&resize=350%2C200","width":350,"height":200,"srcset":"https:\/\/i0.wp.com\/casadecampoliving.com\/wp-content\/uploads\/2022\/10\/fundacion_MIR-16.jpg?fit=650%2C433&ssl=1&resize=350%2C200 1x, https:\/\/i0.wp.com\/casadecampoliving.com\/wp-content\/uploads\/2022\/10\/fundacion_MIR-16.jpg?fit=650%2C433&ssl=1&resize=525%2C300 1.5x"},"classes":[]},{"id":322308,"url":"https:\/\/casadecampoliving.com\/ricardo-arjona-concert-special-front-row-tickets-for-sale-at-the-fundacion-mir\/","url_meta":{"origin":341845,"position":4},"title":"Ricardo Arjona concert &#8211; special front row tickets for sale at the Fundaci\u00f3n MIR!","author":"Mairobi Herrera","date":"18 May, 2013","format":false,"excerpt":"Special FRONT ROW tickets for the\u00a0Ricardo Arjona concert- on June 8th at the Altos de Chavon Amphitheater,\u00a0are for sale at the Fundaci\u00f3n MIR \u2013 who will receive 20% of each ticket sold to benefit their educational programs and 3 schools in La Romana. In December last year, the Fundaci\u00f3n MIR\u2026","rel":"","context":"En \u00abAltos de Chavon\u00bb","block_context":{"text":"Altos de Chavon","link":"https:\/\/casadecampoliving.com\/category\/altos-de-chavon\/"},"img":{"alt_text":"","src":"https:\/\/i0.wp.com\/casadecampoliving.com\/wp-content\/uploads\/2022\/10\/ricardo_arjona_concierto_anfiteatro_chavon1.jpg?fit=650%2C514&ssl=1&resize=350%2C200","width":350,"height":200,"srcset":"https:\/\/i0.wp.com\/casadecampoliving.com\/wp-content\/uploads\/2022\/10\/ricardo_arjona_concierto_anfiteatro_chavon1.jpg?fit=650%2C514&ssl=1&resize=350%2C200 1x, https:\/\/i0.wp.com\/casadecampoliving.com\/wp-content\/uploads\/2022\/10\/ricardo_arjona_concierto_anfiteatro_chavon1.jpg?fit=650%2C514&ssl=1&resize=525%2C300 1.5x"},"classes":[]},{"id":341307,"url":"https:\/\/casadecampoliving.com\/es\/arjona-cantara-en-el-anfiteatro-de-altos-de-chavon-por-primera-vez-el-8-de-junio\/","url_meta":{"origin":341845,"position":5},"title":"\u00a1Arjona cantar\u00e1 en el anfiteatro de Altos de Chav\u00f3n por primera vez el 8 de junio!","author":"Mairobi Herrera","date":"8 May, 2013","format":false,"excerpt":"\u00a1Prep\u00e1rense\u00a0amigos, Ricardo Arjona vuelve otra vez a Rep\u00fablica Dominicana y esta vez tocar\u00e1 por primera vez en el Anfiteatro de Altos de Chav\u00f3n! Los representantes del Anfiteatro de Altos de Chav\u00f3n confirmaron a casadecampoliving.com que el artista guatemalteco se presentar\u00e1 el pr\u00f3ximo 8 de junio de este a\u00f1o como parte\u2026","rel":"","context":"En \u00abAltos de Chavon @es\u00bb","block_context":{"text":"Altos de Chavon @es","link":"https:\/\/casadecampoliving.com\/category\/altos-de-chavon-es\/"},"img":{"alt_text":"","src":"https:\/\/i0.wp.com\/casadecampoliving.com\/wp-content\/uploads\/2022\/10\/Arjona_anfiteatro_concierto_20132.jpg?fit=650%2C350&ssl=1&resize=350%2C200","width":350,"height":200,"srcset":"https:\/\/i0.wp.com\/casadecampoliving.com\/wp-content\/uploads\/2022\/10\/Arjona_anfiteatro_concierto_20132.jpg?fit=650%2C350&ssl=1&resize=350%2C200 1x, https:\/\/i0.wp.com\/casadecampoliving.com\/wp-content\/uploads\/2022\/10\/Arjona_anfiteatro_concierto_20132.jpg?fit=650%2C350&ssl=1&resize=525%2C300 1.5x"},"classes":[]}],"jetpack_sharing_enabled":true,"_links":{"self":[{"href":"https:\/\/casadecampoliving.com\/es\/wp-json\/wp\/v2\/posts\/341845","targetHints":{"allow":["GET"]}}],"collection":[{"href":"https:\/\/casadecampoliving.com\/es\/wp-json\/wp\/v2\/posts"}],"about":[{"href":"https:\/\/casadecampoliving.com\/es\/wp-json\/wp\/v2\/types\/post"}],"author":[{"embeddable":true,"href":"https:\/\/casadecampoliving.com\/es\/wp-json\/wp\/v2\/users\/21"}],"replies":[{"embeddable":true,"href":"https:\/\/casadecampoliving.com\/es\/wp-json\/wp\/v2\/comments?post=341845"}],"version-history":[{"count":1,"href":"https:\/\/casadecampoliving.com\/es\/wp-json\/wp\/v2\/posts\/341845\/revisions"}],"predecessor-version":[{"id":341846,"href":"https:\/\/casadecampoliving.com\/es\/wp-json\/wp\/v2\/posts\/341845\/revisions\/341846"}],"wp:featuredmedia":[{"embeddable":true,"href":"https:\/\/casadecampoliving.com\/es\/wp-json\/wp\/v2\/media\/242654"}],"wp:attachment":[{"href":"https:\/\/casadecampoliving.com\/es\/wp-json\/wp\/v2\/media?parent=341845"}],"wp:term":[{"taxonomy":"category","embeddable":true,"href":"https:\/\/casadecampoliving.com\/es\/wp-json\/wp\/v2\/categories?post=341845"},{"taxonomy":"post_tag","embeddable":true,"href":"https:\/\/casadecampoliving.com\/es\/wp-json\/wp\/v2\/tags?post=341845"},{"taxonomy":"newspack_spnsrs_tax","embeddable":true,"href":"https:\/\/casadecampoliving.com\/es\/wp-json\/wp\/v2\/newspack_spnsrs_tax?post=341845"}],"curies":[{"name":"wp","href":"https:\/\/api.w.org\/{rel}","templated":true}]}}