{"id":341813,"date":"2013-06-08T00:00:00","date_gmt":"2013-06-08T04:00:00","guid":{"rendered":"https:\/\/casadecampoliving.com\/joyeria-de-la-disenadora-dominicana-jenny-polanco-se-exhiben-en-monaco\/"},"modified":"2022-10-21T18:45:59","modified_gmt":"2022-10-21T22:45:59","slug":"joyeria-de-la-disenadora-dominicana-jenny-polanco-se-exhiben-en-monaco","status":"publish","type":"post","link":"https:\/\/casadecampoliving.com\/es\/joyeria-de-la-disenadora-dominicana-jenny-polanco-se-exhiben-en-monaco\/","title":{"rendered":"Joyer\u00eda de la dise\u00f1adora dominicana Jenny Polanco se exhiben en M\u00f3naco"},"content":{"rendered":"<div class=\"wp-block-image\">\n<figure class=\"aligncenter is-resized\"><img loading=\"lazy\" decoding=\"async\" src=\"https:\/\/i0.wp.com\/casadecampoliving.com\/wp-content\/uploads\/2022\/10\/ambar_jenny_polanco_monaco.jpg?resize=650%2C502&amp;ssl=1\" alt=\"ambar jenny polanco monaco\" class=\"wp-image-71677\" title=\"ambar_jenny_polanco_monaco\" height=\"502\" width=\"650\"\/><\/figure>\n<\/div>\n\n\n<p>Una nueva colecci\u00f3n de joyer\u00eda de la popular dise\u00f1adora dominicana Jenny Polanco fue presentada en La Casa de Am\u00e9rica Latina de M\u00f3naco, del 3 al 27 de Abril de 2013, conjuntamente con una exposici\u00f3n de arte contempor\u00e1neo Dominicano.&nbsp;El evento fue coordinado por la se\u00f1ora&nbsp;Sonia Villanueva de Brouwer, c\u00f3nsul del Principado de M\u00f3naco en nuestro pa\u00eds&nbsp;y la cr\u00edtico de arte Marianne de Tolentino.<\/p>\n\n\n<div class=\"wp-block-image\">\n<figure class=\"alignright is-resized\"><img loading=\"lazy\" decoding=\"async\" src=\"https:\/\/i0.wp.com\/casadecampoliving.com\/wp-content\/uploads\/2022\/10\/ambar_jenny_polanco.jpg?resize=200%2C259&amp;ssl=1\" alt=\"ambar_jenny_polanco\" class=\"wp-image-71678\" title=\"ambar_jenny_polanco\" height=\"259\" width=\"200\"\/><\/figure>\n<\/div>\n\n\n<p>La Casa de Am\u00e9rica Latina de M\u00f3naco (Maison de l\u2019Am\u00e9rique Latine), es una galer\u00eda de arte creada por iniciativa de los consulados de los diferentes pa\u00edses latinoamericanos acreditados ante el Principado de M\u00f3naco. Tiene como objetivo fundamental: estrechar los v\u00ednculos entre el Principado de M\u00f3naco y Am\u00e9rica Latina.<\/p>\n\n\n\n<p>Esa asociaci\u00f3n, fundada hace treinta a\u00f1os, celebra, de manera permanente, actividades de arte y cultura \u2013noches literarias, conferencias, exposiciones\u2013, dando prioridad a las iniciativas y los talentos latinoamericanos. Atribuye especial importancia a la parte social y educativa.<\/p>\n\n\n<div class=\"wp-block-image\">\n<figure class=\"aligncenter is-resized\"><img loading=\"lazy\" decoding=\"async\" src=\"https:\/\/i0.wp.com\/casadecampoliving.com\/wp-content\/uploads\/2022\/10\/ambar_jenny_monaco_exhibicion.jpg?resize=650%2C488&amp;ssl=1\" alt=\"ambar jenny polanco\" class=\"wp-image-71679\" title=\"ambar_jenny_monaco_exhibicion\" height=\"488\" width=\"650\"\/><\/figure>\n<\/div>\n\n\n<p>\u201cEl Consulado del Principado de Monaco en la Rep\u00fablica Dominicana llev\u00f3 una exposici\u00f3n de arte contempor\u00e1neo a M\u00f3naco y estuvo exhibida en la Casa de la Am\u00e9rica Latina por casi un mes\u201d, dijo la se\u00f1ora Villanueva de Browner, quien adem\u00e1s es una reconocida due\u00f1a de villa en Casa de Campo.<\/p>\n\n\n\n<p>Las piezas de \u00e1mbar dominicano fueron exhibidos en todas su diversidad crom\u00e1tica, desde el tradicional color \u00e1mbar, as\u00ed como rojizos, azul y verde. Estos fueron trabajados en tallas de volum\u00e9trica org\u00e1nica as\u00ed como definidas y estuvieron acompa\u00f1ados de perlas barrocas de diferentes formatos.<\/p>\n\n\n<div class=\"wp-block-image\">\n<figure class=\"aligncenter is-resized\"><img loading=\"lazy\" decoding=\"async\" src=\"https:\/\/i0.wp.com\/casadecampoliving.com\/wp-content\/uploads\/2022\/10\/ambar2.jpg?resize=650%2C558&amp;ssl=1\" alt=\"ambar jenny polanco\" class=\"wp-image-71680\" title=\"ambar_jenny_polanco\" height=\"558\" width=\"650\"\/><\/figure>\n<\/div>\n\n\n<p>\u201cConstituy\u00f3 una muestra de alta calidad y el p\u00fablico lo disfrut\u00f3 y coment\u00f3 muy positivamente. Las obras de Jenny Polanco cuentan con una exquisita armonia y belleza\u201d, coment\u00f3.<\/p>\n\n\n\n<p>La se\u00f1ora Villanueva de Browner dijo que una hermosa pieza de la colecci\u00f3n de Jenny Polanco ser\u00e1 subastada en un gran banquete que celebrar\u00e1 la galeria de arte con motivo de su 30 aniversario.<\/p>\n\n\n\n<blockquote><p><strong>Jenny Polanco<\/strong><\/p><figure><img decoding=\"async\" loading=\"lazy\" class=\"alignright\" title=\"jenny_polanco\" src=\"https:\/\/i0.wp.com\/casadecampoliving.com\/wp-content\/uploads\/2022\/10\/jenny_polanco3-4.jpg?resize=250%2C396&amp;ssl=1\" alt=\"jenny polanco\" width=\"250\" height=\"396\"><\/figure><p style=\"text-align: left;\"><img decoding=\"async\" loading=\"lazy\" title=\"jenny_polanco\" src=\"https:\/\/i0.wp.com\/casadecampoliving.com\/wp-content\/uploads\/2022\/10\/jenny_polanco2-7.jpg?resize=585%2C280&amp;ssl=1\" alt=\"jenny polanco\" width=\"585\" height=\"280\">&nbsp; &nbsp; &nbsp; &nbsp; &nbsp; &nbsp; &nbsp; &nbsp; &nbsp; &nbsp;Jenny Polanco es una dise\u00f1adora dominicana con m\u00e1s de 30 a\u00f1os de experiencia en la Rep\u00fablica Dominicana, Puerto Rico, Paris y Nueva York. Sus dise\u00f1os \u201cPret a Porter\u201d (listos para usar) son destacados por ser sofisticados, sencillos, cl\u00e1sicos y f\u00e1ciles de usar \u2013 adornados con t\u00edpicos toques dominicanos, como botones de ambar, larimar, perlas y corales.<\/p><p>Durante los \u00faltimos 10 a\u00f1os ha dise\u00f1ado y creado joyas y complementos inspirados en los tonos y transparencia del ambar combinado con perlas, piel y piedras semi-preciosas. Su producto no es globalizado y se caracteriza primordialmente por ser realizado a mano haciendo \u00e9nfasis en la femineidad y la elegancia del Caribe.<\/p><p><strong>P\u00e1gina de Facebook:<\/strong>&nbsp;<a href=\"http:\/\/www.facebook.com\/pages\/JENNY-POLANCO-BOUTIQUE\/311735254584\">Jenny Polanco Boutique<\/a><\/p><p><strong>Twitter:<\/strong>&nbsp;<a href=\"https:\/\/twitter.com\/jenny_polancord\">@Jenny_PolancoRD<\/a><\/p><p><strong>Email:&nbsp;<\/strong>info@jennypolanco.com.do<\/p><p><strong>Website:<\/strong>&nbsp;<a href=\"http:\/\/www.jennypolanco.com.do\/\">www.jennypolanco.com.do<\/a><\/p><div><\/div><\/blockquote>\n\n\n\n<div><\/div>\n","protected":false},"excerpt":{"rendered":"<p>Una nueva colecci\u00f3n de joyer\u00eda de la popular dise\u00f1adora dominicana Jenny Polanco fue presentada en La Casa de Am\u00e9rica Latina de M\u00f3naco, del 3 al 27 de Abril de 2013, conjuntamente con una exposici\u00f3n de arte contempor\u00e1neo Dominicano.&nbsp;El evento fue coordinado por la se\u00f1ora&nbsp;Sonia Villanueva de Brouwer, c\u00f3nsul del Principado de M\u00f3naco en nuestro pa\u00eds&nbsp;y [&hellip;]<\/p>\n","protected":false},"author":431,"featured_media":242376,"comment_status":"closed","ping_status":"closed","sticky":false,"template":"","format":"standard","meta":{"newspack_ads_suppress_ads":false,"newspack_popups_has_disabled_popups":false,"newspack_sponsor_sponsorship_scope":"","newspack_sponsor_native_byline_display":"inherit","newspack_sponsor_native_category_display":"inherit","newspack_sponsor_underwriter_style":"inherit","newspack_sponsor_underwriter_placement":"inherit","_newspack_byline_active":false,"_newspack_byline":"","newspack_hide_updated_date":false,"newspack_show_updated_date":false,"newspack_content_restriction_is_exempt":false,"newspack_featured_image_position":"","newspack_post_subtitle":"","newspack_article_summary_title":"Overview:","newspack_article_summary":"","_jetpack_memberships_contains_paid_content":false,"footnotes":"","jetpack_publicize_message":"","jetpack_publicize_feature_enabled":true,"jetpack_social_post_already_shared":false,"jetpack_social_options":{"image_generator_settings":{"template":"highway","default_image_id":0,"font":"","enabled":false},"version":2},"_wpas_customize_per_network":false},"categories":[26819,26823,2524,14631,2506,14625,2521],"tags":[4452],"newspack_spnsrs_tax":[],"class_list":["post-341813","post","type-post","status-publish","format-standard","has-post-thumbnail","hentry","category-altos-de-chavon-es","category-arte-y-cultura","category-destacados","category-estilo-de-vida","category-mas-alla-de-casa-es","category-noticias-locales","category-republica-dominicana-2","tag-joyeria","entry"],"yoast_head":"<!-- This site is optimized with the Yoast SEO plugin v27.4 - https:\/\/yoast.com\/product\/yoast-seo-wordpress\/ -->\n<title>Joyer\u00eda de la dise\u00f1adora dominicana Jenny Polanco se exhiben en M\u00f3naco | Casa de Campo Living<\/title>\n<meta name=\"description\" content=\"Una nueva colecci\u00f3n de joyer\u00eda de la popular dise\u00f1adora dominicana Jenny Polanco fue presentada en La Casa de Am\u00e9rica Latina de M\u00f3naco, del 3 al 27 de\" \/>\n<meta name=\"robots\" content=\"index, follow, max-snippet:-1, max-image-preview:large, max-video-preview:-1\" \/>\n<link rel=\"canonical\" href=\"https:\/\/casadecampoliving.com\/es\/joyeria-de-la-disenadora-dominicana-jenny-polanco-se-exhiben-en-monaco\/\" \/>\n<meta property=\"og:locale\" content=\"es_ES\" \/>\n<meta property=\"og:type\" content=\"article\" \/>\n<meta property=\"og:title\" content=\"Joyer\u00eda de la dise\u00f1adora dominicana Jenny Polanco se exhiben en M\u00f3naco | Casa de Campo Living\" \/>\n<meta property=\"og:description\" content=\"Una nueva colecci\u00f3n de joyer\u00eda de la popular dise\u00f1adora dominicana Jenny Polanco fue presentada en La Casa de Am\u00e9rica Latina de M\u00f3naco, del 3 al 27 de\" \/>\n<meta property=\"og:url\" content=\"https:\/\/casadecampoliving.com\/es\/joyeria-de-la-disenadora-dominicana-jenny-polanco-se-exhiben-en-monaco\/\" \/>\n<meta property=\"og:site_name\" content=\"Casa de Campo Living\" \/>\n<meta property=\"article:publisher\" content=\"https:\/\/www.facebook.com\/casadecampoliving\" \/>\n<meta property=\"article:published_time\" content=\"2013-06-08T04:00:00+00:00\" \/>\n<meta property=\"article:modified_time\" content=\"2022-10-21T22:45:59+00:00\" \/>\n<meta property=\"og:image\" content=\"https:\/\/i0.wp.com\/casadecampoliving.com\/wp-content\/uploads\/2022\/10\/ambar_jenny_polanco_monaco-1.jpg?fit=650%2C502&ssl=1\" \/>\n\t<meta property=\"og:image:width\" content=\"650\" \/>\n\t<meta property=\"og:image:height\" content=\"502\" \/>\n\t<meta property=\"og:image:type\" content=\"image\/jpeg\" \/>\n<meta name=\"author\" content=\"Mairobi Herrera\" \/>\n<meta name=\"twitter:card\" content=\"summary_large_image\" \/>\n<meta name=\"twitter:creator\" content=\"@cdcliving\" \/>\n<meta name=\"twitter:site\" content=\"@cdcliving\" \/>\n<meta name=\"twitter:label1\" content=\"Escrito por\" \/>\n\t<meta name=\"twitter:data1\" content=\"Mairobi Herrera\" \/>\n\t<meta name=\"twitter:label2\" content=\"Tiempo de lectura\" \/>\n\t<meta name=\"twitter:data2\" content=\"2 minutos\" \/>\n<script type=\"application\/ld+json\" class=\"yoast-schema-graph\">{\"@context\":\"https:\\\/\\\/schema.org\",\"@graph\":[{\"@type\":\"Article\",\"@id\":\"https:\\\/\\\/casadecampoliving.com\\\/es\\\/joyeria-de-la-disenadora-dominicana-jenny-polanco-se-exhiben-en-monaco\\\/#article\",\"isPartOf\":{\"@id\":\"https:\\\/\\\/casadecampoliving.com\\\/es\\\/joyeria-de-la-disenadora-dominicana-jenny-polanco-se-exhiben-en-monaco\\\/\"},\"author\":{\"name\":\"Mairobi Herrera\",\"@id\":\"https:\\\/\\\/casadecampoliving.com\\\/es\\\/#\\\/schema\\\/person\\\/932e594484c49168ad37fbb9141bf699\"},\"headline\":\"Joyer\u00eda de la dise\u00f1adora dominicana Jenny Polanco se exhiben en M\u00f3naco\",\"datePublished\":\"2013-06-08T04:00:00+00:00\",\"dateModified\":\"2022-10-21T22:45:59+00:00\",\"mainEntityOfPage\":{\"@id\":\"https:\\\/\\\/casadecampoliving.com\\\/es\\\/joyeria-de-la-disenadora-dominicana-jenny-polanco-se-exhiben-en-monaco\\\/\"},\"wordCount\":507,\"publisher\":{\"@id\":\"https:\\\/\\\/casadecampoliving.com\\\/es\\\/#organization\"},\"image\":{\"@id\":\"https:\\\/\\\/casadecampoliving.com\\\/es\\\/joyeria-de-la-disenadora-dominicana-jenny-polanco-se-exhiben-en-monaco\\\/#primaryimage\"},\"thumbnailUrl\":\"https:\\\/\\\/i0.wp.com\\\/casadecampoliving.com\\\/wp-content\\\/uploads\\\/2022\\\/10\\\/ambar_jenny_polanco_monaco-1.jpg?fit=650%2C502&ssl=1\",\"keywords\":[\"joyeria\"],\"articleSection\":[\"Altos de Chavon @es\",\"Arte y cultura\",\"Destacados\",\"Estilo de Vida\",\"M\u00e1s all\u00e1 de Casa\",\"Noticias Locales\",\"Rep\u00fablica Dominicana @es\"],\"inLanguage\":\"es\"},{\"@type\":\"WebPage\",\"@id\":\"https:\\\/\\\/casadecampoliving.com\\\/es\\\/joyeria-de-la-disenadora-dominicana-jenny-polanco-se-exhiben-en-monaco\\\/\",\"url\":\"https:\\\/\\\/casadecampoliving.com\\\/es\\\/joyeria-de-la-disenadora-dominicana-jenny-polanco-se-exhiben-en-monaco\\\/\",\"name\":\"Joyer\u00eda de la dise\u00f1adora dominicana Jenny Polanco se exhiben en M\u00f3naco | Casa de Campo Living\",\"isPartOf\":{\"@id\":\"https:\\\/\\\/casadecampoliving.com\\\/es\\\/#website\"},\"primaryImageOfPage\":{\"@id\":\"https:\\\/\\\/casadecampoliving.com\\\/es\\\/joyeria-de-la-disenadora-dominicana-jenny-polanco-se-exhiben-en-monaco\\\/#primaryimage\"},\"image\":{\"@id\":\"https:\\\/\\\/casadecampoliving.com\\\/es\\\/joyeria-de-la-disenadora-dominicana-jenny-polanco-se-exhiben-en-monaco\\\/#primaryimage\"},\"thumbnailUrl\":\"https:\\\/\\\/i0.wp.com\\\/casadecampoliving.com\\\/wp-content\\\/uploads\\\/2022\\\/10\\\/ambar_jenny_polanco_monaco-1.jpg?fit=650%2C502&ssl=1\",\"datePublished\":\"2013-06-08T04:00:00+00:00\",\"dateModified\":\"2022-10-21T22:45:59+00:00\",\"description\":\"Una nueva colecci\u00f3n de joyer\u00eda de la popular dise\u00f1adora dominicana Jenny Polanco fue presentada en La Casa de Am\u00e9rica Latina de M\u00f3naco, del 3 al 27 de\",\"breadcrumb\":{\"@id\":\"https:\\\/\\\/casadecampoliving.com\\\/es\\\/joyeria-de-la-disenadora-dominicana-jenny-polanco-se-exhiben-en-monaco\\\/#breadcrumb\"},\"inLanguage\":\"es\",\"potentialAction\":[{\"@type\":\"ReadAction\",\"target\":[\"https:\\\/\\\/casadecampoliving.com\\\/es\\\/joyeria-de-la-disenadora-dominicana-jenny-polanco-se-exhiben-en-monaco\\\/\"]}]},{\"@type\":\"ImageObject\",\"inLanguage\":\"es\",\"@id\":\"https:\\\/\\\/casadecampoliving.com\\\/es\\\/joyeria-de-la-disenadora-dominicana-jenny-polanco-se-exhiben-en-monaco\\\/#primaryimage\",\"url\":\"https:\\\/\\\/i0.wp.com\\\/casadecampoliving.com\\\/wp-content\\\/uploads\\\/2022\\\/10\\\/ambar_jenny_polanco_monaco-1.jpg?fit=650%2C502&ssl=1\",\"contentUrl\":\"https:\\\/\\\/i0.wp.com\\\/casadecampoliving.com\\\/wp-content\\\/uploads\\\/2022\\\/10\\\/ambar_jenny_polanco_monaco-1.jpg?fit=650%2C502&ssl=1\",\"width\":650,\"height\":502,\"caption\":\"ambar jenny polanco monaco\"},{\"@type\":\"BreadcrumbList\",\"@id\":\"https:\\\/\\\/casadecampoliving.com\\\/es\\\/joyeria-de-la-disenadora-dominicana-jenny-polanco-se-exhiben-en-monaco\\\/#breadcrumb\",\"itemListElement\":[{\"@type\":\"ListItem\",\"position\":1,\"name\":\"Home\",\"item\":\"https:\\\/\\\/casadecampoliving.com\\\/es\\\/\"},{\"@type\":\"ListItem\",\"position\":2,\"name\":\"Joyer\u00eda de la dise\u00f1adora dominicana Jenny Polanco se exhiben en M\u00f3naco\"}]},{\"@type\":\"WebSite\",\"@id\":\"https:\\\/\\\/casadecampoliving.com\\\/es\\\/#website\",\"url\":\"https:\\\/\\\/casadecampoliving.com\\\/es\\\/\",\"name\":\"Casa de Campo Living\",\"description\":\"Resort community news and resources.\",\"publisher\":{\"@id\":\"https:\\\/\\\/casadecampoliving.com\\\/es\\\/#organization\"},\"potentialAction\":[{\"@type\":\"SearchAction\",\"target\":{\"@type\":\"EntryPoint\",\"urlTemplate\":\"https:\\\/\\\/casadecampoliving.com\\\/es\\\/?s={search_term_string}\"},\"query-input\":{\"@type\":\"PropertyValueSpecification\",\"valueRequired\":true,\"valueName\":\"search_term_string\"}}],\"inLanguage\":\"es\"},{\"@type\":\"Organization\",\"@id\":\"https:\\\/\\\/casadecampoliving.com\\\/es\\\/#organization\",\"name\":\"Casa de Campo Living\",\"url\":\"https:\\\/\\\/casadecampoliving.com\\\/es\\\/\",\"logo\":{\"@type\":\"ImageObject\",\"inLanguage\":\"es\",\"@id\":\"https:\\\/\\\/casadecampoliving.com\\\/es\\\/#\\\/schema\\\/logo\\\/image\\\/\",\"url\":\"https:\\\/\\\/i0.wp.com\\\/casadecampoliving.com\\\/wp-content\\\/uploads\\\/2022\\\/07\\\/CDCLivingLogo_V1-white-sized.png?fit=800%2C214&ssl=1\",\"contentUrl\":\"https:\\\/\\\/i0.wp.com\\\/casadecampoliving.com\\\/wp-content\\\/uploads\\\/2022\\\/07\\\/CDCLivingLogo_V1-white-sized.png?fit=800%2C214&ssl=1\",\"width\":800,\"height\":214,\"caption\":\"Casa de Campo Living\"},\"image\":{\"@id\":\"https:\\\/\\\/casadecampoliving.com\\\/es\\\/#\\\/schema\\\/logo\\\/image\\\/\"},\"sameAs\":[\"https:\\\/\\\/www.facebook.com\\\/casadecampoliving\",\"https:\\\/\\\/x.com\\\/cdcliving\"]},{\"@type\":\"Person\",\"@id\":\"https:\\\/\\\/casadecampoliving.com\\\/es\\\/#\\\/schema\\\/person\\\/932e594484c49168ad37fbb9141bf699\",\"name\":\"Mairobi Herrera\",\"image\":{\"@type\":\"ImageObject\",\"inLanguage\":\"es\",\"@id\":\"https:\\\/\\\/secure.gravatar.com\\\/avatar\\\/d0bf6c19470eb55d83c719e39672f670b2c4412339af1eb8a08f86427ba98ee8?s=96&d=mm&r=g\",\"url\":\"https:\\\/\\\/secure.gravatar.com\\\/avatar\\\/d0bf6c19470eb55d83c719e39672f670b2c4412339af1eb8a08f86427ba98ee8?s=96&d=mm&r=g\",\"contentUrl\":\"https:\\\/\\\/secure.gravatar.com\\\/avatar\\\/d0bf6c19470eb55d83c719e39672f670b2c4412339af1eb8a08f86427ba98ee8?s=96&d=mm&r=g\",\"caption\":\"Mairobi Herrera\"},\"sameAs\":[\"https:\\\/\\\/casadecampoliving.com\\\/\"],\"url\":\"https:\\\/\\\/casadecampoliving.com\\\/es\\\/author\\\/mherrera\\\/\"}]}<\/script>\n<!-- \/ Yoast SEO plugin. -->","yoast_head_json":{"title":"Joyer\u00eda de la dise\u00f1adora dominicana Jenny Polanco se exhiben en M\u00f3naco | Casa de Campo Living","description":"Una nueva colecci\u00f3n de joyer\u00eda de la popular dise\u00f1adora dominicana Jenny Polanco fue presentada en La Casa de Am\u00e9rica Latina de M\u00f3naco, del 3 al 27 de","robots":{"index":"index","follow":"follow","max-snippet":"max-snippet:-1","max-image-preview":"max-image-preview:large","max-video-preview":"max-video-preview:-1"},"canonical":"https:\/\/casadecampoliving.com\/es\/joyeria-de-la-disenadora-dominicana-jenny-polanco-se-exhiben-en-monaco\/","og_locale":"es_ES","og_type":"article","og_title":"Joyer\u00eda de la dise\u00f1adora dominicana Jenny Polanco se exhiben en M\u00f3naco | Casa de Campo Living","og_description":"Una nueva colecci\u00f3n de joyer\u00eda de la popular dise\u00f1adora dominicana Jenny Polanco fue presentada en La Casa de Am\u00e9rica Latina de M\u00f3naco, del 3 al 27 de","og_url":"https:\/\/casadecampoliving.com\/es\/joyeria-de-la-disenadora-dominicana-jenny-polanco-se-exhiben-en-monaco\/","og_site_name":"Casa de Campo Living","article_publisher":"https:\/\/www.facebook.com\/casadecampoliving","article_published_time":"2013-06-08T04:00:00+00:00","article_modified_time":"2022-10-21T22:45:59+00:00","og_image":[{"width":650,"height":502,"url":"https:\/\/i0.wp.com\/casadecampoliving.com\/wp-content\/uploads\/2022\/10\/ambar_jenny_polanco_monaco-1.jpg?fit=650%2C502&ssl=1","type":"image\/jpeg"}],"author":"Mairobi Herrera","twitter_card":"summary_large_image","twitter_creator":"@cdcliving","twitter_site":"@cdcliving","twitter_misc":{"Escrito por":"Mairobi Herrera","Tiempo de lectura":"2 minutos"},"schema":{"@context":"https:\/\/schema.org","@graph":[{"@type":"Article","@id":"https:\/\/casadecampoliving.com\/es\/joyeria-de-la-disenadora-dominicana-jenny-polanco-se-exhiben-en-monaco\/#article","isPartOf":{"@id":"https:\/\/casadecampoliving.com\/es\/joyeria-de-la-disenadora-dominicana-jenny-polanco-se-exhiben-en-monaco\/"},"author":{"name":"Mairobi Herrera","@id":"https:\/\/casadecampoliving.com\/es\/#\/schema\/person\/932e594484c49168ad37fbb9141bf699"},"headline":"Joyer\u00eda de la dise\u00f1adora dominicana Jenny Polanco se exhiben en M\u00f3naco","datePublished":"2013-06-08T04:00:00+00:00","dateModified":"2022-10-21T22:45:59+00:00","mainEntityOfPage":{"@id":"https:\/\/casadecampoliving.com\/es\/joyeria-de-la-disenadora-dominicana-jenny-polanco-se-exhiben-en-monaco\/"},"wordCount":507,"publisher":{"@id":"https:\/\/casadecampoliving.com\/es\/#organization"},"image":{"@id":"https:\/\/casadecampoliving.com\/es\/joyeria-de-la-disenadora-dominicana-jenny-polanco-se-exhiben-en-monaco\/#primaryimage"},"thumbnailUrl":"https:\/\/i0.wp.com\/casadecampoliving.com\/wp-content\/uploads\/2022\/10\/ambar_jenny_polanco_monaco-1.jpg?fit=650%2C502&ssl=1","keywords":["joyeria"],"articleSection":["Altos de Chavon @es","Arte y cultura","Destacados","Estilo de Vida","M\u00e1s all\u00e1 de Casa","Noticias Locales","Rep\u00fablica Dominicana @es"],"inLanguage":"es"},{"@type":"WebPage","@id":"https:\/\/casadecampoliving.com\/es\/joyeria-de-la-disenadora-dominicana-jenny-polanco-se-exhiben-en-monaco\/","url":"https:\/\/casadecampoliving.com\/es\/joyeria-de-la-disenadora-dominicana-jenny-polanco-se-exhiben-en-monaco\/","name":"Joyer\u00eda de la dise\u00f1adora dominicana Jenny Polanco se exhiben en M\u00f3naco | Casa de Campo Living","isPartOf":{"@id":"https:\/\/casadecampoliving.com\/es\/#website"},"primaryImageOfPage":{"@id":"https:\/\/casadecampoliving.com\/es\/joyeria-de-la-disenadora-dominicana-jenny-polanco-se-exhiben-en-monaco\/#primaryimage"},"image":{"@id":"https:\/\/casadecampoliving.com\/es\/joyeria-de-la-disenadora-dominicana-jenny-polanco-se-exhiben-en-monaco\/#primaryimage"},"thumbnailUrl":"https:\/\/i0.wp.com\/casadecampoliving.com\/wp-content\/uploads\/2022\/10\/ambar_jenny_polanco_monaco-1.jpg?fit=650%2C502&ssl=1","datePublished":"2013-06-08T04:00:00+00:00","dateModified":"2022-10-21T22:45:59+00:00","description":"Una nueva colecci\u00f3n de joyer\u00eda de la popular dise\u00f1adora dominicana Jenny Polanco fue presentada en La Casa de Am\u00e9rica Latina de M\u00f3naco, del 3 al 27 de","breadcrumb":{"@id":"https:\/\/casadecampoliving.com\/es\/joyeria-de-la-disenadora-dominicana-jenny-polanco-se-exhiben-en-monaco\/#breadcrumb"},"inLanguage":"es","potentialAction":[{"@type":"ReadAction","target":["https:\/\/casadecampoliving.com\/es\/joyeria-de-la-disenadora-dominicana-jenny-polanco-se-exhiben-en-monaco\/"]}]},{"@type":"ImageObject","inLanguage":"es","@id":"https:\/\/casadecampoliving.com\/es\/joyeria-de-la-disenadora-dominicana-jenny-polanco-se-exhiben-en-monaco\/#primaryimage","url":"https:\/\/i0.wp.com\/casadecampoliving.com\/wp-content\/uploads\/2022\/10\/ambar_jenny_polanco_monaco-1.jpg?fit=650%2C502&ssl=1","contentUrl":"https:\/\/i0.wp.com\/casadecampoliving.com\/wp-content\/uploads\/2022\/10\/ambar_jenny_polanco_monaco-1.jpg?fit=650%2C502&ssl=1","width":650,"height":502,"caption":"ambar jenny polanco monaco"},{"@type":"BreadcrumbList","@id":"https:\/\/casadecampoliving.com\/es\/joyeria-de-la-disenadora-dominicana-jenny-polanco-se-exhiben-en-monaco\/#breadcrumb","itemListElement":[{"@type":"ListItem","position":1,"name":"Home","item":"https:\/\/casadecampoliving.com\/es\/"},{"@type":"ListItem","position":2,"name":"Joyer\u00eda de la dise\u00f1adora dominicana Jenny Polanco se exhiben en M\u00f3naco"}]},{"@type":"WebSite","@id":"https:\/\/casadecampoliving.com\/es\/#website","url":"https:\/\/casadecampoliving.com\/es\/","name":"Casa de Campo Living","description":"Resort community news and resources.","publisher":{"@id":"https:\/\/casadecampoliving.com\/es\/#organization"},"potentialAction":[{"@type":"SearchAction","target":{"@type":"EntryPoint","urlTemplate":"https:\/\/casadecampoliving.com\/es\/?s={search_term_string}"},"query-input":{"@type":"PropertyValueSpecification","valueRequired":true,"valueName":"search_term_string"}}],"inLanguage":"es"},{"@type":"Organization","@id":"https:\/\/casadecampoliving.com\/es\/#organization","name":"Casa de Campo Living","url":"https:\/\/casadecampoliving.com\/es\/","logo":{"@type":"ImageObject","inLanguage":"es","@id":"https:\/\/casadecampoliving.com\/es\/#\/schema\/logo\/image\/","url":"https:\/\/i0.wp.com\/casadecampoliving.com\/wp-content\/uploads\/2022\/07\/CDCLivingLogo_V1-white-sized.png?fit=800%2C214&ssl=1","contentUrl":"https:\/\/i0.wp.com\/casadecampoliving.com\/wp-content\/uploads\/2022\/07\/CDCLivingLogo_V1-white-sized.png?fit=800%2C214&ssl=1","width":800,"height":214,"caption":"Casa de Campo Living"},"image":{"@id":"https:\/\/casadecampoliving.com\/es\/#\/schema\/logo\/image\/"},"sameAs":["https:\/\/www.facebook.com\/casadecampoliving","https:\/\/x.com\/cdcliving"]},{"@type":"Person","@id":"https:\/\/casadecampoliving.com\/es\/#\/schema\/person\/932e594484c49168ad37fbb9141bf699","name":"Mairobi Herrera","image":{"@type":"ImageObject","inLanguage":"es","@id":"https:\/\/secure.gravatar.com\/avatar\/d0bf6c19470eb55d83c719e39672f670b2c4412339af1eb8a08f86427ba98ee8?s=96&d=mm&r=g","url":"https:\/\/secure.gravatar.com\/avatar\/d0bf6c19470eb55d83c719e39672f670b2c4412339af1eb8a08f86427ba98ee8?s=96&d=mm&r=g","contentUrl":"https:\/\/secure.gravatar.com\/avatar\/d0bf6c19470eb55d83c719e39672f670b2c4412339af1eb8a08f86427ba98ee8?s=96&d=mm&r=g","caption":"Mairobi Herrera"},"sameAs":["https:\/\/casadecampoliving.com\/"],"url":"https:\/\/casadecampoliving.com\/es\/author\/mherrera\/"}]}},"parsely":{"version":"1.1.0","canonical_url":"https:\/\/casadecampoliving.com\/es\/joyeria-de-la-disenadora-dominicana-jenny-polanco-se-exhiben-en-monaco\/","smart_links":{"inbound":0,"outbound":0},"traffic_boost_suggestions_count":0,"meta":{"@context":"https:\/\/schema.org","@type":"NewsArticle","headline":"Joyer\u00eda de la dise\u00f1adora dominicana Jenny Polanco se exhiben en M\u00f3naco","url":"http:\/\/casadecampoliving.com\/es\/joyeria-de-la-disenadora-dominicana-jenny-polanco-se-exhiben-en-monaco\/","mainEntityOfPage":{"@type":"WebPage","@id":"http:\/\/casadecampoliving.com\/es\/joyeria-de-la-disenadora-dominicana-jenny-polanco-se-exhiben-en-monaco\/"},"thumbnailUrl":"https:\/\/i0.wp.com\/casadecampoliving.com\/wp-content\/uploads\/2022\/10\/ambar_jenny_polanco_monaco-1.jpg?resize=150%2C150&ssl=1","image":{"@type":"ImageObject","url":"https:\/\/i0.wp.com\/casadecampoliving.com\/wp-content\/uploads\/2022\/10\/ambar_jenny_polanco_monaco-1.jpg?fit=650%2C502&ssl=1"},"articleSection":"Altos de Chavon @es","author":[{"@type":"Person","name":"Mairobi Herrera"}],"creator":["Mairobi Herrera"],"publisher":{"@type":"Organization","name":"Casa de Campo Living","logo":"https:\/\/casadecampoliving.com\/wp-content\/uploads\/2022\/07\/CDCLivingLogo_V1-white-sized.png"},"keywords":["joyeria"],"dateCreated":"2013-06-08T04:00:00Z","datePublished":"2013-06-08T04:00:00Z","dateModified":"2022-10-21T22:45:59Z"},"rendered":"<script type=\"application\/ld+json\" class=\"wp-parsely-metadata\">{\"@context\":\"https:\\\/\\\/schema.org\",\"@type\":\"NewsArticle\",\"headline\":\"Joyer\\u00eda de la dise\\u00f1adora dominicana Jenny Polanco se exhiben en M\\u00f3naco\",\"url\":\"http:\\\/\\\/casadecampoliving.com\\\/es\\\/joyeria-de-la-disenadora-dominicana-jenny-polanco-se-exhiben-en-monaco\\\/\",\"mainEntityOfPage\":{\"@type\":\"WebPage\",\"@id\":\"http:\\\/\\\/casadecampoliving.com\\\/es\\\/joyeria-de-la-disenadora-dominicana-jenny-polanco-se-exhiben-en-monaco\\\/\"},\"thumbnailUrl\":\"https:\\\/\\\/i0.wp.com\\\/casadecampoliving.com\\\/wp-content\\\/uploads\\\/2022\\\/10\\\/ambar_jenny_polanco_monaco-1.jpg?resize=150%2C150&ssl=1\",\"image\":{\"@type\":\"ImageObject\",\"url\":\"https:\\\/\\\/i0.wp.com\\\/casadecampoliving.com\\\/wp-content\\\/uploads\\\/2022\\\/10\\\/ambar_jenny_polanco_monaco-1.jpg?fit=650%2C502&ssl=1\"},\"articleSection\":\"Altos de Chavon @es\",\"author\":[{\"@type\":\"Person\",\"name\":\"Mairobi Herrera\"}],\"creator\":[\"Mairobi Herrera\"],\"publisher\":{\"@type\":\"Organization\",\"name\":\"Casa de Campo Living\",\"logo\":\"https:\\\/\\\/casadecampoliving.com\\\/wp-content\\\/uploads\\\/2022\\\/07\\\/CDCLivingLogo_V1-white-sized.png\"},\"keywords\":[\"joyeria\"],\"dateCreated\":\"2013-06-08T04:00:00Z\",\"datePublished\":\"2013-06-08T04:00:00Z\",\"dateModified\":\"2022-10-21T22:45:59Z\"}<\/script>","tracker_url":"https:\/\/cdn.parsely.com\/keys\/casadecampoliving.com\/p.js"},"jetpack_publicize_connections":[],"jetpack_featured_media_url":"https:\/\/i0.wp.com\/casadecampoliving.com\/wp-content\/uploads\/2022\/10\/ambar_jenny_polanco_monaco-1.jpg?fit=650%2C502&ssl=1","jetpack-related-posts":[{"id":347349,"url":"https:\/\/casadecampoliving.com\/es\/jenny-polanco-lanza-nueva-coleccion-es-arte-en-el-mercedes-benz-fashion-week\/","url_meta":{"origin":341813,"position":0},"title":"Jenny Polanco lanza nueva colecci\u00f3n \u00ab\u00bfEs Arte?\u00bb en el Mercedes Benz Fashion Week","author":"Felix Guerrero","date":"10 May, 2015","format":false,"excerpt":"Nuestra dise\u00f1adora favorita y miembro de la comunidad de Casa de Campo, Jenny Polanco present\u00f3 su nueva colecci\u00f3n en el Mercedes Benz Fashion Week, Santo Domingo, bajo el t\u00edtulo \u00bfEs Arte? \u00a1Y estar\u00e1 pr\u00f3ximamente en tiendas! Descrita por su creadora como\u00a0\"algo para la mujer bohemia sofisticada.\u201d, Jenny Polanco considera \u00bfEs\u2026","rel":"","context":"En \u00abArte y cultura\u00bb","block_context":{"text":"Arte y cultura","link":"https:\/\/casadecampoliving.com\/category\/arte-y-cultura\/"},"img":{"alt_text":"Es Arte header","src":"https:\/\/i0.wp.com\/casadecampoliving.com\/wp-content\/uploads\/2022\/10\/JPolanco18-copy-1.jpg?fit=645%2C510&ssl=1&resize=350%2C200","width":350,"height":200,"srcset":"https:\/\/i0.wp.com\/casadecampoliving.com\/wp-content\/uploads\/2022\/10\/JPolanco18-copy-1.jpg?fit=645%2C510&ssl=1&resize=350%2C200 1x, https:\/\/i0.wp.com\/casadecampoliving.com\/wp-content\/uploads\/2022\/10\/JPolanco18-copy-1.jpg?fit=645%2C510&ssl=1&resize=525%2C300 1.5x"},"classes":[]},{"id":340501,"url":"https:\/\/casadecampoliving.com\/es\/jenny-polanco-abre-su-primera-boutique-en-haiti\/","url_meta":{"origin":341813,"position":1},"title":"Jenny Polanco abre su primera boutique en Hait\u00ed!","author":"","date":"22 Ene, 2013","format":false,"excerpt":"Desde que la dise\u00f1adora Jenny Polanco abri\u00f3 su tienda \u201cJenny Polanco Project\u201d, con la inclusi\u00f3n de creaciones de artesanos dominicanos y haitianos, s\u00f3lo fue una cuesti\u00f3n de tiempo antes de que la talentosa dise\u00f1adora celebrara tambi\u00e9n la apertura de una boutique en Hait\u00ed \u2013 un evento que se llev\u00f3 a\u2026","rel":"","context":"En \u00abArte y cultura\u00bb","block_context":{"text":"Arte y cultura","link":"https:\/\/casadecampoliving.com\/category\/arte-y-cultura\/"},"img":{"alt_text":"jenny polanco","src":"https:\/\/i0.wp.com\/casadecampoliving.com\/wp-content\/uploads\/2022\/10\/jenny_polanco-15.jpg?fit=650%2C455&ssl=1&resize=350%2C200","width":350,"height":200,"srcset":"https:\/\/i0.wp.com\/casadecampoliving.com\/wp-content\/uploads\/2022\/10\/jenny_polanco-15.jpg?fit=650%2C455&ssl=1&resize=350%2C200 1x, https:\/\/i0.wp.com\/casadecampoliving.com\/wp-content\/uploads\/2022\/10\/jenny_polanco-15.jpg?fit=650%2C455&ssl=1&resize=525%2C300 1.5x"},"classes":[]},{"id":342899,"url":"https:\/\/casadecampoliving.com\/es\/el-larimar-tesoro-nacional\/","url_meta":{"origin":341813,"position":2},"title":"Larimar&#8230; un tesoro nacional","author":"Rebecca Silvestri","date":"21 Sep, 2013","format":false,"excerpt":"La Rep\u00fablica Dominicana es un lugar muy especial. Un para\u00edso que posee numerosos encantos tropicales de aguas cristalinas, playas de arena blanca, mas uno de sus tesoros m\u00e1s singulares y fascinantes es la piedra Larimar, una piedra preciosa que s\u00f3lo se encuentra en una parte del mundo y es aqu\u00ed,\u2026","rel":"","context":"En \u00abAltos de Chavon @es\u00bb","block_context":{"text":"Altos de Chavon @es","link":"https:\/\/casadecampoliving.com\/category\/altos-de-chavon-es\/"},"img":{"alt_text":"larimar","src":"https:\/\/i0.wp.com\/casadecampoliving.com\/wp-content\/uploads\/2022\/10\/larimar2-3.jpg?fit=650%2C494&ssl=1&resize=350%2C200","width":350,"height":200,"srcset":"https:\/\/i0.wp.com\/casadecampoliving.com\/wp-content\/uploads\/2022\/10\/larimar2-3.jpg?fit=650%2C494&ssl=1&resize=350%2C200 1x, https:\/\/i0.wp.com\/casadecampoliving.com\/wp-content\/uploads\/2022\/10\/larimar2-3.jpg?fit=650%2C494&ssl=1&resize=525%2C300 1.5x"},"classes":[]},{"id":343594,"url":"https:\/\/casadecampoliving.com\/es\/arte-naive-exhibicion-de-arte-y-coctel-en-jenny-polanco-project\/","url_meta":{"origin":341813,"position":3},"title":"\u00abArte Naive\u00bb exhibici\u00f3n de arte y coctel en Jenny Polanco Project","author":"Perkin Agramonte","date":"26 Dic, 2013","format":false,"excerpt":"Casa de Campo Living y SILGON, una moderna compa\u00f1\u00eda de medios estan m\u00e1s que orgullosos de invitarles a una exhibici\u00f3n de arte y coctel este s\u00e1bado 28 de diciembre, organizada por la famosa dise\u00f1adora dominicana, Jenny Polanco. El \u201cArte Naive\u201d una exhibici\u00f3n de arte que contendr\u00e1 obras tradicionales y artesanales,\u2026","rel":"","context":"En \u00abAltos de Chavon @es\u00bb","block_context":{"text":"Altos de Chavon @es","link":"https:\/\/casadecampoliving.com\/category\/altos-de-chavon-es\/"},"img":{"alt_text":"Arte Naive Jenny Polanco","src":"https:\/\/i0.wp.com\/casadecampoliving.com\/wp-content\/uploads\/2022\/10\/arte_naive_jenny_polanco-1.jpg?fit=650%2C464&ssl=1&resize=350%2C200","width":350,"height":200,"srcset":"https:\/\/i0.wp.com\/casadecampoliving.com\/wp-content\/uploads\/2022\/10\/arte_naive_jenny_polanco-1.jpg?fit=650%2C464&ssl=1&resize=350%2C200 1x, https:\/\/i0.wp.com\/casadecampoliving.com\/wp-content\/uploads\/2022\/10\/arte_naive_jenny_polanco-1.jpg?fit=650%2C464&ssl=1&resize=525%2C300 1.5x"},"classes":[]},{"id":343070,"url":"https:\/\/casadecampoliving.com\/es\/nuevas-sandalias-de-jenny-polanco\/","url_meta":{"origin":341813,"position":4},"title":"Nuevas sandalias de Jenny Polanco","author":"Genesis Perdomo","date":"15 Oct, 2013","format":false,"excerpt":"Jenny Polanco, famosa dise\u00f1adora dominicana, ex estudiante y profesora de la Escuela de arte y dise\u00f1o de Altos de Chav\u00f3n y tambi\u00e9n\u00a0Casa de Campo due\u00f1o de villa con 3 tiendas dentro del complejo, est\u00e1 creando nuevo dise\u00f1os para zapatos. Creados como parte de los eventos de Dominicana Moda, la cual\u2026","rel":"","context":"En \u00abAltos de Chavon @es\u00bb","block_context":{"text":"Altos de Chavon @es","link":"https:\/\/casadecampoliving.com\/category\/altos-de-chavon-es\/"},"img":{"alt_text":"Jenny Polanco","src":"https:\/\/i0.wp.com\/casadecampoliving.com\/wp-content\/uploads\/2022\/10\/jenny_polanco2-1.jpg?fit=650%2C475&ssl=1&resize=350%2C200","width":350,"height":200,"srcset":"https:\/\/i0.wp.com\/casadecampoliving.com\/wp-content\/uploads\/2022\/10\/jenny_polanco2-1.jpg?fit=650%2C475&ssl=1&resize=350%2C200 1x, https:\/\/i0.wp.com\/casadecampoliving.com\/wp-content\/uploads\/2022\/10\/jenny_polanco2-1.jpg?fit=650%2C475&ssl=1&resize=525%2C300 1.5x"},"classes":[]},{"id":340785,"url":"https:\/\/casadecampoliving.com\/es\/jenny-polanco-lanza-nueva-linea-de-trajes-de-banos-acuarela-de-mar-por-la-disenadora-carolina-socias\/","url_meta":{"origin":341813,"position":5},"title":"Jenny Polanco lanza nueva l\u00ednea de trajes de ba\u00f1os \u00abAcuarela de Mar\u00bb por la dise\u00f1adora Carolina Soc\u00edas","author":"","date":"13 Mar, 2013","format":false,"excerpt":"Jenny Polanco, la famosa dise\u00f1adora dominicana, due\u00f1a de villa en Casa de Campo y egresada de la Escuela de Arte y Dise\u00f1o de Altos de Chav\u00f3n, celebr\u00f3 recientemente el lanzamiento de su nueva l\u00ednea de trajes de ba\u00f1os \u201cAcuarela de Mar\u201d, producida por la dise\u00f1adora Carolina Soci\u00e1s, la cual estar\u00e1\u2026","rel":"","context":"En \u00abAltos de Chavon @es\u00bb","block_context":{"text":"Altos de Chavon @es","link":"https:\/\/casadecampoliving.com\/category\/altos-de-chavon-es\/"},"img":{"alt_text":"bikini catwalk","src":"https:\/\/i0.wp.com\/casadecampoliving.com\/wp-content\/uploads\/2022\/10\/bikini_catwalk-1.jpg?fit=650%2C407&ssl=1&resize=350%2C200","width":350,"height":200,"srcset":"https:\/\/i0.wp.com\/casadecampoliving.com\/wp-content\/uploads\/2022\/10\/bikini_catwalk-1.jpg?fit=650%2C407&ssl=1&resize=350%2C200 1x, https:\/\/i0.wp.com\/casadecampoliving.com\/wp-content\/uploads\/2022\/10\/bikini_catwalk-1.jpg?fit=650%2C407&ssl=1&resize=525%2C300 1.5x"},"classes":[]}],"jetpack_sharing_enabled":true,"_links":{"self":[{"href":"https:\/\/casadecampoliving.com\/es\/wp-json\/wp\/v2\/posts\/341813","targetHints":{"allow":["GET"]}}],"collection":[{"href":"https:\/\/casadecampoliving.com\/es\/wp-json\/wp\/v2\/posts"}],"about":[{"href":"https:\/\/casadecampoliving.com\/es\/wp-json\/wp\/v2\/types\/post"}],"author":[{"embeddable":true,"href":"https:\/\/casadecampoliving.com\/es\/wp-json\/wp\/v2\/users\/431"}],"replies":[{"embeddable":true,"href":"https:\/\/casadecampoliving.com\/es\/wp-json\/wp\/v2\/comments?post=341813"}],"version-history":[{"count":1,"href":"https:\/\/casadecampoliving.com\/es\/wp-json\/wp\/v2\/posts\/341813\/revisions"}],"predecessor-version":[{"id":341814,"href":"https:\/\/casadecampoliving.com\/es\/wp-json\/wp\/v2\/posts\/341813\/revisions\/341814"}],"wp:featuredmedia":[{"embeddable":true,"href":"https:\/\/casadecampoliving.com\/es\/wp-json\/wp\/v2\/media\/242376"}],"wp:attachment":[{"href":"https:\/\/casadecampoliving.com\/es\/wp-json\/wp\/v2\/media?parent=341813"}],"wp:term":[{"taxonomy":"category","embeddable":true,"href":"https:\/\/casadecampoliving.com\/es\/wp-json\/wp\/v2\/categories?post=341813"},{"taxonomy":"post_tag","embeddable":true,"href":"https:\/\/casadecampoliving.com\/es\/wp-json\/wp\/v2\/tags?post=341813"},{"taxonomy":"newspack_spnsrs_tax","embeddable":true,"href":"https:\/\/casadecampoliving.com\/es\/wp-json\/wp\/v2\/newspack_spnsrs_tax?post=341813"}],"curies":[{"name":"wp","href":"https:\/\/api.w.org\/{rel}","templated":true}]}}