{"id":341673,"date":"2013-05-30T00:00:00","date_gmt":"2013-05-30T04:00:00","guid":{"rendered":"https:\/\/casadecampoliving.com\/hoy-se-celebra-el-republica-dominicana-el-dia-de-corpus-christi\/"},"modified":"2022-10-21T18:53:25","modified_gmt":"2022-10-21T22:53:25","slug":"hoy-se-celebra-el-republica-dominicana-el-dia-de-corpus-christi","status":"publish","type":"post","link":"https:\/\/casadecampoliving.com\/es\/hoy-se-celebra-el-republica-dominicana-el-dia-de-corpus-christi\/","title":{"rendered":"\u00a1Hoy se celebra en Rep\u00fablica Dominicana el D\u00eda de Corpus Christi!"},"content":{"rendered":"<div class=\"wp-block-image\">\n<figure class=\"aligncenter is-resized\"><img loading=\"lazy\" decoding=\"async\" src=\"https:\/\/i0.wp.com\/casadecampoliving.com\/wp-content\/uploads\/2022\/10\/corpus_cristi.jpg?resize=650%2C433&amp;ssl=1\" alt=\"corpus cristi\" class=\"wp-image-71197\" title=\"corpus_cristi\" height=\"433\" width=\"650\"\/><\/figure>\n<\/div>\n\n<div class=\"wp-block-image\">\n<figure class=\"alignright is-resized\"><img loading=\"lazy\" decoding=\"async\" src=\"https:\/\/i0.wp.com\/casadecampoliving.com\/wp-content\/uploads\/2022\/10\/jesus_corpus_cristi.jpg?resize=216%2C324&amp;ssl=1\" alt=\"jesus corpus cristi\" class=\"wp-image-71196\" title=\"jesus_corpus_cristi\" height=\"324\" width=\"216\"\/><\/figure>\n<\/div>\n\n\n<p>Hoy jueves 30 de mayo, la Rep\u00fablica Dominicana celebra el d\u00eda de Corpus Christi, una tradici\u00f3n y pr\u00e1ctica religiosa que otros tantos pa\u00edses creyentes de la Iglesia Cat\u00f3lica, tambi\u00e9n conmemoran con muestras de gratitud y amor al Se\u00f1or, mediante la celebraci\u00f3n de la Eucarist\u00eda o Santa Cena instituida por Jesucristo el Jueves antes de su padecimiento; hoy uno de los principales ritos cristianos.<\/p>\n\n\n\n<p><strong>Hoy la Iglesia San Estanislao, en Altos de Chav\u00f3n, ofrecer\u00e1 una misa a las 6:00 de la tarde<\/strong>.<\/p>\n\n\n\n<p>Como en muchos otros pa\u00edses, la Rep\u00fablica Dominicana se une a las celebraciones de Corpus Christi, y por lo tanto declara el&nbsp;<a href=\"https:\/\/casadecampoliving.com\/es\/2012\/01\/dias-feriados-de-la-republica-dominicana-y-la-fascinante-historia-detras\/\">d\u00eda de hoy como no laborable<\/a>.<\/p>\n\n\n\n<p>Las palabras en lat\u00edn \u201cCorpus Christi\u201d, significan el Cuerpo de Cristo. B\u00e1sicamente es una gran fiesta de la Iglesia Cat\u00f3lica, destinada a celebrar la Eucarist\u00eda o en palabras m\u00e1s llanas, simular en gratitud y amor a El, &nbsp;la&nbsp;<em>Santa Cena<\/em>&nbsp;que celebrara el Se\u00f1or antes de su partida.&nbsp;A\u00fan cuando esta pr\u00e1ctica se realiza con frecuencia en las misas cat\u00f3licas, en este d\u00eda particular, cientos de miles de personas en todo el territorio nacional acuden a las iglesias.<\/p>\n\n\n\n<p>Pero no siempre se celebra el 30 de mayo, Corpus Christi se celebra en el&nbsp;jueves siguiente al octavo domingo despu\u00e9s del \u201cDomingo de Resurecci\u00f3n\u201d \u2013 en otras palabras, 60 d\u00edas despu\u00e9s del \u201cDomingo de Resurecci\u00f3n\u201d.<\/p>\n\n\n\n<p><span style=\"font-size: 13px;\"><strong>Fuente:<\/strong> Wikpedia<\/span><\/p>\n\n\n\n<p><strong><em><a href=\"https:\/\/casadecampoliving.com\/es\/2013\/01\/conozca-los-proximos-dias-feriados-de-la-republica-dominicana-en-este-2013\/\">Haga click aqu\u00ed para ver el calendario completo de d\u00edas feriados en la Republica Dominicana<\/a><\/em><\/strong><\/p>\n","protected":false},"excerpt":{"rendered":"<p>Hoy jueves 30 de mayo, la Rep\u00fablica Dominicana celebra el d\u00eda de Corpus Christi, una tradici\u00f3n y pr\u00e1ctica religiosa que otros tantos pa\u00edses creyentes de la Iglesia Cat\u00f3lica, tambi\u00e9n conmemoran con muestras de gratitud y amor al Se\u00f1or, mediante la celebraci\u00f3n de la Eucarist\u00eda o Santa Cena instituida por Jesucristo el Jueves antes de su [&hellip;]<\/p>\n","protected":false},"author":431,"featured_media":240396,"comment_status":"closed","ping_status":"closed","sticky":false,"template":"","format":"standard","meta":{"newspack_ads_suppress_ads":false,"newspack_popups_has_disabled_popups":false,"newspack_sponsor_sponsorship_scope":"","newspack_sponsor_native_byline_display":"inherit","newspack_sponsor_native_category_display":"inherit","newspack_sponsor_underwriter_style":"inherit","newspack_sponsor_underwriter_placement":"inherit","_newspack_byline_active":false,"_newspack_byline":"","newspack_hide_updated_date":false,"newspack_show_updated_date":false,"newspack_content_restriction_is_exempt":false,"newspack_featured_image_position":"","newspack_post_subtitle":"","newspack_article_summary_title":"Overview:","newspack_article_summary":"","_jetpack_memberships_contains_paid_content":false,"footnotes":"","jetpack_publicize_message":"","jetpack_publicize_feature_enabled":true,"jetpack_social_post_already_shared":false,"jetpack_social_options":{"image_generator_settings":{"template":"highway","default_image_id":0,"font":"","enabled":false},"version":2},"_wpas_customize_per_network":false},"categories":[2524,14631,14625,2521],"tags":[249,5863,14777],"newspack_spnsrs_tax":[],"class_list":["post-341673","post","type-post","status-publish","format-standard","has-post-thumbnail","hentry","category-destacados","category-estilo-de-vida","category-noticias-locales","category-republica-dominicana-2","tag-corpus-christi","tag-dias-feriados","tag-republica-dominicana-es-18","entry"],"yoast_head":"<!-- This site is optimized with the Yoast SEO plugin v27.5 - https:\/\/yoast.com\/product\/yoast-seo-wordpress\/ -->\n<title>\u00a1Hoy se celebra en Rep\u00fablica Dominicana el D\u00eda de Corpus Christi! | Casa de Campo Living<\/title>\n<meta name=\"description\" content=\"Hoy jueves 30 de mayo, la Rep\u00fablica Dominicana celebra el d\u00eda de Corpus Christi, una tradici\u00f3n y pr\u00e1ctica religiosa que otros tantos pa\u00edses creyentes de\" \/>\n<meta name=\"robots\" content=\"index, follow, max-snippet:-1, max-image-preview:large, max-video-preview:-1\" \/>\n<link rel=\"canonical\" href=\"https:\/\/casadecampoliving.com\/es\/hoy-se-celebra-el-republica-dominicana-el-dia-de-corpus-christi\/\" \/>\n<meta property=\"og:locale\" content=\"es_ES\" \/>\n<meta property=\"og:type\" content=\"article\" \/>\n<meta property=\"og:title\" content=\"\u00a1Hoy se celebra en Rep\u00fablica Dominicana el D\u00eda de Corpus Christi! | Casa de Campo Living\" \/>\n<meta property=\"og:description\" content=\"Hoy jueves 30 de mayo, la Rep\u00fablica Dominicana celebra el d\u00eda de Corpus Christi, una tradici\u00f3n y pr\u00e1ctica religiosa que otros tantos pa\u00edses creyentes de\" \/>\n<meta property=\"og:url\" content=\"https:\/\/casadecampoliving.com\/es\/hoy-se-celebra-el-republica-dominicana-el-dia-de-corpus-christi\/\" \/>\n<meta property=\"og:site_name\" content=\"Casa de Campo Living\" \/>\n<meta property=\"article:publisher\" content=\"https:\/\/www.facebook.com\/casadecampoliving\" \/>\n<meta property=\"article:published_time\" content=\"2013-05-30T04:00:00+00:00\" \/>\n<meta property=\"article:modified_time\" content=\"2022-10-21T22:53:25+00:00\" \/>\n<meta property=\"og:image\" content=\"https:\/\/i0.wp.com\/casadecampoliving.com\/wp-content\/uploads\/2022\/10\/corpus_cristi-1.jpg?fit=650%2C433&ssl=1\" \/>\n\t<meta property=\"og:image:width\" content=\"650\" \/>\n\t<meta property=\"og:image:height\" content=\"433\" \/>\n\t<meta property=\"og:image:type\" content=\"image\/jpeg\" \/>\n<meta name=\"author\" content=\"Mairobi Herrera\" \/>\n<meta name=\"twitter:card\" content=\"summary_large_image\" \/>\n<meta name=\"twitter:creator\" content=\"@cdcliving\" \/>\n<meta name=\"twitter:site\" content=\"@cdcliving\" \/>\n<meta name=\"twitter:label1\" content=\"Escrito por\" \/>\n\t<meta name=\"twitter:data1\" content=\"Mairobi Herrera\" \/>\n\t<meta name=\"twitter:label2\" content=\"Tiempo de lectura\" \/>\n\t<meta name=\"twitter:data2\" content=\"1 minuto\" \/>\n<script type=\"application\/ld+json\" class=\"yoast-schema-graph\">{\"@context\":\"https:\\\/\\\/schema.org\",\"@graph\":[{\"@type\":\"Article\",\"@id\":\"https:\\\/\\\/casadecampoliving.com\\\/es\\\/hoy-se-celebra-el-republica-dominicana-el-dia-de-corpus-christi\\\/#article\",\"isPartOf\":{\"@id\":\"https:\\\/\\\/casadecampoliving.com\\\/es\\\/hoy-se-celebra-el-republica-dominicana-el-dia-de-corpus-christi\\\/\"},\"author\":{\"name\":\"Mairobi Herrera\",\"@id\":\"https:\\\/\\\/casadecampoliving.com\\\/es\\\/#\\\/schema\\\/person\\\/932e594484c49168ad37fbb9141bf699\"},\"headline\":\"\u00a1Hoy se celebra en Rep\u00fablica Dominicana el D\u00eda de Corpus Christi!\",\"datePublished\":\"2013-05-30T04:00:00+00:00\",\"dateModified\":\"2022-10-21T22:53:25+00:00\",\"mainEntityOfPage\":{\"@id\":\"https:\\\/\\\/casadecampoliving.com\\\/es\\\/hoy-se-celebra-el-republica-dominicana-el-dia-de-corpus-christi\\\/\"},\"wordCount\":284,\"publisher\":{\"@id\":\"https:\\\/\\\/casadecampoliving.com\\\/es\\\/#organization\"},\"image\":{\"@id\":\"https:\\\/\\\/casadecampoliving.com\\\/es\\\/hoy-se-celebra-el-republica-dominicana-el-dia-de-corpus-christi\\\/#primaryimage\"},\"thumbnailUrl\":\"https:\\\/\\\/i0.wp.com\\\/casadecampoliving.com\\\/wp-content\\\/uploads\\\/2022\\\/10\\\/corpus_cristi-1.jpg?fit=650%2C433&ssl=1\",\"keywords\":[\"Corpus Christi\",\"dias feriados\",\"Republica Dominicana\"],\"articleSection\":[\"Destacados\",\"Estilo de Vida\",\"Noticias Locales\",\"Rep\u00fablica Dominicana @es\"],\"inLanguage\":\"es\"},{\"@type\":\"WebPage\",\"@id\":\"https:\\\/\\\/casadecampoliving.com\\\/es\\\/hoy-se-celebra-el-republica-dominicana-el-dia-de-corpus-christi\\\/\",\"url\":\"https:\\\/\\\/casadecampoliving.com\\\/es\\\/hoy-se-celebra-el-republica-dominicana-el-dia-de-corpus-christi\\\/\",\"name\":\"\u00a1Hoy se celebra en Rep\u00fablica Dominicana el D\u00eda de Corpus Christi! | Casa de Campo Living\",\"isPartOf\":{\"@id\":\"https:\\\/\\\/casadecampoliving.com\\\/es\\\/#website\"},\"primaryImageOfPage\":{\"@id\":\"https:\\\/\\\/casadecampoliving.com\\\/es\\\/hoy-se-celebra-el-republica-dominicana-el-dia-de-corpus-christi\\\/#primaryimage\"},\"image\":{\"@id\":\"https:\\\/\\\/casadecampoliving.com\\\/es\\\/hoy-se-celebra-el-republica-dominicana-el-dia-de-corpus-christi\\\/#primaryimage\"},\"thumbnailUrl\":\"https:\\\/\\\/i0.wp.com\\\/casadecampoliving.com\\\/wp-content\\\/uploads\\\/2022\\\/10\\\/corpus_cristi-1.jpg?fit=650%2C433&ssl=1\",\"datePublished\":\"2013-05-30T04:00:00+00:00\",\"dateModified\":\"2022-10-21T22:53:25+00:00\",\"description\":\"Hoy jueves 30 de mayo, la Rep\u00fablica Dominicana celebra el d\u00eda de Corpus Christi, una tradici\u00f3n y pr\u00e1ctica religiosa que otros tantos pa\u00edses creyentes de\",\"breadcrumb\":{\"@id\":\"https:\\\/\\\/casadecampoliving.com\\\/es\\\/hoy-se-celebra-el-republica-dominicana-el-dia-de-corpus-christi\\\/#breadcrumb\"},\"inLanguage\":\"es\",\"potentialAction\":[{\"@type\":\"ReadAction\",\"target\":[\"https:\\\/\\\/casadecampoliving.com\\\/es\\\/hoy-se-celebra-el-republica-dominicana-el-dia-de-corpus-christi\\\/\"]}]},{\"@type\":\"ImageObject\",\"inLanguage\":\"es\",\"@id\":\"https:\\\/\\\/casadecampoliving.com\\\/es\\\/hoy-se-celebra-el-republica-dominicana-el-dia-de-corpus-christi\\\/#primaryimage\",\"url\":\"https:\\\/\\\/i0.wp.com\\\/casadecampoliving.com\\\/wp-content\\\/uploads\\\/2022\\\/10\\\/corpus_cristi-1.jpg?fit=650%2C433&ssl=1\",\"contentUrl\":\"https:\\\/\\\/i0.wp.com\\\/casadecampoliving.com\\\/wp-content\\\/uploads\\\/2022\\\/10\\\/corpus_cristi-1.jpg?fit=650%2C433&ssl=1\",\"width\":650,\"height\":433,\"caption\":\"corpus cristi\"},{\"@type\":\"BreadcrumbList\",\"@id\":\"https:\\\/\\\/casadecampoliving.com\\\/es\\\/hoy-se-celebra-el-republica-dominicana-el-dia-de-corpus-christi\\\/#breadcrumb\",\"itemListElement\":[{\"@type\":\"ListItem\",\"position\":1,\"name\":\"Home\",\"item\":\"https:\\\/\\\/casadecampoliving.com\\\/es\\\/\"},{\"@type\":\"ListItem\",\"position\":2,\"name\":\"\u00a1Hoy se celebra en Rep\u00fablica Dominicana el D\u00eda de Corpus Christi!\"}]},{\"@type\":\"WebSite\",\"@id\":\"https:\\\/\\\/casadecampoliving.com\\\/es\\\/#website\",\"url\":\"https:\\\/\\\/casadecampoliving.com\\\/es\\\/\",\"name\":\"Casa de Campo Living\",\"description\":\"Resort community news and resources.\",\"publisher\":{\"@id\":\"https:\\\/\\\/casadecampoliving.com\\\/es\\\/#organization\"},\"potentialAction\":[{\"@type\":\"SearchAction\",\"target\":{\"@type\":\"EntryPoint\",\"urlTemplate\":\"https:\\\/\\\/casadecampoliving.com\\\/es\\\/?s={search_term_string}\"},\"query-input\":{\"@type\":\"PropertyValueSpecification\",\"valueRequired\":true,\"valueName\":\"search_term_string\"}}],\"inLanguage\":\"es\"},{\"@type\":\"Organization\",\"@id\":\"https:\\\/\\\/casadecampoliving.com\\\/es\\\/#organization\",\"name\":\"Casa de Campo Living\",\"url\":\"https:\\\/\\\/casadecampoliving.com\\\/es\\\/\",\"logo\":{\"@type\":\"ImageObject\",\"inLanguage\":\"es\",\"@id\":\"https:\\\/\\\/casadecampoliving.com\\\/es\\\/#\\\/schema\\\/logo\\\/image\\\/\",\"url\":\"https:\\\/\\\/i0.wp.com\\\/casadecampoliving.com\\\/wp-content\\\/uploads\\\/2022\\\/07\\\/CDCLivingLogo_V1-white-sized.png?fit=800%2C214&ssl=1\",\"contentUrl\":\"https:\\\/\\\/i0.wp.com\\\/casadecampoliving.com\\\/wp-content\\\/uploads\\\/2022\\\/07\\\/CDCLivingLogo_V1-white-sized.png?fit=800%2C214&ssl=1\",\"width\":800,\"height\":214,\"caption\":\"Casa de Campo Living\"},\"image\":{\"@id\":\"https:\\\/\\\/casadecampoliving.com\\\/es\\\/#\\\/schema\\\/logo\\\/image\\\/\"},\"sameAs\":[\"https:\\\/\\\/www.facebook.com\\\/casadecampoliving\",\"https:\\\/\\\/x.com\\\/cdcliving\"]},{\"@type\":\"Person\",\"@id\":\"https:\\\/\\\/casadecampoliving.com\\\/es\\\/#\\\/schema\\\/person\\\/932e594484c49168ad37fbb9141bf699\",\"name\":\"Mairobi Herrera\",\"image\":{\"@type\":\"ImageObject\",\"inLanguage\":\"es\",\"@id\":\"https:\\\/\\\/secure.gravatar.com\\\/avatar\\\/d0bf6c19470eb55d83c719e39672f670b2c4412339af1eb8a08f86427ba98ee8?s=96&d=mm&r=g\",\"url\":\"https:\\\/\\\/secure.gravatar.com\\\/avatar\\\/d0bf6c19470eb55d83c719e39672f670b2c4412339af1eb8a08f86427ba98ee8?s=96&d=mm&r=g\",\"contentUrl\":\"https:\\\/\\\/secure.gravatar.com\\\/avatar\\\/d0bf6c19470eb55d83c719e39672f670b2c4412339af1eb8a08f86427ba98ee8?s=96&d=mm&r=g\",\"caption\":\"Mairobi Herrera\"},\"sameAs\":[\"https:\\\/\\\/casadecampoliving.com\\\/\"],\"url\":\"https:\\\/\\\/casadecampoliving.com\\\/es\\\/author\\\/mherrera\\\/\"}]}<\/script>\n<!-- \/ Yoast SEO plugin. -->","yoast_head_json":{"title":"\u00a1Hoy se celebra en Rep\u00fablica Dominicana el D\u00eda de Corpus Christi! | Casa de Campo Living","description":"Hoy jueves 30 de mayo, la Rep\u00fablica Dominicana celebra el d\u00eda de Corpus Christi, una tradici\u00f3n y pr\u00e1ctica religiosa que otros tantos pa\u00edses creyentes de","robots":{"index":"index","follow":"follow","max-snippet":"max-snippet:-1","max-image-preview":"max-image-preview:large","max-video-preview":"max-video-preview:-1"},"canonical":"https:\/\/casadecampoliving.com\/es\/hoy-se-celebra-el-republica-dominicana-el-dia-de-corpus-christi\/","og_locale":"es_ES","og_type":"article","og_title":"\u00a1Hoy se celebra en Rep\u00fablica Dominicana el D\u00eda de Corpus Christi! | Casa de Campo Living","og_description":"Hoy jueves 30 de mayo, la Rep\u00fablica Dominicana celebra el d\u00eda de Corpus Christi, una tradici\u00f3n y pr\u00e1ctica religiosa que otros tantos pa\u00edses creyentes de","og_url":"https:\/\/casadecampoliving.com\/es\/hoy-se-celebra-el-republica-dominicana-el-dia-de-corpus-christi\/","og_site_name":"Casa de Campo Living","article_publisher":"https:\/\/www.facebook.com\/casadecampoliving","article_published_time":"2013-05-30T04:00:00+00:00","article_modified_time":"2022-10-21T22:53:25+00:00","og_image":[{"width":650,"height":433,"url":"https:\/\/i0.wp.com\/casadecampoliving.com\/wp-content\/uploads\/2022\/10\/corpus_cristi-1.jpg?fit=650%2C433&ssl=1","type":"image\/jpeg"}],"author":"Mairobi Herrera","twitter_card":"summary_large_image","twitter_creator":"@cdcliving","twitter_site":"@cdcliving","twitter_misc":{"Escrito por":"Mairobi Herrera","Tiempo de lectura":"1 minuto"},"schema":{"@context":"https:\/\/schema.org","@graph":[{"@type":"Article","@id":"https:\/\/casadecampoliving.com\/es\/hoy-se-celebra-el-republica-dominicana-el-dia-de-corpus-christi\/#article","isPartOf":{"@id":"https:\/\/casadecampoliving.com\/es\/hoy-se-celebra-el-republica-dominicana-el-dia-de-corpus-christi\/"},"author":{"name":"Mairobi Herrera","@id":"https:\/\/casadecampoliving.com\/es\/#\/schema\/person\/932e594484c49168ad37fbb9141bf699"},"headline":"\u00a1Hoy se celebra en Rep\u00fablica Dominicana el D\u00eda de Corpus Christi!","datePublished":"2013-05-30T04:00:00+00:00","dateModified":"2022-10-21T22:53:25+00:00","mainEntityOfPage":{"@id":"https:\/\/casadecampoliving.com\/es\/hoy-se-celebra-el-republica-dominicana-el-dia-de-corpus-christi\/"},"wordCount":284,"publisher":{"@id":"https:\/\/casadecampoliving.com\/es\/#organization"},"image":{"@id":"https:\/\/casadecampoliving.com\/es\/hoy-se-celebra-el-republica-dominicana-el-dia-de-corpus-christi\/#primaryimage"},"thumbnailUrl":"https:\/\/i0.wp.com\/casadecampoliving.com\/wp-content\/uploads\/2022\/10\/corpus_cristi-1.jpg?fit=650%2C433&ssl=1","keywords":["Corpus Christi","dias feriados","Republica Dominicana"],"articleSection":["Destacados","Estilo de Vida","Noticias Locales","Rep\u00fablica Dominicana @es"],"inLanguage":"es"},{"@type":"WebPage","@id":"https:\/\/casadecampoliving.com\/es\/hoy-se-celebra-el-republica-dominicana-el-dia-de-corpus-christi\/","url":"https:\/\/casadecampoliving.com\/es\/hoy-se-celebra-el-republica-dominicana-el-dia-de-corpus-christi\/","name":"\u00a1Hoy se celebra en Rep\u00fablica Dominicana el D\u00eda de Corpus Christi! | Casa de Campo Living","isPartOf":{"@id":"https:\/\/casadecampoliving.com\/es\/#website"},"primaryImageOfPage":{"@id":"https:\/\/casadecampoliving.com\/es\/hoy-se-celebra-el-republica-dominicana-el-dia-de-corpus-christi\/#primaryimage"},"image":{"@id":"https:\/\/casadecampoliving.com\/es\/hoy-se-celebra-el-republica-dominicana-el-dia-de-corpus-christi\/#primaryimage"},"thumbnailUrl":"https:\/\/i0.wp.com\/casadecampoliving.com\/wp-content\/uploads\/2022\/10\/corpus_cristi-1.jpg?fit=650%2C433&ssl=1","datePublished":"2013-05-30T04:00:00+00:00","dateModified":"2022-10-21T22:53:25+00:00","description":"Hoy jueves 30 de mayo, la Rep\u00fablica Dominicana celebra el d\u00eda de Corpus Christi, una tradici\u00f3n y pr\u00e1ctica religiosa que otros tantos pa\u00edses creyentes de","breadcrumb":{"@id":"https:\/\/casadecampoliving.com\/es\/hoy-se-celebra-el-republica-dominicana-el-dia-de-corpus-christi\/#breadcrumb"},"inLanguage":"es","potentialAction":[{"@type":"ReadAction","target":["https:\/\/casadecampoliving.com\/es\/hoy-se-celebra-el-republica-dominicana-el-dia-de-corpus-christi\/"]}]},{"@type":"ImageObject","inLanguage":"es","@id":"https:\/\/casadecampoliving.com\/es\/hoy-se-celebra-el-republica-dominicana-el-dia-de-corpus-christi\/#primaryimage","url":"https:\/\/i0.wp.com\/casadecampoliving.com\/wp-content\/uploads\/2022\/10\/corpus_cristi-1.jpg?fit=650%2C433&ssl=1","contentUrl":"https:\/\/i0.wp.com\/casadecampoliving.com\/wp-content\/uploads\/2022\/10\/corpus_cristi-1.jpg?fit=650%2C433&ssl=1","width":650,"height":433,"caption":"corpus cristi"},{"@type":"BreadcrumbList","@id":"https:\/\/casadecampoliving.com\/es\/hoy-se-celebra-el-republica-dominicana-el-dia-de-corpus-christi\/#breadcrumb","itemListElement":[{"@type":"ListItem","position":1,"name":"Home","item":"https:\/\/casadecampoliving.com\/es\/"},{"@type":"ListItem","position":2,"name":"\u00a1Hoy se celebra en Rep\u00fablica Dominicana el D\u00eda de Corpus Christi!"}]},{"@type":"WebSite","@id":"https:\/\/casadecampoliving.com\/es\/#website","url":"https:\/\/casadecampoliving.com\/es\/","name":"Casa de Campo Living","description":"Resort community news and resources.","publisher":{"@id":"https:\/\/casadecampoliving.com\/es\/#organization"},"potentialAction":[{"@type":"SearchAction","target":{"@type":"EntryPoint","urlTemplate":"https:\/\/casadecampoliving.com\/es\/?s={search_term_string}"},"query-input":{"@type":"PropertyValueSpecification","valueRequired":true,"valueName":"search_term_string"}}],"inLanguage":"es"},{"@type":"Organization","@id":"https:\/\/casadecampoliving.com\/es\/#organization","name":"Casa de Campo Living","url":"https:\/\/casadecampoliving.com\/es\/","logo":{"@type":"ImageObject","inLanguage":"es","@id":"https:\/\/casadecampoliving.com\/es\/#\/schema\/logo\/image\/","url":"https:\/\/i0.wp.com\/casadecampoliving.com\/wp-content\/uploads\/2022\/07\/CDCLivingLogo_V1-white-sized.png?fit=800%2C214&ssl=1","contentUrl":"https:\/\/i0.wp.com\/casadecampoliving.com\/wp-content\/uploads\/2022\/07\/CDCLivingLogo_V1-white-sized.png?fit=800%2C214&ssl=1","width":800,"height":214,"caption":"Casa de Campo Living"},"image":{"@id":"https:\/\/casadecampoliving.com\/es\/#\/schema\/logo\/image\/"},"sameAs":["https:\/\/www.facebook.com\/casadecampoliving","https:\/\/x.com\/cdcliving"]},{"@type":"Person","@id":"https:\/\/casadecampoliving.com\/es\/#\/schema\/person\/932e594484c49168ad37fbb9141bf699","name":"Mairobi Herrera","image":{"@type":"ImageObject","inLanguage":"es","@id":"https:\/\/secure.gravatar.com\/avatar\/d0bf6c19470eb55d83c719e39672f670b2c4412339af1eb8a08f86427ba98ee8?s=96&d=mm&r=g","url":"https:\/\/secure.gravatar.com\/avatar\/d0bf6c19470eb55d83c719e39672f670b2c4412339af1eb8a08f86427ba98ee8?s=96&d=mm&r=g","contentUrl":"https:\/\/secure.gravatar.com\/avatar\/d0bf6c19470eb55d83c719e39672f670b2c4412339af1eb8a08f86427ba98ee8?s=96&d=mm&r=g","caption":"Mairobi Herrera"},"sameAs":["https:\/\/casadecampoliving.com\/"],"url":"https:\/\/casadecampoliving.com\/es\/author\/mherrera\/"}]}},"parsely":{"version":"1.1.0","canonical_url":"https:\/\/casadecampoliving.com\/es\/hoy-se-celebra-el-republica-dominicana-el-dia-de-corpus-christi\/","smart_links":{"inbound":0,"outbound":0},"traffic_boost_suggestions_count":0,"meta":{"@context":"https:\/\/schema.org","@type":"NewsArticle","headline":"\u00a1Hoy se celebra en Rep\u00fablica Dominicana el D\u00eda de Corpus Christi!","url":"http:\/\/casadecampoliving.com\/es\/hoy-se-celebra-el-republica-dominicana-el-dia-de-corpus-christi\/","mainEntityOfPage":{"@type":"WebPage","@id":"http:\/\/casadecampoliving.com\/es\/hoy-se-celebra-el-republica-dominicana-el-dia-de-corpus-christi\/"},"thumbnailUrl":"https:\/\/i0.wp.com\/casadecampoliving.com\/wp-content\/uploads\/2022\/10\/corpus_cristi-1.jpg?resize=150%2C150&ssl=1","image":{"@type":"ImageObject","url":"https:\/\/i0.wp.com\/casadecampoliving.com\/wp-content\/uploads\/2022\/10\/corpus_cristi-1.jpg?fit=650%2C433&ssl=1"},"articleSection":"Destacados","author":[{"@type":"Person","name":"Mairobi Herrera"}],"creator":["Mairobi Herrera"],"publisher":{"@type":"Organization","name":"Casa de Campo Living","logo":"https:\/\/casadecampoliving.com\/wp-content\/uploads\/2022\/07\/CDCLivingLogo_V1-white-sized.png"},"keywords":["corpus christi","dias feriados","republica dominicana"],"dateCreated":"2013-05-30T04:00:00Z","datePublished":"2013-05-30T04:00:00Z","dateModified":"2022-10-21T22:53:25Z"},"rendered":"<script type=\"application\/ld+json\" class=\"wp-parsely-metadata\">{\"@context\":\"https:\\\/\\\/schema.org\",\"@type\":\"NewsArticle\",\"headline\":\"\\u00a1Hoy se celebra en Rep\\u00fablica Dominicana el D\\u00eda de Corpus Christi!\",\"url\":\"http:\\\/\\\/casadecampoliving.com\\\/es\\\/hoy-se-celebra-el-republica-dominicana-el-dia-de-corpus-christi\\\/\",\"mainEntityOfPage\":{\"@type\":\"WebPage\",\"@id\":\"http:\\\/\\\/casadecampoliving.com\\\/es\\\/hoy-se-celebra-el-republica-dominicana-el-dia-de-corpus-christi\\\/\"},\"thumbnailUrl\":\"https:\\\/\\\/i0.wp.com\\\/casadecampoliving.com\\\/wp-content\\\/uploads\\\/2022\\\/10\\\/corpus_cristi-1.jpg?resize=150%2C150&ssl=1\",\"image\":{\"@type\":\"ImageObject\",\"url\":\"https:\\\/\\\/i0.wp.com\\\/casadecampoliving.com\\\/wp-content\\\/uploads\\\/2022\\\/10\\\/corpus_cristi-1.jpg?fit=650%2C433&ssl=1\"},\"articleSection\":\"Destacados\",\"author\":[{\"@type\":\"Person\",\"name\":\"Mairobi Herrera\"}],\"creator\":[\"Mairobi Herrera\"],\"publisher\":{\"@type\":\"Organization\",\"name\":\"Casa de Campo Living\",\"logo\":\"https:\\\/\\\/casadecampoliving.com\\\/wp-content\\\/uploads\\\/2022\\\/07\\\/CDCLivingLogo_V1-white-sized.png\"},\"keywords\":[\"corpus christi\",\"dias feriados\",\"republica dominicana\"],\"dateCreated\":\"2013-05-30T04:00:00Z\",\"datePublished\":\"2013-05-30T04:00:00Z\",\"dateModified\":\"2022-10-21T22:53:25Z\"}<\/script>","tracker_url":"https:\/\/cdn.parsely.com\/keys\/casadecampoliving.com\/p.js"},"jetpack_publicize_connections":[],"jetpack_featured_media_url":"https:\/\/i0.wp.com\/casadecampoliving.com\/wp-content\/uploads\/2022\/10\/corpus_cristi-1.jpg?fit=650%2C433&ssl=1","jetpack-related-posts":[{"id":339157,"url":"https:\/\/casadecampoliving.com\/es\/la-republica-dominicana-hoy-celebra-el-dia-de-corpus-christi\/","url_meta":{"origin":341673,"position":0},"title":"La Rep\u00fablica Dominicana hoy celebra el d\u00eda de Corpus Christi","author":"","date":"7 Jun, 2012","format":false,"excerpt":"Hoy jueves 7 de junio, la Rep\u00fablica Dominicana celebra el d\u00eda de Corpus Christi, una tradici\u00f3n y pr\u00e1ctica religiosa que otros tantos pa\u00edses creyentes de la Iglesia Cat\u00f3lica, tambi\u00e9n conmemoran con muestras de gratitud y amor al Se\u00f1or, mediante la celebraci\u00f3n de la Eucarist\u00eda o Santa Cena instituida por Jesucristo\u2026","rel":"","context":"En \u00abEstilo de Vida\u00bb","block_context":{"text":"Estilo de Vida","link":"https:\/\/casadecampoliving.com\/es\/category\/estilo-de-vida\/"},"img":{"alt_text":"","src":"https:\/\/i0.wp.com\/casadecampoliving.com\/wp-content\/uploads\/2022\/10\/last_supper1.jpg?fit=800%2C482&ssl=1&resize=350%2C200","width":350,"height":200,"srcset":"https:\/\/i0.wp.com\/casadecampoliving.com\/wp-content\/uploads\/2022\/10\/last_supper1.jpg?fit=800%2C482&ssl=1&resize=350%2C200 1x, https:\/\/i0.wp.com\/casadecampoliving.com\/wp-content\/uploads\/2022\/10\/last_supper1.jpg?fit=800%2C482&ssl=1&resize=525%2C300 1.5x, https:\/\/i0.wp.com\/casadecampoliving.com\/wp-content\/uploads\/2022\/10\/last_supper1.jpg?fit=800%2C482&ssl=1&resize=700%2C400 2x"},"classes":[]},{"id":344620,"url":"https:\/\/casadecampoliving.com\/es\/hoy-es-corpus-christi\/","url_meta":{"origin":341673,"position":1},"title":"Pan, vino, y el buey &#8211; hoy es Corpus Christi","author":"Emil Mella","date":"19 Jun, 2014","format":false,"excerpt":"Hoy, en pa\u00edses de fe cat\u00f3lica, se celebra el d\u00eda feriado de Corpus Christi. Pero,\u00a0\u00bfde que\u00a0consiste la celebraci\u00f3n? Ven, te explicaremos.\u00a0 La Rep\u00fablica Dominicana, siendo un pa\u00eds predominantemente cat\u00f3lico, siempre ha celebrado Corpus Christi, y se ha establecido como un d\u00eda feriado nacional, es decir, que en ese d\u00eda oficinas,\u2026","rel":"","context":"En \u00abDestacados\u00bb","block_context":{"text":"Destacados","link":"https:\/\/casadecampoliving.com\/es\/category\/destacados\/"},"img":{"alt_text":"Corpus Christi Celebration in Toledo","src":"https:\/\/i0.wp.com\/casadecampoliving.com\/wp-content\/uploads\/2022\/10\/corpus-christi-1.jpg?fit=894%2C603&ssl=1&resize=350%2C200","width":350,"height":200,"srcset":"https:\/\/i0.wp.com\/casadecampoliving.com\/wp-content\/uploads\/2022\/10\/corpus-christi-1.jpg?fit=894%2C603&ssl=1&resize=350%2C200 1x, https:\/\/i0.wp.com\/casadecampoliving.com\/wp-content\/uploads\/2022\/10\/corpus-christi-1.jpg?fit=894%2C603&ssl=1&resize=525%2C300 1.5x, https:\/\/i0.wp.com\/casadecampoliving.com\/wp-content\/uploads\/2022\/10\/corpus-christi-1.jpg?fit=894%2C603&ssl=1&resize=700%2C400 2x"},"classes":[]},{"id":322343,"url":"https:\/\/casadecampoliving.com\/today-the-dominican-republic-celebrates-corpus-christi-day\/","url_meta":{"origin":341673,"position":2},"title":"Today the Dominican Republic celebrates Corpus Christi Day!","author":"Mairobi Herrera","date":"30 May, 2013","format":false,"excerpt":"\u00a0Today, Thursday May 30th, the Dominican Republic celebrates \u201cCorpus Christi\u201d Day, a feast day based on Catholic traditions and religious beliefs \u2013 also shared among many European and Latin countries. On this day many attend church to commemorate Jesus\u2019 last supper as a way of showing love and gratitude; a\u2026","rel":"","context":"En \u00abRep\u00fablica Dominicana @es\u00bb","block_context":{"text":"Rep\u00fablica Dominicana @es","link":"https:\/\/casadecampoliving.com\/es\/category\/republica-dominicana-2\/"},"img":{"alt_text":"corpus cristi","src":"https:\/\/i0.wp.com\/casadecampoliving.com\/wp-content\/uploads\/2022\/10\/corpus_cristi-1.jpg?fit=650%2C433&ssl=1&resize=350%2C200","width":350,"height":200,"srcset":"https:\/\/i0.wp.com\/casadecampoliving.com\/wp-content\/uploads\/2022\/10\/corpus_cristi-1.jpg?fit=650%2C433&ssl=1&resize=350%2C200 1x, https:\/\/i0.wp.com\/casadecampoliving.com\/wp-content\/uploads\/2022\/10\/corpus_cristi-1.jpg?fit=650%2C433&ssl=1&resize=525%2C300 1.5x"},"classes":[]},{"id":340508,"url":"https:\/\/casadecampoliving.com\/es\/conozca-los-proximos-dias-feriados-de-la-republica-dominicana-en-este-2013\/","url_meta":{"origin":341673,"position":3},"title":"\u00a1Conozca los pr\u00f3ximos d\u00edas feriados de la Rep\u00fablica Dominicana en este 2013!","author":"","date":"23 Ene, 2013","format":false,"excerpt":"La Rep\u00fablica Dominicana, cada a\u00f1o, a principios de enero, se convierte en una excusa fabulosa para actuar como un calendario y libro extraordinario de fechas de momentos, vivencias, luchas, guerras y protagonistas responsables de guiar nuestro pa\u00eds hacia una naci\u00f3n libre, democr\u00e1tica y soberana. Acomp\u00e1\u00f1enos en este recorrido de la\u2026","rel":"","context":"En \u00abArte y cultura\u00bb","block_context":{"text":"Arte y cultura","link":"https:\/\/casadecampoliving.com\/category\/arte-y-cultura\/"},"img":{"alt_text":"Dominican Holidays","src":"https:\/\/i0.wp.com\/casadecampoliving.com\/wp-content\/uploads\/2022\/10\/dominican_holidays-1.jpg?fit=650%2C452&ssl=1&resize=350%2C200","width":350,"height":200,"srcset":"https:\/\/i0.wp.com\/casadecampoliving.com\/wp-content\/uploads\/2022\/10\/dominican_holidays-1.jpg?fit=650%2C452&ssl=1&resize=350%2C200 1x, https:\/\/i0.wp.com\/casadecampoliving.com\/wp-content\/uploads\/2022\/10\/dominican_holidays-1.jpg?fit=650%2C452&ssl=1&resize=525%2C300 1.5x"},"classes":[]},{"id":337943,"url":"https:\/\/casadecampoliving.com\/es\/dias-feriados-de-la-republica-dominicana-y-la-fascinante-historia-detras\/","url_meta":{"origin":341673,"position":4},"title":"D\u00edas Feriados de la Rep\u00fablica Dominicana y la fascinante historia detr\u00e1s!","author":"","date":"12 Ene, 2012","format":false,"excerpt":"La Rep\u00fablica Dominicana, cada a\u00f1o, a principios de enero, se convierte en una excusa fabulosa para actuar como un calendario y libro extraordinario de fechas de momentos, vivencias, luchas, guerras y protagonistas responsables de guiar nuestro pa\u00eds hacia una naci\u00f3n\u00a0libre, democr\u00e1tica y soberana. Acomp\u00e1\u00f1enos en este recorrido de la historia\u2026","rel":"","context":"En \u00abArte y cultura\u00bb","block_context":{"text":"Arte y cultura","link":"https:\/\/casadecampoliving.com\/category\/arte-y-cultura\/"},"img":{"alt_text":"independencia republica dominicana","src":"https:\/\/i0.wp.com\/casadecampoliving.com\/wp-content\/uploads\/2022\/10\/independencia_republica_dominicana-1.jpg?fit=650%2C374&ssl=1&resize=350%2C200","width":350,"height":200,"srcset":"https:\/\/i0.wp.com\/casadecampoliving.com\/wp-content\/uploads\/2022\/10\/independencia_republica_dominicana-1.jpg?fit=650%2C374&ssl=1&resize=350%2C200 1x, https:\/\/i0.wp.com\/casadecampoliving.com\/wp-content\/uploads\/2022\/10\/independencia_republica_dominicana-1.jpg?fit=650%2C374&ssl=1&resize=525%2C300 1.5x"},"classes":[]},{"id":346417,"url":"https:\/\/casadecampoliving.com\/es\/fiestas-nacionales-dominicanas-en-2015\/","url_meta":{"origin":341673,"position":5},"title":"Fiestas Nacionales Dominicanas en 2015","author":"Rebecca Hughes","date":"31 Dic, 2014","format":false,"excerpt":"\u00a1El comienzo de un nuevo a\u00f1o trae un nuevo calendario de actividades y fascinantes d\u00edas festivos dominicanos! Para aquellos de ustedes que viven en la Rep\u00fablica Dominicana (y no son dominicanos), las Fiestas Nacionales Dominicanas todav\u00eda puede ser un misterio para usted, as\u00ed que aqu\u00ed le traemos un calendario completo\u00a0de\u2026","rel":"","context":"En \u00abArte y cultura\u00bb","block_context":{"text":"Arte y cultura","link":"https:\/\/casadecampoliving.com\/category\/arte-y-cultura\/"},"img":{"alt_text":"Dominican flag","src":"https:\/\/i0.wp.com\/casadecampoliving.com\/wp-content\/uploads\/2022\/10\/Dominican_flag.jpg?fit=650%2C434&ssl=1&resize=350%2C200","width":350,"height":200,"srcset":"https:\/\/i0.wp.com\/casadecampoliving.com\/wp-content\/uploads\/2022\/10\/Dominican_flag.jpg?fit=650%2C434&ssl=1&resize=350%2C200 1x, https:\/\/i0.wp.com\/casadecampoliving.com\/wp-content\/uploads\/2022\/10\/Dominican_flag.jpg?fit=650%2C434&ssl=1&resize=525%2C300 1.5x"},"classes":[]}],"jetpack_sharing_enabled":true,"_links":{"self":[{"href":"https:\/\/casadecampoliving.com\/es\/wp-json\/wp\/v2\/posts\/341673","targetHints":{"allow":["GET"]}}],"collection":[{"href":"https:\/\/casadecampoliving.com\/es\/wp-json\/wp\/v2\/posts"}],"about":[{"href":"https:\/\/casadecampoliving.com\/es\/wp-json\/wp\/v2\/types\/post"}],"author":[{"embeddable":true,"href":"https:\/\/casadecampoliving.com\/es\/wp-json\/wp\/v2\/users\/431"}],"replies":[{"embeddable":true,"href":"https:\/\/casadecampoliving.com\/es\/wp-json\/wp\/v2\/comments?post=341673"}],"version-history":[{"count":1,"href":"https:\/\/casadecampoliving.com\/es\/wp-json\/wp\/v2\/posts\/341673\/revisions"}],"predecessor-version":[{"id":341674,"href":"https:\/\/casadecampoliving.com\/es\/wp-json\/wp\/v2\/posts\/341673\/revisions\/341674"}],"wp:featuredmedia":[{"embeddable":true,"href":"https:\/\/casadecampoliving.com\/es\/wp-json\/wp\/v2\/media\/240396"}],"wp:attachment":[{"href":"https:\/\/casadecampoliving.com\/es\/wp-json\/wp\/v2\/media?parent=341673"}],"wp:term":[{"taxonomy":"category","embeddable":true,"href":"https:\/\/casadecampoliving.com\/es\/wp-json\/wp\/v2\/categories?post=341673"},{"taxonomy":"post_tag","embeddable":true,"href":"https:\/\/casadecampoliving.com\/es\/wp-json\/wp\/v2\/tags?post=341673"},{"taxonomy":"newspack_spnsrs_tax","embeddable":true,"href":"https:\/\/casadecampoliving.com\/es\/wp-json\/wp\/v2\/newspack_spnsrs_tax?post=341673"}],"curies":[{"name":"wp","href":"https:\/\/api.w.org\/{rel}","templated":true}]}}