{"id":341669,"date":"2013-05-30T00:00:00","date_gmt":"2013-05-30T04:00:00","guid":{"rendered":"https:\/\/casadecampoliving.com\/cartelera-de-cine-30-de-mayo-al-5-de-junio\/"},"modified":"2022-10-21T18:53:17","modified_gmt":"2022-10-21T22:53:17","slug":"cartelera-de-cine-30-de-mayo-al-5-de-junio","status":"publish","type":"post","link":"https:\/\/casadecampoliving.com\/es\/cartelera-de-cine-30-de-mayo-al-5-de-junio\/","title":{"rendered":"Cartelera de Cine \u00a130 de mayo al 5 de junio!"},"content":{"rendered":"<div class=\"wp-block-image\">\n<figure class=\"aligncenter is-resized\"><img loading=\"lazy\" decoding=\"async\" src=\"https:\/\/i0.wp.com\/casadecampoliving.com\/wp-content\/uploads\/2022\/10\/cartelera_mayo30.jpg?resize=650%2C282&amp;ssl=1\" alt=\"\" class=\"wp-image-71174\" title=\"cartelera_mayo30\" height=\"282\" width=\"650\"\/><\/figure>\n<\/div>\n\n\n<p>Esta semana el Cine de la Marina de Casa de Campo trae dos nuevas pel\u00edculas: <strong>\u201cGatsby\u201d<\/strong> y <strong>\u201cFast and the Furious 6\u201d&nbsp;<\/strong>\u201c.&nbsp;A\u00fan en salas, \u201c<strong>Epic\u201d.<\/strong><\/p>\n\n\n\n<div>\n<div><strong><strong>Gatsby<\/strong>&nbsp;<\/strong>[<a href=\"http:\/\/www.youtube.com\/watch?v=Qb109dokOGg\" rel=\"nofollow noopener\" target=\"_blank\">view trailer<\/a>,&nbsp;<a href=\"http:\/\/www.elseptimoarte.net\/peliculas\/el-gran-gatsby-2722.html\" rel=\"nofollow noopener\" target=\"_blank\">view review<\/a>]<\/div>\n<div><em>El gran Gatsby relata los pasos del aspirante a escritor Nick Carraway (Tobey Maguire) en su viaje desde el Medio Oeste de Estados Unidos a Nueva York, en la primavera de 1922- una \u00e9poca de moral ligera, jazz deslumbrante, grandes reyes del contrabando y una Bolsa en mete\u00f3rico ascenso.<\/em><\/div>\n<\/div>\n\n\n\n<p><strong><strong>Fast and the Furious 6<\/strong>&nbsp;<\/strong>[<a href=\"http:\/\/www.youtube.com\/watch?v=l1QVX1wBpCQ\" rel=\"nofollow noopener\" target=\"_blank\">view trailer<\/a>,&nbsp;<a href=\"http:\/\/www.elseptimoarte.net\/peliculas\/fast-&amp;-furious-6-5832.html\" rel=\"nofollow noopener\" target=\"_blank\">view review<\/a>]<em><br>\nVin Diesel, Paul Walker y Dwayne Johnson encabezan el reparto de la taquillera franquicia basada en las carreras de gran velocidad en un nuevo continente en \u2018\u201dFast &amp; Furious 6\u2019. Nuevamente en esta aventura de alto riesgo veremos a los personajes favoritos de los fans: Jordana Brewster, Michelle Rodriguez, Tyrese Gibson, Sung Kang, Gal Gadot, Chris \u201cLudacris\u201d Bridges y Elsa Pataky, a los cuales se unen las nuevas incorporaciones Luke Evans y Gina Carano.<br>\n<\/em><\/p>\n\n\n\n<figure class=\"wp-block-image\"><img decoding=\"async\" src=\"https:\/\/i0.wp.com\/casadecampoliving.com\/wp-includes\/js\/tinymce\/plugins\/wordpress\/img\/trans.gif?ssl=1\" alt=\"\" title=\"More...\"\/><\/figure>\n\n\n\n<p><strong>Epic<\/strong>&nbsp;[<a href=\"http:\/\/www.youtube.com\/watch?v=VeG3Zmk08UU\" rel=\"nofollow noopener\" target=\"_blank\">view trailer<\/a>,&nbsp;<a href=\"http:\/\/www.elseptimoarte.net\/peliculas\/leaf-men-3892.html\" rel=\"nofollow noopener\" target=\"_blank\">view review<\/a>]<em><br>\n<\/em><em>Cuenta la historia de un grupo de bichos que intentan salvar un jard\u00edn y se enfrentan a una diab\u00f3lica ara\u00f1a, buscando para ello la ayuda de los m\u00edticos Hombres Hoja.<\/em><\/p>\n\n\n\n<div><\/div>\n","protected":false},"excerpt":{"rendered":"<p>Esta semana el Cine de la Marina de Casa de Campo trae dos nuevas pel\u00edculas: \u201cGatsby\u201d y \u201cFast and the Furious 6\u201d&nbsp;\u201c.&nbsp;A\u00fan en salas, \u201cEpic\u201d. Gatsby&nbsp;[view trailer,&nbsp;view review] El gran Gatsby relata los pasos del aspirante a escritor Nick Carraway (Tobey Maguire) en su viaje desde el Medio Oeste de Estados Unidos a Nueva York, [&hellip;]<\/p>\n","protected":false},"author":431,"featured_media":240236,"comment_status":"closed","ping_status":"closed","sticky":false,"template":"","format":"standard","meta":{"newspack_ads_suppress_ads":false,"newspack_popups_has_disabled_popups":false,"newspack_sponsor_sponsorship_scope":"","newspack_sponsor_native_byline_display":"inherit","newspack_sponsor_native_category_display":"inherit","newspack_sponsor_underwriter_style":"inherit","newspack_sponsor_underwriter_placement":"inherit","_newspack_byline_active":false,"_newspack_byline":"","newspack_hide_updated_date":false,"newspack_show_updated_date":false,"newspack_content_restriction_is_exempt":false,"newspack_featured_image_position":"","newspack_post_subtitle":"","newspack_article_summary_title":"Overview:","newspack_article_summary":"","_jetpack_memberships_contains_paid_content":false,"footnotes":"","jetpack_publicize_message":"","jetpack_publicize_feature_enabled":true,"jetpack_social_post_already_shared":false,"jetpack_social_options":{"image_generator_settings":{"template":"highway","default_image_id":0,"font":"","enabled":false},"version":2},"_wpas_customize_per_network":false},"categories":[26823,3126,26581,14625],"tags":[6518,6424,3574,3573,19623],"newspack_spnsrs_tax":[],"class_list":["post-341669","post","type-post","status-publish","format-standard","has-post-thumbnail","hentry","category-arte-y-cultura","category-cine-3","category-la-marina-casa-de-campo","category-noticias-locales","tag-caribbean-cinemases","tag-cartelera-de-cine-marina-casa-de-campo","tag-cine-marina-casa-de-campo","tag-marina-casa-de-campo-es","tag-movie-times-es","entry"],"yoast_head":"<!-- This site is optimized with the Yoast SEO plugin v27.5 - https:\/\/yoast.com\/product\/yoast-seo-wordpress\/ -->\n<title>Cartelera de Cine \u00a130 de mayo al 5 de junio! | Casa de Campo Living<\/title>\n<meta name=\"description\" content=\"Esta semana el Cine de la Marina de Casa de Campo trae dos nuevas pel\u00edculas: \u201cGatsby\u201d y \u201cFast and the Furious 6\u201d&nbsp;\u201c.&nbsp;A\u00fan en salas, \u201cEpic\u201d.\" \/>\n<meta name=\"robots\" content=\"index, follow, max-snippet:-1, max-image-preview:large, max-video-preview:-1\" \/>\n<link rel=\"canonical\" href=\"https:\/\/casadecampoliving.com\/es\/cartelera-de-cine-30-de-mayo-al-5-de-junio\/\" \/>\n<meta property=\"og:locale\" content=\"es_ES\" \/>\n<meta property=\"og:type\" content=\"article\" \/>\n<meta property=\"og:title\" content=\"Cartelera de Cine \u00a130 de mayo al 5 de junio! | Casa de Campo Living\" \/>\n<meta property=\"og:description\" content=\"Esta semana el Cine de la Marina de Casa de Campo trae dos nuevas pel\u00edculas: \u201cGatsby\u201d y \u201cFast and the Furious 6\u201d&nbsp;\u201c.&nbsp;A\u00fan en salas, \u201cEpic\u201d.\" \/>\n<meta property=\"og:url\" content=\"https:\/\/casadecampoliving.com\/es\/cartelera-de-cine-30-de-mayo-al-5-de-junio\/\" \/>\n<meta property=\"og:site_name\" content=\"Casa de Campo Living\" \/>\n<meta property=\"article:publisher\" content=\"https:\/\/www.facebook.com\/casadecampoliving\" \/>\n<meta property=\"article:published_time\" content=\"2013-05-30T04:00:00+00:00\" \/>\n<meta property=\"article:modified_time\" content=\"2022-10-21T22:53:17+00:00\" \/>\n<meta property=\"og:image\" content=\"https:\/\/i0.wp.com\/casadecampoliving.com\/wp-content\/uploads\/2022\/10\/cartelera_mayo30-1.jpg?fit=650%2C282&ssl=1\" \/>\n\t<meta property=\"og:image:width\" content=\"650\" \/>\n\t<meta property=\"og:image:height\" content=\"282\" \/>\n\t<meta property=\"og:image:type\" content=\"image\/jpeg\" \/>\n<meta name=\"author\" content=\"Mairobi Herrera\" \/>\n<meta name=\"twitter:card\" content=\"summary_large_image\" \/>\n<meta name=\"twitter:creator\" content=\"@cdcliving\" \/>\n<meta name=\"twitter:site\" content=\"@cdcliving\" \/>\n<meta name=\"twitter:label1\" content=\"Escrito por\" \/>\n\t<meta name=\"twitter:data1\" content=\"Mairobi Herrera\" \/>\n\t<meta name=\"twitter:label2\" content=\"Tiempo de lectura\" \/>\n\t<meta name=\"twitter:data2\" content=\"1 minuto\" \/>\n<script type=\"application\/ld+json\" class=\"yoast-schema-graph\">{\"@context\":\"https:\\\/\\\/schema.org\",\"@graph\":[{\"@type\":\"Article\",\"@id\":\"https:\\\/\\\/casadecampoliving.com\\\/es\\\/cartelera-de-cine-30-de-mayo-al-5-de-junio\\\/#article\",\"isPartOf\":{\"@id\":\"https:\\\/\\\/casadecampoliving.com\\\/es\\\/cartelera-de-cine-30-de-mayo-al-5-de-junio\\\/\"},\"author\":{\"name\":\"Mairobi Herrera\",\"@id\":\"https:\\\/\\\/casadecampoliving.com\\\/es\\\/#\\\/schema\\\/person\\\/932e594484c49168ad37fbb9141bf699\"},\"headline\":\"Cartelera de Cine \u00a130 de mayo al 5 de junio!\",\"datePublished\":\"2013-05-30T04:00:00+00:00\",\"dateModified\":\"2022-10-21T22:53:17+00:00\",\"mainEntityOfPage\":{\"@id\":\"https:\\\/\\\/casadecampoliving.com\\\/es\\\/cartelera-de-cine-30-de-mayo-al-5-de-junio\\\/\"},\"wordCount\":218,\"publisher\":{\"@id\":\"https:\\\/\\\/casadecampoliving.com\\\/es\\\/#organization\"},\"image\":{\"@id\":\"https:\\\/\\\/casadecampoliving.com\\\/es\\\/cartelera-de-cine-30-de-mayo-al-5-de-junio\\\/#primaryimage\"},\"thumbnailUrl\":\"https:\\\/\\\/i0.wp.com\\\/casadecampoliving.com\\\/wp-content\\\/uploads\\\/2022\\\/10\\\/cartelera_mayo30-1.jpg?fit=650%2C282&ssl=1\",\"keywords\":[\"caribbean cinemas@es\",\"cartelera de cine marina casa de campo\",\"cine marina casa de campo\",\"Marina Casa de Campo @es\",\"Movie Times\"],\"articleSection\":[\"Arte y cultura\",\"Cine @es\",\"La Marina Casa de Campo\",\"Noticias Locales\"],\"inLanguage\":\"es\"},{\"@type\":\"WebPage\",\"@id\":\"https:\\\/\\\/casadecampoliving.com\\\/es\\\/cartelera-de-cine-30-de-mayo-al-5-de-junio\\\/\",\"url\":\"https:\\\/\\\/casadecampoliving.com\\\/es\\\/cartelera-de-cine-30-de-mayo-al-5-de-junio\\\/\",\"name\":\"Cartelera de Cine \u00a130 de mayo al 5 de junio! | Casa de Campo Living\",\"isPartOf\":{\"@id\":\"https:\\\/\\\/casadecampoliving.com\\\/es\\\/#website\"},\"primaryImageOfPage\":{\"@id\":\"https:\\\/\\\/casadecampoliving.com\\\/es\\\/cartelera-de-cine-30-de-mayo-al-5-de-junio\\\/#primaryimage\"},\"image\":{\"@id\":\"https:\\\/\\\/casadecampoliving.com\\\/es\\\/cartelera-de-cine-30-de-mayo-al-5-de-junio\\\/#primaryimage\"},\"thumbnailUrl\":\"https:\\\/\\\/i0.wp.com\\\/casadecampoliving.com\\\/wp-content\\\/uploads\\\/2022\\\/10\\\/cartelera_mayo30-1.jpg?fit=650%2C282&ssl=1\",\"datePublished\":\"2013-05-30T04:00:00+00:00\",\"dateModified\":\"2022-10-21T22:53:17+00:00\",\"description\":\"Esta semana el Cine de la Marina de Casa de Campo trae dos nuevas pel\u00edculas: \u201cGatsby\u201d y \u201cFast and the Furious 6\u201d&nbsp;\u201c.&nbsp;A\u00fan en salas, \u201cEpic\u201d.\",\"breadcrumb\":{\"@id\":\"https:\\\/\\\/casadecampoliving.com\\\/es\\\/cartelera-de-cine-30-de-mayo-al-5-de-junio\\\/#breadcrumb\"},\"inLanguage\":\"es\",\"potentialAction\":[{\"@type\":\"ReadAction\",\"target\":[\"https:\\\/\\\/casadecampoliving.com\\\/es\\\/cartelera-de-cine-30-de-mayo-al-5-de-junio\\\/\"]}]},{\"@type\":\"ImageObject\",\"inLanguage\":\"es\",\"@id\":\"https:\\\/\\\/casadecampoliving.com\\\/es\\\/cartelera-de-cine-30-de-mayo-al-5-de-junio\\\/#primaryimage\",\"url\":\"https:\\\/\\\/i0.wp.com\\\/casadecampoliving.com\\\/wp-content\\\/uploads\\\/2022\\\/10\\\/cartelera_mayo30-1.jpg?fit=650%2C282&ssl=1\",\"contentUrl\":\"https:\\\/\\\/i0.wp.com\\\/casadecampoliving.com\\\/wp-content\\\/uploads\\\/2022\\\/10\\\/cartelera_mayo30-1.jpg?fit=650%2C282&ssl=1\",\"width\":650,\"height\":282},{\"@type\":\"BreadcrumbList\",\"@id\":\"https:\\\/\\\/casadecampoliving.com\\\/es\\\/cartelera-de-cine-30-de-mayo-al-5-de-junio\\\/#breadcrumb\",\"itemListElement\":[{\"@type\":\"ListItem\",\"position\":1,\"name\":\"Home\",\"item\":\"https:\\\/\\\/casadecampoliving.com\\\/es\\\/\"},{\"@type\":\"ListItem\",\"position\":2,\"name\":\"Cartelera de Cine \u00a130 de mayo al 5 de junio!\"}]},{\"@type\":\"WebSite\",\"@id\":\"https:\\\/\\\/casadecampoliving.com\\\/es\\\/#website\",\"url\":\"https:\\\/\\\/casadecampoliving.com\\\/es\\\/\",\"name\":\"Casa de Campo Living\",\"description\":\"Resort community news and resources.\",\"publisher\":{\"@id\":\"https:\\\/\\\/casadecampoliving.com\\\/es\\\/#organization\"},\"potentialAction\":[{\"@type\":\"SearchAction\",\"target\":{\"@type\":\"EntryPoint\",\"urlTemplate\":\"https:\\\/\\\/casadecampoliving.com\\\/es\\\/?s={search_term_string}\"},\"query-input\":{\"@type\":\"PropertyValueSpecification\",\"valueRequired\":true,\"valueName\":\"search_term_string\"}}],\"inLanguage\":\"es\"},{\"@type\":\"Organization\",\"@id\":\"https:\\\/\\\/casadecampoliving.com\\\/es\\\/#organization\",\"name\":\"Casa de Campo Living\",\"url\":\"https:\\\/\\\/casadecampoliving.com\\\/es\\\/\",\"logo\":{\"@type\":\"ImageObject\",\"inLanguage\":\"es\",\"@id\":\"https:\\\/\\\/casadecampoliving.com\\\/es\\\/#\\\/schema\\\/logo\\\/image\\\/\",\"url\":\"https:\\\/\\\/i0.wp.com\\\/casadecampoliving.com\\\/wp-content\\\/uploads\\\/2022\\\/07\\\/CDCLivingLogo_V1-white-sized.png?fit=800%2C214&ssl=1\",\"contentUrl\":\"https:\\\/\\\/i0.wp.com\\\/casadecampoliving.com\\\/wp-content\\\/uploads\\\/2022\\\/07\\\/CDCLivingLogo_V1-white-sized.png?fit=800%2C214&ssl=1\",\"width\":800,\"height\":214,\"caption\":\"Casa de Campo Living\"},\"image\":{\"@id\":\"https:\\\/\\\/casadecampoliving.com\\\/es\\\/#\\\/schema\\\/logo\\\/image\\\/\"},\"sameAs\":[\"https:\\\/\\\/www.facebook.com\\\/casadecampoliving\",\"https:\\\/\\\/x.com\\\/cdcliving\"]},{\"@type\":\"Person\",\"@id\":\"https:\\\/\\\/casadecampoliving.com\\\/es\\\/#\\\/schema\\\/person\\\/932e594484c49168ad37fbb9141bf699\",\"name\":\"Mairobi Herrera\",\"image\":{\"@type\":\"ImageObject\",\"inLanguage\":\"es\",\"@id\":\"https:\\\/\\\/secure.gravatar.com\\\/avatar\\\/d0bf6c19470eb55d83c719e39672f670b2c4412339af1eb8a08f86427ba98ee8?s=96&d=mm&r=g\",\"url\":\"https:\\\/\\\/secure.gravatar.com\\\/avatar\\\/d0bf6c19470eb55d83c719e39672f670b2c4412339af1eb8a08f86427ba98ee8?s=96&d=mm&r=g\",\"contentUrl\":\"https:\\\/\\\/secure.gravatar.com\\\/avatar\\\/d0bf6c19470eb55d83c719e39672f670b2c4412339af1eb8a08f86427ba98ee8?s=96&d=mm&r=g\",\"caption\":\"Mairobi Herrera\"},\"sameAs\":[\"https:\\\/\\\/casadecampoliving.com\\\/\"],\"url\":\"https:\\\/\\\/casadecampoliving.com\\\/es\\\/author\\\/mherrera\\\/\"}]}<\/script>\n<!-- \/ Yoast SEO plugin. -->","yoast_head_json":{"title":"Cartelera de Cine \u00a130 de mayo al 5 de junio! | Casa de Campo Living","description":"Esta semana el Cine de la Marina de Casa de Campo trae dos nuevas pel\u00edculas: \u201cGatsby\u201d y \u201cFast and the Furious 6\u201d&nbsp;\u201c.&nbsp;A\u00fan en salas, \u201cEpic\u201d.","robots":{"index":"index","follow":"follow","max-snippet":"max-snippet:-1","max-image-preview":"max-image-preview:large","max-video-preview":"max-video-preview:-1"},"canonical":"https:\/\/casadecampoliving.com\/es\/cartelera-de-cine-30-de-mayo-al-5-de-junio\/","og_locale":"es_ES","og_type":"article","og_title":"Cartelera de Cine \u00a130 de mayo al 5 de junio! | Casa de Campo Living","og_description":"Esta semana el Cine de la Marina de Casa de Campo trae dos nuevas pel\u00edculas: \u201cGatsby\u201d y \u201cFast and the Furious 6\u201d&nbsp;\u201c.&nbsp;A\u00fan en salas, \u201cEpic\u201d.","og_url":"https:\/\/casadecampoliving.com\/es\/cartelera-de-cine-30-de-mayo-al-5-de-junio\/","og_site_name":"Casa de Campo Living","article_publisher":"https:\/\/www.facebook.com\/casadecampoliving","article_published_time":"2013-05-30T04:00:00+00:00","article_modified_time":"2022-10-21T22:53:17+00:00","og_image":[{"width":650,"height":282,"url":"https:\/\/i0.wp.com\/casadecampoliving.com\/wp-content\/uploads\/2022\/10\/cartelera_mayo30-1.jpg?fit=650%2C282&ssl=1","type":"image\/jpeg"}],"author":"Mairobi Herrera","twitter_card":"summary_large_image","twitter_creator":"@cdcliving","twitter_site":"@cdcliving","twitter_misc":{"Escrito por":"Mairobi Herrera","Tiempo de lectura":"1 minuto"},"schema":{"@context":"https:\/\/schema.org","@graph":[{"@type":"Article","@id":"https:\/\/casadecampoliving.com\/es\/cartelera-de-cine-30-de-mayo-al-5-de-junio\/#article","isPartOf":{"@id":"https:\/\/casadecampoliving.com\/es\/cartelera-de-cine-30-de-mayo-al-5-de-junio\/"},"author":{"name":"Mairobi Herrera","@id":"https:\/\/casadecampoliving.com\/es\/#\/schema\/person\/932e594484c49168ad37fbb9141bf699"},"headline":"Cartelera de Cine \u00a130 de mayo al 5 de junio!","datePublished":"2013-05-30T04:00:00+00:00","dateModified":"2022-10-21T22:53:17+00:00","mainEntityOfPage":{"@id":"https:\/\/casadecampoliving.com\/es\/cartelera-de-cine-30-de-mayo-al-5-de-junio\/"},"wordCount":218,"publisher":{"@id":"https:\/\/casadecampoliving.com\/es\/#organization"},"image":{"@id":"https:\/\/casadecampoliving.com\/es\/cartelera-de-cine-30-de-mayo-al-5-de-junio\/#primaryimage"},"thumbnailUrl":"https:\/\/i0.wp.com\/casadecampoliving.com\/wp-content\/uploads\/2022\/10\/cartelera_mayo30-1.jpg?fit=650%2C282&ssl=1","keywords":["caribbean cinemas@es","cartelera de cine marina casa de campo","cine marina casa de campo","Marina Casa de Campo @es","Movie Times"],"articleSection":["Arte y cultura","Cine @es","La Marina Casa de Campo","Noticias Locales"],"inLanguage":"es"},{"@type":"WebPage","@id":"https:\/\/casadecampoliving.com\/es\/cartelera-de-cine-30-de-mayo-al-5-de-junio\/","url":"https:\/\/casadecampoliving.com\/es\/cartelera-de-cine-30-de-mayo-al-5-de-junio\/","name":"Cartelera de Cine \u00a130 de mayo al 5 de junio! | Casa de Campo Living","isPartOf":{"@id":"https:\/\/casadecampoliving.com\/es\/#website"},"primaryImageOfPage":{"@id":"https:\/\/casadecampoliving.com\/es\/cartelera-de-cine-30-de-mayo-al-5-de-junio\/#primaryimage"},"image":{"@id":"https:\/\/casadecampoliving.com\/es\/cartelera-de-cine-30-de-mayo-al-5-de-junio\/#primaryimage"},"thumbnailUrl":"https:\/\/i0.wp.com\/casadecampoliving.com\/wp-content\/uploads\/2022\/10\/cartelera_mayo30-1.jpg?fit=650%2C282&ssl=1","datePublished":"2013-05-30T04:00:00+00:00","dateModified":"2022-10-21T22:53:17+00:00","description":"Esta semana el Cine de la Marina de Casa de Campo trae dos nuevas pel\u00edculas: \u201cGatsby\u201d y \u201cFast and the Furious 6\u201d&nbsp;\u201c.&nbsp;A\u00fan en salas, \u201cEpic\u201d.","breadcrumb":{"@id":"https:\/\/casadecampoliving.com\/es\/cartelera-de-cine-30-de-mayo-al-5-de-junio\/#breadcrumb"},"inLanguage":"es","potentialAction":[{"@type":"ReadAction","target":["https:\/\/casadecampoliving.com\/es\/cartelera-de-cine-30-de-mayo-al-5-de-junio\/"]}]},{"@type":"ImageObject","inLanguage":"es","@id":"https:\/\/casadecampoliving.com\/es\/cartelera-de-cine-30-de-mayo-al-5-de-junio\/#primaryimage","url":"https:\/\/i0.wp.com\/casadecampoliving.com\/wp-content\/uploads\/2022\/10\/cartelera_mayo30-1.jpg?fit=650%2C282&ssl=1","contentUrl":"https:\/\/i0.wp.com\/casadecampoliving.com\/wp-content\/uploads\/2022\/10\/cartelera_mayo30-1.jpg?fit=650%2C282&ssl=1","width":650,"height":282},{"@type":"BreadcrumbList","@id":"https:\/\/casadecampoliving.com\/es\/cartelera-de-cine-30-de-mayo-al-5-de-junio\/#breadcrumb","itemListElement":[{"@type":"ListItem","position":1,"name":"Home","item":"https:\/\/casadecampoliving.com\/es\/"},{"@type":"ListItem","position":2,"name":"Cartelera de Cine \u00a130 de mayo al 5 de junio!"}]},{"@type":"WebSite","@id":"https:\/\/casadecampoliving.com\/es\/#website","url":"https:\/\/casadecampoliving.com\/es\/","name":"Casa de Campo Living","description":"Resort community news and resources.","publisher":{"@id":"https:\/\/casadecampoliving.com\/es\/#organization"},"potentialAction":[{"@type":"SearchAction","target":{"@type":"EntryPoint","urlTemplate":"https:\/\/casadecampoliving.com\/es\/?s={search_term_string}"},"query-input":{"@type":"PropertyValueSpecification","valueRequired":true,"valueName":"search_term_string"}}],"inLanguage":"es"},{"@type":"Organization","@id":"https:\/\/casadecampoliving.com\/es\/#organization","name":"Casa de Campo Living","url":"https:\/\/casadecampoliving.com\/es\/","logo":{"@type":"ImageObject","inLanguage":"es","@id":"https:\/\/casadecampoliving.com\/es\/#\/schema\/logo\/image\/","url":"https:\/\/i0.wp.com\/casadecampoliving.com\/wp-content\/uploads\/2022\/07\/CDCLivingLogo_V1-white-sized.png?fit=800%2C214&ssl=1","contentUrl":"https:\/\/i0.wp.com\/casadecampoliving.com\/wp-content\/uploads\/2022\/07\/CDCLivingLogo_V1-white-sized.png?fit=800%2C214&ssl=1","width":800,"height":214,"caption":"Casa de Campo Living"},"image":{"@id":"https:\/\/casadecampoliving.com\/es\/#\/schema\/logo\/image\/"},"sameAs":["https:\/\/www.facebook.com\/casadecampoliving","https:\/\/x.com\/cdcliving"]},{"@type":"Person","@id":"https:\/\/casadecampoliving.com\/es\/#\/schema\/person\/932e594484c49168ad37fbb9141bf699","name":"Mairobi Herrera","image":{"@type":"ImageObject","inLanguage":"es","@id":"https:\/\/secure.gravatar.com\/avatar\/d0bf6c19470eb55d83c719e39672f670b2c4412339af1eb8a08f86427ba98ee8?s=96&d=mm&r=g","url":"https:\/\/secure.gravatar.com\/avatar\/d0bf6c19470eb55d83c719e39672f670b2c4412339af1eb8a08f86427ba98ee8?s=96&d=mm&r=g","contentUrl":"https:\/\/secure.gravatar.com\/avatar\/d0bf6c19470eb55d83c719e39672f670b2c4412339af1eb8a08f86427ba98ee8?s=96&d=mm&r=g","caption":"Mairobi Herrera"},"sameAs":["https:\/\/casadecampoliving.com\/"],"url":"https:\/\/casadecampoliving.com\/es\/author\/mherrera\/"}]}},"parsely":{"version":"1.1.0","canonical_url":"https:\/\/casadecampoliving.com\/es\/cartelera-de-cine-30-de-mayo-al-5-de-junio\/","smart_links":{"inbound":0,"outbound":0},"traffic_boost_suggestions_count":0,"meta":{"@context":"https:\/\/schema.org","@type":"NewsArticle","headline":"Cartelera de Cine \u00a130 de mayo al 5 de junio!","url":"http:\/\/casadecampoliving.com\/es\/cartelera-de-cine-30-de-mayo-al-5-de-junio\/","mainEntityOfPage":{"@type":"WebPage","@id":"http:\/\/casadecampoliving.com\/es\/cartelera-de-cine-30-de-mayo-al-5-de-junio\/"},"thumbnailUrl":"https:\/\/i0.wp.com\/casadecampoliving.com\/wp-content\/uploads\/2022\/10\/cartelera_mayo30-1.jpg?resize=150%2C150&ssl=1","image":{"@type":"ImageObject","url":"https:\/\/i0.wp.com\/casadecampoliving.com\/wp-content\/uploads\/2022\/10\/cartelera_mayo30-1.jpg?fit=650%2C282&ssl=1"},"articleSection":"Arte y cultura","author":[{"@type":"Person","name":"Mairobi Herrera"}],"creator":["Mairobi Herrera"],"publisher":{"@type":"Organization","name":"Casa de Campo Living","logo":"https:\/\/casadecampoliving.com\/wp-content\/uploads\/2022\/07\/CDCLivingLogo_V1-white-sized.png"},"keywords":["caribbean cinemas@es","cartelera de cine marina casa de campo","cine marina casa de campo","marina casa de campo @es","movie times"],"dateCreated":"2013-05-30T04:00:00Z","datePublished":"2013-05-30T04:00:00Z","dateModified":"2022-10-21T22:53:17Z"},"rendered":"<script type=\"application\/ld+json\" class=\"wp-parsely-metadata\">{\"@context\":\"https:\\\/\\\/schema.org\",\"@type\":\"NewsArticle\",\"headline\":\"Cartelera de Cine \\u00a130 de mayo al 5 de junio!\",\"url\":\"http:\\\/\\\/casadecampoliving.com\\\/es\\\/cartelera-de-cine-30-de-mayo-al-5-de-junio\\\/\",\"mainEntityOfPage\":{\"@type\":\"WebPage\",\"@id\":\"http:\\\/\\\/casadecampoliving.com\\\/es\\\/cartelera-de-cine-30-de-mayo-al-5-de-junio\\\/\"},\"thumbnailUrl\":\"https:\\\/\\\/i0.wp.com\\\/casadecampoliving.com\\\/wp-content\\\/uploads\\\/2022\\\/10\\\/cartelera_mayo30-1.jpg?resize=150%2C150&ssl=1\",\"image\":{\"@type\":\"ImageObject\",\"url\":\"https:\\\/\\\/i0.wp.com\\\/casadecampoliving.com\\\/wp-content\\\/uploads\\\/2022\\\/10\\\/cartelera_mayo30-1.jpg?fit=650%2C282&ssl=1\"},\"articleSection\":\"Arte y cultura\",\"author\":[{\"@type\":\"Person\",\"name\":\"Mairobi Herrera\"}],\"creator\":[\"Mairobi Herrera\"],\"publisher\":{\"@type\":\"Organization\",\"name\":\"Casa de Campo Living\",\"logo\":\"https:\\\/\\\/casadecampoliving.com\\\/wp-content\\\/uploads\\\/2022\\\/07\\\/CDCLivingLogo_V1-white-sized.png\"},\"keywords\":[\"caribbean cinemas@es\",\"cartelera de cine marina casa de campo\",\"cine marina casa de campo\",\"marina casa de campo @es\",\"movie times\"],\"dateCreated\":\"2013-05-30T04:00:00Z\",\"datePublished\":\"2013-05-30T04:00:00Z\",\"dateModified\":\"2022-10-21T22:53:17Z\"}<\/script>","tracker_url":"https:\/\/cdn.parsely.com\/keys\/casadecampoliving.com\/p.js"},"jetpack_publicize_connections":[],"jetpack_featured_media_url":"https:\/\/i0.wp.com\/casadecampoliving.com\/wp-content\/uploads\/2022\/10\/cartelera_mayo30-1.jpg?fit=650%2C282&ssl=1","jetpack-related-posts":[{"id":341899,"url":"https:\/\/casadecampoliving.com\/es\/cartelera-de-cine-13-de-junio-al-19-de-junio\/","url_meta":{"origin":341669,"position":0},"title":"Cartelera de Cine \u00a113 de junio al 19 de junio!","author":"Rebecca Silvestri","date":"13 Jun, 2013","format":false,"excerpt":"Esta semana el Cine de la Marina de Casa de Campo trae una nueva pel\u00edcula:\u00a0\u201cMan of Steel\u201d.\u00a0A\u00fan en salas, \u201cEpic\u201d y\u00a0\u201cGatsby\u201d. Man of Steel\u00a0[ver trailer, leer\u00a0review] Clark Kent (Henry Cavill) es un joven periodista que posee poderes sobrehumanos. Cuando era un ni\u00f1o, fue enviado a la Tierra desde Krypton, un\u2026","rel":"","context":"En \u00abArte y cultura\u00bb","block_context":{"text":"Arte y cultura","link":"https:\/\/casadecampoliving.com\/category\/arte-y-cultura\/"},"img":{"alt_text":"movie times marina casa de campo","src":"https:\/\/i0.wp.com\/casadecampoliving.com\/wp-content\/uploads\/2022\/10\/movie_times_marina_casa_de_campo-3.jpg?fit=650%2C277&ssl=1&resize=350%2C200","width":350,"height":200,"srcset":"https:\/\/i0.wp.com\/casadecampoliving.com\/wp-content\/uploads\/2022\/10\/movie_times_marina_casa_de_campo-3.jpg?fit=650%2C277&ssl=1&resize=350%2C200 1x, https:\/\/i0.wp.com\/casadecampoliving.com\/wp-content\/uploads\/2022\/10\/movie_times_marina_casa_de_campo-3.jpg?fit=650%2C277&ssl=1&resize=525%2C300 1.5x"},"classes":[]},{"id":341799,"url":"https:\/\/casadecampoliving.com\/es\/cartelera-de-cine-6-de-junio-al-12-de-junio\/","url_meta":{"origin":341669,"position":1},"title":"Cartelera de Cine \u00a16 de junio al 12 de junio!","author":"Mairobi Herrera","date":"6 Jun, 2013","format":false,"excerpt":"Esta semana el Cine de la Marina de Casa de Campo trae una nueva pel\u00edcula:\u201cA Royal Affair\u201d.\u00a0A\u00fan en salas, \u201cEpic\u201d,\u00a0\u201cGatsby\u201d\u00a0y\u00a0\u201cFast and the Furious 6\u201d\u00a0 A Royal Affair [view trailer,\u00a0view review] Para la joven Carolina Matilde (Alicia Vikander), casada siendo una adolescente con el rey de Dinamarca Christian VII, es un\u2026","rel":"","context":"En \u00abArte y cultura\u00bb","block_context":{"text":"Arte y cultura","link":"https:\/\/casadecampoliving.com\/category\/arte-y-cultura\/"},"img":{"alt_text":"","src":"https:\/\/i0.wp.com\/casadecampoliving.com\/wp-content\/uploads\/2022\/10\/cartelera_marina_6julio-1.jpg?fit=650%2C280&ssl=1&resize=350%2C200","width":350,"height":200,"srcset":"https:\/\/i0.wp.com\/casadecampoliving.com\/wp-content\/uploads\/2022\/10\/cartelera_marina_6julio-1.jpg?fit=650%2C280&ssl=1&resize=350%2C200 1x, https:\/\/i0.wp.com\/casadecampoliving.com\/wp-content\/uploads\/2022\/10\/cartelera_marina_6julio-1.jpg?fit=650%2C280&ssl=1&resize=525%2C300 1.5x"},"classes":[]},{"id":342657,"url":"https:\/\/casadecampoliving.com\/es\/deadfall-esta-en-el-cine-cartelera-de-cine-la-marina-casa-de-campo-del-8-al-15-de-agosto\/","url_meta":{"origin":341669,"position":2},"title":"\u00a1Deadfall est\u00e1 en el cine! Cartelera de cine La Marina Casa de Campo: del 8 al 15 de agosto","author":"Eliana Alba","date":"8 Ago, 2013","format":false,"excerpt":"EL drama de crimen\u00a0Deadfall, protagonizado por\u00a0Eric Bana ha llegado a la Marina, Casa de Campo. Todav\u00eda en sala se encuentran\u00a0El Llanero Solitario\u00a0y\u00a0Los Pitufos 2. Deadfall\u00a0[view trailer,\u00a0leer cr\u00edtica]\u00a0 \u00a0 \u00a0 \u00a0 \u00a0 \u00a0 \u00a0 \u00a0 \u00a0 \u00a0 \u00a0 \u00a0 \u00a0 \u00a0 \u00a0 \u00a0 \u00a0 \u00a0 \u00a0 \u00a0 \u00a0 \u00a0 \u00a0 \u00a0\u2026","rel":"","context":"En \u00abArte y cultura\u00bb","block_context":{"text":"Arte y cultura","link":"https:\/\/casadecampoliving.com\/category\/arte-y-cultura\/"},"img":{"alt_text":"Movie times casa de campo","src":"https:\/\/i0.wp.com\/casadecampoliving.com\/wp-content\/uploads\/2022\/10\/CDCAMP-feb-8-de-agosto-1.jpg?fit=796%2C347&ssl=1&resize=350%2C200","width":350,"height":200,"srcset":"https:\/\/i0.wp.com\/casadecampoliving.com\/wp-content\/uploads\/2022\/10\/CDCAMP-feb-8-de-agosto-1.jpg?fit=796%2C347&ssl=1&resize=350%2C200 1x, https:\/\/i0.wp.com\/casadecampoliving.com\/wp-content\/uploads\/2022\/10\/CDCAMP-feb-8-de-agosto-1.jpg?fit=796%2C347&ssl=1&resize=525%2C300 1.5x, https:\/\/i0.wp.com\/casadecampoliving.com\/wp-content\/uploads\/2022\/10\/CDCAMP-feb-8-de-agosto-1.jpg?fit=796%2C347&ssl=1&resize=700%2C400 2x"},"classes":[]},{"id":338093,"url":"https:\/\/casadecampoliving.com\/es\/cartelera-de-cine-de-la-marina-casa-de-campo-12-18-ene\/","url_meta":{"origin":341669,"position":3},"title":"Cartelera de Cine de La Marina Casa de Campo: 12-18 Ene!","author":"Rebecca Silvestri","date":"12 Ene, 2012","format":false,"excerpt":"Esta semana, el cine de La Marina Casa de Campo nos trae una nueva pel\u00edcula; \u201cNew Year\u2019s Eve.\u201dA\u00fan en las salas, \u201cThe Sitter\u201d y \u201cHappy Feet 2.\u201d New Years Eve\u00a0[ver trailer,\u00a0ver sin\u00f3psis] Entre estas historias estar\u00e1 la de un hombre hospitalizado (De Niro) que vive sus \u00faltimos d\u00edas; un hombre\u2026","rel":"","context":"En \u00abArte y cultura\u00bb","block_context":{"text":"Arte y cultura","link":"https:\/\/casadecampoliving.com\/category\/arte-y-cultura\/"},"img":{"alt_text":"marina casa de campo","src":"https:\/\/i0.wp.com\/casadecampoliving.com\/wp-content\/uploads\/2022\/10\/marina_casa_de_campo3-9.jpg?fit=650%2C277&ssl=1&resize=350%2C200","width":350,"height":200,"srcset":"https:\/\/i0.wp.com\/casadecampoliving.com\/wp-content\/uploads\/2022\/10\/marina_casa_de_campo3-9.jpg?fit=650%2C277&ssl=1&resize=350%2C200 1x, https:\/\/i0.wp.com\/casadecampoliving.com\/wp-content\/uploads\/2022\/10\/marina_casa_de_campo3-9.jpg?fit=650%2C277&ssl=1&resize=525%2C300 1.5x"},"classes":[]},{"id":338909,"url":"https:\/\/casadecampoliving.com\/es\/marina-casa-de-campo-cartelera-de-cine-3-9-de-mayo\/","url_meta":{"origin":341669,"position":4},"title":"Marina Casa de Campo Cartelera de Cine: 3 &#8211; 9 de Mayo","author":"Rebecca Silvestri","date":"3 May, 2012","format":false,"excerpt":"Esta semana, el cine de La Marina Casa de Campo nos trae una nuevas pel\u00edcula; \u201c21 Jump Street\u201d. A\u00fan en las salas\u00a0\u201cLos Vengadores\u201d\u00a0y\u00a0\u201cOne Day\u201d. Los vengadores\u00a0[ver trailer,\u00a0leer cr\u00edtica] Cuando un enemigo inesperado amenaza con poner en peligro la seguridad mundial, Nick Fury, Director de la agencia internacional para el mantenimiento\u2026","rel":"","context":"En \u00abArte y cultura\u00bb","block_context":{"text":"Arte y cultura","link":"https:\/\/casadecampoliving.com\/category\/arte-y-cultura\/"},"img":{"alt_text":"marina cine","src":"https:\/\/i0.wp.com\/casadecampoliving.com\/wp-content\/uploads\/2022\/10\/marina_cine-1.jpg?fit=650%2C279&ssl=1&resize=350%2C200","width":350,"height":200,"srcset":"https:\/\/i0.wp.com\/casadecampoliving.com\/wp-content\/uploads\/2022\/10\/marina_cine-1.jpg?fit=650%2C279&ssl=1&resize=350%2C200 1x, https:\/\/i0.wp.com\/casadecampoliving.com\/wp-content\/uploads\/2022\/10\/marina_cine-1.jpg?fit=650%2C279&ssl=1&resize=525%2C300 1.5x"},"classes":[]},{"id":342025,"url":"https:\/\/casadecampoliving.com\/es\/cartelera-de-cine-20-de-junio-al-26-de-junio\/","url_meta":{"origin":341669,"position":5},"title":"Cartelera de Cine \u00a120 de junio al 26 de junio!","author":"Mairobi Herrera","date":"20 Jun, 2013","format":false,"excerpt":"Esta semana el Cine de la Marina de Casa de Campo trae dos nuevas pel\u00edculas:\u201dHangover Parte III\u201d y \u201cMonster University\u201d.\u00a0A\u00fan en salas, \u201cSuper Man\u201d . The Hangover Parte III\u00a0[view trailer,\u00a0view review] Viven una vida tranquila y feliz. Han pasado dos a\u00f1os. Ya no tienen tatuajes ni cuentas pendientes. La \u00faltima\u2026","rel":"","context":"En \u00abArte y cultura\u00bb","block_context":{"text":"Arte y cultura","link":"https:\/\/casadecampoliving.com\/category\/arte-y-cultura\/"},"img":{"alt_text":"cartelera cine marina casa de campo","src":"https:\/\/i0.wp.com\/casadecampoliving.com\/wp-content\/uploads\/2022\/10\/cartelera_marina_junio20-1.jpg?fit=650%2C280&ssl=1&resize=350%2C200","width":350,"height":200,"srcset":"https:\/\/i0.wp.com\/casadecampoliving.com\/wp-content\/uploads\/2022\/10\/cartelera_marina_junio20-1.jpg?fit=650%2C280&ssl=1&resize=350%2C200 1x, https:\/\/i0.wp.com\/casadecampoliving.com\/wp-content\/uploads\/2022\/10\/cartelera_marina_junio20-1.jpg?fit=650%2C280&ssl=1&resize=525%2C300 1.5x"},"classes":[]}],"jetpack_sharing_enabled":true,"_links":{"self":[{"href":"https:\/\/casadecampoliving.com\/es\/wp-json\/wp\/v2\/posts\/341669","targetHints":{"allow":["GET"]}}],"collection":[{"href":"https:\/\/casadecampoliving.com\/es\/wp-json\/wp\/v2\/posts"}],"about":[{"href":"https:\/\/casadecampoliving.com\/es\/wp-json\/wp\/v2\/types\/post"}],"author":[{"embeddable":true,"href":"https:\/\/casadecampoliving.com\/es\/wp-json\/wp\/v2\/users\/431"}],"replies":[{"embeddable":true,"href":"https:\/\/casadecampoliving.com\/es\/wp-json\/wp\/v2\/comments?post=341669"}],"version-history":[{"count":1,"href":"https:\/\/casadecampoliving.com\/es\/wp-json\/wp\/v2\/posts\/341669\/revisions"}],"predecessor-version":[{"id":341670,"href":"https:\/\/casadecampoliving.com\/es\/wp-json\/wp\/v2\/posts\/341669\/revisions\/341670"}],"wp:featuredmedia":[{"embeddable":true,"href":"https:\/\/casadecampoliving.com\/es\/wp-json\/wp\/v2\/media\/240236"}],"wp:attachment":[{"href":"https:\/\/casadecampoliving.com\/es\/wp-json\/wp\/v2\/media?parent=341669"}],"wp:term":[{"taxonomy":"category","embeddable":true,"href":"https:\/\/casadecampoliving.com\/es\/wp-json\/wp\/v2\/categories?post=341669"},{"taxonomy":"post_tag","embeddable":true,"href":"https:\/\/casadecampoliving.com\/es\/wp-json\/wp\/v2\/tags?post=341669"},{"taxonomy":"newspack_spnsrs_tax","embeddable":true,"href":"https:\/\/casadecampoliving.com\/es\/wp-json\/wp\/v2\/newspack_spnsrs_tax?post=341669"}],"curies":[{"name":"wp","href":"https:\/\/api.w.org\/{rel}","templated":true}]}}