{"id":341651,"date":"2013-05-29T00:00:00","date_gmt":"2013-05-29T04:00:00","guid":{"rendered":"https:\/\/casadecampoliving.com\/casa-de-campo-yacht-club-organizara-el-proximo-cafe-de-la-leche-viernes-7-de-junio\/"},"modified":"2022-10-21T18:53:03","modified_gmt":"2022-10-21T22:53:03","slug":"casa-de-campo-yacht-club-organizara-el-proximo-cafe-de-la-leche-viernes-7-de-junio","status":"publish","type":"post","link":"https:\/\/casadecampoliving.com\/es\/casa-de-campo-yacht-club-organizara-el-proximo-cafe-de-la-leche-viernes-7-de-junio\/","title":{"rendered":"Casa de Campo Yacht Club organizar\u00e1 el pr\u00f3ximo Caf\u00e9 de la Leche-Jueves 6 de junio"},"content":{"rendered":"<div class=\"wp-block-image\">\n<figure class=\"aligncenter is-resized\"><a href=\"https:\/\/i0.wp.com\/casadecampoliving.com\/wp-content\/uploads\/2022\/10\/Cafe_dela_leche.jpg?ssl=1\"><img loading=\"lazy\" decoding=\"async\" src=\"https:\/\/i0.wp.com\/casadecampoliving.com\/wp-content\/uploads\/2022\/10\/Cafe_dela_leche.jpg?resize=650%2C280&amp;ssl=1\" alt=\"cafe de la leche\" class=\"wp-image-71384\" title=\"Cafe_dela_leche\" height=\"280\" width=\"650\"\/><\/a><\/figure>\n<\/div>\n\n<div class=\"wp-block-image\">\n<figure class=\"alignright is-resized\"><img loading=\"lazy\" decoding=\"async\" src=\"https:\/\/i0.wp.com\/casadecampoliving.com\/wp-content\/uploads\/2022\/10\/Jean_Pierre_-Santoni.jpg?resize=243%2C301&amp;ssl=1\" alt=\"jean pierre santoni\" class=\"wp-image-71120\" title=\"Jean_Pierre_ Santoni\" height=\"301\" width=\"243\"\/><\/figure>\n<\/div>\n\n\n<p>Junio&nbsp;ya casi llega, lo que significa que proximamente se realizar\u00e1 &nbsp;la celebraci\u00f3n del Caf\u00e9 de la Leche nuevamente.&nbsp;En esta ocasi\u00f3n, el Caf\u00e9 de la Leche es organizado por la Marina Casa de Campo, y est\u00e1 pautado para el jueves 6 de junio, a las 5:00 de la tarde en el Club de Yates de la Marina. Esta vez, de manera especial, <strong>\u00a1las damas podr\u00e1n llevar a un acompa\u00f1ante masculino, ya sea pareja o amigos!<\/strong><\/p>\n\n\n\n<p>En el \u00faltimo <a href=\"https:\/\/casadecampoliving.com\/es\/2012\/09\/scotiabank-dona-us25000-al-patronato-benefico-oriental-durante-el-cafe-de-la-leche\/\"><strong>Caf\u00e9 de la Leche realizado en el Club de Yates de la Marina &nbsp;(en septiembre de 2013),&nbsp; Scotiabank<\/strong> f<\/a>ue el anfitri\u00f3n y don\u00f3 $25 mil d\u00f3lares para el Patronato Ben\u00e9fico Oriental.&nbsp;Esta generosa donaci\u00f3n de Scotiabank fue realizada como parte de su programa \u201cIlluminando el Ma\u00f1ana\u201d, que apoya y promueve las fundaciones y causas que proveen oportunidades para la juventud de hoy, para ofrecerles un mejor futuro ma\u00f1ana.<\/p>\n\n\n<div class=\"wp-block-image\">\n<figure class=\"aligncenter is-resized\"><img loading=\"lazy\" decoding=\"async\" src=\"https:\/\/i0.wp.com\/casadecampoliving.com\/wp-content\/uploads\/2022\/10\/cafe_de_la_leche_ana_maria_paniagua.jpg?resize=650%2C424&amp;ssl=1\" alt=\"cafe de la leche ana maria paniagua\" class=\"wp-image-64938\" title=\"cafe_de_la_leche_ana_maria_paniagua\" height=\"424\" width=\"650\"\/><\/figure>\n<\/div>\n\n\n<p class=\"has-text-align-left\"><strong><a href=\"https:\/\/casadecampoliving.com\/es\/2013\/02\/ana-maria-paniagua-celebra-el-cafe-de-la-leche-con-una-magnifica-vista\/\">Febrero 2013, el Caf\u00e9 de la Leche con Ana Maria Paniagua<\/a><\/strong><br>\n<br>\nDesde principios de 2013 hemos disfrutado de una serie de grandes eventos para recolectar la leche (para los beb\u00e9s) y recaudar fondos para la guarder\u00eda &nbsp;Hogar del Ni\u00f1o &nbsp;y un centro de educaci\u00f3n en La Romana. La reuni\u00f3n &nbsp;del Caf\u00e9 de la Leche comenz\u00f3&nbsp;<a style=\"font-size: 13px;\" href=\"https:\/\/casadecampoliving.com\/es\/2013\/01\/63928\/\">el 4 de enero cuando Shine concept store<\/a>nos dio la&nbsp;bienvenida a todos con un gran evento en Altos de Chav\u00f3n, seguido en febrero con&nbsp;<a style=\"font-size: 13px;\" href=\"https:\/\/casadecampoliving.com\/es\/2013\/02\/ana-maria-paniagua-celebra-el-cafe-de-la-leche-con-una-magnifica-vista\/\">&nbsp;El Caf\u00e9 de la Leche con Annie Paniagua<\/a>&nbsp;en su espectacular casa con una magn\u00edfica vista sobre el r\u00edo Chav\u00f3n y la Marina Casa de Campo. Tambi\u00e9n en febrero, disfrutamos&nbsp;<a style=\"font-size: 13px;\" href=\"https:\/\/casadecampoliving.com\/2013\/02\/a-record-turnout-for-the-hogar-del-ninos-16th-fundraising-weekend\/\">del 16ava recaudaci\u00f3n de fondos para el Hogar del Ni\u00f1o \u2013 con una participaci\u00f3n sin precedentes<\/a>,&nbsp;<a style=\"font-size: 13px;\" href=\"https:\/\/casadecampoliving.com\/es\/2013\/02\/concierto-de-opera-voces-unidas-para-hogar-del-nino\/\">una velada de opera organizada por due\u00f1os de villas Mario and Nicoletta Galleto&nbsp;<\/a>, as well as <a style=\"font-size: 13px;\" href=\"https:\/\/casadecampoliving.com\/2013\/03\/adopt-a-cri\/\">&nbsp;La cena Adopt A Crib en la villa de Ram\u00f3n y Xiomara Men\u00e9nedez<\/a>\u2026&nbsp;Luego, en marzo y abril nos la pasamos de maravilla en las reuniones del Caf\u00e9 de la Leche organizadas por <a style=\"font-size: 13px;\" href=\"https:\/\/casadecampoliving.com\/2013\/03\/jeanette-martinez-lima-hosts-a-cafe-de-la-leche-to-dye-fore\/\">Jeanette Martinez de Lima<\/a>e&nbsp;<a style=\"font-size: 13px;\" href=\"https:\/\/casadecampoliving.com\/2013\/04\/casa-de-campo-enjoys-a-delightful-cafe-de-la-leche-with-the-lovely-isabel-purcell\/\">Isabel Purcell<\/a>! Y&nbsp;en mayo, &nbsp;el \u00faltimo Caf\u00e9 de la leche fue organizado por l<a href=\"https:\/\/casadecampoliving.com\/es\/2013\/05\/un-encantador-cafe-de-la-leche-con-claudia-reyes-de-lama\/\">a se\u00f1ora Claudia Reyes de Lama en su hermosa villa en Las Colinas. <\/a>La verdad que han sido muy buenos momentos los pasados durante la celebraci\u00f3n de los Caf\u00e9 de la Leche.<\/p>\n\n\n\n<p><strong>\u00a1Nos vemos all\u00e1!<\/strong><\/p>\n\n\n\n<blockquote><p><strong>Caf\u00e9 de la Leche en Casa de Campo Yacht Club<\/strong><\/p><p><strong>Cu\u00e1ndo:<\/strong>&nbsp;Viernes 7 de junio, 2013, 5:30pm<\/p><p><strong>D\u00f3nde:<\/strong>&nbsp;Casa de Campo Yacht Club, Marina Casa de Campo<\/p><p><strong>Contribuci\u00f3n<\/strong>: Leche, formula, cereales o RD$750<\/p><p><strong>Informaci\u00f3n:<\/strong>&nbsp;809-523-8901,&nbsp;info@pbo.org.do<\/p><p><strong>Recuerde!<\/strong><\/p><p><strong><\/strong>Vaya a&nbsp;<strong><a href=\"http:\/\/www.todo.fm\/\" target=\"_blank\" rel=\"noopener\">www.TODO.fm<\/a><\/strong>&nbsp;para ver el calendario completo de eventos y actividades.<\/p><blockquote><p><strong><a href=\"https:\/\/casadecampoliving.com\/es\/2013\/03\/jeanette-martinez-lima-organiza-un-encantador-cafe-de-la-leche-en-el-dye-fore\/\">Sobre el Caf\u00e9 de la Leche<\/a><\/strong><\/p><p><img decoding=\"async\" loading=\"lazy\" title=\"jeanette_martinez_lima\" src=\"https:\/\/i0.wp.com\/casadecampoliving.com\/wp-content\/uploads\/2022\/10\/jeanette_martinez_lima.jpg?resize=585%2C333&amp;ssl=1\" alt=\"jeanette martinez lima\" width=\"585\" height=\"333\"><br>\nEl Caf\u00e9 de la Leche es un evento ben\u00e9fico que se realiza mensualmente, acompa\u00f1ado de un poco de t\u00e9 o caf\u00e9, en donde las damas de Casa de Campo (a\u00fan cuando se presentan caballeros de vez en cuando) por lo general se re\u00fanen el primer viernes de cada mes. Este Caf\u00e9 de la Leche es organizado por una persona distinta, en su villa privada de Casa de Campo o en alg\u00fan restaurante o negocio.<\/p><p><em><strong><a href=\"https:\/\/casadecampoliving.com\/cafe-de-la-leche\/\">Haga click aqu\u00ed para ver m\u00e1s fotos y la cobertura de los pasados Caf\u00e9 de la leche<\/a><\/strong><\/em><\/p><\/blockquote><\/blockquote>\n","protected":false},"excerpt":{"rendered":"<p>Junio&nbsp;ya casi llega, lo que significa que proximamente se realizar\u00e1 &nbsp;la celebraci\u00f3n del Caf\u00e9 de la Leche nuevamente.&nbsp;En esta ocasi\u00f3n, el Caf\u00e9 de la Leche es organizado por la Marina Casa de Campo, y est\u00e1 pautado para el jueves 6 de junio, a las 5:00 de la tarde en el Club de Yates de la [&hellip;]<\/p>\n","protected":false},"author":431,"featured_media":239943,"comment_status":"closed","ping_status":"closed","sticky":false,"template":"","format":"standard","meta":{"newspack_ads_suppress_ads":false,"newspack_popups_has_disabled_popups":false,"newspack_sponsor_sponsorship_scope":"","newspack_sponsor_native_byline_display":"inherit","newspack_sponsor_native_category_display":"inherit","newspack_sponsor_underwriter_style":"inherit","newspack_sponsor_underwriter_placement":"inherit","_newspack_byline_active":false,"_newspack_byline":"","newspack_hide_updated_date":false,"newspack_show_updated_date":false,"newspack_content_restriction_is_exempt":false,"newspack_featured_image_position":"","newspack_post_subtitle":"","newspack_article_summary_title":"Overview:","newspack_article_summary":"","_jetpack_memberships_contains_paid_content":false,"footnotes":"","jetpack_publicize_message":"","jetpack_publicize_feature_enabled":true,"jetpack_social_post_already_shared":false,"jetpack_social_options":{"image_generator_settings":{"template":"highway","default_image_id":0,"font":"","enabled":false},"version":2},"_wpas_customize_per_network":false},"categories":[2524,2522,2514,26581,14625,14627],"tags":[6515,3807,2533,23828],"newspack_spnsrs_tax":[],"class_list":["post-341651","post","type-post","status-publish","format-standard","has-post-thumbnail","hentry","category-destacados","category-eventos-es","category-fundaciones-es","category-la-marina-casa-de-campo","category-noticias-locales","category-proximamente","tag-cafe-de-la-lechees","tag-casa-de-campo-yacht-club-es","tag-fundaciones","tag-patronato-benefico-oriental-es-2","entry"],"yoast_head":"<!-- This site is optimized with the Yoast SEO plugin v27.5 - https:\/\/yoast.com\/product\/yoast-seo-wordpress\/ -->\n<title>Casa de Campo Yacht Club organizar\u00e1 el pr\u00f3ximo Caf\u00e9 de la Leche-Jueves 6 de junio | Casa de Campo Living<\/title>\n<meta name=\"description\" content=\"Junio&nbsp;ya casi llega, lo que significa que proximamente se realizar\u00e1 &nbsp;la celebraci\u00f3n del Caf\u00e9 de la Leche nuevamente.&nbsp;En esta ocasi\u00f3n, el\" \/>\n<meta name=\"robots\" content=\"index, follow, max-snippet:-1, max-image-preview:large, max-video-preview:-1\" \/>\n<link rel=\"canonical\" href=\"https:\/\/casadecampoliving.com\/es\/casa-de-campo-yacht-club-organizara-el-proximo-cafe-de-la-leche-viernes-7-de-junio\/\" \/>\n<meta property=\"og:locale\" content=\"es_ES\" \/>\n<meta property=\"og:type\" content=\"article\" \/>\n<meta property=\"og:title\" content=\"Casa de Campo Yacht Club organizar\u00e1 el pr\u00f3ximo Caf\u00e9 de la Leche-Jueves 6 de junio | Casa de Campo Living\" \/>\n<meta property=\"og:description\" content=\"Junio&nbsp;ya casi llega, lo que significa que proximamente se realizar\u00e1 &nbsp;la celebraci\u00f3n del Caf\u00e9 de la Leche nuevamente.&nbsp;En esta ocasi\u00f3n, el\" \/>\n<meta property=\"og:url\" content=\"https:\/\/casadecampoliving.com\/es\/casa-de-campo-yacht-club-organizara-el-proximo-cafe-de-la-leche-viernes-7-de-junio\/\" \/>\n<meta property=\"og:site_name\" content=\"Casa de Campo Living\" \/>\n<meta property=\"article:publisher\" content=\"https:\/\/www.facebook.com\/casadecampoliving\" \/>\n<meta property=\"article:published_time\" content=\"2013-05-29T04:00:00+00:00\" \/>\n<meta property=\"article:modified_time\" content=\"2022-10-21T22:53:03+00:00\" \/>\n<meta property=\"og:image\" content=\"https:\/\/i0.wp.com\/casadecampoliving.com\/wp-content\/uploads\/2022\/10\/Cafe_dela_leche-1.jpg?fit=650%2C280&ssl=1\" \/>\n\t<meta property=\"og:image:width\" content=\"650\" \/>\n\t<meta property=\"og:image:height\" content=\"280\" \/>\n\t<meta property=\"og:image:type\" content=\"image\/jpeg\" \/>\n<meta name=\"author\" content=\"Mairobi Herrera\" \/>\n<meta name=\"twitter:card\" content=\"summary_large_image\" \/>\n<meta name=\"twitter:creator\" content=\"@cdcliving\" \/>\n<meta name=\"twitter:site\" content=\"@cdcliving\" \/>\n<meta name=\"twitter:label1\" content=\"Escrito por\" \/>\n\t<meta name=\"twitter:data1\" content=\"Mairobi Herrera\" \/>\n\t<meta name=\"twitter:label2\" content=\"Tiempo de lectura\" \/>\n\t<meta name=\"twitter:data2\" content=\"3 minutos\" \/>\n<script type=\"application\/ld+json\" class=\"yoast-schema-graph\">{\"@context\":\"https:\\\/\\\/schema.org\",\"@graph\":[{\"@type\":\"Article\",\"@id\":\"https:\\\/\\\/casadecampoliving.com\\\/es\\\/casa-de-campo-yacht-club-organizara-el-proximo-cafe-de-la-leche-viernes-7-de-junio\\\/#article\",\"isPartOf\":{\"@id\":\"https:\\\/\\\/casadecampoliving.com\\\/es\\\/casa-de-campo-yacht-club-organizara-el-proximo-cafe-de-la-leche-viernes-7-de-junio\\\/\"},\"author\":{\"name\":\"Mairobi Herrera\",\"@id\":\"https:\\\/\\\/casadecampoliving.com\\\/es\\\/#\\\/schema\\\/person\\\/932e594484c49168ad37fbb9141bf699\"},\"headline\":\"Casa de Campo Yacht Club organizar\u00e1 el pr\u00f3ximo Caf\u00e9 de la Leche-Jueves 6 de junio\",\"datePublished\":\"2013-05-29T04:00:00+00:00\",\"dateModified\":\"2022-10-21T22:53:03+00:00\",\"mainEntityOfPage\":{\"@id\":\"https:\\\/\\\/casadecampoliving.com\\\/es\\\/casa-de-campo-yacht-club-organizara-el-proximo-cafe-de-la-leche-viernes-7-de-junio\\\/\"},\"wordCount\":598,\"publisher\":{\"@id\":\"https:\\\/\\\/casadecampoliving.com\\\/es\\\/#organization\"},\"image\":{\"@id\":\"https:\\\/\\\/casadecampoliving.com\\\/es\\\/casa-de-campo-yacht-club-organizara-el-proximo-cafe-de-la-leche-viernes-7-de-junio\\\/#primaryimage\"},\"thumbnailUrl\":\"https:\\\/\\\/i0.wp.com\\\/casadecampoliving.com\\\/wp-content\\\/uploads\\\/2022\\\/10\\\/Cafe_dela_leche-1.jpg?fit=650%2C280&ssl=1\",\"keywords\":[\"cafe de la leche@es\",\"casa de campo yacht club @es\",\"fundaciones\",\"patronato ben\u00e9fico oriental\"],\"articleSection\":[\"Destacados\",\"Eventos\",\"Fundaciones\",\"La Marina Casa de Campo\",\"Noticias Locales\",\"Proximamente\"],\"inLanguage\":\"es\"},{\"@type\":\"WebPage\",\"@id\":\"https:\\\/\\\/casadecampoliving.com\\\/es\\\/casa-de-campo-yacht-club-organizara-el-proximo-cafe-de-la-leche-viernes-7-de-junio\\\/\",\"url\":\"https:\\\/\\\/casadecampoliving.com\\\/es\\\/casa-de-campo-yacht-club-organizara-el-proximo-cafe-de-la-leche-viernes-7-de-junio\\\/\",\"name\":\"Casa de Campo Yacht Club organizar\u00e1 el pr\u00f3ximo Caf\u00e9 de la Leche-Jueves 6 de junio | Casa de Campo Living\",\"isPartOf\":{\"@id\":\"https:\\\/\\\/casadecampoliving.com\\\/es\\\/#website\"},\"primaryImageOfPage\":{\"@id\":\"https:\\\/\\\/casadecampoliving.com\\\/es\\\/casa-de-campo-yacht-club-organizara-el-proximo-cafe-de-la-leche-viernes-7-de-junio\\\/#primaryimage\"},\"image\":{\"@id\":\"https:\\\/\\\/casadecampoliving.com\\\/es\\\/casa-de-campo-yacht-club-organizara-el-proximo-cafe-de-la-leche-viernes-7-de-junio\\\/#primaryimage\"},\"thumbnailUrl\":\"https:\\\/\\\/i0.wp.com\\\/casadecampoliving.com\\\/wp-content\\\/uploads\\\/2022\\\/10\\\/Cafe_dela_leche-1.jpg?fit=650%2C280&ssl=1\",\"datePublished\":\"2013-05-29T04:00:00+00:00\",\"dateModified\":\"2022-10-21T22:53:03+00:00\",\"description\":\"Junio&nbsp;ya casi llega, lo que significa que proximamente se realizar\u00e1 &nbsp;la celebraci\u00f3n del Caf\u00e9 de la Leche nuevamente.&nbsp;En esta ocasi\u00f3n, el\",\"breadcrumb\":{\"@id\":\"https:\\\/\\\/casadecampoliving.com\\\/es\\\/casa-de-campo-yacht-club-organizara-el-proximo-cafe-de-la-leche-viernes-7-de-junio\\\/#breadcrumb\"},\"inLanguage\":\"es\",\"potentialAction\":[{\"@type\":\"ReadAction\",\"target\":[\"https:\\\/\\\/casadecampoliving.com\\\/es\\\/casa-de-campo-yacht-club-organizara-el-proximo-cafe-de-la-leche-viernes-7-de-junio\\\/\"]}]},{\"@type\":\"ImageObject\",\"inLanguage\":\"es\",\"@id\":\"https:\\\/\\\/casadecampoliving.com\\\/es\\\/casa-de-campo-yacht-club-organizara-el-proximo-cafe-de-la-leche-viernes-7-de-junio\\\/#primaryimage\",\"url\":\"https:\\\/\\\/i0.wp.com\\\/casadecampoliving.com\\\/wp-content\\\/uploads\\\/2022\\\/10\\\/Cafe_dela_leche-1.jpg?fit=650%2C280&ssl=1\",\"contentUrl\":\"https:\\\/\\\/i0.wp.com\\\/casadecampoliving.com\\\/wp-content\\\/uploads\\\/2022\\\/10\\\/Cafe_dela_leche-1.jpg?fit=650%2C280&ssl=1\",\"width\":650,\"height\":280,\"caption\":\"cafe de la leche\"},{\"@type\":\"BreadcrumbList\",\"@id\":\"https:\\\/\\\/casadecampoliving.com\\\/es\\\/casa-de-campo-yacht-club-organizara-el-proximo-cafe-de-la-leche-viernes-7-de-junio\\\/#breadcrumb\",\"itemListElement\":[{\"@type\":\"ListItem\",\"position\":1,\"name\":\"Home\",\"item\":\"https:\\\/\\\/casadecampoliving.com\\\/es\\\/\"},{\"@type\":\"ListItem\",\"position\":2,\"name\":\"Casa de Campo Yacht Club organizar\u00e1 el pr\u00f3ximo Caf\u00e9 de la Leche-Jueves 6 de junio\"}]},{\"@type\":\"WebSite\",\"@id\":\"https:\\\/\\\/casadecampoliving.com\\\/es\\\/#website\",\"url\":\"https:\\\/\\\/casadecampoliving.com\\\/es\\\/\",\"name\":\"Casa de Campo Living\",\"description\":\"Resort community news and resources.\",\"publisher\":{\"@id\":\"https:\\\/\\\/casadecampoliving.com\\\/es\\\/#organization\"},\"potentialAction\":[{\"@type\":\"SearchAction\",\"target\":{\"@type\":\"EntryPoint\",\"urlTemplate\":\"https:\\\/\\\/casadecampoliving.com\\\/es\\\/?s={search_term_string}\"},\"query-input\":{\"@type\":\"PropertyValueSpecification\",\"valueRequired\":true,\"valueName\":\"search_term_string\"}}],\"inLanguage\":\"es\"},{\"@type\":\"Organization\",\"@id\":\"https:\\\/\\\/casadecampoliving.com\\\/es\\\/#organization\",\"name\":\"Casa de Campo Living\",\"url\":\"https:\\\/\\\/casadecampoliving.com\\\/es\\\/\",\"logo\":{\"@type\":\"ImageObject\",\"inLanguage\":\"es\",\"@id\":\"https:\\\/\\\/casadecampoliving.com\\\/es\\\/#\\\/schema\\\/logo\\\/image\\\/\",\"url\":\"https:\\\/\\\/i0.wp.com\\\/casadecampoliving.com\\\/wp-content\\\/uploads\\\/2022\\\/07\\\/CDCLivingLogo_V1-white-sized.png?fit=800%2C214&ssl=1\",\"contentUrl\":\"https:\\\/\\\/i0.wp.com\\\/casadecampoliving.com\\\/wp-content\\\/uploads\\\/2022\\\/07\\\/CDCLivingLogo_V1-white-sized.png?fit=800%2C214&ssl=1\",\"width\":800,\"height\":214,\"caption\":\"Casa de Campo Living\"},\"image\":{\"@id\":\"https:\\\/\\\/casadecampoliving.com\\\/es\\\/#\\\/schema\\\/logo\\\/image\\\/\"},\"sameAs\":[\"https:\\\/\\\/www.facebook.com\\\/casadecampoliving\",\"https:\\\/\\\/x.com\\\/cdcliving\"]},{\"@type\":\"Person\",\"@id\":\"https:\\\/\\\/casadecampoliving.com\\\/es\\\/#\\\/schema\\\/person\\\/932e594484c49168ad37fbb9141bf699\",\"name\":\"Mairobi Herrera\",\"image\":{\"@type\":\"ImageObject\",\"inLanguage\":\"es\",\"@id\":\"https:\\\/\\\/secure.gravatar.com\\\/avatar\\\/d0bf6c19470eb55d83c719e39672f670b2c4412339af1eb8a08f86427ba98ee8?s=96&d=mm&r=g\",\"url\":\"https:\\\/\\\/secure.gravatar.com\\\/avatar\\\/d0bf6c19470eb55d83c719e39672f670b2c4412339af1eb8a08f86427ba98ee8?s=96&d=mm&r=g\",\"contentUrl\":\"https:\\\/\\\/secure.gravatar.com\\\/avatar\\\/d0bf6c19470eb55d83c719e39672f670b2c4412339af1eb8a08f86427ba98ee8?s=96&d=mm&r=g\",\"caption\":\"Mairobi Herrera\"},\"sameAs\":[\"https:\\\/\\\/casadecampoliving.com\\\/\"],\"url\":\"https:\\\/\\\/casadecampoliving.com\\\/es\\\/author\\\/mherrera\\\/\"}]}<\/script>\n<!-- \/ Yoast SEO plugin. -->","yoast_head_json":{"title":"Casa de Campo Yacht Club organizar\u00e1 el pr\u00f3ximo Caf\u00e9 de la Leche-Jueves 6 de junio | Casa de Campo Living","description":"Junio&nbsp;ya casi llega, lo que significa que proximamente se realizar\u00e1 &nbsp;la celebraci\u00f3n del Caf\u00e9 de la Leche nuevamente.&nbsp;En esta ocasi\u00f3n, el","robots":{"index":"index","follow":"follow","max-snippet":"max-snippet:-1","max-image-preview":"max-image-preview:large","max-video-preview":"max-video-preview:-1"},"canonical":"https:\/\/casadecampoliving.com\/es\/casa-de-campo-yacht-club-organizara-el-proximo-cafe-de-la-leche-viernes-7-de-junio\/","og_locale":"es_ES","og_type":"article","og_title":"Casa de Campo Yacht Club organizar\u00e1 el pr\u00f3ximo Caf\u00e9 de la Leche-Jueves 6 de junio | Casa de Campo Living","og_description":"Junio&nbsp;ya casi llega, lo que significa que proximamente se realizar\u00e1 &nbsp;la celebraci\u00f3n del Caf\u00e9 de la Leche nuevamente.&nbsp;En esta ocasi\u00f3n, el","og_url":"https:\/\/casadecampoliving.com\/es\/casa-de-campo-yacht-club-organizara-el-proximo-cafe-de-la-leche-viernes-7-de-junio\/","og_site_name":"Casa de Campo Living","article_publisher":"https:\/\/www.facebook.com\/casadecampoliving","article_published_time":"2013-05-29T04:00:00+00:00","article_modified_time":"2022-10-21T22:53:03+00:00","og_image":[{"width":650,"height":280,"url":"https:\/\/i0.wp.com\/casadecampoliving.com\/wp-content\/uploads\/2022\/10\/Cafe_dela_leche-1.jpg?fit=650%2C280&ssl=1","type":"image\/jpeg"}],"author":"Mairobi Herrera","twitter_card":"summary_large_image","twitter_creator":"@cdcliving","twitter_site":"@cdcliving","twitter_misc":{"Escrito por":"Mairobi Herrera","Tiempo de lectura":"3 minutos"},"schema":{"@context":"https:\/\/schema.org","@graph":[{"@type":"Article","@id":"https:\/\/casadecampoliving.com\/es\/casa-de-campo-yacht-club-organizara-el-proximo-cafe-de-la-leche-viernes-7-de-junio\/#article","isPartOf":{"@id":"https:\/\/casadecampoliving.com\/es\/casa-de-campo-yacht-club-organizara-el-proximo-cafe-de-la-leche-viernes-7-de-junio\/"},"author":{"name":"Mairobi Herrera","@id":"https:\/\/casadecampoliving.com\/es\/#\/schema\/person\/932e594484c49168ad37fbb9141bf699"},"headline":"Casa de Campo Yacht Club organizar\u00e1 el pr\u00f3ximo Caf\u00e9 de la Leche-Jueves 6 de junio","datePublished":"2013-05-29T04:00:00+00:00","dateModified":"2022-10-21T22:53:03+00:00","mainEntityOfPage":{"@id":"https:\/\/casadecampoliving.com\/es\/casa-de-campo-yacht-club-organizara-el-proximo-cafe-de-la-leche-viernes-7-de-junio\/"},"wordCount":598,"publisher":{"@id":"https:\/\/casadecampoliving.com\/es\/#organization"},"image":{"@id":"https:\/\/casadecampoliving.com\/es\/casa-de-campo-yacht-club-organizara-el-proximo-cafe-de-la-leche-viernes-7-de-junio\/#primaryimage"},"thumbnailUrl":"https:\/\/i0.wp.com\/casadecampoliving.com\/wp-content\/uploads\/2022\/10\/Cafe_dela_leche-1.jpg?fit=650%2C280&ssl=1","keywords":["cafe de la leche@es","casa de campo yacht club @es","fundaciones","patronato ben\u00e9fico oriental"],"articleSection":["Destacados","Eventos","Fundaciones","La Marina Casa de Campo","Noticias Locales","Proximamente"],"inLanguage":"es"},{"@type":"WebPage","@id":"https:\/\/casadecampoliving.com\/es\/casa-de-campo-yacht-club-organizara-el-proximo-cafe-de-la-leche-viernes-7-de-junio\/","url":"https:\/\/casadecampoliving.com\/es\/casa-de-campo-yacht-club-organizara-el-proximo-cafe-de-la-leche-viernes-7-de-junio\/","name":"Casa de Campo Yacht Club organizar\u00e1 el pr\u00f3ximo Caf\u00e9 de la Leche-Jueves 6 de junio | Casa de Campo Living","isPartOf":{"@id":"https:\/\/casadecampoliving.com\/es\/#website"},"primaryImageOfPage":{"@id":"https:\/\/casadecampoliving.com\/es\/casa-de-campo-yacht-club-organizara-el-proximo-cafe-de-la-leche-viernes-7-de-junio\/#primaryimage"},"image":{"@id":"https:\/\/casadecampoliving.com\/es\/casa-de-campo-yacht-club-organizara-el-proximo-cafe-de-la-leche-viernes-7-de-junio\/#primaryimage"},"thumbnailUrl":"https:\/\/i0.wp.com\/casadecampoliving.com\/wp-content\/uploads\/2022\/10\/Cafe_dela_leche-1.jpg?fit=650%2C280&ssl=1","datePublished":"2013-05-29T04:00:00+00:00","dateModified":"2022-10-21T22:53:03+00:00","description":"Junio&nbsp;ya casi llega, lo que significa que proximamente se realizar\u00e1 &nbsp;la celebraci\u00f3n del Caf\u00e9 de la Leche nuevamente.&nbsp;En esta ocasi\u00f3n, el","breadcrumb":{"@id":"https:\/\/casadecampoliving.com\/es\/casa-de-campo-yacht-club-organizara-el-proximo-cafe-de-la-leche-viernes-7-de-junio\/#breadcrumb"},"inLanguage":"es","potentialAction":[{"@type":"ReadAction","target":["https:\/\/casadecampoliving.com\/es\/casa-de-campo-yacht-club-organizara-el-proximo-cafe-de-la-leche-viernes-7-de-junio\/"]}]},{"@type":"ImageObject","inLanguage":"es","@id":"https:\/\/casadecampoliving.com\/es\/casa-de-campo-yacht-club-organizara-el-proximo-cafe-de-la-leche-viernes-7-de-junio\/#primaryimage","url":"https:\/\/i0.wp.com\/casadecampoliving.com\/wp-content\/uploads\/2022\/10\/Cafe_dela_leche-1.jpg?fit=650%2C280&ssl=1","contentUrl":"https:\/\/i0.wp.com\/casadecampoliving.com\/wp-content\/uploads\/2022\/10\/Cafe_dela_leche-1.jpg?fit=650%2C280&ssl=1","width":650,"height":280,"caption":"cafe de la leche"},{"@type":"BreadcrumbList","@id":"https:\/\/casadecampoliving.com\/es\/casa-de-campo-yacht-club-organizara-el-proximo-cafe-de-la-leche-viernes-7-de-junio\/#breadcrumb","itemListElement":[{"@type":"ListItem","position":1,"name":"Home","item":"https:\/\/casadecampoliving.com\/es\/"},{"@type":"ListItem","position":2,"name":"Casa de Campo Yacht Club organizar\u00e1 el pr\u00f3ximo Caf\u00e9 de la Leche-Jueves 6 de junio"}]},{"@type":"WebSite","@id":"https:\/\/casadecampoliving.com\/es\/#website","url":"https:\/\/casadecampoliving.com\/es\/","name":"Casa de Campo Living","description":"Resort community news and resources.","publisher":{"@id":"https:\/\/casadecampoliving.com\/es\/#organization"},"potentialAction":[{"@type":"SearchAction","target":{"@type":"EntryPoint","urlTemplate":"https:\/\/casadecampoliving.com\/es\/?s={search_term_string}"},"query-input":{"@type":"PropertyValueSpecification","valueRequired":true,"valueName":"search_term_string"}}],"inLanguage":"es"},{"@type":"Organization","@id":"https:\/\/casadecampoliving.com\/es\/#organization","name":"Casa de Campo Living","url":"https:\/\/casadecampoliving.com\/es\/","logo":{"@type":"ImageObject","inLanguage":"es","@id":"https:\/\/casadecampoliving.com\/es\/#\/schema\/logo\/image\/","url":"https:\/\/i0.wp.com\/casadecampoliving.com\/wp-content\/uploads\/2022\/07\/CDCLivingLogo_V1-white-sized.png?fit=800%2C214&ssl=1","contentUrl":"https:\/\/i0.wp.com\/casadecampoliving.com\/wp-content\/uploads\/2022\/07\/CDCLivingLogo_V1-white-sized.png?fit=800%2C214&ssl=1","width":800,"height":214,"caption":"Casa de Campo Living"},"image":{"@id":"https:\/\/casadecampoliving.com\/es\/#\/schema\/logo\/image\/"},"sameAs":["https:\/\/www.facebook.com\/casadecampoliving","https:\/\/x.com\/cdcliving"]},{"@type":"Person","@id":"https:\/\/casadecampoliving.com\/es\/#\/schema\/person\/932e594484c49168ad37fbb9141bf699","name":"Mairobi Herrera","image":{"@type":"ImageObject","inLanguage":"es","@id":"https:\/\/secure.gravatar.com\/avatar\/d0bf6c19470eb55d83c719e39672f670b2c4412339af1eb8a08f86427ba98ee8?s=96&d=mm&r=g","url":"https:\/\/secure.gravatar.com\/avatar\/d0bf6c19470eb55d83c719e39672f670b2c4412339af1eb8a08f86427ba98ee8?s=96&d=mm&r=g","contentUrl":"https:\/\/secure.gravatar.com\/avatar\/d0bf6c19470eb55d83c719e39672f670b2c4412339af1eb8a08f86427ba98ee8?s=96&d=mm&r=g","caption":"Mairobi Herrera"},"sameAs":["https:\/\/casadecampoliving.com\/"],"url":"https:\/\/casadecampoliving.com\/es\/author\/mherrera\/"}]}},"parsely":{"version":"1.1.0","canonical_url":"https:\/\/casadecampoliving.com\/es\/casa-de-campo-yacht-club-organizara-el-proximo-cafe-de-la-leche-viernes-7-de-junio\/","smart_links":{"inbound":0,"outbound":0},"traffic_boost_suggestions_count":0,"meta":{"@context":"https:\/\/schema.org","@type":"NewsArticle","headline":"Casa de Campo Yacht Club organizar\u00e1 el pr\u00f3ximo Caf\u00e9 de la Leche-Jueves 6 de junio","url":"http:\/\/casadecampoliving.com\/es\/casa-de-campo-yacht-club-organizara-el-proximo-cafe-de-la-leche-viernes-7-de-junio\/","mainEntityOfPage":{"@type":"WebPage","@id":"http:\/\/casadecampoliving.com\/es\/casa-de-campo-yacht-club-organizara-el-proximo-cafe-de-la-leche-viernes-7-de-junio\/"},"thumbnailUrl":"https:\/\/i0.wp.com\/casadecampoliving.com\/wp-content\/uploads\/2022\/10\/Cafe_dela_leche-1.jpg?resize=150%2C150&ssl=1","image":{"@type":"ImageObject","url":"https:\/\/i0.wp.com\/casadecampoliving.com\/wp-content\/uploads\/2022\/10\/Cafe_dela_leche-1.jpg?fit=650%2C280&ssl=1"},"articleSection":"Destacados","author":[{"@type":"Person","name":"Mairobi Herrera"}],"creator":["Mairobi Herrera"],"publisher":{"@type":"Organization","name":"Casa de Campo Living","logo":"https:\/\/casadecampoliving.com\/wp-content\/uploads\/2022\/07\/CDCLivingLogo_V1-white-sized.png"},"keywords":["cafe de la leche@es","casa de campo yacht club @es","fundaciones","patronato ben\u00e9fico oriental"],"dateCreated":"2013-05-29T04:00:00Z","datePublished":"2013-05-29T04:00:00Z","dateModified":"2022-10-21T22:53:03Z"},"rendered":"<script type=\"application\/ld+json\" class=\"wp-parsely-metadata\">{\"@context\":\"https:\\\/\\\/schema.org\",\"@type\":\"NewsArticle\",\"headline\":\"Casa de Campo Yacht Club organizar\\u00e1 el pr\\u00f3ximo Caf\\u00e9 de la Leche-Jueves 6 de junio\",\"url\":\"http:\\\/\\\/casadecampoliving.com\\\/es\\\/casa-de-campo-yacht-club-organizara-el-proximo-cafe-de-la-leche-viernes-7-de-junio\\\/\",\"mainEntityOfPage\":{\"@type\":\"WebPage\",\"@id\":\"http:\\\/\\\/casadecampoliving.com\\\/es\\\/casa-de-campo-yacht-club-organizara-el-proximo-cafe-de-la-leche-viernes-7-de-junio\\\/\"},\"thumbnailUrl\":\"https:\\\/\\\/i0.wp.com\\\/casadecampoliving.com\\\/wp-content\\\/uploads\\\/2022\\\/10\\\/Cafe_dela_leche-1.jpg?resize=150%2C150&ssl=1\",\"image\":{\"@type\":\"ImageObject\",\"url\":\"https:\\\/\\\/i0.wp.com\\\/casadecampoliving.com\\\/wp-content\\\/uploads\\\/2022\\\/10\\\/Cafe_dela_leche-1.jpg?fit=650%2C280&ssl=1\"},\"articleSection\":\"Destacados\",\"author\":[{\"@type\":\"Person\",\"name\":\"Mairobi Herrera\"}],\"creator\":[\"Mairobi Herrera\"],\"publisher\":{\"@type\":\"Organization\",\"name\":\"Casa de Campo Living\",\"logo\":\"https:\\\/\\\/casadecampoliving.com\\\/wp-content\\\/uploads\\\/2022\\\/07\\\/CDCLivingLogo_V1-white-sized.png\"},\"keywords\":[\"cafe de la leche@es\",\"casa de campo yacht club @es\",\"fundaciones\",\"patronato ben\\u00e9fico oriental\"],\"dateCreated\":\"2013-05-29T04:00:00Z\",\"datePublished\":\"2013-05-29T04:00:00Z\",\"dateModified\":\"2022-10-21T22:53:03Z\"}<\/script>","tracker_url":"https:\/\/cdn.parsely.com\/keys\/casadecampoliving.com\/p.js"},"jetpack_publicize_connections":[],"jetpack_featured_media_url":"https:\/\/i0.wp.com\/casadecampoliving.com\/wp-content\/uploads\/2022\/10\/Cafe_dela_leche-1.jpg?fit=650%2C280&ssl=1","jetpack-related-posts":[{"id":347393,"url":"https:\/\/casadecampoliving.com\/es\/proximo-cafe-de-la-leche-en-el-casa-de-campo-yacht-club\/","url_meta":{"origin":341651,"position":0},"title":"Pr\u00f3ximo Caf\u00e9 de la Leche en el Casa de Campo Yacht Club","author":"Perkin Agramonte","date":"15 May, 2015","format":false,"excerpt":"\u00a1El n\u00famero seis est\u00e1 a la vuelta de la esquina! El viernes 11 de junio, marca el sexto Caf\u00e9 de la Leche del a\u00f1o. Lo cual significa que los miembros de la comunidad Casa de Campo, tendr\u00e1n la oportunidad de pasar un grandioso tiempo, a la misma vez que apoyan\u2026","rel":"","context":"En \u00abCasa de Campo Living @es\u00bb","block_context":{"text":"Casa de Campo Living @es","link":"https:\/\/casadecampoliving.com\/category\/casa-de-campo-living-es\/"},"img":{"alt_text":"","src":"https:\/\/i0.wp.com\/casadecampoliving.com\/wp-content\/uploads\/2022\/10\/Casa_de_Campo_Yacht_Club-1.jpg?fit=800%2C534&ssl=1&resize=350%2C200","width":350,"height":200,"srcset":"https:\/\/i0.wp.com\/casadecampoliving.com\/wp-content\/uploads\/2022\/10\/Casa_de_Campo_Yacht_Club-1.jpg?fit=800%2C534&ssl=1&resize=350%2C200 1x, https:\/\/i0.wp.com\/casadecampoliving.com\/wp-content\/uploads\/2022\/10\/Casa_de_Campo_Yacht_Club-1.jpg?fit=800%2C534&ssl=1&resize=525%2C300 1.5x, https:\/\/i0.wp.com\/casadecampoliving.com\/wp-content\/uploads\/2022\/10\/Casa_de_Campo_Yacht_Club-1.jpg?fit=800%2C534&ssl=1&resize=700%2C400 2x"},"classes":[]},{"id":344491,"url":"https:\/\/casadecampoliving.com\/es\/atencion-se-acerca-el-proximo-cafe-de-la-leche\/","url_meta":{"origin":341651,"position":1},"title":"\u00a1Atenci\u00f3n! Se acerca el pr\u00f3ximo Caf\u00e9 de la Leche","author":"Perkin Agramonte","date":"28 May, 2014","format":false,"excerpt":"\u00a1El n\u00famero seis est\u00e1 a la vuelta de la esquina! El viernes 6 de junio, marca el sexto Caf\u00e9 de la Leche del a\u00f1o. Lo cual significa que los miembros de la comunidad Casa de Campo, tendr\u00e1n la oportunidad de pasar un grandioso tiempo, a la misma vez que apoyan\u2026","rel":"","context":"En \u00abCasa de Campo Living @es\u00bb","block_context":{"text":"Casa de Campo Living @es","link":"https:\/\/casadecampoliving.com\/category\/casa-de-campo-living-es\/"},"img":{"alt_text":"","src":"https:\/\/i0.wp.com\/casadecampoliving.com\/wp-content\/uploads\/2022\/10\/casa_de_campo_yacht_club-8.jpg?fit=650%2C365&ssl=1&resize=350%2C200","width":350,"height":200,"srcset":"https:\/\/i0.wp.com\/casadecampoliving.com\/wp-content\/uploads\/2022\/10\/casa_de_campo_yacht_club-8.jpg?fit=650%2C365&ssl=1&resize=350%2C200 1x, https:\/\/i0.wp.com\/casadecampoliving.com\/wp-content\/uploads\/2022\/10\/casa_de_campo_yacht_club-8.jpg?fit=650%2C365&ssl=1&resize=525%2C300 1.5x"},"classes":[]},{"id":339031,"url":"https:\/\/casadecampoliving.com\/es\/cafe-de-la-leche-en-el-club-de-yates-de-casa-de-campo-con-dj-rafael-gonzalvo-y-exhibicion-de-arte-por-andrea-brenes-y-argenis-lebron\/","url_meta":{"origin":341651,"position":2},"title":"Caf\u00e9 de la Leche en el Club de Yates de Casa de Campo &#8211; con Dj Rafael Gonzalvo y exhibici\u00f3n de arte por Andrea Brenes y Argenis Lebr\u00f3n","author":"","date":"18 May, 2012","format":false,"excerpt":"Parece como si fuera ayer cuando todas estaban vestidas con bandanas y trajes floreados, disfrutando de bebidas durante el Caf\u00e9 de la Leche \u201cHippie Bingo\u201d, organizado por Adriana Feaugas, pero con el siguiente evento programado para el viernes 1 de junio, en menos de dos semanas \u2013 es momento de\u2026","rel":"","context":"En \u00abDestacados\u00bb","block_context":{"text":"Destacados","link":"https:\/\/casadecampoliving.com\/es\/category\/destacados\/"},"img":{"alt_text":"cafe de la leche","src":"https:\/\/i0.wp.com\/casadecampoliving.com\/wp-content\/uploads\/2022\/10\/Cafe_de_la_leche2-1.jpg?fit=650%2C280&ssl=1&resize=350%2C200","width":350,"height":200,"srcset":"https:\/\/i0.wp.com\/casadecampoliving.com\/wp-content\/uploads\/2022\/10\/Cafe_de_la_leche2-1.jpg?fit=650%2C280&ssl=1&resize=350%2C200 1x, https:\/\/i0.wp.com\/casadecampoliving.com\/wp-content\/uploads\/2022\/10\/Cafe_de_la_leche2-1.jpg?fit=650%2C280&ssl=1&resize=525%2C300 1.5x"},"classes":[]},{"id":344576,"url":"https:\/\/casadecampoliving.com\/es\/un-magico-cafe-de-la-leche-en-el-yacht-club\/","url_meta":{"origin":341651,"position":3},"title":"Un m\u00e1gico \u00abCaf\u00e9 de la Leche\u00bb en el Yacht Club","author":"Perkin Agramonte","date":"11 Jun, 2014","format":false,"excerpt":"El pasado viernes 06 de junio, el Hogar del Ni\u00f1o, un centro de educaci\u00f3n y guarder\u00eda de La Romana, celebr\u00f3 su fiesta de recaudaci\u00f3n de fondos mensual, llamado el Caf\u00e9 de la Leche, esta vez organizado y auspiciado por el Casa de Campo Yacht Club en La Marina de Casa\u2026","rel":"","context":"En \u00abCasa de Campo Living @es\u00bb","block_context":{"text":"Casa de Campo Living @es","link":"https:\/\/casadecampoliving.com\/category\/casa-de-campo-living-es\/"},"img":{"alt_text":"caf\u00e9 de la leche Casa de Campo_yacht","src":"https:\/\/i0.wp.com\/casadecampoliving.com\/wp-content\/uploads\/2022\/10\/cafe_de_la_leche_casa_de_campo_yacht-1.jpg?fit=650%2C535&ssl=1&resize=350%2C200","width":350,"height":200,"srcset":"https:\/\/i0.wp.com\/casadecampoliving.com\/wp-content\/uploads\/2022\/10\/cafe_de_la_leche_casa_de_campo_yacht-1.jpg?fit=650%2C535&ssl=1&resize=350%2C200 1x, https:\/\/i0.wp.com\/casadecampoliving.com\/wp-content\/uploads\/2022\/10\/cafe_de_la_leche_casa_de_campo_yacht-1.jpg?fit=650%2C535&ssl=1&resize=525%2C300 1.5x"},"classes":[]},{"id":325774,"url":"https:\/\/casadecampoliving.com\/next-cafe-de-la-leche-at-the-yacht-club\/","url_meta":{"origin":341651,"position":4},"title":"Next Caf\u00e9 de la Leche at the Yacht Club","author":"Perkin Agramonte","date":"15 May, 2015","format":false,"excerpt":"Number six is almost here! Thursday June 11th, marks the sixth Caf\u00e9 de la Leche of the year! Which means another opportunity for all members of the Casa de Campo community to have a great time, while supporting a good cause. On this occasion it will be hosted at the\u2026","rel":"","context":"En \u00abCasa de Campo Living\u00bb","block_context":{"text":"Casa de Campo Living","link":"https:\/\/casadecampoliving.com\/category\/casa-de-campo-living\/"},"img":{"alt_text":"","src":"https:\/\/i0.wp.com\/casadecampoliving.com\/wp-content\/uploads\/2022\/10\/Casa_de_Campo_Yacht_Club-1.jpg?fit=800%2C534&ssl=1&resize=350%2C200","width":350,"height":200,"srcset":"https:\/\/i0.wp.com\/casadecampoliving.com\/wp-content\/uploads\/2022\/10\/Casa_de_Campo_Yacht_Club-1.jpg?fit=800%2C534&ssl=1&resize=350%2C200 1x, https:\/\/i0.wp.com\/casadecampoliving.com\/wp-content\/uploads\/2022\/10\/Casa_de_Campo_Yacht_Club-1.jpg?fit=800%2C534&ssl=1&resize=525%2C300 1.5x, https:\/\/i0.wp.com\/casadecampoliving.com\/wp-content\/uploads\/2022\/10\/Casa_de_Campo_Yacht_Club-1.jpg?fit=800%2C534&ssl=1&resize=700%2C400 2x"},"classes":[]},{"id":322338,"url":"https:\/\/casadecampoliving.com\/casa-de-campo-yacht-club-to-host-next-cafe-de-la-leche-friday-june-7th\/","url_meta":{"origin":341651,"position":5},"title":"Casa de Campo Yacht Club to host next Caf\u00e9 de la Leche \u2013 Thursday June 6th!","author":"Mairobi Herrera","date":"29 May, 2013","format":false,"excerpt":"June is almost here, which means we have another Caf\u00e9 de la Leche celebration to look forward to \u2013 on this occasion it will be hosted by the Marina Casa de Campo on Thursday June 6th at 5:00pm at the Casa de Campo Yacht Club. And rather unusual for a\u2026","rel":"","context":"En \u00abCasa de Campo Resort\u00bb","block_context":{"text":"Casa de Campo Resort","link":"https:\/\/casadecampoliving.com\/category\/casa-de-campo-resort\/"},"img":{"alt_text":"cafe de la leche","src":"https:\/\/i0.wp.com\/casadecampoliving.com\/wp-content\/uploads\/2022\/10\/Cafe_dela_leche-1.jpg?fit=650%2C280&ssl=1&resize=350%2C200","width":350,"height":200,"srcset":"https:\/\/i0.wp.com\/casadecampoliving.com\/wp-content\/uploads\/2022\/10\/Cafe_dela_leche-1.jpg?fit=650%2C280&ssl=1&resize=350%2C200 1x, https:\/\/i0.wp.com\/casadecampoliving.com\/wp-content\/uploads\/2022\/10\/Cafe_dela_leche-1.jpg?fit=650%2C280&ssl=1&resize=525%2C300 1.5x"},"classes":[]}],"jetpack_sharing_enabled":true,"_links":{"self":[{"href":"https:\/\/casadecampoliving.com\/es\/wp-json\/wp\/v2\/posts\/341651","targetHints":{"allow":["GET"]}}],"collection":[{"href":"https:\/\/casadecampoliving.com\/es\/wp-json\/wp\/v2\/posts"}],"about":[{"href":"https:\/\/casadecampoliving.com\/es\/wp-json\/wp\/v2\/types\/post"}],"author":[{"embeddable":true,"href":"https:\/\/casadecampoliving.com\/es\/wp-json\/wp\/v2\/users\/431"}],"replies":[{"embeddable":true,"href":"https:\/\/casadecampoliving.com\/es\/wp-json\/wp\/v2\/comments?post=341651"}],"version-history":[{"count":1,"href":"https:\/\/casadecampoliving.com\/es\/wp-json\/wp\/v2\/posts\/341651\/revisions"}],"predecessor-version":[{"id":341652,"href":"https:\/\/casadecampoliving.com\/es\/wp-json\/wp\/v2\/posts\/341651\/revisions\/341652"}],"wp:featuredmedia":[{"embeddable":true,"href":"https:\/\/casadecampoliving.com\/es\/wp-json\/wp\/v2\/media\/239943"}],"wp:attachment":[{"href":"https:\/\/casadecampoliving.com\/es\/wp-json\/wp\/v2\/media?parent=341651"}],"wp:term":[{"taxonomy":"category","embeddable":true,"href":"https:\/\/casadecampoliving.com\/es\/wp-json\/wp\/v2\/categories?post=341651"},{"taxonomy":"post_tag","embeddable":true,"href":"https:\/\/casadecampoliving.com\/es\/wp-json\/wp\/v2\/tags?post=341651"},{"taxonomy":"newspack_spnsrs_tax","embeddable":true,"href":"https:\/\/casadecampoliving.com\/es\/wp-json\/wp\/v2\/newspack_spnsrs_tax?post=341651"}],"curies":[{"name":"wp","href":"https:\/\/api.w.org\/{rel}","templated":true}]}}