{"id":341477,"date":"2013-05-18T00:00:00","date_gmt":"2013-05-18T04:00:00","guid":{"rendered":"https:\/\/casadecampoliving.com\/boletas-especiales-para-la-primera-fila-del-concierto-arjona-intimo-de-venta-con-la-fundacion-mir\/"},"modified":"2022-10-21T18:51:09","modified_gmt":"2022-10-21T22:51:09","slug":"boletas-especiales-para-la-primera-fila-del-concierto-arjona-intimo-de-venta-con-la-fundacion-mir","status":"publish","type":"post","link":"https:\/\/casadecampoliving.com\/es\/boletas-especiales-para-la-primera-fila-del-concierto-arjona-intimo-de-venta-con-la-fundacion-mir\/","title":{"rendered":"Boletas especiales para la primera fila del concierto \u00abArjona Intimo\u00bb de venta con la Fundaci\u00f3n MIR!"},"content":{"rendered":"<div class=\"wp-block-image\">\n<figure class=\"aligncenter is-resized\"><img loading=\"lazy\" decoding=\"async\" src=\"https:\/\/i0.wp.com\/casadecampoliving.com\/wp-content\/uploads\/2022\/10\/ricardo_arjona_concierto_anfiteatro_chavon.jpg?resize=650%2C514&amp;ssl=1\" alt=\"ricardo arjona concierto anfiteatro chavon\" class=\"wp-image-70506\" title=\"ricardo_arjona_concierto_anfiteatro_chavon\" height=\"514\" width=\"650\"\/><\/figure>\n<\/div>\n\n\n<p>Le informamos que las boletas para el concierto de <a href=\"https:\/\/casadecampoliving.com\/es\/2013\/05\/arjona-cantara-en-el-anfiteatro-de-altos-de-chavon-por-primera-vez-el-8-de-junio\/\">Ricardo Arjona, el 8 de junio en el Anfiteatro de Altos de Chav\u00f3n,&nbsp;<\/a>ya&nbsp;est\u00e1n a la venta y mejor a\u00fan, \u00a1la Fundaci\u00f3n Mir la est\u00e1 vendiendo!<\/p>\n\n\n<div class=\"wp-block-image\">\n<figure class=\"alignright is-resized\"><img loading=\"lazy\" decoding=\"async\" src=\"https:\/\/i0.wp.com\/casadecampoliving.com\/wp-content\/uploads\/2022\/10\/flyer_ricardo_arjona_concert.jpg?resize=250%2C325&amp;ssl=1\" alt=\"flyer ricardo arjona concert\" class=\"wp-image-70511\" title=\"flyer_ricardo_arjona_concert\" height=\"325\" width=\"250\"\/><\/figure>\n<\/div>\n\n\n<p>\u00a1Una gran noticia amigos! Igual como la Fundaci\u00f3n MIR&nbsp;hizo el a\u00f1o pasado con las boletas del <strong><a href=\"https:\/\/casadecampoliving.com\/es\/2012\/11\/las-boletas-del-concierto-de-julio-iglesia-a-la-venta-ya-con-un-porcentaje-a-beneficio-de-la-fundacion-mir\/\">concierto de Julio Iglesias en Altos de Chav\u00f3n<\/a><\/strong> \u2013 tambi\u00e9n un 20% de las boletas que vendan del concierto de Ricardo Arjona, ir\u00e1 a beneficio de esta fabulosa fundaci\u00f3n que en la actualidad administra tres escuelas en La Romana.<\/p>\n\n\n\n<p>Esta vez, el empresario George Nader le dio a la Fundaci\u00f3n MIR solo 50 boletas especiales para la primera fila del anfiteatro;&nbsp;y el costo para cada una de ellas es <span>$1,000 d\u00f3lares<\/span><span>.&nbsp;<\/span>Si ellos la venden todas, recibir\u00e1n el 20% del total vendido para recudar fondos para las escuelas que est\u00e1n administrando en La Romana. \u00a1Esto podr\u00eda representar $<span style=\"color: #000000;\">10,000<\/span>&nbsp;d\u00f3lares a favor de sus estudiantes!<\/p>\n\n\n\n<p>Las dem\u00e1s boletas est\u00e1n a la venta en UEPA Tickets (Bella Vista Mall) y las tiendas de MovieMax en Santo Domingo, as\u00ed como en Jumbo de La Romana<strong>.<\/strong><\/p>\n\n\n\n<p>No pierda esta maravillosa oportunidad de colaborar con esta dedicada Fundaci\u00f3n, y a la misma vez, de disfrutar de uno de los artistas m\u00e1s querido en toda Latinoam\u00e9rica.<\/p>\n\n\n\n<p>Ricardo Arjona es la primera vez que tocar\u00e1 en el <strong><a href=\"https:\/\/casadecampoliving.com\/es\/2012\/08\/hoy-el-anfiteatro-altos-de-chavon-celebra-su-xxx-aniversario\/\">Anfiteatro de Altos de Chav\u00f3n;<\/a><\/strong> y en esta ocasi\u00f3n&nbsp;el int\u00e9rprete &nbsp;de \u201cFuiste t\u00fa\u201d tendr\u00e1 un contacto m\u00e1s \u00edntimo con su p\u00fablico, ya que es una de las cualidades \u00fanicas que ofrece el Anfiteatro, lo que de seguro agradar\u00e1 a todos sus fans, porque Arjona ha generado un lugar muy especial en gusto del pueblo dominicano, evidenciado en el \u00e9xitos de todos los conciertos que realizado en el pa\u00eds, especialmente en el que realiz\u00f3 el&nbsp;pasado 8 de septiembre en el Estadio Quisqueya de Santo Domingo.<\/p>\n\n\n\n<p><strong><em>\u00a1 Y no se olvide tener pendiente a la Fundaci\u00f3n Mir para la compra de boletos de&nbsp;los pr\u00f3ximos eventos !<\/em><\/strong><\/p>\n\n\n\n<blockquote class=\"wp-block-quote is-layout-flow wp-block-quote-is-layout-flow\"><p><strong>Concierto Ricardo Arjona\u2013 \u201c\u00cdntimo\u201d&nbsp;<\/strong><\/p><p><strong>D\u00f3nde: <\/strong>Anfiteatro Altos de Chav\u00f3n, Casa de Campo<\/p><p><strong>Cu\u00e1ndo<\/strong>: S\u00e1bado 8 de junio, 2013<\/p><p><strong>Boletas:<\/strong><\/p><p>\u2022 General: RD$<strong>2,500<\/strong><br>\n\u2022 VIP: RD$<strong>5,000<\/strong><br>\n\u2022 Special Guest: RD$<strong>7,500<\/strong><br>\n\u2022 GN Guest: $<strong>12,000 <\/strong>Y Primera fila<strong>: $40,000<\/strong><\/p><p><strong>Boletas a la venta en:<\/strong><\/p><p>\u2022 Las oficinas de la Fundaci\u00f3n MIR en Altos de Chav\u00f3n, todos los d\u00edas de 8:30am \u2013 5:30pm. Tel. (809) 523-8270<\/p><p>\u2022&nbsp;UEPA Tickets, Bella Vista Mall, Santo Domingo. Tel.&nbsp;809-620-8372<\/p><p>\u2022 Tiendas MovieMax, Santo Domingo<\/p><p>\u2022 Jumbo, La Romana. Tel.&nbsp;<a href=\"tel:809-813-1893\">809-813-1893<\/a><\/p><\/blockquote>\n\n\n\n<blockquote><p><strong>La Fundaci\u00f3n MIR<\/strong><\/p><div>\n<p><strong><img decoding=\"async\" loading=\"lazy\" title=\"fundacionMIR_casadecampo\" src=\"https:\/\/i0.wp.com\/casadecampoliving.com\/wp-content\/uploads\/2022\/10\/fundacionMIR_casadecampo-1.jpg?resize=650%2C259&amp;ssl=1\" alt=\"fundacion MIR la romana\" width=\"650\" height=\"259\"><\/strong><br>\nLa<a href=\"http:\/\/wp.me\/p1kvEy-cbk\">&nbsp;Fundaci\u00f3n MIR<\/a>&nbsp;es una organizaci\u00f3n sin fines de lucro que trabaja para educar a los ni\u00f1os de escasos recursos del \u00e1rea de La Romana. La fundaci\u00f3n administra tres escuelas que velan por las necesidades de m\u00e1s de 1,000 ni\u00f1os; MIR Esperanza (escuela vocacional de ni\u00f1os), la Escuela T\u00e9cnico Vocacional Fundaci\u00f3n MIR (para las ni\u00f1as) y la&nbsp;<a href=\"https:\/\/casadecampoliving.com\/es\/2011\/01\/la-fundacion-mir-inaugura-su-nueva-escuela-primaria-mir\/\">Primaria MIR<\/a>&nbsp;(para los m\u00e1s peque\u00f1os).<\/p>\n<\/div><p><em><strong><a href=\"https:\/\/casadecampoliving.com\/es\/la-fundacion-mir\/\">Para m\u00e1s leer m\u00e1s art\u00edculos y obtener m\u00e1s informaciones sobre la Fundaci\u00f3n MIR haga click aqu\u00ed!<\/a><\/strong><\/em><\/p><\/blockquote>\n","protected":false},"excerpt":{"rendered":"<p>Le informamos que las boletas para el concierto de Ricardo Arjona, el 8 de junio en el Anfiteatro de Altos de Chav\u00f3n,&nbsp;ya&nbsp;est\u00e1n a la venta y mejor a\u00fan, \u00a1la Fundaci\u00f3n Mir la est\u00e1 vendiendo! \u00a1Una gran noticia amigos! Igual como la Fundaci\u00f3n MIR&nbsp;hizo el a\u00f1o pasado con las boletas del concierto de Julio Iglesias en [&hellip;]<\/p>\n","protected":false},"author":431,"featured_media":236928,"comment_status":"closed","ping_status":"closed","sticky":false,"template":"","format":"standard","meta":{"newspack_ads_suppress_ads":false,"newspack_popups_has_disabled_popups":false,"newspack_sponsor_sponsorship_scope":"","newspack_sponsor_native_byline_display":"inherit","newspack_sponsor_native_category_display":"inherit","newspack_sponsor_underwriter_style":"inherit","newspack_sponsor_underwriter_placement":"inherit","_newspack_byline_active":false,"_newspack_byline":"","newspack_hide_updated_date":false,"newspack_show_updated_date":false,"newspack_content_restriction_is_exempt":false,"newspack_featured_image_position":"","newspack_post_subtitle":"","newspack_article_summary_title":"Overview:","newspack_article_summary":"","_jetpack_memberships_contains_paid_content":false,"footnotes":"","jetpack_publicize_message":"","jetpack_publicize_feature_enabled":true,"jetpack_social_post_already_shared":false,"jetpack_social_options":{"image_generator_settings":{"template":"highway","default_image_id":0,"font":"","enabled":false},"version":2},"_wpas_customize_per_network":false},"categories":[26819,14629,2518,2524,2522,2515,2514,14625,14627,26822,2526,2501],"tags":[15387,2604,6364,2740,24715,6363],"newspack_spnsrs_tax":[],"class_list":["post-341477","post","type-post","status-publish","format-standard","has-post-thumbnail","hentry","category-altos-de-chavon-es","category-comidas-bebidas","category-conciertos-es","category-destacados","category-eventos-es","category-fundacion-mir-es","category-fundaciones-es","category-noticias-locales","category-proximamente","category-resort-casa-de-campo","category-titulares-es","category-vida-nocturna-es","tag-altos-de-chavon-es","tag-anfiteatro-altos-de-chavon","tag-concierto-ricardo-arjona-2013","tag-eventos","tag-fundacion-mir-es","tag-ricardo-arjona","entry"],"yoast_head":"<!-- This site is optimized with the Yoast SEO plugin v27.5 - https:\/\/yoast.com\/product\/yoast-seo-wordpress\/ -->\n<title>Boletas especiales para la primera fila del concierto &quot;Arjona Intimo&quot; de venta con la Fundaci\u00f3n MIR! | Casa de Campo Living<\/title>\n<meta name=\"description\" content=\"Le informamos que las boletas para el concierto de Ricardo Arjona, el 8 de junio en el Anfiteatro de Altos de Chav\u00f3n,&nbsp;ya&nbsp;est\u00e1n a la venta y\" \/>\n<meta name=\"robots\" content=\"index, follow, max-snippet:-1, max-image-preview:large, max-video-preview:-1\" \/>\n<link rel=\"canonical\" href=\"https:\/\/casadecampoliving.com\/es\/boletas-especiales-para-la-primera-fila-del-concierto-arjona-intimo-de-venta-con-la-fundacion-mir\/\" \/>\n<meta property=\"og:locale\" content=\"es_ES\" \/>\n<meta property=\"og:type\" content=\"article\" \/>\n<meta property=\"og:title\" content=\"Boletas especiales para la primera fila del concierto &quot;Arjona Intimo&quot; de venta con la Fundaci\u00f3n MIR! | Casa de Campo Living\" \/>\n<meta property=\"og:description\" content=\"Le informamos que las boletas para el concierto de Ricardo Arjona, el 8 de junio en el Anfiteatro de Altos de Chav\u00f3n,&nbsp;ya&nbsp;est\u00e1n a la venta y\" \/>\n<meta property=\"og:url\" content=\"https:\/\/casadecampoliving.com\/es\/boletas-especiales-para-la-primera-fila-del-concierto-arjona-intimo-de-venta-con-la-fundacion-mir\/\" \/>\n<meta property=\"og:site_name\" content=\"Casa de Campo Living\" \/>\n<meta property=\"article:publisher\" content=\"https:\/\/www.facebook.com\/casadecampoliving\" \/>\n<meta property=\"article:published_time\" content=\"2013-05-18T04:00:00+00:00\" \/>\n<meta property=\"article:modified_time\" content=\"2022-10-21T22:51:09+00:00\" \/>\n<meta property=\"og:image\" content=\"https:\/\/i0.wp.com\/casadecampoliving.com\/wp-content\/uploads\/2022\/10\/ricardo_arjona_concierto_anfiteatro_chavon1.jpg?fit=650%2C514&ssl=1\" \/>\n\t<meta property=\"og:image:width\" content=\"650\" \/>\n\t<meta property=\"og:image:height\" content=\"514\" \/>\n\t<meta property=\"og:image:type\" content=\"image\/jpeg\" \/>\n<meta name=\"author\" content=\"Mairobi Herrera\" \/>\n<meta name=\"twitter:card\" content=\"summary_large_image\" \/>\n<meta name=\"twitter:creator\" content=\"@cdcliving\" \/>\n<meta name=\"twitter:site\" content=\"@cdcliving\" \/>\n<meta name=\"twitter:label1\" content=\"Escrito por\" \/>\n\t<meta name=\"twitter:data1\" content=\"Mairobi Herrera\" \/>\n\t<meta name=\"twitter:label2\" content=\"Tiempo de lectura\" \/>\n\t<meta name=\"twitter:data2\" content=\"3 minutos\" \/>\n<script type=\"application\/ld+json\" class=\"yoast-schema-graph\">{\"@context\":\"https:\\\/\\\/schema.org\",\"@graph\":[{\"@type\":\"Article\",\"@id\":\"https:\\\/\\\/casadecampoliving.com\\\/es\\\/boletas-especiales-para-la-primera-fila-del-concierto-arjona-intimo-de-venta-con-la-fundacion-mir\\\/#article\",\"isPartOf\":{\"@id\":\"https:\\\/\\\/casadecampoliving.com\\\/es\\\/boletas-especiales-para-la-primera-fila-del-concierto-arjona-intimo-de-venta-con-la-fundacion-mir\\\/\"},\"author\":{\"name\":\"Mairobi Herrera\",\"@id\":\"https:\\\/\\\/casadecampoliving.com\\\/es\\\/#\\\/schema\\\/person\\\/932e594484c49168ad37fbb9141bf699\"},\"headline\":\"Boletas especiales para la primera fila del concierto \u00abArjona Intimo\u00bb de venta con la Fundaci\u00f3n MIR!\",\"datePublished\":\"2013-05-18T04:00:00+00:00\",\"dateModified\":\"2022-10-21T22:51:09+00:00\",\"mainEntityOfPage\":{\"@id\":\"https:\\\/\\\/casadecampoliving.com\\\/es\\\/boletas-especiales-para-la-primera-fila-del-concierto-arjona-intimo-de-venta-con-la-fundacion-mir\\\/\"},\"wordCount\":562,\"publisher\":{\"@id\":\"https:\\\/\\\/casadecampoliving.com\\\/es\\\/#organization\"},\"image\":{\"@id\":\"https:\\\/\\\/casadecampoliving.com\\\/es\\\/boletas-especiales-para-la-primera-fila-del-concierto-arjona-intimo-de-venta-con-la-fundacion-mir\\\/#primaryimage\"},\"thumbnailUrl\":\"https:\\\/\\\/i0.wp.com\\\/casadecampoliving.com\\\/wp-content\\\/uploads\\\/2022\\\/10\\\/ricardo_arjona_concierto_anfiteatro_chavon1.jpg?fit=650%2C514&ssl=1\",\"keywords\":[\"Altos de Chavon\",\"anfiteatro altos de chavon\",\"concierto ricardo arjona 2013\",\"eventos\",\"Fundacion MIR\",\"ricardo arjona\"],\"articleSection\":[\"Altos de Chavon @es\",\"Comidas &amp; Bebidas\",\"Conciertos\",\"Destacados\",\"Eventos\",\"Fundaci\u00f3n MIR @es\",\"Fundaciones\",\"Noticias Locales\",\"Proximamente\",\"Resort Casa de Campo\",\"Titulares\",\"Vida Nocturna\"],\"inLanguage\":\"es\"},{\"@type\":\"WebPage\",\"@id\":\"https:\\\/\\\/casadecampoliving.com\\\/es\\\/boletas-especiales-para-la-primera-fila-del-concierto-arjona-intimo-de-venta-con-la-fundacion-mir\\\/\",\"url\":\"https:\\\/\\\/casadecampoliving.com\\\/es\\\/boletas-especiales-para-la-primera-fila-del-concierto-arjona-intimo-de-venta-con-la-fundacion-mir\\\/\",\"name\":\"Boletas especiales para la primera fila del concierto \\\"Arjona Intimo\\\" de venta con la Fundaci\u00f3n MIR! | Casa de Campo Living\",\"isPartOf\":{\"@id\":\"https:\\\/\\\/casadecampoliving.com\\\/es\\\/#website\"},\"primaryImageOfPage\":{\"@id\":\"https:\\\/\\\/casadecampoliving.com\\\/es\\\/boletas-especiales-para-la-primera-fila-del-concierto-arjona-intimo-de-venta-con-la-fundacion-mir\\\/#primaryimage\"},\"image\":{\"@id\":\"https:\\\/\\\/casadecampoliving.com\\\/es\\\/boletas-especiales-para-la-primera-fila-del-concierto-arjona-intimo-de-venta-con-la-fundacion-mir\\\/#primaryimage\"},\"thumbnailUrl\":\"https:\\\/\\\/i0.wp.com\\\/casadecampoliving.com\\\/wp-content\\\/uploads\\\/2022\\\/10\\\/ricardo_arjona_concierto_anfiteatro_chavon1.jpg?fit=650%2C514&ssl=1\",\"datePublished\":\"2013-05-18T04:00:00+00:00\",\"dateModified\":\"2022-10-21T22:51:09+00:00\",\"description\":\"Le informamos que las boletas para el concierto de Ricardo Arjona, el 8 de junio en el Anfiteatro de Altos de Chav\u00f3n,&nbsp;ya&nbsp;est\u00e1n a la venta y\",\"breadcrumb\":{\"@id\":\"https:\\\/\\\/casadecampoliving.com\\\/es\\\/boletas-especiales-para-la-primera-fila-del-concierto-arjona-intimo-de-venta-con-la-fundacion-mir\\\/#breadcrumb\"},\"inLanguage\":\"es\",\"potentialAction\":[{\"@type\":\"ReadAction\",\"target\":[\"https:\\\/\\\/casadecampoliving.com\\\/es\\\/boletas-especiales-para-la-primera-fila-del-concierto-arjona-intimo-de-venta-con-la-fundacion-mir\\\/\"]}]},{\"@type\":\"ImageObject\",\"inLanguage\":\"es\",\"@id\":\"https:\\\/\\\/casadecampoliving.com\\\/es\\\/boletas-especiales-para-la-primera-fila-del-concierto-arjona-intimo-de-venta-con-la-fundacion-mir\\\/#primaryimage\",\"url\":\"https:\\\/\\\/i0.wp.com\\\/casadecampoliving.com\\\/wp-content\\\/uploads\\\/2022\\\/10\\\/ricardo_arjona_concierto_anfiteatro_chavon1.jpg?fit=650%2C514&ssl=1\",\"contentUrl\":\"https:\\\/\\\/i0.wp.com\\\/casadecampoliving.com\\\/wp-content\\\/uploads\\\/2022\\\/10\\\/ricardo_arjona_concierto_anfiteatro_chavon1.jpg?fit=650%2C514&ssl=1\",\"width\":650,\"height\":514},{\"@type\":\"BreadcrumbList\",\"@id\":\"https:\\\/\\\/casadecampoliving.com\\\/es\\\/boletas-especiales-para-la-primera-fila-del-concierto-arjona-intimo-de-venta-con-la-fundacion-mir\\\/#breadcrumb\",\"itemListElement\":[{\"@type\":\"ListItem\",\"position\":1,\"name\":\"Home\",\"item\":\"https:\\\/\\\/casadecampoliving.com\\\/es\\\/\"},{\"@type\":\"ListItem\",\"position\":2,\"name\":\"Boletas especiales para la primera fila del concierto &#8220;Arjona Intimo&#8221; de venta con la Fundaci\u00f3n MIR!\"}]},{\"@type\":\"WebSite\",\"@id\":\"https:\\\/\\\/casadecampoliving.com\\\/es\\\/#website\",\"url\":\"https:\\\/\\\/casadecampoliving.com\\\/es\\\/\",\"name\":\"Casa de Campo Living\",\"description\":\"Resort community news and resources.\",\"publisher\":{\"@id\":\"https:\\\/\\\/casadecampoliving.com\\\/es\\\/#organization\"},\"potentialAction\":[{\"@type\":\"SearchAction\",\"target\":{\"@type\":\"EntryPoint\",\"urlTemplate\":\"https:\\\/\\\/casadecampoliving.com\\\/es\\\/?s={search_term_string}\"},\"query-input\":{\"@type\":\"PropertyValueSpecification\",\"valueRequired\":true,\"valueName\":\"search_term_string\"}}],\"inLanguage\":\"es\"},{\"@type\":\"Organization\",\"@id\":\"https:\\\/\\\/casadecampoliving.com\\\/es\\\/#organization\",\"name\":\"Casa de Campo Living\",\"url\":\"https:\\\/\\\/casadecampoliving.com\\\/es\\\/\",\"logo\":{\"@type\":\"ImageObject\",\"inLanguage\":\"es\",\"@id\":\"https:\\\/\\\/casadecampoliving.com\\\/es\\\/#\\\/schema\\\/logo\\\/image\\\/\",\"url\":\"https:\\\/\\\/i0.wp.com\\\/casadecampoliving.com\\\/wp-content\\\/uploads\\\/2022\\\/07\\\/CDCLivingLogo_V1-white-sized.png?fit=800%2C214&ssl=1\",\"contentUrl\":\"https:\\\/\\\/i0.wp.com\\\/casadecampoliving.com\\\/wp-content\\\/uploads\\\/2022\\\/07\\\/CDCLivingLogo_V1-white-sized.png?fit=800%2C214&ssl=1\",\"width\":800,\"height\":214,\"caption\":\"Casa de Campo Living\"},\"image\":{\"@id\":\"https:\\\/\\\/casadecampoliving.com\\\/es\\\/#\\\/schema\\\/logo\\\/image\\\/\"},\"sameAs\":[\"https:\\\/\\\/www.facebook.com\\\/casadecampoliving\",\"https:\\\/\\\/x.com\\\/cdcliving\"]},{\"@type\":\"Person\",\"@id\":\"https:\\\/\\\/casadecampoliving.com\\\/es\\\/#\\\/schema\\\/person\\\/932e594484c49168ad37fbb9141bf699\",\"name\":\"Mairobi Herrera\",\"image\":{\"@type\":\"ImageObject\",\"inLanguage\":\"es\",\"@id\":\"https:\\\/\\\/secure.gravatar.com\\\/avatar\\\/d0bf6c19470eb55d83c719e39672f670b2c4412339af1eb8a08f86427ba98ee8?s=96&d=mm&r=g\",\"url\":\"https:\\\/\\\/secure.gravatar.com\\\/avatar\\\/d0bf6c19470eb55d83c719e39672f670b2c4412339af1eb8a08f86427ba98ee8?s=96&d=mm&r=g\",\"contentUrl\":\"https:\\\/\\\/secure.gravatar.com\\\/avatar\\\/d0bf6c19470eb55d83c719e39672f670b2c4412339af1eb8a08f86427ba98ee8?s=96&d=mm&r=g\",\"caption\":\"Mairobi Herrera\"},\"sameAs\":[\"https:\\\/\\\/casadecampoliving.com\\\/\"],\"url\":\"https:\\\/\\\/casadecampoliving.com\\\/es\\\/author\\\/mherrera\\\/\"}]}<\/script>\n<!-- \/ Yoast SEO plugin. -->","yoast_head_json":{"title":"Boletas especiales para la primera fila del concierto \"Arjona Intimo\" de venta con la Fundaci\u00f3n MIR! | Casa de Campo Living","description":"Le informamos que las boletas para el concierto de Ricardo Arjona, el 8 de junio en el Anfiteatro de Altos de Chav\u00f3n,&nbsp;ya&nbsp;est\u00e1n a la venta y","robots":{"index":"index","follow":"follow","max-snippet":"max-snippet:-1","max-image-preview":"max-image-preview:large","max-video-preview":"max-video-preview:-1"},"canonical":"https:\/\/casadecampoliving.com\/es\/boletas-especiales-para-la-primera-fila-del-concierto-arjona-intimo-de-venta-con-la-fundacion-mir\/","og_locale":"es_ES","og_type":"article","og_title":"Boletas especiales para la primera fila del concierto \"Arjona Intimo\" de venta con la Fundaci\u00f3n MIR! | Casa de Campo Living","og_description":"Le informamos que las boletas para el concierto de Ricardo Arjona, el 8 de junio en el Anfiteatro de Altos de Chav\u00f3n,&nbsp;ya&nbsp;est\u00e1n a la venta y","og_url":"https:\/\/casadecampoliving.com\/es\/boletas-especiales-para-la-primera-fila-del-concierto-arjona-intimo-de-venta-con-la-fundacion-mir\/","og_site_name":"Casa de Campo Living","article_publisher":"https:\/\/www.facebook.com\/casadecampoliving","article_published_time":"2013-05-18T04:00:00+00:00","article_modified_time":"2022-10-21T22:51:09+00:00","og_image":[{"width":650,"height":514,"url":"https:\/\/i0.wp.com\/casadecampoliving.com\/wp-content\/uploads\/2022\/10\/ricardo_arjona_concierto_anfiteatro_chavon1.jpg?fit=650%2C514&ssl=1","type":"image\/jpeg"}],"author":"Mairobi Herrera","twitter_card":"summary_large_image","twitter_creator":"@cdcliving","twitter_site":"@cdcliving","twitter_misc":{"Escrito por":"Mairobi Herrera","Tiempo de lectura":"3 minutos"},"schema":{"@context":"https:\/\/schema.org","@graph":[{"@type":"Article","@id":"https:\/\/casadecampoliving.com\/es\/boletas-especiales-para-la-primera-fila-del-concierto-arjona-intimo-de-venta-con-la-fundacion-mir\/#article","isPartOf":{"@id":"https:\/\/casadecampoliving.com\/es\/boletas-especiales-para-la-primera-fila-del-concierto-arjona-intimo-de-venta-con-la-fundacion-mir\/"},"author":{"name":"Mairobi Herrera","@id":"https:\/\/casadecampoliving.com\/es\/#\/schema\/person\/932e594484c49168ad37fbb9141bf699"},"headline":"Boletas especiales para la primera fila del concierto \u00abArjona Intimo\u00bb de venta con la Fundaci\u00f3n MIR!","datePublished":"2013-05-18T04:00:00+00:00","dateModified":"2022-10-21T22:51:09+00:00","mainEntityOfPage":{"@id":"https:\/\/casadecampoliving.com\/es\/boletas-especiales-para-la-primera-fila-del-concierto-arjona-intimo-de-venta-con-la-fundacion-mir\/"},"wordCount":562,"publisher":{"@id":"https:\/\/casadecampoliving.com\/es\/#organization"},"image":{"@id":"https:\/\/casadecampoliving.com\/es\/boletas-especiales-para-la-primera-fila-del-concierto-arjona-intimo-de-venta-con-la-fundacion-mir\/#primaryimage"},"thumbnailUrl":"https:\/\/i0.wp.com\/casadecampoliving.com\/wp-content\/uploads\/2022\/10\/ricardo_arjona_concierto_anfiteatro_chavon1.jpg?fit=650%2C514&ssl=1","keywords":["Altos de Chavon","anfiteatro altos de chavon","concierto ricardo arjona 2013","eventos","Fundacion MIR","ricardo arjona"],"articleSection":["Altos de Chavon @es","Comidas &amp; Bebidas","Conciertos","Destacados","Eventos","Fundaci\u00f3n MIR @es","Fundaciones","Noticias Locales","Proximamente","Resort Casa de Campo","Titulares","Vida Nocturna"],"inLanguage":"es"},{"@type":"WebPage","@id":"https:\/\/casadecampoliving.com\/es\/boletas-especiales-para-la-primera-fila-del-concierto-arjona-intimo-de-venta-con-la-fundacion-mir\/","url":"https:\/\/casadecampoliving.com\/es\/boletas-especiales-para-la-primera-fila-del-concierto-arjona-intimo-de-venta-con-la-fundacion-mir\/","name":"Boletas especiales para la primera fila del concierto \"Arjona Intimo\" de venta con la Fundaci\u00f3n MIR! | Casa de Campo Living","isPartOf":{"@id":"https:\/\/casadecampoliving.com\/es\/#website"},"primaryImageOfPage":{"@id":"https:\/\/casadecampoliving.com\/es\/boletas-especiales-para-la-primera-fila-del-concierto-arjona-intimo-de-venta-con-la-fundacion-mir\/#primaryimage"},"image":{"@id":"https:\/\/casadecampoliving.com\/es\/boletas-especiales-para-la-primera-fila-del-concierto-arjona-intimo-de-venta-con-la-fundacion-mir\/#primaryimage"},"thumbnailUrl":"https:\/\/i0.wp.com\/casadecampoliving.com\/wp-content\/uploads\/2022\/10\/ricardo_arjona_concierto_anfiteatro_chavon1.jpg?fit=650%2C514&ssl=1","datePublished":"2013-05-18T04:00:00+00:00","dateModified":"2022-10-21T22:51:09+00:00","description":"Le informamos que las boletas para el concierto de Ricardo Arjona, el 8 de junio en el Anfiteatro de Altos de Chav\u00f3n,&nbsp;ya&nbsp;est\u00e1n a la venta y","breadcrumb":{"@id":"https:\/\/casadecampoliving.com\/es\/boletas-especiales-para-la-primera-fila-del-concierto-arjona-intimo-de-venta-con-la-fundacion-mir\/#breadcrumb"},"inLanguage":"es","potentialAction":[{"@type":"ReadAction","target":["https:\/\/casadecampoliving.com\/es\/boletas-especiales-para-la-primera-fila-del-concierto-arjona-intimo-de-venta-con-la-fundacion-mir\/"]}]},{"@type":"ImageObject","inLanguage":"es","@id":"https:\/\/casadecampoliving.com\/es\/boletas-especiales-para-la-primera-fila-del-concierto-arjona-intimo-de-venta-con-la-fundacion-mir\/#primaryimage","url":"https:\/\/i0.wp.com\/casadecampoliving.com\/wp-content\/uploads\/2022\/10\/ricardo_arjona_concierto_anfiteatro_chavon1.jpg?fit=650%2C514&ssl=1","contentUrl":"https:\/\/i0.wp.com\/casadecampoliving.com\/wp-content\/uploads\/2022\/10\/ricardo_arjona_concierto_anfiteatro_chavon1.jpg?fit=650%2C514&ssl=1","width":650,"height":514},{"@type":"BreadcrumbList","@id":"https:\/\/casadecampoliving.com\/es\/boletas-especiales-para-la-primera-fila-del-concierto-arjona-intimo-de-venta-con-la-fundacion-mir\/#breadcrumb","itemListElement":[{"@type":"ListItem","position":1,"name":"Home","item":"https:\/\/casadecampoliving.com\/es\/"},{"@type":"ListItem","position":2,"name":"Boletas especiales para la primera fila del concierto &#8220;Arjona Intimo&#8221; de venta con la Fundaci\u00f3n MIR!"}]},{"@type":"WebSite","@id":"https:\/\/casadecampoliving.com\/es\/#website","url":"https:\/\/casadecampoliving.com\/es\/","name":"Casa de Campo Living","description":"Resort community news and resources.","publisher":{"@id":"https:\/\/casadecampoliving.com\/es\/#organization"},"potentialAction":[{"@type":"SearchAction","target":{"@type":"EntryPoint","urlTemplate":"https:\/\/casadecampoliving.com\/es\/?s={search_term_string}"},"query-input":{"@type":"PropertyValueSpecification","valueRequired":true,"valueName":"search_term_string"}}],"inLanguage":"es"},{"@type":"Organization","@id":"https:\/\/casadecampoliving.com\/es\/#organization","name":"Casa de Campo Living","url":"https:\/\/casadecampoliving.com\/es\/","logo":{"@type":"ImageObject","inLanguage":"es","@id":"https:\/\/casadecampoliving.com\/es\/#\/schema\/logo\/image\/","url":"https:\/\/i0.wp.com\/casadecampoliving.com\/wp-content\/uploads\/2022\/07\/CDCLivingLogo_V1-white-sized.png?fit=800%2C214&ssl=1","contentUrl":"https:\/\/i0.wp.com\/casadecampoliving.com\/wp-content\/uploads\/2022\/07\/CDCLivingLogo_V1-white-sized.png?fit=800%2C214&ssl=1","width":800,"height":214,"caption":"Casa de Campo Living"},"image":{"@id":"https:\/\/casadecampoliving.com\/es\/#\/schema\/logo\/image\/"},"sameAs":["https:\/\/www.facebook.com\/casadecampoliving","https:\/\/x.com\/cdcliving"]},{"@type":"Person","@id":"https:\/\/casadecampoliving.com\/es\/#\/schema\/person\/932e594484c49168ad37fbb9141bf699","name":"Mairobi Herrera","image":{"@type":"ImageObject","inLanguage":"es","@id":"https:\/\/secure.gravatar.com\/avatar\/d0bf6c19470eb55d83c719e39672f670b2c4412339af1eb8a08f86427ba98ee8?s=96&d=mm&r=g","url":"https:\/\/secure.gravatar.com\/avatar\/d0bf6c19470eb55d83c719e39672f670b2c4412339af1eb8a08f86427ba98ee8?s=96&d=mm&r=g","contentUrl":"https:\/\/secure.gravatar.com\/avatar\/d0bf6c19470eb55d83c719e39672f670b2c4412339af1eb8a08f86427ba98ee8?s=96&d=mm&r=g","caption":"Mairobi Herrera"},"sameAs":["https:\/\/casadecampoliving.com\/"],"url":"https:\/\/casadecampoliving.com\/es\/author\/mherrera\/"}]}},"parsely":{"version":"1.1.0","canonical_url":"https:\/\/casadecampoliving.com\/es\/boletas-especiales-para-la-primera-fila-del-concierto-arjona-intimo-de-venta-con-la-fundacion-mir\/","smart_links":{"inbound":0,"outbound":0},"traffic_boost_suggestions_count":0,"meta":{"@context":"https:\/\/schema.org","@type":"NewsArticle","headline":"Boletas especiales para la primera fila del concierto \u00abArjona Intimo\u00bb de venta con la Fundaci\u00f3n MIR!","url":"http:\/\/casadecampoliving.com\/es\/boletas-especiales-para-la-primera-fila-del-concierto-arjona-intimo-de-venta-con-la-fundacion-mir\/","mainEntityOfPage":{"@type":"WebPage","@id":"http:\/\/casadecampoliving.com\/es\/boletas-especiales-para-la-primera-fila-del-concierto-arjona-intimo-de-venta-con-la-fundacion-mir\/"},"thumbnailUrl":"https:\/\/i0.wp.com\/casadecampoliving.com\/wp-content\/uploads\/2022\/10\/ricardo_arjona_concierto_anfiteatro_chavon1.jpg?resize=150%2C150&ssl=1","image":{"@type":"ImageObject","url":"https:\/\/i0.wp.com\/casadecampoliving.com\/wp-content\/uploads\/2022\/10\/ricardo_arjona_concierto_anfiteatro_chavon1.jpg?fit=650%2C514&ssl=1"},"articleSection":"Altos de Chavon @es","author":[{"@type":"Person","name":"Mairobi Herrera"}],"creator":["Mairobi Herrera"],"publisher":{"@type":"Organization","name":"Casa de Campo Living","logo":"https:\/\/casadecampoliving.com\/wp-content\/uploads\/2022\/07\/CDCLivingLogo_V1-white-sized.png"},"keywords":["altos de chavon","anfiteatro altos de chavon","concierto ricardo arjona 2013","eventos","fundacion mir","ricardo arjona"],"dateCreated":"2013-05-18T04:00:00Z","datePublished":"2013-05-18T04:00:00Z","dateModified":"2022-10-21T22:51:09Z"},"rendered":"<script type=\"application\/ld+json\" class=\"wp-parsely-metadata\">{\"@context\":\"https:\\\/\\\/schema.org\",\"@type\":\"NewsArticle\",\"headline\":\"Boletas especiales para la primera fila del concierto \\u00abArjona Intimo\\u00bb de venta con la Fundaci\\u00f3n MIR!\",\"url\":\"http:\\\/\\\/casadecampoliving.com\\\/es\\\/boletas-especiales-para-la-primera-fila-del-concierto-arjona-intimo-de-venta-con-la-fundacion-mir\\\/\",\"mainEntityOfPage\":{\"@type\":\"WebPage\",\"@id\":\"http:\\\/\\\/casadecampoliving.com\\\/es\\\/boletas-especiales-para-la-primera-fila-del-concierto-arjona-intimo-de-venta-con-la-fundacion-mir\\\/\"},\"thumbnailUrl\":\"https:\\\/\\\/i0.wp.com\\\/casadecampoliving.com\\\/wp-content\\\/uploads\\\/2022\\\/10\\\/ricardo_arjona_concierto_anfiteatro_chavon1.jpg?resize=150%2C150&ssl=1\",\"image\":{\"@type\":\"ImageObject\",\"url\":\"https:\\\/\\\/i0.wp.com\\\/casadecampoliving.com\\\/wp-content\\\/uploads\\\/2022\\\/10\\\/ricardo_arjona_concierto_anfiteatro_chavon1.jpg?fit=650%2C514&ssl=1\"},\"articleSection\":\"Altos de Chavon @es\",\"author\":[{\"@type\":\"Person\",\"name\":\"Mairobi Herrera\"}],\"creator\":[\"Mairobi Herrera\"],\"publisher\":{\"@type\":\"Organization\",\"name\":\"Casa de Campo Living\",\"logo\":\"https:\\\/\\\/casadecampoliving.com\\\/wp-content\\\/uploads\\\/2022\\\/07\\\/CDCLivingLogo_V1-white-sized.png\"},\"keywords\":[\"altos de chavon\",\"anfiteatro altos de chavon\",\"concierto ricardo arjona 2013\",\"eventos\",\"fundacion mir\",\"ricardo arjona\"],\"dateCreated\":\"2013-05-18T04:00:00Z\",\"datePublished\":\"2013-05-18T04:00:00Z\",\"dateModified\":\"2022-10-21T22:51:09Z\"}<\/script>","tracker_url":"https:\/\/cdn.parsely.com\/keys\/casadecampoliving.com\/p.js"},"jetpack_publicize_connections":[],"jetpack_featured_media_url":"https:\/\/i0.wp.com\/casadecampoliving.com\/wp-content\/uploads\/2022\/10\/ricardo_arjona_concierto_anfiteatro_chavon1.jpg?fit=650%2C514&ssl=1","jetpack-related-posts":[{"id":341755,"url":"https:\/\/casadecampoliving.com\/es\/fundacion-mir-ahora-vende-boletas-de-todas-las-categorias-para-el-concierto-de-arjona\/","url_meta":{"origin":341477,"position":0},"title":"Fundaci\u00f3n MIR ahora vende boletas de todas las categor\u00edas para el concierto de Arjona","author":"Mairobi Herrera","date":"4 Jun, 2013","format":false,"excerpt":"\u00a1Una gran noticia! La Fundaci\u00f3n MIR est\u00e1 vendiendo boletas de todas las categor\u00edas para el de Ricardo Arjona, el 8 de junio en el Anfiteatro de Altos de Chav\u00f3n\u00a0adem\u00e1s de las boletas especiales para primera fila, con las cuales recibir\u00e1n un 10% y \u00a0un 20% en beneficio de la fundaci\u00f3n.\u2026","rel":"","context":"En \u00abAltos de Chavon @es\u00bb","block_context":{"text":"Altos de Chavon @es","link":"https:\/\/casadecampoliving.com\/category\/altos-de-chavon-es\/"},"img":{"alt_text":"mapa chavon arjona","src":"https:\/\/i0.wp.com\/casadecampoliving.com\/wp-content\/uploads\/2022\/10\/Map_Chavon_Arjona-1.jpg?fit=650%2C502&ssl=1&resize=350%2C200","width":350,"height":200,"srcset":"https:\/\/i0.wp.com\/casadecampoliving.com\/wp-content\/uploads\/2022\/10\/Map_Chavon_Arjona-1.jpg?fit=650%2C502&ssl=1&resize=350%2C200 1x, https:\/\/i0.wp.com\/casadecampoliving.com\/wp-content\/uploads\/2022\/10\/Map_Chavon_Arjona-1.jpg?fit=650%2C502&ssl=1&resize=525%2C300 1.5x"},"classes":[]},{"id":341889,"url":"https:\/\/casadecampoliving.com\/es\/la-fundacion-mir-recauda-rd68400-con-ventas-de-boletos-del-concierto-de-arjona\/","url_meta":{"origin":341477,"position":1},"title":"La Fundaci\u00f3n MIR recauda RD$68,400 con ventas de boletos del concierto de Arjona","author":"Mairobi Herrera","date":"13 Jun, 2013","format":false,"excerpt":"Una suma de $68,400 pesos fueron recaudados por la Fundaci\u00f3n MIR con la ventas de los boletos del concierto a casa llena de Ricardo Arjona en Altos de Chav\u00f3n, el pasado s\u00e1bado 8 de junio. El concierto de Arjona en Altos de Chav\u00f3n fue fant\u00e1stico y ahora mucho m\u00e1s, ya\u2026","rel":"","context":"En \u00abAltos de Chavon @es\u00bb","block_context":{"text":"Altos de Chavon @es","link":"https:\/\/casadecampoliving.com\/category\/altos-de-chavon-es\/"},"img":{"alt_text":"fundacion MIR","src":"https:\/\/i0.wp.com\/casadecampoliving.com\/wp-content\/uploads\/2022\/10\/fundacion_MIR-16.jpg?fit=650%2C433&ssl=1&resize=350%2C200","width":350,"height":200,"srcset":"https:\/\/i0.wp.com\/casadecampoliving.com\/wp-content\/uploads\/2022\/10\/fundacion_MIR-16.jpg?fit=650%2C433&ssl=1&resize=350%2C200 1x, https:\/\/i0.wp.com\/casadecampoliving.com\/wp-content\/uploads\/2022\/10\/fundacion_MIR-16.jpg?fit=650%2C433&ssl=1&resize=525%2C300 1.5x"},"classes":[]},{"id":322308,"url":"https:\/\/casadecampoliving.com\/ricardo-arjona-concert-special-front-row-tickets-for-sale-at-the-fundacion-mir\/","url_meta":{"origin":341477,"position":2},"title":"Ricardo Arjona concert &#8211; special front row tickets for sale at the Fundaci\u00f3n MIR!","author":"Mairobi Herrera","date":"18 May, 2013","format":false,"excerpt":"Special FRONT ROW tickets for the\u00a0Ricardo Arjona concert- on June 8th at the Altos de Chavon Amphitheater,\u00a0are for sale at the Fundaci\u00f3n MIR \u2013 who will receive 20% of each ticket sold to benefit their educational programs and 3 schools in La Romana. In December last year, the Fundaci\u00f3n MIR\u2026","rel":"","context":"En \u00abAltos de Chavon\u00bb","block_context":{"text":"Altos de Chavon","link":"https:\/\/casadecampoliving.com\/category\/altos-de-chavon\/"},"img":{"alt_text":"","src":"https:\/\/i0.wp.com\/casadecampoliving.com\/wp-content\/uploads\/2022\/10\/ricardo_arjona_concierto_anfiteatro_chavon1.jpg?fit=650%2C514&ssl=1&resize=350%2C200","width":350,"height":200,"srcset":"https:\/\/i0.wp.com\/casadecampoliving.com\/wp-content\/uploads\/2022\/10\/ricardo_arjona_concierto_anfiteatro_chavon1.jpg?fit=650%2C514&ssl=1&resize=350%2C200 1x, https:\/\/i0.wp.com\/casadecampoliving.com\/wp-content\/uploads\/2022\/10\/ricardo_arjona_concierto_anfiteatro_chavon1.jpg?fit=650%2C514&ssl=1&resize=525%2C300 1.5x"},"classes":[]},{"id":341801,"url":"https:\/\/casadecampoliving.com\/es\/programa-de-eventos-en-altos-de-chavon-para-junio\/","url_meta":{"origin":341477,"position":3},"title":"\u00a1Programa de eventos en Altos de Chav\u00f3n para Junio!","author":"Mairobi Herrera","date":"7 Jun, 2013","format":false,"excerpt":"\u00a1En Altos de Chav\u00f3n contin\u00faa la Fiesta! Apenas hace unos dias que finaliz\u00f3 el excelente e inolvidable Festival de Primavera, en el cual disfrutamos de muchas espectaculares actividades, y \u00a1ya nos presentan la lista con todas las nuevas actividades y espect\u00e1culos que se llevar\u00e1n a cabo en la \u201cciudad de\u2026","rel":"","context":"En \u00abAltos de Chavon @es\u00bb","block_context":{"text":"Altos de Chavon @es","link":"https:\/\/casadecampoliving.com\/category\/altos-de-chavon-es\/"},"img":{"alt_text":"chavon electronico","src":"https:\/\/i0.wp.com\/casadecampoliving.com\/wp-content\/uploads\/2022\/10\/chavon_-electronico01-1.jpg?fit=650%2C440&ssl=1&resize=350%2C200","width":350,"height":200,"srcset":"https:\/\/i0.wp.com\/casadecampoliving.com\/wp-content\/uploads\/2022\/10\/chavon_-electronico01-1.jpg?fit=650%2C440&ssl=1&resize=350%2C200 1x, https:\/\/i0.wp.com\/casadecampoliving.com\/wp-content\/uploads\/2022\/10\/chavon_-electronico01-1.jpg?fit=650%2C440&ssl=1&resize=525%2C300 1.5x"},"classes":[]},{"id":322371,"url":"https:\/\/casadecampoliving.com\/fundacion-mir-raises-rd68400-from-the-sale-of-ricardo-arjona-tickets\/","url_meta":{"origin":341477,"position":4},"title":"Fundaci\u00f3n MIR raises RD$68,400 from the sale of Ricardo Arjona tickets!","author":"Mairobi Herrera","date":"13 Jun, 2013","format":false,"excerpt":"A sum of RD$68.400 was raised by the Fundaci\u00f3n MIR with the tickets sales of Ricardo Arjona tickets for his sold out concert last Saturday the 8th of June in Altos de Chav\u00f3n. Arjona\u2019s concert in Altos de Chav\u00f3n was excellent and now with the news that so much was\u2026","rel":"","context":"En \u00abAltos de Chavon\u00bb","block_context":{"text":"Altos de Chavon","link":"https:\/\/casadecampoliving.com\/category\/altos-de-chavon\/"},"img":{"alt_text":"fundacion MIR","src":"https:\/\/i0.wp.com\/casadecampoliving.com\/wp-content\/uploads\/2022\/10\/fundacion_MIR-16.jpg?fit=650%2C433&ssl=1&resize=350%2C200","width":350,"height":200,"srcset":"https:\/\/i0.wp.com\/casadecampoliving.com\/wp-content\/uploads\/2022\/10\/fundacion_MIR-16.jpg?fit=650%2C433&ssl=1&resize=350%2C200 1x, https:\/\/i0.wp.com\/casadecampoliving.com\/wp-content\/uploads\/2022\/10\/fundacion_MIR-16.jpg?fit=650%2C433&ssl=1&resize=525%2C300 1.5x"},"classes":[]},{"id":322351,"url":"https:\/\/casadecampoliving.com\/fundacion-mir-now-selling-all-ticket-categories-for-the-arjona-concert\/","url_meta":{"origin":341477,"position":5},"title":"Fundacion MIR now selling all ticket categories for the Arjona concert!","author":"Mairobi Herrera","date":"4 Jun, 2013","format":false,"excerpt":"Good news friends! Fundacion MIR is now selling all ticket categories for the\u00a0Ricardo Arjona concert- this Saturday the 8th of June at the Altos de Chav\u00f3n Amphitheater,\u00a0and Fundaci\u00f3n MIR will receive 10% and 20% of tickets sold to benefit their educational programs and 3 schools in La Romana. First, the\u2026","rel":"","context":"En \u00abAltos de Chavon\u00bb","block_context":{"text":"Altos de Chavon","link":"https:\/\/casadecampoliving.com\/category\/altos-de-chavon\/"},"img":{"alt_text":"mapa chavon arjona","src":"https:\/\/i0.wp.com\/casadecampoliving.com\/wp-content\/uploads\/2022\/10\/Map_Chavon_Arjona-1.jpg?fit=650%2C502&ssl=1&resize=350%2C200","width":350,"height":200,"srcset":"https:\/\/i0.wp.com\/casadecampoliving.com\/wp-content\/uploads\/2022\/10\/Map_Chavon_Arjona-1.jpg?fit=650%2C502&ssl=1&resize=350%2C200 1x, https:\/\/i0.wp.com\/casadecampoliving.com\/wp-content\/uploads\/2022\/10\/Map_Chavon_Arjona-1.jpg?fit=650%2C502&ssl=1&resize=525%2C300 1.5x"},"classes":[]}],"jetpack_sharing_enabled":true,"_links":{"self":[{"href":"https:\/\/casadecampoliving.com\/es\/wp-json\/wp\/v2\/posts\/341477","targetHints":{"allow":["GET"]}}],"collection":[{"href":"https:\/\/casadecampoliving.com\/es\/wp-json\/wp\/v2\/posts"}],"about":[{"href":"https:\/\/casadecampoliving.com\/es\/wp-json\/wp\/v2\/types\/post"}],"author":[{"embeddable":true,"href":"https:\/\/casadecampoliving.com\/es\/wp-json\/wp\/v2\/users\/431"}],"replies":[{"embeddable":true,"href":"https:\/\/casadecampoliving.com\/es\/wp-json\/wp\/v2\/comments?post=341477"}],"version-history":[{"count":1,"href":"https:\/\/casadecampoliving.com\/es\/wp-json\/wp\/v2\/posts\/341477\/revisions"}],"predecessor-version":[{"id":341478,"href":"https:\/\/casadecampoliving.com\/es\/wp-json\/wp\/v2\/posts\/341477\/revisions\/341478"}],"wp:featuredmedia":[{"embeddable":true,"href":"https:\/\/casadecampoliving.com\/es\/wp-json\/wp\/v2\/media\/236928"}],"wp:attachment":[{"href":"https:\/\/casadecampoliving.com\/es\/wp-json\/wp\/v2\/media?parent=341477"}],"wp:term":[{"taxonomy":"category","embeddable":true,"href":"https:\/\/casadecampoliving.com\/es\/wp-json\/wp\/v2\/categories?post=341477"},{"taxonomy":"post_tag","embeddable":true,"href":"https:\/\/casadecampoliving.com\/es\/wp-json\/wp\/v2\/tags?post=341477"},{"taxonomy":"newspack_spnsrs_tax","embeddable":true,"href":"https:\/\/casadecampoliving.com\/es\/wp-json\/wp\/v2\/newspack_spnsrs_tax?post=341477"}],"curies":[{"name":"wp","href":"https:\/\/api.w.org\/{rel}","templated":true}]}}