{"id":341475,"date":"2013-05-19T00:00:00","date_gmt":"2013-05-19T04:00:00","guid":{"rendered":"https:\/\/casadecampoliving.com\/ministro-de-cultura-jose-antonio-rodriguez-les-invita-a-hacer-una-parada-en-chavon-donde-el-sol-se-anida-para-recibir-la-primavera\/"},"modified":"2022-10-21T18:51:03","modified_gmt":"2022-10-21T22:51:03","slug":"ministro-de-cultura-jose-antonio-rodriguez-les-invita-a-hacer-una-parada-en-chavon-donde-el-sol-se-anida-para-recibir-la-primavera","status":"publish","type":"post","link":"https:\/\/casadecampoliving.com\/es\/ministro-de-cultura-jose-antonio-rodriguez-les-invita-a-hacer-una-parada-en-chavon-donde-el-sol-se-anida-para-recibir-la-primavera\/","title":{"rendered":"Ministro de cultura Jos\u00e9 Antonio Rodr\u00edguez les invita a hacer una parada en Chav\u00f3n, \u00abdonde el sol se anida para recibir la primavera\u00bb"},"content":{"rendered":"<div class=\"wp-block-image\">\n<figure class=\"aligncenter is-resized\"><img loading=\"lazy\" decoding=\"async\" src=\"https:\/\/i0.wp.com\/casadecampoliving.com\/wp-content\/uploads\/2022\/10\/jose_antonio_rodroguez.jpg?resize=650%2C509&amp;ssl=1\" alt=\"jose antonio rodriguez\" class=\"wp-image-70462\" title=\"jose_antonio_rodriguez\" height=\"509\" width=\"650\"\/><\/figure>\n<\/div>\n\n\n<p>Desde que Jos\u00e9 Antonio Rodr\u00edguez asumi\u00f3&nbsp;el cargo de Ministro de Cultura de la Rep\u00fablica Dominicana, la localidad de La&nbsp;Romana, se ha puesto en marcha, patrocinando y apoyando muchas excelentes iniciativas en todo el pa\u00eds; y lo siguiente es su invitaci\u00f3n a la <a href=\"https:\/\/casadecampoliving.com\/es\/2013\/04\/guarde-la-fecha-festival-de-primavera-2013-con-la-melodia-del-teatro-dominicano-musica-y-danza\/\">Festival de Primavera<\/a>, en Altos de Chav\u00f3n, del 23 al 26 de mayo.<\/p>\n\n\n\n<p>Espere actuaciones de la Orquesta Sinf\u00f3nica Nacional de la realizada por el Maestro Jos\u00e9 Antonio Molina, del Teatro Rodante Dominicano, el Quinteto Mirabal (Quinteto de cuerda), la Escuela Nacional de Danza (ENDANZA) y la Orquesta de Vientos Dominicana \u2026 vea m\u00e1s adelante &nbsp;el programa completo.<\/p>\n\n\n\n<p>Como un reconocido artista dominicano y compositor, aqu\u00ed dejamos el ministro de Cultura Jos\u00e9 Antonio Rodr\u00edguez Dominicana que lo seduzca con sus palabras po\u00e9ticas, invit\u00e1ndolo personalmente a que se unan a nosotros en el Festival de Primavera \u2026<\/p>\n\n\n\n<blockquote><p><em>\u201cSi los colores estallan en tus pupilas, y el viento en su ulular te susurra los secretos musicales de los p\u00e1jaros, mientras el olor a tierra mojada de los caminos penetra en tus sentidos llen\u00e1ndote de un optimismo repentino. Si al despuntar el alba puedes atisbar el silencioso brote de las flores, empe\u00f1adas en democratizar la contemplaci\u00f3n de la belleza, entonces no lo dudes, est\u00e1s en primavera, met\u00e1fora de luz que la naturaleza crea para mostrarte el milagro de la vida en Altos de Chav\u00f3n.<\/em><\/p><figure><img decoding=\"async\" loading=\"lazy\" class=\"aligncenter  wp-image-50714\" title=\"altos_de_chavon\" src=\"https:\/\/i0.wp.com\/casadecampoliving.com\/wp-content\/uploads\/2022\/10\/altos_de_chavon7.jpg?resize=585%2C345&amp;ssl=1\" alt=\"altos de chavon\" width=\"585\" height=\"345\"><\/figure><p style=\"text-align: center;\"><\/p><p><em>Ese lugar de La Romana ser\u00e1 el anfitri\u00f3n del \u00a8Festival de Primavera de Altos de Chav\u00f3n 2013\u00a8 con el prop\u00f3sito de mostrarle al mundo una aut\u00e9ntica representaci\u00f3n del arte y la cultura nacional y popular de la Republica Dominicana. &nbsp;Para tal fin, en los d\u00edas 23, 24, 25 y 26 de mayo, realizaremos eventos que posibiliten a nuestros visitantes tener una experiencia vital con una serie de manifestaciones culturales del pa\u00eds.<\/em><\/p><p><em>El Ministerio de Cultura extiende su mano amiga a la Corporaci\u00f3n Central Romana a trav\u00e9s de Casa de Campo y Costasur Dominicana, para garantizar el \u00e9xito del festival.<\/em><\/p><p><em>Ya hicimos lo nuestro. Ahora te toca, distinguido visitante, seguir el c\u00e1ntico milenario del r\u00edo y detenerte en Altos de Chav\u00f3n, lugar donde el sol se anida para recibir la primavera<\/em><em>.\u201d<\/em><\/p><p style=\"padding-left: 30px;\">\u2014 Jos\u00e9 Antonio Rodriguez, Ministro de Cultura<\/p><\/blockquote>\n\n\n\n<p>El Ministro de Cultura Jos\u00e9 Antonio Rodr\u00edguez Dominicana tambi\u00e9n ha anunciado recientemente la <a href=\"https:\/\/casadecampoliving.com\/es\/2013\/02\/dejando-atras-lo-antiguo-y-recibiendo-lo-nuevo-convirtiendo-la-fortaleza-en-una-aldea-cultural\/\">\u201cAldea Cultural Santa Rosa de Lima\u201d<\/a>,&nbsp;un proyecto que se est\u00e1 llevando a la vieja c\u00e1rcel \u201cLa Fortaleza\u201d, con vistas al r\u00edo Salao y &nbsp;del puerto tur\u00edstico de La Romana, para convertirlo en un centro de bellas artes, un museo naval y un anfiteatro, as\u00ed como una exposici\u00f3n sobre la industria de tabaco \u2013 una de las atracciones dirigidas a los turistas.<\/p>\n\n\n\n<blockquote><p><strong><strong><a href=\"https:\/\/casadecampoliving.com\/es\/2013\/04\/guarde-la-fecha-festival-de-primavera-2013-con-la-melodia-del-teatro-dominicano-musica-y-danza\/\">Festival de Primavera<\/a><\/strong>: Desde el 23 \u2013 26 de mayo<\/strong><\/p><figure><img decoding=\"async\" loading=\"lazy\" class=\"aligncenter  wp-image-69965\" title=\"festival_primavera\" src=\"https:\/\/i0.wp.com\/casadecampoliving.com\/wp-content\/uploads\/2022\/10\/festival_primavera-2.jpg?resize=585%2C458&amp;ssl=1\" alt=\"festival primavera\" width=\"585\" height=\"458\"><\/figure><p style=\"text-align: center;\"><\/p><p>El Festival de Primavera 2013 ser\u00e1 celebrado en Altos de Chav\u00f3n desde el 23 al 26 de mayo. Una m\u00e1gica ocasi\u00f3n que nos traer\u00e1 lo mejor del arte y la m\u00fasica dominicana a Casa de Campo. Las presentaciones que se esperan son la<strong>Orquesta Sinf\u00f3nica Nacional conducida por el maestro Jos\u00e9 Antonio Molina, el Teatro Callejero Dominicano, El Quinteto Mirabal, la Escuela Nacional de Danza (ENDANZA) y el Orquesta de Viento Dominicana.<\/strong><\/p><p>El resort Casa de Campo, con el apoyo del Ministerio de Cultura de la Rep\u00fablica Dominicana le invita cordialmente a asistir a \u201cFiesta de la Primavera 2013\u2033 y unirse a nosotros durante 4 d\u00edas celebrando esta hermosa temporada sin\u00f3nimo de vida, el renacimiento y el crecimiento! Este evento es patrocinado por Central Romana, Costasur adem\u00e1s de Silgon Inc. con el sitio de web Casa de Campo Living.<\/p><blockquote><p><strong>FESTIVAL DE PRIMAVERA 2013<\/strong><\/p><p>La programaci\u00f3n del Festival de Primavera 2013 es la siguiente:<\/p><p><strong>La Feria de Artesan\u00eda estar\u00e1 abierta el jueves 23 de mayo desde las 3pm hasta las 7pm y el viernes, s\u00e1bado y domingo 24, 25 y 26 de mayo desde las 10am hasta las 7pm.&nbsp;<\/strong><\/p><p><strong>Jueves 23 de mayo 2013<\/strong><\/p><p><strong><strong>\u201cAsalto Pirata\u201d a cargo del Teatro de la Calle de Rep\u00fablica Dominicana<\/strong><strong>\u201c&nbsp;<\/strong><br>\nCuando:&nbsp;<\/strong>4:30pm<strong><br>\nD\u00f3nde:&nbsp;<\/strong>Plaza principal de Altos de Chav\u00f3n<\/p><p><strong>Taller interactivo de danzas folkl\u00f3ricas dominicanas a cargo de : Xiomarita P\u00e9rez<\/strong><br>\n<strong>Cuando:&nbsp;<\/strong>5pm \u2013 7:30pm&nbsp;<strong><br>\nD\u00f3nde:&nbsp;<\/strong>En las afueras del Museo Regional de Arqueolog\u00eda de the Altos de Chav\u00f3n<\/p><p><strong>C\u00f3ctel de apertura de la exhibici\u00f3n de arte de la escuela &nbsp;Abraham Lincoln&nbsp;<\/strong><br>\n<strong>Cu\u00e1ndo: 7<\/strong>pm \u2013 9pm&nbsp;<strong><br>\nD\u00f3nde:&nbsp;<\/strong>En la Galeria de Altos de Chav\u00f3n<\/p><p><strong>Cuerdas y concierto de poes\u00eda con el aQuinteto Mirabal y lectura de poesias a cargo de Sandra Mustelier&nbsp;<\/strong><br>\n<strong>Cu\u00e1ndo:&nbsp;<\/strong>8:30pm<strong><br>\nD\u00f3nde:&nbsp;<\/strong>En&nbsp;La \u201cFuente de pescado\u201d, afuera del anfiteatro de Altos de Chav\u00f3n<\/p><p><strong>Viernes 24 de mayo, 2013<\/strong><\/p><p><strong>Concierto de la Orquesta Sinf\u00f3nica Nacional conducida por el gran Jos\u00e9 Antonio Molina<\/strong><br>\n<strong>Cu\u00e1ndo:&nbsp;<\/strong>8pm<strong><br>\nD\u00f3nde:&nbsp;<\/strong>Anfiteatro de Altos de Chav\u00f3n<\/p><p><strong>S\u00e1bado 25 de mayo, 2013<\/strong><\/p><p><strong>Espect\u00e1culo de Ballet con Nacional Escuela de Danza&nbsp;<\/strong><strong>(ENDANZA)<\/strong><br>\n<strong>Cu\u00e1ndo:&nbsp;<\/strong>8pm<strong><br>\nD\u00f3nde:&nbsp;<\/strong>Anfiteatro de Altos de Chav\u00f3n<\/p><p><strong>Domingo 26 de mayo, 2013<\/strong><\/p><p><strong>Concierto con la Orquesta de Vientos Dominicana&nbsp;<\/strong><br>\n<strong>Cu\u00e1ndo:&nbsp;<\/strong>7:30pm<strong><br>\nD\u00f3nde:&nbsp;<\/strong>Plaza principal de Altos de Chav\u00f3n<\/p><p><strong>*** TODAS las actividades y actuaciones son libres de cargos.&nbsp;<\/strong><\/p><div><strong><br>\n<\/strong><\/div><\/blockquote><div id=\"related-posts\"><\/div><\/blockquote>\n","protected":false},"excerpt":{"rendered":"<p>Desde que Jos\u00e9 Antonio Rodr\u00edguez asumi\u00f3&nbsp;el cargo de Ministro de Cultura de la Rep\u00fablica Dominicana, la localidad de La&nbsp;Romana, se ha puesto en marcha, patrocinando y apoyando muchas excelentes iniciativas en todo el pa\u00eds; y lo siguiente es su invitaci\u00f3n a la Festival de Primavera, en Altos de Chav\u00f3n, del 23 al 26 de mayo. [&hellip;]<\/p>\n","protected":false},"author":431,"featured_media":235864,"comment_status":"closed","ping_status":"closed","sticky":false,"template":"","format":"standard","meta":{"newspack_ads_suppress_ads":false,"newspack_popups_has_disabled_popups":false,"newspack_sponsor_sponsorship_scope":"","newspack_sponsor_native_byline_display":"inherit","newspack_sponsor_native_category_display":"inherit","newspack_sponsor_underwriter_style":"inherit","newspack_sponsor_underwriter_placement":"inherit","_newspack_byline_active":false,"_newspack_byline":"","newspack_hide_updated_date":false,"newspack_show_updated_date":false,"newspack_content_restriction_is_exempt":false,"newspack_featured_image_position":"","newspack_post_subtitle":"","newspack_article_summary_title":"Overview:","newspack_article_summary":"","_jetpack_memberships_contains_paid_content":false,"footnotes":"","jetpack_publicize_message":"","jetpack_publicize_feature_enabled":true,"jetpack_social_post_already_shared":false,"jetpack_social_options":{"image_generator_settings":{"template":"highway","default_image_id":0,"font":"","enabled":false},"version":2},"_wpas_customize_per_network":false},"categories":[26819,26823,2522,14625,14627],"tags":[15387,6376,6435,6001],"newspack_spnsrs_tax":[],"class_list":["post-341475","post","type-post","status-publish","format-standard","has-post-thumbnail","hentry","category-altos-de-chavon-es","category-arte-y-cultura","category-eventos-es","category-noticias-locales","category-proximamente","tag-altos-de-chavon-es","tag-festival-de-primavera-2013","tag-ministerio-de-cultura","tag-ministro-de-cultura-jose-antonio-rodriguez","entry"],"yoast_head":"<!-- This site is optimized with the Yoast SEO plugin v27.5 - https:\/\/yoast.com\/product\/yoast-seo-wordpress\/ -->\n<title>Ministro de cultura Jos\u00e9 Antonio Rodr\u00edguez les invita a hacer una parada en Chav\u00f3n, &quot;donde el sol se anida para recibir la primavera&quot; | Casa de Campo Living<\/title>\n<meta name=\"description\" content=\"Desde que Jos\u00e9 Antonio Rodr\u00edguez asumi\u00f3&nbsp;el cargo de Ministro de Cultura de la Rep\u00fablica Dominicana, la localidad de La&nbsp;Romana, se ha puesto en\" \/>\n<meta name=\"robots\" content=\"index, follow, max-snippet:-1, max-image-preview:large, max-video-preview:-1\" \/>\n<link rel=\"canonical\" href=\"https:\/\/casadecampoliving.com\/es\/ministro-de-cultura-jose-antonio-rodriguez-les-invita-a-hacer-una-parada-en-chavon-donde-el-sol-se-anida-para-recibir-la-primavera\/\" \/>\n<meta property=\"og:locale\" content=\"es_ES\" \/>\n<meta property=\"og:type\" content=\"article\" \/>\n<meta property=\"og:title\" content=\"Ministro de cultura Jos\u00e9 Antonio Rodr\u00edguez les invita a hacer una parada en Chav\u00f3n, &quot;donde el sol se anida para recibir la primavera&quot; | Casa de Campo Living\" \/>\n<meta property=\"og:description\" content=\"Desde que Jos\u00e9 Antonio Rodr\u00edguez asumi\u00f3&nbsp;el cargo de Ministro de Cultura de la Rep\u00fablica Dominicana, la localidad de La&nbsp;Romana, se ha puesto en\" \/>\n<meta property=\"og:url\" content=\"https:\/\/casadecampoliving.com\/es\/ministro-de-cultura-jose-antonio-rodriguez-les-invita-a-hacer-una-parada-en-chavon-donde-el-sol-se-anida-para-recibir-la-primavera\/\" \/>\n<meta property=\"og:site_name\" content=\"Casa de Campo Living\" \/>\n<meta property=\"article:publisher\" content=\"https:\/\/www.facebook.com\/casadecampoliving\" \/>\n<meta property=\"article:published_time\" content=\"2013-05-19T04:00:00+00:00\" \/>\n<meta property=\"article:modified_time\" content=\"2022-10-21T22:51:03+00:00\" \/>\n<meta property=\"og:image\" content=\"https:\/\/i0.wp.com\/casadecampoliving.com\/wp-content\/uploads\/2022\/10\/jose_antonio_rodroguez-1.jpg?fit=650%2C509&ssl=1\" \/>\n\t<meta property=\"og:image:width\" content=\"650\" \/>\n\t<meta property=\"og:image:height\" content=\"509\" \/>\n\t<meta property=\"og:image:type\" content=\"image\/jpeg\" \/>\n<meta name=\"author\" content=\"Mairobi Herrera\" \/>\n<meta name=\"twitter:card\" content=\"summary_large_image\" \/>\n<meta name=\"twitter:creator\" content=\"@cdcliving\" \/>\n<meta name=\"twitter:site\" content=\"@cdcliving\" \/>\n<meta name=\"twitter:label1\" content=\"Escrito por\" \/>\n\t<meta name=\"twitter:data1\" content=\"Mairobi Herrera\" \/>\n\t<meta name=\"twitter:label2\" content=\"Tiempo de lectura\" \/>\n\t<meta name=\"twitter:data2\" content=\"4 minutos\" \/>\n<script type=\"application\/ld+json\" class=\"yoast-schema-graph\">{\"@context\":\"https:\\\/\\\/schema.org\",\"@graph\":[{\"@type\":\"Article\",\"@id\":\"https:\\\/\\\/casadecampoliving.com\\\/es\\\/ministro-de-cultura-jose-antonio-rodriguez-les-invita-a-hacer-una-parada-en-chavon-donde-el-sol-se-anida-para-recibir-la-primavera\\\/#article\",\"isPartOf\":{\"@id\":\"https:\\\/\\\/casadecampoliving.com\\\/es\\\/ministro-de-cultura-jose-antonio-rodriguez-les-invita-a-hacer-una-parada-en-chavon-donde-el-sol-se-anida-para-recibir-la-primavera\\\/\"},\"author\":{\"name\":\"Mairobi Herrera\",\"@id\":\"https:\\\/\\\/casadecampoliving.com\\\/es\\\/#\\\/schema\\\/person\\\/932e594484c49168ad37fbb9141bf699\"},\"headline\":\"Ministro de cultura Jos\u00e9 Antonio Rodr\u00edguez les invita a hacer una parada en Chav\u00f3n, \u00abdonde el sol se anida para recibir la primavera\u00bb\",\"datePublished\":\"2013-05-19T04:00:00+00:00\",\"dateModified\":\"2022-10-21T22:51:03+00:00\",\"mainEntityOfPage\":{\"@id\":\"https:\\\/\\\/casadecampoliving.com\\\/es\\\/ministro-de-cultura-jose-antonio-rodriguez-les-invita-a-hacer-una-parada-en-chavon-donde-el-sol-se-anida-para-recibir-la-primavera\\\/\"},\"wordCount\":921,\"publisher\":{\"@id\":\"https:\\\/\\\/casadecampoliving.com\\\/es\\\/#organization\"},\"image\":{\"@id\":\"https:\\\/\\\/casadecampoliving.com\\\/es\\\/ministro-de-cultura-jose-antonio-rodriguez-les-invita-a-hacer-una-parada-en-chavon-donde-el-sol-se-anida-para-recibir-la-primavera\\\/#primaryimage\"},\"thumbnailUrl\":\"https:\\\/\\\/i0.wp.com\\\/casadecampoliving.com\\\/wp-content\\\/uploads\\\/2022\\\/10\\\/jose_antonio_rodroguez-1.jpg?fit=650%2C509&ssl=1\",\"keywords\":[\"Altos de Chavon\",\"festival de primavera 2013\",\"ministerio de cultura\",\"ministro de cultura jose antonio rodriguez\"],\"articleSection\":[\"Altos de Chavon @es\",\"Arte y cultura\",\"Eventos\",\"Noticias Locales\",\"Proximamente\"],\"inLanguage\":\"es\"},{\"@type\":\"WebPage\",\"@id\":\"https:\\\/\\\/casadecampoliving.com\\\/es\\\/ministro-de-cultura-jose-antonio-rodriguez-les-invita-a-hacer-una-parada-en-chavon-donde-el-sol-se-anida-para-recibir-la-primavera\\\/\",\"url\":\"https:\\\/\\\/casadecampoliving.com\\\/es\\\/ministro-de-cultura-jose-antonio-rodriguez-les-invita-a-hacer-una-parada-en-chavon-donde-el-sol-se-anida-para-recibir-la-primavera\\\/\",\"name\":\"Ministro de cultura Jos\u00e9 Antonio Rodr\u00edguez les invita a hacer una parada en Chav\u00f3n, \\\"donde el sol se anida para recibir la primavera\\\" | Casa de Campo Living\",\"isPartOf\":{\"@id\":\"https:\\\/\\\/casadecampoliving.com\\\/es\\\/#website\"},\"primaryImageOfPage\":{\"@id\":\"https:\\\/\\\/casadecampoliving.com\\\/es\\\/ministro-de-cultura-jose-antonio-rodriguez-les-invita-a-hacer-una-parada-en-chavon-donde-el-sol-se-anida-para-recibir-la-primavera\\\/#primaryimage\"},\"image\":{\"@id\":\"https:\\\/\\\/casadecampoliving.com\\\/es\\\/ministro-de-cultura-jose-antonio-rodriguez-les-invita-a-hacer-una-parada-en-chavon-donde-el-sol-se-anida-para-recibir-la-primavera\\\/#primaryimage\"},\"thumbnailUrl\":\"https:\\\/\\\/i0.wp.com\\\/casadecampoliving.com\\\/wp-content\\\/uploads\\\/2022\\\/10\\\/jose_antonio_rodroguez-1.jpg?fit=650%2C509&ssl=1\",\"datePublished\":\"2013-05-19T04:00:00+00:00\",\"dateModified\":\"2022-10-21T22:51:03+00:00\",\"description\":\"Desde que Jos\u00e9 Antonio Rodr\u00edguez asumi\u00f3&nbsp;el cargo de Ministro de Cultura de la Rep\u00fablica Dominicana, la localidad de La&nbsp;Romana, se ha puesto en\",\"breadcrumb\":{\"@id\":\"https:\\\/\\\/casadecampoliving.com\\\/es\\\/ministro-de-cultura-jose-antonio-rodriguez-les-invita-a-hacer-una-parada-en-chavon-donde-el-sol-se-anida-para-recibir-la-primavera\\\/#breadcrumb\"},\"inLanguage\":\"es\",\"potentialAction\":[{\"@type\":\"ReadAction\",\"target\":[\"https:\\\/\\\/casadecampoliving.com\\\/es\\\/ministro-de-cultura-jose-antonio-rodriguez-les-invita-a-hacer-una-parada-en-chavon-donde-el-sol-se-anida-para-recibir-la-primavera\\\/\"]}]},{\"@type\":\"ImageObject\",\"inLanguage\":\"es\",\"@id\":\"https:\\\/\\\/casadecampoliving.com\\\/es\\\/ministro-de-cultura-jose-antonio-rodriguez-les-invita-a-hacer-una-parada-en-chavon-donde-el-sol-se-anida-para-recibir-la-primavera\\\/#primaryimage\",\"url\":\"https:\\\/\\\/i0.wp.com\\\/casadecampoliving.com\\\/wp-content\\\/uploads\\\/2022\\\/10\\\/jose_antonio_rodroguez-1.jpg?fit=650%2C509&ssl=1\",\"contentUrl\":\"https:\\\/\\\/i0.wp.com\\\/casadecampoliving.com\\\/wp-content\\\/uploads\\\/2022\\\/10\\\/jose_antonio_rodroguez-1.jpg?fit=650%2C509&ssl=1\",\"width\":650,\"height\":509,\"caption\":\"jose antonio rodriguez\"},{\"@type\":\"BreadcrumbList\",\"@id\":\"https:\\\/\\\/casadecampoliving.com\\\/es\\\/ministro-de-cultura-jose-antonio-rodriguez-les-invita-a-hacer-una-parada-en-chavon-donde-el-sol-se-anida-para-recibir-la-primavera\\\/#breadcrumb\",\"itemListElement\":[{\"@type\":\"ListItem\",\"position\":1,\"name\":\"Home\",\"item\":\"https:\\\/\\\/casadecampoliving.com\\\/es\\\/\"},{\"@type\":\"ListItem\",\"position\":2,\"name\":\"Ministro de cultura Jos\u00e9 Antonio Rodr\u00edguez les invita a hacer una parada en Chav\u00f3n, &#8220;donde el sol se anida para recibir la primavera&#8221;\"}]},{\"@type\":\"WebSite\",\"@id\":\"https:\\\/\\\/casadecampoliving.com\\\/es\\\/#website\",\"url\":\"https:\\\/\\\/casadecampoliving.com\\\/es\\\/\",\"name\":\"Casa de Campo Living\",\"description\":\"Resort community news and resources.\",\"publisher\":{\"@id\":\"https:\\\/\\\/casadecampoliving.com\\\/es\\\/#organization\"},\"potentialAction\":[{\"@type\":\"SearchAction\",\"target\":{\"@type\":\"EntryPoint\",\"urlTemplate\":\"https:\\\/\\\/casadecampoliving.com\\\/es\\\/?s={search_term_string}\"},\"query-input\":{\"@type\":\"PropertyValueSpecification\",\"valueRequired\":true,\"valueName\":\"search_term_string\"}}],\"inLanguage\":\"es\"},{\"@type\":\"Organization\",\"@id\":\"https:\\\/\\\/casadecampoliving.com\\\/es\\\/#organization\",\"name\":\"Casa de Campo Living\",\"url\":\"https:\\\/\\\/casadecampoliving.com\\\/es\\\/\",\"logo\":{\"@type\":\"ImageObject\",\"inLanguage\":\"es\",\"@id\":\"https:\\\/\\\/casadecampoliving.com\\\/es\\\/#\\\/schema\\\/logo\\\/image\\\/\",\"url\":\"https:\\\/\\\/i0.wp.com\\\/casadecampoliving.com\\\/wp-content\\\/uploads\\\/2022\\\/07\\\/CDCLivingLogo_V1-white-sized.png?fit=800%2C214&ssl=1\",\"contentUrl\":\"https:\\\/\\\/i0.wp.com\\\/casadecampoliving.com\\\/wp-content\\\/uploads\\\/2022\\\/07\\\/CDCLivingLogo_V1-white-sized.png?fit=800%2C214&ssl=1\",\"width\":800,\"height\":214,\"caption\":\"Casa de Campo Living\"},\"image\":{\"@id\":\"https:\\\/\\\/casadecampoliving.com\\\/es\\\/#\\\/schema\\\/logo\\\/image\\\/\"},\"sameAs\":[\"https:\\\/\\\/www.facebook.com\\\/casadecampoliving\",\"https:\\\/\\\/x.com\\\/cdcliving\"]},{\"@type\":\"Person\",\"@id\":\"https:\\\/\\\/casadecampoliving.com\\\/es\\\/#\\\/schema\\\/person\\\/932e594484c49168ad37fbb9141bf699\",\"name\":\"Mairobi Herrera\",\"image\":{\"@type\":\"ImageObject\",\"inLanguage\":\"es\",\"@id\":\"https:\\\/\\\/secure.gravatar.com\\\/avatar\\\/d0bf6c19470eb55d83c719e39672f670b2c4412339af1eb8a08f86427ba98ee8?s=96&d=mm&r=g\",\"url\":\"https:\\\/\\\/secure.gravatar.com\\\/avatar\\\/d0bf6c19470eb55d83c719e39672f670b2c4412339af1eb8a08f86427ba98ee8?s=96&d=mm&r=g\",\"contentUrl\":\"https:\\\/\\\/secure.gravatar.com\\\/avatar\\\/d0bf6c19470eb55d83c719e39672f670b2c4412339af1eb8a08f86427ba98ee8?s=96&d=mm&r=g\",\"caption\":\"Mairobi Herrera\"},\"sameAs\":[\"https:\\\/\\\/casadecampoliving.com\\\/\"],\"url\":\"https:\\\/\\\/casadecampoliving.com\\\/es\\\/author\\\/mherrera\\\/\"}]}<\/script>\n<!-- \/ Yoast SEO plugin. -->","yoast_head_json":{"title":"Ministro de cultura Jos\u00e9 Antonio Rodr\u00edguez les invita a hacer una parada en Chav\u00f3n, \"donde el sol se anida para recibir la primavera\" | Casa de Campo Living","description":"Desde que Jos\u00e9 Antonio Rodr\u00edguez asumi\u00f3&nbsp;el cargo de Ministro de Cultura de la Rep\u00fablica Dominicana, la localidad de La&nbsp;Romana, se ha puesto en","robots":{"index":"index","follow":"follow","max-snippet":"max-snippet:-1","max-image-preview":"max-image-preview:large","max-video-preview":"max-video-preview:-1"},"canonical":"https:\/\/casadecampoliving.com\/es\/ministro-de-cultura-jose-antonio-rodriguez-les-invita-a-hacer-una-parada-en-chavon-donde-el-sol-se-anida-para-recibir-la-primavera\/","og_locale":"es_ES","og_type":"article","og_title":"Ministro de cultura Jos\u00e9 Antonio Rodr\u00edguez les invita a hacer una parada en Chav\u00f3n, \"donde el sol se anida para recibir la primavera\" | Casa de Campo Living","og_description":"Desde que Jos\u00e9 Antonio Rodr\u00edguez asumi\u00f3&nbsp;el cargo de Ministro de Cultura de la Rep\u00fablica Dominicana, la localidad de La&nbsp;Romana, se ha puesto en","og_url":"https:\/\/casadecampoliving.com\/es\/ministro-de-cultura-jose-antonio-rodriguez-les-invita-a-hacer-una-parada-en-chavon-donde-el-sol-se-anida-para-recibir-la-primavera\/","og_site_name":"Casa de Campo Living","article_publisher":"https:\/\/www.facebook.com\/casadecampoliving","article_published_time":"2013-05-19T04:00:00+00:00","article_modified_time":"2022-10-21T22:51:03+00:00","og_image":[{"width":650,"height":509,"url":"https:\/\/i0.wp.com\/casadecampoliving.com\/wp-content\/uploads\/2022\/10\/jose_antonio_rodroguez-1.jpg?fit=650%2C509&ssl=1","type":"image\/jpeg"}],"author":"Mairobi Herrera","twitter_card":"summary_large_image","twitter_creator":"@cdcliving","twitter_site":"@cdcliving","twitter_misc":{"Escrito por":"Mairobi Herrera","Tiempo de lectura":"4 minutos"},"schema":{"@context":"https:\/\/schema.org","@graph":[{"@type":"Article","@id":"https:\/\/casadecampoliving.com\/es\/ministro-de-cultura-jose-antonio-rodriguez-les-invita-a-hacer-una-parada-en-chavon-donde-el-sol-se-anida-para-recibir-la-primavera\/#article","isPartOf":{"@id":"https:\/\/casadecampoliving.com\/es\/ministro-de-cultura-jose-antonio-rodriguez-les-invita-a-hacer-una-parada-en-chavon-donde-el-sol-se-anida-para-recibir-la-primavera\/"},"author":{"name":"Mairobi Herrera","@id":"https:\/\/casadecampoliving.com\/es\/#\/schema\/person\/932e594484c49168ad37fbb9141bf699"},"headline":"Ministro de cultura Jos\u00e9 Antonio Rodr\u00edguez les invita a hacer una parada en Chav\u00f3n, \u00abdonde el sol se anida para recibir la primavera\u00bb","datePublished":"2013-05-19T04:00:00+00:00","dateModified":"2022-10-21T22:51:03+00:00","mainEntityOfPage":{"@id":"https:\/\/casadecampoliving.com\/es\/ministro-de-cultura-jose-antonio-rodriguez-les-invita-a-hacer-una-parada-en-chavon-donde-el-sol-se-anida-para-recibir-la-primavera\/"},"wordCount":921,"publisher":{"@id":"https:\/\/casadecampoliving.com\/es\/#organization"},"image":{"@id":"https:\/\/casadecampoliving.com\/es\/ministro-de-cultura-jose-antonio-rodriguez-les-invita-a-hacer-una-parada-en-chavon-donde-el-sol-se-anida-para-recibir-la-primavera\/#primaryimage"},"thumbnailUrl":"https:\/\/i0.wp.com\/casadecampoliving.com\/wp-content\/uploads\/2022\/10\/jose_antonio_rodroguez-1.jpg?fit=650%2C509&ssl=1","keywords":["Altos de Chavon","festival de primavera 2013","ministerio de cultura","ministro de cultura jose antonio rodriguez"],"articleSection":["Altos de Chavon @es","Arte y cultura","Eventos","Noticias Locales","Proximamente"],"inLanguage":"es"},{"@type":"WebPage","@id":"https:\/\/casadecampoliving.com\/es\/ministro-de-cultura-jose-antonio-rodriguez-les-invita-a-hacer-una-parada-en-chavon-donde-el-sol-se-anida-para-recibir-la-primavera\/","url":"https:\/\/casadecampoliving.com\/es\/ministro-de-cultura-jose-antonio-rodriguez-les-invita-a-hacer-una-parada-en-chavon-donde-el-sol-se-anida-para-recibir-la-primavera\/","name":"Ministro de cultura Jos\u00e9 Antonio Rodr\u00edguez les invita a hacer una parada en Chav\u00f3n, \"donde el sol se anida para recibir la primavera\" | Casa de Campo Living","isPartOf":{"@id":"https:\/\/casadecampoliving.com\/es\/#website"},"primaryImageOfPage":{"@id":"https:\/\/casadecampoliving.com\/es\/ministro-de-cultura-jose-antonio-rodriguez-les-invita-a-hacer-una-parada-en-chavon-donde-el-sol-se-anida-para-recibir-la-primavera\/#primaryimage"},"image":{"@id":"https:\/\/casadecampoliving.com\/es\/ministro-de-cultura-jose-antonio-rodriguez-les-invita-a-hacer-una-parada-en-chavon-donde-el-sol-se-anida-para-recibir-la-primavera\/#primaryimage"},"thumbnailUrl":"https:\/\/i0.wp.com\/casadecampoliving.com\/wp-content\/uploads\/2022\/10\/jose_antonio_rodroguez-1.jpg?fit=650%2C509&ssl=1","datePublished":"2013-05-19T04:00:00+00:00","dateModified":"2022-10-21T22:51:03+00:00","description":"Desde que Jos\u00e9 Antonio Rodr\u00edguez asumi\u00f3&nbsp;el cargo de Ministro de Cultura de la Rep\u00fablica Dominicana, la localidad de La&nbsp;Romana, se ha puesto en","breadcrumb":{"@id":"https:\/\/casadecampoliving.com\/es\/ministro-de-cultura-jose-antonio-rodriguez-les-invita-a-hacer-una-parada-en-chavon-donde-el-sol-se-anida-para-recibir-la-primavera\/#breadcrumb"},"inLanguage":"es","potentialAction":[{"@type":"ReadAction","target":["https:\/\/casadecampoliving.com\/es\/ministro-de-cultura-jose-antonio-rodriguez-les-invita-a-hacer-una-parada-en-chavon-donde-el-sol-se-anida-para-recibir-la-primavera\/"]}]},{"@type":"ImageObject","inLanguage":"es","@id":"https:\/\/casadecampoliving.com\/es\/ministro-de-cultura-jose-antonio-rodriguez-les-invita-a-hacer-una-parada-en-chavon-donde-el-sol-se-anida-para-recibir-la-primavera\/#primaryimage","url":"https:\/\/i0.wp.com\/casadecampoliving.com\/wp-content\/uploads\/2022\/10\/jose_antonio_rodroguez-1.jpg?fit=650%2C509&ssl=1","contentUrl":"https:\/\/i0.wp.com\/casadecampoliving.com\/wp-content\/uploads\/2022\/10\/jose_antonio_rodroguez-1.jpg?fit=650%2C509&ssl=1","width":650,"height":509,"caption":"jose antonio rodriguez"},{"@type":"BreadcrumbList","@id":"https:\/\/casadecampoliving.com\/es\/ministro-de-cultura-jose-antonio-rodriguez-les-invita-a-hacer-una-parada-en-chavon-donde-el-sol-se-anida-para-recibir-la-primavera\/#breadcrumb","itemListElement":[{"@type":"ListItem","position":1,"name":"Home","item":"https:\/\/casadecampoliving.com\/es\/"},{"@type":"ListItem","position":2,"name":"Ministro de cultura Jos\u00e9 Antonio Rodr\u00edguez les invita a hacer una parada en Chav\u00f3n, &#8220;donde el sol se anida para recibir la primavera&#8221;"}]},{"@type":"WebSite","@id":"https:\/\/casadecampoliving.com\/es\/#website","url":"https:\/\/casadecampoliving.com\/es\/","name":"Casa de Campo Living","description":"Resort community news and resources.","publisher":{"@id":"https:\/\/casadecampoliving.com\/es\/#organization"},"potentialAction":[{"@type":"SearchAction","target":{"@type":"EntryPoint","urlTemplate":"https:\/\/casadecampoliving.com\/es\/?s={search_term_string}"},"query-input":{"@type":"PropertyValueSpecification","valueRequired":true,"valueName":"search_term_string"}}],"inLanguage":"es"},{"@type":"Organization","@id":"https:\/\/casadecampoliving.com\/es\/#organization","name":"Casa de Campo Living","url":"https:\/\/casadecampoliving.com\/es\/","logo":{"@type":"ImageObject","inLanguage":"es","@id":"https:\/\/casadecampoliving.com\/es\/#\/schema\/logo\/image\/","url":"https:\/\/i0.wp.com\/casadecampoliving.com\/wp-content\/uploads\/2022\/07\/CDCLivingLogo_V1-white-sized.png?fit=800%2C214&ssl=1","contentUrl":"https:\/\/i0.wp.com\/casadecampoliving.com\/wp-content\/uploads\/2022\/07\/CDCLivingLogo_V1-white-sized.png?fit=800%2C214&ssl=1","width":800,"height":214,"caption":"Casa de Campo Living"},"image":{"@id":"https:\/\/casadecampoliving.com\/es\/#\/schema\/logo\/image\/"},"sameAs":["https:\/\/www.facebook.com\/casadecampoliving","https:\/\/x.com\/cdcliving"]},{"@type":"Person","@id":"https:\/\/casadecampoliving.com\/es\/#\/schema\/person\/932e594484c49168ad37fbb9141bf699","name":"Mairobi Herrera","image":{"@type":"ImageObject","inLanguage":"es","@id":"https:\/\/secure.gravatar.com\/avatar\/d0bf6c19470eb55d83c719e39672f670b2c4412339af1eb8a08f86427ba98ee8?s=96&d=mm&r=g","url":"https:\/\/secure.gravatar.com\/avatar\/d0bf6c19470eb55d83c719e39672f670b2c4412339af1eb8a08f86427ba98ee8?s=96&d=mm&r=g","contentUrl":"https:\/\/secure.gravatar.com\/avatar\/d0bf6c19470eb55d83c719e39672f670b2c4412339af1eb8a08f86427ba98ee8?s=96&d=mm&r=g","caption":"Mairobi Herrera"},"sameAs":["https:\/\/casadecampoliving.com\/"],"url":"https:\/\/casadecampoliving.com\/es\/author\/mherrera\/"}]}},"parsely":{"version":"1.1.0","canonical_url":"https:\/\/casadecampoliving.com\/es\/ministro-de-cultura-jose-antonio-rodriguez-les-invita-a-hacer-una-parada-en-chavon-donde-el-sol-se-anida-para-recibir-la-primavera\/","smart_links":{"inbound":0,"outbound":0},"traffic_boost_suggestions_count":0,"meta":{"@context":"https:\/\/schema.org","@type":"NewsArticle","headline":"Ministro de cultura Jos\u00e9 Antonio Rodr\u00edguez les invita a hacer una parada en Chav\u00f3n, \u00abdonde el sol se anida para recibir la primavera\u00bb","url":"http:\/\/casadecampoliving.com\/es\/ministro-de-cultura-jose-antonio-rodriguez-les-invita-a-hacer-una-parada-en-chavon-donde-el-sol-se-anida-para-recibir-la-primavera\/","mainEntityOfPage":{"@type":"WebPage","@id":"http:\/\/casadecampoliving.com\/es\/ministro-de-cultura-jose-antonio-rodriguez-les-invita-a-hacer-una-parada-en-chavon-donde-el-sol-se-anida-para-recibir-la-primavera\/"},"thumbnailUrl":"https:\/\/i0.wp.com\/casadecampoliving.com\/wp-content\/uploads\/2022\/10\/jose_antonio_rodroguez-1.jpg?resize=150%2C150&ssl=1","image":{"@type":"ImageObject","url":"https:\/\/i0.wp.com\/casadecampoliving.com\/wp-content\/uploads\/2022\/10\/jose_antonio_rodroguez-1.jpg?fit=650%2C509&ssl=1"},"articleSection":"Altos de Chavon @es","author":[{"@type":"Person","name":"Mairobi Herrera"}],"creator":["Mairobi Herrera"],"publisher":{"@type":"Organization","name":"Casa de Campo Living","logo":"https:\/\/casadecampoliving.com\/wp-content\/uploads\/2022\/07\/CDCLivingLogo_V1-white-sized.png"},"keywords":["altos de chavon","festival de primavera 2013","ministerio de cultura","ministro de cultura jose antonio rodriguez"],"dateCreated":"2013-05-19T04:00:00Z","datePublished":"2013-05-19T04:00:00Z","dateModified":"2022-10-21T22:51:03Z"},"rendered":"<script type=\"application\/ld+json\" class=\"wp-parsely-metadata\">{\"@context\":\"https:\\\/\\\/schema.org\",\"@type\":\"NewsArticle\",\"headline\":\"Ministro de cultura Jos\\u00e9 Antonio Rodr\\u00edguez les invita a hacer una parada en Chav\\u00f3n, \\u00abdonde el sol se anida para recibir la primavera\\u00bb\",\"url\":\"http:\\\/\\\/casadecampoliving.com\\\/es\\\/ministro-de-cultura-jose-antonio-rodriguez-les-invita-a-hacer-una-parada-en-chavon-donde-el-sol-se-anida-para-recibir-la-primavera\\\/\",\"mainEntityOfPage\":{\"@type\":\"WebPage\",\"@id\":\"http:\\\/\\\/casadecampoliving.com\\\/es\\\/ministro-de-cultura-jose-antonio-rodriguez-les-invita-a-hacer-una-parada-en-chavon-donde-el-sol-se-anida-para-recibir-la-primavera\\\/\"},\"thumbnailUrl\":\"https:\\\/\\\/i0.wp.com\\\/casadecampoliving.com\\\/wp-content\\\/uploads\\\/2022\\\/10\\\/jose_antonio_rodroguez-1.jpg?resize=150%2C150&ssl=1\",\"image\":{\"@type\":\"ImageObject\",\"url\":\"https:\\\/\\\/i0.wp.com\\\/casadecampoliving.com\\\/wp-content\\\/uploads\\\/2022\\\/10\\\/jose_antonio_rodroguez-1.jpg?fit=650%2C509&ssl=1\"},\"articleSection\":\"Altos de Chavon @es\",\"author\":[{\"@type\":\"Person\",\"name\":\"Mairobi Herrera\"}],\"creator\":[\"Mairobi Herrera\"],\"publisher\":{\"@type\":\"Organization\",\"name\":\"Casa de Campo Living\",\"logo\":\"https:\\\/\\\/casadecampoliving.com\\\/wp-content\\\/uploads\\\/2022\\\/07\\\/CDCLivingLogo_V1-white-sized.png\"},\"keywords\":[\"altos de chavon\",\"festival de primavera 2013\",\"ministerio de cultura\",\"ministro de cultura jose antonio rodriguez\"],\"dateCreated\":\"2013-05-19T04:00:00Z\",\"datePublished\":\"2013-05-19T04:00:00Z\",\"dateModified\":\"2022-10-21T22:51:03Z\"}<\/script>","tracker_url":"https:\/\/cdn.parsely.com\/keys\/casadecampoliving.com\/p.js"},"jetpack_publicize_connections":[],"jetpack_featured_media_url":"https:\/\/i0.wp.com\/casadecampoliving.com\/wp-content\/uploads\/2022\/10\/jose_antonio_rodroguez-1.jpg?fit=650%2C509&ssl=1","jetpack-related-posts":[{"id":433460,"url":"https:\/\/casadecampoliving.com\/es\/no-se-pierdan-el-increible-tributo-a-frank-sinatra-para-celebrar-el-40-aniversario-del-anfiteatro-altos-de-chavon\/","url_meta":{"origin":341475,"position":0},"title":"No se pierdan el incre\u00edble tributo a Frank Sinatra para celebrar el 40 aniversario del\u00a0Anfiteatro Altos de Chav\u00f3n","author":"Casa de Campo Living","date":"20 Oct, 2022","format":false,"excerpt":"Siendo uno de los escenarios m\u00e1s emblem\u00e1ticos del pa\u00eds, Casa de Campo Resort\u00ae & Villas celebra las cuatro d\u00e9cadas de aniversario de Altos de Chav\u00f3n con un tributo al gran Frank Sinatra, protagonizado por artistas invitados y una big band tal cual la que acompa\u00f1\u00f3 al artista hace 40 a\u00f1os\u2026","rel":"","context":"En \u00abUncategorized @es\u00bb","block_context":{"text":"Uncategorized @es","link":"https:\/\/casadecampoliving.com\/es\/category\/uncategorized-es\/"},"img":{"alt_text":"","src":"https:\/\/i0.wp.com\/casadecampoliving.com\/wp-content\/uploads\/2022\/10\/Tributo-Frank-Sinatra-Foto-Principal-Amaury-Sanchez-Danilo-Ginebra-Andres-Pichardo-y-Jose-Gabriel-Perez-.jpg?fit=1200%2C873&ssl=1&resize=350%2C200","width":350,"height":200,"srcset":"https:\/\/i0.wp.com\/casadecampoliving.com\/wp-content\/uploads\/2022\/10\/Tributo-Frank-Sinatra-Foto-Principal-Amaury-Sanchez-Danilo-Ginebra-Andres-Pichardo-y-Jose-Gabriel-Perez-.jpg?fit=1200%2C873&ssl=1&resize=350%2C200 1x, https:\/\/i0.wp.com\/casadecampoliving.com\/wp-content\/uploads\/2022\/10\/Tributo-Frank-Sinatra-Foto-Principal-Amaury-Sanchez-Danilo-Ginebra-Andres-Pichardo-y-Jose-Gabriel-Perez-.jpg?fit=1200%2C873&ssl=1&resize=525%2C300 1.5x, https:\/\/i0.wp.com\/casadecampoliving.com\/wp-content\/uploads\/2022\/10\/Tributo-Frank-Sinatra-Foto-Principal-Amaury-Sanchez-Danilo-Ginebra-Andres-Pichardo-y-Jose-Gabriel-Perez-.jpg?fit=1200%2C873&ssl=1&resize=700%2C400 2x, https:\/\/i0.wp.com\/casadecampoliving.com\/wp-content\/uploads\/2022\/10\/Tributo-Frank-Sinatra-Foto-Principal-Amaury-Sanchez-Danilo-Ginebra-Andres-Pichardo-y-Jose-Gabriel-Perez-.jpg?fit=1200%2C873&ssl=1&resize=1050%2C600 3x"},"classes":[]},{"id":339801,"url":"https:\/\/casadecampoliving.com\/es\/una-fabulosa-manifestacion-cultural-y-artistica-en-el-encuentro-con-el-ministro-de-cultura-en-la-romana\/","url_meta":{"origin":341475,"position":1},"title":"Una fabulosa manifestaci\u00f3n cultural y art\u00edstica en el Encuentro con el Ministro de Cultura en La Romana","author":"","date":"25 Sep, 2012","format":false,"excerpt":"El pasado s\u00e1bado 15 de septiembre de 2012, la Direcci\u00f3n Provincial de Cultura de La Romana, bajo la gesti\u00f3n de Luisa Mar\u00eda Ortiz Guzm\u00e1n, con la colaboraci\u00f3nd el Central Romana y Casa de Campo, realiz\u00f3 un Encuentro Provincial entre el Ministro de Cultura, Jos\u00e9 Antonio Rodr\u00edguez y personas relacionadas de\u2026","rel":"","context":"En \u00abEstilo de Vida\u00bb","block_context":{"text":"Estilo de Vida","link":"https:\/\/casadecampoliving.com\/es\/category\/estilo-de-vida\/"},"img":{"alt_text":"","src":"https:\/\/i0.wp.com\/casadecampoliving.com\/wp-content\/uploads\/2022\/10\/ministro_de_cultura-1.jpg?fit=650%2C415&ssl=1&resize=350%2C200","width":350,"height":200,"srcset":"https:\/\/i0.wp.com\/casadecampoliving.com\/wp-content\/uploads\/2022\/10\/ministro_de_cultura-1.jpg?fit=650%2C415&ssl=1&resize=350%2C200 1x, https:\/\/i0.wp.com\/casadecampoliving.com\/wp-content\/uploads\/2022\/10\/ministro_de_cultura-1.jpg?fit=650%2C415&ssl=1&resize=525%2C300 1.5x"},"classes":[]},{"id":322297,"url":"https:\/\/casadecampoliving.com\/minister-of-culture-jose-antonio-rodriguez-invites-you-to-stop-at-altos-de-chavon-where-the-sun-nests-to-welcome-spring\/","url_meta":{"origin":341475,"position":2},"title":"Minister of Culture Jos\u00e9 Antonio Rodr\u00edguez invites you to \u00abstop at Altos de Chavon, where the sun nests to welcome spring\u00bb","author":"Rebecca Silvestri","date":"19 May, 2013","format":false,"excerpt":"Since taking up the post of Minister of Culture in the Dominican Republic, La Romana local, Jos\u00e9 Antonio Rodr\u00edguez, has already launched, sponsored and supported many excellent initiatives across the country \u2013 and next he invites you to the Festival de Primavera\u00a0in Altos de Chav\u00f3n from the 23rd to the\u2026","rel":"","context":"En \u00abAltos de Chavon\u00bb","block_context":{"text":"Altos de Chavon","link":"https:\/\/casadecampoliving.com\/category\/altos-de-chavon\/"},"img":{"alt_text":"jose antonio rodriguez","src":"https:\/\/i0.wp.com\/casadecampoliving.com\/wp-content\/uploads\/2022\/10\/jose_antonio_rodroguez-1.jpg?fit=650%2C509&ssl=1&resize=350%2C200","width":350,"height":200,"srcset":"https:\/\/i0.wp.com\/casadecampoliving.com\/wp-content\/uploads\/2022\/10\/jose_antonio_rodroguez-1.jpg?fit=650%2C509&ssl=1&resize=350%2C200 1x, https:\/\/i0.wp.com\/casadecampoliving.com\/wp-content\/uploads\/2022\/10\/jose_antonio_rodroguez-1.jpg?fit=650%2C509&ssl=1&resize=525%2C300 1.5x"},"classes":[]},{"id":341403,"url":"https:\/\/casadecampoliving.com\/es\/concierto-con-la-orquesta-sinfonica-nacional-en-el-anfiteatro-de-altos-de-chavon\/","url_meta":{"origin":341475,"position":3},"title":"Concierto con la Orquesta Sinf\u00f3nica Nacional en el Anfiteatro de Altos de Chav\u00f3n","author":"lperdomo","date":"13 May, 2013","format":false,"excerpt":"\u00a1Reserve el d\u00eda! Como parte del Festival de Primavera que ser\u00e1 celebrado la semana que viene desde el 23 hasta el 26 de mayo en Altos de Chav\u00f3n, \u00a1la Orquesta Sinf\u00f3nica Nacional estar\u00e1 presente en el Anfiteatro el viernes 24 de mayo! El Festival de Primavera organizado por Casa de\u2026","rel":"","context":"En \u00abAltos de Chavon @es\u00bb","block_context":{"text":"Altos de Chavon @es","link":"https:\/\/casadecampoliving.com\/category\/altos-de-chavon-es\/"},"img":{"alt_text":"national symphonic orchestra","src":"https:\/\/i0.wp.com\/casadecampoliving.com\/wp-content\/uploads\/2022\/10\/national_symphonic_orchestra-1.jpg?fit=650%2C401&ssl=1&resize=350%2C200","width":350,"height":200,"srcset":"https:\/\/i0.wp.com\/casadecampoliving.com\/wp-content\/uploads\/2022\/10\/national_symphonic_orchestra-1.jpg?fit=650%2C401&ssl=1&resize=350%2C200 1x, https:\/\/i0.wp.com\/casadecampoliving.com\/wp-content\/uploads\/2022\/10\/national_symphonic_orchestra-1.jpg?fit=650%2C401&ssl=1&resize=525%2C300 1.5x"},"classes":[]},{"id":341167,"url":"https:\/\/casadecampoliving.com\/es\/guarde-la-fecha-festival-de-primavera-2013-con-la-melodia-del-teatro-dominicano-musica-y-danza\/","url_meta":{"origin":341475,"position":4},"title":"\u00a1Guarde la fecha! \u00abFestival de Primavera 2013\u00bb \u00a1con la melod\u00eda del teatro dominicano, m\u00fasica y danza!","author":"Mairobi Herrera","date":"27 Abr, 2013","format":false,"excerpt":"Del 23 al 26 de mayo de 2013, Altos de Chav\u00f3n cobrar\u00e1 vida con una celebraci\u00f3n m\u00e1gica, el \u201cFestival de Primavera 2013\u201d, una melod\u00eda maravillosa del teatro dominicano, la m\u00fasica y la danza como una actuaci\u00f3n de la Orquesta Sinf\u00f3nica Nacional dirigida por el gran Maestro Jos\u00e9 Antonio Molina. El\u2026","rel":"","context":"En \u00abAltos de Chavon @es\u00bb","block_context":{"text":"Altos de Chavon @es","link":"https:\/\/casadecampoliving.com\/category\/altos-de-chavon-es\/"},"img":{"alt_text":"festival primavera","src":"https:\/\/i0.wp.com\/casadecampoliving.com\/wp-content\/uploads\/2022\/10\/festival_primavera-1.jpg?fit=715%2C320&ssl=1&resize=350%2C200","width":350,"height":200,"srcset":"https:\/\/i0.wp.com\/casadecampoliving.com\/wp-content\/uploads\/2022\/10\/festival_primavera-1.jpg?fit=715%2C320&ssl=1&resize=350%2C200 1x, https:\/\/i0.wp.com\/casadecampoliving.com\/wp-content\/uploads\/2022\/10\/festival_primavera-1.jpg?fit=715%2C320&ssl=1&resize=525%2C300 1.5x, https:\/\/i0.wp.com\/casadecampoliving.com\/wp-content\/uploads\/2022\/10\/festival_primavera-1.jpg?fit=715%2C320&ssl=1&resize=700%2C400 2x"},"classes":[]},{"id":341443,"url":"https:\/\/casadecampoliving.com\/es\/festival-de-primavera-taller-interactivo-de-danzas-folkloricas-dominicanas\/","url_meta":{"origin":341475,"position":5},"title":"Festival de Primavera: Taller-Interactivo de Danzas Folkl\u00f3ricas Dominicanas","author":"Mairobi Herrera","date":"16 May, 2013","format":false,"excerpt":"Si usted es dominicano, ha vivido en la Rep\u00fablica Dominicana por mucho tiempo o es turista, es bastante probable que su conocimiento sobre danza folkl\u00f3rica sea bastante limitado\u2026\u00a1hay, al menos 10 tipos de bailes folkl\u00f3ricos diferentes que usted probablemente nunca ha escuchado hablar! Como parte del\u00a0Festival de Primavera, celebraci\u00f3n del\u2026","rel":"","context":"En \u00abAltos de Chavon @es\u00bb","block_context":{"text":"Altos de Chavon @es","link":"https:\/\/casadecampoliving.com\/category\/altos-de-chavon-es\/"},"img":{"alt_text":"festival primavera","src":"https:\/\/i0.wp.com\/casadecampoliving.com\/wp-content\/uploads\/2022\/10\/festival_primavera4-1.jpg?fit=650%2C401&ssl=1&resize=350%2C200","width":350,"height":200,"srcset":"https:\/\/i0.wp.com\/casadecampoliving.com\/wp-content\/uploads\/2022\/10\/festival_primavera4-1.jpg?fit=650%2C401&ssl=1&resize=350%2C200 1x, https:\/\/i0.wp.com\/casadecampoliving.com\/wp-content\/uploads\/2022\/10\/festival_primavera4-1.jpg?fit=650%2C401&ssl=1&resize=525%2C300 1.5x"},"classes":[]}],"jetpack_sharing_enabled":true,"_links":{"self":[{"href":"https:\/\/casadecampoliving.com\/es\/wp-json\/wp\/v2\/posts\/341475","targetHints":{"allow":["GET"]}}],"collection":[{"href":"https:\/\/casadecampoliving.com\/es\/wp-json\/wp\/v2\/posts"}],"about":[{"href":"https:\/\/casadecampoliving.com\/es\/wp-json\/wp\/v2\/types\/post"}],"author":[{"embeddable":true,"href":"https:\/\/casadecampoliving.com\/es\/wp-json\/wp\/v2\/users\/431"}],"replies":[{"embeddable":true,"href":"https:\/\/casadecampoliving.com\/es\/wp-json\/wp\/v2\/comments?post=341475"}],"version-history":[{"count":1,"href":"https:\/\/casadecampoliving.com\/es\/wp-json\/wp\/v2\/posts\/341475\/revisions"}],"predecessor-version":[{"id":341476,"href":"https:\/\/casadecampoliving.com\/es\/wp-json\/wp\/v2\/posts\/341475\/revisions\/341476"}],"wp:featuredmedia":[{"embeddable":true,"href":"https:\/\/casadecampoliving.com\/es\/wp-json\/wp\/v2\/media\/235864"}],"wp:attachment":[{"href":"https:\/\/casadecampoliving.com\/es\/wp-json\/wp\/v2\/media?parent=341475"}],"wp:term":[{"taxonomy":"category","embeddable":true,"href":"https:\/\/casadecampoliving.com\/es\/wp-json\/wp\/v2\/categories?post=341475"},{"taxonomy":"post_tag","embeddable":true,"href":"https:\/\/casadecampoliving.com\/es\/wp-json\/wp\/v2\/tags?post=341475"},{"taxonomy":"newspack_spnsrs_tax","embeddable":true,"href":"https:\/\/casadecampoliving.com\/es\/wp-json\/wp\/v2\/newspack_spnsrs_tax?post=341475"}],"curies":[{"name":"wp","href":"https:\/\/api.w.org\/{rel}","templated":true}]}}