{"id":341419,"date":"2013-05-15T00:00:00","date_gmt":"2013-05-15T04:00:00","guid":{"rendered":"https:\/\/casadecampoliving.com\/arqueologia-exploracion-y-aventura-en-el-campamento-de-verano-del-museo-arqueologico-de-chavon-del-8-al-19-de-julio\/"},"modified":"2022-10-21T18:49:58","modified_gmt":"2022-10-21T22:49:58","slug":"arqueologia-exploracion-y-aventura-en-el-campamento-de-verano-del-museo-arqueologico-de-chavon-del-8-al-19-de-julio","status":"publish","type":"post","link":"https:\/\/casadecampoliving.com\/es\/arqueologia-exploracion-y-aventura-en-el-campamento-de-verano-del-museo-arqueologico-de-chavon-del-8-al-19-de-julio\/","title":{"rendered":"Arqueolog\u00eda, Exploraci\u00f3n y Aventura en el campamento de verano del Museo Arqueol\u00f3gico de Chav\u00f3n-del 8 al 19 de julio"},"content":{"rendered":"<div class=\"wp-block-image\">\n<figure class=\"aligncenter is-resized\"><img loading=\"lazy\" decoding=\"async\" src=\"https:\/\/i0.wp.com\/casadecampoliving.com\/wp-content\/uploads\/2022\/10\/campamento_verano_chavon_museo.jpg?resize=650%2C449&amp;ssl=1\" alt=\"campamento verano chavon museo\" class=\"wp-image-70280\" title=\"campamento_verano_chavon_museo\" height=\"449\" width=\"650\"\/><\/figure>\n<\/div>\n\n\n<p>Este verano permita que sus hijos se sumergan en el interesante mundo Ta\u00edno mediante el campamento denominado Arqueolog\u00eda, Exploraci\u00f3n y Aventura que organiza el<strong> <\/strong>Museo Arqueol\u00f3gico Regional de Altos de Chav\u00f3n del 8 al 19 de julio.<strong><\/strong><\/p>\n\n\n<div class=\"wp-block-image\">\n<figure class=\"alignright is-resized\"><img loading=\"lazy\" decoding=\"async\" src=\"https:\/\/i0.wp.com\/casadecampoliving.com\/wp-content\/uploads\/2022\/10\/museum.jpg?resize=230%2C287&amp;ssl=1\" alt=\"Altos de Chavon Archaelogical Museum  \" class=\"wp-image-55289\" title=\"museum\" height=\"287\" width=\"230\"\/><\/figure>\n<\/div>\n\n\n<p>Este campamento est\u00e1 enfocado en el aprendizaje mediante la pr\u00e1ctica. En \u00e9l se explorar\u00e1 temas de la arqueolog\u00eda y el arte precolombino con juegos din\u00e1micos y talleres que induzcan a la exploraci\u00f3n, comunicaci\u00f3n y la interacci\u00f3n social de sus integrantes.<\/p>\n\n\n\n<p>Las actividades se realizar\u00e1n en distintas \u00e1reas del museo, incluyendo su sala especial de \u201cdescubrimiento\u201d, dise\u00f1ada para representar la vida de los ta\u00ednos, la cual est\u00e1 llena de una variedad de herramientas de aprendizaje; as\u00ed como en los alrededores de Altos de Chav\u00f3n.<\/p>\n\n\n\n<p>Palabras en lengua Ta\u00edna, simbolog\u00eda, costumbres\u2026t\u00e9cnicas\u2026hay muchos que aprender sobre nuestro antepasados!<\/p>\n\n\n\n<p>Este educativo y divertido campamento llevado a cabo en el Museo Arqueol\u00f3gico Regional Altos de Chav\u00f3n es solo una opci\u00f3n para los m\u00e1s peque\u00f1os en Casa de Campo este verano. Otras opciones son el Campamento de Verano de Casa de Campo y el Golf y la Academia de Tenis- del primer campamento residencial en Casa de Campo.<\/p>\n\n\n\n<blockquote class=\"wp-block-quote is-layout-flow wp-block-quote-is-layout-flow\"><p><strong>Campamento Arqueolog\u00eda, Exploraci\u00f3n y Aventura 2013:<\/strong><\/p><p><strong>Organizado por:<\/strong> El Museo Arqueol\u00f3gico Regional de Altos de Chav\u00f3n<\/p><p><strong>Cu\u00e1ndo:<\/strong> 8 \u2013 19 de julio<\/p><p><strong>Horario:<\/strong> lunes \u2013 viernes, 9am \u2013 12pm<\/p><p><strong>Rango de edad: <\/strong>5 \u2013 10 a\u00f1os<\/p><p><strong>Costo: <\/strong>US$150 por las 2 semanas completas \u00f3 US$15 por sesi\u00f3n<\/p><p><strong>Contacto: <\/strong><a href=\"file:\/\/localhost\/tel\/%2528809%2529%2520523-8554\">(809) 523-8554<\/a>, <a href=\"mailto:rcastillo@altosdechavon.com\">rcastillo@altosdechavon.com<\/a><\/p><\/blockquote>\n\n\n\n<p><strong><a href=\"https:\/\/casadecampoliving.com\/es\/2012\/08\/exitoso-cierre-al-campamento-del-museo-arqueologico-regional-altos-de-chavon-y-apertura-de-nuevos-talleres\/\">Campamento de verano del Museo Arqueologico Regional de Altos de Chav\u00f3n 2012<\/a><\/strong><\/p>\n\n\n<div class=\"wp-block-image\">\n<figure class=\"aligncenter is-resized\"><img loading=\"lazy\" decoding=\"async\" src=\"https:\/\/i0.wp.com\/casadecampoliving.com\/wp-content\/uploads\/2022\/10\/arch_museum.jpg?resize=585%2C408&amp;ssl=1\" alt=\"\" class=\"wp-image-55292\" title=\"arch_museum\" height=\"408\" width=\"585\"\/><\/figure>\n<\/div>\n\n\n<p>Del 9 al 13 de julio de 2012, el Museo Arqueol\u00f3gico Regional Altos de Chav\u00f3n realiz\u00f3 exitosamente el tradicional Campamento de Verano denominado \u201cTu Historia en el Tiempo\u201d, en el que los peque\u00f1os adquirieron conocimientos mediante exploraciones y m\u00faltiples actividades programadas para su diversi\u00f3n, pero AHORA estar\u00e1 ofreciendo nuevos Talleres Creativos permanentemente!<\/p>\n\n\n\n<p><strong><em><a href=\"https:\/\/casadecampoliving.com\/es\/2012\/08\/exitoso-cierre-al-campamento-del-museo-arqueologico-regional-altos-de-chavon-y-apertura-de-nuevos-talleres\/\">\u00a1Haga click aqu\u00ed para ver la historia completa!<\/a><\/em><\/strong><\/p>\n","protected":false},"excerpt":{"rendered":"<p>Este verano permita que sus hijos se sumergan en el interesante mundo Ta\u00edno mediante el campamento denominado Arqueolog\u00eda, Exploraci\u00f3n y Aventura que organiza el Museo Arqueol\u00f3gico Regional de Altos de Chav\u00f3n del 8 al 19 de julio. Este campamento est\u00e1 enfocado en el aprendizaje mediante la pr\u00e1ctica. En \u00e9l se explorar\u00e1 temas de la arqueolog\u00eda [&hellip;]<\/p>\n","protected":false},"author":431,"featured_media":235671,"comment_status":"closed","ping_status":"closed","sticky":false,"template":"","format":"standard","meta":{"newspack_ads_suppress_ads":false,"newspack_popups_has_disabled_popups":false,"newspack_sponsor_sponsorship_scope":"","newspack_sponsor_native_byline_display":"inherit","newspack_sponsor_native_category_display":"inherit","newspack_sponsor_underwriter_style":"inherit","newspack_sponsor_underwriter_placement":"inherit","_newspack_byline_active":false,"_newspack_byline":"","newspack_hide_updated_date":false,"newspack_show_updated_date":false,"newspack_content_restriction_is_exempt":false,"newspack_featured_image_position":"","newspack_post_subtitle":"","newspack_article_summary_title":"Overview:","newspack_article_summary":"","_jetpack_memberships_contains_paid_content":false,"footnotes":"","jetpack_publicize_message":"","jetpack_publicize_feature_enabled":true,"jetpack_social_post_already_shared":false,"jetpack_social_options":{"image_generator_settings":{"template":"highway","default_image_id":0,"font":"","enabled":false},"version":2},"_wpas_customize_per_network":false},"categories":[26819,26823,2524,2522,14627],"tags":[15387,4538,5416],"newspack_spnsrs_tax":[],"class_list":["post-341419","post","type-post","status-publish","format-standard","has-post-thumbnail","hentry","category-altos-de-chavon-es","category-arte-y-cultura","category-destacados","category-eventos-es","category-proximamente","tag-altos-de-chavon-es","tag-campamento-de-verano","tag-museo-arqueologico-regional-de-altos-de-chavon","entry"],"yoast_head":"<!-- This site is optimized with the Yoast SEO plugin v27.5 - https:\/\/yoast.com\/product\/yoast-seo-wordpress\/ -->\n<title>Arqueolog\u00eda, Exploraci\u00f3n y Aventura en el campamento de verano del Museo Arqueol\u00f3gico de Chav\u00f3n-del 8 al 19 de julio | Casa de Campo Living<\/title>\n<meta name=\"description\" content=\"Este verano permita que sus hijos se sumergan en el interesante mundo Ta\u00edno mediante el campamento denominado Arqueolog\u00eda, Exploraci\u00f3n y Aventura que\" \/>\n<meta name=\"robots\" content=\"index, follow, max-snippet:-1, max-image-preview:large, max-video-preview:-1\" \/>\n<link rel=\"canonical\" href=\"https:\/\/casadecampoliving.com\/es\/arqueologia-exploracion-y-aventura-en-el-campamento-de-verano-del-museo-arqueologico-de-chavon-del-8-al-19-de-julio\/\" \/>\n<meta property=\"og:locale\" content=\"es_ES\" \/>\n<meta property=\"og:type\" content=\"article\" \/>\n<meta property=\"og:title\" content=\"Arqueolog\u00eda, Exploraci\u00f3n y Aventura en el campamento de verano del Museo Arqueol\u00f3gico de Chav\u00f3n-del 8 al 19 de julio | Casa de Campo Living\" \/>\n<meta property=\"og:description\" content=\"Este verano permita que sus hijos se sumergan en el interesante mundo Ta\u00edno mediante el campamento denominado Arqueolog\u00eda, Exploraci\u00f3n y Aventura que\" \/>\n<meta property=\"og:url\" content=\"https:\/\/casadecampoliving.com\/es\/arqueologia-exploracion-y-aventura-en-el-campamento-de-verano-del-museo-arqueologico-de-chavon-del-8-al-19-de-julio\/\" \/>\n<meta property=\"og:site_name\" content=\"Casa de Campo Living\" \/>\n<meta property=\"article:publisher\" content=\"https:\/\/www.facebook.com\/casadecampoliving\" \/>\n<meta property=\"article:published_time\" content=\"2013-05-15T04:00:00+00:00\" \/>\n<meta property=\"article:modified_time\" content=\"2022-10-21T22:49:58+00:00\" \/>\n<meta property=\"og:image\" content=\"https:\/\/i0.wp.com\/casadecampoliving.com\/wp-content\/uploads\/2022\/10\/campamento_verano_chavon_museo-1.jpg?fit=650%2C449&ssl=1\" \/>\n\t<meta property=\"og:image:width\" content=\"650\" \/>\n\t<meta property=\"og:image:height\" content=\"449\" \/>\n\t<meta property=\"og:image:type\" content=\"image\/jpeg\" \/>\n<meta name=\"author\" content=\"Mairobi Herrera\" \/>\n<meta name=\"twitter:card\" content=\"summary_large_image\" \/>\n<meta name=\"twitter:creator\" content=\"@cdcliving\" \/>\n<meta name=\"twitter:site\" content=\"@cdcliving\" \/>\n<meta name=\"twitter:label1\" content=\"Escrito por\" \/>\n\t<meta name=\"twitter:data1\" content=\"Mairobi Herrera\" \/>\n\t<meta name=\"twitter:label2\" content=\"Tiempo de lectura\" \/>\n\t<meta name=\"twitter:data2\" content=\"2 minutos\" \/>\n<script type=\"application\/ld+json\" class=\"yoast-schema-graph\">{\"@context\":\"https:\\\/\\\/schema.org\",\"@graph\":[{\"@type\":\"Article\",\"@id\":\"https:\\\/\\\/casadecampoliving.com\\\/es\\\/arqueologia-exploracion-y-aventura-en-el-campamento-de-verano-del-museo-arqueologico-de-chavon-del-8-al-19-de-julio\\\/#article\",\"isPartOf\":{\"@id\":\"https:\\\/\\\/casadecampoliving.com\\\/es\\\/arqueologia-exploracion-y-aventura-en-el-campamento-de-verano-del-museo-arqueologico-de-chavon-del-8-al-19-de-julio\\\/\"},\"author\":{\"name\":\"Mairobi Herrera\",\"@id\":\"https:\\\/\\\/casadecampoliving.com\\\/es\\\/#\\\/schema\\\/person\\\/932e594484c49168ad37fbb9141bf699\"},\"headline\":\"Arqueolog\u00eda, Exploraci\u00f3n y Aventura en el campamento de verano del Museo Arqueol\u00f3gico de Chav\u00f3n-del 8 al 19 de julio\",\"datePublished\":\"2013-05-15T04:00:00+00:00\",\"dateModified\":\"2022-10-21T22:49:58+00:00\",\"mainEntityOfPage\":{\"@id\":\"https:\\\/\\\/casadecampoliving.com\\\/es\\\/arqueologia-exploracion-y-aventura-en-el-campamento-de-verano-del-museo-arqueologico-de-chavon-del-8-al-19-de-julio\\\/\"},\"wordCount\":355,\"publisher\":{\"@id\":\"https:\\\/\\\/casadecampoliving.com\\\/es\\\/#organization\"},\"image\":{\"@id\":\"https:\\\/\\\/casadecampoliving.com\\\/es\\\/arqueologia-exploracion-y-aventura-en-el-campamento-de-verano-del-museo-arqueologico-de-chavon-del-8-al-19-de-julio\\\/#primaryimage\"},\"thumbnailUrl\":\"https:\\\/\\\/i0.wp.com\\\/casadecampoliving.com\\\/wp-content\\\/uploads\\\/2022\\\/10\\\/campamento_verano_chavon_museo-1.jpg?fit=650%2C449&ssl=1\",\"keywords\":[\"Altos de Chavon\",\"campamento de verano\",\"museo arqueologico regional de altos de chavon\"],\"articleSection\":[\"Altos de Chavon @es\",\"Arte y cultura\",\"Destacados\",\"Eventos\",\"Proximamente\"],\"inLanguage\":\"es\"},{\"@type\":\"WebPage\",\"@id\":\"https:\\\/\\\/casadecampoliving.com\\\/es\\\/arqueologia-exploracion-y-aventura-en-el-campamento-de-verano-del-museo-arqueologico-de-chavon-del-8-al-19-de-julio\\\/\",\"url\":\"https:\\\/\\\/casadecampoliving.com\\\/es\\\/arqueologia-exploracion-y-aventura-en-el-campamento-de-verano-del-museo-arqueologico-de-chavon-del-8-al-19-de-julio\\\/\",\"name\":\"Arqueolog\u00eda, Exploraci\u00f3n y Aventura en el campamento de verano del Museo Arqueol\u00f3gico de Chav\u00f3n-del 8 al 19 de julio | Casa de Campo Living\",\"isPartOf\":{\"@id\":\"https:\\\/\\\/casadecampoliving.com\\\/es\\\/#website\"},\"primaryImageOfPage\":{\"@id\":\"https:\\\/\\\/casadecampoliving.com\\\/es\\\/arqueologia-exploracion-y-aventura-en-el-campamento-de-verano-del-museo-arqueologico-de-chavon-del-8-al-19-de-julio\\\/#primaryimage\"},\"image\":{\"@id\":\"https:\\\/\\\/casadecampoliving.com\\\/es\\\/arqueologia-exploracion-y-aventura-en-el-campamento-de-verano-del-museo-arqueologico-de-chavon-del-8-al-19-de-julio\\\/#primaryimage\"},\"thumbnailUrl\":\"https:\\\/\\\/i0.wp.com\\\/casadecampoliving.com\\\/wp-content\\\/uploads\\\/2022\\\/10\\\/campamento_verano_chavon_museo-1.jpg?fit=650%2C449&ssl=1\",\"datePublished\":\"2013-05-15T04:00:00+00:00\",\"dateModified\":\"2022-10-21T22:49:58+00:00\",\"description\":\"Este verano permita que sus hijos se sumergan en el interesante mundo Ta\u00edno mediante el campamento denominado Arqueolog\u00eda, Exploraci\u00f3n y Aventura que\",\"breadcrumb\":{\"@id\":\"https:\\\/\\\/casadecampoliving.com\\\/es\\\/arqueologia-exploracion-y-aventura-en-el-campamento-de-verano-del-museo-arqueologico-de-chavon-del-8-al-19-de-julio\\\/#breadcrumb\"},\"inLanguage\":\"es\",\"potentialAction\":[{\"@type\":\"ReadAction\",\"target\":[\"https:\\\/\\\/casadecampoliving.com\\\/es\\\/arqueologia-exploracion-y-aventura-en-el-campamento-de-verano-del-museo-arqueologico-de-chavon-del-8-al-19-de-julio\\\/\"]}]},{\"@type\":\"ImageObject\",\"inLanguage\":\"es\",\"@id\":\"https:\\\/\\\/casadecampoliving.com\\\/es\\\/arqueologia-exploracion-y-aventura-en-el-campamento-de-verano-del-museo-arqueologico-de-chavon-del-8-al-19-de-julio\\\/#primaryimage\",\"url\":\"https:\\\/\\\/i0.wp.com\\\/casadecampoliving.com\\\/wp-content\\\/uploads\\\/2022\\\/10\\\/campamento_verano_chavon_museo-1.jpg?fit=650%2C449&ssl=1\",\"contentUrl\":\"https:\\\/\\\/i0.wp.com\\\/casadecampoliving.com\\\/wp-content\\\/uploads\\\/2022\\\/10\\\/campamento_verano_chavon_museo-1.jpg?fit=650%2C449&ssl=1\",\"width\":650,\"height\":449,\"caption\":\"campamento verano chavon museo\"},{\"@type\":\"BreadcrumbList\",\"@id\":\"https:\\\/\\\/casadecampoliving.com\\\/es\\\/arqueologia-exploracion-y-aventura-en-el-campamento-de-verano-del-museo-arqueologico-de-chavon-del-8-al-19-de-julio\\\/#breadcrumb\",\"itemListElement\":[{\"@type\":\"ListItem\",\"position\":1,\"name\":\"Home\",\"item\":\"https:\\\/\\\/casadecampoliving.com\\\/es\\\/\"},{\"@type\":\"ListItem\",\"position\":2,\"name\":\"Arqueolog\u00eda, Exploraci\u00f3n y Aventura en el campamento de verano del Museo Arqueol\u00f3gico de Chav\u00f3n-del 8 al 19 de julio\"}]},{\"@type\":\"WebSite\",\"@id\":\"https:\\\/\\\/casadecampoliving.com\\\/es\\\/#website\",\"url\":\"https:\\\/\\\/casadecampoliving.com\\\/es\\\/\",\"name\":\"Casa de Campo Living\",\"description\":\"Resort community news and resources.\",\"publisher\":{\"@id\":\"https:\\\/\\\/casadecampoliving.com\\\/es\\\/#organization\"},\"potentialAction\":[{\"@type\":\"SearchAction\",\"target\":{\"@type\":\"EntryPoint\",\"urlTemplate\":\"https:\\\/\\\/casadecampoliving.com\\\/es\\\/?s={search_term_string}\"},\"query-input\":{\"@type\":\"PropertyValueSpecification\",\"valueRequired\":true,\"valueName\":\"search_term_string\"}}],\"inLanguage\":\"es\"},{\"@type\":\"Organization\",\"@id\":\"https:\\\/\\\/casadecampoliving.com\\\/es\\\/#organization\",\"name\":\"Casa de Campo Living\",\"url\":\"https:\\\/\\\/casadecampoliving.com\\\/es\\\/\",\"logo\":{\"@type\":\"ImageObject\",\"inLanguage\":\"es\",\"@id\":\"https:\\\/\\\/casadecampoliving.com\\\/es\\\/#\\\/schema\\\/logo\\\/image\\\/\",\"url\":\"https:\\\/\\\/i0.wp.com\\\/casadecampoliving.com\\\/wp-content\\\/uploads\\\/2022\\\/07\\\/CDCLivingLogo_V1-white-sized.png?fit=800%2C214&ssl=1\",\"contentUrl\":\"https:\\\/\\\/i0.wp.com\\\/casadecampoliving.com\\\/wp-content\\\/uploads\\\/2022\\\/07\\\/CDCLivingLogo_V1-white-sized.png?fit=800%2C214&ssl=1\",\"width\":800,\"height\":214,\"caption\":\"Casa de Campo Living\"},\"image\":{\"@id\":\"https:\\\/\\\/casadecampoliving.com\\\/es\\\/#\\\/schema\\\/logo\\\/image\\\/\"},\"sameAs\":[\"https:\\\/\\\/www.facebook.com\\\/casadecampoliving\",\"https:\\\/\\\/x.com\\\/cdcliving\"]},{\"@type\":\"Person\",\"@id\":\"https:\\\/\\\/casadecampoliving.com\\\/es\\\/#\\\/schema\\\/person\\\/932e594484c49168ad37fbb9141bf699\",\"name\":\"Mairobi Herrera\",\"image\":{\"@type\":\"ImageObject\",\"inLanguage\":\"es\",\"@id\":\"https:\\\/\\\/secure.gravatar.com\\\/avatar\\\/d0bf6c19470eb55d83c719e39672f670b2c4412339af1eb8a08f86427ba98ee8?s=96&d=mm&r=g\",\"url\":\"https:\\\/\\\/secure.gravatar.com\\\/avatar\\\/d0bf6c19470eb55d83c719e39672f670b2c4412339af1eb8a08f86427ba98ee8?s=96&d=mm&r=g\",\"contentUrl\":\"https:\\\/\\\/secure.gravatar.com\\\/avatar\\\/d0bf6c19470eb55d83c719e39672f670b2c4412339af1eb8a08f86427ba98ee8?s=96&d=mm&r=g\",\"caption\":\"Mairobi Herrera\"},\"sameAs\":[\"https:\\\/\\\/casadecampoliving.com\\\/\"],\"url\":\"https:\\\/\\\/casadecampoliving.com\\\/es\\\/author\\\/mherrera\\\/\"}]}<\/script>\n<!-- \/ Yoast SEO plugin. -->","yoast_head_json":{"title":"Arqueolog\u00eda, Exploraci\u00f3n y Aventura en el campamento de verano del Museo Arqueol\u00f3gico de Chav\u00f3n-del 8 al 19 de julio | Casa de Campo Living","description":"Este verano permita que sus hijos se sumergan en el interesante mundo Ta\u00edno mediante el campamento denominado Arqueolog\u00eda, Exploraci\u00f3n y Aventura que","robots":{"index":"index","follow":"follow","max-snippet":"max-snippet:-1","max-image-preview":"max-image-preview:large","max-video-preview":"max-video-preview:-1"},"canonical":"https:\/\/casadecampoliving.com\/es\/arqueologia-exploracion-y-aventura-en-el-campamento-de-verano-del-museo-arqueologico-de-chavon-del-8-al-19-de-julio\/","og_locale":"es_ES","og_type":"article","og_title":"Arqueolog\u00eda, Exploraci\u00f3n y Aventura en el campamento de verano del Museo Arqueol\u00f3gico de Chav\u00f3n-del 8 al 19 de julio | Casa de Campo Living","og_description":"Este verano permita que sus hijos se sumergan en el interesante mundo Ta\u00edno mediante el campamento denominado Arqueolog\u00eda, Exploraci\u00f3n y Aventura que","og_url":"https:\/\/casadecampoliving.com\/es\/arqueologia-exploracion-y-aventura-en-el-campamento-de-verano-del-museo-arqueologico-de-chavon-del-8-al-19-de-julio\/","og_site_name":"Casa de Campo Living","article_publisher":"https:\/\/www.facebook.com\/casadecampoliving","article_published_time":"2013-05-15T04:00:00+00:00","article_modified_time":"2022-10-21T22:49:58+00:00","og_image":[{"width":650,"height":449,"url":"https:\/\/i0.wp.com\/casadecampoliving.com\/wp-content\/uploads\/2022\/10\/campamento_verano_chavon_museo-1.jpg?fit=650%2C449&ssl=1","type":"image\/jpeg"}],"author":"Mairobi Herrera","twitter_card":"summary_large_image","twitter_creator":"@cdcliving","twitter_site":"@cdcliving","twitter_misc":{"Escrito por":"Mairobi Herrera","Tiempo de lectura":"2 minutos"},"schema":{"@context":"https:\/\/schema.org","@graph":[{"@type":"Article","@id":"https:\/\/casadecampoliving.com\/es\/arqueologia-exploracion-y-aventura-en-el-campamento-de-verano-del-museo-arqueologico-de-chavon-del-8-al-19-de-julio\/#article","isPartOf":{"@id":"https:\/\/casadecampoliving.com\/es\/arqueologia-exploracion-y-aventura-en-el-campamento-de-verano-del-museo-arqueologico-de-chavon-del-8-al-19-de-julio\/"},"author":{"name":"Mairobi Herrera","@id":"https:\/\/casadecampoliving.com\/es\/#\/schema\/person\/932e594484c49168ad37fbb9141bf699"},"headline":"Arqueolog\u00eda, Exploraci\u00f3n y Aventura en el campamento de verano del Museo Arqueol\u00f3gico de Chav\u00f3n-del 8 al 19 de julio","datePublished":"2013-05-15T04:00:00+00:00","dateModified":"2022-10-21T22:49:58+00:00","mainEntityOfPage":{"@id":"https:\/\/casadecampoliving.com\/es\/arqueologia-exploracion-y-aventura-en-el-campamento-de-verano-del-museo-arqueologico-de-chavon-del-8-al-19-de-julio\/"},"wordCount":355,"publisher":{"@id":"https:\/\/casadecampoliving.com\/es\/#organization"},"image":{"@id":"https:\/\/casadecampoliving.com\/es\/arqueologia-exploracion-y-aventura-en-el-campamento-de-verano-del-museo-arqueologico-de-chavon-del-8-al-19-de-julio\/#primaryimage"},"thumbnailUrl":"https:\/\/i0.wp.com\/casadecampoliving.com\/wp-content\/uploads\/2022\/10\/campamento_verano_chavon_museo-1.jpg?fit=650%2C449&ssl=1","keywords":["Altos de Chavon","campamento de verano","museo arqueologico regional de altos de chavon"],"articleSection":["Altos de Chavon @es","Arte y cultura","Destacados","Eventos","Proximamente"],"inLanguage":"es"},{"@type":"WebPage","@id":"https:\/\/casadecampoliving.com\/es\/arqueologia-exploracion-y-aventura-en-el-campamento-de-verano-del-museo-arqueologico-de-chavon-del-8-al-19-de-julio\/","url":"https:\/\/casadecampoliving.com\/es\/arqueologia-exploracion-y-aventura-en-el-campamento-de-verano-del-museo-arqueologico-de-chavon-del-8-al-19-de-julio\/","name":"Arqueolog\u00eda, Exploraci\u00f3n y Aventura en el campamento de verano del Museo Arqueol\u00f3gico de Chav\u00f3n-del 8 al 19 de julio | Casa de Campo Living","isPartOf":{"@id":"https:\/\/casadecampoliving.com\/es\/#website"},"primaryImageOfPage":{"@id":"https:\/\/casadecampoliving.com\/es\/arqueologia-exploracion-y-aventura-en-el-campamento-de-verano-del-museo-arqueologico-de-chavon-del-8-al-19-de-julio\/#primaryimage"},"image":{"@id":"https:\/\/casadecampoliving.com\/es\/arqueologia-exploracion-y-aventura-en-el-campamento-de-verano-del-museo-arqueologico-de-chavon-del-8-al-19-de-julio\/#primaryimage"},"thumbnailUrl":"https:\/\/i0.wp.com\/casadecampoliving.com\/wp-content\/uploads\/2022\/10\/campamento_verano_chavon_museo-1.jpg?fit=650%2C449&ssl=1","datePublished":"2013-05-15T04:00:00+00:00","dateModified":"2022-10-21T22:49:58+00:00","description":"Este verano permita que sus hijos se sumergan en el interesante mundo Ta\u00edno mediante el campamento denominado Arqueolog\u00eda, Exploraci\u00f3n y Aventura que","breadcrumb":{"@id":"https:\/\/casadecampoliving.com\/es\/arqueologia-exploracion-y-aventura-en-el-campamento-de-verano-del-museo-arqueologico-de-chavon-del-8-al-19-de-julio\/#breadcrumb"},"inLanguage":"es","potentialAction":[{"@type":"ReadAction","target":["https:\/\/casadecampoliving.com\/es\/arqueologia-exploracion-y-aventura-en-el-campamento-de-verano-del-museo-arqueologico-de-chavon-del-8-al-19-de-julio\/"]}]},{"@type":"ImageObject","inLanguage":"es","@id":"https:\/\/casadecampoliving.com\/es\/arqueologia-exploracion-y-aventura-en-el-campamento-de-verano-del-museo-arqueologico-de-chavon-del-8-al-19-de-julio\/#primaryimage","url":"https:\/\/i0.wp.com\/casadecampoliving.com\/wp-content\/uploads\/2022\/10\/campamento_verano_chavon_museo-1.jpg?fit=650%2C449&ssl=1","contentUrl":"https:\/\/i0.wp.com\/casadecampoliving.com\/wp-content\/uploads\/2022\/10\/campamento_verano_chavon_museo-1.jpg?fit=650%2C449&ssl=1","width":650,"height":449,"caption":"campamento verano chavon museo"},{"@type":"BreadcrumbList","@id":"https:\/\/casadecampoliving.com\/es\/arqueologia-exploracion-y-aventura-en-el-campamento-de-verano-del-museo-arqueologico-de-chavon-del-8-al-19-de-julio\/#breadcrumb","itemListElement":[{"@type":"ListItem","position":1,"name":"Home","item":"https:\/\/casadecampoliving.com\/es\/"},{"@type":"ListItem","position":2,"name":"Arqueolog\u00eda, Exploraci\u00f3n y Aventura en el campamento de verano del Museo Arqueol\u00f3gico de Chav\u00f3n-del 8 al 19 de julio"}]},{"@type":"WebSite","@id":"https:\/\/casadecampoliving.com\/es\/#website","url":"https:\/\/casadecampoliving.com\/es\/","name":"Casa de Campo Living","description":"Resort community news and resources.","publisher":{"@id":"https:\/\/casadecampoliving.com\/es\/#organization"},"potentialAction":[{"@type":"SearchAction","target":{"@type":"EntryPoint","urlTemplate":"https:\/\/casadecampoliving.com\/es\/?s={search_term_string}"},"query-input":{"@type":"PropertyValueSpecification","valueRequired":true,"valueName":"search_term_string"}}],"inLanguage":"es"},{"@type":"Organization","@id":"https:\/\/casadecampoliving.com\/es\/#organization","name":"Casa de Campo Living","url":"https:\/\/casadecampoliving.com\/es\/","logo":{"@type":"ImageObject","inLanguage":"es","@id":"https:\/\/casadecampoliving.com\/es\/#\/schema\/logo\/image\/","url":"https:\/\/i0.wp.com\/casadecampoliving.com\/wp-content\/uploads\/2022\/07\/CDCLivingLogo_V1-white-sized.png?fit=800%2C214&ssl=1","contentUrl":"https:\/\/i0.wp.com\/casadecampoliving.com\/wp-content\/uploads\/2022\/07\/CDCLivingLogo_V1-white-sized.png?fit=800%2C214&ssl=1","width":800,"height":214,"caption":"Casa de Campo Living"},"image":{"@id":"https:\/\/casadecampoliving.com\/es\/#\/schema\/logo\/image\/"},"sameAs":["https:\/\/www.facebook.com\/casadecampoliving","https:\/\/x.com\/cdcliving"]},{"@type":"Person","@id":"https:\/\/casadecampoliving.com\/es\/#\/schema\/person\/932e594484c49168ad37fbb9141bf699","name":"Mairobi Herrera","image":{"@type":"ImageObject","inLanguage":"es","@id":"https:\/\/secure.gravatar.com\/avatar\/d0bf6c19470eb55d83c719e39672f670b2c4412339af1eb8a08f86427ba98ee8?s=96&d=mm&r=g","url":"https:\/\/secure.gravatar.com\/avatar\/d0bf6c19470eb55d83c719e39672f670b2c4412339af1eb8a08f86427ba98ee8?s=96&d=mm&r=g","contentUrl":"https:\/\/secure.gravatar.com\/avatar\/d0bf6c19470eb55d83c719e39672f670b2c4412339af1eb8a08f86427ba98ee8?s=96&d=mm&r=g","caption":"Mairobi Herrera"},"sameAs":["https:\/\/casadecampoliving.com\/"],"url":"https:\/\/casadecampoliving.com\/es\/author\/mherrera\/"}]}},"parsely":{"version":"1.1.0","canonical_url":"https:\/\/casadecampoliving.com\/es\/arqueologia-exploracion-y-aventura-en-el-campamento-de-verano-del-museo-arqueologico-de-chavon-del-8-al-19-de-julio\/","smart_links":{"inbound":0,"outbound":0},"traffic_boost_suggestions_count":0,"meta":{"@context":"https:\/\/schema.org","@type":"NewsArticle","headline":"Arqueolog\u00eda, Exploraci\u00f3n y Aventura en el campamento de verano del Museo Arqueol\u00f3gico de Chav\u00f3n-del 8 al 19 de julio","url":"http:\/\/casadecampoliving.com\/es\/arqueologia-exploracion-y-aventura-en-el-campamento-de-verano-del-museo-arqueologico-de-chavon-del-8-al-19-de-julio\/","mainEntityOfPage":{"@type":"WebPage","@id":"http:\/\/casadecampoliving.com\/es\/arqueologia-exploracion-y-aventura-en-el-campamento-de-verano-del-museo-arqueologico-de-chavon-del-8-al-19-de-julio\/"},"thumbnailUrl":"https:\/\/i0.wp.com\/casadecampoliving.com\/wp-content\/uploads\/2022\/10\/campamento_verano_chavon_museo-1.jpg?resize=150%2C150&ssl=1","image":{"@type":"ImageObject","url":"https:\/\/i0.wp.com\/casadecampoliving.com\/wp-content\/uploads\/2022\/10\/campamento_verano_chavon_museo-1.jpg?fit=650%2C449&ssl=1"},"articleSection":"Altos de Chavon @es","author":[{"@type":"Person","name":"Mairobi Herrera"}],"creator":["Mairobi Herrera"],"publisher":{"@type":"Organization","name":"Casa de Campo Living","logo":"https:\/\/casadecampoliving.com\/wp-content\/uploads\/2022\/07\/CDCLivingLogo_V1-white-sized.png"},"keywords":["altos de chavon","campamento de verano","museo arqueologico regional de altos de chavon"],"dateCreated":"2013-05-15T04:00:00Z","datePublished":"2013-05-15T04:00:00Z","dateModified":"2022-10-21T22:49:58Z"},"rendered":"<script type=\"application\/ld+json\" class=\"wp-parsely-metadata\">{\"@context\":\"https:\\\/\\\/schema.org\",\"@type\":\"NewsArticle\",\"headline\":\"Arqueolog\\u00eda, Exploraci\\u00f3n y Aventura en el campamento de verano del Museo Arqueol\\u00f3gico de Chav\\u00f3n-del 8 al 19 de julio\",\"url\":\"http:\\\/\\\/casadecampoliving.com\\\/es\\\/arqueologia-exploracion-y-aventura-en-el-campamento-de-verano-del-museo-arqueologico-de-chavon-del-8-al-19-de-julio\\\/\",\"mainEntityOfPage\":{\"@type\":\"WebPage\",\"@id\":\"http:\\\/\\\/casadecampoliving.com\\\/es\\\/arqueologia-exploracion-y-aventura-en-el-campamento-de-verano-del-museo-arqueologico-de-chavon-del-8-al-19-de-julio\\\/\"},\"thumbnailUrl\":\"https:\\\/\\\/i0.wp.com\\\/casadecampoliving.com\\\/wp-content\\\/uploads\\\/2022\\\/10\\\/campamento_verano_chavon_museo-1.jpg?resize=150%2C150&ssl=1\",\"image\":{\"@type\":\"ImageObject\",\"url\":\"https:\\\/\\\/i0.wp.com\\\/casadecampoliving.com\\\/wp-content\\\/uploads\\\/2022\\\/10\\\/campamento_verano_chavon_museo-1.jpg?fit=650%2C449&ssl=1\"},\"articleSection\":\"Altos de Chavon @es\",\"author\":[{\"@type\":\"Person\",\"name\":\"Mairobi Herrera\"}],\"creator\":[\"Mairobi Herrera\"],\"publisher\":{\"@type\":\"Organization\",\"name\":\"Casa de Campo Living\",\"logo\":\"https:\\\/\\\/casadecampoliving.com\\\/wp-content\\\/uploads\\\/2022\\\/07\\\/CDCLivingLogo_V1-white-sized.png\"},\"keywords\":[\"altos de chavon\",\"campamento de verano\",\"museo arqueologico regional de altos de chavon\"],\"dateCreated\":\"2013-05-15T04:00:00Z\",\"datePublished\":\"2013-05-15T04:00:00Z\",\"dateModified\":\"2022-10-21T22:49:58Z\"}<\/script>","tracker_url":"https:\/\/cdn.parsely.com\/keys\/casadecampoliving.com\/p.js"},"jetpack_publicize_connections":[],"jetpack_featured_media_url":"https:\/\/i0.wp.com\/casadecampoliving.com\/wp-content\/uploads\/2022\/10\/campamento_verano_chavon_museo-1.jpg?fit=650%2C449&ssl=1","jetpack-related-posts":[{"id":344263,"url":"https:\/\/casadecampoliving.com\/es\/campamento-de-verano-en-el-museo-regional-arqueologico-altos-de-chavon\/","url_meta":{"origin":341419,"position":0},"title":"Campamento de Verano en el Museo Regional Arqueol\u00f3gico Altos de Chav\u00f3n","author":"Perkin Agramonte","date":"27 Abr, 2014","format":false,"excerpt":"\u00a1Anote la Fecha! El Museo Regional Arqueol\u00f3gico Altos de Chav\u00f3n estar\u00e1 organizando un Campamento de Verano desde el lunes 6 hasta el viernes 18 de julio, donde los ni\u00f1os aprender\u00e1n sobre la historia a trav\u00e9s de juegos y exploraciones. En este campamento arqueol\u00f3gico, exploratorio y divertido los ni\u00f1os aprender\u00e1n a\u2026","rel":"","context":"En \u00abAltos de Chavon @es\u00bb","block_context":{"text":"Altos de Chavon @es","link":"https:\/\/casadecampoliving.com\/category\/altos-de-chavon-es\/"},"img":{"alt_text":"","src":"https:\/\/i0.wp.com\/casadecampoliving.com\/wp-content\/uploads\/2022\/10\/campamento_verano_arqueologico_chavon-e1398433087895-1.jpg?fit=620%2C465&ssl=1&resize=350%2C200","width":350,"height":200,"srcset":"https:\/\/i0.wp.com\/casadecampoliving.com\/wp-content\/uploads\/2022\/10\/campamento_verano_arqueologico_chavon-e1398433087895-1.jpg?fit=620%2C465&ssl=1&resize=350%2C200 1x, https:\/\/i0.wp.com\/casadecampoliving.com\/wp-content\/uploads\/2022\/10\/campamento_verano_arqueologico_chavon-e1398433087895-1.jpg?fit=620%2C465&ssl=1&resize=525%2C300 1.5x"},"classes":[]},{"id":342368,"url":"https:\/\/casadecampoliving.com\/es\/ya-inicio-el-campamento-de-verano-del-museo-arqueologico-regional-de-altos-de-chavon\/","url_meta":{"origin":341419,"position":1},"title":"Ya inici\u00f3 el Campamento de Verano del Museo Arqueol\u00f3gico Regional de Altos de Chav\u00f3n","author":"Mairobi Herrera","date":"12 Jul, 2013","format":false,"excerpt":"Este lunes 8 de julio comenz\u00f3 exitosamente el campamento del Museo Arqueol\u00f3gico de Chav\u00f3n \u201cArqueolog\u00eda, Exploraci\u00f3n \u00a0y Aventura\u201d, el cual est\u00e1 enfocado en el aprendizaje mediante la pr\u00e1ctica. Durante este campamento, que se estar\u00e1 realizando dentro y en los alrededores del museo hasta el 19 de julio, 18 ni\u00f1os exploran\u2026","rel":"","context":"En \u00abAltos de Chavon @es\u00bb","block_context":{"text":"Altos de Chavon @es","link":"https:\/\/casadecampoliving.com\/category\/altos-de-chavon-es\/"},"img":{"alt_text":"casa de campo","src":"https:\/\/i0.wp.com\/casadecampoliving.com\/wp-content\/uploads\/2022\/10\/campamento_arqueologico_museo_chavon2-1.jpg?fit=650%2C488&ssl=1&resize=350%2C200","width":350,"height":200,"srcset":"https:\/\/i0.wp.com\/casadecampoliving.com\/wp-content\/uploads\/2022\/10\/campamento_arqueologico_museo_chavon2-1.jpg?fit=650%2C488&ssl=1&resize=350%2C200 1x, https:\/\/i0.wp.com\/casadecampoliving.com\/wp-content\/uploads\/2022\/10\/campamento_arqueologico_museo_chavon2-1.jpg?fit=650%2C488&ssl=1&resize=525%2C300 1.5x"},"classes":[]},{"id":342208,"url":"https:\/\/casadecampoliving.com\/es\/experta-en-aves-participara-en-el-campamento-de-verano-del-museo-arqueologico-chavon\/","url_meta":{"origin":341419,"position":2},"title":"Experta en aves participar\u00e1 en el campamento de verano del Museo Arqueol\u00f3gico Chav\u00f3n","author":"Mairobi Herrera","date":"6 Jul, 2013","format":false,"excerpt":"\u00bfUsted sabe cu\u00e1les aves vuelan en los alrededores de Altos de Chav\u00f3n y cu\u00e1ntas son? Pues muy pronto lo sabremos, porque la ornit\u00f3loga norteamericana residente en el pa\u00eds, Kate Wallace, formar\u00e1 parte del campamento de verano del Museo Regional Altos de Chav\u00f3n el 16 de julio, en donde ayudar\u00e1 a\u2026","rel":"","context":"En \u00abAltos de Chavon @es\u00bb","block_context":{"text":"Altos de Chavon @es","link":"https:\/\/casadecampoliving.com\/category\/altos-de-chavon-es\/"},"img":{"alt_text":"vultures","src":"https:\/\/i0.wp.com\/casadecampoliving.com\/wp-content\/uploads\/2022\/10\/vultures-1.jpg?fit=650%2C395&ssl=1&resize=350%2C200","width":350,"height":200,"srcset":"https:\/\/i0.wp.com\/casadecampoliving.com\/wp-content\/uploads\/2022\/10\/vultures-1.jpg?fit=650%2C395&ssl=1&resize=350%2C200 1x, https:\/\/i0.wp.com\/casadecampoliving.com\/wp-content\/uploads\/2022\/10\/vultures-1.jpg?fit=650%2C395&ssl=1&resize=525%2C300 1.5x"},"classes":[]},{"id":344523,"url":"https:\/\/casadecampoliving.com\/es\/campamento-de-verano-explorando-el-pasado-en-el-museo-arqueologico-altos-de-chavon\/","url_meta":{"origin":341419,"position":3},"title":"Campamento de Verano \u00abExplorando el Pasado\u00bb en el Museo Arqueol\u00f3gico Altos de Chav\u00f3n","author":"Perkin Agramonte","date":"3 Jun, 2014","format":false,"excerpt":"Este es el momento perfecto para registrar a sus ni\u00f1os en el Campamento de Verano anual, el cual ser\u00e1 organizado por el Museo Regional Arqueol\u00f3gico Altos de Chav\u00f3n, desde el lunes 7 de julio hasta el viernes 18 de julio. El tema de este a\u00f1o es \u201cExplorando el Pasado\u201d, donde\u2026","rel":"","context":"En \u00abAltos de Chavon @es\u00bb","block_context":{"text":"Altos de Chavon @es","link":"https:\/\/casadecampoliving.com\/category\/altos-de-chavon-es\/"},"img":{"alt_text":"","src":"https:\/\/i0.wp.com\/casadecampoliving.com\/wp-content\/uploads\/2022\/10\/Volante-Campamento-0-1.jpg?fit=650%2C430&ssl=1&resize=350%2C200","width":350,"height":200,"srcset":"https:\/\/i0.wp.com\/casadecampoliving.com\/wp-content\/uploads\/2022\/10\/Volante-Campamento-0-1.jpg?fit=650%2C430&ssl=1&resize=350%2C200 1x, https:\/\/i0.wp.com\/casadecampoliving.com\/wp-content\/uploads\/2022\/10\/Volante-Campamento-0-1.jpg?fit=650%2C430&ssl=1&resize=525%2C300 1.5x"},"classes":[]},{"id":346986,"url":"https:\/\/casadecampoliving.com\/es\/campamento-explorando-el-pasado-en-el-museo-arqueologico-altos-de-chavon\/","url_meta":{"origin":341419,"position":4},"title":"Campamento \u00abExplorando el Pasado\u00bb en el Museo Arqueol\u00f3gico Altos de Chav\u00f3n","author":"Perkin Agramonte","date":"19 Mar, 2015","format":false,"excerpt":"\u00a1Anote la Fecha! El Museo Regional Arqueol\u00f3gico Altos de Chav\u00f3n estar\u00e1 llevando a cabo su Campamento de Verano del lunes 6 al viernes 17 de julio. Al igual que el a\u00f1o pasado el tema es \u201cExplorando el Pasado\u201d, donde los ni\u00f1os aprende sobre la historia a trav\u00e9s del arte, exploraciones\u2026","rel":"","context":"En \u00abAltos de Chavon @es\u00bb","block_context":{"text":"Altos de Chavon @es","link":"https:\/\/casadecampoliving.com\/category\/altos-de-chavon-es\/"},"img":{"alt_text":"Altos de Chavon Regional Museum Archaeology","src":"https:\/\/i0.wp.com\/casadecampoliving.com\/wp-content\/uploads\/2022\/10\/Altos_de_Chavon_Regional_Museum_-Archaeology-1.jpg?fit=980%2C428&ssl=1&resize=350%2C200","width":350,"height":200,"srcset":"https:\/\/i0.wp.com\/casadecampoliving.com\/wp-content\/uploads\/2022\/10\/Altos_de_Chavon_Regional_Museum_-Archaeology-1.jpg?fit=980%2C428&ssl=1&resize=350%2C200 1x, https:\/\/i0.wp.com\/casadecampoliving.com\/wp-content\/uploads\/2022\/10\/Altos_de_Chavon_Regional_Museum_-Archaeology-1.jpg?fit=980%2C428&ssl=1&resize=525%2C300 1.5x, https:\/\/i0.wp.com\/casadecampoliving.com\/wp-content\/uploads\/2022\/10\/Altos_de_Chavon_Regional_Museum_-Archaeology-1.jpg?fit=980%2C428&ssl=1&resize=700%2C400 2x"},"classes":[]},{"id":341821,"url":"https:\/\/casadecampoliving.com\/es\/taller-de-planificacion-creativa-de-campamentos-del-12-al-13-de-junio-en-el-museo-arqueologico-regional-altos-de-chavon\/","url_meta":{"origin":341419,"position":5},"title":"Taller de Planificaci\u00f3n Creativa de Campamentos- del 12 al 13 de Junio en el Museo Arqueol\u00f3gico Regional Altos de Chav\u00f3n","author":"Mairobi Herrera","date":"9 Jun, 2013","format":false,"excerpt":"\u00a0Desde el mi\u00e9rcoles 12 hasta el jueves 13 de junio se realizar\u00e1 en el Museo Arqueol\u00f3gico Regional Altos de Chav\u00f3n un taller de planificaci\u00f3n creativa de campamentos dirigido a gu\u00edas y facilitadores. El taller es\u00a0una jornada creativa para ayudar a dise\u00f1ar propuestas de campamentos atendiendo a diferentes grupos de edades,\u2026","rel":"","context":"En \u00abAltos de Chavon @es\u00bb","block_context":{"text":"Altos de Chavon @es","link":"https:\/\/casadecampoliving.com\/category\/altos-de-chavon-es\/"},"img":{"alt_text":"planificacion creativa campamentos","src":"https:\/\/i0.wp.com\/casadecampoliving.com\/wp-content\/uploads\/2022\/10\/planificacion_creativa_campamentos-1.jpg?fit=650%2C514&ssl=1&resize=350%2C200","width":350,"height":200,"srcset":"https:\/\/i0.wp.com\/casadecampoliving.com\/wp-content\/uploads\/2022\/10\/planificacion_creativa_campamentos-1.jpg?fit=650%2C514&ssl=1&resize=350%2C200 1x, https:\/\/i0.wp.com\/casadecampoliving.com\/wp-content\/uploads\/2022\/10\/planificacion_creativa_campamentos-1.jpg?fit=650%2C514&ssl=1&resize=525%2C300 1.5x"},"classes":[]}],"jetpack_sharing_enabled":true,"_links":{"self":[{"href":"https:\/\/casadecampoliving.com\/es\/wp-json\/wp\/v2\/posts\/341419","targetHints":{"allow":["GET"]}}],"collection":[{"href":"https:\/\/casadecampoliving.com\/es\/wp-json\/wp\/v2\/posts"}],"about":[{"href":"https:\/\/casadecampoliving.com\/es\/wp-json\/wp\/v2\/types\/post"}],"author":[{"embeddable":true,"href":"https:\/\/casadecampoliving.com\/es\/wp-json\/wp\/v2\/users\/431"}],"replies":[{"embeddable":true,"href":"https:\/\/casadecampoliving.com\/es\/wp-json\/wp\/v2\/comments?post=341419"}],"version-history":[{"count":1,"href":"https:\/\/casadecampoliving.com\/es\/wp-json\/wp\/v2\/posts\/341419\/revisions"}],"predecessor-version":[{"id":341420,"href":"https:\/\/casadecampoliving.com\/es\/wp-json\/wp\/v2\/posts\/341419\/revisions\/341420"}],"wp:featuredmedia":[{"embeddable":true,"href":"https:\/\/casadecampoliving.com\/es\/wp-json\/wp\/v2\/media\/235671"}],"wp:attachment":[{"href":"https:\/\/casadecampoliving.com\/es\/wp-json\/wp\/v2\/media?parent=341419"}],"wp:term":[{"taxonomy":"category","embeddable":true,"href":"https:\/\/casadecampoliving.com\/es\/wp-json\/wp\/v2\/categories?post=341419"},{"taxonomy":"post_tag","embeddable":true,"href":"https:\/\/casadecampoliving.com\/es\/wp-json\/wp\/v2\/tags?post=341419"},{"taxonomy":"newspack_spnsrs_tax","embeddable":true,"href":"https:\/\/casadecampoliving.com\/es\/wp-json\/wp\/v2\/newspack_spnsrs_tax?post=341419"}],"curies":[{"name":"wp","href":"https:\/\/api.w.org\/{rel}","templated":true}]}}