{"id":341381,"date":"2013-05-12T00:00:00","date_gmt":"2013-05-12T04:00:00","guid":{"rendered":"https:\/\/casadecampoliving.com\/casa-de-campo-celebra-coctel-y-exhibicion-para-miembros-de-la-terraza-tennis-club\/"},"modified":"2022-11-10T10:29:35","modified_gmt":"2022-11-10T14:29:35","slug":"casa-de-campo-celebra-coctel-y-exhibicion-para-miembros-de-la-terraza-tennis-club","status":"publish","type":"post","link":"https:\/\/casadecampoliving.com\/es\/casa-de-campo-celebra-coctel-y-exhibicion-para-miembros-de-la-terraza-tennis-club\/","title":{"rendered":"Casa de Campo celebra coctel y exhibici\u00f3n para miembros de La Terraza Tennis Club"},"content":{"rendered":"<img data-recalc-dims=\"1\" loading=\"lazy\" decoding=\"async\" class=\"aligncenter size-full wp-image-70081\" title=\"Peter_Bonell_casa_de_campo\" src=\"https:\/\/i0.wp.com\/casadecampoliving.com\/wp-content\/uploads\/2022\/10\/Peter_Bonell_casa_de_campo.jpg?resize=650%2C389&#038;ssl=1\" alt=\"peter bonell casa de campo\" width=\"650\" height=\"389\" \/>La Terraza Tennis Club reuni\u00f3 en la tarde del pasado viernes 3 de Mayo a sus distinguidos socios para compartir y presenciar en camarader\u00eda una exhibici\u00f3n de tenis por parte de sus m\u00e1s destacados profesionales.\n\n<img data-recalc-dims=\"1\" loading=\"lazy\" decoding=\"async\" class=\"aligncenter size-full wp-image-70085\" title=\"la_terraza_tennis_casa_de_campo\" src=\"https:\/\/i0.wp.com\/casadecampoliving.com\/wp-content\/uploads\/2022\/10\/la_terraza_tennis_casa_de_campo.jpg?resize=650%2C421&#038;ssl=1\" alt=\"la terraza tennis casa de campo\" width=\"650\" height=\"421\" \/>\n\nEste evento fue el primero de muchas de las actividades de calentamiento que se estar\u00e1n llevando a cabo para motivar a la comunidad de tenistas a participar en la trig\u00e9sima sexta entrega de la tradicional copa Internacional de Tenis Casa de Campo, la cual se estar\u00e1 celebrando del 29 de agosto al 01 de septiembre, en las instalaciones de La Terraza Tennis Club.\n\nTras el partido de exhibici\u00f3n, los miembros junto con sus familias y amigos se unieron a Emilio V\u00e1squez, Director de Tenis de Casa de Campo para la hora del c\u00f3ctel.\n\nPara conocer mas detalles sobre el torneo puede comunicarse al 809-523-5940 o cont\u00e1ctatenos a la direcci\u00f3n de correo electr\u00f3nico teniscasa@ccampo.com.do.\n\nLas siguientes fotos fueron tomados durante el evento en La Terraza Tennis Club, Casa de Campo:\u00a0<strong>\n<figure class=\"wp-block-gallery has-nested-images columns-default is-cropped wp-block-gallery-1 is-layout-flex wp-block-gallery-is-layout-flex\">\n<figure class=\"wp-block-image size-large\"><img data-recalc-dims=\"1\" loading=\"lazy\" decoding=\"async\" width=\"800\" height=\"531\" data-id=\"465075\" src=\"https:\/\/i0.wp.com\/casadecampoliving.com\/wp-content\/uploads\/2022\/10\/amy-hughes-stae-coudrey.jpg?resize=800%2C531&#038;ssl=1\" alt=\"\" class=\"wp-image-465075\" srcset=\"https:\/\/i0.wp.com\/casadecampoliving.com\/wp-content\/uploads\/2022\/10\/amy-hughes-stae-coudrey.jpg?w=800&amp;ssl=1 800w, https:\/\/i0.wp.com\/casadecampoliving.com\/wp-content\/uploads\/2022\/10\/amy-hughes-stae-coudrey.jpg?resize=300%2C199&amp;ssl=1 300w, https:\/\/i0.wp.com\/casadecampoliving.com\/wp-content\/uploads\/2022\/10\/amy-hughes-stae-coudrey.jpg?resize=768%2C510&amp;ssl=1 768w, https:\/\/i0.wp.com\/casadecampoliving.com\/wp-content\/uploads\/2022\/10\/amy-hughes-stae-coudrey.jpg?resize=400%2C266&amp;ssl=1 400w, https:\/\/i0.wp.com\/casadecampoliving.com\/wp-content\/uploads\/2022\/10\/amy-hughes-stae-coudrey.jpg?resize=706%2C469&amp;ssl=1 706w, https:\/\/i0.wp.com\/casadecampoliving.com\/wp-content\/uploads\/2022\/10\/amy-hughes-stae-coudrey.jpg?resize=150%2C100&amp;ssl=1 150w, https:\/\/i0.wp.com\/casadecampoliving.com\/wp-content\/uploads\/2022\/10\/amy-hughes-stae-coudrey.jpg?w=370&amp;ssl=1 370w\" sizes=\"auto, (max-width: 800px) 100vw, 800px\" \/><\/figure>\n\n\n\n<figure class=\"wp-block-image size-large\"><img data-recalc-dims=\"1\" loading=\"lazy\" decoding=\"async\" width=\"800\" height=\"531\" data-id=\"465103\" src=\"https:\/\/i0.wp.com\/casadecampoliving.com\/wp-content\/uploads\/2022\/10\/antonio-estevany-peter-bonell.jpg?resize=800%2C531&#038;ssl=1\" alt=\"\" class=\"wp-image-465103\" srcset=\"https:\/\/i0.wp.com\/casadecampoliving.com\/wp-content\/uploads\/2022\/10\/antonio-estevany-peter-bonell.jpg?w=800&amp;ssl=1 800w, https:\/\/i0.wp.com\/casadecampoliving.com\/wp-content\/uploads\/2022\/10\/antonio-estevany-peter-bonell.jpg?resize=300%2C199&amp;ssl=1 300w, https:\/\/i0.wp.com\/casadecampoliving.com\/wp-content\/uploads\/2022\/10\/antonio-estevany-peter-bonell.jpg?resize=768%2C510&amp;ssl=1 768w, https:\/\/i0.wp.com\/casadecampoliving.com\/wp-content\/uploads\/2022\/10\/antonio-estevany-peter-bonell.jpg?resize=400%2C266&amp;ssl=1 400w, https:\/\/i0.wp.com\/casadecampoliving.com\/wp-content\/uploads\/2022\/10\/antonio-estevany-peter-bonell.jpg?resize=706%2C469&amp;ssl=1 706w, https:\/\/i0.wp.com\/casadecampoliving.com\/wp-content\/uploads\/2022\/10\/antonio-estevany-peter-bonell.jpg?resize=150%2C100&amp;ssl=1 150w, https:\/\/i0.wp.com\/casadecampoliving.com\/wp-content\/uploads\/2022\/10\/antonio-estevany-peter-bonell.jpg?w=370&amp;ssl=1 370w\" sizes=\"auto, (max-width: 800px) 100vw, 800px\" \/><\/figure>\n\n\n\n<figure class=\"wp-block-image size-large\"><img data-recalc-dims=\"1\" loading=\"lazy\" decoding=\"async\" width=\"800\" height=\"460\" data-id=\"465139\" src=\"https:\/\/i0.wp.com\/casadecampoliving.com\/wp-content\/uploads\/2022\/10\/edwin-g-magdalena-cavazos-jose-felixmilta-de-la-cruzpedro-nolasco-wilson-jonson.jpg?resize=800%2C460&#038;ssl=1\" alt=\"\" class=\"wp-image-465139\" srcset=\"https:\/\/i0.wp.com\/casadecampoliving.com\/wp-content\/uploads\/2022\/10\/edwin-g-magdalena-cavazos-jose-felixmilta-de-la-cruzpedro-nolasco-wilson-jonson.jpg?w=800&amp;ssl=1 800w, https:\/\/i0.wp.com\/casadecampoliving.com\/wp-content\/uploads\/2022\/10\/edwin-g-magdalena-cavazos-jose-felixmilta-de-la-cruzpedro-nolasco-wilson-jonson.jpg?resize=300%2C173&amp;ssl=1 300w, https:\/\/i0.wp.com\/casadecampoliving.com\/wp-content\/uploads\/2022\/10\/edwin-g-magdalena-cavazos-jose-felixmilta-de-la-cruzpedro-nolasco-wilson-jonson.jpg?resize=768%2C442&amp;ssl=1 768w, https:\/\/i0.wp.com\/casadecampoliving.com\/wp-content\/uploads\/2022\/10\/edwin-g-magdalena-cavazos-jose-felixmilta-de-la-cruzpedro-nolasco-wilson-jonson.jpg?resize=400%2C230&amp;ssl=1 400w, https:\/\/i0.wp.com\/casadecampoliving.com\/wp-content\/uploads\/2022\/10\/edwin-g-magdalena-cavazos-jose-felixmilta-de-la-cruzpedro-nolasco-wilson-jonson.jpg?resize=706%2C406&amp;ssl=1 706w, https:\/\/i0.wp.com\/casadecampoliving.com\/wp-content\/uploads\/2022\/10\/edwin-g-magdalena-cavazos-jose-felixmilta-de-la-cruzpedro-nolasco-wilson-jonson.jpg?resize=150%2C86&amp;ssl=1 150w, https:\/\/i0.wp.com\/casadecampoliving.com\/wp-content\/uploads\/2022\/10\/edwin-g-magdalena-cavazos-jose-felixmilta-de-la-cruzpedro-nolasco-wilson-jonson.jpg?w=370&amp;ssl=1 370w\" sizes=\"auto, (max-width: 800px) 100vw, 800px\" \/><\/figure>\n\n\n\n<figure class=\"wp-block-image size-large\"><img data-recalc-dims=\"1\" loading=\"lazy\" decoding=\"async\" width=\"800\" height=\"531\" data-id=\"465167\" src=\"https:\/\/i0.wp.com\/casadecampoliving.com\/wp-content\/uploads\/2022\/10\/milta-de-a-cruzguillermo-garcia-y-magdalena-cavazos.jpg?resize=800%2C531&#038;ssl=1\" alt=\"\" class=\"wp-image-465167\" srcset=\"https:\/\/i0.wp.com\/casadecampoliving.com\/wp-content\/uploads\/2022\/10\/milta-de-a-cruzguillermo-garcia-y-magdalena-cavazos.jpg?w=800&amp;ssl=1 800w, https:\/\/i0.wp.com\/casadecampoliving.com\/wp-content\/uploads\/2022\/10\/milta-de-a-cruzguillermo-garcia-y-magdalena-cavazos.jpg?resize=300%2C199&amp;ssl=1 300w, https:\/\/i0.wp.com\/casadecampoliving.com\/wp-content\/uploads\/2022\/10\/milta-de-a-cruzguillermo-garcia-y-magdalena-cavazos.jpg?resize=768%2C510&amp;ssl=1 768w, https:\/\/i0.wp.com\/casadecampoliving.com\/wp-content\/uploads\/2022\/10\/milta-de-a-cruzguillermo-garcia-y-magdalena-cavazos.jpg?resize=400%2C266&amp;ssl=1 400w, https:\/\/i0.wp.com\/casadecampoliving.com\/wp-content\/uploads\/2022\/10\/milta-de-a-cruzguillermo-garcia-y-magdalena-cavazos.jpg?resize=706%2C469&amp;ssl=1 706w, https:\/\/i0.wp.com\/casadecampoliving.com\/wp-content\/uploads\/2022\/10\/milta-de-a-cruzguillermo-garcia-y-magdalena-cavazos.jpg?resize=150%2C100&amp;ssl=1 150w, https:\/\/i0.wp.com\/casadecampoliving.com\/wp-content\/uploads\/2022\/10\/milta-de-a-cruzguillermo-garcia-y-magdalena-cavazos.jpg?w=370&amp;ssl=1 370w\" sizes=\"auto, (max-width: 800px) 100vw, 800px\" \/><\/figure>\n\n\n\n<figure class=\"wp-block-image size-large\"><img data-recalc-dims=\"1\" loading=\"lazy\" decoding=\"async\" width=\"800\" height=\"478\" data-id=\"465191\" src=\"https:\/\/i0.wp.com\/casadecampoliving.com\/wp-content\/uploads\/2022\/10\/peter-bonell-gloria-bonell-emilio-vasques-alberto-jimenes.jpg?resize=800%2C478&#038;ssl=1\" alt=\"\" class=\"wp-image-465191\" srcset=\"https:\/\/i0.wp.com\/casadecampoliving.com\/wp-content\/uploads\/2022\/10\/peter-bonell-gloria-bonell-emilio-vasques-alberto-jimenes.jpg?w=800&amp;ssl=1 800w, https:\/\/i0.wp.com\/casadecampoliving.com\/wp-content\/uploads\/2022\/10\/peter-bonell-gloria-bonell-emilio-vasques-alberto-jimenes.jpg?resize=300%2C179&amp;ssl=1 300w, https:\/\/i0.wp.com\/casadecampoliving.com\/wp-content\/uploads\/2022\/10\/peter-bonell-gloria-bonell-emilio-vasques-alberto-jimenes.jpg?resize=768%2C459&amp;ssl=1 768w, https:\/\/i0.wp.com\/casadecampoliving.com\/wp-content\/uploads\/2022\/10\/peter-bonell-gloria-bonell-emilio-vasques-alberto-jimenes.jpg?resize=400%2C239&amp;ssl=1 400w, https:\/\/i0.wp.com\/casadecampoliving.com\/wp-content\/uploads\/2022\/10\/peter-bonell-gloria-bonell-emilio-vasques-alberto-jimenes.jpg?resize=706%2C422&amp;ssl=1 706w, https:\/\/i0.wp.com\/casadecampoliving.com\/wp-content\/uploads\/2022\/10\/peter-bonell-gloria-bonell-emilio-vasques-alberto-jimenes.jpg?resize=150%2C90&amp;ssl=1 150w, https:\/\/i0.wp.com\/casadecampoliving.com\/wp-content\/uploads\/2022\/10\/peter-bonell-gloria-bonell-emilio-vasques-alberto-jimenes.jpg?w=370&amp;ssl=1 370w\" sizes=\"auto, (max-width: 800px) 100vw, 800px\" \/><\/figure>\n<\/figure>\n<\/strong>\n<blockquote><strong><a href=\"https:\/\/casadecampoliving.com\/es\/2012\/09\/alberto-castano-es-coronado-campeon-del-xxxv-torneo-internacional-de-tenis-proseguros\/\">El XXXV Torneo Internacional de Tenis Proseguros!<\/a>\n<\/strong>\n<img data-recalc-dims=\"1\" loading=\"lazy\" decoding=\"async\" class=\"aligncenter \u00a0wp-image-57509\" title=\"alberto_castano_proseguros_tennis_tournament\" src=\"https:\/\/i0.wp.com\/casadecampoliving.com\/wp-content\/uploads\/2022\/10\/alberto_castano_proseguros_tennis.jpg?resize=585%2C365&#038;ssl=1\" alt=\"Alberto Castano Proseguros Tennis Tournament\" width=\"585\" height=\"365\" \/>\nEl pasado domingo 2 de septiembre, fueron celebrados los juegos finales del XXXV Torneo Internacional de Tenis \u201cCasa de Campo \u2013 Proseguros\u201d, en el Club de Tenis La Terraza \u2013 una re\u00f1ida competencia que fue ganada por Alberto Casta\u00f1o, un talentoso jugador de tenis espa\u00f1ol de solo 17 a\u00f1os!\n\n<em><strong><a href=\"https:\/\/casadecampoliving.com\/es\/2012\/09\/alberto-castano-es-coronado-campeon-del-xxxv-torneo-internacional-de-tenis-proseguros\/\">Haga click aqu\u00ed para fotos y el art\u00edculo completo!<\/a><\/strong><\/em><\/blockquote>","protected":false},"excerpt":{"rendered":"<p>La Terraza Tennis Club reuni\u00f3 en la tarde del pasado viernes 3 de Mayo a sus distinguidos socios para compartir y presenciar en camarader\u00eda una exhibici\u00f3n de tenis por parte de sus m\u00e1s destacados profesionales. Este evento fue el primero de muchas de las actividades de calentamiento que se estar\u00e1n llevando a cabo para motivar [&hellip;]<\/p>\n","protected":false},"author":31,"featured_media":234386,"comment_status":"closed","ping_status":"closed","sticky":false,"template":"","format":"standard","meta":{"newspack_ads_suppress_ads":false,"newspack_popups_has_disabled_popups":false,"newspack_sponsor_sponsorship_scope":"","newspack_sponsor_native_byline_display":"inherit","newspack_sponsor_native_category_display":"inherit","newspack_sponsor_underwriter_style":"inherit","newspack_sponsor_underwriter_placement":"inherit","_newspack_byline_active":false,"_newspack_byline":"","newspack_hide_updated_date":false,"newspack_show_updated_date":false,"newspack_content_restriction_is_exempt":false,"newspack_featured_image_position":"","newspack_post_subtitle":"","newspack_article_summary_title":"Overview:","newspack_article_summary":"","_jetpack_memberships_contains_paid_content":false,"footnotes":"","jetpack_publicize_message":"","jetpack_publicize_feature_enabled":true,"jetpack_social_post_already_shared":false,"jetpack_social_options":{"image_generator_settings":{"template":"highway","default_image_id":0,"font":"","enabled":false},"version":2},"_wpas_customize_per_network":false},"categories":[2522,2524,2526,14625,26822,2525,14627],"tags":[6384,4246,6383,2637],"newspack_spnsrs_tax":[],"class_list":["post-341381","post","type-post","status-publish","format-standard","has-post-thumbnail","hentry","category-eventos-es","category-destacados","category-titulares-es","category-noticias-locales","category-resort-casa-de-campo","category-golf-deportes-es","category-proximamente","tag-casa-de-campo-international-tennis-tournament","tag-coctel","tag-la-terraza-tennis-club-es","tag-tenis","entry"],"yoast_head":"<!-- This site is optimized with the Yoast SEO plugin v27.4 - https:\/\/yoast.com\/product\/yoast-seo-wordpress\/ -->\n<title>Casa de Campo celebra coctel y exhibici\u00f3n para miembros de La Terraza Tennis Club | Casa de Campo Living<\/title>\n<meta name=\"description\" content=\"La Terraza Tennis Club reuni\u00f3 en la tarde del pasado viernes 3 de Mayo a sus distinguidos socios para compartir y presenciar en camarader\u00eda una exhibici\u00f3n\" \/>\n<meta name=\"robots\" content=\"index, follow, max-snippet:-1, max-image-preview:large, max-video-preview:-1\" \/>\n<link rel=\"canonical\" href=\"https:\/\/casadecampoliving.com\/es\/casa-de-campo-celebra-coctel-y-exhibicion-para-miembros-de-la-terraza-tennis-club\/\" \/>\n<meta property=\"og:locale\" content=\"es_ES\" \/>\n<meta property=\"og:type\" content=\"article\" \/>\n<meta property=\"og:title\" content=\"Casa de Campo celebra coctel y exhibici\u00f3n para miembros de La Terraza Tennis Club | Casa de Campo Living\" \/>\n<meta property=\"og:description\" content=\"La Terraza Tennis Club reuni\u00f3 en la tarde del pasado viernes 3 de Mayo a sus distinguidos socios para compartir y presenciar en camarader\u00eda una exhibici\u00f3n\" \/>\n<meta property=\"og:url\" content=\"https:\/\/casadecampoliving.com\/es\/casa-de-campo-celebra-coctel-y-exhibicion-para-miembros-de-la-terraza-tennis-club\/\" \/>\n<meta property=\"og:site_name\" content=\"Casa de Campo Living\" \/>\n<meta property=\"article:publisher\" content=\"https:\/\/www.facebook.com\/casadecampoliving\" \/>\n<meta property=\"article:published_time\" content=\"2013-05-12T04:00:00+00:00\" \/>\n<meta property=\"article:modified_time\" content=\"2022-11-10T14:29:35+00:00\" \/>\n<meta property=\"og:image\" content=\"https:\/\/i0.wp.com\/casadecampoliving.com\/wp-content\/uploads\/2022\/10\/Peter_Bonell_casa_de_campo-1.jpg?fit=650%2C389&ssl=1\" \/>\n\t<meta property=\"og:image:width\" content=\"650\" \/>\n\t<meta property=\"og:image:height\" content=\"389\" \/>\n\t<meta property=\"og:image:type\" content=\"image\/jpeg\" \/>\n<meta name=\"author\" content=\"Rebecca Silvestri\" \/>\n<meta name=\"twitter:card\" content=\"summary_large_image\" \/>\n<meta name=\"twitter:creator\" content=\"@cdcliving\" \/>\n<meta name=\"twitter:site\" content=\"@cdcliving\" \/>\n<meta name=\"twitter:label1\" content=\"Escrito por\" \/>\n\t<meta name=\"twitter:data1\" content=\"Rebecca Silvestri\" \/>\n\t<meta name=\"twitter:label2\" content=\"Tiempo de lectura\" \/>\n\t<meta name=\"twitter:data2\" content=\"1 minuto\" \/>\n<script type=\"application\/ld+json\" class=\"yoast-schema-graph\">{\"@context\":\"https:\\\/\\\/schema.org\",\"@graph\":[{\"@type\":\"Article\",\"@id\":\"https:\\\/\\\/casadecampoliving.com\\\/es\\\/casa-de-campo-celebra-coctel-y-exhibicion-para-miembros-de-la-terraza-tennis-club\\\/#article\",\"isPartOf\":{\"@id\":\"https:\\\/\\\/casadecampoliving.com\\\/es\\\/casa-de-campo-celebra-coctel-y-exhibicion-para-miembros-de-la-terraza-tennis-club\\\/\"},\"author\":{\"name\":\"Rebecca Silvestri\",\"@id\":\"https:\\\/\\\/casadecampoliving.com\\\/es\\\/#\\\/schema\\\/person\\\/2b2208f3175fa8761e25b272e096d718\"},\"headline\":\"Casa de Campo celebra coctel y exhibici\u00f3n para miembros de La Terraza Tennis Club\",\"datePublished\":\"2013-05-12T04:00:00+00:00\",\"dateModified\":\"2022-11-10T14:29:35+00:00\",\"mainEntityOfPage\":{\"@id\":\"https:\\\/\\\/casadecampoliving.com\\\/es\\\/casa-de-campo-celebra-coctel-y-exhibicion-para-miembros-de-la-terraza-tennis-club\\\/\"},\"wordCount\":257,\"publisher\":{\"@id\":\"https:\\\/\\\/casadecampoliving.com\\\/es\\\/#organization\"},\"image\":{\"@id\":\"https:\\\/\\\/casadecampoliving.com\\\/es\\\/casa-de-campo-celebra-coctel-y-exhibicion-para-miembros-de-la-terraza-tennis-club\\\/#primaryimage\"},\"thumbnailUrl\":\"https:\\\/\\\/i0.wp.com\\\/casadecampoliving.com\\\/wp-content\\\/uploads\\\/2022\\\/10\\\/Peter_Bonell_casa_de_campo-1.jpg?fit=650%2C389&ssl=1\",\"keywords\":[\"Casa de Campo International Tennis Tournament\",\"coctel\",\"la terraza tennis club @es\",\"tenis\"],\"articleSection\":[\"Eventos\",\"Destacados\",\"Titulares\",\"Noticias Locales\",\"Resort Casa de Campo\",\"Deportes\",\"Proximamente\"],\"inLanguage\":\"es\"},{\"@type\":\"WebPage\",\"@id\":\"https:\\\/\\\/casadecampoliving.com\\\/es\\\/casa-de-campo-celebra-coctel-y-exhibicion-para-miembros-de-la-terraza-tennis-club\\\/\",\"url\":\"https:\\\/\\\/casadecampoliving.com\\\/es\\\/casa-de-campo-celebra-coctel-y-exhibicion-para-miembros-de-la-terraza-tennis-club\\\/\",\"name\":\"Casa de Campo celebra coctel y exhibici\u00f3n para miembros de La Terraza Tennis Club | Casa de Campo Living\",\"isPartOf\":{\"@id\":\"https:\\\/\\\/casadecampoliving.com\\\/es\\\/#website\"},\"primaryImageOfPage\":{\"@id\":\"https:\\\/\\\/casadecampoliving.com\\\/es\\\/casa-de-campo-celebra-coctel-y-exhibicion-para-miembros-de-la-terraza-tennis-club\\\/#primaryimage\"},\"image\":{\"@id\":\"https:\\\/\\\/casadecampoliving.com\\\/es\\\/casa-de-campo-celebra-coctel-y-exhibicion-para-miembros-de-la-terraza-tennis-club\\\/#primaryimage\"},\"thumbnailUrl\":\"https:\\\/\\\/i0.wp.com\\\/casadecampoliving.com\\\/wp-content\\\/uploads\\\/2022\\\/10\\\/Peter_Bonell_casa_de_campo-1.jpg?fit=650%2C389&ssl=1\",\"datePublished\":\"2013-05-12T04:00:00+00:00\",\"dateModified\":\"2022-11-10T14:29:35+00:00\",\"description\":\"La Terraza Tennis Club reuni\u00f3 en la tarde del pasado viernes 3 de Mayo a sus distinguidos socios para compartir y presenciar en camarader\u00eda una exhibici\u00f3n\",\"breadcrumb\":{\"@id\":\"https:\\\/\\\/casadecampoliving.com\\\/es\\\/casa-de-campo-celebra-coctel-y-exhibicion-para-miembros-de-la-terraza-tennis-club\\\/#breadcrumb\"},\"inLanguage\":\"es\",\"potentialAction\":[{\"@type\":\"ReadAction\",\"target\":[\"https:\\\/\\\/casadecampoliving.com\\\/es\\\/casa-de-campo-celebra-coctel-y-exhibicion-para-miembros-de-la-terraza-tennis-club\\\/\"]}]},{\"@type\":\"ImageObject\",\"inLanguage\":\"es\",\"@id\":\"https:\\\/\\\/casadecampoliving.com\\\/es\\\/casa-de-campo-celebra-coctel-y-exhibicion-para-miembros-de-la-terraza-tennis-club\\\/#primaryimage\",\"url\":\"https:\\\/\\\/i0.wp.com\\\/casadecampoliving.com\\\/wp-content\\\/uploads\\\/2022\\\/10\\\/Peter_Bonell_casa_de_campo-1.jpg?fit=650%2C389&ssl=1\",\"contentUrl\":\"https:\\\/\\\/i0.wp.com\\\/casadecampoliving.com\\\/wp-content\\\/uploads\\\/2022\\\/10\\\/Peter_Bonell_casa_de_campo-1.jpg?fit=650%2C389&ssl=1\",\"width\":650,\"height\":389,\"caption\":\"peter bonell casa de campo\"},{\"@type\":\"BreadcrumbList\",\"@id\":\"https:\\\/\\\/casadecampoliving.com\\\/es\\\/casa-de-campo-celebra-coctel-y-exhibicion-para-miembros-de-la-terraza-tennis-club\\\/#breadcrumb\",\"itemListElement\":[{\"@type\":\"ListItem\",\"position\":1,\"name\":\"Home\",\"item\":\"https:\\\/\\\/casadecampoliving.com\\\/es\\\/\"},{\"@type\":\"ListItem\",\"position\":2,\"name\":\"Casa de Campo celebra coctel y exhibici\u00f3n para miembros de La Terraza Tennis Club\"}]},{\"@type\":\"WebSite\",\"@id\":\"https:\\\/\\\/casadecampoliving.com\\\/es\\\/#website\",\"url\":\"https:\\\/\\\/casadecampoliving.com\\\/es\\\/\",\"name\":\"Casa de Campo Living\",\"description\":\"Resort community news and resources.\",\"publisher\":{\"@id\":\"https:\\\/\\\/casadecampoliving.com\\\/es\\\/#organization\"},\"potentialAction\":[{\"@type\":\"SearchAction\",\"target\":{\"@type\":\"EntryPoint\",\"urlTemplate\":\"https:\\\/\\\/casadecampoliving.com\\\/es\\\/?s={search_term_string}\"},\"query-input\":{\"@type\":\"PropertyValueSpecification\",\"valueRequired\":true,\"valueName\":\"search_term_string\"}}],\"inLanguage\":\"es\"},{\"@type\":\"Organization\",\"@id\":\"https:\\\/\\\/casadecampoliving.com\\\/es\\\/#organization\",\"name\":\"Casa de Campo Living\",\"url\":\"https:\\\/\\\/casadecampoliving.com\\\/es\\\/\",\"logo\":{\"@type\":\"ImageObject\",\"inLanguage\":\"es\",\"@id\":\"https:\\\/\\\/casadecampoliving.com\\\/es\\\/#\\\/schema\\\/logo\\\/image\\\/\",\"url\":\"https:\\\/\\\/i0.wp.com\\\/casadecampoliving.com\\\/wp-content\\\/uploads\\\/2022\\\/07\\\/CDCLivingLogo_V1-white-sized.png?fit=800%2C214&ssl=1\",\"contentUrl\":\"https:\\\/\\\/i0.wp.com\\\/casadecampoliving.com\\\/wp-content\\\/uploads\\\/2022\\\/07\\\/CDCLivingLogo_V1-white-sized.png?fit=800%2C214&ssl=1\",\"width\":800,\"height\":214,\"caption\":\"Casa de Campo Living\"},\"image\":{\"@id\":\"https:\\\/\\\/casadecampoliving.com\\\/es\\\/#\\\/schema\\\/logo\\\/image\\\/\"},\"sameAs\":[\"https:\\\/\\\/www.facebook.com\\\/casadecampoliving\",\"https:\\\/\\\/x.com\\\/cdcliving\"]},{\"@type\":\"Person\",\"@id\":\"https:\\\/\\\/casadecampoliving.com\\\/es\\\/#\\\/schema\\\/person\\\/2b2208f3175fa8761e25b272e096d718\",\"name\":\"Rebecca Silvestri\",\"image\":{\"@type\":\"ImageObject\",\"inLanguage\":\"es\",\"@id\":\"https:\\\/\\\/secure.gravatar.com\\\/avatar\\\/2d937fd6c1769fb718dbf8dce9e82bf5f89e97bd028f9b3ea10b931dc7df95c6?s=96&d=mm&r=g\",\"url\":\"https:\\\/\\\/secure.gravatar.com\\\/avatar\\\/2d937fd6c1769fb718dbf8dce9e82bf5f89e97bd028f9b3ea10b931dc7df95c6?s=96&d=mm&r=g\",\"contentUrl\":\"https:\\\/\\\/secure.gravatar.com\\\/avatar\\\/2d937fd6c1769fb718dbf8dce9e82bf5f89e97bd028f9b3ea10b931dc7df95c6?s=96&d=mm&r=g\",\"caption\":\"Rebecca Silvestri\"},\"url\":\"https:\\\/\\\/casadecampoliving.com\\\/es\\\/author\\\/madamehuge\\\/\"}]}<\/script>\n<!-- \/ Yoast SEO plugin. -->","yoast_head_json":{"title":"Casa de Campo celebra coctel y exhibici\u00f3n para miembros de La Terraza Tennis Club | Casa de Campo Living","description":"La Terraza Tennis Club reuni\u00f3 en la tarde del pasado viernes 3 de Mayo a sus distinguidos socios para compartir y presenciar en camarader\u00eda una exhibici\u00f3n","robots":{"index":"index","follow":"follow","max-snippet":"max-snippet:-1","max-image-preview":"max-image-preview:large","max-video-preview":"max-video-preview:-1"},"canonical":"https:\/\/casadecampoliving.com\/es\/casa-de-campo-celebra-coctel-y-exhibicion-para-miembros-de-la-terraza-tennis-club\/","og_locale":"es_ES","og_type":"article","og_title":"Casa de Campo celebra coctel y exhibici\u00f3n para miembros de La Terraza Tennis Club | Casa de Campo Living","og_description":"La Terraza Tennis Club reuni\u00f3 en la tarde del pasado viernes 3 de Mayo a sus distinguidos socios para compartir y presenciar en camarader\u00eda una exhibici\u00f3n","og_url":"https:\/\/casadecampoliving.com\/es\/casa-de-campo-celebra-coctel-y-exhibicion-para-miembros-de-la-terraza-tennis-club\/","og_site_name":"Casa de Campo Living","article_publisher":"https:\/\/www.facebook.com\/casadecampoliving","article_published_time":"2013-05-12T04:00:00+00:00","article_modified_time":"2022-11-10T14:29:35+00:00","og_image":[{"width":650,"height":389,"url":"https:\/\/i0.wp.com\/casadecampoliving.com\/wp-content\/uploads\/2022\/10\/Peter_Bonell_casa_de_campo-1.jpg?fit=650%2C389&ssl=1","type":"image\/jpeg"}],"author":"Rebecca Silvestri","twitter_card":"summary_large_image","twitter_creator":"@cdcliving","twitter_site":"@cdcliving","twitter_misc":{"Escrito por":"Rebecca Silvestri","Tiempo de lectura":"1 minuto"},"schema":{"@context":"https:\/\/schema.org","@graph":[{"@type":"Article","@id":"https:\/\/casadecampoliving.com\/es\/casa-de-campo-celebra-coctel-y-exhibicion-para-miembros-de-la-terraza-tennis-club\/#article","isPartOf":{"@id":"https:\/\/casadecampoliving.com\/es\/casa-de-campo-celebra-coctel-y-exhibicion-para-miembros-de-la-terraza-tennis-club\/"},"author":{"name":"Rebecca Silvestri","@id":"https:\/\/casadecampoliving.com\/es\/#\/schema\/person\/2b2208f3175fa8761e25b272e096d718"},"headline":"Casa de Campo celebra coctel y exhibici\u00f3n para miembros de La Terraza Tennis Club","datePublished":"2013-05-12T04:00:00+00:00","dateModified":"2022-11-10T14:29:35+00:00","mainEntityOfPage":{"@id":"https:\/\/casadecampoliving.com\/es\/casa-de-campo-celebra-coctel-y-exhibicion-para-miembros-de-la-terraza-tennis-club\/"},"wordCount":257,"publisher":{"@id":"https:\/\/casadecampoliving.com\/es\/#organization"},"image":{"@id":"https:\/\/casadecampoliving.com\/es\/casa-de-campo-celebra-coctel-y-exhibicion-para-miembros-de-la-terraza-tennis-club\/#primaryimage"},"thumbnailUrl":"https:\/\/i0.wp.com\/casadecampoliving.com\/wp-content\/uploads\/2022\/10\/Peter_Bonell_casa_de_campo-1.jpg?fit=650%2C389&ssl=1","keywords":["Casa de Campo International Tennis Tournament","coctel","la terraza tennis club @es","tenis"],"articleSection":["Eventos","Destacados","Titulares","Noticias Locales","Resort Casa de Campo","Deportes","Proximamente"],"inLanguage":"es"},{"@type":"WebPage","@id":"https:\/\/casadecampoliving.com\/es\/casa-de-campo-celebra-coctel-y-exhibicion-para-miembros-de-la-terraza-tennis-club\/","url":"https:\/\/casadecampoliving.com\/es\/casa-de-campo-celebra-coctel-y-exhibicion-para-miembros-de-la-terraza-tennis-club\/","name":"Casa de Campo celebra coctel y exhibici\u00f3n para miembros de La Terraza Tennis Club | Casa de Campo Living","isPartOf":{"@id":"https:\/\/casadecampoliving.com\/es\/#website"},"primaryImageOfPage":{"@id":"https:\/\/casadecampoliving.com\/es\/casa-de-campo-celebra-coctel-y-exhibicion-para-miembros-de-la-terraza-tennis-club\/#primaryimage"},"image":{"@id":"https:\/\/casadecampoliving.com\/es\/casa-de-campo-celebra-coctel-y-exhibicion-para-miembros-de-la-terraza-tennis-club\/#primaryimage"},"thumbnailUrl":"https:\/\/i0.wp.com\/casadecampoliving.com\/wp-content\/uploads\/2022\/10\/Peter_Bonell_casa_de_campo-1.jpg?fit=650%2C389&ssl=1","datePublished":"2013-05-12T04:00:00+00:00","dateModified":"2022-11-10T14:29:35+00:00","description":"La Terraza Tennis Club reuni\u00f3 en la tarde del pasado viernes 3 de Mayo a sus distinguidos socios para compartir y presenciar en camarader\u00eda una exhibici\u00f3n","breadcrumb":{"@id":"https:\/\/casadecampoliving.com\/es\/casa-de-campo-celebra-coctel-y-exhibicion-para-miembros-de-la-terraza-tennis-club\/#breadcrumb"},"inLanguage":"es","potentialAction":[{"@type":"ReadAction","target":["https:\/\/casadecampoliving.com\/es\/casa-de-campo-celebra-coctel-y-exhibicion-para-miembros-de-la-terraza-tennis-club\/"]}]},{"@type":"ImageObject","inLanguage":"es","@id":"https:\/\/casadecampoliving.com\/es\/casa-de-campo-celebra-coctel-y-exhibicion-para-miembros-de-la-terraza-tennis-club\/#primaryimage","url":"https:\/\/i0.wp.com\/casadecampoliving.com\/wp-content\/uploads\/2022\/10\/Peter_Bonell_casa_de_campo-1.jpg?fit=650%2C389&ssl=1","contentUrl":"https:\/\/i0.wp.com\/casadecampoliving.com\/wp-content\/uploads\/2022\/10\/Peter_Bonell_casa_de_campo-1.jpg?fit=650%2C389&ssl=1","width":650,"height":389,"caption":"peter bonell casa de campo"},{"@type":"BreadcrumbList","@id":"https:\/\/casadecampoliving.com\/es\/casa-de-campo-celebra-coctel-y-exhibicion-para-miembros-de-la-terraza-tennis-club\/#breadcrumb","itemListElement":[{"@type":"ListItem","position":1,"name":"Home","item":"https:\/\/casadecampoliving.com\/es\/"},{"@type":"ListItem","position":2,"name":"Casa de Campo celebra coctel y exhibici\u00f3n para miembros de La Terraza Tennis Club"}]},{"@type":"WebSite","@id":"https:\/\/casadecampoliving.com\/es\/#website","url":"https:\/\/casadecampoliving.com\/es\/","name":"Casa de Campo Living","description":"Resort community news and resources.","publisher":{"@id":"https:\/\/casadecampoliving.com\/es\/#organization"},"potentialAction":[{"@type":"SearchAction","target":{"@type":"EntryPoint","urlTemplate":"https:\/\/casadecampoliving.com\/es\/?s={search_term_string}"},"query-input":{"@type":"PropertyValueSpecification","valueRequired":true,"valueName":"search_term_string"}}],"inLanguage":"es"},{"@type":"Organization","@id":"https:\/\/casadecampoliving.com\/es\/#organization","name":"Casa de Campo Living","url":"https:\/\/casadecampoliving.com\/es\/","logo":{"@type":"ImageObject","inLanguage":"es","@id":"https:\/\/casadecampoliving.com\/es\/#\/schema\/logo\/image\/","url":"https:\/\/i0.wp.com\/casadecampoliving.com\/wp-content\/uploads\/2022\/07\/CDCLivingLogo_V1-white-sized.png?fit=800%2C214&ssl=1","contentUrl":"https:\/\/i0.wp.com\/casadecampoliving.com\/wp-content\/uploads\/2022\/07\/CDCLivingLogo_V1-white-sized.png?fit=800%2C214&ssl=1","width":800,"height":214,"caption":"Casa de Campo Living"},"image":{"@id":"https:\/\/casadecampoliving.com\/es\/#\/schema\/logo\/image\/"},"sameAs":["https:\/\/www.facebook.com\/casadecampoliving","https:\/\/x.com\/cdcliving"]},{"@type":"Person","@id":"https:\/\/casadecampoliving.com\/es\/#\/schema\/person\/2b2208f3175fa8761e25b272e096d718","name":"Rebecca Silvestri","image":{"@type":"ImageObject","inLanguage":"es","@id":"https:\/\/secure.gravatar.com\/avatar\/2d937fd6c1769fb718dbf8dce9e82bf5f89e97bd028f9b3ea10b931dc7df95c6?s=96&d=mm&r=g","url":"https:\/\/secure.gravatar.com\/avatar\/2d937fd6c1769fb718dbf8dce9e82bf5f89e97bd028f9b3ea10b931dc7df95c6?s=96&d=mm&r=g","contentUrl":"https:\/\/secure.gravatar.com\/avatar\/2d937fd6c1769fb718dbf8dce9e82bf5f89e97bd028f9b3ea10b931dc7df95c6?s=96&d=mm&r=g","caption":"Rebecca Silvestri"},"url":"https:\/\/casadecampoliving.com\/es\/author\/madamehuge\/"}]}},"parsely":{"version":"1.1.0","canonical_url":"https:\/\/casadecampoliving.com\/es\/casa-de-campo-celebra-coctel-y-exhibicion-para-miembros-de-la-terraza-tennis-club\/","smart_links":{"inbound":0,"outbound":0},"traffic_boost_suggestions_count":0,"meta":{"@context":"https:\/\/schema.org","@type":"NewsArticle","headline":"Casa de Campo celebra coctel y exhibici\u00f3n para miembros de La Terraza Tennis Club","url":"http:\/\/casadecampoliving.com\/es\/casa-de-campo-celebra-coctel-y-exhibicion-para-miembros-de-la-terraza-tennis-club\/","mainEntityOfPage":{"@type":"WebPage","@id":"http:\/\/casadecampoliving.com\/es\/casa-de-campo-celebra-coctel-y-exhibicion-para-miembros-de-la-terraza-tennis-club\/"},"thumbnailUrl":"https:\/\/i0.wp.com\/casadecampoliving.com\/wp-content\/uploads\/2022\/10\/Peter_Bonell_casa_de_campo-1.jpg?resize=150%2C150&ssl=1","image":{"@type":"ImageObject","url":"https:\/\/i0.wp.com\/casadecampoliving.com\/wp-content\/uploads\/2022\/10\/Peter_Bonell_casa_de_campo-1.jpg?fit=650%2C389&ssl=1"},"articleSection":"Eventos","author":[{"@type":"Person","name":"Rebecca Silvestri"}],"creator":["Rebecca Silvestri"],"publisher":{"@type":"Organization","name":"Casa de Campo Living","logo":"https:\/\/casadecampoliving.com\/wp-content\/uploads\/2022\/07\/CDCLivingLogo_V1-white-sized.png"},"keywords":["casa de campo international tennis tournament","coctel","la terraza tennis club @es","tenis"],"dateCreated":"2013-05-12T04:00:00Z","datePublished":"2013-05-12T04:00:00Z","dateModified":"2022-11-10T14:29:35Z"},"rendered":"<script type=\"application\/ld+json\" class=\"wp-parsely-metadata\">{\"@context\":\"https:\\\/\\\/schema.org\",\"@type\":\"NewsArticle\",\"headline\":\"Casa de Campo celebra coctel y exhibici\\u00f3n para miembros de La Terraza Tennis Club\",\"url\":\"http:\\\/\\\/casadecampoliving.com\\\/es\\\/casa-de-campo-celebra-coctel-y-exhibicion-para-miembros-de-la-terraza-tennis-club\\\/\",\"mainEntityOfPage\":{\"@type\":\"WebPage\",\"@id\":\"http:\\\/\\\/casadecampoliving.com\\\/es\\\/casa-de-campo-celebra-coctel-y-exhibicion-para-miembros-de-la-terraza-tennis-club\\\/\"},\"thumbnailUrl\":\"https:\\\/\\\/i0.wp.com\\\/casadecampoliving.com\\\/wp-content\\\/uploads\\\/2022\\\/10\\\/Peter_Bonell_casa_de_campo-1.jpg?resize=150%2C150&ssl=1\",\"image\":{\"@type\":\"ImageObject\",\"url\":\"https:\\\/\\\/i0.wp.com\\\/casadecampoliving.com\\\/wp-content\\\/uploads\\\/2022\\\/10\\\/Peter_Bonell_casa_de_campo-1.jpg?fit=650%2C389&ssl=1\"},\"articleSection\":\"Eventos\",\"author\":[{\"@type\":\"Person\",\"name\":\"Rebecca Silvestri\"}],\"creator\":[\"Rebecca Silvestri\"],\"publisher\":{\"@type\":\"Organization\",\"name\":\"Casa de Campo Living\",\"logo\":\"https:\\\/\\\/casadecampoliving.com\\\/wp-content\\\/uploads\\\/2022\\\/07\\\/CDCLivingLogo_V1-white-sized.png\"},\"keywords\":[\"casa de campo international tennis tournament\",\"coctel\",\"la terraza tennis club @es\",\"tenis\"],\"dateCreated\":\"2013-05-12T04:00:00Z\",\"datePublished\":\"2013-05-12T04:00:00Z\",\"dateModified\":\"2022-11-10T14:29:35Z\"}<\/script>","tracker_url":"https:\/\/cdn.parsely.com\/keys\/casadecampoliving.com\/p.js"},"jetpack_publicize_connections":[],"jetpack_featured_media_url":"https:\/\/i0.wp.com\/casadecampoliving.com\/wp-content\/uploads\/2022\/10\/Peter_Bonell_casa_de_campo-1.jpg?fit=650%2C389&ssl=1","jetpack-related-posts":[{"id":344010,"url":"https:\/\/casadecampoliving.com\/es\/se-inicia-el-9no-torneo-de-tenis-mcdaniel-teaching-pros\/","url_meta":{"origin":341381,"position":0},"title":"Se inicia el 9no Torneo de Tenis McDaniel Teaching Pros","author":"Perkin Agramonte","date":"13 Mar, 2014","format":false,"excerpt":"En el d\u00eda de ayer, 12 de marzo, se comenz\u00f3 el 9no Torneo de Tenis McDaniel Teaching Pros con un partido de exhibici\u00f3n de dobles en el Club de Tenis La Terraza, donde se enfrentaron los 2 mejores jugadores de La Romana Country Club y los del Club de Tenis\u2026","rel":"","context":"En \u00abCountry Club La Romana\u00bb","block_context":{"text":"Country Club La Romana","link":"https:\/\/casadecampoliving.com\/es\/category\/country-club-la-romana-es\/"},"img":{"alt_text":"McDaniel Tennis Tournament La Terrazza Tennis","src":"https:\/\/i0.wp.com\/casadecampoliving.com\/wp-content\/uploads\/2022\/10\/mcdaniel_tennis3-3.jpg?fit=650%2C401&ssl=1&resize=350%2C200","width":350,"height":200,"srcset":"https:\/\/i0.wp.com\/casadecampoliving.com\/wp-content\/uploads\/2022\/10\/mcdaniel_tennis3-3.jpg?fit=650%2C401&ssl=1&resize=350%2C200 1x, https:\/\/i0.wp.com\/casadecampoliving.com\/wp-content\/uploads\/2022\/10\/mcdaniel_tennis3-3.jpg?fit=650%2C401&ssl=1&resize=525%2C300 1.5x"},"classes":[]},{"id":343980,"url":"https:\/\/casadecampoliving.com\/es\/el-torneo-de-tenis-mcdaniel-recauda-us45000\/","url_meta":{"origin":341381,"position":1},"title":"El Torneo de Tenis McDaniel recauda US$45,000","author":"Perkin Agramonte","date":"6 Mar, 2014","format":false,"excerpt":"El torneo de Tenis de Tenis McDaniel, el cual, \u00a0ser\u00e1 jugado la pr\u00f3xima semana desde el 13 al 16 de marzo, ya ha logrado una recaudaci\u00f3n de US$45,000.00 para el sustento de la causa, cuyo principal objetivo es desarrollar la Fundaci\u00f3n de Becas para los Boleritos. El a\u00f1o pasado se\u2026","rel":"","context":"En \u00abCountry Club La Romana\u00bb","block_context":{"text":"Country Club La Romana","link":"https:\/\/casadecampoliving.com\/es\/category\/country-club-la-romana-es\/"},"img":{"alt_text":"mcdaniel tennis","src":"https:\/\/i0.wp.com\/casadecampoliving.com\/wp-content\/uploads\/2013\/02\/mcdaniel_tennis.jpg?resize=350%2C200&ssl=1","width":350,"height":200,"srcset":"https:\/\/i0.wp.com\/casadecampoliving.com\/wp-content\/uploads\/2013\/02\/mcdaniel_tennis.jpg?resize=350%2C200&ssl=1 1x, https:\/\/i0.wp.com\/casadecampoliving.com\/wp-content\/uploads\/2013\/02\/mcdaniel_tennis.jpg?resize=525%2C300&ssl=1 1.5x"},"classes":[]},{"id":342364,"url":"https:\/\/casadecampoliving.com\/es\/inicia-manana-el-torneo-de-tenis-boleros-y-jugadores-en-la-terraza-tennis-club\/","url_meta":{"origin":341381,"position":2},"title":"Inicia ma\u00f1ana el Torneo de Tenis \u00abBoleros y jugadores\u00bb en la Terraza Tennis Club","author":"Mairobi Herrera","date":"11 Jul, 2013","format":false,"excerpt":"Desde ma\u00f1ana viernes 12 de julio hasta el s\u00e1bado 13 de julio se celebrar\u00e1 el Torneo de Tenis \u00a0\u201cBoleros y Jugadores\u201d de La Terraza Tennis Club, en Casa de Campo. La contienda, que dar\u00e1 inicio a las 8:30 de la ma\u00f1ana, se trata de un enfrentamiento entre un grupo aproximado\u2026","rel":"","context":"En \u00abDeportes\u00bb","block_context":{"text":"Deportes","link":"https:\/\/casadecampoliving.com\/es\/category\/golf-deportes-es\/"},"img":{"alt_text":"boleritos","src":"https:\/\/i0.wp.com\/casadecampoliving.com\/wp-content\/uploads\/2022\/10\/ball_boy-1.jpg?fit=650%2C368&ssl=1&resize=350%2C200","width":350,"height":200,"srcset":"https:\/\/i0.wp.com\/casadecampoliving.com\/wp-content\/uploads\/2022\/10\/ball_boy-1.jpg?fit=650%2C368&ssl=1&resize=350%2C200 1x, https:\/\/i0.wp.com\/casadecampoliving.com\/wp-content\/uploads\/2022\/10\/ball_boy-1.jpg?fit=650%2C368&ssl=1&resize=525%2C300 1.5x"},"classes":[]},{"id":343392,"url":"https:\/\/casadecampoliving.com\/es\/unete-la-academia-de-tennis-la-terraza\/","url_meta":{"origin":341381,"position":3},"title":"Un\u00e9te a la Academia de Tennis La Terraza","author":"Perkin Agramonte","date":"4 Dic, 2013","format":false,"excerpt":"Si te gusta jugar tenis o si estas interesado en aprender, entonces te encantar\u00e1 saber que el Club de Tenis La Terraza esta ofreciendo clases grupales en su academia. Las clases dentro de la Academia de Tennis Casa de Campo en el Club de Tenis La Terraza, se imparten los\u2026","rel":"","context":"En \u00abDeportes\u00bb","block_context":{"text":"Deportes","link":"https:\/\/casadecampoliving.com\/es\/category\/golf-deportes-es\/"},"img":{"alt_text":"Academia de tenis","src":"https:\/\/i0.wp.com\/casadecampoliving.com\/wp-content\/uploads\/2022\/10\/academia-flyer-2-1.jpg?fit=923%2C689&ssl=1&resize=350%2C200","width":350,"height":200,"srcset":"https:\/\/i0.wp.com\/casadecampoliving.com\/wp-content\/uploads\/2022\/10\/academia-flyer-2-1.jpg?fit=923%2C689&ssl=1&resize=350%2C200 1x, https:\/\/i0.wp.com\/casadecampoliving.com\/wp-content\/uploads\/2022\/10\/academia-flyer-2-1.jpg?fit=923%2C689&ssl=1&resize=525%2C300 1.5x, https:\/\/i0.wp.com\/casadecampoliving.com\/wp-content\/uploads\/2022\/10\/academia-flyer-2-1.jpg?fit=923%2C689&ssl=1&resize=700%2C400 2x"},"classes":[]},{"id":351614,"url":"https:\/\/casadecampoliving.com\/es\/la-terraza-tennis-center-fue-la-sede-de-la-segunda-etapa-del-torneo-team-tennis-rd-2017\/","url_meta":{"origin":341381,"position":4},"title":"La Terraza Tennis Center fue la sede de la segunda etapa del Torneo Team Tennis RD 2017","author":"Heather Lincoln","date":"16 Jun, 2017","format":false,"excerpt":"Casa de Campo puede ser m\u00e1s conocido por el golf y por buenas razones, \u00a1pero no podemos olvidarnos de\u00a0sus otros pasatiempos populares como el polo y el tenis! El \u00e9xito del Polo Challenge RD durante los \u00faltimos dos a\u00f1os se ha intensificado aumentando as\u00ed la\u00a0reputaci\u00f3n del complejo por su atractiva\u2026","rel":"","context":"En \u00abM\u00e1s all\u00e1 de Casa\u00bb","block_context":{"text":"M\u00e1s all\u00e1 de Casa","link":"https:\/\/casadecampoliving.com\/es\/category\/mas-alla-de-casa-es\/"},"img":{"alt_text":"Team Tennis RD at La Terraza","src":"https:\/\/i0.wp.com\/casadecampoliving.com\/wp-content\/uploads\/2022\/10\/IMG_1720-e1497651470726.jpg?fit=1000%2C600&ssl=1&resize=350%2C200","width":350,"height":200,"srcset":"https:\/\/i0.wp.com\/casadecampoliving.com\/wp-content\/uploads\/2022\/10\/IMG_1720-e1497651470726.jpg?fit=1000%2C600&ssl=1&resize=350%2C200 1x, https:\/\/i0.wp.com\/casadecampoliving.com\/wp-content\/uploads\/2022\/10\/IMG_1720-e1497651470726.jpg?fit=1000%2C600&ssl=1&resize=525%2C300 1.5x, https:\/\/i0.wp.com\/casadecampoliving.com\/wp-content\/uploads\/2022\/10\/IMG_1720-e1497651470726.jpg?fit=1000%2C600&ssl=1&resize=700%2C400 2x"},"classes":[]},{"id":346925,"url":"https:\/\/casadecampoliving.com\/es\/el-torneo-de-tenis-mcdaniel-esta-en-marcha\/","url_meta":{"origin":341381,"position":5},"title":"\u00a1El Torneo de Tenis McDaniel est\u00e1 en marcha!","author":"Rebecca Silvestri","date":"13 Mar, 2015","format":false,"excerpt":"Este mi\u00e9rcoles 11 de marzo, el 10mo Torneo de Tenis McDaniel anual empez\u00f3 con un partido de exhibici\u00f3n en La Terraza Tennis Club, y este fin de semana \u00a1El torneo contin\u00faa! El principal evento recaudador de fondos para la fundaci\u00f3n de Becas para los recogepelotas,\u00a0el torneo se juega entre los\u2026","rel":"","context":"En \u00abDeportes\u00bb","block_context":{"text":"Deportes","link":"https:\/\/casadecampoliving.com\/es\/category\/golf-deportes-es\/"},"img":{"alt_text":"McDaniel Tennis Tournament","src":"https:\/\/i0.wp.com\/casadecampoliving.com\/wp-content\/uploads\/2022\/10\/McDaniel_Tennis_Tournament-1.jpg?fit=650%2C485&ssl=1&resize=350%2C200","width":350,"height":200,"srcset":"https:\/\/i0.wp.com\/casadecampoliving.com\/wp-content\/uploads\/2022\/10\/McDaniel_Tennis_Tournament-1.jpg?fit=650%2C485&ssl=1&resize=350%2C200 1x, https:\/\/i0.wp.com\/casadecampoliving.com\/wp-content\/uploads\/2022\/10\/McDaniel_Tennis_Tournament-1.jpg?fit=650%2C485&ssl=1&resize=525%2C300 1.5x"},"classes":[]}],"jetpack_sharing_enabled":true,"_links":{"self":[{"href":"https:\/\/casadecampoliving.com\/es\/wp-json\/wp\/v2\/posts\/341381","targetHints":{"allow":["GET"]}}],"collection":[{"href":"https:\/\/casadecampoliving.com\/es\/wp-json\/wp\/v2\/posts"}],"about":[{"href":"https:\/\/casadecampoliving.com\/es\/wp-json\/wp\/v2\/types\/post"}],"author":[{"embeddable":true,"href":"https:\/\/casadecampoliving.com\/es\/wp-json\/wp\/v2\/users\/31"}],"replies":[{"embeddable":true,"href":"https:\/\/casadecampoliving.com\/es\/wp-json\/wp\/v2\/comments?post=341381"}],"version-history":[{"count":2,"href":"https:\/\/casadecampoliving.com\/es\/wp-json\/wp\/v2\/posts\/341381\/revisions"}],"predecessor-version":[{"id":506371,"href":"https:\/\/casadecampoliving.com\/es\/wp-json\/wp\/v2\/posts\/341381\/revisions\/506371"}],"wp:featuredmedia":[{"embeddable":true,"href":"https:\/\/casadecampoliving.com\/es\/wp-json\/wp\/v2\/media\/234386"}],"wp:attachment":[{"href":"https:\/\/casadecampoliving.com\/es\/wp-json\/wp\/v2\/media?parent=341381"}],"wp:term":[{"taxonomy":"category","embeddable":true,"href":"https:\/\/casadecampoliving.com\/es\/wp-json\/wp\/v2\/categories?post=341381"},{"taxonomy":"post_tag","embeddable":true,"href":"https:\/\/casadecampoliving.com\/es\/wp-json\/wp\/v2\/tags?post=341381"},{"taxonomy":"newspack_spnsrs_tax","embeddable":true,"href":"https:\/\/casadecampoliving.com\/es\/wp-json\/wp\/v2\/newspack_spnsrs_tax?post=341381"}],"curies":[{"name":"wp","href":"https:\/\/api.w.org\/{rel}","templated":true}]}}