{"id":341345,"date":"2013-05-11T00:00:00","date_gmt":"2013-05-11T04:00:00","guid":{"rendered":"https:\/\/casadecampoliving.com\/desfile-de-moda-peter-morales-fashion-resort-2014-en-casa-de-campo\/"},"modified":"2022-10-21T18:49:01","modified_gmt":"2022-10-21T22:49:01","slug":"desfile-de-moda-peter-morales-fashion-resort-2014-en-casa-de-campo","status":"publish","type":"post","link":"https:\/\/casadecampoliving.com\/es\/desfile-de-moda-peter-morales-fashion-resort-2014-en-casa-de-campo\/","title":{"rendered":"Desfile de Moda \u00abPeter Morales Fashion Resort 2014\u00bb en Casa de Campo"},"content":{"rendered":"<div class=\"wp-block-image\">\n<figure class=\"aligncenter is-resized\"><img loading=\"lazy\" decoding=\"async\" src=\"https:\/\/i0.wp.com\/casadecampoliving.com\/wp-content\/uploads\/2022\/10\/peter_morales_fashion.jpg?resize=650%2C376&amp;ssl=1\" alt=\"peter morales fashion\" class=\"wp-image-70028\" title=\"peter_morales_fashion\" height=\"376\" width=\"650\"\/><\/figure>\n<\/div>\n\n\n<p>Desde el 3 hasta el 5 de mayo, &nbsp;el resort de Casa de Campo fue anfitri\u00f3n del dise\u00f1ador Puertorrique\u00f1o Peter Morales, quien durante 2 veladas y un \u201cbrunch\u201d de champa\u00f1a present\u00f3 su colecci\u00f3n \u201cResort 2014\u201d a invitados especiales de Puerto rico, a trav\u00e9s de la Rep\u00fablica Dominicana y por supuesto los \u201cfashionistas\u201d due\u00f1os de villa de Casa de Campo e invitados.<\/p>\n\n\n<div class=\"wp-block-image\">\n<figure class=\"alignright is-resized\"><img loading=\"lazy\" decoding=\"async\" src=\"https:\/\/i0.wp.com\/casadecampoliving.com\/wp-content\/uploads\/2022\/10\/peter_morales_fashion1.jpg?resize=250%2C602&amp;ssl=1\" alt=\"peter morales fashion\" class=\"wp-image-70029\" title=\"peter_morales_fashion\" height=\"602\" width=\"250\"\/><\/figure>\n<\/div>\n\n\n<p>Fue en la velada final del evento que los fashionistas de Casa de Campo hicieron su aparici\u00f3n \u2013 para la hora de c\u00f3ctel con Peter Morales y el Desfile de Modas en Casa de Campo en el Centro de Conferencias Larimar.<\/p>\n\n\n\n<p>Nos encontramos entre los presentes con los due\u00f1os de villa de Casa de Campo&nbsp;Phyllis Berney, Anne Heffelfinger, y Bill and Rosie Everett de Everett\u2019s Designs, como tambi\u00e9n con Daniel Hernandez, Gerente General del Hotel de &nbsp;Casa de Campo, Gisselle Gonzalvo del departamento PR y Carolina Maldonado, Coordinadora de Ventas y &nbsp;Medios quien amablemente aport\u00f3 las fotos para este art\u00edculo (\u00a1Gracias!)<\/p>\n\n\n\n<p>El desfile de modas por s\u00ed mismo present\u00f3 trajes de noche espectaculares as\u00ed como una presentaci\u00f3n especial de trajes de ba\u00f1o por Marech-Eia, quien se ha vuelto popular en el mercado Caribe\u00f1o gracias a sus espectaculares colores y dise\u00f1os \u00fanicos. Tambi\u00e9n, <del>Pamela Botello<\/del>, embelleci\u00f3 varios \u201clooks\u201d con dise\u00f1os espectaculares de joyas.<\/p>\n\n\n\n<p>Correcci\u00f3n: Mima Casa de Dise\u00f1o, embelleci\u00f3 varios \u201clooks\u201d con dise\u00f1os de espectaculares joyas.<\/p>\n\n\n\n<p>La siguiente colecci\u00f3n de fotos fueron tomadas en el Centro de Coferencias de Casa de Campo Larimar en el desfile de modas de Peter Morales el s\u00e1bado 4 de mayo:<\/p>\n\n\n\n<p><strong style=\"font-size: 13px;\">Photo credit:&nbsp;<\/strong><a style=\"font-size: 13px;\" href=\"http:\/\/www.facebook.com\/casadecamporesort\">Casa de Campo Resort Facebook Page<\/a><\/p>\n","protected":false},"excerpt":{"rendered":"<p>Desde el 3 hasta el 5 de mayo, &nbsp;el resort de Casa de Campo fue anfitri\u00f3n del dise\u00f1ador Puertorrique\u00f1o Peter Morales, quien durante 2 veladas y un \u201cbrunch\u201d de champa\u00f1a present\u00f3 su colecci\u00f3n \u201cResort 2014\u201d a invitados especiales de Puerto rico, a trav\u00e9s de la Rep\u00fablica Dominicana y por supuesto los \u201cfashionistas\u201d due\u00f1os de villa [&hellip;]<\/p>\n","protected":false},"author":388,"featured_media":234164,"comment_status":"closed","ping_status":"closed","sticky":false,"template":"","format":"standard","meta":{"newspack_ads_suppress_ads":false,"newspack_popups_has_disabled_popups":false,"newspack_sponsor_sponsorship_scope":"","newspack_sponsor_native_byline_display":"inherit","newspack_sponsor_native_category_display":"inherit","newspack_sponsor_underwriter_style":"inherit","newspack_sponsor_underwriter_placement":"inherit","_newspack_byline_active":false,"_newspack_byline":"","newspack_hide_updated_date":false,"newspack_show_updated_date":false,"newspack_content_restriction_is_exempt":false,"newspack_featured_image_position":"","newspack_post_subtitle":"","newspack_article_summary_title":"Overview:","newspack_article_summary":"","_jetpack_memberships_contains_paid_content":false,"footnotes":"","jetpack_publicize_message":"","jetpack_publicize_feature_enabled":true,"jetpack_social_post_already_shared":false,"jetpack_social_options":{"image_generator_settings":{"template":"highway","default_image_id":0,"font":"","enabled":false},"version":2},"_wpas_customize_per_network":false},"categories":[26823,2524,14631,2522,2523,14625,14627,26822,2526],"tags":[3626,2571,3229],"newspack_spnsrs_tax":[],"class_list":["post-341345","post","type-post","status-publish","format-standard","has-post-thumbnail","hentry","category-arte-y-cultura","category-destacados","category-estilo-de-vida","category-eventos-es","category-moda-es","category-noticias-locales","category-proximamente","category-resort-casa-de-campo","category-titulares-es","tag-casa-de-campo-es","tag-desfile-de-moda","tag-moda","entry"],"yoast_head":"<!-- This site is optimized with the Yoast SEO plugin v27.5 - https:\/\/yoast.com\/product\/yoast-seo-wordpress\/ -->\n<title>Desfile de Moda &quot;Peter Morales Fashion Resort 2014&quot; en Casa de Campo | Casa de Campo Living<\/title>\n<meta name=\"description\" content=\"Desde el 3 hasta el 5 de mayo, &nbsp;el resort de Casa de Campo fue anfitri\u00f3n del dise\u00f1ador Puertorrique\u00f1o Peter Morales, quien durante 2 veladas y un\" \/>\n<meta name=\"robots\" content=\"index, follow, max-snippet:-1, max-image-preview:large, max-video-preview:-1\" \/>\n<link rel=\"canonical\" href=\"https:\/\/casadecampoliving.com\/es\/desfile-de-moda-peter-morales-fashion-resort-2014-en-casa-de-campo\/\" \/>\n<meta property=\"og:locale\" content=\"es_ES\" \/>\n<meta property=\"og:type\" content=\"article\" \/>\n<meta property=\"og:title\" content=\"Desfile de Moda &quot;Peter Morales Fashion Resort 2014&quot; en Casa de Campo | Casa de Campo Living\" \/>\n<meta property=\"og:description\" content=\"Desde el 3 hasta el 5 de mayo, &nbsp;el resort de Casa de Campo fue anfitri\u00f3n del dise\u00f1ador Puertorrique\u00f1o Peter Morales, quien durante 2 veladas y un\" \/>\n<meta property=\"og:url\" content=\"https:\/\/casadecampoliving.com\/es\/desfile-de-moda-peter-morales-fashion-resort-2014-en-casa-de-campo\/\" \/>\n<meta property=\"og:site_name\" content=\"Casa de Campo Living\" \/>\n<meta property=\"article:publisher\" content=\"https:\/\/www.facebook.com\/casadecampoliving\" \/>\n<meta property=\"article:published_time\" content=\"2013-05-11T04:00:00+00:00\" \/>\n<meta property=\"article:modified_time\" content=\"2022-10-21T22:49:01+00:00\" \/>\n<meta property=\"og:image\" content=\"https:\/\/i0.wp.com\/casadecampoliving.com\/wp-content\/uploads\/2022\/10\/peter_morales_fashion-1.jpg?fit=650%2C376&ssl=1\" \/>\n\t<meta property=\"og:image:width\" content=\"650\" \/>\n\t<meta property=\"og:image:height\" content=\"376\" \/>\n\t<meta property=\"og:image:type\" content=\"image\/jpeg\" \/>\n<meta name=\"author\" content=\"lperdomo\" \/>\n<meta name=\"twitter:card\" content=\"summary_large_image\" \/>\n<meta name=\"twitter:creator\" content=\"@cdcliving\" \/>\n<meta name=\"twitter:site\" content=\"@cdcliving\" \/>\n<meta name=\"twitter:label1\" content=\"Escrito por\" \/>\n\t<meta name=\"twitter:data1\" content=\"lperdomo\" \/>\n\t<meta name=\"twitter:label2\" content=\"Tiempo de lectura\" \/>\n\t<meta name=\"twitter:data2\" content=\"1 minuto\" \/>\n<script type=\"application\/ld+json\" class=\"yoast-schema-graph\">{\"@context\":\"https:\\\/\\\/schema.org\",\"@graph\":[{\"@type\":\"Article\",\"@id\":\"https:\\\/\\\/casadecampoliving.com\\\/es\\\/desfile-de-moda-peter-morales-fashion-resort-2014-en-casa-de-campo\\\/#article\",\"isPartOf\":{\"@id\":\"https:\\\/\\\/casadecampoliving.com\\\/es\\\/desfile-de-moda-peter-morales-fashion-resort-2014-en-casa-de-campo\\\/\"},\"author\":{\"name\":\"lperdomo\",\"@id\":\"https:\\\/\\\/casadecampoliving.com\\\/es\\\/#\\\/schema\\\/person\\\/4505bf6f082fd862dd65dffed828158b\"},\"headline\":\"Desfile de Moda \u00abPeter Morales Fashion Resort 2014\u00bb en Casa de Campo\",\"datePublished\":\"2013-05-11T04:00:00+00:00\",\"dateModified\":\"2022-10-21T22:49:01+00:00\",\"mainEntityOfPage\":{\"@id\":\"https:\\\/\\\/casadecampoliving.com\\\/es\\\/desfile-de-moda-peter-morales-fashion-resort-2014-en-casa-de-campo\\\/\"},\"wordCount\":300,\"publisher\":{\"@id\":\"https:\\\/\\\/casadecampoliving.com\\\/es\\\/#organization\"},\"image\":{\"@id\":\"https:\\\/\\\/casadecampoliving.com\\\/es\\\/desfile-de-moda-peter-morales-fashion-resort-2014-en-casa-de-campo\\\/#primaryimage\"},\"thumbnailUrl\":\"https:\\\/\\\/i0.wp.com\\\/casadecampoliving.com\\\/wp-content\\\/uploads\\\/2022\\\/10\\\/peter_morales_fashion-1.jpg?fit=650%2C376&ssl=1\",\"keywords\":[\"casa de campo @es\",\"desfile de moda\",\"moda\"],\"articleSection\":[\"Arte y cultura\",\"Destacados\",\"Estilo de Vida\",\"Eventos\",\"Moda\",\"Noticias Locales\",\"Proximamente\",\"Resort Casa de Campo\",\"Titulares\"],\"inLanguage\":\"es\"},{\"@type\":\"WebPage\",\"@id\":\"https:\\\/\\\/casadecampoliving.com\\\/es\\\/desfile-de-moda-peter-morales-fashion-resort-2014-en-casa-de-campo\\\/\",\"url\":\"https:\\\/\\\/casadecampoliving.com\\\/es\\\/desfile-de-moda-peter-morales-fashion-resort-2014-en-casa-de-campo\\\/\",\"name\":\"Desfile de Moda \\\"Peter Morales Fashion Resort 2014\\\" en Casa de Campo | Casa de Campo Living\",\"isPartOf\":{\"@id\":\"https:\\\/\\\/casadecampoliving.com\\\/es\\\/#website\"},\"primaryImageOfPage\":{\"@id\":\"https:\\\/\\\/casadecampoliving.com\\\/es\\\/desfile-de-moda-peter-morales-fashion-resort-2014-en-casa-de-campo\\\/#primaryimage\"},\"image\":{\"@id\":\"https:\\\/\\\/casadecampoliving.com\\\/es\\\/desfile-de-moda-peter-morales-fashion-resort-2014-en-casa-de-campo\\\/#primaryimage\"},\"thumbnailUrl\":\"https:\\\/\\\/i0.wp.com\\\/casadecampoliving.com\\\/wp-content\\\/uploads\\\/2022\\\/10\\\/peter_morales_fashion-1.jpg?fit=650%2C376&ssl=1\",\"datePublished\":\"2013-05-11T04:00:00+00:00\",\"dateModified\":\"2022-10-21T22:49:01+00:00\",\"description\":\"Desde el 3 hasta el 5 de mayo, &nbsp;el resort de Casa de Campo fue anfitri\u00f3n del dise\u00f1ador Puertorrique\u00f1o Peter Morales, quien durante 2 veladas y un\",\"breadcrumb\":{\"@id\":\"https:\\\/\\\/casadecampoliving.com\\\/es\\\/desfile-de-moda-peter-morales-fashion-resort-2014-en-casa-de-campo\\\/#breadcrumb\"},\"inLanguage\":\"es\",\"potentialAction\":[{\"@type\":\"ReadAction\",\"target\":[\"https:\\\/\\\/casadecampoliving.com\\\/es\\\/desfile-de-moda-peter-morales-fashion-resort-2014-en-casa-de-campo\\\/\"]}]},{\"@type\":\"ImageObject\",\"inLanguage\":\"es\",\"@id\":\"https:\\\/\\\/casadecampoliving.com\\\/es\\\/desfile-de-moda-peter-morales-fashion-resort-2014-en-casa-de-campo\\\/#primaryimage\",\"url\":\"https:\\\/\\\/i0.wp.com\\\/casadecampoliving.com\\\/wp-content\\\/uploads\\\/2022\\\/10\\\/peter_morales_fashion-1.jpg?fit=650%2C376&ssl=1\",\"contentUrl\":\"https:\\\/\\\/i0.wp.com\\\/casadecampoliving.com\\\/wp-content\\\/uploads\\\/2022\\\/10\\\/peter_morales_fashion-1.jpg?fit=650%2C376&ssl=1\",\"width\":650,\"height\":376,\"caption\":\"peter morales fashion\"},{\"@type\":\"BreadcrumbList\",\"@id\":\"https:\\\/\\\/casadecampoliving.com\\\/es\\\/desfile-de-moda-peter-morales-fashion-resort-2014-en-casa-de-campo\\\/#breadcrumb\",\"itemListElement\":[{\"@type\":\"ListItem\",\"position\":1,\"name\":\"Home\",\"item\":\"https:\\\/\\\/casadecampoliving.com\\\/es\\\/\"},{\"@type\":\"ListItem\",\"position\":2,\"name\":\"Desfile de Moda &#8220;Peter Morales Fashion Resort 2014&#8221; en Casa de Campo\"}]},{\"@type\":\"WebSite\",\"@id\":\"https:\\\/\\\/casadecampoliving.com\\\/es\\\/#website\",\"url\":\"https:\\\/\\\/casadecampoliving.com\\\/es\\\/\",\"name\":\"Casa de Campo Living\",\"description\":\"Resort community news and resources.\",\"publisher\":{\"@id\":\"https:\\\/\\\/casadecampoliving.com\\\/es\\\/#organization\"},\"potentialAction\":[{\"@type\":\"SearchAction\",\"target\":{\"@type\":\"EntryPoint\",\"urlTemplate\":\"https:\\\/\\\/casadecampoliving.com\\\/es\\\/?s={search_term_string}\"},\"query-input\":{\"@type\":\"PropertyValueSpecification\",\"valueRequired\":true,\"valueName\":\"search_term_string\"}}],\"inLanguage\":\"es\"},{\"@type\":\"Organization\",\"@id\":\"https:\\\/\\\/casadecampoliving.com\\\/es\\\/#organization\",\"name\":\"Casa de Campo Living\",\"url\":\"https:\\\/\\\/casadecampoliving.com\\\/es\\\/\",\"logo\":{\"@type\":\"ImageObject\",\"inLanguage\":\"es\",\"@id\":\"https:\\\/\\\/casadecampoliving.com\\\/es\\\/#\\\/schema\\\/logo\\\/image\\\/\",\"url\":\"https:\\\/\\\/i0.wp.com\\\/casadecampoliving.com\\\/wp-content\\\/uploads\\\/2022\\\/07\\\/CDCLivingLogo_V1-white-sized.png?fit=800%2C214&ssl=1\",\"contentUrl\":\"https:\\\/\\\/i0.wp.com\\\/casadecampoliving.com\\\/wp-content\\\/uploads\\\/2022\\\/07\\\/CDCLivingLogo_V1-white-sized.png?fit=800%2C214&ssl=1\",\"width\":800,\"height\":214,\"caption\":\"Casa de Campo Living\"},\"image\":{\"@id\":\"https:\\\/\\\/casadecampoliving.com\\\/es\\\/#\\\/schema\\\/logo\\\/image\\\/\"},\"sameAs\":[\"https:\\\/\\\/www.facebook.com\\\/casadecampoliving\",\"https:\\\/\\\/x.com\\\/cdcliving\"]},{\"@type\":\"Person\",\"@id\":\"https:\\\/\\\/casadecampoliving.com\\\/es\\\/#\\\/schema\\\/person\\\/4505bf6f082fd862dd65dffed828158b\",\"name\":\"lperdomo\",\"image\":{\"@type\":\"ImageObject\",\"inLanguage\":\"es\",\"@id\":\"https:\\\/\\\/secure.gravatar.com\\\/avatar\\\/6f4e35901d52b8d648d82e11c9c54217bc500bbf5793d4f5e15d23fd2d5a1af4?s=96&d=mm&r=g\",\"url\":\"https:\\\/\\\/secure.gravatar.com\\\/avatar\\\/6f4e35901d52b8d648d82e11c9c54217bc500bbf5793d4f5e15d23fd2d5a1af4?s=96&d=mm&r=g\",\"contentUrl\":\"https:\\\/\\\/secure.gravatar.com\\\/avatar\\\/6f4e35901d52b8d648d82e11c9c54217bc500bbf5793d4f5e15d23fd2d5a1af4?s=96&d=mm&r=g\",\"caption\":\"lperdomo\"},\"sameAs\":[\"http:\\\/\\\/www.silgon.net\"],\"url\":\"https:\\\/\\\/casadecampoliving.com\\\/es\\\/author\\\/lperdomo\\\/\"}]}<\/script>\n<!-- \/ Yoast SEO plugin. -->","yoast_head_json":{"title":"Desfile de Moda \"Peter Morales Fashion Resort 2014\" en Casa de Campo | Casa de Campo Living","description":"Desde el 3 hasta el 5 de mayo, &nbsp;el resort de Casa de Campo fue anfitri\u00f3n del dise\u00f1ador Puertorrique\u00f1o Peter Morales, quien durante 2 veladas y un","robots":{"index":"index","follow":"follow","max-snippet":"max-snippet:-1","max-image-preview":"max-image-preview:large","max-video-preview":"max-video-preview:-1"},"canonical":"https:\/\/casadecampoliving.com\/es\/desfile-de-moda-peter-morales-fashion-resort-2014-en-casa-de-campo\/","og_locale":"es_ES","og_type":"article","og_title":"Desfile de Moda \"Peter Morales Fashion Resort 2014\" en Casa de Campo | Casa de Campo Living","og_description":"Desde el 3 hasta el 5 de mayo, &nbsp;el resort de Casa de Campo fue anfitri\u00f3n del dise\u00f1ador Puertorrique\u00f1o Peter Morales, quien durante 2 veladas y un","og_url":"https:\/\/casadecampoliving.com\/es\/desfile-de-moda-peter-morales-fashion-resort-2014-en-casa-de-campo\/","og_site_name":"Casa de Campo Living","article_publisher":"https:\/\/www.facebook.com\/casadecampoliving","article_published_time":"2013-05-11T04:00:00+00:00","article_modified_time":"2022-10-21T22:49:01+00:00","og_image":[{"width":650,"height":376,"url":"https:\/\/i0.wp.com\/casadecampoliving.com\/wp-content\/uploads\/2022\/10\/peter_morales_fashion-1.jpg?fit=650%2C376&ssl=1","type":"image\/jpeg"}],"author":"lperdomo","twitter_card":"summary_large_image","twitter_creator":"@cdcliving","twitter_site":"@cdcliving","twitter_misc":{"Escrito por":"lperdomo","Tiempo de lectura":"1 minuto"},"schema":{"@context":"https:\/\/schema.org","@graph":[{"@type":"Article","@id":"https:\/\/casadecampoliving.com\/es\/desfile-de-moda-peter-morales-fashion-resort-2014-en-casa-de-campo\/#article","isPartOf":{"@id":"https:\/\/casadecampoliving.com\/es\/desfile-de-moda-peter-morales-fashion-resort-2014-en-casa-de-campo\/"},"author":{"name":"lperdomo","@id":"https:\/\/casadecampoliving.com\/es\/#\/schema\/person\/4505bf6f082fd862dd65dffed828158b"},"headline":"Desfile de Moda \u00abPeter Morales Fashion Resort 2014\u00bb en Casa de Campo","datePublished":"2013-05-11T04:00:00+00:00","dateModified":"2022-10-21T22:49:01+00:00","mainEntityOfPage":{"@id":"https:\/\/casadecampoliving.com\/es\/desfile-de-moda-peter-morales-fashion-resort-2014-en-casa-de-campo\/"},"wordCount":300,"publisher":{"@id":"https:\/\/casadecampoliving.com\/es\/#organization"},"image":{"@id":"https:\/\/casadecampoliving.com\/es\/desfile-de-moda-peter-morales-fashion-resort-2014-en-casa-de-campo\/#primaryimage"},"thumbnailUrl":"https:\/\/i0.wp.com\/casadecampoliving.com\/wp-content\/uploads\/2022\/10\/peter_morales_fashion-1.jpg?fit=650%2C376&ssl=1","keywords":["casa de campo @es","desfile de moda","moda"],"articleSection":["Arte y cultura","Destacados","Estilo de Vida","Eventos","Moda","Noticias Locales","Proximamente","Resort Casa de Campo","Titulares"],"inLanguage":"es"},{"@type":"WebPage","@id":"https:\/\/casadecampoliving.com\/es\/desfile-de-moda-peter-morales-fashion-resort-2014-en-casa-de-campo\/","url":"https:\/\/casadecampoliving.com\/es\/desfile-de-moda-peter-morales-fashion-resort-2014-en-casa-de-campo\/","name":"Desfile de Moda \"Peter Morales Fashion Resort 2014\" en Casa de Campo | Casa de Campo Living","isPartOf":{"@id":"https:\/\/casadecampoliving.com\/es\/#website"},"primaryImageOfPage":{"@id":"https:\/\/casadecampoliving.com\/es\/desfile-de-moda-peter-morales-fashion-resort-2014-en-casa-de-campo\/#primaryimage"},"image":{"@id":"https:\/\/casadecampoliving.com\/es\/desfile-de-moda-peter-morales-fashion-resort-2014-en-casa-de-campo\/#primaryimage"},"thumbnailUrl":"https:\/\/i0.wp.com\/casadecampoliving.com\/wp-content\/uploads\/2022\/10\/peter_morales_fashion-1.jpg?fit=650%2C376&ssl=1","datePublished":"2013-05-11T04:00:00+00:00","dateModified":"2022-10-21T22:49:01+00:00","description":"Desde el 3 hasta el 5 de mayo, &nbsp;el resort de Casa de Campo fue anfitri\u00f3n del dise\u00f1ador Puertorrique\u00f1o Peter Morales, quien durante 2 veladas y un","breadcrumb":{"@id":"https:\/\/casadecampoliving.com\/es\/desfile-de-moda-peter-morales-fashion-resort-2014-en-casa-de-campo\/#breadcrumb"},"inLanguage":"es","potentialAction":[{"@type":"ReadAction","target":["https:\/\/casadecampoliving.com\/es\/desfile-de-moda-peter-morales-fashion-resort-2014-en-casa-de-campo\/"]}]},{"@type":"ImageObject","inLanguage":"es","@id":"https:\/\/casadecampoliving.com\/es\/desfile-de-moda-peter-morales-fashion-resort-2014-en-casa-de-campo\/#primaryimage","url":"https:\/\/i0.wp.com\/casadecampoliving.com\/wp-content\/uploads\/2022\/10\/peter_morales_fashion-1.jpg?fit=650%2C376&ssl=1","contentUrl":"https:\/\/i0.wp.com\/casadecampoliving.com\/wp-content\/uploads\/2022\/10\/peter_morales_fashion-1.jpg?fit=650%2C376&ssl=1","width":650,"height":376,"caption":"peter morales fashion"},{"@type":"BreadcrumbList","@id":"https:\/\/casadecampoliving.com\/es\/desfile-de-moda-peter-morales-fashion-resort-2014-en-casa-de-campo\/#breadcrumb","itemListElement":[{"@type":"ListItem","position":1,"name":"Home","item":"https:\/\/casadecampoliving.com\/es\/"},{"@type":"ListItem","position":2,"name":"Desfile de Moda &#8220;Peter Morales Fashion Resort 2014&#8221; en Casa de Campo"}]},{"@type":"WebSite","@id":"https:\/\/casadecampoliving.com\/es\/#website","url":"https:\/\/casadecampoliving.com\/es\/","name":"Casa de Campo Living","description":"Resort community news and resources.","publisher":{"@id":"https:\/\/casadecampoliving.com\/es\/#organization"},"potentialAction":[{"@type":"SearchAction","target":{"@type":"EntryPoint","urlTemplate":"https:\/\/casadecampoliving.com\/es\/?s={search_term_string}"},"query-input":{"@type":"PropertyValueSpecification","valueRequired":true,"valueName":"search_term_string"}}],"inLanguage":"es"},{"@type":"Organization","@id":"https:\/\/casadecampoliving.com\/es\/#organization","name":"Casa de Campo Living","url":"https:\/\/casadecampoliving.com\/es\/","logo":{"@type":"ImageObject","inLanguage":"es","@id":"https:\/\/casadecampoliving.com\/es\/#\/schema\/logo\/image\/","url":"https:\/\/i0.wp.com\/casadecampoliving.com\/wp-content\/uploads\/2022\/07\/CDCLivingLogo_V1-white-sized.png?fit=800%2C214&ssl=1","contentUrl":"https:\/\/i0.wp.com\/casadecampoliving.com\/wp-content\/uploads\/2022\/07\/CDCLivingLogo_V1-white-sized.png?fit=800%2C214&ssl=1","width":800,"height":214,"caption":"Casa de Campo Living"},"image":{"@id":"https:\/\/casadecampoliving.com\/es\/#\/schema\/logo\/image\/"},"sameAs":["https:\/\/www.facebook.com\/casadecampoliving","https:\/\/x.com\/cdcliving"]},{"@type":"Person","@id":"https:\/\/casadecampoliving.com\/es\/#\/schema\/person\/4505bf6f082fd862dd65dffed828158b","name":"lperdomo","image":{"@type":"ImageObject","inLanguage":"es","@id":"https:\/\/secure.gravatar.com\/avatar\/6f4e35901d52b8d648d82e11c9c54217bc500bbf5793d4f5e15d23fd2d5a1af4?s=96&d=mm&r=g","url":"https:\/\/secure.gravatar.com\/avatar\/6f4e35901d52b8d648d82e11c9c54217bc500bbf5793d4f5e15d23fd2d5a1af4?s=96&d=mm&r=g","contentUrl":"https:\/\/secure.gravatar.com\/avatar\/6f4e35901d52b8d648d82e11c9c54217bc500bbf5793d4f5e15d23fd2d5a1af4?s=96&d=mm&r=g","caption":"lperdomo"},"sameAs":["http:\/\/www.silgon.net"],"url":"https:\/\/casadecampoliving.com\/es\/author\/lperdomo\/"}]}},"parsely":{"version":"1.1.0","canonical_url":"https:\/\/casadecampoliving.com\/es\/desfile-de-moda-peter-morales-fashion-resort-2014-en-casa-de-campo\/","smart_links":{"inbound":0,"outbound":0},"traffic_boost_suggestions_count":0,"meta":{"@context":"https:\/\/schema.org","@type":"NewsArticle","headline":"Desfile de Moda \u00abPeter Morales Fashion Resort 2014\u00bb en Casa de Campo","url":"http:\/\/casadecampoliving.com\/es\/desfile-de-moda-peter-morales-fashion-resort-2014-en-casa-de-campo\/","mainEntityOfPage":{"@type":"WebPage","@id":"http:\/\/casadecampoliving.com\/es\/desfile-de-moda-peter-morales-fashion-resort-2014-en-casa-de-campo\/"},"thumbnailUrl":"https:\/\/i0.wp.com\/casadecampoliving.com\/wp-content\/uploads\/2022\/10\/peter_morales_fashion-1.jpg?resize=150%2C150&ssl=1","image":{"@type":"ImageObject","url":"https:\/\/i0.wp.com\/casadecampoliving.com\/wp-content\/uploads\/2022\/10\/peter_morales_fashion-1.jpg?fit=650%2C376&ssl=1"},"articleSection":"Arte y cultura","author":[{"@type":"Person","name":"lperdomo"}],"creator":["lperdomo"],"publisher":{"@type":"Organization","name":"Casa de Campo Living","logo":"https:\/\/casadecampoliving.com\/wp-content\/uploads\/2022\/07\/CDCLivingLogo_V1-white-sized.png"},"keywords":["casa de campo @es","desfile de moda","moda"],"dateCreated":"2013-05-11T04:00:00Z","datePublished":"2013-05-11T04:00:00Z","dateModified":"2022-10-21T22:49:01Z"},"rendered":"<script type=\"application\/ld+json\" class=\"wp-parsely-metadata\">{\"@context\":\"https:\\\/\\\/schema.org\",\"@type\":\"NewsArticle\",\"headline\":\"Desfile de Moda \\u00abPeter Morales Fashion Resort 2014\\u00bb en Casa de Campo\",\"url\":\"http:\\\/\\\/casadecampoliving.com\\\/es\\\/desfile-de-moda-peter-morales-fashion-resort-2014-en-casa-de-campo\\\/\",\"mainEntityOfPage\":{\"@type\":\"WebPage\",\"@id\":\"http:\\\/\\\/casadecampoliving.com\\\/es\\\/desfile-de-moda-peter-morales-fashion-resort-2014-en-casa-de-campo\\\/\"},\"thumbnailUrl\":\"https:\\\/\\\/i0.wp.com\\\/casadecampoliving.com\\\/wp-content\\\/uploads\\\/2022\\\/10\\\/peter_morales_fashion-1.jpg?resize=150%2C150&ssl=1\",\"image\":{\"@type\":\"ImageObject\",\"url\":\"https:\\\/\\\/i0.wp.com\\\/casadecampoliving.com\\\/wp-content\\\/uploads\\\/2022\\\/10\\\/peter_morales_fashion-1.jpg?fit=650%2C376&ssl=1\"},\"articleSection\":\"Arte y cultura\",\"author\":[{\"@type\":\"Person\",\"name\":\"lperdomo\"}],\"creator\":[\"lperdomo\"],\"publisher\":{\"@type\":\"Organization\",\"name\":\"Casa de Campo Living\",\"logo\":\"https:\\\/\\\/casadecampoliving.com\\\/wp-content\\\/uploads\\\/2022\\\/07\\\/CDCLivingLogo_V1-white-sized.png\"},\"keywords\":[\"casa de campo @es\",\"desfile de moda\",\"moda\"],\"dateCreated\":\"2013-05-11T04:00:00Z\",\"datePublished\":\"2013-05-11T04:00:00Z\",\"dateModified\":\"2022-10-21T22:49:01Z\"}<\/script>","tracker_url":"https:\/\/cdn.parsely.com\/keys\/casadecampoliving.com\/p.js"},"jetpack_publicize_connections":[],"jetpack_featured_media_url":"https:\/\/i0.wp.com\/casadecampoliving.com\/wp-content\/uploads\/2022\/10\/peter_morales_fashion-1.jpg?fit=650%2C376&ssl=1","jetpack-related-posts":[{"id":341095,"url":"https:\/\/casadecampoliving.com\/es\/peter-morales-introduce-su-fashion-resort-2014-en-casa-de-campo\/","url_meta":{"origin":341345,"position":0},"title":"Peter Morales introduce su Fashion Resort 2014 en Casa de Campo","author":"Mairobi Herrera","date":"23 Abr, 2013","format":false,"excerpt":"\u00a1Casa de Campo se viste de moda nuevamente! En esta ocasi\u00f3n, el fabuloso entorno de este encanto caribe\u00f1o ser\u00e1 el escenario para presentar una gran cantidad de piezas del dise\u00f1ador puertorrique\u00f1o Peter Morales durante \u201cFashion Resort\u201d, que se realizar\u00e1 del 3 al 5 de mayo de este a\u00f1o. Con una\u2026","rel":"","context":"En \u00abArte y cultura\u00bb","block_context":{"text":"Arte y cultura","link":"https:\/\/casadecampoliving.com\/category\/arte-y-cultura\/"},"img":{"alt_text":"peter morales","src":"https:\/\/i0.wp.com\/casadecampoliving.com\/wp-content\/uploads\/2022\/10\/peter_morales-1.jpg?fit=650%2C285&ssl=1&resize=350%2C200","width":350,"height":200,"srcset":"https:\/\/i0.wp.com\/casadecampoliving.com\/wp-content\/uploads\/2022\/10\/peter_morales-1.jpg?fit=650%2C285&ssl=1&resize=350%2C200 1x, https:\/\/i0.wp.com\/casadecampoliving.com\/wp-content\/uploads\/2022\/10\/peter_morales-1.jpg?fit=650%2C285&ssl=1&resize=525%2C300 1.5x"},"classes":[]},{"id":345418,"url":"https:\/\/casadecampoliving.com\/es\/desfile-de-moda-en-altos-de-chavon\/","url_meta":{"origin":341345,"position":1},"title":"\u00bfDesfile de Moda en Altos de Chav\u00f3n?","author":"Daniela Medina","date":"24 Sep, 2014","format":false,"excerpt":"\u00bfHabr\u00e1 un desfile de modas pr\u00f3ximamente en Altos de Chav\u00f3n? Robert Garc\u00eda del Robert Garc\u00eda Sal\u00f3n en Altos de Chav\u00f3n, acaba de anunciar via Facebook que un desfile de modas vendr\u00e1 pr\u00f3ximamente a Altos de Chav\u00f3n. Mientras Robert Garc\u00eda y su equipo trabajan en los detalles, todo lo que podemos\u2026","rel":"","context":"En \u00abAltos de Chavon @es\u00bb","block_context":{"text":"Altos de Chavon @es","link":"https:\/\/casadecampoliving.com\/category\/altos-de-chavon-es\/"},"img":{"alt_text":"Fashion show Altos de Chav\u00f3n","src":"https:\/\/i0.wp.com\/casadecampoliving.com\/wp-content\/uploads\/2022\/10\/Fashion-show-Altos-de-Chavon-e1411396950222-1.png?fit=852%2C351&ssl=1&resize=350%2C200","width":350,"height":200,"srcset":"https:\/\/i0.wp.com\/casadecampoliving.com\/wp-content\/uploads\/2022\/10\/Fashion-show-Altos-de-Chavon-e1411396950222-1.png?fit=852%2C351&ssl=1&resize=350%2C200 1x, https:\/\/i0.wp.com\/casadecampoliving.com\/wp-content\/uploads\/2022\/10\/Fashion-show-Altos-de-Chavon-e1411396950222-1.png?fit=852%2C351&ssl=1&resize=525%2C300 1.5x, https:\/\/i0.wp.com\/casadecampoliving.com\/wp-content\/uploads\/2022\/10\/Fashion-show-Altos-de-Chavon-e1411396950222-1.png?fit=852%2C351&ssl=1&resize=700%2C400 2x"},"classes":[]},{"id":433460,"url":"https:\/\/casadecampoliving.com\/es\/no-se-pierdan-el-increible-tributo-a-frank-sinatra-para-celebrar-el-40-aniversario-del-anfiteatro-altos-de-chavon\/","url_meta":{"origin":341345,"position":2},"title":"No se pierdan el incre\u00edble tributo a Frank Sinatra para celebrar el 40 aniversario del\u00a0Anfiteatro Altos de Chav\u00f3n","author":"Casa de Campo Living","date":"20 Oct, 2022","format":false,"excerpt":"Siendo uno de los escenarios m\u00e1s emblem\u00e1ticos del pa\u00eds, Casa de Campo Resort\u00ae & Villas celebra las cuatro d\u00e9cadas de aniversario de Altos de Chav\u00f3n con un tributo al gran Frank Sinatra, protagonizado por artistas invitados y una big band tal cual la que acompa\u00f1\u00f3 al artista hace 40 a\u00f1os\u2026","rel":"","context":"En \u00abUncategorized @es\u00bb","block_context":{"text":"Uncategorized @es","link":"https:\/\/casadecampoliving.com\/es\/category\/uncategorized-es\/"},"img":{"alt_text":"","src":"https:\/\/i0.wp.com\/casadecampoliving.com\/wp-content\/uploads\/2022\/10\/Tributo-Frank-Sinatra-Foto-Principal-Amaury-Sanchez-Danilo-Ginebra-Andres-Pichardo-y-Jose-Gabriel-Perez-.jpg?fit=1200%2C873&ssl=1&resize=350%2C200","width":350,"height":200,"srcset":"https:\/\/i0.wp.com\/casadecampoliving.com\/wp-content\/uploads\/2022\/10\/Tributo-Frank-Sinatra-Foto-Principal-Amaury-Sanchez-Danilo-Ginebra-Andres-Pichardo-y-Jose-Gabriel-Perez-.jpg?fit=1200%2C873&ssl=1&resize=350%2C200 1x, https:\/\/i0.wp.com\/casadecampoliving.com\/wp-content\/uploads\/2022\/10\/Tributo-Frank-Sinatra-Foto-Principal-Amaury-Sanchez-Danilo-Ginebra-Andres-Pichardo-y-Jose-Gabriel-Perez-.jpg?fit=1200%2C873&ssl=1&resize=525%2C300 1.5x, https:\/\/i0.wp.com\/casadecampoliving.com\/wp-content\/uploads\/2022\/10\/Tributo-Frank-Sinatra-Foto-Principal-Amaury-Sanchez-Danilo-Ginebra-Andres-Pichardo-y-Jose-Gabriel-Perez-.jpg?fit=1200%2C873&ssl=1&resize=700%2C400 2x, https:\/\/i0.wp.com\/casadecampoliving.com\/wp-content\/uploads\/2022\/10\/Tributo-Frank-Sinatra-Foto-Principal-Amaury-Sanchez-Danilo-Ginebra-Andres-Pichardo-y-Jose-Gabriel-Perez-.jpg?fit=1200%2C873&ssl=1&resize=1050%2C600 3x"},"classes":[]},{"id":348649,"url":"https:\/\/casadecampoliving.com\/es\/desfile-modas-salvatore-ferragamo-casa-de-campo\/","url_meta":{"origin":341345,"position":3},"title":"Desfile de modas de Salvatore Ferragamo en Casa de Campo","author":"Felix Guerrero","date":"21 Nov, 2015","format":false,"excerpt":"\u00a1La noche del s\u00e1bado pasado fue toda una aventura! Por si no era suficiente la emoci\u00f3n dada la presencia del Sr. Salvatore Ferragamo y su esposa Christine en Casa de Campo para presentar la Colecci\u00f3n Pr\u00eat-\u00e0-porter Ferragamo Oto\u00f1o 2015 en apoyo al Hogar del Ni\u00f1o y la Fundaci\u00f3n MIR, en\u2026","rel":"","context":"En \u00abAltos de Chavon @es\u00bb","block_context":{"text":"Altos de Chavon @es","link":"https:\/\/casadecampoliving.com\/category\/altos-de-chavon-es\/"},"img":{"alt_text":"Salvatore Ferragamo Fashion Show","src":"https:\/\/i0.wp.com\/casadecampoliving.com\/wp-content\/uploads\/2022\/10\/Salvatore-Ferragamo-Fashion-Show-1.jpg?fit=650%2C400&ssl=1&resize=350%2C200","width":350,"height":200,"srcset":"https:\/\/i0.wp.com\/casadecampoliving.com\/wp-content\/uploads\/2022\/10\/Salvatore-Ferragamo-Fashion-Show-1.jpg?fit=650%2C400&ssl=1&resize=350%2C200 1x, https:\/\/i0.wp.com\/casadecampoliving.com\/wp-content\/uploads\/2022\/10\/Salvatore-Ferragamo-Fashion-Show-1.jpg?fit=650%2C400&ssl=1&resize=525%2C300 1.5x"},"classes":[]},{"id":346008,"url":"https:\/\/casadecampoliving.com\/es\/concurso-de-belleza-miss-francia-en-casa-de-campo\/","url_meta":{"origin":341345,"position":4},"title":"Concurso de Belleza Miss Francia en Casa de Campo","author":"Daniela Medina","date":"17 Nov, 2014","format":false,"excerpt":"Hoy y ma\u00f1ana (lunes 17 de noviembre y el martes 18 de noviembre) si ve a un grupo de muy bellas damas alrededor de Casa de Campo, acaba de ver a las candidatas del concurso de belleza Miss Francia \u2013 aqu\u00ed en Casa de Campo para sesiones de fotos e\u2026","rel":"","context":"En \u00abAltos de Chavon @es\u00bb","block_context":{"text":"Altos de Chavon @es","link":"https:\/\/casadecampoliving.com\/category\/altos-de-chavon-es\/"},"img":{"alt_text":"","src":"https:\/\/i0.wp.com\/casadecampoliving.com\/wp-content\/uploads\/2022\/10\/Miss-France-Casa-de-Campo-e1416238463103-1.jpg?fit=650%2C455&ssl=1&resize=350%2C200","width":350,"height":200,"srcset":"https:\/\/i0.wp.com\/casadecampoliving.com\/wp-content\/uploads\/2022\/10\/Miss-France-Casa-de-Campo-e1416238463103-1.jpg?fit=650%2C455&ssl=1&resize=350%2C200 1x, https:\/\/i0.wp.com\/casadecampoliving.com\/wp-content\/uploads\/2022\/10\/Miss-France-Casa-de-Campo-e1416238463103-1.jpg?fit=650%2C455&ssl=1&resize=525%2C300 1.5x"},"classes":[]},{"id":346381,"url":"https:\/\/casadecampoliving.com\/es\/women-together-desfile-de-moda-en-altos-de-chavon\/","url_meta":{"origin":341345,"position":5},"title":"Women Together, desfile de moda en Altos de Chav\u00f3n","author":"Perkin Agramonte","date":"25 Dic, 2014","format":false,"excerpt":"El viernes 12 de diciembre, empezamos la tarde con el Caf\u00e9 de la Leche Navide\u00f1o, seguido por el lanzamiento de una nueva colecci\u00f3n en la joyer\u00eda V & A y la apertura de Colectiv@ 5, amabas actividades en la Marina Casa de Campo... pero la noche no finaliz\u00f3 ah\u00ed, ya\u2026","rel":"","context":"En \u00abAltos de Chavon @es\u00bb","block_context":{"text":"Altos de Chavon @es","link":"https:\/\/casadecampoliving.com\/category\/altos-de-chavon-es\/"},"img":{"alt_text":"fashion show Altos de Chavon","src":"https:\/\/i0.wp.com\/casadecampoliving.com\/wp-content\/uploads\/2022\/10\/fashion_show_Altos_de_Chavon-1.jpg?fit=650%2C423&ssl=1&resize=350%2C200","width":350,"height":200,"srcset":"https:\/\/i0.wp.com\/casadecampoliving.com\/wp-content\/uploads\/2022\/10\/fashion_show_Altos_de_Chavon-1.jpg?fit=650%2C423&ssl=1&resize=350%2C200 1x, https:\/\/i0.wp.com\/casadecampoliving.com\/wp-content\/uploads\/2022\/10\/fashion_show_Altos_de_Chavon-1.jpg?fit=650%2C423&ssl=1&resize=525%2C300 1.5x"},"classes":[]}],"jetpack_sharing_enabled":true,"_links":{"self":[{"href":"https:\/\/casadecampoliving.com\/es\/wp-json\/wp\/v2\/posts\/341345","targetHints":{"allow":["GET"]}}],"collection":[{"href":"https:\/\/casadecampoliving.com\/es\/wp-json\/wp\/v2\/posts"}],"about":[{"href":"https:\/\/casadecampoliving.com\/es\/wp-json\/wp\/v2\/types\/post"}],"author":[{"embeddable":true,"href":"https:\/\/casadecampoliving.com\/es\/wp-json\/wp\/v2\/users\/388"}],"replies":[{"embeddable":true,"href":"https:\/\/casadecampoliving.com\/es\/wp-json\/wp\/v2\/comments?post=341345"}],"version-history":[{"count":1,"href":"https:\/\/casadecampoliving.com\/es\/wp-json\/wp\/v2\/posts\/341345\/revisions"}],"predecessor-version":[{"id":341346,"href":"https:\/\/casadecampoliving.com\/es\/wp-json\/wp\/v2\/posts\/341345\/revisions\/341346"}],"wp:featuredmedia":[{"embeddable":true,"href":"https:\/\/casadecampoliving.com\/es\/wp-json\/wp\/v2\/media\/234164"}],"wp:attachment":[{"href":"https:\/\/casadecampoliving.com\/es\/wp-json\/wp\/v2\/media?parent=341345"}],"wp:term":[{"taxonomy":"category","embeddable":true,"href":"https:\/\/casadecampoliving.com\/es\/wp-json\/wp\/v2\/categories?post=341345"},{"taxonomy":"post_tag","embeddable":true,"href":"https:\/\/casadecampoliving.com\/es\/wp-json\/wp\/v2\/tags?post=341345"},{"taxonomy":"newspack_spnsrs_tax","embeddable":true,"href":"https:\/\/casadecampoliving.com\/es\/wp-json\/wp\/v2\/newspack_spnsrs_tax?post=341345"}],"curies":[{"name":"wp","href":"https:\/\/api.w.org\/{rel}","templated":true}]}}