{"id":341325,"date":"2013-05-13T00:00:00","date_gmt":"2013-05-13T04:00:00","guid":{"rendered":"https:\/\/casadecampoliving.com\/entrevista-con-dr-jose-lopez-nosotros-somos-pioneros-en-medicina-critica-en-el-pais\/"},"modified":"2022-10-21T18:48:47","modified_gmt":"2022-10-21T22:48:47","slug":"entrevista-con-dr-jose-lopez-nosotros-somos-pioneros-en-medicina-critica-en-el-pais","status":"publish","type":"post","link":"https:\/\/casadecampoliving.com\/es\/entrevista-con-dr-jose-lopez-nosotros-somos-pioneros-en-medicina-critica-en-el-pais\/","title":{"rendered":"Entrevista con Dr. Jos\u00e9 Lopez: \u00abNosotros somos pioneros, en medicina cr\u00edtica en el pa\u00eds.\u00bb"},"content":{"rendered":"<div class=\"wp-block-image\">\n<figure class=\"aligncenter is-resized\"><img loading=\"lazy\" decoding=\"async\" src=\"https:\/\/i0.wp.com\/casadecampoliving.com\/wp-content\/uploads\/2022\/10\/ambulance_hospital_central_romana.jpg?resize=650%2C345&amp;ssl=1\" alt=\"ambulance central romana hospital\" class=\"wp-image-70065\" title=\"ambulance central romana hospital\" height=\"345\" width=\"650\"\/><\/figure>\n<\/div>\n\n\n<p>Lo que m\u00e1s destaca al Hospital Central Romana es su servicio de emergencias las 24 horas del d\u00eda, los siete d\u00edas a la semana. As\u00ed lo expres\u00f3 en una entrevista a <strong>casadecampoliving.do<\/strong> el doctor Jos\u00e9 L\u00f3pez Larache director del hospital.<\/p>\n\n\n<div class=\"wp-block-image\">\n<figure class=\"alignright is-resized\"><img loading=\"lazy\" decoding=\"async\" src=\"https:\/\/i0.wp.com\/casadecampoliving.com\/wp-content\/uploads\/2022\/10\/lopez_doctor_hospital1.jpg?resize=225%2C284&amp;ssl=1\" alt=\"doctor jose lopez larache\" class=\"wp-image-70071\" title=\"doctor jose lopez larache\" height=\"284\" width=\"225\"\/><\/figure>\n<\/div>\n\n\n<p>L\u00f3pez resalt\u00f3 que el hospital tiene ambulancias preparadas y debidamente equipadas, con servicio 911 las 24 horas del d\u00eda, que cuenta con una ambulancia estacionada en Casa de Campo, con param\u00e9dicos equipados y entrenados para dar servicio, y otras tres dentro del recinto del Hospital Central Romana.<\/p>\n\n\n\n<p><em><strong>\u201cNosotros somos pioneros, seguro estoy, en medicina cr\u00edtica en el pa\u00eds. Nadie es m\u00e1s eficiente que nosotros\u201d<\/strong><\/em>, asegur\u00f3 con mucho orgullo el doctor.<\/p>\n\n\n\n<p>El doctor&nbsp;Jos\u00e9 L\u00f3pez Larache tiene 14 a\u00f1os como director del hospital. Estudi\u00f3 medicina en la Pontificia Universidad Cat\u00f3lica Madre y Maestra (PUCMM), en Santo Domingo, y luego se especializ\u00f3 en New York, Estados Unidos.<\/p>\n\n\n<div class=\"wp-block-image\">\n<figure class=\"aligncenter is-resized\"><img loading=\"lazy\" decoding=\"async\" src=\"https:\/\/i0.wp.com\/casadecampoliving.com\/wp-content\/uploads\/2022\/10\/emergency_door_hospital.jpg?resize=650%2C412&amp;ssl=1\" alt=\"emergency door hospital central romana\" class=\"wp-image-70066\" title=\"emergency door hospital central romana\" height=\"412\" width=\"650\"\/><\/figure>\n<\/div>\n\n\n<p class=\"has-text-align-center\"><strong>Puerta de emergencia del Hospital Central Romana<\/strong><br>\n<\/p>\n\n\n\n<p>Al ser cuestionado sobre cu\u00e1les otros recursos destacan al hospital frente a los dem\u00e1s, el doctor L\u00f3pez habl\u00f3 sobre la higiene y la limpieza que mantienen en el centro m\u00e9dico.<\/p>\n\n\n\n<p>Dijo que tienen un riguroso control bacterial. Parte de ello es el uso de productos de limpieza de regularizaci\u00f3n americana, para no dudar de su eficiencia, en el aseo de todas las habitaciones y salas del hospital.<\/p>\n\n\n<div class=\"wp-block-image\">\n<figure class=\"alignright is-resized\"><a href=\"https:\/\/i0.wp.com\/casadecampoliving.com\/wp-content\/uploads\/2022\/10\/dr_jose_lopez.jpg?ssl=1\"><img loading=\"lazy\" decoding=\"async\" src=\"https:\/\/i0.wp.com\/casadecampoliving.com\/wp-content\/uploads\/2022\/10\/dr_jose_lopez.jpg?resize=270%2C325&amp;ssl=1\" alt=\"dr jose lopez\" class=\"wp-image-70211\" title=\"dr_jose_lopez\" height=\"325\" width=\"270\"\/><\/a><\/figure>\n<\/div>\n\n\n<p>Tambi\u00e9n, mencion\u00f3 el excelente manejo de incineraci\u00f3n de desechos que tienen, el cual evita que no se transmitan infecciones a pacientes ni al personal, y &nbsp;a la cadena de control ambiental, la cual consiste en adecuados aires acondicionado &nbsp;en todas las salas. Adem\u00e1s del &nbsp;programa de&nbsp;educaci\u00f3n cont\u00ednuo a todo el personal m\u00e9dico y de enfermeros.<\/p>\n\n\n\n<p>En cuanto a los recursos tecnol\u00f3gicos, el&nbsp;doctor L\u00f3pez calific\u00f3 al Hospital Central Romana como un \u201ccentro de diagnostico central\u201d, en donde &nbsp;el paciente se puede realizar radiograf\u00edas, tomograf\u00edas, videograstrocolonoscopia, entre otras, las&nbsp;24 horas &nbsp;del d\u00eda sin tener que salir del recinto.<\/p>\n\n\n\n<p>Indic\u00f3 que hay luz todo el d\u00eda y si faltar\u00e1 alguna vez, tienen una planta de mil kilos. Dijo, adem\u00e1s, que tienen &nbsp;un intensivo neonatal, dos salas de parto y una de ces\u00e1rea, una m\u00e1quina de resonancia magn\u00e9tica nuclear (MRI) (la \u00fanica que hay en el Este del pa\u00eds) y&nbsp;la buena voluntad de todo el personal, comprometido con la filosof\u00cda del Central Romana de <em><strong>\u201cservir a la gente no importa la condici\u00f3n\u201d<\/strong><\/em>.<\/p>\n\n\n\n<p><em><strong>\u201cTodo el que viene nosotros lo atendemos y luego hacemos el papeleo, por pol\u00edtica del Central Romana\u201d<\/strong><\/em>, afirm\u00f3 tras insistir en que no rechazan a un paciente porque no tiene seguro m\u00e9dico.<\/p>\n\n\n<div class=\"wp-block-image\">\n<figure class=\"aligncenter is-resized\"><img loading=\"lazy\" decoding=\"async\" src=\"https:\/\/i0.wp.com\/casadecampoliving.com\/wp-content\/uploads\/2022\/10\/central_romana_hospital6.jpg?resize=650%2C354&amp;ssl=1\" alt=\"central romana hospital\" class=\"wp-image-36356\" title=\"central_romana_hospital6\" height=\"354\" width=\"650\"\/><\/figure>\n<\/div>\n\n\n<p class=\"has-text-align-center\"><strong>The Centro M\u00e9dico\u2019s&nbsp;\u201cKeyhole\u201d surgery equipment<\/strong><a href=\"http:\/\/ccl.do\/ccl\/wp-content\/uploads\/2011\/11\/central_romana_hospital6.jpg\"><strong><br>\n<\/strong> <\/a><\/p>\n\n\n\n<p>L\u00f3pez dijo que &nbsp;est\u00e1n tratando de comprar un nuevo tom\u00f3grafo de alta generaci\u00f3n. Con el cual podr\u00e1n ver las arterias del coraz\u00f3n, el ventr\u00edculo, el pulm\u00f3n y vasos sangu\u00edneos, y que por medio a \u00e9l hasta podr\u00edan &nbsp;preparar a los pacientes para saber si tienen enfermedad coronaria, la cual produce insuficiencias card\u00edacas.<\/p>\n\n\n\n<p>Actualmente el Hospital Central Romana tiene un equipo de 72 m\u00e9dicos y 78 enfermeras&nbsp;laborando, quienes atienden diversas especialidades m\u00e9dicas como neurocirug\u00eda, neurolog\u00eda, gastroenterolog\u00eda, cardiolog\u00eda, pediatr\u00eda, medicina general e interna, oftalmolog\u00eda, dermatolog\u00eda, entre otras.<\/p>\n\n\n\n<blockquote><figure><a href=\"https:\/\/i0.wp.com\/casadecampoliving.com\/wp-content\/uploads\/2022\/10\/centro_medico_central_romana1.jpg?ssl=1\"><img decoding=\"async\" loading=\"lazy\" class=\"aligncenter size-full wp-image-38139\" title=\"centro_medico_central_romana\" src=\"https:\/\/i0.wp.com\/casadecampoliving.com\/wp-content\/uploads\/2022\/10\/centro_medico_central_romana1.jpg?resize=585%2C240&amp;ssl=1\" alt=\"centro medico central romana\" width=\"585\" height=\"240\"><\/a><\/figure><p style=\"text-align: center;\">La Dra. Elizabeth Le\u00f3n, un especialista en cirug\u00eda general del Centro M\u00e9dico, demuestra el sistema Olympus Endo Alpha<\/p><\/blockquote>\n\n\n\n<p><strong>Sobre el nuevo y moderno \u201cCentro M\u00e9dico\u201d<\/strong><\/p>\n\n\n\n<p>El nuevo edificio hospitalario, de tres niveles cuenta con&nbsp; ascensores, un helipuerto,&nbsp; 84 camas distribu\u00eddas en confortables habitaciones privadas y semi-privadas; cuatro nuevas salas de cirug\u00edas con equipos m\u00e9dicos de \u00faltima generaci\u00f3n en tecnolog\u00eda, incluyendo el sistema Olympus Endo Alpha o Quirofano Inteligente para cirujia general y laparosc\u00f3pica de alta tecnolog\u00eda, dos \u00e1reas para cuidados intensivos y coronario con telemetria que permite monitoreo continuo, y una unidad especializada para quemados con tina de inmersi\u00f3n.<\/p>\n\n\n<div class=\"wp-block-image\">\n<figure class=\"aligncenter is-resized\"><a href=\"https:\/\/i0.wp.com\/casadecampoliving.com\/wp-content\/uploads\/2022\/10\/centro_medico_central_romana2.jpg?ssl=1\"><img loading=\"lazy\" decoding=\"async\" src=\"https:\/\/i0.wp.com\/casadecampoliving.com\/wp-content\/uploads\/2022\/10\/centro_medico_central_romana2.jpg?resize=650%2C383&amp;ssl=1\" alt=\"centro medico central romana\" class=\"wp-image-38141\" title=\"centro_medico_central_romana\" height=\"383\" width=\"650\"\/><\/a><\/figure>\n<\/div>\n\n\n<p class=\"has-text-align-center\"><strong><strong>La Sala de Cuidado Intensivo en el Centro M\u00e9dico&nbsp;<strong><strong>de Central Romana<\/strong><\/strong><\/strong><br>\n<\/strong><\/p>\n\n\n\n<p>El nuevo Centro M\u00e9dico Central Romana cuenta con un generador el\u00e9ctrico de mil kilos, una caldera de vapor y agua caliente, as\u00ed como una planta de tratamiento de agua potable. Tambi\u00e9n est\u00e1 dotado de un moderno sistema de c\u00e1maras de seguridad en todas las \u00e1reas comunes, complementado con servicios de vigilancia permanente. De igual manera, dispone de un sistema anti-incendios con puertas resistentes al fuego y escaleras de emergencias con v\u00edas de acceso en todos los pisos.<\/p>\n\n\n<div class=\"wp-block-image\">\n<figure class=\"aligncenter is-resized\"><a href=\"https:\/\/i0.wp.com\/casadecampoliving.com\/wp-content\/uploads\/2022\/10\/centro_medico_central_romana4.jpg?ssl=1\"><img loading=\"lazy\" decoding=\"async\" src=\"https:\/\/i0.wp.com\/casadecampoliving.com\/wp-content\/uploads\/2022\/10\/centro_medico_central_romana4.jpg?resize=650%2C324&amp;ssl=1\" alt=\"centro medico central romana\" class=\"wp-image-38143\" title=\"centro_medico_central_romana\" height=\"324\" width=\"650\"\/><\/a><\/figure>\n<\/div>\n\n\n<p class=\"has-text-align-center\"><strong><strong>Habitaci\u00f3n Privada en el Centro M\u00e9dico de Central Romana<\/strong><br>\n<\/strong><\/p>\n\n\n\n<p>Los conceptos del dise\u00f1o del nuevo hospital estuvieron a cargo de los Arquitectos Malcom Cottin al servicio del Cleveland Clinic de Ohio, en Estados Unidos y Silvia Sanchez del personal&nbsp; del Departamentos de Ingenier\u00eda del Central Romana Corporation, Ltd. que tuvo a su cargo los trabajos de&nbsp;construcci\u00f3n&nbsp;del mismo.<\/p>\n","protected":false},"excerpt":{"rendered":"<p>Lo que m\u00e1s destaca al Hospital Central Romana es su servicio de emergencias las 24 horas del d\u00eda, los siete d\u00edas a la semana. As\u00ed lo expres\u00f3 en una entrevista a casadecampoliving.do el doctor Jos\u00e9 L\u00f3pez Larache director del hospital. L\u00f3pez resalt\u00f3 que el hospital tiene ambulancias preparadas y debidamente equipadas, con servicio 911 las [&hellip;]<\/p>\n","protected":false},"author":431,"featured_media":235040,"comment_status":"closed","ping_status":"closed","sticky":false,"template":"","format":"standard","meta":{"newspack_ads_suppress_ads":false,"newspack_popups_has_disabled_popups":false,"newspack_sponsor_sponsorship_scope":"","newspack_sponsor_native_byline_display":"inherit","newspack_sponsor_native_category_display":"inherit","newspack_sponsor_underwriter_style":"inherit","newspack_sponsor_underwriter_placement":"inherit","_newspack_byline_active":false,"_newspack_byline":"","newspack_hide_updated_date":false,"newspack_show_updated_date":false,"newspack_content_restriction_is_exempt":false,"newspack_featured_image_position":"","newspack_post_subtitle":"","newspack_article_summary_title":"Overview:","newspack_article_summary":"","_jetpack_memberships_contains_paid_content":false,"footnotes":"","jetpack_publicize_message":"","jetpack_publicize_feature_enabled":true,"jetpack_social_post_already_shared":false,"jetpack_social_options":{"image_generator_settings":{"template":"highway","default_image_id":0,"font":"","enabled":false},"version":2},"_wpas_customize_per_network":false},"categories":[2525,14631,2507,2506,14625,2527,2526],"tags":[3862,6402,6403,14542],"newspack_spnsrs_tax":[],"class_list":["post-341325","post","type-post","status-publish","format-standard","has-post-thumbnail","hentry","category-golf-deportes-es","category-estilo-de-vida","category-la-romana-es","category-mas-alla-de-casa-es","category-noticias-locales","category-salud","category-titulares-es","tag-central-romana-es","tag-centro-medico-central-romana-es","tag-dr-jose-lopez-es","tag-la-romana-es","entry"],"yoast_head":"<!-- This site is optimized with the Yoast SEO plugin v27.4 - https:\/\/yoast.com\/product\/yoast-seo-wordpress\/ -->\n<title>Entrevista con Dr. Jos\u00e9 Lopez: &quot;Nosotros somos pioneros, en medicina cr\u00edtica en el pa\u00eds.&quot; | Casa de Campo Living<\/title>\n<meta name=\"description\" content=\"Lo que m\u00e1s destaca al Hospital Central Romana es su servicio de emergencias las 24 horas del d\u00eda, los siete d\u00edas a la semana. As\u00ed lo expres\u00f3 en una\" \/>\n<meta name=\"robots\" content=\"index, follow, max-snippet:-1, max-image-preview:large, max-video-preview:-1\" \/>\n<link rel=\"canonical\" href=\"https:\/\/casadecampoliving.com\/es\/entrevista-con-dr-jose-lopez-nosotros-somos-pioneros-en-medicina-critica-en-el-pais\/\" \/>\n<meta property=\"og:locale\" content=\"es_ES\" \/>\n<meta property=\"og:type\" content=\"article\" \/>\n<meta property=\"og:title\" content=\"Entrevista con Dr. Jos\u00e9 Lopez: &quot;Nosotros somos pioneros, en medicina cr\u00edtica en el pa\u00eds.&quot; | Casa de Campo Living\" \/>\n<meta property=\"og:description\" content=\"Lo que m\u00e1s destaca al Hospital Central Romana es su servicio de emergencias las 24 horas del d\u00eda, los siete d\u00edas a la semana. As\u00ed lo expres\u00f3 en una\" \/>\n<meta property=\"og:url\" content=\"https:\/\/casadecampoliving.com\/es\/entrevista-con-dr-jose-lopez-nosotros-somos-pioneros-en-medicina-critica-en-el-pais\/\" \/>\n<meta property=\"og:site_name\" content=\"Casa de Campo Living\" \/>\n<meta property=\"article:publisher\" content=\"https:\/\/www.facebook.com\/casadecampoliving\" \/>\n<meta property=\"article:published_time\" content=\"2013-05-13T04:00:00+00:00\" \/>\n<meta property=\"article:modified_time\" content=\"2022-10-21T22:48:47+00:00\" \/>\n<meta property=\"og:image\" content=\"https:\/\/i0.wp.com\/casadecampoliving.com\/wp-content\/uploads\/2022\/10\/central_romana_hospital6-1.jpg?fit=650%2C354&ssl=1\" \/>\n\t<meta property=\"og:image:width\" content=\"650\" \/>\n\t<meta property=\"og:image:height\" content=\"354\" \/>\n\t<meta property=\"og:image:type\" content=\"image\/jpeg\" \/>\n<meta name=\"author\" content=\"Mairobi Herrera\" \/>\n<meta name=\"twitter:card\" content=\"summary_large_image\" \/>\n<meta name=\"twitter:creator\" content=\"@cdcliving\" \/>\n<meta name=\"twitter:site\" content=\"@cdcliving\" \/>\n<meta name=\"twitter:label1\" content=\"Escrito por\" \/>\n\t<meta name=\"twitter:data1\" content=\"Mairobi Herrera\" \/>\n\t<meta name=\"twitter:label2\" content=\"Tiempo de lectura\" \/>\n\t<meta name=\"twitter:data2\" content=\"4 minutos\" \/>\n<script type=\"application\/ld+json\" class=\"yoast-schema-graph\">{\"@context\":\"https:\\\/\\\/schema.org\",\"@graph\":[{\"@type\":\"Article\",\"@id\":\"https:\\\/\\\/casadecampoliving.com\\\/es\\\/entrevista-con-dr-jose-lopez-nosotros-somos-pioneros-en-medicina-critica-en-el-pais\\\/#article\",\"isPartOf\":{\"@id\":\"https:\\\/\\\/casadecampoliving.com\\\/es\\\/entrevista-con-dr-jose-lopez-nosotros-somos-pioneros-en-medicina-critica-en-el-pais\\\/\"},\"author\":{\"name\":\"Mairobi Herrera\",\"@id\":\"https:\\\/\\\/casadecampoliving.com\\\/es\\\/#\\\/schema\\\/person\\\/932e594484c49168ad37fbb9141bf699\"},\"headline\":\"Entrevista con Dr. Jos\u00e9 Lopez: \u00abNosotros somos pioneros, en medicina cr\u00edtica en el pa\u00eds.\u00bb\",\"datePublished\":\"2013-05-13T04:00:00+00:00\",\"dateModified\":\"2022-10-21T22:48:47+00:00\",\"mainEntityOfPage\":{\"@id\":\"https:\\\/\\\/casadecampoliving.com\\\/es\\\/entrevista-con-dr-jose-lopez-nosotros-somos-pioneros-en-medicina-critica-en-el-pais\\\/\"},\"wordCount\":876,\"publisher\":{\"@id\":\"https:\\\/\\\/casadecampoliving.com\\\/es\\\/#organization\"},\"image\":{\"@id\":\"https:\\\/\\\/casadecampoliving.com\\\/es\\\/entrevista-con-dr-jose-lopez-nosotros-somos-pioneros-en-medicina-critica-en-el-pais\\\/#primaryimage\"},\"thumbnailUrl\":\"https:\\\/\\\/i0.wp.com\\\/casadecampoliving.com\\\/wp-content\\\/uploads\\\/2022\\\/10\\\/central_romana_hospital6-1.jpg?fit=650%2C354&ssl=1\",\"keywords\":[\"central romana @es\",\"centro medico central romana @es\",\"dr jose lopez @es\",\"La Romana @es\"],\"articleSection\":[\"Deportes\",\"Estilo de Vida\",\"La Romana @es\",\"M\u00e1s all\u00e1 de Casa\",\"Noticias Locales\",\"Salud\",\"Titulares\"],\"inLanguage\":\"es\"},{\"@type\":\"WebPage\",\"@id\":\"https:\\\/\\\/casadecampoliving.com\\\/es\\\/entrevista-con-dr-jose-lopez-nosotros-somos-pioneros-en-medicina-critica-en-el-pais\\\/\",\"url\":\"https:\\\/\\\/casadecampoliving.com\\\/es\\\/entrevista-con-dr-jose-lopez-nosotros-somos-pioneros-en-medicina-critica-en-el-pais\\\/\",\"name\":\"Entrevista con Dr. Jos\u00e9 Lopez: \\\"Nosotros somos pioneros, en medicina cr\u00edtica en el pa\u00eds.\\\" | Casa de Campo Living\",\"isPartOf\":{\"@id\":\"https:\\\/\\\/casadecampoliving.com\\\/es\\\/#website\"},\"primaryImageOfPage\":{\"@id\":\"https:\\\/\\\/casadecampoliving.com\\\/es\\\/entrevista-con-dr-jose-lopez-nosotros-somos-pioneros-en-medicina-critica-en-el-pais\\\/#primaryimage\"},\"image\":{\"@id\":\"https:\\\/\\\/casadecampoliving.com\\\/es\\\/entrevista-con-dr-jose-lopez-nosotros-somos-pioneros-en-medicina-critica-en-el-pais\\\/#primaryimage\"},\"thumbnailUrl\":\"https:\\\/\\\/i0.wp.com\\\/casadecampoliving.com\\\/wp-content\\\/uploads\\\/2022\\\/10\\\/central_romana_hospital6-1.jpg?fit=650%2C354&ssl=1\",\"datePublished\":\"2013-05-13T04:00:00+00:00\",\"dateModified\":\"2022-10-21T22:48:47+00:00\",\"description\":\"Lo que m\u00e1s destaca al Hospital Central Romana es su servicio de emergencias las 24 horas del d\u00eda, los siete d\u00edas a la semana. As\u00ed lo expres\u00f3 en una\",\"breadcrumb\":{\"@id\":\"https:\\\/\\\/casadecampoliving.com\\\/es\\\/entrevista-con-dr-jose-lopez-nosotros-somos-pioneros-en-medicina-critica-en-el-pais\\\/#breadcrumb\"},\"inLanguage\":\"es\",\"potentialAction\":[{\"@type\":\"ReadAction\",\"target\":[\"https:\\\/\\\/casadecampoliving.com\\\/es\\\/entrevista-con-dr-jose-lopez-nosotros-somos-pioneros-en-medicina-critica-en-el-pais\\\/\"]}]},{\"@type\":\"ImageObject\",\"inLanguage\":\"es\",\"@id\":\"https:\\\/\\\/casadecampoliving.com\\\/es\\\/entrevista-con-dr-jose-lopez-nosotros-somos-pioneros-en-medicina-critica-en-el-pais\\\/#primaryimage\",\"url\":\"https:\\\/\\\/i0.wp.com\\\/casadecampoliving.com\\\/wp-content\\\/uploads\\\/2022\\\/10\\\/central_romana_hospital6-1.jpg?fit=650%2C354&ssl=1\",\"contentUrl\":\"https:\\\/\\\/i0.wp.com\\\/casadecampoliving.com\\\/wp-content\\\/uploads\\\/2022\\\/10\\\/central_romana_hospital6-1.jpg?fit=650%2C354&ssl=1\",\"width\":650,\"height\":354},{\"@type\":\"BreadcrumbList\",\"@id\":\"https:\\\/\\\/casadecampoliving.com\\\/es\\\/entrevista-con-dr-jose-lopez-nosotros-somos-pioneros-en-medicina-critica-en-el-pais\\\/#breadcrumb\",\"itemListElement\":[{\"@type\":\"ListItem\",\"position\":1,\"name\":\"Home\",\"item\":\"https:\\\/\\\/casadecampoliving.com\\\/es\\\/\"},{\"@type\":\"ListItem\",\"position\":2,\"name\":\"Entrevista con Dr. Jos\u00e9 Lopez: &#8220;Nosotros somos pioneros, en medicina cr\u00edtica en el pa\u00eds.&#8221;\"}]},{\"@type\":\"WebSite\",\"@id\":\"https:\\\/\\\/casadecampoliving.com\\\/es\\\/#website\",\"url\":\"https:\\\/\\\/casadecampoliving.com\\\/es\\\/\",\"name\":\"Casa de Campo Living\",\"description\":\"Resort community news and resources.\",\"publisher\":{\"@id\":\"https:\\\/\\\/casadecampoliving.com\\\/es\\\/#organization\"},\"potentialAction\":[{\"@type\":\"SearchAction\",\"target\":{\"@type\":\"EntryPoint\",\"urlTemplate\":\"https:\\\/\\\/casadecampoliving.com\\\/es\\\/?s={search_term_string}\"},\"query-input\":{\"@type\":\"PropertyValueSpecification\",\"valueRequired\":true,\"valueName\":\"search_term_string\"}}],\"inLanguage\":\"es\"},{\"@type\":\"Organization\",\"@id\":\"https:\\\/\\\/casadecampoliving.com\\\/es\\\/#organization\",\"name\":\"Casa de Campo Living\",\"url\":\"https:\\\/\\\/casadecampoliving.com\\\/es\\\/\",\"logo\":{\"@type\":\"ImageObject\",\"inLanguage\":\"es\",\"@id\":\"https:\\\/\\\/casadecampoliving.com\\\/es\\\/#\\\/schema\\\/logo\\\/image\\\/\",\"url\":\"https:\\\/\\\/i0.wp.com\\\/casadecampoliving.com\\\/wp-content\\\/uploads\\\/2022\\\/07\\\/CDCLivingLogo_V1-white-sized.png?fit=800%2C214&ssl=1\",\"contentUrl\":\"https:\\\/\\\/i0.wp.com\\\/casadecampoliving.com\\\/wp-content\\\/uploads\\\/2022\\\/07\\\/CDCLivingLogo_V1-white-sized.png?fit=800%2C214&ssl=1\",\"width\":800,\"height\":214,\"caption\":\"Casa de Campo Living\"},\"image\":{\"@id\":\"https:\\\/\\\/casadecampoliving.com\\\/es\\\/#\\\/schema\\\/logo\\\/image\\\/\"},\"sameAs\":[\"https:\\\/\\\/www.facebook.com\\\/casadecampoliving\",\"https:\\\/\\\/x.com\\\/cdcliving\"]},{\"@type\":\"Person\",\"@id\":\"https:\\\/\\\/casadecampoliving.com\\\/es\\\/#\\\/schema\\\/person\\\/932e594484c49168ad37fbb9141bf699\",\"name\":\"Mairobi Herrera\",\"image\":{\"@type\":\"ImageObject\",\"inLanguage\":\"es\",\"@id\":\"https:\\\/\\\/secure.gravatar.com\\\/avatar\\\/d0bf6c19470eb55d83c719e39672f670b2c4412339af1eb8a08f86427ba98ee8?s=96&d=mm&r=g\",\"url\":\"https:\\\/\\\/secure.gravatar.com\\\/avatar\\\/d0bf6c19470eb55d83c719e39672f670b2c4412339af1eb8a08f86427ba98ee8?s=96&d=mm&r=g\",\"contentUrl\":\"https:\\\/\\\/secure.gravatar.com\\\/avatar\\\/d0bf6c19470eb55d83c719e39672f670b2c4412339af1eb8a08f86427ba98ee8?s=96&d=mm&r=g\",\"caption\":\"Mairobi Herrera\"},\"sameAs\":[\"https:\\\/\\\/casadecampoliving.com\\\/\"],\"url\":\"https:\\\/\\\/casadecampoliving.com\\\/es\\\/author\\\/mherrera\\\/\"}]}<\/script>\n<!-- \/ Yoast SEO plugin. -->","yoast_head_json":{"title":"Entrevista con Dr. Jos\u00e9 Lopez: \"Nosotros somos pioneros, en medicina cr\u00edtica en el pa\u00eds.\" | Casa de Campo Living","description":"Lo que m\u00e1s destaca al Hospital Central Romana es su servicio de emergencias las 24 horas del d\u00eda, los siete d\u00edas a la semana. As\u00ed lo expres\u00f3 en una","robots":{"index":"index","follow":"follow","max-snippet":"max-snippet:-1","max-image-preview":"max-image-preview:large","max-video-preview":"max-video-preview:-1"},"canonical":"https:\/\/casadecampoliving.com\/es\/entrevista-con-dr-jose-lopez-nosotros-somos-pioneros-en-medicina-critica-en-el-pais\/","og_locale":"es_ES","og_type":"article","og_title":"Entrevista con Dr. Jos\u00e9 Lopez: \"Nosotros somos pioneros, en medicina cr\u00edtica en el pa\u00eds.\" | Casa de Campo Living","og_description":"Lo que m\u00e1s destaca al Hospital Central Romana es su servicio de emergencias las 24 horas del d\u00eda, los siete d\u00edas a la semana. As\u00ed lo expres\u00f3 en una","og_url":"https:\/\/casadecampoliving.com\/es\/entrevista-con-dr-jose-lopez-nosotros-somos-pioneros-en-medicina-critica-en-el-pais\/","og_site_name":"Casa de Campo Living","article_publisher":"https:\/\/www.facebook.com\/casadecampoliving","article_published_time":"2013-05-13T04:00:00+00:00","article_modified_time":"2022-10-21T22:48:47+00:00","og_image":[{"width":650,"height":354,"url":"https:\/\/i0.wp.com\/casadecampoliving.com\/wp-content\/uploads\/2022\/10\/central_romana_hospital6-1.jpg?fit=650%2C354&ssl=1","type":"image\/jpeg"}],"author":"Mairobi Herrera","twitter_card":"summary_large_image","twitter_creator":"@cdcliving","twitter_site":"@cdcliving","twitter_misc":{"Escrito por":"Mairobi Herrera","Tiempo de lectura":"4 minutos"},"schema":{"@context":"https:\/\/schema.org","@graph":[{"@type":"Article","@id":"https:\/\/casadecampoliving.com\/es\/entrevista-con-dr-jose-lopez-nosotros-somos-pioneros-en-medicina-critica-en-el-pais\/#article","isPartOf":{"@id":"https:\/\/casadecampoliving.com\/es\/entrevista-con-dr-jose-lopez-nosotros-somos-pioneros-en-medicina-critica-en-el-pais\/"},"author":{"name":"Mairobi Herrera","@id":"https:\/\/casadecampoliving.com\/es\/#\/schema\/person\/932e594484c49168ad37fbb9141bf699"},"headline":"Entrevista con Dr. Jos\u00e9 Lopez: \u00abNosotros somos pioneros, en medicina cr\u00edtica en el pa\u00eds.\u00bb","datePublished":"2013-05-13T04:00:00+00:00","dateModified":"2022-10-21T22:48:47+00:00","mainEntityOfPage":{"@id":"https:\/\/casadecampoliving.com\/es\/entrevista-con-dr-jose-lopez-nosotros-somos-pioneros-en-medicina-critica-en-el-pais\/"},"wordCount":876,"publisher":{"@id":"https:\/\/casadecampoliving.com\/es\/#organization"},"image":{"@id":"https:\/\/casadecampoliving.com\/es\/entrevista-con-dr-jose-lopez-nosotros-somos-pioneros-en-medicina-critica-en-el-pais\/#primaryimage"},"thumbnailUrl":"https:\/\/i0.wp.com\/casadecampoliving.com\/wp-content\/uploads\/2022\/10\/central_romana_hospital6-1.jpg?fit=650%2C354&ssl=1","keywords":["central romana @es","centro medico central romana @es","dr jose lopez @es","La Romana @es"],"articleSection":["Deportes","Estilo de Vida","La Romana @es","M\u00e1s all\u00e1 de Casa","Noticias Locales","Salud","Titulares"],"inLanguage":"es"},{"@type":"WebPage","@id":"https:\/\/casadecampoliving.com\/es\/entrevista-con-dr-jose-lopez-nosotros-somos-pioneros-en-medicina-critica-en-el-pais\/","url":"https:\/\/casadecampoliving.com\/es\/entrevista-con-dr-jose-lopez-nosotros-somos-pioneros-en-medicina-critica-en-el-pais\/","name":"Entrevista con Dr. Jos\u00e9 Lopez: \"Nosotros somos pioneros, en medicina cr\u00edtica en el pa\u00eds.\" | Casa de Campo Living","isPartOf":{"@id":"https:\/\/casadecampoliving.com\/es\/#website"},"primaryImageOfPage":{"@id":"https:\/\/casadecampoliving.com\/es\/entrevista-con-dr-jose-lopez-nosotros-somos-pioneros-en-medicina-critica-en-el-pais\/#primaryimage"},"image":{"@id":"https:\/\/casadecampoliving.com\/es\/entrevista-con-dr-jose-lopez-nosotros-somos-pioneros-en-medicina-critica-en-el-pais\/#primaryimage"},"thumbnailUrl":"https:\/\/i0.wp.com\/casadecampoliving.com\/wp-content\/uploads\/2022\/10\/central_romana_hospital6-1.jpg?fit=650%2C354&ssl=1","datePublished":"2013-05-13T04:00:00+00:00","dateModified":"2022-10-21T22:48:47+00:00","description":"Lo que m\u00e1s destaca al Hospital Central Romana es su servicio de emergencias las 24 horas del d\u00eda, los siete d\u00edas a la semana. As\u00ed lo expres\u00f3 en una","breadcrumb":{"@id":"https:\/\/casadecampoliving.com\/es\/entrevista-con-dr-jose-lopez-nosotros-somos-pioneros-en-medicina-critica-en-el-pais\/#breadcrumb"},"inLanguage":"es","potentialAction":[{"@type":"ReadAction","target":["https:\/\/casadecampoliving.com\/es\/entrevista-con-dr-jose-lopez-nosotros-somos-pioneros-en-medicina-critica-en-el-pais\/"]}]},{"@type":"ImageObject","inLanguage":"es","@id":"https:\/\/casadecampoliving.com\/es\/entrevista-con-dr-jose-lopez-nosotros-somos-pioneros-en-medicina-critica-en-el-pais\/#primaryimage","url":"https:\/\/i0.wp.com\/casadecampoliving.com\/wp-content\/uploads\/2022\/10\/central_romana_hospital6-1.jpg?fit=650%2C354&ssl=1","contentUrl":"https:\/\/i0.wp.com\/casadecampoliving.com\/wp-content\/uploads\/2022\/10\/central_romana_hospital6-1.jpg?fit=650%2C354&ssl=1","width":650,"height":354},{"@type":"BreadcrumbList","@id":"https:\/\/casadecampoliving.com\/es\/entrevista-con-dr-jose-lopez-nosotros-somos-pioneros-en-medicina-critica-en-el-pais\/#breadcrumb","itemListElement":[{"@type":"ListItem","position":1,"name":"Home","item":"https:\/\/casadecampoliving.com\/es\/"},{"@type":"ListItem","position":2,"name":"Entrevista con Dr. Jos\u00e9 Lopez: &#8220;Nosotros somos pioneros, en medicina cr\u00edtica en el pa\u00eds.&#8221;"}]},{"@type":"WebSite","@id":"https:\/\/casadecampoliving.com\/es\/#website","url":"https:\/\/casadecampoliving.com\/es\/","name":"Casa de Campo Living","description":"Resort community news and resources.","publisher":{"@id":"https:\/\/casadecampoliving.com\/es\/#organization"},"potentialAction":[{"@type":"SearchAction","target":{"@type":"EntryPoint","urlTemplate":"https:\/\/casadecampoliving.com\/es\/?s={search_term_string}"},"query-input":{"@type":"PropertyValueSpecification","valueRequired":true,"valueName":"search_term_string"}}],"inLanguage":"es"},{"@type":"Organization","@id":"https:\/\/casadecampoliving.com\/es\/#organization","name":"Casa de Campo Living","url":"https:\/\/casadecampoliving.com\/es\/","logo":{"@type":"ImageObject","inLanguage":"es","@id":"https:\/\/casadecampoliving.com\/es\/#\/schema\/logo\/image\/","url":"https:\/\/i0.wp.com\/casadecampoliving.com\/wp-content\/uploads\/2022\/07\/CDCLivingLogo_V1-white-sized.png?fit=800%2C214&ssl=1","contentUrl":"https:\/\/i0.wp.com\/casadecampoliving.com\/wp-content\/uploads\/2022\/07\/CDCLivingLogo_V1-white-sized.png?fit=800%2C214&ssl=1","width":800,"height":214,"caption":"Casa de Campo Living"},"image":{"@id":"https:\/\/casadecampoliving.com\/es\/#\/schema\/logo\/image\/"},"sameAs":["https:\/\/www.facebook.com\/casadecampoliving","https:\/\/x.com\/cdcliving"]},{"@type":"Person","@id":"https:\/\/casadecampoliving.com\/es\/#\/schema\/person\/932e594484c49168ad37fbb9141bf699","name":"Mairobi Herrera","image":{"@type":"ImageObject","inLanguage":"es","@id":"https:\/\/secure.gravatar.com\/avatar\/d0bf6c19470eb55d83c719e39672f670b2c4412339af1eb8a08f86427ba98ee8?s=96&d=mm&r=g","url":"https:\/\/secure.gravatar.com\/avatar\/d0bf6c19470eb55d83c719e39672f670b2c4412339af1eb8a08f86427ba98ee8?s=96&d=mm&r=g","contentUrl":"https:\/\/secure.gravatar.com\/avatar\/d0bf6c19470eb55d83c719e39672f670b2c4412339af1eb8a08f86427ba98ee8?s=96&d=mm&r=g","caption":"Mairobi Herrera"},"sameAs":["https:\/\/casadecampoliving.com\/"],"url":"https:\/\/casadecampoliving.com\/es\/author\/mherrera\/"}]}},"parsely":{"version":"1.1.0","canonical_url":"https:\/\/casadecampoliving.com\/es\/entrevista-con-dr-jose-lopez-nosotros-somos-pioneros-en-medicina-critica-en-el-pais\/","smart_links":{"inbound":0,"outbound":0},"traffic_boost_suggestions_count":0,"meta":{"@context":"https:\/\/schema.org","@type":"NewsArticle","headline":"Entrevista con Dr. Jos\u00e9 Lopez: \u00abNosotros somos pioneros, en medicina cr\u00edtica en el pa\u00eds.\u00bb","url":"http:\/\/casadecampoliving.com\/es\/entrevista-con-dr-jose-lopez-nosotros-somos-pioneros-en-medicina-critica-en-el-pais\/","mainEntityOfPage":{"@type":"WebPage","@id":"http:\/\/casadecampoliving.com\/es\/entrevista-con-dr-jose-lopez-nosotros-somos-pioneros-en-medicina-critica-en-el-pais\/"},"thumbnailUrl":"https:\/\/i0.wp.com\/casadecampoliving.com\/wp-content\/uploads\/2022\/10\/central_romana_hospital6-1.jpg?resize=150%2C150&ssl=1","image":{"@type":"ImageObject","url":"https:\/\/i0.wp.com\/casadecampoliving.com\/wp-content\/uploads\/2022\/10\/central_romana_hospital6-1.jpg?fit=650%2C354&ssl=1"},"articleSection":"Deportes","author":[{"@type":"Person","name":"Mairobi Herrera"}],"creator":["Mairobi Herrera"],"publisher":{"@type":"Organization","name":"Casa de Campo Living","logo":"https:\/\/casadecampoliving.com\/wp-content\/uploads\/2022\/07\/CDCLivingLogo_V1-white-sized.png"},"keywords":["central romana @es","centro medico central romana @es","dr jose lopez @es","la romana @es"],"dateCreated":"2013-05-13T04:00:00Z","datePublished":"2013-05-13T04:00:00Z","dateModified":"2022-10-21T22:48:47Z"},"rendered":"<script type=\"application\/ld+json\" class=\"wp-parsely-metadata\">{\"@context\":\"https:\\\/\\\/schema.org\",\"@type\":\"NewsArticle\",\"headline\":\"Entrevista con Dr. Jos\\u00e9 Lopez: \\u00abNosotros somos pioneros, en medicina cr\\u00edtica en el pa\\u00eds.\\u00bb\",\"url\":\"http:\\\/\\\/casadecampoliving.com\\\/es\\\/entrevista-con-dr-jose-lopez-nosotros-somos-pioneros-en-medicina-critica-en-el-pais\\\/\",\"mainEntityOfPage\":{\"@type\":\"WebPage\",\"@id\":\"http:\\\/\\\/casadecampoliving.com\\\/es\\\/entrevista-con-dr-jose-lopez-nosotros-somos-pioneros-en-medicina-critica-en-el-pais\\\/\"},\"thumbnailUrl\":\"https:\\\/\\\/i0.wp.com\\\/casadecampoliving.com\\\/wp-content\\\/uploads\\\/2022\\\/10\\\/central_romana_hospital6-1.jpg?resize=150%2C150&ssl=1\",\"image\":{\"@type\":\"ImageObject\",\"url\":\"https:\\\/\\\/i0.wp.com\\\/casadecampoliving.com\\\/wp-content\\\/uploads\\\/2022\\\/10\\\/central_romana_hospital6-1.jpg?fit=650%2C354&ssl=1\"},\"articleSection\":\"Deportes\",\"author\":[{\"@type\":\"Person\",\"name\":\"Mairobi Herrera\"}],\"creator\":[\"Mairobi Herrera\"],\"publisher\":{\"@type\":\"Organization\",\"name\":\"Casa de Campo Living\",\"logo\":\"https:\\\/\\\/casadecampoliving.com\\\/wp-content\\\/uploads\\\/2022\\\/07\\\/CDCLivingLogo_V1-white-sized.png\"},\"keywords\":[\"central romana @es\",\"centro medico central romana @es\",\"dr jose lopez @es\",\"la romana @es\"],\"dateCreated\":\"2013-05-13T04:00:00Z\",\"datePublished\":\"2013-05-13T04:00:00Z\",\"dateModified\":\"2022-10-21T22:48:47Z\"}<\/script>","tracker_url":"https:\/\/cdn.parsely.com\/keys\/casadecampoliving.com\/p.js"},"jetpack_publicize_connections":[],"jetpack_featured_media_url":"https:\/\/i0.wp.com\/casadecampoliving.com\/wp-content\/uploads\/2022\/10\/central_romana_hospital6-1.jpg?fit=650%2C354&ssl=1","jetpack-related-posts":[{"id":349270,"url":"https:\/\/casadecampoliving.com\/es\/dr-jose-lopez-en-espn\/","url_meta":{"origin":341325,"position":0},"title":"\u00a1Nuestro querido Dr. Jos\u00e9 L\u00f3pez en ESPN!","author":"Carla Campos","date":"24 Feb, 2016","format":false,"excerpt":"Nuestro querido\u00a0Dr. Jos\u00e9 L\u00f3pez Larache, longevo miembro de nuestra comunidad, poeta, Vice Presidente del Central Romana y Director del Centro M\u00e9dico Central Romana, y patr\u00f3n de polo o \u201cpolista\u201d (\u00a1como si no fuera suficiente!), acaba de aparecer en una entrevista con ESPN donde explica la importancia del Polo Challenge RD\u2026","rel":"","context":"En \u00abCasa de Campo Living @es\u00bb","block_context":{"text":"Casa de Campo Living @es","link":"https:\/\/casadecampoliving.com\/category\/casa-de-campo-living-es\/"},"img":{"alt_text":"","src":"https:\/\/i0.wp.com\/casadecampoliving.com\/wp-content\/uploads\/2022\/10\/espn-interview.png?fit=650%2C366&ssl=1&resize=350%2C200","width":350,"height":200,"srcset":"https:\/\/i0.wp.com\/casadecampoliving.com\/wp-content\/uploads\/2022\/10\/espn-interview.png?fit=650%2C366&ssl=1&resize=350%2C200 1x, https:\/\/i0.wp.com\/casadecampoliving.com\/wp-content\/uploads\/2022\/10\/espn-interview.png?fit=650%2C366&ssl=1&resize=525%2C300 1.5x"},"classes":[]},{"id":341483,"url":"https:\/\/casadecampoliving.com\/es\/operativo-medico-del-centro-medico-central-romana-finaliza-con-60-cirugias-de-manos-dirigidas-por-el-dr-edward-shaw-wilgins\/","url_meta":{"origin":341325,"position":1},"title":"Operativo M\u00e9dico del Centro M\u00e9dico Central Romana finaliza con 60 cirug\u00edas de manos dirigidas por el Dr. Edward Shaw Wilgins","author":"Mairobi Herrera","date":"20 May, 2013","format":false,"excerpt":"En el\u00a0 pasado operativo m\u00e9dico del Centro M\u00e9dico Central Romana, del 6 de mayo hasta el d\u00eda 10 de ese mismo mes, se realizaron 60 operaciones enfocadas en las manos a personas de escasos recursos. Dichas cirugias estuvieron encabezadas por por el destacado cirujano ortopeda en los Estados Unidos, el\u2026","rel":"","context":"En \u00abDeportes\u00bb","block_context":{"text":"Deportes","link":"https:\/\/casadecampoliving.com\/es\/category\/golf-deportes-es\/"},"img":{"alt_text":"","src":"https:\/\/i0.wp.com\/casadecampoliving.com\/wp-content\/uploads\/2022\/10\/operativo_medico_cr_doctores1.jpg?fit=650%2C432&ssl=1&resize=350%2C200","width":350,"height":200,"srcset":"https:\/\/i0.wp.com\/casadecampoliving.com\/wp-content\/uploads\/2022\/10\/operativo_medico_cr_doctores1.jpg?fit=650%2C432&ssl=1&resize=350%2C200 1x, https:\/\/i0.wp.com\/casadecampoliving.com\/wp-content\/uploads\/2022\/10\/operativo_medico_cr_doctores1.jpg?fit=650%2C432&ssl=1&resize=525%2C300 1.5x"},"classes":[]},{"id":349152,"url":"https:\/\/casadecampoliving.com\/es\/operativo-medico-centro-medico-central-romana\/","url_meta":{"origin":341325,"position":2},"title":"Exitoso Operativo M\u00e9dico en el Centro Medico Central Romana","author":"Marlenys Guzm\u00e1n Casta\u00f1os","date":"7 Feb, 2016","format":false,"excerpt":"Un total de 98 cirug\u00edas fueron realizadas, el pasado diciembre, sin costo alguno para los pacientes en el Centro M\u00e9dico Central Romana durante el operativo quir\u00fargico infantil que lleva a cabo la Fundaci\u00f3n Healing The Children en esta ciudad, coordinado por el Patronato Ben\u00e9fico Oriental. M\u00e1s de 600 consultas en\u2026","rel":"","context":"En \u00abCasa de Campo Living @es\u00bb","block_context":{"text":"Casa de Campo Living @es","link":"https:\/\/casadecampoliving.com\/category\/casa-de-campo-living-es\/"},"img":{"alt_text":"Operativo Otorrino PBO Featured","src":"https:\/\/i0.wp.com\/casadecampoliving.com\/wp-content\/uploads\/2022\/10\/Operativo-Otorrino-PBO-Featured-1.jpg?fit=650%2C400&ssl=1&resize=350%2C200","width":350,"height":200,"srcset":"https:\/\/i0.wp.com\/casadecampoliving.com\/wp-content\/uploads\/2022\/10\/Operativo-Otorrino-PBO-Featured-1.jpg?fit=650%2C400&ssl=1&resize=350%2C200 1x, https:\/\/i0.wp.com\/casadecampoliving.com\/wp-content\/uploads\/2022\/10\/Operativo-Otorrino-PBO-Featured-1.jpg?fit=650%2C400&ssl=1&resize=525%2C300 1.5x"},"classes":[]},{"id":345918,"url":"https:\/\/casadecampoliving.com\/es\/centro-medico-central-romana-realiza-operativo-quirurgico-infantil\/","url_meta":{"origin":341325,"position":3},"title":"Centro M\u00e9dico Central Romana \u00a1cambia las vidas de 110 ni\u00f1os en el mayor operativo quir\u00fargico hasta ahora realizado!","author":"Daniela Medina","date":"9 Nov, 2014","format":false,"excerpt":"\u00a1El Centro M\u00e9dico Central Romana recientemente llev\u00f3 a cabo el mayor operativo quir\u00fargico infantil realizado en sus instalaciones, con m\u00e1s de 110 cirug\u00edas especializadas en oftalmol\u00f3gia y otorrinolaringolog\u00eda, lo que fue completamente gratuito para los pacientes! La Fundaci\u00f3n Healing the Children, que encabeza un grupo de renombrados m\u00e9dicos y enfermeros\u2026","rel":"","context":"En \u00abCasa de Campo Living @es\u00bb","block_context":{"text":"Casa de Campo Living @es","link":"https:\/\/casadecampoliving.com\/category\/casa-de-campo-living-es\/"},"img":{"alt_text":"central romana","src":"https:\/\/i0.wp.com\/casadecampoliving.com\/wp-content\/uploads\/2022\/10\/operativo-infanil-1.jpg?fit=1200%2C800&ssl=1&resize=350%2C200","width":350,"height":200,"srcset":"https:\/\/i0.wp.com\/casadecampoliving.com\/wp-content\/uploads\/2022\/10\/operativo-infanil-1.jpg?fit=1200%2C800&ssl=1&resize=350%2C200 1x, https:\/\/i0.wp.com\/casadecampoliving.com\/wp-content\/uploads\/2022\/10\/operativo-infanil-1.jpg?fit=1200%2C800&ssl=1&resize=525%2C300 1.5x, https:\/\/i0.wp.com\/casadecampoliving.com\/wp-content\/uploads\/2022\/10\/operativo-infanil-1.jpg?fit=1200%2C800&ssl=1&resize=700%2C400 2x, https:\/\/i0.wp.com\/casadecampoliving.com\/wp-content\/uploads\/2022\/10\/operativo-infanil-1.jpg?fit=1200%2C800&ssl=1&resize=1050%2C600 3x"},"classes":[]},{"id":341271,"url":"https:\/\/casadecampoliving.com\/es\/hoy-inicia-el-operativo-medico-especializado-en-cirugias-de-mano-en-el-hospital-central-romana\/","url_meta":{"origin":341325,"position":4},"title":"Hoy inicia el operativo m\u00e9dico especializado en cirugias de mano en el Hospital Central Romana","author":"Mairobi Herrera","date":"6 May, 2013","format":false,"excerpt":"\u00a1Hoy comienza el operativo m\u00e9dico especializado en cirugias de mano que realiza el Hospital Central Romana cada a\u00f1o! La jornada se extender\u00e1 hasta el d\u00eda 10 de mayo y sus organizadores esperan poder operar de manera gratuita a 60 o 70 personas de escasos recursos que sufren de alguna contractura\u2026","rel":"","context":"En \u00abDeportes\u00bb","block_context":{"text":"Deportes","link":"https:\/\/casadecampoliving.com\/es\/category\/golf-deportes-es\/"},"img":{"alt_text":"operativo","src":"https:\/\/i0.wp.com\/casadecampoliving.com\/wp-content\/uploads\/2022\/10\/operativo_main-1.jpg?fit=650%2C515&ssl=1&resize=350%2C200","width":350,"height":200,"srcset":"https:\/\/i0.wp.com\/casadecampoliving.com\/wp-content\/uploads\/2022\/10\/operativo_main-1.jpg?fit=650%2C515&ssl=1&resize=350%2C200 1x, https:\/\/i0.wp.com\/casadecampoliving.com\/wp-content\/uploads\/2022\/10\/operativo_main-1.jpg?fit=650%2C515&ssl=1&resize=525%2C300 1.5x"},"classes":[]},{"id":322288,"url":"https:\/\/casadecampoliving.com\/interview-with-dr-jose-lopez-we-are-pioneers-in-critical-care-medicine-in-the-country\/","url_meta":{"origin":341325,"position":5},"title":"Interview with Dr. Jos\u00e9 Lopez: \u00abWe are pioneers, in critical care medicine in the country.\u00bb","author":"Mairobi Herrera","date":"13 May, 2013","format":false,"excerpt":"The emergency service care offered, 24 hours a day, seven days a week by Central Romana\u2019s Centro Medico (the Central Romana Hospital) is outstanding \u2013 a topic discussed in an interview with Dr. Jos\u00e9 L\u00f3pez Larache, the Health Vice President of Central Romana & Director of the Centro M\u00e9dico. Dr.\u2026","rel":"","context":"En \u00abHeadline\u00bb","block_context":{"text":"Headline","link":"https:\/\/casadecampoliving.com\/category\/headline\/"},"img":{"alt_text":"central romana hospital","src":"https:\/\/i0.wp.com\/casadecampoliving.com\/wp-content\/uploads\/2022\/10\/central_romana_hospital6-1.jpg?fit=650%2C354&ssl=1&resize=350%2C200","width":350,"height":200,"srcset":"https:\/\/i0.wp.com\/casadecampoliving.com\/wp-content\/uploads\/2022\/10\/central_romana_hospital6-1.jpg?fit=650%2C354&ssl=1&resize=350%2C200 1x, https:\/\/i0.wp.com\/casadecampoliving.com\/wp-content\/uploads\/2022\/10\/central_romana_hospital6-1.jpg?fit=650%2C354&ssl=1&resize=525%2C300 1.5x"},"classes":[]}],"jetpack_sharing_enabled":true,"_links":{"self":[{"href":"https:\/\/casadecampoliving.com\/es\/wp-json\/wp\/v2\/posts\/341325","targetHints":{"allow":["GET"]}}],"collection":[{"href":"https:\/\/casadecampoliving.com\/es\/wp-json\/wp\/v2\/posts"}],"about":[{"href":"https:\/\/casadecampoliving.com\/es\/wp-json\/wp\/v2\/types\/post"}],"author":[{"embeddable":true,"href":"https:\/\/casadecampoliving.com\/es\/wp-json\/wp\/v2\/users\/431"}],"replies":[{"embeddable":true,"href":"https:\/\/casadecampoliving.com\/es\/wp-json\/wp\/v2\/comments?post=341325"}],"version-history":[{"count":1,"href":"https:\/\/casadecampoliving.com\/es\/wp-json\/wp\/v2\/posts\/341325\/revisions"}],"predecessor-version":[{"id":341326,"href":"https:\/\/casadecampoliving.com\/es\/wp-json\/wp\/v2\/posts\/341325\/revisions\/341326"}],"wp:featuredmedia":[{"embeddable":true,"href":"https:\/\/casadecampoliving.com\/es\/wp-json\/wp\/v2\/media\/235040"}],"wp:attachment":[{"href":"https:\/\/casadecampoliving.com\/es\/wp-json\/wp\/v2\/media?parent=341325"}],"wp:term":[{"taxonomy":"category","embeddable":true,"href":"https:\/\/casadecampoliving.com\/es\/wp-json\/wp\/v2\/categories?post=341325"},{"taxonomy":"post_tag","embeddable":true,"href":"https:\/\/casadecampoliving.com\/es\/wp-json\/wp\/v2\/tags?post=341325"},{"taxonomy":"newspack_spnsrs_tax","embeddable":true,"href":"https:\/\/casadecampoliving.com\/es\/wp-json\/wp\/v2\/newspack_spnsrs_tax?post=341325"}],"curies":[{"name":"wp","href":"https:\/\/api.w.org\/{rel}","templated":true}]}}