{"id":341186,"date":"2013-04-29T00:00:00","date_gmt":"2013-04-29T04:00:00","guid":{"rendered":"https:\/\/casadecampoliving.com\/reserve-la-fecha-estilo-2013-classic-future-desfile-de-moda-a-cargo-de-la-escuela-de-arte-y-diseno-de-altos-de-chavon\/"},"modified":"2022-10-21T18:46:19","modified_gmt":"2022-10-21T22:46:19","slug":"reserve-la-fecha-estilo-2013-classic-future-desfile-de-moda-a-cargo-de-la-escuela-de-arte-y-diseno-de-altos-de-chavon","status":"publish","type":"post","link":"https:\/\/casadecampoliving.com\/es\/reserve-la-fecha-estilo-2013-classic-future-desfile-de-moda-a-cargo-de-la-escuela-de-arte-y-diseno-de-altos-de-chavon\/","title":{"rendered":"\u00a1Reserve la fecha! Estilo 2013 \u00abClassic Future\u00bb desfile de moda a cargo de la Escuela de Arte y dise\u00f1o de Altos de Chav\u00f3n"},"content":{"rendered":"<div class=\"wp-block-image\">\n<figure class=\"aligncenter is-resized\"><img loading=\"lazy\" decoding=\"async\" src=\"https:\/\/i0.wp.com\/casadecampoliving.com\/wp-content\/uploads\/2022\/10\/estilo_2013.jpg?resize=650%2C344&amp;ssl=1\" alt=\"estilo 2013\" class=\"wp-image-69164\" title=\"estilo_2013\" height=\"344\" width=\"650\"\/><\/figure>\n<\/div>\n\n\n<p>El viernes 17 de mayo, La Escuela de Dise\u00f1o de Altos de Chav\u00f3n presentar\u00e1 el vig\u00e9simo noveno desfile anual de los estudiantes de moda en el Sal\u00f3n Flamboy\u00e1n del centro de conferencias en Casa de Campo.<\/p>\n\n\n\n<p>Es una noche especial, cuando los estudiantes de Dise\u00f1o de Modas presentan su trabajo al p\u00fablico. El tema de Estilo 2013 es Futuro\/Cl\u00e1sico. El desfile es una celebraci\u00f3n del claroscuro, negro y blanco concolores audaces y acentos met\u00e1licos.<\/p>\n\n\n\n<p>Habr\u00e1 una colecci\u00f3n ready-to-wear con una gama de siluetas rom\u00e1nticas para noches de gala tanto para hombres y mujeres. Como siempre, los conceptos que los estudiantes desarrollan alrededor del tema mostrar\u00e1n sus investigaciones y su entendimiento del estilo contempor\u00e1neo, con referencias refrescantes tanto hacia lo cl\u00e1sico como a lo futurista.<\/p>\n\n\n\n<p>El desfile marca el inicio de las carreras que llevar\u00e1n lejos a estos dieciocho noveles dise\u00f1adores de moda. Durante los pasados siete meses se han dedicado a sus dise\u00f1os, desde la idea hasta la confecci\u00f3n final de la pieza. Largas noches estudiando historia de la moda, concibiendo el desarrollo conceptos, e ideando patrones y drapeados fueron su prueba de fuego. Ahora, templados por sus estudios, emergen como dise\u00f1adores que exigen respeto en la pasarela.<\/p>\n\n\n\n<p>Si usted ha asistido a alguno de los desfiles pasados, sabe que son entretenidos y est\u00e1n llenos de una maravillosa energ\u00eda creativa. Este a\u00f1o el evento ser\u00e1 a las 8:00 p.m. y seguir\u00e1 luego una recepci\u00f3n donde tendr\u00e1 la oportunidad de conocer a los estudiantes dise\u00f1adores. Su contribuci\u00f3n ser\u00e1 destinada a cubrir matr\u00edcula y alojamiento para alguno de los futuros talentosos dise\u00f1adores de La Escuela, estudiantes limitados en recursos m\u00e1s no as\u00ed en habilidades.<\/p>\n\n\n\n<p>Todos nosotros en la Fundaci\u00f3n Centro Cultural Altos de Chav\u00f3n, estaremos entusiasmados por verlos en el desfile y compartir con ustedes esta noche colorida y excitante experiencia.<\/p>\n\n\n\n<blockquote class=\"wp-block-quote is-layout-flow wp-block-quote-is-layout-flow\"><p><strong>Estilo 2013: \u201cClassic Future\u201d<\/strong><\/p><p><strong>Cuando: <\/strong>viernes mayo 17, 8pm<\/p><p><strong>Donde: <\/strong>Centro de Conferencias Flamboyan, Casa de Campo<\/p><p><strong>Boletas:&nbsp;<\/strong><\/p><p style=\"padding-left: 30px;\">\u2022 &nbsp;Asientos VIP reservados in frente del pasadizo: RD$3,000<br>\n\u2022 Entrada general: RD$1,000<\/p><p><strong>Contactos:<br>\n<\/strong>(809) 523-8011 ext. 227\/230<br>\n(809) 523-8470<\/p><\/blockquote>\n\n\n\n<p>El a\u00f1o pasado \u201cEstilo 2012\u201d &nbsp;los estudiantes de la Escuela de Arte y dise\u00f1o de Modas de &nbsp;Altos de Chav\u00f3n se presentaron en Dominicana Moda en Santo Domingo\u2026<\/p>\n\n\n\n<blockquote><p><strong>&nbsp; &nbsp; &nbsp;<a href=\"https:\/\/casadecampoliving.com\/2012\/10\/dominicana-moda-hosts-altos-de-chavon-school-of-design-senior-thesis-show-2012\/\">Dominicana Moda present\u00f3 el desfile tesis de la escuela &nbsp;de dise\u00f1os de Altos de Chav\u00f3n&nbsp;<\/a><\/strong><\/p><figure><img decoding=\"async\" loading=\"lazy\" class=\"aligncenter  wp-image-60024\" style=\"margin-left: 15px; margin-right: 15px;\" title=\"dominicana_moda\" src=\"https:\/\/i0.wp.com\/casadecampoliving.com\/wp-content\/uploads\/2022\/10\/dominicana_moda1.jpg?resize=585%2C360&amp;ssl=1\" alt=\"dominicana moda\" width=\"585\" height=\"360\"><\/figure><p style=\"text-align: center;\"><\/p><p style=\"text-align: left;\">Normalmente, Dominicana Moda, semana de la moda de la Rep\u00fablica Dominicana, s\u00f3lo se muestra las obras de dise\u00f1adores individuales. Pero para un segundo a\u00f1o sin precedentes, se invit\u00f3 a la Escuela de Dise\u00f1o de Altos de Chav\u00f3n para participar en este prestigioso evento. El Hurac\u00e1n Sandy estaba presente tambi\u00e9n.<\/p><p style=\"text-align: left;\"><em><strong><a href=\"https:\/\/casadecampoliving.com\/2012\/10\/dominicana-moda-hosts-altos-de-chavon-school-of-design-senior-thesis-show-2012\/\">Haga Click aqu\u00ed para ver fotos e historia completa!<\/a><\/strong><\/em><\/p><\/blockquote>\n\n\n\n<blockquote><figure><img decoding=\"async\" loading=\"lazy\" class=\"wp-image-50907 alignright\" style=\"margin-left: 15px; margin-right: 15px;\" title=\"stephen_kaplan\" src=\"https:\/\/i0.wp.com\/casadecampoliving.com\/wp-content\/uploads\/2022\/10\/stephen_kaplan1.jpg?resize=97%2C122&amp;ssl=1\" alt=\"stephen kaplan\" width=\"97\" height=\"122\"><\/figure><p><strong>Stephen Kaplan contribuy\u00f3 en el art\u00edculo<br>\n<\/strong><strong>\u2013 Gracias Stephen!<\/strong><\/p><p>Stephen Kaplan es el rector de la escuela de arte y dise\u00f1o de Altos de Chav\u00f3n<\/p><\/blockquote>\n\n\n\n<blockquote><p><strong><strong>&nbsp; &nbsp; &nbsp; &nbsp; &nbsp; &nbsp; &nbsp; &nbsp; &nbsp; &nbsp; &nbsp; &nbsp; &nbsp; &nbsp; &nbsp; &nbsp; &nbsp; &nbsp; &nbsp; &nbsp; &nbsp; &nbsp; &nbsp; &nbsp; &nbsp; &nbsp; &nbsp; &nbsp; &nbsp; &nbsp; &nbsp; &nbsp; &nbsp; &nbsp; &nbsp; &nbsp; &nbsp; &nbsp; &nbsp; &nbsp; &nbsp; &nbsp; &nbsp; &nbsp;<a href=\"https:\/\/casadecampoliving.com\/chavon\/\">Acerca de la Escuela de Arte y dise\u00f1o de &nbsp;Altos de Chav\u00f3n&nbsp;<\/a><\/strong><\/strong><\/p><figure><a href=\"https:\/\/casadecampoliving.com\/2010\/09\/discovering-the-altos-de-chavon-school-of-art-and-design\/altos_de_chavon_school_of_design\/\" rel=\"attachment wp-att-19426\"><img decoding=\"async\" loading=\"lazy\" class=\"aligncenter size-full wp-image-19426\" title=\"altos_de_chavon_school_of_design\" src=\"https:\/\/i0.wp.com\/casadecampoliving.com\/wp-content\/uploads\/2022\/10\/altos_de_chavon_school_of_design.jpg?resize=565%2C354&amp;ssl=1\" alt=\"altos_de_chavon_school_of_design\" width=\"565\" height=\"354\"><\/a><\/figure><p>Como parte de la Fundaci\u00f3n Centro Cultural Altos de Chav\u00f3n, la Escuela de Arte y Dise\u00f1o de Altos de Chav\u00f3n ha estado graduando estudiantes del programa de dos a\u00f1os con grado asociado, afiliada con la prestigiosa Nueva Escuela de Parsons en Nueva York, desde 1983.<\/p><p>Tres carreras son ofrecidas: Dise\u00f1o Gr\u00e1fico, Dise\u00f1o de Modas y Bellas Artes. A esto se le agrega el desarrollo de un Diplomado de Dise\u00f1o Digital.<\/p><p><em><strong><a title=\"Escuela de Arte y Dise\u00f1o de Altos de Chav\u00f3n\" href=\"https:\/\/casadecampoliving.com\/es\/escuelachavon\/\">Haga click aqu\u00ed para leer m\u00e1s art\u00edculos y ver meas fotos de la Escuela de Dise\u00f1o de Altos de Chav\u00f3n<\/a><\/strong><\/em><\/p><\/blockquote>\n","protected":false},"excerpt":{"rendered":"<p>El viernes 17 de mayo, La Escuela de Dise\u00f1o de Altos de Chav\u00f3n presentar\u00e1 el vig\u00e9simo noveno desfile anual de los estudiantes de moda en el Sal\u00f3n Flamboy\u00e1n del centro de conferencias en Casa de Campo. Es una noche especial, cuando los estudiantes de Dise\u00f1o de Modas presentan su trabajo al p\u00fablico. El tema de [&hellip;]<\/p>\n","protected":false},"author":431,"featured_media":230148,"comment_status":"closed","ping_status":"closed","sticky":false,"template":"","format":"standard","meta":{"newspack_ads_suppress_ads":false,"newspack_popups_has_disabled_popups":false,"newspack_sponsor_sponsorship_scope":"","newspack_sponsor_native_byline_display":"inherit","newspack_sponsor_native_category_display":"inherit","newspack_sponsor_underwriter_style":"inherit","newspack_sponsor_underwriter_placement":"inherit","_newspack_byline_active":false,"_newspack_byline":"","newspack_hide_updated_date":false,"newspack_show_updated_date":false,"newspack_content_restriction_is_exempt":false,"newspack_featured_image_position":"","newspack_post_subtitle":"","newspack_article_summary_title":"Overview:","newspack_article_summary":"","_jetpack_memberships_contains_paid_content":false,"footnotes":"","jetpack_publicize_message":"","jetpack_publicize_feature_enabled":true,"jetpack_social_post_already_shared":false,"jetpack_social_options":{"image_generator_settings":{"template":"highway","default_image_id":0,"font":"","enabled":false},"version":2},"_wpas_customize_per_network":false},"categories":[26819,26823,2524,14631,2522,14627],"tags":[3926,2571,6323],"newspack_spnsrs_tax":[],"class_list":["post-341186","post","type-post","status-publish","format-standard","has-post-thumbnail","hentry","category-altos-de-chavon-es","category-arte-y-cultura","category-destacados","category-estilo-de-vida","category-eventos-es","category-proximamente","tag-altos-de-chavones","tag-desfile-de-moda","tag-estilo-2013","entry"],"yoast_head":"<!-- This site is optimized with the Yoast SEO plugin v27.4 - https:\/\/yoast.com\/product\/yoast-seo-wordpress\/ -->\n<title>\u00a1Reserve la fecha! Estilo 2013 &quot;Classic Future&quot; desfile de moda a cargo de la Escuela de Arte y dise\u00f1o de Altos de Chav\u00f3n | Casa de Campo Living<\/title>\n<meta name=\"description\" content=\"El viernes 17 de mayo, La Escuela de Dise\u00f1o de Altos de Chav\u00f3n presentar\u00e1 el vig\u00e9simo noveno desfile anual de los estudiantes de moda en el Sal\u00f3n\" \/>\n<meta name=\"robots\" content=\"index, follow, max-snippet:-1, max-image-preview:large, max-video-preview:-1\" \/>\n<link rel=\"canonical\" href=\"https:\/\/casadecampoliving.com\/es\/reserve-la-fecha-estilo-2013-classic-future-desfile-de-moda-a-cargo-de-la-escuela-de-arte-y-diseno-de-altos-de-chavon\/\" \/>\n<meta property=\"og:locale\" content=\"es_ES\" \/>\n<meta property=\"og:type\" content=\"article\" \/>\n<meta property=\"og:title\" content=\"\u00a1Reserve la fecha! Estilo 2013 &quot;Classic Future&quot; desfile de moda a cargo de la Escuela de Arte y dise\u00f1o de Altos de Chav\u00f3n | Casa de Campo Living\" \/>\n<meta property=\"og:description\" content=\"El viernes 17 de mayo, La Escuela de Dise\u00f1o de Altos de Chav\u00f3n presentar\u00e1 el vig\u00e9simo noveno desfile anual de los estudiantes de moda en el Sal\u00f3n\" \/>\n<meta property=\"og:url\" content=\"https:\/\/casadecampoliving.com\/es\/reserve-la-fecha-estilo-2013-classic-future-desfile-de-moda-a-cargo-de-la-escuela-de-arte-y-diseno-de-altos-de-chavon\/\" \/>\n<meta property=\"og:site_name\" content=\"Casa de Campo Living\" \/>\n<meta property=\"article:publisher\" content=\"https:\/\/www.facebook.com\/casadecampoliving\" \/>\n<meta property=\"article:published_time\" content=\"2013-04-29T04:00:00+00:00\" \/>\n<meta property=\"article:modified_time\" content=\"2022-10-21T22:46:19+00:00\" \/>\n<meta property=\"og:image\" content=\"https:\/\/i0.wp.com\/casadecampoliving.com\/wp-content\/uploads\/2022\/10\/estilo_2013-1.jpg?fit=650%2C344&ssl=1\" \/>\n\t<meta property=\"og:image:width\" content=\"650\" \/>\n\t<meta property=\"og:image:height\" content=\"344\" \/>\n\t<meta property=\"og:image:type\" content=\"image\/jpeg\" \/>\n<meta name=\"author\" content=\"Mairobi Herrera\" \/>\n<meta name=\"twitter:card\" content=\"summary_large_image\" \/>\n<meta name=\"twitter:creator\" content=\"@cdcliving\" \/>\n<meta name=\"twitter:site\" content=\"@cdcliving\" \/>\n<meta name=\"twitter:label1\" content=\"Escrito por\" \/>\n\t<meta name=\"twitter:data1\" content=\"Mairobi Herrera\" \/>\n\t<meta name=\"twitter:label2\" content=\"Tiempo de lectura\" \/>\n\t<meta name=\"twitter:data2\" content=\"3 minutos\" \/>\n<script type=\"application\/ld+json\" class=\"yoast-schema-graph\">{\"@context\":\"https:\\\/\\\/schema.org\",\"@graph\":[{\"@type\":\"Article\",\"@id\":\"https:\\\/\\\/casadecampoliving.com\\\/es\\\/reserve-la-fecha-estilo-2013-classic-future-desfile-de-moda-a-cargo-de-la-escuela-de-arte-y-diseno-de-altos-de-chavon\\\/#article\",\"isPartOf\":{\"@id\":\"https:\\\/\\\/casadecampoliving.com\\\/es\\\/reserve-la-fecha-estilo-2013-classic-future-desfile-de-moda-a-cargo-de-la-escuela-de-arte-y-diseno-de-altos-de-chavon\\\/\"},\"author\":{\"name\":\"Mairobi Herrera\",\"@id\":\"https:\\\/\\\/casadecampoliving.com\\\/es\\\/#\\\/schema\\\/person\\\/932e594484c49168ad37fbb9141bf699\"},\"headline\":\"\u00a1Reserve la fecha! Estilo 2013 \u00abClassic Future\u00bb desfile de moda a cargo de la Escuela de Arte y dise\u00f1o de Altos de Chav\u00f3n\",\"datePublished\":\"2013-04-29T04:00:00+00:00\",\"dateModified\":\"2022-10-21T22:46:19+00:00\",\"mainEntityOfPage\":{\"@id\":\"https:\\\/\\\/casadecampoliving.com\\\/es\\\/reserve-la-fecha-estilo-2013-classic-future-desfile-de-moda-a-cargo-de-la-escuela-de-arte-y-diseno-de-altos-de-chavon\\\/\"},\"wordCount\":695,\"publisher\":{\"@id\":\"https:\\\/\\\/casadecampoliving.com\\\/es\\\/#organization\"},\"image\":{\"@id\":\"https:\\\/\\\/casadecampoliving.com\\\/es\\\/reserve-la-fecha-estilo-2013-classic-future-desfile-de-moda-a-cargo-de-la-escuela-de-arte-y-diseno-de-altos-de-chavon\\\/#primaryimage\"},\"thumbnailUrl\":\"https:\\\/\\\/i0.wp.com\\\/casadecampoliving.com\\\/wp-content\\\/uploads\\\/2022\\\/10\\\/estilo_2013-1.jpg?fit=650%2C344&ssl=1\",\"keywords\":[\"altos de chavon@es\",\"desfile de moda\",\"estilo 2013\"],\"articleSection\":[\"Altos de Chavon @es\",\"Arte y cultura\",\"Destacados\",\"Estilo de Vida\",\"Eventos\",\"Proximamente\"],\"inLanguage\":\"es\"},{\"@type\":\"WebPage\",\"@id\":\"https:\\\/\\\/casadecampoliving.com\\\/es\\\/reserve-la-fecha-estilo-2013-classic-future-desfile-de-moda-a-cargo-de-la-escuela-de-arte-y-diseno-de-altos-de-chavon\\\/\",\"url\":\"https:\\\/\\\/casadecampoliving.com\\\/es\\\/reserve-la-fecha-estilo-2013-classic-future-desfile-de-moda-a-cargo-de-la-escuela-de-arte-y-diseno-de-altos-de-chavon\\\/\",\"name\":\"\u00a1Reserve la fecha! Estilo 2013 \\\"Classic Future\\\" desfile de moda a cargo de la Escuela de Arte y dise\u00f1o de Altos de Chav\u00f3n | Casa de Campo Living\",\"isPartOf\":{\"@id\":\"https:\\\/\\\/casadecampoliving.com\\\/es\\\/#website\"},\"primaryImageOfPage\":{\"@id\":\"https:\\\/\\\/casadecampoliving.com\\\/es\\\/reserve-la-fecha-estilo-2013-classic-future-desfile-de-moda-a-cargo-de-la-escuela-de-arte-y-diseno-de-altos-de-chavon\\\/#primaryimage\"},\"image\":{\"@id\":\"https:\\\/\\\/casadecampoliving.com\\\/es\\\/reserve-la-fecha-estilo-2013-classic-future-desfile-de-moda-a-cargo-de-la-escuela-de-arte-y-diseno-de-altos-de-chavon\\\/#primaryimage\"},\"thumbnailUrl\":\"https:\\\/\\\/i0.wp.com\\\/casadecampoliving.com\\\/wp-content\\\/uploads\\\/2022\\\/10\\\/estilo_2013-1.jpg?fit=650%2C344&ssl=1\",\"datePublished\":\"2013-04-29T04:00:00+00:00\",\"dateModified\":\"2022-10-21T22:46:19+00:00\",\"description\":\"El viernes 17 de mayo, La Escuela de Dise\u00f1o de Altos de Chav\u00f3n presentar\u00e1 el vig\u00e9simo noveno desfile anual de los estudiantes de moda en el Sal\u00f3n\",\"breadcrumb\":{\"@id\":\"https:\\\/\\\/casadecampoliving.com\\\/es\\\/reserve-la-fecha-estilo-2013-classic-future-desfile-de-moda-a-cargo-de-la-escuela-de-arte-y-diseno-de-altos-de-chavon\\\/#breadcrumb\"},\"inLanguage\":\"es\",\"potentialAction\":[{\"@type\":\"ReadAction\",\"target\":[\"https:\\\/\\\/casadecampoliving.com\\\/es\\\/reserve-la-fecha-estilo-2013-classic-future-desfile-de-moda-a-cargo-de-la-escuela-de-arte-y-diseno-de-altos-de-chavon\\\/\"]}]},{\"@type\":\"ImageObject\",\"inLanguage\":\"es\",\"@id\":\"https:\\\/\\\/casadecampoliving.com\\\/es\\\/reserve-la-fecha-estilo-2013-classic-future-desfile-de-moda-a-cargo-de-la-escuela-de-arte-y-diseno-de-altos-de-chavon\\\/#primaryimage\",\"url\":\"https:\\\/\\\/i0.wp.com\\\/casadecampoliving.com\\\/wp-content\\\/uploads\\\/2022\\\/10\\\/estilo_2013-1.jpg?fit=650%2C344&ssl=1\",\"contentUrl\":\"https:\\\/\\\/i0.wp.com\\\/casadecampoliving.com\\\/wp-content\\\/uploads\\\/2022\\\/10\\\/estilo_2013-1.jpg?fit=650%2C344&ssl=1\",\"width\":650,\"height\":344,\"caption\":\"estilo 2013\"},{\"@type\":\"BreadcrumbList\",\"@id\":\"https:\\\/\\\/casadecampoliving.com\\\/es\\\/reserve-la-fecha-estilo-2013-classic-future-desfile-de-moda-a-cargo-de-la-escuela-de-arte-y-diseno-de-altos-de-chavon\\\/#breadcrumb\",\"itemListElement\":[{\"@type\":\"ListItem\",\"position\":1,\"name\":\"Home\",\"item\":\"https:\\\/\\\/casadecampoliving.com\\\/es\\\/\"},{\"@type\":\"ListItem\",\"position\":2,\"name\":\"\u00a1Reserve la fecha! Estilo 2013 &#8220;Classic Future&#8221; desfile de moda a cargo de la Escuela de Arte y dise\u00f1o de Altos de Chav\u00f3n\"}]},{\"@type\":\"WebSite\",\"@id\":\"https:\\\/\\\/casadecampoliving.com\\\/es\\\/#website\",\"url\":\"https:\\\/\\\/casadecampoliving.com\\\/es\\\/\",\"name\":\"Casa de Campo Living\",\"description\":\"Resort community news and resources.\",\"publisher\":{\"@id\":\"https:\\\/\\\/casadecampoliving.com\\\/es\\\/#organization\"},\"potentialAction\":[{\"@type\":\"SearchAction\",\"target\":{\"@type\":\"EntryPoint\",\"urlTemplate\":\"https:\\\/\\\/casadecampoliving.com\\\/es\\\/?s={search_term_string}\"},\"query-input\":{\"@type\":\"PropertyValueSpecification\",\"valueRequired\":true,\"valueName\":\"search_term_string\"}}],\"inLanguage\":\"es\"},{\"@type\":\"Organization\",\"@id\":\"https:\\\/\\\/casadecampoliving.com\\\/es\\\/#organization\",\"name\":\"Casa de Campo Living\",\"url\":\"https:\\\/\\\/casadecampoliving.com\\\/es\\\/\",\"logo\":{\"@type\":\"ImageObject\",\"inLanguage\":\"es\",\"@id\":\"https:\\\/\\\/casadecampoliving.com\\\/es\\\/#\\\/schema\\\/logo\\\/image\\\/\",\"url\":\"https:\\\/\\\/i0.wp.com\\\/casadecampoliving.com\\\/wp-content\\\/uploads\\\/2022\\\/07\\\/CDCLivingLogo_V1-white-sized.png?fit=800%2C214&ssl=1\",\"contentUrl\":\"https:\\\/\\\/i0.wp.com\\\/casadecampoliving.com\\\/wp-content\\\/uploads\\\/2022\\\/07\\\/CDCLivingLogo_V1-white-sized.png?fit=800%2C214&ssl=1\",\"width\":800,\"height\":214,\"caption\":\"Casa de Campo Living\"},\"image\":{\"@id\":\"https:\\\/\\\/casadecampoliving.com\\\/es\\\/#\\\/schema\\\/logo\\\/image\\\/\"},\"sameAs\":[\"https:\\\/\\\/www.facebook.com\\\/casadecampoliving\",\"https:\\\/\\\/x.com\\\/cdcliving\"]},{\"@type\":\"Person\",\"@id\":\"https:\\\/\\\/casadecampoliving.com\\\/es\\\/#\\\/schema\\\/person\\\/932e594484c49168ad37fbb9141bf699\",\"name\":\"Mairobi Herrera\",\"image\":{\"@type\":\"ImageObject\",\"inLanguage\":\"es\",\"@id\":\"https:\\\/\\\/secure.gravatar.com\\\/avatar\\\/d0bf6c19470eb55d83c719e39672f670b2c4412339af1eb8a08f86427ba98ee8?s=96&d=mm&r=g\",\"url\":\"https:\\\/\\\/secure.gravatar.com\\\/avatar\\\/d0bf6c19470eb55d83c719e39672f670b2c4412339af1eb8a08f86427ba98ee8?s=96&d=mm&r=g\",\"contentUrl\":\"https:\\\/\\\/secure.gravatar.com\\\/avatar\\\/d0bf6c19470eb55d83c719e39672f670b2c4412339af1eb8a08f86427ba98ee8?s=96&d=mm&r=g\",\"caption\":\"Mairobi Herrera\"},\"sameAs\":[\"https:\\\/\\\/casadecampoliving.com\\\/\"],\"url\":\"https:\\\/\\\/casadecampoliving.com\\\/es\\\/author\\\/mherrera\\\/\"}]}<\/script>\n<!-- \/ Yoast SEO plugin. -->","yoast_head_json":{"title":"\u00a1Reserve la fecha! Estilo 2013 \"Classic Future\" desfile de moda a cargo de la Escuela de Arte y dise\u00f1o de Altos de Chav\u00f3n | Casa de Campo Living","description":"El viernes 17 de mayo, La Escuela de Dise\u00f1o de Altos de Chav\u00f3n presentar\u00e1 el vig\u00e9simo noveno desfile anual de los estudiantes de moda en el Sal\u00f3n","robots":{"index":"index","follow":"follow","max-snippet":"max-snippet:-1","max-image-preview":"max-image-preview:large","max-video-preview":"max-video-preview:-1"},"canonical":"https:\/\/casadecampoliving.com\/es\/reserve-la-fecha-estilo-2013-classic-future-desfile-de-moda-a-cargo-de-la-escuela-de-arte-y-diseno-de-altos-de-chavon\/","og_locale":"es_ES","og_type":"article","og_title":"\u00a1Reserve la fecha! Estilo 2013 \"Classic Future\" desfile de moda a cargo de la Escuela de Arte y dise\u00f1o de Altos de Chav\u00f3n | Casa de Campo Living","og_description":"El viernes 17 de mayo, La Escuela de Dise\u00f1o de Altos de Chav\u00f3n presentar\u00e1 el vig\u00e9simo noveno desfile anual de los estudiantes de moda en el Sal\u00f3n","og_url":"https:\/\/casadecampoliving.com\/es\/reserve-la-fecha-estilo-2013-classic-future-desfile-de-moda-a-cargo-de-la-escuela-de-arte-y-diseno-de-altos-de-chavon\/","og_site_name":"Casa de Campo Living","article_publisher":"https:\/\/www.facebook.com\/casadecampoliving","article_published_time":"2013-04-29T04:00:00+00:00","article_modified_time":"2022-10-21T22:46:19+00:00","og_image":[{"width":650,"height":344,"url":"https:\/\/i0.wp.com\/casadecampoliving.com\/wp-content\/uploads\/2022\/10\/estilo_2013-1.jpg?fit=650%2C344&ssl=1","type":"image\/jpeg"}],"author":"Mairobi Herrera","twitter_card":"summary_large_image","twitter_creator":"@cdcliving","twitter_site":"@cdcliving","twitter_misc":{"Escrito por":"Mairobi Herrera","Tiempo de lectura":"3 minutos"},"schema":{"@context":"https:\/\/schema.org","@graph":[{"@type":"Article","@id":"https:\/\/casadecampoliving.com\/es\/reserve-la-fecha-estilo-2013-classic-future-desfile-de-moda-a-cargo-de-la-escuela-de-arte-y-diseno-de-altos-de-chavon\/#article","isPartOf":{"@id":"https:\/\/casadecampoliving.com\/es\/reserve-la-fecha-estilo-2013-classic-future-desfile-de-moda-a-cargo-de-la-escuela-de-arte-y-diseno-de-altos-de-chavon\/"},"author":{"name":"Mairobi Herrera","@id":"https:\/\/casadecampoliving.com\/es\/#\/schema\/person\/932e594484c49168ad37fbb9141bf699"},"headline":"\u00a1Reserve la fecha! Estilo 2013 \u00abClassic Future\u00bb desfile de moda a cargo de la Escuela de Arte y dise\u00f1o de Altos de Chav\u00f3n","datePublished":"2013-04-29T04:00:00+00:00","dateModified":"2022-10-21T22:46:19+00:00","mainEntityOfPage":{"@id":"https:\/\/casadecampoliving.com\/es\/reserve-la-fecha-estilo-2013-classic-future-desfile-de-moda-a-cargo-de-la-escuela-de-arte-y-diseno-de-altos-de-chavon\/"},"wordCount":695,"publisher":{"@id":"https:\/\/casadecampoliving.com\/es\/#organization"},"image":{"@id":"https:\/\/casadecampoliving.com\/es\/reserve-la-fecha-estilo-2013-classic-future-desfile-de-moda-a-cargo-de-la-escuela-de-arte-y-diseno-de-altos-de-chavon\/#primaryimage"},"thumbnailUrl":"https:\/\/i0.wp.com\/casadecampoliving.com\/wp-content\/uploads\/2022\/10\/estilo_2013-1.jpg?fit=650%2C344&ssl=1","keywords":["altos de chavon@es","desfile de moda","estilo 2013"],"articleSection":["Altos de Chavon @es","Arte y cultura","Destacados","Estilo de Vida","Eventos","Proximamente"],"inLanguage":"es"},{"@type":"WebPage","@id":"https:\/\/casadecampoliving.com\/es\/reserve-la-fecha-estilo-2013-classic-future-desfile-de-moda-a-cargo-de-la-escuela-de-arte-y-diseno-de-altos-de-chavon\/","url":"https:\/\/casadecampoliving.com\/es\/reserve-la-fecha-estilo-2013-classic-future-desfile-de-moda-a-cargo-de-la-escuela-de-arte-y-diseno-de-altos-de-chavon\/","name":"\u00a1Reserve la fecha! Estilo 2013 \"Classic Future\" desfile de moda a cargo de la Escuela de Arte y dise\u00f1o de Altos de Chav\u00f3n | Casa de Campo Living","isPartOf":{"@id":"https:\/\/casadecampoliving.com\/es\/#website"},"primaryImageOfPage":{"@id":"https:\/\/casadecampoliving.com\/es\/reserve-la-fecha-estilo-2013-classic-future-desfile-de-moda-a-cargo-de-la-escuela-de-arte-y-diseno-de-altos-de-chavon\/#primaryimage"},"image":{"@id":"https:\/\/casadecampoliving.com\/es\/reserve-la-fecha-estilo-2013-classic-future-desfile-de-moda-a-cargo-de-la-escuela-de-arte-y-diseno-de-altos-de-chavon\/#primaryimage"},"thumbnailUrl":"https:\/\/i0.wp.com\/casadecampoliving.com\/wp-content\/uploads\/2022\/10\/estilo_2013-1.jpg?fit=650%2C344&ssl=1","datePublished":"2013-04-29T04:00:00+00:00","dateModified":"2022-10-21T22:46:19+00:00","description":"El viernes 17 de mayo, La Escuela de Dise\u00f1o de Altos de Chav\u00f3n presentar\u00e1 el vig\u00e9simo noveno desfile anual de los estudiantes de moda en el Sal\u00f3n","breadcrumb":{"@id":"https:\/\/casadecampoliving.com\/es\/reserve-la-fecha-estilo-2013-classic-future-desfile-de-moda-a-cargo-de-la-escuela-de-arte-y-diseno-de-altos-de-chavon\/#breadcrumb"},"inLanguage":"es","potentialAction":[{"@type":"ReadAction","target":["https:\/\/casadecampoliving.com\/es\/reserve-la-fecha-estilo-2013-classic-future-desfile-de-moda-a-cargo-de-la-escuela-de-arte-y-diseno-de-altos-de-chavon\/"]}]},{"@type":"ImageObject","inLanguage":"es","@id":"https:\/\/casadecampoliving.com\/es\/reserve-la-fecha-estilo-2013-classic-future-desfile-de-moda-a-cargo-de-la-escuela-de-arte-y-diseno-de-altos-de-chavon\/#primaryimage","url":"https:\/\/i0.wp.com\/casadecampoliving.com\/wp-content\/uploads\/2022\/10\/estilo_2013-1.jpg?fit=650%2C344&ssl=1","contentUrl":"https:\/\/i0.wp.com\/casadecampoliving.com\/wp-content\/uploads\/2022\/10\/estilo_2013-1.jpg?fit=650%2C344&ssl=1","width":650,"height":344,"caption":"estilo 2013"},{"@type":"BreadcrumbList","@id":"https:\/\/casadecampoliving.com\/es\/reserve-la-fecha-estilo-2013-classic-future-desfile-de-moda-a-cargo-de-la-escuela-de-arte-y-diseno-de-altos-de-chavon\/#breadcrumb","itemListElement":[{"@type":"ListItem","position":1,"name":"Home","item":"https:\/\/casadecampoliving.com\/es\/"},{"@type":"ListItem","position":2,"name":"\u00a1Reserve la fecha! Estilo 2013 &#8220;Classic Future&#8221; desfile de moda a cargo de la Escuela de Arte y dise\u00f1o de Altos de Chav\u00f3n"}]},{"@type":"WebSite","@id":"https:\/\/casadecampoliving.com\/es\/#website","url":"https:\/\/casadecampoliving.com\/es\/","name":"Casa de Campo Living","description":"Resort community news and resources.","publisher":{"@id":"https:\/\/casadecampoliving.com\/es\/#organization"},"potentialAction":[{"@type":"SearchAction","target":{"@type":"EntryPoint","urlTemplate":"https:\/\/casadecampoliving.com\/es\/?s={search_term_string}"},"query-input":{"@type":"PropertyValueSpecification","valueRequired":true,"valueName":"search_term_string"}}],"inLanguage":"es"},{"@type":"Organization","@id":"https:\/\/casadecampoliving.com\/es\/#organization","name":"Casa de Campo Living","url":"https:\/\/casadecampoliving.com\/es\/","logo":{"@type":"ImageObject","inLanguage":"es","@id":"https:\/\/casadecampoliving.com\/es\/#\/schema\/logo\/image\/","url":"https:\/\/i0.wp.com\/casadecampoliving.com\/wp-content\/uploads\/2022\/07\/CDCLivingLogo_V1-white-sized.png?fit=800%2C214&ssl=1","contentUrl":"https:\/\/i0.wp.com\/casadecampoliving.com\/wp-content\/uploads\/2022\/07\/CDCLivingLogo_V1-white-sized.png?fit=800%2C214&ssl=1","width":800,"height":214,"caption":"Casa de Campo Living"},"image":{"@id":"https:\/\/casadecampoliving.com\/es\/#\/schema\/logo\/image\/"},"sameAs":["https:\/\/www.facebook.com\/casadecampoliving","https:\/\/x.com\/cdcliving"]},{"@type":"Person","@id":"https:\/\/casadecampoliving.com\/es\/#\/schema\/person\/932e594484c49168ad37fbb9141bf699","name":"Mairobi Herrera","image":{"@type":"ImageObject","inLanguage":"es","@id":"https:\/\/secure.gravatar.com\/avatar\/d0bf6c19470eb55d83c719e39672f670b2c4412339af1eb8a08f86427ba98ee8?s=96&d=mm&r=g","url":"https:\/\/secure.gravatar.com\/avatar\/d0bf6c19470eb55d83c719e39672f670b2c4412339af1eb8a08f86427ba98ee8?s=96&d=mm&r=g","contentUrl":"https:\/\/secure.gravatar.com\/avatar\/d0bf6c19470eb55d83c719e39672f670b2c4412339af1eb8a08f86427ba98ee8?s=96&d=mm&r=g","caption":"Mairobi Herrera"},"sameAs":["https:\/\/casadecampoliving.com\/"],"url":"https:\/\/casadecampoliving.com\/es\/author\/mherrera\/"}]}},"parsely":{"version":"1.1.0","canonical_url":"https:\/\/casadecampoliving.com\/es\/reserve-la-fecha-estilo-2013-classic-future-desfile-de-moda-a-cargo-de-la-escuela-de-arte-y-diseno-de-altos-de-chavon\/","smart_links":{"inbound":0,"outbound":0},"traffic_boost_suggestions_count":0,"meta":{"@context":"https:\/\/schema.org","@type":"NewsArticle","headline":"\u00a1Reserve la fecha! Estilo 2013 \u00abClassic Future\u00bb desfile de moda a cargo de la Escuela de Arte y dise\u00f1o de Altos de Chav\u00f3n","url":"http:\/\/casadecampoliving.com\/es\/reserve-la-fecha-estilo-2013-classic-future-desfile-de-moda-a-cargo-de-la-escuela-de-arte-y-diseno-de-altos-de-chavon\/","mainEntityOfPage":{"@type":"WebPage","@id":"http:\/\/casadecampoliving.com\/es\/reserve-la-fecha-estilo-2013-classic-future-desfile-de-moda-a-cargo-de-la-escuela-de-arte-y-diseno-de-altos-de-chavon\/"},"thumbnailUrl":"https:\/\/i0.wp.com\/casadecampoliving.com\/wp-content\/uploads\/2022\/10\/estilo_2013-1.jpg?resize=150%2C150&ssl=1","image":{"@type":"ImageObject","url":"https:\/\/i0.wp.com\/casadecampoliving.com\/wp-content\/uploads\/2022\/10\/estilo_2013-1.jpg?fit=650%2C344&ssl=1"},"articleSection":"Altos de Chavon @es","author":[{"@type":"Person","name":"Mairobi Herrera"}],"creator":["Mairobi Herrera"],"publisher":{"@type":"Organization","name":"Casa de Campo Living","logo":"https:\/\/casadecampoliving.com\/wp-content\/uploads\/2022\/07\/CDCLivingLogo_V1-white-sized.png"},"keywords":["altos de chavon@es","desfile de moda","estilo 2013"],"dateCreated":"2013-04-29T04:00:00Z","datePublished":"2013-04-29T04:00:00Z","dateModified":"2022-10-21T22:46:19Z"},"rendered":"<script type=\"application\/ld+json\" class=\"wp-parsely-metadata\">{\"@context\":\"https:\\\/\\\/schema.org\",\"@type\":\"NewsArticle\",\"headline\":\"\\u00a1Reserve la fecha! Estilo 2013 \\u00abClassic Future\\u00bb desfile de moda a cargo de la Escuela de Arte y dise\\u00f1o de Altos de Chav\\u00f3n\",\"url\":\"http:\\\/\\\/casadecampoliving.com\\\/es\\\/reserve-la-fecha-estilo-2013-classic-future-desfile-de-moda-a-cargo-de-la-escuela-de-arte-y-diseno-de-altos-de-chavon\\\/\",\"mainEntityOfPage\":{\"@type\":\"WebPage\",\"@id\":\"http:\\\/\\\/casadecampoliving.com\\\/es\\\/reserve-la-fecha-estilo-2013-classic-future-desfile-de-moda-a-cargo-de-la-escuela-de-arte-y-diseno-de-altos-de-chavon\\\/\"},\"thumbnailUrl\":\"https:\\\/\\\/i0.wp.com\\\/casadecampoliving.com\\\/wp-content\\\/uploads\\\/2022\\\/10\\\/estilo_2013-1.jpg?resize=150%2C150&ssl=1\",\"image\":{\"@type\":\"ImageObject\",\"url\":\"https:\\\/\\\/i0.wp.com\\\/casadecampoliving.com\\\/wp-content\\\/uploads\\\/2022\\\/10\\\/estilo_2013-1.jpg?fit=650%2C344&ssl=1\"},\"articleSection\":\"Altos de Chavon @es\",\"author\":[{\"@type\":\"Person\",\"name\":\"Mairobi Herrera\"}],\"creator\":[\"Mairobi Herrera\"],\"publisher\":{\"@type\":\"Organization\",\"name\":\"Casa de Campo Living\",\"logo\":\"https:\\\/\\\/casadecampoliving.com\\\/wp-content\\\/uploads\\\/2022\\\/07\\\/CDCLivingLogo_V1-white-sized.png\"},\"keywords\":[\"altos de chavon@es\",\"desfile de moda\",\"estilo 2013\"],\"dateCreated\":\"2013-04-29T04:00:00Z\",\"datePublished\":\"2013-04-29T04:00:00Z\",\"dateModified\":\"2022-10-21T22:46:19Z\"}<\/script>","tracker_url":"https:\/\/cdn.parsely.com\/keys\/casadecampoliving.com\/p.js"},"jetpack_publicize_connections":[],"jetpack_featured_media_url":"https:\/\/i0.wp.com\/casadecampoliving.com\/wp-content\/uploads\/2022\/10\/estilo_2013-1.jpg?fit=650%2C344&ssl=1","jetpack-related-posts":[{"id":433460,"url":"https:\/\/casadecampoliving.com\/es\/no-se-pierdan-el-increible-tributo-a-frank-sinatra-para-celebrar-el-40-aniversario-del-anfiteatro-altos-de-chavon\/","url_meta":{"origin":341186,"position":0},"title":"No se pierdan el incre\u00edble tributo a Frank Sinatra para celebrar el 40 aniversario del\u00a0Anfiteatro Altos de Chav\u00f3n","author":"Casa de Campo Living","date":"20 Oct, 2022","format":false,"excerpt":"Siendo uno de los escenarios m\u00e1s emblem\u00e1ticos del pa\u00eds, Casa de Campo Resort\u00ae & Villas celebra las cuatro d\u00e9cadas de aniversario de Altos de Chav\u00f3n con un tributo al gran Frank Sinatra, protagonizado por artistas invitados y una big band tal cual la que acompa\u00f1\u00f3 al artista hace 40 a\u00f1os\u2026","rel":"","context":"En \u00abUncategorized @es\u00bb","block_context":{"text":"Uncategorized @es","link":"https:\/\/casadecampoliving.com\/es\/category\/uncategorized-es\/"},"img":{"alt_text":"","src":"https:\/\/i0.wp.com\/casadecampoliving.com\/wp-content\/uploads\/2022\/10\/Tributo-Frank-Sinatra-Foto-Principal-Amaury-Sanchez-Danilo-Ginebra-Andres-Pichardo-y-Jose-Gabriel-Perez-.jpg?fit=1200%2C873&ssl=1&resize=350%2C200","width":350,"height":200,"srcset":"https:\/\/i0.wp.com\/casadecampoliving.com\/wp-content\/uploads\/2022\/10\/Tributo-Frank-Sinatra-Foto-Principal-Amaury-Sanchez-Danilo-Ginebra-Andres-Pichardo-y-Jose-Gabriel-Perez-.jpg?fit=1200%2C873&ssl=1&resize=350%2C200 1x, https:\/\/i0.wp.com\/casadecampoliving.com\/wp-content\/uploads\/2022\/10\/Tributo-Frank-Sinatra-Foto-Principal-Amaury-Sanchez-Danilo-Ginebra-Andres-Pichardo-y-Jose-Gabriel-Perez-.jpg?fit=1200%2C873&ssl=1&resize=525%2C300 1.5x, https:\/\/i0.wp.com\/casadecampoliving.com\/wp-content\/uploads\/2022\/10\/Tributo-Frank-Sinatra-Foto-Principal-Amaury-Sanchez-Danilo-Ginebra-Andres-Pichardo-y-Jose-Gabriel-Perez-.jpg?fit=1200%2C873&ssl=1&resize=700%2C400 2x, https:\/\/i0.wp.com\/casadecampoliving.com\/wp-content\/uploads\/2022\/10\/Tributo-Frank-Sinatra-Foto-Principal-Amaury-Sanchez-Danilo-Ginebra-Andres-Pichardo-y-Jose-Gabriel-Perez-.jpg?fit=1200%2C873&ssl=1&resize=1050%2C600 3x"},"classes":[]},{"id":344384,"url":"https:\/\/casadecampoliving.com\/es\/tras-bastidores-en-estilo-2014\/","url_meta":{"origin":341186,"position":1},"title":"Desfile de modas Estilo 2014 tras bastidores","author":"Perkin Agramonte","date":"15 May, 2014","format":false,"excerpt":"Ma\u00f1ana, viernes 16 de mayo, la Escuela de Dise\u00f1o de Altos de Chav\u00f3n dar\u00e1 inicio a las celebraciones de su trig\u00e9simo aniversario de graduaci\u00f3n con la 30\u00ba edici\u00f3n anual del desfile de modas ESTILO. Estilo 2014 es el espect\u00e1culo de modas presentado por la clase graduanda del \u00e1rea de dise\u00f1o\u2026","rel":"","context":"En \u00abAltos de Chavon @es\u00bb","block_context":{"text":"Altos de Chavon @es","link":"https:\/\/casadecampoliving.com\/category\/altos-de-chavon-es\/"},"img":{"alt_text":"Julio Marcano, Altos de Chavon, Escuela de Diseno","src":"https:\/\/i0.wp.com\/casadecampoliving.com\/wp-content\/uploads\/2022\/10\/Julio_Marcano_Altos_de_Chavon_Escuela_de_Diseno1-1.jpg?fit=650%2C433&ssl=1&resize=350%2C200","width":350,"height":200,"srcset":"https:\/\/i0.wp.com\/casadecampoliving.com\/wp-content\/uploads\/2022\/10\/Julio_Marcano_Altos_de_Chavon_Escuela_de_Diseno1-1.jpg?fit=650%2C433&ssl=1&resize=350%2C200 1x, https:\/\/i0.wp.com\/casadecampoliving.com\/wp-content\/uploads\/2022\/10\/Julio_Marcano_Altos_de_Chavon_Escuela_de_Diseno1-1.jpg?fit=650%2C433&ssl=1&resize=525%2C300 1.5x"},"classes":[]},{"id":347415,"url":"https:\/\/casadecampoliving.com\/es\/preparese-para-el-show-de-los-estudiantes-de-altos-de-chavon-estilo-2015\/","url_meta":{"origin":341186,"position":2},"title":"\u00a1Es moda, es Estilo 2015 por La Escuela de Altos de Chav\u00f3n!","author":"Felix Guerrero","date":"20 May, 2015","format":false,"excerpt":"Ya casi es hora de que, como todos los a\u00f1os, admiremos el resultado del arduo\u00a0trabajo de los estudiantes de la Escuela de Dise\u00f1o de Altos de Chav\u00f3n en lo que m\u00e1s saben hacer\u2026 \u00a1Dise\u00f1ar! El desfile de modas anual organizado por los estudiantes de \u00faltimo a\u00f1o de la de la\u2026","rel":"","context":"En \u00abAltos de Chavon @es\u00bb","block_context":{"text":"Altos de Chavon @es","link":"https:\/\/casadecampoliving.com\/category\/altos-de-chavon-es\/"},"img":{"alt_text":"Estilo 2014 Header","src":"https:\/\/i0.wp.com\/casadecampoliving.com\/wp-content\/uploads\/2022\/10\/Estilo_2014_03-1.jpg?fit=800%2C534&ssl=1&resize=350%2C200","width":350,"height":200,"srcset":"https:\/\/i0.wp.com\/casadecampoliving.com\/wp-content\/uploads\/2022\/10\/Estilo_2014_03-1.jpg?fit=800%2C534&ssl=1&resize=350%2C200 1x, https:\/\/i0.wp.com\/casadecampoliving.com\/wp-content\/uploads\/2022\/10\/Estilo_2014_03-1.jpg?fit=800%2C534&ssl=1&resize=525%2C300 1.5x, https:\/\/i0.wp.com\/casadecampoliving.com\/wp-content\/uploads\/2022\/10\/Estilo_2014_03-1.jpg?fit=800%2C534&ssl=1&resize=700%2C400 2x"},"classes":[]},{"id":337164,"url":"https:\/\/casadecampoliving.com\/es\/egresados-de-chavon-presentan-desfile-en-dominicana-moda-a-beneficio-del-hogar-del-nino-2\/","url_meta":{"origin":341186,"position":3},"title":"Egresados de Chav\u00f3n presentan desfile en Dominicana Moda a beneficio del Hogar del Ni\u00f1o","author":"","date":"6 Oct, 2011","format":false,"excerpt":"\u00a0Los egresados de la Escuela de Altos de Chav\u00f3n presentar\u00e1n el desfile de moda \u201cLa Ruta de la Seda\u201d en Dominicana Moda 2011 en Santo Domingo a beneficio del Hogar del Ni\u00f1o\u00a0el 22 de octubre. Las detalles del evento son: \u201cLa Ruta de la Seda\u201d Desfile de Modas de los\u2026","rel":"","context":"En \u00abAltos de Chavon @es\u00bb","block_context":{"text":"Altos de Chavon @es","link":"https:\/\/casadecampoliving.com\/category\/altos-de-chavon-es\/"},"img":{"alt_text":"","src":"https:\/\/i0.wp.com\/casadecampoliving.com\/wp-content\/uploads\/2022\/10\/dominicana_moda_altos_de_chavon-1.jpg?fit=565%2C263&ssl=1&resize=350%2C200","width":350,"height":200,"srcset":"https:\/\/i0.wp.com\/casadecampoliving.com\/wp-content\/uploads\/2022\/10\/dominicana_moda_altos_de_chavon-1.jpg?fit=565%2C263&ssl=1&resize=350%2C200 1x, https:\/\/i0.wp.com\/casadecampoliving.com\/wp-content\/uploads\/2022\/10\/dominicana_moda_altos_de_chavon-1.jpg?fit=565%2C263&ssl=1&resize=525%2C300 1.5x"},"classes":[]},{"id":344391,"url":"https:\/\/casadecampoliving.com\/es\/exhibicion-de-arte-por-los-estudiantes-de-la-escuela-de-arte-y-diseno-altos-de-chavon\/","url_meta":{"origin":341186,"position":4},"title":"Exhibici\u00f3n de arte por los estudiantes de la Escuela de Dise\u00f1o de Altos de Chav\u00f3n","author":"Perkin Agramonte","date":"16 May, 2014","format":false,"excerpt":"La exhibici\u00f3n de arte de \"Fin de A\u00f1o\" presentada por la clase graduanda 2014 de la Escuela de arte y Dise\u00f1o Altos de Chav\u00f3n se encuentra abierta para el disfrute de todos nosotros. Sin embargo, la exhibici\u00f3n estar\u00e1 solo hasta el domingo 18 de mayo, as\u00ed que vaya a verla\u2026","rel":"","context":"En \u00abAltos de Chavon @es\u00bb","block_context":{"text":"Altos de Chavon @es","link":"https:\/\/casadecampoliving.com\/category\/altos-de-chavon-es\/"},"img":{"alt_text":"art Altos de Chavon School of Design","src":"https:\/\/i0.wp.com\/casadecampoliving.com\/wp-content\/uploads\/2022\/10\/arte_altos_de_chavon_escuela_de_diseno-1.jpg?fit=650%2C430&ssl=1&resize=350%2C200","width":350,"height":200,"srcset":"https:\/\/i0.wp.com\/casadecampoliving.com\/wp-content\/uploads\/2022\/10\/arte_altos_de_chavon_escuela_de_diseno-1.jpg?fit=650%2C430&ssl=1&resize=350%2C200 1x, https:\/\/i0.wp.com\/casadecampoliving.com\/wp-content\/uploads\/2022\/10\/arte_altos_de_chavon_escuela_de_diseno-1.jpg?fit=650%2C430&ssl=1&resize=525%2C300 1.5x"},"classes":[]},{"id":344314,"url":"https:\/\/casadecampoliving.com\/es\/la-graduacion-conmemora-la-tercera-decada-de-la-escuela-de-diseno\/","url_meta":{"origin":341186,"position":5},"title":"La graduaci\u00f3n conmemora la tercera d\u00e9cada de la Escuela de Dise\u00f1o","author":"Perkin Agramonte","date":"5 May, 2014","format":false,"excerpt":"La entrega de diplomas 2014 de la Escuela de Dise\u00f1o de Altos de Chav\u00f3n, tendr\u00e1 lugar el s\u00e1bado 17 de mayo. Marca el 30 aniversario desde que esa instituci\u00f3n invisti\u00f3 a sus primeros estudiantes, tomando su lugar en el mundo del arte y dise\u00f1o profesional. Este a\u00f1o, 16 estudiantes se\u2026","rel":"","context":"En \u00abAltos de Chavon @es\u00bb","block_context":{"text":"Altos de Chavon @es","link":"https:\/\/casadecampoliving.com\/category\/altos-de-chavon-es\/"},"img":{"alt_text":"Altos de Chavon Escuela de Diseno","src":"https:\/\/i0.wp.com\/casadecampoliving.com\/wp-content\/uploads\/2022\/10\/altos_de_chavon_escuela_de_diseno-1.jpg?fit=650%2C500&ssl=1&resize=350%2C200","width":350,"height":200,"srcset":"https:\/\/i0.wp.com\/casadecampoliving.com\/wp-content\/uploads\/2022\/10\/altos_de_chavon_escuela_de_diseno-1.jpg?fit=650%2C500&ssl=1&resize=350%2C200 1x, https:\/\/i0.wp.com\/casadecampoliving.com\/wp-content\/uploads\/2022\/10\/altos_de_chavon_escuela_de_diseno-1.jpg?fit=650%2C500&ssl=1&resize=525%2C300 1.5x"},"classes":[]}],"jetpack_sharing_enabled":true,"_links":{"self":[{"href":"https:\/\/casadecampoliving.com\/es\/wp-json\/wp\/v2\/posts\/341186","targetHints":{"allow":["GET"]}}],"collection":[{"href":"https:\/\/casadecampoliving.com\/es\/wp-json\/wp\/v2\/posts"}],"about":[{"href":"https:\/\/casadecampoliving.com\/es\/wp-json\/wp\/v2\/types\/post"}],"author":[{"embeddable":true,"href":"https:\/\/casadecampoliving.com\/es\/wp-json\/wp\/v2\/users\/431"}],"replies":[{"embeddable":true,"href":"https:\/\/casadecampoliving.com\/es\/wp-json\/wp\/v2\/comments?post=341186"}],"version-history":[{"count":1,"href":"https:\/\/casadecampoliving.com\/es\/wp-json\/wp\/v2\/posts\/341186\/revisions"}],"predecessor-version":[{"id":341187,"href":"https:\/\/casadecampoliving.com\/es\/wp-json\/wp\/v2\/posts\/341186\/revisions\/341187"}],"wp:featuredmedia":[{"embeddable":true,"href":"https:\/\/casadecampoliving.com\/es\/wp-json\/wp\/v2\/media\/230148"}],"wp:attachment":[{"href":"https:\/\/casadecampoliving.com\/es\/wp-json\/wp\/v2\/media?parent=341186"}],"wp:term":[{"taxonomy":"category","embeddable":true,"href":"https:\/\/casadecampoliving.com\/es\/wp-json\/wp\/v2\/categories?post=341186"},{"taxonomy":"post_tag","embeddable":true,"href":"https:\/\/casadecampoliving.com\/es\/wp-json\/wp\/v2\/tags?post=341186"},{"taxonomy":"newspack_spnsrs_tax","embeddable":true,"href":"https:\/\/casadecampoliving.com\/es\/wp-json\/wp\/v2\/newspack_spnsrs_tax?post=341186"}],"curies":[{"name":"wp","href":"https:\/\/api.w.org\/{rel}","templated":true}]}}