{"id":341167,"date":"2013-04-27T00:00:00","date_gmt":"2013-04-27T04:00:00","guid":{"rendered":"https:\/\/casadecampoliving.com\/guarde-la-fecha-festival-de-primavera-2013-con-la-melodia-del-teatro-dominicano-musica-y-danza\/"},"modified":"2022-10-21T18:54:26","modified_gmt":"2022-10-21T22:54:26","slug":"guarde-la-fecha-festival-de-primavera-2013-con-la-melodia-del-teatro-dominicano-musica-y-danza","status":"publish","type":"post","link":"https:\/\/casadecampoliving.com\/es\/guarde-la-fecha-festival-de-primavera-2013-con-la-melodia-del-teatro-dominicano-musica-y-danza\/","title":{"rendered":"\u00a1Guarde la fecha! \u00abFestival de Primavera 2013\u00bb \u00a1con la melod\u00eda del teatro dominicano, m\u00fasica y danza!"},"content":{"rendered":"<div class=\"wp-block-image\">\n<figure class=\"aligncenter is-resized\"><img loading=\"lazy\" decoding=\"async\" src=\"https:\/\/i0.wp.com\/casadecampoliving.com\/wp-content\/uploads\/2022\/10\/festival_primavera.jpg?resize=644%2C288&amp;ssl=1\" alt=\"festival primavera\" class=\"wp-image-69016\" title=\"festival_primavera\" height=\"288\" width=\"644\"\/><\/figure>\n<\/div>\n\n\n<p class=\"has-text-align-left\">Del 23 al 26 de mayo de 2013, Altos de Chav\u00f3n cobrar\u00e1 vida con una celebraci\u00f3n m\u00e1gica, el \u201cFestival de Primavera 2013\u201d, una melod\u00eda maravillosa del teatro dominicano, la m\u00fasica y la danza como una actuaci\u00f3n de la <strong>Orquesta Sinf\u00f3nica Nacional dirigida por el gran Maestro Jos\u00e9 Antonio Molina.<\/strong><\/p>\n\n\n\n<p>El resort Casa de Campo, con el apoyo del Ministerio de Cultura de la Rep\u00fablica Dominicana le invita cordialmente a asistir a \u201cFiesta de la Primavera 2013\u201d y unirse a nosotros durante 4 d\u00edas celebrando esta hermosa temporada sin\u00f3nimo de vida, el renacimiento y el crecimiento!<\/p>\n\n\n<div class=\"wp-block-image\">\n<figure class=\"aligncenter is-resized\"><img loading=\"lazy\" decoding=\"async\" src=\"https:\/\/i0.wp.com\/casadecampoliving.com\/wp-content\/uploads\/2022\/10\/Sinfonica.jpg?resize=650%2C397&amp;ssl=1\" alt=\"sinfonica\" class=\"wp-image-69017\" title=\"Sinfonica\" height=\"397\" width=\"650\"\/><\/figure>\n<\/div>\n\n\n<p class=\"has-text-align-center\"><strong>La&nbsp;<strong>Orquesta Sinf\u00f3nica Nacional dirigida por&nbsp;<\/strong><\/strong><strong>Jos\u00e9 Antonio Molina<\/strong><br>\n<\/p>\n\n\n\n<p>Durante el d\u00eda, explore las calles empedradas&nbsp;de Altos de Chav\u00f3n bordeadas del <strong>tradicional arte dominicano y de una feria artesanal<\/strong> mostrando los mejores artesanos de la Rep\u00fablica Dominicana \u2013 ganadores de la \u201cFeria Artesanal 2012\u201d, as\u00ed como a artesanos talentosos tanto de La Romana y Bayahibe, cuya mercanc\u00edas incluyen joyas creadas con materiales locales \u2013 semillas, conchas y trozos de madera, as\u00ed como r\u00e9plicas en miniatura de barcos de pesca tradicionales de Bayahibe en todas las formas, tama\u00f1os y colores \u2026 y mucho m\u00e1s. Permitia que estos artistas le &nbsp;ense\u00f1e los secretos de su oficio en sus mini-talleres gratuitos.<\/p>\n\n\n<div class=\"wp-block-image\">\n<figure class=\"alignright is-resized\"><img loading=\"lazy\" decoding=\"async\" src=\"https:\/\/i0.wp.com\/casadecampoliving.com\/wp-content\/uploads\/2022\/10\/endanza_ballet_altos_de_chavon.jpg?resize=225%2C384&amp;ssl=1\" alt=\"endanza ballet altos de chavon\" class=\"wp-image-69018\" title=\"endanza_ballet_altos_de_chavon\" height=\"384\" width=\"225\"\/><\/figure>\n<\/div>\n\n\n<p><del><strong>Descubre el sabor de la Rep\u00fablica Dominicana<\/strong> en los restaurantes de Altos de Chav\u00f3n, El Club, La Piazzetta, Onno\u2019s Bar, Papa Jacks y La Cantina, que se sirve una variedad de platos t\u00edpicos dominicanos.<\/del><\/p>\n\n\n\n<p>Por la noche, Altos de Chav\u00f3n, la plaza y el anfiteatro ser\u00e1 el escenario de una <strong>serie de representaciones teatrales y musicales<\/strong> con el teatro de la calle de &nbsp;Rep\u00fablica Dominicana, el Quinteto Mirabal (Quinteto de cuerda), la Orquesta Sinf\u00f3nica Nacional con su director de orquesta Jos\u00e9 Antonio Molina, la Comisi\u00f3n Nacional Escuela de Danza (ENDANZA), la Orquesta de Vientos Dominicana!<\/p>\n\n\n\n<p><strong>\u00a1Reserve los d\u00edas: 23 y 26 de mayo<\/strong><strong>!&nbsp;<\/strong><\/p>\n\n\n\n<blockquote class=\"wp-block-quote is-layout-flow wp-block-quote-is-layout-flow\"><p style=\"text-align: center;\"><span style=\"text-decoration: underline;\"><strong>FESTIVAL DE PRIMAVERA 2013<\/strong><\/span><\/p><p>La programaci\u00f3n del Festival de Primavera 2013 es la siguiente:<\/p><p><strong>Las artes dominicanas y Artesan\u00eda Feria estar\u00e1 abierta todos los d\u00edas desde el jueves 23 de mayo al domingo 26 de mayo.<\/strong><\/p><p><span style=\"text-decoration: underline;\"><strong>Jueves 23 de mayo 2013<\/strong><\/span><\/p><p><strong><strong>\u201cAsalto Pirata\u201d a cargo del Teatro de la Calle de Rep\u00fablica Dominicana<\/strong><strong>\u201d&nbsp;<\/strong><br>\nCuando: <\/strong>4:30pm<strong><br>\nD\u00f3nde: <\/strong>Plaza principal de Altos de Chav\u00f3n<\/p><p><strong>Taller interactivo de danzas folkl\u00f3ricas dominicanas a cargo de Xiomarita P\u00e9rez<\/strong><br>\n<strong>Cuando: <\/strong>5pm \u2013 7:30pm&nbsp;<strong><br>\nD\u00f3nde: <\/strong>En las afueras del Museo Regional de Arqueolog\u00eda de the Altos de Chav\u00f3n<\/p><p><strong>C\u00f3ctel de apertura de la exhibici\u00f3n de arte de la escuela &nbsp;Abraham Lincoln&nbsp;<\/strong><br>\n<strong>Cu\u00e1ndo: 7<\/strong>pm \u2013 9pm&nbsp;<strong><br>\nD\u00f3nde: <\/strong>En la Galeria de Altos de Chav\u00f3n<\/p><p><strong>Cuerdas y concierto de poes\u00eda con el aQuinteto Mirabal y lectura de poesias a cargo de Sandra Mustelier&nbsp;<\/strong><br>\n<strong>Cu\u00e1ndo: <\/strong>8:30pm<strong><br>\nD\u00f3nde: <\/strong>En&nbsp;La \u201cFuente de pescado\u201d, afuera del anfiteatro de Altos de Chav\u00f3n<\/p><p><span style=\"text-decoration: underline;\"><strong>Viernes 24 de mayo, 2013<\/strong><\/span><\/p><p><strong>Concierto de la Orquesta Sinf\u00f3nica Nacional conducida por el gran Jos\u00e9 Antonio Molina<\/strong><br>\n<strong>Cu\u00e1ndo: <\/strong>8pm<strong><br>\nD\u00f3nde: <\/strong>Anfiteatro de Altos de Chav\u00f3n<\/p><p><span style=\"text-decoration: underline;\"><strong>S\u00e1bado 25 de mayo, 2013<\/strong><\/span><\/p><p><strong>Espect\u00e1culo de Ballet con Nacional Escuela de Danza&nbsp;<\/strong><strong>(ENDANZA)<\/strong><br>\n<strong>Cu\u00e1ndo:&nbsp;<\/strong>8pm<strong><br>\nD\u00f3nde:&nbsp;<\/strong>Anfiteatro de Altos de Chav\u00f3n<\/p><p><span style=\"text-decoration: underline;\"><strong>Domingo 26 de mayo, 2013<\/strong><\/span><\/p><p><strong>Concierto con la Orquesta de Vientos Dominicana&nbsp;<\/strong><br>\n<strong>Cu\u00e1ndo:&nbsp;<\/strong>7:30pm<strong><br>\nD\u00f3nde:&nbsp;<\/strong>Plaza principal de Altos de Chav\u00f3n<\/p><p><strong>*** TODAS las actividades y actuaciones son libres de cargos.&nbsp;<\/strong><\/p><\/blockquote>\n","protected":false},"excerpt":{"rendered":"<p>Del 23 al 26 de mayo de 2013, Altos de Chav\u00f3n cobrar\u00e1 vida con una celebraci\u00f3n m\u00e1gica, el \u201cFestival de Primavera 2013\u201d, una melod\u00eda maravillosa del teatro dominicano, la m\u00fasica y la danza como una actuaci\u00f3n de la Orquesta Sinf\u00f3nica Nacional dirigida por el gran Maestro Jos\u00e9 Antonio Molina. El resort Casa de Campo, con [&hellip;]<\/p>\n","protected":false},"author":431,"featured_media":229149,"comment_status":"closed","ping_status":"closed","sticky":false,"template":"","format":"standard","meta":{"newspack_ads_suppress_ads":false,"newspack_popups_has_disabled_popups":false,"newspack_sponsor_sponsorship_scope":"","newspack_sponsor_native_byline_display":"inherit","newspack_sponsor_native_category_display":"inherit","newspack_sponsor_underwriter_style":"inherit","newspack_sponsor_underwriter_placement":"inherit","_newspack_byline_active":false,"_newspack_byline":"","newspack_hide_updated_date":false,"newspack_show_updated_date":false,"newspack_content_restriction_is_exempt":false,"newspack_featured_image_position":"","newspack_post_subtitle":"","newspack_article_summary_title":"Overview:","newspack_article_summary":"","_jetpack_memberships_contains_paid_content":false,"footnotes":"","jetpack_publicize_message":"","jetpack_publicize_feature_enabled":true,"jetpack_social_post_already_shared":false,"jetpack_social_options":{"image_generator_settings":{"template":"highway","default_image_id":0,"font":"","enabled":false},"version":2},"_wpas_customize_per_network":false},"categories":[26819,26823,14629,2518,2522,14625,14627,26822,2520,2526],"tags":[15387,2545,2677,6296,3363],"newspack_spnsrs_tax":[],"class_list":["post-341167","post","type-post","status-publish","format-standard","has-post-thumbnail","hentry","category-altos-de-chavon-es","category-arte-y-cultura","category-comidas-bebidas","category-conciertos-es","category-eventos-es","category-noticias-locales","category-proximamente","category-resort-casa-de-campo","category-restaurantes-es","category-titulares-es","tag-altos-de-chavon-es","tag-anfiteatro-de-altos-de-chavon","tag-conciertos","tag-festival-de-primavera","tag-orquesta-sinfonica-nacional","entry"],"yoast_head":"<!-- This site is optimized with the Yoast SEO plugin v27.5 - https:\/\/yoast.com\/product\/yoast-seo-wordpress\/ -->\n<title>\u00a1Guarde la fecha! &quot;Festival de Primavera 2013&quot; \u00a1con la melod\u00eda del teatro dominicano, m\u00fasica y danza! | Casa de Campo Living<\/title>\n<meta name=\"description\" content=\"Del 23 al 26 de mayo de 2013, Altos de Chav\u00f3n cobrar\u00e1 vida con una celebraci\u00f3n m\u00e1gica, el \u201cFestival de Primavera 2013\u201d, una melod\u00eda maravillosa del teatro\" \/>\n<meta name=\"robots\" content=\"index, follow, max-snippet:-1, max-image-preview:large, max-video-preview:-1\" \/>\n<link rel=\"canonical\" href=\"https:\/\/casadecampoliving.com\/es\/guarde-la-fecha-festival-de-primavera-2013-con-la-melodia-del-teatro-dominicano-musica-y-danza\/\" \/>\n<meta property=\"og:locale\" content=\"es_ES\" \/>\n<meta property=\"og:type\" content=\"article\" \/>\n<meta property=\"og:title\" content=\"\u00a1Guarde la fecha! &quot;Festival de Primavera 2013&quot; \u00a1con la melod\u00eda del teatro dominicano, m\u00fasica y danza! | Casa de Campo Living\" \/>\n<meta property=\"og:description\" content=\"Del 23 al 26 de mayo de 2013, Altos de Chav\u00f3n cobrar\u00e1 vida con una celebraci\u00f3n m\u00e1gica, el \u201cFestival de Primavera 2013\u201d, una melod\u00eda maravillosa del teatro\" \/>\n<meta property=\"og:url\" content=\"https:\/\/casadecampoliving.com\/es\/guarde-la-fecha-festival-de-primavera-2013-con-la-melodia-del-teatro-dominicano-musica-y-danza\/\" \/>\n<meta property=\"og:site_name\" content=\"Casa de Campo Living\" \/>\n<meta property=\"article:publisher\" content=\"https:\/\/www.facebook.com\/casadecampoliving\" \/>\n<meta property=\"article:published_time\" content=\"2013-04-27T04:00:00+00:00\" \/>\n<meta property=\"article:modified_time\" content=\"2022-10-21T22:54:26+00:00\" \/>\n<meta property=\"og:image\" content=\"https:\/\/i0.wp.com\/casadecampoliving.com\/wp-content\/uploads\/2022\/10\/festival_primavera-1.jpg?fit=715%2C320&ssl=1\" \/>\n\t<meta property=\"og:image:width\" content=\"715\" \/>\n\t<meta property=\"og:image:height\" content=\"320\" \/>\n\t<meta property=\"og:image:type\" content=\"image\/jpeg\" \/>\n<meta name=\"author\" content=\"Mairobi Herrera\" \/>\n<meta name=\"twitter:card\" content=\"summary_large_image\" \/>\n<meta name=\"twitter:creator\" content=\"@cdcliving\" \/>\n<meta name=\"twitter:site\" content=\"@cdcliving\" \/>\n<meta name=\"twitter:label1\" content=\"Escrito por\" \/>\n\t<meta name=\"twitter:data1\" content=\"Mairobi Herrera\" \/>\n\t<meta name=\"twitter:label2\" content=\"Tiempo de lectura\" \/>\n\t<meta name=\"twitter:data2\" content=\"3 minutos\" \/>\n<script type=\"application\/ld+json\" class=\"yoast-schema-graph\">{\"@context\":\"https:\\\/\\\/schema.org\",\"@graph\":[{\"@type\":\"Article\",\"@id\":\"https:\\\/\\\/casadecampoliving.com\\\/es\\\/guarde-la-fecha-festival-de-primavera-2013-con-la-melodia-del-teatro-dominicano-musica-y-danza\\\/#article\",\"isPartOf\":{\"@id\":\"https:\\\/\\\/casadecampoliving.com\\\/es\\\/guarde-la-fecha-festival-de-primavera-2013-con-la-melodia-del-teatro-dominicano-musica-y-danza\\\/\"},\"author\":{\"name\":\"Mairobi Herrera\",\"@id\":\"https:\\\/\\\/casadecampoliving.com\\\/es\\\/#\\\/schema\\\/person\\\/932e594484c49168ad37fbb9141bf699\"},\"headline\":\"\u00a1Guarde la fecha! \u00abFestival de Primavera 2013\u00bb \u00a1con la melod\u00eda del teatro dominicano, m\u00fasica y danza!\",\"datePublished\":\"2013-04-27T04:00:00+00:00\",\"dateModified\":\"2022-10-21T22:54:26+00:00\",\"mainEntityOfPage\":{\"@id\":\"https:\\\/\\\/casadecampoliving.com\\\/es\\\/guarde-la-fecha-festival-de-primavera-2013-con-la-melodia-del-teatro-dominicano-musica-y-danza\\\/\"},\"wordCount\":605,\"publisher\":{\"@id\":\"https:\\\/\\\/casadecampoliving.com\\\/es\\\/#organization\"},\"image\":{\"@id\":\"https:\\\/\\\/casadecampoliving.com\\\/es\\\/guarde-la-fecha-festival-de-primavera-2013-con-la-melodia-del-teatro-dominicano-musica-y-danza\\\/#primaryimage\"},\"thumbnailUrl\":\"https:\\\/\\\/i0.wp.com\\\/casadecampoliving.com\\\/wp-content\\\/uploads\\\/2022\\\/10\\\/festival_primavera-1.jpg?fit=715%2C320&ssl=1\",\"keywords\":[\"Altos de Chavon\",\"anfiteatro de altos de chavon\",\"conciertos\",\"festival de primavera\",\"orquesta sinfonica nacional\"],\"articleSection\":[\"Altos de Chavon @es\",\"Arte y cultura\",\"Comidas &amp; Bebidas\",\"Conciertos\",\"Eventos\",\"Noticias Locales\",\"Proximamente\",\"Resort Casa de Campo\",\"Restaurantes\",\"Titulares\"],\"inLanguage\":\"es\"},{\"@type\":\"WebPage\",\"@id\":\"https:\\\/\\\/casadecampoliving.com\\\/es\\\/guarde-la-fecha-festival-de-primavera-2013-con-la-melodia-del-teatro-dominicano-musica-y-danza\\\/\",\"url\":\"https:\\\/\\\/casadecampoliving.com\\\/es\\\/guarde-la-fecha-festival-de-primavera-2013-con-la-melodia-del-teatro-dominicano-musica-y-danza\\\/\",\"name\":\"\u00a1Guarde la fecha! \\\"Festival de Primavera 2013\\\" \u00a1con la melod\u00eda del teatro dominicano, m\u00fasica y danza! | Casa de Campo Living\",\"isPartOf\":{\"@id\":\"https:\\\/\\\/casadecampoliving.com\\\/es\\\/#website\"},\"primaryImageOfPage\":{\"@id\":\"https:\\\/\\\/casadecampoliving.com\\\/es\\\/guarde-la-fecha-festival-de-primavera-2013-con-la-melodia-del-teatro-dominicano-musica-y-danza\\\/#primaryimage\"},\"image\":{\"@id\":\"https:\\\/\\\/casadecampoliving.com\\\/es\\\/guarde-la-fecha-festival-de-primavera-2013-con-la-melodia-del-teatro-dominicano-musica-y-danza\\\/#primaryimage\"},\"thumbnailUrl\":\"https:\\\/\\\/i0.wp.com\\\/casadecampoliving.com\\\/wp-content\\\/uploads\\\/2022\\\/10\\\/festival_primavera-1.jpg?fit=715%2C320&ssl=1\",\"datePublished\":\"2013-04-27T04:00:00+00:00\",\"dateModified\":\"2022-10-21T22:54:26+00:00\",\"description\":\"Del 23 al 26 de mayo de 2013, Altos de Chav\u00f3n cobrar\u00e1 vida con una celebraci\u00f3n m\u00e1gica, el \u201cFestival de Primavera 2013\u201d, una melod\u00eda maravillosa del teatro\",\"breadcrumb\":{\"@id\":\"https:\\\/\\\/casadecampoliving.com\\\/es\\\/guarde-la-fecha-festival-de-primavera-2013-con-la-melodia-del-teatro-dominicano-musica-y-danza\\\/#breadcrumb\"},\"inLanguage\":\"es\",\"potentialAction\":[{\"@type\":\"ReadAction\",\"target\":[\"https:\\\/\\\/casadecampoliving.com\\\/es\\\/guarde-la-fecha-festival-de-primavera-2013-con-la-melodia-del-teatro-dominicano-musica-y-danza\\\/\"]}]},{\"@type\":\"ImageObject\",\"inLanguage\":\"es\",\"@id\":\"https:\\\/\\\/casadecampoliving.com\\\/es\\\/guarde-la-fecha-festival-de-primavera-2013-con-la-melodia-del-teatro-dominicano-musica-y-danza\\\/#primaryimage\",\"url\":\"https:\\\/\\\/i0.wp.com\\\/casadecampoliving.com\\\/wp-content\\\/uploads\\\/2022\\\/10\\\/festival_primavera-1.jpg?fit=715%2C320&ssl=1\",\"contentUrl\":\"https:\\\/\\\/i0.wp.com\\\/casadecampoliving.com\\\/wp-content\\\/uploads\\\/2022\\\/10\\\/festival_primavera-1.jpg?fit=715%2C320&ssl=1\",\"width\":715,\"height\":320,\"caption\":\"festival primavera\"},{\"@type\":\"BreadcrumbList\",\"@id\":\"https:\\\/\\\/casadecampoliving.com\\\/es\\\/guarde-la-fecha-festival-de-primavera-2013-con-la-melodia-del-teatro-dominicano-musica-y-danza\\\/#breadcrumb\",\"itemListElement\":[{\"@type\":\"ListItem\",\"position\":1,\"name\":\"Home\",\"item\":\"https:\\\/\\\/casadecampoliving.com\\\/es\\\/\"},{\"@type\":\"ListItem\",\"position\":2,\"name\":\"\u00a1Guarde la fecha! &#8220;Festival de Primavera 2013&#8221; \u00a1con la melod\u00eda del teatro dominicano, m\u00fasica y danza!\"}]},{\"@type\":\"WebSite\",\"@id\":\"https:\\\/\\\/casadecampoliving.com\\\/es\\\/#website\",\"url\":\"https:\\\/\\\/casadecampoliving.com\\\/es\\\/\",\"name\":\"Casa de Campo Living\",\"description\":\"Resort community news and resources.\",\"publisher\":{\"@id\":\"https:\\\/\\\/casadecampoliving.com\\\/es\\\/#organization\"},\"potentialAction\":[{\"@type\":\"SearchAction\",\"target\":{\"@type\":\"EntryPoint\",\"urlTemplate\":\"https:\\\/\\\/casadecampoliving.com\\\/es\\\/?s={search_term_string}\"},\"query-input\":{\"@type\":\"PropertyValueSpecification\",\"valueRequired\":true,\"valueName\":\"search_term_string\"}}],\"inLanguage\":\"es\"},{\"@type\":\"Organization\",\"@id\":\"https:\\\/\\\/casadecampoliving.com\\\/es\\\/#organization\",\"name\":\"Casa de Campo Living\",\"url\":\"https:\\\/\\\/casadecampoliving.com\\\/es\\\/\",\"logo\":{\"@type\":\"ImageObject\",\"inLanguage\":\"es\",\"@id\":\"https:\\\/\\\/casadecampoliving.com\\\/es\\\/#\\\/schema\\\/logo\\\/image\\\/\",\"url\":\"https:\\\/\\\/i0.wp.com\\\/casadecampoliving.com\\\/wp-content\\\/uploads\\\/2022\\\/07\\\/CDCLivingLogo_V1-white-sized.png?fit=800%2C214&ssl=1\",\"contentUrl\":\"https:\\\/\\\/i0.wp.com\\\/casadecampoliving.com\\\/wp-content\\\/uploads\\\/2022\\\/07\\\/CDCLivingLogo_V1-white-sized.png?fit=800%2C214&ssl=1\",\"width\":800,\"height\":214,\"caption\":\"Casa de Campo Living\"},\"image\":{\"@id\":\"https:\\\/\\\/casadecampoliving.com\\\/es\\\/#\\\/schema\\\/logo\\\/image\\\/\"},\"sameAs\":[\"https:\\\/\\\/www.facebook.com\\\/casadecampoliving\",\"https:\\\/\\\/x.com\\\/cdcliving\"]},{\"@type\":\"Person\",\"@id\":\"https:\\\/\\\/casadecampoliving.com\\\/es\\\/#\\\/schema\\\/person\\\/932e594484c49168ad37fbb9141bf699\",\"name\":\"Mairobi Herrera\",\"image\":{\"@type\":\"ImageObject\",\"inLanguage\":\"es\",\"@id\":\"https:\\\/\\\/secure.gravatar.com\\\/avatar\\\/d0bf6c19470eb55d83c719e39672f670b2c4412339af1eb8a08f86427ba98ee8?s=96&d=mm&r=g\",\"url\":\"https:\\\/\\\/secure.gravatar.com\\\/avatar\\\/d0bf6c19470eb55d83c719e39672f670b2c4412339af1eb8a08f86427ba98ee8?s=96&d=mm&r=g\",\"contentUrl\":\"https:\\\/\\\/secure.gravatar.com\\\/avatar\\\/d0bf6c19470eb55d83c719e39672f670b2c4412339af1eb8a08f86427ba98ee8?s=96&d=mm&r=g\",\"caption\":\"Mairobi Herrera\"},\"sameAs\":[\"https:\\\/\\\/casadecampoliving.com\\\/\"],\"url\":\"https:\\\/\\\/casadecampoliving.com\\\/es\\\/author\\\/mherrera\\\/\"}]}<\/script>\n<!-- \/ Yoast SEO plugin. -->","yoast_head_json":{"title":"\u00a1Guarde la fecha! \"Festival de Primavera 2013\" \u00a1con la melod\u00eda del teatro dominicano, m\u00fasica y danza! | Casa de Campo Living","description":"Del 23 al 26 de mayo de 2013, Altos de Chav\u00f3n cobrar\u00e1 vida con una celebraci\u00f3n m\u00e1gica, el \u201cFestival de Primavera 2013\u201d, una melod\u00eda maravillosa del teatro","robots":{"index":"index","follow":"follow","max-snippet":"max-snippet:-1","max-image-preview":"max-image-preview:large","max-video-preview":"max-video-preview:-1"},"canonical":"https:\/\/casadecampoliving.com\/es\/guarde-la-fecha-festival-de-primavera-2013-con-la-melodia-del-teatro-dominicano-musica-y-danza\/","og_locale":"es_ES","og_type":"article","og_title":"\u00a1Guarde la fecha! \"Festival de Primavera 2013\" \u00a1con la melod\u00eda del teatro dominicano, m\u00fasica y danza! | Casa de Campo Living","og_description":"Del 23 al 26 de mayo de 2013, Altos de Chav\u00f3n cobrar\u00e1 vida con una celebraci\u00f3n m\u00e1gica, el \u201cFestival de Primavera 2013\u201d, una melod\u00eda maravillosa del teatro","og_url":"https:\/\/casadecampoliving.com\/es\/guarde-la-fecha-festival-de-primavera-2013-con-la-melodia-del-teatro-dominicano-musica-y-danza\/","og_site_name":"Casa de Campo Living","article_publisher":"https:\/\/www.facebook.com\/casadecampoliving","article_published_time":"2013-04-27T04:00:00+00:00","article_modified_time":"2022-10-21T22:54:26+00:00","og_image":[{"width":715,"height":320,"url":"https:\/\/i0.wp.com\/casadecampoliving.com\/wp-content\/uploads\/2022\/10\/festival_primavera-1.jpg?fit=715%2C320&ssl=1","type":"image\/jpeg"}],"author":"Mairobi Herrera","twitter_card":"summary_large_image","twitter_creator":"@cdcliving","twitter_site":"@cdcliving","twitter_misc":{"Escrito por":"Mairobi Herrera","Tiempo de lectura":"3 minutos"},"schema":{"@context":"https:\/\/schema.org","@graph":[{"@type":"Article","@id":"https:\/\/casadecampoliving.com\/es\/guarde-la-fecha-festival-de-primavera-2013-con-la-melodia-del-teatro-dominicano-musica-y-danza\/#article","isPartOf":{"@id":"https:\/\/casadecampoliving.com\/es\/guarde-la-fecha-festival-de-primavera-2013-con-la-melodia-del-teatro-dominicano-musica-y-danza\/"},"author":{"name":"Mairobi Herrera","@id":"https:\/\/casadecampoliving.com\/es\/#\/schema\/person\/932e594484c49168ad37fbb9141bf699"},"headline":"\u00a1Guarde la fecha! \u00abFestival de Primavera 2013\u00bb \u00a1con la melod\u00eda del teatro dominicano, m\u00fasica y danza!","datePublished":"2013-04-27T04:00:00+00:00","dateModified":"2022-10-21T22:54:26+00:00","mainEntityOfPage":{"@id":"https:\/\/casadecampoliving.com\/es\/guarde-la-fecha-festival-de-primavera-2013-con-la-melodia-del-teatro-dominicano-musica-y-danza\/"},"wordCount":605,"publisher":{"@id":"https:\/\/casadecampoliving.com\/es\/#organization"},"image":{"@id":"https:\/\/casadecampoliving.com\/es\/guarde-la-fecha-festival-de-primavera-2013-con-la-melodia-del-teatro-dominicano-musica-y-danza\/#primaryimage"},"thumbnailUrl":"https:\/\/i0.wp.com\/casadecampoliving.com\/wp-content\/uploads\/2022\/10\/festival_primavera-1.jpg?fit=715%2C320&ssl=1","keywords":["Altos de Chavon","anfiteatro de altos de chavon","conciertos","festival de primavera","orquesta sinfonica nacional"],"articleSection":["Altos de Chavon @es","Arte y cultura","Comidas &amp; Bebidas","Conciertos","Eventos","Noticias Locales","Proximamente","Resort Casa de Campo","Restaurantes","Titulares"],"inLanguage":"es"},{"@type":"WebPage","@id":"https:\/\/casadecampoliving.com\/es\/guarde-la-fecha-festival-de-primavera-2013-con-la-melodia-del-teatro-dominicano-musica-y-danza\/","url":"https:\/\/casadecampoliving.com\/es\/guarde-la-fecha-festival-de-primavera-2013-con-la-melodia-del-teatro-dominicano-musica-y-danza\/","name":"\u00a1Guarde la fecha! \"Festival de Primavera 2013\" \u00a1con la melod\u00eda del teatro dominicano, m\u00fasica y danza! | Casa de Campo Living","isPartOf":{"@id":"https:\/\/casadecampoliving.com\/es\/#website"},"primaryImageOfPage":{"@id":"https:\/\/casadecampoliving.com\/es\/guarde-la-fecha-festival-de-primavera-2013-con-la-melodia-del-teatro-dominicano-musica-y-danza\/#primaryimage"},"image":{"@id":"https:\/\/casadecampoliving.com\/es\/guarde-la-fecha-festival-de-primavera-2013-con-la-melodia-del-teatro-dominicano-musica-y-danza\/#primaryimage"},"thumbnailUrl":"https:\/\/i0.wp.com\/casadecampoliving.com\/wp-content\/uploads\/2022\/10\/festival_primavera-1.jpg?fit=715%2C320&ssl=1","datePublished":"2013-04-27T04:00:00+00:00","dateModified":"2022-10-21T22:54:26+00:00","description":"Del 23 al 26 de mayo de 2013, Altos de Chav\u00f3n cobrar\u00e1 vida con una celebraci\u00f3n m\u00e1gica, el \u201cFestival de Primavera 2013\u201d, una melod\u00eda maravillosa del teatro","breadcrumb":{"@id":"https:\/\/casadecampoliving.com\/es\/guarde-la-fecha-festival-de-primavera-2013-con-la-melodia-del-teatro-dominicano-musica-y-danza\/#breadcrumb"},"inLanguage":"es","potentialAction":[{"@type":"ReadAction","target":["https:\/\/casadecampoliving.com\/es\/guarde-la-fecha-festival-de-primavera-2013-con-la-melodia-del-teatro-dominicano-musica-y-danza\/"]}]},{"@type":"ImageObject","inLanguage":"es","@id":"https:\/\/casadecampoliving.com\/es\/guarde-la-fecha-festival-de-primavera-2013-con-la-melodia-del-teatro-dominicano-musica-y-danza\/#primaryimage","url":"https:\/\/i0.wp.com\/casadecampoliving.com\/wp-content\/uploads\/2022\/10\/festival_primavera-1.jpg?fit=715%2C320&ssl=1","contentUrl":"https:\/\/i0.wp.com\/casadecampoliving.com\/wp-content\/uploads\/2022\/10\/festival_primavera-1.jpg?fit=715%2C320&ssl=1","width":715,"height":320,"caption":"festival primavera"},{"@type":"BreadcrumbList","@id":"https:\/\/casadecampoliving.com\/es\/guarde-la-fecha-festival-de-primavera-2013-con-la-melodia-del-teatro-dominicano-musica-y-danza\/#breadcrumb","itemListElement":[{"@type":"ListItem","position":1,"name":"Home","item":"https:\/\/casadecampoliving.com\/es\/"},{"@type":"ListItem","position":2,"name":"\u00a1Guarde la fecha! &#8220;Festival de Primavera 2013&#8221; \u00a1con la melod\u00eda del teatro dominicano, m\u00fasica y danza!"}]},{"@type":"WebSite","@id":"https:\/\/casadecampoliving.com\/es\/#website","url":"https:\/\/casadecampoliving.com\/es\/","name":"Casa de Campo Living","description":"Resort community news and resources.","publisher":{"@id":"https:\/\/casadecampoliving.com\/es\/#organization"},"potentialAction":[{"@type":"SearchAction","target":{"@type":"EntryPoint","urlTemplate":"https:\/\/casadecampoliving.com\/es\/?s={search_term_string}"},"query-input":{"@type":"PropertyValueSpecification","valueRequired":true,"valueName":"search_term_string"}}],"inLanguage":"es"},{"@type":"Organization","@id":"https:\/\/casadecampoliving.com\/es\/#organization","name":"Casa de Campo Living","url":"https:\/\/casadecampoliving.com\/es\/","logo":{"@type":"ImageObject","inLanguage":"es","@id":"https:\/\/casadecampoliving.com\/es\/#\/schema\/logo\/image\/","url":"https:\/\/i0.wp.com\/casadecampoliving.com\/wp-content\/uploads\/2022\/07\/CDCLivingLogo_V1-white-sized.png?fit=800%2C214&ssl=1","contentUrl":"https:\/\/i0.wp.com\/casadecampoliving.com\/wp-content\/uploads\/2022\/07\/CDCLivingLogo_V1-white-sized.png?fit=800%2C214&ssl=1","width":800,"height":214,"caption":"Casa de Campo Living"},"image":{"@id":"https:\/\/casadecampoliving.com\/es\/#\/schema\/logo\/image\/"},"sameAs":["https:\/\/www.facebook.com\/casadecampoliving","https:\/\/x.com\/cdcliving"]},{"@type":"Person","@id":"https:\/\/casadecampoliving.com\/es\/#\/schema\/person\/932e594484c49168ad37fbb9141bf699","name":"Mairobi Herrera","image":{"@type":"ImageObject","inLanguage":"es","@id":"https:\/\/secure.gravatar.com\/avatar\/d0bf6c19470eb55d83c719e39672f670b2c4412339af1eb8a08f86427ba98ee8?s=96&d=mm&r=g","url":"https:\/\/secure.gravatar.com\/avatar\/d0bf6c19470eb55d83c719e39672f670b2c4412339af1eb8a08f86427ba98ee8?s=96&d=mm&r=g","contentUrl":"https:\/\/secure.gravatar.com\/avatar\/d0bf6c19470eb55d83c719e39672f670b2c4412339af1eb8a08f86427ba98ee8?s=96&d=mm&r=g","caption":"Mairobi Herrera"},"sameAs":["https:\/\/casadecampoliving.com\/"],"url":"https:\/\/casadecampoliving.com\/es\/author\/mherrera\/"}]}},"parsely":{"version":"1.1.0","canonical_url":"https:\/\/casadecampoliving.com\/es\/guarde-la-fecha-festival-de-primavera-2013-con-la-melodia-del-teatro-dominicano-musica-y-danza\/","smart_links":{"inbound":0,"outbound":0},"traffic_boost_suggestions_count":0,"meta":{"@context":"https:\/\/schema.org","@type":"NewsArticle","headline":"\u00a1Guarde la fecha! \u00abFestival de Primavera 2013\u00bb \u00a1con la melod\u00eda del teatro dominicano, m\u00fasica y danza!","url":"http:\/\/casadecampoliving.com\/es\/guarde-la-fecha-festival-de-primavera-2013-con-la-melodia-del-teatro-dominicano-musica-y-danza\/","mainEntityOfPage":{"@type":"WebPage","@id":"http:\/\/casadecampoliving.com\/es\/guarde-la-fecha-festival-de-primavera-2013-con-la-melodia-del-teatro-dominicano-musica-y-danza\/"},"thumbnailUrl":"https:\/\/i0.wp.com\/casadecampoliving.com\/wp-content\/uploads\/2022\/10\/festival_primavera-1.jpg?resize=150%2C150&ssl=1","image":{"@type":"ImageObject","url":"https:\/\/i0.wp.com\/casadecampoliving.com\/wp-content\/uploads\/2022\/10\/festival_primavera-1.jpg?fit=715%2C320&ssl=1"},"articleSection":"Altos de Chavon @es","author":[{"@type":"Person","name":"Mairobi Herrera"}],"creator":["Mairobi Herrera"],"publisher":{"@type":"Organization","name":"Casa de Campo Living","logo":"https:\/\/casadecampoliving.com\/wp-content\/uploads\/2022\/07\/CDCLivingLogo_V1-white-sized.png"},"keywords":["altos de chavon","anfiteatro de altos de chavon","conciertos","festival de primavera","orquesta sinfonica nacional"],"dateCreated":"2013-04-27T04:00:00Z","datePublished":"2013-04-27T04:00:00Z","dateModified":"2022-10-21T22:54:26Z"},"rendered":"<script type=\"application\/ld+json\" class=\"wp-parsely-metadata\">{\"@context\":\"https:\\\/\\\/schema.org\",\"@type\":\"NewsArticle\",\"headline\":\"\\u00a1Guarde la fecha! \\u00abFestival de Primavera 2013\\u00bb \\u00a1con la melod\\u00eda del teatro dominicano, m\\u00fasica y danza!\",\"url\":\"http:\\\/\\\/casadecampoliving.com\\\/es\\\/guarde-la-fecha-festival-de-primavera-2013-con-la-melodia-del-teatro-dominicano-musica-y-danza\\\/\",\"mainEntityOfPage\":{\"@type\":\"WebPage\",\"@id\":\"http:\\\/\\\/casadecampoliving.com\\\/es\\\/guarde-la-fecha-festival-de-primavera-2013-con-la-melodia-del-teatro-dominicano-musica-y-danza\\\/\"},\"thumbnailUrl\":\"https:\\\/\\\/i0.wp.com\\\/casadecampoliving.com\\\/wp-content\\\/uploads\\\/2022\\\/10\\\/festival_primavera-1.jpg?resize=150%2C150&ssl=1\",\"image\":{\"@type\":\"ImageObject\",\"url\":\"https:\\\/\\\/i0.wp.com\\\/casadecampoliving.com\\\/wp-content\\\/uploads\\\/2022\\\/10\\\/festival_primavera-1.jpg?fit=715%2C320&ssl=1\"},\"articleSection\":\"Altos de Chavon @es\",\"author\":[{\"@type\":\"Person\",\"name\":\"Mairobi Herrera\"}],\"creator\":[\"Mairobi Herrera\"],\"publisher\":{\"@type\":\"Organization\",\"name\":\"Casa de Campo Living\",\"logo\":\"https:\\\/\\\/casadecampoliving.com\\\/wp-content\\\/uploads\\\/2022\\\/07\\\/CDCLivingLogo_V1-white-sized.png\"},\"keywords\":[\"altos de chavon\",\"anfiteatro de altos de chavon\",\"conciertos\",\"festival de primavera\",\"orquesta sinfonica nacional\"],\"dateCreated\":\"2013-04-27T04:00:00Z\",\"datePublished\":\"2013-04-27T04:00:00Z\",\"dateModified\":\"2022-10-21T22:54:26Z\"}<\/script>","tracker_url":"https:\/\/cdn.parsely.com\/keys\/casadecampoliving.com\/p.js"},"jetpack_publicize_connections":[],"jetpack_featured_media_url":"https:\/\/i0.wp.com\/casadecampoliving.com\/wp-content\/uploads\/2022\/10\/festival_primavera-1.jpg?fit=715%2C320&ssl=1","jetpack-related-posts":[{"id":341443,"url":"https:\/\/casadecampoliving.com\/es\/festival-de-primavera-taller-interactivo-de-danzas-folkloricas-dominicanas\/","url_meta":{"origin":341167,"position":0},"title":"Festival de Primavera: Taller-Interactivo de Danzas Folkl\u00f3ricas Dominicanas","author":"Mairobi Herrera","date":"16 May, 2013","format":false,"excerpt":"Si usted es dominicano, ha vivido en la Rep\u00fablica Dominicana por mucho tiempo o es turista, es bastante probable que su conocimiento sobre danza folkl\u00f3rica sea bastante limitado\u2026\u00a1hay, al menos 10 tipos de bailes folkl\u00f3ricos diferentes que usted probablemente nunca ha escuchado hablar! Como parte del\u00a0Festival de Primavera, celebraci\u00f3n del\u2026","rel":"","context":"En \u00abAltos de Chavon @es\u00bb","block_context":{"text":"Altos de Chavon @es","link":"https:\/\/casadecampoliving.com\/category\/altos-de-chavon-es\/"},"img":{"alt_text":"festival primavera","src":"https:\/\/i0.wp.com\/casadecampoliving.com\/wp-content\/uploads\/2022\/10\/festival_primavera4-1.jpg?fit=650%2C401&ssl=1&resize=350%2C200","width":350,"height":200,"srcset":"https:\/\/i0.wp.com\/casadecampoliving.com\/wp-content\/uploads\/2022\/10\/festival_primavera4-1.jpg?fit=650%2C401&ssl=1&resize=350%2C200 1x, https:\/\/i0.wp.com\/casadecampoliving.com\/wp-content\/uploads\/2022\/10\/festival_primavera4-1.jpg?fit=650%2C401&ssl=1&resize=525%2C300 1.5x"},"classes":[]},{"id":341633,"url":"https:\/\/casadecampoliving.com\/es\/excelente-e-inolvidable-el-primer-festival-de-primavera-en-altos-de-chavon\/","url_meta":{"origin":341167,"position":1},"title":"\u00a1Excelente e Inolvidable! El primer Festival de Primavera en Altos de Chav\u00f3n","author":"Mairobi Herrera","date":"27 May, 2013","format":false,"excerpt":"Excelente e inolvidable fue la primera celebraci\u00f3n del Festival de Primavera en Altos de Chav\u00f3n, llevado a cabo desde el jueves 23 de mayo hasta el domingo 26 de mayo. Durante esos cuatro d\u00edas, llenos de diferentes actividades que dieron a conocer lo mejor del arte y la cultura dominicana,\u2026","rel":"","context":"En \u00abAltos de Chavon @es\u00bb","block_context":{"text":"Altos de Chavon @es","link":"https:\/\/casadecampoliving.com\/category\/altos-de-chavon-es\/"},"img":{"alt_text":"festival primavera chavon","src":"https:\/\/i0.wp.com\/casadecampoliving.com\/wp-content\/uploads\/2022\/10\/festival_primavera_chavon-1.jpg?fit=632%2C305&ssl=1&resize=350%2C200","width":350,"height":200,"srcset":"https:\/\/i0.wp.com\/casadecampoliving.com\/wp-content\/uploads\/2022\/10\/festival_primavera_chavon-1.jpg?fit=632%2C305&ssl=1&resize=350%2C200 1x, https:\/\/i0.wp.com\/casadecampoliving.com\/wp-content\/uploads\/2022\/10\/festival_primavera_chavon-1.jpg?fit=632%2C305&ssl=1&resize=525%2C300 1.5x"},"classes":[]},{"id":341339,"url":"https:\/\/casadecampoliving.com\/es\/casa-de-campo-anuncia-el-programa-completo-del-festival-de-primavera-2013-del-23-al-26-de-mayo\/","url_meta":{"origin":341167,"position":2},"title":"Casa de Campo anuncia el programa completo del \u00abFestival de Primavera 2013\u00bb del 23 al 26 de mayo","author":"Mairobi Herrera","date":"9 May, 2013","format":false,"excerpt":"El Festival de Primavera 2013 ser\u00e1 celebrado en Altos de Chav\u00f3n desde el 23 al 26 de mayo. Una m\u00e1gica ocasi\u00f3n que nos traer\u00e1 lo mejor del arte y la m\u00fasica dominicana a Casa de Campo. Las presentaciones que se esperan son la Orquesta Sinf\u00f3nica Nacional conducida por el maestro\u2026","rel":"","context":"En \u00abAltos de Chavon @es\u00bb","block_context":{"text":"Altos de Chavon @es","link":"https:\/\/casadecampoliving.com\/category\/altos-de-chavon-es\/"},"img":{"alt_text":"","src":"https:\/\/i0.wp.com\/casadecampoliving.com\/wp-content\/uploads\/2022\/10\/festival_primavera1.jpg?fit=650%2C330&ssl=1&resize=350%2C200","width":350,"height":200,"srcset":"https:\/\/i0.wp.com\/casadecampoliving.com\/wp-content\/uploads\/2022\/10\/festival_primavera1.jpg?fit=650%2C330&ssl=1&resize=350%2C200 1x, https:\/\/i0.wp.com\/casadecampoliving.com\/wp-content\/uploads\/2022\/10\/festival_primavera1.jpg?fit=650%2C330&ssl=1&resize=525%2C300 1.5x"},"classes":[]},{"id":341447,"url":"https:\/\/casadecampoliving.com\/es\/festival-de-primavera-obra-teatral-asalto-pirata\/","url_meta":{"origin":341167,"position":3},"title":"Festival de Primavera: Obra Teatral \u00abAsalto Pirata\u00bb","author":"Mairobi Herrera","date":"18 May, 2013","format":false,"excerpt":"\u00a1Interactivo, emocionante y excitante! El jueves 23 de mayo en la tarde, la obra teatral \u201cAsalto Pirata\u201d por el grupo del Teatro Rodante Dominicano promete ser algo divertido para todas las edades. Este otro componente del agenda llena de diversi\u00f3n del \u00a0Festival de Primavera\u00a0ser\u00e1 celebrado en Altos de Chav\u00f3n desde\u2026","rel":"","context":"En \u00abAltos de Chavon @es\u00bb","block_context":{"text":"Altos de Chavon @es","link":"https:\/\/casadecampoliving.com\/category\/altos-de-chavon-es\/"},"img":{"alt_text":"festival primavera","src":"https:\/\/i0.wp.com\/casadecampoliving.com\/wp-content\/uploads\/2022\/10\/festival_primavera3-1.jpg?fit=650%2C401&ssl=1&resize=350%2C200","width":350,"height":200,"srcset":"https:\/\/i0.wp.com\/casadecampoliving.com\/wp-content\/uploads\/2022\/10\/festival_primavera3-1.jpg?fit=650%2C401&ssl=1&resize=350%2C200 1x, https:\/\/i0.wp.com\/casadecampoliving.com\/wp-content\/uploads\/2022\/10\/festival_primavera3-1.jpg?fit=650%2C401&ssl=1&resize=525%2C300 1.5x"},"classes":[]},{"id":341403,"url":"https:\/\/casadecampoliving.com\/es\/concierto-con-la-orquesta-sinfonica-nacional-en-el-anfiteatro-de-altos-de-chavon\/","url_meta":{"origin":341167,"position":4},"title":"Concierto con la Orquesta Sinf\u00f3nica Nacional en el Anfiteatro de Altos de Chav\u00f3n","author":"lperdomo","date":"13 May, 2013","format":false,"excerpt":"\u00a1Reserve el d\u00eda! Como parte del Festival de Primavera que ser\u00e1 celebrado la semana que viene desde el 23 hasta el 26 de mayo en Altos de Chav\u00f3n, \u00a1la Orquesta Sinf\u00f3nica Nacional estar\u00e1 presente en el Anfiteatro el viernes 24 de mayo! El Festival de Primavera organizado por Casa de\u2026","rel":"","context":"En \u00abAltos de Chavon @es\u00bb","block_context":{"text":"Altos de Chavon @es","link":"https:\/\/casadecampoliving.com\/category\/altos-de-chavon-es\/"},"img":{"alt_text":"national symphonic orchestra","src":"https:\/\/i0.wp.com\/casadecampoliving.com\/wp-content\/uploads\/2022\/10\/national_symphonic_orchestra-1.jpg?fit=650%2C401&ssl=1&resize=350%2C200","width":350,"height":200,"srcset":"https:\/\/i0.wp.com\/casadecampoliving.com\/wp-content\/uploads\/2022\/10\/national_symphonic_orchestra-1.jpg?fit=650%2C401&ssl=1&resize=350%2C200 1x, https:\/\/i0.wp.com\/casadecampoliving.com\/wp-content\/uploads\/2022\/10\/national_symphonic_orchestra-1.jpg?fit=650%2C401&ssl=1&resize=525%2C300 1.5x"},"classes":[]},{"id":341475,"url":"https:\/\/casadecampoliving.com\/es\/ministro-de-cultura-jose-antonio-rodriguez-les-invita-a-hacer-una-parada-en-chavon-donde-el-sol-se-anida-para-recibir-la-primavera\/","url_meta":{"origin":341167,"position":5},"title":"Ministro de cultura Jos\u00e9 Antonio Rodr\u00edguez les invita a hacer una parada en Chav\u00f3n, \u00abdonde el sol se anida para recibir la primavera\u00bb","author":"Mairobi Herrera","date":"19 May, 2013","format":false,"excerpt":"Desde que Jos\u00e9 Antonio Rodr\u00edguez asumi\u00f3\u00a0el cargo de Ministro de Cultura de la Rep\u00fablica Dominicana, la localidad de La\u00a0Romana, se ha puesto en marcha, patrocinando y apoyando muchas excelentes iniciativas en todo el pa\u00eds; y lo siguiente es su invitaci\u00f3n a la Festival de Primavera, en Altos de Chav\u00f3n, del\u2026","rel":"","context":"En \u00abAltos de Chavon @es\u00bb","block_context":{"text":"Altos de Chavon @es","link":"https:\/\/casadecampoliving.com\/category\/altos-de-chavon-es\/"},"img":{"alt_text":"jose antonio rodriguez","src":"https:\/\/i0.wp.com\/casadecampoliving.com\/wp-content\/uploads\/2022\/10\/jose_antonio_rodroguez-1.jpg?fit=650%2C509&ssl=1&resize=350%2C200","width":350,"height":200,"srcset":"https:\/\/i0.wp.com\/casadecampoliving.com\/wp-content\/uploads\/2022\/10\/jose_antonio_rodroguez-1.jpg?fit=650%2C509&ssl=1&resize=350%2C200 1x, https:\/\/i0.wp.com\/casadecampoliving.com\/wp-content\/uploads\/2022\/10\/jose_antonio_rodroguez-1.jpg?fit=650%2C509&ssl=1&resize=525%2C300 1.5x"},"classes":[]}],"jetpack_sharing_enabled":true,"_links":{"self":[{"href":"https:\/\/casadecampoliving.com\/es\/wp-json\/wp\/v2\/posts\/341167","targetHints":{"allow":["GET"]}}],"collection":[{"href":"https:\/\/casadecampoliving.com\/es\/wp-json\/wp\/v2\/posts"}],"about":[{"href":"https:\/\/casadecampoliving.com\/es\/wp-json\/wp\/v2\/types\/post"}],"author":[{"embeddable":true,"href":"https:\/\/casadecampoliving.com\/es\/wp-json\/wp\/v2\/users\/431"}],"replies":[{"embeddable":true,"href":"https:\/\/casadecampoliving.com\/es\/wp-json\/wp\/v2\/comments?post=341167"}],"version-history":[{"count":1,"href":"https:\/\/casadecampoliving.com\/es\/wp-json\/wp\/v2\/posts\/341167\/revisions"}],"predecessor-version":[{"id":341168,"href":"https:\/\/casadecampoliving.com\/es\/wp-json\/wp\/v2\/posts\/341167\/revisions\/341168"}],"wp:featuredmedia":[{"embeddable":true,"href":"https:\/\/casadecampoliving.com\/es\/wp-json\/wp\/v2\/media\/229149"}],"wp:attachment":[{"href":"https:\/\/casadecampoliving.com\/es\/wp-json\/wp\/v2\/media?parent=341167"}],"wp:term":[{"taxonomy":"category","embeddable":true,"href":"https:\/\/casadecampoliving.com\/es\/wp-json\/wp\/v2\/categories?post=341167"},{"taxonomy":"post_tag","embeddable":true,"href":"https:\/\/casadecampoliving.com\/es\/wp-json\/wp\/v2\/tags?post=341167"},{"taxonomy":"newspack_spnsrs_tax","embeddable":true,"href":"https:\/\/casadecampoliving.com\/es\/wp-json\/wp\/v2\/newspack_spnsrs_tax?post=341167"}],"curies":[{"name":"wp","href":"https:\/\/api.w.org\/{rel}","templated":true}]}}