{"id":341091,"date":"2013-04-23T00:00:00","date_gmt":"2013-04-23T04:00:00","guid":{"rendered":"https:\/\/casadecampoliving.com\/realizan-torneo-de-beisbol-en-honor-a-roberto-a-weill-presidente-del-salon-de-la-fama-del-beisbol-latino\/"},"modified":"2022-10-21T18:53:50","modified_gmt":"2022-10-21T22:53:50","slug":"realizan-torneo-de-beisbol-en-honor-a-roberto-a-weill-presidente-del-salon-de-la-fama-del-beisbol-latino","status":"publish","type":"post","link":"https:\/\/casadecampoliving.com\/es\/realizan-torneo-de-beisbol-en-honor-a-roberto-a-weill-presidente-del-salon-de-la-fama-del-beisbol-latino\/","title":{"rendered":"Realizan torneo de b\u00e9isbol en honor a Roberto A. Weill, Presidente del Sal\u00f3n de la Fama del B\u00e9isbol Latino"},"content":{"rendered":"<div class=\"wp-block-image\">\n<figure class=\"aligncenter is-resized\"><img loading=\"lazy\" decoding=\"async\" src=\"https:\/\/i0.wp.com\/casadecampoliving.com\/wp-content\/uploads\/2022\/10\/roberto_weill.jpg?resize=650%2C333&amp;ssl=1\" alt=\"roberto weill\" class=\"wp-image-68996\" title=\"roberto_weill\" height=\"333\" width=\"650\"\/><\/figure>\n<\/div>\n\n\n<p>\u00a1Playball! &nbsp;El XXI Torneo de B\u00e9isbol Superior AA \u201cCopa Central Romana\u201d fue dedicado al Ing. Roberto A. Weill, Presidente del Sal\u00f3n de la Fama del B\u00e9isbol Latino (SFBL) y conocido due\u00f1o de villa de Casa de Campo.<\/p>\n\n\n<div class=\"wp-block-image\">\n<figure class=\"alignright is-resized\"><img loading=\"lazy\" decoding=\"async\" src=\"https:\/\/i0.wp.com\/casadecampoliving.com\/wp-content\/uploads\/2022\/10\/roberto_weill1.jpg?resize=280%2C287&amp;ssl=1\" alt=\"roberto weill\" class=\"wp-image-68998\" title=\"roberto_weill\" height=\"287\" width=\"280\"\/><\/figure>\n<\/div>\n\n\n<p>El torneo se realiz\u00f3 el pasado s\u00e1bado 13 de abril en el moderno estadio de B\u00e9sibol Anjujar Cede\u00f1o, ubicado en el municipio de Villa Hermosa y cont\u00f3 con la participaci\u00f3n de 16 equipos del \u00e1rea de La Romana y San Pedro de Macor\u00eds.<\/p>\n\n\n\n<p>El ingeniero de origen cubano Roberto A. Weill, quien hace m\u00e1s de 30 a\u00f1os que se encuentra en el pa\u00eds, fue honorado en este evento gracias a su ardua labor y empe\u00f1o&nbsp;en pro del B\u00e9isbol Latino.<\/p>\n\n\n\n<p>En sus palabras de agradecimiento Weill expres\u00f3 su alegr\u00eda y satisfacci\u00f3n por la distinci\u00f3n recibida de parte de la asociaci\u00f3n de B\u00e9isbol de La Romana (ABERO), los organizadores y el pueblo de la Romana por el cari\u00f1o que le ha manifestado, adopt\u00e1ndolo como un hijo: Cubano de la Romana.<\/p>\n\n\n\n<p>Al este acto asistieron diferentes personalidades del \u00e1mbito deportivo de La Romana. El p\u00fablico asistente respald\u00f3 con benepl\u00e1cito la dedicatoria del Torneo al Ing. Roberto Weill.<\/p>\n\n\n\n<p>Este torneo anual se hace posible gracias al apoyo del Central Romana Corporation, que emplea a m\u00e1s de 25.000 en el \u00e1rea metropolitana de La Romana. La empresa que don\u00f3 el terreno donde se construir\u00e1 el futuro Museo Hist\u00f3rico para el Sal\u00f3n de la Fama del B\u00e9isbol Latino y de la \u201cCiudad del B\u00e9isbol Latino\u201d es un gran seguidor de este deporte. El equipo local de La Romana \u201cLos Toros del Este\u201d, tambi\u00e9n es apoyado por el Central Romana y Alfy Fanjul, Presidente y CEO de la Central Romana Corporation es el Presidente de Honor del Sal\u00f3n de la Fama del B\u00e9isbol Latino.<\/p>\n\n\n<div class=\"wp-block-image\">\n<figure class=\"aligncenter is-resized\"><img loading=\"lazy\" decoding=\"async\" src=\"https:\/\/i0.wp.com\/casadecampoliving.com\/wp-content\/uploads\/2022\/10\/dominican-flags.jpg?resize=650%2C374&amp;ssl=1\" alt=\"dominican flags\" class=\"wp-image-68997\" title=\"dominican-flags\" height=\"374\" width=\"650\"\/><\/figure>\n<\/div>\n\n\n<p>Como Presidente del Sal\u00f3n de la Fama del B\u00e9isbol Latino, Roberto Weill colabor\u00f3 \u200b\u200bestrechamente con &nbsp;<a href=\"https:\/\/casadecampoliving.com\/silgon\">Silgon Inc., Marketing, Web Development &amp; Publishing Services<\/a>&nbsp;para crear la primera edici\u00f3n de INMORTALES, la revista oficial del Sal\u00f3n de la Fama del B\u00e9isbol Latino. La nueva revista se puso en marcha durante <strong><a href=\"https:\/\/casadecampoliving.com\/2013\/02\/honoring-the-inmortales-at-the-4th-inductions-into-the-latino-baseball-hall-of-fame\/\">La cuarta exaltaci\u00f3n al Sal\u00f3n de la Fama del B\u00e9isbol Latino<\/a><\/strong><strong>&nbsp;<\/strong>celebrado en Casa de Campo, en febrero del a\u00f1o del B\u00e9isbol Latino, y fue recibido con mucho entusiamos el anuncio que hizo Roberto al recibir su ejemplar: &nbsp;\u00a1\u201dUn verdadero honr\u00f3n. Felicidades a ti y a tu Equipo de Silgon. Rebecca [(Hughes), Editora de INMORTALES], ser\u00e1 inmortalizada \u201c!<\/p>\n\n\n\n<p>A continuaci\u00f3n disfrute de los eventos del Sal\u00f3n de la Fama de B\u00e9isbol Latino celebrados en febrero de este a\u00f1o:<\/p>\n\n\n\n<blockquote><p><strong><a href=\"https:\/\/casadecampoliving.com\/es\/2013\/02\/silgon-inc-lanza-nueva-revista-inmortales-en-el-coctel-de-bienvenida-del-salon-de-la-fama-del-beisbol-latino\/\">C\u00f3ctel de bienvenida en la Marina Casa de Campo<\/a><\/strong><\/p><figure><img decoding=\"async\" loading=\"lazy\" title=\"FELIPE-ALO_ROBERTO-WEILL_LUIS-CLEMENTE_TONY-OLIVA\" src=\"https:\/\/i0.wp.com\/casadecampoliving.com\/wp-content\/uploads\/2022\/10\/FELIPE-ALO_ROBERTO-WEILL_LUIS-CLEMENTE_TONY-OLIVA1.jpg?resize=620%2C412&amp;ssl=1\" alt=\"felipe alou, roberto weill, luis clemente, tony oliva\" width=\"620\" height=\"412\"><\/figure><p>Para dar comienzo a las celebraciones, Roberto Weill, fundador y presidente del Sal\u00f3n de la Fama del B\u00e9isbol Latino, dio la bienvenida a sus invitados especiales con un c\u00f3ctel realizado en el \u201cFan Cave\u201d del Sal\u00f3n de la Fama del B\u00e9isbol Latino ubicado en la Marina Casa de Campo, el pasado jueves 7 de febrero.<\/p><p>A\u00fan cuando quedan por llegar muchos invitados especiales y luminarias del Sal\u00f3n de la Fama del B\u00e9isbol Latino,&nbsp; Teodoro Higuera, Rennie Stennet, Antonio Armas,&nbsp;Tony \u201cCabeza\u201d Fern\u00e1ndez, Octavio Rojas y Victor Davalillo, todos miembros de la clase 2013 del Sal\u00f3n de la Fama del B\u00e9isbol Latino, disfrutaron de su primera noche en Casa de Campo conociendo a nuevos amigos, compartiendo con los amigos de siempre y por supuesto, posando&nbsp; para numerosas fotos y firmando aut\u00f3grafos en la otra estrella de la noche\u2026<a href=\"http:\/\/wp.me\/P1kvEy-gRh\">INMORTALES, la nueva revista oficial<\/a>&nbsp;del Sal\u00f3n de la Fama del B\u00e9isbol Latino.<\/p><p><em><strong><a href=\"https:\/\/casadecampoliving.com\/es\/2013\/02\/silgon-inc-lanza-nueva-revista-inmortales-en-el-coctel-de-bienvenida-del-salon-de-la-fama-del-beisbol-latino\/\">Haga click aqu\u00ed para fotos y el art\u00edculo completo!<\/a><\/strong><\/em><\/p><\/blockquote>\n\n\n\n<blockquote><p><strong><a href=\"https:\/\/casadecampoliving.com\/es\/2013\/02\/el-salon-de-la-fama-del-beisbol-latino-honra-a-roberto-clemente-durante-cena-de-bienvenida-en-minitas\/\">Cena de bienvenida en playa Minitas<\/a><br>\n<\/strong><\/p><figure><img decoding=\"async\" loading=\"lazy\" title=\"bernie_williams\" src=\"https:\/\/i0.wp.com\/casadecampoliving.com\/wp-content\/uploads\/2022\/10\/bernie_williams.jpg?resize=585%2C378&amp;ssl=1\" alt=\"bernie williams\" width=\"585\" height=\"378\"><\/figure><p>Seguido del c\u00f3ctel de bienvenida, una cena fue realizada en la playa Minitas en honor a Roberto Clemente, ganador de 12 guantes de oro y el primer latino en llegar a los 3,000 hits, adem\u00e1s de ser un gran ser humano, muriendo tr\u00e1gicamente en Nicaragua mientras llevaba suplementos a los necesitados tras el terremoto de 1972.<\/p><p>Adem\u00e1s de las luminarias de la clase 2013, tambi\u00e9n estuvo presente Bernie Williams y Felipe Rojas Alou, ambos pertenecientes a la clase 2012 del Sal\u00f3n de la Fama del B\u00e9isbol Latino, Rafael \u00c1vila, tambi\u00e9n fundador del Sal\u00f3n de la Fama del B\u00e9isbol Latino, Sharon Robinson, hija del gran Jackie Robinson, Jeff Idelson, president del Sal\u00f3n de la Fama del B\u00e9isbol en Cooperstown y Luis Clemente, hijo de Roberto Clemente.<\/p><p><em><strong><a href=\"https:\/\/casadecampoliving.com\/es\/2013\/02\/el-salon-de-la-fama-del-beisbol-latino-honra-a-roberto-clemente-durante-cena-de-bienvenida-en-minitas\/\">Haga click aqu\u00ed para m\u00e1s fotos y el art\u00edculo completo!<\/a><\/strong><\/em><\/p><\/blockquote>\n\n\n\n<blockquote><figure><img decoding=\"async\" loading=\"lazy\" class=\"alignright\" title=\"jackie_robinson\" src=\"https:\/\/i0.wp.com\/casadecampoliving.com\/wp-content\/uploads\/2022\/10\/jackie_robinson.jpg?resize=230%2C230&amp;ssl=1\" alt=\"jackie robinson\" width=\"230\" height=\"230\"><\/figure><p><strong>Desfile de los Inmortales y el Paseo de los Inmortales<\/strong><\/p><p>En la tarde del viernes 8 de febrero, las luminarias de la clase 2012 y 2013 hicieron un desfile hacia La Romana en veh\u00edculos que les permitieron saludar a su paso a sus numerosos fan\u00e1ticos. La primera parada en La Romana se hizo en el terreno en el que se construir\u00e1 el futuro Sal\u00f3n de la Fama del B\u00e9isbol Latino y posteriormente se dirigieron al Paseo de los Inmortales en donde las leyendas del b\u00e9isbol de la clase 2012;&nbsp;Bernie Williams, Tony Pe\u00f1a, Tony Oliva,&nbsp;Bengam\u00edn Oglivie, Luis Trite&nbsp;Arroyo and Manny Trillo, entre otros,&nbsp; participaron de la ceremonia de inmortalizaci\u00f3n al desvelar sus estatuas elaboradas por Jos\u00e9 Ignacio, El Artistico.<\/p><\/blockquote>\n\n\n\n<blockquote><p><strong><a href=\"https:\/\/casadecampoliving.com\/es\/2013\/02\/un-coctel-al-atardecer-para-las-legendas-del-latino-baseball-hall-of-fame\/\">C\u00f3ctel del Gerente de Casa de Campo<\/a><br>\n<\/strong><\/p><figure><img decoding=\"async\" loading=\"lazy\" title=\"tony_olivo_rennie_stennet\" src=\"https:\/\/i0.wp.com\/casadecampoliving.com\/wp-content\/uploads\/2022\/10\/tony_olivo_rennie_stennet.jpg?resize=620%2C362&amp;ssl=1\" alt=\"tony olivo rennie stennet\" width=\"620\" height=\"362\"><\/figure><p>La gerencia del Hotel Casa de Campo invit\u00f3 a los jugadores e invitados especiales del torneo de golf INMORTALES a un c\u00f3ctel realizado a la luz del atardecer en el \u00e1rea de la piscina del Hotel Casa de Campo.<\/p><p><em><strong><a href=\"https:\/\/casadecampoliving.com\/es\/2013\/02\/un-coctel-al-atardecer-para-las-legendas-del-latino-baseball-hall-of-fame\/\">Haga click aqu\u00ed para m\u00e1s fotos y el art\u00edculo completo!<\/a><\/strong><\/em><\/p><\/blockquote>\n\n\n\n<blockquote><p><strong><a href=\"https:\/\/casadecampoliving.com\/es\/2013\/03\/una-cena-para-los-inmortales-del-salon-de-la-fama-en-casa-grande\/\">Cena del Chairman Honorario<\/a><\/strong><\/p><figure><img decoding=\"async\" loading=\"lazy\" title=\"jenny_steinbrenner_pepe_fanjul\" src=\"https:\/\/i0.wp.com\/casadecampoliving.com\/wp-content\/uploads\/2022\/10\/jenny_steinbrenner_pepe_fanjul.jpg?resize=620%2C330&amp;ssl=1\" alt=\"jenny steinbrenner pepe fanjul\" width=\"620\" height=\"330\"><\/figure><p>Cada a\u00f1o, Alfy Fanjul, el chairman honorario y co-fundador del Sal\u00f3n de la Fama del B\u00e9isbol Latino, organiza una cena en su residencia Casa Grande, en Casa de Campo, la cual se convierte en una elegante ocasi\u00f3n que \u00e9ste a\u00f1o tuvo como anfitri\u00f3n a Pepe Fanjul Jr, junto a su esposa Lourdes. Esta reuni\u00f3n no s\u00f3lo cont\u00f3 con la presencia de las clases 2012 y 2013 del evento, una serie de miembros del comit\u00e9 e invitados especiales de Casa de Campo, tambi\u00e9n cont\u00f3 con la presencia de&nbsp; Jenny Steinbrenner, hija del fallecido George Steinbrenner, quien durante 37 a\u00f1os fue due\u00f1o del equipo de los Yankees de Nueva York.<\/p><p><em><strong><a href=\"https:\/\/casadecampoliving.com\/es\/2013\/03\/una-cena-para-los-inmortales-del-salon-de-la-fama-en-casa-grande\/\">Haga click aqu\u00ed para fotos y el articulo completo!<\/a><\/strong><\/em><\/p><\/blockquote>\n\n\n\n<blockquote><p><strong><a href=\"https:\/\/casadecampoliving.com\/es\/2013\/03\/tony-oliva-campeon-del-torneo-de-golf-inmortales-en-el-teeth-of-the-dog\/\">El Torneo de Golf Los INMORTALES<\/a><br>\n<\/strong><\/p><figure><img decoding=\"async\" loading=\"lazy\" title=\"benjamin_oglivie\" src=\"https:\/\/i0.wp.com\/casadecampoliving.com\/wp-content\/uploads\/2022\/10\/benjamin_oglivie.jpg?resize=620%2C443&amp;ssl=1\" alt=\"benjamin oglivie\" width=\"620\" height=\"443\"><\/figure><p>El Torneo de Golf Los INMORTALES, celebrado en el campo de golf Teeth of the Dog, fue una gran oportunidad para la comunidad de golfistas de Casa de Campo, quienes jugaron junto as us h\u00e9roes del b\u00e9isbol en un equipo de cuatro que integraba al menos a una luminaria del b\u00e9isbol. Luego del torneo, los participantes disfrutaron de un almuerzo y premiaci\u00f3n.<\/p><p><em><strong><a href=\"https:\/\/casadecampoliving.com\/es\/2013\/03\/tony-oliva-campeon-del-torneo-de-golf-inmortales-en-el-teeth-of-the-dog\/\">Haga click aqu\u00ed para fotos y el art\u00edculo completo!<\/a><\/strong><\/em><\/p><\/blockquote>\n\n\n\n<blockquote><p><strong>La Gran Ceremonia de Exaltaci\u00f3n<br>\n<\/strong><\/p><figure><img decoding=\"async\" loading=\"lazy\" title=\"salon_de_la_fama_beisbol_latino\" src=\"https:\/\/i0.wp.com\/casadecampoliving.com\/wp-content\/uploads\/2022\/10\/salon_de_la_fama_besibol_latino.jpg?resize=620%2C560&amp;ssl=1\" alt=\"salon de la fama beisbol latino\" width=\"620\" height=\"560\"><\/figure><p>El evento en anfiteatro de Altos de Chav\u00f3n comenz\u00f3 a las 8pm el s\u00e1bado 9 de febrero y fue una celebraci\u00f3n que exalt\u00f3 un sin fin de logros alcanzados por algunos de los m\u00e1s grandes jugadores del b\u00e9isbol latino de todos los tiempos. Adem\u00e1s de la clase 2013, fueron reconocidos, Miguel Cabrera, Roberto Weill, Jackie Robinson, Jeff Idelson, Roberto Clemente, Epy Guerrero, Horacio Mart\u00ednez, entre otros.<\/p><p><strong>Sal\u00f3n de la Fama del Beisbol Latino \u2013 Clase 2013<\/strong><\/p><figure><img decoding=\"async\" loading=\"lazy\" class=\"alignright\" title=\"Mateo-Rojas-Alou\" src=\"https:\/\/i0.wp.com\/casadecampoliving.com\/wp-content\/uploads\/2022\/10\/Mateo-Rojas-Alou.jpg?resize=230%2C317&amp;ssl=1\" alt=\"mateo rojas alou\" width=\"230\" height=\"317\"><\/figure><p><strong><strong>Contempor\u00e1neos 2013<\/strong><br>\n\u2022<\/strong>&nbsp;Miguel Cu\u00e9llar de Cuba (p\u00f3stumo)<br>\n\u2022 Octavio Rojas de Cuba<br>\n\u2022 Teodoro Higueras de M\u00e9xico<br>\n\u2022 Rennie Stennett de Panam\u00e1<br>\n\u2022 Juan Igor Gonz\u00e1lez dePuerto Rico<br>\n\u2022 Tony Fern\u00e1ndez de la Rep\u00fablica Dominicana<br>\n\u2022 Mateo Rojas Alou de la Rep\u00fablica Dominicana (p\u00f3stumo)<br>\n\u2022 Antonio Armas de Venezuela<\/p><p><strong>Veteranos 2013<\/strong><\/p><p>\u2022 Santos Amaro de Cuba<br>\n\u2022 Victor Davalillo de Venezuela<br>\n\u2022 Victor Pellot Power de Puerto Rico<br>\n\u2022 Felipe Clipper Montemayor de M\u00e9xico<br>\n\u2022 Juli\u00e1n Javier de la Rep\u00fablica Dominicana<br>\n\u2022 Humberto Robinson de Panam\u00e1<\/p><\/blockquote>\n\n\n\n<blockquote><p><strong>Cena del Fundador<br>\n<\/strong><\/p><figure><img decoding=\"async\" loading=\"lazy\" title=\"rennie_stennet\" src=\"https:\/\/i0.wp.com\/casadecampoliving.com\/wp-content\/uploads\/2022\/10\/rennie_stennet.jpg?resize=620%2C393&amp;ssl=1\" alt=\"rennie stennet\" width=\"620\" height=\"393\"><\/figure><p>Luego de la Gran Ceremonia de Exaltaci\u00f3n, las luminarias,a s\u00ed como invitados especiales de Casa de Campo fueron invitados a la villa de Roberto Weill para disfrutar de una cena como el \u00faltimo evento programado en las actividades que giraron en torno a la IV Exaltaci\u00f3n al Sal\u00f3n de la Fama del B\u00e9isbol Latino.<\/p><\/blockquote>\n","protected":false},"excerpt":{"rendered":"<p>\u00a1Playball! &nbsp;El XXI Torneo de B\u00e9isbol Superior AA \u201cCopa Central Romana\u201d fue dedicado al Ing. Roberto A. Weill, Presidente del Sal\u00f3n de la Fama del B\u00e9isbol Latino (SFBL) y conocido due\u00f1o de villa de Casa de Campo. El torneo se realiz\u00f3 el pasado s\u00e1bado 13 de abril en el moderno estadio de B\u00e9sibol Anjujar Cede\u00f1o, [&hellip;]<\/p>\n","protected":false},"author":431,"featured_media":227962,"comment_status":"closed","ping_status":"closed","sticky":false,"template":"","format":"standard","meta":{"newspack_ads_suppress_ads":false,"newspack_popups_has_disabled_popups":false,"newspack_sponsor_sponsorship_scope":"","newspack_sponsor_native_byline_display":"inherit","newspack_sponsor_native_category_display":"inherit","newspack_sponsor_underwriter_style":"inherit","newspack_sponsor_underwriter_placement":"inherit","_newspack_byline_active":false,"_newspack_byline":"","newspack_hide_updated_date":false,"newspack_show_updated_date":false,"newspack_content_restriction_is_exempt":false,"newspack_featured_image_position":"","newspack_post_subtitle":"","newspack_article_summary_title":"Overview:","newspack_article_summary":"","_jetpack_memberships_contains_paid_content":false,"footnotes":"","jetpack_publicize_message":"","jetpack_publicize_feature_enabled":true,"jetpack_social_post_already_shared":false,"jetpack_social_options":{"image_generator_settings":{"template":"highway","default_image_id":0,"font":"","enabled":false},"version":2},"_wpas_customize_per_network":false},"categories":[2525,2524,14631,2522,14627],"tags":[2583,3727,6288,14542,6287],"newspack_spnsrs_tax":[],"class_list":["post-341091","post","type-post","status-publish","format-standard","has-post-thumbnail","hentry","category-golf-deportes-es","category-destacados","category-estilo-de-vida","category-eventos-es","category-proximamente","tag-beisbol","tag-inmortales","tag-inmortales-es","tag-la-romana-es","tag-roberto-weill-es","entry"],"yoast_head":"<!-- This site is optimized with the Yoast SEO plugin v27.5 - https:\/\/yoast.com\/product\/yoast-seo-wordpress\/ -->\n<title>Realizan torneo de b\u00e9isbol en honor a Roberto A. Weill, Presidente del Sal\u00f3n de la Fama del B\u00e9isbol Latino | Casa de Campo Living<\/title>\n<meta name=\"description\" content=\"\u00a1Playball! &nbsp;El XXI Torneo de B\u00e9isbol Superior AA \u201cCopa Central Romana\u201d fue dedicado al Ing. Roberto A. Weill, Presidente del Sal\u00f3n de la Fama del\" \/>\n<meta name=\"robots\" content=\"index, follow, max-snippet:-1, max-image-preview:large, max-video-preview:-1\" \/>\n<link rel=\"canonical\" href=\"https:\/\/casadecampoliving.com\/es\/realizan-torneo-de-beisbol-en-honor-a-roberto-a-weill-presidente-del-salon-de-la-fama-del-beisbol-latino\/\" \/>\n<meta property=\"og:locale\" content=\"es_ES\" \/>\n<meta property=\"og:type\" content=\"article\" \/>\n<meta property=\"og:title\" content=\"Realizan torneo de b\u00e9isbol en honor a Roberto A. Weill, Presidente del Sal\u00f3n de la Fama del B\u00e9isbol Latino | Casa de Campo Living\" \/>\n<meta property=\"og:description\" content=\"\u00a1Playball! &nbsp;El XXI Torneo de B\u00e9isbol Superior AA \u201cCopa Central Romana\u201d fue dedicado al Ing. Roberto A. Weill, Presidente del Sal\u00f3n de la Fama del\" \/>\n<meta property=\"og:url\" content=\"https:\/\/casadecampoliving.com\/es\/realizan-torneo-de-beisbol-en-honor-a-roberto-a-weill-presidente-del-salon-de-la-fama-del-beisbol-latino\/\" \/>\n<meta property=\"og:site_name\" content=\"Casa de Campo Living\" \/>\n<meta property=\"article:publisher\" content=\"https:\/\/www.facebook.com\/casadecampoliving\" \/>\n<meta property=\"article:published_time\" content=\"2013-04-23T04:00:00+00:00\" \/>\n<meta property=\"article:modified_time\" content=\"2022-10-21T22:53:50+00:00\" \/>\n<meta property=\"og:image\" content=\"https:\/\/i0.wp.com\/casadecampoliving.com\/wp-content\/uploads\/2022\/10\/roberto_weill-1.jpg?fit=650%2C333&ssl=1\" \/>\n\t<meta property=\"og:image:width\" content=\"650\" \/>\n\t<meta property=\"og:image:height\" content=\"333\" \/>\n\t<meta property=\"og:image:type\" content=\"image\/jpeg\" \/>\n<meta name=\"author\" content=\"Mairobi Herrera\" \/>\n<meta name=\"twitter:card\" content=\"summary_large_image\" \/>\n<meta name=\"twitter:creator\" content=\"@cdcliving\" \/>\n<meta name=\"twitter:site\" content=\"@cdcliving\" \/>\n<meta name=\"twitter:label1\" content=\"Escrito por\" \/>\n\t<meta name=\"twitter:data1\" content=\"Mairobi Herrera\" \/>\n\t<meta name=\"twitter:label2\" content=\"Tiempo de lectura\" \/>\n\t<meta name=\"twitter:data2\" content=\"7 minutos\" \/>\n<script type=\"application\/ld+json\" class=\"yoast-schema-graph\">{\"@context\":\"https:\\\/\\\/schema.org\",\"@graph\":[{\"@type\":\"Article\",\"@id\":\"https:\\\/\\\/casadecampoliving.com\\\/es\\\/realizan-torneo-de-beisbol-en-honor-a-roberto-a-weill-presidente-del-salon-de-la-fama-del-beisbol-latino\\\/#article\",\"isPartOf\":{\"@id\":\"https:\\\/\\\/casadecampoliving.com\\\/es\\\/realizan-torneo-de-beisbol-en-honor-a-roberto-a-weill-presidente-del-salon-de-la-fama-del-beisbol-latino\\\/\"},\"author\":{\"name\":\"Mairobi Herrera\",\"@id\":\"https:\\\/\\\/casadecampoliving.com\\\/es\\\/#\\\/schema\\\/person\\\/932e594484c49168ad37fbb9141bf699\"},\"headline\":\"Realizan torneo de b\u00e9isbol en honor a Roberto A. Weill, Presidente del Sal\u00f3n de la Fama del B\u00e9isbol Latino\",\"datePublished\":\"2013-04-23T04:00:00+00:00\",\"dateModified\":\"2022-10-21T22:53:50+00:00\",\"mainEntityOfPage\":{\"@id\":\"https:\\\/\\\/casadecampoliving.com\\\/es\\\/realizan-torneo-de-beisbol-en-honor-a-roberto-a-weill-presidente-del-salon-de-la-fama-del-beisbol-latino\\\/\"},\"wordCount\":1460,\"publisher\":{\"@id\":\"https:\\\/\\\/casadecampoliving.com\\\/es\\\/#organization\"},\"image\":{\"@id\":\"https:\\\/\\\/casadecampoliving.com\\\/es\\\/realizan-torneo-de-beisbol-en-honor-a-roberto-a-weill-presidente-del-salon-de-la-fama-del-beisbol-latino\\\/#primaryimage\"},\"thumbnailUrl\":\"https:\\\/\\\/i0.wp.com\\\/casadecampoliving.com\\\/wp-content\\\/uploads\\\/2022\\\/10\\\/roberto_weill-1.jpg?fit=650%2C333&ssl=1\",\"keywords\":[\"beisbol\",\"inmortales\",\"INMORTALES @es\",\"La Romana @es\",\"roberto weill @es\"],\"articleSection\":[\"Deportes\",\"Destacados\",\"Estilo de Vida\",\"Eventos\",\"Proximamente\"],\"inLanguage\":\"es\"},{\"@type\":\"WebPage\",\"@id\":\"https:\\\/\\\/casadecampoliving.com\\\/es\\\/realizan-torneo-de-beisbol-en-honor-a-roberto-a-weill-presidente-del-salon-de-la-fama-del-beisbol-latino\\\/\",\"url\":\"https:\\\/\\\/casadecampoliving.com\\\/es\\\/realizan-torneo-de-beisbol-en-honor-a-roberto-a-weill-presidente-del-salon-de-la-fama-del-beisbol-latino\\\/\",\"name\":\"Realizan torneo de b\u00e9isbol en honor a Roberto A. Weill, Presidente del Sal\u00f3n de la Fama del B\u00e9isbol Latino | Casa de Campo Living\",\"isPartOf\":{\"@id\":\"https:\\\/\\\/casadecampoliving.com\\\/es\\\/#website\"},\"primaryImageOfPage\":{\"@id\":\"https:\\\/\\\/casadecampoliving.com\\\/es\\\/realizan-torneo-de-beisbol-en-honor-a-roberto-a-weill-presidente-del-salon-de-la-fama-del-beisbol-latino\\\/#primaryimage\"},\"image\":{\"@id\":\"https:\\\/\\\/casadecampoliving.com\\\/es\\\/realizan-torneo-de-beisbol-en-honor-a-roberto-a-weill-presidente-del-salon-de-la-fama-del-beisbol-latino\\\/#primaryimage\"},\"thumbnailUrl\":\"https:\\\/\\\/i0.wp.com\\\/casadecampoliving.com\\\/wp-content\\\/uploads\\\/2022\\\/10\\\/roberto_weill-1.jpg?fit=650%2C333&ssl=1\",\"datePublished\":\"2013-04-23T04:00:00+00:00\",\"dateModified\":\"2022-10-21T22:53:50+00:00\",\"description\":\"\u00a1Playball! &nbsp;El XXI Torneo de B\u00e9isbol Superior AA \u201cCopa Central Romana\u201d fue dedicado al Ing. Roberto A. Weill, Presidente del Sal\u00f3n de la Fama del\",\"breadcrumb\":{\"@id\":\"https:\\\/\\\/casadecampoliving.com\\\/es\\\/realizan-torneo-de-beisbol-en-honor-a-roberto-a-weill-presidente-del-salon-de-la-fama-del-beisbol-latino\\\/#breadcrumb\"},\"inLanguage\":\"es\",\"potentialAction\":[{\"@type\":\"ReadAction\",\"target\":[\"https:\\\/\\\/casadecampoliving.com\\\/es\\\/realizan-torneo-de-beisbol-en-honor-a-roberto-a-weill-presidente-del-salon-de-la-fama-del-beisbol-latino\\\/\"]}]},{\"@type\":\"ImageObject\",\"inLanguage\":\"es\",\"@id\":\"https:\\\/\\\/casadecampoliving.com\\\/es\\\/realizan-torneo-de-beisbol-en-honor-a-roberto-a-weill-presidente-del-salon-de-la-fama-del-beisbol-latino\\\/#primaryimage\",\"url\":\"https:\\\/\\\/i0.wp.com\\\/casadecampoliving.com\\\/wp-content\\\/uploads\\\/2022\\\/10\\\/roberto_weill-1.jpg?fit=650%2C333&ssl=1\",\"contentUrl\":\"https:\\\/\\\/i0.wp.com\\\/casadecampoliving.com\\\/wp-content\\\/uploads\\\/2022\\\/10\\\/roberto_weill-1.jpg?fit=650%2C333&ssl=1\",\"width\":650,\"height\":333,\"caption\":\"roberto weill\"},{\"@type\":\"BreadcrumbList\",\"@id\":\"https:\\\/\\\/casadecampoliving.com\\\/es\\\/realizan-torneo-de-beisbol-en-honor-a-roberto-a-weill-presidente-del-salon-de-la-fama-del-beisbol-latino\\\/#breadcrumb\",\"itemListElement\":[{\"@type\":\"ListItem\",\"position\":1,\"name\":\"Home\",\"item\":\"https:\\\/\\\/casadecampoliving.com\\\/es\\\/\"},{\"@type\":\"ListItem\",\"position\":2,\"name\":\"Realizan torneo de b\u00e9isbol en honor a Roberto A. Weill, Presidente del Sal\u00f3n de la Fama del B\u00e9isbol Latino\"}]},{\"@type\":\"WebSite\",\"@id\":\"https:\\\/\\\/casadecampoliving.com\\\/es\\\/#website\",\"url\":\"https:\\\/\\\/casadecampoliving.com\\\/es\\\/\",\"name\":\"Casa de Campo Living\",\"description\":\"Resort community news and resources.\",\"publisher\":{\"@id\":\"https:\\\/\\\/casadecampoliving.com\\\/es\\\/#organization\"},\"potentialAction\":[{\"@type\":\"SearchAction\",\"target\":{\"@type\":\"EntryPoint\",\"urlTemplate\":\"https:\\\/\\\/casadecampoliving.com\\\/es\\\/?s={search_term_string}\"},\"query-input\":{\"@type\":\"PropertyValueSpecification\",\"valueRequired\":true,\"valueName\":\"search_term_string\"}}],\"inLanguage\":\"es\"},{\"@type\":\"Organization\",\"@id\":\"https:\\\/\\\/casadecampoliving.com\\\/es\\\/#organization\",\"name\":\"Casa de Campo Living\",\"url\":\"https:\\\/\\\/casadecampoliving.com\\\/es\\\/\",\"logo\":{\"@type\":\"ImageObject\",\"inLanguage\":\"es\",\"@id\":\"https:\\\/\\\/casadecampoliving.com\\\/es\\\/#\\\/schema\\\/logo\\\/image\\\/\",\"url\":\"https:\\\/\\\/i0.wp.com\\\/casadecampoliving.com\\\/wp-content\\\/uploads\\\/2022\\\/07\\\/CDCLivingLogo_V1-white-sized.png?fit=800%2C214&ssl=1\",\"contentUrl\":\"https:\\\/\\\/i0.wp.com\\\/casadecampoliving.com\\\/wp-content\\\/uploads\\\/2022\\\/07\\\/CDCLivingLogo_V1-white-sized.png?fit=800%2C214&ssl=1\",\"width\":800,\"height\":214,\"caption\":\"Casa de Campo Living\"},\"image\":{\"@id\":\"https:\\\/\\\/casadecampoliving.com\\\/es\\\/#\\\/schema\\\/logo\\\/image\\\/\"},\"sameAs\":[\"https:\\\/\\\/www.facebook.com\\\/casadecampoliving\",\"https:\\\/\\\/x.com\\\/cdcliving\"]},{\"@type\":\"Person\",\"@id\":\"https:\\\/\\\/casadecampoliving.com\\\/es\\\/#\\\/schema\\\/person\\\/932e594484c49168ad37fbb9141bf699\",\"name\":\"Mairobi Herrera\",\"image\":{\"@type\":\"ImageObject\",\"inLanguage\":\"es\",\"@id\":\"https:\\\/\\\/secure.gravatar.com\\\/avatar\\\/d0bf6c19470eb55d83c719e39672f670b2c4412339af1eb8a08f86427ba98ee8?s=96&d=mm&r=g\",\"url\":\"https:\\\/\\\/secure.gravatar.com\\\/avatar\\\/d0bf6c19470eb55d83c719e39672f670b2c4412339af1eb8a08f86427ba98ee8?s=96&d=mm&r=g\",\"contentUrl\":\"https:\\\/\\\/secure.gravatar.com\\\/avatar\\\/d0bf6c19470eb55d83c719e39672f670b2c4412339af1eb8a08f86427ba98ee8?s=96&d=mm&r=g\",\"caption\":\"Mairobi Herrera\"},\"sameAs\":[\"https:\\\/\\\/casadecampoliving.com\\\/\"],\"url\":\"https:\\\/\\\/casadecampoliving.com\\\/es\\\/author\\\/mherrera\\\/\"}]}<\/script>\n<!-- \/ Yoast SEO plugin. -->","yoast_head_json":{"title":"Realizan torneo de b\u00e9isbol en honor a Roberto A. Weill, Presidente del Sal\u00f3n de la Fama del B\u00e9isbol Latino | Casa de Campo Living","description":"\u00a1Playball! &nbsp;El XXI Torneo de B\u00e9isbol Superior AA \u201cCopa Central Romana\u201d fue dedicado al Ing. Roberto A. Weill, Presidente del Sal\u00f3n de la Fama del","robots":{"index":"index","follow":"follow","max-snippet":"max-snippet:-1","max-image-preview":"max-image-preview:large","max-video-preview":"max-video-preview:-1"},"canonical":"https:\/\/casadecampoliving.com\/es\/realizan-torneo-de-beisbol-en-honor-a-roberto-a-weill-presidente-del-salon-de-la-fama-del-beisbol-latino\/","og_locale":"es_ES","og_type":"article","og_title":"Realizan torneo de b\u00e9isbol en honor a Roberto A. Weill, Presidente del Sal\u00f3n de la Fama del B\u00e9isbol Latino | Casa de Campo Living","og_description":"\u00a1Playball! &nbsp;El XXI Torneo de B\u00e9isbol Superior AA \u201cCopa Central Romana\u201d fue dedicado al Ing. Roberto A. Weill, Presidente del Sal\u00f3n de la Fama del","og_url":"https:\/\/casadecampoliving.com\/es\/realizan-torneo-de-beisbol-en-honor-a-roberto-a-weill-presidente-del-salon-de-la-fama-del-beisbol-latino\/","og_site_name":"Casa de Campo Living","article_publisher":"https:\/\/www.facebook.com\/casadecampoliving","article_published_time":"2013-04-23T04:00:00+00:00","article_modified_time":"2022-10-21T22:53:50+00:00","og_image":[{"width":650,"height":333,"url":"https:\/\/i0.wp.com\/casadecampoliving.com\/wp-content\/uploads\/2022\/10\/roberto_weill-1.jpg?fit=650%2C333&ssl=1","type":"image\/jpeg"}],"author":"Mairobi Herrera","twitter_card":"summary_large_image","twitter_creator":"@cdcliving","twitter_site":"@cdcliving","twitter_misc":{"Escrito por":"Mairobi Herrera","Tiempo de lectura":"7 minutos"},"schema":{"@context":"https:\/\/schema.org","@graph":[{"@type":"Article","@id":"https:\/\/casadecampoliving.com\/es\/realizan-torneo-de-beisbol-en-honor-a-roberto-a-weill-presidente-del-salon-de-la-fama-del-beisbol-latino\/#article","isPartOf":{"@id":"https:\/\/casadecampoliving.com\/es\/realizan-torneo-de-beisbol-en-honor-a-roberto-a-weill-presidente-del-salon-de-la-fama-del-beisbol-latino\/"},"author":{"name":"Mairobi Herrera","@id":"https:\/\/casadecampoliving.com\/es\/#\/schema\/person\/932e594484c49168ad37fbb9141bf699"},"headline":"Realizan torneo de b\u00e9isbol en honor a Roberto A. Weill, Presidente del Sal\u00f3n de la Fama del B\u00e9isbol Latino","datePublished":"2013-04-23T04:00:00+00:00","dateModified":"2022-10-21T22:53:50+00:00","mainEntityOfPage":{"@id":"https:\/\/casadecampoliving.com\/es\/realizan-torneo-de-beisbol-en-honor-a-roberto-a-weill-presidente-del-salon-de-la-fama-del-beisbol-latino\/"},"wordCount":1460,"publisher":{"@id":"https:\/\/casadecampoliving.com\/es\/#organization"},"image":{"@id":"https:\/\/casadecampoliving.com\/es\/realizan-torneo-de-beisbol-en-honor-a-roberto-a-weill-presidente-del-salon-de-la-fama-del-beisbol-latino\/#primaryimage"},"thumbnailUrl":"https:\/\/i0.wp.com\/casadecampoliving.com\/wp-content\/uploads\/2022\/10\/roberto_weill-1.jpg?fit=650%2C333&ssl=1","keywords":["beisbol","inmortales","INMORTALES @es","La Romana @es","roberto weill @es"],"articleSection":["Deportes","Destacados","Estilo de Vida","Eventos","Proximamente"],"inLanguage":"es"},{"@type":"WebPage","@id":"https:\/\/casadecampoliving.com\/es\/realizan-torneo-de-beisbol-en-honor-a-roberto-a-weill-presidente-del-salon-de-la-fama-del-beisbol-latino\/","url":"https:\/\/casadecampoliving.com\/es\/realizan-torneo-de-beisbol-en-honor-a-roberto-a-weill-presidente-del-salon-de-la-fama-del-beisbol-latino\/","name":"Realizan torneo de b\u00e9isbol en honor a Roberto A. Weill, Presidente del Sal\u00f3n de la Fama del B\u00e9isbol Latino | Casa de Campo Living","isPartOf":{"@id":"https:\/\/casadecampoliving.com\/es\/#website"},"primaryImageOfPage":{"@id":"https:\/\/casadecampoliving.com\/es\/realizan-torneo-de-beisbol-en-honor-a-roberto-a-weill-presidente-del-salon-de-la-fama-del-beisbol-latino\/#primaryimage"},"image":{"@id":"https:\/\/casadecampoliving.com\/es\/realizan-torneo-de-beisbol-en-honor-a-roberto-a-weill-presidente-del-salon-de-la-fama-del-beisbol-latino\/#primaryimage"},"thumbnailUrl":"https:\/\/i0.wp.com\/casadecampoliving.com\/wp-content\/uploads\/2022\/10\/roberto_weill-1.jpg?fit=650%2C333&ssl=1","datePublished":"2013-04-23T04:00:00+00:00","dateModified":"2022-10-21T22:53:50+00:00","description":"\u00a1Playball! &nbsp;El XXI Torneo de B\u00e9isbol Superior AA \u201cCopa Central Romana\u201d fue dedicado al Ing. Roberto A. Weill, Presidente del Sal\u00f3n de la Fama del","breadcrumb":{"@id":"https:\/\/casadecampoliving.com\/es\/realizan-torneo-de-beisbol-en-honor-a-roberto-a-weill-presidente-del-salon-de-la-fama-del-beisbol-latino\/#breadcrumb"},"inLanguage":"es","potentialAction":[{"@type":"ReadAction","target":["https:\/\/casadecampoliving.com\/es\/realizan-torneo-de-beisbol-en-honor-a-roberto-a-weill-presidente-del-salon-de-la-fama-del-beisbol-latino\/"]}]},{"@type":"ImageObject","inLanguage":"es","@id":"https:\/\/casadecampoliving.com\/es\/realizan-torneo-de-beisbol-en-honor-a-roberto-a-weill-presidente-del-salon-de-la-fama-del-beisbol-latino\/#primaryimage","url":"https:\/\/i0.wp.com\/casadecampoliving.com\/wp-content\/uploads\/2022\/10\/roberto_weill-1.jpg?fit=650%2C333&ssl=1","contentUrl":"https:\/\/i0.wp.com\/casadecampoliving.com\/wp-content\/uploads\/2022\/10\/roberto_weill-1.jpg?fit=650%2C333&ssl=1","width":650,"height":333,"caption":"roberto weill"},{"@type":"BreadcrumbList","@id":"https:\/\/casadecampoliving.com\/es\/realizan-torneo-de-beisbol-en-honor-a-roberto-a-weill-presidente-del-salon-de-la-fama-del-beisbol-latino\/#breadcrumb","itemListElement":[{"@type":"ListItem","position":1,"name":"Home","item":"https:\/\/casadecampoliving.com\/es\/"},{"@type":"ListItem","position":2,"name":"Realizan torneo de b\u00e9isbol en honor a Roberto A. Weill, Presidente del Sal\u00f3n de la Fama del B\u00e9isbol Latino"}]},{"@type":"WebSite","@id":"https:\/\/casadecampoliving.com\/es\/#website","url":"https:\/\/casadecampoliving.com\/es\/","name":"Casa de Campo Living","description":"Resort community news and resources.","publisher":{"@id":"https:\/\/casadecampoliving.com\/es\/#organization"},"potentialAction":[{"@type":"SearchAction","target":{"@type":"EntryPoint","urlTemplate":"https:\/\/casadecampoliving.com\/es\/?s={search_term_string}"},"query-input":{"@type":"PropertyValueSpecification","valueRequired":true,"valueName":"search_term_string"}}],"inLanguage":"es"},{"@type":"Organization","@id":"https:\/\/casadecampoliving.com\/es\/#organization","name":"Casa de Campo Living","url":"https:\/\/casadecampoliving.com\/es\/","logo":{"@type":"ImageObject","inLanguage":"es","@id":"https:\/\/casadecampoliving.com\/es\/#\/schema\/logo\/image\/","url":"https:\/\/i0.wp.com\/casadecampoliving.com\/wp-content\/uploads\/2022\/07\/CDCLivingLogo_V1-white-sized.png?fit=800%2C214&ssl=1","contentUrl":"https:\/\/i0.wp.com\/casadecampoliving.com\/wp-content\/uploads\/2022\/07\/CDCLivingLogo_V1-white-sized.png?fit=800%2C214&ssl=1","width":800,"height":214,"caption":"Casa de Campo Living"},"image":{"@id":"https:\/\/casadecampoliving.com\/es\/#\/schema\/logo\/image\/"},"sameAs":["https:\/\/www.facebook.com\/casadecampoliving","https:\/\/x.com\/cdcliving"]},{"@type":"Person","@id":"https:\/\/casadecampoliving.com\/es\/#\/schema\/person\/932e594484c49168ad37fbb9141bf699","name":"Mairobi Herrera","image":{"@type":"ImageObject","inLanguage":"es","@id":"https:\/\/secure.gravatar.com\/avatar\/d0bf6c19470eb55d83c719e39672f670b2c4412339af1eb8a08f86427ba98ee8?s=96&d=mm&r=g","url":"https:\/\/secure.gravatar.com\/avatar\/d0bf6c19470eb55d83c719e39672f670b2c4412339af1eb8a08f86427ba98ee8?s=96&d=mm&r=g","contentUrl":"https:\/\/secure.gravatar.com\/avatar\/d0bf6c19470eb55d83c719e39672f670b2c4412339af1eb8a08f86427ba98ee8?s=96&d=mm&r=g","caption":"Mairobi Herrera"},"sameAs":["https:\/\/casadecampoliving.com\/"],"url":"https:\/\/casadecampoliving.com\/es\/author\/mherrera\/"}]}},"parsely":{"version":"1.1.0","canonical_url":"https:\/\/casadecampoliving.com\/es\/realizan-torneo-de-beisbol-en-honor-a-roberto-a-weill-presidente-del-salon-de-la-fama-del-beisbol-latino\/","smart_links":{"inbound":0,"outbound":0},"traffic_boost_suggestions_count":0,"meta":{"@context":"https:\/\/schema.org","@type":"NewsArticle","headline":"Realizan torneo de b\u00e9isbol en honor a Roberto A. Weill, Presidente del Sal\u00f3n de la Fama del B\u00e9isbol Latino","url":"http:\/\/casadecampoliving.com\/es\/realizan-torneo-de-beisbol-en-honor-a-roberto-a-weill-presidente-del-salon-de-la-fama-del-beisbol-latino\/","mainEntityOfPage":{"@type":"WebPage","@id":"http:\/\/casadecampoliving.com\/es\/realizan-torneo-de-beisbol-en-honor-a-roberto-a-weill-presidente-del-salon-de-la-fama-del-beisbol-latino\/"},"thumbnailUrl":"https:\/\/i0.wp.com\/casadecampoliving.com\/wp-content\/uploads\/2022\/10\/roberto_weill-1.jpg?resize=150%2C150&ssl=1","image":{"@type":"ImageObject","url":"https:\/\/i0.wp.com\/casadecampoliving.com\/wp-content\/uploads\/2022\/10\/roberto_weill-1.jpg?fit=650%2C333&ssl=1"},"articleSection":"Deportes","author":[{"@type":"Person","name":"Mairobi Herrera"}],"creator":["Mairobi Herrera"],"publisher":{"@type":"Organization","name":"Casa de Campo Living","logo":"https:\/\/casadecampoliving.com\/wp-content\/uploads\/2022\/07\/CDCLivingLogo_V1-white-sized.png"},"keywords":["beisbol","inmortales","inmortales @es","la romana @es","roberto weill @es"],"dateCreated":"2013-04-23T04:00:00Z","datePublished":"2013-04-23T04:00:00Z","dateModified":"2022-10-21T22:53:50Z"},"rendered":"<script type=\"application\/ld+json\" class=\"wp-parsely-metadata\">{\"@context\":\"https:\\\/\\\/schema.org\",\"@type\":\"NewsArticle\",\"headline\":\"Realizan torneo de b\\u00e9isbol en honor a Roberto A. Weill, Presidente del Sal\\u00f3n de la Fama del B\\u00e9isbol Latino\",\"url\":\"http:\\\/\\\/casadecampoliving.com\\\/es\\\/realizan-torneo-de-beisbol-en-honor-a-roberto-a-weill-presidente-del-salon-de-la-fama-del-beisbol-latino\\\/\",\"mainEntityOfPage\":{\"@type\":\"WebPage\",\"@id\":\"http:\\\/\\\/casadecampoliving.com\\\/es\\\/realizan-torneo-de-beisbol-en-honor-a-roberto-a-weill-presidente-del-salon-de-la-fama-del-beisbol-latino\\\/\"},\"thumbnailUrl\":\"https:\\\/\\\/i0.wp.com\\\/casadecampoliving.com\\\/wp-content\\\/uploads\\\/2022\\\/10\\\/roberto_weill-1.jpg?resize=150%2C150&ssl=1\",\"image\":{\"@type\":\"ImageObject\",\"url\":\"https:\\\/\\\/i0.wp.com\\\/casadecampoliving.com\\\/wp-content\\\/uploads\\\/2022\\\/10\\\/roberto_weill-1.jpg?fit=650%2C333&ssl=1\"},\"articleSection\":\"Deportes\",\"author\":[{\"@type\":\"Person\",\"name\":\"Mairobi Herrera\"}],\"creator\":[\"Mairobi Herrera\"],\"publisher\":{\"@type\":\"Organization\",\"name\":\"Casa de Campo Living\",\"logo\":\"https:\\\/\\\/casadecampoliving.com\\\/wp-content\\\/uploads\\\/2022\\\/07\\\/CDCLivingLogo_V1-white-sized.png\"},\"keywords\":[\"beisbol\",\"inmortales\",\"inmortales @es\",\"la romana @es\",\"roberto weill @es\"],\"dateCreated\":\"2013-04-23T04:00:00Z\",\"datePublished\":\"2013-04-23T04:00:00Z\",\"dateModified\":\"2022-10-21T22:53:50Z\"}<\/script>","tracker_url":"https:\/\/cdn.parsely.com\/keys\/casadecampoliving.com\/p.js"},"jetpack_publicize_connections":[],"jetpack_featured_media_url":"https:\/\/i0.wp.com\/casadecampoliving.com\/wp-content\/uploads\/2022\/10\/roberto_weill-1.jpg?fit=650%2C333&ssl=1","jetpack-related-posts":[{"id":338268,"url":"https:\/\/casadecampoliving.com\/es\/el-torneo-de-golf-los-inmortales-su-oportunidad-para-jugar-con-las-estrellas-del-beisbol-latino\/","url_meta":{"origin":341091,"position":0},"title":"El torneo de golf \u00abLos Inmortales\u00bb: Su oportunidad para jugar con las estrellas del b\u00e9isbol latino!","author":"","date":"2 Feb, 2012","format":false,"excerpt":"Desde el 9 al 12 de febrero la III Semana de Celebraci\u00f3n y Exaltaci\u00f3n del Sal\u00f3n de la Fama del B\u00e9isbol Latino 2012, se estar\u00e1 celebrando en Casa de Campo y La Romana, con numerosas ocasiones especiales \u2013 incluyendo el torneo de golf de \u201cLos Inmortales\u201d, que se jugar\u00e1 el\u2026","rel":"","context":"En \u00abAltos de Chavon @es\u00bb","block_context":{"text":"Altos de Chavon @es","link":"https:\/\/casadecampoliving.com\/category\/altos-de-chavon-es\/"},"img":{"alt_text":"salon de la fama golf tournament","src":"https:\/\/i0.wp.com\/casadecampoliving.com\/wp-content\/uploads\/2022\/10\/salon_de_la_fama_golf1-1.jpg?fit=650%2C400&ssl=1&resize=350%2C200","width":350,"height":200,"srcset":"https:\/\/i0.wp.com\/casadecampoliving.com\/wp-content\/uploads\/2022\/10\/salon_de_la_fama_golf1-1.jpg?fit=650%2C400&ssl=1&resize=350%2C200 1x, https:\/\/i0.wp.com\/casadecampoliving.com\/wp-content\/uploads\/2022\/10\/salon_de_la_fama_golf1-1.jpg?fit=650%2C400&ssl=1&resize=525%2C300 1.5x"},"classes":[]},{"id":343831,"url":"https:\/\/casadecampoliving.com\/es\/estrellas-del-beisbol-llegan-casa-de-campo\/","url_meta":{"origin":341091,"position":1},"title":"Estrellas del b\u00e9isbol llegan a Casa de Campo","author":"Perkin Agramonte","date":"7 Feb, 2014","format":false,"excerpt":"Anoche, jueves 6 de febrero de 2014, algunas de las grandezas latinoamericanas del b\u00e9isbol, llegaron a Casa de Campo y fueron bienvenidos por el resort con la celebraci\u00f3n de un c\u00f3ctel y una deliciosa cena en la Marina Casa de Campo. Estos grandes INMORTALES latinoamericanos se encuentran en Casa de\u2026","rel":"","context":"En \u00abAltos de Chavon @es\u00bb","block_context":{"text":"Altos de Chavon @es","link":"https:\/\/casadecampoliving.com\/category\/altos-de-chavon-es\/"},"img":{"alt_text":"","src":"https:\/\/i0.wp.com\/casadecampoliving.com\/wp-content\/uploads\/2022\/10\/osvaldo_vigil.jpg?fit=650%2C385&ssl=1&resize=350%2C200","width":350,"height":200,"srcset":"https:\/\/i0.wp.com\/casadecampoliving.com\/wp-content\/uploads\/2022\/10\/osvaldo_vigil.jpg?fit=650%2C385&ssl=1&resize=350%2C200 1x, https:\/\/i0.wp.com\/casadecampoliving.com\/wp-content\/uploads\/2022\/10\/osvaldo_vigil.jpg?fit=650%2C385&ssl=1&resize=525%2C300 1.5x"},"classes":[]},{"id":340622,"url":"https:\/\/casadecampoliving.com\/es\/honrando-a-los-inmortales-en-la-iv-exaltacion-al-salon-de-la-fama-del-beisbol-latino\/","url_meta":{"origin":341091,"position":2},"title":"Honrando a los inmortales en la IV Exaltaci\u00f3n al Sal\u00f3n de la Fama del B\u00e9isbol Latino","author":"","date":"11 Feb, 2013","format":false,"excerpt":"Desde el jueves 7 al s\u00e1bado 9 de febrero de 2013, Casa de Campo fue honrado con la presencia de algunas grandes estrellas del b\u00e9isbol latino que se dieron cita en Casa de Campo para celebrar la Gran Ceremonia de Exaltaci\u00f3n en la noche del s\u00e1bado en el anfiteatro de\u2026","rel":"","context":"En \u00abAltos de Chavon @es\u00bb","block_context":{"text":"Altos de Chavon @es","link":"https:\/\/casadecampoliving.com\/category\/altos-de-chavon-es\/"},"img":{"alt_text":"tony olivo rennie stennet","src":"https:\/\/i0.wp.com\/casadecampoliving.com\/wp-content\/uploads\/2022\/10\/tony_olivo_rennie_stennet-1.jpg?fit=620%2C362&ssl=1&resize=350%2C200","width":350,"height":200,"srcset":"https:\/\/i0.wp.com\/casadecampoliving.com\/wp-content\/uploads\/2022\/10\/tony_olivo_rennie_stennet-1.jpg?fit=620%2C362&ssl=1&resize=350%2C200 1x, https:\/\/i0.wp.com\/casadecampoliving.com\/wp-content\/uploads\/2022\/10\/tony_olivo_rennie_stennet-1.jpg?fit=620%2C362&ssl=1&resize=525%2C300 1.5x"},"classes":[]},{"id":338298,"url":"https:\/\/casadecampoliving.com\/es\/el-torneo-de-golf-los-inmortales-incluye-tarifa-especial-de-solo-us195-por-participar-solamente-en-el-juego\/","url_meta":{"origin":341091,"position":3},"title":"El torneo de golf \u00abLos Inmortales\u00bb incluye tarifa especial de s\u00f3lo US$195 por participar solamente en el juego!","author":"","date":"7 Feb, 2012","format":false,"excerpt":"Del jueves al s\u00e1bado de esta semana, la tercera edici\u00f3n de celebraci\u00f3n y exaltaci\u00f3n al Sal\u00f3n de la Fama del B\u00e9isbol Latino 2012, tendr\u00e1 lugar en Casa de Campo con una serie de eventos especiales, incluyendo el torneo de golf \u201cLos Inmortales\u201d, este s\u00e1bado 11 de febrero.\u00a0 Para aquellos amantes\u2026","rel":"","context":"En \u00abDeportes\u00bb","block_context":{"text":"Deportes","link":"https:\/\/casadecampoliving.com\/es\/category\/golf-deportes-es\/"},"img":{"alt_text":"salon de la fama golf tournament","src":"https:\/\/i0.wp.com\/casadecampoliving.com\/wp-content\/uploads\/2022\/10\/salon_de_la_fama_golf1-1.jpg?fit=650%2C400&ssl=1&resize=350%2C200","width":350,"height":200,"srcset":"https:\/\/i0.wp.com\/casadecampoliving.com\/wp-content\/uploads\/2022\/10\/salon_de_la_fama_golf1-1.jpg?fit=650%2C400&ssl=1&resize=350%2C200 1x, https:\/\/i0.wp.com\/casadecampoliving.com\/wp-content\/uploads\/2022\/10\/salon_de_la_fama_golf1-1.jpg?fit=650%2C400&ssl=1&resize=525%2C300 1.5x"},"classes":[]},{"id":343898,"url":"https:\/\/casadecampoliving.com\/es\/teodoro-higuera-se-lleva-la-victoria-en-el-torneo-de-golf-inmortales\/","url_meta":{"origin":341091,"position":4},"title":"Teodoro Higuera se lleva la victoria en el Torneo de Golf INMORTALES","author":"Perkin Agramonte","date":"18 Feb, 2014","format":false,"excerpt":"El pasado viernes 7 de febrero del presente a\u00f1o, la comunidad golfista de Casa de Campo, se encontraron con las grandes leyendas del b\u00e9isbol latino pertenecientes al Sal\u00f3n de la Fama del B\u00e9isbol Latino, enfrent\u00e1ndose en el 3er Torneo anual de Golf Inmortales celebrado en el campo de golf Teeth\u2026","rel":"","context":"En \u00abCasa de Campo Living @es\u00bb","block_context":{"text":"Casa de Campo Living @es","link":"https:\/\/casadecampoliving.com\/category\/casa-de-campo-living-es\/"},"img":{"alt_text":"","src":"https:\/\/i0.wp.com\/casadecampoliving.com\/wp-content\/uploads\/2022\/10\/Inmortales-Golf-1.jpg?fit=650%2C492&ssl=1&resize=350%2C200","width":350,"height":200,"srcset":"https:\/\/i0.wp.com\/casadecampoliving.com\/wp-content\/uploads\/2022\/10\/Inmortales-Golf-1.jpg?fit=650%2C492&ssl=1&resize=350%2C200 1x, https:\/\/i0.wp.com\/casadecampoliving.com\/wp-content\/uploads\/2022\/10\/Inmortales-Golf-1.jpg?fit=650%2C492&ssl=1&resize=525%2C300 1.5x"},"classes":[]},{"id":340518,"url":"https:\/\/casadecampoliving.com\/es\/el-torneo-de-golf-los-inmortales-su-oportunidad-para-jugar-junto-a-pedro-martinez-y-otras-estrellas-del-beisbol\/","url_meta":{"origin":341091,"position":5},"title":"El torneo de golf LOS INMORTALES: su oportunidad para jugar junto a Pedro Mart\u00ednez y otras estrellas del b\u00e9isbol!","author":"","date":"24 Ene, 2013","format":false,"excerpt":"La IV Gran Ceremonia de Exaltaci\u00f3n al Sal\u00f3n de la Fama del B\u00e9isbol Latino, est\u00e1 a la vuelta de la esquina \u2013 desde el 7 al 10 de febrero se estar\u00e1n realizando distintos eventos, incluyendo el torneo de golf LOS INMORTALES \u2013 su gran oportunidad para jugar junto a algunos\u2026","rel":"","context":"En \u00abDeportes\u00bb","block_context":{"text":"Deportes","link":"https:\/\/casadecampoliving.com\/es\/category\/golf-deportes-es\/"},"img":{"alt_text":"andres gallarga tony olivo","src":"https:\/\/i0.wp.com\/casadecampoliving.com\/wp-content\/uploads\/2022\/10\/andres_gallarga_tony_olivo-1.jpg?fit=650%2C408&ssl=1&resize=350%2C200","width":350,"height":200,"srcset":"https:\/\/i0.wp.com\/casadecampoliving.com\/wp-content\/uploads\/2022\/10\/andres_gallarga_tony_olivo-1.jpg?fit=650%2C408&ssl=1&resize=350%2C200 1x, https:\/\/i0.wp.com\/casadecampoliving.com\/wp-content\/uploads\/2022\/10\/andres_gallarga_tony_olivo-1.jpg?fit=650%2C408&ssl=1&resize=525%2C300 1.5x"},"classes":[]}],"jetpack_sharing_enabled":true,"_links":{"self":[{"href":"https:\/\/casadecampoliving.com\/es\/wp-json\/wp\/v2\/posts\/341091","targetHints":{"allow":["GET"]}}],"collection":[{"href":"https:\/\/casadecampoliving.com\/es\/wp-json\/wp\/v2\/posts"}],"about":[{"href":"https:\/\/casadecampoliving.com\/es\/wp-json\/wp\/v2\/types\/post"}],"author":[{"embeddable":true,"href":"https:\/\/casadecampoliving.com\/es\/wp-json\/wp\/v2\/users\/431"}],"replies":[{"embeddable":true,"href":"https:\/\/casadecampoliving.com\/es\/wp-json\/wp\/v2\/comments?post=341091"}],"version-history":[{"count":1,"href":"https:\/\/casadecampoliving.com\/es\/wp-json\/wp\/v2\/posts\/341091\/revisions"}],"predecessor-version":[{"id":341092,"href":"https:\/\/casadecampoliving.com\/es\/wp-json\/wp\/v2\/posts\/341091\/revisions\/341092"}],"wp:featuredmedia":[{"embeddable":true,"href":"https:\/\/casadecampoliving.com\/es\/wp-json\/wp\/v2\/media\/227962"}],"wp:attachment":[{"href":"https:\/\/casadecampoliving.com\/es\/wp-json\/wp\/v2\/media?parent=341091"}],"wp:term":[{"taxonomy":"category","embeddable":true,"href":"https:\/\/casadecampoliving.com\/es\/wp-json\/wp\/v2\/categories?post=341091"},{"taxonomy":"post_tag","embeddable":true,"href":"https:\/\/casadecampoliving.com\/es\/wp-json\/wp\/v2\/tags?post=341091"},{"taxonomy":"newspack_spnsrs_tax","embeddable":true,"href":"https:\/\/casadecampoliving.com\/es\/wp-json\/wp\/v2\/newspack_spnsrs_tax?post=341091"}],"curies":[{"name":"wp","href":"https:\/\/api.w.org\/{rel}","templated":true}]}}