{"id":340948,"date":"2013-04-05T00:00:00","date_gmt":"2013-04-05T04:00:00","guid":{"rendered":"https:\/\/casadecampoliving.com\/hoy-emilio-robba-les-invita-a-un-coctel-de-lanzamiento-de-su-nueva-coleccion\/"},"modified":"2022-10-21T18:49:41","modified_gmt":"2022-10-21T22:49:41","slug":"hoy-emilio-robba-les-invita-a-un-coctel-de-lanzamiento-de-su-nueva-coleccion","status":"publish","type":"post","link":"https:\/\/casadecampoliving.com\/es\/hoy-emilio-robba-les-invita-a-un-coctel-de-lanzamiento-de-su-nueva-coleccion\/","title":{"rendered":"HOY Emilio Robba les invita a un c\u00f3ctel de lanzamiento de su nueva colecci\u00f3n"},"content":{"rendered":"<div class=\"wp-block-image\">\n<figure class=\"aligncenter is-resized\"><img loading=\"lazy\" decoding=\"async\" src=\"https:\/\/i0.wp.com\/casadecampoliving.com\/wp-content\/uploads\/2022\/10\/emilio_robba3.jpg?resize=650%2C217&amp;ssl=1\" alt=\"emilio robba\" class=\"wp-image-67839\" title=\"emilio_robba\" height=\"217\" width=\"650\"\/><\/figure>\n<\/div>\n\n\n<p>\u00a1Hola amigos de la comunidad de Casa de Campo! solo un recordatorio de que ESTA NOCHE es el c\u00f3ctel de celebraci\u00f3n del lanzamiento de la nueva colecci\u00f3n de Emilio Robba \u2013 \u00a1 y esperamos verte all\u00ed!<\/p>\n\n\n\n<!--more-->\n\n\n\n<p>Con una maravillosa selecci\u00f3n de c\u00f3cteles y canap\u00e9s siendo patrocinados por el hotel de Casa de Campo, esta fiesta de lanzamiento \u00a1promete ser una excelente manera de pasar la tarde del viernes!<\/p>\n\n\n<div class=\"wp-block-image\">\n<figure class=\"alignright is-resized\"><img loading=\"lazy\" decoding=\"async\" src=\"https:\/\/i0.wp.com\/casadecampoliving.com\/wp-content\/uploads\/2022\/10\/robba.jpeg?resize=270%2C540&amp;ssl=1\" alt=\"emilio robba\" class=\"wp-image-67840\" title=\"emilio robba\" height=\"540\" width=\"270\"\/><\/figure>\n<\/div>\n\n\n<p>Y para agregar a toda la diversi\u00f3n que tendremos comiendo, tomando y disfrutando \u2013 tambi\u00e9n habr\u00e1 una demostraci\u00f3n de alfarer\u00eda con uno de los artesanos creando una selecci\u00f3n de diferentes piezas de cer\u00e1mica \u2013 las cuales estar\u00e1n a la venta durante el evento. As\u00ed que si ves al alfarero creando algo que te gusta \u2013 puedes comprarlo ahi mismo \u2013 y alternativamente tambi\u00e9n podr\u00e1s ordenar algo en espec\u00edfico. Pero por favor recuerda que habr\u00e1 una cantidad limitada de estas piezas \u00fanicas \u2013 \u00a1te recomendamos que te asegures de llegar temprano para que no te pierdas de nada!<\/p>\n\n\n\n<p><strong>\u00a1VENTA ESPECIAL<\/strong><strong style=\"font-size: 13px;\">!<br>\n<\/strong>El Estudio de Arte de Altos de Chav\u00f3n por Emilio Roba est\u00e1 actualmente celebrando una venta especial con un 15% de descuento en&nbsp;cer\u00e1mica, seda serigraf\u00edada y piezas textiles tejidas a mano \u2013 disponibles hasta el 18 de abril. \u00a1Y recuerda el 10% de descuento para due\u00f1os de villa de Casa de Campo e invitados!<\/p>\n\n\n\n<blockquote class=\"wp-block-quote is-layout-flow wp-block-quote-is-layout-flow\"><p><strong>El Estudio de Arte de Altos de Chav\u00f3n por Emilio Roba: Un c\u00f3ctel celebrando el lanzamiento de su colecci\u00f3n m\u00e1s reciente.<\/strong><\/p><p><strong style=\"font-size: 13px;\">Cuando:<\/strong><span style=\"font-size: 13px;\"> Viernes 5 de abril 6:30pm<\/span><\/p><p><strong>Donde:&nbsp;<\/strong>Estudio de Arte de Altos de Chav\u00f3n, Altos de Chav\u00f3n<\/p><p><strong>Contacto:<\/strong> (809) 951-1500 ext. 5353<\/p><p>Para el calendario completo de eventos y actividades, visita: <strong><a href=\"http:\/\/www.TODO.fm\">www.TODO.fm<\/a><\/strong><\/p><\/blockquote>\n","protected":false},"excerpt":{"rendered":"<p>\u00a1Hola amigos de la comunidad de Casa de Campo! solo un recordatorio de que ESTA NOCHE es el c\u00f3ctel de celebraci\u00f3n del lanzamiento de la nueva colecci\u00f3n de Emilio Robba \u2013 \u00a1 y esperamos verte all\u00ed!<\/p>\n","protected":false},"author":31,"featured_media":272693,"comment_status":"closed","ping_status":"closed","sticky":false,"template":"","format":"standard","meta":{"newspack_ads_suppress_ads":false,"newspack_popups_has_disabled_popups":false,"newspack_sponsor_sponsorship_scope":"","newspack_sponsor_native_byline_display":"inherit","newspack_sponsor_native_category_display":"inherit","newspack_sponsor_underwriter_style":"inherit","newspack_sponsor_underwriter_placement":"inherit","_newspack_byline_active":false,"_newspack_byline":"","newspack_hide_updated_date":false,"newspack_show_updated_date":false,"newspack_content_restriction_is_exempt":false,"newspack_featured_image_position":"","newspack_post_subtitle":"","newspack_article_summary_title":"Overview:","newspack_article_summary":"","_jetpack_memberships_contains_paid_content":false,"footnotes":"","jetpack_publicize_message":"","jetpack_publicize_feature_enabled":true,"jetpack_social_post_already_shared":false,"jetpack_social_options":{"image_generator_settings":{"template":"highway","default_image_id":0,"font":"","enabled":false},"version":2},"_wpas_customize_per_network":false},"categories":[26819,26823,2530,14631,2522,14625,14627],"tags":[15387,6212,4231],"newspack_spnsrs_tax":[],"class_list":["post-340948","post","type-post","status-publish","format-standard","has-post-thumbnail","hentry","category-altos-de-chavon-es","category-arte-y-cultura","category-compras-es","category-estilo-de-vida","category-eventos-es","category-noticias-locales","category-proximamente","tag-altos-de-chavon-es","tag-emilio-robba-es","tag-tienda-emilio-robba-art-studios","entry"],"yoast_head":"<!-- This site is optimized with the Yoast SEO plugin v27.5 - https:\/\/yoast.com\/product\/yoast-seo-wordpress\/ -->\n<title>HOY Emilio Robba les invita a un c\u00f3ctel de lanzamiento de su nueva colecci\u00f3n | Casa de Campo Living<\/title>\n<meta name=\"description\" content=\"\u00a1Hola amigos de la comunidad de Casa de Campo! solo un recordatorio de que ESTA NOCHE es el c\u00f3ctel de celebraci\u00f3n del lanzamiento de la nueva colecci\u00f3n de\" \/>\n<meta name=\"robots\" content=\"index, follow, max-snippet:-1, max-image-preview:large, max-video-preview:-1\" \/>\n<link rel=\"canonical\" href=\"https:\/\/casadecampoliving.com\/es\/hoy-emilio-robba-les-invita-a-un-coctel-de-lanzamiento-de-su-nueva-coleccion\/\" \/>\n<meta property=\"og:locale\" content=\"es_ES\" \/>\n<meta property=\"og:type\" content=\"article\" \/>\n<meta property=\"og:title\" content=\"HOY Emilio Robba les invita a un c\u00f3ctel de lanzamiento de su nueva colecci\u00f3n | Casa de Campo Living\" \/>\n<meta property=\"og:description\" content=\"\u00a1Hola amigos de la comunidad de Casa de Campo! solo un recordatorio de que ESTA NOCHE es el c\u00f3ctel de celebraci\u00f3n del lanzamiento de la nueva colecci\u00f3n de\" \/>\n<meta property=\"og:url\" content=\"https:\/\/casadecampoliving.com\/es\/hoy-emilio-robba-les-invita-a-un-coctel-de-lanzamiento-de-su-nueva-coleccion\/\" \/>\n<meta property=\"og:site_name\" content=\"Casa de Campo Living\" \/>\n<meta property=\"article:publisher\" content=\"https:\/\/www.facebook.com\/casadecampoliving\" \/>\n<meta property=\"article:published_time\" content=\"2013-04-05T04:00:00+00:00\" \/>\n<meta property=\"article:modified_time\" content=\"2022-10-21T22:49:41+00:00\" \/>\n<meta property=\"og:image\" content=\"https:\/\/i0.wp.com\/casadecampoliving.com\/wp-content\/uploads\/2022\/10\/emilio_robba.jpeg?fit=600%2C200&ssl=1\" \/>\n\t<meta property=\"og:image:width\" content=\"600\" \/>\n\t<meta property=\"og:image:height\" content=\"200\" \/>\n\t<meta property=\"og:image:type\" content=\"image\/jpeg\" \/>\n<meta name=\"author\" content=\"Rebecca Silvestri\" \/>\n<meta name=\"twitter:card\" content=\"summary_large_image\" \/>\n<meta name=\"twitter:creator\" content=\"@cdcliving\" \/>\n<meta name=\"twitter:site\" content=\"@cdcliving\" \/>\n<meta name=\"twitter:label1\" content=\"Escrito por\" \/>\n\t<meta name=\"twitter:data1\" content=\"Rebecca Silvestri\" \/>\n\t<meta name=\"twitter:label2\" content=\"Tiempo de lectura\" \/>\n\t<meta name=\"twitter:data2\" content=\"1 minuto\" \/>\n<script type=\"application\/ld+json\" class=\"yoast-schema-graph\">{\"@context\":\"https:\\\/\\\/schema.org\",\"@graph\":[{\"@type\":\"Article\",\"@id\":\"https:\\\/\\\/casadecampoliving.com\\\/es\\\/hoy-emilio-robba-les-invita-a-un-coctel-de-lanzamiento-de-su-nueva-coleccion\\\/#article\",\"isPartOf\":{\"@id\":\"https:\\\/\\\/casadecampoliving.com\\\/es\\\/hoy-emilio-robba-les-invita-a-un-coctel-de-lanzamiento-de-su-nueva-coleccion\\\/\"},\"author\":{\"name\":\"Rebecca Silvestri\",\"@id\":\"https:\\\/\\\/casadecampoliving.com\\\/es\\\/#\\\/schema\\\/person\\\/2b2208f3175fa8761e25b272e096d718\"},\"headline\":\"HOY Emilio Robba les invita a un c\u00f3ctel de lanzamiento de su nueva colecci\u00f3n\",\"datePublished\":\"2013-04-05T04:00:00+00:00\",\"dateModified\":\"2022-10-21T22:49:41+00:00\",\"mainEntityOfPage\":{\"@id\":\"https:\\\/\\\/casadecampoliving.com\\\/es\\\/hoy-emilio-robba-les-invita-a-un-coctel-de-lanzamiento-de-su-nueva-coleccion\\\/\"},\"wordCount\":307,\"publisher\":{\"@id\":\"https:\\\/\\\/casadecampoliving.com\\\/es\\\/#organization\"},\"image\":{\"@id\":\"https:\\\/\\\/casadecampoliving.com\\\/es\\\/hoy-emilio-robba-les-invita-a-un-coctel-de-lanzamiento-de-su-nueva-coleccion\\\/#primaryimage\"},\"thumbnailUrl\":\"https:\\\/\\\/i0.wp.com\\\/casadecampoliving.com\\\/wp-content\\\/uploads\\\/2022\\\/10\\\/emilio_robba.jpeg?fit=600%2C200&ssl=1\",\"keywords\":[\"Altos de Chavon\",\"emilio robba @es\",\"tienda emilio robba art studios\"],\"articleSection\":[\"Altos de Chavon @es\",\"Arte y cultura\",\"Compras\",\"Estilo de Vida\",\"Eventos\",\"Noticias Locales\",\"Proximamente\"],\"inLanguage\":\"es\"},{\"@type\":\"WebPage\",\"@id\":\"https:\\\/\\\/casadecampoliving.com\\\/es\\\/hoy-emilio-robba-les-invita-a-un-coctel-de-lanzamiento-de-su-nueva-coleccion\\\/\",\"url\":\"https:\\\/\\\/casadecampoliving.com\\\/es\\\/hoy-emilio-robba-les-invita-a-un-coctel-de-lanzamiento-de-su-nueva-coleccion\\\/\",\"name\":\"HOY Emilio Robba les invita a un c\u00f3ctel de lanzamiento de su nueva colecci\u00f3n | Casa de Campo Living\",\"isPartOf\":{\"@id\":\"https:\\\/\\\/casadecampoliving.com\\\/es\\\/#website\"},\"primaryImageOfPage\":{\"@id\":\"https:\\\/\\\/casadecampoliving.com\\\/es\\\/hoy-emilio-robba-les-invita-a-un-coctel-de-lanzamiento-de-su-nueva-coleccion\\\/#primaryimage\"},\"image\":{\"@id\":\"https:\\\/\\\/casadecampoliving.com\\\/es\\\/hoy-emilio-robba-les-invita-a-un-coctel-de-lanzamiento-de-su-nueva-coleccion\\\/#primaryimage\"},\"thumbnailUrl\":\"https:\\\/\\\/i0.wp.com\\\/casadecampoliving.com\\\/wp-content\\\/uploads\\\/2022\\\/10\\\/emilio_robba.jpeg?fit=600%2C200&ssl=1\",\"datePublished\":\"2013-04-05T04:00:00+00:00\",\"dateModified\":\"2022-10-21T22:49:41+00:00\",\"description\":\"\u00a1Hola amigos de la comunidad de Casa de Campo! solo un recordatorio de que ESTA NOCHE es el c\u00f3ctel de celebraci\u00f3n del lanzamiento de la nueva colecci\u00f3n de\",\"breadcrumb\":{\"@id\":\"https:\\\/\\\/casadecampoliving.com\\\/es\\\/hoy-emilio-robba-les-invita-a-un-coctel-de-lanzamiento-de-su-nueva-coleccion\\\/#breadcrumb\"},\"inLanguage\":\"es\",\"potentialAction\":[{\"@type\":\"ReadAction\",\"target\":[\"https:\\\/\\\/casadecampoliving.com\\\/es\\\/hoy-emilio-robba-les-invita-a-un-coctel-de-lanzamiento-de-su-nueva-coleccion\\\/\"]}]},{\"@type\":\"ImageObject\",\"inLanguage\":\"es\",\"@id\":\"https:\\\/\\\/casadecampoliving.com\\\/es\\\/hoy-emilio-robba-les-invita-a-un-coctel-de-lanzamiento-de-su-nueva-coleccion\\\/#primaryimage\",\"url\":\"https:\\\/\\\/i0.wp.com\\\/casadecampoliving.com\\\/wp-content\\\/uploads\\\/2022\\\/10\\\/emilio_robba.jpeg?fit=600%2C200&ssl=1\",\"contentUrl\":\"https:\\\/\\\/i0.wp.com\\\/casadecampoliving.com\\\/wp-content\\\/uploads\\\/2022\\\/10\\\/emilio_robba.jpeg?fit=600%2C200&ssl=1\",\"width\":600,\"height\":200},{\"@type\":\"BreadcrumbList\",\"@id\":\"https:\\\/\\\/casadecampoliving.com\\\/es\\\/hoy-emilio-robba-les-invita-a-un-coctel-de-lanzamiento-de-su-nueva-coleccion\\\/#breadcrumb\",\"itemListElement\":[{\"@type\":\"ListItem\",\"position\":1,\"name\":\"Home\",\"item\":\"https:\\\/\\\/casadecampoliving.com\\\/es\\\/\"},{\"@type\":\"ListItem\",\"position\":2,\"name\":\"HOY Emilio Robba les invita a un c\u00f3ctel de lanzamiento de su nueva colecci\u00f3n\"}]},{\"@type\":\"WebSite\",\"@id\":\"https:\\\/\\\/casadecampoliving.com\\\/es\\\/#website\",\"url\":\"https:\\\/\\\/casadecampoliving.com\\\/es\\\/\",\"name\":\"Casa de Campo Living\",\"description\":\"Resort community news and resources.\",\"publisher\":{\"@id\":\"https:\\\/\\\/casadecampoliving.com\\\/es\\\/#organization\"},\"potentialAction\":[{\"@type\":\"SearchAction\",\"target\":{\"@type\":\"EntryPoint\",\"urlTemplate\":\"https:\\\/\\\/casadecampoliving.com\\\/es\\\/?s={search_term_string}\"},\"query-input\":{\"@type\":\"PropertyValueSpecification\",\"valueRequired\":true,\"valueName\":\"search_term_string\"}}],\"inLanguage\":\"es\"},{\"@type\":\"Organization\",\"@id\":\"https:\\\/\\\/casadecampoliving.com\\\/es\\\/#organization\",\"name\":\"Casa de Campo Living\",\"url\":\"https:\\\/\\\/casadecampoliving.com\\\/es\\\/\",\"logo\":{\"@type\":\"ImageObject\",\"inLanguage\":\"es\",\"@id\":\"https:\\\/\\\/casadecampoliving.com\\\/es\\\/#\\\/schema\\\/logo\\\/image\\\/\",\"url\":\"https:\\\/\\\/i0.wp.com\\\/casadecampoliving.com\\\/wp-content\\\/uploads\\\/2022\\\/07\\\/CDCLivingLogo_V1-white-sized.png?fit=800%2C214&ssl=1\",\"contentUrl\":\"https:\\\/\\\/i0.wp.com\\\/casadecampoliving.com\\\/wp-content\\\/uploads\\\/2022\\\/07\\\/CDCLivingLogo_V1-white-sized.png?fit=800%2C214&ssl=1\",\"width\":800,\"height\":214,\"caption\":\"Casa de Campo Living\"},\"image\":{\"@id\":\"https:\\\/\\\/casadecampoliving.com\\\/es\\\/#\\\/schema\\\/logo\\\/image\\\/\"},\"sameAs\":[\"https:\\\/\\\/www.facebook.com\\\/casadecampoliving\",\"https:\\\/\\\/x.com\\\/cdcliving\"]},{\"@type\":\"Person\",\"@id\":\"https:\\\/\\\/casadecampoliving.com\\\/es\\\/#\\\/schema\\\/person\\\/2b2208f3175fa8761e25b272e096d718\",\"name\":\"Rebecca Silvestri\",\"image\":{\"@type\":\"ImageObject\",\"inLanguage\":\"es\",\"@id\":\"https:\\\/\\\/secure.gravatar.com\\\/avatar\\\/2d937fd6c1769fb718dbf8dce9e82bf5f89e97bd028f9b3ea10b931dc7df95c6?s=96&d=mm&r=g\",\"url\":\"https:\\\/\\\/secure.gravatar.com\\\/avatar\\\/2d937fd6c1769fb718dbf8dce9e82bf5f89e97bd028f9b3ea10b931dc7df95c6?s=96&d=mm&r=g\",\"contentUrl\":\"https:\\\/\\\/secure.gravatar.com\\\/avatar\\\/2d937fd6c1769fb718dbf8dce9e82bf5f89e97bd028f9b3ea10b931dc7df95c6?s=96&d=mm&r=g\",\"caption\":\"Rebecca Silvestri\"},\"url\":\"https:\\\/\\\/casadecampoliving.com\\\/es\\\/author\\\/madamehuge\\\/\"}]}<\/script>\n<!-- \/ Yoast SEO plugin. -->","yoast_head_json":{"title":"HOY Emilio Robba les invita a un c\u00f3ctel de lanzamiento de su nueva colecci\u00f3n | Casa de Campo Living","description":"\u00a1Hola amigos de la comunidad de Casa de Campo! solo un recordatorio de que ESTA NOCHE es el c\u00f3ctel de celebraci\u00f3n del lanzamiento de la nueva colecci\u00f3n de","robots":{"index":"index","follow":"follow","max-snippet":"max-snippet:-1","max-image-preview":"max-image-preview:large","max-video-preview":"max-video-preview:-1"},"canonical":"https:\/\/casadecampoliving.com\/es\/hoy-emilio-robba-les-invita-a-un-coctel-de-lanzamiento-de-su-nueva-coleccion\/","og_locale":"es_ES","og_type":"article","og_title":"HOY Emilio Robba les invita a un c\u00f3ctel de lanzamiento de su nueva colecci\u00f3n | Casa de Campo Living","og_description":"\u00a1Hola amigos de la comunidad de Casa de Campo! solo un recordatorio de que ESTA NOCHE es el c\u00f3ctel de celebraci\u00f3n del lanzamiento de la nueva colecci\u00f3n de","og_url":"https:\/\/casadecampoliving.com\/es\/hoy-emilio-robba-les-invita-a-un-coctel-de-lanzamiento-de-su-nueva-coleccion\/","og_site_name":"Casa de Campo Living","article_publisher":"https:\/\/www.facebook.com\/casadecampoliving","article_published_time":"2013-04-05T04:00:00+00:00","article_modified_time":"2022-10-21T22:49:41+00:00","og_image":[{"width":600,"height":200,"url":"https:\/\/i0.wp.com\/casadecampoliving.com\/wp-content\/uploads\/2022\/10\/emilio_robba.jpeg?fit=600%2C200&ssl=1","type":"image\/jpeg"}],"author":"Rebecca Silvestri","twitter_card":"summary_large_image","twitter_creator":"@cdcliving","twitter_site":"@cdcliving","twitter_misc":{"Escrito por":"Rebecca Silvestri","Tiempo de lectura":"1 minuto"},"schema":{"@context":"https:\/\/schema.org","@graph":[{"@type":"Article","@id":"https:\/\/casadecampoliving.com\/es\/hoy-emilio-robba-les-invita-a-un-coctel-de-lanzamiento-de-su-nueva-coleccion\/#article","isPartOf":{"@id":"https:\/\/casadecampoliving.com\/es\/hoy-emilio-robba-les-invita-a-un-coctel-de-lanzamiento-de-su-nueva-coleccion\/"},"author":{"name":"Rebecca Silvestri","@id":"https:\/\/casadecampoliving.com\/es\/#\/schema\/person\/2b2208f3175fa8761e25b272e096d718"},"headline":"HOY Emilio Robba les invita a un c\u00f3ctel de lanzamiento de su nueva colecci\u00f3n","datePublished":"2013-04-05T04:00:00+00:00","dateModified":"2022-10-21T22:49:41+00:00","mainEntityOfPage":{"@id":"https:\/\/casadecampoliving.com\/es\/hoy-emilio-robba-les-invita-a-un-coctel-de-lanzamiento-de-su-nueva-coleccion\/"},"wordCount":307,"publisher":{"@id":"https:\/\/casadecampoliving.com\/es\/#organization"},"image":{"@id":"https:\/\/casadecampoliving.com\/es\/hoy-emilio-robba-les-invita-a-un-coctel-de-lanzamiento-de-su-nueva-coleccion\/#primaryimage"},"thumbnailUrl":"https:\/\/i0.wp.com\/casadecampoliving.com\/wp-content\/uploads\/2022\/10\/emilio_robba.jpeg?fit=600%2C200&ssl=1","keywords":["Altos de Chavon","emilio robba @es","tienda emilio robba art studios"],"articleSection":["Altos de Chavon @es","Arte y cultura","Compras","Estilo de Vida","Eventos","Noticias Locales","Proximamente"],"inLanguage":"es"},{"@type":"WebPage","@id":"https:\/\/casadecampoliving.com\/es\/hoy-emilio-robba-les-invita-a-un-coctel-de-lanzamiento-de-su-nueva-coleccion\/","url":"https:\/\/casadecampoliving.com\/es\/hoy-emilio-robba-les-invita-a-un-coctel-de-lanzamiento-de-su-nueva-coleccion\/","name":"HOY Emilio Robba les invita a un c\u00f3ctel de lanzamiento de su nueva colecci\u00f3n | Casa de Campo Living","isPartOf":{"@id":"https:\/\/casadecampoliving.com\/es\/#website"},"primaryImageOfPage":{"@id":"https:\/\/casadecampoliving.com\/es\/hoy-emilio-robba-les-invita-a-un-coctel-de-lanzamiento-de-su-nueva-coleccion\/#primaryimage"},"image":{"@id":"https:\/\/casadecampoliving.com\/es\/hoy-emilio-robba-les-invita-a-un-coctel-de-lanzamiento-de-su-nueva-coleccion\/#primaryimage"},"thumbnailUrl":"https:\/\/i0.wp.com\/casadecampoliving.com\/wp-content\/uploads\/2022\/10\/emilio_robba.jpeg?fit=600%2C200&ssl=1","datePublished":"2013-04-05T04:00:00+00:00","dateModified":"2022-10-21T22:49:41+00:00","description":"\u00a1Hola amigos de la comunidad de Casa de Campo! solo un recordatorio de que ESTA NOCHE es el c\u00f3ctel de celebraci\u00f3n del lanzamiento de la nueva colecci\u00f3n de","breadcrumb":{"@id":"https:\/\/casadecampoliving.com\/es\/hoy-emilio-robba-les-invita-a-un-coctel-de-lanzamiento-de-su-nueva-coleccion\/#breadcrumb"},"inLanguage":"es","potentialAction":[{"@type":"ReadAction","target":["https:\/\/casadecampoliving.com\/es\/hoy-emilio-robba-les-invita-a-un-coctel-de-lanzamiento-de-su-nueva-coleccion\/"]}]},{"@type":"ImageObject","inLanguage":"es","@id":"https:\/\/casadecampoliving.com\/es\/hoy-emilio-robba-les-invita-a-un-coctel-de-lanzamiento-de-su-nueva-coleccion\/#primaryimage","url":"https:\/\/i0.wp.com\/casadecampoliving.com\/wp-content\/uploads\/2022\/10\/emilio_robba.jpeg?fit=600%2C200&ssl=1","contentUrl":"https:\/\/i0.wp.com\/casadecampoliving.com\/wp-content\/uploads\/2022\/10\/emilio_robba.jpeg?fit=600%2C200&ssl=1","width":600,"height":200},{"@type":"BreadcrumbList","@id":"https:\/\/casadecampoliving.com\/es\/hoy-emilio-robba-les-invita-a-un-coctel-de-lanzamiento-de-su-nueva-coleccion\/#breadcrumb","itemListElement":[{"@type":"ListItem","position":1,"name":"Home","item":"https:\/\/casadecampoliving.com\/es\/"},{"@type":"ListItem","position":2,"name":"HOY Emilio Robba les invita a un c\u00f3ctel de lanzamiento de su nueva colecci\u00f3n"}]},{"@type":"WebSite","@id":"https:\/\/casadecampoliving.com\/es\/#website","url":"https:\/\/casadecampoliving.com\/es\/","name":"Casa de Campo Living","description":"Resort community news and resources.","publisher":{"@id":"https:\/\/casadecampoliving.com\/es\/#organization"},"potentialAction":[{"@type":"SearchAction","target":{"@type":"EntryPoint","urlTemplate":"https:\/\/casadecampoliving.com\/es\/?s={search_term_string}"},"query-input":{"@type":"PropertyValueSpecification","valueRequired":true,"valueName":"search_term_string"}}],"inLanguage":"es"},{"@type":"Organization","@id":"https:\/\/casadecampoliving.com\/es\/#organization","name":"Casa de Campo Living","url":"https:\/\/casadecampoliving.com\/es\/","logo":{"@type":"ImageObject","inLanguage":"es","@id":"https:\/\/casadecampoliving.com\/es\/#\/schema\/logo\/image\/","url":"https:\/\/i0.wp.com\/casadecampoliving.com\/wp-content\/uploads\/2022\/07\/CDCLivingLogo_V1-white-sized.png?fit=800%2C214&ssl=1","contentUrl":"https:\/\/i0.wp.com\/casadecampoliving.com\/wp-content\/uploads\/2022\/07\/CDCLivingLogo_V1-white-sized.png?fit=800%2C214&ssl=1","width":800,"height":214,"caption":"Casa de Campo Living"},"image":{"@id":"https:\/\/casadecampoliving.com\/es\/#\/schema\/logo\/image\/"},"sameAs":["https:\/\/www.facebook.com\/casadecampoliving","https:\/\/x.com\/cdcliving"]},{"@type":"Person","@id":"https:\/\/casadecampoliving.com\/es\/#\/schema\/person\/2b2208f3175fa8761e25b272e096d718","name":"Rebecca Silvestri","image":{"@type":"ImageObject","inLanguage":"es","@id":"https:\/\/secure.gravatar.com\/avatar\/2d937fd6c1769fb718dbf8dce9e82bf5f89e97bd028f9b3ea10b931dc7df95c6?s=96&d=mm&r=g","url":"https:\/\/secure.gravatar.com\/avatar\/2d937fd6c1769fb718dbf8dce9e82bf5f89e97bd028f9b3ea10b931dc7df95c6?s=96&d=mm&r=g","contentUrl":"https:\/\/secure.gravatar.com\/avatar\/2d937fd6c1769fb718dbf8dce9e82bf5f89e97bd028f9b3ea10b931dc7df95c6?s=96&d=mm&r=g","caption":"Rebecca Silvestri"},"url":"https:\/\/casadecampoliving.com\/es\/author\/madamehuge\/"}]}},"parsely":{"version":"1.1.0","canonical_url":"https:\/\/casadecampoliving.com\/es\/hoy-emilio-robba-les-invita-a-un-coctel-de-lanzamiento-de-su-nueva-coleccion\/","smart_links":{"inbound":0,"outbound":0},"traffic_boost_suggestions_count":0,"meta":{"@context":"https:\/\/schema.org","@type":"NewsArticle","headline":"HOY Emilio Robba les invita a un c\u00f3ctel de lanzamiento de su nueva colecci\u00f3n","url":"http:\/\/casadecampoliving.com\/es\/hoy-emilio-robba-les-invita-a-un-coctel-de-lanzamiento-de-su-nueva-coleccion\/","mainEntityOfPage":{"@type":"WebPage","@id":"http:\/\/casadecampoliving.com\/es\/hoy-emilio-robba-les-invita-a-un-coctel-de-lanzamiento-de-su-nueva-coleccion\/"},"thumbnailUrl":"https:\/\/i0.wp.com\/casadecampoliving.com\/wp-content\/uploads\/2022\/10\/emilio_robba.jpeg?resize=150%2C150&ssl=1","image":{"@type":"ImageObject","url":"https:\/\/i0.wp.com\/casadecampoliving.com\/wp-content\/uploads\/2022\/10\/emilio_robba.jpeg?fit=600%2C200&ssl=1"},"articleSection":"Altos de Chavon @es","author":[{"@type":"Person","name":"Rebecca Silvestri"}],"creator":["Rebecca Silvestri"],"publisher":{"@type":"Organization","name":"Casa de Campo Living","logo":"https:\/\/casadecampoliving.com\/wp-content\/uploads\/2022\/07\/CDCLivingLogo_V1-white-sized.png"},"keywords":["altos de chavon","emilio robba @es","tienda emilio robba art studios"],"dateCreated":"2013-04-05T04:00:00Z","datePublished":"2013-04-05T04:00:00Z","dateModified":"2022-10-21T22:49:41Z"},"rendered":"<script type=\"application\/ld+json\" class=\"wp-parsely-metadata\">{\"@context\":\"https:\\\/\\\/schema.org\",\"@type\":\"NewsArticle\",\"headline\":\"HOY Emilio Robba les invita a un c\\u00f3ctel de lanzamiento de su nueva colecci\\u00f3n\",\"url\":\"http:\\\/\\\/casadecampoliving.com\\\/es\\\/hoy-emilio-robba-les-invita-a-un-coctel-de-lanzamiento-de-su-nueva-coleccion\\\/\",\"mainEntityOfPage\":{\"@type\":\"WebPage\",\"@id\":\"http:\\\/\\\/casadecampoliving.com\\\/es\\\/hoy-emilio-robba-les-invita-a-un-coctel-de-lanzamiento-de-su-nueva-coleccion\\\/\"},\"thumbnailUrl\":\"https:\\\/\\\/i0.wp.com\\\/casadecampoliving.com\\\/wp-content\\\/uploads\\\/2022\\\/10\\\/emilio_robba.jpeg?resize=150%2C150&ssl=1\",\"image\":{\"@type\":\"ImageObject\",\"url\":\"https:\\\/\\\/i0.wp.com\\\/casadecampoliving.com\\\/wp-content\\\/uploads\\\/2022\\\/10\\\/emilio_robba.jpeg?fit=600%2C200&ssl=1\"},\"articleSection\":\"Altos de Chavon @es\",\"author\":[{\"@type\":\"Person\",\"name\":\"Rebecca Silvestri\"}],\"creator\":[\"Rebecca Silvestri\"],\"publisher\":{\"@type\":\"Organization\",\"name\":\"Casa de Campo Living\",\"logo\":\"https:\\\/\\\/casadecampoliving.com\\\/wp-content\\\/uploads\\\/2022\\\/07\\\/CDCLivingLogo_V1-white-sized.png\"},\"keywords\":[\"altos de chavon\",\"emilio robba @es\",\"tienda emilio robba art studios\"],\"dateCreated\":\"2013-04-05T04:00:00Z\",\"datePublished\":\"2013-04-05T04:00:00Z\",\"dateModified\":\"2022-10-21T22:49:41Z\"}<\/script>","tracker_url":"https:\/\/cdn.parsely.com\/keys\/casadecampoliving.com\/p.js"},"jetpack_publicize_connections":[],"jetpack_featured_media_url":"https:\/\/i0.wp.com\/casadecampoliving.com\/wp-content\/uploads\/2022\/10\/emilio_robba.jpeg?fit=600%2C200&ssl=1","jetpack-related-posts":[{"id":340918,"url":"https:\/\/casadecampoliving.com\/es\/emilio-robba-les-invita-al-coctel-de-lanzamiento-de-su-nueva-coleccion-viernes-5-de-abril\/","url_meta":{"origin":340948,"position":0},"title":"Emilio Robba les invita al c\u00f3ctel de lanzamiento de su nueva colecci\u00f3n &#8211; viernes 5 de abril!","author":"Rebecca Silvestri","date":"1 Abr, 2013","format":false,"excerpt":"Este viernes 5 de abril, el Estudio de Arte Altos de Chav\u00f3n de Emilio Robba les invita a disfrutar de un c\u00f3ctel con el fin de celebrar el lanzamiento de su m\u00e1s reciente colecci\u00f3n. El Estudio de Arte de Altos de Chav\u00f3n de Emilio Robba es un negocio compartido por\u2026","rel":"","context":"En \u00abAltos de Chavon @es\u00bb","block_context":{"text":"Altos de Chavon @es","link":"https:\/\/casadecampoliving.com\/category\/altos-de-chavon-es\/"},"img":{"alt_text":"","src":"https:\/\/i0.wp.com\/casadecampoliving.com\/wp-content\/uploads\/2022\/10\/Emilio-1-INGLES1-1.jpg?fit=650%2C400&ssl=1&resize=350%2C200","width":350,"height":200,"srcset":"https:\/\/i0.wp.com\/casadecampoliving.com\/wp-content\/uploads\/2022\/10\/Emilio-1-INGLES1-1.jpg?fit=650%2C400&ssl=1&resize=350%2C200 1x, https:\/\/i0.wp.com\/casadecampoliving.com\/wp-content\/uploads\/2022\/10\/Emilio-1-INGLES1-1.jpg?fit=650%2C400&ssl=1&resize=525%2C300 1.5x"},"classes":[]},{"id":345523,"url":"https:\/\/casadecampoliving.com\/es\/emilio-robba-lanza-una-nueva-coleccion-en-paris\/","url_meta":{"origin":340948,"position":1},"title":"Emilio Robba lanza una nueva colecci\u00f3n en Paris","author":"Daniela Medina","date":"5 Oct, 2014","format":false,"excerpt":"Emilio Robba se complace en anunciar el lanzamiento de su nueva colecci\u00f3n en Par\u00eds en su emblem\u00e1tico sal\u00f3n ubicado en la Galerie Vivienne. El \u00e9xito de la inauguraci\u00f3n de su exposici\u00f3n \"Le meuble est un jardin\", ha establecido el tono en\u00e9rgico del \u00faltimo concepto del Sr. Robba. Ha presentado su\u2026","rel":"","context":"En \u00abAltos de Chavon @es\u00bb","block_context":{"text":"Altos de Chavon @es","link":"https:\/\/casadecampoliving.com\/category\/altos-de-chavon-es\/"},"img":{"alt_text":"","src":"https:\/\/i0.wp.com\/casadecampoliving.com\/wp-content\/uploads\/2022\/10\/emilio-robba-1.png?fit=635%2C480&ssl=1&resize=350%2C200","width":350,"height":200,"srcset":"https:\/\/i0.wp.com\/casadecampoliving.com\/wp-content\/uploads\/2022\/10\/emilio-robba-1.png?fit=635%2C480&ssl=1&resize=350%2C200 1x, https:\/\/i0.wp.com\/casadecampoliving.com\/wp-content\/uploads\/2022\/10\/emilio-robba-1.png?fit=635%2C480&ssl=1&resize=525%2C300 1.5x"},"classes":[]},{"id":341041,"url":"https:\/\/casadecampoliving.com\/es\/un-brindis-para-celebrar-la-nueva-y-hermosa-coleccion-de-emilio-robba\/","url_meta":{"origin":340948,"position":2},"title":"Un brindis para celebrar la nueva y hermosa colecci\u00f3n de Emilio Robba!","author":"lperdomo","date":"13 Abr, 2013","format":false,"excerpt":"El viernes 5 de abril pasado Emilio Robba organiz\u00f3 un c\u00f3ctel en los Altos de Chav\u00f3n Art Studios by Emilio Robba\u00a0(estudios de arte por Emilio Robba) en celebraci\u00f3n del lanzamiento de su colecci\u00f3n m\u00e1s reciente. A pesar de el d\u00eda lluvioso, la ocasi\u00f3n fue una reuni\u00f3n agradable para los due\u00f1os\u2026","rel":"","context":"En \u00abAltos de Chavon @es\u00bb","block_context":{"text":"Altos de Chavon @es","link":"https:\/\/casadecampoliving.com\/category\/altos-de-chavon-es\/"},"img":{"alt_text":"rebecca hughes leopoldo maler","src":"https:\/\/i0.wp.com\/casadecampoliving.com\/wp-content\/uploads\/2022\/10\/rebecca_hughes_leopoldo_maler-1.jpg?fit=650%2C420&ssl=1&resize=350%2C200","width":350,"height":200,"srcset":"https:\/\/i0.wp.com\/casadecampoliving.com\/wp-content\/uploads\/2022\/10\/rebecca_hughes_leopoldo_maler-1.jpg?fit=650%2C420&ssl=1&resize=350%2C200 1x, https:\/\/i0.wp.com\/casadecampoliving.com\/wp-content\/uploads\/2022\/10\/rebecca_hughes_leopoldo_maler-1.jpg?fit=650%2C420&ssl=1&resize=525%2C300 1.5x"},"classes":[]},{"id":349418,"url":"https:\/\/casadecampoliving.com\/es\/emilio-robba-collections-now-25\/","url_meta":{"origin":340948,"position":3},"title":"\u00a1 Emilio Robba ahora con 25% de descuento!","author":"Heather Lincoln","date":"15 Mar, 2016","format":false,"excerpt":"Emilio Robba es un famoso dise\u00f1ador de par\u00eds con tiendas de colecci\u00f3n por todo el mundo. Y una de ellas se encuentra justo aqu\u00ed en nuestra villa de artistas, Altos de Chav\u00f3n. Y con motivo a hacer espacio para la nueva colecci\u00f3n que est\u00e1 por llegar a Emilio Robba Art\u2026","rel":"","context":"En \u00abAltos de Chavon @es\u00bb","block_context":{"text":"Altos de Chavon @es","link":"https:\/\/casadecampoliving.com\/category\/altos-de-chavon-es\/"},"img":{"alt_text":"Emilio Robba Collection","src":"https:\/\/i0.wp.com\/casadecampoliving.com\/wp-content\/uploads\/2022\/10\/emilio_robba_orchids_planters-e1458071819142.jpg?fit=1000%2C685&ssl=1&resize=350%2C200","width":350,"height":200,"srcset":"https:\/\/i0.wp.com\/casadecampoliving.com\/wp-content\/uploads\/2022\/10\/emilio_robba_orchids_planters-e1458071819142.jpg?fit=1000%2C685&ssl=1&resize=350%2C200 1x, https:\/\/i0.wp.com\/casadecampoliving.com\/wp-content\/uploads\/2022\/10\/emilio_robba_orchids_planters-e1458071819142.jpg?fit=1000%2C685&ssl=1&resize=525%2C300 1.5x, https:\/\/i0.wp.com\/casadecampoliving.com\/wp-content\/uploads\/2022\/10\/emilio_robba_orchids_planters-e1458071819142.jpg?fit=1000%2C685&ssl=1&resize=700%2C400 2x"},"classes":[]},{"id":345452,"url":"https:\/\/casadecampoliving.com\/es\/beautifully-hand-crafted-pottery-20\/","url_meta":{"origin":340948,"position":4},"title":"\u00a1Hermosas cer\u00e1micas hechas a mano con 20% de descuento!","author":"Maria Isabel B\u00e1ez","date":"25 Sep, 2014","format":false,"excerpt":"La galer\u00eda Art Studio by Emilio Robba en Altos de Chav\u00f3n tiene un 20% de descuento, \u00a1en sus colecciones de cer\u00e1micas y m\u00e1s! \u00bfUsted cree que a su hogar le vendr\u00eda bien algo nuevo para avivarse un poco m\u00e1s? Bueno, este es el momento perfecto para hacerlo, con hermosas cer\u00e1micas\u2026","rel":"","context":"En \u00abAltos de Chavon @es\u00bb","block_context":{"text":"Altos de Chavon @es","link":"https:\/\/casadecampoliving.com\/category\/altos-de-chavon-es\/"},"img":{"alt_text":"Emilio Robba Collection","src":"https:\/\/i0.wp.com\/casadecampoliving.com\/wp-content\/uploads\/2022\/10\/emilio_robba_orchids_planters-e1458071819142.jpg?fit=1000%2C685&ssl=1&resize=350%2C200","width":350,"height":200,"srcset":"https:\/\/i0.wp.com\/casadecampoliving.com\/wp-content\/uploads\/2022\/10\/emilio_robba_orchids_planters-e1458071819142.jpg?fit=1000%2C685&ssl=1&resize=350%2C200 1x, https:\/\/i0.wp.com\/casadecampoliving.com\/wp-content\/uploads\/2022\/10\/emilio_robba_orchids_planters-e1458071819142.jpg?fit=1000%2C685&ssl=1&resize=525%2C300 1.5x, https:\/\/i0.wp.com\/casadecampoliving.com\/wp-content\/uploads\/2022\/10\/emilio_robba_orchids_planters-e1458071819142.jpg?fit=1000%2C685&ssl=1&resize=700%2C400 2x"},"classes":[]},{"id":341451,"url":"https:\/\/casadecampoliving.com\/es\/festival-de-primavera-demonstraciones-y-especiales-en-emilio-robba-del-23-al-26-de-mayo\/","url_meta":{"origin":340948,"position":5},"title":"Festival de Primavera: Demonstraciones y especiales en Emilio Robba- del 23 al 26 de mayo","author":"Mairobi Herrera","date":"20 May, 2013","format":false,"excerpt":"Las actividades para la\u00a0Festival de Primavera, el cual se llevar\u00e1 a cabo desde el 23 de mayo hasta el 26 mayo, no se detienen. \u00a1Ahora est\u00e1n m\u00e1s buenas! Ya que el Art Studios by Emilio Robba (estudios de arte por Emilio Robba) le ofrece cinco maravillosas oportunidades para que usted\u2026","rel":"","context":"En \u00abAltos de Chavon @es\u00bb","block_context":{"text":"Altos de Chavon @es","link":"https:\/\/casadecampoliving.com\/category\/altos-de-chavon-es\/"},"img":{"alt_text":"decoracion emilio robba","src":"https:\/\/i0.wp.com\/casadecampoliving.com\/wp-content\/uploads\/2022\/10\/decoracion_emilio_robba-1.jpg?fit=650%2C322&ssl=1&resize=350%2C200","width":350,"height":200,"srcset":"https:\/\/i0.wp.com\/casadecampoliving.com\/wp-content\/uploads\/2022\/10\/decoracion_emilio_robba-1.jpg?fit=650%2C322&ssl=1&resize=350%2C200 1x, https:\/\/i0.wp.com\/casadecampoliving.com\/wp-content\/uploads\/2022\/10\/decoracion_emilio_robba-1.jpg?fit=650%2C322&ssl=1&resize=525%2C300 1.5x"},"classes":[]}],"jetpack_sharing_enabled":true,"_links":{"self":[{"href":"https:\/\/casadecampoliving.com\/es\/wp-json\/wp\/v2\/posts\/340948","targetHints":{"allow":["GET"]}}],"collection":[{"href":"https:\/\/casadecampoliving.com\/es\/wp-json\/wp\/v2\/posts"}],"about":[{"href":"https:\/\/casadecampoliving.com\/es\/wp-json\/wp\/v2\/types\/post"}],"author":[{"embeddable":true,"href":"https:\/\/casadecampoliving.com\/es\/wp-json\/wp\/v2\/users\/31"}],"replies":[{"embeddable":true,"href":"https:\/\/casadecampoliving.com\/es\/wp-json\/wp\/v2\/comments?post=340948"}],"version-history":[{"count":1,"href":"https:\/\/casadecampoliving.com\/es\/wp-json\/wp\/v2\/posts\/340948\/revisions"}],"predecessor-version":[{"id":340949,"href":"https:\/\/casadecampoliving.com\/es\/wp-json\/wp\/v2\/posts\/340948\/revisions\/340949"}],"wp:featuredmedia":[{"embeddable":true,"href":"https:\/\/casadecampoliving.com\/es\/wp-json\/wp\/v2\/media\/272693"}],"wp:attachment":[{"href":"https:\/\/casadecampoliving.com\/es\/wp-json\/wp\/v2\/media?parent=340948"}],"wp:term":[{"taxonomy":"category","embeddable":true,"href":"https:\/\/casadecampoliving.com\/es\/wp-json\/wp\/v2\/categories?post=340948"},{"taxonomy":"post_tag","embeddable":true,"href":"https:\/\/casadecampoliving.com\/es\/wp-json\/wp\/v2\/tags?post=340948"},{"taxonomy":"newspack_spnsrs_tax","embeddable":true,"href":"https:\/\/casadecampoliving.com\/es\/wp-json\/wp\/v2\/newspack_spnsrs_tax?post=340948"}],"curies":[{"name":"wp","href":"https:\/\/api.w.org\/{rel}","templated":true}]}}