{"id":340924,"date":"2013-04-02T00:00:00","date_gmt":"2013-04-02T04:00:00","guid":{"rendered":"https:\/\/casadecampoliving.com\/mega-chavon-una-gran-constelacion-de-estrellas-dominicanas-en-altos-de-chavon\/"},"modified":"2022-11-10T10:31:12","modified_gmt":"2022-11-10T14:31:12","slug":"mega-chavon-una-gran-constelacion-de-estrellas-dominicanas-en-altos-de-chavon","status":"publish","type":"post","link":"https:\/\/casadecampoliving.com\/es\/mega-chavon-una-gran-constelacion-de-estrellas-dominicanas-en-altos-de-chavon\/","title":{"rendered":"Mega Chav\u00f3n! Una gran constelaci\u00f3n de estrellas dominicanas en Altos de Chav\u00f3n"},"content":{"rendered":"<img data-recalc-dims=\"1\" loading=\"lazy\" decoding=\"async\" class=\"aligncenter size-full wp-image-67593\" title=\"wason_brazoban\" src=\"https:\/\/i0.wp.com\/casadecampoliving.com\/wp-content\/uploads\/2022\/10\/wason_brazoban.jpg?resize=650%2C352&#038;ssl=1\" alt=\"wason brazoban\" width=\"650\" height=\"352\" \/>Este s\u00e1bado pasado, 30 de marzo, el anfiteatro de Altos de Chav\u00f3n estuvo repleto de estrellas, gracias al Mega Chav\u00f3n, un concierto en cual se presentaron varios grandes representantes de la m\u00fasica dominicana, como Fernando Villalona, Wason Brazoban y Sergio Vargas, entre muchos otros.\n\n<img data-recalc-dims=\"1\" loading=\"lazy\" decoding=\"async\" class=\"alignright size-full wp-image-67591\" style=\"margin-left: 15px; margin-right: 15px;\" title=\"fernando_villalona\" src=\"https:\/\/i0.wp.com\/casadecampoliving.com\/wp-content\/uploads\/2022\/10\/fernando_villalona-2.jpg?resize=250%2C375&#038;ssl=1\" alt=\"fernando villalona\" width=\"250\" height=\"375\" \/>Fue una noche llena de m\u00fasica, diversi\u00f3n y sobre todo muchos aplausos.\n\nEl primero en subir al escenario lleno de luces e instrumentos fue Wason Brazoban, quien con su grandiosa voz y hermosas canciones como \u00aben un s\u00f3lo d\u00eda\u00bb, \u00abtu eres mi reina\u00bb, \u00abtu ausencia\u00bb nos hizo pasar a todos un momento inolvidable.\n\nLuego de que Wason termin\u00f3 lleg\u00f3 el turno de Melymel, quien hizo bailar a todo el mundo con sus r\u00edtmicas canciones. Y as\u00ed uno a uno fue subiendo al escenario cada uno brindando algo diferente y entretenido; Fernando Villalona, el Poeta Callejero, Sergio Vargas, Mozart la Para, La Materialista y Milka y Melymel.\n\nLos bailarines, las luces y la algarab\u00eda no permitieron que el fr\u00edo que hac\u00eda aquella noche apagara los \u00e1nimos. Una de las partes en que todo mundo se puso de pie a bailar y a cantar fue el momento en que Sergio Vargas subi\u00f3 al escenario, lo primero que hizo fue preguntar: &#8211; de las canciones viejas o de las nuevas? todos los presentes gritaron -de las viejas al mismo tiempo, y as\u00ed fue que empez\u00f3 a cantar, nos emocion\u00f3 y trajo recuerdos a todos con canciones de los 80 como \u00abdile\u00bb, \u00abpero que va\u00bb, \u00abque te has cre\u00eddo\u00bb y nos brind\u00f3 a todos un momento maravilloso.\n<img data-recalc-dims=\"1\" loading=\"lazy\" decoding=\"async\" class=\"aligncenter size-full wp-image-67590\" title=\"SERGIO_vargas_altos_de_chavon\" src=\"https:\/\/i0.wp.com\/casadecampoliving.com\/wp-content\/uploads\/2022\/10\/SERGIO_vargas_altos_de_chavon1.jpg?resize=650%2C284&#038;ssl=1\" alt=\"sergio vargas altos de chavon\" width=\"650\" height=\"284\" \/>\n\nY por \u00faltimo pero no menos importante quien cerr\u00f3 el concierto fue El Poeta Callejero que canciones pegajosas y conocidas, mantuvo al publico cantando por lo que restaba de la noche.\n\n\u00a1Definitivamente Mega Chav\u00f3n fue un gran concierto que hizo del S\u00e1bado Santo una noche especial, inolvidable y adem\u00e1s divertida!\u00a0\u00a0<strong>\n<figure class=\"wp-block-gallery has-nested-images columns-default is-cropped wp-block-gallery-1 is-layout-flex wp-block-gallery-is-layout-flex\">\n<figure class=\"wp-block-image size-large\"><img data-recalc-dims=\"1\" loading=\"lazy\" decoding=\"async\" width=\"800\" height=\"534\" data-id=\"421837\" src=\"https:\/\/i0.wp.com\/casadecampoliving.com\/wp-content\/uploads\/2022\/10\/img_8606-2.jpg?resize=800%2C534&#038;ssl=1\" alt=\"\" class=\"wp-image-421837\" srcset=\"https:\/\/i0.wp.com\/casadecampoliving.com\/wp-content\/uploads\/2022\/10\/img_8606-2.jpg?w=800&amp;ssl=1 800w, https:\/\/i0.wp.com\/casadecampoliving.com\/wp-content\/uploads\/2022\/10\/img_8606-2.jpg?resize=300%2C200&amp;ssl=1 300w, https:\/\/i0.wp.com\/casadecampoliving.com\/wp-content\/uploads\/2022\/10\/img_8606-2.jpg?resize=768%2C513&amp;ssl=1 768w, https:\/\/i0.wp.com\/casadecampoliving.com\/wp-content\/uploads\/2022\/10\/img_8606-2.jpg?resize=400%2C267&amp;ssl=1 400w, https:\/\/i0.wp.com\/casadecampoliving.com\/wp-content\/uploads\/2022\/10\/img_8606-2.jpg?resize=706%2C471&amp;ssl=1 706w, https:\/\/i0.wp.com\/casadecampoliving.com\/wp-content\/uploads\/2022\/10\/img_8606-2.jpg?resize=150%2C100&amp;ssl=1 150w, https:\/\/i0.wp.com\/casadecampoliving.com\/wp-content\/uploads\/2022\/10\/img_8606-2.jpg?w=370&amp;ssl=1 370w\" sizes=\"auto, (max-width: 800px) 100vw, 800px\" \/><\/figure>\n\n\n\n<figure class=\"wp-block-image size-large\"><img data-recalc-dims=\"1\" loading=\"lazy\" decoding=\"async\" width=\"800\" height=\"534\" data-id=\"421867\" src=\"https:\/\/i0.wp.com\/casadecampoliving.com\/wp-content\/uploads\/2022\/10\/img_8615.jpg?resize=800%2C534&#038;ssl=1\" alt=\"\" class=\"wp-image-421867\" srcset=\"https:\/\/i0.wp.com\/casadecampoliving.com\/wp-content\/uploads\/2022\/10\/img_8615.jpg?w=800&amp;ssl=1 800w, https:\/\/i0.wp.com\/casadecampoliving.com\/wp-content\/uploads\/2022\/10\/img_8615.jpg?resize=300%2C200&amp;ssl=1 300w, https:\/\/i0.wp.com\/casadecampoliving.com\/wp-content\/uploads\/2022\/10\/img_8615.jpg?resize=768%2C513&amp;ssl=1 768w, https:\/\/i0.wp.com\/casadecampoliving.com\/wp-content\/uploads\/2022\/10\/img_8615.jpg?resize=400%2C267&amp;ssl=1 400w, https:\/\/i0.wp.com\/casadecampoliving.com\/wp-content\/uploads\/2022\/10\/img_8615.jpg?resize=706%2C471&amp;ssl=1 706w, https:\/\/i0.wp.com\/casadecampoliving.com\/wp-content\/uploads\/2022\/10\/img_8615.jpg?resize=150%2C100&amp;ssl=1 150w, https:\/\/i0.wp.com\/casadecampoliving.com\/wp-content\/uploads\/2022\/10\/img_8615.jpg?w=370&amp;ssl=1 370w\" sizes=\"auto, (max-width: 800px) 100vw, 800px\" \/><\/figure>\n\n\n\n<figure class=\"wp-block-image size-large\"><img data-recalc-dims=\"1\" loading=\"lazy\" decoding=\"async\" width=\"800\" height=\"534\" data-id=\"421890\" src=\"https:\/\/i0.wp.com\/casadecampoliving.com\/wp-content\/uploads\/2022\/10\/img_8624.jpg?resize=800%2C534&#038;ssl=1\" alt=\"\" class=\"wp-image-421890\" srcset=\"https:\/\/i0.wp.com\/casadecampoliving.com\/wp-content\/uploads\/2022\/10\/img_8624.jpg?w=800&amp;ssl=1 800w, https:\/\/i0.wp.com\/casadecampoliving.com\/wp-content\/uploads\/2022\/10\/img_8624.jpg?resize=300%2C200&amp;ssl=1 300w, https:\/\/i0.wp.com\/casadecampoliving.com\/wp-content\/uploads\/2022\/10\/img_8624.jpg?resize=768%2C513&amp;ssl=1 768w, https:\/\/i0.wp.com\/casadecampoliving.com\/wp-content\/uploads\/2022\/10\/img_8624.jpg?resize=400%2C267&amp;ssl=1 400w, https:\/\/i0.wp.com\/casadecampoliving.com\/wp-content\/uploads\/2022\/10\/img_8624.jpg?resize=706%2C471&amp;ssl=1 706w, https:\/\/i0.wp.com\/casadecampoliving.com\/wp-content\/uploads\/2022\/10\/img_8624.jpg?resize=150%2C100&amp;ssl=1 150w, https:\/\/i0.wp.com\/casadecampoliving.com\/wp-content\/uploads\/2022\/10\/img_8624.jpg?w=370&amp;ssl=1 370w\" sizes=\"auto, (max-width: 800px) 100vw, 800px\" \/><\/figure>\n\n\n\n<figure class=\"wp-block-image size-large\"><img data-recalc-dims=\"1\" loading=\"lazy\" decoding=\"async\" width=\"400\" height=\"600\" data-id=\"421918\" src=\"https:\/\/i0.wp.com\/casadecampoliving.com\/wp-content\/uploads\/2022\/10\/img_8632.jpg?resize=400%2C600&#038;ssl=1\" alt=\"\" class=\"wp-image-421918\" srcset=\"https:\/\/i0.wp.com\/casadecampoliving.com\/wp-content\/uploads\/2022\/10\/img_8632.jpg?w=400&amp;ssl=1 400w, https:\/\/i0.wp.com\/casadecampoliving.com\/wp-content\/uploads\/2022\/10\/img_8632.jpg?resize=200%2C300&amp;ssl=1 200w, https:\/\/i0.wp.com\/casadecampoliving.com\/wp-content\/uploads\/2022\/10\/img_8632.jpg?resize=150%2C225&amp;ssl=1 150w, https:\/\/i0.wp.com\/casadecampoliving.com\/wp-content\/uploads\/2022\/10\/img_8632.jpg?w=370&amp;ssl=1 370w\" sizes=\"auto, (max-width: 400px) 100vw, 400px\" \/><\/figure>\n\n\n\n<figure class=\"wp-block-image size-large\"><img data-recalc-dims=\"1\" loading=\"lazy\" decoding=\"async\" width=\"800\" height=\"534\" data-id=\"421939\" src=\"https:\/\/i0.wp.com\/casadecampoliving.com\/wp-content\/uploads\/2022\/10\/img_8637-1.jpg?resize=800%2C534&#038;ssl=1\" alt=\"\" class=\"wp-image-421939\" srcset=\"https:\/\/i0.wp.com\/casadecampoliving.com\/wp-content\/uploads\/2022\/10\/img_8637-1.jpg?w=800&amp;ssl=1 800w, https:\/\/i0.wp.com\/casadecampoliving.com\/wp-content\/uploads\/2022\/10\/img_8637-1.jpg?resize=300%2C200&amp;ssl=1 300w, https:\/\/i0.wp.com\/casadecampoliving.com\/wp-content\/uploads\/2022\/10\/img_8637-1.jpg?resize=768%2C513&amp;ssl=1 768w, https:\/\/i0.wp.com\/casadecampoliving.com\/wp-content\/uploads\/2022\/10\/img_8637-1.jpg?resize=400%2C267&amp;ssl=1 400w, https:\/\/i0.wp.com\/casadecampoliving.com\/wp-content\/uploads\/2022\/10\/img_8637-1.jpg?resize=706%2C471&amp;ssl=1 706w, https:\/\/i0.wp.com\/casadecampoliving.com\/wp-content\/uploads\/2022\/10\/img_8637-1.jpg?resize=150%2C100&amp;ssl=1 150w, https:\/\/i0.wp.com\/casadecampoliving.com\/wp-content\/uploads\/2022\/10\/img_8637-1.jpg?w=370&amp;ssl=1 370w\" sizes=\"auto, (max-width: 800px) 100vw, 800px\" \/><\/figure>\n\n\n\n<figure class=\"wp-block-image size-large\"><img data-recalc-dims=\"1\" loading=\"lazy\" decoding=\"async\" width=\"400\" height=\"600\" data-id=\"421971\" src=\"https:\/\/i0.wp.com\/casadecampoliving.com\/wp-content\/uploads\/2022\/10\/img_8684.jpg?resize=400%2C600&#038;ssl=1\" alt=\"\" class=\"wp-image-421971\" srcset=\"https:\/\/i0.wp.com\/casadecampoliving.com\/wp-content\/uploads\/2022\/10\/img_8684.jpg?w=400&amp;ssl=1 400w, https:\/\/i0.wp.com\/casadecampoliving.com\/wp-content\/uploads\/2022\/10\/img_8684.jpg?resize=200%2C300&amp;ssl=1 200w, https:\/\/i0.wp.com\/casadecampoliving.com\/wp-content\/uploads\/2022\/10\/img_8684.jpg?resize=150%2C225&amp;ssl=1 150w, https:\/\/i0.wp.com\/casadecampoliving.com\/wp-content\/uploads\/2022\/10\/img_8684.jpg?w=370&amp;ssl=1 370w\" sizes=\"auto, (max-width: 400px) 100vw, 400px\" \/><\/figure>\n\n\n\n<figure class=\"wp-block-image size-large\"><img data-recalc-dims=\"1\" loading=\"lazy\" decoding=\"async\" width=\"400\" height=\"600\" data-id=\"421993\" src=\"https:\/\/i0.wp.com\/casadecampoliving.com\/wp-content\/uploads\/2022\/10\/img_8690-1.jpg?resize=400%2C600&#038;ssl=1\" alt=\"\" class=\"wp-image-421993\" srcset=\"https:\/\/i0.wp.com\/casadecampoliving.com\/wp-content\/uploads\/2022\/10\/img_8690-1.jpg?w=400&amp;ssl=1 400w, https:\/\/i0.wp.com\/casadecampoliving.com\/wp-content\/uploads\/2022\/10\/img_8690-1.jpg?resize=200%2C300&amp;ssl=1 200w, https:\/\/i0.wp.com\/casadecampoliving.com\/wp-content\/uploads\/2022\/10\/img_8690-1.jpg?resize=150%2C225&amp;ssl=1 150w, https:\/\/i0.wp.com\/casadecampoliving.com\/wp-content\/uploads\/2022\/10\/img_8690-1.jpg?w=370&amp;ssl=1 370w\" sizes=\"auto, (max-width: 400px) 100vw, 400px\" \/><\/figure>\n\n\n\n<figure class=\"wp-block-image size-large\"><img data-recalc-dims=\"1\" loading=\"lazy\" decoding=\"async\" width=\"400\" height=\"600\" data-id=\"422024\" src=\"https:\/\/i0.wp.com\/casadecampoliving.com\/wp-content\/uploads\/2022\/10\/img_8720.jpg?resize=400%2C600&#038;ssl=1\" alt=\"\" class=\"wp-image-422024\" srcset=\"https:\/\/i0.wp.com\/casadecampoliving.com\/wp-content\/uploads\/2022\/10\/img_8720.jpg?w=400&amp;ssl=1 400w, https:\/\/i0.wp.com\/casadecampoliving.com\/wp-content\/uploads\/2022\/10\/img_8720.jpg?resize=200%2C300&amp;ssl=1 200w, https:\/\/i0.wp.com\/casadecampoliving.com\/wp-content\/uploads\/2022\/10\/img_8720.jpg?resize=150%2C225&amp;ssl=1 150w, https:\/\/i0.wp.com\/casadecampoliving.com\/wp-content\/uploads\/2022\/10\/img_8720.jpg?w=370&amp;ssl=1 370w\" sizes=\"auto, (max-width: 400px) 100vw, 400px\" \/><\/figure>\n\n\n\n<figure class=\"wp-block-image size-large\"><img data-recalc-dims=\"1\" loading=\"lazy\" decoding=\"async\" width=\"400\" height=\"600\" data-id=\"422051\" src=\"https:\/\/i0.wp.com\/casadecampoliving.com\/wp-content\/uploads\/2022\/10\/img_8725-1.jpg?resize=400%2C600&#038;ssl=1\" alt=\"\" class=\"wp-image-422051\" srcset=\"https:\/\/i0.wp.com\/casadecampoliving.com\/wp-content\/uploads\/2022\/10\/img_8725-1.jpg?w=400&amp;ssl=1 400w, https:\/\/i0.wp.com\/casadecampoliving.com\/wp-content\/uploads\/2022\/10\/img_8725-1.jpg?resize=200%2C300&amp;ssl=1 200w, https:\/\/i0.wp.com\/casadecampoliving.com\/wp-content\/uploads\/2022\/10\/img_8725-1.jpg?resize=150%2C225&amp;ssl=1 150w, https:\/\/i0.wp.com\/casadecampoliving.com\/wp-content\/uploads\/2022\/10\/img_8725-1.jpg?w=370&amp;ssl=1 370w\" sizes=\"auto, (max-width: 400px) 100vw, 400px\" \/><\/figure>\n\n\n\n<figure class=\"wp-block-image size-large\"><img data-recalc-dims=\"1\" loading=\"lazy\" decoding=\"async\" width=\"400\" height=\"600\" data-id=\"422077\" src=\"https:\/\/i0.wp.com\/casadecampoliving.com\/wp-content\/uploads\/2022\/10\/img_8738.jpg?resize=400%2C600&#038;ssl=1\" alt=\"\" class=\"wp-image-422077\" srcset=\"https:\/\/i0.wp.com\/casadecampoliving.com\/wp-content\/uploads\/2022\/10\/img_8738.jpg?w=400&amp;ssl=1 400w, https:\/\/i0.wp.com\/casadecampoliving.com\/wp-content\/uploads\/2022\/10\/img_8738.jpg?resize=200%2C300&amp;ssl=1 200w, https:\/\/i0.wp.com\/casadecampoliving.com\/wp-content\/uploads\/2022\/10\/img_8738.jpg?resize=150%2C225&amp;ssl=1 150w, https:\/\/i0.wp.com\/casadecampoliving.com\/wp-content\/uploads\/2022\/10\/img_8738.jpg?w=370&amp;ssl=1 370w\" sizes=\"auto, (max-width: 400px) 100vw, 400px\" \/><\/figure>\n\n\n\n<figure class=\"wp-block-image size-large\"><img data-recalc-dims=\"1\" loading=\"lazy\" decoding=\"async\" width=\"400\" height=\"600\" data-id=\"422097\" src=\"https:\/\/i0.wp.com\/casadecampoliving.com\/wp-content\/uploads\/2022\/10\/img_8739-1.jpg?resize=400%2C600&#038;ssl=1\" alt=\"\" class=\"wp-image-422097\" srcset=\"https:\/\/i0.wp.com\/casadecampoliving.com\/wp-content\/uploads\/2022\/10\/img_8739-1.jpg?w=400&amp;ssl=1 400w, https:\/\/i0.wp.com\/casadecampoliving.com\/wp-content\/uploads\/2022\/10\/img_8739-1.jpg?resize=200%2C300&amp;ssl=1 200w, https:\/\/i0.wp.com\/casadecampoliving.com\/wp-content\/uploads\/2022\/10\/img_8739-1.jpg?resize=150%2C225&amp;ssl=1 150w, https:\/\/i0.wp.com\/casadecampoliving.com\/wp-content\/uploads\/2022\/10\/img_8739-1.jpg?w=370&amp;ssl=1 370w\" sizes=\"auto, (max-width: 400px) 100vw, 400px\" \/><\/figure>\n\n\n\n<figure class=\"wp-block-image size-large\"><img data-recalc-dims=\"1\" loading=\"lazy\" decoding=\"async\" width=\"400\" height=\"600\" data-id=\"422128\" src=\"https:\/\/i0.wp.com\/casadecampoliving.com\/wp-content\/uploads\/2022\/10\/img_8743.jpg?resize=400%2C600&#038;ssl=1\" alt=\"\" class=\"wp-image-422128\" srcset=\"https:\/\/i0.wp.com\/casadecampoliving.com\/wp-content\/uploads\/2022\/10\/img_8743.jpg?w=400&amp;ssl=1 400w, https:\/\/i0.wp.com\/casadecampoliving.com\/wp-content\/uploads\/2022\/10\/img_8743.jpg?resize=200%2C300&amp;ssl=1 200w, https:\/\/i0.wp.com\/casadecampoliving.com\/wp-content\/uploads\/2022\/10\/img_8743.jpg?resize=150%2C225&amp;ssl=1 150w, https:\/\/i0.wp.com\/casadecampoliving.com\/wp-content\/uploads\/2022\/10\/img_8743.jpg?w=370&amp;ssl=1 370w\" sizes=\"auto, (max-width: 400px) 100vw, 400px\" \/><\/figure>\n\n\n\n<figure class=\"wp-block-image size-large\"><img data-recalc-dims=\"1\" loading=\"lazy\" decoding=\"async\" width=\"800\" height=\"534\" data-id=\"422152\" src=\"https:\/\/i0.wp.com\/casadecampoliving.com\/wp-content\/uploads\/2022\/10\/img_8748.jpg?resize=800%2C534&#038;ssl=1\" alt=\"\" class=\"wp-image-422152\" srcset=\"https:\/\/i0.wp.com\/casadecampoliving.com\/wp-content\/uploads\/2022\/10\/img_8748.jpg?w=800&amp;ssl=1 800w, https:\/\/i0.wp.com\/casadecampoliving.com\/wp-content\/uploads\/2022\/10\/img_8748.jpg?resize=300%2C200&amp;ssl=1 300w, https:\/\/i0.wp.com\/casadecampoliving.com\/wp-content\/uploads\/2022\/10\/img_8748.jpg?resize=768%2C513&amp;ssl=1 768w, https:\/\/i0.wp.com\/casadecampoliving.com\/wp-content\/uploads\/2022\/10\/img_8748.jpg?resize=400%2C267&amp;ssl=1 400w, https:\/\/i0.wp.com\/casadecampoliving.com\/wp-content\/uploads\/2022\/10\/img_8748.jpg?resize=706%2C471&amp;ssl=1 706w, https:\/\/i0.wp.com\/casadecampoliving.com\/wp-content\/uploads\/2022\/10\/img_8748.jpg?resize=150%2C100&amp;ssl=1 150w, https:\/\/i0.wp.com\/casadecampoliving.com\/wp-content\/uploads\/2022\/10\/img_8748.jpg?w=370&amp;ssl=1 370w\" sizes=\"auto, (max-width: 800px) 100vw, 800px\" \/><\/figure>\n\n\n\n<figure class=\"wp-block-image size-large\"><img data-recalc-dims=\"1\" loading=\"lazy\" decoding=\"async\" width=\"400\" height=\"600\" data-id=\"422175\" src=\"https:\/\/i0.wp.com\/casadecampoliving.com\/wp-content\/uploads\/2022\/10\/img_8757.jpg?resize=400%2C600&#038;ssl=1\" alt=\"\" class=\"wp-image-422175\" srcset=\"https:\/\/i0.wp.com\/casadecampoliving.com\/wp-content\/uploads\/2022\/10\/img_8757.jpg?w=400&amp;ssl=1 400w, https:\/\/i0.wp.com\/casadecampoliving.com\/wp-content\/uploads\/2022\/10\/img_8757.jpg?resize=200%2C300&amp;ssl=1 200w, https:\/\/i0.wp.com\/casadecampoliving.com\/wp-content\/uploads\/2022\/10\/img_8757.jpg?resize=150%2C225&amp;ssl=1 150w, https:\/\/i0.wp.com\/casadecampoliving.com\/wp-content\/uploads\/2022\/10\/img_8757.jpg?w=370&amp;ssl=1 370w\" sizes=\"auto, (max-width: 400px) 100vw, 400px\" \/><\/figure>\n\n\n\n<figure class=\"wp-block-image size-large\"><img data-recalc-dims=\"1\" loading=\"lazy\" decoding=\"async\" width=\"400\" height=\"600\" data-id=\"422199\" src=\"https:\/\/i0.wp.com\/casadecampoliving.com\/wp-content\/uploads\/2022\/10\/img_8800.jpg?resize=400%2C600&#038;ssl=1\" alt=\"\" class=\"wp-image-422199\" srcset=\"https:\/\/i0.wp.com\/casadecampoliving.com\/wp-content\/uploads\/2022\/10\/img_8800.jpg?w=400&amp;ssl=1 400w, https:\/\/i0.wp.com\/casadecampoliving.com\/wp-content\/uploads\/2022\/10\/img_8800.jpg?resize=200%2C300&amp;ssl=1 200w, https:\/\/i0.wp.com\/casadecampoliving.com\/wp-content\/uploads\/2022\/10\/img_8800.jpg?resize=150%2C225&amp;ssl=1 150w, https:\/\/i0.wp.com\/casadecampoliving.com\/wp-content\/uploads\/2022\/10\/img_8800.jpg?w=370&amp;ssl=1 370w\" sizes=\"auto, (max-width: 400px) 100vw, 400px\" \/><\/figure>\n\n\n\n<figure class=\"wp-block-image size-large\"><img data-recalc-dims=\"1\" loading=\"lazy\" decoding=\"async\" width=\"400\" height=\"600\" data-id=\"422232\" src=\"https:\/\/i0.wp.com\/casadecampoliving.com\/wp-content\/uploads\/2022\/10\/img_8824.jpg?resize=400%2C600&#038;ssl=1\" alt=\"\" class=\"wp-image-422232\" srcset=\"https:\/\/i0.wp.com\/casadecampoliving.com\/wp-content\/uploads\/2022\/10\/img_8824.jpg?w=400&amp;ssl=1 400w, https:\/\/i0.wp.com\/casadecampoliving.com\/wp-content\/uploads\/2022\/10\/img_8824.jpg?resize=200%2C300&amp;ssl=1 200w, https:\/\/i0.wp.com\/casadecampoliving.com\/wp-content\/uploads\/2022\/10\/img_8824.jpg?resize=150%2C225&amp;ssl=1 150w, https:\/\/i0.wp.com\/casadecampoliving.com\/wp-content\/uploads\/2022\/10\/img_8824.jpg?w=370&amp;ssl=1 370w\" sizes=\"auto, (max-width: 400px) 100vw, 400px\" \/><\/figure>\n\n\n\n<figure class=\"wp-block-image size-large\"><img data-recalc-dims=\"1\" loading=\"lazy\" decoding=\"async\" width=\"400\" height=\"600\" data-id=\"422255\" src=\"https:\/\/i0.wp.com\/casadecampoliving.com\/wp-content\/uploads\/2022\/10\/img_8835.jpg?resize=400%2C600&#038;ssl=1\" alt=\"\" class=\"wp-image-422255\" srcset=\"https:\/\/i0.wp.com\/casadecampoliving.com\/wp-content\/uploads\/2022\/10\/img_8835.jpg?w=400&amp;ssl=1 400w, https:\/\/i0.wp.com\/casadecampoliving.com\/wp-content\/uploads\/2022\/10\/img_8835.jpg?resize=200%2C300&amp;ssl=1 200w, https:\/\/i0.wp.com\/casadecampoliving.com\/wp-content\/uploads\/2022\/10\/img_8835.jpg?resize=150%2C225&amp;ssl=1 150w, https:\/\/i0.wp.com\/casadecampoliving.com\/wp-content\/uploads\/2022\/10\/img_8835.jpg?w=370&amp;ssl=1 370w\" sizes=\"auto, (max-width: 400px) 100vw, 400px\" \/><\/figure>\n\n\n\n<figure class=\"wp-block-image size-large\"><img data-recalc-dims=\"1\" loading=\"lazy\" decoding=\"async\" width=\"800\" height=\"534\" data-id=\"422287\" src=\"https:\/\/i0.wp.com\/casadecampoliving.com\/wp-content\/uploads\/2022\/10\/img_8892.jpg?resize=800%2C534&#038;ssl=1\" alt=\"\" class=\"wp-image-422287\" srcset=\"https:\/\/i0.wp.com\/casadecampoliving.com\/wp-content\/uploads\/2022\/10\/img_8892.jpg?w=800&amp;ssl=1 800w, https:\/\/i0.wp.com\/casadecampoliving.com\/wp-content\/uploads\/2022\/10\/img_8892.jpg?resize=300%2C200&amp;ssl=1 300w, https:\/\/i0.wp.com\/casadecampoliving.com\/wp-content\/uploads\/2022\/10\/img_8892.jpg?resize=768%2C513&amp;ssl=1 768w, https:\/\/i0.wp.com\/casadecampoliving.com\/wp-content\/uploads\/2022\/10\/img_8892.jpg?resize=400%2C267&amp;ssl=1 400w, https:\/\/i0.wp.com\/casadecampoliving.com\/wp-content\/uploads\/2022\/10\/img_8892.jpg?resize=706%2C471&amp;ssl=1 706w, https:\/\/i0.wp.com\/casadecampoliving.com\/wp-content\/uploads\/2022\/10\/img_8892.jpg?resize=150%2C100&amp;ssl=1 150w, https:\/\/i0.wp.com\/casadecampoliving.com\/wp-content\/uploads\/2022\/10\/img_8892.jpg?w=370&amp;ssl=1 370w\" sizes=\"auto, (max-width: 800px) 100vw, 800px\" \/><\/figure>\n\n\n\n<figure class=\"wp-block-image size-large\"><img data-recalc-dims=\"1\" loading=\"lazy\" decoding=\"async\" width=\"400\" height=\"600\" data-id=\"422313\" src=\"https:\/\/i0.wp.com\/casadecampoliving.com\/wp-content\/uploads\/2022\/10\/la-material-en-chavon.jpg?resize=400%2C600&#038;ssl=1\" alt=\"\" class=\"wp-image-422313\" srcset=\"https:\/\/i0.wp.com\/casadecampoliving.com\/wp-content\/uploads\/2022\/10\/la-material-en-chavon.jpg?w=400&amp;ssl=1 400w, https:\/\/i0.wp.com\/casadecampoliving.com\/wp-content\/uploads\/2022\/10\/la-material-en-chavon.jpg?resize=200%2C300&amp;ssl=1 200w, https:\/\/i0.wp.com\/casadecampoliving.com\/wp-content\/uploads\/2022\/10\/la-material-en-chavon.jpg?resize=150%2C225&amp;ssl=1 150w, https:\/\/i0.wp.com\/casadecampoliving.com\/wp-content\/uploads\/2022\/10\/la-material-en-chavon.jpg?w=370&amp;ssl=1 370w\" sizes=\"auto, (max-width: 400px) 100vw, 400px\" \/><\/figure>\n\n\n\n<figure class=\"wp-block-image size-large\"><img data-recalc-dims=\"1\" loading=\"lazy\" decoding=\"async\" width=\"400\" height=\"600\" data-id=\"422338\" src=\"https:\/\/i0.wp.com\/casadecampoliving.com\/wp-content\/uploads\/2022\/10\/yoryi.jpg?resize=400%2C600&#038;ssl=1\" alt=\"\" class=\"wp-image-422338\" srcset=\"https:\/\/i0.wp.com\/casadecampoliving.com\/wp-content\/uploads\/2022\/10\/yoryi.jpg?w=400&amp;ssl=1 400w, https:\/\/i0.wp.com\/casadecampoliving.com\/wp-content\/uploads\/2022\/10\/yoryi.jpg?resize=200%2C300&amp;ssl=1 200w, https:\/\/i0.wp.com\/casadecampoliving.com\/wp-content\/uploads\/2022\/10\/yoryi.jpg?resize=150%2C225&amp;ssl=1 150w, https:\/\/i0.wp.com\/casadecampoliving.com\/wp-content\/uploads\/2022\/10\/yoryi.jpg?w=370&amp;ssl=1 370w\" sizes=\"auto, (max-width: 400px) 100vw, 400px\" \/><\/figure>\n<\/figure>\n<\/strong>","protected":false},"excerpt":{"rendered":"<p>Este s\u00e1bado pasado, 30 de marzo, el anfiteatro de Altos de Chav\u00f3n estuvo repleto de estrellas, gracias al Mega Chav\u00f3n, un concierto en cual se presentaron varios grandes representantes de la m\u00fasica dominicana, como Fernando Villalona, Wason Brazoban y Sergio Vargas, entre muchos otros. Fue una noche llena de m\u00fasica, diversi\u00f3n y sobre todo muchos [&hellip;]<\/p>\n","protected":false},"author":388,"featured_media":271674,"comment_status":"closed","ping_status":"closed","sticky":false,"template":"","format":"standard","meta":{"newspack_ads_suppress_ads":false,"newspack_popups_has_disabled_popups":false,"newspack_sponsor_sponsorship_scope":"","newspack_sponsor_native_byline_display":"inherit","newspack_sponsor_native_category_display":"inherit","newspack_sponsor_underwriter_style":"inherit","newspack_sponsor_underwriter_placement":"inherit","_newspack_byline_active":false,"_newspack_byline":"","newspack_hide_updated_date":false,"newspack_show_updated_date":false,"newspack_content_restriction_is_exempt":false,"newspack_featured_image_position":"","newspack_post_subtitle":"","newspack_article_summary_title":"Overview:","newspack_article_summary":"","_jetpack_memberships_contains_paid_content":false,"footnotes":"","jetpack_publicize_message":"","jetpack_publicize_feature_enabled":true,"jetpack_social_post_already_shared":false,"jetpack_social_options":{"image_generator_settings":{"template":"highway","default_image_id":0,"font":"","enabled":false},"version":2},"_wpas_customize_per_network":false},"categories":[26819,26823,2518,2522,2524,14625,14627],"tags":[15387,2814,18836,2963,6115,6116,6114,649],"newspack_spnsrs_tax":[],"class_list":["post-340924","post","type-post","status-publish","format-standard","has-post-thumbnail","hentry","category-altos-de-chavon-es","category-arte-y-cultura","category-conciertos-es","category-eventos-es","category-destacados","category-noticias-locales","category-proximamente","tag-altos-de-chavon-es","tag-anfiteatro","tag-concert-es-2","tag-concierto","tag-fernando-villalona","tag-mega-chavon","tag-sergio-vargas","tag-wason-brazoban","entry"],"yoast_head":"<!-- This site is optimized with the Yoast SEO plugin v27.5 - https:\/\/yoast.com\/product\/yoast-seo-wordpress\/ -->\n<title>Mega Chav\u00f3n! Una gran constelaci\u00f3n de estrellas dominicanas en Altos de Chav\u00f3n | Casa de Campo Living<\/title>\n<meta name=\"description\" content=\"Este s\u00e1bado pasado, 30 de marzo, el anfiteatro de Altos de Chav\u00f3n estuvo repleto de estrellas, gracias al Mega Chav\u00f3n, un concierto en cual se presentaron\" \/>\n<meta name=\"robots\" content=\"index, follow, max-snippet:-1, max-image-preview:large, max-video-preview:-1\" \/>\n<link rel=\"canonical\" href=\"https:\/\/casadecampoliving.com\/es\/mega-chavon-una-gran-constelacion-de-estrellas-dominicanas-en-altos-de-chavon\/\" \/>\n<meta property=\"og:locale\" content=\"es_ES\" \/>\n<meta property=\"og:type\" content=\"article\" \/>\n<meta property=\"og:title\" content=\"Mega Chav\u00f3n! Una gran constelaci\u00f3n de estrellas dominicanas en Altos de Chav\u00f3n | Casa de Campo Living\" \/>\n<meta property=\"og:description\" content=\"Este s\u00e1bado pasado, 30 de marzo, el anfiteatro de Altos de Chav\u00f3n estuvo repleto de estrellas, gracias al Mega Chav\u00f3n, un concierto en cual se presentaron\" \/>\n<meta property=\"og:url\" content=\"https:\/\/casadecampoliving.com\/es\/mega-chavon-una-gran-constelacion-de-estrellas-dominicanas-en-altos-de-chavon\/\" \/>\n<meta property=\"og:site_name\" content=\"Casa de Campo Living\" \/>\n<meta property=\"article:publisher\" content=\"https:\/\/www.facebook.com\/casadecampoliving\" \/>\n<meta property=\"article:published_time\" content=\"2013-04-02T04:00:00+00:00\" \/>\n<meta property=\"article:modified_time\" content=\"2022-11-10T14:31:12+00:00\" \/>\n<meta property=\"og:image\" content=\"https:\/\/i0.wp.com\/casadecampoliving.com\/wp-content\/uploads\/2022\/10\/SERGIO_vargas_altos_de_chavon1-1.jpg?fit=650%2C284&ssl=1\" \/>\n\t<meta property=\"og:image:width\" content=\"650\" \/>\n\t<meta property=\"og:image:height\" content=\"284\" \/>\n\t<meta property=\"og:image:type\" content=\"image\/jpeg\" \/>\n<meta name=\"author\" content=\"lperdomo\" \/>\n<meta name=\"twitter:card\" content=\"summary_large_image\" \/>\n<meta name=\"twitter:creator\" content=\"@cdcliving\" \/>\n<meta name=\"twitter:site\" content=\"@cdcliving\" \/>\n<meta name=\"twitter:label1\" content=\"Escrito por\" \/>\n\t<meta name=\"twitter:data1\" content=\"lperdomo\" \/>\n\t<meta name=\"twitter:label2\" content=\"Tiempo de lectura\" \/>\n\t<meta name=\"twitter:data2\" content=\"2 minutos\" \/>\n<script type=\"application\/ld+json\" class=\"yoast-schema-graph\">{\"@context\":\"https:\\\/\\\/schema.org\",\"@graph\":[{\"@type\":\"Article\",\"@id\":\"https:\\\/\\\/casadecampoliving.com\\\/es\\\/mega-chavon-una-gran-constelacion-de-estrellas-dominicanas-en-altos-de-chavon\\\/#article\",\"isPartOf\":{\"@id\":\"https:\\\/\\\/casadecampoliving.com\\\/es\\\/mega-chavon-una-gran-constelacion-de-estrellas-dominicanas-en-altos-de-chavon\\\/\"},\"author\":{\"name\":\"lperdomo\",\"@id\":\"https:\\\/\\\/casadecampoliving.com\\\/es\\\/#\\\/schema\\\/person\\\/4505bf6f082fd862dd65dffed828158b\"},\"headline\":\"Mega Chav\u00f3n! Una gran constelaci\u00f3n de estrellas dominicanas en Altos de Chav\u00f3n\",\"datePublished\":\"2013-04-02T04:00:00+00:00\",\"dateModified\":\"2022-11-10T14:31:12+00:00\",\"mainEntityOfPage\":{\"@id\":\"https:\\\/\\\/casadecampoliving.com\\\/es\\\/mega-chavon-una-gran-constelacion-de-estrellas-dominicanas-en-altos-de-chavon\\\/\"},\"wordCount\":336,\"publisher\":{\"@id\":\"https:\\\/\\\/casadecampoliving.com\\\/es\\\/#organization\"},\"image\":{\"@id\":\"https:\\\/\\\/casadecampoliving.com\\\/es\\\/mega-chavon-una-gran-constelacion-de-estrellas-dominicanas-en-altos-de-chavon\\\/#primaryimage\"},\"thumbnailUrl\":\"https:\\\/\\\/i0.wp.com\\\/casadecampoliving.com\\\/wp-content\\\/uploads\\\/2022\\\/10\\\/SERGIO_vargas_altos_de_chavon1-1.jpg?fit=650%2C284&ssl=1\",\"keywords\":[\"Altos de Chavon\",\"anfiteatro\",\"concert\",\"concierto\",\"fernando villalona\",\"mega chavon\",\"sergio vargas\",\"Wason Brazoban\"],\"articleSection\":[\"Altos de Chavon @es\",\"Arte y cultura\",\"Conciertos\",\"Eventos\",\"Destacados\",\"Noticias Locales\",\"Proximamente\"],\"inLanguage\":\"es\"},{\"@type\":\"WebPage\",\"@id\":\"https:\\\/\\\/casadecampoliving.com\\\/es\\\/mega-chavon-una-gran-constelacion-de-estrellas-dominicanas-en-altos-de-chavon\\\/\",\"url\":\"https:\\\/\\\/casadecampoliving.com\\\/es\\\/mega-chavon-una-gran-constelacion-de-estrellas-dominicanas-en-altos-de-chavon\\\/\",\"name\":\"Mega Chav\u00f3n! Una gran constelaci\u00f3n de estrellas dominicanas en Altos de Chav\u00f3n | Casa de Campo Living\",\"isPartOf\":{\"@id\":\"https:\\\/\\\/casadecampoliving.com\\\/es\\\/#website\"},\"primaryImageOfPage\":{\"@id\":\"https:\\\/\\\/casadecampoliving.com\\\/es\\\/mega-chavon-una-gran-constelacion-de-estrellas-dominicanas-en-altos-de-chavon\\\/#primaryimage\"},\"image\":{\"@id\":\"https:\\\/\\\/casadecampoliving.com\\\/es\\\/mega-chavon-una-gran-constelacion-de-estrellas-dominicanas-en-altos-de-chavon\\\/#primaryimage\"},\"thumbnailUrl\":\"https:\\\/\\\/i0.wp.com\\\/casadecampoliving.com\\\/wp-content\\\/uploads\\\/2022\\\/10\\\/SERGIO_vargas_altos_de_chavon1-1.jpg?fit=650%2C284&ssl=1\",\"datePublished\":\"2013-04-02T04:00:00+00:00\",\"dateModified\":\"2022-11-10T14:31:12+00:00\",\"description\":\"Este s\u00e1bado pasado, 30 de marzo, el anfiteatro de Altos de Chav\u00f3n estuvo repleto de estrellas, gracias al Mega Chav\u00f3n, un concierto en cual se presentaron\",\"breadcrumb\":{\"@id\":\"https:\\\/\\\/casadecampoliving.com\\\/es\\\/mega-chavon-una-gran-constelacion-de-estrellas-dominicanas-en-altos-de-chavon\\\/#breadcrumb\"},\"inLanguage\":\"es\",\"potentialAction\":[{\"@type\":\"ReadAction\",\"target\":[\"https:\\\/\\\/casadecampoliving.com\\\/es\\\/mega-chavon-una-gran-constelacion-de-estrellas-dominicanas-en-altos-de-chavon\\\/\"]}]},{\"@type\":\"ImageObject\",\"inLanguage\":\"es\",\"@id\":\"https:\\\/\\\/casadecampoliving.com\\\/es\\\/mega-chavon-una-gran-constelacion-de-estrellas-dominicanas-en-altos-de-chavon\\\/#primaryimage\",\"url\":\"https:\\\/\\\/i0.wp.com\\\/casadecampoliving.com\\\/wp-content\\\/uploads\\\/2022\\\/10\\\/SERGIO_vargas_altos_de_chavon1-1.jpg?fit=650%2C284&ssl=1\",\"contentUrl\":\"https:\\\/\\\/i0.wp.com\\\/casadecampoliving.com\\\/wp-content\\\/uploads\\\/2022\\\/10\\\/SERGIO_vargas_altos_de_chavon1-1.jpg?fit=650%2C284&ssl=1\",\"width\":650,\"height\":284,\"caption\":\"sergio vargas altos de chavon\"},{\"@type\":\"BreadcrumbList\",\"@id\":\"https:\\\/\\\/casadecampoliving.com\\\/es\\\/mega-chavon-una-gran-constelacion-de-estrellas-dominicanas-en-altos-de-chavon\\\/#breadcrumb\",\"itemListElement\":[{\"@type\":\"ListItem\",\"position\":1,\"name\":\"Home\",\"item\":\"https:\\\/\\\/casadecampoliving.com\\\/es\\\/\"},{\"@type\":\"ListItem\",\"position\":2,\"name\":\"Mega Chav\u00f3n! Una gran constelaci\u00f3n de estrellas dominicanas en Altos de Chav\u00f3n\"}]},{\"@type\":\"WebSite\",\"@id\":\"https:\\\/\\\/casadecampoliving.com\\\/es\\\/#website\",\"url\":\"https:\\\/\\\/casadecampoliving.com\\\/es\\\/\",\"name\":\"Casa de Campo Living\",\"description\":\"Resort community news and resources.\",\"publisher\":{\"@id\":\"https:\\\/\\\/casadecampoliving.com\\\/es\\\/#organization\"},\"potentialAction\":[{\"@type\":\"SearchAction\",\"target\":{\"@type\":\"EntryPoint\",\"urlTemplate\":\"https:\\\/\\\/casadecampoliving.com\\\/es\\\/?s={search_term_string}\"},\"query-input\":{\"@type\":\"PropertyValueSpecification\",\"valueRequired\":true,\"valueName\":\"search_term_string\"}}],\"inLanguage\":\"es\"},{\"@type\":\"Organization\",\"@id\":\"https:\\\/\\\/casadecampoliving.com\\\/es\\\/#organization\",\"name\":\"Casa de Campo Living\",\"url\":\"https:\\\/\\\/casadecampoliving.com\\\/es\\\/\",\"logo\":{\"@type\":\"ImageObject\",\"inLanguage\":\"es\",\"@id\":\"https:\\\/\\\/casadecampoliving.com\\\/es\\\/#\\\/schema\\\/logo\\\/image\\\/\",\"url\":\"https:\\\/\\\/i0.wp.com\\\/casadecampoliving.com\\\/wp-content\\\/uploads\\\/2022\\\/07\\\/CDCLivingLogo_V1-white-sized.png?fit=800%2C214&ssl=1\",\"contentUrl\":\"https:\\\/\\\/i0.wp.com\\\/casadecampoliving.com\\\/wp-content\\\/uploads\\\/2022\\\/07\\\/CDCLivingLogo_V1-white-sized.png?fit=800%2C214&ssl=1\",\"width\":800,\"height\":214,\"caption\":\"Casa de Campo Living\"},\"image\":{\"@id\":\"https:\\\/\\\/casadecampoliving.com\\\/es\\\/#\\\/schema\\\/logo\\\/image\\\/\"},\"sameAs\":[\"https:\\\/\\\/www.facebook.com\\\/casadecampoliving\",\"https:\\\/\\\/x.com\\\/cdcliving\"]},{\"@type\":\"Person\",\"@id\":\"https:\\\/\\\/casadecampoliving.com\\\/es\\\/#\\\/schema\\\/person\\\/4505bf6f082fd862dd65dffed828158b\",\"name\":\"lperdomo\",\"image\":{\"@type\":\"ImageObject\",\"inLanguage\":\"es\",\"@id\":\"https:\\\/\\\/secure.gravatar.com\\\/avatar\\\/6f4e35901d52b8d648d82e11c9c54217bc500bbf5793d4f5e15d23fd2d5a1af4?s=96&d=mm&r=g\",\"url\":\"https:\\\/\\\/secure.gravatar.com\\\/avatar\\\/6f4e35901d52b8d648d82e11c9c54217bc500bbf5793d4f5e15d23fd2d5a1af4?s=96&d=mm&r=g\",\"contentUrl\":\"https:\\\/\\\/secure.gravatar.com\\\/avatar\\\/6f4e35901d52b8d648d82e11c9c54217bc500bbf5793d4f5e15d23fd2d5a1af4?s=96&d=mm&r=g\",\"caption\":\"lperdomo\"},\"sameAs\":[\"http:\\\/\\\/www.silgon.net\"],\"url\":\"https:\\\/\\\/casadecampoliving.com\\\/es\\\/author\\\/lperdomo\\\/\"}]}<\/script>\n<!-- \/ Yoast SEO plugin. -->","yoast_head_json":{"title":"Mega Chav\u00f3n! Una gran constelaci\u00f3n de estrellas dominicanas en Altos de Chav\u00f3n | Casa de Campo Living","description":"Este s\u00e1bado pasado, 30 de marzo, el anfiteatro de Altos de Chav\u00f3n estuvo repleto de estrellas, gracias al Mega Chav\u00f3n, un concierto en cual se presentaron","robots":{"index":"index","follow":"follow","max-snippet":"max-snippet:-1","max-image-preview":"max-image-preview:large","max-video-preview":"max-video-preview:-1"},"canonical":"https:\/\/casadecampoliving.com\/es\/mega-chavon-una-gran-constelacion-de-estrellas-dominicanas-en-altos-de-chavon\/","og_locale":"es_ES","og_type":"article","og_title":"Mega Chav\u00f3n! Una gran constelaci\u00f3n de estrellas dominicanas en Altos de Chav\u00f3n | Casa de Campo Living","og_description":"Este s\u00e1bado pasado, 30 de marzo, el anfiteatro de Altos de Chav\u00f3n estuvo repleto de estrellas, gracias al Mega Chav\u00f3n, un concierto en cual se presentaron","og_url":"https:\/\/casadecampoliving.com\/es\/mega-chavon-una-gran-constelacion-de-estrellas-dominicanas-en-altos-de-chavon\/","og_site_name":"Casa de Campo Living","article_publisher":"https:\/\/www.facebook.com\/casadecampoliving","article_published_time":"2013-04-02T04:00:00+00:00","article_modified_time":"2022-11-10T14:31:12+00:00","og_image":[{"width":650,"height":284,"url":"https:\/\/i0.wp.com\/casadecampoliving.com\/wp-content\/uploads\/2022\/10\/SERGIO_vargas_altos_de_chavon1-1.jpg?fit=650%2C284&ssl=1","type":"image\/jpeg"}],"author":"lperdomo","twitter_card":"summary_large_image","twitter_creator":"@cdcliving","twitter_site":"@cdcliving","twitter_misc":{"Escrito por":"lperdomo","Tiempo de lectura":"2 minutos"},"schema":{"@context":"https:\/\/schema.org","@graph":[{"@type":"Article","@id":"https:\/\/casadecampoliving.com\/es\/mega-chavon-una-gran-constelacion-de-estrellas-dominicanas-en-altos-de-chavon\/#article","isPartOf":{"@id":"https:\/\/casadecampoliving.com\/es\/mega-chavon-una-gran-constelacion-de-estrellas-dominicanas-en-altos-de-chavon\/"},"author":{"name":"lperdomo","@id":"https:\/\/casadecampoliving.com\/es\/#\/schema\/person\/4505bf6f082fd862dd65dffed828158b"},"headline":"Mega Chav\u00f3n! Una gran constelaci\u00f3n de estrellas dominicanas en Altos de Chav\u00f3n","datePublished":"2013-04-02T04:00:00+00:00","dateModified":"2022-11-10T14:31:12+00:00","mainEntityOfPage":{"@id":"https:\/\/casadecampoliving.com\/es\/mega-chavon-una-gran-constelacion-de-estrellas-dominicanas-en-altos-de-chavon\/"},"wordCount":336,"publisher":{"@id":"https:\/\/casadecampoliving.com\/es\/#organization"},"image":{"@id":"https:\/\/casadecampoliving.com\/es\/mega-chavon-una-gran-constelacion-de-estrellas-dominicanas-en-altos-de-chavon\/#primaryimage"},"thumbnailUrl":"https:\/\/i0.wp.com\/casadecampoliving.com\/wp-content\/uploads\/2022\/10\/SERGIO_vargas_altos_de_chavon1-1.jpg?fit=650%2C284&ssl=1","keywords":["Altos de Chavon","anfiteatro","concert","concierto","fernando villalona","mega chavon","sergio vargas","Wason Brazoban"],"articleSection":["Altos de Chavon @es","Arte y cultura","Conciertos","Eventos","Destacados","Noticias Locales","Proximamente"],"inLanguage":"es"},{"@type":"WebPage","@id":"https:\/\/casadecampoliving.com\/es\/mega-chavon-una-gran-constelacion-de-estrellas-dominicanas-en-altos-de-chavon\/","url":"https:\/\/casadecampoliving.com\/es\/mega-chavon-una-gran-constelacion-de-estrellas-dominicanas-en-altos-de-chavon\/","name":"Mega Chav\u00f3n! Una gran constelaci\u00f3n de estrellas dominicanas en Altos de Chav\u00f3n | Casa de Campo Living","isPartOf":{"@id":"https:\/\/casadecampoliving.com\/es\/#website"},"primaryImageOfPage":{"@id":"https:\/\/casadecampoliving.com\/es\/mega-chavon-una-gran-constelacion-de-estrellas-dominicanas-en-altos-de-chavon\/#primaryimage"},"image":{"@id":"https:\/\/casadecampoliving.com\/es\/mega-chavon-una-gran-constelacion-de-estrellas-dominicanas-en-altos-de-chavon\/#primaryimage"},"thumbnailUrl":"https:\/\/i0.wp.com\/casadecampoliving.com\/wp-content\/uploads\/2022\/10\/SERGIO_vargas_altos_de_chavon1-1.jpg?fit=650%2C284&ssl=1","datePublished":"2013-04-02T04:00:00+00:00","dateModified":"2022-11-10T14:31:12+00:00","description":"Este s\u00e1bado pasado, 30 de marzo, el anfiteatro de Altos de Chav\u00f3n estuvo repleto de estrellas, gracias al Mega Chav\u00f3n, un concierto en cual se presentaron","breadcrumb":{"@id":"https:\/\/casadecampoliving.com\/es\/mega-chavon-una-gran-constelacion-de-estrellas-dominicanas-en-altos-de-chavon\/#breadcrumb"},"inLanguage":"es","potentialAction":[{"@type":"ReadAction","target":["https:\/\/casadecampoliving.com\/es\/mega-chavon-una-gran-constelacion-de-estrellas-dominicanas-en-altos-de-chavon\/"]}]},{"@type":"ImageObject","inLanguage":"es","@id":"https:\/\/casadecampoliving.com\/es\/mega-chavon-una-gran-constelacion-de-estrellas-dominicanas-en-altos-de-chavon\/#primaryimage","url":"https:\/\/i0.wp.com\/casadecampoliving.com\/wp-content\/uploads\/2022\/10\/SERGIO_vargas_altos_de_chavon1-1.jpg?fit=650%2C284&ssl=1","contentUrl":"https:\/\/i0.wp.com\/casadecampoliving.com\/wp-content\/uploads\/2022\/10\/SERGIO_vargas_altos_de_chavon1-1.jpg?fit=650%2C284&ssl=1","width":650,"height":284,"caption":"sergio vargas altos de chavon"},{"@type":"BreadcrumbList","@id":"https:\/\/casadecampoliving.com\/es\/mega-chavon-una-gran-constelacion-de-estrellas-dominicanas-en-altos-de-chavon\/#breadcrumb","itemListElement":[{"@type":"ListItem","position":1,"name":"Home","item":"https:\/\/casadecampoliving.com\/es\/"},{"@type":"ListItem","position":2,"name":"Mega Chav\u00f3n! Una gran constelaci\u00f3n de estrellas dominicanas en Altos de Chav\u00f3n"}]},{"@type":"WebSite","@id":"https:\/\/casadecampoliving.com\/es\/#website","url":"https:\/\/casadecampoliving.com\/es\/","name":"Casa de Campo Living","description":"Resort community news and resources.","publisher":{"@id":"https:\/\/casadecampoliving.com\/es\/#organization"},"potentialAction":[{"@type":"SearchAction","target":{"@type":"EntryPoint","urlTemplate":"https:\/\/casadecampoliving.com\/es\/?s={search_term_string}"},"query-input":{"@type":"PropertyValueSpecification","valueRequired":true,"valueName":"search_term_string"}}],"inLanguage":"es"},{"@type":"Organization","@id":"https:\/\/casadecampoliving.com\/es\/#organization","name":"Casa de Campo Living","url":"https:\/\/casadecampoliving.com\/es\/","logo":{"@type":"ImageObject","inLanguage":"es","@id":"https:\/\/casadecampoliving.com\/es\/#\/schema\/logo\/image\/","url":"https:\/\/i0.wp.com\/casadecampoliving.com\/wp-content\/uploads\/2022\/07\/CDCLivingLogo_V1-white-sized.png?fit=800%2C214&ssl=1","contentUrl":"https:\/\/i0.wp.com\/casadecampoliving.com\/wp-content\/uploads\/2022\/07\/CDCLivingLogo_V1-white-sized.png?fit=800%2C214&ssl=1","width":800,"height":214,"caption":"Casa de Campo Living"},"image":{"@id":"https:\/\/casadecampoliving.com\/es\/#\/schema\/logo\/image\/"},"sameAs":["https:\/\/www.facebook.com\/casadecampoliving","https:\/\/x.com\/cdcliving"]},{"@type":"Person","@id":"https:\/\/casadecampoliving.com\/es\/#\/schema\/person\/4505bf6f082fd862dd65dffed828158b","name":"lperdomo","image":{"@type":"ImageObject","inLanguage":"es","@id":"https:\/\/secure.gravatar.com\/avatar\/6f4e35901d52b8d648d82e11c9c54217bc500bbf5793d4f5e15d23fd2d5a1af4?s=96&d=mm&r=g","url":"https:\/\/secure.gravatar.com\/avatar\/6f4e35901d52b8d648d82e11c9c54217bc500bbf5793d4f5e15d23fd2d5a1af4?s=96&d=mm&r=g","contentUrl":"https:\/\/secure.gravatar.com\/avatar\/6f4e35901d52b8d648d82e11c9c54217bc500bbf5793d4f5e15d23fd2d5a1af4?s=96&d=mm&r=g","caption":"lperdomo"},"sameAs":["http:\/\/www.silgon.net"],"url":"https:\/\/casadecampoliving.com\/es\/author\/lperdomo\/"}]}},"parsely":{"version":"1.1.0","canonical_url":"https:\/\/casadecampoliving.com\/es\/mega-chavon-una-gran-constelacion-de-estrellas-dominicanas-en-altos-de-chavon\/","smart_links":{"inbound":0,"outbound":0},"traffic_boost_suggestions_count":0,"meta":{"@context":"https:\/\/schema.org","@type":"NewsArticle","headline":"Mega Chav\u00f3n! Una gran constelaci\u00f3n de estrellas dominicanas en Altos de Chav\u00f3n","url":"http:\/\/casadecampoliving.com\/es\/mega-chavon-una-gran-constelacion-de-estrellas-dominicanas-en-altos-de-chavon\/","mainEntityOfPage":{"@type":"WebPage","@id":"http:\/\/casadecampoliving.com\/es\/mega-chavon-una-gran-constelacion-de-estrellas-dominicanas-en-altos-de-chavon\/"},"thumbnailUrl":"https:\/\/i0.wp.com\/casadecampoliving.com\/wp-content\/uploads\/2022\/10\/SERGIO_vargas_altos_de_chavon1-1.jpg?resize=150%2C150&ssl=1","image":{"@type":"ImageObject","url":"https:\/\/i0.wp.com\/casadecampoliving.com\/wp-content\/uploads\/2022\/10\/SERGIO_vargas_altos_de_chavon1-1.jpg?fit=650%2C284&ssl=1"},"articleSection":"Altos de Chavon @es","author":[{"@type":"Person","name":"lperdomo"}],"creator":["lperdomo"],"publisher":{"@type":"Organization","name":"Casa de Campo Living","logo":"https:\/\/casadecampoliving.com\/wp-content\/uploads\/2022\/07\/CDCLivingLogo_V1-white-sized.png"},"keywords":["altos de chavon","anfiteatro","concert","concierto","fernando villalona","mega chavon","sergio vargas","wason brazoban"],"dateCreated":"2013-04-02T04:00:00Z","datePublished":"2013-04-02T04:00:00Z","dateModified":"2022-11-10T14:31:12Z"},"rendered":"<script type=\"application\/ld+json\" class=\"wp-parsely-metadata\">{\"@context\":\"https:\\\/\\\/schema.org\",\"@type\":\"NewsArticle\",\"headline\":\"Mega Chav\\u00f3n! Una gran constelaci\\u00f3n de estrellas dominicanas en Altos de Chav\\u00f3n\",\"url\":\"http:\\\/\\\/casadecampoliving.com\\\/es\\\/mega-chavon-una-gran-constelacion-de-estrellas-dominicanas-en-altos-de-chavon\\\/\",\"mainEntityOfPage\":{\"@type\":\"WebPage\",\"@id\":\"http:\\\/\\\/casadecampoliving.com\\\/es\\\/mega-chavon-una-gran-constelacion-de-estrellas-dominicanas-en-altos-de-chavon\\\/\"},\"thumbnailUrl\":\"https:\\\/\\\/i0.wp.com\\\/casadecampoliving.com\\\/wp-content\\\/uploads\\\/2022\\\/10\\\/SERGIO_vargas_altos_de_chavon1-1.jpg?resize=150%2C150&ssl=1\",\"image\":{\"@type\":\"ImageObject\",\"url\":\"https:\\\/\\\/i0.wp.com\\\/casadecampoliving.com\\\/wp-content\\\/uploads\\\/2022\\\/10\\\/SERGIO_vargas_altos_de_chavon1-1.jpg?fit=650%2C284&ssl=1\"},\"articleSection\":\"Altos de Chavon @es\",\"author\":[{\"@type\":\"Person\",\"name\":\"lperdomo\"}],\"creator\":[\"lperdomo\"],\"publisher\":{\"@type\":\"Organization\",\"name\":\"Casa de Campo Living\",\"logo\":\"https:\\\/\\\/casadecampoliving.com\\\/wp-content\\\/uploads\\\/2022\\\/07\\\/CDCLivingLogo_V1-white-sized.png\"},\"keywords\":[\"altos de chavon\",\"anfiteatro\",\"concert\",\"concierto\",\"fernando villalona\",\"mega chavon\",\"sergio vargas\",\"wason brazoban\"],\"dateCreated\":\"2013-04-02T04:00:00Z\",\"datePublished\":\"2013-04-02T04:00:00Z\",\"dateModified\":\"2022-11-10T14:31:12Z\"}<\/script>","tracker_url":"https:\/\/cdn.parsely.com\/keys\/casadecampoliving.com\/p.js"},"jetpack_publicize_connections":[],"jetpack_featured_media_url":"https:\/\/i0.wp.com\/casadecampoliving.com\/wp-content\/uploads\/2022\/10\/SERGIO_vargas_altos_de_chavon1-1.jpg?fit=650%2C284&ssl=1","jetpack-related-posts":[{"id":340833,"url":"https:\/\/casadecampoliving.com\/es\/boletas-de-mega-chavon-a-la-venta-ya-acompane-a-fernando-villalona-sergio-vargas-y-wason-brazoban-en-chavon\/","url_meta":{"origin":340924,"position":0},"title":"\u00a1Boletas de \u00abMega Chav\u00f3n\u00bb a la venta ya! \u00a1Acompa\u00f1e a Fernando Villalona, Sergio Vargas y Wason Brazoban en Chav\u00f3n!","author":"","date":"20 Mar, 2013","format":false,"excerpt":"Las boletas para \u201cMega Chav\u00f3n\u201d, concierto que se celebrar\u00e1 el pr\u00f3ximo s\u00e1bado 30 de marzo de 2013 en el Anfiteatro Altos de Chav\u00f3n, ya est\u00e1n a la venta! Los due\u00f1os de villa, residentes y hu\u00e9spedes de Casa de Campo pueden adquirir sus boletas en el Club de Due\u00f1os del \u00e1rea\u2026","rel":"","context":"En \u00abAltos de Chavon @es\u00bb","block_context":{"text":"Altos de Chavon @es","link":"https:\/\/casadecampoliving.com\/category\/altos-de-chavon-es\/"},"img":{"alt_text":"mega chavon","src":"https:\/\/i0.wp.com\/casadecampoliving.com\/wp-content\/uploads\/2022\/10\/mega_chavon-1.jpg?fit=650%2C561&ssl=1&resize=350%2C200","width":350,"height":200,"srcset":"https:\/\/i0.wp.com\/casadecampoliving.com\/wp-content\/uploads\/2022\/10\/mega_chavon-1.jpg?fit=650%2C561&ssl=1&resize=350%2C200 1x, https:\/\/i0.wp.com\/casadecampoliving.com\/wp-content\/uploads\/2022\/10\/mega_chavon-1.jpg?fit=650%2C561&ssl=1&resize=525%2C300 1.5x"},"classes":[]},{"id":350132,"url":"https:\/\/casadecampoliving.com\/es\/wason-brazoban-en-altos-de-chavon\/","url_meta":{"origin":340924,"position":1},"title":"\u00a1\u00bfVendr\u00e1 Wason Brazoban a Altos de Chav\u00f3n?!","author":"Marlenys Guzm\u00e1n Casta\u00f1os","date":"6 Jul, 2016","format":false,"excerpt":"Rumor Alert! Ayer, Wason Brazoban public\u00f3 en su cuenta de Instagram una imagen del anfiteatro con el siguiente caption: \u201cLas piedras de La Romana las cantaran todas. Pronto.\u201d \u00a1\u00a1\u00a1Ahhh!!! \u00a1\u00bfPodr\u00e1 ser verdad?! \u00a1\u00bfSer\u00e1 que Wason Brazoban viene pronto a Chav\u00f3n?! Hace unos a\u00f1os fue uno de los artistas que se\u2026","rel":"","context":"En \u00abAltos de Chavon @es\u00bb","block_context":{"text":"Altos de Chavon @es","link":"https:\/\/casadecampoliving.com\/category\/altos-de-chavon-es\/"},"img":{"alt_text":"","src":"https:\/\/i0.wp.com\/casadecampoliving.com\/wp-content\/uploads\/2022\/10\/Wason-Brazoban.jpg?fit=960%2C640&ssl=1&resize=350%2C200","width":350,"height":200,"srcset":"https:\/\/i0.wp.com\/casadecampoliving.com\/wp-content\/uploads\/2022\/10\/Wason-Brazoban.jpg?fit=960%2C640&ssl=1&resize=350%2C200 1x, https:\/\/i0.wp.com\/casadecampoliving.com\/wp-content\/uploads\/2022\/10\/Wason-Brazoban.jpg?fit=960%2C640&ssl=1&resize=525%2C300 1.5x, https:\/\/i0.wp.com\/casadecampoliving.com\/wp-content\/uploads\/2022\/10\/Wason-Brazoban.jpg?fit=960%2C640&ssl=1&resize=700%2C400 2x"},"classes":[]},{"id":340787,"url":"https:\/\/casadecampoliving.com\/es\/fernando-villalona-sergio-vargas-presentes-en-el-concierto-mega-chavon-en-sabado-santo-en-el-anfiteatro-de-altos-de-chavon\/","url_meta":{"origin":340924,"position":2},"title":"Fernando Villalona &#038; Sergio Vargas presentes en el concierto \u00abMega Chav\u00f3n\u00bb en S\u00e1bado Santo en el anfiteatro de Altos de Chav\u00f3n!","author":"","date":"13 Mar, 2013","format":false,"excerpt":"Casa de Campo y el Anfiteatro Altos de Chav\u00f3n acaban de anunciar un concierto; \u201cMega Chav\u00f3n\u201d en S\u00e1bado Santo (s\u00e1bado 30 de marzo), en el anfiteatro de Altos de Chav\u00f3n, incluyendo a las estrelals, Fernando Villalona, Sergio Vargas, Wason Brazoban, el Poeta Callejero, Mozart la Para, La Materialista y Milka\u2026","rel":"","context":"En \u00abAltos de Chavon @es\u00bb","block_context":{"text":"Altos de Chavon @es","link":"https:\/\/casadecampoliving.com\/category\/altos-de-chavon-es\/"},"img":{"alt_text":"fernando villalona","src":"https:\/\/i0.wp.com\/casadecampoliving.com\/wp-content\/uploads\/2022\/10\/fernando_villalona-1.jpg?fit=650%2C433&ssl=1&resize=350%2C200","width":350,"height":200,"srcset":"https:\/\/i0.wp.com\/casadecampoliving.com\/wp-content\/uploads\/2022\/10\/fernando_villalona-1.jpg?fit=650%2C433&ssl=1&resize=350%2C200 1x, https:\/\/i0.wp.com\/casadecampoliving.com\/wp-content\/uploads\/2022\/10\/fernando_villalona-1.jpg?fit=650%2C433&ssl=1&resize=525%2C300 1.5x"},"classes":[]},{"id":322165,"url":"https:\/\/casadecampoliving.com\/mega-chavon-a-great-line-up-of-dominican-stars\/","url_meta":{"origin":340924,"position":3},"title":"Mega Chav\u00f3n! A great line-up of Dominican stars!","author":"lperdomo","date":"2 Abr, 2013","format":false,"excerpt":"This past Saturday the 30th of March, the Altos de Chav\u00f3n amphitheater filled with bright stars. The Mega Chav\u00f3n concert welcomed to the stage many great Dominican musicians, such as Fernando Villalona, Wason Brazoban, Sergio Vargas, and many more.\u00a0 It was a night filled with music, fun and above all\u2026","rel":"","context":"En \u00abAltos de Chavon\u00bb","block_context":{"text":"Altos de Chavon","link":"https:\/\/casadecampoliving.com\/category\/altos-de-chavon\/"},"img":{"alt_text":"sergio vargas altos de chavon","src":"https:\/\/i0.wp.com\/casadecampoliving.com\/wp-content\/uploads\/2022\/10\/SERGIO_vargas_altos_de_chavon1-1.jpg?fit=650%2C284&ssl=1&resize=350%2C200","width":350,"height":200,"srcset":"https:\/\/i0.wp.com\/casadecampoliving.com\/wp-content\/uploads\/2022\/10\/SERGIO_vargas_altos_de_chavon1-1.jpg?fit=650%2C284&ssl=1&resize=350%2C200 1x, https:\/\/i0.wp.com\/casadecampoliving.com\/wp-content\/uploads\/2022\/10\/SERGIO_vargas_altos_de_chavon1-1.jpg?fit=650%2C284&ssl=1&resize=525%2C300 1.5x"},"classes":[]},{"id":322131,"url":"https:\/\/casadecampoliving.com\/mega-chavon-tickets-now-on-sale-join-fernando-villalona-sergio-vargas-wason-brazoban-in-the-amphitheater\/","url_meta":{"origin":340924,"position":4},"title":"\u00abMega Chav\u00f3n\u00bb tickets now on sale! join Fernando Villalona, Sergio Vargas &#038; Wason Brazoban in the amphitheater!","author":"Rebecca Silvestri","date":"20 Mar, 2013","format":false,"excerpt":"Tickets for the \u201cMega Chav\u00f3n\u201d concert next Saturday the 30th of March 2013 at the Altos de Chav\u00f3n amphitheater are now on sale! Casa de Campo villa owners, residents and guests may now purchase their tickets at the Casa de Campo Villa Owners Club in the main Casa de Campo\u2026","rel":"","context":"En \u00abAltos de Chavon\u00bb","block_context":{"text":"Altos de Chavon","link":"https:\/\/casadecampoliving.com\/category\/altos-de-chavon\/"},"img":{"alt_text":"mega chavon","src":"https:\/\/i0.wp.com\/casadecampoliving.com\/wp-content\/uploads\/2022\/10\/mega_chavon-1.jpg?fit=650%2C561&ssl=1&resize=350%2C200","width":350,"height":200,"srcset":"https:\/\/i0.wp.com\/casadecampoliving.com\/wp-content\/uploads\/2022\/10\/mega_chavon-1.jpg?fit=650%2C561&ssl=1&resize=350%2C200 1x, https:\/\/i0.wp.com\/casadecampoliving.com\/wp-content\/uploads\/2022\/10\/mega_chavon-1.jpg?fit=650%2C561&ssl=1&resize=525%2C300 1.5x"},"classes":[]},{"id":322115,"url":"https:\/\/casadecampoliving.com\/fernando-villalona-segio-vargas-to-perform-in-mega-chavon-concert-this-sabado-santa-at-the-altos-de-chavon-amphitheater\/","url_meta":{"origin":340924,"position":5},"title":"Fernando Villalona &#038; Sergio Vargas to perform in \u00abMega Chav\u00f3n\u00bb concert this S\u00e1bado Santo at the Altos de Chav\u00f3n amphitheater!","author":"Rebecca Silvestri","date":"13 Mar, 2013","format":false,"excerpt":"Casa de Campo and the Altos de Chav\u00f3n amphitheater have just announced a concert; \u201cMega Chav\u00f3n\u201d on S\u00e1bado Santo (Saturday March 3oth), at the Altos de Chav\u00f3n amphitheatre \u2013 featuring an ensemble of stars; Fernando Villalona, el Poeta Callejero, Sergio Vargas, Wason Brazoban, Mozart la Para, La Materialista and Milka\u2026","rel":"","context":"En \u00abAltos de Chavon\u00bb","block_context":{"text":"Altos de Chavon","link":"https:\/\/casadecampoliving.com\/category\/altos-de-chavon\/"},"img":{"alt_text":"fernando villalona","src":"https:\/\/i0.wp.com\/casadecampoliving.com\/wp-content\/uploads\/2022\/10\/fernando_villalona-1.jpg?fit=650%2C433&ssl=1&resize=350%2C200","width":350,"height":200,"srcset":"https:\/\/i0.wp.com\/casadecampoliving.com\/wp-content\/uploads\/2022\/10\/fernando_villalona-1.jpg?fit=650%2C433&ssl=1&resize=350%2C200 1x, https:\/\/i0.wp.com\/casadecampoliving.com\/wp-content\/uploads\/2022\/10\/fernando_villalona-1.jpg?fit=650%2C433&ssl=1&resize=525%2C300 1.5x"},"classes":[]}],"jetpack_sharing_enabled":true,"_links":{"self":[{"href":"https:\/\/casadecampoliving.com\/es\/wp-json\/wp\/v2\/posts\/340924","targetHints":{"allow":["GET"]}}],"collection":[{"href":"https:\/\/casadecampoliving.com\/es\/wp-json\/wp\/v2\/posts"}],"about":[{"href":"https:\/\/casadecampoliving.com\/es\/wp-json\/wp\/v2\/types\/post"}],"author":[{"embeddable":true,"href":"https:\/\/casadecampoliving.com\/es\/wp-json\/wp\/v2\/users\/388"}],"replies":[{"embeddable":true,"href":"https:\/\/casadecampoliving.com\/es\/wp-json\/wp\/v2\/comments?post=340924"}],"version-history":[{"count":2,"href":"https:\/\/casadecampoliving.com\/es\/wp-json\/wp\/v2\/posts\/340924\/revisions"}],"predecessor-version":[{"id":506786,"href":"https:\/\/casadecampoliving.com\/es\/wp-json\/wp\/v2\/posts\/340924\/revisions\/506786"}],"wp:featuredmedia":[{"embeddable":true,"href":"https:\/\/casadecampoliving.com\/es\/wp-json\/wp\/v2\/media\/271674"}],"wp:attachment":[{"href":"https:\/\/casadecampoliving.com\/es\/wp-json\/wp\/v2\/media?parent=340924"}],"wp:term":[{"taxonomy":"category","embeddable":true,"href":"https:\/\/casadecampoliving.com\/es\/wp-json\/wp\/v2\/categories?post=340924"},{"taxonomy":"post_tag","embeddable":true,"href":"https:\/\/casadecampoliving.com\/es\/wp-json\/wp\/v2\/tags?post=340924"},{"taxonomy":"newspack_spnsrs_tax","embeddable":true,"href":"https:\/\/casadecampoliving.com\/es\/wp-json\/wp\/v2\/newspack_spnsrs_tax?post=340924"}],"curies":[{"name":"wp","href":"https:\/\/api.w.org\/{rel}","templated":true}]}}