{"id":340914,"date":"2013-04-01T00:00:00","date_gmt":"2013-04-01T04:00:00","guid":{"rendered":"https:\/\/casadecampoliving.com\/una-entrevista-con-allegra-fanjul-en-preparacion-para-su-participacion-en-el-mir-bazaar-esta-semana\/"},"modified":"2022-10-21T18:48:49","modified_gmt":"2022-10-21T22:48:49","slug":"una-entrevista-con-allegra-fanjul-en-preparacion-para-su-participacion-en-el-mir-bazaar-esta-semana","status":"publish","type":"post","link":"https:\/\/casadecampoliving.com\/es\/una-entrevista-con-allegra-fanjul-en-preparacion-para-su-participacion-en-el-mir-bazaar-esta-semana\/","title":{"rendered":"Una entrevista con Allegra Fanjul en preparaci\u00f3n para su participaci\u00f3n en el MIR Bazaar esta semana"},"content":{"rendered":"<div class=\"wp-block-image\">\n<figure class=\"aligncenter is-resized\"><img loading=\"lazy\" decoding=\"async\" src=\"https:\/\/i0.wp.com\/casadecampoliving.com\/wp-content\/uploads\/2022\/10\/allegra_fanjul.jpg?resize=650%2C533&amp;ssl=1\" alt=\"allegra fanjul\" class=\"wp-image-67497\" height=\"533\" width=\"650\"\/><\/figure>\n<\/div>\n\n\n<p>Allegra Fanjul,&nbsp;sobrina de Lian&nbsp;Fanjul de Azqueta fundadora de la Fundaci\u00f3n MIR esta semana formar\u00e1 parte del \u201cMIR Bazaar\u201d por primera vez \u2013 con la exclusiva colecci\u00f3n de joyas&nbsp;&nbsp;\u201cAllegra Fanjul Designs\u201d.<\/p>\n\n\n\n<!--more-->\n\n\n\n<p>Y con Allegra actualmente de vacaciones en Casa de Campo &nbsp;tomamos unos cuantos minutos de su tiempo para traerles una entrevista con la joven dise\u00f1adora, quien, a pesar de haberse graduado el a\u00f1o pasado ya tiene a celebridades como&nbsp;Olivia Wilde y &nbsp;Maria Shriver como clientes.<\/p>\n\n\n<div class=\"wp-block-image\">\n<figure class=\"alignright is-resized\"><img loading=\"lazy\" decoding=\"async\" src=\"https:\/\/i0.wp.com\/casadecampoliving.com\/wp-content\/uploads\/2022\/10\/allegra_fanjul1.jpg?resize=153%2C317&amp;ssl=1\" alt=\"allegra fanjul\" class=\"wp-image-67500\" height=\"317\" width=\"153\"\/><\/figure>\n<\/div>\n\n\n<p><strong>@cdcliving: <\/strong><strong>Cuando y porqu\u00e9 decidiste comenzar a dise\u00f1ar joyas?<\/strong><\/p>\n\n\n\n<p>Realmente no puedo recordar exactamente cuando decid\u00ed comenzar a dise\u00f1ar joyas; pero si se que era muy joven. Siempre he estado obsesionada con la moda y la joyer\u00eda. Mientras crec\u00eda, siempre estaba dibujando ropa o usando&nbsp;hilo de pescar extra de mi padre para encadenar a lo largo perlas de pl\u00e1stico para crear pulseras y collares. En Diciembre del 2001, empece a vender mis joyas junto con dos amigas para las caridades de \u201cNew Hope\u201d Bazaar anual realizado en Palm Beach, Florida. Continu\u00e9 vendi\u00e9ndolas en el Bazaar hasta que empece la universidad en el 2008. Mi pasi\u00f3n por hacer joyer\u00eda ha permanecido hasta hoy. Tambi\u00e9n empec\u00e9&nbsp;un \u201cstyle blog\u201d en el 2012&nbsp;(<a href=\"www.veryallegra.com\">www.veryallegra.com<\/a>), combino mi joyer\u00eda con diferentes \u201coutfits\u201d para diferentes ocasiones.<\/p>\n\n\n<div class=\"wp-block-image\">\n<figure class=\"aligncenter is-resized\"><img loading=\"lazy\" decoding=\"async\" src=\"https:\/\/i0.wp.com\/casadecampoliving.com\/wp-content\/uploads\/2022\/10\/allegra_fanjul4.jpg?resize=650%2C468&amp;ssl=1\" alt=\"alegra fanjul\" class=\"wp-image-67513\" height=\"468\" width=\"650\"\/><\/figure>\n<\/div>\n\n\n<p class=\"has-text-align-center\"><strong>Puedes comprar los dise\u00f1os de Allegra Fanjul en:&nbsp;<a href=\"www.AllegraFanjul.com\" target=\"_blank\" rel=\"noopener\">www.AllegraFanjul.com<\/a><\/strong><br>\n<\/p>\n\n\n\n<p><strong>@cdcliving:&nbsp;Qu\u00e9 te inspira?<\/strong><\/p>\n\n\n\n<p><strong><\/strong>Ser\u00eda quien me en vez de que me inspira. Mi abuela paterna, siempre ha sido una gran inspiraci\u00f3n para mi creatividad. Aunque no la recuerde, las fotos y las historias que he visto y escuchado a trav\u00e9s de mi vida son lo que m\u00e1s me inspira. Era una mujer peque\u00f1a pero amaba las joyer\u00edas grandes. Su gusto en las joyas se relaciona mucho con el mio.<\/p>\n\n\n\n<p><strong>@cdcliving:&nbsp;C\u00f3mo describir\u00edas tu estilo?<\/strong><\/p>\n\n\n\n<p><strong><\/strong>Realmente, lo describir\u00eda como muy Allegra &nbsp;(el nombre de mi \u201cstyle blog\u201d). No tengo un estilo espec\u00edfico, me gusta mezclar. Por ejemplo, si voy a una fiesta de c\u00f3ctel, mi estilo ser\u00eda m\u00e1s cl\u00e1sico y femenino, si voy a ir a la playa soy m\u00e1s bohemia, y si voy a salir con amigos ser\u00eda un poco m\u00e1s vanguardista. Esta es una de las razones por la cual decid\u00ed nombrar mi blog \u201cVery Allegra\u201d (Muy Allegra), porque muestra realmente mi estilo \u00fanico.<\/p>\n\n\n<div class=\"wp-block-image\">\n<figure class=\"aligncenter is-resized\"><img loading=\"lazy\" decoding=\"async\" src=\"https:\/\/i0.wp.com\/casadecampoliving.com\/wp-content\/uploads\/2022\/10\/allegra_fanjul2.jpg?resize=650%2C386&amp;ssl=1\" alt=\"allegra fanjul\" class=\"wp-image-67503\" height=\"386\" width=\"650\"\/><\/figure>\n<\/div>\n\n\n<p class=\"has-text-align-center\"><strong><a href=\"http:\/\/veryallegra.com\/\" target=\"_blank\" rel=\"noopener\">Blog de Allegra: www.veryallegra.com<\/a><\/strong><br>\n<\/p>\n\n\n\n<p><strong>@cdcliving: &nbsp;En que situaci\u00f3n pueden ser usadas tus joyas?<br>\n<\/strong>Yo pienso que mis joyas pueden ser usadas con todo. Las uso con todo desde mi traje de ba\u00f1o hasta vestidos elegantes para eventos formales. Muchas de las piezas son muy vers\u00e1tiles y pueden ser mezcladas y combinadas para cualquier ocasi\u00f3n<\/p>\n\n\n<div class=\"wp-block-image\">\n<figure class=\"alignright is-resized\"><img loading=\"lazy\" decoding=\"async\" src=\"https:\/\/i0.wp.com\/casadecampoliving.com\/wp-content\/uploads\/2022\/10\/allegra_fanjul_designs2.jpg?resize=250%2C250&amp;ssl=1\" alt=\"allegra fanjul designs\" class=\"wp-image-67507\" height=\"250\" width=\"250\"\/><\/figure>\n<\/div>\n\n\n<p><strong>@cdcliving: Tienes alg\u00fan cliente famoso?<\/strong><br>\nOlivia Wilde y Maria Shriver ambas poseen piezas de Allegra Fanjul.<\/p>\n\n\n\n<p><strong>@cdcliving: Actualmente donde estan tus dise\u00f1os a la venta?<br>\n<\/strong><span>Actualmente, mis dise\u00f1os est\u00e1n a la venta en \u201cSquared Boutique\u201d en&nbsp;&nbsp;West Palm Beach, Florida y en Internet en&nbsp;<\/span><strong><a href=\"www.AllegraFanjul.com\" target=\"_blank\" rel=\"noopener\">www.AllegraFanjul.com<\/a><\/strong><\/p>\n\n\n\n<p><strong>@cdcliving:&nbsp;C\u00f3mo ves el futuro de tus dise\u00f1os?<\/strong><br>\nEn el futuro, espero espera tener una compa\u00f1\u00eda m\u00e1s grande y tener mis joyas en m\u00e1s Boutiques y en tiendas por departamento.<\/p>\n\n\n<div class=\"wp-block-image\">\n<figure class=\"aligncenter is-resized\"><img loading=\"lazy\" decoding=\"async\" src=\"https:\/\/i0.wp.com\/casadecampoliving.com\/wp-content\/uploads\/2022\/10\/allegra_fanjul_designs.jpg?resize=650%2C430&amp;ssl=1\" alt=\"allegra fanjul designs\" class=\"wp-image-67505\" height=\"430\" width=\"650\"\/><\/figure>\n<\/div>\n\n\n<p class=\"has-text-align-center\"><\/p>\n\n\n\n<p><strong>@cdcliving: Tienes planes de dise\u00f1ar ropa?<br>\n<\/strong>Actualmente, no tengo planes de dise\u00f1ar ropa. Pero me gustar\u00eda de todos modos dise\u00f1ar bolsos y\/o zapatos un d\u00eda para expandir \u201cAllegra Fanjul Designs\u201d en m\u00e1s accesorios. Tambi\u00e9n estoy muy interesada en el estilo. Siempre estoy ayudando a mi madre y a mi hermana con el estilo y ahora con Veryallegra.com puedo ayudar con el estilo a otros.<\/p>\n\n\n<div class=\"wp-block-image\">\n<figure class=\"alignright is-resized\"><img loading=\"lazy\" decoding=\"async\" src=\"https:\/\/i0.wp.com\/casadecampoliving.com\/wp-content\/uploads\/2022\/10\/allegra_fanjul_designs4.jpg?resize=250%2C301&amp;ssl=1\" alt=\"allegra fanjul designs\" class=\"wp-image-67510\" height=\"301\" width=\"250\"\/><\/figure>\n<\/div>\n\n\n<p><strong>@cdcliving: &nbsp;Qu\u00e9 hacen \u00fanicas a tus piezas?<br>\n<\/strong>Me gustar\u00eda dejar algo dicho con mi joyer\u00eda, m\u00e1s que nada con collares \u00fanicos. Busco en tiendas antiguas y las joyas muestras pendientes de estilo antiguo y broches para hacer de cada pieza \u00fanica a su propio modo.<\/p>\n\n\n\n<p><strong>@cdcliving:&nbsp;<\/strong><strong>Porque decidiste formar parte del \u201cMIR Bazaar?<br>\n<\/strong>Siempre he querido ser vendedora y participar en el MIR Bazaar, pero con el horario escolar anterior siempre era dif\u00edcil venir a Casa de Campo &nbsp;para la semana del Bazaar. Me gradu\u00e9 en Diciembre 2012 de La Universidad Florida Atlantic y me encant\u00f3 saber que podr\u00eda finalmente venir al MIR Bazaar.<\/p>\n\n\n\n<p><strong>@cdcliving: Porque otros deber\u00edan apoyar el MIR Bazaar?<br>\n<\/strong>Las personas deber\u00edan apoyar el MIR Bazaar porque ayuda a una gran caridad. La caridad de MIR siempre ha tenido un lugar cerca de mi coraz\u00f3n, no s\u00f3lo porque mi hermosa t\u00eda, Lian, lo comenz\u00f3, sino tambi\u00e9n porque amo todo lo que hace para ayudar a familias y a ni\u00f1os en la Rep\u00fablica Dominicana.<\/p>\n\n\n<div class=\"wp-block-image\">\n<figure class=\"aligncenter is-resized\"><img loading=\"lazy\" decoding=\"async\" src=\"https:\/\/i0.wp.com\/casadecampoliving.com\/wp-content\/uploads\/2022\/10\/allegra_fanjul_designs3.jpg?resize=650%2C269&amp;ssl=1\" alt=\"allegra fanjul designs\" class=\"wp-image-67508\" height=\"269\" width=\"650\"\/><\/figure>\n<\/div>\n\n\n<p class=\"has-text-align-center\"><strong>Mira el &nbsp;blog de Allegra:&nbsp;<a href=\"http:\/\/veryallegra.com\/\" target=\"_blank\" rel=\"noopener\">www.veryallegra.com<\/a><\/strong><br>\n<\/p>\n\n\n<div class=\"wp-block-image\">\n<figure class=\"alignright is-resized\"><img loading=\"lazy\" decoding=\"async\" src=\"https:\/\/i0.wp.com\/casadecampoliving.com\/wp-content\/uploads\/2022\/10\/allegra_fanjul3.jpg?resize=175%2C324&amp;ssl=1\" alt=\"allegra fanjul\" class=\"wp-image-67509\" height=\"324\" width=\"175\"\/><\/figure>\n<\/div>\n\n\n<p><strong>@cdcliving: Cu\u00e1les son tus lugares favoritos de Casa de Campo?<br>\n<\/strong><\/p>\n\n\n\n<p>Mis lugares favoritos de Casa de Campo incluyen:<\/p>\n\n\n\n<p>\u2022 Altos de Chav\u00f3n: Me encanta la iglesia, los adoquines y la vista. Es realmente un lugar que te deja sin aliento.<\/p>\n\n\n\n<p>\u2022 Teeth of the Dog en las puesta del sol: La vista del sol poni\u00e9ndose sobre el mar es tan serena.<\/p>\n\n\n\n<p>\u2022 La Playa Minitas: A quien no le gusta un d\u00eda en la playa. Nunca olvidar\u00e9 la primera vez que orden\u00e9 una Pi\u00f1a Colada y lleg\u00f3 llena de pi\u00f1a \u00a1me pareci\u00f3 fabuloso!<\/p>\n\n\n\n<p><strong>M\u00e1s de Allegra en:<\/strong><\/p>\n\n\n\n<p><strong><a href=\"http:\/\/www.AllegraFanjul.com\" target=\"_blank\" rel=\"noopener\">www.AllegraFanjul.com<\/a><\/strong><\/p>\n\n\n\n<p><strong><a href=\"http:\/\/veryallegra.com\/\" target=\"_blank\" rel=\"noopener\">www.veryallegra.com<\/a><\/strong><\/p>\n\n\n\n<p>Esperamos ver a Allegra y a ti en en MIR Bazaar en La Romana Country Club \u2013 esta semana desde el 4 hasta el 7 de abril.<\/p>\n\n\n\n<blockquote><p style=\"text-align: left;\"><strong>MIR Bazaar 2013: \u00a14 \u2013 7 de abril!<\/strong><\/p><figure><img decoding=\"async\" loading=\"lazy\" class=\"aligncenter  wp-image-48369\" src=\"https:\/\/i0.wp.com\/casadecampoliving.com\/wp-content\/uploads\/2022\/10\/MIR_Bazaar_casa_de_campo2.jpg?resize=585%2C429&amp;ssl=1\" alt=\"MIR Bazaar casa de campo\" width=\"585\" height=\"429\"><\/figure><p style=\"text-align: left;\"><\/p><p><strong>Cuando:&nbsp;<\/strong>4 al &nbsp;7 de abril 2013<\/p><p><strong>Donde:<\/strong> La Romana Country Club<\/p><p><strong>Horarios de apertura:&nbsp;<\/strong><\/p><p style=\"padding-left: 30px;\">\u2022 Mi\u00e9rcoles: 12pm-9pm<br>\n\u2022 Viernes: 9am-9pm<br>\n\u2022 S\u00e1bado: 9am-9pm<br>\n\u2022 Domingo: 9am-2pm<\/p><\/blockquote>\n\n\n\n<blockquote><p style=\"text-align: left;\"><strong><a href=\"https:\/\/casadecampoliving.com\/es\/2012\/04\/compras-que-ayudan-disfrutando-el-mir-bazaar-y-almuerzo-de-damas-en-la-romana-country-club\/\">&nbsp;El MIR Bazaar y \u201cLadies Luncheon\u201d 2012<\/a><\/strong><\/p><figure><img decoding=\"async\" loading=\"lazy\" class=\"aligncenter size-full wp-image-47869\" src=\"https:\/\/i0.wp.com\/casadecampoliving.com\/wp-content\/uploads\/2022\/10\/lian_fanjul_azqueta-5.jpg?resize=600%2C494&amp;ssl=1\" alt=\"lian fanjul de azqueta\" width=\"600\" height=\"494\"><\/figure><p style=\"text-align: center;\"><\/p><p style=\"text-align: left;\">El Bazaar MIR en la ayuda de la fundaci\u00f3n MIR fue abierto en La Romana Country Club desde el mi\u00e9rcoles 28 de marzo hasta el primero de abril y ofreci\u00f3 a las damas de Casa de Campo y visitantes la fant\u00e1stica oportunidad de disfrutar un poco de la terapia de compras \u2013 y de ayudar en una gran causa. En celebraci\u00f3n del Bazaar, Lian Fanjul de Azqueta organiz\u00f3 un evento por invitaci\u00f3n solo para las \u201cladies luncheon\u201d el s\u00e1bado 31 de marzo, el cual tuvo un fant\u00e1stico desfile de modas por Azzurro y fue todo un \u00e9xito.<\/p><p><em><strong><a href=\"https:\/\/casadecampoliving.com\/es\/2012\/04\/compras-que-ayudan-disfrutando-el-mir-bazaar-y-almuerzo-de-damas-en-la-romana-country-club\/\">Click aqu\u00ed para m\u00e1s fotos y la historia completa.<\/a><\/strong><\/em><\/p><\/blockquote>\n","protected":false},"excerpt":{"rendered":"<p>Allegra Fanjul,&nbsp;sobrina de Lian&nbsp;Fanjul de Azqueta fundadora de la Fundaci\u00f3n MIR esta semana formar\u00e1 parte del \u201cMIR Bazaar\u201d por primera vez \u2013 con la exclusiva colecci\u00f3n de joyas&nbsp;&nbsp;\u201cAllegra Fanjul Designs\u201d.<\/p>\n","protected":false},"author":388,"featured_media":271477,"comment_status":"closed","ping_status":"closed","sticky":false,"template":"","format":"standard","meta":{"newspack_ads_suppress_ads":false,"newspack_popups_has_disabled_popups":false,"newspack_sponsor_sponsorship_scope":"","newspack_sponsor_native_byline_display":"inherit","newspack_sponsor_native_category_display":"inherit","newspack_sponsor_underwriter_style":"inherit","newspack_sponsor_underwriter_placement":"inherit","_newspack_byline_active":false,"_newspack_byline":"","newspack_content_restriction_is_exempt":false,"newspack_featured_image_position":"","newspack_post_subtitle":"","newspack_article_summary_title":"Overview:","newspack_article_summary":"","newspack_hide_updated_date":false,"newspack_show_updated_date":false,"_jetpack_memberships_contains_paid_content":false,"footnotes":"","jetpack_publicize_message":"","jetpack_publicize_feature_enabled":true,"jetpack_social_post_already_shared":false,"jetpack_social_options":{"image_generator_settings":{"template":"highway","default_image_id":0,"font":"","enabled":false},"version":2},"_wpas_customize_per_network":false},"categories":[26823,80,14630,51,527,12567,14624,14626,26822,43],"tags":[6187,3941,24715,6016],"newspack_spnsrs_tax":[],"class_list":["post-340914","post","type-post","status-publish","format-standard","has-post-thumbnail","hentry","category-arte-y-cultura","category-celebs","category-lifestyle","category-events-and-activities","category-fundacion-mir","category-philanthrophy","category-local-news","category-upcoming","category-resort-casa-de-campo","category-headline","tag-allegra-fanjul","tag-entrevista","tag-fundacion-mir-es","tag-mir-bazaar-es","entry"],"yoast_head":"<!-- This site is optimized with the Yoast SEO plugin v27.3 - https:\/\/yoast.com\/product\/yoast-seo-wordpress\/ -->\n<title>Una entrevista con Allegra Fanjul en preparaci\u00f3n para su participaci\u00f3n en el MIR Bazaar esta semana | Casa de Campo Living<\/title>\n<meta name=\"description\" content=\"Allegra Fanjul,&nbsp;sobrina de Lian&nbsp;Fanjul de Azqueta fundadora de la Fundaci\u00f3n MIR esta semana formar\u00e1 parte del \u201cMIR Bazaar\u201d por primera vez \u2013 con\" \/>\n<meta name=\"robots\" content=\"index, follow, max-snippet:-1, max-image-preview:large, max-video-preview:-1\" \/>\n<link rel=\"canonical\" href=\"https:\/\/casadecampoliving.com\/es\/una-entrevista-con-allegra-fanjul-en-preparacion-para-su-participacion-en-el-mir-bazaar-esta-semana\/\" \/>\n<meta property=\"og:locale\" content=\"es_ES\" \/>\n<meta property=\"og:type\" content=\"article\" \/>\n<meta property=\"og:title\" content=\"Una entrevista con Allegra Fanjul en preparaci\u00f3n para su participaci\u00f3n en el MIR Bazaar esta semana | Casa de Campo Living\" \/>\n<meta property=\"og:description\" content=\"Allegra Fanjul,&nbsp;sobrina de Lian&nbsp;Fanjul de Azqueta fundadora de la Fundaci\u00f3n MIR esta semana formar\u00e1 parte del \u201cMIR Bazaar\u201d por primera vez \u2013 con\" \/>\n<meta property=\"og:url\" content=\"https:\/\/casadecampoliving.com\/es\/una-entrevista-con-allegra-fanjul-en-preparacion-para-su-participacion-en-el-mir-bazaar-esta-semana\/\" \/>\n<meta property=\"og:site_name\" content=\"Casa de Campo Living\" \/>\n<meta property=\"article:publisher\" content=\"https:\/\/www.facebook.com\/casadecampoliving\" \/>\n<meta property=\"article:published_time\" content=\"2013-04-01T04:00:00+00:00\" \/>\n<meta property=\"article:modified_time\" content=\"2022-10-21T22:48:49+00:00\" \/>\n<meta property=\"og:image\" content=\"https:\/\/i0.wp.com\/casadecampoliving.com\/wp-content\/uploads\/2022\/10\/allegra_fanjul-1.jpg?fit=650%2C381&ssl=1\" \/>\n\t<meta property=\"og:image:width\" content=\"650\" \/>\n\t<meta property=\"og:image:height\" content=\"381\" \/>\n\t<meta property=\"og:image:type\" content=\"image\/jpeg\" \/>\n<meta name=\"author\" content=\"lperdomo\" \/>\n<meta name=\"twitter:card\" content=\"summary_large_image\" \/>\n<meta name=\"twitter:creator\" content=\"@cdcliving\" \/>\n<meta name=\"twitter:site\" content=\"@cdcliving\" \/>\n<meta name=\"twitter:label1\" content=\"Escrito por\" \/>\n\t<meta name=\"twitter:data1\" content=\"lperdomo\" \/>\n\t<meta name=\"twitter:label2\" content=\"Tiempo de lectura\" \/>\n\t<meta name=\"twitter:data2\" content=\"6 minutos\" \/>\n<script type=\"application\/ld+json\" class=\"yoast-schema-graph\">{\"@context\":\"https:\\\/\\\/schema.org\",\"@graph\":[{\"@type\":\"Article\",\"@id\":\"https:\\\/\\\/casadecampoliving.com\\\/es\\\/una-entrevista-con-allegra-fanjul-en-preparacion-para-su-participacion-en-el-mir-bazaar-esta-semana\\\/#article\",\"isPartOf\":{\"@id\":\"https:\\\/\\\/casadecampoliving.com\\\/es\\\/una-entrevista-con-allegra-fanjul-en-preparacion-para-su-participacion-en-el-mir-bazaar-esta-semana\\\/\"},\"author\":{\"name\":\"lperdomo\",\"@id\":\"https:\\\/\\\/casadecampoliving.com\\\/es\\\/#\\\/schema\\\/person\\\/4505bf6f082fd862dd65dffed828158b\"},\"headline\":\"Una entrevista con Allegra Fanjul en preparaci\u00f3n para su participaci\u00f3n en el MIR Bazaar esta semana\",\"datePublished\":\"2013-04-01T04:00:00+00:00\",\"dateModified\":\"2022-10-21T22:48:49+00:00\",\"mainEntityOfPage\":{\"@id\":\"https:\\\/\\\/casadecampoliving.com\\\/es\\\/una-entrevista-con-allegra-fanjul-en-preparacion-para-su-participacion-en-el-mir-bazaar-esta-semana\\\/\"},\"wordCount\":1136,\"publisher\":{\"@id\":\"https:\\\/\\\/casadecampoliving.com\\\/es\\\/#organization\"},\"image\":{\"@id\":\"https:\\\/\\\/casadecampoliving.com\\\/es\\\/una-entrevista-con-allegra-fanjul-en-preparacion-para-su-participacion-en-el-mir-bazaar-esta-semana\\\/#primaryimage\"},\"thumbnailUrl\":\"https:\\\/\\\/i0.wp.com\\\/casadecampoliving.com\\\/wp-content\\\/uploads\\\/2022\\\/10\\\/allegra_fanjul-1.jpg?fit=650%2C381&ssl=1\",\"keywords\":[\"allegra fanjul\",\"entrevista\",\"Fundacion MIR\",\"MIR bazaar @es\"],\"articleSection\":[\"Arte y cultura\",\"Celebs\",\"Lifestyle\",\"Events and Activities\",\"Fundacion MIR\",\"Philanthrophy\",\"Local News\",\"Upcoming\",\"Resort Casa de Campo\",\"Headline\"],\"inLanguage\":\"es\"},{\"@type\":\"WebPage\",\"@id\":\"https:\\\/\\\/casadecampoliving.com\\\/es\\\/una-entrevista-con-allegra-fanjul-en-preparacion-para-su-participacion-en-el-mir-bazaar-esta-semana\\\/\",\"url\":\"https:\\\/\\\/casadecampoliving.com\\\/es\\\/una-entrevista-con-allegra-fanjul-en-preparacion-para-su-participacion-en-el-mir-bazaar-esta-semana\\\/\",\"name\":\"Una entrevista con Allegra Fanjul en preparaci\u00f3n para su participaci\u00f3n en el MIR Bazaar esta semana | Casa de Campo Living\",\"isPartOf\":{\"@id\":\"https:\\\/\\\/casadecampoliving.com\\\/es\\\/#website\"},\"primaryImageOfPage\":{\"@id\":\"https:\\\/\\\/casadecampoliving.com\\\/es\\\/una-entrevista-con-allegra-fanjul-en-preparacion-para-su-participacion-en-el-mir-bazaar-esta-semana\\\/#primaryimage\"},\"image\":{\"@id\":\"https:\\\/\\\/casadecampoliving.com\\\/es\\\/una-entrevista-con-allegra-fanjul-en-preparacion-para-su-participacion-en-el-mir-bazaar-esta-semana\\\/#primaryimage\"},\"thumbnailUrl\":\"https:\\\/\\\/i0.wp.com\\\/casadecampoliving.com\\\/wp-content\\\/uploads\\\/2022\\\/10\\\/allegra_fanjul-1.jpg?fit=650%2C381&ssl=1\",\"datePublished\":\"2013-04-01T04:00:00+00:00\",\"dateModified\":\"2022-10-21T22:48:49+00:00\",\"description\":\"Allegra Fanjul,&nbsp;sobrina de Lian&nbsp;Fanjul de Azqueta fundadora de la Fundaci\u00f3n MIR esta semana formar\u00e1 parte del \u201cMIR Bazaar\u201d por primera vez \u2013 con\",\"breadcrumb\":{\"@id\":\"https:\\\/\\\/casadecampoliving.com\\\/es\\\/una-entrevista-con-allegra-fanjul-en-preparacion-para-su-participacion-en-el-mir-bazaar-esta-semana\\\/#breadcrumb\"},\"inLanguage\":\"es\",\"potentialAction\":[{\"@type\":\"ReadAction\",\"target\":[\"https:\\\/\\\/casadecampoliving.com\\\/es\\\/una-entrevista-con-allegra-fanjul-en-preparacion-para-su-participacion-en-el-mir-bazaar-esta-semana\\\/\"]}]},{\"@type\":\"ImageObject\",\"inLanguage\":\"es\",\"@id\":\"https:\\\/\\\/casadecampoliving.com\\\/es\\\/una-entrevista-con-allegra-fanjul-en-preparacion-para-su-participacion-en-el-mir-bazaar-esta-semana\\\/#primaryimage\",\"url\":\"https:\\\/\\\/i0.wp.com\\\/casadecampoliving.com\\\/wp-content\\\/uploads\\\/2022\\\/10\\\/allegra_fanjul-1.jpg?fit=650%2C381&ssl=1\",\"contentUrl\":\"https:\\\/\\\/i0.wp.com\\\/casadecampoliving.com\\\/wp-content\\\/uploads\\\/2022\\\/10\\\/allegra_fanjul-1.jpg?fit=650%2C381&ssl=1\",\"width\":650,\"height\":381},{\"@type\":\"BreadcrumbList\",\"@id\":\"https:\\\/\\\/casadecampoliving.com\\\/es\\\/una-entrevista-con-allegra-fanjul-en-preparacion-para-su-participacion-en-el-mir-bazaar-esta-semana\\\/#breadcrumb\",\"itemListElement\":[{\"@type\":\"ListItem\",\"position\":1,\"name\":\"Home\",\"item\":\"https:\\\/\\\/casadecampoliving.com\\\/es\\\/\"},{\"@type\":\"ListItem\",\"position\":2,\"name\":\"Una entrevista con Allegra Fanjul en preparaci\u00f3n para su participaci\u00f3n en el MIR Bazaar esta semana\"}]},{\"@type\":\"WebSite\",\"@id\":\"https:\\\/\\\/casadecampoliving.com\\\/es\\\/#website\",\"url\":\"https:\\\/\\\/casadecampoliving.com\\\/es\\\/\",\"name\":\"Casa de Campo Living\",\"description\":\"Resort community news and resources.\",\"publisher\":{\"@id\":\"https:\\\/\\\/casadecampoliving.com\\\/es\\\/#organization\"},\"potentialAction\":[{\"@type\":\"SearchAction\",\"target\":{\"@type\":\"EntryPoint\",\"urlTemplate\":\"https:\\\/\\\/casadecampoliving.com\\\/es\\\/?s={search_term_string}\"},\"query-input\":{\"@type\":\"PropertyValueSpecification\",\"valueRequired\":true,\"valueName\":\"search_term_string\"}}],\"inLanguage\":\"es\"},{\"@type\":\"Organization\",\"@id\":\"https:\\\/\\\/casadecampoliving.com\\\/es\\\/#organization\",\"name\":\"Casa de Campo Living\",\"url\":\"https:\\\/\\\/casadecampoliving.com\\\/es\\\/\",\"logo\":{\"@type\":\"ImageObject\",\"inLanguage\":\"es\",\"@id\":\"https:\\\/\\\/casadecampoliving.com\\\/es\\\/#\\\/schema\\\/logo\\\/image\\\/\",\"url\":\"https:\\\/\\\/i0.wp.com\\\/casadecampoliving.com\\\/wp-content\\\/uploads\\\/2022\\\/07\\\/CDCLivingLogo_V1-white-sized.png?fit=800%2C214&ssl=1\",\"contentUrl\":\"https:\\\/\\\/i0.wp.com\\\/casadecampoliving.com\\\/wp-content\\\/uploads\\\/2022\\\/07\\\/CDCLivingLogo_V1-white-sized.png?fit=800%2C214&ssl=1\",\"width\":800,\"height\":214,\"caption\":\"Casa de Campo Living\"},\"image\":{\"@id\":\"https:\\\/\\\/casadecampoliving.com\\\/es\\\/#\\\/schema\\\/logo\\\/image\\\/\"},\"sameAs\":[\"https:\\\/\\\/www.facebook.com\\\/casadecampoliving\",\"https:\\\/\\\/x.com\\\/cdcliving\"]},{\"@type\":\"Person\",\"@id\":\"https:\\\/\\\/casadecampoliving.com\\\/es\\\/#\\\/schema\\\/person\\\/4505bf6f082fd862dd65dffed828158b\",\"name\":\"lperdomo\",\"image\":{\"@type\":\"ImageObject\",\"inLanguage\":\"es\",\"@id\":\"https:\\\/\\\/secure.gravatar.com\\\/avatar\\\/6f4e35901d52b8d648d82e11c9c54217bc500bbf5793d4f5e15d23fd2d5a1af4?s=96&d=mm&r=g\",\"url\":\"https:\\\/\\\/secure.gravatar.com\\\/avatar\\\/6f4e35901d52b8d648d82e11c9c54217bc500bbf5793d4f5e15d23fd2d5a1af4?s=96&d=mm&r=g\",\"contentUrl\":\"https:\\\/\\\/secure.gravatar.com\\\/avatar\\\/6f4e35901d52b8d648d82e11c9c54217bc500bbf5793d4f5e15d23fd2d5a1af4?s=96&d=mm&r=g\",\"caption\":\"lperdomo\"},\"sameAs\":[\"http:\\\/\\\/www.silgon.net\"],\"url\":\"https:\\\/\\\/casadecampoliving.com\\\/es\\\/author\\\/lperdomo\\\/\"}]}<\/script>\n<!-- \/ Yoast SEO plugin. -->","yoast_head_json":{"title":"Una entrevista con Allegra Fanjul en preparaci\u00f3n para su participaci\u00f3n en el MIR Bazaar esta semana | Casa de Campo Living","description":"Allegra Fanjul,&nbsp;sobrina de Lian&nbsp;Fanjul de Azqueta fundadora de la Fundaci\u00f3n MIR esta semana formar\u00e1 parte del \u201cMIR Bazaar\u201d por primera vez \u2013 con","robots":{"index":"index","follow":"follow","max-snippet":"max-snippet:-1","max-image-preview":"max-image-preview:large","max-video-preview":"max-video-preview:-1"},"canonical":"https:\/\/casadecampoliving.com\/es\/una-entrevista-con-allegra-fanjul-en-preparacion-para-su-participacion-en-el-mir-bazaar-esta-semana\/","og_locale":"es_ES","og_type":"article","og_title":"Una entrevista con Allegra Fanjul en preparaci\u00f3n para su participaci\u00f3n en el MIR Bazaar esta semana | Casa de Campo Living","og_description":"Allegra Fanjul,&nbsp;sobrina de Lian&nbsp;Fanjul de Azqueta fundadora de la Fundaci\u00f3n MIR esta semana formar\u00e1 parte del \u201cMIR Bazaar\u201d por primera vez \u2013 con","og_url":"https:\/\/casadecampoliving.com\/es\/una-entrevista-con-allegra-fanjul-en-preparacion-para-su-participacion-en-el-mir-bazaar-esta-semana\/","og_site_name":"Casa de Campo Living","article_publisher":"https:\/\/www.facebook.com\/casadecampoliving","article_published_time":"2013-04-01T04:00:00+00:00","article_modified_time":"2022-10-21T22:48:49+00:00","og_image":[{"width":650,"height":381,"url":"https:\/\/i0.wp.com\/casadecampoliving.com\/wp-content\/uploads\/2022\/10\/allegra_fanjul-1.jpg?fit=650%2C381&ssl=1","type":"image\/jpeg"}],"author":"lperdomo","twitter_card":"summary_large_image","twitter_creator":"@cdcliving","twitter_site":"@cdcliving","twitter_misc":{"Escrito por":"lperdomo","Tiempo de lectura":"6 minutos"},"schema":{"@context":"https:\/\/schema.org","@graph":[{"@type":"Article","@id":"https:\/\/casadecampoliving.com\/es\/una-entrevista-con-allegra-fanjul-en-preparacion-para-su-participacion-en-el-mir-bazaar-esta-semana\/#article","isPartOf":{"@id":"https:\/\/casadecampoliving.com\/es\/una-entrevista-con-allegra-fanjul-en-preparacion-para-su-participacion-en-el-mir-bazaar-esta-semana\/"},"author":{"name":"lperdomo","@id":"https:\/\/casadecampoliving.com\/es\/#\/schema\/person\/4505bf6f082fd862dd65dffed828158b"},"headline":"Una entrevista con Allegra Fanjul en preparaci\u00f3n para su participaci\u00f3n en el MIR Bazaar esta semana","datePublished":"2013-04-01T04:00:00+00:00","dateModified":"2022-10-21T22:48:49+00:00","mainEntityOfPage":{"@id":"https:\/\/casadecampoliving.com\/es\/una-entrevista-con-allegra-fanjul-en-preparacion-para-su-participacion-en-el-mir-bazaar-esta-semana\/"},"wordCount":1136,"publisher":{"@id":"https:\/\/casadecampoliving.com\/es\/#organization"},"image":{"@id":"https:\/\/casadecampoliving.com\/es\/una-entrevista-con-allegra-fanjul-en-preparacion-para-su-participacion-en-el-mir-bazaar-esta-semana\/#primaryimage"},"thumbnailUrl":"https:\/\/i0.wp.com\/casadecampoliving.com\/wp-content\/uploads\/2022\/10\/allegra_fanjul-1.jpg?fit=650%2C381&ssl=1","keywords":["allegra fanjul","entrevista","Fundacion MIR","MIR bazaar @es"],"articleSection":["Arte y cultura","Celebs","Lifestyle","Events and Activities","Fundacion MIR","Philanthrophy","Local News","Upcoming","Resort Casa de Campo","Headline"],"inLanguage":"es"},{"@type":"WebPage","@id":"https:\/\/casadecampoliving.com\/es\/una-entrevista-con-allegra-fanjul-en-preparacion-para-su-participacion-en-el-mir-bazaar-esta-semana\/","url":"https:\/\/casadecampoliving.com\/es\/una-entrevista-con-allegra-fanjul-en-preparacion-para-su-participacion-en-el-mir-bazaar-esta-semana\/","name":"Una entrevista con Allegra Fanjul en preparaci\u00f3n para su participaci\u00f3n en el MIR Bazaar esta semana | Casa de Campo Living","isPartOf":{"@id":"https:\/\/casadecampoliving.com\/es\/#website"},"primaryImageOfPage":{"@id":"https:\/\/casadecampoliving.com\/es\/una-entrevista-con-allegra-fanjul-en-preparacion-para-su-participacion-en-el-mir-bazaar-esta-semana\/#primaryimage"},"image":{"@id":"https:\/\/casadecampoliving.com\/es\/una-entrevista-con-allegra-fanjul-en-preparacion-para-su-participacion-en-el-mir-bazaar-esta-semana\/#primaryimage"},"thumbnailUrl":"https:\/\/i0.wp.com\/casadecampoliving.com\/wp-content\/uploads\/2022\/10\/allegra_fanjul-1.jpg?fit=650%2C381&ssl=1","datePublished":"2013-04-01T04:00:00+00:00","dateModified":"2022-10-21T22:48:49+00:00","description":"Allegra Fanjul,&nbsp;sobrina de Lian&nbsp;Fanjul de Azqueta fundadora de la Fundaci\u00f3n MIR esta semana formar\u00e1 parte del \u201cMIR Bazaar\u201d por primera vez \u2013 con","breadcrumb":{"@id":"https:\/\/casadecampoliving.com\/es\/una-entrevista-con-allegra-fanjul-en-preparacion-para-su-participacion-en-el-mir-bazaar-esta-semana\/#breadcrumb"},"inLanguage":"es","potentialAction":[{"@type":"ReadAction","target":["https:\/\/casadecampoliving.com\/es\/una-entrevista-con-allegra-fanjul-en-preparacion-para-su-participacion-en-el-mir-bazaar-esta-semana\/"]}]},{"@type":"ImageObject","inLanguage":"es","@id":"https:\/\/casadecampoliving.com\/es\/una-entrevista-con-allegra-fanjul-en-preparacion-para-su-participacion-en-el-mir-bazaar-esta-semana\/#primaryimage","url":"https:\/\/i0.wp.com\/casadecampoliving.com\/wp-content\/uploads\/2022\/10\/allegra_fanjul-1.jpg?fit=650%2C381&ssl=1","contentUrl":"https:\/\/i0.wp.com\/casadecampoliving.com\/wp-content\/uploads\/2022\/10\/allegra_fanjul-1.jpg?fit=650%2C381&ssl=1","width":650,"height":381},{"@type":"BreadcrumbList","@id":"https:\/\/casadecampoliving.com\/es\/una-entrevista-con-allegra-fanjul-en-preparacion-para-su-participacion-en-el-mir-bazaar-esta-semana\/#breadcrumb","itemListElement":[{"@type":"ListItem","position":1,"name":"Home","item":"https:\/\/casadecampoliving.com\/es\/"},{"@type":"ListItem","position":2,"name":"Una entrevista con Allegra Fanjul en preparaci\u00f3n para su participaci\u00f3n en el MIR Bazaar esta semana"}]},{"@type":"WebSite","@id":"https:\/\/casadecampoliving.com\/es\/#website","url":"https:\/\/casadecampoliving.com\/es\/","name":"Casa de Campo Living","description":"Resort community news and resources.","publisher":{"@id":"https:\/\/casadecampoliving.com\/es\/#organization"},"potentialAction":[{"@type":"SearchAction","target":{"@type":"EntryPoint","urlTemplate":"https:\/\/casadecampoliving.com\/es\/?s={search_term_string}"},"query-input":{"@type":"PropertyValueSpecification","valueRequired":true,"valueName":"search_term_string"}}],"inLanguage":"es"},{"@type":"Organization","@id":"https:\/\/casadecampoliving.com\/es\/#organization","name":"Casa de Campo Living","url":"https:\/\/casadecampoliving.com\/es\/","logo":{"@type":"ImageObject","inLanguage":"es","@id":"https:\/\/casadecampoliving.com\/es\/#\/schema\/logo\/image\/","url":"https:\/\/i0.wp.com\/casadecampoliving.com\/wp-content\/uploads\/2022\/07\/CDCLivingLogo_V1-white-sized.png?fit=800%2C214&ssl=1","contentUrl":"https:\/\/i0.wp.com\/casadecampoliving.com\/wp-content\/uploads\/2022\/07\/CDCLivingLogo_V1-white-sized.png?fit=800%2C214&ssl=1","width":800,"height":214,"caption":"Casa de Campo Living"},"image":{"@id":"https:\/\/casadecampoliving.com\/es\/#\/schema\/logo\/image\/"},"sameAs":["https:\/\/www.facebook.com\/casadecampoliving","https:\/\/x.com\/cdcliving"]},{"@type":"Person","@id":"https:\/\/casadecampoliving.com\/es\/#\/schema\/person\/4505bf6f082fd862dd65dffed828158b","name":"lperdomo","image":{"@type":"ImageObject","inLanguage":"es","@id":"https:\/\/secure.gravatar.com\/avatar\/6f4e35901d52b8d648d82e11c9c54217bc500bbf5793d4f5e15d23fd2d5a1af4?s=96&d=mm&r=g","url":"https:\/\/secure.gravatar.com\/avatar\/6f4e35901d52b8d648d82e11c9c54217bc500bbf5793d4f5e15d23fd2d5a1af4?s=96&d=mm&r=g","contentUrl":"https:\/\/secure.gravatar.com\/avatar\/6f4e35901d52b8d648d82e11c9c54217bc500bbf5793d4f5e15d23fd2d5a1af4?s=96&d=mm&r=g","caption":"lperdomo"},"sameAs":["http:\/\/www.silgon.net"],"url":"https:\/\/casadecampoliving.com\/es\/author\/lperdomo\/"}]}},"parsely":{"version":"1.1.0","canonical_url":"https:\/\/casadecampoliving.com\/es\/una-entrevista-con-allegra-fanjul-en-preparacion-para-su-participacion-en-el-mir-bazaar-esta-semana\/","smart_links":{"inbound":0,"outbound":0},"traffic_boost_suggestions_count":0,"meta":{"@context":"https:\/\/schema.org","@type":"NewsArticle","headline":"Una entrevista con Allegra Fanjul en preparaci\u00f3n para su participaci\u00f3n en el MIR Bazaar esta semana","url":"http:\/\/casadecampoliving.com\/es\/una-entrevista-con-allegra-fanjul-en-preparacion-para-su-participacion-en-el-mir-bazaar-esta-semana\/","mainEntityOfPage":{"@type":"WebPage","@id":"http:\/\/casadecampoliving.com\/es\/una-entrevista-con-allegra-fanjul-en-preparacion-para-su-participacion-en-el-mir-bazaar-esta-semana\/"},"thumbnailUrl":"https:\/\/i0.wp.com\/casadecampoliving.com\/wp-content\/uploads\/2022\/10\/allegra_fanjul-1.jpg?resize=150%2C150&ssl=1","image":{"@type":"ImageObject","url":"https:\/\/i0.wp.com\/casadecampoliving.com\/wp-content\/uploads\/2022\/10\/allegra_fanjul-1.jpg?fit=650%2C381&ssl=1"},"articleSection":"Arte y cultura","author":[{"@type":"Person","name":"lperdomo"}],"creator":["lperdomo"],"publisher":{"@type":"Organization","name":"Casa de Campo Living","logo":"https:\/\/casadecampoliving.com\/wp-content\/uploads\/2022\/07\/CDCLivingLogo_V1-white-sized.png"},"keywords":["allegra fanjul","entrevista","fundacion mir","mir bazaar @es"],"dateCreated":"2013-04-01T04:00:00Z","datePublished":"2013-04-01T04:00:00Z","dateModified":"2022-10-21T22:48:49Z"},"rendered":"<script type=\"application\/ld+json\" class=\"wp-parsely-metadata\">{\"@context\":\"https:\\\/\\\/schema.org\",\"@type\":\"NewsArticle\",\"headline\":\"Una entrevista con Allegra Fanjul en preparaci\\u00f3n para su participaci\\u00f3n en el MIR Bazaar esta semana\",\"url\":\"http:\\\/\\\/casadecampoliving.com\\\/es\\\/una-entrevista-con-allegra-fanjul-en-preparacion-para-su-participacion-en-el-mir-bazaar-esta-semana\\\/\",\"mainEntityOfPage\":{\"@type\":\"WebPage\",\"@id\":\"http:\\\/\\\/casadecampoliving.com\\\/es\\\/una-entrevista-con-allegra-fanjul-en-preparacion-para-su-participacion-en-el-mir-bazaar-esta-semana\\\/\"},\"thumbnailUrl\":\"https:\\\/\\\/i0.wp.com\\\/casadecampoliving.com\\\/wp-content\\\/uploads\\\/2022\\\/10\\\/allegra_fanjul-1.jpg?resize=150%2C150&ssl=1\",\"image\":{\"@type\":\"ImageObject\",\"url\":\"https:\\\/\\\/i0.wp.com\\\/casadecampoliving.com\\\/wp-content\\\/uploads\\\/2022\\\/10\\\/allegra_fanjul-1.jpg?fit=650%2C381&ssl=1\"},\"articleSection\":\"Arte y cultura\",\"author\":[{\"@type\":\"Person\",\"name\":\"lperdomo\"}],\"creator\":[\"lperdomo\"],\"publisher\":{\"@type\":\"Organization\",\"name\":\"Casa de Campo Living\",\"logo\":\"https:\\\/\\\/casadecampoliving.com\\\/wp-content\\\/uploads\\\/2022\\\/07\\\/CDCLivingLogo_V1-white-sized.png\"},\"keywords\":[\"allegra fanjul\",\"entrevista\",\"fundacion mir\",\"mir bazaar @es\"],\"dateCreated\":\"2013-04-01T04:00:00Z\",\"datePublished\":\"2013-04-01T04:00:00Z\",\"dateModified\":\"2022-10-21T22:48:49Z\"}<\/script>","tracker_url":"https:\/\/cdn.parsely.com\/keys\/casadecampoliving.com\/p.js"},"jetpack_publicize_connections":[],"jetpack_featured_media_url":"https:\/\/i0.wp.com\/casadecampoliving.com\/wp-content\/uploads\/2022\/10\/allegra_fanjul-1.jpg?fit=650%2C381&ssl=1","jetpack-related-posts":[{"id":340957,"url":"https:\/\/casadecampoliving.com\/es\/el-mir-bazaar-ya-esta-abierto-en-la-romana-country-club\/","url_meta":{"origin":340914,"position":0},"title":"El MIR Bazaar ya esta abierto en La Romana Country Club!","author":"Rebecca Silvestri","date":"5 Abr, 2013","format":false,"excerpt":"Esta ma\u00f1ana, el Padre Victor Garc\u00eda de la iglesia San Estanislao en Altos de Chav\u00f3n realiz\u00f3n una ceremonia de bendici\u00f3n para oficialmente inaugurar el MIR Bazaar anual realizado en La Romana Country Club, para recaudar fondos para la fundaci\u00f3n MIR. Magdalena Garcia y Padre Victor El MIR Bazaar, este a\u00f1o\u2026","rel":"","context":"En \u00abCasa de Campo Living @es\u00bb","block_context":{"text":"Casa de Campo Living @es","link":"https:\/\/casadecampoliving.com\/category\/casa-de-campo-living-es\/"},"img":{"alt_text":"MIR bazaar","src":"https:\/\/i0.wp.com\/casadecampoliving.com\/wp-content\/uploads\/2022\/10\/MIR_bazaar1-1.jpg?fit=650%2C422&ssl=1&resize=350%2C200","width":350,"height":200,"srcset":"https:\/\/i0.wp.com\/casadecampoliving.com\/wp-content\/uploads\/2022\/10\/MIR_bazaar1-1.jpg?fit=650%2C422&ssl=1&resize=350%2C200 1x, https:\/\/i0.wp.com\/casadecampoliving.com\/wp-content\/uploads\/2022\/10\/MIR_bazaar1-1.jpg?fit=650%2C422&ssl=1&resize=525%2C300 1.5x"},"classes":[]},{"id":322179,"url":"https:\/\/casadecampoliving.com\/shopping-time-the-mir-bazaar-is-open-in-the-la-romana-country-club\/","url_meta":{"origin":340914,"position":1},"title":"Shopping time! The MIR Bazaar is open at the La Romana Country Club","author":"Rebecca Silvestri","date":"5 Abr, 2013","format":false,"excerpt":"\u00a0This morning,\u00a0Padre Victor Garcia of the St Stanislaus church in Altos de Chav\u00f3n held a blessing ceremony to officially inaugurate the annual MIR Bazaar held at the La Romana Country Club to raise funds for the Fundaci\u00f3n MIR. Magdalena Garcia and Padre Victor at the MIR Bazaar The MIR Bazaar,\u2026","rel":"","context":"En \u00abCasa de Campo Living\u00bb","block_context":{"text":"Casa de Campo Living","link":"https:\/\/casadecampoliving.com\/category\/casa-de-campo-living\/"},"img":{"alt_text":"MIR bazaar","src":"https:\/\/i0.wp.com\/casadecampoliving.com\/wp-content\/uploads\/2022\/10\/MIR_bazaar1-1.jpg?fit=650%2C422&ssl=1&resize=350%2C200","width":350,"height":200,"srcset":"https:\/\/i0.wp.com\/casadecampoliving.com\/wp-content\/uploads\/2022\/10\/MIR_bazaar1-1.jpg?fit=650%2C422&ssl=1&resize=350%2C200 1x, https:\/\/i0.wp.com\/casadecampoliving.com\/wp-content\/uploads\/2022\/10\/MIR_bazaar1-1.jpg?fit=650%2C422&ssl=1&resize=525%2C300 1.5x"},"classes":[]},{"id":322163,"url":"https:\/\/casadecampoliving.com\/allegra-fanjul\/","url_meta":{"origin":340914,"position":2},"title":"An interview with Allegra Fanjul as she prepares to take part in the MIR Bazaar","author":"Rebecca Silvestri","date":"1 Abr, 2013","format":false,"excerpt":"Allegra Fanjul, niece of Lian Fanjul de Azqueta founder of the Fundaci\u00f3n MIR is this week taking part in the MIR Bazaar for the first time \u2013 with her exclusive collection of jewelry \u201cAllegra Fanjul Designs\u201d. And so with Allegra currently vacationing in Casa de Campo we grabbed a few\u2026","rel":"","context":"En \u00abArt and Culture\u00bb","block_context":{"text":"Art and Culture","link":"https:\/\/casadecampoliving.com\/category\/art-and-culture\/"},"img":{"alt_text":"","src":"https:\/\/i0.wp.com\/casadecampoliving.com\/wp-content\/uploads\/2022\/10\/allegra_fanjul-1.jpg?fit=650%2C381&ssl=1&resize=350%2C200","width":350,"height":200,"srcset":"https:\/\/i0.wp.com\/casadecampoliving.com\/wp-content\/uploads\/2022\/10\/allegra_fanjul-1.jpg?fit=650%2C381&ssl=1&resize=350%2C200 1x, https:\/\/i0.wp.com\/casadecampoliving.com\/wp-content\/uploads\/2022\/10\/allegra_fanjul-1.jpg?fit=650%2C381&ssl=1&resize=525%2C300 1.5x"},"classes":[]},{"id":322213,"url":"https:\/\/casadecampoliving.com\/the-mir-bazaar-raises-more-than-us10000-for-the-fundacion-mir-schools\/","url_meta":{"origin":340914,"position":3},"title":"The MIR Bazaar raises more than US$10,000 for the Fundaci\u00f3n MIR Schools!","author":"Rebecca Silvestri","date":"19 Abr, 2013","format":false,"excerpt":"From the 4th to the 7th of April, the MIR Bazaar was open at the La Romana Country Club as part of the 28th annual Sugar Golf Tournament and the activity raised more than US$10,000 dollars for the Fundaci\u00f3n MIR charity which runs 3 schools with more than 1500 students\u2026","rel":"","context":"En \u00abEvents and Activities\u00bb","block_context":{"text":"Events and Activities","link":"https:\/\/casadecampoliving.com\/category\/events-and-activities\/"},"img":{"alt_text":"raysa fanjul","src":"https:\/\/i0.wp.com\/casadecampoliving.com\/wp-content\/uploads\/2022\/10\/raysa_fanjul3-1.jpg?fit=650%2C390&ssl=1&resize=350%2C200","width":350,"height":200,"srcset":"https:\/\/i0.wp.com\/casadecampoliving.com\/wp-content\/uploads\/2022\/10\/raysa_fanjul3-1.jpg?fit=650%2C390&ssl=1&resize=350%2C200 1x, https:\/\/i0.wp.com\/casadecampoliving.com\/wp-content\/uploads\/2022\/10\/raysa_fanjul3-1.jpg?fit=650%2C390&ssl=1&resize=525%2C300 1.5x"},"classes":[]},{"id":354351,"url":"https:\/\/casadecampoliving.com\/es\/la-proxima-semana-sugar-bazaar-para-la-educacion-2022-de-la-fundacion-mir\/","url_meta":{"origin":340914,"position":4},"title":"\u00a1La pr\u00f3xima semana! Sugar Bazaar para la Educaci\u00f3n 2022 de la Fundaci\u00f3n MIR","author":"Casa de Campo Living","date":"13 Abr, 2022","format":false,"excerpt":"\u00a1Prep\u00e1rate para comprar Casa Ladies, el \u00abMIR Sugar Bazaar\u00bb de este a\u00f1o, se llevar\u00e1 a cabo del 21 al 24 de abril! Este tradicional evento anual es una oportunidad fabulosa para comprar y recaudar dinero para una gran causa: los ni\u00f1os de la Fundaci\u00f3n MIR. Cada a\u00f1o, la Fundaci\u00f3n MIR\u2026","rel":"","context":"En \u00abCasa de Campo Living @es\u00bb","block_context":{"text":"Casa de Campo Living @es","link":"https:\/\/casadecampoliving.com\/category\/casa-de-campo-living-es\/"},"img":{"alt_text":"","src":"https:\/\/i0.wp.com\/casadecampoliving.com\/wp-content\/uploads\/2022\/10\/174999304_193413642423728_7016535885341306884_n-1.jpg?fit=1080%2C810&ssl=1&resize=350%2C200","width":350,"height":200,"srcset":"https:\/\/i0.wp.com\/casadecampoliving.com\/wp-content\/uploads\/2022\/10\/174999304_193413642423728_7016535885341306884_n-1.jpg?fit=1080%2C810&ssl=1&resize=350%2C200 1x, https:\/\/i0.wp.com\/casadecampoliving.com\/wp-content\/uploads\/2022\/10\/174999304_193413642423728_7016535885341306884_n-1.jpg?fit=1080%2C810&ssl=1&resize=525%2C300 1.5x, https:\/\/i0.wp.com\/casadecampoliving.com\/wp-content\/uploads\/2022\/10\/174999304_193413642423728_7016535885341306884_n-1.jpg?fit=1080%2C810&ssl=1&resize=700%2C400 2x, https:\/\/i0.wp.com\/casadecampoliving.com\/wp-content\/uploads\/2022\/10\/174999304_193413642423728_7016535885341306884_n-1.jpg?fit=1080%2C810&ssl=1&resize=1050%2C600 3x"},"classes":[]},{"id":349277,"url":"https:\/\/casadecampoliving.com\/es\/marquen-sus-calendarios-mir-bazaar-fundacion-mir\/","url_meta":{"origin":340914,"position":5},"title":"Marquen sus calendarios, vuelve el MIR Bazaar de la Fundaci\u00f3n MIR","author":"Marlenys Guzm\u00e1n Casta\u00f1os","date":"25 Feb, 2016","format":false,"excerpt":"Este a\u00f1o el Torneo de Golf \u201cSugar\u201d, con su anfitri\u00f3n Alfy Fanjul , ser\u00e1 desde el 31 de marzo hasta el 3 de abril y \u2013 como ha sido la tradici\u00f3n desde hace muchos a\u00f1os \u2013 ser\u00e1 acompa\u00f1ado del \u201cMIR Bazaar\u201d, una fabulosa oportunidad de comprar y recaudar fondos para\u2026","rel":"","context":"En \u00abArte y cultura\u00bb","block_context":{"text":"Arte y cultura","link":"https:\/\/casadecampoliving.com\/category\/arte-y-cultura\/"},"img":{"alt_text":"Featured Image - MIR BAzaar 2016","src":"https:\/\/i0.wp.com\/casadecampoliving.com\/wp-content\/uploads\/2022\/10\/Featured-Image-MIR-BAzaar-2016.jpg?fit=650%2C400&ssl=1&resize=350%2C200","width":350,"height":200,"srcset":"https:\/\/i0.wp.com\/casadecampoliving.com\/wp-content\/uploads\/2022\/10\/Featured-Image-MIR-BAzaar-2016.jpg?fit=650%2C400&ssl=1&resize=350%2C200 1x, https:\/\/i0.wp.com\/casadecampoliving.com\/wp-content\/uploads\/2022\/10\/Featured-Image-MIR-BAzaar-2016.jpg?fit=650%2C400&ssl=1&resize=525%2C300 1.5x"},"classes":[]}],"jetpack_sharing_enabled":true,"_links":{"self":[{"href":"https:\/\/casadecampoliving.com\/es\/wp-json\/wp\/v2\/posts\/340914","targetHints":{"allow":["GET"]}}],"collection":[{"href":"https:\/\/casadecampoliving.com\/es\/wp-json\/wp\/v2\/posts"}],"about":[{"href":"https:\/\/casadecampoliving.com\/es\/wp-json\/wp\/v2\/types\/post"}],"author":[{"embeddable":true,"href":"https:\/\/casadecampoliving.com\/es\/wp-json\/wp\/v2\/users\/388"}],"replies":[{"embeddable":true,"href":"https:\/\/casadecampoliving.com\/es\/wp-json\/wp\/v2\/comments?post=340914"}],"version-history":[{"count":1,"href":"https:\/\/casadecampoliving.com\/es\/wp-json\/wp\/v2\/posts\/340914\/revisions"}],"predecessor-version":[{"id":340915,"href":"https:\/\/casadecampoliving.com\/es\/wp-json\/wp\/v2\/posts\/340914\/revisions\/340915"}],"wp:featuredmedia":[{"embeddable":true,"href":"https:\/\/casadecampoliving.com\/es\/wp-json\/wp\/v2\/media\/271477"}],"wp:attachment":[{"href":"https:\/\/casadecampoliving.com\/es\/wp-json\/wp\/v2\/media?parent=340914"}],"wp:term":[{"taxonomy":"category","embeddable":true,"href":"https:\/\/casadecampoliving.com\/es\/wp-json\/wp\/v2\/categories?post=340914"},{"taxonomy":"post_tag","embeddable":true,"href":"https:\/\/casadecampoliving.com\/es\/wp-json\/wp\/v2\/tags?post=340914"},{"taxonomy":"newspack_spnsrs_tax","embeddable":true,"href":"https:\/\/casadecampoliving.com\/es\/wp-json\/wp\/v2\/newspack_spnsrs_tax?post=340914"}],"curies":[{"name":"wp","href":"https:\/\/api.w.org\/{rel}","templated":true}]}}