{"id":340879,"date":"2013-03-29T00:00:00","date_gmt":"2013-03-29T04:00:00","guid":{"rendered":"https:\/\/casadecampoliving.com\/vilebrequin-una-obra-de-arte-por-una-buena-causa\/"},"modified":"2022-10-21T18:47:45","modified_gmt":"2022-10-21T22:47:45","slug":"vilebrequin-una-obra-de-arte-por-una-buena-causa","status":"publish","type":"post","link":"https:\/\/casadecampoliving.com\/es\/vilebrequin-una-obra-de-arte-por-una-buena-causa\/","title":{"rendered":"Vilebrequin: una obra de arte por una buena causa"},"content":{"rendered":"<div class=\"wp-block-image\">\n<figure class=\"aligncenter is-resized\"><img loading=\"lazy\" decoding=\"async\" src=\"https:\/\/i0.wp.com\/casadecampoliving.com\/wp-content\/uploads\/2022\/10\/vilebrequin4.jpg?resize=650%2C460&amp;ssl=1\" alt=\"vilebrequin\" class=\"wp-image-67374\" title=\"vilebrequin\" height=\"460\" width=\"650\"\/><\/figure>\n<\/div>\n\n\n<p>Cada colecci\u00f3n de Vilebrequin tiene una historia maravillosa. Esta es mi favorita.<\/p>\n\n\n\n<p>Con motivo de su cuarenta aniversario, la marca comenz\u00f3 a apoyar a la fundaci\u00f3n&nbsp;<a href=\"http:\/\/www.plantafish.org\/\">Siembra Un Pez (Plant A Fish)<\/a>&nbsp;para la conservaci\u00f3n de las Tortugas Marinas junto con Fabien Cousteau. Fabien es el nieto del conocido explorador del oc\u00e9ano Jacques Cousteau, y fundador de la iniciativa sin fines de lucro,&nbsp;<a href=\"http:\/\/www.plantafish.org\/\">Siembra Un Pez (Plant A Fish)<\/a>.<\/p>\n\n\n\n<p>Siembra Un Pez anima a \u201cdarle fuerza y educaci\u00f3n a las comunidades locales a trav\u00e9s de la acci\u00f3n de \u2018re-plantar\u2019 especies acuaticas de plantas y animales en ambientes que lo necesitan para hacer un impacto positivo. Nos asociamos con entidades que piensan como nosotros incluyendo escuelas, negocios, agencias del gobierno y otras fundaciones para restaurar nuestro planeta de agua\u201d<\/p>\n\n\n\n<p>Ahora Vilebrequin ha creado un producto nuevo y \u00fanico \u2013 la colecci\u00f3n \u201cSiembra Un Pez\u201d, por cada articulo vendido $10 euros son donados a la organizaci\u00f3n de Fabien, para ayudar a la conservaci\u00f3n de las Tortugas Marinas \u2013 el logo de la marca.<\/p>\n\n\n\n<p>Tres dise\u00f1os distintos que son parte de la colecci\u00f3n Siembra Un Pez&nbsp;est\u00e1n a la venta en la tienda&nbsp;Vilebrequin en la Marina Casa de Campo \u2013 y har\u00e1n una gran adici\u00f3n a tu guardarropas playero!<\/p>\n\n\n\n<p><em style=\"font-size: 13px;\"><strong>Vilebrequin<\/strong>&nbsp;es el ejemplo perfecto de que la responsabilidad social corporativa puede ser buena para los negocios y para la comunidad tambi\u00e9n.<\/em><\/p>\n\n\n\n<blockquote><p style=\"text-align: center;\"><strong>\u00a1Una de sus tiendas est\u00e1 en La Marina, Casa de Campo!<\/strong><\/p><figure><img decoding=\"async\" loading=\"lazy\" class=\"aligncenter\" title=\"vilebrequin\" src=\"https:\/\/i0.wp.com\/casadecampoliving.com\/wp-content\/uploads\/2022\/10\/vilebrequin2-2.jpg?resize=585%2C439&amp;ssl=1\" alt=\"\" width=\"585\" height=\"439\"><\/figure><p style=\"text-align: center;\"><\/p><p><strong>Vilebrequin<\/strong><\/p><p>Calle Barlovento, Marina Casa de Campo<\/p><p><span style=\"color: #000000;\"><strong>Abierto:<\/strong><\/span><\/p><p><span style=\"color: #000000;\">\u2022 Domingos \u2013 mi\u00e9rcoles, 10am \u2013 8pm<\/span><\/p><p><span style=\"color: #000000;\">\u2022 Viernes y S\u00e1bados, 10am \u2013 10pm<\/span><\/p><p><span style=\"color: #000000;\"><strong>Tel:<\/strong>&nbsp;(809) 523-3333 ext. 2837<\/span><\/p><\/blockquote>\n\n\n\n<blockquote><p><a href=\"https:\/\/casadecampoliving.com\/es\/2012\/10\/la-mision-de-un-hombre-para-rescatar-las-tortugas-marinas-de-la-isla-saona\/\"><strong>La misi\u00f3n de un hombre para rescatar las tortugas marinas de la isla Saona<\/strong><\/a><\/p><figure><img decoding=\"async\" loading=\"lazy\" class=\"aligncenter  wp-image-58820\" title=\"baby_turtle\" src=\"https:\/\/i0.wp.com\/casadecampoliving.com\/wp-content\/uploads\/2022\/10\/baby_turtle.jpg?resize=585%2C373&amp;ssl=1\" alt=\"baby turtle\" width=\"585\" height=\"373\"><\/figure><p style=\"text-align: center;\"><\/p><p>Las tortugas Carey y todas las tortugas marinas se encuentran en peligro de extinci\u00f3n en la Rep\u00fablica Dominicana \u2013 pero gracias a los incanzables esfuerzos de un humilde pescador de la isla Saona, el n\u00famero de estas bellas criaturas ha comenzado a incrementar poco a poco.<\/p><p><em><strong><a href=\"https:\/\/casadecampoliving.com\/es\/2012\/10\/la-mision-de-un-hombre-para-rescatar-las-tortugas-marinas-de-la-isla-saona\/\"><em><strong>\u00a1<\/strong><\/em>Haga click aqu\u00ed para ver la historia completa!<\/a><\/strong><\/em><\/p><\/blockquote>\n","protected":false},"excerpt":{"rendered":"<p>Cada colecci\u00f3n de Vilebrequin tiene una historia maravillosa. Esta es mi favorita. Con motivo de su cuarenta aniversario, la marca comenz\u00f3 a apoyar a la fundaci\u00f3n&nbsp;Siembra Un Pez (Plant A Fish)&nbsp;para la conservaci\u00f3n de las Tortugas Marinas junto con Fabien Cousteau. Fabien es el nieto del conocido explorador del oc\u00e9ano Jacques Cousteau, y fundador de [&hellip;]<\/p>\n","protected":false},"author":405,"featured_media":270567,"comment_status":"closed","ping_status":"closed","sticky":false,"template":"","format":"standard","meta":{"newspack_ads_suppress_ads":false,"newspack_popups_has_disabled_popups":false,"newspack_sponsor_sponsorship_scope":"","newspack_sponsor_native_byline_display":"inherit","newspack_sponsor_native_category_display":"inherit","newspack_sponsor_underwriter_style":"inherit","newspack_sponsor_underwriter_placement":"inherit","_newspack_byline_active":false,"_newspack_byline":"","newspack_hide_updated_date":false,"newspack_show_updated_date":false,"newspack_content_restriction_is_exempt":false,"newspack_featured_image_position":"","newspack_post_subtitle":"","newspack_article_summary_title":"Overview:","newspack_article_summary":"","_jetpack_memberships_contains_paid_content":false,"footnotes":"","jetpack_publicize_message":"","jetpack_publicize_feature_enabled":true,"jetpack_social_post_already_shared":false,"jetpack_social_options":{"image_generator_settings":{"template":"highway","default_image_id":0,"font":"","enabled":false},"version":2},"_wpas_customize_per_network":false},"categories":[2524,2514,14625,2526],"tags":[6173],"newspack_spnsrs_tax":[],"class_list":["post-340879","post","type-post","status-publish","format-standard","has-post-thumbnail","hentry","category-destacados","category-fundaciones-es","category-noticias-locales","category-titulares-es","tag-vilebrequin","entry"],"yoast_head":"<!-- This site is optimized with the Yoast SEO plugin v27.5 - https:\/\/yoast.com\/product\/yoast-seo-wordpress\/ -->\n<title>Vilebrequin: una obra de arte por una buena causa | Casa de Campo Living<\/title>\n<meta name=\"description\" content=\"Cada colecci\u00f3n de Vilebrequin tiene una historia maravillosa. Esta es mi favorita. Con motivo de su cuarenta aniversario, la marca comenz\u00f3 a apoyar a la\" \/>\n<meta name=\"robots\" content=\"index, follow, max-snippet:-1, max-image-preview:large, max-video-preview:-1\" \/>\n<link rel=\"canonical\" href=\"https:\/\/casadecampoliving.com\/es\/vilebrequin-una-obra-de-arte-por-una-buena-causa\/\" \/>\n<meta property=\"og:locale\" content=\"es_ES\" \/>\n<meta property=\"og:type\" content=\"article\" \/>\n<meta property=\"og:title\" content=\"Vilebrequin: una obra de arte por una buena causa | Casa de Campo Living\" \/>\n<meta property=\"og:description\" content=\"Cada colecci\u00f3n de Vilebrequin tiene una historia maravillosa. Esta es mi favorita. Con motivo de su cuarenta aniversario, la marca comenz\u00f3 a apoyar a la\" \/>\n<meta property=\"og:url\" content=\"https:\/\/casadecampoliving.com\/es\/vilebrequin-una-obra-de-arte-por-una-buena-causa\/\" \/>\n<meta property=\"og:site_name\" content=\"Casa de Campo Living\" \/>\n<meta property=\"article:publisher\" content=\"https:\/\/www.facebook.com\/casadecampoliving\" \/>\n<meta property=\"article:published_time\" content=\"2013-03-29T04:00:00+00:00\" \/>\n<meta property=\"article:modified_time\" content=\"2022-10-21T22:47:45+00:00\" \/>\n<meta property=\"og:image\" content=\"https:\/\/i0.wp.com\/casadecampoliving.com\/wp-content\/uploads\/2022\/10\/vilebrequin4-1.jpg?fit=650%2C460&ssl=1\" \/>\n\t<meta property=\"og:image:width\" content=\"650\" \/>\n\t<meta property=\"og:image:height\" content=\"460\" \/>\n\t<meta property=\"og:image:type\" content=\"image\/jpeg\" \/>\n<meta name=\"author\" content=\"Maria Batlle\" \/>\n<meta name=\"twitter:card\" content=\"summary_large_image\" \/>\n<meta name=\"twitter:creator\" content=\"@cdcliving\" \/>\n<meta name=\"twitter:site\" content=\"@cdcliving\" \/>\n<meta name=\"twitter:label1\" content=\"Escrito por\" \/>\n\t<meta name=\"twitter:data1\" content=\"Maria Batlle\" \/>\n\t<meta name=\"twitter:label2\" content=\"Tiempo de lectura\" \/>\n\t<meta name=\"twitter:data2\" content=\"2 minutos\" \/>\n<script type=\"application\/ld+json\" class=\"yoast-schema-graph\">{\"@context\":\"https:\\\/\\\/schema.org\",\"@graph\":[{\"@type\":\"Article\",\"@id\":\"https:\\\/\\\/casadecampoliving.com\\\/es\\\/vilebrequin-una-obra-de-arte-por-una-buena-causa\\\/#article\",\"isPartOf\":{\"@id\":\"https:\\\/\\\/casadecampoliving.com\\\/es\\\/vilebrequin-una-obra-de-arte-por-una-buena-causa\\\/\"},\"author\":{\"name\":\"Maria Batlle\",\"@id\":\"https:\\\/\\\/casadecampoliving.com\\\/es\\\/#\\\/schema\\\/person\\\/97b5cc882d48f09d632cfc4b0e5f3454\"},\"headline\":\"Vilebrequin: una obra de arte por una buena causa\",\"datePublished\":\"2013-03-29T04:00:00+00:00\",\"dateModified\":\"2022-10-21T22:47:45+00:00\",\"mainEntityOfPage\":{\"@id\":\"https:\\\/\\\/casadecampoliving.com\\\/es\\\/vilebrequin-una-obra-de-arte-por-una-buena-causa\\\/\"},\"wordCount\":361,\"publisher\":{\"@id\":\"https:\\\/\\\/casadecampoliving.com\\\/es\\\/#organization\"},\"image\":{\"@id\":\"https:\\\/\\\/casadecampoliving.com\\\/es\\\/vilebrequin-una-obra-de-arte-por-una-buena-causa\\\/#primaryimage\"},\"thumbnailUrl\":\"https:\\\/\\\/i0.wp.com\\\/casadecampoliving.com\\\/wp-content\\\/uploads\\\/2022\\\/10\\\/vilebrequin4-1.jpg?fit=650%2C460&ssl=1\",\"keywords\":[\"vilebrequin\"],\"articleSection\":[\"Destacados\",\"Fundaciones\",\"Noticias Locales\",\"Titulares\"],\"inLanguage\":\"es\"},{\"@type\":\"WebPage\",\"@id\":\"https:\\\/\\\/casadecampoliving.com\\\/es\\\/vilebrequin-una-obra-de-arte-por-una-buena-causa\\\/\",\"url\":\"https:\\\/\\\/casadecampoliving.com\\\/es\\\/vilebrequin-una-obra-de-arte-por-una-buena-causa\\\/\",\"name\":\"Vilebrequin: una obra de arte por una buena causa | Casa de Campo Living\",\"isPartOf\":{\"@id\":\"https:\\\/\\\/casadecampoliving.com\\\/es\\\/#website\"},\"primaryImageOfPage\":{\"@id\":\"https:\\\/\\\/casadecampoliving.com\\\/es\\\/vilebrequin-una-obra-de-arte-por-una-buena-causa\\\/#primaryimage\"},\"image\":{\"@id\":\"https:\\\/\\\/casadecampoliving.com\\\/es\\\/vilebrequin-una-obra-de-arte-por-una-buena-causa\\\/#primaryimage\"},\"thumbnailUrl\":\"https:\\\/\\\/i0.wp.com\\\/casadecampoliving.com\\\/wp-content\\\/uploads\\\/2022\\\/10\\\/vilebrequin4-1.jpg?fit=650%2C460&ssl=1\",\"datePublished\":\"2013-03-29T04:00:00+00:00\",\"dateModified\":\"2022-10-21T22:47:45+00:00\",\"description\":\"Cada colecci\u00f3n de Vilebrequin tiene una historia maravillosa. Esta es mi favorita. Con motivo de su cuarenta aniversario, la marca comenz\u00f3 a apoyar a la\",\"breadcrumb\":{\"@id\":\"https:\\\/\\\/casadecampoliving.com\\\/es\\\/vilebrequin-una-obra-de-arte-por-una-buena-causa\\\/#breadcrumb\"},\"inLanguage\":\"es\",\"potentialAction\":[{\"@type\":\"ReadAction\",\"target\":[\"https:\\\/\\\/casadecampoliving.com\\\/es\\\/vilebrequin-una-obra-de-arte-por-una-buena-causa\\\/\"]}]},{\"@type\":\"ImageObject\",\"inLanguage\":\"es\",\"@id\":\"https:\\\/\\\/casadecampoliving.com\\\/es\\\/vilebrequin-una-obra-de-arte-por-una-buena-causa\\\/#primaryimage\",\"url\":\"https:\\\/\\\/i0.wp.com\\\/casadecampoliving.com\\\/wp-content\\\/uploads\\\/2022\\\/10\\\/vilebrequin4-1.jpg?fit=650%2C460&ssl=1\",\"contentUrl\":\"https:\\\/\\\/i0.wp.com\\\/casadecampoliving.com\\\/wp-content\\\/uploads\\\/2022\\\/10\\\/vilebrequin4-1.jpg?fit=650%2C460&ssl=1\",\"width\":650,\"height\":460,\"caption\":\"vilebrequin\"},{\"@type\":\"BreadcrumbList\",\"@id\":\"https:\\\/\\\/casadecampoliving.com\\\/es\\\/vilebrequin-una-obra-de-arte-por-una-buena-causa\\\/#breadcrumb\",\"itemListElement\":[{\"@type\":\"ListItem\",\"position\":1,\"name\":\"Home\",\"item\":\"https:\\\/\\\/casadecampoliving.com\\\/es\\\/\"},{\"@type\":\"ListItem\",\"position\":2,\"name\":\"Vilebrequin: una obra de arte por una buena causa\"}]},{\"@type\":\"WebSite\",\"@id\":\"https:\\\/\\\/casadecampoliving.com\\\/es\\\/#website\",\"url\":\"https:\\\/\\\/casadecampoliving.com\\\/es\\\/\",\"name\":\"Casa de Campo Living\",\"description\":\"Resort community news and resources.\",\"publisher\":{\"@id\":\"https:\\\/\\\/casadecampoliving.com\\\/es\\\/#organization\"},\"potentialAction\":[{\"@type\":\"SearchAction\",\"target\":{\"@type\":\"EntryPoint\",\"urlTemplate\":\"https:\\\/\\\/casadecampoliving.com\\\/es\\\/?s={search_term_string}\"},\"query-input\":{\"@type\":\"PropertyValueSpecification\",\"valueRequired\":true,\"valueName\":\"search_term_string\"}}],\"inLanguage\":\"es\"},{\"@type\":\"Organization\",\"@id\":\"https:\\\/\\\/casadecampoliving.com\\\/es\\\/#organization\",\"name\":\"Casa de Campo Living\",\"url\":\"https:\\\/\\\/casadecampoliving.com\\\/es\\\/\",\"logo\":{\"@type\":\"ImageObject\",\"inLanguage\":\"es\",\"@id\":\"https:\\\/\\\/casadecampoliving.com\\\/es\\\/#\\\/schema\\\/logo\\\/image\\\/\",\"url\":\"https:\\\/\\\/i0.wp.com\\\/casadecampoliving.com\\\/wp-content\\\/uploads\\\/2022\\\/07\\\/CDCLivingLogo_V1-white-sized.png?fit=800%2C214&ssl=1\",\"contentUrl\":\"https:\\\/\\\/i0.wp.com\\\/casadecampoliving.com\\\/wp-content\\\/uploads\\\/2022\\\/07\\\/CDCLivingLogo_V1-white-sized.png?fit=800%2C214&ssl=1\",\"width\":800,\"height\":214,\"caption\":\"Casa de Campo Living\"},\"image\":{\"@id\":\"https:\\\/\\\/casadecampoliving.com\\\/es\\\/#\\\/schema\\\/logo\\\/image\\\/\"},\"sameAs\":[\"https:\\\/\\\/www.facebook.com\\\/casadecampoliving\",\"https:\\\/\\\/x.com\\\/cdcliving\"]},{\"@type\":\"Person\",\"@id\":\"https:\\\/\\\/casadecampoliving.com\\\/es\\\/#\\\/schema\\\/person\\\/97b5cc882d48f09d632cfc4b0e5f3454\",\"name\":\"Maria Batlle\",\"image\":{\"@type\":\"ImageObject\",\"inLanguage\":\"es\",\"@id\":\"https:\\\/\\\/secure.gravatar.com\\\/avatar\\\/6ba3f3d5934a2eb8d0d436108de90f364c11c1baf1db2a6fdd6b50a0c91479ce?s=96&d=mm&r=g\",\"url\":\"https:\\\/\\\/secure.gravatar.com\\\/avatar\\\/6ba3f3d5934a2eb8d0d436108de90f364c11c1baf1db2a6fdd6b50a0c91479ce?s=96&d=mm&r=g\",\"contentUrl\":\"https:\\\/\\\/secure.gravatar.com\\\/avatar\\\/6ba3f3d5934a2eb8d0d436108de90f364c11c1baf1db2a6fdd6b50a0c91479ce?s=96&d=mm&r=g\",\"caption\":\"Maria Batlle\"},\"sameAs\":[\"http:\\\/\\\/www.silgon.net\"],\"url\":\"https:\\\/\\\/casadecampoliving.com\\\/es\\\/author\\\/mbatlle\\\/\"}]}<\/script>\n<!-- \/ Yoast SEO plugin. -->","yoast_head_json":{"title":"Vilebrequin: una obra de arte por una buena causa | Casa de Campo Living","description":"Cada colecci\u00f3n de Vilebrequin tiene una historia maravillosa. Esta es mi favorita. Con motivo de su cuarenta aniversario, la marca comenz\u00f3 a apoyar a la","robots":{"index":"index","follow":"follow","max-snippet":"max-snippet:-1","max-image-preview":"max-image-preview:large","max-video-preview":"max-video-preview:-1"},"canonical":"https:\/\/casadecampoliving.com\/es\/vilebrequin-una-obra-de-arte-por-una-buena-causa\/","og_locale":"es_ES","og_type":"article","og_title":"Vilebrequin: una obra de arte por una buena causa | Casa de Campo Living","og_description":"Cada colecci\u00f3n de Vilebrequin tiene una historia maravillosa. Esta es mi favorita. Con motivo de su cuarenta aniversario, la marca comenz\u00f3 a apoyar a la","og_url":"https:\/\/casadecampoliving.com\/es\/vilebrequin-una-obra-de-arte-por-una-buena-causa\/","og_site_name":"Casa de Campo Living","article_publisher":"https:\/\/www.facebook.com\/casadecampoliving","article_published_time":"2013-03-29T04:00:00+00:00","article_modified_time":"2022-10-21T22:47:45+00:00","og_image":[{"width":650,"height":460,"url":"https:\/\/i0.wp.com\/casadecampoliving.com\/wp-content\/uploads\/2022\/10\/vilebrequin4-1.jpg?fit=650%2C460&ssl=1","type":"image\/jpeg"}],"author":"Maria Batlle","twitter_card":"summary_large_image","twitter_creator":"@cdcliving","twitter_site":"@cdcliving","twitter_misc":{"Escrito por":"Maria Batlle","Tiempo de lectura":"2 minutos"},"schema":{"@context":"https:\/\/schema.org","@graph":[{"@type":"Article","@id":"https:\/\/casadecampoliving.com\/es\/vilebrequin-una-obra-de-arte-por-una-buena-causa\/#article","isPartOf":{"@id":"https:\/\/casadecampoliving.com\/es\/vilebrequin-una-obra-de-arte-por-una-buena-causa\/"},"author":{"name":"Maria Batlle","@id":"https:\/\/casadecampoliving.com\/es\/#\/schema\/person\/97b5cc882d48f09d632cfc4b0e5f3454"},"headline":"Vilebrequin: una obra de arte por una buena causa","datePublished":"2013-03-29T04:00:00+00:00","dateModified":"2022-10-21T22:47:45+00:00","mainEntityOfPage":{"@id":"https:\/\/casadecampoliving.com\/es\/vilebrequin-una-obra-de-arte-por-una-buena-causa\/"},"wordCount":361,"publisher":{"@id":"https:\/\/casadecampoliving.com\/es\/#organization"},"image":{"@id":"https:\/\/casadecampoliving.com\/es\/vilebrequin-una-obra-de-arte-por-una-buena-causa\/#primaryimage"},"thumbnailUrl":"https:\/\/i0.wp.com\/casadecampoliving.com\/wp-content\/uploads\/2022\/10\/vilebrequin4-1.jpg?fit=650%2C460&ssl=1","keywords":["vilebrequin"],"articleSection":["Destacados","Fundaciones","Noticias Locales","Titulares"],"inLanguage":"es"},{"@type":"WebPage","@id":"https:\/\/casadecampoliving.com\/es\/vilebrequin-una-obra-de-arte-por-una-buena-causa\/","url":"https:\/\/casadecampoliving.com\/es\/vilebrequin-una-obra-de-arte-por-una-buena-causa\/","name":"Vilebrequin: una obra de arte por una buena causa | Casa de Campo Living","isPartOf":{"@id":"https:\/\/casadecampoliving.com\/es\/#website"},"primaryImageOfPage":{"@id":"https:\/\/casadecampoliving.com\/es\/vilebrequin-una-obra-de-arte-por-una-buena-causa\/#primaryimage"},"image":{"@id":"https:\/\/casadecampoliving.com\/es\/vilebrequin-una-obra-de-arte-por-una-buena-causa\/#primaryimage"},"thumbnailUrl":"https:\/\/i0.wp.com\/casadecampoliving.com\/wp-content\/uploads\/2022\/10\/vilebrequin4-1.jpg?fit=650%2C460&ssl=1","datePublished":"2013-03-29T04:00:00+00:00","dateModified":"2022-10-21T22:47:45+00:00","description":"Cada colecci\u00f3n de Vilebrequin tiene una historia maravillosa. Esta es mi favorita. Con motivo de su cuarenta aniversario, la marca comenz\u00f3 a apoyar a la","breadcrumb":{"@id":"https:\/\/casadecampoliving.com\/es\/vilebrequin-una-obra-de-arte-por-una-buena-causa\/#breadcrumb"},"inLanguage":"es","potentialAction":[{"@type":"ReadAction","target":["https:\/\/casadecampoliving.com\/es\/vilebrequin-una-obra-de-arte-por-una-buena-causa\/"]}]},{"@type":"ImageObject","inLanguage":"es","@id":"https:\/\/casadecampoliving.com\/es\/vilebrequin-una-obra-de-arte-por-una-buena-causa\/#primaryimage","url":"https:\/\/i0.wp.com\/casadecampoliving.com\/wp-content\/uploads\/2022\/10\/vilebrequin4-1.jpg?fit=650%2C460&ssl=1","contentUrl":"https:\/\/i0.wp.com\/casadecampoliving.com\/wp-content\/uploads\/2022\/10\/vilebrequin4-1.jpg?fit=650%2C460&ssl=1","width":650,"height":460,"caption":"vilebrequin"},{"@type":"BreadcrumbList","@id":"https:\/\/casadecampoliving.com\/es\/vilebrequin-una-obra-de-arte-por-una-buena-causa\/#breadcrumb","itemListElement":[{"@type":"ListItem","position":1,"name":"Home","item":"https:\/\/casadecampoliving.com\/es\/"},{"@type":"ListItem","position":2,"name":"Vilebrequin: una obra de arte por una buena causa"}]},{"@type":"WebSite","@id":"https:\/\/casadecampoliving.com\/es\/#website","url":"https:\/\/casadecampoliving.com\/es\/","name":"Casa de Campo Living","description":"Resort community news and resources.","publisher":{"@id":"https:\/\/casadecampoliving.com\/es\/#organization"},"potentialAction":[{"@type":"SearchAction","target":{"@type":"EntryPoint","urlTemplate":"https:\/\/casadecampoliving.com\/es\/?s={search_term_string}"},"query-input":{"@type":"PropertyValueSpecification","valueRequired":true,"valueName":"search_term_string"}}],"inLanguage":"es"},{"@type":"Organization","@id":"https:\/\/casadecampoliving.com\/es\/#organization","name":"Casa de Campo Living","url":"https:\/\/casadecampoliving.com\/es\/","logo":{"@type":"ImageObject","inLanguage":"es","@id":"https:\/\/casadecampoliving.com\/es\/#\/schema\/logo\/image\/","url":"https:\/\/i0.wp.com\/casadecampoliving.com\/wp-content\/uploads\/2022\/07\/CDCLivingLogo_V1-white-sized.png?fit=800%2C214&ssl=1","contentUrl":"https:\/\/i0.wp.com\/casadecampoliving.com\/wp-content\/uploads\/2022\/07\/CDCLivingLogo_V1-white-sized.png?fit=800%2C214&ssl=1","width":800,"height":214,"caption":"Casa de Campo Living"},"image":{"@id":"https:\/\/casadecampoliving.com\/es\/#\/schema\/logo\/image\/"},"sameAs":["https:\/\/www.facebook.com\/casadecampoliving","https:\/\/x.com\/cdcliving"]},{"@type":"Person","@id":"https:\/\/casadecampoliving.com\/es\/#\/schema\/person\/97b5cc882d48f09d632cfc4b0e5f3454","name":"Maria Batlle","image":{"@type":"ImageObject","inLanguage":"es","@id":"https:\/\/secure.gravatar.com\/avatar\/6ba3f3d5934a2eb8d0d436108de90f364c11c1baf1db2a6fdd6b50a0c91479ce?s=96&d=mm&r=g","url":"https:\/\/secure.gravatar.com\/avatar\/6ba3f3d5934a2eb8d0d436108de90f364c11c1baf1db2a6fdd6b50a0c91479ce?s=96&d=mm&r=g","contentUrl":"https:\/\/secure.gravatar.com\/avatar\/6ba3f3d5934a2eb8d0d436108de90f364c11c1baf1db2a6fdd6b50a0c91479ce?s=96&d=mm&r=g","caption":"Maria Batlle"},"sameAs":["http:\/\/www.silgon.net"],"url":"https:\/\/casadecampoliving.com\/es\/author\/mbatlle\/"}]}},"parsely":{"version":"1.1.0","canonical_url":"https:\/\/casadecampoliving.com\/es\/vilebrequin-una-obra-de-arte-por-una-buena-causa\/","smart_links":{"inbound":0,"outbound":0},"traffic_boost_suggestions_count":0,"meta":{"@context":"https:\/\/schema.org","@type":"NewsArticle","headline":"Vilebrequin: una obra de arte por una buena causa","url":"http:\/\/casadecampoliving.com\/es\/vilebrequin-una-obra-de-arte-por-una-buena-causa\/","mainEntityOfPage":{"@type":"WebPage","@id":"http:\/\/casadecampoliving.com\/es\/vilebrequin-una-obra-de-arte-por-una-buena-causa\/"},"thumbnailUrl":"https:\/\/i0.wp.com\/casadecampoliving.com\/wp-content\/uploads\/2022\/10\/vilebrequin4-1.jpg?resize=150%2C150&ssl=1","image":{"@type":"ImageObject","url":"https:\/\/i0.wp.com\/casadecampoliving.com\/wp-content\/uploads\/2022\/10\/vilebrequin4-1.jpg?fit=650%2C460&ssl=1"},"articleSection":"Destacados","author":[{"@type":"Person","name":"Maria Batlle"}],"creator":["Maria Batlle"],"publisher":{"@type":"Organization","name":"Casa de Campo Living","logo":"https:\/\/casadecampoliving.com\/wp-content\/uploads\/2022\/07\/CDCLivingLogo_V1-white-sized.png"},"keywords":["vilebrequin"],"dateCreated":"2013-03-29T04:00:00Z","datePublished":"2013-03-29T04:00:00Z","dateModified":"2022-10-21T22:47:45Z"},"rendered":"<script type=\"application\/ld+json\" class=\"wp-parsely-metadata\">{\"@context\":\"https:\\\/\\\/schema.org\",\"@type\":\"NewsArticle\",\"headline\":\"Vilebrequin: una obra de arte por una buena causa\",\"url\":\"http:\\\/\\\/casadecampoliving.com\\\/es\\\/vilebrequin-una-obra-de-arte-por-una-buena-causa\\\/\",\"mainEntityOfPage\":{\"@type\":\"WebPage\",\"@id\":\"http:\\\/\\\/casadecampoliving.com\\\/es\\\/vilebrequin-una-obra-de-arte-por-una-buena-causa\\\/\"},\"thumbnailUrl\":\"https:\\\/\\\/i0.wp.com\\\/casadecampoliving.com\\\/wp-content\\\/uploads\\\/2022\\\/10\\\/vilebrequin4-1.jpg?resize=150%2C150&ssl=1\",\"image\":{\"@type\":\"ImageObject\",\"url\":\"https:\\\/\\\/i0.wp.com\\\/casadecampoliving.com\\\/wp-content\\\/uploads\\\/2022\\\/10\\\/vilebrequin4-1.jpg?fit=650%2C460&ssl=1\"},\"articleSection\":\"Destacados\",\"author\":[{\"@type\":\"Person\",\"name\":\"Maria Batlle\"}],\"creator\":[\"Maria Batlle\"],\"publisher\":{\"@type\":\"Organization\",\"name\":\"Casa de Campo Living\",\"logo\":\"https:\\\/\\\/casadecampoliving.com\\\/wp-content\\\/uploads\\\/2022\\\/07\\\/CDCLivingLogo_V1-white-sized.png\"},\"keywords\":[\"vilebrequin\"],\"dateCreated\":\"2013-03-29T04:00:00Z\",\"datePublished\":\"2013-03-29T04:00:00Z\",\"dateModified\":\"2022-10-21T22:47:45Z\"}<\/script>","tracker_url":"https:\/\/cdn.parsely.com\/keys\/casadecampoliving.com\/p.js"},"jetpack_publicize_connections":[],"jetpack_featured_media_url":"https:\/\/i0.wp.com\/casadecampoliving.com\/wp-content\/uploads\/2022\/10\/vilebrequin4-1.jpg?fit=650%2C460&ssl=1","jetpack-related-posts":[{"id":322149,"url":"https:\/\/casadecampoliving.com\/vilebrequin-a-work-of-art-for-a-good-cause\/","url_meta":{"origin":340879,"position":0},"title":"Vilebrequin: A work of art for a good cause","author":"Maria Batlle","date":"29 Mar, 2013","format":false,"excerpt":"Each Vilebrequin Collection comes with a wonderful story to tell. This is my favorite one. For the 40th year anniversary of the brand, they decided to support the Plant A Fish foundation for Sea Turtle Restoration along with Fabien Cousteau. Fabien is the\u00a0grandson of noted ocean explorer Jacques Cousteau, and\u2026","rel":"","context":"En \u00abArt and Culture\u00bb","block_context":{"text":"Art and Culture","link":"https:\/\/casadecampoliving.com\/category\/art-and-culture\/"},"img":{"alt_text":"vilebrequin","src":"https:\/\/i0.wp.com\/casadecampoliving.com\/wp-content\/uploads\/2022\/10\/vilebrequin4-1.jpg?fit=650%2C460&ssl=1&resize=350%2C200","width":350,"height":200,"srcset":"https:\/\/i0.wp.com\/casadecampoliving.com\/wp-content\/uploads\/2022\/10\/vilebrequin4-1.jpg?fit=650%2C460&ssl=1&resize=350%2C200 1x, https:\/\/i0.wp.com\/casadecampoliving.com\/wp-content\/uploads\/2022\/10\/vilebrequin4-1.jpg?fit=650%2C460&ssl=1&resize=525%2C300 1.5x"},"classes":[]},{"id":343142,"url":"https:\/\/casadecampoliving.com\/es\/captura-de-pez-leon-en-bayahibe\/","url_meta":{"origin":340879,"position":1},"title":"\u00a1Captura de Pez Le\u00f3n en Bayahibe!","author":"Genesis Perdomo","date":"26 Oct, 2013","format":false,"excerpt":"El pasado S\u00e1bado 20 de octubre, la segunda edici\u00f3n del Torneo de Pez le\u00f3n, una vez m\u00e1s celebrada en La Romana, en la comunidad de Bayahibe fue un d\u00eda intenso de pesca con un solo prop\u00f3sito: capturar la mayor cantidad de peces le\u00f3n. Al final de la tarde un total\u2026","rel":"","context":"En \u00abEstilo de Vida\u00bb","block_context":{"text":"Estilo de Vida","link":"https:\/\/casadecampoliving.com\/es\/category\/estilo-de-vida\/"},"img":{"alt_text":"Lionfish Tournament","src":"https:\/\/i0.wp.com\/casadecampoliving.com\/wp-content\/uploads\/2022\/10\/lionfish_tournament-1.jpg?fit=1200%2C684&ssl=1&resize=350%2C200","width":350,"height":200,"srcset":"https:\/\/i0.wp.com\/casadecampoliving.com\/wp-content\/uploads\/2022\/10\/lionfish_tournament-1.jpg?fit=1200%2C684&ssl=1&resize=350%2C200 1x, https:\/\/i0.wp.com\/casadecampoliving.com\/wp-content\/uploads\/2022\/10\/lionfish_tournament-1.jpg?fit=1200%2C684&ssl=1&resize=525%2C300 1.5x, https:\/\/i0.wp.com\/casadecampoliving.com\/wp-content\/uploads\/2022\/10\/lionfish_tournament-1.jpg?fit=1200%2C684&ssl=1&resize=700%2C400 2x, https:\/\/i0.wp.com\/casadecampoliving.com\/wp-content\/uploads\/2022\/10\/lionfish_tournament-1.jpg?fit=1200%2C684&ssl=1&resize=1050%2C600 3x"},"classes":[]},{"id":346505,"url":"https:\/\/casadecampoliving.com\/es\/3er-torneo-anual-de-pesca-del-pez-leon-control-de-una-especie-invasora\/","url_meta":{"origin":340879,"position":2},"title":"3er Torneo anual de pesca del pez le\u00f3n (control de una especie invasora)","author":"Rebecca Silvestri","date":"11 Ene, 2015","format":false,"excerpt":"El s\u00e1bado 13 de diciembre, tuvo lugar el tercer torneo de pesca del pez le\u00f3n, por la Fundaci\u00f3n Dominicana de Estudios Marinos (FUNDEMAR) con el apoyo de los patrocinadores, la comunidad de Bayahibe, la Asociaci\u00f3n de Hoteles y el Cl\u00faster tur\u00edstico Romana-Bayahibe. Como en los torneos anteriores, el evento se\u2026","rel":"","context":"En \u00abEstilo de Vida\u00bb","block_context":{"text":"Estilo de Vida","link":"https:\/\/casadecampoliving.com\/es\/category\/estilo-de-vida\/"},"img":{"alt_text":"","src":"https:\/\/i0.wp.com\/casadecampoliving.com\/wp-content\/uploads\/2022\/10\/tercer_torneo_pesca_pez_leon_3-1.jpg?fit=640%2C360&ssl=1&resize=350%2C200","width":350,"height":200,"srcset":"https:\/\/i0.wp.com\/casadecampoliving.com\/wp-content\/uploads\/2022\/10\/tercer_torneo_pesca_pez_leon_3-1.jpg?fit=640%2C360&ssl=1&resize=350%2C200 1x, https:\/\/i0.wp.com\/casadecampoliving.com\/wp-content\/uploads\/2022\/10\/tercer_torneo_pesca_pez_leon_3-1.jpg?fit=640%2C360&ssl=1&resize=525%2C300 1.5x"},"classes":[]},{"id":343002,"url":"https:\/\/casadecampoliving.com\/es\/2do-torneo-de-pez-leon-en-bayahibe-oct-20\/","url_meta":{"origin":340879,"position":3},"title":"2do Torneo de Pez Leon en Bayahibe &#8211; oct. 20","author":"Rebecca Silvestri","date":"2 Oct, 2013","format":false,"excerpt":"El Domingo 20 de Octubre, la \u201cFundaci\u00f3n Dominicana de Estudios Marinos\u201d, FUNDEMAR, con el apoyo del Cl\u00faster tur\u00edstico y la Asociaci\u00f3n de Hoteles Romana-Bayahibe, celebrar\u00e1n el 2do Torneo de pesca de Pez Le\u00f3n, con el objetivo de capturar masivamente esta especie, promover su consumo y dar a conocer la amenaza\u2026","rel":"","context":"En \u00abDestacados\u00bb","block_context":{"text":"Destacados","link":"https:\/\/casadecampoliving.com\/es\/category\/destacados\/"},"img":{"alt_text":"Lionfish hunting","src":"https:\/\/i0.wp.com\/casadecampoliving.com\/wp-content\/uploads\/2022\/10\/lionfish_hunting-1.jpg?fit=650%2C414&ssl=1&resize=350%2C200","width":350,"height":200,"srcset":"https:\/\/i0.wp.com\/casadecampoliving.com\/wp-content\/uploads\/2022\/10\/lionfish_hunting-1.jpg?fit=650%2C414&ssl=1&resize=350%2C200 1x, https:\/\/i0.wp.com\/casadecampoliving.com\/wp-content\/uploads\/2022\/10\/lionfish_hunting-1.jpg?fit=650%2C414&ssl=1&resize=525%2C300 1.5x"},"classes":[]},{"id":345942,"url":"https:\/\/casadecampoliving.com\/es\/reserve-la-cita-3er-torneo-anual-de-pesca-de-pez-leon\/","url_meta":{"origin":340879,"position":4},"title":"Reserve la fecha: 3er torneo anual de pesca de Pez Le\u00f3n","author":"Rebecca Hughes","date":"14 Nov, 2014","format":false,"excerpt":"\u00a1Reserve la fecha! Apoye el 3er Torneo Anual de Pesca de Pez Le\u00f3n de Fundemar el 13 de diciembre, y \u00a1detenga la propagaci\u00f3n de esta invasiva especie de pez! Cada a\u00f1o, Fundemar se reune con restaurantes locales, tiendas de buceo, y pescadores con el objetivo de organizar y realizar una\u2026","rel":"","context":"En \u00abCasa de Campo Living @es\u00bb","block_context":{"text":"Casa de Campo Living @es","link":"https:\/\/casadecampoliving.com\/category\/casa-de-campo-living-es\/"},"img":{"alt_text":"","src":"https:\/\/i0.wp.com\/casadecampoliving.com\/wp-content\/uploads\/2022\/10\/lion-fish-2.jpg?fit=800%2C600&ssl=1&resize=350%2C200","width":350,"height":200,"srcset":"https:\/\/i0.wp.com\/casadecampoliving.com\/wp-content\/uploads\/2022\/10\/lion-fish-2.jpg?fit=800%2C600&ssl=1&resize=350%2C200 1x, https:\/\/i0.wp.com\/casadecampoliving.com\/wp-content\/uploads\/2022\/10\/lion-fish-2.jpg?fit=800%2C600&ssl=1&resize=525%2C300 1.5x, https:\/\/i0.wp.com\/casadecampoliving.com\/wp-content\/uploads\/2022\/10\/lion-fish-2.jpg?fit=800%2C600&ssl=1&resize=700%2C400 2x"},"classes":[]},{"id":340293,"url":"https:\/\/casadecampoliving.com\/es\/1er-torneo-de-pesca-del-pez-leon-un-delicioso-exito\/","url_meta":{"origin":340879,"position":5},"title":"1er Torneo de Pesca del Pez Le\u00f3n: un delicioso \u00e9xito!","author":"lperdomo","date":"16 Dic, 2012","format":false,"excerpt":"Domingo 2 de Diciembre del 2012 fue el d\u00eda elegido para el primer torneo anual de Pez Le\u00f3n, \u00a0patrocinado por Fundemar y el Cl\u00faster Tur\u00edstico y la Asociaci\u00f3n de Hoteles La Romana Bayahibe. Una espectacular concurrecia de pesqueros locales, empresas, colaboradores y residentes formaron parte de la escena de un\u2026","rel":"","context":"En \u00abEstilo de Vida\u00bb","block_context":{"text":"Estilo de Vida","link":"https:\/\/casadecampoliving.com\/es\/category\/estilo-de-vida\/"},"img":{"alt_text":"","src":"https:\/\/i0.wp.com\/casadecampoliving.com\/wp-content\/uploads\/2022\/10\/lionfish-5.jpg?fit=620%2C349&ssl=1&resize=350%2C200","width":350,"height":200,"srcset":"https:\/\/i0.wp.com\/casadecampoliving.com\/wp-content\/uploads\/2022\/10\/lionfish-5.jpg?fit=620%2C349&ssl=1&resize=350%2C200 1x, https:\/\/i0.wp.com\/casadecampoliving.com\/wp-content\/uploads\/2022\/10\/lionfish-5.jpg?fit=620%2C349&ssl=1&resize=525%2C300 1.5x"},"classes":[]}],"jetpack_sharing_enabled":true,"_links":{"self":[{"href":"https:\/\/casadecampoliving.com\/es\/wp-json\/wp\/v2\/posts\/340879","targetHints":{"allow":["GET"]}}],"collection":[{"href":"https:\/\/casadecampoliving.com\/es\/wp-json\/wp\/v2\/posts"}],"about":[{"href":"https:\/\/casadecampoliving.com\/es\/wp-json\/wp\/v2\/types\/post"}],"author":[{"embeddable":true,"href":"https:\/\/casadecampoliving.com\/es\/wp-json\/wp\/v2\/users\/405"}],"replies":[{"embeddable":true,"href":"https:\/\/casadecampoliving.com\/es\/wp-json\/wp\/v2\/comments?post=340879"}],"version-history":[{"count":1,"href":"https:\/\/casadecampoliving.com\/es\/wp-json\/wp\/v2\/posts\/340879\/revisions"}],"predecessor-version":[{"id":340882,"href":"https:\/\/casadecampoliving.com\/es\/wp-json\/wp\/v2\/posts\/340879\/revisions\/340882"}],"wp:featuredmedia":[{"embeddable":true,"href":"https:\/\/casadecampoliving.com\/es\/wp-json\/wp\/v2\/media\/270567"}],"wp:attachment":[{"href":"https:\/\/casadecampoliving.com\/es\/wp-json\/wp\/v2\/media?parent=340879"}],"wp:term":[{"taxonomy":"category","embeddable":true,"href":"https:\/\/casadecampoliving.com\/es\/wp-json\/wp\/v2\/categories?post=340879"},{"taxonomy":"post_tag","embeddable":true,"href":"https:\/\/casadecampoliving.com\/es\/wp-json\/wp\/v2\/tags?post=340879"},{"taxonomy":"newspack_spnsrs_tax","embeddable":true,"href":"https:\/\/casadecampoliving.com\/es\/wp-json\/wp\/v2\/newspack_spnsrs_tax?post=340879"}],"curies":[{"name":"wp","href":"https:\/\/api.w.org\/{rel}","templated":true}]}}