{"id":340751,"date":"2013-03-06T00:00:00","date_gmt":"2013-03-06T04:00:00","guid":{"rendered":"https:\/\/casadecampoliving.com\/jeanette-martinez-lima-organiza-un-encantador-cafe-de-la-leche-en-el-dye-fore\/"},"modified":"2022-11-10T10:31:53","modified_gmt":"2022-11-10T14:31:53","slug":"jeanette-martinez-lima-organiza-un-encantador-cafe-de-la-leche-en-el-dye-fore","status":"publish","type":"post","link":"https:\/\/casadecampoliving.com\/es\/jeanette-martinez-lima-organiza-un-encantador-cafe-de-la-leche-en-el-dye-fore\/","title":{"rendered":"\u00a1Jeanette Mart\u00ednez Lima organiza un encantador Caf\u00e9 de la Leche en el Dye Fore!"},"content":{"rendered":"<img data-recalc-dims=\"1\" loading=\"lazy\" decoding=\"async\" class=\"aligncenter size-full wp-image-66267\" title=\"jeanette_martinez_lima\" src=\"https:\/\/i0.wp.com\/casadecampoliving.com\/wp-content\/uploads\/2022\/10\/jeanette_martinez_lima.jpg?resize=650%2C370&#038;ssl=1\" alt=\"jeanette martinez lima\" width=\"650\" height=\"370\" \/>El pasado viernes 1 de marzo de 2013, Jeanette Mart\u00ednez Lima organiz\u00f3 un maravilloso Caf\u00e9 de la Leche en la terraza del Dye Fore &#8211; literalmente, con una espectacular vista al Dye Fore!\n\n&nbsp;\n\nDesde las 5pm, luego de un \u00e1rduo d\u00eda de trabajo, de estar en los campos de golf o en el spa, las damas de la comunidad de Casa de Campo, de todas las edades, se reunieron en la terraza del Dye Fore, personalmente mi punto favorito de todo el resort de Casa de Campo. Con su hermosa vista del campo de golf Dye Fore y del r\u00edo Chav\u00f3n, fue destacado el florecimiento de las trinitarias que no pod\u00edan estar m\u00e1s hermosas. Con toda la raz\u00f3n del mundo fue, desde luego, el punto central de la conversaci\u00f3n, con las personas exclamando \u00abqu\u00e9 lindo\u00bb, \u00abqu\u00e9 lugar tan hermoso\u00bb!\n<blockquote><img data-recalc-dims=\"1\" loading=\"lazy\" decoding=\"async\" class=\"alignright size-full wp-image-66268\" style=\"margin-left: 15px; margin-right: 15px;\" title=\"jeanette_martinez_lima\" src=\"https:\/\/i0.wp.com\/casadecampoliving.com\/wp-content\/uploads\/2022\/10\/jeanette_martinez_lima1.jpg?resize=250%2C301&#038;ssl=1\" alt=\"jeanette martinez lima\" width=\"250\" height=\"301\" \/><em><strong>\u00abEs un lugar tan hermoso, siempre he querido organizar un evento aqu\u00ed\u00bb<\/strong><\/em>\n<p style=\"padding-left: 30px;\">&#8212;\u00a0Jeanette Mart\u00ednez Lima<\/p>\n<\/blockquote>\nEntre los invitados, estuvo Raquel Lima, nuera de Jeannette, acompa\u00f1ada de sus dos peque\u00f1as y su madre.\n\nDespu\u00e9s de unas rondas de sangr\u00eda y caf\u00e9 frozen, el buffet fue servido y los invitados disfrutaron de una selecci\u00f3n de bocadillos mientras se pon\u00eda el sol.\n\nFue otra exitosa ocasi\u00f3n y una muy especial, ya que fue el 48vo cumplea\u00f1os de Erika Vilain! Felicidades Erika! Erika, hija de Xiomara Men\u00e9ndez, fundadora del Hogar del Ni\u00f1o, asisti\u00f3 al evento mostrando con orgullo su nuevo collar \u00abLos Ni\u00f1os\u00bb; una hermosa r\u00e9plica del logo del Hogar del Ni\u00f1o elaborado en plata y zirconia c\u00fabico por Clarlin Rivera &#8211; un regalo de su hermana, Xiomarita Matos, comprado en <a href=\"https:\/\/casadecampoliving.com\/es\/2013\/03\/celebrando-en-la-arena-con-el-hogar-del-nino-en-la-mejor-fiesta-playera\/\">la fiesta playera del Hogar del Ni\u00f1o! <\/a>\n<p style=\"text-align: center;\"><strong>Feliz Cumplea\u00f1os Erika!<\/strong>\n<img data-recalc-dims=\"1\" loading=\"lazy\" decoding=\"async\" class=\"aligncenter size-full wp-image-66270\" title=\"erika_vilain\" src=\"https:\/\/i0.wp.com\/casadecampoliving.com\/wp-content\/uploads\/2022\/10\/erika_villain-8.jpg?resize=650%2C332&#038;ssl=1\" alt=\"erika vilain\" width=\"650\" height=\"332\" \/><\/p>\n<p style=\"text-align: left;\">La siguiente es una hermosa colecci\u00f3n de im\u00e1genes tomada en el Caf\u00e9 de la Leche organizado por Jeanette Mart\u00ednez Lima el viernes 1 de marzo de la terraza del Dye Fore:\u00a0 <strong>\n<figure class=\"wp-block-gallery has-nested-images columns-default is-cropped wp-block-gallery-1 is-layout-flex wp-block-gallery-is-layout-flex\">\n<figure class=\"wp-block-image size-large\"><img data-recalc-dims=\"1\" loading=\"lazy\" decoding=\"async\" width=\"800\" height=\"456\" data-id=\"409845\" src=\"https:\/\/i0.wp.com\/casadecampoliving.com\/wp-content\/uploads\/2022\/10\/img_3655-1.jpg?resize=800%2C456&#038;ssl=1\" alt=\"\" class=\"wp-image-409845\" srcset=\"https:\/\/i0.wp.com\/casadecampoliving.com\/wp-content\/uploads\/2022\/10\/img_3655-1.jpg?w=800&amp;ssl=1 800w, https:\/\/i0.wp.com\/casadecampoliving.com\/wp-content\/uploads\/2022\/10\/img_3655-1.jpg?resize=300%2C171&amp;ssl=1 300w, https:\/\/i0.wp.com\/casadecampoliving.com\/wp-content\/uploads\/2022\/10\/img_3655-1.jpg?resize=768%2C438&amp;ssl=1 768w, https:\/\/i0.wp.com\/casadecampoliving.com\/wp-content\/uploads\/2022\/10\/img_3655-1.jpg?resize=400%2C228&amp;ssl=1 400w, https:\/\/i0.wp.com\/casadecampoliving.com\/wp-content\/uploads\/2022\/10\/img_3655-1.jpg?resize=706%2C402&amp;ssl=1 706w, https:\/\/i0.wp.com\/casadecampoliving.com\/wp-content\/uploads\/2022\/10\/img_3655-1.jpg?resize=150%2C86&amp;ssl=1 150w, https:\/\/i0.wp.com\/casadecampoliving.com\/wp-content\/uploads\/2022\/10\/img_3655-1.jpg?w=370&amp;ssl=1 370w\" sizes=\"auto, (max-width: 800px) 100vw, 800px\" \/><\/figure>\n\n\n\n<figure class=\"wp-block-image size-large\"><img data-recalc-dims=\"1\" loading=\"lazy\" decoding=\"async\" width=\"800\" height=\"600\" data-id=\"409877\" src=\"https:\/\/i0.wp.com\/casadecampoliving.com\/wp-content\/uploads\/2022\/10\/img_3664.jpg?resize=800%2C600&#038;ssl=1\" alt=\"\" class=\"wp-image-409877\" srcset=\"https:\/\/i0.wp.com\/casadecampoliving.com\/wp-content\/uploads\/2022\/10\/img_3664.jpg?w=800&amp;ssl=1 800w, https:\/\/i0.wp.com\/casadecampoliving.com\/wp-content\/uploads\/2022\/10\/img_3664.jpg?resize=300%2C225&amp;ssl=1 300w, https:\/\/i0.wp.com\/casadecampoliving.com\/wp-content\/uploads\/2022\/10\/img_3664.jpg?resize=768%2C576&amp;ssl=1 768w, https:\/\/i0.wp.com\/casadecampoliving.com\/wp-content\/uploads\/2022\/10\/img_3664.jpg?resize=400%2C300&amp;ssl=1 400w, https:\/\/i0.wp.com\/casadecampoliving.com\/wp-content\/uploads\/2022\/10\/img_3664.jpg?resize=200%2C150&amp;ssl=1 200w, https:\/\/i0.wp.com\/casadecampoliving.com\/wp-content\/uploads\/2022\/10\/img_3664.jpg?resize=706%2C530&amp;ssl=1 706w, https:\/\/i0.wp.com\/casadecampoliving.com\/wp-content\/uploads\/2022\/10\/img_3664.jpg?resize=150%2C113&amp;ssl=1 150w, https:\/\/i0.wp.com\/casadecampoliving.com\/wp-content\/uploads\/2022\/10\/img_3664.jpg?w=370&amp;ssl=1 370w\" sizes=\"auto, (max-width: 800px) 100vw, 800px\" \/><\/figure>\n\n\n\n<figure class=\"wp-block-image size-large\"><img data-recalc-dims=\"1\" loading=\"lazy\" decoding=\"async\" width=\"800\" height=\"600\" data-id=\"409909\" src=\"https:\/\/i0.wp.com\/casadecampoliving.com\/wp-content\/uploads\/2022\/10\/img_3667.jpg?resize=800%2C600&#038;ssl=1\" alt=\"\" class=\"wp-image-409909\" srcset=\"https:\/\/i0.wp.com\/casadecampoliving.com\/wp-content\/uploads\/2022\/10\/img_3667.jpg?w=800&amp;ssl=1 800w, https:\/\/i0.wp.com\/casadecampoliving.com\/wp-content\/uploads\/2022\/10\/img_3667.jpg?resize=300%2C225&amp;ssl=1 300w, https:\/\/i0.wp.com\/casadecampoliving.com\/wp-content\/uploads\/2022\/10\/img_3667.jpg?resize=768%2C576&amp;ssl=1 768w, https:\/\/i0.wp.com\/casadecampoliving.com\/wp-content\/uploads\/2022\/10\/img_3667.jpg?resize=400%2C300&amp;ssl=1 400w, https:\/\/i0.wp.com\/casadecampoliving.com\/wp-content\/uploads\/2022\/10\/img_3667.jpg?resize=200%2C150&amp;ssl=1 200w, https:\/\/i0.wp.com\/casadecampoliving.com\/wp-content\/uploads\/2022\/10\/img_3667.jpg?resize=706%2C530&amp;ssl=1 706w, https:\/\/i0.wp.com\/casadecampoliving.com\/wp-content\/uploads\/2022\/10\/img_3667.jpg?resize=150%2C113&amp;ssl=1 150w, https:\/\/i0.wp.com\/casadecampoliving.com\/wp-content\/uploads\/2022\/10\/img_3667.jpg?w=370&amp;ssl=1 370w\" sizes=\"auto, (max-width: 800px) 100vw, 800px\" \/><\/figure>\n\n\n\n<figure class=\"wp-block-image size-large\"><img data-recalc-dims=\"1\" loading=\"lazy\" decoding=\"async\" width=\"800\" height=\"600\" data-id=\"409936\" src=\"https:\/\/i0.wp.com\/casadecampoliving.com\/wp-content\/uploads\/2022\/10\/img_3673-1.jpg?resize=800%2C600&#038;ssl=1\" alt=\"\" class=\"wp-image-409936\" srcset=\"https:\/\/i0.wp.com\/casadecampoliving.com\/wp-content\/uploads\/2022\/10\/img_3673-1.jpg?w=800&amp;ssl=1 800w, https:\/\/i0.wp.com\/casadecampoliving.com\/wp-content\/uploads\/2022\/10\/img_3673-1.jpg?resize=300%2C225&amp;ssl=1 300w, https:\/\/i0.wp.com\/casadecampoliving.com\/wp-content\/uploads\/2022\/10\/img_3673-1.jpg?resize=768%2C576&amp;ssl=1 768w, https:\/\/i0.wp.com\/casadecampoliving.com\/wp-content\/uploads\/2022\/10\/img_3673-1.jpg?resize=400%2C300&amp;ssl=1 400w, https:\/\/i0.wp.com\/casadecampoliving.com\/wp-content\/uploads\/2022\/10\/img_3673-1.jpg?resize=200%2C150&amp;ssl=1 200w, https:\/\/i0.wp.com\/casadecampoliving.com\/wp-content\/uploads\/2022\/10\/img_3673-1.jpg?resize=706%2C530&amp;ssl=1 706w, https:\/\/i0.wp.com\/casadecampoliving.com\/wp-content\/uploads\/2022\/10\/img_3673-1.jpg?resize=150%2C113&amp;ssl=1 150w, https:\/\/i0.wp.com\/casadecampoliving.com\/wp-content\/uploads\/2022\/10\/img_3673-1.jpg?w=370&amp;ssl=1 370w\" sizes=\"auto, (max-width: 800px) 100vw, 800px\" \/><\/figure>\n\n\n\n<figure class=\"wp-block-image size-large\"><img data-recalc-dims=\"1\" loading=\"lazy\" decoding=\"async\" width=\"498\" height=\"600\" data-id=\"409960\" src=\"https:\/\/i0.wp.com\/casadecampoliving.com\/wp-content\/uploads\/2022\/10\/img_3674-1.jpg?resize=498%2C600&#038;ssl=1\" alt=\"\" class=\"wp-image-409960\" srcset=\"https:\/\/i0.wp.com\/casadecampoliving.com\/wp-content\/uploads\/2022\/10\/img_3674-1.jpg?w=498&amp;ssl=1 498w, https:\/\/i0.wp.com\/casadecampoliving.com\/wp-content\/uploads\/2022\/10\/img_3674-1.jpg?resize=249%2C300&amp;ssl=1 249w, https:\/\/i0.wp.com\/casadecampoliving.com\/wp-content\/uploads\/2022\/10\/img_3674-1.jpg?resize=400%2C482&amp;ssl=1 400w, https:\/\/i0.wp.com\/casadecampoliving.com\/wp-content\/uploads\/2022\/10\/img_3674-1.jpg?resize=150%2C181&amp;ssl=1 150w, https:\/\/i0.wp.com\/casadecampoliving.com\/wp-content\/uploads\/2022\/10\/img_3674-1.jpg?w=370&amp;ssl=1 370w\" sizes=\"auto, (max-width: 498px) 100vw, 498px\" \/><\/figure>\n\n\n\n<figure class=\"wp-block-image size-large\"><img data-recalc-dims=\"1\" loading=\"lazy\" decoding=\"async\" width=\"800\" height=\"600\" data-id=\"409988\" src=\"https:\/\/i0.wp.com\/casadecampoliving.com\/wp-content\/uploads\/2022\/10\/img_3675.jpg?resize=800%2C600&#038;ssl=1\" alt=\"\" class=\"wp-image-409988\" srcset=\"https:\/\/i0.wp.com\/casadecampoliving.com\/wp-content\/uploads\/2022\/10\/img_3675.jpg?w=800&amp;ssl=1 800w, https:\/\/i0.wp.com\/casadecampoliving.com\/wp-content\/uploads\/2022\/10\/img_3675.jpg?resize=300%2C225&amp;ssl=1 300w, https:\/\/i0.wp.com\/casadecampoliving.com\/wp-content\/uploads\/2022\/10\/img_3675.jpg?resize=768%2C576&amp;ssl=1 768w, https:\/\/i0.wp.com\/casadecampoliving.com\/wp-content\/uploads\/2022\/10\/img_3675.jpg?resize=400%2C300&amp;ssl=1 400w, https:\/\/i0.wp.com\/casadecampoliving.com\/wp-content\/uploads\/2022\/10\/img_3675.jpg?resize=200%2C150&amp;ssl=1 200w, https:\/\/i0.wp.com\/casadecampoliving.com\/wp-content\/uploads\/2022\/10\/img_3675.jpg?resize=706%2C530&amp;ssl=1 706w, https:\/\/i0.wp.com\/casadecampoliving.com\/wp-content\/uploads\/2022\/10\/img_3675.jpg?resize=150%2C113&amp;ssl=1 150w, https:\/\/i0.wp.com\/casadecampoliving.com\/wp-content\/uploads\/2022\/10\/img_3675.jpg?w=370&amp;ssl=1 370w\" sizes=\"auto, (max-width: 800px) 100vw, 800px\" \/><\/figure>\n\n\n\n<figure class=\"wp-block-image size-large\"><img data-recalc-dims=\"1\" loading=\"lazy\" decoding=\"async\" width=\"800\" height=\"600\" data-id=\"410014\" src=\"https:\/\/i0.wp.com\/casadecampoliving.com\/wp-content\/uploads\/2022\/10\/img_3676.jpg?resize=800%2C600&#038;ssl=1\" alt=\"\" class=\"wp-image-410014\" srcset=\"https:\/\/i0.wp.com\/casadecampoliving.com\/wp-content\/uploads\/2022\/10\/img_3676.jpg?w=800&amp;ssl=1 800w, https:\/\/i0.wp.com\/casadecampoliving.com\/wp-content\/uploads\/2022\/10\/img_3676.jpg?resize=300%2C225&amp;ssl=1 300w, https:\/\/i0.wp.com\/casadecampoliving.com\/wp-content\/uploads\/2022\/10\/img_3676.jpg?resize=768%2C576&amp;ssl=1 768w, https:\/\/i0.wp.com\/casadecampoliving.com\/wp-content\/uploads\/2022\/10\/img_3676.jpg?resize=400%2C300&amp;ssl=1 400w, https:\/\/i0.wp.com\/casadecampoliving.com\/wp-content\/uploads\/2022\/10\/img_3676.jpg?resize=200%2C150&amp;ssl=1 200w, https:\/\/i0.wp.com\/casadecampoliving.com\/wp-content\/uploads\/2022\/10\/img_3676.jpg?resize=706%2C530&amp;ssl=1 706w, https:\/\/i0.wp.com\/casadecampoliving.com\/wp-content\/uploads\/2022\/10\/img_3676.jpg?resize=150%2C113&amp;ssl=1 150w, https:\/\/i0.wp.com\/casadecampoliving.com\/wp-content\/uploads\/2022\/10\/img_3676.jpg?w=370&amp;ssl=1 370w\" sizes=\"auto, (max-width: 800px) 100vw, 800px\" \/><\/figure>\n\n\n\n<figure class=\"wp-block-image size-large\"><img data-recalc-dims=\"1\" loading=\"lazy\" decoding=\"async\" width=\"800\" height=\"600\" data-id=\"410038\" src=\"https:\/\/i0.wp.com\/casadecampoliving.com\/wp-content\/uploads\/2022\/10\/img_3677-2.jpg?resize=800%2C600&#038;ssl=1\" alt=\"\" class=\"wp-image-410038\" srcset=\"https:\/\/i0.wp.com\/casadecampoliving.com\/wp-content\/uploads\/2022\/10\/img_3677-2.jpg?w=800&amp;ssl=1 800w, https:\/\/i0.wp.com\/casadecampoliving.com\/wp-content\/uploads\/2022\/10\/img_3677-2.jpg?resize=300%2C225&amp;ssl=1 300w, https:\/\/i0.wp.com\/casadecampoliving.com\/wp-content\/uploads\/2022\/10\/img_3677-2.jpg?resize=768%2C576&amp;ssl=1 768w, https:\/\/i0.wp.com\/casadecampoliving.com\/wp-content\/uploads\/2022\/10\/img_3677-2.jpg?resize=400%2C300&amp;ssl=1 400w, https:\/\/i0.wp.com\/casadecampoliving.com\/wp-content\/uploads\/2022\/10\/img_3677-2.jpg?resize=200%2C150&amp;ssl=1 200w, https:\/\/i0.wp.com\/casadecampoliving.com\/wp-content\/uploads\/2022\/10\/img_3677-2.jpg?resize=706%2C530&amp;ssl=1 706w, https:\/\/i0.wp.com\/casadecampoliving.com\/wp-content\/uploads\/2022\/10\/img_3677-2.jpg?resize=150%2C113&amp;ssl=1 150w, https:\/\/i0.wp.com\/casadecampoliving.com\/wp-content\/uploads\/2022\/10\/img_3677-2.jpg?w=370&amp;ssl=1 370w\" sizes=\"auto, (max-width: 800px) 100vw, 800px\" \/><\/figure>\n\n\n\n<figure class=\"wp-block-image size-large\"><img data-recalc-dims=\"1\" loading=\"lazy\" decoding=\"async\" width=\"800\" height=\"600\" data-id=\"410064\" src=\"https:\/\/i0.wp.com\/casadecampoliving.com\/wp-content\/uploads\/2022\/10\/img_3678-2.jpg?resize=800%2C600&#038;ssl=1\" alt=\"\" class=\"wp-image-410064\" srcset=\"https:\/\/i0.wp.com\/casadecampoliving.com\/wp-content\/uploads\/2022\/10\/img_3678-2.jpg?w=800&amp;ssl=1 800w, https:\/\/i0.wp.com\/casadecampoliving.com\/wp-content\/uploads\/2022\/10\/img_3678-2.jpg?resize=300%2C225&amp;ssl=1 300w, https:\/\/i0.wp.com\/casadecampoliving.com\/wp-content\/uploads\/2022\/10\/img_3678-2.jpg?resize=768%2C576&amp;ssl=1 768w, https:\/\/i0.wp.com\/casadecampoliving.com\/wp-content\/uploads\/2022\/10\/img_3678-2.jpg?resize=400%2C300&amp;ssl=1 400w, https:\/\/i0.wp.com\/casadecampoliving.com\/wp-content\/uploads\/2022\/10\/img_3678-2.jpg?resize=200%2C150&amp;ssl=1 200w, https:\/\/i0.wp.com\/casadecampoliving.com\/wp-content\/uploads\/2022\/10\/img_3678-2.jpg?resize=706%2C530&amp;ssl=1 706w, https:\/\/i0.wp.com\/casadecampoliving.com\/wp-content\/uploads\/2022\/10\/img_3678-2.jpg?resize=150%2C113&amp;ssl=1 150w, https:\/\/i0.wp.com\/casadecampoliving.com\/wp-content\/uploads\/2022\/10\/img_3678-2.jpg?w=370&amp;ssl=1 370w\" sizes=\"auto, (max-width: 800px) 100vw, 800px\" \/><\/figure>\n\n\n\n<figure class=\"wp-block-image size-large\"><img data-recalc-dims=\"1\" loading=\"lazy\" decoding=\"async\" width=\"800\" height=\"600\" data-id=\"410091\" src=\"https:\/\/i0.wp.com\/casadecampoliving.com\/wp-content\/uploads\/2022\/10\/img_3680-1.jpg?resize=800%2C600&#038;ssl=1\" alt=\"\" class=\"wp-image-410091\" srcset=\"https:\/\/i0.wp.com\/casadecampoliving.com\/wp-content\/uploads\/2022\/10\/img_3680-1.jpg?w=800&amp;ssl=1 800w, https:\/\/i0.wp.com\/casadecampoliving.com\/wp-content\/uploads\/2022\/10\/img_3680-1.jpg?resize=300%2C225&amp;ssl=1 300w, https:\/\/i0.wp.com\/casadecampoliving.com\/wp-content\/uploads\/2022\/10\/img_3680-1.jpg?resize=768%2C576&amp;ssl=1 768w, https:\/\/i0.wp.com\/casadecampoliving.com\/wp-content\/uploads\/2022\/10\/img_3680-1.jpg?resize=400%2C300&amp;ssl=1 400w, https:\/\/i0.wp.com\/casadecampoliving.com\/wp-content\/uploads\/2022\/10\/img_3680-1.jpg?resize=200%2C150&amp;ssl=1 200w, https:\/\/i0.wp.com\/casadecampoliving.com\/wp-content\/uploads\/2022\/10\/img_3680-1.jpg?resize=706%2C530&amp;ssl=1 706w, https:\/\/i0.wp.com\/casadecampoliving.com\/wp-content\/uploads\/2022\/10\/img_3680-1.jpg?resize=150%2C113&amp;ssl=1 150w, https:\/\/i0.wp.com\/casadecampoliving.com\/wp-content\/uploads\/2022\/10\/img_3680-1.jpg?w=370&amp;ssl=1 370w\" sizes=\"auto, (max-width: 800px) 100vw, 800px\" \/><\/figure>\n\n\n\n<figure class=\"wp-block-image size-large\"><img data-recalc-dims=\"1\" loading=\"lazy\" decoding=\"async\" width=\"800\" height=\"600\" data-id=\"410119\" src=\"https:\/\/i0.wp.com\/casadecampoliving.com\/wp-content\/uploads\/2022\/10\/img_3681.jpg?resize=800%2C600&#038;ssl=1\" alt=\"\" class=\"wp-image-410119\" srcset=\"https:\/\/i0.wp.com\/casadecampoliving.com\/wp-content\/uploads\/2022\/10\/img_3681.jpg?w=800&amp;ssl=1 800w, https:\/\/i0.wp.com\/casadecampoliving.com\/wp-content\/uploads\/2022\/10\/img_3681.jpg?resize=300%2C225&amp;ssl=1 300w, https:\/\/i0.wp.com\/casadecampoliving.com\/wp-content\/uploads\/2022\/10\/img_3681.jpg?resize=768%2C576&amp;ssl=1 768w, https:\/\/i0.wp.com\/casadecampoliving.com\/wp-content\/uploads\/2022\/10\/img_3681.jpg?resize=400%2C300&amp;ssl=1 400w, https:\/\/i0.wp.com\/casadecampoliving.com\/wp-content\/uploads\/2022\/10\/img_3681.jpg?resize=200%2C150&amp;ssl=1 200w, https:\/\/i0.wp.com\/casadecampoliving.com\/wp-content\/uploads\/2022\/10\/img_3681.jpg?resize=706%2C530&amp;ssl=1 706w, https:\/\/i0.wp.com\/casadecampoliving.com\/wp-content\/uploads\/2022\/10\/img_3681.jpg?resize=150%2C113&amp;ssl=1 150w, https:\/\/i0.wp.com\/casadecampoliving.com\/wp-content\/uploads\/2022\/10\/img_3681.jpg?w=370&amp;ssl=1 370w\" sizes=\"auto, (max-width: 800px) 100vw, 800px\" \/><\/figure>\n\n\n\n<figure class=\"wp-block-image size-large\"><img data-recalc-dims=\"1\" loading=\"lazy\" decoding=\"async\" width=\"800\" height=\"600\" data-id=\"410140\" src=\"https:\/\/i0.wp.com\/casadecampoliving.com\/wp-content\/uploads\/2022\/10\/img_3684-2.jpg?resize=800%2C600&#038;ssl=1\" alt=\"\" class=\"wp-image-410140\" srcset=\"https:\/\/i0.wp.com\/casadecampoliving.com\/wp-content\/uploads\/2022\/10\/img_3684-2.jpg?w=800&amp;ssl=1 800w, https:\/\/i0.wp.com\/casadecampoliving.com\/wp-content\/uploads\/2022\/10\/img_3684-2.jpg?resize=300%2C225&amp;ssl=1 300w, https:\/\/i0.wp.com\/casadecampoliving.com\/wp-content\/uploads\/2022\/10\/img_3684-2.jpg?resize=768%2C576&amp;ssl=1 768w, https:\/\/i0.wp.com\/casadecampoliving.com\/wp-content\/uploads\/2022\/10\/img_3684-2.jpg?resize=400%2C300&amp;ssl=1 400w, https:\/\/i0.wp.com\/casadecampoliving.com\/wp-content\/uploads\/2022\/10\/img_3684-2.jpg?resize=200%2C150&amp;ssl=1 200w, https:\/\/i0.wp.com\/casadecampoliving.com\/wp-content\/uploads\/2022\/10\/img_3684-2.jpg?resize=706%2C530&amp;ssl=1 706w, https:\/\/i0.wp.com\/casadecampoliving.com\/wp-content\/uploads\/2022\/10\/img_3684-2.jpg?resize=150%2C113&amp;ssl=1 150w, https:\/\/i0.wp.com\/casadecampoliving.com\/wp-content\/uploads\/2022\/10\/img_3684-2.jpg?w=370&amp;ssl=1 370w\" sizes=\"auto, (max-width: 800px) 100vw, 800px\" \/><\/figure>\n\n\n\n<figure class=\"wp-block-image size-large\"><img data-recalc-dims=\"1\" loading=\"lazy\" decoding=\"async\" width=\"800\" height=\"600\" data-id=\"410158\" src=\"https:\/\/i0.wp.com\/casadecampoliving.com\/wp-content\/uploads\/2022\/10\/img_3686-1.jpg?resize=800%2C600&#038;ssl=1\" alt=\"\" class=\"wp-image-410158\" srcset=\"https:\/\/i0.wp.com\/casadecampoliving.com\/wp-content\/uploads\/2022\/10\/img_3686-1.jpg?w=800&amp;ssl=1 800w, https:\/\/i0.wp.com\/casadecampoliving.com\/wp-content\/uploads\/2022\/10\/img_3686-1.jpg?resize=300%2C225&amp;ssl=1 300w, https:\/\/i0.wp.com\/casadecampoliving.com\/wp-content\/uploads\/2022\/10\/img_3686-1.jpg?resize=768%2C576&amp;ssl=1 768w, https:\/\/i0.wp.com\/casadecampoliving.com\/wp-content\/uploads\/2022\/10\/img_3686-1.jpg?resize=400%2C300&amp;ssl=1 400w, https:\/\/i0.wp.com\/casadecampoliving.com\/wp-content\/uploads\/2022\/10\/img_3686-1.jpg?resize=200%2C150&amp;ssl=1 200w, https:\/\/i0.wp.com\/casadecampoliving.com\/wp-content\/uploads\/2022\/10\/img_3686-1.jpg?resize=706%2C530&amp;ssl=1 706w, https:\/\/i0.wp.com\/casadecampoliving.com\/wp-content\/uploads\/2022\/10\/img_3686-1.jpg?resize=150%2C113&amp;ssl=1 150w, https:\/\/i0.wp.com\/casadecampoliving.com\/wp-content\/uploads\/2022\/10\/img_3686-1.jpg?w=370&amp;ssl=1 370w\" sizes=\"auto, (max-width: 800px) 100vw, 800px\" \/><\/figure>\n\n\n\n<figure class=\"wp-block-image size-large\"><img data-recalc-dims=\"1\" loading=\"lazy\" decoding=\"async\" width=\"800\" height=\"600\" data-id=\"410187\" src=\"https:\/\/i0.wp.com\/casadecampoliving.com\/wp-content\/uploads\/2022\/10\/img_3687-1.jpg?resize=800%2C600&#038;ssl=1\" alt=\"\" class=\"wp-image-410187\" srcset=\"https:\/\/i0.wp.com\/casadecampoliving.com\/wp-content\/uploads\/2022\/10\/img_3687-1.jpg?w=800&amp;ssl=1 800w, https:\/\/i0.wp.com\/casadecampoliving.com\/wp-content\/uploads\/2022\/10\/img_3687-1.jpg?resize=300%2C225&amp;ssl=1 300w, https:\/\/i0.wp.com\/casadecampoliving.com\/wp-content\/uploads\/2022\/10\/img_3687-1.jpg?resize=768%2C576&amp;ssl=1 768w, https:\/\/i0.wp.com\/casadecampoliving.com\/wp-content\/uploads\/2022\/10\/img_3687-1.jpg?resize=400%2C300&amp;ssl=1 400w, https:\/\/i0.wp.com\/casadecampoliving.com\/wp-content\/uploads\/2022\/10\/img_3687-1.jpg?resize=200%2C150&amp;ssl=1 200w, https:\/\/i0.wp.com\/casadecampoliving.com\/wp-content\/uploads\/2022\/10\/img_3687-1.jpg?resize=706%2C530&amp;ssl=1 706w, https:\/\/i0.wp.com\/casadecampoliving.com\/wp-content\/uploads\/2022\/10\/img_3687-1.jpg?resize=150%2C113&amp;ssl=1 150w, https:\/\/i0.wp.com\/casadecampoliving.com\/wp-content\/uploads\/2022\/10\/img_3687-1.jpg?w=370&amp;ssl=1 370w\" sizes=\"auto, (max-width: 800px) 100vw, 800px\" \/><\/figure>\n\n\n\n<figure class=\"wp-block-image size-large\"><img data-recalc-dims=\"1\" loading=\"lazy\" decoding=\"async\" width=\"800\" height=\"600\" data-id=\"410216\" src=\"https:\/\/i0.wp.com\/casadecampoliving.com\/wp-content\/uploads\/2022\/10\/img_3690.jpg?resize=800%2C600&#038;ssl=1\" alt=\"\" class=\"wp-image-410216\" srcset=\"https:\/\/i0.wp.com\/casadecampoliving.com\/wp-content\/uploads\/2022\/10\/img_3690.jpg?w=800&amp;ssl=1 800w, https:\/\/i0.wp.com\/casadecampoliving.com\/wp-content\/uploads\/2022\/10\/img_3690.jpg?resize=300%2C225&amp;ssl=1 300w, https:\/\/i0.wp.com\/casadecampoliving.com\/wp-content\/uploads\/2022\/10\/img_3690.jpg?resize=768%2C576&amp;ssl=1 768w, https:\/\/i0.wp.com\/casadecampoliving.com\/wp-content\/uploads\/2022\/10\/img_3690.jpg?resize=400%2C300&amp;ssl=1 400w, https:\/\/i0.wp.com\/casadecampoliving.com\/wp-content\/uploads\/2022\/10\/img_3690.jpg?resize=200%2C150&amp;ssl=1 200w, https:\/\/i0.wp.com\/casadecampoliving.com\/wp-content\/uploads\/2022\/10\/img_3690.jpg?resize=706%2C530&amp;ssl=1 706w, https:\/\/i0.wp.com\/casadecampoliving.com\/wp-content\/uploads\/2022\/10\/img_3690.jpg?resize=150%2C113&amp;ssl=1 150w, https:\/\/i0.wp.com\/casadecampoliving.com\/wp-content\/uploads\/2022\/10\/img_3690.jpg?w=370&amp;ssl=1 370w\" sizes=\"auto, (max-width: 800px) 100vw, 800px\" \/><\/figure>\n\n\n\n<figure class=\"wp-block-image size-large\"><img data-recalc-dims=\"1\" loading=\"lazy\" decoding=\"async\" width=\"800\" height=\"600\" data-id=\"410238\" src=\"https:\/\/i0.wp.com\/casadecampoliving.com\/wp-content\/uploads\/2022\/10\/img_3691-1.jpg?resize=800%2C600&#038;ssl=1\" alt=\"\" class=\"wp-image-410238\" srcset=\"https:\/\/i0.wp.com\/casadecampoliving.com\/wp-content\/uploads\/2022\/10\/img_3691-1.jpg?w=800&amp;ssl=1 800w, https:\/\/i0.wp.com\/casadecampoliving.com\/wp-content\/uploads\/2022\/10\/img_3691-1.jpg?resize=300%2C225&amp;ssl=1 300w, https:\/\/i0.wp.com\/casadecampoliving.com\/wp-content\/uploads\/2022\/10\/img_3691-1.jpg?resize=768%2C576&amp;ssl=1 768w, https:\/\/i0.wp.com\/casadecampoliving.com\/wp-content\/uploads\/2022\/10\/img_3691-1.jpg?resize=400%2C300&amp;ssl=1 400w, https:\/\/i0.wp.com\/casadecampoliving.com\/wp-content\/uploads\/2022\/10\/img_3691-1.jpg?resize=200%2C150&amp;ssl=1 200w, https:\/\/i0.wp.com\/casadecampoliving.com\/wp-content\/uploads\/2022\/10\/img_3691-1.jpg?resize=706%2C530&amp;ssl=1 706w, https:\/\/i0.wp.com\/casadecampoliving.com\/wp-content\/uploads\/2022\/10\/img_3691-1.jpg?resize=150%2C113&amp;ssl=1 150w, https:\/\/i0.wp.com\/casadecampoliving.com\/wp-content\/uploads\/2022\/10\/img_3691-1.jpg?w=370&amp;ssl=1 370w\" sizes=\"auto, (max-width: 800px) 100vw, 800px\" \/><\/figure>\n\n\n\n<figure class=\"wp-block-image size-large\"><img data-recalc-dims=\"1\" loading=\"lazy\" decoding=\"async\" width=\"800\" height=\"600\" data-id=\"410261\" src=\"https:\/\/i0.wp.com\/casadecampoliving.com\/wp-content\/uploads\/2022\/10\/img_3692.jpg?resize=800%2C600&#038;ssl=1\" alt=\"\" class=\"wp-image-410261\" srcset=\"https:\/\/i0.wp.com\/casadecampoliving.com\/wp-content\/uploads\/2022\/10\/img_3692.jpg?w=800&amp;ssl=1 800w, https:\/\/i0.wp.com\/casadecampoliving.com\/wp-content\/uploads\/2022\/10\/img_3692.jpg?resize=300%2C225&amp;ssl=1 300w, https:\/\/i0.wp.com\/casadecampoliving.com\/wp-content\/uploads\/2022\/10\/img_3692.jpg?resize=768%2C576&amp;ssl=1 768w, https:\/\/i0.wp.com\/casadecampoliving.com\/wp-content\/uploads\/2022\/10\/img_3692.jpg?resize=400%2C300&amp;ssl=1 400w, https:\/\/i0.wp.com\/casadecampoliving.com\/wp-content\/uploads\/2022\/10\/img_3692.jpg?resize=200%2C150&amp;ssl=1 200w, https:\/\/i0.wp.com\/casadecampoliving.com\/wp-content\/uploads\/2022\/10\/img_3692.jpg?resize=706%2C530&amp;ssl=1 706w, https:\/\/i0.wp.com\/casadecampoliving.com\/wp-content\/uploads\/2022\/10\/img_3692.jpg?resize=150%2C113&amp;ssl=1 150w, https:\/\/i0.wp.com\/casadecampoliving.com\/wp-content\/uploads\/2022\/10\/img_3692.jpg?w=370&amp;ssl=1 370w\" sizes=\"auto, (max-width: 800px) 100vw, 800px\" \/><\/figure>\n\n\n\n<figure class=\"wp-block-image size-large\"><img data-recalc-dims=\"1\" loading=\"lazy\" decoding=\"async\" width=\"450\" height=\"600\" data-id=\"410284\" src=\"https:\/\/i0.wp.com\/casadecampoliving.com\/wp-content\/uploads\/2022\/10\/img_3693-2.jpg?resize=450%2C600&#038;ssl=1\" alt=\"\" class=\"wp-image-410284\" srcset=\"https:\/\/i0.wp.com\/casadecampoliving.com\/wp-content\/uploads\/2022\/10\/img_3693-2.jpg?w=450&amp;ssl=1 450w, https:\/\/i0.wp.com\/casadecampoliving.com\/wp-content\/uploads\/2022\/10\/img_3693-2.jpg?resize=225%2C300&amp;ssl=1 225w, https:\/\/i0.wp.com\/casadecampoliving.com\/wp-content\/uploads\/2022\/10\/img_3693-2.jpg?resize=300%2C400&amp;ssl=1 300w, https:\/\/i0.wp.com\/casadecampoliving.com\/wp-content\/uploads\/2022\/10\/img_3693-2.jpg?resize=150%2C200&amp;ssl=1 150w, https:\/\/i0.wp.com\/casadecampoliving.com\/wp-content\/uploads\/2022\/10\/img_3693-2.jpg?resize=400%2C533&amp;ssl=1 400w, https:\/\/i0.wp.com\/casadecampoliving.com\/wp-content\/uploads\/2022\/10\/img_3693-2.jpg?w=370&amp;ssl=1 370w\" sizes=\"auto, (max-width: 450px) 100vw, 450px\" \/><\/figure>\n\n\n\n<figure class=\"wp-block-image size-large\"><img data-recalc-dims=\"1\" loading=\"lazy\" decoding=\"async\" width=\"800\" height=\"600\" data-id=\"410311\" src=\"https:\/\/i0.wp.com\/casadecampoliving.com\/wp-content\/uploads\/2022\/10\/img_3695-1.jpg?resize=800%2C600&#038;ssl=1\" alt=\"\" class=\"wp-image-410311\" srcset=\"https:\/\/i0.wp.com\/casadecampoliving.com\/wp-content\/uploads\/2022\/10\/img_3695-1.jpg?w=800&amp;ssl=1 800w, https:\/\/i0.wp.com\/casadecampoliving.com\/wp-content\/uploads\/2022\/10\/img_3695-1.jpg?resize=300%2C225&amp;ssl=1 300w, https:\/\/i0.wp.com\/casadecampoliving.com\/wp-content\/uploads\/2022\/10\/img_3695-1.jpg?resize=768%2C576&amp;ssl=1 768w, https:\/\/i0.wp.com\/casadecampoliving.com\/wp-content\/uploads\/2022\/10\/img_3695-1.jpg?resize=400%2C300&amp;ssl=1 400w, https:\/\/i0.wp.com\/casadecampoliving.com\/wp-content\/uploads\/2022\/10\/img_3695-1.jpg?resize=200%2C150&amp;ssl=1 200w, https:\/\/i0.wp.com\/casadecampoliving.com\/wp-content\/uploads\/2022\/10\/img_3695-1.jpg?resize=706%2C530&amp;ssl=1 706w, https:\/\/i0.wp.com\/casadecampoliving.com\/wp-content\/uploads\/2022\/10\/img_3695-1.jpg?resize=150%2C113&amp;ssl=1 150w, https:\/\/i0.wp.com\/casadecampoliving.com\/wp-content\/uploads\/2022\/10\/img_3695-1.jpg?w=370&amp;ssl=1 370w\" sizes=\"auto, (max-width: 800px) 100vw, 800px\" \/><\/figure>\n\n\n\n<figure class=\"wp-block-image size-large\"><img data-recalc-dims=\"1\" loading=\"lazy\" decoding=\"async\" width=\"800\" height=\"600\" data-id=\"410338\" src=\"https:\/\/i0.wp.com\/casadecampoliving.com\/wp-content\/uploads\/2022\/10\/img_3697-2.jpg?resize=800%2C600&#038;ssl=1\" alt=\"\" class=\"wp-image-410338\" srcset=\"https:\/\/i0.wp.com\/casadecampoliving.com\/wp-content\/uploads\/2022\/10\/img_3697-2.jpg?w=800&amp;ssl=1 800w, https:\/\/i0.wp.com\/casadecampoliving.com\/wp-content\/uploads\/2022\/10\/img_3697-2.jpg?resize=300%2C225&amp;ssl=1 300w, https:\/\/i0.wp.com\/casadecampoliving.com\/wp-content\/uploads\/2022\/10\/img_3697-2.jpg?resize=768%2C576&amp;ssl=1 768w, https:\/\/i0.wp.com\/casadecampoliving.com\/wp-content\/uploads\/2022\/10\/img_3697-2.jpg?resize=400%2C300&amp;ssl=1 400w, https:\/\/i0.wp.com\/casadecampoliving.com\/wp-content\/uploads\/2022\/10\/img_3697-2.jpg?resize=200%2C150&amp;ssl=1 200w, https:\/\/i0.wp.com\/casadecampoliving.com\/wp-content\/uploads\/2022\/10\/img_3697-2.jpg?resize=706%2C530&amp;ssl=1 706w, https:\/\/i0.wp.com\/casadecampoliving.com\/wp-content\/uploads\/2022\/10\/img_3697-2.jpg?resize=150%2C113&amp;ssl=1 150w, https:\/\/i0.wp.com\/casadecampoliving.com\/wp-content\/uploads\/2022\/10\/img_3697-2.jpg?w=370&amp;ssl=1 370w\" sizes=\"auto, (max-width: 800px) 100vw, 800px\" \/><\/figure>\n<\/figure>\n<\/strong><\/p>\n\n<blockquote><strong><strong><a href=\"https:\/\/casadecampoliving.com\/es\/2013\/02\/ana-maria-paniagua-celebra-el-cafe-de-la-leche-con-una-magnifica-vista\/Sobre%20el%20Caf%C3%A9%20de%20la%20LecheSobre%20el%20Caf%C3%A9%20de%20la%20Leche\">Sobre el Caf\u00e9 de la Leche<\/a><\/strong><\/strong>\n<p style=\"text-align: center;\"><img data-recalc-dims=\"1\" loading=\"lazy\" decoding=\"async\" class=\"aligncenter  wp-image-64938\" title=\"cafe_de_la_leche_ana_maria_paniagua\" src=\"https:\/\/i0.wp.com\/casadecampoliving.com\/wp-content\/uploads\/2022\/10\/cafe_de_la_leche_ana_maria_paniagua.jpg?resize=585%2C382&#038;ssl=1\" alt=\"cafe de la leche ana maria paniagua\" width=\"585\" height=\"382\" \/><\/p>\nEl Caf\u00e9 de la Leche es un evento ben\u00e9fico que se realiza mensualmente, acompa\u00f1ado de un poco de t\u00e9 o caf\u00e9, en donde las damas de Casa de Campo (a\u00fan cuando se presentan caballeros de vez en cuando) por lo general se re\u00fanen el primer viernes. Cada mes, este Caf\u00e9 de la Leche es organizado por una persona distinta, en su villa privada de Casa de Campo o en alg\u00fan restaurante o negocio\n\n<em><strong><a href=\"https:\/\/casadecampoliving.com\/cafe-de-la-leche\/\">HAGA CLIC AQUI PARA VER LAS FOTOS Y COBERTURA DE \u00a0LOS EVENTOS PASADOS!<\/a><\/strong><\/em><\/blockquote>","protected":false},"excerpt":{"rendered":"<p>El pasado viernes 1 de marzo de 2013, Jeanette Mart\u00ednez Lima organiz\u00f3 un maravilloso Caf\u00e9 de la Leche en la terraza del Dye Fore &#8211; literalmente, con una espectacular vista al Dye Fore! &nbsp; Desde las 5pm, luego de un \u00e1rduo d\u00eda de trabajo, de estar en los campos de golf o en el spa, [&hellip;]<\/p>\n","protected":false},"author":21,"featured_media":266946,"comment_status":"closed","ping_status":"closed","sticky":false,"template":"","format":"standard","meta":{"newspack_ads_suppress_ads":false,"newspack_popups_has_disabled_popups":false,"newspack_sponsor_sponsorship_scope":"","newspack_sponsor_native_byline_display":"inherit","newspack_sponsor_native_category_display":"inherit","newspack_sponsor_underwriter_style":"inherit","newspack_sponsor_underwriter_placement":"inherit","_newspack_byline_active":false,"_newspack_byline":"","newspack_hide_updated_date":false,"newspack_show_updated_date":false,"newspack_content_restriction_is_exempt":false,"newspack_featured_image_position":"","newspack_post_subtitle":"","newspack_article_summary_title":"Overview:","newspack_article_summary":"","_jetpack_memberships_contains_paid_content":false,"footnotes":"","jetpack_publicize_message":"","jetpack_publicize_feature_enabled":true,"jetpack_social_post_already_shared":false,"jetpack_social_options":{"image_generator_settings":{"template":"highway","default_image_id":0,"font":"","enabled":false},"version":2},"_wpas_customize_per_network":false},"categories":[26819,2522,2526,2516,14625,2514,14627],"tags":[23755,178,4484,3691,14876,6048],"newspack_spnsrs_tax":[],"class_list":["post-340751","post","type-post","status-publish","format-standard","has-post-thumbnail","hentry","category-altos-de-chavon-es","category-eventos-es","category-titulares-es","category-hogar-del-nino-es","category-noticias-locales","category-fundaciones-es","category-proximamente","tag-cafe-de-la-leche-es-5","tag-dye-fore","tag-el-hogar-del-nino","tag-eventos-cafe-de-la-leche","tag-hogar-del-nino-es","tag-jeanette-martinez-lima","entry"],"yoast_head":"<!-- This site is optimized with the Yoast SEO plugin v27.5 - https:\/\/yoast.com\/product\/yoast-seo-wordpress\/ -->\n<title>\u00a1Jeanette Mart\u00ednez Lima organiza un encantador Caf\u00e9 de la Leche en el Dye Fore! | Casa de Campo Living<\/title>\n<meta name=\"description\" content=\"El pasado viernes 1 de marzo de 2013, Jeanette Mart\u00ednez Lima organiz\u00f3 un maravilloso Caf\u00e9 de la Leche en la terraza del Dye Fore - literalmente, con una\" \/>\n<meta name=\"robots\" content=\"index, follow, max-snippet:-1, max-image-preview:large, max-video-preview:-1\" \/>\n<link rel=\"canonical\" href=\"https:\/\/casadecampoliving.com\/es\/jeanette-martinez-lima-organiza-un-encantador-cafe-de-la-leche-en-el-dye-fore\/\" \/>\n<meta property=\"og:locale\" content=\"es_ES\" \/>\n<meta property=\"og:type\" content=\"article\" \/>\n<meta property=\"og:title\" content=\"\u00a1Jeanette Mart\u00ednez Lima organiza un encantador Caf\u00e9 de la Leche en el Dye Fore! | Casa de Campo Living\" \/>\n<meta property=\"og:description\" content=\"El pasado viernes 1 de marzo de 2013, Jeanette Mart\u00ednez Lima organiz\u00f3 un maravilloso Caf\u00e9 de la Leche en la terraza del Dye Fore - literalmente, con una\" \/>\n<meta property=\"og:url\" content=\"https:\/\/casadecampoliving.com\/es\/jeanette-martinez-lima-organiza-un-encantador-cafe-de-la-leche-en-el-dye-fore\/\" \/>\n<meta property=\"og:site_name\" content=\"Casa de Campo Living\" \/>\n<meta property=\"article:publisher\" content=\"https:\/\/www.facebook.com\/casadecampoliving\" \/>\n<meta property=\"article:published_time\" content=\"2013-03-06T04:00:00+00:00\" \/>\n<meta property=\"article:modified_time\" content=\"2022-11-10T14:31:53+00:00\" \/>\n<meta property=\"og:image\" content=\"https:\/\/i0.wp.com\/casadecampoliving.com\/wp-content\/uploads\/2022\/10\/jeanette_martinez_lima-1.jpg?fit=650%2C370&ssl=1\" \/>\n\t<meta property=\"og:image:width\" content=\"650\" \/>\n\t<meta property=\"og:image:height\" content=\"370\" \/>\n\t<meta property=\"og:image:type\" content=\"image\/jpeg\" \/>\n<meta name=\"twitter:card\" content=\"summary_large_image\" \/>\n<meta name=\"twitter:creator\" content=\"@cdcliving\" \/>\n<meta name=\"twitter:site\" content=\"@cdcliving\" \/>\n<meta name=\"twitter:label1\" content=\"Escrito por\" \/>\n\t<meta name=\"twitter:data1\" content=\"\" \/>\n\t<meta name=\"twitter:label2\" content=\"Tiempo de lectura\" \/>\n\t<meta name=\"twitter:data2\" content=\"2 minutos\" \/>\n<script type=\"application\/ld+json\" class=\"yoast-schema-graph\">{\"@context\":\"https:\\\/\\\/schema.org\",\"@graph\":[{\"@type\":\"Article\",\"@id\":\"https:\\\/\\\/casadecampoliving.com\\\/es\\\/jeanette-martinez-lima-organiza-un-encantador-cafe-de-la-leche-en-el-dye-fore\\\/#article\",\"isPartOf\":{\"@id\":\"https:\\\/\\\/casadecampoliving.com\\\/es\\\/jeanette-martinez-lima-organiza-un-encantador-cafe-de-la-leche-en-el-dye-fore\\\/\"},\"author\":{\"name\":\"\",\"@id\":\"https:\\\/\\\/casadecampoliving.com\\\/es\\\/#\\\/schema\\\/person\\\/7e3b975d584a5f6ac0fd7128a81b0bc5\"},\"headline\":\"\u00a1Jeanette Mart\u00ednez Lima organiza un encantador Caf\u00e9 de la Leche en el Dye Fore!\",\"datePublished\":\"2013-03-06T04:00:00+00:00\",\"dateModified\":\"2022-11-10T14:31:53+00:00\",\"mainEntityOfPage\":{\"@id\":\"https:\\\/\\\/casadecampoliving.com\\\/es\\\/jeanette-martinez-lima-organiza-un-encantador-cafe-de-la-leche-en-el-dye-fore\\\/\"},\"wordCount\":446,\"publisher\":{\"@id\":\"https:\\\/\\\/casadecampoliving.com\\\/es\\\/#organization\"},\"image\":{\"@id\":\"https:\\\/\\\/casadecampoliving.com\\\/es\\\/jeanette-martinez-lima-organiza-un-encantador-cafe-de-la-leche-en-el-dye-fore\\\/#primaryimage\"},\"thumbnailUrl\":\"https:\\\/\\\/i0.wp.com\\\/casadecampoliving.com\\\/wp-content\\\/uploads\\\/2022\\\/10\\\/jeanette_martinez_lima-1.jpg?fit=650%2C370&ssl=1\",\"keywords\":[\"cafe de la leche\",\"Dye Fore\",\"el hogar del nino\",\"eventos cafe de la leche\",\"hogar del nino\",\"jeanette martinez lima\"],\"articleSection\":[\"Altos de Chavon @es\",\"Eventos\",\"Titulares\",\"Hogar del Ni\u00f1o @es\",\"Noticias Locales\",\"Fundaciones\",\"Proximamente\"],\"inLanguage\":\"es\"},{\"@type\":\"WebPage\",\"@id\":\"https:\\\/\\\/casadecampoliving.com\\\/es\\\/jeanette-martinez-lima-organiza-un-encantador-cafe-de-la-leche-en-el-dye-fore\\\/\",\"url\":\"https:\\\/\\\/casadecampoliving.com\\\/es\\\/jeanette-martinez-lima-organiza-un-encantador-cafe-de-la-leche-en-el-dye-fore\\\/\",\"name\":\"\u00a1Jeanette Mart\u00ednez Lima organiza un encantador Caf\u00e9 de la Leche en el Dye Fore! | Casa de Campo Living\",\"isPartOf\":{\"@id\":\"https:\\\/\\\/casadecampoliving.com\\\/es\\\/#website\"},\"primaryImageOfPage\":{\"@id\":\"https:\\\/\\\/casadecampoliving.com\\\/es\\\/jeanette-martinez-lima-organiza-un-encantador-cafe-de-la-leche-en-el-dye-fore\\\/#primaryimage\"},\"image\":{\"@id\":\"https:\\\/\\\/casadecampoliving.com\\\/es\\\/jeanette-martinez-lima-organiza-un-encantador-cafe-de-la-leche-en-el-dye-fore\\\/#primaryimage\"},\"thumbnailUrl\":\"https:\\\/\\\/i0.wp.com\\\/casadecampoliving.com\\\/wp-content\\\/uploads\\\/2022\\\/10\\\/jeanette_martinez_lima-1.jpg?fit=650%2C370&ssl=1\",\"datePublished\":\"2013-03-06T04:00:00+00:00\",\"dateModified\":\"2022-11-10T14:31:53+00:00\",\"description\":\"El pasado viernes 1 de marzo de 2013, Jeanette Mart\u00ednez Lima organiz\u00f3 un maravilloso Caf\u00e9 de la Leche en la terraza del Dye Fore - literalmente, con una\",\"breadcrumb\":{\"@id\":\"https:\\\/\\\/casadecampoliving.com\\\/es\\\/jeanette-martinez-lima-organiza-un-encantador-cafe-de-la-leche-en-el-dye-fore\\\/#breadcrumb\"},\"inLanguage\":\"es\",\"potentialAction\":[{\"@type\":\"ReadAction\",\"target\":[\"https:\\\/\\\/casadecampoliving.com\\\/es\\\/jeanette-martinez-lima-organiza-un-encantador-cafe-de-la-leche-en-el-dye-fore\\\/\"]}]},{\"@type\":\"ImageObject\",\"inLanguage\":\"es\",\"@id\":\"https:\\\/\\\/casadecampoliving.com\\\/es\\\/jeanette-martinez-lima-organiza-un-encantador-cafe-de-la-leche-en-el-dye-fore\\\/#primaryimage\",\"url\":\"https:\\\/\\\/i0.wp.com\\\/casadecampoliving.com\\\/wp-content\\\/uploads\\\/2022\\\/10\\\/jeanette_martinez_lima-1.jpg?fit=650%2C370&ssl=1\",\"contentUrl\":\"https:\\\/\\\/i0.wp.com\\\/casadecampoliving.com\\\/wp-content\\\/uploads\\\/2022\\\/10\\\/jeanette_martinez_lima-1.jpg?fit=650%2C370&ssl=1\",\"width\":650,\"height\":370,\"caption\":\"jeanette martinez lima\"},{\"@type\":\"BreadcrumbList\",\"@id\":\"https:\\\/\\\/casadecampoliving.com\\\/es\\\/jeanette-martinez-lima-organiza-un-encantador-cafe-de-la-leche-en-el-dye-fore\\\/#breadcrumb\",\"itemListElement\":[{\"@type\":\"ListItem\",\"position\":1,\"name\":\"Home\",\"item\":\"https:\\\/\\\/casadecampoliving.com\\\/es\\\/\"},{\"@type\":\"ListItem\",\"position\":2,\"name\":\"\u00a1Jeanette Mart\u00ednez Lima organiza un encantador Caf\u00e9 de la Leche en el Dye Fore!\"}]},{\"@type\":\"WebSite\",\"@id\":\"https:\\\/\\\/casadecampoliving.com\\\/es\\\/#website\",\"url\":\"https:\\\/\\\/casadecampoliving.com\\\/es\\\/\",\"name\":\"Casa de Campo Living\",\"description\":\"Resort community news and resources.\",\"publisher\":{\"@id\":\"https:\\\/\\\/casadecampoliving.com\\\/es\\\/#organization\"},\"potentialAction\":[{\"@type\":\"SearchAction\",\"target\":{\"@type\":\"EntryPoint\",\"urlTemplate\":\"https:\\\/\\\/casadecampoliving.com\\\/es\\\/?s={search_term_string}\"},\"query-input\":{\"@type\":\"PropertyValueSpecification\",\"valueRequired\":true,\"valueName\":\"search_term_string\"}}],\"inLanguage\":\"es\"},{\"@type\":\"Organization\",\"@id\":\"https:\\\/\\\/casadecampoliving.com\\\/es\\\/#organization\",\"name\":\"Casa de Campo Living\",\"url\":\"https:\\\/\\\/casadecampoliving.com\\\/es\\\/\",\"logo\":{\"@type\":\"ImageObject\",\"inLanguage\":\"es\",\"@id\":\"https:\\\/\\\/casadecampoliving.com\\\/es\\\/#\\\/schema\\\/logo\\\/image\\\/\",\"url\":\"https:\\\/\\\/i0.wp.com\\\/casadecampoliving.com\\\/wp-content\\\/uploads\\\/2022\\\/07\\\/CDCLivingLogo_V1-white-sized.png?fit=800%2C214&ssl=1\",\"contentUrl\":\"https:\\\/\\\/i0.wp.com\\\/casadecampoliving.com\\\/wp-content\\\/uploads\\\/2022\\\/07\\\/CDCLivingLogo_V1-white-sized.png?fit=800%2C214&ssl=1\",\"width\":800,\"height\":214,\"caption\":\"Casa de Campo Living\"},\"image\":{\"@id\":\"https:\\\/\\\/casadecampoliving.com\\\/es\\\/#\\\/schema\\\/logo\\\/image\\\/\"},\"sameAs\":[\"https:\\\/\\\/www.facebook.com\\\/casadecampoliving\",\"https:\\\/\\\/x.com\\\/cdcliving\"]},{\"@type\":\"Person\",\"@id\":\"https:\\\/\\\/casadecampoliving.com\\\/es\\\/#\\\/schema\\\/person\\\/7e3b975d584a5f6ac0fd7128a81b0bc5\",\"name\":\"\",\"image\":{\"@type\":\"ImageObject\",\"inLanguage\":\"es\",\"@id\":\"https:\\\/\\\/secure.gravatar.com\\\/avatar\\\/?s=96&d=mm&r=g\",\"url\":\"https:\\\/\\\/secure.gravatar.com\\\/avatar\\\/?s=96&d=mm&r=g\",\"contentUrl\":\"https:\\\/\\\/secure.gravatar.com\\\/avatar\\\/?s=96&d=mm&r=g\"},\"url\":\"https:\\\/\\\/casadecampoliving.com\\\/es\\\/author\\\/ \\\/\"}]}<\/script>\n<!-- \/ Yoast SEO plugin. -->","yoast_head_json":{"title":"\u00a1Jeanette Mart\u00ednez Lima organiza un encantador Caf\u00e9 de la Leche en el Dye Fore! | Casa de Campo Living","description":"El pasado viernes 1 de marzo de 2013, Jeanette Mart\u00ednez Lima organiz\u00f3 un maravilloso Caf\u00e9 de la Leche en la terraza del Dye Fore - literalmente, con una","robots":{"index":"index","follow":"follow","max-snippet":"max-snippet:-1","max-image-preview":"max-image-preview:large","max-video-preview":"max-video-preview:-1"},"canonical":"https:\/\/casadecampoliving.com\/es\/jeanette-martinez-lima-organiza-un-encantador-cafe-de-la-leche-en-el-dye-fore\/","og_locale":"es_ES","og_type":"article","og_title":"\u00a1Jeanette Mart\u00ednez Lima organiza un encantador Caf\u00e9 de la Leche en el Dye Fore! | Casa de Campo Living","og_description":"El pasado viernes 1 de marzo de 2013, Jeanette Mart\u00ednez Lima organiz\u00f3 un maravilloso Caf\u00e9 de la Leche en la terraza del Dye Fore - literalmente, con una","og_url":"https:\/\/casadecampoliving.com\/es\/jeanette-martinez-lima-organiza-un-encantador-cafe-de-la-leche-en-el-dye-fore\/","og_site_name":"Casa de Campo Living","article_publisher":"https:\/\/www.facebook.com\/casadecampoliving","article_published_time":"2013-03-06T04:00:00+00:00","article_modified_time":"2022-11-10T14:31:53+00:00","og_image":[{"width":650,"height":370,"url":"https:\/\/i0.wp.com\/casadecampoliving.com\/wp-content\/uploads\/2022\/10\/jeanette_martinez_lima-1.jpg?fit=650%2C370&ssl=1","type":"image\/jpeg"}],"twitter_card":"summary_large_image","twitter_creator":"@cdcliving","twitter_site":"@cdcliving","twitter_misc":{"Escrito por":"","Tiempo de lectura":"2 minutos"},"schema":{"@context":"https:\/\/schema.org","@graph":[{"@type":"Article","@id":"https:\/\/casadecampoliving.com\/es\/jeanette-martinez-lima-organiza-un-encantador-cafe-de-la-leche-en-el-dye-fore\/#article","isPartOf":{"@id":"https:\/\/casadecampoliving.com\/es\/jeanette-martinez-lima-organiza-un-encantador-cafe-de-la-leche-en-el-dye-fore\/"},"author":{"name":"","@id":"https:\/\/casadecampoliving.com\/es\/#\/schema\/person\/7e3b975d584a5f6ac0fd7128a81b0bc5"},"headline":"\u00a1Jeanette Mart\u00ednez Lima organiza un encantador Caf\u00e9 de la Leche en el Dye Fore!","datePublished":"2013-03-06T04:00:00+00:00","dateModified":"2022-11-10T14:31:53+00:00","mainEntityOfPage":{"@id":"https:\/\/casadecampoliving.com\/es\/jeanette-martinez-lima-organiza-un-encantador-cafe-de-la-leche-en-el-dye-fore\/"},"wordCount":446,"publisher":{"@id":"https:\/\/casadecampoliving.com\/es\/#organization"},"image":{"@id":"https:\/\/casadecampoliving.com\/es\/jeanette-martinez-lima-organiza-un-encantador-cafe-de-la-leche-en-el-dye-fore\/#primaryimage"},"thumbnailUrl":"https:\/\/i0.wp.com\/casadecampoliving.com\/wp-content\/uploads\/2022\/10\/jeanette_martinez_lima-1.jpg?fit=650%2C370&ssl=1","keywords":["cafe de la leche","Dye Fore","el hogar del nino","eventos cafe de la leche","hogar del nino","jeanette martinez lima"],"articleSection":["Altos de Chavon @es","Eventos","Titulares","Hogar del Ni\u00f1o @es","Noticias Locales","Fundaciones","Proximamente"],"inLanguage":"es"},{"@type":"WebPage","@id":"https:\/\/casadecampoliving.com\/es\/jeanette-martinez-lima-organiza-un-encantador-cafe-de-la-leche-en-el-dye-fore\/","url":"https:\/\/casadecampoliving.com\/es\/jeanette-martinez-lima-organiza-un-encantador-cafe-de-la-leche-en-el-dye-fore\/","name":"\u00a1Jeanette Mart\u00ednez Lima organiza un encantador Caf\u00e9 de la Leche en el Dye Fore! | Casa de Campo Living","isPartOf":{"@id":"https:\/\/casadecampoliving.com\/es\/#website"},"primaryImageOfPage":{"@id":"https:\/\/casadecampoliving.com\/es\/jeanette-martinez-lima-organiza-un-encantador-cafe-de-la-leche-en-el-dye-fore\/#primaryimage"},"image":{"@id":"https:\/\/casadecampoliving.com\/es\/jeanette-martinez-lima-organiza-un-encantador-cafe-de-la-leche-en-el-dye-fore\/#primaryimage"},"thumbnailUrl":"https:\/\/i0.wp.com\/casadecampoliving.com\/wp-content\/uploads\/2022\/10\/jeanette_martinez_lima-1.jpg?fit=650%2C370&ssl=1","datePublished":"2013-03-06T04:00:00+00:00","dateModified":"2022-11-10T14:31:53+00:00","description":"El pasado viernes 1 de marzo de 2013, Jeanette Mart\u00ednez Lima organiz\u00f3 un maravilloso Caf\u00e9 de la Leche en la terraza del Dye Fore - literalmente, con una","breadcrumb":{"@id":"https:\/\/casadecampoliving.com\/es\/jeanette-martinez-lima-organiza-un-encantador-cafe-de-la-leche-en-el-dye-fore\/#breadcrumb"},"inLanguage":"es","potentialAction":[{"@type":"ReadAction","target":["https:\/\/casadecampoliving.com\/es\/jeanette-martinez-lima-organiza-un-encantador-cafe-de-la-leche-en-el-dye-fore\/"]}]},{"@type":"ImageObject","inLanguage":"es","@id":"https:\/\/casadecampoliving.com\/es\/jeanette-martinez-lima-organiza-un-encantador-cafe-de-la-leche-en-el-dye-fore\/#primaryimage","url":"https:\/\/i0.wp.com\/casadecampoliving.com\/wp-content\/uploads\/2022\/10\/jeanette_martinez_lima-1.jpg?fit=650%2C370&ssl=1","contentUrl":"https:\/\/i0.wp.com\/casadecampoliving.com\/wp-content\/uploads\/2022\/10\/jeanette_martinez_lima-1.jpg?fit=650%2C370&ssl=1","width":650,"height":370,"caption":"jeanette martinez lima"},{"@type":"BreadcrumbList","@id":"https:\/\/casadecampoliving.com\/es\/jeanette-martinez-lima-organiza-un-encantador-cafe-de-la-leche-en-el-dye-fore\/#breadcrumb","itemListElement":[{"@type":"ListItem","position":1,"name":"Home","item":"https:\/\/casadecampoliving.com\/es\/"},{"@type":"ListItem","position":2,"name":"\u00a1Jeanette Mart\u00ednez Lima organiza un encantador Caf\u00e9 de la Leche en el Dye Fore!"}]},{"@type":"WebSite","@id":"https:\/\/casadecampoliving.com\/es\/#website","url":"https:\/\/casadecampoliving.com\/es\/","name":"Casa de Campo Living","description":"Resort community news and resources.","publisher":{"@id":"https:\/\/casadecampoliving.com\/es\/#organization"},"potentialAction":[{"@type":"SearchAction","target":{"@type":"EntryPoint","urlTemplate":"https:\/\/casadecampoliving.com\/es\/?s={search_term_string}"},"query-input":{"@type":"PropertyValueSpecification","valueRequired":true,"valueName":"search_term_string"}}],"inLanguage":"es"},{"@type":"Organization","@id":"https:\/\/casadecampoliving.com\/es\/#organization","name":"Casa de Campo Living","url":"https:\/\/casadecampoliving.com\/es\/","logo":{"@type":"ImageObject","inLanguage":"es","@id":"https:\/\/casadecampoliving.com\/es\/#\/schema\/logo\/image\/","url":"https:\/\/i0.wp.com\/casadecampoliving.com\/wp-content\/uploads\/2022\/07\/CDCLivingLogo_V1-white-sized.png?fit=800%2C214&ssl=1","contentUrl":"https:\/\/i0.wp.com\/casadecampoliving.com\/wp-content\/uploads\/2022\/07\/CDCLivingLogo_V1-white-sized.png?fit=800%2C214&ssl=1","width":800,"height":214,"caption":"Casa de Campo Living"},"image":{"@id":"https:\/\/casadecampoliving.com\/es\/#\/schema\/logo\/image\/"},"sameAs":["https:\/\/www.facebook.com\/casadecampoliving","https:\/\/x.com\/cdcliving"]},{"@type":"Person","@id":"https:\/\/casadecampoliving.com\/es\/#\/schema\/person\/7e3b975d584a5f6ac0fd7128a81b0bc5","name":"","image":{"@type":"ImageObject","inLanguage":"es","@id":"https:\/\/secure.gravatar.com\/avatar\/?s=96&d=mm&r=g","url":"https:\/\/secure.gravatar.com\/avatar\/?s=96&d=mm&r=g","contentUrl":"https:\/\/secure.gravatar.com\/avatar\/?s=96&d=mm&r=g"},"url":"https:\/\/casadecampoliving.com\/es\/author\/ \/"}]}},"parsely":{"version":"1.1.0","canonical_url":"https:\/\/casadecampoliving.com\/es\/jeanette-martinez-lima-organiza-un-encantador-cafe-de-la-leche-en-el-dye-fore\/","smart_links":{"inbound":0,"outbound":0},"traffic_boost_suggestions_count":0,"meta":{"@context":"https:\/\/schema.org","@type":"NewsArticle","headline":"\u00a1Jeanette Mart\u00ednez Lima organiza un encantador Caf\u00e9 de la Leche en el Dye Fore!","url":"http:\/\/casadecampoliving.com\/es\/jeanette-martinez-lima-organiza-un-encantador-cafe-de-la-leche-en-el-dye-fore\/","mainEntityOfPage":{"@type":"WebPage","@id":"http:\/\/casadecampoliving.com\/es\/jeanette-martinez-lima-organiza-un-encantador-cafe-de-la-leche-en-el-dye-fore\/"},"thumbnailUrl":"https:\/\/i0.wp.com\/casadecampoliving.com\/wp-content\/uploads\/2022\/10\/jeanette_martinez_lima-1.jpg?resize=150%2C150&ssl=1","image":{"@type":"ImageObject","url":"https:\/\/i0.wp.com\/casadecampoliving.com\/wp-content\/uploads\/2022\/10\/jeanette_martinez_lima-1.jpg?fit=650%2C370&ssl=1"},"articleSection":"Altos de Chavon @es","author":[{"@type":"Person","name":"FB_515917546"}],"creator":["FB_515917546"],"publisher":{"@type":"Organization","name":"Casa de Campo Living","logo":"https:\/\/casadecampoliving.com\/wp-content\/uploads\/2022\/07\/CDCLivingLogo_V1-white-sized.png"},"keywords":["cafe de la leche","dye fore","el hogar del nino","eventos cafe de la leche","hogar del nino","jeanette martinez lima"],"dateCreated":"2013-03-06T04:00:00Z","datePublished":"2013-03-06T04:00:00Z","dateModified":"2022-11-10T14:31:53Z"},"rendered":"<script type=\"application\/ld+json\" class=\"wp-parsely-metadata\">{\"@context\":\"https:\\\/\\\/schema.org\",\"@type\":\"NewsArticle\",\"headline\":\"\\u00a1Jeanette Mart\\u00ednez Lima organiza un encantador Caf\\u00e9 de la Leche en el Dye Fore!\",\"url\":\"http:\\\/\\\/casadecampoliving.com\\\/es\\\/jeanette-martinez-lima-organiza-un-encantador-cafe-de-la-leche-en-el-dye-fore\\\/\",\"mainEntityOfPage\":{\"@type\":\"WebPage\",\"@id\":\"http:\\\/\\\/casadecampoliving.com\\\/es\\\/jeanette-martinez-lima-organiza-un-encantador-cafe-de-la-leche-en-el-dye-fore\\\/\"},\"thumbnailUrl\":\"https:\\\/\\\/i0.wp.com\\\/casadecampoliving.com\\\/wp-content\\\/uploads\\\/2022\\\/10\\\/jeanette_martinez_lima-1.jpg?resize=150%2C150&ssl=1\",\"image\":{\"@type\":\"ImageObject\",\"url\":\"https:\\\/\\\/i0.wp.com\\\/casadecampoliving.com\\\/wp-content\\\/uploads\\\/2022\\\/10\\\/jeanette_martinez_lima-1.jpg?fit=650%2C370&ssl=1\"},\"articleSection\":\"Altos de Chavon @es\",\"author\":[{\"@type\":\"Person\",\"name\":\"FB_515917546\"}],\"creator\":[\"FB_515917546\"],\"publisher\":{\"@type\":\"Organization\",\"name\":\"Casa de Campo Living\",\"logo\":\"https:\\\/\\\/casadecampoliving.com\\\/wp-content\\\/uploads\\\/2022\\\/07\\\/CDCLivingLogo_V1-white-sized.png\"},\"keywords\":[\"cafe de la leche\",\"dye fore\",\"el hogar del nino\",\"eventos cafe de la leche\",\"hogar del nino\",\"jeanette martinez lima\"],\"dateCreated\":\"2013-03-06T04:00:00Z\",\"datePublished\":\"2013-03-06T04:00:00Z\",\"dateModified\":\"2022-11-10T14:31:53Z\"}<\/script>","tracker_url":"https:\/\/cdn.parsely.com\/keys\/casadecampoliving.com\/p.js"},"jetpack_publicize_connections":[],"jetpack_featured_media_url":"https:\/\/i0.wp.com\/casadecampoliving.com\/wp-content\/uploads\/2022\/10\/jeanette_martinez_lima-1.jpg?fit=650%2C370&ssl=1","jetpack-related-posts":[{"id":340709,"url":"https:\/\/casadecampoliving.com\/es\/jeanette-de-martinez-lima-sera-la-anfitriona-para-cafe-de-la-leche-en-la-terraza-dye-fore-este-viernes\/","url_meta":{"origin":340751,"position":0},"title":"Jeanette de Martinez Lima ser\u00e1 la anfitriona para Caf\u00e9 de la Leche en la Terraza Dye Fore &#8211; este viernes!","author":"Maria Batlle","date":"27 Feb, 2013","format":false,"excerpt":"La magnifica Terraza Dye Fore dar\u00e1 la bienvenida este viernes 1ero de marzo a la comunidad de damas de Casa de Campo, para la edici\u00f3n de marzo de Caf\u00e9 de la Leche, que tendr\u00e1 como anfitriona a Jeanette de Martinez Lima. Como una de las actividades favoritas de Casa de\u2026","rel":"","context":"En \u00abAltos de Chavon @es\u00bb","block_context":{"text":"Altos de Chavon @es","link":"https:\/\/casadecampoliving.com\/category\/altos-de-chavon-es\/"},"img":{"alt_text":"dye fore","src":"https:\/\/i0.wp.com\/casadecampoliving.com\/wp-content\/uploads\/2022\/10\/dye_fore-3.jpg?fit=650%2C365&ssl=1&resize=350%2C200","width":350,"height":200,"srcset":"https:\/\/i0.wp.com\/casadecampoliving.com\/wp-content\/uploads\/2022\/10\/dye_fore-3.jpg?fit=650%2C365&ssl=1&resize=350%2C200 1x, https:\/\/i0.wp.com\/casadecampoliving.com\/wp-content\/uploads\/2022\/10\/dye_fore-3.jpg?fit=650%2C365&ssl=1&resize=525%2C300 1.5x"},"classes":[]},{"id":322096,"url":"https:\/\/casadecampoliving.com\/jeanette-martinez-lima-hosts-a-cafe-de-la-leche-to-dye-fore\/","url_meta":{"origin":340751,"position":1},"title":"Jeanette Martinez Lima hosts a Caf\u00e9 de la Leche to Dye Fore!","author":"Rebecca Silvestri","date":"6 Mar, 2013","format":false,"excerpt":"Last Friday the 1st of March 2013, Jeanette Martinez Lima hosted a wonderful Caf\u00e9 de la Leche at the Dye Fore terrace - with literally a view to Dye Fore! From 5pm in the afternoon, following a hard day at work, on the golf course or in the spa.. Casa\u2026","rel":"","context":"En \u00abEvents and Activities\u00bb","block_context":{"text":"Events and Activities","link":"https:\/\/casadecampoliving.com\/category\/events-and-activities\/"},"img":{"alt_text":"jeanette martinez lima","src":"https:\/\/i0.wp.com\/casadecampoliving.com\/wp-content\/uploads\/2022\/10\/jeanette_martinez_lima-1.jpg?fit=650%2C370&ssl=1&resize=350%2C200","width":350,"height":200,"srcset":"https:\/\/i0.wp.com\/casadecampoliving.com\/wp-content\/uploads\/2022\/10\/jeanette_martinez_lima-1.jpg?fit=650%2C370&ssl=1&resize=350%2C200 1x, https:\/\/i0.wp.com\/casadecampoliving.com\/wp-content\/uploads\/2022\/10\/jeanette_martinez_lima-1.jpg?fit=650%2C370&ssl=1&resize=525%2C300 1.5x"},"classes":[]},{"id":322080,"url":"https:\/\/casadecampoliving.com\/jeanette-de-martinez-lima-to-host-the-cafe-de-la-leche-at-the-dye-fore-terrace-this-friday\/","url_meta":{"origin":340751,"position":2},"title":"Jeanette de Martinez Lima to host the Caf\u00e9 de la Leche at the Dye Fore Terrace &#8211; this Friday!","author":"Rebecca Silvestri","date":"27 Feb, 2013","format":false,"excerpt":"The magnificent Dye Fore Terrace will this Friday the 1st of March welcome Casa de Campo\u2019s lady community for the March edition of the Caf\u00e9 de la Leche, to be hosted by Jeanette de Martinez Lima. As one of our favorite Casa de Campo activities it is always a great\u2026","rel":"","context":"En \u00abAltos de Chavon\u00bb","block_context":{"text":"Altos de Chavon","link":"https:\/\/casadecampoliving.com\/category\/altos-de-chavon\/"},"img":{"alt_text":"dye fore","src":"https:\/\/i0.wp.com\/casadecampoliving.com\/wp-content\/uploads\/2022\/10\/dye_fore-3.jpg?fit=650%2C365&ssl=1&resize=350%2C200","width":350,"height":200,"srcset":"https:\/\/i0.wp.com\/casadecampoliving.com\/wp-content\/uploads\/2022\/10\/dye_fore-3.jpg?fit=650%2C365&ssl=1&resize=350%2C200 1x, https:\/\/i0.wp.com\/casadecampoliving.com\/wp-content\/uploads\/2022\/10\/dye_fore-3.jpg?fit=650%2C365&ssl=1&resize=525%2C300 1.5x"},"classes":[]},{"id":319846,"url":"https:\/\/casadecampoliving.com\/es\/cafe-de-la-leche-friday-4th-march\/","url_meta":{"origin":340751,"position":3},"title":"Cafe de la Leche, Friday 4th March","author":"Rebecca Silvestri","date":"28 Feb, 2011","format":false,"excerpt":"This month\u2019s Cafe de la Leche is being held this Friday the 4th of March, at the Casa de Campo home of Jeanette de Martinez Lima, Vista Chavon #20. This wonderful monthly event gathers together the female community of Casa de Campo and La Romana for a gossip, bite to\u2026","rel":"","context":"En \u00abEvents and Activities\u00bb","block_context":{"text":"Events and Activities","link":"https:\/\/casadecampoliving.com\/category\/events-and-activities\/"},"img":{"alt_text":"","src":"https:\/\/i0.wp.com\/casadecampoliving.com\/wp-content\/uploads\/2022\/10\/cafedelaleche_casadecampo-1.jpg?fit=565%2C243&ssl=1&resize=350%2C200","width":350,"height":200,"srcset":"https:\/\/i0.wp.com\/casadecampoliving.com\/wp-content\/uploads\/2022\/10\/cafedelaleche_casadecampo-1.jpg?fit=565%2C243&ssl=1&resize=350%2C200 1x, https:\/\/i0.wp.com\/casadecampoliving.com\/wp-content\/uploads\/2022\/10\/cafedelaleche_casadecampo-1.jpg?fit=565%2C243&ssl=1&resize=525%2C300 1.5x"},"classes":[]},{"id":322255,"url":"https:\/\/casadecampoliving.com\/claudia-reyes-de-lama-to-host-next-cafe-de-la-leche-friday-may-10th\/","url_meta":{"origin":340751,"position":4},"title":"Claudia Reyes de Lama to host next Caf\u00e9 de la Leche &#8211; Friday May 10th","author":"Rebecca Silvestri","date":"2 May, 2013","format":false,"excerpt":"Yippee! The beautiful month of May has arrived \u2013 which means we have another Caf\u00e9 de la Leche celebration to look forward to \u2013 on this occasion to be hosted by Claudia Reyes de Lama.\u00a0 Since the beginning of 2013 we\u2019ve enjoyed a series of great events to gather milk\u2026","rel":"","context":"En \u00abCasa de Campo Resort\u00bb","block_context":{"text":"Casa de Campo Resort","link":"https:\/\/casadecampoliving.com\/category\/casa-de-campo-resort\/"},"img":{"alt_text":"cafe de la leche","src":"https:\/\/i0.wp.com\/casadecampoliving.com\/wp-content\/uploads\/2022\/10\/Cafe-de-la-leche-2.jpg?fit=650%2C219&ssl=1&resize=350%2C200","width":350,"height":200,"srcset":"https:\/\/i0.wp.com\/casadecampoliving.com\/wp-content\/uploads\/2022\/10\/Cafe-de-la-leche-2.jpg?fit=650%2C219&ssl=1&resize=350%2C200 1x, https:\/\/i0.wp.com\/casadecampoliving.com\/wp-content\/uploads\/2022\/10\/Cafe-de-la-leche-2.jpg?fit=650%2C219&ssl=1&resize=525%2C300 1.5x"},"classes":[]},{"id":326641,"url":"https:\/\/casadecampoliving.com\/salvatore-ferragamo-golf-tournament-at-the-dye-fore-chavon\/","url_meta":{"origin":340751,"position":5},"title":"Salvatore Ferragamo Golf Tournament at the Dye Fore Chav\u00f3n","author":"Felix Guerrero","date":"5 Nov, 2015","format":false,"excerpt":"As part of the weekend-long event with Salvatore Ferragamo, Casa de Campo will be hosting a Golf Tournament on the Dye Fore Golf course. The format of the tournament will be twosome best ball and pick your drive.\u00a0The price is US$175 per player and after the tournament is over, players\u2026","rel":"","context":"En \u00abAltos de Chavon\u00bb","block_context":{"text":"Altos de Chavon","link":"https:\/\/casadecampoliving.com\/category\/altos-de-chavon\/"},"img":{"alt_text":"Dye Fore Air View 2","src":"https:\/\/i0.wp.com\/casadecampoliving.com\/wp-content\/uploads\/2022\/10\/Dye-Fore-Air-View-2-1.jpg?fit=650%2C400&ssl=1&resize=350%2C200","width":350,"height":200,"srcset":"https:\/\/i0.wp.com\/casadecampoliving.com\/wp-content\/uploads\/2022\/10\/Dye-Fore-Air-View-2-1.jpg?fit=650%2C400&ssl=1&resize=350%2C200 1x, https:\/\/i0.wp.com\/casadecampoliving.com\/wp-content\/uploads\/2022\/10\/Dye-Fore-Air-View-2-1.jpg?fit=650%2C400&ssl=1&resize=525%2C300 1.5x"},"classes":[]}],"jetpack_sharing_enabled":true,"_links":{"self":[{"href":"https:\/\/casadecampoliving.com\/es\/wp-json\/wp\/v2\/posts\/340751","targetHints":{"allow":["GET"]}}],"collection":[{"href":"https:\/\/casadecampoliving.com\/es\/wp-json\/wp\/v2\/posts"}],"about":[{"href":"https:\/\/casadecampoliving.com\/es\/wp-json\/wp\/v2\/types\/post"}],"author":[{"embeddable":true,"href":"https:\/\/casadecampoliving.com\/es\/wp-json\/wp\/v2\/users\/21"}],"replies":[{"embeddable":true,"href":"https:\/\/casadecampoliving.com\/es\/wp-json\/wp\/v2\/comments?post=340751"}],"version-history":[{"count":2,"href":"https:\/\/casadecampoliving.com\/es\/wp-json\/wp\/v2\/posts\/340751\/revisions"}],"predecessor-version":[{"id":506932,"href":"https:\/\/casadecampoliving.com\/es\/wp-json\/wp\/v2\/posts\/340751\/revisions\/506932"}],"wp:featuredmedia":[{"embeddable":true,"href":"https:\/\/casadecampoliving.com\/es\/wp-json\/wp\/v2\/media\/266946"}],"wp:attachment":[{"href":"https:\/\/casadecampoliving.com\/es\/wp-json\/wp\/v2\/media?parent=340751"}],"wp:term":[{"taxonomy":"category","embeddable":true,"href":"https:\/\/casadecampoliving.com\/es\/wp-json\/wp\/v2\/categories?post=340751"},{"taxonomy":"post_tag","embeddable":true,"href":"https:\/\/casadecampoliving.com\/es\/wp-json\/wp\/v2\/tags?post=340751"},{"taxonomy":"newspack_spnsrs_tax","embeddable":true,"href":"https:\/\/casadecampoliving.com\/es\/wp-json\/wp\/v2\/newspack_spnsrs_tax?post=340751"}],"curies":[{"name":"wp","href":"https:\/\/api.w.org\/{rel}","templated":true}]}}