{"id":340664,"date":"2013-02-20T00:00:00","date_gmt":"2013-02-20T04:00:00","guid":{"rendered":"https:\/\/casadecampoliving.com\/el-museo-regional-y-arqueologico-de-altos-de-chavon-quiere-charlar-contigo\/"},"modified":"2022-10-21T18:49:32","modified_gmt":"2022-10-21T22:49:32","slug":"el-museo-regional-y-arqueologico-de-altos-de-chavon-quiere-charlar-contigo","status":"publish","type":"post","link":"https:\/\/casadecampoliving.com\/es\/el-museo-regional-y-arqueologico-de-altos-de-chavon-quiere-charlar-contigo\/","title":{"rendered":"El Museo Regional y Arqueol\u00f3gico de Altos de Chav\u00f3n quiere charlar contigo!"},"content":{"rendered":"\n<p>La Fundaci\u00f3n Cultural de Altos de Chav\u00f3n y El Museo Regional y Arqueol\u00f3gico de Altos de Chav\u00f3n tiene un calendario de eventos durante las siguientes semanas. Una gran oportunidad para escuchar profesionales hablar de temas importantes, tanto culturales como politicos en el pa\u00eds.<\/p>\n\n\n\n<!--more-->\n\n\n\n<blockquote><p><strong>Febrero <\/strong><strong>26, 6PM: &nbsp;\u201cEl carnaval dominicano como lectura popular a los componentes \u00e9tnicos del pa\u00eds\u201d: <\/strong><em>Charla sobre el Carnaval Dominicano, presentado por el antropologo y artista visual Lenin Paulino en el Museo Regional de Altos de Chav\u00f3n.<\/em><\/p><p><em><strong>Esta Charla ser\u00e1 conducida en espa\u00f1ol.<\/strong>&nbsp;<\/em><\/p><p><em><strong>Contacto:<\/strong>&nbsp;<\/em>rcastillo@altosdechavon.com, 809-523-8554<\/p><figure><a href=\"https:\/\/i0.wp.com\/casadecampoliving.com\/wp-content\/uploads\/2022\/10\/INVITACION-CONFERENCIA-CARNAVAL.jpeg?ssl=1\"><img decoding=\"async\" loading=\"lazy\" class=\"alignnone  wp-image-65393\" title=\"INVITACION CONFERENCIA CARNAVAL\" src=\"https:\/\/i0.wp.com\/casadecampoliving.com\/wp-content\/uploads\/2022\/10\/INVITACION-CONFERENCIA-CARNAVAL.jpeg?resize=554%2C428&amp;ssl=1\" alt=\"\" width=\"554\" height=\"428\"><\/a><\/figure><\/blockquote>\n\n\n\n<blockquote><p><strong>Febrero 28, 6PM: Foro Cinematogr\u00e1fico \u201cEven The Rain\u201d: <\/strong><em>Pel\u00edcula espa\u00f1ola filmada en el 2010, drama dirigido por el Ic\u00edar Bolla\u00edn sobre el director mexicano Sebasti\u00e1n (Gael Garc\u00eda Bernal) y el productor ejecutivo Costa (Luis Tosar) quien viaj\u00f3 a Bolivia a filmar sobre la conquista de Crist\u00f3bal Col\u00f3n. Sebasti\u00e1n y Costa se encuentran con una crisis moral cuando ellos y su equipo llegan a Cochabamba, Bolivia, durante las 2000 intensas protestas de Cochabamba, lidereadas persistentemente por su actor nativo Daniel (Juan Carlos Aduviri).<\/em><\/p><p><strong> Este conversatorio ser\u00e1 conducido en espa\u00f1ol.<\/strong><\/p><p><strong>Precio:<\/strong> RD$100<\/p><p><strong> Contacto:<\/strong>&nbsp;rcastillo@altosdechavon.com,&nbsp;(809) 523-8554<\/p><figure><a href=\"https:\/\/i0.wp.com\/casadecampoliving.com\/wp-content\/uploads\/2022\/10\/Screen-Shot-2013-02-19-at-4.58.19-PM.png?ssl=1\"><img decoding=\"async\" loading=\"lazy\" class=\"alignnone size-full wp-image-65394\" title=\"Screen Shot 2013-02-19 at 4.58.19 PM\" src=\"https:\/\/i0.wp.com\/casadecampoliving.com\/wp-content\/uploads\/2022\/10\/Screen-Shot-2013-02-19-at-4.58.19-PM.png?resize=582%2C243&amp;ssl=1\" alt=\"\" width=\"582\" height=\"243\"><\/a><\/figure><\/blockquote>\n\n\n\n<blockquote><p><strong>Marzo 14, 6PM: &nbsp;Charla \u201cArquitectura de Santo Domingo, Enclave Cultural\u201d: <\/strong><em>Charla por el arquitecto dominicano Jos\u00e9 Enrique Delmonte So\u00f1\u00e9&nbsp;\u2013 arquitecto historiador y presidente de la Fundaci\u00f3n Palm. <\/em><\/p><p><strong>Esta charla ser\u00e1 conducida en espa\u00f1ol.<\/strong><\/p><p><strong>Contacto:<\/strong> rcastillo@altosdechavon.com \/&nbsp;809-523-8554<\/p><figure><a href=\"https:\/\/i0.wp.com\/casadecampoliving-wp.s3-accelerate.amazonaws.com\/2013\/02\/DelMonte5.jpeg?ssl=1\"><img decoding=\"async\" loading=\"lazy\" class=\"alignnone size-large wp-image-65395\" title=\"DelMonte5\" src=\"https:\/\/i0.wp.com\/casadecampoliving.com\/wp-content\/uploads\/2022\/10\/DelMonte5-490x1024-1.jpg?resize=490%2C1024&amp;ssl=1\" alt=\"\" width=\"490\" height=\"1024\"><\/a><\/figure><\/blockquote>\n\n\n\n<blockquote><p><strong>Abril 12, 6PM: &nbsp;Ch<\/strong><strong>arla \u201cDe Trujillo a Fern\u00e1ndez Dom\u00ednguez y Caama\u00f1o\u201d:&nbsp;<\/strong><em>Basado en el libro que lleva este mismo nombre. Esta charla ser\u00e1 conducida en espa\u00f1ol por el autor e historiador Tony Raful.<\/em><\/p><p><em><strong>Contacto:<\/strong> <\/em>rcastillo@altosdechavon.com, 809-523-8554<\/p><figure><a href=\"https:\/\/i0.wp.com\/casadecampoliving-wp.s3-accelerate.amazonaws.com\/2013\/02\/InvitacionRaful.jpeg?ssl=1\"><img decoding=\"async\" loading=\"lazy\" class=\"alignnone size-large wp-image-65396\" title=\"InvitacionRaful\" src=\"https:\/\/i0.wp.com\/casadecampoliving.com\/wp-content\/uploads\/2022\/10\/InvitacionRaful-596x1024-1.jpg?resize=596%2C1024&amp;ssl=1\" alt=\"\" width=\"596\" height=\"1024\"><\/a><\/figure><\/blockquote>\n","protected":false},"excerpt":{"rendered":"<p>La Fundaci\u00f3n Cultural de Altos de Chav\u00f3n y El Museo Regional y Arqueol\u00f3gico de Altos de Chav\u00f3n tiene un calendario de eventos durante las siguientes semanas. Una gran oportunidad para escuchar profesionales hablar de temas importantes, tanto culturales como politicos en el pa\u00eds.<\/p>\n","protected":false},"author":405,"featured_media":263560,"comment_status":"closed","ping_status":"closed","sticky":false,"template":"","format":"standard","meta":{"newspack_ads_suppress_ads":false,"newspack_popups_has_disabled_popups":false,"newspack_sponsor_sponsorship_scope":"","newspack_sponsor_native_byline_display":"inherit","newspack_sponsor_native_category_display":"inherit","newspack_sponsor_underwriter_style":"inherit","newspack_sponsor_underwriter_placement":"inherit","_newspack_byline_active":false,"_newspack_byline":"","newspack_hide_updated_date":false,"newspack_show_updated_date":false,"newspack_content_restriction_is_exempt":false,"newspack_featured_image_position":"","newspack_post_subtitle":"","newspack_article_summary_title":"Overview:","newspack_article_summary":"","_jetpack_memberships_contains_paid_content":false,"footnotes":"","jetpack_publicize_message":"","jetpack_publicize_feature_enabled":true,"jetpack_social_post_already_shared":false,"jetpack_social_options":{"image_generator_settings":{"template":"highway","default_image_id":0,"font":"","enabled":false},"version":2},"_wpas_customize_per_network":false},"categories":[26819,26823,2524,2522,14625,14627],"tags":[15387,3334,5391,2756,5372,5634],"newspack_spnsrs_tax":[],"class_list":["post-340664","post","type-post","status-publish","format-standard","has-post-thumbnail","hentry","category-altos-de-chavon-es","category-arte-y-cultura","category-destacados","category-eventos-es","category-noticias-locales","category-proximamente","tag-altos-de-chavon-es","tag-cultura","tag-culture","tag-educacion","tag-historia","tag-museo","entry"],"yoast_head":"<!-- This site is optimized with the Yoast SEO plugin v27.4 - https:\/\/yoast.com\/product\/yoast-seo-wordpress\/ -->\n<title>El Museo Regional y Arqueol\u00f3gico de Altos de Chav\u00f3n quiere charlar contigo! | Casa de Campo Living<\/title>\n<meta name=\"description\" content=\"La Fundaci\u00f3n Cultural de Altos de Chav\u00f3n y El Museo Regional y Arqueol\u00f3gico de Altos de Chav\u00f3n tiene un calendario de eventos durante las siguientes\" \/>\n<meta name=\"robots\" content=\"index, follow, max-snippet:-1, max-image-preview:large, max-video-preview:-1\" \/>\n<link rel=\"canonical\" href=\"https:\/\/casadecampoliving.com\/es\/el-museo-regional-y-arqueologico-de-altos-de-chavon-quiere-charlar-contigo\/\" \/>\n<meta property=\"og:locale\" content=\"es_ES\" \/>\n<meta property=\"og:type\" content=\"article\" \/>\n<meta property=\"og:title\" content=\"El Museo Regional y Arqueol\u00f3gico de Altos de Chav\u00f3n quiere charlar contigo! | Casa de Campo Living\" \/>\n<meta property=\"og:description\" content=\"La Fundaci\u00f3n Cultural de Altos de Chav\u00f3n y El Museo Regional y Arqueol\u00f3gico de Altos de Chav\u00f3n tiene un calendario de eventos durante las siguientes\" \/>\n<meta property=\"og:url\" content=\"https:\/\/casadecampoliving.com\/es\/el-museo-regional-y-arqueologico-de-altos-de-chavon-quiere-charlar-contigo\/\" \/>\n<meta property=\"og:site_name\" content=\"Casa de Campo Living\" \/>\n<meta property=\"article:publisher\" content=\"https:\/\/www.facebook.com\/casadecampoliving\" \/>\n<meta property=\"article:published_time\" content=\"2013-02-20T04:00:00+00:00\" \/>\n<meta property=\"article:modified_time\" content=\"2022-10-21T22:49:32+00:00\" \/>\n<meta property=\"og:image\" content=\"https:\/\/i0.wp.com\/casadecampoliving.com\/wp-content\/uploads\/2022\/10\/20772437_sSZbRP1-e1558546586278.jpeg?fit=1000%2C667&ssl=1\" \/>\n\t<meta property=\"og:image:width\" content=\"1000\" \/>\n\t<meta property=\"og:image:height\" content=\"667\" \/>\n\t<meta property=\"og:image:type\" content=\"image\/jpeg\" \/>\n<meta name=\"author\" content=\"Maria Batlle\" \/>\n<meta name=\"twitter:card\" content=\"summary_large_image\" \/>\n<meta name=\"twitter:creator\" content=\"@cdcliving\" \/>\n<meta name=\"twitter:site\" content=\"@cdcliving\" \/>\n<meta name=\"twitter:label1\" content=\"Escrito por\" \/>\n\t<meta name=\"twitter:data1\" content=\"Maria Batlle\" \/>\n\t<meta name=\"twitter:label2\" content=\"Tiempo de lectura\" \/>\n\t<meta name=\"twitter:data2\" content=\"1 minuto\" \/>\n<script type=\"application\/ld+json\" class=\"yoast-schema-graph\">{\"@context\":\"https:\\\/\\\/schema.org\",\"@graph\":[{\"@type\":\"Article\",\"@id\":\"https:\\\/\\\/casadecampoliving.com\\\/es\\\/el-museo-regional-y-arqueologico-de-altos-de-chavon-quiere-charlar-contigo\\\/#article\",\"isPartOf\":{\"@id\":\"https:\\\/\\\/casadecampoliving.com\\\/es\\\/el-museo-regional-y-arqueologico-de-altos-de-chavon-quiere-charlar-contigo\\\/\"},\"author\":{\"name\":\"Maria Batlle\",\"@id\":\"https:\\\/\\\/casadecampoliving.com\\\/es\\\/#\\\/schema\\\/person\\\/97b5cc882d48f09d632cfc4b0e5f3454\"},\"headline\":\"El Museo Regional y Arqueol\u00f3gico de Altos de Chav\u00f3n quiere charlar contigo!\",\"datePublished\":\"2013-02-20T04:00:00+00:00\",\"dateModified\":\"2022-10-21T22:49:32+00:00\",\"mainEntityOfPage\":{\"@id\":\"https:\\\/\\\/casadecampoliving.com\\\/es\\\/el-museo-regional-y-arqueologico-de-altos-de-chavon-quiere-charlar-contigo\\\/\"},\"wordCount\":309,\"publisher\":{\"@id\":\"https:\\\/\\\/casadecampoliving.com\\\/es\\\/#organization\"},\"image\":{\"@id\":\"https:\\\/\\\/casadecampoliving.com\\\/es\\\/el-museo-regional-y-arqueologico-de-altos-de-chavon-quiere-charlar-contigo\\\/#primaryimage\"},\"thumbnailUrl\":\"https:\\\/\\\/i0.wp.com\\\/casadecampoliving.com\\\/wp-content\\\/uploads\\\/2022\\\/10\\\/20772437_sSZbRP1-e1558546586278.jpeg?fit=1000%2C667&ssl=1\",\"keywords\":[\"Altos de Chavon\",\"cultura\",\"culture\",\"educacion\",\"historia\",\"Museo\"],\"articleSection\":[\"Altos de Chavon @es\",\"Arte y cultura\",\"Destacados\",\"Eventos\",\"Noticias Locales\",\"Proximamente\"],\"inLanguage\":\"es\"},{\"@type\":\"WebPage\",\"@id\":\"https:\\\/\\\/casadecampoliving.com\\\/es\\\/el-museo-regional-y-arqueologico-de-altos-de-chavon-quiere-charlar-contigo\\\/\",\"url\":\"https:\\\/\\\/casadecampoliving.com\\\/es\\\/el-museo-regional-y-arqueologico-de-altos-de-chavon-quiere-charlar-contigo\\\/\",\"name\":\"El Museo Regional y Arqueol\u00f3gico de Altos de Chav\u00f3n quiere charlar contigo! | Casa de Campo Living\",\"isPartOf\":{\"@id\":\"https:\\\/\\\/casadecampoliving.com\\\/es\\\/#website\"},\"primaryImageOfPage\":{\"@id\":\"https:\\\/\\\/casadecampoliving.com\\\/es\\\/el-museo-regional-y-arqueologico-de-altos-de-chavon-quiere-charlar-contigo\\\/#primaryimage\"},\"image\":{\"@id\":\"https:\\\/\\\/casadecampoliving.com\\\/es\\\/el-museo-regional-y-arqueologico-de-altos-de-chavon-quiere-charlar-contigo\\\/#primaryimage\"},\"thumbnailUrl\":\"https:\\\/\\\/i0.wp.com\\\/casadecampoliving.com\\\/wp-content\\\/uploads\\\/2022\\\/10\\\/20772437_sSZbRP1-e1558546586278.jpeg?fit=1000%2C667&ssl=1\",\"datePublished\":\"2013-02-20T04:00:00+00:00\",\"dateModified\":\"2022-10-21T22:49:32+00:00\",\"description\":\"La Fundaci\u00f3n Cultural de Altos de Chav\u00f3n y El Museo Regional y Arqueol\u00f3gico de Altos de Chav\u00f3n tiene un calendario de eventos durante las siguientes\",\"breadcrumb\":{\"@id\":\"https:\\\/\\\/casadecampoliving.com\\\/es\\\/el-museo-regional-y-arqueologico-de-altos-de-chavon-quiere-charlar-contigo\\\/#breadcrumb\"},\"inLanguage\":\"es\",\"potentialAction\":[{\"@type\":\"ReadAction\",\"target\":[\"https:\\\/\\\/casadecampoliving.com\\\/es\\\/el-museo-regional-y-arqueologico-de-altos-de-chavon-quiere-charlar-contigo\\\/\"]}]},{\"@type\":\"ImageObject\",\"inLanguage\":\"es\",\"@id\":\"https:\\\/\\\/casadecampoliving.com\\\/es\\\/el-museo-regional-y-arqueologico-de-altos-de-chavon-quiere-charlar-contigo\\\/#primaryimage\",\"url\":\"https:\\\/\\\/i0.wp.com\\\/casadecampoliving.com\\\/wp-content\\\/uploads\\\/2022\\\/10\\\/20772437_sSZbRP1-e1558546586278.jpeg?fit=1000%2C667&ssl=1\",\"contentUrl\":\"https:\\\/\\\/i0.wp.com\\\/casadecampoliving.com\\\/wp-content\\\/uploads\\\/2022\\\/10\\\/20772437_sSZbRP1-e1558546586278.jpeg?fit=1000%2C667&ssl=1\",\"width\":1000,\"height\":667,\"caption\":\"Regional Museum of Archeology Altos de Chavon\"},{\"@type\":\"BreadcrumbList\",\"@id\":\"https:\\\/\\\/casadecampoliving.com\\\/es\\\/el-museo-regional-y-arqueologico-de-altos-de-chavon-quiere-charlar-contigo\\\/#breadcrumb\",\"itemListElement\":[{\"@type\":\"ListItem\",\"position\":1,\"name\":\"Home\",\"item\":\"https:\\\/\\\/casadecampoliving.com\\\/es\\\/\"},{\"@type\":\"ListItem\",\"position\":2,\"name\":\"El Museo Regional y Arqueol\u00f3gico de Altos de Chav\u00f3n quiere charlar contigo!\"}]},{\"@type\":\"WebSite\",\"@id\":\"https:\\\/\\\/casadecampoliving.com\\\/es\\\/#website\",\"url\":\"https:\\\/\\\/casadecampoliving.com\\\/es\\\/\",\"name\":\"Casa de Campo Living\",\"description\":\"Resort community news and resources.\",\"publisher\":{\"@id\":\"https:\\\/\\\/casadecampoliving.com\\\/es\\\/#organization\"},\"potentialAction\":[{\"@type\":\"SearchAction\",\"target\":{\"@type\":\"EntryPoint\",\"urlTemplate\":\"https:\\\/\\\/casadecampoliving.com\\\/es\\\/?s={search_term_string}\"},\"query-input\":{\"@type\":\"PropertyValueSpecification\",\"valueRequired\":true,\"valueName\":\"search_term_string\"}}],\"inLanguage\":\"es\"},{\"@type\":\"Organization\",\"@id\":\"https:\\\/\\\/casadecampoliving.com\\\/es\\\/#organization\",\"name\":\"Casa de Campo Living\",\"url\":\"https:\\\/\\\/casadecampoliving.com\\\/es\\\/\",\"logo\":{\"@type\":\"ImageObject\",\"inLanguage\":\"es\",\"@id\":\"https:\\\/\\\/casadecampoliving.com\\\/es\\\/#\\\/schema\\\/logo\\\/image\\\/\",\"url\":\"https:\\\/\\\/i0.wp.com\\\/casadecampoliving.com\\\/wp-content\\\/uploads\\\/2022\\\/07\\\/CDCLivingLogo_V1-white-sized.png?fit=800%2C214&ssl=1\",\"contentUrl\":\"https:\\\/\\\/i0.wp.com\\\/casadecampoliving.com\\\/wp-content\\\/uploads\\\/2022\\\/07\\\/CDCLivingLogo_V1-white-sized.png?fit=800%2C214&ssl=1\",\"width\":800,\"height\":214,\"caption\":\"Casa de Campo Living\"},\"image\":{\"@id\":\"https:\\\/\\\/casadecampoliving.com\\\/es\\\/#\\\/schema\\\/logo\\\/image\\\/\"},\"sameAs\":[\"https:\\\/\\\/www.facebook.com\\\/casadecampoliving\",\"https:\\\/\\\/x.com\\\/cdcliving\"]},{\"@type\":\"Person\",\"@id\":\"https:\\\/\\\/casadecampoliving.com\\\/es\\\/#\\\/schema\\\/person\\\/97b5cc882d48f09d632cfc4b0e5f3454\",\"name\":\"Maria Batlle\",\"image\":{\"@type\":\"ImageObject\",\"inLanguage\":\"es\",\"@id\":\"https:\\\/\\\/secure.gravatar.com\\\/avatar\\\/6ba3f3d5934a2eb8d0d436108de90f364c11c1baf1db2a6fdd6b50a0c91479ce?s=96&d=mm&r=g\",\"url\":\"https:\\\/\\\/secure.gravatar.com\\\/avatar\\\/6ba3f3d5934a2eb8d0d436108de90f364c11c1baf1db2a6fdd6b50a0c91479ce?s=96&d=mm&r=g\",\"contentUrl\":\"https:\\\/\\\/secure.gravatar.com\\\/avatar\\\/6ba3f3d5934a2eb8d0d436108de90f364c11c1baf1db2a6fdd6b50a0c91479ce?s=96&d=mm&r=g\",\"caption\":\"Maria Batlle\"},\"sameAs\":[\"http:\\\/\\\/www.silgon.net\"],\"url\":\"https:\\\/\\\/casadecampoliving.com\\\/es\\\/author\\\/mbatlle\\\/\"}]}<\/script>\n<!-- \/ Yoast SEO plugin. -->","yoast_head_json":{"title":"El Museo Regional y Arqueol\u00f3gico de Altos de Chav\u00f3n quiere charlar contigo! | Casa de Campo Living","description":"La Fundaci\u00f3n Cultural de Altos de Chav\u00f3n y El Museo Regional y Arqueol\u00f3gico de Altos de Chav\u00f3n tiene un calendario de eventos durante las siguientes","robots":{"index":"index","follow":"follow","max-snippet":"max-snippet:-1","max-image-preview":"max-image-preview:large","max-video-preview":"max-video-preview:-1"},"canonical":"https:\/\/casadecampoliving.com\/es\/el-museo-regional-y-arqueologico-de-altos-de-chavon-quiere-charlar-contigo\/","og_locale":"es_ES","og_type":"article","og_title":"El Museo Regional y Arqueol\u00f3gico de Altos de Chav\u00f3n quiere charlar contigo! | Casa de Campo Living","og_description":"La Fundaci\u00f3n Cultural de Altos de Chav\u00f3n y El Museo Regional y Arqueol\u00f3gico de Altos de Chav\u00f3n tiene un calendario de eventos durante las siguientes","og_url":"https:\/\/casadecampoliving.com\/es\/el-museo-regional-y-arqueologico-de-altos-de-chavon-quiere-charlar-contigo\/","og_site_name":"Casa de Campo Living","article_publisher":"https:\/\/www.facebook.com\/casadecampoliving","article_published_time":"2013-02-20T04:00:00+00:00","article_modified_time":"2022-10-21T22:49:32+00:00","og_image":[{"width":1000,"height":667,"url":"https:\/\/i0.wp.com\/casadecampoliving.com\/wp-content\/uploads\/2022\/10\/20772437_sSZbRP1-e1558546586278.jpeg?fit=1000%2C667&ssl=1","type":"image\/jpeg"}],"author":"Maria Batlle","twitter_card":"summary_large_image","twitter_creator":"@cdcliving","twitter_site":"@cdcliving","twitter_misc":{"Escrito por":"Maria Batlle","Tiempo de lectura":"1 minuto"},"schema":{"@context":"https:\/\/schema.org","@graph":[{"@type":"Article","@id":"https:\/\/casadecampoliving.com\/es\/el-museo-regional-y-arqueologico-de-altos-de-chavon-quiere-charlar-contigo\/#article","isPartOf":{"@id":"https:\/\/casadecampoliving.com\/es\/el-museo-regional-y-arqueologico-de-altos-de-chavon-quiere-charlar-contigo\/"},"author":{"name":"Maria Batlle","@id":"https:\/\/casadecampoliving.com\/es\/#\/schema\/person\/97b5cc882d48f09d632cfc4b0e5f3454"},"headline":"El Museo Regional y Arqueol\u00f3gico de Altos de Chav\u00f3n quiere charlar contigo!","datePublished":"2013-02-20T04:00:00+00:00","dateModified":"2022-10-21T22:49:32+00:00","mainEntityOfPage":{"@id":"https:\/\/casadecampoliving.com\/es\/el-museo-regional-y-arqueologico-de-altos-de-chavon-quiere-charlar-contigo\/"},"wordCount":309,"publisher":{"@id":"https:\/\/casadecampoliving.com\/es\/#organization"},"image":{"@id":"https:\/\/casadecampoliving.com\/es\/el-museo-regional-y-arqueologico-de-altos-de-chavon-quiere-charlar-contigo\/#primaryimage"},"thumbnailUrl":"https:\/\/i0.wp.com\/casadecampoliving.com\/wp-content\/uploads\/2022\/10\/20772437_sSZbRP1-e1558546586278.jpeg?fit=1000%2C667&ssl=1","keywords":["Altos de Chavon","cultura","culture","educacion","historia","Museo"],"articleSection":["Altos de Chavon @es","Arte y cultura","Destacados","Eventos","Noticias Locales","Proximamente"],"inLanguage":"es"},{"@type":"WebPage","@id":"https:\/\/casadecampoliving.com\/es\/el-museo-regional-y-arqueologico-de-altos-de-chavon-quiere-charlar-contigo\/","url":"https:\/\/casadecampoliving.com\/es\/el-museo-regional-y-arqueologico-de-altos-de-chavon-quiere-charlar-contigo\/","name":"El Museo Regional y Arqueol\u00f3gico de Altos de Chav\u00f3n quiere charlar contigo! | Casa de Campo Living","isPartOf":{"@id":"https:\/\/casadecampoliving.com\/es\/#website"},"primaryImageOfPage":{"@id":"https:\/\/casadecampoliving.com\/es\/el-museo-regional-y-arqueologico-de-altos-de-chavon-quiere-charlar-contigo\/#primaryimage"},"image":{"@id":"https:\/\/casadecampoliving.com\/es\/el-museo-regional-y-arqueologico-de-altos-de-chavon-quiere-charlar-contigo\/#primaryimage"},"thumbnailUrl":"https:\/\/i0.wp.com\/casadecampoliving.com\/wp-content\/uploads\/2022\/10\/20772437_sSZbRP1-e1558546586278.jpeg?fit=1000%2C667&ssl=1","datePublished":"2013-02-20T04:00:00+00:00","dateModified":"2022-10-21T22:49:32+00:00","description":"La Fundaci\u00f3n Cultural de Altos de Chav\u00f3n y El Museo Regional y Arqueol\u00f3gico de Altos de Chav\u00f3n tiene un calendario de eventos durante las siguientes","breadcrumb":{"@id":"https:\/\/casadecampoliving.com\/es\/el-museo-regional-y-arqueologico-de-altos-de-chavon-quiere-charlar-contigo\/#breadcrumb"},"inLanguage":"es","potentialAction":[{"@type":"ReadAction","target":["https:\/\/casadecampoliving.com\/es\/el-museo-regional-y-arqueologico-de-altos-de-chavon-quiere-charlar-contigo\/"]}]},{"@type":"ImageObject","inLanguage":"es","@id":"https:\/\/casadecampoliving.com\/es\/el-museo-regional-y-arqueologico-de-altos-de-chavon-quiere-charlar-contigo\/#primaryimage","url":"https:\/\/i0.wp.com\/casadecampoliving.com\/wp-content\/uploads\/2022\/10\/20772437_sSZbRP1-e1558546586278.jpeg?fit=1000%2C667&ssl=1","contentUrl":"https:\/\/i0.wp.com\/casadecampoliving.com\/wp-content\/uploads\/2022\/10\/20772437_sSZbRP1-e1558546586278.jpeg?fit=1000%2C667&ssl=1","width":1000,"height":667,"caption":"Regional Museum of Archeology Altos de Chavon"},{"@type":"BreadcrumbList","@id":"https:\/\/casadecampoliving.com\/es\/el-museo-regional-y-arqueologico-de-altos-de-chavon-quiere-charlar-contigo\/#breadcrumb","itemListElement":[{"@type":"ListItem","position":1,"name":"Home","item":"https:\/\/casadecampoliving.com\/es\/"},{"@type":"ListItem","position":2,"name":"El Museo Regional y Arqueol\u00f3gico de Altos de Chav\u00f3n quiere charlar contigo!"}]},{"@type":"WebSite","@id":"https:\/\/casadecampoliving.com\/es\/#website","url":"https:\/\/casadecampoliving.com\/es\/","name":"Casa de Campo Living","description":"Resort community news and resources.","publisher":{"@id":"https:\/\/casadecampoliving.com\/es\/#organization"},"potentialAction":[{"@type":"SearchAction","target":{"@type":"EntryPoint","urlTemplate":"https:\/\/casadecampoliving.com\/es\/?s={search_term_string}"},"query-input":{"@type":"PropertyValueSpecification","valueRequired":true,"valueName":"search_term_string"}}],"inLanguage":"es"},{"@type":"Organization","@id":"https:\/\/casadecampoliving.com\/es\/#organization","name":"Casa de Campo Living","url":"https:\/\/casadecampoliving.com\/es\/","logo":{"@type":"ImageObject","inLanguage":"es","@id":"https:\/\/casadecampoliving.com\/es\/#\/schema\/logo\/image\/","url":"https:\/\/i0.wp.com\/casadecampoliving.com\/wp-content\/uploads\/2022\/07\/CDCLivingLogo_V1-white-sized.png?fit=800%2C214&ssl=1","contentUrl":"https:\/\/i0.wp.com\/casadecampoliving.com\/wp-content\/uploads\/2022\/07\/CDCLivingLogo_V1-white-sized.png?fit=800%2C214&ssl=1","width":800,"height":214,"caption":"Casa de Campo Living"},"image":{"@id":"https:\/\/casadecampoliving.com\/es\/#\/schema\/logo\/image\/"},"sameAs":["https:\/\/www.facebook.com\/casadecampoliving","https:\/\/x.com\/cdcliving"]},{"@type":"Person","@id":"https:\/\/casadecampoliving.com\/es\/#\/schema\/person\/97b5cc882d48f09d632cfc4b0e5f3454","name":"Maria Batlle","image":{"@type":"ImageObject","inLanguage":"es","@id":"https:\/\/secure.gravatar.com\/avatar\/6ba3f3d5934a2eb8d0d436108de90f364c11c1baf1db2a6fdd6b50a0c91479ce?s=96&d=mm&r=g","url":"https:\/\/secure.gravatar.com\/avatar\/6ba3f3d5934a2eb8d0d436108de90f364c11c1baf1db2a6fdd6b50a0c91479ce?s=96&d=mm&r=g","contentUrl":"https:\/\/secure.gravatar.com\/avatar\/6ba3f3d5934a2eb8d0d436108de90f364c11c1baf1db2a6fdd6b50a0c91479ce?s=96&d=mm&r=g","caption":"Maria Batlle"},"sameAs":["http:\/\/www.silgon.net"],"url":"https:\/\/casadecampoliving.com\/es\/author\/mbatlle\/"}]}},"parsely":{"version":"1.1.0","canonical_url":"https:\/\/casadecampoliving.com\/es\/el-museo-regional-y-arqueologico-de-altos-de-chavon-quiere-charlar-contigo\/","smart_links":{"inbound":0,"outbound":0},"traffic_boost_suggestions_count":0,"meta":{"@context":"https:\/\/schema.org","@type":"NewsArticle","headline":"El Museo Regional y Arqueol\u00f3gico de Altos de Chav\u00f3n quiere charlar contigo!","url":"http:\/\/casadecampoliving.com\/es\/el-museo-regional-y-arqueologico-de-altos-de-chavon-quiere-charlar-contigo\/","mainEntityOfPage":{"@type":"WebPage","@id":"http:\/\/casadecampoliving.com\/es\/el-museo-regional-y-arqueologico-de-altos-de-chavon-quiere-charlar-contigo\/"},"thumbnailUrl":"https:\/\/i0.wp.com\/casadecampoliving.com\/wp-content\/uploads\/2022\/10\/20772437_sSZbRP1-e1558546586278.jpeg?resize=150%2C150&ssl=1","image":{"@type":"ImageObject","url":"https:\/\/i0.wp.com\/casadecampoliving.com\/wp-content\/uploads\/2022\/10\/20772437_sSZbRP1-e1558546586278.jpeg?fit=1000%2C667&ssl=1"},"articleSection":"Altos de Chavon @es","author":[{"@type":"Person","name":"Maria Batlle"}],"creator":["Maria Batlle"],"publisher":{"@type":"Organization","name":"Casa de Campo Living","logo":"https:\/\/casadecampoliving.com\/wp-content\/uploads\/2022\/07\/CDCLivingLogo_V1-white-sized.png"},"keywords":["altos de chavon","cultura","culture","educacion","historia","museo"],"dateCreated":"2013-02-20T04:00:00Z","datePublished":"2013-02-20T04:00:00Z","dateModified":"2022-10-21T22:49:32Z"},"rendered":"<script type=\"application\/ld+json\" class=\"wp-parsely-metadata\">{\"@context\":\"https:\\\/\\\/schema.org\",\"@type\":\"NewsArticle\",\"headline\":\"El Museo Regional y Arqueol\\u00f3gico de Altos de Chav\\u00f3n quiere charlar contigo!\",\"url\":\"http:\\\/\\\/casadecampoliving.com\\\/es\\\/el-museo-regional-y-arqueologico-de-altos-de-chavon-quiere-charlar-contigo\\\/\",\"mainEntityOfPage\":{\"@type\":\"WebPage\",\"@id\":\"http:\\\/\\\/casadecampoliving.com\\\/es\\\/el-museo-regional-y-arqueologico-de-altos-de-chavon-quiere-charlar-contigo\\\/\"},\"thumbnailUrl\":\"https:\\\/\\\/i0.wp.com\\\/casadecampoliving.com\\\/wp-content\\\/uploads\\\/2022\\\/10\\\/20772437_sSZbRP1-e1558546586278.jpeg?resize=150%2C150&ssl=1\",\"image\":{\"@type\":\"ImageObject\",\"url\":\"https:\\\/\\\/i0.wp.com\\\/casadecampoliving.com\\\/wp-content\\\/uploads\\\/2022\\\/10\\\/20772437_sSZbRP1-e1558546586278.jpeg?fit=1000%2C667&ssl=1\"},\"articleSection\":\"Altos de Chavon @es\",\"author\":[{\"@type\":\"Person\",\"name\":\"Maria Batlle\"}],\"creator\":[\"Maria Batlle\"],\"publisher\":{\"@type\":\"Organization\",\"name\":\"Casa de Campo Living\",\"logo\":\"https:\\\/\\\/casadecampoliving.com\\\/wp-content\\\/uploads\\\/2022\\\/07\\\/CDCLivingLogo_V1-white-sized.png\"},\"keywords\":[\"altos de chavon\",\"cultura\",\"culture\",\"educacion\",\"historia\",\"museo\"],\"dateCreated\":\"2013-02-20T04:00:00Z\",\"datePublished\":\"2013-02-20T04:00:00Z\",\"dateModified\":\"2022-10-21T22:49:32Z\"}<\/script>","tracker_url":"https:\/\/cdn.parsely.com\/keys\/casadecampoliving.com\/p.js"},"jetpack_publicize_connections":[],"jetpack_featured_media_url":"https:\/\/i0.wp.com\/casadecampoliving.com\/wp-content\/uploads\/2022\/10\/20772437_sSZbRP1-e1558546586278.jpeg?fit=1000%2C667&ssl=1","jetpack-related-posts":[{"id":433460,"url":"https:\/\/casadecampoliving.com\/es\/no-se-pierdan-el-increible-tributo-a-frank-sinatra-para-celebrar-el-40-aniversario-del-anfiteatro-altos-de-chavon\/","url_meta":{"origin":340664,"position":0},"title":"No se pierdan el incre\u00edble tributo a Frank Sinatra para celebrar el 40 aniversario del\u00a0Anfiteatro Altos de Chav\u00f3n","author":"Casa de Campo Living","date":"20 Oct, 2022","format":false,"excerpt":"Siendo uno de los escenarios m\u00e1s emblem\u00e1ticos del pa\u00eds, Casa de Campo Resort\u00ae & Villas celebra las cuatro d\u00e9cadas de aniversario de Altos de Chav\u00f3n con un tributo al gran Frank Sinatra, protagonizado por artistas invitados y una big band tal cual la que acompa\u00f1\u00f3 al artista hace 40 a\u00f1os\u2026","rel":"","context":"En \u00abUncategorized @es\u00bb","block_context":{"text":"Uncategorized @es","link":"https:\/\/casadecampoliving.com\/es\/category\/uncategorized-es\/"},"img":{"alt_text":"","src":"https:\/\/i0.wp.com\/casadecampoliving.com\/wp-content\/uploads\/2022\/10\/Tributo-Frank-Sinatra-Foto-Principal-Amaury-Sanchez-Danilo-Ginebra-Andres-Pichardo-y-Jose-Gabriel-Perez-.jpg?fit=1200%2C873&ssl=1&resize=350%2C200","width":350,"height":200,"srcset":"https:\/\/i0.wp.com\/casadecampoliving.com\/wp-content\/uploads\/2022\/10\/Tributo-Frank-Sinatra-Foto-Principal-Amaury-Sanchez-Danilo-Ginebra-Andres-Pichardo-y-Jose-Gabriel-Perez-.jpg?fit=1200%2C873&ssl=1&resize=350%2C200 1x, https:\/\/i0.wp.com\/casadecampoliving.com\/wp-content\/uploads\/2022\/10\/Tributo-Frank-Sinatra-Foto-Principal-Amaury-Sanchez-Danilo-Ginebra-Andres-Pichardo-y-Jose-Gabriel-Perez-.jpg?fit=1200%2C873&ssl=1&resize=525%2C300 1.5x, https:\/\/i0.wp.com\/casadecampoliving.com\/wp-content\/uploads\/2022\/10\/Tributo-Frank-Sinatra-Foto-Principal-Amaury-Sanchez-Danilo-Ginebra-Andres-Pichardo-y-Jose-Gabriel-Perez-.jpg?fit=1200%2C873&ssl=1&resize=700%2C400 2x, https:\/\/i0.wp.com\/casadecampoliving.com\/wp-content\/uploads\/2022\/10\/Tributo-Frank-Sinatra-Foto-Principal-Amaury-Sanchez-Danilo-Ginebra-Andres-Pichardo-y-Jose-Gabriel-Perez-.jpg?fit=1200%2C873&ssl=1&resize=1050%2C600 3x"},"classes":[]},{"id":340610,"url":"https:\/\/casadecampoliving.com\/es\/el-museo-arqueologico-y-el-anfiteatro-altos-de-chavon-les-invita-al-carnaval-infantil-viernes-15-de-feb\/","url_meta":{"origin":340664,"position":1},"title":"\u00a1El Museo Arqueol\u00f3gico y el Anfiteatro Altos de Chav\u00f3n les invita al \u00abCarnaval Infantil\u00bb &#8211; viernes 15 de feb!","author":"","date":"11 Feb, 2013","format":false,"excerpt":"\u00a1Excelentes noticias! Sab\u00edas que pronto se estar\u00e1 celebrando el Carnaval Infantil en Altos de Chav\u00f3n? Sab\u00edas que puedes participar en la comparsa con un s\u00faper disfraz, eligiendo a tu personaje favorito del Carnaval Dominicano? Pues este viernes 15 de febrero, Altos de Chav\u00f3n, bajo la organizaci\u00f3n del Museo Arqueol\u00f3gico Regional\u2026","rel":"","context":"En \u00abAltos de Chavon @es\u00bb","block_context":{"text":"Altos de Chavon @es","link":"https:\/\/casadecampoliving.com\/category\/altos-de-chavon-es\/"},"img":{"alt_text":"carnaval dominicano","src":"https:\/\/i0.wp.com\/casadecampoliving.com\/wp-content\/uploads\/2022\/10\/carnaval_dominicano2-1.jpg?fit=650%2C300&ssl=1&resize=350%2C200","width":350,"height":200,"srcset":"https:\/\/i0.wp.com\/casadecampoliving.com\/wp-content\/uploads\/2022\/10\/carnaval_dominicano2-1.jpg?fit=650%2C300&ssl=1&resize=350%2C200 1x, https:\/\/i0.wp.com\/casadecampoliving.com\/wp-content\/uploads\/2022\/10\/carnaval_dominicano2-1.jpg?fit=650%2C300&ssl=1&resize=525%2C300 1.5x"},"classes":[]},{"id":526313,"url":"https:\/\/casadecampoliving.com\/es\/manuel-macarrulla-trae-traguito-de-carnaval-al-museo-arqueologico-regional-altos-de-chavon\/","url_meta":{"origin":340664,"position":2},"title":"Manuel Macarrulla trae \u00abTraguito de Carnaval\u00bb al Museo Arqueol\u00f3gico Regional Altos de Chav\u00f3n","author":"Casa de Campo Living","date":"23 Ene, 2024","format":false,"excerpt":"El renombrado artista dominicano Manuel Macarrulla impregna el Museo Arqueol\u00f3gico Regional Altos de Chav\u00f3n con la energ\u00eda palpitante del Carnaval. Programada para debutar el s\u00e1bado 3 de febrero, la exposici\u00f3n de Macarrulla, \"Traguito de Carnaval\", promete encender los sentidos y despertar el esp\u00edritu festivo en los visitantes. Su vibrante exhibici\u00f3n\u2026","rel":"","context":"En \u00abAltos de Chav\u00f3n\u00bb","block_context":{"text":"Altos de Chav\u00f3n","link":"https:\/\/casadecampoliving.com\/es\/category\/altos-de-chavon-6\/"},"img":{"alt_text":"","src":"https:\/\/i0.wp.com\/casadecampoliving.com\/wp-content\/uploads\/2024\/01\/TRAGUITO_web_edit-1536x1024-1.webp?fit=1200%2C800&ssl=1&resize=350%2C200","width":350,"height":200,"srcset":"https:\/\/i0.wp.com\/casadecampoliving.com\/wp-content\/uploads\/2024\/01\/TRAGUITO_web_edit-1536x1024-1.webp?fit=1200%2C800&ssl=1&resize=350%2C200 1x, https:\/\/i0.wp.com\/casadecampoliving.com\/wp-content\/uploads\/2024\/01\/TRAGUITO_web_edit-1536x1024-1.webp?fit=1200%2C800&ssl=1&resize=525%2C300 1.5x, https:\/\/i0.wp.com\/casadecampoliving.com\/wp-content\/uploads\/2024\/01\/TRAGUITO_web_edit-1536x1024-1.webp?fit=1200%2C800&ssl=1&resize=700%2C400 2x, https:\/\/i0.wp.com\/casadecampoliving.com\/wp-content\/uploads\/2024\/01\/TRAGUITO_web_edit-1536x1024-1.webp?fit=1200%2C800&ssl=1&resize=1050%2C600 3x"},"classes":[]},{"id":340721,"url":"https:\/\/casadecampoliving.com\/es\/carnaval-infantil-fiesta-ritmo-colorido-y-sonrisas-en-la-plaza-chavon\/","url_meta":{"origin":340664,"position":3},"title":"Carnaval Infantil: \u00a1Fiesta, ritmo, colorido y sonrisas en la Plaza Chav\u00f3n!","author":"","date":"4 Mar, 2013","format":false,"excerpt":"\"Diablo Cojuelo que 'ta pinta'o de amarillo y colora'o\"! El pasado viernes 15 de febrero, el colorido, los cascabeles, maracas, los tambores y ritmos t\u00edpicos, as\u00ed como los numerosos peque\u00f1itos de las comunidades de Casa de Campo y La Romana, llegaron a la Plaza Chav\u00f3n con el prop\u00f3sito de alegrar\u2026","rel":"","context":"En \u00abAltos de Chavon @es\u00bb","block_context":{"text":"Altos de Chavon @es","link":"https:\/\/casadecampoliving.com\/category\/altos-de-chavon-es\/"},"img":{"alt_text":"carnaval infantil","src":"https:\/\/i0.wp.com\/casadecampoliving.com\/wp-content\/uploads\/2022\/10\/carnaval_infantil-1.jpg?fit=650%2C380&ssl=1&resize=350%2C200","width":350,"height":200,"srcset":"https:\/\/i0.wp.com\/casadecampoliving.com\/wp-content\/uploads\/2022\/10\/carnaval_infantil-1.jpg?fit=650%2C380&ssl=1&resize=350%2C200 1x, https:\/\/i0.wp.com\/casadecampoliving.com\/wp-content\/uploads\/2022\/10\/carnaval_infantil-1.jpg?fit=650%2C380&ssl=1&resize=525%2C300 1.5x"},"classes":[]},{"id":340795,"url":"https:\/\/casadecampoliving.com\/es\/la-noche-larga-de-los-museos-regresa-a-altos-de-chavon-con-clases-artesanales-gratuitas-perico-ripiao-y-mas\/","url_meta":{"origin":340664,"position":4},"title":"\u00a1La \u00abNoche Larga de Los Museos\u00bb regresa a Altos de Chav\u00f3n con clases artesanales gratuitas, Perico Ripiao y m\u00e1s!","author":"","date":"15 Mar, 2013","format":false,"excerpt":"\u00a1Este pr\u00f3ximo s\u00e1bado 23 de marzo de 2013, regresa la m\u00e1gica Noche Larga de Los Museos a Altos de Chav\u00f3n y usted est\u00e1 invitado a unirse a la diversi\u00f3n! Como una iniciativa del Ministerio de Cultura que se celebra a nivel nacional desde hace varios a\u00f1os, esta maravillosa actividad cultural\u2026","rel":"","context":"En \u00abAltos de Chavon @es\u00bb","block_context":{"text":"Altos de Chavon @es","link":"https:\/\/casadecampoliving.com\/category\/altos-de-chavon-es\/"},"img":{"alt_text":"dancers altos de chavon","src":"https:\/\/i0.wp.com\/casadecampoliving.com\/wp-content\/uploads\/2022\/10\/dancers_altos_de_chavon-1.jpg?fit=650%2C330&ssl=1&resize=350%2C200","width":350,"height":200,"srcset":"https:\/\/i0.wp.com\/casadecampoliving.com\/wp-content\/uploads\/2022\/10\/dancers_altos_de_chavon-1.jpg?fit=650%2C330&ssl=1&resize=350%2C200 1x, https:\/\/i0.wp.com\/casadecampoliving.com\/wp-content\/uploads\/2022\/10\/dancers_altos_de_chavon-1.jpg?fit=650%2C330&ssl=1&resize=525%2C300 1.5x"},"classes":[]},{"id":526728,"url":"https:\/\/casadecampoliving.com\/es\/abrazando-la-herencia-traguito-de-carnaval-de-manuel-macarrulla-se-presenta-en-altos-de-chavon\/","url_meta":{"origin":340664,"position":5},"title":"Abrazando la Herencia: &#8216;Traguito de Carnaval&#8217; de Manuel Macarrulla se Presenta en Altos de Chav\u00f3n","author":"Casa de Campo Living","date":"7 Feb, 2024","format":false,"excerpt":"El renombrado artista dominicano Manuel Macarrulla ha a\u00f1adido un estallido de color y vitalidad cultural al Museo Arqueol\u00f3gico Regional de Altos de Chav\u00f3n con su \u00faltima exposici\u00f3n titulada Traguito de Carnaval. Abriendo sus puertas el 3 de febrero, la muestra presenta nueve obras vibrantes que celebran las ricas tradiciones de\u2026","rel":"","context":"En \u00abAltos de Chav\u00f3n\u00bb","block_context":{"text":"Altos de Chav\u00f3n","link":"https:\/\/casadecampoliving.com\/es\/category\/altos-de-chavon-6\/"},"img":{"alt_text":"","src":"https:\/\/i0.wp.com\/casadecampoliving.com\/wp-content\/uploads\/2024\/02\/Manuel-Macarrullas-Traguito-de-Carnaval-17.jpg?fit=1200%2C800&ssl=1&resize=350%2C200","width":350,"height":200,"srcset":"https:\/\/i0.wp.com\/casadecampoliving.com\/wp-content\/uploads\/2024\/02\/Manuel-Macarrullas-Traguito-de-Carnaval-17.jpg?fit=1200%2C800&ssl=1&resize=350%2C200 1x, https:\/\/i0.wp.com\/casadecampoliving.com\/wp-content\/uploads\/2024\/02\/Manuel-Macarrullas-Traguito-de-Carnaval-17.jpg?fit=1200%2C800&ssl=1&resize=525%2C300 1.5x, https:\/\/i0.wp.com\/casadecampoliving.com\/wp-content\/uploads\/2024\/02\/Manuel-Macarrullas-Traguito-de-Carnaval-17.jpg?fit=1200%2C800&ssl=1&resize=700%2C400 2x, https:\/\/i0.wp.com\/casadecampoliving.com\/wp-content\/uploads\/2024\/02\/Manuel-Macarrullas-Traguito-de-Carnaval-17.jpg?fit=1200%2C800&ssl=1&resize=1050%2C600 3x"},"classes":[]}],"jetpack_sharing_enabled":true,"_links":{"self":[{"href":"https:\/\/casadecampoliving.com\/es\/wp-json\/wp\/v2\/posts\/340664","targetHints":{"allow":["GET"]}}],"collection":[{"href":"https:\/\/casadecampoliving.com\/es\/wp-json\/wp\/v2\/posts"}],"about":[{"href":"https:\/\/casadecampoliving.com\/es\/wp-json\/wp\/v2\/types\/post"}],"author":[{"embeddable":true,"href":"https:\/\/casadecampoliving.com\/es\/wp-json\/wp\/v2\/users\/405"}],"replies":[{"embeddable":true,"href":"https:\/\/casadecampoliving.com\/es\/wp-json\/wp\/v2\/comments?post=340664"}],"version-history":[{"count":1,"href":"https:\/\/casadecampoliving.com\/es\/wp-json\/wp\/v2\/posts\/340664\/revisions"}],"predecessor-version":[{"id":340665,"href":"https:\/\/casadecampoliving.com\/es\/wp-json\/wp\/v2\/posts\/340664\/revisions\/340665"}],"wp:featuredmedia":[{"embeddable":true,"href":"https:\/\/casadecampoliving.com\/es\/wp-json\/wp\/v2\/media\/263560"}],"wp:attachment":[{"href":"https:\/\/casadecampoliving.com\/es\/wp-json\/wp\/v2\/media?parent=340664"}],"wp:term":[{"taxonomy":"category","embeddable":true,"href":"https:\/\/casadecampoliving.com\/es\/wp-json\/wp\/v2\/categories?post=340664"},{"taxonomy":"post_tag","embeddable":true,"href":"https:\/\/casadecampoliving.com\/es\/wp-json\/wp\/v2\/tags?post=340664"},{"taxonomy":"newspack_spnsrs_tax","embeddable":true,"href":"https:\/\/casadecampoliving.com\/es\/wp-json\/wp\/v2\/newspack_spnsrs_tax?post=340664"}],"curies":[{"name":"wp","href":"https:\/\/api.w.org\/{rel}","templated":true}]}}