{"id":340656,"date":"2013-02-18T00:00:00","date_gmt":"2013-02-18T04:00:00","guid":{"rendered":"https:\/\/casadecampoliving.com\/el-xvi-fin-de-semana-de-recaudacion-de-hogar-del-nino-rompio-record\/"},"modified":"2022-10-21T18:49:17","modified_gmt":"2022-10-21T22:49:17","slug":"el-xvi-fin-de-semana-de-recaudacion-de-hogar-del-nino-rompio-record","status":"publish","type":"post","link":"https:\/\/casadecampoliving.com\/es\/el-xvi-fin-de-semana-de-recaudacion-de-hogar-del-nino-rompio-record\/","title":{"rendered":"El XVI Fin de Semana de Recaudaci\u00f3n Hogar del Ni\u00f1o rompi\u00f3 r\u00e9cord!"},"content":{"rendered":"<div class=\"wp-block-image\">\n<figure class=\"aligncenter is-resized\"><img loading=\"lazy\" decoding=\"async\" src=\"https:\/\/i0.wp.com\/casadecampoliving.com\/wp-content\/uploads\/2022\/10\/hogar_del_nino_minitas_beach1.jpg?resize=650%2C386&amp;ssl=1\" alt=\"hogar del nino minitas beach\" class=\"wp-image-65226\" title=\"hogar_del_nino_minitas_beach\" height=\"386\" width=\"650\"\/><\/figure>\n<\/div>\n\n\n<p>Este pasado fin de semana, viernes 15 y s\u00e1bado 16 de febrero, el Patronato Ben\u00e9fico Oriental&nbsp;(PBO)&nbsp;\u2013 organizaci\u00f3n sombrilla de Hogar del Ni\u00f1o y anfitri\u00f3n del XVI fin de semana de recaudaci\u00f3n celebrado anualmente&nbsp;\u2013 con mucho \u00e9xito y m\u00e1s personas que nunca disfrutando de la celebraci\u00f3n.<\/p>\n\n\n<div class=\"wp-block-image\">\n<figure class=\"alignright is-resized\"><img loading=\"lazy\" decoding=\"async\" src=\"https:\/\/i0.wp.com\/casadecampoliving.com\/wp-content\/uploads\/2022\/10\/hogar_del_nino7.jpg?resize=250%2C284&amp;ssl=1\" alt=\"hogar del nino\" class=\"wp-image-65228\" title=\"hogar_del_nino\" height=\"284\" width=\"250\"\/><\/figure>\n<\/div>\n\n\n<p>Con tantos eventos y actividades planeadas&nbsp;\u2013 literalmente hab\u00eda algo que hacer para toda la familia involucrarse y divertirse por esta maravillosa causa que se encarga de una guarder\u00eda de ni\u00f1os y centro de educaci\u00f3n&nbsp;(Hogar del Ni\u00f1o) en La Romana &nbsp;\u2013 dandole soporte d\u00eda a d\u00eda a m\u00e1s de 1,500 ni\u00f1os desde que son beb\u00e9s hasta los 18 a\u00f1os.<\/p>\n\n\n\n<p>Comenzando el viernes por la ma\u00f1ana, las celebraciones comenzaron con un tour por las instalaciones de Hogar del&nbsp;Ni\u00f1o, seguido despu\u00e9s ese mismo d\u00eda por el popular Tour de Casas y Jard\u00ednes, luego las finales del torneo de polo Hogar del&nbsp;Ni\u00f1o.<\/p>\n\n\n\n<p>El s\u00e1bado en la ma\u00f1ana, la diversi\u00f3n para toda la familia continu\u00f3 con torneos de tenis y golf, as\u00ed como tambi\u00e9n, por segundo a\u00f1o consecutivo, el marat\u00f3n en bicicleta MTB y una clase master de Zumba&nbsp;&nbsp;\u2013 terminando con un estilo incre\u00edble en Playa Minitas con una fiesta en la playa tematizada una cena de gala.<\/p>\n\n\n\n<p>Aqu\u00ed mostramos muy buenos momentos con algunas de nuestras mejores fotos&nbsp;\u2013 prometemos publicar muchas m\u00e1s pronto!<\/p>\n\n\n\n<blockquote><p><strong><a href=\"https:\/\/casadecampoliving.com\/es\/2013\/02\/hogar-dulce-hogar-por-maria-batlle\/\">Tour Instalaciones Hogar del Ni\u00f1o<\/a><\/strong><\/p><figure><img decoding=\"async\" loading=\"lazy\" class=\"aligncenter size-full wp-image-65211\" title=\"hogar_del_nino\" src=\"https:\/\/i0.wp.com\/casadecampoliving.com\/wp-content\/uploads\/2022\/10\/hogar_del_nino6-4.jpg?resize=612%2C477&amp;ssl=1\" alt=\"hogar del nino\" width=\"612\" height=\"477\"><\/figure><p>Visitar Hogar del&nbsp;Ni\u00f1o es una experiencia que nunca se olvida. Ser saludado por tantos ni\u00f1os felices, sonrientes y adorables es una cosa &nbsp;\u2013&nbsp;pero entonces ver todas las instalaciones incre\u00edbles, los servicios y facilidades que provee Hogar del&nbsp;Ni\u00f1o, los programas de educaci\u00f3n, todo el cuidado m\u00e9dico y dental, la sala cuna\u2026 Y tantas otras m\u00e1s&nbsp;\u2013 es algo que trae esperanza de un futuro brillante para estos ni\u00f1os.<\/p><p><em><strong>\u201cLas personas que trabajan en Hogar del <strong>Ni\u00f1o hacen todo con amor y pasi\u00f3n<\/strong>\u201c<\/strong><\/em> \u2014 Maria Batlle, Artista en Residencia, Altos de Chav\u00f3n School of Art and Design<\/p><p><em><strong><a href=\"https:\/\/casadecampoliving.com\/es\/2013\/02\/hogar-dulce-hogar-por-maria-batlle\/\">Haga click aqu\u00ed para m\u00e1s fotos y el art\u00edculo completo!<\/a><\/strong><\/em><\/p><\/blockquote>\n\n\n\n<blockquote><p><strong>Tour de Casas y Jard\u00ednes&nbsp;<\/strong><\/p><figure><img decoding=\"async\" loading=\"lazy\" class=\"aligncenter size-full wp-image-65218\" title=\"casa_favorita\" src=\"https:\/\/i0.wp.com\/casadecampoliving.com\/wp-content\/uploads\/2022\/10\/casa_favorita-2.jpg?resize=620%2C408&amp;ssl=1\" alt=\"casa favorita\" width=\"620\" height=\"408\"><\/figure><p>La oportunidad de ver dentro de la casa de otra persona es casi irresistible&nbsp;\u2013 por eso cada a\u00f1o&nbsp;Hogar del Ni\u00f1o organiza el Tour de Casas y Jard\u00ednes de Casa de Campo&nbsp;\u2013 dandole a los que apoyan la causa, el chance de ver algunas de las casas m\u00e1s incre\u00edbles de Casa de Campo. Este a\u00f1o el Tour visit\u00f3 \u201cCasa Favorita\u201d&nbsp;(foto arriba) la impresionante villa en Casa de Campo de Dominique Bluhdorn, \u201cP\u00eda\u201d en Vista Catalina, Punta Aguila #63 y R\u00edo Arriba #17.<\/p><\/blockquote>\n\n\n\n<blockquote><p><strong><a href=\"https:\/\/casadecampoliving.com\/es\/2013\/02\/y-el-ganador-de-la-copa-hogar-del-nino-es-pitirri\/\">Torneo de Polo \u201cCopa Hogar del Ni\u00f1o\u201d&nbsp;<\/a><\/strong><\/p><figure><img decoding=\"async\" loading=\"lazy\" class=\"aligncenter size-full wp-image-65233\" title=\"hogar_del_nino_polo\" src=\"https:\/\/i0.wp.com\/casadecampoliving.com\/wp-content\/uploads\/2022\/10\/hogar_del_nino_polo.jpg?resize=620%2C255&amp;ssl=1\" alt=\"hogar del nino polo\" width=\"620\" height=\"255\"><\/figure><p>El torneo de polo anual \u201cCopa Hogar del&nbsp;Ni\u00f1o\u201d fu\u00e9 batallada entre 7 equipos desde el 6 al 15 de febrero, llegando a su cierre el viernes 15 cuando La Carbuccia se encontr\u00f3 con Pitirri y Pitirri fu\u00e9 el campe\u00f3n.<\/p><p><em><strong><a href=\"https:\/\/casadecampoliving.com\/es\/2013\/02\/y-el-ganador-de-la-copa-hogar-del-nino-es-pitirri\/\">Haga click aqu\u00ed para m\u00e1s fotos y el art\u00edculo completo!<\/a><\/strong><\/em><\/p><\/blockquote>\n\n\n\n<blockquote><p><strong>&nbsp;Torneo de Tenis<\/strong><\/p><figure><img decoding=\"async\" loading=\"lazy\" class=\"aligncenter size-full wp-image-65219\" title=\"hogar_del_nino_tennis\" src=\"https:\/\/i0.wp.com\/casadecampoliving.com\/wp-content\/uploads\/2022\/10\/hogar_del_nino_tennis.jpg?resize=620%2C327&amp;ssl=1\" alt=\"hogar del nino tennis\" width=\"620\" height=\"327\"><\/figure><p>Jugado con dobles mezclados en un formato \u201cround robin\u201d, la comunidad filantr\u00f3pica de tenis de Casa de Campo compiti\u00f3 para ser nombrada campeona en La Romana Country Club.<\/p><\/blockquote>\n\n\n\n<blockquote><p><strong><a href=\"https:\/\/casadecampoliving.com\/es\/2013\/03\/el-torneo-de-golf-del-hogar-del-nino-un-hoyo-en-uno-por-la-educacion\/\">Torneo de Golf<\/a><\/strong><\/p><figure><img decoding=\"async\" loading=\"lazy\" class=\"aligncenter size-full wp-image-65220\" title=\"hogar_del_nino_golf\" src=\"https:\/\/i0.wp.com\/casadecampoliving.com\/wp-content\/uploads\/2022\/10\/hogar_del_nino_golf.jpg?resize=620%2C448&amp;ssl=1\" alt=\"hogar del nino golf\" width=\"620\" height=\"448\"><\/figure><p>Con m\u00e1s de 200 jugadores, el torneo de golf celebrado anualmente en el campo Pete Dye, La Romana Country Club, se desarroll\u00f3 entre las 8AM y 1PM. Los jugadores disfrutaron un d\u00eda en el sol&nbsp;\u2013 as\u00ed como tambi\u00e9n contaron con la agradable presencia de ron Brugal, hamburguesas y papas fritas de McDonalds y m\u00e1s.<\/p><p><em><strong><a href=\"https:\/\/casadecampoliving.com\/es\/2013\/03\/el-torneo-de-golf-del-hogar-del-nino-un-hoyo-en-uno-por-la-educacion\/\">Haga click aqu\u00ed para fotos y el art\u00edculo completo!<\/a><\/strong><\/em><\/p><\/blockquote>\n\n\n\n<blockquote><p><strong><a href=\"https:\/\/casadecampoliving.com\/es\/2013\/03\/un-paseito-por-casa-de-campo-el-maraton-de-ciclismo-mtb-del-hogar-del-nino\/\">2do Marat\u00f3n Anual de Bicicleta MTB<\/a><\/strong><\/p><figure><img decoding=\"async\" loading=\"lazy\" class=\"aligncenter size-full wp-image-65221\" title=\"hogar_del_nino_bike\" src=\"https:\/\/i0.wp.com\/casadecampoliving.com\/wp-content\/uploads\/2022\/10\/hogar_del_nino_bike.jpg?resize=620%2C465&amp;ssl=1\" alt=\"hogar del nino bike\" width=\"620\" height=\"465\"><\/figure><p>Rompiendo el rec\u00f3rd de participaci\u00f3n, el 2do Marat\u00f3n Anual de Bicicleta MTB fu\u00e9 de gran \u00e9xito. Entusiastas de bicicletas de todas las edades compitieron alrededor de dos rutas alrededor del resort de Casa de Campo, una para los adultos y una para los ni\u00f1os.<\/p><p><em><strong><a href=\"https:\/\/casadecampoliving.com\/es\/2013\/03\/un-paseito-por-casa-de-campo-el-maraton-de-ciclismo-mtb-del-hogar-del-nino\/\">Haga click aqu\u00ed para fotos y el art\u00edculo completo!<\/a><\/strong><\/em><\/p><\/blockquote>\n\n\n\n<blockquote><p><strong><a href=\"https:\/\/casadecampoliving.com\/es\/2013\/02\/zumba-en-playa-minitas\/\">Clase de Zumba!<\/a><\/strong><\/p><figure><img decoding=\"async\" loading=\"lazy\" class=\"aligncenter size-full wp-image-65222\" title=\"hogar_del_nino_zumba\" src=\"https:\/\/i0.wp.com\/casadecampoliving.com\/wp-content\/uploads\/2022\/10\/hogar_del_nino_zumba.jpg?resize=620%2C373&amp;ssl=1\" alt=\"hogar del nino zumba\" width=\"620\" height=\"373\"><\/figure><p>La clase de Zumba dirigida por el equipo de Zumba de Casa de Campo&nbsp;(Daniela Diazgranados, Lia Matos, Gaby Grisolia and Fefi Diazgranados) fu\u00e9 como Xiomarita&nbsp;(Presidente de Hogar del Ni\u00f1o) lo describi\u00f3&nbsp;\u2013 \u201cuna forma de quemar las calor\u00edas que vamos a adquirir m\u00e1s tarde&nbsp;[en la cena].\u201d<\/p><p><em><strong><a href=\"https:\/\/casadecampoliving.com\/es\/2013\/02\/zumba-en-playa-minitas\/\">Haga click aqu\u00ed para m\u00e1s fotos!<\/a><\/strong><\/em><\/p><\/blockquote>\n\n\n\n<blockquote><p><strong><a href=\"https:\/\/casadecampoliving.com\/es\/2013\/03\/celebrando-en-la-arena-con-el-hogar-del-nino-en-la-mejor-fiesta-playera\/\">Fiesta en la Playa, Cena de Gala<\/a>&nbsp;<\/strong><\/p><figure><img decoding=\"async\" loading=\"lazy\" class=\"aligncenter size-full wp-image-65223\" title=\"hogar_del_nino_minitas_beach\" src=\"https:\/\/i0.wp.com\/casadecampoliving.com\/wp-content\/uploads\/2022\/10\/hogar_del_nino_minitas_beach.jpg?resize=620%2C377&amp;ssl=1\" alt=\"hogar del nino minitas beach\" width=\"620\" height=\"377\"><\/figure><p>Durante los \u00faltimos 15 a\u00f1os, Hogar del&nbsp;Ni\u00f1o ha celebrado el cierre de la actividades de su fin de semana de recaudaci\u00f3n&nbsp;\u2013 la cena de gala \u2013 en La Romana Country Club, tipicamente una elegante ocasi\u00f3n con cocteles, cena, m\u00fasica y bailes. Pero este a\u00f1o en espir\u00edtu de \u201camor, paz y vida\u201d la celebraci\u00f3n se hizo en Playa Minitas, donde los invitados fueron animados a quitarse los zapatos y bailar toda la noche en la arena.<\/p><p><em><strong><a href=\"https:\/\/casadecampoliving.com\/es\/2013\/03\/celebrando-en-la-arena-con-el-hogar-del-nino-en-la-mejor-fiesta-playera\/\">Haga click aqu\u00ed para fotos y el art\u00edculo completo!<\/a><\/strong><\/em><\/p><\/blockquote>\n\n\n\n<blockquote><p><strong><a href=\"https:\/\/casadecampoliving.com\/hogardelnino\/\">Hogar del Ni\u00f1o<\/a><\/strong><\/p><figure><img decoding=\"async\" loading=\"lazy\" class=\"alignright\" title=\"hogar_del_nino\" src=\"https:\/\/i0.wp.com\/casadecampoliving.com\/wp-content\/uploads\/2022\/10\/hogar_del_nino.jpg?resize=200%2C105&amp;ssl=1\" alt=\"hogar del nino \" width=\"200\" height=\"105\"><\/figure><p>Hogar del Ni\u00f1o es una guarder\u00eda y centro de educaci\u00f3n para m\u00e1s de 1, 500 ni\u00f1os, est\u00e1 localizado en el pueblo de La Romana, justo en las afueras de Casa de Campo. Ni\u00f1os desde dos semanas de nacidos hasta sus 18 a\u00f1os son cuidados y educados diariamente, desde las 5:30 A.M. hasta las 7:00 P.M.<\/p><p>La organizaci\u00f3n tambi\u00e9n provee educaci\u00f3n especial para aproximadamente 75 ni\u00f1os sordos y ciegos, as\u00ed como una escuela vocacional donde alrededor de 235 estudiantes reciben clases en diferentes \u00e1reas como preparaci\u00f3n industrial, instalaci\u00f3n y mantenimiento el\u00e9ctrico, plomer\u00eda y manejo de programas de computadoras de oficina.<\/p><p><em><strong><a href=\"https:\/\/casadecampoliving.com\/hogardelnino\/\">Haga click aqu\u00ed para leer &nbsp;m\u00e1s sobre <em><strong><\/strong><\/em><\/a><em><strong><a href=\"https:\/\/casadecampoliving.com\/hogardelnino\/\">Hogar del Ni\u00f1o<\/a>,&nbsp;sus eventos recientes y actividades<\/strong><\/em><\/strong><\/em><\/p><figure><img decoding=\"async\" loading=\"lazy\" title=\"hogar_del_nino_la_romana\" src=\"https:\/\/i0.wp.com\/casadecampoliving.com\/wp-content\/uploads\/2022\/10\/hogar_del_nino_la_romana.jpg?resize=550%2C299&amp;ssl=1\" alt=\"hogar del nino la romana\" width=\"550\" height=\"299\"><\/figure><p><strong>Contactos de Hogar del Ni\u00f1o:<\/strong><br>\n<strong>Tel:<\/strong>&nbsp;<a href=\"tel:%28809%29%20523-8901\" target=\"_blank\" rel=\"noopener\">(809) 523-8901<\/a>&nbsp;or (809) 556-3181<br>\n<strong>Email:<\/strong>&nbsp;<a href=\"mailto:info@pbo.org.do\" target=\"_blank\" rel=\"noopener\">info@pbo.org.do<\/a><br>\n<strong>Website:<\/strong>&nbsp;<a href=\"http:\/\/www.hogardelnino.com\/\">www.hogardelnino.com<\/a><\/p><\/blockquote>\n","protected":false},"excerpt":{"rendered":"<p>Este pasado fin de semana, viernes 15 y s\u00e1bado 16 de febrero, el Patronato Ben\u00e9fico Oriental&nbsp;(PBO)&nbsp;\u2013 organizaci\u00f3n sombrilla de Hogar del Ni\u00f1o y anfitri\u00f3n del XVI fin de semana de recaudaci\u00f3n celebrado anualmente&nbsp;\u2013 con mucho \u00e9xito y m\u00e1s personas que nunca disfrutando de la celebraci\u00f3n. Con tantos eventos y actividades planeadas&nbsp;\u2013 literalmente hab\u00eda algo que [&hellip;]<\/p>\n","protected":false},"author":405,"featured_media":262568,"comment_status":"closed","ping_status":"closed","sticky":false,"template":"","format":"standard","meta":{"newspack_ads_suppress_ads":false,"newspack_popups_has_disabled_popups":false,"newspack_sponsor_sponsorship_scope":"","newspack_sponsor_native_byline_display":"inherit","newspack_sponsor_native_category_display":"inherit","newspack_sponsor_underwriter_style":"inherit","newspack_sponsor_underwriter_placement":"inherit","_newspack_byline_active":false,"_newspack_byline":"","newspack_hide_updated_date":false,"newspack_show_updated_date":false,"newspack_content_restriction_is_exempt":false,"newspack_featured_image_position":"","newspack_post_subtitle":"","newspack_article_summary_title":"Overview:","newspack_article_summary":"","_jetpack_memberships_contains_paid_content":false,"footnotes":"","jetpack_publicize_message":"","jetpack_publicize_feature_enabled":true,"jetpack_social_post_already_shared":false,"jetpack_social_options":{"image_generator_settings":{"template":"highway","default_image_id":0,"font":"","enabled":false},"version":2},"_wpas_customize_per_network":false},"categories":[2522,2514,2516,14625,14627,2526],"tags":[23815,4484,14876,502,2599,1140,2641,6006],"newspack_spnsrs_tax":[],"class_list":["post-340656","post","type-post","status-publish","format-standard","has-post-thumbnail","hentry","category-eventos-es","category-fundaciones-es","category-hogar-del-nino-es","category-noticias-locales","category-proximamente","category-titulares-es","tag-casa-de-campo-es-17","tag-el-hogar-del-nino","tag-hogar-del-nino-es","tag-playa-minitas","tag-torneo-de-golf","tag-torneo-de-polo","tag-torneo-de-tenis","tag-zumba-es","entry"],"yoast_head":"<!-- This site is optimized with the Yoast SEO plugin v27.4 - https:\/\/yoast.com\/product\/yoast-seo-wordpress\/ -->\n<title>El XVI Fin de Semana de Recaudaci\u00f3n Hogar del Ni\u00f1o rompi\u00f3 r\u00e9cord! | Casa de Campo Living<\/title>\n<meta name=\"description\" content=\"Este pasado fin de semana, viernes 15 y s\u00e1bado 16 de febrero, el Patronato Ben\u00e9fico Oriental&nbsp;(PBO)&nbsp;\u2013 organizaci\u00f3n sombrilla de Hogar del Ni\u00f1o y\" \/>\n<meta name=\"robots\" content=\"index, follow, max-snippet:-1, max-image-preview:large, max-video-preview:-1\" \/>\n<link rel=\"canonical\" href=\"https:\/\/casadecampoliving.com\/es\/el-xvi-fin-de-semana-de-recaudacion-de-hogar-del-nino-rompio-record\/\" \/>\n<meta property=\"og:locale\" content=\"es_ES\" \/>\n<meta property=\"og:type\" content=\"article\" \/>\n<meta property=\"og:title\" content=\"El XVI Fin de Semana de Recaudaci\u00f3n Hogar del Ni\u00f1o rompi\u00f3 r\u00e9cord! | Casa de Campo Living\" \/>\n<meta property=\"og:description\" content=\"Este pasado fin de semana, viernes 15 y s\u00e1bado 16 de febrero, el Patronato Ben\u00e9fico Oriental&nbsp;(PBO)&nbsp;\u2013 organizaci\u00f3n sombrilla de Hogar del Ni\u00f1o y\" \/>\n<meta property=\"og:url\" content=\"https:\/\/casadecampoliving.com\/es\/el-xvi-fin-de-semana-de-recaudacion-de-hogar-del-nino-rompio-record\/\" \/>\n<meta property=\"og:site_name\" content=\"Casa de Campo Living\" \/>\n<meta property=\"article:publisher\" content=\"https:\/\/www.facebook.com\/casadecampoliving\" \/>\n<meta property=\"article:published_time\" content=\"2013-02-18T04:00:00+00:00\" \/>\n<meta property=\"article:modified_time\" content=\"2022-10-21T22:49:17+00:00\" \/>\n<meta property=\"og:image\" content=\"https:\/\/i0.wp.com\/casadecampoliving.com\/wp-content\/uploads\/2022\/10\/hogar_del_nino_minitas_beach1-1.jpg?fit=650%2C386&ssl=1\" \/>\n\t<meta property=\"og:image:width\" content=\"650\" \/>\n\t<meta property=\"og:image:height\" content=\"386\" \/>\n\t<meta property=\"og:image:type\" content=\"image\/jpeg\" \/>\n<meta name=\"author\" content=\"Maria Batlle\" \/>\n<meta name=\"twitter:card\" content=\"summary_large_image\" \/>\n<meta name=\"twitter:creator\" content=\"@cdcliving\" \/>\n<meta name=\"twitter:site\" content=\"@cdcliving\" \/>\n<meta name=\"twitter:label1\" content=\"Escrito por\" \/>\n\t<meta name=\"twitter:data1\" content=\"Maria Batlle\" \/>\n\t<meta name=\"twitter:label2\" content=\"Tiempo de lectura\" \/>\n\t<meta name=\"twitter:data2\" content=\"5 minutos\" \/>\n<script type=\"application\/ld+json\" class=\"yoast-schema-graph\">{\"@context\":\"https:\\\/\\\/schema.org\",\"@graph\":[{\"@type\":\"Article\",\"@id\":\"https:\\\/\\\/casadecampoliving.com\\\/es\\\/el-xvi-fin-de-semana-de-recaudacion-de-hogar-del-nino-rompio-record\\\/#article\",\"isPartOf\":{\"@id\":\"https:\\\/\\\/casadecampoliving.com\\\/es\\\/el-xvi-fin-de-semana-de-recaudacion-de-hogar-del-nino-rompio-record\\\/\"},\"author\":{\"name\":\"Maria Batlle\",\"@id\":\"https:\\\/\\\/casadecampoliving.com\\\/es\\\/#\\\/schema\\\/person\\\/97b5cc882d48f09d632cfc4b0e5f3454\"},\"headline\":\"El XVI Fin de Semana de Recaudaci\u00f3n Hogar del Ni\u00f1o rompi\u00f3 r\u00e9cord!\",\"datePublished\":\"2013-02-18T04:00:00+00:00\",\"dateModified\":\"2022-10-21T22:49:17+00:00\",\"mainEntityOfPage\":{\"@id\":\"https:\\\/\\\/casadecampoliving.com\\\/es\\\/el-xvi-fin-de-semana-de-recaudacion-de-hogar-del-nino-rompio-record\\\/\"},\"wordCount\":1052,\"publisher\":{\"@id\":\"https:\\\/\\\/casadecampoliving.com\\\/es\\\/#organization\"},\"image\":{\"@id\":\"https:\\\/\\\/casadecampoliving.com\\\/es\\\/el-xvi-fin-de-semana-de-recaudacion-de-hogar-del-nino-rompio-record\\\/#primaryimage\"},\"thumbnailUrl\":\"https:\\\/\\\/i0.wp.com\\\/casadecampoliving.com\\\/wp-content\\\/uploads\\\/2022\\\/10\\\/hogar_del_nino_minitas_beach1-1.jpg?fit=650%2C386&ssl=1\",\"keywords\":[\"Casa de Campo\",\"el hogar del nino\",\"hogar del nino\",\"playa minitas\",\"torneo de golf\",\"torneo de polo\",\"torneo de tenis\",\"zumba @es\"],\"articleSection\":[\"Eventos\",\"Fundaciones\",\"Hogar del Ni\u00f1o @es\",\"Noticias Locales\",\"Proximamente\",\"Titulares\"],\"inLanguage\":\"es\"},{\"@type\":\"WebPage\",\"@id\":\"https:\\\/\\\/casadecampoliving.com\\\/es\\\/el-xvi-fin-de-semana-de-recaudacion-de-hogar-del-nino-rompio-record\\\/\",\"url\":\"https:\\\/\\\/casadecampoliving.com\\\/es\\\/el-xvi-fin-de-semana-de-recaudacion-de-hogar-del-nino-rompio-record\\\/\",\"name\":\"El XVI Fin de Semana de Recaudaci\u00f3n Hogar del Ni\u00f1o rompi\u00f3 r\u00e9cord! | Casa de Campo Living\",\"isPartOf\":{\"@id\":\"https:\\\/\\\/casadecampoliving.com\\\/es\\\/#website\"},\"primaryImageOfPage\":{\"@id\":\"https:\\\/\\\/casadecampoliving.com\\\/es\\\/el-xvi-fin-de-semana-de-recaudacion-de-hogar-del-nino-rompio-record\\\/#primaryimage\"},\"image\":{\"@id\":\"https:\\\/\\\/casadecampoliving.com\\\/es\\\/el-xvi-fin-de-semana-de-recaudacion-de-hogar-del-nino-rompio-record\\\/#primaryimage\"},\"thumbnailUrl\":\"https:\\\/\\\/i0.wp.com\\\/casadecampoliving.com\\\/wp-content\\\/uploads\\\/2022\\\/10\\\/hogar_del_nino_minitas_beach1-1.jpg?fit=650%2C386&ssl=1\",\"datePublished\":\"2013-02-18T04:00:00+00:00\",\"dateModified\":\"2022-10-21T22:49:17+00:00\",\"description\":\"Este pasado fin de semana, viernes 15 y s\u00e1bado 16 de febrero, el Patronato Ben\u00e9fico Oriental&nbsp;(PBO)&nbsp;\u2013 organizaci\u00f3n sombrilla de Hogar del Ni\u00f1o y\",\"breadcrumb\":{\"@id\":\"https:\\\/\\\/casadecampoliving.com\\\/es\\\/el-xvi-fin-de-semana-de-recaudacion-de-hogar-del-nino-rompio-record\\\/#breadcrumb\"},\"inLanguage\":\"es\",\"potentialAction\":[{\"@type\":\"ReadAction\",\"target\":[\"https:\\\/\\\/casadecampoliving.com\\\/es\\\/el-xvi-fin-de-semana-de-recaudacion-de-hogar-del-nino-rompio-record\\\/\"]}]},{\"@type\":\"ImageObject\",\"inLanguage\":\"es\",\"@id\":\"https:\\\/\\\/casadecampoliving.com\\\/es\\\/el-xvi-fin-de-semana-de-recaudacion-de-hogar-del-nino-rompio-record\\\/#primaryimage\",\"url\":\"https:\\\/\\\/i0.wp.com\\\/casadecampoliving.com\\\/wp-content\\\/uploads\\\/2022\\\/10\\\/hogar_del_nino_minitas_beach1-1.jpg?fit=650%2C386&ssl=1\",\"contentUrl\":\"https:\\\/\\\/i0.wp.com\\\/casadecampoliving.com\\\/wp-content\\\/uploads\\\/2022\\\/10\\\/hogar_del_nino_minitas_beach1-1.jpg?fit=650%2C386&ssl=1\",\"width\":650,\"height\":386,\"caption\":\"hogar del nino minitas beach\"},{\"@type\":\"BreadcrumbList\",\"@id\":\"https:\\\/\\\/casadecampoliving.com\\\/es\\\/el-xvi-fin-de-semana-de-recaudacion-de-hogar-del-nino-rompio-record\\\/#breadcrumb\",\"itemListElement\":[{\"@type\":\"ListItem\",\"position\":1,\"name\":\"Home\",\"item\":\"https:\\\/\\\/casadecampoliving.com\\\/es\\\/\"},{\"@type\":\"ListItem\",\"position\":2,\"name\":\"El XVI Fin de Semana de Recaudaci\u00f3n Hogar del Ni\u00f1o rompi\u00f3 r\u00e9cord!\"}]},{\"@type\":\"WebSite\",\"@id\":\"https:\\\/\\\/casadecampoliving.com\\\/es\\\/#website\",\"url\":\"https:\\\/\\\/casadecampoliving.com\\\/es\\\/\",\"name\":\"Casa de Campo Living\",\"description\":\"Resort community news and resources.\",\"publisher\":{\"@id\":\"https:\\\/\\\/casadecampoliving.com\\\/es\\\/#organization\"},\"potentialAction\":[{\"@type\":\"SearchAction\",\"target\":{\"@type\":\"EntryPoint\",\"urlTemplate\":\"https:\\\/\\\/casadecampoliving.com\\\/es\\\/?s={search_term_string}\"},\"query-input\":{\"@type\":\"PropertyValueSpecification\",\"valueRequired\":true,\"valueName\":\"search_term_string\"}}],\"inLanguage\":\"es\"},{\"@type\":\"Organization\",\"@id\":\"https:\\\/\\\/casadecampoliving.com\\\/es\\\/#organization\",\"name\":\"Casa de Campo Living\",\"url\":\"https:\\\/\\\/casadecampoliving.com\\\/es\\\/\",\"logo\":{\"@type\":\"ImageObject\",\"inLanguage\":\"es\",\"@id\":\"https:\\\/\\\/casadecampoliving.com\\\/es\\\/#\\\/schema\\\/logo\\\/image\\\/\",\"url\":\"https:\\\/\\\/i0.wp.com\\\/casadecampoliving.com\\\/wp-content\\\/uploads\\\/2022\\\/07\\\/CDCLivingLogo_V1-white-sized.png?fit=800%2C214&ssl=1\",\"contentUrl\":\"https:\\\/\\\/i0.wp.com\\\/casadecampoliving.com\\\/wp-content\\\/uploads\\\/2022\\\/07\\\/CDCLivingLogo_V1-white-sized.png?fit=800%2C214&ssl=1\",\"width\":800,\"height\":214,\"caption\":\"Casa de Campo Living\"},\"image\":{\"@id\":\"https:\\\/\\\/casadecampoliving.com\\\/es\\\/#\\\/schema\\\/logo\\\/image\\\/\"},\"sameAs\":[\"https:\\\/\\\/www.facebook.com\\\/casadecampoliving\",\"https:\\\/\\\/x.com\\\/cdcliving\"]},{\"@type\":\"Person\",\"@id\":\"https:\\\/\\\/casadecampoliving.com\\\/es\\\/#\\\/schema\\\/person\\\/97b5cc882d48f09d632cfc4b0e5f3454\",\"name\":\"Maria Batlle\",\"image\":{\"@type\":\"ImageObject\",\"inLanguage\":\"es\",\"@id\":\"https:\\\/\\\/secure.gravatar.com\\\/avatar\\\/6ba3f3d5934a2eb8d0d436108de90f364c11c1baf1db2a6fdd6b50a0c91479ce?s=96&d=mm&r=g\",\"url\":\"https:\\\/\\\/secure.gravatar.com\\\/avatar\\\/6ba3f3d5934a2eb8d0d436108de90f364c11c1baf1db2a6fdd6b50a0c91479ce?s=96&d=mm&r=g\",\"contentUrl\":\"https:\\\/\\\/secure.gravatar.com\\\/avatar\\\/6ba3f3d5934a2eb8d0d436108de90f364c11c1baf1db2a6fdd6b50a0c91479ce?s=96&d=mm&r=g\",\"caption\":\"Maria Batlle\"},\"sameAs\":[\"http:\\\/\\\/www.silgon.net\"],\"url\":\"https:\\\/\\\/casadecampoliving.com\\\/es\\\/author\\\/mbatlle\\\/\"}]}<\/script>\n<!-- \/ Yoast SEO plugin. -->","yoast_head_json":{"title":"El XVI Fin de Semana de Recaudaci\u00f3n Hogar del Ni\u00f1o rompi\u00f3 r\u00e9cord! | Casa de Campo Living","description":"Este pasado fin de semana, viernes 15 y s\u00e1bado 16 de febrero, el Patronato Ben\u00e9fico Oriental&nbsp;(PBO)&nbsp;\u2013 organizaci\u00f3n sombrilla de Hogar del Ni\u00f1o y","robots":{"index":"index","follow":"follow","max-snippet":"max-snippet:-1","max-image-preview":"max-image-preview:large","max-video-preview":"max-video-preview:-1"},"canonical":"https:\/\/casadecampoliving.com\/es\/el-xvi-fin-de-semana-de-recaudacion-de-hogar-del-nino-rompio-record\/","og_locale":"es_ES","og_type":"article","og_title":"El XVI Fin de Semana de Recaudaci\u00f3n Hogar del Ni\u00f1o rompi\u00f3 r\u00e9cord! | Casa de Campo Living","og_description":"Este pasado fin de semana, viernes 15 y s\u00e1bado 16 de febrero, el Patronato Ben\u00e9fico Oriental&nbsp;(PBO)&nbsp;\u2013 organizaci\u00f3n sombrilla de Hogar del Ni\u00f1o y","og_url":"https:\/\/casadecampoliving.com\/es\/el-xvi-fin-de-semana-de-recaudacion-de-hogar-del-nino-rompio-record\/","og_site_name":"Casa de Campo Living","article_publisher":"https:\/\/www.facebook.com\/casadecampoliving","article_published_time":"2013-02-18T04:00:00+00:00","article_modified_time":"2022-10-21T22:49:17+00:00","og_image":[{"width":650,"height":386,"url":"https:\/\/i0.wp.com\/casadecampoliving.com\/wp-content\/uploads\/2022\/10\/hogar_del_nino_minitas_beach1-1.jpg?fit=650%2C386&ssl=1","type":"image\/jpeg"}],"author":"Maria Batlle","twitter_card":"summary_large_image","twitter_creator":"@cdcliving","twitter_site":"@cdcliving","twitter_misc":{"Escrito por":"Maria Batlle","Tiempo de lectura":"5 minutos"},"schema":{"@context":"https:\/\/schema.org","@graph":[{"@type":"Article","@id":"https:\/\/casadecampoliving.com\/es\/el-xvi-fin-de-semana-de-recaudacion-de-hogar-del-nino-rompio-record\/#article","isPartOf":{"@id":"https:\/\/casadecampoliving.com\/es\/el-xvi-fin-de-semana-de-recaudacion-de-hogar-del-nino-rompio-record\/"},"author":{"name":"Maria Batlle","@id":"https:\/\/casadecampoliving.com\/es\/#\/schema\/person\/97b5cc882d48f09d632cfc4b0e5f3454"},"headline":"El XVI Fin de Semana de Recaudaci\u00f3n Hogar del Ni\u00f1o rompi\u00f3 r\u00e9cord!","datePublished":"2013-02-18T04:00:00+00:00","dateModified":"2022-10-21T22:49:17+00:00","mainEntityOfPage":{"@id":"https:\/\/casadecampoliving.com\/es\/el-xvi-fin-de-semana-de-recaudacion-de-hogar-del-nino-rompio-record\/"},"wordCount":1052,"publisher":{"@id":"https:\/\/casadecampoliving.com\/es\/#organization"},"image":{"@id":"https:\/\/casadecampoliving.com\/es\/el-xvi-fin-de-semana-de-recaudacion-de-hogar-del-nino-rompio-record\/#primaryimage"},"thumbnailUrl":"https:\/\/i0.wp.com\/casadecampoliving.com\/wp-content\/uploads\/2022\/10\/hogar_del_nino_minitas_beach1-1.jpg?fit=650%2C386&ssl=1","keywords":["Casa de Campo","el hogar del nino","hogar del nino","playa minitas","torneo de golf","torneo de polo","torneo de tenis","zumba @es"],"articleSection":["Eventos","Fundaciones","Hogar del Ni\u00f1o @es","Noticias Locales","Proximamente","Titulares"],"inLanguage":"es"},{"@type":"WebPage","@id":"https:\/\/casadecampoliving.com\/es\/el-xvi-fin-de-semana-de-recaudacion-de-hogar-del-nino-rompio-record\/","url":"https:\/\/casadecampoliving.com\/es\/el-xvi-fin-de-semana-de-recaudacion-de-hogar-del-nino-rompio-record\/","name":"El XVI Fin de Semana de Recaudaci\u00f3n Hogar del Ni\u00f1o rompi\u00f3 r\u00e9cord! | Casa de Campo Living","isPartOf":{"@id":"https:\/\/casadecampoliving.com\/es\/#website"},"primaryImageOfPage":{"@id":"https:\/\/casadecampoliving.com\/es\/el-xvi-fin-de-semana-de-recaudacion-de-hogar-del-nino-rompio-record\/#primaryimage"},"image":{"@id":"https:\/\/casadecampoliving.com\/es\/el-xvi-fin-de-semana-de-recaudacion-de-hogar-del-nino-rompio-record\/#primaryimage"},"thumbnailUrl":"https:\/\/i0.wp.com\/casadecampoliving.com\/wp-content\/uploads\/2022\/10\/hogar_del_nino_minitas_beach1-1.jpg?fit=650%2C386&ssl=1","datePublished":"2013-02-18T04:00:00+00:00","dateModified":"2022-10-21T22:49:17+00:00","description":"Este pasado fin de semana, viernes 15 y s\u00e1bado 16 de febrero, el Patronato Ben\u00e9fico Oriental&nbsp;(PBO)&nbsp;\u2013 organizaci\u00f3n sombrilla de Hogar del Ni\u00f1o y","breadcrumb":{"@id":"https:\/\/casadecampoliving.com\/es\/el-xvi-fin-de-semana-de-recaudacion-de-hogar-del-nino-rompio-record\/#breadcrumb"},"inLanguage":"es","potentialAction":[{"@type":"ReadAction","target":["https:\/\/casadecampoliving.com\/es\/el-xvi-fin-de-semana-de-recaudacion-de-hogar-del-nino-rompio-record\/"]}]},{"@type":"ImageObject","inLanguage":"es","@id":"https:\/\/casadecampoliving.com\/es\/el-xvi-fin-de-semana-de-recaudacion-de-hogar-del-nino-rompio-record\/#primaryimage","url":"https:\/\/i0.wp.com\/casadecampoliving.com\/wp-content\/uploads\/2022\/10\/hogar_del_nino_minitas_beach1-1.jpg?fit=650%2C386&ssl=1","contentUrl":"https:\/\/i0.wp.com\/casadecampoliving.com\/wp-content\/uploads\/2022\/10\/hogar_del_nino_minitas_beach1-1.jpg?fit=650%2C386&ssl=1","width":650,"height":386,"caption":"hogar del nino minitas beach"},{"@type":"BreadcrumbList","@id":"https:\/\/casadecampoliving.com\/es\/el-xvi-fin-de-semana-de-recaudacion-de-hogar-del-nino-rompio-record\/#breadcrumb","itemListElement":[{"@type":"ListItem","position":1,"name":"Home","item":"https:\/\/casadecampoliving.com\/es\/"},{"@type":"ListItem","position":2,"name":"El XVI Fin de Semana de Recaudaci\u00f3n Hogar del Ni\u00f1o rompi\u00f3 r\u00e9cord!"}]},{"@type":"WebSite","@id":"https:\/\/casadecampoliving.com\/es\/#website","url":"https:\/\/casadecampoliving.com\/es\/","name":"Casa de Campo Living","description":"Resort community news and resources.","publisher":{"@id":"https:\/\/casadecampoliving.com\/es\/#organization"},"potentialAction":[{"@type":"SearchAction","target":{"@type":"EntryPoint","urlTemplate":"https:\/\/casadecampoliving.com\/es\/?s={search_term_string}"},"query-input":{"@type":"PropertyValueSpecification","valueRequired":true,"valueName":"search_term_string"}}],"inLanguage":"es"},{"@type":"Organization","@id":"https:\/\/casadecampoliving.com\/es\/#organization","name":"Casa de Campo Living","url":"https:\/\/casadecampoliving.com\/es\/","logo":{"@type":"ImageObject","inLanguage":"es","@id":"https:\/\/casadecampoliving.com\/es\/#\/schema\/logo\/image\/","url":"https:\/\/i0.wp.com\/casadecampoliving.com\/wp-content\/uploads\/2022\/07\/CDCLivingLogo_V1-white-sized.png?fit=800%2C214&ssl=1","contentUrl":"https:\/\/i0.wp.com\/casadecampoliving.com\/wp-content\/uploads\/2022\/07\/CDCLivingLogo_V1-white-sized.png?fit=800%2C214&ssl=1","width":800,"height":214,"caption":"Casa de Campo Living"},"image":{"@id":"https:\/\/casadecampoliving.com\/es\/#\/schema\/logo\/image\/"},"sameAs":["https:\/\/www.facebook.com\/casadecampoliving","https:\/\/x.com\/cdcliving"]},{"@type":"Person","@id":"https:\/\/casadecampoliving.com\/es\/#\/schema\/person\/97b5cc882d48f09d632cfc4b0e5f3454","name":"Maria Batlle","image":{"@type":"ImageObject","inLanguage":"es","@id":"https:\/\/secure.gravatar.com\/avatar\/6ba3f3d5934a2eb8d0d436108de90f364c11c1baf1db2a6fdd6b50a0c91479ce?s=96&d=mm&r=g","url":"https:\/\/secure.gravatar.com\/avatar\/6ba3f3d5934a2eb8d0d436108de90f364c11c1baf1db2a6fdd6b50a0c91479ce?s=96&d=mm&r=g","contentUrl":"https:\/\/secure.gravatar.com\/avatar\/6ba3f3d5934a2eb8d0d436108de90f364c11c1baf1db2a6fdd6b50a0c91479ce?s=96&d=mm&r=g","caption":"Maria Batlle"},"sameAs":["http:\/\/www.silgon.net"],"url":"https:\/\/casadecampoliving.com\/es\/author\/mbatlle\/"}]}},"parsely":{"version":"1.1.0","canonical_url":"https:\/\/casadecampoliving.com\/es\/el-xvi-fin-de-semana-de-recaudacion-de-hogar-del-nino-rompio-record\/","smart_links":{"inbound":0,"outbound":0},"traffic_boost_suggestions_count":0,"meta":{"@context":"https:\/\/schema.org","@type":"NewsArticle","headline":"El XVI Fin de Semana de Recaudaci\u00f3n Hogar del Ni\u00f1o rompi\u00f3 r\u00e9cord!","url":"http:\/\/casadecampoliving.com\/es\/el-xvi-fin-de-semana-de-recaudacion-de-hogar-del-nino-rompio-record\/","mainEntityOfPage":{"@type":"WebPage","@id":"http:\/\/casadecampoliving.com\/es\/el-xvi-fin-de-semana-de-recaudacion-de-hogar-del-nino-rompio-record\/"},"thumbnailUrl":"https:\/\/i0.wp.com\/casadecampoliving.com\/wp-content\/uploads\/2022\/10\/hogar_del_nino_minitas_beach1-1.jpg?resize=150%2C150&ssl=1","image":{"@type":"ImageObject","url":"https:\/\/i0.wp.com\/casadecampoliving.com\/wp-content\/uploads\/2022\/10\/hogar_del_nino_minitas_beach1-1.jpg?fit=650%2C386&ssl=1"},"articleSection":"Eventos","author":[{"@type":"Person","name":"Maria Batlle"}],"creator":["Maria Batlle"],"publisher":{"@type":"Organization","name":"Casa de Campo Living","logo":"https:\/\/casadecampoliving.com\/wp-content\/uploads\/2022\/07\/CDCLivingLogo_V1-white-sized.png"},"keywords":["casa de campo","el hogar del nino","hogar del nino","playa minitas","torneo de golf","torneo de polo","torneo de tenis","zumba @es"],"dateCreated":"2013-02-18T04:00:00Z","datePublished":"2013-02-18T04:00:00Z","dateModified":"2022-10-21T22:49:17Z"},"rendered":"<script type=\"application\/ld+json\" class=\"wp-parsely-metadata\">{\"@context\":\"https:\\\/\\\/schema.org\",\"@type\":\"NewsArticle\",\"headline\":\"El XVI Fin de Semana de Recaudaci\\u00f3n Hogar del Ni\\u00f1o rompi\\u00f3 r\\u00e9cord!\",\"url\":\"http:\\\/\\\/casadecampoliving.com\\\/es\\\/el-xvi-fin-de-semana-de-recaudacion-de-hogar-del-nino-rompio-record\\\/\",\"mainEntityOfPage\":{\"@type\":\"WebPage\",\"@id\":\"http:\\\/\\\/casadecampoliving.com\\\/es\\\/el-xvi-fin-de-semana-de-recaudacion-de-hogar-del-nino-rompio-record\\\/\"},\"thumbnailUrl\":\"https:\\\/\\\/i0.wp.com\\\/casadecampoliving.com\\\/wp-content\\\/uploads\\\/2022\\\/10\\\/hogar_del_nino_minitas_beach1-1.jpg?resize=150%2C150&ssl=1\",\"image\":{\"@type\":\"ImageObject\",\"url\":\"https:\\\/\\\/i0.wp.com\\\/casadecampoliving.com\\\/wp-content\\\/uploads\\\/2022\\\/10\\\/hogar_del_nino_minitas_beach1-1.jpg?fit=650%2C386&ssl=1\"},\"articleSection\":\"Eventos\",\"author\":[{\"@type\":\"Person\",\"name\":\"Maria Batlle\"}],\"creator\":[\"Maria Batlle\"],\"publisher\":{\"@type\":\"Organization\",\"name\":\"Casa de Campo Living\",\"logo\":\"https:\\\/\\\/casadecampoliving.com\\\/wp-content\\\/uploads\\\/2022\\\/07\\\/CDCLivingLogo_V1-white-sized.png\"},\"keywords\":[\"casa de campo\",\"el hogar del nino\",\"hogar del nino\",\"playa minitas\",\"torneo de golf\",\"torneo de polo\",\"torneo de tenis\",\"zumba @es\"],\"dateCreated\":\"2013-02-18T04:00:00Z\",\"datePublished\":\"2013-02-18T04:00:00Z\",\"dateModified\":\"2022-10-21T22:49:17Z\"}<\/script>","tracker_url":"https:\/\/cdn.parsely.com\/keys\/casadecampoliving.com\/p.js"},"jetpack_publicize_connections":[],"jetpack_featured_media_url":"https:\/\/i0.wp.com\/casadecampoliving.com\/wp-content\/uploads\/2022\/10\/hogar_del_nino_minitas_beach1-1.jpg?fit=650%2C386&ssl=1","jetpack-related-posts":[{"id":340668,"url":"https:\/\/casadecampoliving.com\/es\/y-el-ganador-de-la-copa-hogar-del-nino-es-pitirri\/","url_meta":{"origin":340656,"position":0},"title":"Y el ganador de la Copa Hogar del Ni\u00f1o es&#8230; Pitirri!","author":"Maria Batlle","date":"21 Feb, 2013","format":false,"excerpt":"El pasado viernes 15 de febrero de 2013, el fin de semana del Hogar del Ni\u00f1o empez\u00f3 con mucho entusiasmo\u00a0en el tour del centro educativo en La Romana, el Homes and Gardens Tour y\u2026 el final del torneo de polo. Despu\u00e9s de una batalla de polo excelente y bien jugada,\u2026","rel":"","context":"En \u00abDeportes\u00bb","block_context":{"text":"Deportes","link":"https:\/\/casadecampoliving.com\/es\/category\/golf-deportes-es\/"},"img":{"alt_text":"","src":"https:\/\/i0.wp.com\/casadecampoliving.com\/wp-content\/uploads\/2022\/10\/Screen-Shot-2013-02-20-at-10.50.50-AM1.png?fit=811%2C608&ssl=1&resize=350%2C200","width":350,"height":200,"srcset":"https:\/\/i0.wp.com\/casadecampoliving.com\/wp-content\/uploads\/2022\/10\/Screen-Shot-2013-02-20-at-10.50.50-AM1.png?fit=811%2C608&ssl=1&resize=350%2C200 1x, https:\/\/i0.wp.com\/casadecampoliving.com\/wp-content\/uploads\/2022\/10\/Screen-Shot-2013-02-20-at-10.50.50-AM1.png?fit=811%2C608&ssl=1&resize=525%2C300 1.5x, https:\/\/i0.wp.com\/casadecampoliving.com\/wp-content\/uploads\/2022\/10\/Screen-Shot-2013-02-20-at-10.50.50-AM1.png?fit=811%2C608&ssl=1&resize=700%2C400 2x"},"classes":[]},{"id":353184,"url":"https:\/\/casadecampoliving.com\/es\/hogar-del-nino-weekend-2019-informacion-y-programa-de-actividades\/","url_meta":{"origin":340656,"position":1},"title":"Fin de Semana Hogar del Ni\u00f1o 2019 \u2013 Informaci\u00f3n y programa de actividades","author":"Casa de Campo Living","date":"5 Feb, 2019","format":false,"excerpt":"El fin de semana del Hogar del Ni\u00f1o es la pr\u00f3xima semana! Pronto tendremos la oportunidad de disfrutar con amigos y familiares un fabuloso fin de semana lleno de actividades para los ni\u00f1os del Hogar del Ni\u00f1o. Esta es su oportunidad de registrarse para todas las actividades deportivas que tenemos\u2026","rel":"","context":"En \u00abCountry Club La Romana\u00bb","block_context":{"text":"Country Club La Romana","link":"https:\/\/casadecampoliving.com\/es\/category\/country-club-la-romana-es\/"},"img":{"alt_text":"","src":"https:\/\/i0.wp.com\/casadecampoliving.com\/wp-content\/uploads\/2022\/10\/Xiomara-de-Menendez-Papo-Menendez-Lucy-Elmufdi-Alberto-Elmufdi.jpg?fit=1000%2C667&ssl=1&resize=350%2C200","width":350,"height":200,"srcset":"https:\/\/i0.wp.com\/casadecampoliving.com\/wp-content\/uploads\/2022\/10\/Xiomara-de-Menendez-Papo-Menendez-Lucy-Elmufdi-Alberto-Elmufdi.jpg?fit=1000%2C667&ssl=1&resize=350%2C200 1x, https:\/\/i0.wp.com\/casadecampoliving.com\/wp-content\/uploads\/2022\/10\/Xiomara-de-Menendez-Papo-Menendez-Lucy-Elmufdi-Alberto-Elmufdi.jpg?fit=1000%2C667&ssl=1&resize=525%2C300 1.5x, https:\/\/i0.wp.com\/casadecampoliving.com\/wp-content\/uploads\/2022\/10\/Xiomara-de-Menendez-Papo-Menendez-Lucy-Elmufdi-Alberto-Elmufdi.jpg?fit=1000%2C667&ssl=1&resize=700%2C400 2x"},"classes":[]},{"id":346777,"url":"https:\/\/casadecampoliving.com\/es\/torneo-de-tenis-hogar-del-nino-2\/","url_meta":{"origin":340656,"position":2},"title":"Torneo de tenis del Hogar del Ni\u00f1o","author":"Rebecca Silvestri","date":"23 Feb, 2015","format":false,"excerpt":"El s\u00e1bado 14 de febrero, una de las tantas actividades que formaron parte del fin de semana de recaudaci\u00f3n de fondos del Hogar del Ni\u00f1o fue el torneo de tenis. Jugado en La Romana Country Club, el torneo de tenis fue una divertida, amistosa y un tanto competitiva actividad. Al\u2026","rel":"","context":"En \u00abEventos\u00bb","block_context":{"text":"Eventos","link":"https:\/\/casadecampoliving.com\/es\/category\/eventos-es\/"},"img":{"alt_text":"Ivonna Sosa Hogar del nino tennis","src":"https:\/\/i0.wp.com\/casadecampoliving.com\/wp-content\/uploads\/2022\/10\/Ivonna_Sosa_Hogar_del_nino_tennis1.jpg?fit=650%2C480&ssl=1&resize=350%2C200","width":350,"height":200,"srcset":"https:\/\/i0.wp.com\/casadecampoliving.com\/wp-content\/uploads\/2022\/10\/Ivonna_Sosa_Hogar_del_nino_tennis1.jpg?fit=650%2C480&ssl=1&resize=350%2C200 1x, https:\/\/i0.wp.com\/casadecampoliving.com\/wp-content\/uploads\/2022\/10\/Ivonna_Sosa_Hogar_del_nino_tennis1.jpg?fit=650%2C480&ssl=1&resize=525%2C300 1.5x"},"classes":[]},{"id":340729,"url":"https:\/\/casadecampoliving.com\/es\/el-torneo-de-golf-del-hogar-del-nino-un-hoyo-en-uno-por-la-educacion\/","url_meta":{"origin":340656,"position":3},"title":"El torneo de golf del Hogar del Ni\u00f1o: \u00a1Un hoyo en uno por la educaci\u00f3n!","author":"Rebecca Silvestri","date":"1 Mar, 2013","format":false,"excerpt":"El pasado s\u00e1bado 15 de febrero de 2013, mientras los entusiastas del tenis y del ciclismo hac\u00edan lo propio en el Marat\u00f3n MTB y el torneo de tenis, los apasionados del golf en Casa de Campo salieron a disfrutar del deporte en el campo de golf La Romana Country Club\u2026","rel":"","context":"En \u00abEventos\u00bb","block_context":{"text":"Eventos","link":"https:\/\/casadecampoliving.com\/es\/category\/eventos-es\/"},"img":{"alt_text":"golf casa de campo","src":"https:\/\/i0.wp.com\/casadecampoliving.com\/wp-content\/uploads\/2022\/10\/golf_casa_de_campo-28.jpg?fit=650%2C462&ssl=1&resize=350%2C200","width":350,"height":200,"srcset":"https:\/\/i0.wp.com\/casadecampoliving.com\/wp-content\/uploads\/2022\/10\/golf_casa_de_campo-28.jpg?fit=650%2C462&ssl=1&resize=350%2C200 1x, https:\/\/i0.wp.com\/casadecampoliving.com\/wp-content\/uploads\/2022\/10\/golf_casa_de_campo-28.jpg?fit=650%2C462&ssl=1&resize=525%2C300 1.5x"},"classes":[]},{"id":349216,"url":"https:\/\/casadecampoliving.com\/es\/que-increible-fin-de-semana-gracias-al-hogar-de-nino\/","url_meta":{"origin":340656,"position":4},"title":"\u00a1Que increible fin de semana gracias al Hogar de Ni\u00f1o!","author":"Marlenys Guzm\u00e1n Casta\u00f1os","date":"17 Feb, 2016","format":false,"excerpt":"\u00a1\u00a1Qu\u00e9 fin de semana tan entretenido!! Hogar del Ni\u00f1o organiz\u00f3 unos incre\u00edbles eventos para nosotros. \u00a1Esperamos que pudieran asistir a todos ellos! El Hogar del Ni\u00f1o es una guarder\u00eda infantil y centro educativo para m\u00e1s de 1,500 ni\u00f1os ubicado en la ciudad de La Romana. Aceptan ni\u00f1os desde s\u00f3lo unas\u2026","rel":"","context":"En \u00abArte y cultura\u00bb","block_context":{"text":"Arte y cultura","link":"https:\/\/casadecampoliving.com\/category\/arte-y-cultura\/"},"img":{"alt_text":"Hogar del Nino Annual Weekend","src":"https:\/\/i0.wp.com\/casadecampoliving.com\/wp-content\/uploads\/2022\/10\/Hogar-del-Nino-Annual-Weekend-e1455709309390.jpg?fit=650%2C434&ssl=1&resize=350%2C200","width":350,"height":200,"srcset":"https:\/\/i0.wp.com\/casadecampoliving.com\/wp-content\/uploads\/2022\/10\/Hogar-del-Nino-Annual-Weekend-e1455709309390.jpg?fit=650%2C434&ssl=1&resize=350%2C200 1x, https:\/\/i0.wp.com\/casadecampoliving.com\/wp-content\/uploads\/2022\/10\/Hogar-del-Nino-Annual-Weekend-e1455709309390.jpg?fit=650%2C434&ssl=1&resize=525%2C300 1.5x"},"classes":[]},{"id":352437,"url":"https:\/\/casadecampoliving.com\/es\/el-fin-de-semana-del-hogar-del-nino-xxi-se-acerca\/","url_meta":{"origin":340656,"position":5},"title":"\u00a1El fin de semana del Hogar del Ni\u00f1o XXI se acerca!","author":"Gallagher Foxworthy","date":"5 Feb, 2018","format":false,"excerpt":"El fin de semana del Hogar del Ni\u00f1o est\u00e1 a menos de 2 semanas de distancia, \u00a1y no podr\u00edamos estar m\u00e1s emocionados por las nuevas actividades agregadas a la lista! Este a\u00f1o, el fin de semana Anual del Hogar del Ni\u00f1o XXI se llevar\u00e1 a cabo del 16 al 17\u2026","rel":"","context":"En \u00abCountry Club La Romana\u00bb","block_context":{"text":"Country Club La Romana","link":"https:\/\/casadecampoliving.com\/es\/category\/country-club-la-romana-es\/"},"img":{"alt_text":"","src":"https:\/\/i0.wp.com\/casadecampoliving.com\/wp-content\/uploads\/2018\/02\/Screen-Shot-2018-02-05-at-12.22.42-PM.png?resize=350%2C200&ssl=1","width":350,"height":200,"srcset":"https:\/\/i0.wp.com\/casadecampoliving.com\/wp-content\/uploads\/2018\/02\/Screen-Shot-2018-02-05-at-12.22.42-PM.png?resize=350%2C200&ssl=1 1x, https:\/\/i0.wp.com\/casadecampoliving.com\/wp-content\/uploads\/2018\/02\/Screen-Shot-2018-02-05-at-12.22.42-PM.png?resize=525%2C300&ssl=1 1.5x"},"classes":[]}],"jetpack_sharing_enabled":true,"_links":{"self":[{"href":"https:\/\/casadecampoliving.com\/es\/wp-json\/wp\/v2\/posts\/340656","targetHints":{"allow":["GET"]}}],"collection":[{"href":"https:\/\/casadecampoliving.com\/es\/wp-json\/wp\/v2\/posts"}],"about":[{"href":"https:\/\/casadecampoliving.com\/es\/wp-json\/wp\/v2\/types\/post"}],"author":[{"embeddable":true,"href":"https:\/\/casadecampoliving.com\/es\/wp-json\/wp\/v2\/users\/405"}],"replies":[{"embeddable":true,"href":"https:\/\/casadecampoliving.com\/es\/wp-json\/wp\/v2\/comments?post=340656"}],"version-history":[{"count":1,"href":"https:\/\/casadecampoliving.com\/es\/wp-json\/wp\/v2\/posts\/340656\/revisions"}],"predecessor-version":[{"id":340657,"href":"https:\/\/casadecampoliving.com\/es\/wp-json\/wp\/v2\/posts\/340656\/revisions\/340657"}],"wp:featuredmedia":[{"embeddable":true,"href":"https:\/\/casadecampoliving.com\/es\/wp-json\/wp\/v2\/media\/262568"}],"wp:attachment":[{"href":"https:\/\/casadecampoliving.com\/es\/wp-json\/wp\/v2\/media?parent=340656"}],"wp:term":[{"taxonomy":"category","embeddable":true,"href":"https:\/\/casadecampoliving.com\/es\/wp-json\/wp\/v2\/categories?post=340656"},{"taxonomy":"post_tag","embeddable":true,"href":"https:\/\/casadecampoliving.com\/es\/wp-json\/wp\/v2\/tags?post=340656"},{"taxonomy":"newspack_spnsrs_tax","embeddable":true,"href":"https:\/\/casadecampoliving.com\/es\/wp-json\/wp\/v2\/newspack_spnsrs_tax?post=340656"}],"curies":[{"name":"wp","href":"https:\/\/api.w.org\/{rel}","templated":true}]}}