{"id":340642,"date":"2013-02-14T00:00:00","date_gmt":"2013-02-14T04:00:00","guid":{"rendered":"https:\/\/casadecampoliving.com\/casa-de-campo-abre-un-nuevo-mercado-artesanal-en-el-lago-grill-cada-viernes\/"},"modified":"2022-10-21T18:48:37","modified_gmt":"2022-10-21T22:48:37","slug":"casa-de-campo-abre-un-nuevo-mercado-artesanal-en-el-lago-grill-cada-viernes","status":"publish","type":"post","link":"https:\/\/casadecampoliving.com\/es\/casa-de-campo-abre-un-nuevo-mercado-artesanal-en-el-lago-grill-cada-viernes\/","title":{"rendered":"Casa de Campo abre un nuevo \u00abMercado Artesanal\u00bb en el Lago Grill &#8211; cada viernes!"},"content":{"rendered":"<div class=\"wp-block-image\">\n<figure class=\"aligncenter is-resized\"><img loading=\"lazy\" decoding=\"async\" src=\"https:\/\/i0.wp.com\/casadecampoliving.com\/wp-content\/uploads\/2022\/10\/web-mercado-artesanal.jpg?resize=650%2C400&amp;ssl=1\" alt=\"mercado artesanal\" class=\"wp-image-64962\" title=\"web-mercado artesanal\" height=\"400\" width=\"650\"\/><\/figure>\n<\/div>\n\n\n<p>Cada viernes,d esde las 6am hasta las 3pm, Casa de Campo tendr\u00e1 un \u201cMercado Artesanal\u201d, en el Lago Grill, ofreciendo a turistas y due\u00f1os de villas en Casa de Campo, la oportunidad de comprar algunos souvenirs genuinos dominicanos. <\/p>\n\n\n\n<!--more-->\n\n\n<div class=\"wp-block-image\">\n<figure class=\"alignright is-resized\"><img loading=\"lazy\" decoding=\"async\" src=\"https:\/\/i0.wp.com\/casadecampoliving.com\/wp-content\/uploads\/2022\/10\/altos_de_chavon_art1-1.jpg?resize=207%2C338&amp;ssl=1\" alt=\"altos de chavon art\" class=\"wp-image-63661\" title=\"altos_de_chavon_art\" height=\"338\" width=\"207\"\/><\/figure>\n<\/div>\n\n\n<p>El grupo de 6 a 8 artesanos, en su mayor\u00eda son procedentes del pueblo de Bayahibe e incluyen los grupos de Arte Cuseco y La Pereskia, quienes crean prendas utilizando materiales locales, tales como semillas, caracoles, trozos de madera. Estos grupos tambi\u00e9n crean replicas en miniatura de los tradicionales botes de pesca de Bayahibe, en todos los tama\u00f1os, formas y colores como muestra de algo t\u00edpico del \u00e1rea.<\/p>\n\n\n\n<p>Algunos de estos artesanos estuvieron involucrados en el proyecto reciende de <a href=\"https:\/\/casadecampoliving.com\/es\/2013\/01\/tejiendo-futuro-un-coctel-con-mario-vargas-llosa-a-beneficio-de-artesanos-locales\/\">\u201cTejiendo Futuro\u201d un esfuerzo combinado entre la Fundaci\u00f3n de Altos de Chav\u00f3n y la fundaci\u00f3n internacional de \u201cWomen Together\u201d<\/a>, el cual durante dos semanas cont\u00f3 con la participaci\u00f3n de 40 artesanos locales y trabajaron con ellos para ayudar a desarrollar productos econ\u00f3micamente viables para competir en mercados internacionales.<\/p>\n\n\n\n<p>A\u00fan tenemos que visitar el Mercado Artesanal, pero hemos escuchado de otros due\u00f1os de villas que es realmente impresionante y vale la pena ir!<\/p>\n\n\n\n<p><strong>Felicidades Casa de Campo por apoyar y promover los artesanos locales!&nbsp;<\/strong><\/p>\n\n\n\n<p>Durante su visita en Lago Grill, quiz\u00e1s quiera disfrutar de su monstruoso \u2013 <a href=\"https:\/\/casadecampoliving.com\/es\/2011\/01\/desayuno-de-reyes-en-el-lago-grill\/\">haga click aqu\u00ed para leer m\u00e1s.<\/a><\/p>\n\n\n\n<blockquote class=\"wp-block-quote is-layout-flow wp-block-quote-is-layout-flow\"><p><strong>Mercado Artesanal&nbsp;<\/strong><\/p><p><strong>Cu\u00e1ndo:<\/strong> Casa viernes, 6am \u2013 3pm<\/p><p><strong>D\u00f3nde:<\/strong> Lago Grill, Casa de Campo<\/p><p><strong>Info:<\/strong> (809) 523-2161<\/p><\/blockquote>\n\n\n\n<p>Tambi\u00e9m en el Lago Grill podr\u00e1n disfrutar tambi\u00e9n de noches dominicanas cada noche desde las 6pm con una deliciosa selecci\u00f3n de comida t\u00edpica de la Rep\u00fablica Dominicana\u2026<\/p>\n\n\n\n<blockquote><p style=\"text-align: center;\"><strong><a href=\"https:\/\/casadecampoliving.com\/es\/2012\/12\/review-de-casa-de-campo-living-noches-dominicanas-en-el-lago-grill\/\">Noches dominicanas en Lago Grill<\/a><\/strong><\/p><figure><img decoding=\"async\" loading=\"lazy\" class=\"aligncenter size-full wp-image-62254\" title=\"sancocho\" src=\"https:\/\/i0.wp.com\/casadecampoliving.com\/wp-content\/uploads\/2022\/10\/sancocho.jpg?resize=620%2C421&amp;ssl=1\" alt=\"sancocho\" width=\"620\" height=\"421\"><\/figure><p style=\"text-align: left;\">El Lago Grill de Casa de Campo, destacado por sus legendarios desayunos buffets, ahora est\u00e1 abierto todas las noches con las noches dominicanas! En el nuevo men\u00fa dominicano, hay populares delicias, como el Sancocho (US$17), chivo (US$17),&nbsp;Pescado al Coco (US$17) y mucho m\u00e1s \u2013 y el viernes y s\u00e1bado, les acompa\u00f1ara m\u00fasica de folklore dominicano con una banda de Perico Ripiao\u2019.<\/p><p style=\"text-align: left;\"><em><strong><a href=\"https:\/\/casadecampoliving.com\/es\/2012\/12\/review-de-casa-de-campo-living-noches-dominicanas-en-el-lago-grill\/\">Haga click aqu\u00ed para ver el men\u00fa y leer nuestra rese\u00f1a!<\/a><\/strong><\/em><\/p><\/blockquote>\n","protected":false},"excerpt":{"rendered":"<p>Cada viernes,d esde las 6am hasta las 3pm, Casa de Campo tendr\u00e1 un \u201cMercado Artesanal\u201d, en el Lago Grill, ofreciendo a turistas y due\u00f1os de villas en Casa de Campo, la oportunidad de comprar algunos souvenirs genuinos dominicanos.<\/p>\n","protected":false},"author":21,"featured_media":260438,"comment_status":"closed","ping_status":"closed","sticky":false,"template":"","format":"standard","meta":{"newspack_ads_suppress_ads":false,"newspack_popups_has_disabled_popups":false,"newspack_sponsor_sponsorship_scope":"","newspack_sponsor_native_byline_display":"inherit","newspack_sponsor_native_category_display":"inherit","newspack_sponsor_underwriter_style":"inherit","newspack_sponsor_underwriter_placement":"inherit","_newspack_byline_active":false,"_newspack_byline":"","newspack_hide_updated_date":false,"newspack_show_updated_date":false,"newspack_content_restriction_is_exempt":false,"newspack_featured_image_position":"","newspack_post_subtitle":"","newspack_article_summary_title":"Overview:","newspack_article_summary":"","_jetpack_memberships_contains_paid_content":false,"footnotes":"","jetpack_publicize_message":"","jetpack_publicize_feature_enabled":true,"jetpack_social_post_already_shared":false,"jetpack_social_options":{"image_generator_settings":{"template":"highway","default_image_id":0,"font":"","enabled":false},"version":2},"_wpas_customize_per_network":false},"categories":[14625,26822,2498],"tags":[5739],"newspack_spnsrs_tax":[],"class_list":["post-340642","post","type-post","status-publish","format-standard","has-post-thumbnail","hentry","category-noticias-locales","category-resort-casa-de-campo","category-uncategorized-es","tag-lago-grill-es","entry"],"yoast_head":"<!-- This site is optimized with the Yoast SEO plugin v27.5 - https:\/\/yoast.com\/product\/yoast-seo-wordpress\/ -->\n<title>Casa de Campo abre un nuevo &quot;Mercado Artesanal&quot; en el Lago Grill - cada viernes! | Casa de Campo Living<\/title>\n<meta name=\"description\" content=\"Cada viernes,d esde las 6am hasta las 3pm, Casa de Campo tendr\u00e1 un \u201cMercado Artesanal\u201d, en el Lago Grill, ofreciendo a turistas y due\u00f1os de villas en Casa\" \/>\n<meta name=\"robots\" content=\"index, follow, max-snippet:-1, max-image-preview:large, max-video-preview:-1\" \/>\n<link rel=\"canonical\" href=\"https:\/\/casadecampoliving.com\/es\/casa-de-campo-abre-un-nuevo-mercado-artesanal-en-el-lago-grill-cada-viernes\/\" \/>\n<meta property=\"og:locale\" content=\"es_ES\" \/>\n<meta property=\"og:type\" content=\"article\" \/>\n<meta property=\"og:title\" content=\"Casa de Campo abre un nuevo &quot;Mercado Artesanal&quot; en el Lago Grill - cada viernes! | Casa de Campo Living\" \/>\n<meta property=\"og:description\" content=\"Cada viernes,d esde las 6am hasta las 3pm, Casa de Campo tendr\u00e1 un \u201cMercado Artesanal\u201d, en el Lago Grill, ofreciendo a turistas y due\u00f1os de villas en Casa\" \/>\n<meta property=\"og:url\" content=\"https:\/\/casadecampoliving.com\/es\/casa-de-campo-abre-un-nuevo-mercado-artesanal-en-el-lago-grill-cada-viernes\/\" \/>\n<meta property=\"og:site_name\" content=\"Casa de Campo Living\" \/>\n<meta property=\"article:publisher\" content=\"https:\/\/www.facebook.com\/casadecampoliving\" \/>\n<meta property=\"article:published_time\" content=\"2013-02-14T04:00:00+00:00\" \/>\n<meta property=\"article:modified_time\" content=\"2022-10-21T22:48:37+00:00\" \/>\n<meta property=\"og:image\" content=\"https:\/\/i0.wp.com\/casadecampoliving.com\/wp-content\/uploads\/2022\/10\/web-mercado-artesanal-1.jpg?fit=650%2C400&ssl=1\" \/>\n\t<meta property=\"og:image:width\" content=\"650\" \/>\n\t<meta property=\"og:image:height\" content=\"400\" \/>\n\t<meta property=\"og:image:type\" content=\"image\/jpeg\" \/>\n<meta name=\"twitter:card\" content=\"summary_large_image\" \/>\n<meta name=\"twitter:creator\" content=\"@cdcliving\" \/>\n<meta name=\"twitter:site\" content=\"@cdcliving\" \/>\n<meta name=\"twitter:label1\" content=\"Escrito por\" \/>\n\t<meta name=\"twitter:data1\" content=\"\" \/>\n\t<meta name=\"twitter:label2\" content=\"Tiempo de lectura\" \/>\n\t<meta name=\"twitter:data2\" content=\"2 minutos\" \/>\n<script type=\"application\/ld+json\" class=\"yoast-schema-graph\">{\"@context\":\"https:\\\/\\\/schema.org\",\"@graph\":[{\"@type\":\"Article\",\"@id\":\"https:\\\/\\\/casadecampoliving.com\\\/es\\\/casa-de-campo-abre-un-nuevo-mercado-artesanal-en-el-lago-grill-cada-viernes\\\/#article\",\"isPartOf\":{\"@id\":\"https:\\\/\\\/casadecampoliving.com\\\/es\\\/casa-de-campo-abre-un-nuevo-mercado-artesanal-en-el-lago-grill-cada-viernes\\\/\"},\"author\":{\"name\":\"\",\"@id\":\"https:\\\/\\\/casadecampoliving.com\\\/es\\\/#\\\/schema\\\/person\\\/7e3b975d584a5f6ac0fd7128a81b0bc5\"},\"headline\":\"Casa de Campo abre un nuevo \u00abMercado Artesanal\u00bb en el Lago Grill &#8211; cada viernes!\",\"datePublished\":\"2013-02-14T04:00:00+00:00\",\"dateModified\":\"2022-10-21T22:48:37+00:00\",\"mainEntityOfPage\":{\"@id\":\"https:\\\/\\\/casadecampoliving.com\\\/es\\\/casa-de-campo-abre-un-nuevo-mercado-artesanal-en-el-lago-grill-cada-viernes\\\/\"},\"wordCount\":380,\"publisher\":{\"@id\":\"https:\\\/\\\/casadecampoliving.com\\\/es\\\/#organization\"},\"image\":{\"@id\":\"https:\\\/\\\/casadecampoliving.com\\\/es\\\/casa-de-campo-abre-un-nuevo-mercado-artesanal-en-el-lago-grill-cada-viernes\\\/#primaryimage\"},\"thumbnailUrl\":\"https:\\\/\\\/i0.wp.com\\\/casadecampoliving.com\\\/wp-content\\\/uploads\\\/2022\\\/10\\\/web-mercado-artesanal-1.jpg?fit=650%2C400&ssl=1\",\"keywords\":[\"lago grill @es\"],\"articleSection\":[\"Noticias Locales\",\"Resort Casa de Campo\",\"Uncategorized @es\"],\"inLanguage\":\"es\"},{\"@type\":\"WebPage\",\"@id\":\"https:\\\/\\\/casadecampoliving.com\\\/es\\\/casa-de-campo-abre-un-nuevo-mercado-artesanal-en-el-lago-grill-cada-viernes\\\/\",\"url\":\"https:\\\/\\\/casadecampoliving.com\\\/es\\\/casa-de-campo-abre-un-nuevo-mercado-artesanal-en-el-lago-grill-cada-viernes\\\/\",\"name\":\"Casa de Campo abre un nuevo \\\"Mercado Artesanal\\\" en el Lago Grill - cada viernes! | Casa de Campo Living\",\"isPartOf\":{\"@id\":\"https:\\\/\\\/casadecampoliving.com\\\/es\\\/#website\"},\"primaryImageOfPage\":{\"@id\":\"https:\\\/\\\/casadecampoliving.com\\\/es\\\/casa-de-campo-abre-un-nuevo-mercado-artesanal-en-el-lago-grill-cada-viernes\\\/#primaryimage\"},\"image\":{\"@id\":\"https:\\\/\\\/casadecampoliving.com\\\/es\\\/casa-de-campo-abre-un-nuevo-mercado-artesanal-en-el-lago-grill-cada-viernes\\\/#primaryimage\"},\"thumbnailUrl\":\"https:\\\/\\\/i0.wp.com\\\/casadecampoliving.com\\\/wp-content\\\/uploads\\\/2022\\\/10\\\/web-mercado-artesanal-1.jpg?fit=650%2C400&ssl=1\",\"datePublished\":\"2013-02-14T04:00:00+00:00\",\"dateModified\":\"2022-10-21T22:48:37+00:00\",\"description\":\"Cada viernes,d esde las 6am hasta las 3pm, Casa de Campo tendr\u00e1 un \u201cMercado Artesanal\u201d, en el Lago Grill, ofreciendo a turistas y due\u00f1os de villas en Casa\",\"breadcrumb\":{\"@id\":\"https:\\\/\\\/casadecampoliving.com\\\/es\\\/casa-de-campo-abre-un-nuevo-mercado-artesanal-en-el-lago-grill-cada-viernes\\\/#breadcrumb\"},\"inLanguage\":\"es\",\"potentialAction\":[{\"@type\":\"ReadAction\",\"target\":[\"https:\\\/\\\/casadecampoliving.com\\\/es\\\/casa-de-campo-abre-un-nuevo-mercado-artesanal-en-el-lago-grill-cada-viernes\\\/\"]}]},{\"@type\":\"ImageObject\",\"inLanguage\":\"es\",\"@id\":\"https:\\\/\\\/casadecampoliving.com\\\/es\\\/casa-de-campo-abre-un-nuevo-mercado-artesanal-en-el-lago-grill-cada-viernes\\\/#primaryimage\",\"url\":\"https:\\\/\\\/i0.wp.com\\\/casadecampoliving.com\\\/wp-content\\\/uploads\\\/2022\\\/10\\\/web-mercado-artesanal-1.jpg?fit=650%2C400&ssl=1\",\"contentUrl\":\"https:\\\/\\\/i0.wp.com\\\/casadecampoliving.com\\\/wp-content\\\/uploads\\\/2022\\\/10\\\/web-mercado-artesanal-1.jpg?fit=650%2C400&ssl=1\",\"width\":650,\"height\":400,\"caption\":\"mercado artesanal\"},{\"@type\":\"BreadcrumbList\",\"@id\":\"https:\\\/\\\/casadecampoliving.com\\\/es\\\/casa-de-campo-abre-un-nuevo-mercado-artesanal-en-el-lago-grill-cada-viernes\\\/#breadcrumb\",\"itemListElement\":[{\"@type\":\"ListItem\",\"position\":1,\"name\":\"Home\",\"item\":\"https:\\\/\\\/casadecampoliving.com\\\/es\\\/\"},{\"@type\":\"ListItem\",\"position\":2,\"name\":\"Casa de Campo abre un nuevo &#8220;Mercado Artesanal&#8221; en el Lago Grill &#8211; cada viernes!\"}]},{\"@type\":\"WebSite\",\"@id\":\"https:\\\/\\\/casadecampoliving.com\\\/es\\\/#website\",\"url\":\"https:\\\/\\\/casadecampoliving.com\\\/es\\\/\",\"name\":\"Casa de Campo Living\",\"description\":\"Resort community news and resources.\",\"publisher\":{\"@id\":\"https:\\\/\\\/casadecampoliving.com\\\/es\\\/#organization\"},\"potentialAction\":[{\"@type\":\"SearchAction\",\"target\":{\"@type\":\"EntryPoint\",\"urlTemplate\":\"https:\\\/\\\/casadecampoliving.com\\\/es\\\/?s={search_term_string}\"},\"query-input\":{\"@type\":\"PropertyValueSpecification\",\"valueRequired\":true,\"valueName\":\"search_term_string\"}}],\"inLanguage\":\"es\"},{\"@type\":\"Organization\",\"@id\":\"https:\\\/\\\/casadecampoliving.com\\\/es\\\/#organization\",\"name\":\"Casa de Campo Living\",\"url\":\"https:\\\/\\\/casadecampoliving.com\\\/es\\\/\",\"logo\":{\"@type\":\"ImageObject\",\"inLanguage\":\"es\",\"@id\":\"https:\\\/\\\/casadecampoliving.com\\\/es\\\/#\\\/schema\\\/logo\\\/image\\\/\",\"url\":\"https:\\\/\\\/i0.wp.com\\\/casadecampoliving.com\\\/wp-content\\\/uploads\\\/2022\\\/07\\\/CDCLivingLogo_V1-white-sized.png?fit=800%2C214&ssl=1\",\"contentUrl\":\"https:\\\/\\\/i0.wp.com\\\/casadecampoliving.com\\\/wp-content\\\/uploads\\\/2022\\\/07\\\/CDCLivingLogo_V1-white-sized.png?fit=800%2C214&ssl=1\",\"width\":800,\"height\":214,\"caption\":\"Casa de Campo Living\"},\"image\":{\"@id\":\"https:\\\/\\\/casadecampoliving.com\\\/es\\\/#\\\/schema\\\/logo\\\/image\\\/\"},\"sameAs\":[\"https:\\\/\\\/www.facebook.com\\\/casadecampoliving\",\"https:\\\/\\\/x.com\\\/cdcliving\"]},{\"@type\":\"Person\",\"@id\":\"https:\\\/\\\/casadecampoliving.com\\\/es\\\/#\\\/schema\\\/person\\\/7e3b975d584a5f6ac0fd7128a81b0bc5\",\"name\":\"\",\"image\":{\"@type\":\"ImageObject\",\"inLanguage\":\"es\",\"@id\":\"https:\\\/\\\/secure.gravatar.com\\\/avatar\\\/?s=96&d=mm&r=g\",\"url\":\"https:\\\/\\\/secure.gravatar.com\\\/avatar\\\/?s=96&d=mm&r=g\",\"contentUrl\":\"https:\\\/\\\/secure.gravatar.com\\\/avatar\\\/?s=96&d=mm&r=g\"},\"url\":\"https:\\\/\\\/casadecampoliving.com\\\/es\\\/author\\\/ \\\/\"}]}<\/script>\n<!-- \/ Yoast SEO plugin. -->","yoast_head_json":{"title":"Casa de Campo abre un nuevo \"Mercado Artesanal\" en el Lago Grill - cada viernes! | Casa de Campo Living","description":"Cada viernes,d esde las 6am hasta las 3pm, Casa de Campo tendr\u00e1 un \u201cMercado Artesanal\u201d, en el Lago Grill, ofreciendo a turistas y due\u00f1os de villas en Casa","robots":{"index":"index","follow":"follow","max-snippet":"max-snippet:-1","max-image-preview":"max-image-preview:large","max-video-preview":"max-video-preview:-1"},"canonical":"https:\/\/casadecampoliving.com\/es\/casa-de-campo-abre-un-nuevo-mercado-artesanal-en-el-lago-grill-cada-viernes\/","og_locale":"es_ES","og_type":"article","og_title":"Casa de Campo abre un nuevo \"Mercado Artesanal\" en el Lago Grill - cada viernes! | Casa de Campo Living","og_description":"Cada viernes,d esde las 6am hasta las 3pm, Casa de Campo tendr\u00e1 un \u201cMercado Artesanal\u201d, en el Lago Grill, ofreciendo a turistas y due\u00f1os de villas en Casa","og_url":"https:\/\/casadecampoliving.com\/es\/casa-de-campo-abre-un-nuevo-mercado-artesanal-en-el-lago-grill-cada-viernes\/","og_site_name":"Casa de Campo Living","article_publisher":"https:\/\/www.facebook.com\/casadecampoliving","article_published_time":"2013-02-14T04:00:00+00:00","article_modified_time":"2022-10-21T22:48:37+00:00","og_image":[{"width":650,"height":400,"url":"https:\/\/i0.wp.com\/casadecampoliving.com\/wp-content\/uploads\/2022\/10\/web-mercado-artesanal-1.jpg?fit=650%2C400&ssl=1","type":"image\/jpeg"}],"twitter_card":"summary_large_image","twitter_creator":"@cdcliving","twitter_site":"@cdcliving","twitter_misc":{"Escrito por":"","Tiempo de lectura":"2 minutos"},"schema":{"@context":"https:\/\/schema.org","@graph":[{"@type":"Article","@id":"https:\/\/casadecampoliving.com\/es\/casa-de-campo-abre-un-nuevo-mercado-artesanal-en-el-lago-grill-cada-viernes\/#article","isPartOf":{"@id":"https:\/\/casadecampoliving.com\/es\/casa-de-campo-abre-un-nuevo-mercado-artesanal-en-el-lago-grill-cada-viernes\/"},"author":{"name":"","@id":"https:\/\/casadecampoliving.com\/es\/#\/schema\/person\/7e3b975d584a5f6ac0fd7128a81b0bc5"},"headline":"Casa de Campo abre un nuevo \u00abMercado Artesanal\u00bb en el Lago Grill &#8211; cada viernes!","datePublished":"2013-02-14T04:00:00+00:00","dateModified":"2022-10-21T22:48:37+00:00","mainEntityOfPage":{"@id":"https:\/\/casadecampoliving.com\/es\/casa-de-campo-abre-un-nuevo-mercado-artesanal-en-el-lago-grill-cada-viernes\/"},"wordCount":380,"publisher":{"@id":"https:\/\/casadecampoliving.com\/es\/#organization"},"image":{"@id":"https:\/\/casadecampoliving.com\/es\/casa-de-campo-abre-un-nuevo-mercado-artesanal-en-el-lago-grill-cada-viernes\/#primaryimage"},"thumbnailUrl":"https:\/\/i0.wp.com\/casadecampoliving.com\/wp-content\/uploads\/2022\/10\/web-mercado-artesanal-1.jpg?fit=650%2C400&ssl=1","keywords":["lago grill @es"],"articleSection":["Noticias Locales","Resort Casa de Campo","Uncategorized @es"],"inLanguage":"es"},{"@type":"WebPage","@id":"https:\/\/casadecampoliving.com\/es\/casa-de-campo-abre-un-nuevo-mercado-artesanal-en-el-lago-grill-cada-viernes\/","url":"https:\/\/casadecampoliving.com\/es\/casa-de-campo-abre-un-nuevo-mercado-artesanal-en-el-lago-grill-cada-viernes\/","name":"Casa de Campo abre un nuevo \"Mercado Artesanal\" en el Lago Grill - cada viernes! | Casa de Campo Living","isPartOf":{"@id":"https:\/\/casadecampoliving.com\/es\/#website"},"primaryImageOfPage":{"@id":"https:\/\/casadecampoliving.com\/es\/casa-de-campo-abre-un-nuevo-mercado-artesanal-en-el-lago-grill-cada-viernes\/#primaryimage"},"image":{"@id":"https:\/\/casadecampoliving.com\/es\/casa-de-campo-abre-un-nuevo-mercado-artesanal-en-el-lago-grill-cada-viernes\/#primaryimage"},"thumbnailUrl":"https:\/\/i0.wp.com\/casadecampoliving.com\/wp-content\/uploads\/2022\/10\/web-mercado-artesanal-1.jpg?fit=650%2C400&ssl=1","datePublished":"2013-02-14T04:00:00+00:00","dateModified":"2022-10-21T22:48:37+00:00","description":"Cada viernes,d esde las 6am hasta las 3pm, Casa de Campo tendr\u00e1 un \u201cMercado Artesanal\u201d, en el Lago Grill, ofreciendo a turistas y due\u00f1os de villas en Casa","breadcrumb":{"@id":"https:\/\/casadecampoliving.com\/es\/casa-de-campo-abre-un-nuevo-mercado-artesanal-en-el-lago-grill-cada-viernes\/#breadcrumb"},"inLanguage":"es","potentialAction":[{"@type":"ReadAction","target":["https:\/\/casadecampoliving.com\/es\/casa-de-campo-abre-un-nuevo-mercado-artesanal-en-el-lago-grill-cada-viernes\/"]}]},{"@type":"ImageObject","inLanguage":"es","@id":"https:\/\/casadecampoliving.com\/es\/casa-de-campo-abre-un-nuevo-mercado-artesanal-en-el-lago-grill-cada-viernes\/#primaryimage","url":"https:\/\/i0.wp.com\/casadecampoliving.com\/wp-content\/uploads\/2022\/10\/web-mercado-artesanal-1.jpg?fit=650%2C400&ssl=1","contentUrl":"https:\/\/i0.wp.com\/casadecampoliving.com\/wp-content\/uploads\/2022\/10\/web-mercado-artesanal-1.jpg?fit=650%2C400&ssl=1","width":650,"height":400,"caption":"mercado artesanal"},{"@type":"BreadcrumbList","@id":"https:\/\/casadecampoliving.com\/es\/casa-de-campo-abre-un-nuevo-mercado-artesanal-en-el-lago-grill-cada-viernes\/#breadcrumb","itemListElement":[{"@type":"ListItem","position":1,"name":"Home","item":"https:\/\/casadecampoliving.com\/es\/"},{"@type":"ListItem","position":2,"name":"Casa de Campo abre un nuevo &#8220;Mercado Artesanal&#8221; en el Lago Grill &#8211; cada viernes!"}]},{"@type":"WebSite","@id":"https:\/\/casadecampoliving.com\/es\/#website","url":"https:\/\/casadecampoliving.com\/es\/","name":"Casa de Campo Living","description":"Resort community news and resources.","publisher":{"@id":"https:\/\/casadecampoliving.com\/es\/#organization"},"potentialAction":[{"@type":"SearchAction","target":{"@type":"EntryPoint","urlTemplate":"https:\/\/casadecampoliving.com\/es\/?s={search_term_string}"},"query-input":{"@type":"PropertyValueSpecification","valueRequired":true,"valueName":"search_term_string"}}],"inLanguage":"es"},{"@type":"Organization","@id":"https:\/\/casadecampoliving.com\/es\/#organization","name":"Casa de Campo Living","url":"https:\/\/casadecampoliving.com\/es\/","logo":{"@type":"ImageObject","inLanguage":"es","@id":"https:\/\/casadecampoliving.com\/es\/#\/schema\/logo\/image\/","url":"https:\/\/i0.wp.com\/casadecampoliving.com\/wp-content\/uploads\/2022\/07\/CDCLivingLogo_V1-white-sized.png?fit=800%2C214&ssl=1","contentUrl":"https:\/\/i0.wp.com\/casadecampoliving.com\/wp-content\/uploads\/2022\/07\/CDCLivingLogo_V1-white-sized.png?fit=800%2C214&ssl=1","width":800,"height":214,"caption":"Casa de Campo Living"},"image":{"@id":"https:\/\/casadecampoliving.com\/es\/#\/schema\/logo\/image\/"},"sameAs":["https:\/\/www.facebook.com\/casadecampoliving","https:\/\/x.com\/cdcliving"]},{"@type":"Person","@id":"https:\/\/casadecampoliving.com\/es\/#\/schema\/person\/7e3b975d584a5f6ac0fd7128a81b0bc5","name":"","image":{"@type":"ImageObject","inLanguage":"es","@id":"https:\/\/secure.gravatar.com\/avatar\/?s=96&d=mm&r=g","url":"https:\/\/secure.gravatar.com\/avatar\/?s=96&d=mm&r=g","contentUrl":"https:\/\/secure.gravatar.com\/avatar\/?s=96&d=mm&r=g"},"url":"https:\/\/casadecampoliving.com\/es\/author\/ \/"}]}},"parsely":{"version":"1.1.0","canonical_url":"https:\/\/casadecampoliving.com\/es\/casa-de-campo-abre-un-nuevo-mercado-artesanal-en-el-lago-grill-cada-viernes\/","smart_links":{"inbound":0,"outbound":0},"traffic_boost_suggestions_count":0,"meta":{"@context":"https:\/\/schema.org","@type":"NewsArticle","headline":"Casa de Campo abre un nuevo \u00abMercado Artesanal\u00bb en el Lago Grill &#8211; cada viernes!","url":"http:\/\/casadecampoliving.com\/es\/casa-de-campo-abre-un-nuevo-mercado-artesanal-en-el-lago-grill-cada-viernes\/","mainEntityOfPage":{"@type":"WebPage","@id":"http:\/\/casadecampoliving.com\/es\/casa-de-campo-abre-un-nuevo-mercado-artesanal-en-el-lago-grill-cada-viernes\/"},"thumbnailUrl":"https:\/\/i0.wp.com\/casadecampoliving.com\/wp-content\/uploads\/2022\/10\/web-mercado-artesanal-1.jpg?resize=150%2C150&ssl=1","image":{"@type":"ImageObject","url":"https:\/\/i0.wp.com\/casadecampoliving.com\/wp-content\/uploads\/2022\/10\/web-mercado-artesanal-1.jpg?fit=650%2C400&ssl=1"},"articleSection":"Noticias Locales","author":[{"@type":"Person","name":"FB_515917546"}],"creator":["FB_515917546"],"publisher":{"@type":"Organization","name":"Casa de Campo Living","logo":"https:\/\/casadecampoliving.com\/wp-content\/uploads\/2022\/07\/CDCLivingLogo_V1-white-sized.png"},"keywords":["lago grill @es"],"dateCreated":"2013-02-14T04:00:00Z","datePublished":"2013-02-14T04:00:00Z","dateModified":"2022-10-21T22:48:37Z"},"rendered":"<script type=\"application\/ld+json\" class=\"wp-parsely-metadata\">{\"@context\":\"https:\\\/\\\/schema.org\",\"@type\":\"NewsArticle\",\"headline\":\"Casa de Campo abre un nuevo \\u00abMercado Artesanal\\u00bb en el Lago Grill &#8211; cada viernes!\",\"url\":\"http:\\\/\\\/casadecampoliving.com\\\/es\\\/casa-de-campo-abre-un-nuevo-mercado-artesanal-en-el-lago-grill-cada-viernes\\\/\",\"mainEntityOfPage\":{\"@type\":\"WebPage\",\"@id\":\"http:\\\/\\\/casadecampoliving.com\\\/es\\\/casa-de-campo-abre-un-nuevo-mercado-artesanal-en-el-lago-grill-cada-viernes\\\/\"},\"thumbnailUrl\":\"https:\\\/\\\/i0.wp.com\\\/casadecampoliving.com\\\/wp-content\\\/uploads\\\/2022\\\/10\\\/web-mercado-artesanal-1.jpg?resize=150%2C150&ssl=1\",\"image\":{\"@type\":\"ImageObject\",\"url\":\"https:\\\/\\\/i0.wp.com\\\/casadecampoliving.com\\\/wp-content\\\/uploads\\\/2022\\\/10\\\/web-mercado-artesanal-1.jpg?fit=650%2C400&ssl=1\"},\"articleSection\":\"Noticias Locales\",\"author\":[{\"@type\":\"Person\",\"name\":\"FB_515917546\"}],\"creator\":[\"FB_515917546\"],\"publisher\":{\"@type\":\"Organization\",\"name\":\"Casa de Campo Living\",\"logo\":\"https:\\\/\\\/casadecampoliving.com\\\/wp-content\\\/uploads\\\/2022\\\/07\\\/CDCLivingLogo_V1-white-sized.png\"},\"keywords\":[\"lago grill @es\"],\"dateCreated\":\"2013-02-14T04:00:00Z\",\"datePublished\":\"2013-02-14T04:00:00Z\",\"dateModified\":\"2022-10-21T22:48:37Z\"}<\/script>","tracker_url":"https:\/\/cdn.parsely.com\/keys\/casadecampoliving.com\/p.js"},"jetpack_publicize_connections":[],"jetpack_featured_media_url":"https:\/\/i0.wp.com\/casadecampoliving.com\/wp-content\/uploads\/2022\/10\/web-mercado-artesanal-1.jpg?fit=650%2C400&ssl=1","jetpack-related-posts":[{"id":322043,"url":"https:\/\/casadecampoliving.com\/casa-de-campo-opens-a-crafts-market-in-the-lago-grill-every-friday\/","url_meta":{"origin":340642,"position":0},"title":"Casa de Campo opens a \u00abCrafts Market\u00bb in the Lago Grill &#8211; every Friday!","author":"Rebecca Silvestri","date":"14 Feb, 2013","format":false,"excerpt":"Every Friday from 6am to 3pm, Casa de Campo is now hosting a \u201cCrafts Market\u201d in the Lago Grill, giving tourists and Casa de Campo villa owners the opportunity to shop for some genuine hand-crafted Dominican souvenirs.\u00a0 The group of 6-8 artisans are mostly based in the nearby fishing town\u2026","rel":"","context":"Entrada similar","block_context":{"text":"Entrada similar","link":""},"img":{"alt_text":"mercado artesanal","src":"https:\/\/i0.wp.com\/casadecampoliving.com\/wp-content\/uploads\/2022\/10\/web-mercado-artesanal-1.jpg?fit=650%2C400&ssl=1&resize=350%2C200","width":350,"height":200,"srcset":"https:\/\/i0.wp.com\/casadecampoliving.com\/wp-content\/uploads\/2022\/10\/web-mercado-artesanal-1.jpg?fit=650%2C400&ssl=1&resize=350%2C200 1x, https:\/\/i0.wp.com\/casadecampoliving.com\/wp-content\/uploads\/2022\/10\/web-mercado-artesanal-1.jpg?fit=650%2C400&ssl=1&resize=525%2C300 1.5x"},"classes":[]},{"id":344173,"url":"https:\/\/casadecampoliving.com\/es\/brunch-semana-santa-2014-en-lago-grill\/","url_meta":{"origin":340642,"position":1},"title":"Brunch Semana Santa 2014 en Lago Grill","author":"Perkin Agramonte","date":"12 Abr, 2014","format":false,"excerpt":"Semana Santa es una de las semanas m\u00e1s ocupadas del a\u00f1o en Casa de Campo y por ende es la m\u00e1s activa y llena de diversi\u00f3n. Esta Semana Santa el hotel Casa de Campo, con su restaurante Lago Grill est\u00e1 ofreciendo un Brunch especial de Semana Santa \u2013 para celebrar\u2026","rel":"","context":"En \u00abCasa de Campo Living @es\u00bb","block_context":{"text":"Casa de Campo Living @es","link":"https:\/\/casadecampoliving.com\/category\/casa-de-campo-living-es\/"},"img":{"alt_text":"Easter Brunch","src":"https:\/\/i0.wp.com\/casadecampoliving.com\/wp-content\/uploads\/2022\/10\/EASTER-BRUNCH_header_1-1.jpg?fit=650%2C452&ssl=1&resize=350%2C200","width":350,"height":200,"srcset":"https:\/\/i0.wp.com\/casadecampoliving.com\/wp-content\/uploads\/2022\/10\/EASTER-BRUNCH_header_1-1.jpg?fit=650%2C452&ssl=1&resize=350%2C200 1x, https:\/\/i0.wp.com\/casadecampoliving.com\/wp-content\/uploads\/2022\/10\/EASTER-BRUNCH_header_1-1.jpg?fit=650%2C452&ssl=1&resize=525%2C300 1.5x"},"classes":[]},{"id":340877,"url":"https:\/\/casadecampoliving.com\/es\/brunch-de-semana-santa-en-el-lago-grill-viernes-29-de-marzo\/","url_meta":{"origin":340642,"position":2},"title":"Brunch de Semana Santa en el Lago Grill: viernes 29 de marzo!","author":"lperdomo","date":"26 Mar, 2013","format":false,"excerpt":"\u00a1Es Semana Santa (Pascua)! \u00a0y este viernes 29 de marzo, viernes Santo, \u00a1el hotel de Casa de Campo le invita a disfrutar de un fabuloso almuerzo en el Lago Grill! Abierto desde las 9am hasta las 3pm, el men\u00fa\u00a0del almuerzo incluye una gran variedad de panes frescos reci\u00e9n horneados, jugos,\u2026","rel":"","context":"En \u00abComidas &amp; Bebidas\u00bb","block_context":{"text":"Comidas &amp; Bebidas","link":"https:\/\/casadecampoliving.com\/es\/category\/comidas-bebidas\/"},"img":{"alt_text":"easter brunch","src":"https:\/\/i0.wp.com\/casadecampoliving.com\/wp-content\/uploads\/2013\/03\/EASTER-BRUNCH.jpg?resize=350%2C200&ssl=1","width":350,"height":200,"srcset":"https:\/\/i0.wp.com\/casadecampoliving.com\/wp-content\/uploads\/2013\/03\/EASTER-BRUNCH.jpg?resize=350%2C200&ssl=1 1x, https:\/\/i0.wp.com\/casadecampoliving.com\/wp-content\/uploads\/2013\/03\/EASTER-BRUNCH.jpg?resize=525%2C300&ssl=1 1.5x"},"classes":[]},{"id":338696,"url":"https:\/\/casadecampoliving.com\/es\/brunch-de-semana-santa-en-el-lago-grill-viernes-6-y-domingo-8-de-abril\/","url_meta":{"origin":340642,"position":3},"title":"Brunch de Semana Santa en el Lago Grill: viernes 6 y domingo 8 de abril!","author":"","date":"3 Abr, 2012","format":false,"excerpt":"En esta Semana Santa, Casa de Campo le invita par el disfrute de la gastronom\u00eda en Lago Grill \u2013 el viernes y domingo, con el servicio de men\u00fas de brunch especiales desde las 9am hasta las 3pm! Yummy! El men\u00fa del brunch del viernes 6 de abril, incluye una variedad\u2026","rel":"","context":"En \u00abComidas &amp; Bebidas\u00bb","block_context":{"text":"Comidas &amp; Bebidas","link":"https:\/\/casadecampoliving.com\/es\/category\/comidas-bebidas\/"},"img":{"alt_text":"semana santa brunch","src":"https:\/\/i0.wp.com\/casadecampoliving.com\/wp-content\/uploads\/2012\/04\/semana_santa_brunch1.jpg?resize=350%2C200&ssl=1","width":350,"height":200,"srcset":"https:\/\/i0.wp.com\/casadecampoliving.com\/wp-content\/uploads\/2012\/04\/semana_santa_brunch1.jpg?resize=350%2C200&ssl=1 1x, https:\/\/i0.wp.com\/casadecampoliving.com\/wp-content\/uploads\/2012\/04\/semana_santa_brunch1.jpg?resize=525%2C300&ssl=1 1.5x"},"classes":[]},{"id":344435,"url":"https:\/\/casadecampoliving.com\/es\/frank-perozo\/","url_meta":{"origin":340642,"position":4},"title":"Frank Perozo visto en Lago Grill","author":"Perkin Agramonte","date":"26 May, 2014","format":false,"excerpt":"Al observar a Frank Perozo y Evelyna Rodr\u00edguez, estrellas de la pel\u00edcula La Extra\u00f1a, desayunando en Casa de Campo, espec\u00edficamente en Lago Grill, sentimos como si estuvi\u00e9semos presenciando una escena de La Extra\u00f1a Por supuesto que no lo fue, simplemente vimos a Frank Perozo y Evelyna Rodr\u00edguez disfrutar de un\u2026","rel":"","context":"En \u00abCasa de Campo Living @es\u00bb","block_context":{"text":"Casa de Campo Living @es","link":"https:\/\/casadecampoliving.com\/category\/casa-de-campo-living-es\/"},"img":{"alt_text":"","src":"https:\/\/i0.wp.com\/casadecampoliving.com\/wp-content\/uploads\/2022\/10\/Frank_Perozo_header_2-1.jpg?fit=650%2C434&ssl=1&resize=350%2C200","width":350,"height":200,"srcset":"https:\/\/i0.wp.com\/casadecampoliving.com\/wp-content\/uploads\/2022\/10\/Frank_Perozo_header_2-1.jpg?fit=650%2C434&ssl=1&resize=350%2C200 1x, https:\/\/i0.wp.com\/casadecampoliving.com\/wp-content\/uploads\/2022\/10\/Frank_Perozo_header_2-1.jpg?fit=650%2C434&ssl=1&resize=525%2C300 1.5x"},"classes":[]},{"id":343236,"url":"https:\/\/casadecampoliving.com\/es\/la-comida-dominicana-regresa-lago-grill\/","url_meta":{"origin":340642,"position":5},"title":"La comida dominicana regresa a Lago Grill","author":"Genesis Perdomo","date":"11 Nov, 2013","format":false,"excerpt":"\u00a1Muy buenas noticias para todos esos amantes de la comida! el delicioso men\u00fa Dominicano regresa a Lago Grill en Casa de Campo. Empezando desde el Jueves 20 de noviembre, el tan adorado men\u00fa servido en la pasada temporada en el Lago Grill ha sido reincorporado y ser\u00e1 servido cada noche.\u2026","rel":"","context":"En \u00abComidas &amp; Bebidas\u00bb","block_context":{"text":"Comidas &amp; Bebidas","link":"https:\/\/casadecampoliving.com\/es\/category\/comidas-bebidas\/"},"img":{"alt_text":"Chivo Dominicano","src":"https:\/\/i0.wp.com\/casadecampoliving.com\/wp-content\/uploads\/2022\/10\/chivo_dominicano-1.jpg?fit=650%2C449&ssl=1&resize=350%2C200","width":350,"height":200,"srcset":"https:\/\/i0.wp.com\/casadecampoliving.com\/wp-content\/uploads\/2022\/10\/chivo_dominicano-1.jpg?fit=650%2C449&ssl=1&resize=350%2C200 1x, https:\/\/i0.wp.com\/casadecampoliving.com\/wp-content\/uploads\/2022\/10\/chivo_dominicano-1.jpg?fit=650%2C449&ssl=1&resize=525%2C300 1.5x"},"classes":[]}],"jetpack_sharing_enabled":true,"_links":{"self":[{"href":"https:\/\/casadecampoliving.com\/es\/wp-json\/wp\/v2\/posts\/340642","targetHints":{"allow":["GET"]}}],"collection":[{"href":"https:\/\/casadecampoliving.com\/es\/wp-json\/wp\/v2\/posts"}],"about":[{"href":"https:\/\/casadecampoliving.com\/es\/wp-json\/wp\/v2\/types\/post"}],"author":[{"embeddable":true,"href":"https:\/\/casadecampoliving.com\/es\/wp-json\/wp\/v2\/users\/21"}],"replies":[{"embeddable":true,"href":"https:\/\/casadecampoliving.com\/es\/wp-json\/wp\/v2\/comments?post=340642"}],"version-history":[{"count":1,"href":"https:\/\/casadecampoliving.com\/es\/wp-json\/wp\/v2\/posts\/340642\/revisions"}],"predecessor-version":[{"id":340643,"href":"https:\/\/casadecampoliving.com\/es\/wp-json\/wp\/v2\/posts\/340642\/revisions\/340643"}],"wp:featuredmedia":[{"embeddable":true,"href":"https:\/\/casadecampoliving.com\/es\/wp-json\/wp\/v2\/media\/260438"}],"wp:attachment":[{"href":"https:\/\/casadecampoliving.com\/es\/wp-json\/wp\/v2\/media?parent=340642"}],"wp:term":[{"taxonomy":"category","embeddable":true,"href":"https:\/\/casadecampoliving.com\/es\/wp-json\/wp\/v2\/categories?post=340642"},{"taxonomy":"post_tag","embeddable":true,"href":"https:\/\/casadecampoliving.com\/es\/wp-json\/wp\/v2\/tags?post=340642"},{"taxonomy":"newspack_spnsrs_tax","embeddable":true,"href":"https:\/\/casadecampoliving.com\/es\/wp-json\/wp\/v2\/newspack_spnsrs_tax?post=340642"}],"curies":[{"name":"wp","href":"https:\/\/api.w.org\/{rel}","templated":true}]}}