{"id":340591,"date":"2013-02-07T00:00:00","date_gmt":"2013-02-07T04:00:00","guid":{"rendered":"https:\/\/casadecampoliving.com\/zarpemos-crucero-cafe-de-la-leche-15-al-22-de-abril\/"},"modified":"2022-10-21T18:46:07","modified_gmt":"2022-10-21T22:46:07","slug":"zarpemos-crucero-cafe-de-la-leche-15-al-22-de-abril","status":"publish","type":"post","link":"https:\/\/casadecampoliving.com\/es\/zarpemos-crucero-cafe-de-la-leche-15-al-22-de-abril\/","title":{"rendered":"\u00a1Zarpemos! \u00a1Crucero Caf\u00e9 de la Leche: 15 al 22 de abril!"},"content":{"rendered":"<div class=\"wp-block-image\">\n<figure class=\"aligncenter is-resized\"><img loading=\"lazy\" decoding=\"async\" src=\"https:\/\/i0.wp.com\/casadecampoliving.com\/wp-content\/uploads\/2022\/10\/cafe_de_la_leche_cruise.jpg?resize=650%2C381&amp;ssl=1\" alt=\"cafe de la leche cruise\" class=\"wp-image-64590\" title=\"cafe_de_la_leche_cruise\" height=\"381\" width=\"650\"\/><\/figure>\n<\/div>\n\n\n<p>El Hogar del Ni\u00f1o acaba de anunciar su m\u00e1s reciente tem\u00e1tica para este evento beneefico \u2013 el \u201cCaf\u00e9 de la Leche Cruise\u201d, \u00a1un viaje a bordo del crucero Costa Luminosa que llevar\u00e1 a las damas y caballeros de Casa de Campo en un viaje por el Caribe! \u00a1Esta s\u00ed que es una fabulosa manera de recaudar fondos! <\/p>\n\n\n\n<!--more-->\n\n\n\n<p>\u00a1El \u201cCaf\u00e9 de la Leche Cruise\u201d est\u00e1 abierto al p\u00fablico, por lo que si alguna vez so\u00f1o con explorar las islas vecinas del Caribe, \u00e9sta es su oportunidad de hacer, contribuyendo con la causa del Hogar del Ni\u00f1o! El crucero zarpar\u00e1 del Puerto de La Romana el <strong>lunes 15 de abril<\/strong> hacia la Isla Catalina,&nbsp;Tortola&nbsp;Road&nbsp;Harbour en las islas Virgenes, Antigua en St. Johns-Antigua,&nbsp;Martinique,&nbsp;Guadelope y St.&nbsp;Marteen&nbsp;Philipsburg, antes de regresar a La Romana el<strong> lunes 22 de abril.<\/strong><\/p>\n\n\n\n<p>El \u201cCaf\u00e9 de la Leche\u201d es una actividad que se realiza mensualmente desde las 5pm hasta las 7pm en el hogar de algun miembro de la comunidad. Se trata de una ocasi\u00f3n en la que las damas de Casa de Campo se reunen para compartir en medio de c\u00f3cteles y picaderas para contribuir con leche en polvo y cereales para la sala de cunas del Hogar del Ni\u00f1o, instituci\u00f3n que a diario cuida a m\u00e1s de 200 beb\u00e9s. [<a href=\"http:\/\/wp.me\/P1kvEy-bg0\">Haga click aqu\u00ed para leer m\u00e1s sobre la tradici\u00f3n del Caf\u00e9 de la Leche<\/a>]. El crucero del Caf\u00e9 de la Leche, sin duda llamar\u00e1 la atenci\u00f3n de estas damas para el disfrute de una semana completa de diversi\u00f3n en vez de una tarde! Por supuesto los caballeros tambi\u00e9n son bienvenidos \u2013 \u00a1mientras m\u00e1s, mejor y esto aplica sobre todo cuando se trata de recaudar fondos mientras la pasan bien!<\/p>\n\n\n\n<p>\u00a1Ahora es el momento de comenzar a planificar los mejores atuendos n\u00e1uticos!<\/p>\n\n\n\n<blockquote class=\"wp-block-quote is-layout-flow wp-block-quote-is-layout-flow\"><p><span style=\"text-decoration: underline;\"><strong>\u201cCaf\u00e9 de la Leche Cruise\u201d<\/strong><\/span><\/p><p><strong>Cu\u00e1ndo: <\/strong>Lunes 15 de abril a lunes 22 de abril<\/p><p style=\"padding-left: 30px;\">\u2022 La Romana, Rep\u00fablica Dominicana \u2013 llegada 1pm, salida 12am<br>\n\u2022 Isla Catalina, Rep\u00fablica Dominicana \u2013 llegada 9am, salida 5pm<br>\n\u2022&nbsp;Tortola&nbsp;Road&nbsp;Harbour, Islas V\u00edrgenes \u2013 llegada 9am, salida 6pm<br>\n\u2022 Antigua, St. Johns-Antigua \u2013 llegada 9am, salida 6pm<br>\n\u2022 Martinique&nbsp;-llegada 9am, salida 10 pm<br>\n\u2022&nbsp;Guadelope&nbsp;\u2013 llegada 11am, salida 12am<br>\n\u2022 St.&nbsp;Marteen&nbsp;Philipsburg&nbsp;\u2013 llegada 1pm, salida 6pm<br>\n\u2022 La Romana,&nbsp;Rep\u00fablica Dominicana \u2013 llegada 1pm, salida 12am<\/p><p><strong>D\u00f3nde:<\/strong> Parte del Puerto de La Romana<\/p><p><strong>Costo:&nbsp;<\/strong><\/p><p style=\"padding-left: 30px;\">\u2022 Cabina Interna: US$930 (ocupaci\u00f3n triple)<br>\n\u2022 Cabina Externa: US$1,140 (ocupaci\u00f3n triple)<br>\n\u2022 Cabina con balc\u00f3n: US$1,280 (ocupaci\u00f3n triple)<br>\n\u2022 Cabina Externa: US$1,445 (ocupaci\u00f3n doble)<br>\n\u2022 Cabina con balc\u00f3n: US$1,660 (ocupaci\u00f3n doble)<br>\n[Los precios son por persona e incluyen bebidas.]<\/p><p style=\"padding-left: 30px;\">Extras:<br>\n\u2022 Tips por persona: US$80.50<br>\n\u2022 Customs card: US$20<\/p><p><strong>Contactos:<\/strong><br>\n<strong>Tel:<\/strong>&nbsp;<a href=\"tel:%28809%29%20523-8901\" target=\"_blank\" rel=\"noopener\">(809) 523-8901<\/a>&nbsp;or (809) 556-3181<br>\n<strong>Email:<\/strong>&nbsp;<a href=\"mailto:info@pbo.org.do\" target=\"_blank\" rel=\"noopener\">info@pbo.org.do<\/a><br>\n<strong>Sitio Web:<\/strong>&nbsp;<a href=\"http:\/\/www.hogardelnino.com\/\">www.hogardelnino.com<\/a><\/p><p><strong>\u00a1A\u00fan cuando el viaje no se realizar\u00e1 hasta el mes de abril, aquellos que deseen asistir deber\u00e1n depositar el 50% para garantizar el espacio, antes del 20 de febrero!<\/strong><\/p><\/blockquote>\n\n\n\n<blockquote><p style=\"text-align: center;\"><strong><a href=\"https:\/\/casadecampoliving.com\/es\/2012\/03\/todos-a-bordo-un-super-cafe-de-la-leche-en-el-costa-luminosa\/\">Un s\u00faper Caf\u00e9 de la Leche en el Costa Luminosa!<br>\n<\/a><\/strong><\/p><figure><img decoding=\"async\" loading=\"lazy\" class=\"aligncenter  wp-image-46529\" title=\"costa_luminosa_la_romana\" src=\"https:\/\/i0.wp.com\/casadecampoliving.com\/wp-content\/uploads\/2022\/10\/costa_luminosa_la_romana7.jpg?resize=527%2C419&amp;ssl=1\" alt=\"costa luminosa la romana\" width=\"527\" height=\"419\"><\/figure><p style=\"text-align: center;\"><\/p><p style=\"text-align: left;\">El lunes 5 de marzo, las damas de Casa de Campo se encaminaron hacia un mar de diversiones a bordo del crucero Costa Luminosa para disfrutar de un muy especial evento del Caf\u00e9 de la Leche a beneficio del Hogar del Ni\u00f1o!<\/p><p style=\"text-align: left;\"><em><strong><a href=\"https:\/\/casadecampoliving.com\/es\/2012\/03\/todos-a-bordo-un-super-cafe-de-la-leche-en-el-costa-luminosa\/\">HAGA CLICK AQUI PARA VER LAS FOTOS Y LOS DETALLES!&nbsp;<\/a><\/strong><\/em><\/p><\/blockquote>\n\n\n\n<blockquote><p><strong><a href=\"http:\/\/wp.me\/P1kvEy-dec\">El Hogar del Ni\u00f1o<\/a><\/strong><\/p><figure><img decoding=\"async\" loading=\"lazy\" class=\"alignright\" title=\"hogar_del_nino\" src=\"https:\/\/i0.wp.com\/casadecampoliving.com\/wp-content\/uploads\/2022\/10\/hogar_del_nino.jpg?resize=200%2C105&amp;ssl=1\" alt=\"hogar del nino \" width=\"200\" height=\"105\"><\/figure><p>El Hogar del Ni\u00f1o es un centro educacional y de cuidado para m\u00e1s de 1,500 ni\u00f1os, ubicado en el pueblo de La Romana, justo a las afueras de Casa de Campo. Ni\u00f1os que van desde los pocas semanas de nacidos hasta los 18 a\u00f1os de edad, son cuidados y educados a diario desde las 5:30am las 7pm.<\/p><p>La organizaci\u00f3n tambi\u00e9n provee educaci\u00f3n especial para ni\u00f1os especiales que padecen de ceguera o con limitaciones auditivas, al igual que una escuela vocacional en la que m\u00e1s de 235 estudiantes reciben educaci\u00f3n en las distintas \u00e1reas como: costura, preparaci\u00f3n industrial, mantenimiento e instalaci\u00f3n el\u00e9ctrica; manejo de programas de c\u00f3mputos.<\/p><p><em><strong><a href=\"http:\/\/wp.me\/P1kvEy-dec\">Haga click aqu\u00ed para leer m\u00e1s sobre el Hogar del Ni\u00f1o y sus actividades y eventos m\u00e1s recientes!<br>\n<\/a><\/strong><\/em><\/p><figure><img decoding=\"async\" loading=\"lazy\" title=\"hogar_del_nino_la_romana\" src=\"https:\/\/i0.wp.com\/casadecampoliving.com\/wp-content\/uploads\/2022\/10\/hogar_del_nino_la_romana.jpg?resize=550%2C299&amp;ssl=1\" alt=\"hogar del nino la romana\" width=\"550\" height=\"299\"><\/figure><p><strong><strong><strong>Comun\u00edquese con el Hogar del Ni\u00f1o al:<\/strong><br>\n<strong>Tel:<\/strong>&nbsp;<a href=\"tel:%28809%29%20523-8901\" target=\"_blank\" rel=\"noopener\">(809) 523-8901<\/a>&nbsp;<\/strong><\/strong>o al (809) 556-3181<strong><strong><br>\n<strong>Email:<\/strong>&nbsp;<a href=\"mailto:info@pbo.org.do\" target=\"_blank\" rel=\"noopener\">info@pbo.org.do<\/a><br>\n<strong>Sitio Web:<\/strong>&nbsp;<a href=\"http:\/\/www.hogardelnino.com\/\">www.hogardelnino.com<\/a><\/strong><\/strong><\/p><\/blockquote>\n","protected":false},"excerpt":{"rendered":"<p>El Hogar del Ni\u00f1o acaba de anunciar su m\u00e1s reciente tem\u00e1tica para este evento beneefico \u2013 el \u201cCaf\u00e9 de la Leche Cruise\u201d, \u00a1un viaje a bordo del crucero Costa Luminosa que llevar\u00e1 a las damas y caballeros de Casa de Campo en un viaje por el Caribe! \u00a1Esta s\u00ed que es una fabulosa manera de [&hellip;]<\/p>\n","protected":false},"author":21,"featured_media":258270,"comment_status":"closed","ping_status":"closed","sticky":false,"template":"","format":"standard","meta":{"newspack_ads_suppress_ads":false,"newspack_popups_has_disabled_popups":false,"newspack_sponsor_sponsorship_scope":"","newspack_sponsor_native_byline_display":"inherit","newspack_sponsor_native_category_display":"inherit","newspack_sponsor_underwriter_style":"inherit","newspack_sponsor_underwriter_placement":"inherit","_newspack_byline_active":false,"_newspack_byline":"","newspack_hide_updated_date":false,"newspack_show_updated_date":false,"newspack_content_restriction_is_exempt":false,"newspack_featured_image_position":"","newspack_post_subtitle":"","newspack_article_summary_title":"Overview:","newspack_article_summary":"","_jetpack_memberships_contains_paid_content":false,"footnotes":"","jetpack_publicize_message":"","jetpack_publicize_feature_enabled":true,"jetpack_social_post_already_shared":false,"jetpack_social_options":{"image_generator_settings":{"template":"highway","default_image_id":0,"font":"","enabled":false},"version":2},"_wpas_customize_per_network":false},"categories":[2524,14631,2522,2514,2516,2506,14625,14627],"tags":[5744,3590,4484,5519],"newspack_spnsrs_tax":[],"class_list":["post-340591","post","type-post","status-publish","format-standard","has-post-thumbnail","hentry","category-destacados","category-estilo-de-vida","category-eventos-es","category-fundaciones-es","category-hogar-del-nino-es","category-mas-alla-de-casa-es","category-noticias-locales","category-proximamente","tag-cafe-de-la-leche-es","tag-costa-luminosa-es","tag-el-hogar-del-nino","tag-puerto-de-la-romana","entry"],"yoast_head":"<!-- This site is optimized with the Yoast SEO plugin v27.4 - https:\/\/yoast.com\/product\/yoast-seo-wordpress\/ -->\n<title>\u00a1Zarpemos! \u00a1Crucero Caf\u00e9 de la Leche: 15 al 22 de abril! | Casa de Campo Living<\/title>\n<meta name=\"description\" content=\"El Hogar del Ni\u00f1o acaba de anunciar su m\u00e1s reciente tem\u00e1tica para este evento beneefico \u2013 el \u201cCaf\u00e9 de la Leche Cruise\u201d, \u00a1un viaje a bordo del crucero\" \/>\n<meta name=\"robots\" content=\"index, follow, max-snippet:-1, max-image-preview:large, max-video-preview:-1\" \/>\n<link rel=\"canonical\" href=\"https:\/\/casadecampoliving.com\/es\/zarpemos-crucero-cafe-de-la-leche-15-al-22-de-abril\/\" \/>\n<meta property=\"og:locale\" content=\"es_ES\" \/>\n<meta property=\"og:type\" content=\"article\" \/>\n<meta property=\"og:title\" content=\"\u00a1Zarpemos! \u00a1Crucero Caf\u00e9 de la Leche: 15 al 22 de abril! | Casa de Campo Living\" \/>\n<meta property=\"og:description\" content=\"El Hogar del Ni\u00f1o acaba de anunciar su m\u00e1s reciente tem\u00e1tica para este evento beneefico \u2013 el \u201cCaf\u00e9 de la Leche Cruise\u201d, \u00a1un viaje a bordo del crucero\" \/>\n<meta property=\"og:url\" content=\"https:\/\/casadecampoliving.com\/es\/zarpemos-crucero-cafe-de-la-leche-15-al-22-de-abril\/\" \/>\n<meta property=\"og:site_name\" content=\"Casa de Campo Living\" \/>\n<meta property=\"article:publisher\" content=\"https:\/\/www.facebook.com\/casadecampoliving\" \/>\n<meta property=\"article:published_time\" content=\"2013-02-07T04:00:00+00:00\" \/>\n<meta property=\"article:modified_time\" content=\"2022-10-21T22:46:07+00:00\" \/>\n<meta property=\"og:image\" content=\"https:\/\/i0.wp.com\/casadecampoliving.com\/wp-content\/uploads\/2022\/10\/cafe_de_la_leche_cruise-1.jpg?fit=650%2C381&ssl=1\" \/>\n\t<meta property=\"og:image:width\" content=\"650\" \/>\n\t<meta property=\"og:image:height\" content=\"381\" \/>\n\t<meta property=\"og:image:type\" content=\"image\/jpeg\" \/>\n<meta name=\"twitter:card\" content=\"summary_large_image\" \/>\n<meta name=\"twitter:creator\" content=\"@cdcliving\" \/>\n<meta name=\"twitter:site\" content=\"@cdcliving\" \/>\n<meta name=\"twitter:label1\" content=\"Escrito por\" \/>\n\t<meta name=\"twitter:data1\" content=\"\" \/>\n\t<meta name=\"twitter:label2\" content=\"Tiempo de lectura\" \/>\n\t<meta name=\"twitter:data2\" content=\"4 minutos\" \/>\n<script type=\"application\/ld+json\" class=\"yoast-schema-graph\">{\"@context\":\"https:\\\/\\\/schema.org\",\"@graph\":[{\"@type\":\"Article\",\"@id\":\"https:\\\/\\\/casadecampoliving.com\\\/es\\\/zarpemos-crucero-cafe-de-la-leche-15-al-22-de-abril\\\/#article\",\"isPartOf\":{\"@id\":\"https:\\\/\\\/casadecampoliving.com\\\/es\\\/zarpemos-crucero-cafe-de-la-leche-15-al-22-de-abril\\\/\"},\"author\":{\"name\":\"\",\"@id\":\"https:\\\/\\\/casadecampoliving.com\\\/es\\\/#\\\/schema\\\/person\\\/7e3b975d584a5f6ac0fd7128a81b0bc5\"},\"headline\":\"\u00a1Zarpemos! \u00a1Crucero Caf\u00e9 de la Leche: 15 al 22 de abril!\",\"datePublished\":\"2013-02-07T04:00:00+00:00\",\"dateModified\":\"2022-10-21T22:46:07+00:00\",\"mainEntityOfPage\":{\"@id\":\"https:\\\/\\\/casadecampoliving.com\\\/es\\\/zarpemos-crucero-cafe-de-la-leche-15-al-22-de-abril\\\/\"},\"wordCount\":758,\"publisher\":{\"@id\":\"https:\\\/\\\/casadecampoliving.com\\\/es\\\/#organization\"},\"image\":{\"@id\":\"https:\\\/\\\/casadecampoliving.com\\\/es\\\/zarpemos-crucero-cafe-de-la-leche-15-al-22-de-abril\\\/#primaryimage\"},\"thumbnailUrl\":\"https:\\\/\\\/i0.wp.com\\\/casadecampoliving.com\\\/wp-content\\\/uploads\\\/2022\\\/10\\\/cafe_de_la_leche_cruise-1.jpg?fit=650%2C381&ssl=1\",\"keywords\":[\"cafe de la leche @es\",\"Costa Luminosa @es\",\"el hogar del nino\",\"puerto de la romana\"],\"articleSection\":[\"Destacados\",\"Estilo de Vida\",\"Eventos\",\"Fundaciones\",\"Hogar del Ni\u00f1o @es\",\"M\u00e1s all\u00e1 de Casa\",\"Noticias Locales\",\"Proximamente\"],\"inLanguage\":\"es\"},{\"@type\":\"WebPage\",\"@id\":\"https:\\\/\\\/casadecampoliving.com\\\/es\\\/zarpemos-crucero-cafe-de-la-leche-15-al-22-de-abril\\\/\",\"url\":\"https:\\\/\\\/casadecampoliving.com\\\/es\\\/zarpemos-crucero-cafe-de-la-leche-15-al-22-de-abril\\\/\",\"name\":\"\u00a1Zarpemos! \u00a1Crucero Caf\u00e9 de la Leche: 15 al 22 de abril! | Casa de Campo Living\",\"isPartOf\":{\"@id\":\"https:\\\/\\\/casadecampoliving.com\\\/es\\\/#website\"},\"primaryImageOfPage\":{\"@id\":\"https:\\\/\\\/casadecampoliving.com\\\/es\\\/zarpemos-crucero-cafe-de-la-leche-15-al-22-de-abril\\\/#primaryimage\"},\"image\":{\"@id\":\"https:\\\/\\\/casadecampoliving.com\\\/es\\\/zarpemos-crucero-cafe-de-la-leche-15-al-22-de-abril\\\/#primaryimage\"},\"thumbnailUrl\":\"https:\\\/\\\/i0.wp.com\\\/casadecampoliving.com\\\/wp-content\\\/uploads\\\/2022\\\/10\\\/cafe_de_la_leche_cruise-1.jpg?fit=650%2C381&ssl=1\",\"datePublished\":\"2013-02-07T04:00:00+00:00\",\"dateModified\":\"2022-10-21T22:46:07+00:00\",\"description\":\"El Hogar del Ni\u00f1o acaba de anunciar su m\u00e1s reciente tem\u00e1tica para este evento beneefico \u2013 el \u201cCaf\u00e9 de la Leche Cruise\u201d, \u00a1un viaje a bordo del crucero\",\"breadcrumb\":{\"@id\":\"https:\\\/\\\/casadecampoliving.com\\\/es\\\/zarpemos-crucero-cafe-de-la-leche-15-al-22-de-abril\\\/#breadcrumb\"},\"inLanguage\":\"es\",\"potentialAction\":[{\"@type\":\"ReadAction\",\"target\":[\"https:\\\/\\\/casadecampoliving.com\\\/es\\\/zarpemos-crucero-cafe-de-la-leche-15-al-22-de-abril\\\/\"]}]},{\"@type\":\"ImageObject\",\"inLanguage\":\"es\",\"@id\":\"https:\\\/\\\/casadecampoliving.com\\\/es\\\/zarpemos-crucero-cafe-de-la-leche-15-al-22-de-abril\\\/#primaryimage\",\"url\":\"https:\\\/\\\/i0.wp.com\\\/casadecampoliving.com\\\/wp-content\\\/uploads\\\/2022\\\/10\\\/cafe_de_la_leche_cruise-1.jpg?fit=650%2C381&ssl=1\",\"contentUrl\":\"https:\\\/\\\/i0.wp.com\\\/casadecampoliving.com\\\/wp-content\\\/uploads\\\/2022\\\/10\\\/cafe_de_la_leche_cruise-1.jpg?fit=650%2C381&ssl=1\",\"width\":650,\"height\":381,\"caption\":\"cafe de la leche cruise\"},{\"@type\":\"BreadcrumbList\",\"@id\":\"https:\\\/\\\/casadecampoliving.com\\\/es\\\/zarpemos-crucero-cafe-de-la-leche-15-al-22-de-abril\\\/#breadcrumb\",\"itemListElement\":[{\"@type\":\"ListItem\",\"position\":1,\"name\":\"Home\",\"item\":\"https:\\\/\\\/casadecampoliving.com\\\/es\\\/\"},{\"@type\":\"ListItem\",\"position\":2,\"name\":\"\u00a1Zarpemos! \u00a1Crucero Caf\u00e9 de la Leche: 15 al 22 de abril!\"}]},{\"@type\":\"WebSite\",\"@id\":\"https:\\\/\\\/casadecampoliving.com\\\/es\\\/#website\",\"url\":\"https:\\\/\\\/casadecampoliving.com\\\/es\\\/\",\"name\":\"Casa de Campo Living\",\"description\":\"Resort community news and resources.\",\"publisher\":{\"@id\":\"https:\\\/\\\/casadecampoliving.com\\\/es\\\/#organization\"},\"potentialAction\":[{\"@type\":\"SearchAction\",\"target\":{\"@type\":\"EntryPoint\",\"urlTemplate\":\"https:\\\/\\\/casadecampoliving.com\\\/es\\\/?s={search_term_string}\"},\"query-input\":{\"@type\":\"PropertyValueSpecification\",\"valueRequired\":true,\"valueName\":\"search_term_string\"}}],\"inLanguage\":\"es\"},{\"@type\":\"Organization\",\"@id\":\"https:\\\/\\\/casadecampoliving.com\\\/es\\\/#organization\",\"name\":\"Casa de Campo Living\",\"url\":\"https:\\\/\\\/casadecampoliving.com\\\/es\\\/\",\"logo\":{\"@type\":\"ImageObject\",\"inLanguage\":\"es\",\"@id\":\"https:\\\/\\\/casadecampoliving.com\\\/es\\\/#\\\/schema\\\/logo\\\/image\\\/\",\"url\":\"https:\\\/\\\/i0.wp.com\\\/casadecampoliving.com\\\/wp-content\\\/uploads\\\/2022\\\/07\\\/CDCLivingLogo_V1-white-sized.png?fit=800%2C214&ssl=1\",\"contentUrl\":\"https:\\\/\\\/i0.wp.com\\\/casadecampoliving.com\\\/wp-content\\\/uploads\\\/2022\\\/07\\\/CDCLivingLogo_V1-white-sized.png?fit=800%2C214&ssl=1\",\"width\":800,\"height\":214,\"caption\":\"Casa de Campo Living\"},\"image\":{\"@id\":\"https:\\\/\\\/casadecampoliving.com\\\/es\\\/#\\\/schema\\\/logo\\\/image\\\/\"},\"sameAs\":[\"https:\\\/\\\/www.facebook.com\\\/casadecampoliving\",\"https:\\\/\\\/x.com\\\/cdcliving\"]},{\"@type\":\"Person\",\"@id\":\"https:\\\/\\\/casadecampoliving.com\\\/es\\\/#\\\/schema\\\/person\\\/7e3b975d584a5f6ac0fd7128a81b0bc5\",\"name\":\"\",\"image\":{\"@type\":\"ImageObject\",\"inLanguage\":\"es\",\"@id\":\"https:\\\/\\\/secure.gravatar.com\\\/avatar\\\/?s=96&d=mm&r=g\",\"url\":\"https:\\\/\\\/secure.gravatar.com\\\/avatar\\\/?s=96&d=mm&r=g\",\"contentUrl\":\"https:\\\/\\\/secure.gravatar.com\\\/avatar\\\/?s=96&d=mm&r=g\"},\"url\":\"https:\\\/\\\/casadecampoliving.com\\\/es\\\/author\\\/ \\\/\"}]}<\/script>\n<!-- \/ Yoast SEO plugin. -->","yoast_head_json":{"title":"\u00a1Zarpemos! \u00a1Crucero Caf\u00e9 de la Leche: 15 al 22 de abril! | Casa de Campo Living","description":"El Hogar del Ni\u00f1o acaba de anunciar su m\u00e1s reciente tem\u00e1tica para este evento beneefico \u2013 el \u201cCaf\u00e9 de la Leche Cruise\u201d, \u00a1un viaje a bordo del crucero","robots":{"index":"index","follow":"follow","max-snippet":"max-snippet:-1","max-image-preview":"max-image-preview:large","max-video-preview":"max-video-preview:-1"},"canonical":"https:\/\/casadecampoliving.com\/es\/zarpemos-crucero-cafe-de-la-leche-15-al-22-de-abril\/","og_locale":"es_ES","og_type":"article","og_title":"\u00a1Zarpemos! \u00a1Crucero Caf\u00e9 de la Leche: 15 al 22 de abril! | Casa de Campo Living","og_description":"El Hogar del Ni\u00f1o acaba de anunciar su m\u00e1s reciente tem\u00e1tica para este evento beneefico \u2013 el \u201cCaf\u00e9 de la Leche Cruise\u201d, \u00a1un viaje a bordo del crucero","og_url":"https:\/\/casadecampoliving.com\/es\/zarpemos-crucero-cafe-de-la-leche-15-al-22-de-abril\/","og_site_name":"Casa de Campo Living","article_publisher":"https:\/\/www.facebook.com\/casadecampoliving","article_published_time":"2013-02-07T04:00:00+00:00","article_modified_time":"2022-10-21T22:46:07+00:00","og_image":[{"width":650,"height":381,"url":"https:\/\/i0.wp.com\/casadecampoliving.com\/wp-content\/uploads\/2022\/10\/cafe_de_la_leche_cruise-1.jpg?fit=650%2C381&ssl=1","type":"image\/jpeg"}],"twitter_card":"summary_large_image","twitter_creator":"@cdcliving","twitter_site":"@cdcliving","twitter_misc":{"Escrito por":"","Tiempo de lectura":"4 minutos"},"schema":{"@context":"https:\/\/schema.org","@graph":[{"@type":"Article","@id":"https:\/\/casadecampoliving.com\/es\/zarpemos-crucero-cafe-de-la-leche-15-al-22-de-abril\/#article","isPartOf":{"@id":"https:\/\/casadecampoliving.com\/es\/zarpemos-crucero-cafe-de-la-leche-15-al-22-de-abril\/"},"author":{"name":"","@id":"https:\/\/casadecampoliving.com\/es\/#\/schema\/person\/7e3b975d584a5f6ac0fd7128a81b0bc5"},"headline":"\u00a1Zarpemos! \u00a1Crucero Caf\u00e9 de la Leche: 15 al 22 de abril!","datePublished":"2013-02-07T04:00:00+00:00","dateModified":"2022-10-21T22:46:07+00:00","mainEntityOfPage":{"@id":"https:\/\/casadecampoliving.com\/es\/zarpemos-crucero-cafe-de-la-leche-15-al-22-de-abril\/"},"wordCount":758,"publisher":{"@id":"https:\/\/casadecampoliving.com\/es\/#organization"},"image":{"@id":"https:\/\/casadecampoliving.com\/es\/zarpemos-crucero-cafe-de-la-leche-15-al-22-de-abril\/#primaryimage"},"thumbnailUrl":"https:\/\/i0.wp.com\/casadecampoliving.com\/wp-content\/uploads\/2022\/10\/cafe_de_la_leche_cruise-1.jpg?fit=650%2C381&ssl=1","keywords":["cafe de la leche @es","Costa Luminosa @es","el hogar del nino","puerto de la romana"],"articleSection":["Destacados","Estilo de Vida","Eventos","Fundaciones","Hogar del Ni\u00f1o @es","M\u00e1s all\u00e1 de Casa","Noticias Locales","Proximamente"],"inLanguage":"es"},{"@type":"WebPage","@id":"https:\/\/casadecampoliving.com\/es\/zarpemos-crucero-cafe-de-la-leche-15-al-22-de-abril\/","url":"https:\/\/casadecampoliving.com\/es\/zarpemos-crucero-cafe-de-la-leche-15-al-22-de-abril\/","name":"\u00a1Zarpemos! \u00a1Crucero Caf\u00e9 de la Leche: 15 al 22 de abril! | Casa de Campo Living","isPartOf":{"@id":"https:\/\/casadecampoliving.com\/es\/#website"},"primaryImageOfPage":{"@id":"https:\/\/casadecampoliving.com\/es\/zarpemos-crucero-cafe-de-la-leche-15-al-22-de-abril\/#primaryimage"},"image":{"@id":"https:\/\/casadecampoliving.com\/es\/zarpemos-crucero-cafe-de-la-leche-15-al-22-de-abril\/#primaryimage"},"thumbnailUrl":"https:\/\/i0.wp.com\/casadecampoliving.com\/wp-content\/uploads\/2022\/10\/cafe_de_la_leche_cruise-1.jpg?fit=650%2C381&ssl=1","datePublished":"2013-02-07T04:00:00+00:00","dateModified":"2022-10-21T22:46:07+00:00","description":"El Hogar del Ni\u00f1o acaba de anunciar su m\u00e1s reciente tem\u00e1tica para este evento beneefico \u2013 el \u201cCaf\u00e9 de la Leche Cruise\u201d, \u00a1un viaje a bordo del crucero","breadcrumb":{"@id":"https:\/\/casadecampoliving.com\/es\/zarpemos-crucero-cafe-de-la-leche-15-al-22-de-abril\/#breadcrumb"},"inLanguage":"es","potentialAction":[{"@type":"ReadAction","target":["https:\/\/casadecampoliving.com\/es\/zarpemos-crucero-cafe-de-la-leche-15-al-22-de-abril\/"]}]},{"@type":"ImageObject","inLanguage":"es","@id":"https:\/\/casadecampoliving.com\/es\/zarpemos-crucero-cafe-de-la-leche-15-al-22-de-abril\/#primaryimage","url":"https:\/\/i0.wp.com\/casadecampoliving.com\/wp-content\/uploads\/2022\/10\/cafe_de_la_leche_cruise-1.jpg?fit=650%2C381&ssl=1","contentUrl":"https:\/\/i0.wp.com\/casadecampoliving.com\/wp-content\/uploads\/2022\/10\/cafe_de_la_leche_cruise-1.jpg?fit=650%2C381&ssl=1","width":650,"height":381,"caption":"cafe de la leche cruise"},{"@type":"BreadcrumbList","@id":"https:\/\/casadecampoliving.com\/es\/zarpemos-crucero-cafe-de-la-leche-15-al-22-de-abril\/#breadcrumb","itemListElement":[{"@type":"ListItem","position":1,"name":"Home","item":"https:\/\/casadecampoliving.com\/es\/"},{"@type":"ListItem","position":2,"name":"\u00a1Zarpemos! \u00a1Crucero Caf\u00e9 de la Leche: 15 al 22 de abril!"}]},{"@type":"WebSite","@id":"https:\/\/casadecampoliving.com\/es\/#website","url":"https:\/\/casadecampoliving.com\/es\/","name":"Casa de Campo Living","description":"Resort community news and resources.","publisher":{"@id":"https:\/\/casadecampoliving.com\/es\/#organization"},"potentialAction":[{"@type":"SearchAction","target":{"@type":"EntryPoint","urlTemplate":"https:\/\/casadecampoliving.com\/es\/?s={search_term_string}"},"query-input":{"@type":"PropertyValueSpecification","valueRequired":true,"valueName":"search_term_string"}}],"inLanguage":"es"},{"@type":"Organization","@id":"https:\/\/casadecampoliving.com\/es\/#organization","name":"Casa de Campo Living","url":"https:\/\/casadecampoliving.com\/es\/","logo":{"@type":"ImageObject","inLanguage":"es","@id":"https:\/\/casadecampoliving.com\/es\/#\/schema\/logo\/image\/","url":"https:\/\/i0.wp.com\/casadecampoliving.com\/wp-content\/uploads\/2022\/07\/CDCLivingLogo_V1-white-sized.png?fit=800%2C214&ssl=1","contentUrl":"https:\/\/i0.wp.com\/casadecampoliving.com\/wp-content\/uploads\/2022\/07\/CDCLivingLogo_V1-white-sized.png?fit=800%2C214&ssl=1","width":800,"height":214,"caption":"Casa de Campo Living"},"image":{"@id":"https:\/\/casadecampoliving.com\/es\/#\/schema\/logo\/image\/"},"sameAs":["https:\/\/www.facebook.com\/casadecampoliving","https:\/\/x.com\/cdcliving"]},{"@type":"Person","@id":"https:\/\/casadecampoliving.com\/es\/#\/schema\/person\/7e3b975d584a5f6ac0fd7128a81b0bc5","name":"","image":{"@type":"ImageObject","inLanguage":"es","@id":"https:\/\/secure.gravatar.com\/avatar\/?s=96&d=mm&r=g","url":"https:\/\/secure.gravatar.com\/avatar\/?s=96&d=mm&r=g","contentUrl":"https:\/\/secure.gravatar.com\/avatar\/?s=96&d=mm&r=g"},"url":"https:\/\/casadecampoliving.com\/es\/author\/ \/"}]}},"parsely":{"version":"1.1.0","canonical_url":"https:\/\/casadecampoliving.com\/es\/zarpemos-crucero-cafe-de-la-leche-15-al-22-de-abril\/","smart_links":{"inbound":0,"outbound":0},"traffic_boost_suggestions_count":0,"meta":{"@context":"https:\/\/schema.org","@type":"NewsArticle","headline":"\u00a1Zarpemos! \u00a1Crucero Caf\u00e9 de la Leche: 15 al 22 de abril!","url":"http:\/\/casadecampoliving.com\/es\/zarpemos-crucero-cafe-de-la-leche-15-al-22-de-abril\/","mainEntityOfPage":{"@type":"WebPage","@id":"http:\/\/casadecampoliving.com\/es\/zarpemos-crucero-cafe-de-la-leche-15-al-22-de-abril\/"},"thumbnailUrl":"https:\/\/i0.wp.com\/casadecampoliving.com\/wp-content\/uploads\/2022\/10\/cafe_de_la_leche_cruise-1.jpg?resize=150%2C150&ssl=1","image":{"@type":"ImageObject","url":"https:\/\/i0.wp.com\/casadecampoliving.com\/wp-content\/uploads\/2022\/10\/cafe_de_la_leche_cruise-1.jpg?fit=650%2C381&ssl=1"},"articleSection":"Destacados","author":[{"@type":"Person","name":"FB_515917546"}],"creator":["FB_515917546"],"publisher":{"@type":"Organization","name":"Casa de Campo Living","logo":"https:\/\/casadecampoliving.com\/wp-content\/uploads\/2022\/07\/CDCLivingLogo_V1-white-sized.png"},"keywords":["cafe de la leche @es","costa luminosa @es","el hogar del nino","puerto de la romana"],"dateCreated":"2013-02-07T04:00:00Z","datePublished":"2013-02-07T04:00:00Z","dateModified":"2022-10-21T22:46:07Z"},"rendered":"<script type=\"application\/ld+json\" class=\"wp-parsely-metadata\">{\"@context\":\"https:\\\/\\\/schema.org\",\"@type\":\"NewsArticle\",\"headline\":\"\\u00a1Zarpemos! \\u00a1Crucero Caf\\u00e9 de la Leche: 15 al 22 de abril!\",\"url\":\"http:\\\/\\\/casadecampoliving.com\\\/es\\\/zarpemos-crucero-cafe-de-la-leche-15-al-22-de-abril\\\/\",\"mainEntityOfPage\":{\"@type\":\"WebPage\",\"@id\":\"http:\\\/\\\/casadecampoliving.com\\\/es\\\/zarpemos-crucero-cafe-de-la-leche-15-al-22-de-abril\\\/\"},\"thumbnailUrl\":\"https:\\\/\\\/i0.wp.com\\\/casadecampoliving.com\\\/wp-content\\\/uploads\\\/2022\\\/10\\\/cafe_de_la_leche_cruise-1.jpg?resize=150%2C150&ssl=1\",\"image\":{\"@type\":\"ImageObject\",\"url\":\"https:\\\/\\\/i0.wp.com\\\/casadecampoliving.com\\\/wp-content\\\/uploads\\\/2022\\\/10\\\/cafe_de_la_leche_cruise-1.jpg?fit=650%2C381&ssl=1\"},\"articleSection\":\"Destacados\",\"author\":[{\"@type\":\"Person\",\"name\":\"FB_515917546\"}],\"creator\":[\"FB_515917546\"],\"publisher\":{\"@type\":\"Organization\",\"name\":\"Casa de Campo Living\",\"logo\":\"https:\\\/\\\/casadecampoliving.com\\\/wp-content\\\/uploads\\\/2022\\\/07\\\/CDCLivingLogo_V1-white-sized.png\"},\"keywords\":[\"cafe de la leche @es\",\"costa luminosa @es\",\"el hogar del nino\",\"puerto de la romana\"],\"dateCreated\":\"2013-02-07T04:00:00Z\",\"datePublished\":\"2013-02-07T04:00:00Z\",\"dateModified\":\"2022-10-21T22:46:07Z\"}<\/script>","tracker_url":"https:\/\/cdn.parsely.com\/keys\/casadecampoliving.com\/p.js"},"jetpack_publicize_connections":[],"jetpack_featured_media_url":"https:\/\/i0.wp.com\/casadecampoliving.com\/wp-content\/uploads\/2022\/10\/cafe_de_la_leche_cruise-1.jpg?fit=650%2C381&ssl=1","jetpack-related-posts":[{"id":338504,"url":"https:\/\/casadecampoliving.com\/es\/cafe-de-la-leche-a-bordo-del-costa-luminosa-lunes-5-de-marzo\/","url_meta":{"origin":340591,"position":0},"title":"Caf\u00e9 de la Leche a bordo del Costa Luminosa: Lunes 5 de Marzo!","author":"","date":"1 Mar, 2012","format":false,"excerpt":"La pr\u00f3xima celebraci\u00f3n del Caf\u00e9 de la Leche se llevar\u00e1 a cabo este lunes 5 de marzo y ser\u00e1, sin duda, una para recordar \u2013 en el exclusivo crucero Costa Luminosa! ACTUALIZACI\u00d3N: La inscripci\u00f3n a este Caf\u00e9 de la Leche ya esta lleno. El tercer Caf\u00e9 de la Leche del\u2026","rel":"","context":"En \u00abEventos\u00bb","block_context":{"text":"Eventos","link":"https:\/\/casadecampoliving.com\/es\/category\/eventos-es\/"},"img":{"alt_text":"","src":"https:\/\/i0.wp.com\/casadecampoliving.com\/wp-content\/uploads\/2022\/10\/Cafe-Marzo-2012-02-02-02-1.jpg?fit=1200%2C518&ssl=1&resize=350%2C200","width":350,"height":200,"srcset":"https:\/\/i0.wp.com\/casadecampoliving.com\/wp-content\/uploads\/2022\/10\/Cafe-Marzo-2012-02-02-02-1.jpg?fit=1200%2C518&ssl=1&resize=350%2C200 1x, https:\/\/i0.wp.com\/casadecampoliving.com\/wp-content\/uploads\/2022\/10\/Cafe-Marzo-2012-02-02-02-1.jpg?fit=1200%2C518&ssl=1&resize=525%2C300 1.5x, https:\/\/i0.wp.com\/casadecampoliving.com\/wp-content\/uploads\/2022\/10\/Cafe-Marzo-2012-02-02-02-1.jpg?fit=1200%2C518&ssl=1&resize=700%2C400 2x, https:\/\/i0.wp.com\/casadecampoliving.com\/wp-content\/uploads\/2022\/10\/Cafe-Marzo-2012-02-02-02-1.jpg?fit=1200%2C518&ssl=1&resize=1050%2C600 3x"},"classes":[]},{"id":338566,"url":"https:\/\/casadecampoliving.com\/es\/todos-a-bordo-un-super-cafe-de-la-leche-en-el-costa-luminosa\/","url_meta":{"origin":340591,"position":1},"title":"Todos a bordo! Un s\u00faper Caf\u00e9 de la Leche en el Costa Luminosa","author":"","date":"17 Mar, 2012","format":false,"excerpt":"El pasado lunes 5 de marzo, las damas de Casa de Campo se encaminaron hacia un mar de diversiones a bordo del crucero Costa Luminosa para disfrutar de un muy especial evento del Caf\u00e9 de la Leche a beneficio del Hogar del Ni\u00f1o!\u00a0 El crucero Costa Luminosa se estaciona todos\u2026","rel":"","context":"En \u00abM\u00e1s all\u00e1 de Casa\u00bb","block_context":{"text":"M\u00e1s all\u00e1 de Casa","link":"https:\/\/casadecampoliving.com\/es\/category\/mas-alla-de-casa-es\/"},"img":{"alt_text":"costa luminosa la romana","src":"https:\/\/i0.wp.com\/casadecampoliving.com\/wp-content\/uploads\/2022\/10\/costa_luminosa_la_romana7-1.jpg?fit=650%2C517&ssl=1&resize=350%2C200","width":350,"height":200,"srcset":"https:\/\/i0.wp.com\/casadecampoliving.com\/wp-content\/uploads\/2022\/10\/costa_luminosa_la_romana7-1.jpg?fit=650%2C517&ssl=1&resize=350%2C200 1x, https:\/\/i0.wp.com\/casadecampoliving.com\/wp-content\/uploads\/2022\/10\/costa_luminosa_la_romana7-1.jpg?fit=650%2C517&ssl=1&resize=525%2C300 1.5x"},"classes":[]},{"id":340034,"url":"https:\/\/casadecampoliving.com\/es\/alerta-de-rumor-dara-el-costa-luminosa-la-bienvenida-a-bordo-a-visitantes-una-vez-mas\/","url_meta":{"origin":340591,"position":2},"title":"Alerta de rumor: Dar\u00e1 el Costa Luminosa la bienvenida a bordo a visitantes una vez m\u00e1s?","author":"","date":"31 Oct, 2012","format":false,"excerpt":"Es oficial! La l\u00edne de cruceros Costa Luminosa, que el a\u00f1o pasado dio la bienvenida a bordo a numerosos due\u00f1os\u00a0de villa y hu\u00e9spedes\u00a0 de Casa de Campo por una noche, regresa este lunes 17 de diciembre \u2013 PERO la disponibilidad de tours a bordo a\u00fan no ha sido confirmada.\u00a0\u00a0 El\u2026","rel":"","context":"En \u00abComidas &amp; Bebidas\u00bb","block_context":{"text":"Comidas &amp; Bebidas","link":"https:\/\/casadecampoliving.com\/es\/category\/comidas-bebidas\/"},"img":{"alt_text":"","src":"https:\/\/i0.wp.com\/casadecampoliving.com\/wp-content\/uploads\/2022\/10\/costa_luminosa1.jpg?fit=1200%2C420&ssl=1&resize=350%2C200","width":350,"height":200,"srcset":"https:\/\/i0.wp.com\/casadecampoliving.com\/wp-content\/uploads\/2022\/10\/costa_luminosa1.jpg?fit=1200%2C420&ssl=1&resize=350%2C200 1x, https:\/\/i0.wp.com\/casadecampoliving.com\/wp-content\/uploads\/2022\/10\/costa_luminosa1.jpg?fit=1200%2C420&ssl=1&resize=525%2C300 1.5x, https:\/\/i0.wp.com\/casadecampoliving.com\/wp-content\/uploads\/2022\/10\/costa_luminosa1.jpg?fit=1200%2C420&ssl=1&resize=700%2C400 2x, https:\/\/i0.wp.com\/casadecampoliving.com\/wp-content\/uploads\/2022\/10\/costa_luminosa1.jpg?fit=1200%2C420&ssl=1&resize=1050%2C600 3x"},"classes":[]},{"id":340212,"url":"https:\/\/casadecampoliving.com\/es\/todos-a-bordo-para-cena-bebidas-y-entretenimiento-la-experiencia-costa-luminosa-comienza-el-17-de-dic\/","url_meta":{"origin":340591,"position":3},"title":"Todos a bordo para cena, bebidas y entretenimiento! La Experiencia Costa Luminosa comienza el 17 de dic!","author":"","date":"4 Dic, 2012","format":false,"excerpt":"El crucero de lujo, Costa Luminosa, arribar\u00e1 a La Romana \u00e9ste pr\u00f3ximo lunes 17 de diciembre y por segundo a\u00f1o consecutivo, dar\u00e1 la bienvenida a bordo a due\u00f1os de villas y hu\u00e9spedes de Casa de Campo, para el disfrute de una divertida noche con una exquisita cena, bebidas y entretenimiento!\u00a0\u2026","rel":"","context":"En \u00abComidas &amp; Bebidas\u00bb","block_context":{"text":"Comidas &amp; Bebidas","link":"https:\/\/casadecampoliving.com\/es\/category\/comidas-bebidas\/"},"img":{"alt_text":"costa luminosa","src":"https:\/\/i0.wp.com\/casadecampoliving.com\/wp-content\/uploads\/2022\/10\/costa_luminosa-1.jpg?fit=650%2C330&ssl=1&resize=350%2C200","width":350,"height":200,"srcset":"https:\/\/i0.wp.com\/casadecampoliving.com\/wp-content\/uploads\/2022\/10\/costa_luminosa-1.jpg?fit=650%2C330&ssl=1&resize=350%2C200 1x, https:\/\/i0.wp.com\/casadecampoliving.com\/wp-content\/uploads\/2022\/10\/costa_luminosa-1.jpg?fit=650%2C330&ssl=1&resize=525%2C300 1.5x"},"classes":[]},{"id":321091,"url":"https:\/\/casadecampoliving.com\/cafe-de-la-leche-aboard-costa-luminosa-monday-march-5th\/","url_meta":{"origin":340591,"position":4},"title":"Cafe de la Leche aboard the Costa Luminosa: Monday March 5th","author":"","date":"1 Mar, 2012","format":false,"excerpt":"The next Caf\u00e9 de la Leche celebration is taking place on Monday the 5th of March and this will definitely be one to remember \u2013 on\u00a0the exclusive Costa Luminosa cruise ship! UPDATE: This Caf\u00e9 de la Leche is now fully booked. However, for all those who missed out \u2013 it\u2026","rel":"","context":"En \u00abBeyond Casa\u00bb","block_context":{"text":"Beyond Casa","link":"https:\/\/casadecampoliving.com\/category\/beyond-casa\/"},"img":{"alt_text":"","src":"https:\/\/i0.wp.com\/casadecampoliving.com\/wp-content\/uploads\/2022\/10\/Cafe-Marzo-2012-02-02-02-1.jpg?fit=1200%2C518&ssl=1&resize=350%2C200","width":350,"height":200,"srcset":"https:\/\/i0.wp.com\/casadecampoliving.com\/wp-content\/uploads\/2022\/10\/Cafe-Marzo-2012-02-02-02-1.jpg?fit=1200%2C518&ssl=1&resize=350%2C200 1x, https:\/\/i0.wp.com\/casadecampoliving.com\/wp-content\/uploads\/2022\/10\/Cafe-Marzo-2012-02-02-02-1.jpg?fit=1200%2C518&ssl=1&resize=525%2C300 1.5x, https:\/\/i0.wp.com\/casadecampoliving.com\/wp-content\/uploads\/2022\/10\/Cafe-Marzo-2012-02-02-02-1.jpg?fit=1200%2C518&ssl=1&resize=700%2C400 2x, https:\/\/i0.wp.com\/casadecampoliving.com\/wp-content\/uploads\/2022\/10\/Cafe-Marzo-2012-02-02-02-1.jpg?fit=1200%2C518&ssl=1&resize=1050%2C600 3x"},"classes":[]},{"id":338668,"url":"https:\/\/casadecampoliving.com\/es\/cafe-de-la-leche-organizado-por-isabel-purcell-viernes-13-de-abril\/","url_meta":{"origin":340591,"position":5},"title":"Caf\u00e9 de la Leche organizado por Isabel Purcell: Viernes 13 de abril!","author":"","date":"6 Abr, 2012","format":false,"excerpt":"La pr\u00f3xima celebraci\u00f3n del Caf\u00e9 de la Leche tendr\u00e1 lugar el viernes 13 de abril en la villa de Isabel Purcell y sin duda ser\u00e1 un magn\u00edfico evento y una maravillosa manera de continuar con las celebraciones de la Semana Santa (del 2 al 8 de abril).\u00a0 Desde hace tiempo\u2026","rel":"","context":"En \u00abEventos\u00bb","block_context":{"text":"Eventos","link":"https:\/\/casadecampoliving.com\/es\/category\/eventos-es\/"},"img":{"alt_text":"cafe de la leche","src":"https:\/\/i0.wp.com\/casadecampoliving.com\/wp-content\/uploads\/2022\/10\/cafe_de_la_leche-29.jpg?resize=350%2C200&ssl=1","width":350,"height":200,"srcset":"https:\/\/i0.wp.com\/casadecampoliving.com\/wp-content\/uploads\/2022\/10\/cafe_de_la_leche-29.jpg?resize=350%2C200&ssl=1 1x, https:\/\/i0.wp.com\/casadecampoliving.com\/wp-content\/uploads\/2022\/10\/cafe_de_la_leche-29.jpg?resize=525%2C300&ssl=1 1.5x"},"classes":[]}],"jetpack_sharing_enabled":true,"_links":{"self":[{"href":"https:\/\/casadecampoliving.com\/es\/wp-json\/wp\/v2\/posts\/340591","targetHints":{"allow":["GET"]}}],"collection":[{"href":"https:\/\/casadecampoliving.com\/es\/wp-json\/wp\/v2\/posts"}],"about":[{"href":"https:\/\/casadecampoliving.com\/es\/wp-json\/wp\/v2\/types\/post"}],"author":[{"embeddable":true,"href":"https:\/\/casadecampoliving.com\/es\/wp-json\/wp\/v2\/users\/21"}],"replies":[{"embeddable":true,"href":"https:\/\/casadecampoliving.com\/es\/wp-json\/wp\/v2\/comments?post=340591"}],"version-history":[{"count":1,"href":"https:\/\/casadecampoliving.com\/es\/wp-json\/wp\/v2\/posts\/340591\/revisions"}],"predecessor-version":[{"id":340592,"href":"https:\/\/casadecampoliving.com\/es\/wp-json\/wp\/v2\/posts\/340591\/revisions\/340592"}],"wp:featuredmedia":[{"embeddable":true,"href":"https:\/\/casadecampoliving.com\/es\/wp-json\/wp\/v2\/media\/258270"}],"wp:attachment":[{"href":"https:\/\/casadecampoliving.com\/es\/wp-json\/wp\/v2\/media?parent=340591"}],"wp:term":[{"taxonomy":"category","embeddable":true,"href":"https:\/\/casadecampoliving.com\/es\/wp-json\/wp\/v2\/categories?post=340591"},{"taxonomy":"post_tag","embeddable":true,"href":"https:\/\/casadecampoliving.com\/es\/wp-json\/wp\/v2\/tags?post=340591"},{"taxonomy":"newspack_spnsrs_tax","embeddable":true,"href":"https:\/\/casadecampoliving.com\/es\/wp-json\/wp\/v2\/newspack_spnsrs_tax?post=340591"}],"curies":[{"name":"wp","href":"https:\/\/api.w.org\/{rel}","templated":true}]}}