{"id":340479,"date":"2013-01-14T00:00:00","date_gmt":"2013-01-14T04:00:00","guid":{"rendered":"https:\/\/casadecampoliving.com\/miss-republica-dominicana-dulcita-lieggi-francisco-dara-su-apoyo-a-la-fundacion-mir-en-el-evento-esplendor-magico-por-la-vida-este-sabado\/"},"modified":"2022-10-21T18:51:24","modified_gmt":"2022-10-21T22:51:24","slug":"miss-republica-dominicana-dulcita-lieggi-francisco-dara-su-apoyo-a-la-fundacion-mir-en-el-evento-esplendor-magico-por-la-vida-este-sabado","status":"publish","type":"post","link":"https:\/\/casadecampoliving.com\/es\/miss-republica-dominicana-dulcita-lieggi-francisco-dara-su-apoyo-a-la-fundacion-mir-en-el-evento-esplendor-magico-por-la-vida-este-sabado\/","title":{"rendered":"Miss Republica Dominicana, Dulcita Lieggi Francisco dar\u00e1 su apoyo a la Fundaci\u00f3n MIR en el evento Esplendor M\u00e1gico por la Vida &#8211; este s\u00e1bado!"},"content":{"rendered":"<div class=\"wp-block-image\">\n<figure class=\"aligncenter is-resized\"><img loading=\"lazy\" decoding=\"async\" src=\"https:\/\/i0.wp.com\/casadecampoliving.com\/wp-content\/uploads\/2022\/10\/dulcita_leggi.jpg?resize=650%2C400&amp;ssl=1\" alt=\"dulcita leggi\" class=\"wp-image-63867\" height=\"400\" width=\"650\"\/><\/figure>\n<\/div>\n\n\n<p>Este s\u00e1bado 19 de Enero, Alfy y Raysa Fanjul, te invitan al 22avo Esplendor M\u00e1gico por la Vida \u2013 un evento para recaudar fondos para la fundaci\u00f3n MIR que promete ser &nbsp;inolvidable con invitados especiales, celebridades y nuevos talentos como la hermosa Miss Rep\u00fablica Dominicana 2012!<\/p>\n\n\n\n<!--more-->\n\n\n\n<p>Tomando lugar este a\u00f1o en la grandiosa villa con vista al mar, Casa Grande, el evento patrocinado por Alfy Fanjul y Raysa Fanjul, ser\u00e1 magicamente conducido por personalidades de la televisi\u00f3n, Sophia Lapachelle y Antony Alvarez quienes luego de interactuar &nbsp;con los invitados durante la hora del c\u00f3ctel, estar\u00e1n dando la introducci\u00f3n del fabuloso desfile de modas por&nbsp;&nbsp;Badgley Miscka, con la aparici\u00f3n especial de la Miss Rep\u00fablica Dominicana 2012,&nbsp;Dulcita Lieggi Francisco, quien estar\u00e1 modelando una gran variedad de dise\u00f1os de&nbsp;&nbsp;Badgley Miscka \u2013 un rol llevado a cabo anteriormente por Dalia Fern\u00e1ndez, Miss Rep\u00fablica Dominicana 2011 durante el Esplendor M\u00e1gico por la vida 2012 en playa Minitas, (click aqu\u00ed para leer nuestra entrevista con Dalia), tambi\u00e9n Eva Aria Miss Rep\u00fablica Dominicana 2010 en el evento realizado en Altos de Chav\u00f3n en el 2011.<\/p>\n\n\n<div class=\"wp-block-image\">\n<figure class=\"alignright is-resized\"><img loading=\"lazy\" decoding=\"async\" src=\"https:\/\/i0.wp.com\/casadecampoliving.com\/wp-content\/uploads\/2022\/10\/dulcita_leggi1.jpg?resize=288%2C432&amp;ssl=1\" alt=\"dulcita leggi\" class=\"wp-image-63868\" height=\"432\" width=\"288\"\/><\/figure>\n<\/div>\n\n\n<p>Formando parte del concurso de belleza nacional del 2012 Miss rep\u00fablica Dominicana, Dulcita Lieggi Francisco represent\u00f3 la regi\u00f3n del &nbsp;Distrito Nacional (Santo Domingo) \u2013 ganando la corona que mas tarde le di\u00f3 la maravillosa oportunidad de participar en en Miss Universo.<\/p>\n\n\n\n<p>Siendo una modelo profesional y actris, Dulcita ha tambi\u00e9n participado en otros concursos importantes, como el Miss Italia del Mondo<\/p>\n\n\n\n<p>El Espledor M\u00e1gico por la Vida estar\u00e1 compuesto por una serie de actividades; un torneo de golf &nbsp;jugado en el campo de golf de La Romana &nbsp;Country Club dise\u00f1ado por Pete Dye, &nbsp;el teeing off a las 1pm, donde los participantes filantr\u00f3picos &nbsp;jugaran en el formato scramble.<\/p>\n\n\n\n<p>En la noche, la gala y desfile de modas del gran Esplendor M\u00e1gico por la Vida ser\u00e1 realizado en Casa Grande, donde los invitados ser\u00e1n recibidos en la terraza para tener una cena exquisita y c\u00f3cteles. Una vez m\u00e1s el patrocinador principal&nbsp;Tiffany &amp; Co., estar\u00e1n presentes vendiendo sus fabulosas cajas de Tiffany de la misteriosa pared azul, cada caja con el precio de US$300 \u2013 todos los fondos destinados a la fundaci\u00f3n MIR.<\/p>\n\n\n\n<p><strong>Esperamos verles all\u00ed!<\/strong><\/p>\n\n\n\n<blockquote class=\"wp-block-quote is-layout-flow wp-block-quote-is-layout-flow\"><p><span style=\"text-decoration: underline;\"><strong>El Esplendor M\u00e1gico Por la Vida de la Fundaci\u00f3n MIR: s\u00e1bado 19 de enero<\/strong><\/span><\/p><p><strong>Torneo de Golf<br>\nCu\u00e1ndo<\/strong>: s\u00e1bado 19 de enero, 1pm<br>\n<strong>D\u00f3nde<\/strong>: La Romana Country Club<br>\n<strong>Costo<\/strong>: US$200<\/p><p><strong>Gala Fashion Show<\/strong><br>\n<em>Presentada por Tiffany &amp; Co., destacando las Mystery Blue Boxes, Miss Rep\u00fablica Dominicana Dulcita Lieggi Francisco y dise\u00f1os por Badgley Mischka<br>\n<\/em><strong>Maestros de Ceremonia<\/strong>:&nbsp;Sofia Lachapelle y Anthony \u00c1lvarez<br>\n<strong>D\u00f3nde<\/strong>: S\u00e1bado 19 de enero, 8pm<br>\n<strong>Cu\u00e1ndo<\/strong>: Casa Grande, Casa de Campo<br>\n<strong>Costo<\/strong>:<br>\n\u2022 Entrada de \u201cPlata\u201d: US$300 (por persona)<br>\n\u2022 Entrada de Oro \u201cGold\u201d: US$500 (por persona)<br>\n\u2022 Entrada \u201cVIP\u201d: US$1,000 (por persona \u2013 incluido el torneo de golf)<br>\n\u2022 Mesa VIP para 10 personas: US$7,500<br>\n<span style=\"color: #ff0000;\"><strong>\u2022 Junior Tickets (compra en adelante): US$150<\/strong><\/span><br>\n<span style=\"color: #ff0000;\"><strong>\u2022 Junior Tickets (en la puerta): US$200<\/strong>&nbsp;<\/span><\/p><p><strong>Reserve sus boletas ahora!<\/strong><br>\nPara mayor informaci\u00f3n, por favor contacte la Fundaci\u00f3n MIR en el (809) 523-8270 or (561)366-5095<\/p><\/blockquote>\n\n\n\n<blockquote><p><strong><a href=\"https:\/\/casadecampoliving.com\/es\/2012\/01\/el-xxi-esplendor-magico-por-la-vida-un-maravilloso-fin-de-semana\/\"> Esplendor M\u00e1gico Por la Vida 2012<br>\n<\/a><\/strong><\/p><figure><img decoding=\"async\" loading=\"lazy\" class=\"aligncenter size-full wp-image-43925\" title=\"minitas_beach_aprty\" src=\"https:\/\/i0.wp.com\/casadecampoliving.com\/wp-content\/uploads\/2022\/10\/minitas_beach_aprty.jpg?resize=600%2C374&amp;ssl=1\" alt=\"minitas beach party\" width=\"600\" height=\"374\"><\/figure><p style=\"text-align: center;\"><\/p><p>La Fundaci\u00f3n MIR, instituci\u00f3n ben\u00e9fica basada en La Romana, organiz\u00f3 su evento ben\u00e9fico anual, celebrando su XXI fin de semana del Esplendor M\u00e1gico Por La Vida en Casa de Campo.<\/p><p><em><strong><a href=\"https:\/\/casadecampoliving.com\/es\/2012\/01\/el-xxi-esplendor-magico-por-la-vida-un-maravilloso-fin-de-semana\/\">Haga click aqu\u00ed para m\u00e1s detalles!<br>\n<\/a><\/strong><\/em><\/p><\/blockquote>\n","protected":false},"excerpt":{"rendered":"<p>Este s\u00e1bado 19 de Enero, Alfy y Raysa Fanjul, te invitan al 22avo Esplendor M\u00e1gico por la Vida \u2013 un evento para recaudar fondos para la fundaci\u00f3n MIR que promete ser &nbsp;inolvidable con invitados especiales, celebridades y nuevos talentos como la hermosa Miss Rep\u00fablica Dominicana 2012!<\/p>\n","protected":false},"author":388,"featured_media":252363,"comment_status":"closed","ping_status":"closed","sticky":false,"template":"","format":"standard","meta":{"newspack_ads_suppress_ads":false,"newspack_popups_has_disabled_popups":false,"newspack_sponsor_sponsorship_scope":"","newspack_sponsor_native_byline_display":"inherit","newspack_sponsor_native_category_display":"inherit","newspack_sponsor_underwriter_style":"inherit","newspack_sponsor_underwriter_placement":"inherit","_newspack_byline_active":false,"_newspack_byline":"","newspack_hide_updated_date":false,"newspack_show_updated_date":false,"newspack_content_restriction_is_exempt":false,"newspack_featured_image_position":"","newspack_post_subtitle":"","newspack_article_summary_title":"Overview:","newspack_article_summary":"","_jetpack_memberships_contains_paid_content":false,"footnotes":"","jetpack_publicize_message":"","jetpack_publicize_feature_enabled":true,"jetpack_social_post_already_shared":false,"jetpack_social_options":{"image_generator_settings":{"template":"highway","default_image_id":0,"font":"","enabled":false},"version":2},"_wpas_customize_per_network":false},"categories":[2525,2522,2515,2514,14625,14627,2526],"tags":[23783,3227,24715,206],"newspack_spnsrs_tax":[],"class_list":["post-340479","post","type-post","status-publish","format-standard","has-post-thumbnail","hentry","category-golf-deportes-es","category-eventos-es","category-fundacion-mir-es","category-fundaciones-es","category-noticias-locales","category-proximamente","category-titulares-es","tag-alfy-fanjul-es-2","tag-esplendor-magico-por-la-vida","tag-fundacion-mir-es","tag-miss-republica-dominicana","entry"],"yoast_head":"<!-- This site is optimized with the Yoast SEO plugin v27.4 - https:\/\/yoast.com\/product\/yoast-seo-wordpress\/ -->\n<title>Miss Republica Dominicana, Dulcita Lieggi Francisco dar\u00e1 su apoyo a la Fundaci\u00f3n MIR en el evento Esplendor M\u00e1gico por la Vida - este s\u00e1bado! | Casa de Campo Living<\/title>\n<meta name=\"description\" content=\"Este s\u00e1bado 19 de Enero, Alfy y Raysa Fanjul, te invitan al 22avo Esplendor M\u00e1gico por la Vida \u2013 un evento para recaudar fondos para la fundaci\u00f3n MIR que\" \/>\n<meta name=\"robots\" content=\"index, follow, max-snippet:-1, max-image-preview:large, max-video-preview:-1\" \/>\n<link rel=\"canonical\" href=\"https:\/\/casadecampoliving.com\/es\/miss-republica-dominicana-dulcita-lieggi-francisco-dara-su-apoyo-a-la-fundacion-mir-en-el-evento-esplendor-magico-por-la-vida-este-sabado\/\" \/>\n<meta property=\"og:locale\" content=\"es_ES\" \/>\n<meta property=\"og:type\" content=\"article\" \/>\n<meta property=\"og:title\" content=\"Miss Republica Dominicana, Dulcita Lieggi Francisco dar\u00e1 su apoyo a la Fundaci\u00f3n MIR en el evento Esplendor M\u00e1gico por la Vida - este s\u00e1bado! | Casa de Campo Living\" \/>\n<meta property=\"og:description\" content=\"Este s\u00e1bado 19 de Enero, Alfy y Raysa Fanjul, te invitan al 22avo Esplendor M\u00e1gico por la Vida \u2013 un evento para recaudar fondos para la fundaci\u00f3n MIR que\" \/>\n<meta property=\"og:url\" content=\"https:\/\/casadecampoliving.com\/es\/miss-republica-dominicana-dulcita-lieggi-francisco-dara-su-apoyo-a-la-fundacion-mir-en-el-evento-esplendor-magico-por-la-vida-este-sabado\/\" \/>\n<meta property=\"og:site_name\" content=\"Casa de Campo Living\" \/>\n<meta property=\"article:publisher\" content=\"https:\/\/www.facebook.com\/casadecampoliving\" \/>\n<meta property=\"article:published_time\" content=\"2013-01-14T04:00:00+00:00\" \/>\n<meta property=\"article:modified_time\" content=\"2022-10-21T22:51:24+00:00\" \/>\n<meta property=\"og:image\" content=\"https:\/\/i0.wp.com\/casadecampoliving.com\/wp-content\/uploads\/2022\/10\/dulcita_leggi-1.jpg?fit=650%2C400&ssl=1\" \/>\n\t<meta property=\"og:image:width\" content=\"650\" \/>\n\t<meta property=\"og:image:height\" content=\"400\" \/>\n\t<meta property=\"og:image:type\" content=\"image\/jpeg\" \/>\n<meta name=\"author\" content=\"lperdomo\" \/>\n<meta name=\"twitter:card\" content=\"summary_large_image\" \/>\n<meta name=\"twitter:creator\" content=\"@cdcliving\" \/>\n<meta name=\"twitter:site\" content=\"@cdcliving\" \/>\n<meta name=\"twitter:label1\" content=\"Escrito por\" \/>\n\t<meta name=\"twitter:data1\" content=\"lperdomo\" \/>\n\t<meta name=\"twitter:label2\" content=\"Tiempo de lectura\" \/>\n\t<meta name=\"twitter:data2\" content=\"3 minutos\" \/>\n<script type=\"application\/ld+json\" class=\"yoast-schema-graph\">{\"@context\":\"https:\\\/\\\/schema.org\",\"@graph\":[{\"@type\":\"Article\",\"@id\":\"https:\\\/\\\/casadecampoliving.com\\\/es\\\/miss-republica-dominicana-dulcita-lieggi-francisco-dara-su-apoyo-a-la-fundacion-mir-en-el-evento-esplendor-magico-por-la-vida-este-sabado\\\/#article\",\"isPartOf\":{\"@id\":\"https:\\\/\\\/casadecampoliving.com\\\/es\\\/miss-republica-dominicana-dulcita-lieggi-francisco-dara-su-apoyo-a-la-fundacion-mir-en-el-evento-esplendor-magico-por-la-vida-este-sabado\\\/\"},\"author\":{\"name\":\"lperdomo\",\"@id\":\"https:\\\/\\\/casadecampoliving.com\\\/es\\\/#\\\/schema\\\/person\\\/4505bf6f082fd862dd65dffed828158b\"},\"headline\":\"Miss Republica Dominicana, Dulcita Lieggi Francisco dar\u00e1 su apoyo a la Fundaci\u00f3n MIR en el evento Esplendor M\u00e1gico por la Vida &#8211; este s\u00e1bado!\",\"datePublished\":\"2013-01-14T04:00:00+00:00\",\"dateModified\":\"2022-10-21T22:51:24+00:00\",\"mainEntityOfPage\":{\"@id\":\"https:\\\/\\\/casadecampoliving.com\\\/es\\\/miss-republica-dominicana-dulcita-lieggi-francisco-dara-su-apoyo-a-la-fundacion-mir-en-el-evento-esplendor-magico-por-la-vida-este-sabado\\\/\"},\"wordCount\":617,\"publisher\":{\"@id\":\"https:\\\/\\\/casadecampoliving.com\\\/es\\\/#organization\"},\"image\":{\"@id\":\"https:\\\/\\\/casadecampoliving.com\\\/es\\\/miss-republica-dominicana-dulcita-lieggi-francisco-dara-su-apoyo-a-la-fundacion-mir-en-el-evento-esplendor-magico-por-la-vida-este-sabado\\\/#primaryimage\"},\"thumbnailUrl\":\"https:\\\/\\\/i0.wp.com\\\/casadecampoliving.com\\\/wp-content\\\/uploads\\\/2022\\\/10\\\/dulcita_leggi-1.jpg?fit=650%2C400&ssl=1\",\"keywords\":[\"alfy fanjul\",\"esplendor magico por la vida\",\"Fundacion MIR\",\"Miss Republica Dominicana\"],\"articleSection\":[\"Deportes\",\"Eventos\",\"Fundaci\u00f3n MIR @es\",\"Fundaciones\",\"Noticias Locales\",\"Proximamente\",\"Titulares\"],\"inLanguage\":\"es\"},{\"@type\":\"WebPage\",\"@id\":\"https:\\\/\\\/casadecampoliving.com\\\/es\\\/miss-republica-dominicana-dulcita-lieggi-francisco-dara-su-apoyo-a-la-fundacion-mir-en-el-evento-esplendor-magico-por-la-vida-este-sabado\\\/\",\"url\":\"https:\\\/\\\/casadecampoliving.com\\\/es\\\/miss-republica-dominicana-dulcita-lieggi-francisco-dara-su-apoyo-a-la-fundacion-mir-en-el-evento-esplendor-magico-por-la-vida-este-sabado\\\/\",\"name\":\"Miss Republica Dominicana, Dulcita Lieggi Francisco dar\u00e1 su apoyo a la Fundaci\u00f3n MIR en el evento Esplendor M\u00e1gico por la Vida - este s\u00e1bado! | Casa de Campo Living\",\"isPartOf\":{\"@id\":\"https:\\\/\\\/casadecampoliving.com\\\/es\\\/#website\"},\"primaryImageOfPage\":{\"@id\":\"https:\\\/\\\/casadecampoliving.com\\\/es\\\/miss-republica-dominicana-dulcita-lieggi-francisco-dara-su-apoyo-a-la-fundacion-mir-en-el-evento-esplendor-magico-por-la-vida-este-sabado\\\/#primaryimage\"},\"image\":{\"@id\":\"https:\\\/\\\/casadecampoliving.com\\\/es\\\/miss-republica-dominicana-dulcita-lieggi-francisco-dara-su-apoyo-a-la-fundacion-mir-en-el-evento-esplendor-magico-por-la-vida-este-sabado\\\/#primaryimage\"},\"thumbnailUrl\":\"https:\\\/\\\/i0.wp.com\\\/casadecampoliving.com\\\/wp-content\\\/uploads\\\/2022\\\/10\\\/dulcita_leggi-1.jpg?fit=650%2C400&ssl=1\",\"datePublished\":\"2013-01-14T04:00:00+00:00\",\"dateModified\":\"2022-10-21T22:51:24+00:00\",\"description\":\"Este s\u00e1bado 19 de Enero, Alfy y Raysa Fanjul, te invitan al 22avo Esplendor M\u00e1gico por la Vida \u2013 un evento para recaudar fondos para la fundaci\u00f3n MIR que\",\"breadcrumb\":{\"@id\":\"https:\\\/\\\/casadecampoliving.com\\\/es\\\/miss-republica-dominicana-dulcita-lieggi-francisco-dara-su-apoyo-a-la-fundacion-mir-en-el-evento-esplendor-magico-por-la-vida-este-sabado\\\/#breadcrumb\"},\"inLanguage\":\"es\",\"potentialAction\":[{\"@type\":\"ReadAction\",\"target\":[\"https:\\\/\\\/casadecampoliving.com\\\/es\\\/miss-republica-dominicana-dulcita-lieggi-francisco-dara-su-apoyo-a-la-fundacion-mir-en-el-evento-esplendor-magico-por-la-vida-este-sabado\\\/\"]}]},{\"@type\":\"ImageObject\",\"inLanguage\":\"es\",\"@id\":\"https:\\\/\\\/casadecampoliving.com\\\/es\\\/miss-republica-dominicana-dulcita-lieggi-francisco-dara-su-apoyo-a-la-fundacion-mir-en-el-evento-esplendor-magico-por-la-vida-este-sabado\\\/#primaryimage\",\"url\":\"https:\\\/\\\/i0.wp.com\\\/casadecampoliving.com\\\/wp-content\\\/uploads\\\/2022\\\/10\\\/dulcita_leggi-1.jpg?fit=650%2C400&ssl=1\",\"contentUrl\":\"https:\\\/\\\/i0.wp.com\\\/casadecampoliving.com\\\/wp-content\\\/uploads\\\/2022\\\/10\\\/dulcita_leggi-1.jpg?fit=650%2C400&ssl=1\",\"width\":650,\"height\":400,\"caption\":\"dulcita leggi\"},{\"@type\":\"BreadcrumbList\",\"@id\":\"https:\\\/\\\/casadecampoliving.com\\\/es\\\/miss-republica-dominicana-dulcita-lieggi-francisco-dara-su-apoyo-a-la-fundacion-mir-en-el-evento-esplendor-magico-por-la-vida-este-sabado\\\/#breadcrumb\",\"itemListElement\":[{\"@type\":\"ListItem\",\"position\":1,\"name\":\"Home\",\"item\":\"https:\\\/\\\/casadecampoliving.com\\\/es\\\/\"},{\"@type\":\"ListItem\",\"position\":2,\"name\":\"Miss Republica Dominicana, Dulcita Lieggi Francisco dar\u00e1 su apoyo a la Fundaci\u00f3n MIR en el evento Esplendor M\u00e1gico por la Vida &#8211; este s\u00e1bado!\"}]},{\"@type\":\"WebSite\",\"@id\":\"https:\\\/\\\/casadecampoliving.com\\\/es\\\/#website\",\"url\":\"https:\\\/\\\/casadecampoliving.com\\\/es\\\/\",\"name\":\"Casa de Campo Living\",\"description\":\"Resort community news and resources.\",\"publisher\":{\"@id\":\"https:\\\/\\\/casadecampoliving.com\\\/es\\\/#organization\"},\"potentialAction\":[{\"@type\":\"SearchAction\",\"target\":{\"@type\":\"EntryPoint\",\"urlTemplate\":\"https:\\\/\\\/casadecampoliving.com\\\/es\\\/?s={search_term_string}\"},\"query-input\":{\"@type\":\"PropertyValueSpecification\",\"valueRequired\":true,\"valueName\":\"search_term_string\"}}],\"inLanguage\":\"es\"},{\"@type\":\"Organization\",\"@id\":\"https:\\\/\\\/casadecampoliving.com\\\/es\\\/#organization\",\"name\":\"Casa de Campo Living\",\"url\":\"https:\\\/\\\/casadecampoliving.com\\\/es\\\/\",\"logo\":{\"@type\":\"ImageObject\",\"inLanguage\":\"es\",\"@id\":\"https:\\\/\\\/casadecampoliving.com\\\/es\\\/#\\\/schema\\\/logo\\\/image\\\/\",\"url\":\"https:\\\/\\\/i0.wp.com\\\/casadecampoliving.com\\\/wp-content\\\/uploads\\\/2022\\\/07\\\/CDCLivingLogo_V1-white-sized.png?fit=800%2C214&ssl=1\",\"contentUrl\":\"https:\\\/\\\/i0.wp.com\\\/casadecampoliving.com\\\/wp-content\\\/uploads\\\/2022\\\/07\\\/CDCLivingLogo_V1-white-sized.png?fit=800%2C214&ssl=1\",\"width\":800,\"height\":214,\"caption\":\"Casa de Campo Living\"},\"image\":{\"@id\":\"https:\\\/\\\/casadecampoliving.com\\\/es\\\/#\\\/schema\\\/logo\\\/image\\\/\"},\"sameAs\":[\"https:\\\/\\\/www.facebook.com\\\/casadecampoliving\",\"https:\\\/\\\/x.com\\\/cdcliving\"]},{\"@type\":\"Person\",\"@id\":\"https:\\\/\\\/casadecampoliving.com\\\/es\\\/#\\\/schema\\\/person\\\/4505bf6f082fd862dd65dffed828158b\",\"name\":\"lperdomo\",\"image\":{\"@type\":\"ImageObject\",\"inLanguage\":\"es\",\"@id\":\"https:\\\/\\\/secure.gravatar.com\\\/avatar\\\/6f4e35901d52b8d648d82e11c9c54217bc500bbf5793d4f5e15d23fd2d5a1af4?s=96&d=mm&r=g\",\"url\":\"https:\\\/\\\/secure.gravatar.com\\\/avatar\\\/6f4e35901d52b8d648d82e11c9c54217bc500bbf5793d4f5e15d23fd2d5a1af4?s=96&d=mm&r=g\",\"contentUrl\":\"https:\\\/\\\/secure.gravatar.com\\\/avatar\\\/6f4e35901d52b8d648d82e11c9c54217bc500bbf5793d4f5e15d23fd2d5a1af4?s=96&d=mm&r=g\",\"caption\":\"lperdomo\"},\"sameAs\":[\"http:\\\/\\\/www.silgon.net\"],\"url\":\"https:\\\/\\\/casadecampoliving.com\\\/es\\\/author\\\/lperdomo\\\/\"}]}<\/script>\n<!-- \/ Yoast SEO plugin. -->","yoast_head_json":{"title":"Miss Republica Dominicana, Dulcita Lieggi Francisco dar\u00e1 su apoyo a la Fundaci\u00f3n MIR en el evento Esplendor M\u00e1gico por la Vida - este s\u00e1bado! | Casa de Campo Living","description":"Este s\u00e1bado 19 de Enero, Alfy y Raysa Fanjul, te invitan al 22avo Esplendor M\u00e1gico por la Vida \u2013 un evento para recaudar fondos para la fundaci\u00f3n MIR que","robots":{"index":"index","follow":"follow","max-snippet":"max-snippet:-1","max-image-preview":"max-image-preview:large","max-video-preview":"max-video-preview:-1"},"canonical":"https:\/\/casadecampoliving.com\/es\/miss-republica-dominicana-dulcita-lieggi-francisco-dara-su-apoyo-a-la-fundacion-mir-en-el-evento-esplendor-magico-por-la-vida-este-sabado\/","og_locale":"es_ES","og_type":"article","og_title":"Miss Republica Dominicana, Dulcita Lieggi Francisco dar\u00e1 su apoyo a la Fundaci\u00f3n MIR en el evento Esplendor M\u00e1gico por la Vida - este s\u00e1bado! | Casa de Campo Living","og_description":"Este s\u00e1bado 19 de Enero, Alfy y Raysa Fanjul, te invitan al 22avo Esplendor M\u00e1gico por la Vida \u2013 un evento para recaudar fondos para la fundaci\u00f3n MIR que","og_url":"https:\/\/casadecampoliving.com\/es\/miss-republica-dominicana-dulcita-lieggi-francisco-dara-su-apoyo-a-la-fundacion-mir-en-el-evento-esplendor-magico-por-la-vida-este-sabado\/","og_site_name":"Casa de Campo Living","article_publisher":"https:\/\/www.facebook.com\/casadecampoliving","article_published_time":"2013-01-14T04:00:00+00:00","article_modified_time":"2022-10-21T22:51:24+00:00","og_image":[{"width":650,"height":400,"url":"https:\/\/i0.wp.com\/casadecampoliving.com\/wp-content\/uploads\/2022\/10\/dulcita_leggi-1.jpg?fit=650%2C400&ssl=1","type":"image\/jpeg"}],"author":"lperdomo","twitter_card":"summary_large_image","twitter_creator":"@cdcliving","twitter_site":"@cdcliving","twitter_misc":{"Escrito por":"lperdomo","Tiempo de lectura":"3 minutos"},"schema":{"@context":"https:\/\/schema.org","@graph":[{"@type":"Article","@id":"https:\/\/casadecampoliving.com\/es\/miss-republica-dominicana-dulcita-lieggi-francisco-dara-su-apoyo-a-la-fundacion-mir-en-el-evento-esplendor-magico-por-la-vida-este-sabado\/#article","isPartOf":{"@id":"https:\/\/casadecampoliving.com\/es\/miss-republica-dominicana-dulcita-lieggi-francisco-dara-su-apoyo-a-la-fundacion-mir-en-el-evento-esplendor-magico-por-la-vida-este-sabado\/"},"author":{"name":"lperdomo","@id":"https:\/\/casadecampoliving.com\/es\/#\/schema\/person\/4505bf6f082fd862dd65dffed828158b"},"headline":"Miss Republica Dominicana, Dulcita Lieggi Francisco dar\u00e1 su apoyo a la Fundaci\u00f3n MIR en el evento Esplendor M\u00e1gico por la Vida &#8211; este s\u00e1bado!","datePublished":"2013-01-14T04:00:00+00:00","dateModified":"2022-10-21T22:51:24+00:00","mainEntityOfPage":{"@id":"https:\/\/casadecampoliving.com\/es\/miss-republica-dominicana-dulcita-lieggi-francisco-dara-su-apoyo-a-la-fundacion-mir-en-el-evento-esplendor-magico-por-la-vida-este-sabado\/"},"wordCount":617,"publisher":{"@id":"https:\/\/casadecampoliving.com\/es\/#organization"},"image":{"@id":"https:\/\/casadecampoliving.com\/es\/miss-republica-dominicana-dulcita-lieggi-francisco-dara-su-apoyo-a-la-fundacion-mir-en-el-evento-esplendor-magico-por-la-vida-este-sabado\/#primaryimage"},"thumbnailUrl":"https:\/\/i0.wp.com\/casadecampoliving.com\/wp-content\/uploads\/2022\/10\/dulcita_leggi-1.jpg?fit=650%2C400&ssl=1","keywords":["alfy fanjul","esplendor magico por la vida","Fundacion MIR","Miss Republica Dominicana"],"articleSection":["Deportes","Eventos","Fundaci\u00f3n MIR @es","Fundaciones","Noticias Locales","Proximamente","Titulares"],"inLanguage":"es"},{"@type":"WebPage","@id":"https:\/\/casadecampoliving.com\/es\/miss-republica-dominicana-dulcita-lieggi-francisco-dara-su-apoyo-a-la-fundacion-mir-en-el-evento-esplendor-magico-por-la-vida-este-sabado\/","url":"https:\/\/casadecampoliving.com\/es\/miss-republica-dominicana-dulcita-lieggi-francisco-dara-su-apoyo-a-la-fundacion-mir-en-el-evento-esplendor-magico-por-la-vida-este-sabado\/","name":"Miss Republica Dominicana, Dulcita Lieggi Francisco dar\u00e1 su apoyo a la Fundaci\u00f3n MIR en el evento Esplendor M\u00e1gico por la Vida - este s\u00e1bado! | Casa de Campo Living","isPartOf":{"@id":"https:\/\/casadecampoliving.com\/es\/#website"},"primaryImageOfPage":{"@id":"https:\/\/casadecampoliving.com\/es\/miss-republica-dominicana-dulcita-lieggi-francisco-dara-su-apoyo-a-la-fundacion-mir-en-el-evento-esplendor-magico-por-la-vida-este-sabado\/#primaryimage"},"image":{"@id":"https:\/\/casadecampoliving.com\/es\/miss-republica-dominicana-dulcita-lieggi-francisco-dara-su-apoyo-a-la-fundacion-mir-en-el-evento-esplendor-magico-por-la-vida-este-sabado\/#primaryimage"},"thumbnailUrl":"https:\/\/i0.wp.com\/casadecampoliving.com\/wp-content\/uploads\/2022\/10\/dulcita_leggi-1.jpg?fit=650%2C400&ssl=1","datePublished":"2013-01-14T04:00:00+00:00","dateModified":"2022-10-21T22:51:24+00:00","description":"Este s\u00e1bado 19 de Enero, Alfy y Raysa Fanjul, te invitan al 22avo Esplendor M\u00e1gico por la Vida \u2013 un evento para recaudar fondos para la fundaci\u00f3n MIR que","breadcrumb":{"@id":"https:\/\/casadecampoliving.com\/es\/miss-republica-dominicana-dulcita-lieggi-francisco-dara-su-apoyo-a-la-fundacion-mir-en-el-evento-esplendor-magico-por-la-vida-este-sabado\/#breadcrumb"},"inLanguage":"es","potentialAction":[{"@type":"ReadAction","target":["https:\/\/casadecampoliving.com\/es\/miss-republica-dominicana-dulcita-lieggi-francisco-dara-su-apoyo-a-la-fundacion-mir-en-el-evento-esplendor-magico-por-la-vida-este-sabado\/"]}]},{"@type":"ImageObject","inLanguage":"es","@id":"https:\/\/casadecampoliving.com\/es\/miss-republica-dominicana-dulcita-lieggi-francisco-dara-su-apoyo-a-la-fundacion-mir-en-el-evento-esplendor-magico-por-la-vida-este-sabado\/#primaryimage","url":"https:\/\/i0.wp.com\/casadecampoliving.com\/wp-content\/uploads\/2022\/10\/dulcita_leggi-1.jpg?fit=650%2C400&ssl=1","contentUrl":"https:\/\/i0.wp.com\/casadecampoliving.com\/wp-content\/uploads\/2022\/10\/dulcita_leggi-1.jpg?fit=650%2C400&ssl=1","width":650,"height":400,"caption":"dulcita leggi"},{"@type":"BreadcrumbList","@id":"https:\/\/casadecampoliving.com\/es\/miss-republica-dominicana-dulcita-lieggi-francisco-dara-su-apoyo-a-la-fundacion-mir-en-el-evento-esplendor-magico-por-la-vida-este-sabado\/#breadcrumb","itemListElement":[{"@type":"ListItem","position":1,"name":"Home","item":"https:\/\/casadecampoliving.com\/es\/"},{"@type":"ListItem","position":2,"name":"Miss Republica Dominicana, Dulcita Lieggi Francisco dar\u00e1 su apoyo a la Fundaci\u00f3n MIR en el evento Esplendor M\u00e1gico por la Vida &#8211; este s\u00e1bado!"}]},{"@type":"WebSite","@id":"https:\/\/casadecampoliving.com\/es\/#website","url":"https:\/\/casadecampoliving.com\/es\/","name":"Casa de Campo Living","description":"Resort community news and resources.","publisher":{"@id":"https:\/\/casadecampoliving.com\/es\/#organization"},"potentialAction":[{"@type":"SearchAction","target":{"@type":"EntryPoint","urlTemplate":"https:\/\/casadecampoliving.com\/es\/?s={search_term_string}"},"query-input":{"@type":"PropertyValueSpecification","valueRequired":true,"valueName":"search_term_string"}}],"inLanguage":"es"},{"@type":"Organization","@id":"https:\/\/casadecampoliving.com\/es\/#organization","name":"Casa de Campo Living","url":"https:\/\/casadecampoliving.com\/es\/","logo":{"@type":"ImageObject","inLanguage":"es","@id":"https:\/\/casadecampoliving.com\/es\/#\/schema\/logo\/image\/","url":"https:\/\/i0.wp.com\/casadecampoliving.com\/wp-content\/uploads\/2022\/07\/CDCLivingLogo_V1-white-sized.png?fit=800%2C214&ssl=1","contentUrl":"https:\/\/i0.wp.com\/casadecampoliving.com\/wp-content\/uploads\/2022\/07\/CDCLivingLogo_V1-white-sized.png?fit=800%2C214&ssl=1","width":800,"height":214,"caption":"Casa de Campo Living"},"image":{"@id":"https:\/\/casadecampoliving.com\/es\/#\/schema\/logo\/image\/"},"sameAs":["https:\/\/www.facebook.com\/casadecampoliving","https:\/\/x.com\/cdcliving"]},{"@type":"Person","@id":"https:\/\/casadecampoliving.com\/es\/#\/schema\/person\/4505bf6f082fd862dd65dffed828158b","name":"lperdomo","image":{"@type":"ImageObject","inLanguage":"es","@id":"https:\/\/secure.gravatar.com\/avatar\/6f4e35901d52b8d648d82e11c9c54217bc500bbf5793d4f5e15d23fd2d5a1af4?s=96&d=mm&r=g","url":"https:\/\/secure.gravatar.com\/avatar\/6f4e35901d52b8d648d82e11c9c54217bc500bbf5793d4f5e15d23fd2d5a1af4?s=96&d=mm&r=g","contentUrl":"https:\/\/secure.gravatar.com\/avatar\/6f4e35901d52b8d648d82e11c9c54217bc500bbf5793d4f5e15d23fd2d5a1af4?s=96&d=mm&r=g","caption":"lperdomo"},"sameAs":["http:\/\/www.silgon.net"],"url":"https:\/\/casadecampoliving.com\/es\/author\/lperdomo\/"}]}},"parsely":{"version":"1.1.0","canonical_url":"https:\/\/casadecampoliving.com\/es\/miss-republica-dominicana-dulcita-lieggi-francisco-dara-su-apoyo-a-la-fundacion-mir-en-el-evento-esplendor-magico-por-la-vida-este-sabado\/","smart_links":{"inbound":0,"outbound":0},"traffic_boost_suggestions_count":0,"meta":{"@context":"https:\/\/schema.org","@type":"NewsArticle","headline":"Miss Republica Dominicana, Dulcita Lieggi Francisco dar\u00e1 su apoyo a la Fundaci\u00f3n MIR en el evento Esplendor M\u00e1gico por la Vida &#8211; este s\u00e1bado!","url":"http:\/\/casadecampoliving.com\/es\/miss-republica-dominicana-dulcita-lieggi-francisco-dara-su-apoyo-a-la-fundacion-mir-en-el-evento-esplendor-magico-por-la-vida-este-sabado\/","mainEntityOfPage":{"@type":"WebPage","@id":"http:\/\/casadecampoliving.com\/es\/miss-republica-dominicana-dulcita-lieggi-francisco-dara-su-apoyo-a-la-fundacion-mir-en-el-evento-esplendor-magico-por-la-vida-este-sabado\/"},"thumbnailUrl":"https:\/\/i0.wp.com\/casadecampoliving.com\/wp-content\/uploads\/2022\/10\/dulcita_leggi-1.jpg?resize=150%2C150&ssl=1","image":{"@type":"ImageObject","url":"https:\/\/i0.wp.com\/casadecampoliving.com\/wp-content\/uploads\/2022\/10\/dulcita_leggi-1.jpg?fit=650%2C400&ssl=1"},"articleSection":"Deportes","author":[{"@type":"Person","name":"lperdomo"}],"creator":["lperdomo"],"publisher":{"@type":"Organization","name":"Casa de Campo Living","logo":"https:\/\/casadecampoliving.com\/wp-content\/uploads\/2022\/07\/CDCLivingLogo_V1-white-sized.png"},"keywords":["alfy fanjul","esplendor magico por la vida","fundacion mir","miss republica dominicana"],"dateCreated":"2013-01-14T04:00:00Z","datePublished":"2013-01-14T04:00:00Z","dateModified":"2022-10-21T22:51:24Z"},"rendered":"<script type=\"application\/ld+json\" class=\"wp-parsely-metadata\">{\"@context\":\"https:\\\/\\\/schema.org\",\"@type\":\"NewsArticle\",\"headline\":\"Miss Republica Dominicana, Dulcita Lieggi Francisco dar\\u00e1 su apoyo a la Fundaci\\u00f3n MIR en el evento Esplendor M\\u00e1gico por la Vida &#8211; este s\\u00e1bado!\",\"url\":\"http:\\\/\\\/casadecampoliving.com\\\/es\\\/miss-republica-dominicana-dulcita-lieggi-francisco-dara-su-apoyo-a-la-fundacion-mir-en-el-evento-esplendor-magico-por-la-vida-este-sabado\\\/\",\"mainEntityOfPage\":{\"@type\":\"WebPage\",\"@id\":\"http:\\\/\\\/casadecampoliving.com\\\/es\\\/miss-republica-dominicana-dulcita-lieggi-francisco-dara-su-apoyo-a-la-fundacion-mir-en-el-evento-esplendor-magico-por-la-vida-este-sabado\\\/\"},\"thumbnailUrl\":\"https:\\\/\\\/i0.wp.com\\\/casadecampoliving.com\\\/wp-content\\\/uploads\\\/2022\\\/10\\\/dulcita_leggi-1.jpg?resize=150%2C150&ssl=1\",\"image\":{\"@type\":\"ImageObject\",\"url\":\"https:\\\/\\\/i0.wp.com\\\/casadecampoliving.com\\\/wp-content\\\/uploads\\\/2022\\\/10\\\/dulcita_leggi-1.jpg?fit=650%2C400&ssl=1\"},\"articleSection\":\"Deportes\",\"author\":[{\"@type\":\"Person\",\"name\":\"lperdomo\"}],\"creator\":[\"lperdomo\"],\"publisher\":{\"@type\":\"Organization\",\"name\":\"Casa de Campo Living\",\"logo\":\"https:\\\/\\\/casadecampoliving.com\\\/wp-content\\\/uploads\\\/2022\\\/07\\\/CDCLivingLogo_V1-white-sized.png\"},\"keywords\":[\"alfy fanjul\",\"esplendor magico por la vida\",\"fundacion mir\",\"miss republica dominicana\"],\"dateCreated\":\"2013-01-14T04:00:00Z\",\"datePublished\":\"2013-01-14T04:00:00Z\",\"dateModified\":\"2022-10-21T22:51:24Z\"}<\/script>","tracker_url":"https:\/\/cdn.parsely.com\/keys\/casadecampoliving.com\/p.js"},"jetpack_publicize_connections":[],"jetpack_featured_media_url":"https:\/\/i0.wp.com\/casadecampoliving.com\/wp-content\/uploads\/2022\/10\/dulcita_leggi-1.jpg?fit=650%2C400&ssl=1","jetpack-related-posts":[{"id":345664,"url":"https:\/\/casadecampoliving.com\/es\/raysa-alfy-fanjul-los-invita-celebrar-xxv-aniversario\/","url_meta":{"origin":340479,"position":0},"title":"Raysa &#038; Alfy Fanjul los invita a celebrar el XXV aniversario de Fundaci\u00f3n MIR","author":"Maria Isabel B\u00e1ez","date":"15 Oct, 2014","format":false,"excerpt":"Algo grandioso y muy especial se aproxima\u2026 \u00a1es el vigesimoquinto aniversario de Fundaci\u00f3n MIR! En enero del 2015, el s\u00e1bado 17 de Enero para ser m\u00e1s exactos, la Fundaci\u00f3n MIR estar\u00e1 celebrando su aniversario n\u00famero 25 \u00a0con su gala y desfile de modas Esplendor M\u00e1gico Por la Vida, que en\u2026","rel":"","context":"En \u00abCasa de Campo Living @es\u00bb","block_context":{"text":"Casa de Campo Living @es","link":"https:\/\/casadecampoliving.com\/category\/casa-de-campo-living-es\/"},"img":{"alt_text":"Lian Fanjul de Azqueta Alfy Fanjul Raysa Fanjul","src":"https:\/\/i0.wp.com\/casadecampoliving.com\/wp-content\/uploads\/2022\/10\/lian_fanjul_de_azqueta-alfy_fanjul-raysa_fanjul-1.png?fit=721%2C516&ssl=1&resize=350%2C200","width":350,"height":200,"srcset":"https:\/\/i0.wp.com\/casadecampoliving.com\/wp-content\/uploads\/2022\/10\/lian_fanjul_de_azqueta-alfy_fanjul-raysa_fanjul-1.png?fit=721%2C516&ssl=1&resize=350%2C200 1x, https:\/\/i0.wp.com\/casadecampoliving.com\/wp-content\/uploads\/2022\/10\/lian_fanjul_de_azqueta-alfy_fanjul-raysa_fanjul-1.png?fit=721%2C516&ssl=1&resize=525%2C300 1.5x, https:\/\/i0.wp.com\/casadecampoliving.com\/wp-content\/uploads\/2022\/10\/lian_fanjul_de_azqueta-alfy_fanjul-raysa_fanjul-1.png?fit=721%2C516&ssl=1&resize=700%2C400 2x"},"classes":[]},{"id":340453,"url":"https:\/\/casadecampoliving.com\/es\/los-glamurosos-detalles-del-proximo-esplendor-magico-por-la-vida-de-la-fundacion-mir-19-de-enero\/","url_meta":{"origin":340479,"position":1},"title":"Los glamurosos detalles del pr\u00f3ximo Esplendor M\u00e1gico por la Vida de la Fundaci\u00f3n MIR: 19 de enero","author":"","date":"9 Ene, 2013","format":false,"excerpt":"El pr\u00f3ximo s\u00e1bado 19 de enero, Alfy y Raysa Fanjul les invita al XXI Esplendor M\u00e1gico Por la Vida, evento que incluir\u00e1 un torneo de golf y cena de gala junto a un fashion show presentado por Badgley Mischka. Debido a las crecientes expectativas de este m\u00e1gico evento, aqu\u00ed les\u2026","rel":"","context":"En \u00abDestacados\u00bb","block_context":{"text":"Destacados","link":"https:\/\/casadecampoliving.com\/es\/category\/destacados\/"},"img":{"alt_text":"","src":"https:\/\/i0.wp.com\/casadecampoliving.com\/wp-content\/uploads\/2022\/10\/fundaion_MIR1-1.jpg?fit=650%2C434&ssl=1&resize=350%2C200","width":350,"height":200,"srcset":"https:\/\/i0.wp.com\/casadecampoliving.com\/wp-content\/uploads\/2022\/10\/fundaion_MIR1-1.jpg?fit=650%2C434&ssl=1&resize=350%2C200 1x, https:\/\/i0.wp.com\/casadecampoliving.com\/wp-content\/uploads\/2022\/10\/fundaion_MIR1-1.jpg?fit=650%2C434&ssl=1&resize=525%2C300 1.5x"},"classes":[]},{"id":339879,"url":"https:\/\/casadecampoliving.com\/es\/reserve-la-fecha-alfy-y-raysa-fanjul-les-invita-al-xxii-esplendor-magico-por-la-vida-de-mir-sab-19-de-enero-2013\/","url_meta":{"origin":340479,"position":2},"title":"Reserve la fecha! Alfy y Raysa Fanjul les invita al XXII Esplendor M\u00e1gico por la Vida de MIR: s\u00e1b 19 de enero, 2013","author":"","date":"7 Oct, 2012","format":false,"excerpt":"Reserve la fecha! El XXII Esplendor M\u00e1gico Por La Vida de la Fundaci\u00f3n MIR est\u00e1 pautado para el s\u00e1bado 19 de enero de 2013. Este a\u00f1o, el Esplendor M\u00e1gico Por La Vida de la Fundaci\u00f3n MIR, uno de los eventos sociales y ocasiones ben\u00e9ficas de Casa de Campo m\u00e1s elegantes,\u2026","rel":"","context":"En \u00abEstilo de Vida\u00bb","block_context":{"text":"Estilo de Vida","link":"https:\/\/casadecampoliving.com\/es\/category\/estilo-de-vida\/"},"img":{"alt_text":"fundacion MIR","src":"https:\/\/i0.wp.com\/casadecampoliving.com\/wp-content\/uploads\/2022\/10\/fundacion_MIR-3.jpg?fit=650%2C445&ssl=1&resize=350%2C200","width":350,"height":200,"srcset":"https:\/\/i0.wp.com\/casadecampoliving.com\/wp-content\/uploads\/2022\/10\/fundacion_MIR-3.jpg?fit=650%2C445&ssl=1&resize=350%2C200 1x, https:\/\/i0.wp.com\/casadecampoliving.com\/wp-content\/uploads\/2022\/10\/fundacion_MIR-3.jpg?fit=650%2C445&ssl=1&resize=525%2C300 1.5x"},"classes":[]},{"id":354300,"url":"https:\/\/casadecampoliving.com\/es\/este-mes-gala-esplendor-magico-fundacion-mir-por-la-vida-2022\/","url_meta":{"origin":340479,"position":3},"title":"\u00a1Este mes! Fundaci\u00f3n MIR Gala Esplendor M\u00e1gico por la Vida 2022","author":"Casa de Campo Living","date":"2 Mar, 2022","format":false,"excerpt":"La 31ra edicion la Gala Esplendor M\u00e1gico por la Vida de la Fundaci\u00f3n MIR est\u00e1 programado para el s\u00e1bado 26 de marzo de 2022. El evento anual de recaudaci\u00f3n de fondos organizado por Alfy y Raysa Fanjul es uno de los eventos m\u00e1s esperados por la comunidad de Casa de\u2026","rel":"","context":"En \u00abCasa de Campo Living @es\u00bb","block_context":{"text":"Casa de Campo Living @es","link":"https:\/\/casadecampoliving.com\/category\/casa-de-campo-living-es\/"},"img":{"alt_text":"","src":"https:\/\/i0.wp.com\/casadecampoliving.com\/wp-content\/uploads\/2022\/10\/BDC_4178-1-1.jpg?fit=1000%2C667&ssl=1&resize=350%2C200","width":350,"height":200,"srcset":"https:\/\/i0.wp.com\/casadecampoliving.com\/wp-content\/uploads\/2022\/10\/BDC_4178-1-1.jpg?fit=1000%2C667&ssl=1&resize=350%2C200 1x, https:\/\/i0.wp.com\/casadecampoliving.com\/wp-content\/uploads\/2022\/10\/BDC_4178-1-1.jpg?fit=1000%2C667&ssl=1&resize=525%2C300 1.5x, https:\/\/i0.wp.com\/casadecampoliving.com\/wp-content\/uploads\/2022\/10\/BDC_4178-1-1.jpg?fit=1000%2C667&ssl=1&resize=700%2C400 2x"},"classes":[]},{"id":354317,"url":"https:\/\/casadecampoliving.com\/es\/este-sabado-fundacion-mir-gala-esplendor-magico-por-la-vida-2022-con-naeem-khan\/","url_meta":{"origin":340479,"position":4},"title":"\u00a1Este s\u00e1bado! Fundaci\u00f3n MIR Gala Esplendor M\u00e1gico por la Vida 2022 con Naeem Khan","author":"Casa de Campo Living","date":"21 Mar, 2022","format":false,"excerpt":"\u00a1Ya casi es hora del evento anual de recaudaci\u00f3n de fondos de la Fundaci\u00f3n MIR, la \u201cGala Esplendor M\u00e1gico para la Vida\u201d! Este a\u00f1o el glamuroso evento que recauda fondos para la organizaci\u00f3n ben\u00e9fica MIR se llevar\u00e1 a cabo este s\u00e1bado 26 de marzo en Casa Grande y La Romana\u2026","rel":"","context":"En \u00abCasa de Campo Living @es\u00bb","block_context":{"text":"Casa de Campo Living @es","link":"https:\/\/casadecampoliving.com\/category\/casa-de-campo-living-es\/"},"img":{"alt_text":"","src":"https:\/\/i0.wp.com\/casadecampoliving.com\/wp-content\/uploads\/2022\/10\/BDC_3814-scaled-e1647869387374-1.jpg?fit=1000%2C667&ssl=1&resize=350%2C200","width":350,"height":200,"srcset":"https:\/\/i0.wp.com\/casadecampoliving.com\/wp-content\/uploads\/2022\/10\/BDC_3814-scaled-e1647869387374-1.jpg?fit=1000%2C667&ssl=1&resize=350%2C200 1x, https:\/\/i0.wp.com\/casadecampoliving.com\/wp-content\/uploads\/2022\/10\/BDC_3814-scaled-e1647869387374-1.jpg?fit=1000%2C667&ssl=1&resize=525%2C300 1.5x, https:\/\/i0.wp.com\/casadecampoliving.com\/wp-content\/uploads\/2022\/10\/BDC_3814-scaled-e1647869387374-1.jpg?fit=1000%2C667&ssl=1&resize=700%2C400 2x"},"classes":[]},{"id":350808,"url":"https:\/\/casadecampoliving.com\/es\/gala-esplendor-magico-de-la-fundacion-mir-en-enero\/","url_meta":{"origin":340479,"position":5},"title":"\u00a1Marquen la fecha en su calendario para la Gala Esplendor M\u00e1gico de la Fundaci\u00f3n MIR en enero!","author":"Heather Lincoln","date":"14 Nov, 2016","format":false,"excerpt":"El evento anual de recaudaci\u00f3n de fondos Gala Esplendor M\u00e1gico por la Vida, organizado por Alfy y Raysa Fanjul, atrae a un sin n\u00famero de personas de la comunidad y de las areas cercanas al\u00a0resort de Casa de Campo. Entre las actividades de ese d\u00eda, est\u00e1n\u00a0un torneo de golf que\u2026","rel":"","context":"En \u00abArte y cultura\u00bb","block_context":{"text":"Arte y cultura","link":"https:\/\/casadecampoliving.com\/category\/arte-y-cultura\/"},"img":{"alt_text":"Magical Splendor for Life Gala 2016","src":"https:\/\/i0.wp.com\/casadecampoliving.com\/wp-content\/uploads\/2022\/10\/Raysa_Alfy_Lian_Fanjul-e1479155290644.jpg?fit=1000%2C666&ssl=1&resize=350%2C200","width":350,"height":200,"srcset":"https:\/\/i0.wp.com\/casadecampoliving.com\/wp-content\/uploads\/2022\/10\/Raysa_Alfy_Lian_Fanjul-e1479155290644.jpg?fit=1000%2C666&ssl=1&resize=350%2C200 1x, https:\/\/i0.wp.com\/casadecampoliving.com\/wp-content\/uploads\/2022\/10\/Raysa_Alfy_Lian_Fanjul-e1479155290644.jpg?fit=1000%2C666&ssl=1&resize=525%2C300 1.5x, https:\/\/i0.wp.com\/casadecampoliving.com\/wp-content\/uploads\/2022\/10\/Raysa_Alfy_Lian_Fanjul-e1479155290644.jpg?fit=1000%2C666&ssl=1&resize=700%2C400 2x"},"classes":[]}],"jetpack_sharing_enabled":true,"_links":{"self":[{"href":"https:\/\/casadecampoliving.com\/es\/wp-json\/wp\/v2\/posts\/340479","targetHints":{"allow":["GET"]}}],"collection":[{"href":"https:\/\/casadecampoliving.com\/es\/wp-json\/wp\/v2\/posts"}],"about":[{"href":"https:\/\/casadecampoliving.com\/es\/wp-json\/wp\/v2\/types\/post"}],"author":[{"embeddable":true,"href":"https:\/\/casadecampoliving.com\/es\/wp-json\/wp\/v2\/users\/388"}],"replies":[{"embeddable":true,"href":"https:\/\/casadecampoliving.com\/es\/wp-json\/wp\/v2\/comments?post=340479"}],"version-history":[{"count":1,"href":"https:\/\/casadecampoliving.com\/es\/wp-json\/wp\/v2\/posts\/340479\/revisions"}],"predecessor-version":[{"id":340480,"href":"https:\/\/casadecampoliving.com\/es\/wp-json\/wp\/v2\/posts\/340479\/revisions\/340480"}],"wp:featuredmedia":[{"embeddable":true,"href":"https:\/\/casadecampoliving.com\/es\/wp-json\/wp\/v2\/media\/252363"}],"wp:attachment":[{"href":"https:\/\/casadecampoliving.com\/es\/wp-json\/wp\/v2\/media?parent=340479"}],"wp:term":[{"taxonomy":"category","embeddable":true,"href":"https:\/\/casadecampoliving.com\/es\/wp-json\/wp\/v2\/categories?post=340479"},{"taxonomy":"post_tag","embeddable":true,"href":"https:\/\/casadecampoliving.com\/es\/wp-json\/wp\/v2\/tags?post=340479"},{"taxonomy":"newspack_spnsrs_tax","embeddable":true,"href":"https:\/\/casadecampoliving.com\/es\/wp-json\/wp\/v2\/newspack_spnsrs_tax?post=340479"}],"curies":[{"name":"wp","href":"https:\/\/api.w.org\/{rel}","templated":true}]}}