{"id":340475,"date":"2013-01-13T00:00:00","date_gmt":"2013-01-13T04:00:00","guid":{"rendered":"https:\/\/casadecampoliving.com\/tertulia-en-el-tiempo-de-las-mariposas-en-shine-jueves-24-de-enero\/"},"modified":"2022-10-21T18:51:11","modified_gmt":"2022-10-21T22:51:11","slug":"tertulia-en-el-tiempo-de-las-mariposas-en-shine-jueves-24-de-enero","status":"publish","type":"post","link":"https:\/\/casadecampoliving.com\/es\/tertulia-en-el-tiempo-de-las-mariposas-en-shine-jueves-24-de-enero\/","title":{"rendered":"Tertulia \u00abEn el Tiempo de las Mariposas\u00bb en Shine &#8211; jueves 24 de enero!"},"content":{"rendered":"<div class=\"wp-block-image\">\n<figure class=\"aligncenter is-resized\"><img loading=\"lazy\" decoding=\"async\" src=\"https:\/\/i0.wp.com\/casadecampoliving.com\/wp-content\/uploads\/2022\/10\/mirabal-sisters_.jpeg?resize=624%2C280&amp;ssl=1\" alt=\"\" class=\"wp-image-63768\" title=\"mirabal-sisters_\" height=\"280\" width=\"624\"\/><\/figure>\n<\/div>\n\n\n<p class=\"has-text-align-left\"><span style=\"text-align: left;\">Yanet Castillo, coordinadora del Museo Arqueol\u00f3gico Regional de Altos de Chav\u00f3n les invita a la primera tertulia sobre la hist\u00f3rica novela \u201cEn el Tiempo de las Mariposas\u201d,&nbsp;de Julia \u00c1lvarez, la cual relata la historia de las hermanas Mirabal en tiempos de la tiran\u00eda de Rafael Le\u00f3nidas Trujillo en la Rep\u00fablica Dominicana.&nbsp;<\/span><wp-block data-block=\"core\/more\"><\/wp-block><\/p>\n\n\n<div class=\"wp-block-image\">\n<figure class=\"alignright is-resized\"><img loading=\"lazy\" decoding=\"async\" src=\"https:\/\/i0.wp.com\/casadecampoliving.com\/wp-content\/uploads\/2022\/10\/butterflies.jpeg?resize=220%2C320&amp;ssl=1\" alt=\"butterflies\" class=\"wp-image-63798\" title=\"butterflies\" height=\"320\" width=\"220\"\/><\/figure>\n<\/div>\n\n\n<p class=\"has-text-align-left\">Debido a que el libro est\u00e1 disponible en ingl\u00e9s y en espa\u00f1ol, la tertulia es abierta a todos y ser\u00e1 realizada en la nueva tienda, Shine, en Altos de Chav\u00f3n este jueves 24 de enero a partir de las 5pm. Como patrocinadores del evento, Shine, estar\u00e1 ofreciendo t\u00e9, caf\u00e9, ice tea \u2013 y otros tantos bocadillos como galletas y helados por Cinco Gelato, que podr\u00e1 adquirir.<\/p>\n\n\n\n<p class=\"has-text-align-left\">La reuni\u00f3n ser\u00e1 la primera de muchas tertulias que ser\u00e1n organizadas por el Museo Arqueol\u00f3gico Regional de Altos de Chav\u00f3n, no s\u00f3lo con el prop\u00f3sito de reunir a la comunidad de Casa de Campo, tambi\u00e9n para crear eventos culturales basados en la historia y cultura de la Rep\u00fablica Dominicana; una gran oportunidad para que todos podamos conocer un poco m\u00e1s sobre este bello pa\u00eds que llamamos hogar.<\/p>\n\n\n\n<p class=\"has-text-align-left\">Luego de esta tertulia, la pel\u00edcula \u201cEn Tiempo de las Mariposas\u201d, que cuenta con la actuaci\u00f3n estelar de Salma Hayek, tambi\u00e9n ser\u00e1 presentada en el Museo Arqueol\u00f3gico Regional de Altos de Chav\u00f3n el jueves 31 de enero a las 6pm. Las entradas tendr\u00e1n un costo de RD$100 por persona a beneficio de este museo, que realmente est\u00e1 registrado como una fundaci\u00f3n. Continuando con esta tem\u00e1tica, en febrero, se realizar\u00e1 un viaje hasta el museo de las hermanas Mirabal, ubicado en Salcedo, en el norte de la Rep\u00fablica Dominicana \u2013 la fecha a\u00fan por confirmar.<\/p>\n\n\n\n<blockquote class=\"wp-block-quote is-layout-flow wp-block-quote-is-layout-flow\"><p style=\"text-align: left;\"><strong>Tertulia \u201cEn el Tiempo de las Mariposas\u201d&nbsp;<\/strong><\/p><p style=\"text-align: left;\"><strong>Cu\u00e1ndo:<\/strong>&nbsp;Jueves 24 de enero, 5pm<\/p><p style=\"text-align: left;\"><strong>D\u00f3nde:<\/strong> Shine, Altos de Chav\u00f3n, Casa de Campo<\/p><p style=\"text-align: left;\"><strong>Costo:<\/strong> Complimentario<\/p><p style=\"text-align: left;\"><strong>Info:&nbsp;<\/strong>rcastillo@altosdechavon.com, 809-523-8554<\/p><p style=\"text-align: left;\">Aqu\u00ed el calendario de eventos: <strong><a href=\"http:\/\/www.todo.fm\/es\" target=\"_blank\" rel=\"noopener\">www.todo.fm<\/a><\/strong><\/p><\/blockquote>\n\n\n\n<p class=\"has-text-align-left\">Intrigued to find out more about this event and book, we caught up with Yanet for a cup of tea and question time:<\/p>\n\n\n\n<p class=\"has-text-align-left\"><strong>@cdcliving: \u00bfQu\u00e9 les motiva a organizar este tipo de eventos?&nbsp;<\/strong><\/p>\n\n\n\n<p><strong>Yanet:<\/strong>&nbsp;La idea es incentivar el inter\u00e9s por la lectura y motivar a las personas a involucrarse a compartir en las actividades culturales. Dentro de Casa de Campo existe una falta de actividades culturales. El museo se esfuerza en realizar distintas y nuevas tem\u00e1ticas, as\u00ed como actividades culturales que involucre a grupo de personas que desean ver una transformaci\u00f3n en base a esto en este m\u00e1gico lugar.<\/p>\n\n\n\n<p><strong><strong>@cdcliving: \u00bfPor qu\u00e9 seleccionan el libro \u201cEn el Tiempo de las Mariposas\u201d como el primero de estas actividades<\/strong>?<\/strong><\/p>\n\n\n\n<p><strong>Yanet: <\/strong>En estos momentos, la Rep\u00fablica Dominicana est\u00e1 presenciando una ola de violencia contra la mujer y la sociedad est\u00e1 luchando contra esto con leyes vigentes que ofrecen poca o ninguna protecci\u00f3n a las mujer.&nbsp;Hist\u00f3ricamente, para nuestro pa\u00eds, el \u201ccrimen\u201d de las hermanas Mirabal simboliza parte del comienzo de la ca\u00edda de la dictadura que impact\u00f3 de manera negativa, la vida de los dominicanos.<\/p>\n\n\n\n<p><strong>@cdcliving: \u00bfQu\u00e9 significa este libro para t\u00ed?&nbsp;<\/strong><\/p>\n\n\n\n<p><strong>Yanet: <\/strong>Al leer este libro, nos encontramos con el coraje y el esp\u00edritu de lucha que caracteriza a los dominicanos, especialmente a la mujer dominicana. Muchas mujeres a\u00fan permanecen en el anonimato, pero son una parte importante del desarrollo de nuestra sociedad y en cada uno de los roles que juegan d\u00eda a d\u00eda.<\/p>\n","protected":false},"excerpt":{"rendered":"<p>Yanet Castillo, coordinadora del Museo Arqueol\u00f3gico Regional de Altos de Chav\u00f3n les invita a la primera tertulia sobre la hist\u00f3rica novela \u201cEn el Tiempo de las Mariposas\u201d,&nbsp;de Julia \u00c1lvarez, la cual relata la historia de las hermanas Mirabal en tiempos de la tiran\u00eda de Rafael Le\u00f3nidas Trujillo en la Rep\u00fablica Dominicana.&nbsp; Debido a que el [&hellip;]<\/p>\n","protected":false},"author":21,"featured_media":253126,"comment_status":"closed","ping_status":"closed","sticky":false,"template":"","format":"standard","meta":{"newspack_ads_suppress_ads":false,"newspack_popups_has_disabled_popups":false,"newspack_sponsor_sponsorship_scope":"","newspack_sponsor_native_byline_display":"inherit","newspack_sponsor_native_category_display":"inherit","newspack_sponsor_underwriter_style":"inherit","newspack_sponsor_underwriter_placement":"inherit","_newspack_byline_active":false,"_newspack_byline":"","newspack_hide_updated_date":false,"newspack_show_updated_date":false,"newspack_content_restriction_is_exempt":false,"newspack_featured_image_position":"","newspack_post_subtitle":"","newspack_article_summary_title":"Overview:","newspack_article_summary":"","_jetpack_memberships_contains_paid_content":false,"footnotes":"","jetpack_publicize_message":"","jetpack_publicize_feature_enabled":true,"jetpack_social_post_already_shared":false,"jetpack_social_options":{"image_generator_settings":{"template":"highway","default_image_id":0,"font":"","enabled":false},"version":2},"_wpas_customize_per_network":false},"categories":[26819,26823,2524,2522,14625,14627],"tags":[15387,5836,5416,5713],"newspack_spnsrs_tax":[],"class_list":["post-340475","post","type-post","status-publish","format-standard","has-post-thumbnail","hentry","category-altos-de-chavon-es","category-arte-y-cultura","category-destacados","category-eventos-es","category-noticias-locales","category-proximamente","tag-altos-de-chavon-es","tag-hermanas-mirabal","tag-museo-arqueologico-regional-de-altos-de-chavon","tag-shine","entry"],"yoast_head":"<!-- This site is optimized with the Yoast SEO plugin v27.5 - https:\/\/yoast.com\/product\/yoast-seo-wordpress\/ -->\n<title>Tertulia &quot;En el Tiempo de las Mariposas&quot; en Shine - jueves 24 de enero! | Casa de Campo Living<\/title>\n<meta name=\"description\" content=\"Yanet Castillo, coordinadora del Museo Arqueol\u00f3gico Regional de Altos de Chav\u00f3n les invita a la primera tertulia sobre la hist\u00f3rica novela \u201cEn el Tiempo\" \/>\n<meta name=\"robots\" content=\"index, follow, max-snippet:-1, max-image-preview:large, max-video-preview:-1\" \/>\n<link rel=\"canonical\" href=\"https:\/\/casadecampoliving.com\/es\/tertulia-en-el-tiempo-de-las-mariposas-en-shine-jueves-24-de-enero\/\" \/>\n<meta property=\"og:locale\" content=\"es_ES\" \/>\n<meta property=\"og:type\" content=\"article\" \/>\n<meta property=\"og:title\" content=\"Tertulia &quot;En el Tiempo de las Mariposas&quot; en Shine - jueves 24 de enero! | Casa de Campo Living\" \/>\n<meta property=\"og:description\" content=\"Yanet Castillo, coordinadora del Museo Arqueol\u00f3gico Regional de Altos de Chav\u00f3n les invita a la primera tertulia sobre la hist\u00f3rica novela \u201cEn el Tiempo\" \/>\n<meta property=\"og:url\" content=\"https:\/\/casadecampoliving.com\/es\/tertulia-en-el-tiempo-de-las-mariposas-en-shine-jueves-24-de-enero\/\" \/>\n<meta property=\"og:site_name\" content=\"Casa de Campo Living\" \/>\n<meta property=\"article:publisher\" content=\"https:\/\/www.facebook.com\/casadecampoliving\" \/>\n<meta property=\"article:published_time\" content=\"2013-01-13T04:00:00+00:00\" \/>\n<meta property=\"article:modified_time\" content=\"2022-10-21T22:51:11+00:00\" \/>\n<meta property=\"og:image\" content=\"https:\/\/i0.wp.com\/casadecampoliving.com\/wp-content\/uploads\/2022\/10\/mirabal-sisters_-1.jpeg?fit=780%2C350&ssl=1\" \/>\n\t<meta property=\"og:image:width\" content=\"780\" \/>\n\t<meta property=\"og:image:height\" content=\"350\" \/>\n\t<meta property=\"og:image:type\" content=\"image\/jpeg\" \/>\n<meta name=\"twitter:card\" content=\"summary_large_image\" \/>\n<meta name=\"twitter:creator\" content=\"@cdcliving\" \/>\n<meta name=\"twitter:site\" content=\"@cdcliving\" \/>\n<meta name=\"twitter:label1\" content=\"Escrito por\" \/>\n\t<meta name=\"twitter:data1\" content=\"\" \/>\n\t<meta name=\"twitter:label2\" content=\"Tiempo de lectura\" \/>\n\t<meta name=\"twitter:data2\" content=\"3 minutos\" \/>\n<script type=\"application\/ld+json\" class=\"yoast-schema-graph\">{\"@context\":\"https:\\\/\\\/schema.org\",\"@graph\":[{\"@type\":\"Article\",\"@id\":\"https:\\\/\\\/casadecampoliving.com\\\/es\\\/tertulia-en-el-tiempo-de-las-mariposas-en-shine-jueves-24-de-enero\\\/#article\",\"isPartOf\":{\"@id\":\"https:\\\/\\\/casadecampoliving.com\\\/es\\\/tertulia-en-el-tiempo-de-las-mariposas-en-shine-jueves-24-de-enero\\\/\"},\"author\":{\"name\":\"\",\"@id\":\"https:\\\/\\\/casadecampoliving.com\\\/es\\\/#\\\/schema\\\/person\\\/7e3b975d584a5f6ac0fd7128a81b0bc5\"},\"headline\":\"Tertulia \u00abEn el Tiempo de las Mariposas\u00bb en Shine &#8211; jueves 24 de enero!\",\"datePublished\":\"2013-01-13T04:00:00+00:00\",\"dateModified\":\"2022-10-21T22:51:11+00:00\",\"mainEntityOfPage\":{\"@id\":\"https:\\\/\\\/casadecampoliving.com\\\/es\\\/tertulia-en-el-tiempo-de-las-mariposas-en-shine-jueves-24-de-enero\\\/\"},\"wordCount\":622,\"publisher\":{\"@id\":\"https:\\\/\\\/casadecampoliving.com\\\/es\\\/#organization\"},\"image\":{\"@id\":\"https:\\\/\\\/casadecampoliving.com\\\/es\\\/tertulia-en-el-tiempo-de-las-mariposas-en-shine-jueves-24-de-enero\\\/#primaryimage\"},\"thumbnailUrl\":\"https:\\\/\\\/i0.wp.com\\\/casadecampoliving.com\\\/wp-content\\\/uploads\\\/2022\\\/10\\\/mirabal-sisters_-1.jpeg?fit=780%2C350&ssl=1\",\"keywords\":[\"Altos de Chavon\",\"hermanas mirabal\",\"museo arqueologico regional de altos de chavon\",\"shine\"],\"articleSection\":[\"Altos de Chavon @es\",\"Arte y cultura\",\"Destacados\",\"Eventos\",\"Noticias Locales\",\"Proximamente\"],\"inLanguage\":\"es\"},{\"@type\":\"WebPage\",\"@id\":\"https:\\\/\\\/casadecampoliving.com\\\/es\\\/tertulia-en-el-tiempo-de-las-mariposas-en-shine-jueves-24-de-enero\\\/\",\"url\":\"https:\\\/\\\/casadecampoliving.com\\\/es\\\/tertulia-en-el-tiempo-de-las-mariposas-en-shine-jueves-24-de-enero\\\/\",\"name\":\"Tertulia \\\"En el Tiempo de las Mariposas\\\" en Shine - jueves 24 de enero! | Casa de Campo Living\",\"isPartOf\":{\"@id\":\"https:\\\/\\\/casadecampoliving.com\\\/es\\\/#website\"},\"primaryImageOfPage\":{\"@id\":\"https:\\\/\\\/casadecampoliving.com\\\/es\\\/tertulia-en-el-tiempo-de-las-mariposas-en-shine-jueves-24-de-enero\\\/#primaryimage\"},\"image\":{\"@id\":\"https:\\\/\\\/casadecampoliving.com\\\/es\\\/tertulia-en-el-tiempo-de-las-mariposas-en-shine-jueves-24-de-enero\\\/#primaryimage\"},\"thumbnailUrl\":\"https:\\\/\\\/i0.wp.com\\\/casadecampoliving.com\\\/wp-content\\\/uploads\\\/2022\\\/10\\\/mirabal-sisters_-1.jpeg?fit=780%2C350&ssl=1\",\"datePublished\":\"2013-01-13T04:00:00+00:00\",\"dateModified\":\"2022-10-21T22:51:11+00:00\",\"description\":\"Yanet Castillo, coordinadora del Museo Arqueol\u00f3gico Regional de Altos de Chav\u00f3n les invita a la primera tertulia sobre la hist\u00f3rica novela \u201cEn el Tiempo\",\"breadcrumb\":{\"@id\":\"https:\\\/\\\/casadecampoliving.com\\\/es\\\/tertulia-en-el-tiempo-de-las-mariposas-en-shine-jueves-24-de-enero\\\/#breadcrumb\"},\"inLanguage\":\"es\",\"potentialAction\":[{\"@type\":\"ReadAction\",\"target\":[\"https:\\\/\\\/casadecampoliving.com\\\/es\\\/tertulia-en-el-tiempo-de-las-mariposas-en-shine-jueves-24-de-enero\\\/\"]}]},{\"@type\":\"ImageObject\",\"inLanguage\":\"es\",\"@id\":\"https:\\\/\\\/casadecampoliving.com\\\/es\\\/tertulia-en-el-tiempo-de-las-mariposas-en-shine-jueves-24-de-enero\\\/#primaryimage\",\"url\":\"https:\\\/\\\/i0.wp.com\\\/casadecampoliving.com\\\/wp-content\\\/uploads\\\/2022\\\/10\\\/mirabal-sisters_-1.jpeg?fit=780%2C350&ssl=1\",\"contentUrl\":\"https:\\\/\\\/i0.wp.com\\\/casadecampoliving.com\\\/wp-content\\\/uploads\\\/2022\\\/10\\\/mirabal-sisters_-1.jpeg?fit=780%2C350&ssl=1\",\"width\":780,\"height\":350},{\"@type\":\"BreadcrumbList\",\"@id\":\"https:\\\/\\\/casadecampoliving.com\\\/es\\\/tertulia-en-el-tiempo-de-las-mariposas-en-shine-jueves-24-de-enero\\\/#breadcrumb\",\"itemListElement\":[{\"@type\":\"ListItem\",\"position\":1,\"name\":\"Home\",\"item\":\"https:\\\/\\\/casadecampoliving.com\\\/es\\\/\"},{\"@type\":\"ListItem\",\"position\":2,\"name\":\"Tertulia &#8220;En el Tiempo de las Mariposas&#8221; en Shine &#8211; jueves 24 de enero!\"}]},{\"@type\":\"WebSite\",\"@id\":\"https:\\\/\\\/casadecampoliving.com\\\/es\\\/#website\",\"url\":\"https:\\\/\\\/casadecampoliving.com\\\/es\\\/\",\"name\":\"Casa de Campo Living\",\"description\":\"Resort community news and resources.\",\"publisher\":{\"@id\":\"https:\\\/\\\/casadecampoliving.com\\\/es\\\/#organization\"},\"potentialAction\":[{\"@type\":\"SearchAction\",\"target\":{\"@type\":\"EntryPoint\",\"urlTemplate\":\"https:\\\/\\\/casadecampoliving.com\\\/es\\\/?s={search_term_string}\"},\"query-input\":{\"@type\":\"PropertyValueSpecification\",\"valueRequired\":true,\"valueName\":\"search_term_string\"}}],\"inLanguage\":\"es\"},{\"@type\":\"Organization\",\"@id\":\"https:\\\/\\\/casadecampoliving.com\\\/es\\\/#organization\",\"name\":\"Casa de Campo Living\",\"url\":\"https:\\\/\\\/casadecampoliving.com\\\/es\\\/\",\"logo\":{\"@type\":\"ImageObject\",\"inLanguage\":\"es\",\"@id\":\"https:\\\/\\\/casadecampoliving.com\\\/es\\\/#\\\/schema\\\/logo\\\/image\\\/\",\"url\":\"https:\\\/\\\/i0.wp.com\\\/casadecampoliving.com\\\/wp-content\\\/uploads\\\/2022\\\/07\\\/CDCLivingLogo_V1-white-sized.png?fit=800%2C214&ssl=1\",\"contentUrl\":\"https:\\\/\\\/i0.wp.com\\\/casadecampoliving.com\\\/wp-content\\\/uploads\\\/2022\\\/07\\\/CDCLivingLogo_V1-white-sized.png?fit=800%2C214&ssl=1\",\"width\":800,\"height\":214,\"caption\":\"Casa de Campo Living\"},\"image\":{\"@id\":\"https:\\\/\\\/casadecampoliving.com\\\/es\\\/#\\\/schema\\\/logo\\\/image\\\/\"},\"sameAs\":[\"https:\\\/\\\/www.facebook.com\\\/casadecampoliving\",\"https:\\\/\\\/x.com\\\/cdcliving\"]},{\"@type\":\"Person\",\"@id\":\"https:\\\/\\\/casadecampoliving.com\\\/es\\\/#\\\/schema\\\/person\\\/7e3b975d584a5f6ac0fd7128a81b0bc5\",\"name\":\"\",\"image\":{\"@type\":\"ImageObject\",\"inLanguage\":\"es\",\"@id\":\"https:\\\/\\\/secure.gravatar.com\\\/avatar\\\/?s=96&d=mm&r=g\",\"url\":\"https:\\\/\\\/secure.gravatar.com\\\/avatar\\\/?s=96&d=mm&r=g\",\"contentUrl\":\"https:\\\/\\\/secure.gravatar.com\\\/avatar\\\/?s=96&d=mm&r=g\"},\"url\":\"https:\\\/\\\/casadecampoliving.com\\\/es\\\/author\\\/ \\\/\"}]}<\/script>\n<!-- \/ Yoast SEO plugin. -->","yoast_head_json":{"title":"Tertulia \"En el Tiempo de las Mariposas\" en Shine - jueves 24 de enero! | Casa de Campo Living","description":"Yanet Castillo, coordinadora del Museo Arqueol\u00f3gico Regional de Altos de Chav\u00f3n les invita a la primera tertulia sobre la hist\u00f3rica novela \u201cEn el Tiempo","robots":{"index":"index","follow":"follow","max-snippet":"max-snippet:-1","max-image-preview":"max-image-preview:large","max-video-preview":"max-video-preview:-1"},"canonical":"https:\/\/casadecampoliving.com\/es\/tertulia-en-el-tiempo-de-las-mariposas-en-shine-jueves-24-de-enero\/","og_locale":"es_ES","og_type":"article","og_title":"Tertulia \"En el Tiempo de las Mariposas\" en Shine - jueves 24 de enero! | Casa de Campo Living","og_description":"Yanet Castillo, coordinadora del Museo Arqueol\u00f3gico Regional de Altos de Chav\u00f3n les invita a la primera tertulia sobre la hist\u00f3rica novela \u201cEn el Tiempo","og_url":"https:\/\/casadecampoliving.com\/es\/tertulia-en-el-tiempo-de-las-mariposas-en-shine-jueves-24-de-enero\/","og_site_name":"Casa de Campo Living","article_publisher":"https:\/\/www.facebook.com\/casadecampoliving","article_published_time":"2013-01-13T04:00:00+00:00","article_modified_time":"2022-10-21T22:51:11+00:00","og_image":[{"width":780,"height":350,"url":"https:\/\/i0.wp.com\/casadecampoliving.com\/wp-content\/uploads\/2022\/10\/mirabal-sisters_-1.jpeg?fit=780%2C350&ssl=1","type":"image\/jpeg"}],"twitter_card":"summary_large_image","twitter_creator":"@cdcliving","twitter_site":"@cdcliving","twitter_misc":{"Escrito por":"","Tiempo de lectura":"3 minutos"},"schema":{"@context":"https:\/\/schema.org","@graph":[{"@type":"Article","@id":"https:\/\/casadecampoliving.com\/es\/tertulia-en-el-tiempo-de-las-mariposas-en-shine-jueves-24-de-enero\/#article","isPartOf":{"@id":"https:\/\/casadecampoliving.com\/es\/tertulia-en-el-tiempo-de-las-mariposas-en-shine-jueves-24-de-enero\/"},"author":{"name":"","@id":"https:\/\/casadecampoliving.com\/es\/#\/schema\/person\/7e3b975d584a5f6ac0fd7128a81b0bc5"},"headline":"Tertulia \u00abEn el Tiempo de las Mariposas\u00bb en Shine &#8211; jueves 24 de enero!","datePublished":"2013-01-13T04:00:00+00:00","dateModified":"2022-10-21T22:51:11+00:00","mainEntityOfPage":{"@id":"https:\/\/casadecampoliving.com\/es\/tertulia-en-el-tiempo-de-las-mariposas-en-shine-jueves-24-de-enero\/"},"wordCount":622,"publisher":{"@id":"https:\/\/casadecampoliving.com\/es\/#organization"},"image":{"@id":"https:\/\/casadecampoliving.com\/es\/tertulia-en-el-tiempo-de-las-mariposas-en-shine-jueves-24-de-enero\/#primaryimage"},"thumbnailUrl":"https:\/\/i0.wp.com\/casadecampoliving.com\/wp-content\/uploads\/2022\/10\/mirabal-sisters_-1.jpeg?fit=780%2C350&ssl=1","keywords":["Altos de Chavon","hermanas mirabal","museo arqueologico regional de altos de chavon","shine"],"articleSection":["Altos de Chavon @es","Arte y cultura","Destacados","Eventos","Noticias Locales","Proximamente"],"inLanguage":"es"},{"@type":"WebPage","@id":"https:\/\/casadecampoliving.com\/es\/tertulia-en-el-tiempo-de-las-mariposas-en-shine-jueves-24-de-enero\/","url":"https:\/\/casadecampoliving.com\/es\/tertulia-en-el-tiempo-de-las-mariposas-en-shine-jueves-24-de-enero\/","name":"Tertulia \"En el Tiempo de las Mariposas\" en Shine - jueves 24 de enero! | Casa de Campo Living","isPartOf":{"@id":"https:\/\/casadecampoliving.com\/es\/#website"},"primaryImageOfPage":{"@id":"https:\/\/casadecampoliving.com\/es\/tertulia-en-el-tiempo-de-las-mariposas-en-shine-jueves-24-de-enero\/#primaryimage"},"image":{"@id":"https:\/\/casadecampoliving.com\/es\/tertulia-en-el-tiempo-de-las-mariposas-en-shine-jueves-24-de-enero\/#primaryimage"},"thumbnailUrl":"https:\/\/i0.wp.com\/casadecampoliving.com\/wp-content\/uploads\/2022\/10\/mirabal-sisters_-1.jpeg?fit=780%2C350&ssl=1","datePublished":"2013-01-13T04:00:00+00:00","dateModified":"2022-10-21T22:51:11+00:00","description":"Yanet Castillo, coordinadora del Museo Arqueol\u00f3gico Regional de Altos de Chav\u00f3n les invita a la primera tertulia sobre la hist\u00f3rica novela \u201cEn el Tiempo","breadcrumb":{"@id":"https:\/\/casadecampoliving.com\/es\/tertulia-en-el-tiempo-de-las-mariposas-en-shine-jueves-24-de-enero\/#breadcrumb"},"inLanguage":"es","potentialAction":[{"@type":"ReadAction","target":["https:\/\/casadecampoliving.com\/es\/tertulia-en-el-tiempo-de-las-mariposas-en-shine-jueves-24-de-enero\/"]}]},{"@type":"ImageObject","inLanguage":"es","@id":"https:\/\/casadecampoliving.com\/es\/tertulia-en-el-tiempo-de-las-mariposas-en-shine-jueves-24-de-enero\/#primaryimage","url":"https:\/\/i0.wp.com\/casadecampoliving.com\/wp-content\/uploads\/2022\/10\/mirabal-sisters_-1.jpeg?fit=780%2C350&ssl=1","contentUrl":"https:\/\/i0.wp.com\/casadecampoliving.com\/wp-content\/uploads\/2022\/10\/mirabal-sisters_-1.jpeg?fit=780%2C350&ssl=1","width":780,"height":350},{"@type":"BreadcrumbList","@id":"https:\/\/casadecampoliving.com\/es\/tertulia-en-el-tiempo-de-las-mariposas-en-shine-jueves-24-de-enero\/#breadcrumb","itemListElement":[{"@type":"ListItem","position":1,"name":"Home","item":"https:\/\/casadecampoliving.com\/es\/"},{"@type":"ListItem","position":2,"name":"Tertulia &#8220;En el Tiempo de las Mariposas&#8221; en Shine &#8211; jueves 24 de enero!"}]},{"@type":"WebSite","@id":"https:\/\/casadecampoliving.com\/es\/#website","url":"https:\/\/casadecampoliving.com\/es\/","name":"Casa de Campo Living","description":"Resort community news and resources.","publisher":{"@id":"https:\/\/casadecampoliving.com\/es\/#organization"},"potentialAction":[{"@type":"SearchAction","target":{"@type":"EntryPoint","urlTemplate":"https:\/\/casadecampoliving.com\/es\/?s={search_term_string}"},"query-input":{"@type":"PropertyValueSpecification","valueRequired":true,"valueName":"search_term_string"}}],"inLanguage":"es"},{"@type":"Organization","@id":"https:\/\/casadecampoliving.com\/es\/#organization","name":"Casa de Campo Living","url":"https:\/\/casadecampoliving.com\/es\/","logo":{"@type":"ImageObject","inLanguage":"es","@id":"https:\/\/casadecampoliving.com\/es\/#\/schema\/logo\/image\/","url":"https:\/\/i0.wp.com\/casadecampoliving.com\/wp-content\/uploads\/2022\/07\/CDCLivingLogo_V1-white-sized.png?fit=800%2C214&ssl=1","contentUrl":"https:\/\/i0.wp.com\/casadecampoliving.com\/wp-content\/uploads\/2022\/07\/CDCLivingLogo_V1-white-sized.png?fit=800%2C214&ssl=1","width":800,"height":214,"caption":"Casa de Campo Living"},"image":{"@id":"https:\/\/casadecampoliving.com\/es\/#\/schema\/logo\/image\/"},"sameAs":["https:\/\/www.facebook.com\/casadecampoliving","https:\/\/x.com\/cdcliving"]},{"@type":"Person","@id":"https:\/\/casadecampoliving.com\/es\/#\/schema\/person\/7e3b975d584a5f6ac0fd7128a81b0bc5","name":"","image":{"@type":"ImageObject","inLanguage":"es","@id":"https:\/\/secure.gravatar.com\/avatar\/?s=96&d=mm&r=g","url":"https:\/\/secure.gravatar.com\/avatar\/?s=96&d=mm&r=g","contentUrl":"https:\/\/secure.gravatar.com\/avatar\/?s=96&d=mm&r=g"},"url":"https:\/\/casadecampoliving.com\/es\/author\/ \/"}]}},"parsely":{"version":"1.1.0","canonical_url":"https:\/\/casadecampoliving.com\/es\/tertulia-en-el-tiempo-de-las-mariposas-en-shine-jueves-24-de-enero\/","smart_links":{"inbound":0,"outbound":0},"traffic_boost_suggestions_count":0,"meta":{"@context":"https:\/\/schema.org","@type":"NewsArticle","headline":"Tertulia \u00abEn el Tiempo de las Mariposas\u00bb en Shine &#8211; jueves 24 de enero!","url":"http:\/\/casadecampoliving.com\/es\/tertulia-en-el-tiempo-de-las-mariposas-en-shine-jueves-24-de-enero\/","mainEntityOfPage":{"@type":"WebPage","@id":"http:\/\/casadecampoliving.com\/es\/tertulia-en-el-tiempo-de-las-mariposas-en-shine-jueves-24-de-enero\/"},"thumbnailUrl":"https:\/\/i0.wp.com\/casadecampoliving.com\/wp-content\/uploads\/2022\/10\/mirabal-sisters_-1.jpeg?resize=150%2C150&ssl=1","image":{"@type":"ImageObject","url":"https:\/\/i0.wp.com\/casadecampoliving.com\/wp-content\/uploads\/2022\/10\/mirabal-sisters_-1.jpeg?fit=780%2C350&ssl=1"},"articleSection":"Altos de Chavon @es","author":[{"@type":"Person","name":"FB_515917546"}],"creator":["FB_515917546"],"publisher":{"@type":"Organization","name":"Casa de Campo Living","logo":"https:\/\/casadecampoliving.com\/wp-content\/uploads\/2022\/07\/CDCLivingLogo_V1-white-sized.png"},"keywords":["altos de chavon","hermanas mirabal","museo arqueologico regional de altos de chavon","shine"],"dateCreated":"2013-01-13T04:00:00Z","datePublished":"2013-01-13T04:00:00Z","dateModified":"2022-10-21T22:51:11Z"},"rendered":"<script type=\"application\/ld+json\" class=\"wp-parsely-metadata\">{\"@context\":\"https:\\\/\\\/schema.org\",\"@type\":\"NewsArticle\",\"headline\":\"Tertulia \\u00abEn el Tiempo de las Mariposas\\u00bb en Shine &#8211; jueves 24 de enero!\",\"url\":\"http:\\\/\\\/casadecampoliving.com\\\/es\\\/tertulia-en-el-tiempo-de-las-mariposas-en-shine-jueves-24-de-enero\\\/\",\"mainEntityOfPage\":{\"@type\":\"WebPage\",\"@id\":\"http:\\\/\\\/casadecampoliving.com\\\/es\\\/tertulia-en-el-tiempo-de-las-mariposas-en-shine-jueves-24-de-enero\\\/\"},\"thumbnailUrl\":\"https:\\\/\\\/i0.wp.com\\\/casadecampoliving.com\\\/wp-content\\\/uploads\\\/2022\\\/10\\\/mirabal-sisters_-1.jpeg?resize=150%2C150&ssl=1\",\"image\":{\"@type\":\"ImageObject\",\"url\":\"https:\\\/\\\/i0.wp.com\\\/casadecampoliving.com\\\/wp-content\\\/uploads\\\/2022\\\/10\\\/mirabal-sisters_-1.jpeg?fit=780%2C350&ssl=1\"},\"articleSection\":\"Altos de Chavon @es\",\"author\":[{\"@type\":\"Person\",\"name\":\"FB_515917546\"}],\"creator\":[\"FB_515917546\"],\"publisher\":{\"@type\":\"Organization\",\"name\":\"Casa de Campo Living\",\"logo\":\"https:\\\/\\\/casadecampoliving.com\\\/wp-content\\\/uploads\\\/2022\\\/07\\\/CDCLivingLogo_V1-white-sized.png\"},\"keywords\":[\"altos de chavon\",\"hermanas mirabal\",\"museo arqueologico regional de altos de chavon\",\"shine\"],\"dateCreated\":\"2013-01-13T04:00:00Z\",\"datePublished\":\"2013-01-13T04:00:00Z\",\"dateModified\":\"2022-10-21T22:51:11Z\"}<\/script>","tracker_url":"https:\/\/cdn.parsely.com\/keys\/casadecampoliving.com\/p.js"},"jetpack_publicize_connections":[],"jetpack_featured_media_url":"https:\/\/i0.wp.com\/casadecampoliving.com\/wp-content\/uploads\/2022\/10\/mirabal-sisters_-1.jpeg?fit=780%2C350&ssl=1","jetpack-related-posts":[{"id":340761,"url":"https:\/\/casadecampoliving.com\/es\/recuerdos-de-una-visita-al-museo-de-las-hermanas-mirabal-feliz-dia-internacional-de-la-mujer\/","url_meta":{"origin":340475,"position":0},"title":"Recuerdos de una visita al museo de las hermanas Mirabal \u00a1Feliz D\u00eda Internacional de la Mujer!","author":"","date":"8 Mar, 2013","format":false,"excerpt":"Hoy, viernes 8 de marzo de 2013, se celebra el D\u00eda Internacional de la Mujer con el prop\u00f3sito de conmemorar las grandes luchas emprendidas por mujeres que se destacaron en la historia por defender su posici\u00f3n, respeto y valor como mujer dentro de la sociedad. A pesar de que, oficialmente,\u2026","rel":"","context":"En \u00abAltos de Chavon @es\u00bb","block_context":{"text":"Altos de Chavon @es","link":"https:\/\/casadecampoliving.com\/category\/altos-de-chavon-es\/"},"img":{"alt_text":"","src":"https:\/\/i0.wp.com\/casadecampoliving.com\/wp-content\/uploads\/2022\/10\/hermanas_mirabal-1.jpg?fit=650%2C404&ssl=1&resize=350%2C200","width":350,"height":200,"srcset":"https:\/\/i0.wp.com\/casadecampoliving.com\/wp-content\/uploads\/2022\/10\/hermanas_mirabal-1.jpg?fit=650%2C404&ssl=1&resize=350%2C200 1x, https:\/\/i0.wp.com\/casadecampoliving.com\/wp-content\/uploads\/2022\/10\/hermanas_mirabal-1.jpg?fit=650%2C404&ssl=1&resize=525%2C300 1.5x"},"classes":[]},{"id":433460,"url":"https:\/\/casadecampoliving.com\/es\/no-se-pierdan-el-increible-tributo-a-frank-sinatra-para-celebrar-el-40-aniversario-del-anfiteatro-altos-de-chavon\/","url_meta":{"origin":340475,"position":1},"title":"No se pierdan el incre\u00edble tributo a Frank Sinatra para celebrar el 40 aniversario del\u00a0Anfiteatro Altos de Chav\u00f3n","author":"Casa de Campo Living","date":"20 Oct, 2022","format":false,"excerpt":"Siendo uno de los escenarios m\u00e1s emblem\u00e1ticos del pa\u00eds, Casa de Campo Resort\u00ae & Villas celebra las cuatro d\u00e9cadas de aniversario de Altos de Chav\u00f3n con un tributo al gran Frank Sinatra, protagonizado por artistas invitados y una big band tal cual la que acompa\u00f1\u00f3 al artista hace 40 a\u00f1os\u2026","rel":"","context":"En \u00abUncategorized @es\u00bb","block_context":{"text":"Uncategorized @es","link":"https:\/\/casadecampoliving.com\/es\/category\/uncategorized-es\/"},"img":{"alt_text":"","src":"https:\/\/i0.wp.com\/casadecampoliving.com\/wp-content\/uploads\/2022\/10\/Tributo-Frank-Sinatra-Foto-Principal-Amaury-Sanchez-Danilo-Ginebra-Andres-Pichardo-y-Jose-Gabriel-Perez-.jpg?fit=1200%2C873&ssl=1&resize=350%2C200","width":350,"height":200,"srcset":"https:\/\/i0.wp.com\/casadecampoliving.com\/wp-content\/uploads\/2022\/10\/Tributo-Frank-Sinatra-Foto-Principal-Amaury-Sanchez-Danilo-Ginebra-Andres-Pichardo-y-Jose-Gabriel-Perez-.jpg?fit=1200%2C873&ssl=1&resize=350%2C200 1x, https:\/\/i0.wp.com\/casadecampoliving.com\/wp-content\/uploads\/2022\/10\/Tributo-Frank-Sinatra-Foto-Principal-Amaury-Sanchez-Danilo-Ginebra-Andres-Pichardo-y-Jose-Gabriel-Perez-.jpg?fit=1200%2C873&ssl=1&resize=525%2C300 1.5x, https:\/\/i0.wp.com\/casadecampoliving.com\/wp-content\/uploads\/2022\/10\/Tributo-Frank-Sinatra-Foto-Principal-Amaury-Sanchez-Danilo-Ginebra-Andres-Pichardo-y-Jose-Gabriel-Perez-.jpg?fit=1200%2C873&ssl=1&resize=700%2C400 2x, https:\/\/i0.wp.com\/casadecampoliving.com\/wp-content\/uploads\/2022\/10\/Tributo-Frank-Sinatra-Foto-Principal-Amaury-Sanchez-Danilo-Ginebra-Andres-Pichardo-y-Jose-Gabriel-Perez-.jpg?fit=1200%2C873&ssl=1&resize=1050%2C600 3x"},"classes":[]},{"id":347480,"url":"https:\/\/casadecampoliving.com\/es\/renovacion-museo-altos-de-chavon\/","url_meta":{"origin":340475,"position":2},"title":"Renovaci\u00f3n del Museo Regional Arqueol\u00f3gico Altos de Chav\u00f3n","author":"Perkin Agramonte","date":"5 Jun, 2015","format":false,"excerpt":"El Museo Regional Arqueol\u00f3gico Altos de Chav\u00f3n est\u00e1 actualmente cerrado por reparaciones, y permanecer\u00e1 cerrado hasta el 20 de julio. Situado detr\u00e1s de la iglesia San Estanislao en Altos de Chav\u00f3n, el Museo Regional Arqueol\u00f3gico Altos de Chav\u00f3n es el lugar perfecto para aprender sobre la rica herencia ancestral de\u2026","rel":"","context":"En \u00abAltos de Chavon @es\u00bb","block_context":{"text":"Altos de Chavon @es","link":"https:\/\/casadecampoliving.com\/category\/altos-de-chavon-es\/"},"img":{"alt_text":"","src":"https:\/\/i0.wp.com\/casadecampoliving.com\/wp-content\/uploads\/2022\/10\/Museo-Regional-Arqueologico-Altos-de-Chavon.jpg?fit=1024%2C683&ssl=1&resize=350%2C200","width":350,"height":200,"srcset":"https:\/\/i0.wp.com\/casadecampoliving.com\/wp-content\/uploads\/2022\/10\/Museo-Regional-Arqueologico-Altos-de-Chavon.jpg?fit=1024%2C683&ssl=1&resize=350%2C200 1x, https:\/\/i0.wp.com\/casadecampoliving.com\/wp-content\/uploads\/2022\/10\/Museo-Regional-Arqueologico-Altos-de-Chavon.jpg?fit=1024%2C683&ssl=1&resize=525%2C300 1.5x, https:\/\/i0.wp.com\/casadecampoliving.com\/wp-content\/uploads\/2022\/10\/Museo-Regional-Arqueologico-Altos-de-Chavon.jpg?fit=1024%2C683&ssl=1&resize=700%2C400 2x"},"classes":[]},{"id":322099,"url":"https:\/\/casadecampoliving.com\/memories-of-a-visit-to-the-sisters-mirabal-museum-happy-international-womens-day\/","url_meta":{"origin":340475,"position":3},"title":"Memories of a visit to the Sisters Mirabal museum &#8211; Happy International Women&#8217;s Day!","author":"","date":"8 Mar, 2013","format":false,"excerpt":"Today, Friday the 8th of March 2013, International Women\u2019s Day is celebrated across the world with tha aim of remembering the great \u201cbattles\u201d fought by many strong women who through different periods of time in our global history, defended their position, value and made themselves (and women in general) respected\u2026","rel":"","context":"En \u00abAltos de Chavon\u00bb","block_context":{"text":"Altos de Chavon","link":"https:\/\/casadecampoliving.com\/category\/altos-de-chavon\/"},"img":{"alt_text":"","src":"https:\/\/i0.wp.com\/casadecampoliving.com\/wp-content\/uploads\/2022\/10\/hermanas_mirabal-1.jpg?fit=650%2C404&ssl=1&resize=350%2C200","width":350,"height":200,"srcset":"https:\/\/i0.wp.com\/casadecampoliving.com\/wp-content\/uploads\/2022\/10\/hermanas_mirabal-1.jpg?fit=650%2C404&ssl=1&resize=350%2C200 1x, https:\/\/i0.wp.com\/casadecampoliving.com\/wp-content\/uploads\/2022\/10\/hermanas_mirabal-1.jpg?fit=650%2C404&ssl=1&resize=525%2C300 1.5x"},"classes":[]},{"id":341419,"url":"https:\/\/casadecampoliving.com\/es\/arqueologia-exploracion-y-aventura-en-el-campamento-de-verano-del-museo-arqueologico-de-chavon-del-8-al-19-de-julio\/","url_meta":{"origin":340475,"position":4},"title":"Arqueolog\u00eda, Exploraci\u00f3n y Aventura en el campamento de verano del Museo Arqueol\u00f3gico de Chav\u00f3n-del 8 al 19 de julio","author":"Mairobi Herrera","date":"15 May, 2013","format":false,"excerpt":"Este verano permita que sus hijos se sumergan en el interesante mundo Ta\u00edno mediante el campamento denominado Arqueolog\u00eda, Exploraci\u00f3n y Aventura que organiza el Museo Arqueol\u00f3gico Regional de Altos de Chav\u00f3n del 8 al 19 de julio. Este campamento est\u00e1 enfocado en el aprendizaje mediante la pr\u00e1ctica. En \u00e9l se\u2026","rel":"","context":"En \u00abAltos de Chavon @es\u00bb","block_context":{"text":"Altos de Chavon @es","link":"https:\/\/casadecampoliving.com\/category\/altos-de-chavon-es\/"},"img":{"alt_text":"campamento verano chavon museo","src":"https:\/\/i0.wp.com\/casadecampoliving.com\/wp-content\/uploads\/2022\/10\/campamento_verano_chavon_museo-1.jpg?fit=650%2C449&ssl=1&resize=350%2C200","width":350,"height":200,"srcset":"https:\/\/i0.wp.com\/casadecampoliving.com\/wp-content\/uploads\/2022\/10\/campamento_verano_chavon_museo-1.jpg?fit=650%2C449&ssl=1&resize=350%2C200 1x, https:\/\/i0.wp.com\/casadecampoliving.com\/wp-content\/uploads\/2022\/10\/campamento_verano_chavon_museo-1.jpg?fit=650%2C449&ssl=1&resize=525%2C300 1.5x"},"classes":[]},{"id":339513,"url":"https:\/\/casadecampoliving.com\/es\/exitoso-cierre-al-campamento-del-museo-arqueologico-regional-altos-de-chavon-y-apertura-de-nuevos-talleres\/","url_meta":{"origin":340475,"position":5},"title":"Exitoso cierre al campamento del Museo Arqueol\u00f3gico Regional Altos de Chav\u00f3n y apertura de nuevos talleres!","author":"","date":"5 Ago, 2012","format":false,"excerpt":"Del 9 al 13 de julio de 2012, el Museo Arqueol\u00f3gico Regional Altos de Chav\u00f3n realiz\u00f3 exitosamente el tradicional Campamento de Verano denominado \u201cTu Historia en el Tiempo\u201d, en el que los peque\u00f1os adquirieron conocimientos mediante exploraciones y m\u00faltiples actividades programadas para su diversi\u00f3n, pero AHORA estar\u00e1 ofreciendo nuevos Talleres\u2026","rel":"","context":"En \u00abAltos de Chavon @es\u00bb","block_context":{"text":"Altos de Chavon @es","link":"https:\/\/casadecampoliving.com\/category\/altos-de-chavon-es\/"},"img":{"alt_text":"","src":"https:\/\/i0.wp.com\/casadecampoliving.com\/wp-content\/uploads\/2022\/10\/archaelogical_museum-1.jpg?fit=650%2C439&ssl=1&resize=350%2C200","width":350,"height":200,"srcset":"https:\/\/i0.wp.com\/casadecampoliving.com\/wp-content\/uploads\/2022\/10\/archaelogical_museum-1.jpg?fit=650%2C439&ssl=1&resize=350%2C200 1x, https:\/\/i0.wp.com\/casadecampoliving.com\/wp-content\/uploads\/2022\/10\/archaelogical_museum-1.jpg?fit=650%2C439&ssl=1&resize=525%2C300 1.5x"},"classes":[]}],"jetpack_sharing_enabled":true,"_links":{"self":[{"href":"https:\/\/casadecampoliving.com\/es\/wp-json\/wp\/v2\/posts\/340475","targetHints":{"allow":["GET"]}}],"collection":[{"href":"https:\/\/casadecampoliving.com\/es\/wp-json\/wp\/v2\/posts"}],"about":[{"href":"https:\/\/casadecampoliving.com\/es\/wp-json\/wp\/v2\/types\/post"}],"author":[{"embeddable":true,"href":"https:\/\/casadecampoliving.com\/es\/wp-json\/wp\/v2\/users\/21"}],"replies":[{"embeddable":true,"href":"https:\/\/casadecampoliving.com\/es\/wp-json\/wp\/v2\/comments?post=340475"}],"version-history":[{"count":1,"href":"https:\/\/casadecampoliving.com\/es\/wp-json\/wp\/v2\/posts\/340475\/revisions"}],"predecessor-version":[{"id":340476,"href":"https:\/\/casadecampoliving.com\/es\/wp-json\/wp\/v2\/posts\/340475\/revisions\/340476"}],"wp:featuredmedia":[{"embeddable":true,"href":"https:\/\/casadecampoliving.com\/es\/wp-json\/wp\/v2\/media\/253126"}],"wp:attachment":[{"href":"https:\/\/casadecampoliving.com\/es\/wp-json\/wp\/v2\/media?parent=340475"}],"wp:term":[{"taxonomy":"category","embeddable":true,"href":"https:\/\/casadecampoliving.com\/es\/wp-json\/wp\/v2\/categories?post=340475"},{"taxonomy":"post_tag","embeddable":true,"href":"https:\/\/casadecampoliving.com\/es\/wp-json\/wp\/v2\/tags?post=340475"},{"taxonomy":"newspack_spnsrs_tax","embeddable":true,"href":"https:\/\/casadecampoliving.com\/es\/wp-json\/wp\/v2\/newspack_spnsrs_tax?post=340475"}],"curies":[{"name":"wp","href":"https:\/\/api.w.org\/{rel}","templated":true}]}}