{"id":340440,"date":"2013-01-07T00:00:00","date_gmt":"2013-01-07T04:00:00","guid":{"rendered":"https:\/\/casadecampoliving.com\/esta-semana-en-casa-de-campo-7-al-13-de-enero\/"},"modified":"2022-10-21T18:49:24","modified_gmt":"2022-10-21T22:49:24","slug":"esta-semana-en-casa-de-campo-7-al-13-de-enero","status":"publish","type":"post","link":"https:\/\/casadecampoliving.com\/es\/esta-semana-en-casa-de-campo-7-al-13-de-enero\/","title":{"rendered":"Esta Semana en Casa de Campo: 7 al 13 de enero!"},"content":{"rendered":"<div class=\"wp-block-image\">\n<figure class=\"aligncenter is-resized\"><img loading=\"lazy\" decoding=\"async\" src=\"https:\/\/i0.wp.com\/casadecampoliving.com\/wp-content\/uploads\/2022\/10\/christmas_altos_de_chavon2-6.jpg?resize=650%2C350&amp;ssl=1\" alt=\"\" title=\"christmas_altos_de_chavon\" height=\"350\" width=\"650\"\/><\/figure>\n<\/div>\n\n\n<p>Esta semana en Casa de Campo, les invitamos a disfrutar del programa de cursos y talleres de la Escuela de Altos de Chav\u00f3n durante su inter\u00edn, las numerosas exposiciones art\u00edsticas, los torneos de polo, y mucho m\u00e1s!<\/p>\n\n\n\n<!--more-->\n\n\n\n<blockquote><p style=\"text-align: center;\">Estos eventos, actividades y especiales aplican para la semana de:<\/p><h2 style=\"text-align: center;\">Lunes 7 de Ene \u2013 Domingo 13 de Ene<\/h2><\/blockquote>\n\n\n\n<p><strong>Las pr\u00f3ximas actividades son:<\/strong><\/p>\n\n\n\n<div>\u2022 <a href=\"http:\/\/todo.fm\/es\/node\/758\">Fundaci\u00f3n MIR: Esplendor M\u00e1gico Por La Vida \u2013 19 de enero!<\/a><\/div>\n\n\n\n<div><\/div>\n\n\n\n<div>\u2022 <a href=\"http:\/\/www.todo.fm\/es\/node\/762\">Exaltaci\u00f3n al Sal\u00f3n de la Fama del B\u00e9isbol Latino \u2013 7 al 10 de febrero!<\/a><\/div>\n\n\n\n<h3 class=\"wp-block-heading\"><a href=\"http:\/\/www.todocasadecampo.com\/es\"><em>HAGA CLICK AQU\u00cd para el calendario completo!<\/em><\/a><\/h3>\n\n\n\n<p><strong><a href=\"http:\/\/wp.me\/p1kvEy-abH\">Haga click para ver la cartelera de cine y los trailers<\/a><\/strong><\/p>\n\n\n\n<figure class=\"wp-block-image is-resized\"><a href=\"https:\/\/i0.wp.com\/casadecampoliving.com\/wp-content\/uploads\/2022\/10\/casa_de_campo1-20.jpg?ssl=1\"><img loading=\"lazy\" decoding=\"async\" src=\"https:\/\/i0.wp.com\/casadecampoliving.com\/wp-content\/uploads\/2022\/10\/casa_de_campo1-20.jpg?resize=550%2C32&amp;ssl=1\" alt=\"\" title=\"casa_de_campo\" height=\"32\" width=\"550\"\/><\/a><\/figure>\n\n\n\n<p><a href=\"http:\/\/www.todo.fm\/es\/node\/828\"><strong>Exhibici\u00f3n de arte \u201cFlora y Fauna\u201d de Mark Lineweaver<\/strong><\/a><br>\n<strong>D\u00f3nde<\/strong>: Galer\u00eda de arte, Altos de Chav\u00f3n<br>\n<strong>Horario<\/strong>: 8am \u2013 5pm<br>\n<a href=\"http:\/\/www.todo.fm\/es\/node\/828\"><strong>Haga click aqu\u00ed para m\u00e1s info!<\/strong><\/a><\/p>\n\n\n\n<p><a href=\"http:\/\/todo.fm\/es\/node\/780\"><strong>Exhibici\u00f3n de arte \u201cWaters connecting lives\u201d<\/strong><\/a><br>\n<strong>D\u00f3nde<\/strong>: 2do nivel galer\u00eda de arte Altos de Chav\u00f3n<br>\n<strong><a href=\"http:\/\/todo.fm\/es\/node\/780\">Haga click aqu\u00ed para m\u00e1s info! <\/a><\/strong><\/p>\n\n\n\n<p><strong><a href=\"http:\/\/todo.fm\/es\/node\/958\">Interin: Cursos de Arte y Dise\u00f1o<\/a><\/strong><br>\n<strong>D\u00f3nde<\/strong>: Escuela de Altos de Chav\u00f3n<br>\n<strong><a href=\"http:\/\/todo.fm\/es\/node\/958\">Haga click aqu\u00ed para m\u00e1s info<\/a><\/strong><\/p>\n\n\n\n<p><a href=\"http:\/\/todo.fm\/es\/node\/977\"><strong>Exhibici\u00f3n de arte por Fernando Varela<\/strong><\/a><br>\n<strong>D\u00f3nde<\/strong>: Paseo del Mar, Marina Casa de Campo<br>\n<strong><a href=\"http:\/\/todo.fm\/es\/node\/977\">Haga click aqu\u00ed para m\u00e1s info!<\/a><\/strong><\/p>\n\n\n\n<p><a href=\"http:\/\/www.todo.fm\/es\/node\/919\"><strong>Kandela! M\u00fasica y bailes dominicanos<\/strong><\/a><br>\n<strong>D\u00f3nde<\/strong>: Anfiteatro Altos de Chav\u00f3n<br>\n<a href=\"http:\/\/www.todo.fm\/es\/node\/919\"><strong>Haga click aqu\u00ed para m\u00e1s info!<\/strong><\/a><\/p>\n\n\n\n<figure class=\"wp-block-image is-resized\"><img loading=\"lazy\" decoding=\"async\" src=\"https:\/\/i0.wp.com\/casadecampoliving.com\/wp-content\/uploads\/2022\/10\/casa_de_campo2-15.jpg?resize=550%2C32&amp;ssl=1\" alt=\"\" title=\"casa_de_campo\" height=\"32\" width=\"550\"\/><\/figure>\n\n\n\n<p><strong><a href=\"https:\/\/i0.wp.com\/casadecampoliving.com\/wp-content\/uploads\/2022\/10\/casa_de_campo2-15.jpg?ssl=1\"><br>\n<\/a><\/strong><\/p>\n\n\n\n<p><strong><a href=\"http:\/\/todo.fm\/es\/node\/958\">Interin: Cursos de Arte y Dise\u00f1o<\/a><\/strong><br>\n<strong>D\u00f3nde<\/strong>: Escuela de Altos de Chav\u00f3n<br>\n<strong><a href=\"http:\/\/todo.fm\/es\/node\/958\">Haga click aqu\u00ed para m\u00e1s info<\/a><\/strong><\/p>\n\n\n\n<p><a href=\"http:\/\/todo.fm\/es\/node\/977\"><strong>Exhibici\u00f3n de arte por Fernando Varela<\/strong><\/a><br>\n<strong>D\u00f3nde<\/strong>: Paseo del Mar, Marina Casa de Campo<br>\n<strong><a href=\"http:\/\/todo.fm\/es\/node\/977\">Haga click aqu\u00ed para m\u00e1s info!<\/a><\/strong><\/p>\n\n\n\n<p><a href=\"http:\/\/www.todo.fm\/es\/node\/744\"><strong>Copa Polo \u201cLeading Hotels of the World\u201d<\/strong> <\/a><br>\n<strong>D\u00f3nde<\/strong>: Campos de polo de Casa de Campo<br>\n<a href=\"http:\/\/www.todo.fm\/es\/node\/744\"><strong>Haga click aqu\u00ed para m\u00e1s info!<\/strong><\/a><\/p>\n\n\n\n<figure class=\"wp-block-image is-resized\"><img loading=\"lazy\" decoding=\"async\" src=\"https:\/\/i0.wp.com\/casadecampoliving.com\/wp-content\/uploads\/2022\/10\/casa_de_campo3-12.jpg?resize=550%2C32&amp;ssl=1\" alt=\"casa de campo\" title=\"casa_de_campo\" height=\"32\" width=\"550\"\/><\/figure>\n\n\n\n<p><a href=\"http:\/\/todo.fm\/es\/node\/977\"><strong>Exhibici\u00f3n de arte por Fernando Varela<\/strong><\/a><br>\n<strong>D\u00f3nde<\/strong>: Paseo del Mar, Marina Casa de Campo<br>\n<strong><a href=\"http:\/\/todo.fm\/es\/node\/977\">Haga click aqu\u00ed para m\u00e1s info!<\/a><\/strong><\/p>\n\n\n\n<p><a href=\"http:\/\/todo.fm\/es\/node\/780\"><strong>Exhibici\u00f3n de arte \u201cWaters connecting lives\u201d<\/strong><\/a><br>\n<strong>D\u00f3nde<\/strong>: 2do nivel galer\u00eda de arte Altos de Chav\u00f3n<br>\n<strong><a href=\"http:\/\/todo.fm\/es\/node\/780\">Haga click aqu\u00ed para m\u00e1s info! <\/a><\/strong><\/p>\n\n\n\n<p><a href=\"http:\/\/todo.fm\/es\/node\/825\"><strong>Exhibici\u00f3n de arte \u201cFlora y Fauna\u201d de Mark Lineweaver<\/strong><\/a><br>\n<strong>D\u00f3nde<\/strong>: Galer\u00eda de arte, Altos de Chav\u00f3n<br>\n<strong>Horario<\/strong>: 8am \u2013 5pm<br>\n<strong><a href=\"http:\/\/todo.fm\/es\/node\/825\">Haga click aqu\u00ed para m\u00e1s info!<\/a><\/strong><\/p>\n\n\n\n<p><strong><a href=\"http:\/\/todo.fm\/es\/node\/958\">Interin: Cursos de Arte y Dise\u00f1o<\/a><\/strong><br>\n<strong>D\u00f3nde<\/strong>: Escuela de Altos de Chav\u00f3n<br>\n<strong><a href=\"http:\/\/todo.fm\/es\/node\/958\">Haga click aqu\u00ed para m\u00e1s info<\/a><\/strong><\/p>\n\n\n\n<p><a href=\"http:\/\/www.todo.fm\/es\/node\/744\"><strong>Copa Polo \u201cLeading Hotels of the World\u201d<\/strong> <\/a><br>\n<strong>D\u00f3nde<\/strong>: Campos de polo de Casa de Campo<br>\n<a href=\"http:\/\/www.todo.fm\/es\/node\/744\"><strong>Haga click aqu\u00ed para m\u00e1s info!<\/strong><\/a><\/p>\n\n\n\n<figure class=\"wp-block-image is-resized\"><a href=\"https:\/\/i0.wp.com\/casadecampoliving.com\/wp-content\/uploads\/2022\/10\/casa_de_campo11-2.jpg?ssl=1\"><img loading=\"lazy\" decoding=\"async\" src=\"https:\/\/i0.wp.com\/casadecampoliving.com\/wp-content\/uploads\/2022\/10\/casa_de_campo11-2.jpg?resize=550%2C32&amp;ssl=1\" alt=\"\" title=\"casa_de_campo1\" height=\"32\" width=\"550\"\/><\/a><\/figure>\n\n\n\n<p><a href=\"http:\/\/todo.fm\/es\/node\/977\"><strong>Exhibici\u00f3n de arte por Fernando Varela<\/strong><\/a><br>\n<strong>D\u00f3nde<\/strong>: Paseo del Mar, Marina Casa de Campo<br>\n<strong><a href=\"http:\/\/todo.fm\/es\/node\/977\">Haga click aqu\u00ed para m\u00e1s info!<\/a><\/strong><\/p>\n\n\n\n<p><a href=\"http:\/\/todo.fm\/es\/node\/780\"><strong>Exhibici\u00f3n de arte \u201cWaters connecting lives\u201d<\/strong><\/a><br>\n<strong>D\u00f3nde<\/strong>: 2do nivel galer\u00eda de arte Altos de Chav\u00f3n<br>\n<strong><a href=\"http:\/\/todo.fm\/es\/node\/780\">Haga click aqu\u00ed para m\u00e1s info! <\/a><\/strong><\/p>\n\n\n\n<p><a href=\"http:\/\/todo.fm\/es\/node\/825\"><strong>Exhibici\u00f3n de arte \u201cFlora y Fauna\u201d de Mark Lineweaver<\/strong><\/a><br>\n<strong>D\u00f3nde<\/strong>: Galer\u00eda de arte, Altos de Chav\u00f3n<br>\n<strong>Horario<\/strong>: 8am \u2013 5pm<br>\n<strong><a href=\"http:\/\/todo.fm\/es\/node\/825\">Haga click aqu\u00ed para m\u00e1s info!<\/a><\/strong><\/p>\n\n\n\n<p><strong><a href=\"http:\/\/todo.fm\/es\/node\/958\">Interin: Cursos de Arte y Dise\u00f1o<\/a><\/strong><br>\n<strong>D\u00f3nde<\/strong>: Escuela de Altos de Chav\u00f3n<br>\n<strong><a href=\"http:\/\/todo.fm\/es\/node\/958\">Haga click aqu\u00ed para m\u00e1s info! <\/a><\/strong><\/p>\n\n\n\n<p><a href=\"http:\/\/www.todo.fm\/es\/node\/744\"><strong>Copa Polo \u201cLeading Hotels of the World\u201d<\/strong> <\/a><br>\n<strong>D\u00f3nde<\/strong>: Campos de polo de Casa de Campo<br>\n<a href=\"http:\/\/www.todo.fm\/es\/node\/744\"><strong>Haga click aqu\u00ed para m\u00e1s info!<\/strong><\/a><\/p>\n\n\n\n<blockquote class=\"wp-block-quote is-layout-flow wp-block-quote-is-layout-flow\"><p><strong><a href=\"https:\/\/casadecampoliving.com\/es\/2012\/01\/happy-hour-en-la-enotecatodos-los-jueves\/\">La Enoteca 2\u00d71 Happy Hour<\/a><\/strong><br>\n<strong>Hora<\/strong>: 7pm-9pm<br>\n<strong>D\u00f3nde<\/strong>: La Enoteca, Marina Casa de Campo<br>\n<strong><a href=\"https:\/\/casadecampoliving.com\/es\/2012\/01\/happy-hour-en-la-enotecatodos-los-jueves\/\">Haga click aqu\u00ed para m\u00e1s info!<\/a><\/strong><\/p><\/blockquote>\n\n\n\n<figure class=\"wp-block-image is-resized\"><a href=\"https:\/\/i0.wp.com\/casadecampoliving.com\/wp-content\/uploads\/2022\/10\/casa_de_campo4-9.jpg?ssl=1\"><img loading=\"lazy\" decoding=\"async\" src=\"https:\/\/i0.wp.com\/casadecampoliving.com\/wp-content\/uploads\/2022\/10\/casa_de_campo4-9.jpg?resize=550%2C32&amp;ssl=1\" alt=\"\" title=\"casa_de_campo\" height=\"32\" width=\"550\"\/><\/a><\/figure>\n\n\n\n<p><strong><strong><strong><strong><\/strong><\/strong><\/strong><strong><strong><strong><strong><strong><strong><strong><strong><strong><strong><strong><strong><strong><strong><strong><strong><strong><strong><strong><strong><strong><strong><\/strong><\/strong><strong><strong><strong><strong><strong><strong><strong><strong><strong><strong><strong><strong><strong><strong><strong><strong><strong><strong><strong><strong><strong><strong><strong><strong><strong><strong><strong><strong><strong><strong><strong><strong><strong><strong><strong><strong><strong><strong><strong><strong><strong><strong><strong><\/strong><\/strong><\/strong><\/strong><\/strong><\/strong><\/strong><\/strong><\/strong><\/strong><\/strong><\/strong><\/strong><\/strong><\/strong><\/strong><\/strong><\/strong><\/strong><\/strong><\/strong><\/strong><\/strong><\/strong><\/strong><\/strong><\/strong><\/strong><\/strong><\/strong><\/strong><\/strong><\/strong><\/strong><\/strong><\/strong><\/strong><\/strong><\/strong><\/strong><\/strong><\/strong><\/strong><\/strong><\/strong><\/strong><\/strong><\/strong><\/strong><\/strong><\/strong><\/strong><\/strong><\/strong><\/strong><\/strong><\/strong><\/strong><\/strong><\/strong><\/strong><\/strong><\/strong><\/strong><a href=\"http:\/\/todo.fm\/es\/node\/977\"><strong>Exhibici\u00f3n de arte por Fernando Varela<\/strong><\/a><br>\n<strong>D\u00f3nde<\/strong>: Paseo del Mar, Marina Casa de Campo<br>\n<strong><a href=\"http:\/\/todo.fm\/es\/node\/977\">Haga click aqu\u00ed para m\u00e1s info!<\/a><\/strong><\/p>\n\n\n\n<p><a href=\"http:\/\/todo.fm\/es\/node\/825\"><strong>Exhibici\u00f3n de arte \u201cFlora y Fauna\u201d de Mark Lineweaver<\/strong><\/a><br>\n<strong>D\u00f3nde<\/strong>: Galer\u00eda de arte, Altos de Chav\u00f3n<br>\n<strong>Horario<\/strong>: 8am \u2013 5pm<br>\n<strong><a href=\"http:\/\/todo.fm\/es\/node\/958\">Haga click aqu\u00ed para m\u00e1s info!<\/a><\/strong><\/p>\n\n\n\n<p><a href=\"http:\/\/todo.fm\/es\/node\/780\"><strong>Exhibici\u00f3n de arte \u201cWaters connecting lives\u201d<\/strong><\/a><br>\n<strong>D\u00f3nde<\/strong>: 2do nivel galer\u00eda de arte Altos de Chav\u00f3n<br>\n<strong><a href=\"http:\/\/todo.fm\/es\/node\/780\">Haga click aqu\u00ed para m\u00e1s info! <\/a><\/strong><\/p>\n\n\n\n<p><strong><a href=\"http:\/\/todo.fm\/es\/node\/958\">Interin: Cursos de Arte y Dise\u00f1o<\/a><\/strong><br>\n<strong>D\u00f3nde<\/strong>: Escuela de Altos de Chav\u00f3n<br>\n<strong><a href=\"http:\/\/todo.fm\/es\/node\/958\">Haga click aqu\u00ed para m\u00e1s info<\/a><\/strong><\/p>\n\n\n\n<p><strong><a href=\"http:\/\/wp.me\/p1kvEy-d0b\">\u201cMen\u00fa Especial de Fin de semana\u201d<\/a><br>\nD\u00f3nde: <\/strong>Restaurante y Lounge La Ca\u00f1a by Il Circo<strong><br>\n<strong><a href=\"http:\/\/wp.me\/p1kvEy-d0b\">Haga click aqu\u00ed para m\u00e1s info!<\/a><\/strong><\/strong><\/p>\n\n\n\n<p><a href=\"http:\/\/www.todo.fm\/es\/node\/744\"><strong>Copa Polo \u201cLeading Hotels of the World\u201d<\/strong> <\/a><br>\n<strong>D\u00f3nde<\/strong>: Campos de polo de Casa de Campo<br>\n<a href=\"http:\/\/www.todo.fm\/es\/node\/744\"><strong>Haga click aqu\u00ed para m\u00e1s info!<\/strong><\/a><\/p>\n\n\n\n<figure class=\"wp-block-image is-resized\"><img loading=\"lazy\" decoding=\"async\" src=\"https:\/\/i0.wp.com\/casadecampoliving.com\/wp-content\/uploads\/2022\/10\/casa_de_campo21-2.jpg?resize=550%2C32&amp;ssl=1\" alt=\"\" title=\"casa_de_campo2\" height=\"32\" width=\"550\"\/><\/figure>\n\n\n\n<p><a href=\"https:\/\/casadecampoliving.com\/wp-content\/uploads\/2022\/10\/casa_de_campo21-2.jpg\"><strong><strong><\/strong><\/strong><\/a><\/p>\n\n\n\n<p><a href=\"http:\/\/todo.fm\/es\/node\/977\"><strong>Exhibici\u00f3n de arte por Fernando Varela<\/strong><\/a><br>\n<strong>D\u00f3nde<\/strong>: Paseo del Mar, Marina Casa de Campo<br>\n<strong><a href=\"http:\/\/todo.fm\/es\/node\/977\">Haga click aqu\u00ed para m\u00e1s info!<\/a><\/strong><\/p>\n\n\n\n<p><a href=\"http:\/\/todo.fm\/es\/node\/825\"><strong>Exhibici\u00f3n de arte \u201cFlora y Fauna\u201d de Mark Lineweaver<\/strong><\/a><br>\n<strong>D\u00f3nde<\/strong>: Galer\u00eda de arte, Altos de Chav\u00f3n<br>\n<strong>Horario<\/strong>: 8am \u2013 5pm<br>\n<strong><a href=\"http:\/\/todo.fm\/es\/node\/825\">Haga click aqu\u00ed para m\u00e1s info!<\/a><\/strong><\/p>\n\n\n\n<p><a href=\"http:\/\/todo.fm\/es\/node\/780\"><strong>Exhibici\u00f3n de arte \u201cWaters connecting lives\u201d<\/strong><\/a><br>\n<strong>D\u00f3nde<\/strong>: 2do nivel galer\u00eda de arte Altos de Chav\u00f3n<br>\n<strong><a href=\"http:\/\/todo.fm\/es\/node\/780\">Haga click aqu\u00ed para m\u00e1s info! <\/a><\/strong><\/p>\n\n\n\n<p><strong><a href=\"http:\/\/wp.me\/p1kvEy-d0b\">\u201cMen\u00fa Especial de Fin de semana\u201d<\/a><br>\nD\u00f3nde: <\/strong>Restaurante y Lounge La Ca\u00f1a by Il Circo<strong><br>\n<strong><a href=\"http:\/\/wp.me\/p1kvEy-d0b\">Haga click aqu\u00ed para m\u00e1s info!<\/a><\/strong><\/strong><\/p>\n\n\n\n<p><a href=\"http:\/\/www.todo.fm\/es\/node\/744\"><strong>Copa Polo \u201cLeading Hotels of the World\u201d<\/strong> <\/a><br>\n<strong>D\u00f3nde<\/strong>: Campos de polo de Casa de Campo<br>\n<a href=\"http:\/\/www.todo.fm\/es\/node\/744\"><strong>Haga click aqu\u00ed para m\u00e1s info!<\/strong><\/a><\/p>\n\n\n\n<figure class=\"wp-block-image is-resized\"><a href=\"https:\/\/i0.wp.com\/casadecampoliving.com\/wp-content\/uploads\/2022\/10\/casa_de_campo31-2.jpg?ssl=1\"><img loading=\"lazy\" decoding=\"async\" src=\"https:\/\/i0.wp.com\/casadecampoliving.com\/wp-content\/uploads\/2022\/10\/casa_de_campo31-2.jpg?resize=550%2C32&amp;ssl=1\" alt=\"\" title=\"casa_de_campo3\" height=\"32\" width=\"550\"\/><\/a><\/figure>\n\n\n\n<p><a href=\"http:\/\/todo.fm\/es\/node\/977\"><strong>Exhibici\u00f3n de arte por Fernando Varela<\/strong><\/a><br>\n<strong>D\u00f3nde<\/strong>: Paseo del Mar, Marina Casa de Campo<br>\n<strong><a href=\"http:\/\/todo.fm\/es\/node\/977\">Haga click aqu\u00ed para m\u00e1s info!<\/a><\/strong><\/p>\n\n\n\n<p><a href=\"http:\/\/todo.fm\/es\/node\/780\"><strong>Exhibici\u00f3n de arte \u201cWaters connecting lives\u201d<\/strong><\/a><br>\n<strong>D\u00f3nde<\/strong>: 2do nivel galer\u00eda de arte Altos de Chav\u00f3n<br>\n<strong><a href=\"http:\/\/todo.fm\/es\/node\/780\">Haga click aqu\u00ed para m\u00e1s info! <\/a><\/strong><\/p>\n\n\n\n<p><a href=\"http:\/\/todo.fm\/es\/node\/825\"><strong>Exhibici\u00f3n de arte \u201cFlora y Fauna\u201d de Mark Lineweaver<\/strong><\/a><br>\n<strong>D\u00f3nde<\/strong>: Galer\u00eda de arte, Altos de Chav\u00f3n<br>\n<strong>Horario<\/strong>: 8am \u2013 5pm<br>\n<strong><a href=\"http:\/\/todo.fm\/es\/node\/825\">Haga click aqu\u00ed para m\u00e1s info!<\/a><\/strong><\/p>\n\n\n\n<p><a href=\"http:\/\/www.todo.fm\/es\/node\/744\"><strong>Copa Polo \u201cLeading Hotels of the World\u201d<\/strong> <\/a><br>\n<strong>D\u00f3nde<\/strong>: Campos de polo de Casa de Campo<br>\n<a href=\"http:\/\/www.todo.fm\/es\/node\/744\"><strong>Haga click aqu\u00ed para m\u00e1s info!<\/strong><\/a><\/p>\n\n\n\n<blockquote><p><strong>Mant\u00e9ngase al d\u00eda con T O D O Casa de Campo!<\/strong><\/p><figure><img decoding=\"async\" loading=\"lazy\" title=\"TODO_casa_de_campo\" src=\"https:\/\/i0.wp.com\/casadecampoliving.com\/wp-content\/uploads\/2022\/10\/TODO_casa_de_campo1-13.jpg?resize=503%2C538&amp;ssl=1\" alt=\"TODO casa de campo\" width=\"503\" height=\"538\"><\/figure><p>Silgon Inc. (los creadores de la revista CasaLife y Casa de Campo Living) acaban de lanzar \u201cT O D O Casa de Campo\u201d, la oficial gu\u00ed bilingue de Casa de Campo; una invaluable herramienta para disfrutar de Casa de Campo, con un calendario de eventos, mapas, tarifas, horarios, n\u00fameros telef\u00f3nicos y mucho m\u00e1s.<\/p><p><strong><a href=\"http:\/\/www.todocasadecampo.com\/es\">Haga click aqu\u00ed para ver la versi\u00f3n en l\u00ednea de \u201cT O D O Casa de Campo\u201d<\/a><\/strong><\/p><\/blockquote>\n","protected":false},"excerpt":{"rendered":"<p>Esta semana en Casa de Campo, les invitamos a disfrutar del programa de cursos y talleres de la Escuela de Altos de Chav\u00f3n durante su inter\u00edn, las numerosas exposiciones art\u00edsticas, los torneos de polo, y mucho m\u00e1s!<\/p>\n","protected":false},"author":21,"featured_media":224439,"comment_status":"closed","ping_status":"closed","sticky":false,"template":"","format":"standard","meta":{"newspack_ads_suppress_ads":false,"newspack_popups_has_disabled_popups":false,"newspack_sponsor_sponsorship_scope":"","newspack_sponsor_native_byline_display":"inherit","newspack_sponsor_native_category_display":"inherit","newspack_sponsor_underwriter_style":"inherit","newspack_sponsor_underwriter_placement":"inherit","_newspack_byline_active":false,"_newspack_byline":"","newspack_hide_updated_date":false,"newspack_show_updated_date":false,"newspack_content_restriction_is_exempt":false,"newspack_featured_image_position":"","newspack_post_subtitle":"","newspack_article_summary_title":"Overview:","newspack_article_summary":"","_jetpack_memberships_contains_paid_content":false,"footnotes":"","jetpack_publicize_message":"","jetpack_publicize_feature_enabled":true,"jetpack_social_post_already_shared":false,"jetpack_social_options":{"image_generator_settings":{"template":"highway","default_image_id":0,"font":"","enabled":false},"version":2},"_wpas_customize_per_network":false},"categories":[14625,26822],"tags":[2593],"newspack_spnsrs_tax":[],"class_list":["post-340440","post","type-post","status-publish","format-standard","has-post-thumbnail","hentry","category-noticias-locales","category-resort-casa-de-campo","tag-esta-semana-en-casa-de-campo","entry"],"yoast_head":"<!-- This site is optimized with the Yoast SEO plugin v27.5 - https:\/\/yoast.com\/product\/yoast-seo-wordpress\/ -->\n<title>Esta Semana en Casa de Campo: 7 al 13 de enero! | Casa de Campo Living<\/title>\n<meta name=\"description\" content=\"Esta semana en Casa de Campo, les invitamos a disfrutar del programa de cursos y talleres de la Escuela de Altos de Chav\u00f3n durante su inter\u00edn, las\" \/>\n<meta name=\"robots\" content=\"index, follow, max-snippet:-1, max-image-preview:large, max-video-preview:-1\" \/>\n<link rel=\"canonical\" href=\"https:\/\/casadecampoliving.com\/es\/esta-semana-en-casa-de-campo-7-al-13-de-enero\/\" \/>\n<meta property=\"og:locale\" content=\"es_ES\" \/>\n<meta property=\"og:type\" content=\"article\" \/>\n<meta property=\"og:title\" content=\"Esta Semana en Casa de Campo: 7 al 13 de enero! | Casa de Campo Living\" \/>\n<meta property=\"og:description\" content=\"Esta semana en Casa de Campo, les invitamos a disfrutar del programa de cursos y talleres de la Escuela de Altos de Chav\u00f3n durante su inter\u00edn, las\" \/>\n<meta property=\"og:url\" content=\"https:\/\/casadecampoliving.com\/es\/esta-semana-en-casa-de-campo-7-al-13-de-enero\/\" \/>\n<meta property=\"og:site_name\" content=\"Casa de Campo Living\" \/>\n<meta property=\"article:publisher\" content=\"https:\/\/www.facebook.com\/casadecampoliving\" \/>\n<meta property=\"article:published_time\" content=\"2013-01-07T04:00:00+00:00\" \/>\n<meta property=\"article:modified_time\" content=\"2022-10-21T22:49:24+00:00\" \/>\n<meta property=\"og:image\" content=\"https:\/\/i0.wp.com\/casadecampoliving.com\/wp-content\/uploads\/2022\/10\/christmas_altos_de_chavon1-1.jpg?fit=650%2C350&ssl=1\" \/>\n\t<meta property=\"og:image:width\" content=\"650\" \/>\n\t<meta property=\"og:image:height\" content=\"350\" \/>\n\t<meta property=\"og:image:type\" content=\"image\/jpeg\" \/>\n<meta name=\"twitter:card\" content=\"summary_large_image\" \/>\n<meta name=\"twitter:creator\" content=\"@cdcliving\" \/>\n<meta name=\"twitter:site\" content=\"@cdcliving\" \/>\n<meta name=\"twitter:label1\" content=\"Escrito por\" \/>\n\t<meta name=\"twitter:data1\" content=\"\" \/>\n\t<meta name=\"twitter:label2\" content=\"Tiempo de lectura\" \/>\n\t<meta name=\"twitter:data2\" content=\"5 minutos\" \/>\n<script type=\"application\/ld+json\" class=\"yoast-schema-graph\">{\"@context\":\"https:\\\/\\\/schema.org\",\"@graph\":[{\"@type\":\"Article\",\"@id\":\"https:\\\/\\\/casadecampoliving.com\\\/es\\\/esta-semana-en-casa-de-campo-7-al-13-de-enero\\\/#article\",\"isPartOf\":{\"@id\":\"https:\\\/\\\/casadecampoliving.com\\\/es\\\/esta-semana-en-casa-de-campo-7-al-13-de-enero\\\/\"},\"author\":{\"name\":\"\",\"@id\":\"https:\\\/\\\/casadecampoliving.com\\\/es\\\/#\\\/schema\\\/person\\\/7e3b975d584a5f6ac0fd7128a81b0bc5\"},\"headline\":\"Esta Semana en Casa de Campo: 7 al 13 de enero!\",\"datePublished\":\"2013-01-07T04:00:00+00:00\",\"dateModified\":\"2022-10-21T22:49:24+00:00\",\"mainEntityOfPage\":{\"@id\":\"https:\\\/\\\/casadecampoliving.com\\\/es\\\/esta-semana-en-casa-de-campo-7-al-13-de-enero\\\/\"},\"wordCount\":1038,\"publisher\":{\"@id\":\"https:\\\/\\\/casadecampoliving.com\\\/es\\\/#organization\"},\"image\":{\"@id\":\"https:\\\/\\\/casadecampoliving.com\\\/es\\\/esta-semana-en-casa-de-campo-7-al-13-de-enero\\\/#primaryimage\"},\"thumbnailUrl\":\"https:\\\/\\\/i0.wp.com\\\/casadecampoliving.com\\\/wp-content\\\/uploads\\\/2022\\\/10\\\/christmas_altos_de_chavon1-1.jpg?fit=650%2C350&ssl=1\",\"keywords\":[\"esta semana en casa de campo\"],\"articleSection\":[\"Noticias Locales\",\"Resort Casa de Campo\"],\"inLanguage\":\"es\"},{\"@type\":\"WebPage\",\"@id\":\"https:\\\/\\\/casadecampoliving.com\\\/es\\\/esta-semana-en-casa-de-campo-7-al-13-de-enero\\\/\",\"url\":\"https:\\\/\\\/casadecampoliving.com\\\/es\\\/esta-semana-en-casa-de-campo-7-al-13-de-enero\\\/\",\"name\":\"Esta Semana en Casa de Campo: 7 al 13 de enero! | Casa de Campo Living\",\"isPartOf\":{\"@id\":\"https:\\\/\\\/casadecampoliving.com\\\/es\\\/#website\"},\"primaryImageOfPage\":{\"@id\":\"https:\\\/\\\/casadecampoliving.com\\\/es\\\/esta-semana-en-casa-de-campo-7-al-13-de-enero\\\/#primaryimage\"},\"image\":{\"@id\":\"https:\\\/\\\/casadecampoliving.com\\\/es\\\/esta-semana-en-casa-de-campo-7-al-13-de-enero\\\/#primaryimage\"},\"thumbnailUrl\":\"https:\\\/\\\/i0.wp.com\\\/casadecampoliving.com\\\/wp-content\\\/uploads\\\/2022\\\/10\\\/christmas_altos_de_chavon1-1.jpg?fit=650%2C350&ssl=1\",\"datePublished\":\"2013-01-07T04:00:00+00:00\",\"dateModified\":\"2022-10-21T22:49:24+00:00\",\"description\":\"Esta semana en Casa de Campo, les invitamos a disfrutar del programa de cursos y talleres de la Escuela de Altos de Chav\u00f3n durante su inter\u00edn, las\",\"breadcrumb\":{\"@id\":\"https:\\\/\\\/casadecampoliving.com\\\/es\\\/esta-semana-en-casa-de-campo-7-al-13-de-enero\\\/#breadcrumb\"},\"inLanguage\":\"es\",\"potentialAction\":[{\"@type\":\"ReadAction\",\"target\":[\"https:\\\/\\\/casadecampoliving.com\\\/es\\\/esta-semana-en-casa-de-campo-7-al-13-de-enero\\\/\"]}]},{\"@type\":\"ImageObject\",\"inLanguage\":\"es\",\"@id\":\"https:\\\/\\\/casadecampoliving.com\\\/es\\\/esta-semana-en-casa-de-campo-7-al-13-de-enero\\\/#primaryimage\",\"url\":\"https:\\\/\\\/i0.wp.com\\\/casadecampoliving.com\\\/wp-content\\\/uploads\\\/2022\\\/10\\\/christmas_altos_de_chavon1-1.jpg?fit=650%2C350&ssl=1\",\"contentUrl\":\"https:\\\/\\\/i0.wp.com\\\/casadecampoliving.com\\\/wp-content\\\/uploads\\\/2022\\\/10\\\/christmas_altos_de_chavon1-1.jpg?fit=650%2C350&ssl=1\",\"width\":650,\"height\":350},{\"@type\":\"BreadcrumbList\",\"@id\":\"https:\\\/\\\/casadecampoliving.com\\\/es\\\/esta-semana-en-casa-de-campo-7-al-13-de-enero\\\/#breadcrumb\",\"itemListElement\":[{\"@type\":\"ListItem\",\"position\":1,\"name\":\"Home\",\"item\":\"https:\\\/\\\/casadecampoliving.com\\\/es\\\/\"},{\"@type\":\"ListItem\",\"position\":2,\"name\":\"Esta Semana en Casa de Campo: 7 al 13 de enero!\"}]},{\"@type\":\"WebSite\",\"@id\":\"https:\\\/\\\/casadecampoliving.com\\\/es\\\/#website\",\"url\":\"https:\\\/\\\/casadecampoliving.com\\\/es\\\/\",\"name\":\"Casa de Campo Living\",\"description\":\"Resort community news and resources.\",\"publisher\":{\"@id\":\"https:\\\/\\\/casadecampoliving.com\\\/es\\\/#organization\"},\"potentialAction\":[{\"@type\":\"SearchAction\",\"target\":{\"@type\":\"EntryPoint\",\"urlTemplate\":\"https:\\\/\\\/casadecampoliving.com\\\/es\\\/?s={search_term_string}\"},\"query-input\":{\"@type\":\"PropertyValueSpecification\",\"valueRequired\":true,\"valueName\":\"search_term_string\"}}],\"inLanguage\":\"es\"},{\"@type\":\"Organization\",\"@id\":\"https:\\\/\\\/casadecampoliving.com\\\/es\\\/#organization\",\"name\":\"Casa de Campo Living\",\"url\":\"https:\\\/\\\/casadecampoliving.com\\\/es\\\/\",\"logo\":{\"@type\":\"ImageObject\",\"inLanguage\":\"es\",\"@id\":\"https:\\\/\\\/casadecampoliving.com\\\/es\\\/#\\\/schema\\\/logo\\\/image\\\/\",\"url\":\"https:\\\/\\\/i0.wp.com\\\/casadecampoliving.com\\\/wp-content\\\/uploads\\\/2022\\\/07\\\/CDCLivingLogo_V1-white-sized.png?fit=800%2C214&ssl=1\",\"contentUrl\":\"https:\\\/\\\/i0.wp.com\\\/casadecampoliving.com\\\/wp-content\\\/uploads\\\/2022\\\/07\\\/CDCLivingLogo_V1-white-sized.png?fit=800%2C214&ssl=1\",\"width\":800,\"height\":214,\"caption\":\"Casa de Campo Living\"},\"image\":{\"@id\":\"https:\\\/\\\/casadecampoliving.com\\\/es\\\/#\\\/schema\\\/logo\\\/image\\\/\"},\"sameAs\":[\"https:\\\/\\\/www.facebook.com\\\/casadecampoliving\",\"https:\\\/\\\/x.com\\\/cdcliving\"]},{\"@type\":\"Person\",\"@id\":\"https:\\\/\\\/casadecampoliving.com\\\/es\\\/#\\\/schema\\\/person\\\/7e3b975d584a5f6ac0fd7128a81b0bc5\",\"name\":\"\",\"image\":{\"@type\":\"ImageObject\",\"inLanguage\":\"es\",\"@id\":\"https:\\\/\\\/secure.gravatar.com\\\/avatar\\\/?s=96&d=mm&r=g\",\"url\":\"https:\\\/\\\/secure.gravatar.com\\\/avatar\\\/?s=96&d=mm&r=g\",\"contentUrl\":\"https:\\\/\\\/secure.gravatar.com\\\/avatar\\\/?s=96&d=mm&r=g\"},\"url\":\"https:\\\/\\\/casadecampoliving.com\\\/es\\\/author\\\/ \\\/\"}]}<\/script>\n<!-- \/ Yoast SEO plugin. -->","yoast_head_json":{"title":"Esta Semana en Casa de Campo: 7 al 13 de enero! | Casa de Campo Living","description":"Esta semana en Casa de Campo, les invitamos a disfrutar del programa de cursos y talleres de la Escuela de Altos de Chav\u00f3n durante su inter\u00edn, las","robots":{"index":"index","follow":"follow","max-snippet":"max-snippet:-1","max-image-preview":"max-image-preview:large","max-video-preview":"max-video-preview:-1"},"canonical":"https:\/\/casadecampoliving.com\/es\/esta-semana-en-casa-de-campo-7-al-13-de-enero\/","og_locale":"es_ES","og_type":"article","og_title":"Esta Semana en Casa de Campo: 7 al 13 de enero! | Casa de Campo Living","og_description":"Esta semana en Casa de Campo, les invitamos a disfrutar del programa de cursos y talleres de la Escuela de Altos de Chav\u00f3n durante su inter\u00edn, las","og_url":"https:\/\/casadecampoliving.com\/es\/esta-semana-en-casa-de-campo-7-al-13-de-enero\/","og_site_name":"Casa de Campo Living","article_publisher":"https:\/\/www.facebook.com\/casadecampoliving","article_published_time":"2013-01-07T04:00:00+00:00","article_modified_time":"2022-10-21T22:49:24+00:00","og_image":[{"width":650,"height":350,"url":"https:\/\/i0.wp.com\/casadecampoliving.com\/wp-content\/uploads\/2022\/10\/christmas_altos_de_chavon1-1.jpg?fit=650%2C350&ssl=1","type":"image\/jpeg"}],"twitter_card":"summary_large_image","twitter_creator":"@cdcliving","twitter_site":"@cdcliving","twitter_misc":{"Escrito por":"","Tiempo de lectura":"5 minutos"},"schema":{"@context":"https:\/\/schema.org","@graph":[{"@type":"Article","@id":"https:\/\/casadecampoliving.com\/es\/esta-semana-en-casa-de-campo-7-al-13-de-enero\/#article","isPartOf":{"@id":"https:\/\/casadecampoliving.com\/es\/esta-semana-en-casa-de-campo-7-al-13-de-enero\/"},"author":{"name":"","@id":"https:\/\/casadecampoliving.com\/es\/#\/schema\/person\/7e3b975d584a5f6ac0fd7128a81b0bc5"},"headline":"Esta Semana en Casa de Campo: 7 al 13 de enero!","datePublished":"2013-01-07T04:00:00+00:00","dateModified":"2022-10-21T22:49:24+00:00","mainEntityOfPage":{"@id":"https:\/\/casadecampoliving.com\/es\/esta-semana-en-casa-de-campo-7-al-13-de-enero\/"},"wordCount":1038,"publisher":{"@id":"https:\/\/casadecampoliving.com\/es\/#organization"},"image":{"@id":"https:\/\/casadecampoliving.com\/es\/esta-semana-en-casa-de-campo-7-al-13-de-enero\/#primaryimage"},"thumbnailUrl":"https:\/\/i0.wp.com\/casadecampoliving.com\/wp-content\/uploads\/2022\/10\/christmas_altos_de_chavon1-1.jpg?fit=650%2C350&ssl=1","keywords":["esta semana en casa de campo"],"articleSection":["Noticias Locales","Resort Casa de Campo"],"inLanguage":"es"},{"@type":"WebPage","@id":"https:\/\/casadecampoliving.com\/es\/esta-semana-en-casa-de-campo-7-al-13-de-enero\/","url":"https:\/\/casadecampoliving.com\/es\/esta-semana-en-casa-de-campo-7-al-13-de-enero\/","name":"Esta Semana en Casa de Campo: 7 al 13 de enero! | Casa de Campo Living","isPartOf":{"@id":"https:\/\/casadecampoliving.com\/es\/#website"},"primaryImageOfPage":{"@id":"https:\/\/casadecampoliving.com\/es\/esta-semana-en-casa-de-campo-7-al-13-de-enero\/#primaryimage"},"image":{"@id":"https:\/\/casadecampoliving.com\/es\/esta-semana-en-casa-de-campo-7-al-13-de-enero\/#primaryimage"},"thumbnailUrl":"https:\/\/i0.wp.com\/casadecampoliving.com\/wp-content\/uploads\/2022\/10\/christmas_altos_de_chavon1-1.jpg?fit=650%2C350&ssl=1","datePublished":"2013-01-07T04:00:00+00:00","dateModified":"2022-10-21T22:49:24+00:00","description":"Esta semana en Casa de Campo, les invitamos a disfrutar del programa de cursos y talleres de la Escuela de Altos de Chav\u00f3n durante su inter\u00edn, las","breadcrumb":{"@id":"https:\/\/casadecampoliving.com\/es\/esta-semana-en-casa-de-campo-7-al-13-de-enero\/#breadcrumb"},"inLanguage":"es","potentialAction":[{"@type":"ReadAction","target":["https:\/\/casadecampoliving.com\/es\/esta-semana-en-casa-de-campo-7-al-13-de-enero\/"]}]},{"@type":"ImageObject","inLanguage":"es","@id":"https:\/\/casadecampoliving.com\/es\/esta-semana-en-casa-de-campo-7-al-13-de-enero\/#primaryimage","url":"https:\/\/i0.wp.com\/casadecampoliving.com\/wp-content\/uploads\/2022\/10\/christmas_altos_de_chavon1-1.jpg?fit=650%2C350&ssl=1","contentUrl":"https:\/\/i0.wp.com\/casadecampoliving.com\/wp-content\/uploads\/2022\/10\/christmas_altos_de_chavon1-1.jpg?fit=650%2C350&ssl=1","width":650,"height":350},{"@type":"BreadcrumbList","@id":"https:\/\/casadecampoliving.com\/es\/esta-semana-en-casa-de-campo-7-al-13-de-enero\/#breadcrumb","itemListElement":[{"@type":"ListItem","position":1,"name":"Home","item":"https:\/\/casadecampoliving.com\/es\/"},{"@type":"ListItem","position":2,"name":"Esta Semana en Casa de Campo: 7 al 13 de enero!"}]},{"@type":"WebSite","@id":"https:\/\/casadecampoliving.com\/es\/#website","url":"https:\/\/casadecampoliving.com\/es\/","name":"Casa de Campo Living","description":"Resort community news and resources.","publisher":{"@id":"https:\/\/casadecampoliving.com\/es\/#organization"},"potentialAction":[{"@type":"SearchAction","target":{"@type":"EntryPoint","urlTemplate":"https:\/\/casadecampoliving.com\/es\/?s={search_term_string}"},"query-input":{"@type":"PropertyValueSpecification","valueRequired":true,"valueName":"search_term_string"}}],"inLanguage":"es"},{"@type":"Organization","@id":"https:\/\/casadecampoliving.com\/es\/#organization","name":"Casa de Campo Living","url":"https:\/\/casadecampoliving.com\/es\/","logo":{"@type":"ImageObject","inLanguage":"es","@id":"https:\/\/casadecampoliving.com\/es\/#\/schema\/logo\/image\/","url":"https:\/\/i0.wp.com\/casadecampoliving.com\/wp-content\/uploads\/2022\/07\/CDCLivingLogo_V1-white-sized.png?fit=800%2C214&ssl=1","contentUrl":"https:\/\/i0.wp.com\/casadecampoliving.com\/wp-content\/uploads\/2022\/07\/CDCLivingLogo_V1-white-sized.png?fit=800%2C214&ssl=1","width":800,"height":214,"caption":"Casa de Campo Living"},"image":{"@id":"https:\/\/casadecampoliving.com\/es\/#\/schema\/logo\/image\/"},"sameAs":["https:\/\/www.facebook.com\/casadecampoliving","https:\/\/x.com\/cdcliving"]},{"@type":"Person","@id":"https:\/\/casadecampoliving.com\/es\/#\/schema\/person\/7e3b975d584a5f6ac0fd7128a81b0bc5","name":"","image":{"@type":"ImageObject","inLanguage":"es","@id":"https:\/\/secure.gravatar.com\/avatar\/?s=96&d=mm&r=g","url":"https:\/\/secure.gravatar.com\/avatar\/?s=96&d=mm&r=g","contentUrl":"https:\/\/secure.gravatar.com\/avatar\/?s=96&d=mm&r=g"},"url":"https:\/\/casadecampoliving.com\/es\/author\/ \/"}]}},"parsely":{"version":"1.1.0","canonical_url":"https:\/\/casadecampoliving.com\/es\/esta-semana-en-casa-de-campo-7-al-13-de-enero\/","smart_links":{"inbound":0,"outbound":0},"traffic_boost_suggestions_count":0,"meta":{"@context":"https:\/\/schema.org","@type":"NewsArticle","headline":"Esta Semana en Casa de Campo: 7 al 13 de enero!","url":"http:\/\/casadecampoliving.com\/es\/esta-semana-en-casa-de-campo-7-al-13-de-enero\/","mainEntityOfPage":{"@type":"WebPage","@id":"http:\/\/casadecampoliving.com\/es\/esta-semana-en-casa-de-campo-7-al-13-de-enero\/"},"thumbnailUrl":"https:\/\/i0.wp.com\/casadecampoliving.com\/wp-content\/uploads\/2022\/10\/christmas_altos_de_chavon1-1.jpg?resize=150%2C150&ssl=1","image":{"@type":"ImageObject","url":"https:\/\/i0.wp.com\/casadecampoliving.com\/wp-content\/uploads\/2022\/10\/christmas_altos_de_chavon1-1.jpg?fit=650%2C350&ssl=1"},"articleSection":"Noticias Locales","author":[{"@type":"Person","name":"FB_515917546"}],"creator":["FB_515917546"],"publisher":{"@type":"Organization","name":"Casa de Campo Living","logo":"https:\/\/casadecampoliving.com\/wp-content\/uploads\/2022\/07\/CDCLivingLogo_V1-white-sized.png"},"keywords":["esta semana en casa de campo"],"dateCreated":"2013-01-07T04:00:00Z","datePublished":"2013-01-07T04:00:00Z","dateModified":"2022-10-21T22:49:24Z"},"rendered":"<script type=\"application\/ld+json\" class=\"wp-parsely-metadata\">{\"@context\":\"https:\\\/\\\/schema.org\",\"@type\":\"NewsArticle\",\"headline\":\"Esta Semana en Casa de Campo: 7 al 13 de enero!\",\"url\":\"http:\\\/\\\/casadecampoliving.com\\\/es\\\/esta-semana-en-casa-de-campo-7-al-13-de-enero\\\/\",\"mainEntityOfPage\":{\"@type\":\"WebPage\",\"@id\":\"http:\\\/\\\/casadecampoliving.com\\\/es\\\/esta-semana-en-casa-de-campo-7-al-13-de-enero\\\/\"},\"thumbnailUrl\":\"https:\\\/\\\/i0.wp.com\\\/casadecampoliving.com\\\/wp-content\\\/uploads\\\/2022\\\/10\\\/christmas_altos_de_chavon1-1.jpg?resize=150%2C150&ssl=1\",\"image\":{\"@type\":\"ImageObject\",\"url\":\"https:\\\/\\\/i0.wp.com\\\/casadecampoliving.com\\\/wp-content\\\/uploads\\\/2022\\\/10\\\/christmas_altos_de_chavon1-1.jpg?fit=650%2C350&ssl=1\"},\"articleSection\":\"Noticias Locales\",\"author\":[{\"@type\":\"Person\",\"name\":\"FB_515917546\"}],\"creator\":[\"FB_515917546\"],\"publisher\":{\"@type\":\"Organization\",\"name\":\"Casa de Campo Living\",\"logo\":\"https:\\\/\\\/casadecampoliving.com\\\/wp-content\\\/uploads\\\/2022\\\/07\\\/CDCLivingLogo_V1-white-sized.png\"},\"keywords\":[\"esta semana en casa de campo\"],\"dateCreated\":\"2013-01-07T04:00:00Z\",\"datePublished\":\"2013-01-07T04:00:00Z\",\"dateModified\":\"2022-10-21T22:49:24Z\"}<\/script>","tracker_url":"https:\/\/cdn.parsely.com\/keys\/casadecampoliving.com\/p.js"},"jetpack_publicize_connections":[],"jetpack_featured_media_url":"https:\/\/i0.wp.com\/casadecampoliving.com\/wp-content\/uploads\/2022\/10\/christmas_altos_de_chavon1-1.jpg?fit=650%2C350&ssl=1","jetpack-related-posts":[{"id":433460,"url":"https:\/\/casadecampoliving.com\/es\/no-se-pierdan-el-increible-tributo-a-frank-sinatra-para-celebrar-el-40-aniversario-del-anfiteatro-altos-de-chavon\/","url_meta":{"origin":340440,"position":0},"title":"No se pierdan el incre\u00edble tributo a Frank Sinatra para celebrar el 40 aniversario del\u00a0Anfiteatro Altos de Chav\u00f3n","author":"Casa de Campo Living","date":"20 Oct, 2022","format":false,"excerpt":"Siendo uno de los escenarios m\u00e1s emblem\u00e1ticos del pa\u00eds, Casa de Campo Resort\u00ae & Villas celebra las cuatro d\u00e9cadas de aniversario de Altos de Chav\u00f3n con un tributo al gran Frank Sinatra, protagonizado por artistas invitados y una big band tal cual la que acompa\u00f1\u00f3 al artista hace 40 a\u00f1os\u2026","rel":"","context":"En \u00abUncategorized @es\u00bb","block_context":{"text":"Uncategorized @es","link":"https:\/\/casadecampoliving.com\/es\/category\/uncategorized-es\/"},"img":{"alt_text":"","src":"https:\/\/i0.wp.com\/casadecampoliving.com\/wp-content\/uploads\/2022\/10\/Tributo-Frank-Sinatra-Foto-Principal-Amaury-Sanchez-Danilo-Ginebra-Andres-Pichardo-y-Jose-Gabriel-Perez-.jpg?fit=1200%2C873&ssl=1&resize=350%2C200","width":350,"height":200,"srcset":"https:\/\/i0.wp.com\/casadecampoliving.com\/wp-content\/uploads\/2022\/10\/Tributo-Frank-Sinatra-Foto-Principal-Amaury-Sanchez-Danilo-Ginebra-Andres-Pichardo-y-Jose-Gabriel-Perez-.jpg?fit=1200%2C873&ssl=1&resize=350%2C200 1x, https:\/\/i0.wp.com\/casadecampoliving.com\/wp-content\/uploads\/2022\/10\/Tributo-Frank-Sinatra-Foto-Principal-Amaury-Sanchez-Danilo-Ginebra-Andres-Pichardo-y-Jose-Gabriel-Perez-.jpg?fit=1200%2C873&ssl=1&resize=525%2C300 1.5x, https:\/\/i0.wp.com\/casadecampoliving.com\/wp-content\/uploads\/2022\/10\/Tributo-Frank-Sinatra-Foto-Principal-Amaury-Sanchez-Danilo-Ginebra-Andres-Pichardo-y-Jose-Gabriel-Perez-.jpg?fit=1200%2C873&ssl=1&resize=700%2C400 2x, https:\/\/i0.wp.com\/casadecampoliving.com\/wp-content\/uploads\/2022\/10\/Tributo-Frank-Sinatra-Foto-Principal-Amaury-Sanchez-Danilo-Ginebra-Andres-Pichardo-y-Jose-Gabriel-Perez-.jpg?fit=1200%2C873&ssl=1&resize=1050%2C600 3x"},"classes":[]},{"id":354179,"url":"https:\/\/casadecampoliving.com\/es\/viste-tus-carritos-la-competencia-de-carritos-de-golf-de-halloween-regresa-a-casa-de-campo-la-proxima-semana\/","url_meta":{"origin":340440,"position":1},"title":"Viste tus carritos: \u00a1La competencia de carritos de golf de Halloween regresa a Casa de Campo la pr\u00f3xima semana!","author":"Casa de Campo Living","date":"22 Oct, 2021","format":false,"excerpt":"El fin de semana m\u00e1s espeluznante del a\u00f1o est\u00e1 a la vuelta de la esquina, \u00bfest\u00e1s listo? \u00a1Halloween en Casa de Campo no es para los d\u00e9biles de coraz\u00f3n! Casa se est\u00e1 poniendo espeluznante ... Para el fin de semana de Halloween de este a\u00f1o, del 29 al 31 de\u2026","rel":"","context":"En \u00abCasa de Campo Living @es\u00bb","block_context":{"text":"Casa de Campo Living @es","link":"https:\/\/casadecampoliving.com\/category\/casa-de-campo-living-es\/"},"img":{"alt_text":"","src":"https:\/\/i0.wp.com\/casadecampoliving.com\/wp-content\/uploads\/2022\/10\/EJ4B7025-1.jpg?fit=1000%2C667&ssl=1&resize=350%2C200","width":350,"height":200,"srcset":"https:\/\/i0.wp.com\/casadecampoliving.com\/wp-content\/uploads\/2022\/10\/EJ4B7025-1.jpg?fit=1000%2C667&ssl=1&resize=350%2C200 1x, https:\/\/i0.wp.com\/casadecampoliving.com\/wp-content\/uploads\/2022\/10\/EJ4B7025-1.jpg?fit=1000%2C667&ssl=1&resize=525%2C300 1.5x, https:\/\/i0.wp.com\/casadecampoliving.com\/wp-content\/uploads\/2022\/10\/EJ4B7025-1.jpg?fit=1000%2C667&ssl=1&resize=700%2C400 2x"},"classes":[]},{"id":340094,"url":"https:\/\/casadecampoliving.com\/es\/esta-semana-en-casa-de-campo-12-al-18-de-noviembre\/","url_meta":{"origin":340440,"position":2},"title":"Esta Semana en Casa de Campo: 12 al 18 de noviembre!","author":"","date":"12 Nov, 2012","format":false,"excerpt":"Esta semana en Casa de Campo disfrute de todas las actividades preparadas para usted! Feliz semana! Estos eventos, actividades y especiales aplican para la semana de:Lunes 12 de Nov \u2013 Domingo 18 de Nov Las pr\u00f3ximas actividades son: \u2022 \u201cSimplemente lo mejor del ballet\u201d \u2013 1 de diciembre! \u2022 Inauguraci\u00f3n\u2026","rel":"","context":"En \u00abNoticias Locales\u00bb","block_context":{"text":"Noticias Locales","link":"https:\/\/casadecampoliving.com\/es\/category\/noticias-locales\/"},"img":{"alt_text":"","src":"https:\/\/i0.wp.com\/casadecampoliving.com\/wp-content\/uploads\/2022\/10\/thisweekincasa2-1.jpg?fit=650%2C350&ssl=1&resize=350%2C200","width":350,"height":200,"srcset":"https:\/\/i0.wp.com\/casadecampoliving.com\/wp-content\/uploads\/2022\/10\/thisweekincasa2-1.jpg?fit=650%2C350&ssl=1&resize=350%2C200 1x, https:\/\/i0.wp.com\/casadecampoliving.com\/wp-content\/uploads\/2022\/10\/thisweekincasa2-1.jpg?fit=650%2C350&ssl=1&resize=525%2C300 1.5x"},"classes":[]},{"id":337581,"url":"https:\/\/casadecampoliving.com\/es\/este-fin-de-semana-en-casa-de-campo-2-4-de-dic\/","url_meta":{"origin":340440,"position":3},"title":"Este fin de semana en Casa de Campo: 2-4 de Dic.","author":"","date":"2 Dic, 2011","format":false,"excerpt":"Este fin de semana en Casa de Campo es un tiempo ideal para relajarse y disfrutar del esplendor de la Playa Minitas o de los campos de golf. De esta manera, estar\u00e1 m\u00e1s que listos para el pr\u00f3ximo fin de semana que viene cargado de muchas actividades, como el Caf\u00e9\u2026","rel":"","context":"En \u00abEventos\u00bb","block_context":{"text":"Eventos","link":"https:\/\/casadecampoliving.com\/es\/category\/eventos-es\/"},"img":{"alt_text":"","src":"https:\/\/i0.wp.com\/casadecampoliving.com\/wp-content\/uploads\/2022\/10\/Thisweekincasa1-2.jpg?fit=550%2C200&ssl=1&resize=350%2C200","width":350,"height":200,"srcset":"https:\/\/i0.wp.com\/casadecampoliving.com\/wp-content\/uploads\/2022\/10\/Thisweekincasa1-2.jpg?fit=550%2C200&ssl=1&resize=350%2C200 1x, https:\/\/i0.wp.com\/casadecampoliving.com\/wp-content\/uploads\/2022\/10\/Thisweekincasa1-2.jpg?fit=550%2C200&ssl=1&resize=525%2C300 1.5x"},"classes":[]},{"id":339713,"url":"https:\/\/casadecampoliving.com\/es\/57557\/","url_meta":{"origin":340440,"position":4},"title":"Esta Semana en Casa de Campo: 10 al 16 de sep!","author":"","date":"10 Sep, 2012","format":false,"excerpt":"Esta semana en Casa de Campo disfrute de un sin fin de actividades, golf y playa! Feliz semana! Estos eventos, actividades y especiales aplican para la semana de:Lunes 10 de Sep \u2013 Domingo 16 de Sep Las pr\u00f3ximas actividades son: \u2022 D\u00eda feriado: D\u00eda de las Mercedes \u2013 24 de\u2026","rel":"","context":"En \u00abNoticias Locales\u00bb","block_context":{"text":"Noticias Locales","link":"https:\/\/casadecampoliving.com\/es\/category\/noticias-locales\/"},"img":{"alt_text":"","src":"https:\/\/i0.wp.com\/casadecampoliving.com\/wp-content\/uploads\/2022\/10\/thisweekincasa2-1.jpg?fit=650%2C350&ssl=1&resize=350%2C200","width":350,"height":200,"srcset":"https:\/\/i0.wp.com\/casadecampoliving.com\/wp-content\/uploads\/2022\/10\/thisweekincasa2-1.jpg?fit=650%2C350&ssl=1&resize=350%2C200 1x, https:\/\/i0.wp.com\/casadecampoliving.com\/wp-content\/uploads\/2022\/10\/thisweekincasa2-1.jpg?fit=650%2C350&ssl=1&resize=525%2C300 1.5x"},"classes":[]},{"id":339603,"url":"https:\/\/casadecampoliving.com\/es\/esta-semana-en-casa-de-campo-20-al-26-de-agosto\/","url_meta":{"origin":340440,"position":5},"title":"Esta Semana en Casa de Campo: 20 al 26 de agosto!","author":"","date":"20 Ago, 2012","format":false,"excerpt":"Esta semana en Casa de Campo disfrute de un sin fin de actividades de verano! Feliz semana! Estos eventos, actividades y especiales aplican para la semana de:Lunes 20 de Agosto \u2013 Domingo 26 de Agosto Las pr\u00f3ximas actividades son: \u2022 D\u00eda feriado: D\u00eda de las Mercedes \u2013 24 de septiembre!\u2026","rel":"","context":"En \u00abNoticias Locales\u00bb","block_context":{"text":"Noticias Locales","link":"https:\/\/casadecampoliving.com\/es\/category\/noticias-locales\/"},"img":{"alt_text":"","src":"https:\/\/i0.wp.com\/casadecampoliving.com\/wp-content\/uploads\/2022\/10\/thisweekincasa2-1.jpg?fit=650%2C350&ssl=1&resize=350%2C200","width":350,"height":200,"srcset":"https:\/\/i0.wp.com\/casadecampoliving.com\/wp-content\/uploads\/2022\/10\/thisweekincasa2-1.jpg?fit=650%2C350&ssl=1&resize=350%2C200 1x, https:\/\/i0.wp.com\/casadecampoliving.com\/wp-content\/uploads\/2022\/10\/thisweekincasa2-1.jpg?fit=650%2C350&ssl=1&resize=525%2C300 1.5x"},"classes":[]}],"jetpack_sharing_enabled":true,"_links":{"self":[{"href":"https:\/\/casadecampoliving.com\/es\/wp-json\/wp\/v2\/posts\/340440","targetHints":{"allow":["GET"]}}],"collection":[{"href":"https:\/\/casadecampoliving.com\/es\/wp-json\/wp\/v2\/posts"}],"about":[{"href":"https:\/\/casadecampoliving.com\/es\/wp-json\/wp\/v2\/types\/post"}],"author":[{"embeddable":true,"href":"https:\/\/casadecampoliving.com\/es\/wp-json\/wp\/v2\/users\/21"}],"replies":[{"embeddable":true,"href":"https:\/\/casadecampoliving.com\/es\/wp-json\/wp\/v2\/comments?post=340440"}],"version-history":[{"count":1,"href":"https:\/\/casadecampoliving.com\/es\/wp-json\/wp\/v2\/posts\/340440\/revisions"}],"predecessor-version":[{"id":340441,"href":"https:\/\/casadecampoliving.com\/es\/wp-json\/wp\/v2\/posts\/340440\/revisions\/340441"}],"wp:featuredmedia":[{"embeddable":true,"href":"https:\/\/casadecampoliving.com\/es\/wp-json\/wp\/v2\/media\/224439"}],"wp:attachment":[{"href":"https:\/\/casadecampoliving.com\/es\/wp-json\/wp\/v2\/media?parent=340440"}],"wp:term":[{"taxonomy":"category","embeddable":true,"href":"https:\/\/casadecampoliving.com\/es\/wp-json\/wp\/v2\/categories?post=340440"},{"taxonomy":"post_tag","embeddable":true,"href":"https:\/\/casadecampoliving.com\/es\/wp-json\/wp\/v2\/tags?post=340440"},{"taxonomy":"newspack_spnsrs_tax","embeddable":true,"href":"https:\/\/casadecampoliving.com\/es\/wp-json\/wp\/v2\/newspack_spnsrs_tax?post=340440"}],"curies":[{"name":"wp","href":"https:\/\/api.w.org\/{rel}","templated":true}]}}