{"id":340428,"date":"2013-01-03T00:00:00","date_gmt":"2013-01-03T04:00:00","guid":{"rendered":"https:\/\/casadecampoliving.com\/union-entre-la-republica-dominicana-y-haiti-una-noche-junto-a-julio-iglesias-y-el-presidente-martelly-en-altos-de-chavon\/"},"modified":"2022-10-21T18:48:49","modified_gmt":"2022-10-21T22:48:49","slug":"union-entre-la-republica-dominicana-y-haiti-una-noche-junto-a-julio-iglesias-y-el-presidente-martelly-en-altos-de-chavon","status":"publish","type":"post","link":"https:\/\/casadecampoliving.com\/es\/union-entre-la-republica-dominicana-y-haiti-una-noche-junto-a-julio-iglesias-y-el-presidente-martelly-en-altos-de-chavon\/","title":{"rendered":"Uni\u00f3n entre la Rep\u00fablica Dominicana y Hait\u00ed &#8211; una noche junto a Julio Iglesias y el Presidente Martelly en Altos de Chav\u00f3n!"},"content":{"rendered":"<div class=\"wp-block-image\">\n<figure class=\"aligncenter is-resized\"><img loading=\"lazy\" decoding=\"async\" src=\"https:\/\/i0.wp.com\/casadecampoliving.com\/wp-content\/uploads\/2022\/10\/julio_iglesias-2.jpg?resize=650%2C408&amp;ssl=1\" alt=\"julio iglesias\" class=\"wp-image-63425\" title=\"julio_iglesias\" height=\"408\" width=\"650\"\/><\/figure>\n<\/div>\n\n\n<p>El pasado viernes 28 de diciembre, 2012, m\u00e1s de 5,000 fan\u00e1ticos de Julio Iglesias llenaron el Anfiteatro Altos de Chav\u00f3n en Casa de Campo para el disfrute de una noche m\u00e1gica con el famoso cantante espa\u00f1ol, y durante el espect\u00e1culo, disfrutaron tambi\u00e9n de un incre\u00edble dueto entre Iglesias y el Presidente de Hait\u00ed, Michel Martelly \u2013 una conmovedora uni\u00f3n que estrech\u00f3 los lazos entre la Rep\u00fablica Dominicana y Hait\u00ed.<\/p>\n\n\n\n<!--more-->\n\n\n\n<p>Julio Iglesias abri\u00f3 el show despu\u00e9s de las 9pm con \u201c<em>Amor, amor, amor<\/em>\u201c, mientras los aficionados de todo el pa\u00eds y del mundo, a\u00fan hac\u00edan su entrada al anfiteatro. Iglesias dio la bienvenida a su p\u00fablico en espa\u00f1ol y en franc\u00e9s, ambientando la noche que el cantante dedic\u00f3 a los ni\u00f1os de escasos recursos, espec\u00edficamente de la Fundaci\u00f3n Rosa Blanca, fundaci\u00f3n perteneciente al Presidente de Hait\u00ed, Michel Martelly y su esposa, Sof\u00eda.<\/p>\n\n\n\n<p>El concierto que form\u00f3 parte de su \u201cWorld Tour 2012\u201d, continu\u00f3 con los temas \u201cNathalie\u201d, \u201cLa gota fr\u00eda\u201d y \u201cA media luz\u201d \u2013 la \u00faltima acompa\u00f1ada de una pareja de bailarines de tango, mientras todav\u00eda m\u00e1s entusiastas continuaban llenando el anfiteatro.<\/p>\n\n\n<div class=\"wp-block-image\">\n<figure class=\"aligncenter is-resized\"><img loading=\"lazy\" decoding=\"async\" src=\"https:\/\/i0.wp.com\/casadecampoliving.com\/wp-content\/uploads\/2022\/10\/julio_iglesias1.jpg?resize=650%2C332&amp;ssl=1\" alt=\"julio iglesias\" class=\"wp-image-63426\" title=\"julio_iglesias\" height=\"332\" width=\"650\"\/><\/figure>\n<\/div>\n\n\n<p>Luego lleg\u00f3 el momento cuando el maestro espa\u00f1ol, Julio Iglesias, fue acompa\u00f1ado por el Presidente de Hait\u00ed en una interpretaci\u00f3n que fue declarada como el momento de la noche \u2013 e inclusive de toda la \u201ctemporada\u201d en Casa de Campo. En perfecta armon\u00eda, este impresionante duo emocion\u00f3 al creciente p\u00fablico con \u201cCoraz\u00f3n, Coraz\u00f3n\u201d y \u201cTo all the firls I\u2019ve loved before\u201d, en ingl\u00e9s.<\/p>\n\n\n<div class=\"wp-block-image\">\n<figure class=\"alignright is-resized\"><img loading=\"lazy\" decoding=\"async\" src=\"https:\/\/i0.wp.com\/casadecampoliving.com\/wp-content\/uploads\/2022\/10\/julio_iglesias2.jpg?resize=207%2C345&amp;ssl=1\" alt=\"julio iglesias\" class=\"wp-image-63428\" title=\"julio_iglesias\" height=\"345\" width=\"207\"\/><\/figure>\n<\/div>\n\n\n<p>Entre los que acudieron al concierto, estuvo el famoso dise\u00f1ador dominicano, Oscar de la Renta, la famosa dise\u00f1adora venezolana, Carolina Herrera, la periodista estadounidense Barbara Walters y el Ministro de Relaciones Exteriores, Carlos Morales, acompa\u00f1ando al Presidente haitiano, el Primer Ministro de Hait\u00ed, Laurent Lamothe y Stephanie Balmir Villedrouin, Ministro de Turismo del mismo pa\u00eds.<\/p>\n\n\n\n<p>El show cerr\u00f3 un poco antes de las 11pm con \u201cA mi manera\u201d ovacionado de pie por el emocionado p\u00fablico.<\/p>\n\n\n\n<p>Luego del concierto, Martelly, junto a su esposa, Sof\u00eda, Lamothe y Balmir Villedrouin, entre otros tantos invitados VIP\u2019s de Casa de Campo, disfrutaron de una cena y de c\u00f3cteles en una villa privada de Casa de Campo, frente al mar.<\/p>\n\n\n\n<blockquote><figure><img decoding=\"async\" loading=\"lazy\" class=\"aligncenter  wp-image-63467\" title=\"michel_martelly\" src=\"https:\/\/i0.wp.com\/casadecampoliving.com\/wp-content\/uploads\/2022\/10\/michel_martelly.jpg?resize=585%2C482&amp;ssl=1\" alt=\"michel martelly\" width=\"585\" height=\"482\"><\/figure><p style=\"text-align: center;\"><strong>Celebrando luego del concierto con amigos en Casa de Campo&nbsp;<\/strong><br>\n<\/p><p style=\"text-align: left;\">Sofia Martelly, Sixto Inchaustegui, the Haitian President Michel Martelly y Judy Dorejo<\/p><\/blockquote>\n","protected":false},"excerpt":{"rendered":"<p>El pasado viernes 28 de diciembre, 2012, m\u00e1s de 5,000 fan\u00e1ticos de Julio Iglesias llenaron el Anfiteatro Altos de Chav\u00f3n en Casa de Campo para el disfrute de una noche m\u00e1gica con el famoso cantante espa\u00f1ol, y durante el espect\u00e1culo, disfrutaron tambi\u00e9n de un incre\u00edble dueto entre Iglesias y el Presidente de Hait\u00ed, Michel Martelly [&hellip;]<\/p>\n","protected":false},"author":21,"featured_media":249885,"comment_status":"closed","ping_status":"closed","sticky":false,"template":"","format":"standard","meta":{"newspack_ads_suppress_ads":false,"newspack_popups_has_disabled_popups":false,"newspack_sponsor_sponsorship_scope":"","newspack_sponsor_native_byline_display":"inherit","newspack_sponsor_native_category_display":"inherit","newspack_sponsor_underwriter_style":"inherit","newspack_sponsor_underwriter_placement":"inherit","_newspack_byline_active":false,"_newspack_byline":"","newspack_hide_updated_date":false,"newspack_show_updated_date":false,"newspack_content_restriction_is_exempt":false,"newspack_featured_image_position":"","newspack_post_subtitle":"","newspack_article_summary_title":"Overview:","newspack_article_summary":"","_jetpack_memberships_contains_paid_content":false,"footnotes":"","jetpack_publicize_message":"","jetpack_publicize_feature_enabled":true,"jetpack_social_post_already_shared":false,"jetpack_social_options":{"image_generator_settings":{"template":"highway","default_image_id":0,"font":"","enabled":false},"version":2},"_wpas_customize_per_network":false},"categories":[26819,26823,2513,2518,14631,2522,2514,14625,14627,26822,2526],"tags":[15387,906,4828,2301,14777],"newspack_spnsrs_tax":[],"class_list":["post-340428","post","type-post","status-publish","format-standard","has-post-thumbnail","hentry","category-altos-de-chavon-es","category-arte-y-cultura","category-celebridades-es","category-conciertos-es","category-estilo-de-vida","category-eventos-es","category-fundaciones-es","category-noticias-locales","category-proximamente","category-resort-casa-de-campo","category-titulares-es","tag-altos-de-chavon-es","tag-haiti","tag-julio-iglesias","tag-oscar-de-la-renta","tag-republica-dominicana-es-18","entry"],"yoast_head":"<!-- This site is optimized with the Yoast SEO plugin v27.5 - https:\/\/yoast.com\/product\/yoast-seo-wordpress\/ -->\n<title>Uni\u00f3n entre la Rep\u00fablica Dominicana y Hait\u00ed - una noche junto a Julio Iglesias y el Presidente Martelly en Altos de Chav\u00f3n! | Casa de Campo Living<\/title>\n<meta name=\"description\" content=\"El pasado viernes 28 de diciembre, 2012, m\u00e1s de 5,000 fan\u00e1ticos de Julio Iglesias llenaron el Anfiteatro Altos de Chav\u00f3n en Casa de Campo para el disfrute\" \/>\n<meta name=\"robots\" content=\"index, follow, max-snippet:-1, max-image-preview:large, max-video-preview:-1\" \/>\n<link rel=\"canonical\" href=\"https:\/\/casadecampoliving.com\/es\/union-entre-la-republica-dominicana-y-haiti-una-noche-junto-a-julio-iglesias-y-el-presidente-martelly-en-altos-de-chavon\/\" \/>\n<meta property=\"og:locale\" content=\"es_ES\" \/>\n<meta property=\"og:type\" content=\"article\" \/>\n<meta property=\"og:title\" content=\"Uni\u00f3n entre la Rep\u00fablica Dominicana y Hait\u00ed - una noche junto a Julio Iglesias y el Presidente Martelly en Altos de Chav\u00f3n! | Casa de Campo Living\" \/>\n<meta property=\"og:description\" content=\"El pasado viernes 28 de diciembre, 2012, m\u00e1s de 5,000 fan\u00e1ticos de Julio Iglesias llenaron el Anfiteatro Altos de Chav\u00f3n en Casa de Campo para el disfrute\" \/>\n<meta property=\"og:url\" content=\"https:\/\/casadecampoliving.com\/es\/union-entre-la-republica-dominicana-y-haiti-una-noche-junto-a-julio-iglesias-y-el-presidente-martelly-en-altos-de-chavon\/\" \/>\n<meta property=\"og:site_name\" content=\"Casa de Campo Living\" \/>\n<meta property=\"article:publisher\" content=\"https:\/\/www.facebook.com\/casadecampoliving\" \/>\n<meta property=\"article:published_time\" content=\"2013-01-03T04:00:00+00:00\" \/>\n<meta property=\"article:modified_time\" content=\"2022-10-21T22:48:49+00:00\" \/>\n<meta property=\"og:image\" content=\"https:\/\/i0.wp.com\/casadecampoliving.com\/wp-content\/uploads\/2022\/10\/julio_iglesias-3.jpg?fit=650%2C408&ssl=1\" \/>\n\t<meta property=\"og:image:width\" content=\"650\" \/>\n\t<meta property=\"og:image:height\" content=\"408\" \/>\n\t<meta property=\"og:image:type\" content=\"image\/jpeg\" \/>\n<meta name=\"twitter:card\" content=\"summary_large_image\" \/>\n<meta name=\"twitter:creator\" content=\"@cdcliving\" \/>\n<meta name=\"twitter:site\" content=\"@cdcliving\" \/>\n<meta name=\"twitter:label1\" content=\"Escrito por\" \/>\n\t<meta name=\"twitter:data1\" content=\"\" \/>\n\t<meta name=\"twitter:label2\" content=\"Tiempo de lectura\" \/>\n\t<meta name=\"twitter:data2\" content=\"2 minutos\" \/>\n<script type=\"application\/ld+json\" class=\"yoast-schema-graph\">{\"@context\":\"https:\\\/\\\/schema.org\",\"@graph\":[{\"@type\":\"Article\",\"@id\":\"https:\\\/\\\/casadecampoliving.com\\\/es\\\/union-entre-la-republica-dominicana-y-haiti-una-noche-junto-a-julio-iglesias-y-el-presidente-martelly-en-altos-de-chavon\\\/#article\",\"isPartOf\":{\"@id\":\"https:\\\/\\\/casadecampoliving.com\\\/es\\\/union-entre-la-republica-dominicana-y-haiti-una-noche-junto-a-julio-iglesias-y-el-presidente-martelly-en-altos-de-chavon\\\/\"},\"author\":{\"name\":\"\",\"@id\":\"https:\\\/\\\/casadecampoliving.com\\\/es\\\/#\\\/schema\\\/person\\\/7e3b975d584a5f6ac0fd7128a81b0bc5\"},\"headline\":\"Uni\u00f3n entre la Rep\u00fablica Dominicana y Hait\u00ed &#8211; una noche junto a Julio Iglesias y el Presidente Martelly en Altos de Chav\u00f3n!\",\"datePublished\":\"2013-01-03T04:00:00+00:00\",\"dateModified\":\"2022-10-21T22:48:49+00:00\",\"mainEntityOfPage\":{\"@id\":\"https:\\\/\\\/casadecampoliving.com\\\/es\\\/union-entre-la-republica-dominicana-y-haiti-una-noche-junto-a-julio-iglesias-y-el-presidente-martelly-en-altos-de-chavon\\\/\"},\"wordCount\":444,\"publisher\":{\"@id\":\"https:\\\/\\\/casadecampoliving.com\\\/es\\\/#organization\"},\"image\":{\"@id\":\"https:\\\/\\\/casadecampoliving.com\\\/es\\\/union-entre-la-republica-dominicana-y-haiti-una-noche-junto-a-julio-iglesias-y-el-presidente-martelly-en-altos-de-chavon\\\/#primaryimage\"},\"thumbnailUrl\":\"https:\\\/\\\/i0.wp.com\\\/casadecampoliving.com\\\/wp-content\\\/uploads\\\/2022\\\/10\\\/julio_iglesias-3.jpg?fit=650%2C408&ssl=1\",\"keywords\":[\"Altos de Chavon\",\"Haiti\",\"julio iglesias\",\"oscar de la renta\",\"Republica Dominicana\"],\"articleSection\":[\"Altos de Chavon @es\",\"Arte y cultura\",\"Celebridades\",\"Conciertos\",\"Estilo de Vida\",\"Eventos\",\"Fundaciones\",\"Noticias Locales\",\"Proximamente\",\"Resort Casa de Campo\",\"Titulares\"],\"inLanguage\":\"es\"},{\"@type\":\"WebPage\",\"@id\":\"https:\\\/\\\/casadecampoliving.com\\\/es\\\/union-entre-la-republica-dominicana-y-haiti-una-noche-junto-a-julio-iglesias-y-el-presidente-martelly-en-altos-de-chavon\\\/\",\"url\":\"https:\\\/\\\/casadecampoliving.com\\\/es\\\/union-entre-la-republica-dominicana-y-haiti-una-noche-junto-a-julio-iglesias-y-el-presidente-martelly-en-altos-de-chavon\\\/\",\"name\":\"Uni\u00f3n entre la Rep\u00fablica Dominicana y Hait\u00ed - una noche junto a Julio Iglesias y el Presidente Martelly en Altos de Chav\u00f3n! | Casa de Campo Living\",\"isPartOf\":{\"@id\":\"https:\\\/\\\/casadecampoliving.com\\\/es\\\/#website\"},\"primaryImageOfPage\":{\"@id\":\"https:\\\/\\\/casadecampoliving.com\\\/es\\\/union-entre-la-republica-dominicana-y-haiti-una-noche-junto-a-julio-iglesias-y-el-presidente-martelly-en-altos-de-chavon\\\/#primaryimage\"},\"image\":{\"@id\":\"https:\\\/\\\/casadecampoliving.com\\\/es\\\/union-entre-la-republica-dominicana-y-haiti-una-noche-junto-a-julio-iglesias-y-el-presidente-martelly-en-altos-de-chavon\\\/#primaryimage\"},\"thumbnailUrl\":\"https:\\\/\\\/i0.wp.com\\\/casadecampoliving.com\\\/wp-content\\\/uploads\\\/2022\\\/10\\\/julio_iglesias-3.jpg?fit=650%2C408&ssl=1\",\"datePublished\":\"2013-01-03T04:00:00+00:00\",\"dateModified\":\"2022-10-21T22:48:49+00:00\",\"description\":\"El pasado viernes 28 de diciembre, 2012, m\u00e1s de 5,000 fan\u00e1ticos de Julio Iglesias llenaron el Anfiteatro Altos de Chav\u00f3n en Casa de Campo para el disfrute\",\"breadcrumb\":{\"@id\":\"https:\\\/\\\/casadecampoliving.com\\\/es\\\/union-entre-la-republica-dominicana-y-haiti-una-noche-junto-a-julio-iglesias-y-el-presidente-martelly-en-altos-de-chavon\\\/#breadcrumb\"},\"inLanguage\":\"es\",\"potentialAction\":[{\"@type\":\"ReadAction\",\"target\":[\"https:\\\/\\\/casadecampoliving.com\\\/es\\\/union-entre-la-republica-dominicana-y-haiti-una-noche-junto-a-julio-iglesias-y-el-presidente-martelly-en-altos-de-chavon\\\/\"]}]},{\"@type\":\"ImageObject\",\"inLanguage\":\"es\",\"@id\":\"https:\\\/\\\/casadecampoliving.com\\\/es\\\/union-entre-la-republica-dominicana-y-haiti-una-noche-junto-a-julio-iglesias-y-el-presidente-martelly-en-altos-de-chavon\\\/#primaryimage\",\"url\":\"https:\\\/\\\/i0.wp.com\\\/casadecampoliving.com\\\/wp-content\\\/uploads\\\/2022\\\/10\\\/julio_iglesias-3.jpg?fit=650%2C408&ssl=1\",\"contentUrl\":\"https:\\\/\\\/i0.wp.com\\\/casadecampoliving.com\\\/wp-content\\\/uploads\\\/2022\\\/10\\\/julio_iglesias-3.jpg?fit=650%2C408&ssl=1\",\"width\":650,\"height\":408,\"caption\":\"julio iglesias\"},{\"@type\":\"BreadcrumbList\",\"@id\":\"https:\\\/\\\/casadecampoliving.com\\\/es\\\/union-entre-la-republica-dominicana-y-haiti-una-noche-junto-a-julio-iglesias-y-el-presidente-martelly-en-altos-de-chavon\\\/#breadcrumb\",\"itemListElement\":[{\"@type\":\"ListItem\",\"position\":1,\"name\":\"Home\",\"item\":\"https:\\\/\\\/casadecampoliving.com\\\/es\\\/\"},{\"@type\":\"ListItem\",\"position\":2,\"name\":\"Uni\u00f3n entre la Rep\u00fablica Dominicana y Hait\u00ed &#8211; una noche junto a Julio Iglesias y el Presidente Martelly en Altos de Chav\u00f3n!\"}]},{\"@type\":\"WebSite\",\"@id\":\"https:\\\/\\\/casadecampoliving.com\\\/es\\\/#website\",\"url\":\"https:\\\/\\\/casadecampoliving.com\\\/es\\\/\",\"name\":\"Casa de Campo Living\",\"description\":\"Resort community news and resources.\",\"publisher\":{\"@id\":\"https:\\\/\\\/casadecampoliving.com\\\/es\\\/#organization\"},\"potentialAction\":[{\"@type\":\"SearchAction\",\"target\":{\"@type\":\"EntryPoint\",\"urlTemplate\":\"https:\\\/\\\/casadecampoliving.com\\\/es\\\/?s={search_term_string}\"},\"query-input\":{\"@type\":\"PropertyValueSpecification\",\"valueRequired\":true,\"valueName\":\"search_term_string\"}}],\"inLanguage\":\"es\"},{\"@type\":\"Organization\",\"@id\":\"https:\\\/\\\/casadecampoliving.com\\\/es\\\/#organization\",\"name\":\"Casa de Campo Living\",\"url\":\"https:\\\/\\\/casadecampoliving.com\\\/es\\\/\",\"logo\":{\"@type\":\"ImageObject\",\"inLanguage\":\"es\",\"@id\":\"https:\\\/\\\/casadecampoliving.com\\\/es\\\/#\\\/schema\\\/logo\\\/image\\\/\",\"url\":\"https:\\\/\\\/i0.wp.com\\\/casadecampoliving.com\\\/wp-content\\\/uploads\\\/2022\\\/07\\\/CDCLivingLogo_V1-white-sized.png?fit=800%2C214&ssl=1\",\"contentUrl\":\"https:\\\/\\\/i0.wp.com\\\/casadecampoliving.com\\\/wp-content\\\/uploads\\\/2022\\\/07\\\/CDCLivingLogo_V1-white-sized.png?fit=800%2C214&ssl=1\",\"width\":800,\"height\":214,\"caption\":\"Casa de Campo Living\"},\"image\":{\"@id\":\"https:\\\/\\\/casadecampoliving.com\\\/es\\\/#\\\/schema\\\/logo\\\/image\\\/\"},\"sameAs\":[\"https:\\\/\\\/www.facebook.com\\\/casadecampoliving\",\"https:\\\/\\\/x.com\\\/cdcliving\"]},{\"@type\":\"Person\",\"@id\":\"https:\\\/\\\/casadecampoliving.com\\\/es\\\/#\\\/schema\\\/person\\\/7e3b975d584a5f6ac0fd7128a81b0bc5\",\"name\":\"\",\"image\":{\"@type\":\"ImageObject\",\"inLanguage\":\"es\",\"@id\":\"https:\\\/\\\/secure.gravatar.com\\\/avatar\\\/?s=96&d=mm&r=g\",\"url\":\"https:\\\/\\\/secure.gravatar.com\\\/avatar\\\/?s=96&d=mm&r=g\",\"contentUrl\":\"https:\\\/\\\/secure.gravatar.com\\\/avatar\\\/?s=96&d=mm&r=g\"},\"url\":\"https:\\\/\\\/casadecampoliving.com\\\/es\\\/author\\\/ \\\/\"}]}<\/script>\n<!-- \/ Yoast SEO plugin. -->","yoast_head_json":{"title":"Uni\u00f3n entre la Rep\u00fablica Dominicana y Hait\u00ed - una noche junto a Julio Iglesias y el Presidente Martelly en Altos de Chav\u00f3n! | Casa de Campo Living","description":"El pasado viernes 28 de diciembre, 2012, m\u00e1s de 5,000 fan\u00e1ticos de Julio Iglesias llenaron el Anfiteatro Altos de Chav\u00f3n en Casa de Campo para el disfrute","robots":{"index":"index","follow":"follow","max-snippet":"max-snippet:-1","max-image-preview":"max-image-preview:large","max-video-preview":"max-video-preview:-1"},"canonical":"https:\/\/casadecampoliving.com\/es\/union-entre-la-republica-dominicana-y-haiti-una-noche-junto-a-julio-iglesias-y-el-presidente-martelly-en-altos-de-chavon\/","og_locale":"es_ES","og_type":"article","og_title":"Uni\u00f3n entre la Rep\u00fablica Dominicana y Hait\u00ed - una noche junto a Julio Iglesias y el Presidente Martelly en Altos de Chav\u00f3n! | Casa de Campo Living","og_description":"El pasado viernes 28 de diciembre, 2012, m\u00e1s de 5,000 fan\u00e1ticos de Julio Iglesias llenaron el Anfiteatro Altos de Chav\u00f3n en Casa de Campo para el disfrute","og_url":"https:\/\/casadecampoliving.com\/es\/union-entre-la-republica-dominicana-y-haiti-una-noche-junto-a-julio-iglesias-y-el-presidente-martelly-en-altos-de-chavon\/","og_site_name":"Casa de Campo Living","article_publisher":"https:\/\/www.facebook.com\/casadecampoliving","article_published_time":"2013-01-03T04:00:00+00:00","article_modified_time":"2022-10-21T22:48:49+00:00","og_image":[{"width":650,"height":408,"url":"https:\/\/i0.wp.com\/casadecampoliving.com\/wp-content\/uploads\/2022\/10\/julio_iglesias-3.jpg?fit=650%2C408&ssl=1","type":"image\/jpeg"}],"twitter_card":"summary_large_image","twitter_creator":"@cdcliving","twitter_site":"@cdcliving","twitter_misc":{"Escrito por":"","Tiempo de lectura":"2 minutos"},"schema":{"@context":"https:\/\/schema.org","@graph":[{"@type":"Article","@id":"https:\/\/casadecampoliving.com\/es\/union-entre-la-republica-dominicana-y-haiti-una-noche-junto-a-julio-iglesias-y-el-presidente-martelly-en-altos-de-chavon\/#article","isPartOf":{"@id":"https:\/\/casadecampoliving.com\/es\/union-entre-la-republica-dominicana-y-haiti-una-noche-junto-a-julio-iglesias-y-el-presidente-martelly-en-altos-de-chavon\/"},"author":{"name":"","@id":"https:\/\/casadecampoliving.com\/es\/#\/schema\/person\/7e3b975d584a5f6ac0fd7128a81b0bc5"},"headline":"Uni\u00f3n entre la Rep\u00fablica Dominicana y Hait\u00ed &#8211; una noche junto a Julio Iglesias y el Presidente Martelly en Altos de Chav\u00f3n!","datePublished":"2013-01-03T04:00:00+00:00","dateModified":"2022-10-21T22:48:49+00:00","mainEntityOfPage":{"@id":"https:\/\/casadecampoliving.com\/es\/union-entre-la-republica-dominicana-y-haiti-una-noche-junto-a-julio-iglesias-y-el-presidente-martelly-en-altos-de-chavon\/"},"wordCount":444,"publisher":{"@id":"https:\/\/casadecampoliving.com\/es\/#organization"},"image":{"@id":"https:\/\/casadecampoliving.com\/es\/union-entre-la-republica-dominicana-y-haiti-una-noche-junto-a-julio-iglesias-y-el-presidente-martelly-en-altos-de-chavon\/#primaryimage"},"thumbnailUrl":"https:\/\/i0.wp.com\/casadecampoliving.com\/wp-content\/uploads\/2022\/10\/julio_iglesias-3.jpg?fit=650%2C408&ssl=1","keywords":["Altos de Chavon","Haiti","julio iglesias","oscar de la renta","Republica Dominicana"],"articleSection":["Altos de Chavon @es","Arte y cultura","Celebridades","Conciertos","Estilo de Vida","Eventos","Fundaciones","Noticias Locales","Proximamente","Resort Casa de Campo","Titulares"],"inLanguage":"es"},{"@type":"WebPage","@id":"https:\/\/casadecampoliving.com\/es\/union-entre-la-republica-dominicana-y-haiti-una-noche-junto-a-julio-iglesias-y-el-presidente-martelly-en-altos-de-chavon\/","url":"https:\/\/casadecampoliving.com\/es\/union-entre-la-republica-dominicana-y-haiti-una-noche-junto-a-julio-iglesias-y-el-presidente-martelly-en-altos-de-chavon\/","name":"Uni\u00f3n entre la Rep\u00fablica Dominicana y Hait\u00ed - una noche junto a Julio Iglesias y el Presidente Martelly en Altos de Chav\u00f3n! | Casa de Campo Living","isPartOf":{"@id":"https:\/\/casadecampoliving.com\/es\/#website"},"primaryImageOfPage":{"@id":"https:\/\/casadecampoliving.com\/es\/union-entre-la-republica-dominicana-y-haiti-una-noche-junto-a-julio-iglesias-y-el-presidente-martelly-en-altos-de-chavon\/#primaryimage"},"image":{"@id":"https:\/\/casadecampoliving.com\/es\/union-entre-la-republica-dominicana-y-haiti-una-noche-junto-a-julio-iglesias-y-el-presidente-martelly-en-altos-de-chavon\/#primaryimage"},"thumbnailUrl":"https:\/\/i0.wp.com\/casadecampoliving.com\/wp-content\/uploads\/2022\/10\/julio_iglesias-3.jpg?fit=650%2C408&ssl=1","datePublished":"2013-01-03T04:00:00+00:00","dateModified":"2022-10-21T22:48:49+00:00","description":"El pasado viernes 28 de diciembre, 2012, m\u00e1s de 5,000 fan\u00e1ticos de Julio Iglesias llenaron el Anfiteatro Altos de Chav\u00f3n en Casa de Campo para el disfrute","breadcrumb":{"@id":"https:\/\/casadecampoliving.com\/es\/union-entre-la-republica-dominicana-y-haiti-una-noche-junto-a-julio-iglesias-y-el-presidente-martelly-en-altos-de-chavon\/#breadcrumb"},"inLanguage":"es","potentialAction":[{"@type":"ReadAction","target":["https:\/\/casadecampoliving.com\/es\/union-entre-la-republica-dominicana-y-haiti-una-noche-junto-a-julio-iglesias-y-el-presidente-martelly-en-altos-de-chavon\/"]}]},{"@type":"ImageObject","inLanguage":"es","@id":"https:\/\/casadecampoliving.com\/es\/union-entre-la-republica-dominicana-y-haiti-una-noche-junto-a-julio-iglesias-y-el-presidente-martelly-en-altos-de-chavon\/#primaryimage","url":"https:\/\/i0.wp.com\/casadecampoliving.com\/wp-content\/uploads\/2022\/10\/julio_iglesias-3.jpg?fit=650%2C408&ssl=1","contentUrl":"https:\/\/i0.wp.com\/casadecampoliving.com\/wp-content\/uploads\/2022\/10\/julio_iglesias-3.jpg?fit=650%2C408&ssl=1","width":650,"height":408,"caption":"julio iglesias"},{"@type":"BreadcrumbList","@id":"https:\/\/casadecampoliving.com\/es\/union-entre-la-republica-dominicana-y-haiti-una-noche-junto-a-julio-iglesias-y-el-presidente-martelly-en-altos-de-chavon\/#breadcrumb","itemListElement":[{"@type":"ListItem","position":1,"name":"Home","item":"https:\/\/casadecampoliving.com\/es\/"},{"@type":"ListItem","position":2,"name":"Uni\u00f3n entre la Rep\u00fablica Dominicana y Hait\u00ed &#8211; una noche junto a Julio Iglesias y el Presidente Martelly en Altos de Chav\u00f3n!"}]},{"@type":"WebSite","@id":"https:\/\/casadecampoliving.com\/es\/#website","url":"https:\/\/casadecampoliving.com\/es\/","name":"Casa de Campo Living","description":"Resort community news and resources.","publisher":{"@id":"https:\/\/casadecampoliving.com\/es\/#organization"},"potentialAction":[{"@type":"SearchAction","target":{"@type":"EntryPoint","urlTemplate":"https:\/\/casadecampoliving.com\/es\/?s={search_term_string}"},"query-input":{"@type":"PropertyValueSpecification","valueRequired":true,"valueName":"search_term_string"}}],"inLanguage":"es"},{"@type":"Organization","@id":"https:\/\/casadecampoliving.com\/es\/#organization","name":"Casa de Campo Living","url":"https:\/\/casadecampoliving.com\/es\/","logo":{"@type":"ImageObject","inLanguage":"es","@id":"https:\/\/casadecampoliving.com\/es\/#\/schema\/logo\/image\/","url":"https:\/\/i0.wp.com\/casadecampoliving.com\/wp-content\/uploads\/2022\/07\/CDCLivingLogo_V1-white-sized.png?fit=800%2C214&ssl=1","contentUrl":"https:\/\/i0.wp.com\/casadecampoliving.com\/wp-content\/uploads\/2022\/07\/CDCLivingLogo_V1-white-sized.png?fit=800%2C214&ssl=1","width":800,"height":214,"caption":"Casa de Campo Living"},"image":{"@id":"https:\/\/casadecampoliving.com\/es\/#\/schema\/logo\/image\/"},"sameAs":["https:\/\/www.facebook.com\/casadecampoliving","https:\/\/x.com\/cdcliving"]},{"@type":"Person","@id":"https:\/\/casadecampoliving.com\/es\/#\/schema\/person\/7e3b975d584a5f6ac0fd7128a81b0bc5","name":"","image":{"@type":"ImageObject","inLanguage":"es","@id":"https:\/\/secure.gravatar.com\/avatar\/?s=96&d=mm&r=g","url":"https:\/\/secure.gravatar.com\/avatar\/?s=96&d=mm&r=g","contentUrl":"https:\/\/secure.gravatar.com\/avatar\/?s=96&d=mm&r=g"},"url":"https:\/\/casadecampoliving.com\/es\/author\/ \/"}]}},"parsely":{"version":"1.1.0","canonical_url":"https:\/\/casadecampoliving.com\/es\/union-entre-la-republica-dominicana-y-haiti-una-noche-junto-a-julio-iglesias-y-el-presidente-martelly-en-altos-de-chavon\/","smart_links":{"inbound":0,"outbound":0},"traffic_boost_suggestions_count":0,"meta":{"@context":"https:\/\/schema.org","@type":"NewsArticle","headline":"Uni\u00f3n entre la Rep\u00fablica Dominicana y Hait\u00ed &#8211; una noche junto a Julio Iglesias y el Presidente Martelly en Altos de Chav\u00f3n!","url":"http:\/\/casadecampoliving.com\/es\/union-entre-la-republica-dominicana-y-haiti-una-noche-junto-a-julio-iglesias-y-el-presidente-martelly-en-altos-de-chavon\/","mainEntityOfPage":{"@type":"WebPage","@id":"http:\/\/casadecampoliving.com\/es\/union-entre-la-republica-dominicana-y-haiti-una-noche-junto-a-julio-iglesias-y-el-presidente-martelly-en-altos-de-chavon\/"},"thumbnailUrl":"https:\/\/i0.wp.com\/casadecampoliving.com\/wp-content\/uploads\/2022\/10\/julio_iglesias-3.jpg?resize=150%2C150&ssl=1","image":{"@type":"ImageObject","url":"https:\/\/i0.wp.com\/casadecampoliving.com\/wp-content\/uploads\/2022\/10\/julio_iglesias-3.jpg?fit=650%2C408&ssl=1"},"articleSection":"Altos de Chavon @es","author":[{"@type":"Person","name":"FB_515917546"}],"creator":["FB_515917546"],"publisher":{"@type":"Organization","name":"Casa de Campo Living","logo":"https:\/\/casadecampoliving.com\/wp-content\/uploads\/2022\/07\/CDCLivingLogo_V1-white-sized.png"},"keywords":["altos de chavon","haiti","julio iglesias","oscar de la renta","republica dominicana"],"dateCreated":"2013-01-03T04:00:00Z","datePublished":"2013-01-03T04:00:00Z","dateModified":"2022-10-21T22:48:49Z"},"rendered":"<script type=\"application\/ld+json\" class=\"wp-parsely-metadata\">{\"@context\":\"https:\\\/\\\/schema.org\",\"@type\":\"NewsArticle\",\"headline\":\"Uni\\u00f3n entre la Rep\\u00fablica Dominicana y Hait\\u00ed &#8211; una noche junto a Julio Iglesias y el Presidente Martelly en Altos de Chav\\u00f3n!\",\"url\":\"http:\\\/\\\/casadecampoliving.com\\\/es\\\/union-entre-la-republica-dominicana-y-haiti-una-noche-junto-a-julio-iglesias-y-el-presidente-martelly-en-altos-de-chavon\\\/\",\"mainEntityOfPage\":{\"@type\":\"WebPage\",\"@id\":\"http:\\\/\\\/casadecampoliving.com\\\/es\\\/union-entre-la-republica-dominicana-y-haiti-una-noche-junto-a-julio-iglesias-y-el-presidente-martelly-en-altos-de-chavon\\\/\"},\"thumbnailUrl\":\"https:\\\/\\\/i0.wp.com\\\/casadecampoliving.com\\\/wp-content\\\/uploads\\\/2022\\\/10\\\/julio_iglesias-3.jpg?resize=150%2C150&ssl=1\",\"image\":{\"@type\":\"ImageObject\",\"url\":\"https:\\\/\\\/i0.wp.com\\\/casadecampoliving.com\\\/wp-content\\\/uploads\\\/2022\\\/10\\\/julio_iglesias-3.jpg?fit=650%2C408&ssl=1\"},\"articleSection\":\"Altos de Chavon @es\",\"author\":[{\"@type\":\"Person\",\"name\":\"FB_515917546\"}],\"creator\":[\"FB_515917546\"],\"publisher\":{\"@type\":\"Organization\",\"name\":\"Casa de Campo Living\",\"logo\":\"https:\\\/\\\/casadecampoliving.com\\\/wp-content\\\/uploads\\\/2022\\\/07\\\/CDCLivingLogo_V1-white-sized.png\"},\"keywords\":[\"altos de chavon\",\"haiti\",\"julio iglesias\",\"oscar de la renta\",\"republica dominicana\"],\"dateCreated\":\"2013-01-03T04:00:00Z\",\"datePublished\":\"2013-01-03T04:00:00Z\",\"dateModified\":\"2022-10-21T22:48:49Z\"}<\/script>","tracker_url":"https:\/\/cdn.parsely.com\/keys\/casadecampoliving.com\/p.js"},"jetpack_publicize_connections":[],"jetpack_featured_media_url":"https:\/\/i0.wp.com\/casadecampoliving.com\/wp-content\/uploads\/2022\/10\/julio_iglesias-3.jpg?fit=650%2C408&ssl=1","jetpack-related-posts":[{"id":433460,"url":"https:\/\/casadecampoliving.com\/es\/no-se-pierdan-el-increible-tributo-a-frank-sinatra-para-celebrar-el-40-aniversario-del-anfiteatro-altos-de-chavon\/","url_meta":{"origin":340428,"position":0},"title":"No se pierdan el incre\u00edble tributo a Frank Sinatra para celebrar el 40 aniversario del\u00a0Anfiteatro Altos de Chav\u00f3n","author":"Casa de Campo Living","date":"20 Oct, 2022","format":false,"excerpt":"Siendo uno de los escenarios m\u00e1s emblem\u00e1ticos del pa\u00eds, Casa de Campo Resort\u00ae & Villas celebra las cuatro d\u00e9cadas de aniversario de Altos de Chav\u00f3n con un tributo al gran Frank Sinatra, protagonizado por artistas invitados y una big band tal cual la que acompa\u00f1\u00f3 al artista hace 40 a\u00f1os\u2026","rel":"","context":"En \u00abUncategorized @es\u00bb","block_context":{"text":"Uncategorized @es","link":"https:\/\/casadecampoliving.com\/es\/category\/uncategorized-es\/"},"img":{"alt_text":"","src":"https:\/\/i0.wp.com\/casadecampoliving.com\/wp-content\/uploads\/2022\/10\/Tributo-Frank-Sinatra-Foto-Principal-Amaury-Sanchez-Danilo-Ginebra-Andres-Pichardo-y-Jose-Gabriel-Perez-.jpg?fit=1200%2C873&ssl=1&resize=350%2C200","width":350,"height":200,"srcset":"https:\/\/i0.wp.com\/casadecampoliving.com\/wp-content\/uploads\/2022\/10\/Tributo-Frank-Sinatra-Foto-Principal-Amaury-Sanchez-Danilo-Ginebra-Andres-Pichardo-y-Jose-Gabriel-Perez-.jpg?fit=1200%2C873&ssl=1&resize=350%2C200 1x, https:\/\/i0.wp.com\/casadecampoliving.com\/wp-content\/uploads\/2022\/10\/Tributo-Frank-Sinatra-Foto-Principal-Amaury-Sanchez-Danilo-Ginebra-Andres-Pichardo-y-Jose-Gabriel-Perez-.jpg?fit=1200%2C873&ssl=1&resize=525%2C300 1.5x, https:\/\/i0.wp.com\/casadecampoliving.com\/wp-content\/uploads\/2022\/10\/Tributo-Frank-Sinatra-Foto-Principal-Amaury-Sanchez-Danilo-Ginebra-Andres-Pichardo-y-Jose-Gabriel-Perez-.jpg?fit=1200%2C873&ssl=1&resize=700%2C400 2x, https:\/\/i0.wp.com\/casadecampoliving.com\/wp-content\/uploads\/2022\/10\/Tributo-Frank-Sinatra-Foto-Principal-Amaury-Sanchez-Danilo-Ginebra-Andres-Pichardo-y-Jose-Gabriel-Perez-.jpg?fit=1200%2C873&ssl=1&resize=1050%2C600 3x"},"classes":[]},{"id":321943,"url":"https:\/\/casadecampoliving.com\/uniting-the-dominican-republic-and-haiti-a-night-with-julio-iglesias-president-michel-martelly-in-altos-de-chavon\/","url_meta":{"origin":340428,"position":1},"title":"Uniting the Dominican Republic and Haiti &#8211; a night with Julio Iglesias &#038; President Michel Martelly in Altos de Chav\u00f3n","author":"Rebecca Silvestri","date":"3 Ene, 2013","format":false,"excerpt":"Last Friday night, December the 28th 2012, well over 5,000 Julio Iglesias fans packed into the Altos de Chav\u00f3n amphitheater here in Casa de Campo for a magical night with the internationally famous Spanish singer \u2013 and were treated to an incredible duet between Iglesias and the President of Haiti,\u2026","rel":"","context":"En \u00abAltos de Chavon\u00bb","block_context":{"text":"Altos de Chavon","link":"https:\/\/casadecampoliving.com\/category\/altos-de-chavon\/"},"img":{"alt_text":"julio iglesias","src":"https:\/\/i0.wp.com\/casadecampoliving.com\/wp-content\/uploads\/2022\/10\/julio_iglesias-3.jpg?fit=650%2C408&ssl=1&resize=350%2C200","width":350,"height":200,"srcset":"https:\/\/i0.wp.com\/casadecampoliving.com\/wp-content\/uploads\/2022\/10\/julio_iglesias-3.jpg?fit=650%2C408&ssl=1&resize=350%2C200 1x, https:\/\/i0.wp.com\/casadecampoliving.com\/wp-content\/uploads\/2022\/10\/julio_iglesias-3.jpg?fit=650%2C408&ssl=1&resize=525%2C300 1.5x"},"classes":[]},{"id":340438,"url":"https:\/\/casadecampoliving.com\/es\/63523\/","url_meta":{"origin":340428,"position":2},"title":"Felices Fiestas! Buenos tiempos durante \u00abLa Temporada\u00bb en Casa de Campo!","author":"Rebecca Silvestri","date":"5 Ene, 2013","format":false,"excerpt":"\u00a1Feliz A\u00f1o Nuevo! Desde la inauguraci\u00f3n oficial de la Navidad en Altos de Chav\u00f3n el s\u00e1bado 8 de diciembre, hasta la cumbre de las celebraciones \u2013 el A\u00f1o Nuevo, esta \u201ctemporada alta\u201d en Casa de Campo ha sido en todas las cuentas excepcionales. A\u00fan recuper\u00e1ndose de toda la emoci\u00f3n y\u2026","rel":"","context":"En \u00abAltos de Chavon @es\u00bb","block_context":{"text":"Altos de Chavon @es","link":"https:\/\/casadecampoliving.com\/category\/altos-de-chavon-es\/"},"img":{"alt_text":"","src":"https:\/\/i0.wp.com\/casadecampoliving.com\/wp-content\/uploads\/2022\/10\/palmillaso.jpg?fit=1000%2C494&ssl=1&resize=350%2C200","width":350,"height":200,"srcset":"https:\/\/i0.wp.com\/casadecampoliving.com\/wp-content\/uploads\/2022\/10\/palmillaso.jpg?fit=1000%2C494&ssl=1&resize=350%2C200 1x, https:\/\/i0.wp.com\/casadecampoliving.com\/wp-content\/uploads\/2022\/10\/palmillaso.jpg?fit=1000%2C494&ssl=1&resize=525%2C300 1.5x, https:\/\/i0.wp.com\/casadecampoliving.com\/wp-content\/uploads\/2022\/10\/palmillaso.jpg?fit=1000%2C494&ssl=1&resize=700%2C400 2x"},"classes":[]},{"id":339717,"url":"https:\/\/casadecampoliving.com\/es\/confirmado-julio-iglesias-ofrecera-concierto-en-altos-de-chavon-el-28-de-diciembre\/","url_meta":{"origin":340428,"position":3},"title":"CONFIRMADO: Julio Iglesias ofrecer\u00e1 concierto en Altos de Chavon el 28 de diciembre!","author":"","date":"8 Sep, 2012","format":false,"excerpt":"Excelentes noticias para todos los amantes de la m\u00fasica latina! Recientemente ha sido confirmado que el famoso cantante espa\u00f1ol, Julio Iglesias, se estar\u00e1 presentando en el Anfiteatro Altos de Chav\u00f3n el pr\u00f3ximo 28 de diciembre \u2013 sin duda una fabulosa manera de celebrar la Navidad y A\u00f1o Nuevo en Casa\u2026","rel":"","context":"En \u00abAltos de Chavon @es\u00bb","block_context":{"text":"Altos de Chavon @es","link":"https:\/\/casadecampoliving.com\/category\/altos-de-chavon-es\/"},"img":{"alt_text":"julio iglesias","src":"https:\/\/i0.wp.com\/casadecampoliving.com\/wp-content\/uploads\/2022\/10\/julio_iglesias_altos_de_chavon-1.jpg?fit=650%2C389&ssl=1&resize=350%2C200","width":350,"height":200,"srcset":"https:\/\/i0.wp.com\/casadecampoliving.com\/wp-content\/uploads\/2022\/10\/julio_iglesias_altos_de_chavon-1.jpg?fit=650%2C389&ssl=1&resize=350%2C200 1x, https:\/\/i0.wp.com\/casadecampoliving.com\/wp-content\/uploads\/2022\/10\/julio_iglesias_altos_de_chavon-1.jpg?fit=650%2C389&ssl=1&resize=525%2C300 1.5x"},"classes":[]},{"id":342842,"url":"https:\/\/casadecampoliving.com\/es\/altos-de-chavon-anuncia-los-eventos-navidenos\/","url_meta":{"origin":340428,"position":4},"title":"Altos de Chav\u00f3n anuncia los eventos navide\u00f1os","author":"Rebecca Silvestri","date":"10 Sep, 2013","format":false,"excerpt":"\u00a1Las fiestas se acercan! Altos de Chav\u00f3n ya ha anunciado su calendario provisional de eventos y actividades para la pr\u00f3xima temporada navide\u00f1a. Como es ya una alegre tradici\u00f3n, Altos de Chav\u00f3n conmemorar\u00e1 el comienzo de la estaci\u00f3n con una gran celebraci\u00f3n catalogada: \u201cLa gran apertura de la temporada navide\u00f1a\u201d, a\u2026","rel":"","context":"En \u00abAltos de Chavon @es\u00bb","block_context":{"text":"Altos de Chavon @es","link":"https:\/\/casadecampoliving.com\/category\/altos-de-chavon-es\/"},"img":{"alt_text":"Christmas in Altos de Chavon","src":"https:\/\/i0.wp.com\/casadecampoliving.com\/wp-content\/uploads\/2022\/10\/altos_de_chavon-31.jpg?fit=650%2C336&ssl=1&resize=350%2C200","width":350,"height":200,"srcset":"https:\/\/i0.wp.com\/casadecampoliving.com\/wp-content\/uploads\/2022\/10\/altos_de_chavon-31.jpg?fit=650%2C336&ssl=1&resize=350%2C200 1x, https:\/\/i0.wp.com\/casadecampoliving.com\/wp-content\/uploads\/2022\/10\/altos_de_chavon-31.jpg?fit=650%2C336&ssl=1&resize=525%2C300 1.5x"},"classes":[]},{"id":339397,"url":"https:\/\/casadecampoliving.com\/es\/alerta-de-rumor-julio-iglesias-dara-concierto-en-el-anfiteatro-de-altos-de-chavon\/","url_meta":{"origin":340428,"position":5},"title":"Alerta de rumor: Julio Iglesias dar\u00e1 concierto en el anfiteatro de Altos de Chav\u00f3n!","author":"","date":"17 Jul, 2012","format":false,"excerpt":"Fant\u00e1sticas noticias! Acabamos de escuchar el maravilloso rumor de que Julio Iglesias planea dar un concierto en el anfiteatro de Altos de Chav\u00f3n en diciembre!\u00a0 ACTUALIZACI\u00d3N: Este concierto ya ha sido CONFIRMADO! Haga click aqu\u00ed para los detalles.\u00a0 De acuerdo a los rumores, el concierto est\u00e1 pautado para el viernes\u2026","rel":"","context":"En \u00abAltos de Chavon @es\u00bb","block_context":{"text":"Altos de Chavon @es","link":"https:\/\/casadecampoliving.com\/category\/altos-de-chavon-es\/"},"img":{"alt_text":"julio iglesias","src":"https:\/\/i0.wp.com\/casadecampoliving.com\/wp-content\/uploads\/2022\/10\/julio_iglesias-5.jpg?fit=650%2C306&ssl=1&resize=350%2C200","width":350,"height":200,"srcset":"https:\/\/i0.wp.com\/casadecampoliving.com\/wp-content\/uploads\/2022\/10\/julio_iglesias-5.jpg?fit=650%2C306&ssl=1&resize=350%2C200 1x, https:\/\/i0.wp.com\/casadecampoliving.com\/wp-content\/uploads\/2022\/10\/julio_iglesias-5.jpg?fit=650%2C306&ssl=1&resize=525%2C300 1.5x"},"classes":[]}],"jetpack_sharing_enabled":true,"_links":{"self":[{"href":"https:\/\/casadecampoliving.com\/es\/wp-json\/wp\/v2\/posts\/340428","targetHints":{"allow":["GET"]}}],"collection":[{"href":"https:\/\/casadecampoliving.com\/es\/wp-json\/wp\/v2\/posts"}],"about":[{"href":"https:\/\/casadecampoliving.com\/es\/wp-json\/wp\/v2\/types\/post"}],"author":[{"embeddable":true,"href":"https:\/\/casadecampoliving.com\/es\/wp-json\/wp\/v2\/users\/21"}],"replies":[{"embeddable":true,"href":"https:\/\/casadecampoliving.com\/es\/wp-json\/wp\/v2\/comments?post=340428"}],"version-history":[{"count":1,"href":"https:\/\/casadecampoliving.com\/es\/wp-json\/wp\/v2\/posts\/340428\/revisions"}],"predecessor-version":[{"id":340429,"href":"https:\/\/casadecampoliving.com\/es\/wp-json\/wp\/v2\/posts\/340428\/revisions\/340429"}],"wp:featuredmedia":[{"embeddable":true,"href":"https:\/\/casadecampoliving.com\/es\/wp-json\/wp\/v2\/media\/249885"}],"wp:attachment":[{"href":"https:\/\/casadecampoliving.com\/es\/wp-json\/wp\/v2\/media?parent=340428"}],"wp:term":[{"taxonomy":"category","embeddable":true,"href":"https:\/\/casadecampoliving.com\/es\/wp-json\/wp\/v2\/categories?post=340428"},{"taxonomy":"post_tag","embeddable":true,"href":"https:\/\/casadecampoliving.com\/es\/wp-json\/wp\/v2\/tags?post=340428"},{"taxonomy":"newspack_spnsrs_tax","embeddable":true,"href":"https:\/\/casadecampoliving.com\/es\/wp-json\/wp\/v2\/newspack_spnsrs_tax?post=340428"}],"curies":[{"name":"wp","href":"https:\/\/api.w.org\/{rel}","templated":true}]}}