{"id":340412,"date":"2012-12-31T00:00:00","date_gmt":"2012-12-31T04:00:00","guid":{"rendered":"https:\/\/casadecampoliving.com\/rusticos-y-mas-2\/"},"modified":"2022-11-10T10:33:49","modified_gmt":"2022-11-10T14:33:49","slug":"rusticos-y-mas-2","status":"publish","type":"post","link":"https:\/\/casadecampoliving.com\/es\/rusticos-y-mas-2\/","title":{"rendered":"R\u00fasticos y M\u00e1s Coffee Shop &#8211; ya abierto en Altos de Chav\u00f3n!"},"content":{"rendered":"<img data-recalc-dims=\"1\" loading=\"lazy\" decoding=\"async\" class=\"aligncenter size-full wp-image-63278\" src=\"https:\/\/i0.wp.com\/casadecampoliving.com\/wp-content\/uploads\/2022\/10\/rusticos_y_mas-4.jpg?resize=650%2C430&#038;ssl=1\" alt=\"rusticos y mas\" width=\"650\" height=\"430\" \/>R\u00fasticos y M\u00e1s, dise\u00f1adores y creadores de muebles r\u00fasticos a la medida \u00a1acaba de abrir una nueva sala de exposici\u00f3n, taller y \u00abcoffee shop\u00bb en Altos de Chav\u00f3n!<!--more-->\n\n<img data-recalc-dims=\"1\" loading=\"lazy\" decoding=\"async\" class=\"alignright size-full wp-image-63281\" style=\"margin-left: 15px; margin-right: 15px;\" src=\"https:\/\/i0.wp.com\/casadecampoliving.com\/wp-content\/uploads\/2022\/10\/rusticos_y_mas1.jpg?resize=230%2C310&#038;ssl=1\" alt=\"rusticos y mas\" width=\"230\" height=\"310\" \/>\n\nLocalizado en el viejo\u00a0\u00abCaf\u00e9 L&#8217;Affaire\u00bb, a un lado del museo Regional Arqueol\u00f3gico de Altos de Chav\u00f3n, el nuevo R\u00fasticos y M\u00e1s no es solamente inmenso, sino que tambi\u00e9n es una muestra impresionante de todo lo que esta joven y creativa compa\u00f1ia tiene que ofrecer a la comunidad de Casa de Campo. Repleto de sus mejores dise\u00f1os de madera; mesas, sillas, marcos de ventanas, puertas, muebles de sal\u00f3n y m\u00e1s &#8211; esta nueva locaci\u00f3n te tendr\u00e1 redise\u00f1ando tu villa de Casa de Campo mientras tomas un sorbo de una sabrosa taza de caf\u00e9 Santo Domingo.\n\nEl nuevo \u00abCoffee Shop\u00bb de R\u00fastico y M\u00e1s le invita a disfrutar de una taza de caf\u00e9, frapuccino, sandwich, picadera y deliciosos postres, mientras te relajas y ves el mundo pasar en hermosa comunidad art\u00edstica de Altos de Chav\u00f3n.\u00a0Sin embargo, estando literalmente reci\u00e9n abierta algunos de estos art\u00edculos aun no est\u00e1n disponibles (picaderas y frapuccinos) &#8211; \u00a0\u00a1pero esta el caf\u00e9, refrescos y la m\u00e1s deliciosa y tentadora selecci\u00f3n de postres de la panader\u00eda favorita en la Romana &#8211; Crema!\n\nEn adici\u00f3n al \u00abCoffe eShop\u00bb (que es parte de \u00a0la exposici\u00f3n) &#8211; R\u00fastico y M\u00e1s pronto estar\u00e1 abriendo un taller de trabajo b\u00e1sico en la parte trasera de este espacio &#8211; donde los visitantes podr\u00e1n ver a los artesanos de la compa\u00f1\u00eda trabajar en los muebles.\n\n<strong>\u00a1Esperamos verles all\u00ed pronto!<\/strong>\n\n<strong>\n<figure class=\"wp-block-gallery has-nested-images columns-default is-cropped wp-block-gallery-1 is-layout-flex wp-block-gallery-is-layout-flex\">\n<figure class=\"wp-block-image size-large\"><img data-recalc-dims=\"1\" loading=\"lazy\" decoding=\"async\" width=\"800\" height=\"600\" data-id=\"490123\" src=\"https:\/\/i0.wp.com\/casadecampoliving.com\/wp-content\/uploads\/2022\/10\/img_7649-1.jpg?resize=800%2C600&#038;ssl=1\" alt=\"\" class=\"wp-image-490123\" srcset=\"https:\/\/i0.wp.com\/casadecampoliving.com\/wp-content\/uploads\/2022\/10\/img_7649-1.jpg?w=800&amp;ssl=1 800w, https:\/\/i0.wp.com\/casadecampoliving.com\/wp-content\/uploads\/2022\/10\/img_7649-1.jpg?resize=300%2C225&amp;ssl=1 300w, https:\/\/i0.wp.com\/casadecampoliving.com\/wp-content\/uploads\/2022\/10\/img_7649-1.jpg?resize=768%2C576&amp;ssl=1 768w, https:\/\/i0.wp.com\/casadecampoliving.com\/wp-content\/uploads\/2022\/10\/img_7649-1.jpg?resize=400%2C300&amp;ssl=1 400w, https:\/\/i0.wp.com\/casadecampoliving.com\/wp-content\/uploads\/2022\/10\/img_7649-1.jpg?resize=200%2C150&amp;ssl=1 200w, https:\/\/i0.wp.com\/casadecampoliving.com\/wp-content\/uploads\/2022\/10\/img_7649-1.jpg?resize=706%2C530&amp;ssl=1 706w, https:\/\/i0.wp.com\/casadecampoliving.com\/wp-content\/uploads\/2022\/10\/img_7649-1.jpg?resize=150%2C113&amp;ssl=1 150w, https:\/\/i0.wp.com\/casadecampoliving.com\/wp-content\/uploads\/2022\/10\/img_7649-1.jpg?w=370&amp;ssl=1 370w\" sizes=\"auto, (max-width: 800px) 100vw, 800px\" \/><\/figure>\n\n\n\n<figure class=\"wp-block-image size-large\"><img data-recalc-dims=\"1\" loading=\"lazy\" decoding=\"async\" width=\"800\" height=\"600\" data-id=\"490127\" src=\"https:\/\/i0.wp.com\/casadecampoliving.com\/wp-content\/uploads\/2022\/10\/img_7655.jpg?resize=800%2C600&#038;ssl=1\" alt=\"\" class=\"wp-image-490127\" srcset=\"https:\/\/i0.wp.com\/casadecampoliving.com\/wp-content\/uploads\/2022\/10\/img_7655.jpg?w=800&amp;ssl=1 800w, https:\/\/i0.wp.com\/casadecampoliving.com\/wp-content\/uploads\/2022\/10\/img_7655.jpg?resize=300%2C225&amp;ssl=1 300w, https:\/\/i0.wp.com\/casadecampoliving.com\/wp-content\/uploads\/2022\/10\/img_7655.jpg?resize=768%2C576&amp;ssl=1 768w, https:\/\/i0.wp.com\/casadecampoliving.com\/wp-content\/uploads\/2022\/10\/img_7655.jpg?resize=400%2C300&amp;ssl=1 400w, https:\/\/i0.wp.com\/casadecampoliving.com\/wp-content\/uploads\/2022\/10\/img_7655.jpg?resize=200%2C150&amp;ssl=1 200w, https:\/\/i0.wp.com\/casadecampoliving.com\/wp-content\/uploads\/2022\/10\/img_7655.jpg?resize=706%2C530&amp;ssl=1 706w, https:\/\/i0.wp.com\/casadecampoliving.com\/wp-content\/uploads\/2022\/10\/img_7655.jpg?resize=150%2C113&amp;ssl=1 150w, https:\/\/i0.wp.com\/casadecampoliving.com\/wp-content\/uploads\/2022\/10\/img_7655.jpg?w=370&amp;ssl=1 370w\" sizes=\"auto, (max-width: 800px) 100vw, 800px\" \/><\/figure>\n\n\n\n<figure class=\"wp-block-image size-large\"><img data-recalc-dims=\"1\" loading=\"lazy\" decoding=\"async\" width=\"800\" height=\"600\" data-id=\"490131\" src=\"https:\/\/i0.wp.com\/casadecampoliving.com\/wp-content\/uploads\/2022\/10\/img_7664-1.jpg?resize=800%2C600&#038;ssl=1\" alt=\"\" class=\"wp-image-490131\" srcset=\"https:\/\/i0.wp.com\/casadecampoliving.com\/wp-content\/uploads\/2022\/10\/img_7664-1.jpg?w=800&amp;ssl=1 800w, https:\/\/i0.wp.com\/casadecampoliving.com\/wp-content\/uploads\/2022\/10\/img_7664-1.jpg?resize=300%2C225&amp;ssl=1 300w, https:\/\/i0.wp.com\/casadecampoliving.com\/wp-content\/uploads\/2022\/10\/img_7664-1.jpg?resize=768%2C576&amp;ssl=1 768w, https:\/\/i0.wp.com\/casadecampoliving.com\/wp-content\/uploads\/2022\/10\/img_7664-1.jpg?resize=400%2C300&amp;ssl=1 400w, https:\/\/i0.wp.com\/casadecampoliving.com\/wp-content\/uploads\/2022\/10\/img_7664-1.jpg?resize=200%2C150&amp;ssl=1 200w, https:\/\/i0.wp.com\/casadecampoliving.com\/wp-content\/uploads\/2022\/10\/img_7664-1.jpg?resize=706%2C530&amp;ssl=1 706w, https:\/\/i0.wp.com\/casadecampoliving.com\/wp-content\/uploads\/2022\/10\/img_7664-1.jpg?resize=150%2C113&amp;ssl=1 150w, https:\/\/i0.wp.com\/casadecampoliving.com\/wp-content\/uploads\/2022\/10\/img_7664-1.jpg?w=370&amp;ssl=1 370w\" sizes=\"auto, (max-width: 800px) 100vw, 800px\" \/><\/figure>\n\n\n\n<figure class=\"wp-block-image size-large\"><img data-recalc-dims=\"1\" loading=\"lazy\" decoding=\"async\" width=\"450\" height=\"600\" data-id=\"490135\" src=\"https:\/\/i0.wp.com\/casadecampoliving.com\/wp-content\/uploads\/2022\/10\/img_7666.jpg?resize=450%2C600&#038;ssl=1\" alt=\"\" class=\"wp-image-490135\" srcset=\"https:\/\/i0.wp.com\/casadecampoliving.com\/wp-content\/uploads\/2022\/10\/img_7666.jpg?w=450&amp;ssl=1 450w, https:\/\/i0.wp.com\/casadecampoliving.com\/wp-content\/uploads\/2022\/10\/img_7666.jpg?resize=225%2C300&amp;ssl=1 225w, https:\/\/i0.wp.com\/casadecampoliving.com\/wp-content\/uploads\/2022\/10\/img_7666.jpg?resize=300%2C400&amp;ssl=1 300w, https:\/\/i0.wp.com\/casadecampoliving.com\/wp-content\/uploads\/2022\/10\/img_7666.jpg?resize=150%2C200&amp;ssl=1 150w, https:\/\/i0.wp.com\/casadecampoliving.com\/wp-content\/uploads\/2022\/10\/img_7666.jpg?resize=400%2C533&amp;ssl=1 400w, https:\/\/i0.wp.com\/casadecampoliving.com\/wp-content\/uploads\/2022\/10\/img_7666.jpg?w=370&amp;ssl=1 370w\" sizes=\"auto, (max-width: 450px) 100vw, 450px\" \/><\/figure>\n\n\n\n<figure class=\"wp-block-image size-large\"><img data-recalc-dims=\"1\" loading=\"lazy\" decoding=\"async\" width=\"450\" height=\"600\" data-id=\"490139\" src=\"https:\/\/i0.wp.com\/casadecampoliving.com\/wp-content\/uploads\/2022\/10\/img_7669.jpg?resize=450%2C600&#038;ssl=1\" alt=\"\" class=\"wp-image-490139\" srcset=\"https:\/\/i0.wp.com\/casadecampoliving.com\/wp-content\/uploads\/2022\/10\/img_7669.jpg?w=450&amp;ssl=1 450w, https:\/\/i0.wp.com\/casadecampoliving.com\/wp-content\/uploads\/2022\/10\/img_7669.jpg?resize=225%2C300&amp;ssl=1 225w, https:\/\/i0.wp.com\/casadecampoliving.com\/wp-content\/uploads\/2022\/10\/img_7669.jpg?resize=300%2C400&amp;ssl=1 300w, https:\/\/i0.wp.com\/casadecampoliving.com\/wp-content\/uploads\/2022\/10\/img_7669.jpg?resize=150%2C200&amp;ssl=1 150w, https:\/\/i0.wp.com\/casadecampoliving.com\/wp-content\/uploads\/2022\/10\/img_7669.jpg?resize=400%2C533&amp;ssl=1 400w, https:\/\/i0.wp.com\/casadecampoliving.com\/wp-content\/uploads\/2022\/10\/img_7669.jpg?w=370&amp;ssl=1 370w\" sizes=\"auto, (max-width: 450px) 100vw, 450px\" \/><\/figure>\n<\/figure>\n<\/strong>\n<blockquote><strong>R\u00fasticos y M\u00e1s \u00abCoffee Shop\u00bb &amp; \u00a0Sala de exposici\u00f3n<\/strong>\n\n<strong>Horario:<\/strong> 8am &#8211; 6pm (ser\u00e1 extendido pronto)\n\n<strong>Donde:<\/strong> Altos de Chav\u00f3n, detr\u00e1s de la iglesia San Estanislao \u00a0y \u00a0a un lado de el museo Arqueol\u00f3gico Regional de Altos de Chav\u00f3n.<\/blockquote>\n<blockquote><strong>Sobre R\u00fasticos &amp; M\u00e1s<\/strong>\n\n<img data-recalc-dims=\"1\" loading=\"lazy\" decoding=\"async\" class=\"alignright  wp-image-45239\" style=\"margin-left: 15px; margin-right: 15px;\" src=\"https:\/\/i0.wp.com\/casadecampoliving.com\/wp-content\/uploads\/2022\/10\/rusticos_y_mas_muebles3-2.jpg?resize=160%2C244&#038;ssl=1\" alt=\"rusticos y mas muebles\" width=\"160\" height=\"244\" \/>Fundada en noviembre del 2010, esta es una empresa dedicada a la fabricaci\u00f3n de muebles r\u00fasticos originales. Gracias a la orientaci\u00f3n profesional de expertos dise\u00f1adores y arquitectos, no s\u00f3lo fabrican muebles, tambi\u00e9n ofrecen servicios de decoraci\u00f3n de villas, oficinas, empresas y asesor\u00eda en decoraci\u00f3n de interiores, haciendo de su espacio el mejor ambiente.\n\nFijos en su intenci\u00f3n\u00a0de preservar el medioambiente, desarrollan un concepto innovador en el mercado, firmes en la\u00a0realizaci\u00f3n\u00a0de sus objetivos y clara visi\u00f3n.\n\n<strong>Locaciones:<\/strong>\n<p style=\"padding-left: 30px;\">\u2022 Altos de Chav\u00f3n\n\u2022 Calle 4ta. Esq. Rev Emilio Herrera, Villa Espa\u00f1a, La Romana\n<strong><em>\u2022 <\/em><\/strong>Coconut Mall, La Marina Casa de Campo!<\/p>\n809.550.8436\n<a href=\"http:\/\/www.rusticosymas.net\">www.rusticosymas.net<\/a><\/blockquote>","protected":false},"excerpt":{"rendered":"<p>R\u00fasticos y M\u00e1s, dise\u00f1adores y creadores de muebles r\u00fasticos a la medida \u00a1acaba de abrir una nueva sala de exposici\u00f3n, taller y \u00abcoffee shop\u00bb en Altos de Chav\u00f3n!<\/p>\n","protected":false},"author":388,"featured_media":249228,"comment_status":"closed","ping_status":"closed","sticky":false,"template":"","format":"standard","meta":{"newspack_ads_suppress_ads":false,"newspack_popups_has_disabled_popups":false,"newspack_sponsor_sponsorship_scope":"","newspack_sponsor_native_byline_display":"inherit","newspack_sponsor_native_category_display":"inherit","newspack_sponsor_underwriter_style":"inherit","newspack_sponsor_underwriter_placement":"inherit","_newspack_byline_active":false,"_newspack_byline":"","newspack_hide_updated_date":false,"newspack_show_updated_date":false,"newspack_content_restriction_is_exempt":false,"newspack_featured_image_position":"","newspack_post_subtitle":"","newspack_article_summary_title":"Overview:","newspack_article_summary":"","_jetpack_memberships_contains_paid_content":false,"footnotes":"","jetpack_publicize_message":"","jetpack_publicize_feature_enabled":true,"jetpack_social_post_already_shared":false,"jetpack_social_options":{"image_generator_settings":{"template":"highway","default_image_id":0,"font":"","enabled":false},"version":2},"_wpas_customize_per_network":false},"categories":[26819,26823,2524,14631,14625,2530],"tags":[15387,2545,2721,2419,2420,5791],"newspack_spnsrs_tax":[],"class_list":["post-340412","post","type-post","status-publish","format-standard","has-post-thumbnail","hentry","category-altos-de-chavon-es","category-arte-y-cultura","category-destacados","category-estilo-de-vida","category-noticias-locales","category-compras-es","tag-altos-de-chavon-es","tag-anfiteatro-de-altos-de-chavon","tag-compras","tag-muebles","tag-rusticos-y-mas","tag-taller","entry"],"yoast_head":"<!-- This site is optimized with the Yoast SEO plugin v27.4 - https:\/\/yoast.com\/product\/yoast-seo-wordpress\/ -->\n<title>R\u00fasticos y M\u00e1s Coffee Shop - ya abierto en Altos de Chav\u00f3n! | Casa de Campo Living<\/title>\n<meta name=\"description\" content=\"R\u00fasticos y M\u00e1s, dise\u00f1adores y creadores de muebles r\u00fasticos a la medida \u00a1acaba de abrir una nueva sala de exposici\u00f3n, taller y &quot;coffee shop&quot; en Altos de\" \/>\n<meta name=\"robots\" content=\"index, follow, max-snippet:-1, max-image-preview:large, max-video-preview:-1\" \/>\n<link rel=\"canonical\" href=\"https:\/\/casadecampoliving.com\/es\/rusticos-y-mas-2\/\" \/>\n<meta property=\"og:locale\" content=\"es_ES\" \/>\n<meta property=\"og:type\" content=\"article\" \/>\n<meta property=\"og:title\" content=\"R\u00fasticos y M\u00e1s Coffee Shop - ya abierto en Altos de Chav\u00f3n! | Casa de Campo Living\" \/>\n<meta property=\"og:description\" content=\"R\u00fasticos y M\u00e1s, dise\u00f1adores y creadores de muebles r\u00fasticos a la medida \u00a1acaba de abrir una nueva sala de exposici\u00f3n, taller y &quot;coffee shop&quot; en Altos de\" \/>\n<meta property=\"og:url\" content=\"https:\/\/casadecampoliving.com\/es\/rusticos-y-mas-2\/\" \/>\n<meta property=\"og:site_name\" content=\"Casa de Campo Living\" \/>\n<meta property=\"article:publisher\" content=\"https:\/\/www.facebook.com\/casadecampoliving\" \/>\n<meta property=\"article:published_time\" content=\"2012-12-31T04:00:00+00:00\" \/>\n<meta property=\"article:modified_time\" content=\"2022-11-10T14:33:49+00:00\" \/>\n<meta property=\"og:image\" content=\"https:\/\/i0.wp.com\/casadecampoliving.com\/wp-content\/uploads\/2022\/10\/rusticos_y_mas-5.jpg?fit=650%2C430&ssl=1\" \/>\n\t<meta property=\"og:image:width\" content=\"650\" \/>\n\t<meta property=\"og:image:height\" content=\"430\" \/>\n\t<meta property=\"og:image:type\" content=\"image\/jpeg\" \/>\n<meta name=\"author\" content=\"lperdomo\" \/>\n<meta name=\"twitter:card\" content=\"summary_large_image\" \/>\n<meta name=\"twitter:creator\" content=\"@cdcliving\" \/>\n<meta name=\"twitter:site\" content=\"@cdcliving\" \/>\n<meta name=\"twitter:label1\" content=\"Escrito por\" \/>\n\t<meta name=\"twitter:data1\" content=\"lperdomo\" \/>\n\t<meta name=\"twitter:label2\" content=\"Tiempo de lectura\" \/>\n\t<meta name=\"twitter:data2\" content=\"2 minutos\" \/>\n<script type=\"application\/ld+json\" class=\"yoast-schema-graph\">{\"@context\":\"https:\\\/\\\/schema.org\",\"@graph\":[{\"@type\":\"Article\",\"@id\":\"https:\\\/\\\/casadecampoliving.com\\\/es\\\/rusticos-y-mas-2\\\/#article\",\"isPartOf\":{\"@id\":\"https:\\\/\\\/casadecampoliving.com\\\/es\\\/rusticos-y-mas-2\\\/\"},\"author\":{\"name\":\"lperdomo\",\"@id\":\"https:\\\/\\\/casadecampoliving.com\\\/es\\\/#\\\/schema\\\/person\\\/4505bf6f082fd862dd65dffed828158b\"},\"headline\":\"R\u00fasticos y M\u00e1s Coffee Shop &#8211; ya abierto en Altos de Chav\u00f3n!\",\"datePublished\":\"2012-12-31T04:00:00+00:00\",\"dateModified\":\"2022-11-10T14:33:49+00:00\",\"mainEntityOfPage\":{\"@id\":\"https:\\\/\\\/casadecampoliving.com\\\/es\\\/rusticos-y-mas-2\\\/\"},\"wordCount\":470,\"publisher\":{\"@id\":\"https:\\\/\\\/casadecampoliving.com\\\/es\\\/#organization\"},\"image\":{\"@id\":\"https:\\\/\\\/casadecampoliving.com\\\/es\\\/rusticos-y-mas-2\\\/#primaryimage\"},\"thumbnailUrl\":\"https:\\\/\\\/i0.wp.com\\\/casadecampoliving.com\\\/wp-content\\\/uploads\\\/2022\\\/10\\\/rusticos_y_mas-5.jpg?fit=650%2C430&ssl=1\",\"keywords\":[\"Altos de Chavon\",\"anfiteatro de altos de chavon\",\"compras\",\"muebles\",\"rusticos y mas\",\"taller\"],\"articleSection\":[\"Altos de Chavon @es\",\"Arte y cultura\",\"Destacados\",\"Estilo de Vida\",\"Noticias Locales\",\"Compras\"],\"inLanguage\":\"es\"},{\"@type\":\"WebPage\",\"@id\":\"https:\\\/\\\/casadecampoliving.com\\\/es\\\/rusticos-y-mas-2\\\/\",\"url\":\"https:\\\/\\\/casadecampoliving.com\\\/es\\\/rusticos-y-mas-2\\\/\",\"name\":\"R\u00fasticos y M\u00e1s Coffee Shop - ya abierto en Altos de Chav\u00f3n! | Casa de Campo Living\",\"isPartOf\":{\"@id\":\"https:\\\/\\\/casadecampoliving.com\\\/es\\\/#website\"},\"primaryImageOfPage\":{\"@id\":\"https:\\\/\\\/casadecampoliving.com\\\/es\\\/rusticos-y-mas-2\\\/#primaryimage\"},\"image\":{\"@id\":\"https:\\\/\\\/casadecampoliving.com\\\/es\\\/rusticos-y-mas-2\\\/#primaryimage\"},\"thumbnailUrl\":\"https:\\\/\\\/i0.wp.com\\\/casadecampoliving.com\\\/wp-content\\\/uploads\\\/2022\\\/10\\\/rusticos_y_mas-5.jpg?fit=650%2C430&ssl=1\",\"datePublished\":\"2012-12-31T04:00:00+00:00\",\"dateModified\":\"2022-11-10T14:33:49+00:00\",\"description\":\"R\u00fasticos y M\u00e1s, dise\u00f1adores y creadores de muebles r\u00fasticos a la medida \u00a1acaba de abrir una nueva sala de exposici\u00f3n, taller y \\\"coffee shop\\\" en Altos de\",\"breadcrumb\":{\"@id\":\"https:\\\/\\\/casadecampoliving.com\\\/es\\\/rusticos-y-mas-2\\\/#breadcrumb\"},\"inLanguage\":\"es\",\"potentialAction\":[{\"@type\":\"ReadAction\",\"target\":[\"https:\\\/\\\/casadecampoliving.com\\\/es\\\/rusticos-y-mas-2\\\/\"]}]},{\"@type\":\"ImageObject\",\"inLanguage\":\"es\",\"@id\":\"https:\\\/\\\/casadecampoliving.com\\\/es\\\/rusticos-y-mas-2\\\/#primaryimage\",\"url\":\"https:\\\/\\\/i0.wp.com\\\/casadecampoliving.com\\\/wp-content\\\/uploads\\\/2022\\\/10\\\/rusticos_y_mas-5.jpg?fit=650%2C430&ssl=1\",\"contentUrl\":\"https:\\\/\\\/i0.wp.com\\\/casadecampoliving.com\\\/wp-content\\\/uploads\\\/2022\\\/10\\\/rusticos_y_mas-5.jpg?fit=650%2C430&ssl=1\",\"width\":650,\"height\":430,\"caption\":\"rusticos y mas\"},{\"@type\":\"BreadcrumbList\",\"@id\":\"https:\\\/\\\/casadecampoliving.com\\\/es\\\/rusticos-y-mas-2\\\/#breadcrumb\",\"itemListElement\":[{\"@type\":\"ListItem\",\"position\":1,\"name\":\"Home\",\"item\":\"https:\\\/\\\/casadecampoliving.com\\\/es\\\/\"},{\"@type\":\"ListItem\",\"position\":2,\"name\":\"R\u00fasticos y M\u00e1s Coffee Shop &#8211; ya abierto en Altos de Chav\u00f3n!\"}]},{\"@type\":\"WebSite\",\"@id\":\"https:\\\/\\\/casadecampoliving.com\\\/es\\\/#website\",\"url\":\"https:\\\/\\\/casadecampoliving.com\\\/es\\\/\",\"name\":\"Casa de Campo Living\",\"description\":\"Resort community news and resources.\",\"publisher\":{\"@id\":\"https:\\\/\\\/casadecampoliving.com\\\/es\\\/#organization\"},\"potentialAction\":[{\"@type\":\"SearchAction\",\"target\":{\"@type\":\"EntryPoint\",\"urlTemplate\":\"https:\\\/\\\/casadecampoliving.com\\\/es\\\/?s={search_term_string}\"},\"query-input\":{\"@type\":\"PropertyValueSpecification\",\"valueRequired\":true,\"valueName\":\"search_term_string\"}}],\"inLanguage\":\"es\"},{\"@type\":\"Organization\",\"@id\":\"https:\\\/\\\/casadecampoliving.com\\\/es\\\/#organization\",\"name\":\"Casa de Campo Living\",\"url\":\"https:\\\/\\\/casadecampoliving.com\\\/es\\\/\",\"logo\":{\"@type\":\"ImageObject\",\"inLanguage\":\"es\",\"@id\":\"https:\\\/\\\/casadecampoliving.com\\\/es\\\/#\\\/schema\\\/logo\\\/image\\\/\",\"url\":\"https:\\\/\\\/i0.wp.com\\\/casadecampoliving.com\\\/wp-content\\\/uploads\\\/2022\\\/07\\\/CDCLivingLogo_V1-white-sized.png?fit=800%2C214&ssl=1\",\"contentUrl\":\"https:\\\/\\\/i0.wp.com\\\/casadecampoliving.com\\\/wp-content\\\/uploads\\\/2022\\\/07\\\/CDCLivingLogo_V1-white-sized.png?fit=800%2C214&ssl=1\",\"width\":800,\"height\":214,\"caption\":\"Casa de Campo Living\"},\"image\":{\"@id\":\"https:\\\/\\\/casadecampoliving.com\\\/es\\\/#\\\/schema\\\/logo\\\/image\\\/\"},\"sameAs\":[\"https:\\\/\\\/www.facebook.com\\\/casadecampoliving\",\"https:\\\/\\\/x.com\\\/cdcliving\"]},{\"@type\":\"Person\",\"@id\":\"https:\\\/\\\/casadecampoliving.com\\\/es\\\/#\\\/schema\\\/person\\\/4505bf6f082fd862dd65dffed828158b\",\"name\":\"lperdomo\",\"image\":{\"@type\":\"ImageObject\",\"inLanguage\":\"es\",\"@id\":\"https:\\\/\\\/secure.gravatar.com\\\/avatar\\\/6f4e35901d52b8d648d82e11c9c54217bc500bbf5793d4f5e15d23fd2d5a1af4?s=96&d=mm&r=g\",\"url\":\"https:\\\/\\\/secure.gravatar.com\\\/avatar\\\/6f4e35901d52b8d648d82e11c9c54217bc500bbf5793d4f5e15d23fd2d5a1af4?s=96&d=mm&r=g\",\"contentUrl\":\"https:\\\/\\\/secure.gravatar.com\\\/avatar\\\/6f4e35901d52b8d648d82e11c9c54217bc500bbf5793d4f5e15d23fd2d5a1af4?s=96&d=mm&r=g\",\"caption\":\"lperdomo\"},\"sameAs\":[\"http:\\\/\\\/www.silgon.net\"],\"url\":\"https:\\\/\\\/casadecampoliving.com\\\/es\\\/author\\\/lperdomo\\\/\"}]}<\/script>\n<!-- \/ Yoast SEO plugin. -->","yoast_head_json":{"title":"R\u00fasticos y M\u00e1s Coffee Shop - ya abierto en Altos de Chav\u00f3n! | Casa de Campo Living","description":"R\u00fasticos y M\u00e1s, dise\u00f1adores y creadores de muebles r\u00fasticos a la medida \u00a1acaba de abrir una nueva sala de exposici\u00f3n, taller y \"coffee shop\" en Altos de","robots":{"index":"index","follow":"follow","max-snippet":"max-snippet:-1","max-image-preview":"max-image-preview:large","max-video-preview":"max-video-preview:-1"},"canonical":"https:\/\/casadecampoliving.com\/es\/rusticos-y-mas-2\/","og_locale":"es_ES","og_type":"article","og_title":"R\u00fasticos y M\u00e1s Coffee Shop - ya abierto en Altos de Chav\u00f3n! | Casa de Campo Living","og_description":"R\u00fasticos y M\u00e1s, dise\u00f1adores y creadores de muebles r\u00fasticos a la medida \u00a1acaba de abrir una nueva sala de exposici\u00f3n, taller y \"coffee shop\" en Altos de","og_url":"https:\/\/casadecampoliving.com\/es\/rusticos-y-mas-2\/","og_site_name":"Casa de Campo Living","article_publisher":"https:\/\/www.facebook.com\/casadecampoliving","article_published_time":"2012-12-31T04:00:00+00:00","article_modified_time":"2022-11-10T14:33:49+00:00","og_image":[{"width":650,"height":430,"url":"https:\/\/i0.wp.com\/casadecampoliving.com\/wp-content\/uploads\/2022\/10\/rusticos_y_mas-5.jpg?fit=650%2C430&ssl=1","type":"image\/jpeg"}],"author":"lperdomo","twitter_card":"summary_large_image","twitter_creator":"@cdcliving","twitter_site":"@cdcliving","twitter_misc":{"Escrito por":"lperdomo","Tiempo de lectura":"2 minutos"},"schema":{"@context":"https:\/\/schema.org","@graph":[{"@type":"Article","@id":"https:\/\/casadecampoliving.com\/es\/rusticos-y-mas-2\/#article","isPartOf":{"@id":"https:\/\/casadecampoliving.com\/es\/rusticos-y-mas-2\/"},"author":{"name":"lperdomo","@id":"https:\/\/casadecampoliving.com\/es\/#\/schema\/person\/4505bf6f082fd862dd65dffed828158b"},"headline":"R\u00fasticos y M\u00e1s Coffee Shop &#8211; ya abierto en Altos de Chav\u00f3n!","datePublished":"2012-12-31T04:00:00+00:00","dateModified":"2022-11-10T14:33:49+00:00","mainEntityOfPage":{"@id":"https:\/\/casadecampoliving.com\/es\/rusticos-y-mas-2\/"},"wordCount":470,"publisher":{"@id":"https:\/\/casadecampoliving.com\/es\/#organization"},"image":{"@id":"https:\/\/casadecampoliving.com\/es\/rusticos-y-mas-2\/#primaryimage"},"thumbnailUrl":"https:\/\/i0.wp.com\/casadecampoliving.com\/wp-content\/uploads\/2022\/10\/rusticos_y_mas-5.jpg?fit=650%2C430&ssl=1","keywords":["Altos de Chavon","anfiteatro de altos de chavon","compras","muebles","rusticos y mas","taller"],"articleSection":["Altos de Chavon @es","Arte y cultura","Destacados","Estilo de Vida","Noticias Locales","Compras"],"inLanguage":"es"},{"@type":"WebPage","@id":"https:\/\/casadecampoliving.com\/es\/rusticos-y-mas-2\/","url":"https:\/\/casadecampoliving.com\/es\/rusticos-y-mas-2\/","name":"R\u00fasticos y M\u00e1s Coffee Shop - ya abierto en Altos de Chav\u00f3n! | Casa de Campo Living","isPartOf":{"@id":"https:\/\/casadecampoliving.com\/es\/#website"},"primaryImageOfPage":{"@id":"https:\/\/casadecampoliving.com\/es\/rusticos-y-mas-2\/#primaryimage"},"image":{"@id":"https:\/\/casadecampoliving.com\/es\/rusticos-y-mas-2\/#primaryimage"},"thumbnailUrl":"https:\/\/i0.wp.com\/casadecampoliving.com\/wp-content\/uploads\/2022\/10\/rusticos_y_mas-5.jpg?fit=650%2C430&ssl=1","datePublished":"2012-12-31T04:00:00+00:00","dateModified":"2022-11-10T14:33:49+00:00","description":"R\u00fasticos y M\u00e1s, dise\u00f1adores y creadores de muebles r\u00fasticos a la medida \u00a1acaba de abrir una nueva sala de exposici\u00f3n, taller y \"coffee shop\" en Altos de","breadcrumb":{"@id":"https:\/\/casadecampoliving.com\/es\/rusticos-y-mas-2\/#breadcrumb"},"inLanguage":"es","potentialAction":[{"@type":"ReadAction","target":["https:\/\/casadecampoliving.com\/es\/rusticos-y-mas-2\/"]}]},{"@type":"ImageObject","inLanguage":"es","@id":"https:\/\/casadecampoliving.com\/es\/rusticos-y-mas-2\/#primaryimage","url":"https:\/\/i0.wp.com\/casadecampoliving.com\/wp-content\/uploads\/2022\/10\/rusticos_y_mas-5.jpg?fit=650%2C430&ssl=1","contentUrl":"https:\/\/i0.wp.com\/casadecampoliving.com\/wp-content\/uploads\/2022\/10\/rusticos_y_mas-5.jpg?fit=650%2C430&ssl=1","width":650,"height":430,"caption":"rusticos y mas"},{"@type":"BreadcrumbList","@id":"https:\/\/casadecampoliving.com\/es\/rusticos-y-mas-2\/#breadcrumb","itemListElement":[{"@type":"ListItem","position":1,"name":"Home","item":"https:\/\/casadecampoliving.com\/es\/"},{"@type":"ListItem","position":2,"name":"R\u00fasticos y M\u00e1s Coffee Shop &#8211; ya abierto en Altos de Chav\u00f3n!"}]},{"@type":"WebSite","@id":"https:\/\/casadecampoliving.com\/es\/#website","url":"https:\/\/casadecampoliving.com\/es\/","name":"Casa de Campo Living","description":"Resort community news and resources.","publisher":{"@id":"https:\/\/casadecampoliving.com\/es\/#organization"},"potentialAction":[{"@type":"SearchAction","target":{"@type":"EntryPoint","urlTemplate":"https:\/\/casadecampoliving.com\/es\/?s={search_term_string}"},"query-input":{"@type":"PropertyValueSpecification","valueRequired":true,"valueName":"search_term_string"}}],"inLanguage":"es"},{"@type":"Organization","@id":"https:\/\/casadecampoliving.com\/es\/#organization","name":"Casa de Campo Living","url":"https:\/\/casadecampoliving.com\/es\/","logo":{"@type":"ImageObject","inLanguage":"es","@id":"https:\/\/casadecampoliving.com\/es\/#\/schema\/logo\/image\/","url":"https:\/\/i0.wp.com\/casadecampoliving.com\/wp-content\/uploads\/2022\/07\/CDCLivingLogo_V1-white-sized.png?fit=800%2C214&ssl=1","contentUrl":"https:\/\/i0.wp.com\/casadecampoliving.com\/wp-content\/uploads\/2022\/07\/CDCLivingLogo_V1-white-sized.png?fit=800%2C214&ssl=1","width":800,"height":214,"caption":"Casa de Campo Living"},"image":{"@id":"https:\/\/casadecampoliving.com\/es\/#\/schema\/logo\/image\/"},"sameAs":["https:\/\/www.facebook.com\/casadecampoliving","https:\/\/x.com\/cdcliving"]},{"@type":"Person","@id":"https:\/\/casadecampoliving.com\/es\/#\/schema\/person\/4505bf6f082fd862dd65dffed828158b","name":"lperdomo","image":{"@type":"ImageObject","inLanguage":"es","@id":"https:\/\/secure.gravatar.com\/avatar\/6f4e35901d52b8d648d82e11c9c54217bc500bbf5793d4f5e15d23fd2d5a1af4?s=96&d=mm&r=g","url":"https:\/\/secure.gravatar.com\/avatar\/6f4e35901d52b8d648d82e11c9c54217bc500bbf5793d4f5e15d23fd2d5a1af4?s=96&d=mm&r=g","contentUrl":"https:\/\/secure.gravatar.com\/avatar\/6f4e35901d52b8d648d82e11c9c54217bc500bbf5793d4f5e15d23fd2d5a1af4?s=96&d=mm&r=g","caption":"lperdomo"},"sameAs":["http:\/\/www.silgon.net"],"url":"https:\/\/casadecampoliving.com\/es\/author\/lperdomo\/"}]}},"parsely":{"version":"1.1.0","canonical_url":"https:\/\/casadecampoliving.com\/es\/rusticos-y-mas-2\/","smart_links":{"inbound":0,"outbound":0},"traffic_boost_suggestions_count":0,"meta":{"@context":"https:\/\/schema.org","@type":"NewsArticle","headline":"R\u00fasticos y M\u00e1s Coffee Shop &#8211; ya abierto en Altos de Chav\u00f3n!","url":"http:\/\/casadecampoliving.com\/es\/rusticos-y-mas-2\/","mainEntityOfPage":{"@type":"WebPage","@id":"http:\/\/casadecampoliving.com\/es\/rusticos-y-mas-2\/"},"thumbnailUrl":"https:\/\/i0.wp.com\/casadecampoliving.com\/wp-content\/uploads\/2022\/10\/rusticos_y_mas-5.jpg?resize=150%2C150&ssl=1","image":{"@type":"ImageObject","url":"https:\/\/i0.wp.com\/casadecampoliving.com\/wp-content\/uploads\/2022\/10\/rusticos_y_mas-5.jpg?fit=650%2C430&ssl=1"},"articleSection":"Altos de Chavon @es","author":[{"@type":"Person","name":"lperdomo"}],"creator":["lperdomo"],"publisher":{"@type":"Organization","name":"Casa de Campo Living","logo":"https:\/\/casadecampoliving.com\/wp-content\/uploads\/2022\/07\/CDCLivingLogo_V1-white-sized.png"},"keywords":["altos de chavon","anfiteatro de altos de chavon","compras","muebles","rusticos y mas","taller"],"dateCreated":"2012-12-31T04:00:00Z","datePublished":"2012-12-31T04:00:00Z","dateModified":"2022-11-10T14:33:49Z"},"rendered":"<script type=\"application\/ld+json\" class=\"wp-parsely-metadata\">{\"@context\":\"https:\\\/\\\/schema.org\",\"@type\":\"NewsArticle\",\"headline\":\"R\\u00fasticos y M\\u00e1s Coffee Shop &#8211; ya abierto en Altos de Chav\\u00f3n!\",\"url\":\"http:\\\/\\\/casadecampoliving.com\\\/es\\\/rusticos-y-mas-2\\\/\",\"mainEntityOfPage\":{\"@type\":\"WebPage\",\"@id\":\"http:\\\/\\\/casadecampoliving.com\\\/es\\\/rusticos-y-mas-2\\\/\"},\"thumbnailUrl\":\"https:\\\/\\\/i0.wp.com\\\/casadecampoliving.com\\\/wp-content\\\/uploads\\\/2022\\\/10\\\/rusticos_y_mas-5.jpg?resize=150%2C150&ssl=1\",\"image\":{\"@type\":\"ImageObject\",\"url\":\"https:\\\/\\\/i0.wp.com\\\/casadecampoliving.com\\\/wp-content\\\/uploads\\\/2022\\\/10\\\/rusticos_y_mas-5.jpg?fit=650%2C430&ssl=1\"},\"articleSection\":\"Altos de Chavon @es\",\"author\":[{\"@type\":\"Person\",\"name\":\"lperdomo\"}],\"creator\":[\"lperdomo\"],\"publisher\":{\"@type\":\"Organization\",\"name\":\"Casa de Campo Living\",\"logo\":\"https:\\\/\\\/casadecampoliving.com\\\/wp-content\\\/uploads\\\/2022\\\/07\\\/CDCLivingLogo_V1-white-sized.png\"},\"keywords\":[\"altos de chavon\",\"anfiteatro de altos de chavon\",\"compras\",\"muebles\",\"rusticos y mas\",\"taller\"],\"dateCreated\":\"2012-12-31T04:00:00Z\",\"datePublished\":\"2012-12-31T04:00:00Z\",\"dateModified\":\"2022-11-10T14:33:49Z\"}<\/script>","tracker_url":"https:\/\/cdn.parsely.com\/keys\/casadecampoliving.com\/p.js"},"jetpack_publicize_connections":[],"jetpack_featured_media_url":"https:\/\/i0.wp.com\/casadecampoliving.com\/wp-content\/uploads\/2022\/10\/rusticos_y_mas-5.jpg?fit=650%2C430&ssl=1","jetpack-related-posts":[{"id":340597,"url":"https:\/\/casadecampoliving.com\/es\/un-coctel-con-rusticos-y-mas-para-celebrar-la-apertura-de-su-nueva-cafeteria-y-showroom\/","url_meta":{"origin":340412,"position":0},"title":"Un c\u00f3ctel con R\u00fasticos y M\u00e1s para celebrar la apertura de su nueva Coffee Shop y showroom","author":"","date":"8 Feb, 2013","format":false,"excerpt":"R\u00fasticos y M\u00e1s, creadores de excelentes muebles personalizados, han abierto una nueva Coffee Shop y showroom en Altos de Chav\u00f3n, apertura que celebraron con un c\u00f3ctel para sus clientes, amigos, familiares y colegas. Ubicado en el antiguo \u201cCaf\u00e9 L\u2019Affaire\u201d, al lado del Museo Arqueol\u00f3gico Regional de Altos de Chav\u00f3n, el\u2026","rel":"","context":"En \u00abAltos de Chavon @es\u00bb","block_context":{"text":"Altos de Chavon @es","link":"https:\/\/casadecampoliving.com\/category\/altos-de-chavon-es\/"},"img":{"alt_text":"dancing","src":"https:\/\/i0.wp.com\/casadecampoliving.com\/wp-content\/uploads\/2022\/10\/dancing-3.jpg?fit=650%2C379&ssl=1&resize=350%2C200","width":350,"height":200,"srcset":"https:\/\/i0.wp.com\/casadecampoliving.com\/wp-content\/uploads\/2022\/10\/dancing-3.jpg?fit=650%2C379&ssl=1&resize=350%2C200 1x, https:\/\/i0.wp.com\/casadecampoliving.com\/wp-content\/uploads\/2022\/10\/dancing-3.jpg?fit=650%2C379&ssl=1&resize=525%2C300 1.5x"},"classes":[]},{"id":339737,"url":"https:\/\/casadecampoliving.com\/es\/alerta-de-rumor-rusticos-mas-abrira-nuevo-showroom-y-taller-en-altos-de-chavon\/","url_meta":{"origin":340412,"position":1},"title":"Alerta de rumor: R\u00fasticos &#038; M\u00e1s abrir\u00e1 nuevo showroom y taller en Altos de Chav\u00f3n?","author":"","date":"13 Sep, 2012","format":false,"excerpt":"Recientemente escuchamos que la moderna empresa de muebles, R\u00fasticos & M\u00e1s, luego de lanzar recientemente su showroom en Coconut Mall de la Marina Casa de Campo, se encuentra trabajando en la apertura de un nuevo taller y showroom en la villa art\u00edstica de Altos de Chav\u00f3n \u2013 a continuaci\u00f3n todo\u2026","rel":"","context":"En \u00abAltos de Chavon @es\u00bb","block_context":{"text":"Altos de Chavon @es","link":"https:\/\/casadecampoliving.com\/category\/altos-de-chavon-es\/"},"img":{"alt_text":"altos de chavon","src":"https:\/\/i0.wp.com\/casadecampoliving.com\/wp-content\/uploads\/2022\/10\/altos_de_chavon-35.jpg?fit=650%2C444&ssl=1&resize=350%2C200","width":350,"height":200,"srcset":"https:\/\/i0.wp.com\/casadecampoliving.com\/wp-content\/uploads\/2022\/10\/altos_de_chavon-35.jpg?fit=650%2C444&ssl=1&resize=350%2C200 1x, https:\/\/i0.wp.com\/casadecampoliving.com\/wp-content\/uploads\/2022\/10\/altos_de_chavon-35.jpg?fit=650%2C444&ssl=1&resize=525%2C300 1.5x"},"classes":[]},{"id":433460,"url":"https:\/\/casadecampoliving.com\/es\/no-se-pierdan-el-increible-tributo-a-frank-sinatra-para-celebrar-el-40-aniversario-del-anfiteatro-altos-de-chavon\/","url_meta":{"origin":340412,"position":2},"title":"No se pierdan el incre\u00edble tributo a Frank Sinatra para celebrar el 40 aniversario del\u00a0Anfiteatro Altos de Chav\u00f3n","author":"Casa de Campo Living","date":"20 Oct, 2022","format":false,"excerpt":"Siendo uno de los escenarios m\u00e1s emblem\u00e1ticos del pa\u00eds, Casa de Campo Resort\u00ae & Villas celebra las cuatro d\u00e9cadas de aniversario de Altos de Chav\u00f3n con un tributo al gran Frank Sinatra, protagonizado por artistas invitados y una big band tal cual la que acompa\u00f1\u00f3 al artista hace 40 a\u00f1os\u2026","rel":"","context":"En \u00abUncategorized @es\u00bb","block_context":{"text":"Uncategorized @es","link":"https:\/\/casadecampoliving.com\/es\/category\/uncategorized-es\/"},"img":{"alt_text":"","src":"https:\/\/i0.wp.com\/casadecampoliving.com\/wp-content\/uploads\/2022\/10\/Tributo-Frank-Sinatra-Foto-Principal-Amaury-Sanchez-Danilo-Ginebra-Andres-Pichardo-y-Jose-Gabriel-Perez-.jpg?fit=1200%2C873&ssl=1&resize=350%2C200","width":350,"height":200,"srcset":"https:\/\/i0.wp.com\/casadecampoliving.com\/wp-content\/uploads\/2022\/10\/Tributo-Frank-Sinatra-Foto-Principal-Amaury-Sanchez-Danilo-Ginebra-Andres-Pichardo-y-Jose-Gabriel-Perez-.jpg?fit=1200%2C873&ssl=1&resize=350%2C200 1x, https:\/\/i0.wp.com\/casadecampoliving.com\/wp-content\/uploads\/2022\/10\/Tributo-Frank-Sinatra-Foto-Principal-Amaury-Sanchez-Danilo-Ginebra-Andres-Pichardo-y-Jose-Gabriel-Perez-.jpg?fit=1200%2C873&ssl=1&resize=525%2C300 1.5x, https:\/\/i0.wp.com\/casadecampoliving.com\/wp-content\/uploads\/2022\/10\/Tributo-Frank-Sinatra-Foto-Principal-Amaury-Sanchez-Danilo-Ginebra-Andres-Pichardo-y-Jose-Gabriel-Perez-.jpg?fit=1200%2C873&ssl=1&resize=700%2C400 2x, https:\/\/i0.wp.com\/casadecampoliving.com\/wp-content\/uploads\/2022\/10\/Tributo-Frank-Sinatra-Foto-Principal-Amaury-Sanchez-Danilo-Ginebra-Andres-Pichardo-y-Jose-Gabriel-Perez-.jpg?fit=1200%2C873&ssl=1&resize=1050%2C600 3x"},"classes":[]},{"id":337084,"url":"https:\/\/casadecampoliving.com\/es\/rusticos-y-mas-creando-los-muebles-de-sus-suenos-en-realidad-2\/","url_meta":{"origin":340412,"position":3},"title":"\u00abR\u00fasticos y M\u00e1s\u00bb creando los muebles de sus sue\u00f1os en realidad!","author":"Rebecca Silvestri","date":"13 Oct, 2011","format":false,"excerpt":"De d\u00f3nde provienen los muebles de su villa? Indonesia? Italia? Ikea? No ser\u00eda mucho mejor tener muebles hecho a mano 100% Dominicano? La empresa \u201c\u201dR\u00fasticos y M\u00e1s\u201d no s\u00f3lo tienen su oficina y taller en La Romana, sino que tambi\u00e9n son un equipo 100% Dominicano, trabajando con herramientas, madera y\u2026","rel":"","context":"En \u00abCasa de Campo Living @es\u00bb","block_context":{"text":"Casa de Campo Living @es","link":"https:\/\/casadecampoliving.com\/category\/casa-de-campo-living-es\/"},"img":{"alt_text":"","src":"https:\/\/i0.wp.com\/casadecampoliving.com\/wp-content\/uploads\/2022\/10\/rusticos_y_mas_la_romana.jpg?fit=565%2C359&ssl=1&resize=350%2C200","width":350,"height":200,"srcset":"https:\/\/i0.wp.com\/casadecampoliving.com\/wp-content\/uploads\/2022\/10\/rusticos_y_mas_la_romana.jpg?fit=565%2C359&ssl=1&resize=350%2C200 1x, https:\/\/i0.wp.com\/casadecampoliving.com\/wp-content\/uploads\/2022\/10\/rusticos_y_mas_la_romana.jpg?fit=565%2C359&ssl=1&resize=525%2C300 1.5x"},"classes":[]},{"id":321937,"url":"https:\/\/casadecampoliving.com\/rusticos-y-mas\/","url_meta":{"origin":340412,"position":4},"title":"R\u00fasticos y M\u00e1s Coffee Shop &#038; Showroom &#8211; now open in Altos de Chav\u00f3n!","author":"Rebecca Silvestri","date":"31 Dic, 2012","format":false,"excerpt":"R\u00fasticos y M\u00e1s,\u00a0designers and creators of rustic bespoke furniture have just opened a new showroom, workshop and coffee shop in Altos de Chav\u00f3n! Located in the old \"Caf\u00e9 L'Affaire\", to the side of the Altos de Chav\u00f3n Regional Museum of Archeology, the new R\u00fasticos y M\u00e1s is not only huge,\u2026","rel":"","context":"En \u00abAltos de Chavon\u00bb","block_context":{"text":"Altos de Chavon","link":"https:\/\/casadecampoliving.com\/category\/altos-de-chavon\/"},"img":{"alt_text":"rusticos y mas","src":"https:\/\/i0.wp.com\/casadecampoliving.com\/wp-content\/uploads\/2022\/10\/rusticos_y_mas-5.jpg?fit=650%2C430&ssl=1&resize=350%2C200","width":350,"height":200,"srcset":"https:\/\/i0.wp.com\/casadecampoliving.com\/wp-content\/uploads\/2022\/10\/rusticos_y_mas-5.jpg?fit=650%2C430&ssl=1&resize=350%2C200 1x, https:\/\/i0.wp.com\/casadecampoliving.com\/wp-content\/uploads\/2022\/10\/rusticos_y_mas-5.jpg?fit=650%2C430&ssl=1&resize=525%2C300 1.5x"},"classes":[]},{"id":341997,"url":"https:\/\/casadecampoliving.com\/es\/una-magnifica-decoracion-con-muebles-rusticos\/","url_meta":{"origin":340412,"position":5},"title":"Una magn\u00edfica decoraci\u00f3n con Muebles R\u00fasticos","author":"Mairobi Herrera","date":"21 Jun, 2013","format":false,"excerpt":"Crear un ambiente natural en su hogar es algo sencillo. No necesita darle un aspecto natural con \u00a0piezas creadas artificialmente, solo necesita adaptar en su entorno hogare\u00f1o esos elementos que nos ofrece la naturaleza misma. Un tipo de decoraci\u00f3n que brinda a su hogar una belleza natural muy utilizada actualmente\u2026","rel":"","context":"En \u00abAltos de Chavon @es\u00bb","block_context":{"text":"Altos de Chavon @es","link":"https:\/\/casadecampoliving.com\/category\/altos-de-chavon-es\/"},"img":{"alt_text":"","src":"https:\/\/i0.wp.com\/casadecampoliving.com\/wp-content\/uploads\/2022\/10\/rusticos_y_mas-3.jpg?fit=650%2C433&ssl=1&resize=350%2C200","width":350,"height":200,"srcset":"https:\/\/i0.wp.com\/casadecampoliving.com\/wp-content\/uploads\/2022\/10\/rusticos_y_mas-3.jpg?fit=650%2C433&ssl=1&resize=350%2C200 1x, https:\/\/i0.wp.com\/casadecampoliving.com\/wp-content\/uploads\/2022\/10\/rusticos_y_mas-3.jpg?fit=650%2C433&ssl=1&resize=525%2C300 1.5x"},"classes":[]}],"jetpack_sharing_enabled":true,"_links":{"self":[{"href":"https:\/\/casadecampoliving.com\/es\/wp-json\/wp\/v2\/posts\/340412","targetHints":{"allow":["GET"]}}],"collection":[{"href":"https:\/\/casadecampoliving.com\/es\/wp-json\/wp\/v2\/posts"}],"about":[{"href":"https:\/\/casadecampoliving.com\/es\/wp-json\/wp\/v2\/types\/post"}],"author":[{"embeddable":true,"href":"https:\/\/casadecampoliving.com\/es\/wp-json\/wp\/v2\/users\/388"}],"replies":[{"embeddable":true,"href":"https:\/\/casadecampoliving.com\/es\/wp-json\/wp\/v2\/comments?post=340412"}],"version-history":[{"count":2,"href":"https:\/\/casadecampoliving.com\/es\/wp-json\/wp\/v2\/posts\/340412\/revisions"}],"predecessor-version":[{"id":507367,"href":"https:\/\/casadecampoliving.com\/es\/wp-json\/wp\/v2\/posts\/340412\/revisions\/507367"}],"wp:featuredmedia":[{"embeddable":true,"href":"https:\/\/casadecampoliving.com\/es\/wp-json\/wp\/v2\/media\/249228"}],"wp:attachment":[{"href":"https:\/\/casadecampoliving.com\/es\/wp-json\/wp\/v2\/media?parent=340412"}],"wp:term":[{"taxonomy":"category","embeddable":true,"href":"https:\/\/casadecampoliving.com\/es\/wp-json\/wp\/v2\/categories?post=340412"},{"taxonomy":"post_tag","embeddable":true,"href":"https:\/\/casadecampoliving.com\/es\/wp-json\/wp\/v2\/tags?post=340412"},{"taxonomy":"newspack_spnsrs_tax","embeddable":true,"href":"https:\/\/casadecampoliving.com\/es\/wp-json\/wp\/v2\/newspack_spnsrs_tax?post=340412"}],"curies":[{"name":"wp","href":"https:\/\/api.w.org\/{rel}","templated":true}]}}