{"id":340358,"date":"2012-12-21T00:00:00","date_gmt":"2012-12-21T04:00:00","guid":{"rendered":"https:\/\/casadecampoliving.com\/musica-en-vivo-y-baile-durante-las-fiestas-en-la-cana\/"},"modified":"2022-10-21T18:45:10","modified_gmt":"2022-10-21T22:45:10","slug":"musica-en-vivo-y-baile-durante-las-fiestas-en-la-cana","status":"publish","type":"post","link":"https:\/\/casadecampoliving.com\/es\/musica-en-vivo-y-baile-durante-las-fiestas-en-la-cana\/","title":{"rendered":"M\u00fasica en vivo y baile durante las fiestas en La Ca\u00f1a!"},"content":{"rendered":"<div class=\"wp-block-image\">\n<figure class=\"aligncenter is-resized\"><img loading=\"lazy\" decoding=\"async\" src=\"https:\/\/i0.wp.com\/casadecampoliving.com\/wp-content\/uploads\/2022\/10\/dancing.jpeg?resize=624%2C280&amp;ssl=1\" alt=\"dancing\" class=\"wp-image-62807\" title=\"dancing\" height=\"280\" width=\"624\"\/><\/figure>\n<\/div>\n\n\n<p class=\"has-text-align-left\">A menudo yo escucho a los due\u00f1os de villa acordarse de haber bailado en La Ca\u00f1a \u2013 bueno a lo largo&nbsp; de la temporada festiva Casa de Campo traer\u00e1 de vuelta esta popular tradici\u00f3n con un programa&nbsp; lleno de&nbsp; m\u00fasica en vivo para disfrutar!<\/p>\n\n\n\n<p>A trav\u00e9s de las semanas siguientes estas cordialmente invitado a disfrutar presentaciones hechas por un gran n\u00famero de m\u00fasicos talentosos, aqu\u00ed te traemos el programa:<\/p>\n\n\n\n<p><strong>Viernes 21 de Diciembre 7pm: Victor Mitrov<\/strong><br>\nVictor Mitrov&nbsp;es uno de los m\u00fasicos B\u00falgaros m\u00e1s prominentes de su generaci\u00f3n&nbsp;y&nbsp;distinguido&nbsp;joven&nbsp;m\u00fasico, es en la&nbsp;actualidad el principal&nbsp;trompetista&nbsp;La Orquesta sinf\u00f3nica Nacional de Rep\u00fablica Dominicana.<\/p>\n\n\n\n<p><strong>Viernes 21 de Diciembre desde las 10pm: M\u00fasica en vivo con&nbsp;Alexandro Segui<br>\n<\/strong>M\u00fasica en vivo presentada por Alexandro Segui, escritor y cantante Cubano que fusiona pop con ritmos latinos<\/p>\n\n\n\n<p><strong>S\u00e1bado 22 de diciembre desde las 8pm: 22 Noche Latina con Miguel, Aura y Chris Blizzard<\/strong><br>\nChris Blizzard ha sido comparado con Luther Vandross, Donnie Hathaway y James Ingram. Si le preguntaras a Chris dir\u00e1 que \u00e9l tambi\u00e9n ha sido influenciado por el sonido jazzy pop de Earth Wind &amp; Fire, el R &amp; B de The Commodores, y el estilo vocal de jazz de George Benson, todo equilibrado con una buena dosis de musica Gospel.<\/p>\n\n\n\n<p><strong>Domingo 23 de diciembre desde las 8pm: Noche Latina con Miguel y Aura<\/strong><br>\nBaila toda la noche al ritmo latinos de merengue, salsa y bachata con Miguel &amp; Aura!<\/p>\n\n\n\n<p><strong>Martes 25 de diciembre desde las 8pm: Noche Latina con Miguel y Aura<\/strong><br>\nBaila toda la noche al ritmo latinos de merengue, salsa y bachata con Miguel &amp; Aura!<\/p>\n\n\n\n<p><strong>Mi\u00e9rcoles 26 de diciembre desde las 8pm: Noche Latina con Miguel, Aura y Chris Blizzard<\/strong><br>\nChris Blizzard ha sido comparado con Luther Vandross, Donnie Hathaway y James Ingram. Si le preguntaras a Chris dir\u00e1 que \u00e9l tambi\u00e9n ha sido influenciado por el sonido jazzy pop de Earth Wind &amp; Fire, el R &amp; B de The Commodores, y el estilo vocal de jazz de George Benson, todo equilibrado con una buena dosis de musica Gospel.<\/p>\n\n\n\n<p><strong>Viernes 28 de diciembre 7pm: Victor Mitrov<br>\n<\/strong>Victor Mitrov es uno de los m\u00fasicos B\u00falgaros m\u00e1s prominentes de su generaci\u00f3n y distinguido joven m\u00fasico, es en la actualidad el principal trompetista La Orquesta sinf\u00f3nica Nacional de Rep\u00fablica Dominicana.<\/p>\n\n\n\n<p><strong>S\u00e1bado 29 de diciembre desde las 10pm: M\u00fasica en vivo con Alexandro Segui<\/strong><br>\nM\u00fasica en vivo presentada por Alexandro Segui, escritor y cantante Cubano que fusiona pop con ritmos latinos. Con un estilo \u00fanico de m\u00fasica!<\/p>\n\n\n\n<p><strong>Lunes 31 de diciembre desde las 8pm: Noche Latina con Miguel y Aura<\/strong><br>\nBaila toda la noche al ritmo latinos de merengue, salsa y bachata con Miguel &amp; Aura!<\/p>\n\n\n\n<p>Para el calendario de todos los eventos ocurriendo en Casa de Campo visita: <strong><a href=\"http:\/\/www.todo.fm\" target=\"_blank\" rel=\"noopener\">www.todo.fm<\/a><\/strong><\/p>\n\n\n\n<p>Ya sea que decida comer en La Ca\u00f1a o simplemente pasar por una bebida para disfrutar de la m\u00fasica en vivo y baile \u2013 en esta temporada el restaurante y lounge \u201cchic\u201d el coraz\u00f3n del hotel de Casa de Campo es el lugar para estar!<\/p>\n","protected":false},"excerpt":{"rendered":"<p>A menudo yo escucho a los due\u00f1os de villa acordarse de haber bailado en La Ca\u00f1a \u2013 bueno a lo largo&nbsp; de la temporada festiva Casa de Campo traer\u00e1 de vuelta esta popular tradici\u00f3n con un programa&nbsp; lleno de&nbsp; m\u00fasica en vivo para disfrutar! A trav\u00e9s de las semanas siguientes estas cordialmente invitado a disfrutar [&hellip;]<\/p>\n","protected":false},"author":31,"featured_media":246076,"comment_status":"closed","ping_status":"closed","sticky":false,"template":"","format":"standard","meta":{"newspack_ads_suppress_ads":false,"newspack_popups_has_disabled_popups":false,"newspack_sponsor_sponsorship_scope":"","newspack_sponsor_native_byline_display":"inherit","newspack_sponsor_native_category_display":"inherit","newspack_sponsor_underwriter_style":"inherit","newspack_sponsor_underwriter_placement":"inherit","_newspack_byline_active":false,"_newspack_byline":"","newspack_hide_updated_date":false,"newspack_show_updated_date":false,"newspack_content_restriction_is_exempt":false,"newspack_featured_image_position":"","newspack_post_subtitle":"","newspack_article_summary_title":"Overview:","newspack_article_summary":"","_jetpack_memberships_contains_paid_content":false,"footnotes":"","jetpack_publicize_message":"","jetpack_publicize_feature_enabled":true,"jetpack_social_post_already_shared":false,"jetpack_social_options":{"image_generator_settings":{"template":"highway","default_image_id":0,"font":"","enabled":false},"version":2},"_wpas_customize_per_network":false},"categories":[2524,2522,14625,14627,26822],"tags":[832,5751,4503,3362],"newspack_spnsrs_tax":[],"class_list":["post-340358","post","type-post","status-publish","format-standard","has-post-thumbnail","hentry","category-destacados","category-eventos-es","category-noticias-locales","category-proximamente","category-resort-casa-de-campo","tag-il-circo","tag-musica","tag-restaurante-y-lounge-la-cana-by-il-circo","tag-victor-mitrov","entry"],"yoast_head":"<!-- This site is optimized with the Yoast SEO plugin v27.5 - https:\/\/yoast.com\/product\/yoast-seo-wordpress\/ -->\n<title>M\u00fasica en vivo y baile durante las fiestas en La Ca\u00f1a! | Casa de Campo Living<\/title>\n<meta name=\"description\" content=\"A menudo yo escucho a los due\u00f1os de villa acordarse de haber bailado en La Ca\u00f1a \u2013 bueno a lo largo&nbsp; de la temporada festiva Casa de Campo traer\u00e1 de\" \/>\n<meta name=\"robots\" content=\"index, follow, max-snippet:-1, max-image-preview:large, max-video-preview:-1\" \/>\n<link rel=\"canonical\" href=\"https:\/\/casadecampoliving.com\/es\/musica-en-vivo-y-baile-durante-las-fiestas-en-la-cana\/\" \/>\n<meta property=\"og:locale\" content=\"es_ES\" \/>\n<meta property=\"og:type\" content=\"article\" \/>\n<meta property=\"og:title\" content=\"M\u00fasica en vivo y baile durante las fiestas en La Ca\u00f1a! | Casa de Campo Living\" \/>\n<meta property=\"og:description\" content=\"A menudo yo escucho a los due\u00f1os de villa acordarse de haber bailado en La Ca\u00f1a \u2013 bueno a lo largo&nbsp; de la temporada festiva Casa de Campo traer\u00e1 de\" \/>\n<meta property=\"og:url\" content=\"https:\/\/casadecampoliving.com\/es\/musica-en-vivo-y-baile-durante-las-fiestas-en-la-cana\/\" \/>\n<meta property=\"og:site_name\" content=\"Casa de Campo Living\" \/>\n<meta property=\"article:publisher\" content=\"https:\/\/www.facebook.com\/casadecampoliving\" \/>\n<meta property=\"article:published_time\" content=\"2012-12-21T04:00:00+00:00\" \/>\n<meta property=\"article:modified_time\" content=\"2022-10-21T22:45:10+00:00\" \/>\n<meta property=\"og:image\" content=\"https:\/\/i0.wp.com\/casadecampoliving.com\/wp-content\/uploads\/2022\/10\/dancing-1.jpeg?fit=780%2C350&ssl=1\" \/>\n\t<meta property=\"og:image:width\" content=\"780\" \/>\n\t<meta property=\"og:image:height\" content=\"350\" \/>\n\t<meta property=\"og:image:type\" content=\"image\/jpeg\" \/>\n<meta name=\"author\" content=\"Rebecca Silvestri\" \/>\n<meta name=\"twitter:card\" content=\"summary_large_image\" \/>\n<meta name=\"twitter:creator\" content=\"@cdcliving\" \/>\n<meta name=\"twitter:site\" content=\"@cdcliving\" \/>\n<meta name=\"twitter:label1\" content=\"Escrito por\" \/>\n\t<meta name=\"twitter:data1\" content=\"Rebecca Silvestri\" \/>\n\t<meta name=\"twitter:label2\" content=\"Tiempo de lectura\" \/>\n\t<meta name=\"twitter:data2\" content=\"3 minutos\" \/>\n<script type=\"application\/ld+json\" class=\"yoast-schema-graph\">{\"@context\":\"https:\\\/\\\/schema.org\",\"@graph\":[{\"@type\":\"Article\",\"@id\":\"https:\\\/\\\/casadecampoliving.com\\\/es\\\/musica-en-vivo-y-baile-durante-las-fiestas-en-la-cana\\\/#article\",\"isPartOf\":{\"@id\":\"https:\\\/\\\/casadecampoliving.com\\\/es\\\/musica-en-vivo-y-baile-durante-las-fiestas-en-la-cana\\\/\"},\"author\":{\"name\":\"Rebecca Silvestri\",\"@id\":\"https:\\\/\\\/casadecampoliving.com\\\/es\\\/#\\\/schema\\\/person\\\/2b2208f3175fa8761e25b272e096d718\"},\"headline\":\"M\u00fasica en vivo y baile durante las fiestas en La Ca\u00f1a!\",\"datePublished\":\"2012-12-21T04:00:00+00:00\",\"dateModified\":\"2022-10-21T22:45:10+00:00\",\"mainEntityOfPage\":{\"@id\":\"https:\\\/\\\/casadecampoliving.com\\\/es\\\/musica-en-vivo-y-baile-durante-las-fiestas-en-la-cana\\\/\"},\"wordCount\":557,\"publisher\":{\"@id\":\"https:\\\/\\\/casadecampoliving.com\\\/es\\\/#organization\"},\"image\":{\"@id\":\"https:\\\/\\\/casadecampoliving.com\\\/es\\\/musica-en-vivo-y-baile-durante-las-fiestas-en-la-cana\\\/#primaryimage\"},\"thumbnailUrl\":\"https:\\\/\\\/i0.wp.com\\\/casadecampoliving.com\\\/wp-content\\\/uploads\\\/2022\\\/10\\\/dancing-1.jpeg?fit=780%2C350&ssl=1\",\"keywords\":[\"il circo\",\"musica\",\"restaurante y lounge la ca\u00f1a by il circo\",\"victor mitrov\"],\"articleSection\":[\"Destacados\",\"Eventos\",\"Noticias Locales\",\"Proximamente\",\"Resort Casa de Campo\"],\"inLanguage\":\"es\"},{\"@type\":\"WebPage\",\"@id\":\"https:\\\/\\\/casadecampoliving.com\\\/es\\\/musica-en-vivo-y-baile-durante-las-fiestas-en-la-cana\\\/\",\"url\":\"https:\\\/\\\/casadecampoliving.com\\\/es\\\/musica-en-vivo-y-baile-durante-las-fiestas-en-la-cana\\\/\",\"name\":\"M\u00fasica en vivo y baile durante las fiestas en La Ca\u00f1a! | Casa de Campo Living\",\"isPartOf\":{\"@id\":\"https:\\\/\\\/casadecampoliving.com\\\/es\\\/#website\"},\"primaryImageOfPage\":{\"@id\":\"https:\\\/\\\/casadecampoliving.com\\\/es\\\/musica-en-vivo-y-baile-durante-las-fiestas-en-la-cana\\\/#primaryimage\"},\"image\":{\"@id\":\"https:\\\/\\\/casadecampoliving.com\\\/es\\\/musica-en-vivo-y-baile-durante-las-fiestas-en-la-cana\\\/#primaryimage\"},\"thumbnailUrl\":\"https:\\\/\\\/i0.wp.com\\\/casadecampoliving.com\\\/wp-content\\\/uploads\\\/2022\\\/10\\\/dancing-1.jpeg?fit=780%2C350&ssl=1\",\"datePublished\":\"2012-12-21T04:00:00+00:00\",\"dateModified\":\"2022-10-21T22:45:10+00:00\",\"description\":\"A menudo yo escucho a los due\u00f1os de villa acordarse de haber bailado en La Ca\u00f1a \u2013 bueno a lo largo&nbsp; de la temporada festiva Casa de Campo traer\u00e1 de\",\"breadcrumb\":{\"@id\":\"https:\\\/\\\/casadecampoliving.com\\\/es\\\/musica-en-vivo-y-baile-durante-las-fiestas-en-la-cana\\\/#breadcrumb\"},\"inLanguage\":\"es\",\"potentialAction\":[{\"@type\":\"ReadAction\",\"target\":[\"https:\\\/\\\/casadecampoliving.com\\\/es\\\/musica-en-vivo-y-baile-durante-las-fiestas-en-la-cana\\\/\"]}]},{\"@type\":\"ImageObject\",\"inLanguage\":\"es\",\"@id\":\"https:\\\/\\\/casadecampoliving.com\\\/es\\\/musica-en-vivo-y-baile-durante-las-fiestas-en-la-cana\\\/#primaryimage\",\"url\":\"https:\\\/\\\/i0.wp.com\\\/casadecampoliving.com\\\/wp-content\\\/uploads\\\/2022\\\/10\\\/dancing-1.jpeg?fit=780%2C350&ssl=1\",\"contentUrl\":\"https:\\\/\\\/i0.wp.com\\\/casadecampoliving.com\\\/wp-content\\\/uploads\\\/2022\\\/10\\\/dancing-1.jpeg?fit=780%2C350&ssl=1\",\"width\":780,\"height\":350,\"caption\":\"dancing\"},{\"@type\":\"BreadcrumbList\",\"@id\":\"https:\\\/\\\/casadecampoliving.com\\\/es\\\/musica-en-vivo-y-baile-durante-las-fiestas-en-la-cana\\\/#breadcrumb\",\"itemListElement\":[{\"@type\":\"ListItem\",\"position\":1,\"name\":\"Home\",\"item\":\"https:\\\/\\\/casadecampoliving.com\\\/es\\\/\"},{\"@type\":\"ListItem\",\"position\":2,\"name\":\"M\u00fasica en vivo y baile durante las fiestas en La Ca\u00f1a!\"}]},{\"@type\":\"WebSite\",\"@id\":\"https:\\\/\\\/casadecampoliving.com\\\/es\\\/#website\",\"url\":\"https:\\\/\\\/casadecampoliving.com\\\/es\\\/\",\"name\":\"Casa de Campo Living\",\"description\":\"Resort community news and resources.\",\"publisher\":{\"@id\":\"https:\\\/\\\/casadecampoliving.com\\\/es\\\/#organization\"},\"potentialAction\":[{\"@type\":\"SearchAction\",\"target\":{\"@type\":\"EntryPoint\",\"urlTemplate\":\"https:\\\/\\\/casadecampoliving.com\\\/es\\\/?s={search_term_string}\"},\"query-input\":{\"@type\":\"PropertyValueSpecification\",\"valueRequired\":true,\"valueName\":\"search_term_string\"}}],\"inLanguage\":\"es\"},{\"@type\":\"Organization\",\"@id\":\"https:\\\/\\\/casadecampoliving.com\\\/es\\\/#organization\",\"name\":\"Casa de Campo Living\",\"url\":\"https:\\\/\\\/casadecampoliving.com\\\/es\\\/\",\"logo\":{\"@type\":\"ImageObject\",\"inLanguage\":\"es\",\"@id\":\"https:\\\/\\\/casadecampoliving.com\\\/es\\\/#\\\/schema\\\/logo\\\/image\\\/\",\"url\":\"https:\\\/\\\/i0.wp.com\\\/casadecampoliving.com\\\/wp-content\\\/uploads\\\/2022\\\/07\\\/CDCLivingLogo_V1-white-sized.png?fit=800%2C214&ssl=1\",\"contentUrl\":\"https:\\\/\\\/i0.wp.com\\\/casadecampoliving.com\\\/wp-content\\\/uploads\\\/2022\\\/07\\\/CDCLivingLogo_V1-white-sized.png?fit=800%2C214&ssl=1\",\"width\":800,\"height\":214,\"caption\":\"Casa de Campo Living\"},\"image\":{\"@id\":\"https:\\\/\\\/casadecampoliving.com\\\/es\\\/#\\\/schema\\\/logo\\\/image\\\/\"},\"sameAs\":[\"https:\\\/\\\/www.facebook.com\\\/casadecampoliving\",\"https:\\\/\\\/x.com\\\/cdcliving\"]},{\"@type\":\"Person\",\"@id\":\"https:\\\/\\\/casadecampoliving.com\\\/es\\\/#\\\/schema\\\/person\\\/2b2208f3175fa8761e25b272e096d718\",\"name\":\"Rebecca Silvestri\",\"image\":{\"@type\":\"ImageObject\",\"inLanguage\":\"es\",\"@id\":\"https:\\\/\\\/secure.gravatar.com\\\/avatar\\\/2d937fd6c1769fb718dbf8dce9e82bf5f89e97bd028f9b3ea10b931dc7df95c6?s=96&d=mm&r=g\",\"url\":\"https:\\\/\\\/secure.gravatar.com\\\/avatar\\\/2d937fd6c1769fb718dbf8dce9e82bf5f89e97bd028f9b3ea10b931dc7df95c6?s=96&d=mm&r=g\",\"contentUrl\":\"https:\\\/\\\/secure.gravatar.com\\\/avatar\\\/2d937fd6c1769fb718dbf8dce9e82bf5f89e97bd028f9b3ea10b931dc7df95c6?s=96&d=mm&r=g\",\"caption\":\"Rebecca Silvestri\"},\"url\":\"https:\\\/\\\/casadecampoliving.com\\\/es\\\/author\\\/madamehuge\\\/\"}]}<\/script>\n<!-- \/ Yoast SEO plugin. -->","yoast_head_json":{"title":"M\u00fasica en vivo y baile durante las fiestas en La Ca\u00f1a! | Casa de Campo Living","description":"A menudo yo escucho a los due\u00f1os de villa acordarse de haber bailado en La Ca\u00f1a \u2013 bueno a lo largo&nbsp; de la temporada festiva Casa de Campo traer\u00e1 de","robots":{"index":"index","follow":"follow","max-snippet":"max-snippet:-1","max-image-preview":"max-image-preview:large","max-video-preview":"max-video-preview:-1"},"canonical":"https:\/\/casadecampoliving.com\/es\/musica-en-vivo-y-baile-durante-las-fiestas-en-la-cana\/","og_locale":"es_ES","og_type":"article","og_title":"M\u00fasica en vivo y baile durante las fiestas en La Ca\u00f1a! | Casa de Campo Living","og_description":"A menudo yo escucho a los due\u00f1os de villa acordarse de haber bailado en La Ca\u00f1a \u2013 bueno a lo largo&nbsp; de la temporada festiva Casa de Campo traer\u00e1 de","og_url":"https:\/\/casadecampoliving.com\/es\/musica-en-vivo-y-baile-durante-las-fiestas-en-la-cana\/","og_site_name":"Casa de Campo Living","article_publisher":"https:\/\/www.facebook.com\/casadecampoliving","article_published_time":"2012-12-21T04:00:00+00:00","article_modified_time":"2022-10-21T22:45:10+00:00","og_image":[{"width":780,"height":350,"url":"https:\/\/i0.wp.com\/casadecampoliving.com\/wp-content\/uploads\/2022\/10\/dancing-1.jpeg?fit=780%2C350&ssl=1","type":"image\/jpeg"}],"author":"Rebecca Silvestri","twitter_card":"summary_large_image","twitter_creator":"@cdcliving","twitter_site":"@cdcliving","twitter_misc":{"Escrito por":"Rebecca Silvestri","Tiempo de lectura":"3 minutos"},"schema":{"@context":"https:\/\/schema.org","@graph":[{"@type":"Article","@id":"https:\/\/casadecampoliving.com\/es\/musica-en-vivo-y-baile-durante-las-fiestas-en-la-cana\/#article","isPartOf":{"@id":"https:\/\/casadecampoliving.com\/es\/musica-en-vivo-y-baile-durante-las-fiestas-en-la-cana\/"},"author":{"name":"Rebecca Silvestri","@id":"https:\/\/casadecampoliving.com\/es\/#\/schema\/person\/2b2208f3175fa8761e25b272e096d718"},"headline":"M\u00fasica en vivo y baile durante las fiestas en La Ca\u00f1a!","datePublished":"2012-12-21T04:00:00+00:00","dateModified":"2022-10-21T22:45:10+00:00","mainEntityOfPage":{"@id":"https:\/\/casadecampoliving.com\/es\/musica-en-vivo-y-baile-durante-las-fiestas-en-la-cana\/"},"wordCount":557,"publisher":{"@id":"https:\/\/casadecampoliving.com\/es\/#organization"},"image":{"@id":"https:\/\/casadecampoliving.com\/es\/musica-en-vivo-y-baile-durante-las-fiestas-en-la-cana\/#primaryimage"},"thumbnailUrl":"https:\/\/i0.wp.com\/casadecampoliving.com\/wp-content\/uploads\/2022\/10\/dancing-1.jpeg?fit=780%2C350&ssl=1","keywords":["il circo","musica","restaurante y lounge la ca\u00f1a by il circo","victor mitrov"],"articleSection":["Destacados","Eventos","Noticias Locales","Proximamente","Resort Casa de Campo"],"inLanguage":"es"},{"@type":"WebPage","@id":"https:\/\/casadecampoliving.com\/es\/musica-en-vivo-y-baile-durante-las-fiestas-en-la-cana\/","url":"https:\/\/casadecampoliving.com\/es\/musica-en-vivo-y-baile-durante-las-fiestas-en-la-cana\/","name":"M\u00fasica en vivo y baile durante las fiestas en La Ca\u00f1a! | Casa de Campo Living","isPartOf":{"@id":"https:\/\/casadecampoliving.com\/es\/#website"},"primaryImageOfPage":{"@id":"https:\/\/casadecampoliving.com\/es\/musica-en-vivo-y-baile-durante-las-fiestas-en-la-cana\/#primaryimage"},"image":{"@id":"https:\/\/casadecampoliving.com\/es\/musica-en-vivo-y-baile-durante-las-fiestas-en-la-cana\/#primaryimage"},"thumbnailUrl":"https:\/\/i0.wp.com\/casadecampoliving.com\/wp-content\/uploads\/2022\/10\/dancing-1.jpeg?fit=780%2C350&ssl=1","datePublished":"2012-12-21T04:00:00+00:00","dateModified":"2022-10-21T22:45:10+00:00","description":"A menudo yo escucho a los due\u00f1os de villa acordarse de haber bailado en La Ca\u00f1a \u2013 bueno a lo largo&nbsp; de la temporada festiva Casa de Campo traer\u00e1 de","breadcrumb":{"@id":"https:\/\/casadecampoliving.com\/es\/musica-en-vivo-y-baile-durante-las-fiestas-en-la-cana\/#breadcrumb"},"inLanguage":"es","potentialAction":[{"@type":"ReadAction","target":["https:\/\/casadecampoliving.com\/es\/musica-en-vivo-y-baile-durante-las-fiestas-en-la-cana\/"]}]},{"@type":"ImageObject","inLanguage":"es","@id":"https:\/\/casadecampoliving.com\/es\/musica-en-vivo-y-baile-durante-las-fiestas-en-la-cana\/#primaryimage","url":"https:\/\/i0.wp.com\/casadecampoliving.com\/wp-content\/uploads\/2022\/10\/dancing-1.jpeg?fit=780%2C350&ssl=1","contentUrl":"https:\/\/i0.wp.com\/casadecampoliving.com\/wp-content\/uploads\/2022\/10\/dancing-1.jpeg?fit=780%2C350&ssl=1","width":780,"height":350,"caption":"dancing"},{"@type":"BreadcrumbList","@id":"https:\/\/casadecampoliving.com\/es\/musica-en-vivo-y-baile-durante-las-fiestas-en-la-cana\/#breadcrumb","itemListElement":[{"@type":"ListItem","position":1,"name":"Home","item":"https:\/\/casadecampoliving.com\/es\/"},{"@type":"ListItem","position":2,"name":"M\u00fasica en vivo y baile durante las fiestas en La Ca\u00f1a!"}]},{"@type":"WebSite","@id":"https:\/\/casadecampoliving.com\/es\/#website","url":"https:\/\/casadecampoliving.com\/es\/","name":"Casa de Campo Living","description":"Resort community news and resources.","publisher":{"@id":"https:\/\/casadecampoliving.com\/es\/#organization"},"potentialAction":[{"@type":"SearchAction","target":{"@type":"EntryPoint","urlTemplate":"https:\/\/casadecampoliving.com\/es\/?s={search_term_string}"},"query-input":{"@type":"PropertyValueSpecification","valueRequired":true,"valueName":"search_term_string"}}],"inLanguage":"es"},{"@type":"Organization","@id":"https:\/\/casadecampoliving.com\/es\/#organization","name":"Casa de Campo Living","url":"https:\/\/casadecampoliving.com\/es\/","logo":{"@type":"ImageObject","inLanguage":"es","@id":"https:\/\/casadecampoliving.com\/es\/#\/schema\/logo\/image\/","url":"https:\/\/i0.wp.com\/casadecampoliving.com\/wp-content\/uploads\/2022\/07\/CDCLivingLogo_V1-white-sized.png?fit=800%2C214&ssl=1","contentUrl":"https:\/\/i0.wp.com\/casadecampoliving.com\/wp-content\/uploads\/2022\/07\/CDCLivingLogo_V1-white-sized.png?fit=800%2C214&ssl=1","width":800,"height":214,"caption":"Casa de Campo Living"},"image":{"@id":"https:\/\/casadecampoliving.com\/es\/#\/schema\/logo\/image\/"},"sameAs":["https:\/\/www.facebook.com\/casadecampoliving","https:\/\/x.com\/cdcliving"]},{"@type":"Person","@id":"https:\/\/casadecampoliving.com\/es\/#\/schema\/person\/2b2208f3175fa8761e25b272e096d718","name":"Rebecca Silvestri","image":{"@type":"ImageObject","inLanguage":"es","@id":"https:\/\/secure.gravatar.com\/avatar\/2d937fd6c1769fb718dbf8dce9e82bf5f89e97bd028f9b3ea10b931dc7df95c6?s=96&d=mm&r=g","url":"https:\/\/secure.gravatar.com\/avatar\/2d937fd6c1769fb718dbf8dce9e82bf5f89e97bd028f9b3ea10b931dc7df95c6?s=96&d=mm&r=g","contentUrl":"https:\/\/secure.gravatar.com\/avatar\/2d937fd6c1769fb718dbf8dce9e82bf5f89e97bd028f9b3ea10b931dc7df95c6?s=96&d=mm&r=g","caption":"Rebecca Silvestri"},"url":"https:\/\/casadecampoliving.com\/es\/author\/madamehuge\/"}]}},"parsely":{"version":"1.1.0","canonical_url":"https:\/\/casadecampoliving.com\/es\/musica-en-vivo-y-baile-durante-las-fiestas-en-la-cana\/","smart_links":{"inbound":0,"outbound":0},"traffic_boost_suggestions_count":0,"meta":{"@context":"https:\/\/schema.org","@type":"NewsArticle","headline":"M\u00fasica en vivo y baile durante las fiestas en La Ca\u00f1a!","url":"http:\/\/casadecampoliving.com\/es\/musica-en-vivo-y-baile-durante-las-fiestas-en-la-cana\/","mainEntityOfPage":{"@type":"WebPage","@id":"http:\/\/casadecampoliving.com\/es\/musica-en-vivo-y-baile-durante-las-fiestas-en-la-cana\/"},"thumbnailUrl":"https:\/\/i0.wp.com\/casadecampoliving.com\/wp-content\/uploads\/2022\/10\/dancing-1.jpeg?resize=150%2C150&ssl=1","image":{"@type":"ImageObject","url":"https:\/\/i0.wp.com\/casadecampoliving.com\/wp-content\/uploads\/2022\/10\/dancing-1.jpeg?fit=780%2C350&ssl=1"},"articleSection":"Destacados","author":[{"@type":"Person","name":"Rebecca Silvestri"}],"creator":["Rebecca Silvestri"],"publisher":{"@type":"Organization","name":"Casa de Campo Living","logo":"https:\/\/casadecampoliving.com\/wp-content\/uploads\/2022\/07\/CDCLivingLogo_V1-white-sized.png"},"keywords":["il circo","musica","restaurante y lounge la ca\u00f1a by il circo","victor mitrov"],"dateCreated":"2012-12-21T04:00:00Z","datePublished":"2012-12-21T04:00:00Z","dateModified":"2022-10-21T22:45:10Z"},"rendered":"<script type=\"application\/ld+json\" class=\"wp-parsely-metadata\">{\"@context\":\"https:\\\/\\\/schema.org\",\"@type\":\"NewsArticle\",\"headline\":\"M\\u00fasica en vivo y baile durante las fiestas en La Ca\\u00f1a!\",\"url\":\"http:\\\/\\\/casadecampoliving.com\\\/es\\\/musica-en-vivo-y-baile-durante-las-fiestas-en-la-cana\\\/\",\"mainEntityOfPage\":{\"@type\":\"WebPage\",\"@id\":\"http:\\\/\\\/casadecampoliving.com\\\/es\\\/musica-en-vivo-y-baile-durante-las-fiestas-en-la-cana\\\/\"},\"thumbnailUrl\":\"https:\\\/\\\/i0.wp.com\\\/casadecampoliving.com\\\/wp-content\\\/uploads\\\/2022\\\/10\\\/dancing-1.jpeg?resize=150%2C150&ssl=1\",\"image\":{\"@type\":\"ImageObject\",\"url\":\"https:\\\/\\\/i0.wp.com\\\/casadecampoliving.com\\\/wp-content\\\/uploads\\\/2022\\\/10\\\/dancing-1.jpeg?fit=780%2C350&ssl=1\"},\"articleSection\":\"Destacados\",\"author\":[{\"@type\":\"Person\",\"name\":\"Rebecca Silvestri\"}],\"creator\":[\"Rebecca Silvestri\"],\"publisher\":{\"@type\":\"Organization\",\"name\":\"Casa de Campo Living\",\"logo\":\"https:\\\/\\\/casadecampoliving.com\\\/wp-content\\\/uploads\\\/2022\\\/07\\\/CDCLivingLogo_V1-white-sized.png\"},\"keywords\":[\"il circo\",\"musica\",\"restaurante y lounge la ca\\u00f1a by il circo\",\"victor mitrov\"],\"dateCreated\":\"2012-12-21T04:00:00Z\",\"datePublished\":\"2012-12-21T04:00:00Z\",\"dateModified\":\"2022-10-21T22:45:10Z\"}<\/script>","tracker_url":"https:\/\/cdn.parsely.com\/keys\/casadecampoliving.com\/p.js"},"jetpack_publicize_connections":[],"jetpack_featured_media_url":"https:\/\/i0.wp.com\/casadecampoliving.com\/wp-content\/uploads\/2022\/10\/dancing-1.jpeg?fit=780%2C350&ssl=1","jetpack-related-posts":[{"id":345436,"url":"https:\/\/casadecampoliving.com\/es\/musica-en-vivo-en-la-cana-il-circo-para-octubre\/","url_meta":{"origin":340358,"position":0},"title":"\u00a1M\u00fasica en vivo en La Ca\u00f1a by Il Circo para Octubre!","author":"Perkin Agramonte","date":"27 Sep, 2014","format":false,"excerpt":"Hoy marca el inicio del mes de Octubre y aqu\u00ed le traemos la primera buena noticia para el mes, el programa de m\u00fasica en vivo en La Ca\u00f1a by Il Circo en el Hotel Casa de Campo contin\u00faa! Tenemos un animado programa de m\u00fasica latina en vivo y bailarines profesionales\u2026","rel":"","context":"En \u00abCasa de Campo Living @es\u00bb","block_context":{"text":"Casa de Campo Living @es","link":"https:\/\/casadecampoliving.com\/category\/casa-de-campo-living-es\/"},"img":{"alt_text":"programa restaurante la cana","src":"https:\/\/i0.wp.com\/casadecampoliving.com\/wp-content\/uploads\/2022\/10\/mairobi1-1.jpg?fit=650%2C414&ssl=1&resize=350%2C200","width":350,"height":200,"srcset":"https:\/\/i0.wp.com\/casadecampoliving.com\/wp-content\/uploads\/2022\/10\/mairobi1-1.jpg?fit=650%2C414&ssl=1&resize=350%2C200 1x, https:\/\/i0.wp.com\/casadecampoliving.com\/wp-content\/uploads\/2022\/10\/mairobi1-1.jpg?fit=650%2C414&ssl=1&resize=525%2C300 1.5x"},"classes":[]},{"id":345225,"url":"https:\/\/casadecampoliving.com\/es\/musica-en-vivo-en-la-cana-il-circo-para-septiembre\/","url_meta":{"origin":340358,"position":1},"title":"M\u00fasica en vivo en La Ca\u00f1a by Il Circo para Septiembre!","author":"Daniela Medina","date":"1 Sep, 2014","format":false,"excerpt":"Hoy marca el inicio del mes de Septiembre y aqu\u00ed le traemos la primera buena noticia para el mes, el programa de m\u00fasica en vivo en La Ca\u00f1a by Il Circo en el Hotel Casa de Campo contin\u00faa! Tenemos un animado programa de m\u00fasica latina en vivo y bailarines profesionales\u2026","rel":"","context":"En \u00abCasa de Campo Living @es\u00bb","block_context":{"text":"Casa de Campo Living @es","link":"https:\/\/casadecampoliving.com\/category\/casa-de-campo-living-es\/"},"img":{"alt_text":"Trio de Guitarras & Bandoneon","src":"https:\/\/i0.wp.com\/casadecampoliving.com\/wp-content\/uploads\/2022\/10\/Trio-de-Guitarras-Bandoneon-1.jpg?fit=650%2C308&ssl=1&resize=350%2C200","width":350,"height":200,"srcset":"https:\/\/i0.wp.com\/casadecampoliving.com\/wp-content\/uploads\/2022\/10\/Trio-de-Guitarras-Bandoneon-1.jpg?fit=650%2C308&ssl=1&resize=350%2C200 1x, https:\/\/i0.wp.com\/casadecampoliving.com\/wp-content\/uploads\/2022\/10\/Trio-de-Guitarras-Bandoneon-1.jpg?fit=650%2C308&ssl=1&resize=525%2C300 1.5x"},"classes":[]},{"id":342692,"url":"https:\/\/casadecampoliving.com\/es\/un-agosto-lleno-de-musica-en-vivo-en-la-cana-by-il-circo\/","url_meta":{"origin":340358,"position":2},"title":"Un agosto lleno de m\u00fasica en vivo en La Ca\u00f1a by Il Circo","author":"Eliana Alba","date":"17 Ago, 2013","format":false,"excerpt":"La Ca\u00f1a by Il Circo tiene excelente entretenimiento planeado para las noches de los fines de semana de este mes. Con una variedad que va desde m\u00fasica latina con bailarines profesionales hasta un trompetista profesional directemente desde la Sinf\u00f3nica Nacional Dominicana La Ca\u00f1a parece la antesala perfecta para una noche\u2026","rel":"","context":"En \u00abArte y cultura\u00bb","block_context":{"text":"Arte y cultura","link":"https:\/\/casadecampoliving.com\/category\/arte-y-cultura\/"},"img":{"alt_text":"Victor Mitrov ca\u00f1a bar","src":"https:\/\/i0.wp.com\/casadecampoliving.com\/wp-content\/uploads\/2022\/10\/Victor_Mitrov_la_cana-1.jpg?fit=955%2C493&ssl=1&resize=350%2C200","width":350,"height":200,"srcset":"https:\/\/i0.wp.com\/casadecampoliving.com\/wp-content\/uploads\/2022\/10\/Victor_Mitrov_la_cana-1.jpg?fit=955%2C493&ssl=1&resize=350%2C200 1x, https:\/\/i0.wp.com\/casadecampoliving.com\/wp-content\/uploads\/2022\/10\/Victor_Mitrov_la_cana-1.jpg?fit=955%2C493&ssl=1&resize=525%2C300 1.5x, https:\/\/i0.wp.com\/casadecampoliving.com\/wp-content\/uploads\/2022\/10\/Victor_Mitrov_la_cana-1.jpg?fit=955%2C493&ssl=1&resize=700%2C400 2x"},"classes":[]},{"id":341809,"url":"https:\/\/casadecampoliving.com\/es\/programa-de-musica-en-vivo-y-entretenimiento-durante-julio-y-junio-en-la-cana\/","url_meta":{"origin":340358,"position":3},"title":"\u00a1Programa de m\u00fasica en vivo y entretenimiento durante julio y junio en La Ca\u00f1a!","author":"Mairobi Herrera","date":"11 Jun, 2013","format":false,"excerpt":"En junio y julio contin\u00faan las actividades de entretenimiento y m\u00fasica en \u00a0La Ca\u00f1a Restaurant & Lounge by Il Circo. Cada viernes y s\u00e1bado en la noche, durante los meses de junio y julio, junto a un sin n\u00famero de eventos, Casa de Campo les invita a disfrutar de un\u2026","rel":"","context":"En \u00abComidas &amp; Bebidas\u00bb","block_context":{"text":"Comidas &amp; Bebidas","link":"https:\/\/casadecampoliving.com\/es\/category\/comidas-bebidas\/"},"img":{"alt_text":"programa restaurante la cana","src":"https:\/\/i0.wp.com\/casadecampoliving.com\/wp-content\/uploads\/2022\/10\/mairobi1-1.jpg?fit=650%2C414&ssl=1&resize=350%2C200","width":350,"height":200,"srcset":"https:\/\/i0.wp.com\/casadecampoliving.com\/wp-content\/uploads\/2022\/10\/mairobi1-1.jpg?fit=650%2C414&ssl=1&resize=350%2C200 1x, https:\/\/i0.wp.com\/casadecampoliving.com\/wp-content\/uploads\/2022\/10\/mairobi1-1.jpg?fit=650%2C414&ssl=1&resize=525%2C300 1.5x"},"classes":[]},{"id":346457,"url":"https:\/\/casadecampoliving.com\/es\/programa-de-musica-en-vivo-y-entretenimiento-durante-el-mes-de-enero-en-la-cana-2\/","url_meta":{"origin":340358,"position":4},"title":"M\u00fasica en vivo en La Ca\u00f1a durante enero","author":"Rebecca Hughes","date":"7 Ene, 2015","format":false,"excerpt":"Puede que la Navidad haya terminado, \u00a1pero a\u00fan no es tiempo de retirarse sus zapatos de baile! Todas las noches, durante el mes de enero, junto a un sin n\u00famero de eventos, Casa de Campo les invita a disfrutar de un programa de bailes y m\u00fasica en vivo en La\u2026","rel":"","context":"En \u00abComidas &amp; Bebidas\u00bb","block_context":{"text":"Comidas &amp; Bebidas","link":"https:\/\/casadecampoliving.com\/es\/category\/comidas-bebidas\/"},"img":{"alt_text":"La Cana by Il Circo, Casa de Campo","src":"https:\/\/i0.wp.com\/casadecampoliving.com\/wp-content\/uploads\/2022\/10\/La_Cana_by_Il_Circo_Casa_de_Campo-1.jpg?fit=650%2C366&ssl=1&resize=350%2C200","width":350,"height":200,"srcset":"https:\/\/i0.wp.com\/casadecampoliving.com\/wp-content\/uploads\/2022\/10\/La_Cana_by_Il_Circo_Casa_de_Campo-1.jpg?fit=650%2C366&ssl=1&resize=350%2C200 1x, https:\/\/i0.wp.com\/casadecampoliving.com\/wp-content\/uploads\/2022\/10\/La_Cana_by_Il_Circo_Casa_de_Campo-1.jpg?fit=650%2C366&ssl=1&resize=525%2C300 1.5x"},"classes":[]},{"id":339743,"url":"https:\/\/casadecampoliving.com\/es\/reserve-la-fecha-victor-mitrov-todos-los-viernes-durante-el-mes-de-diciembre\/","url_meta":{"origin":340358,"position":5},"title":"Reserve la fecha: Victor Mitrov todos los viernes durante el mes de diciembre!","author":"","date":"17 Sep, 2012","format":false,"excerpt":"Grandiosas noticias para los fans, amigos, due\u00f1os de villas, visitantes y residentes de Casa de Campo \u2013 el trompetista, Victor Mitrov, estar\u00e1 present\u00e1ndose en vivo en La Ca\u00f1a Restaurant & Lounge By Il Circo \u2013 TODOS los viernes de diciembre! Victor Mitrov, uno de los m\u00e1s prominentes m\u00fasicos b\u00falgaro de\u2026","rel":"","context":"En \u00abArte y cultura\u00bb","block_context":{"text":"Arte y cultura","link":"https:\/\/casadecampoliving.com\/category\/arte-y-cultura\/"},"img":{"alt_text":"victor mitrov","src":"https:\/\/i0.wp.com\/casadecampoliving.com\/wp-content\/uploads\/2022\/10\/victor_mitrov-3.jpg?fit=650%2C333&ssl=1&resize=350%2C200","width":350,"height":200,"srcset":"https:\/\/i0.wp.com\/casadecampoliving.com\/wp-content\/uploads\/2022\/10\/victor_mitrov-3.jpg?fit=650%2C333&ssl=1&resize=350%2C200 1x, https:\/\/i0.wp.com\/casadecampoliving.com\/wp-content\/uploads\/2022\/10\/victor_mitrov-3.jpg?fit=650%2C333&ssl=1&resize=525%2C300 1.5x"},"classes":[]}],"jetpack_sharing_enabled":true,"_links":{"self":[{"href":"https:\/\/casadecampoliving.com\/es\/wp-json\/wp\/v2\/posts\/340358","targetHints":{"allow":["GET"]}}],"collection":[{"href":"https:\/\/casadecampoliving.com\/es\/wp-json\/wp\/v2\/posts"}],"about":[{"href":"https:\/\/casadecampoliving.com\/es\/wp-json\/wp\/v2\/types\/post"}],"author":[{"embeddable":true,"href":"https:\/\/casadecampoliving.com\/es\/wp-json\/wp\/v2\/users\/31"}],"replies":[{"embeddable":true,"href":"https:\/\/casadecampoliving.com\/es\/wp-json\/wp\/v2\/comments?post=340358"}],"version-history":[{"count":1,"href":"https:\/\/casadecampoliving.com\/es\/wp-json\/wp\/v2\/posts\/340358\/revisions"}],"predecessor-version":[{"id":340359,"href":"https:\/\/casadecampoliving.com\/es\/wp-json\/wp\/v2\/posts\/340358\/revisions\/340359"}],"wp:featuredmedia":[{"embeddable":true,"href":"https:\/\/casadecampoliving.com\/es\/wp-json\/wp\/v2\/media\/246076"}],"wp:attachment":[{"href":"https:\/\/casadecampoliving.com\/es\/wp-json\/wp\/v2\/media?parent=340358"}],"wp:term":[{"taxonomy":"category","embeddable":true,"href":"https:\/\/casadecampoliving.com\/es\/wp-json\/wp\/v2\/categories?post=340358"},{"taxonomy":"post_tag","embeddable":true,"href":"https:\/\/casadecampoliving.com\/es\/wp-json\/wp\/v2\/tags?post=340358"},{"taxonomy":"newspack_spnsrs_tax","embeddable":true,"href":"https:\/\/casadecampoliving.com\/es\/wp-json\/wp\/v2\/newspack_spnsrs_tax?post=340358"}],"curies":[{"name":"wp","href":"https:\/\/api.w.org\/{rel}","templated":true}]}}