{"id":340356,"date":"2012-12-23T00:00:00","date_gmt":"2012-12-23T04:00:00","guid":{"rendered":"https:\/\/casadecampoliving.com\/fusion-de-colores-y-movimientos-los-colores-de-la-danza-por-el-ballet-nacional-dominicano\/"},"modified":"2022-10-21T18:45:03","modified_gmt":"2022-10-21T22:45:03","slug":"fusion-de-colores-y-movimientos-los-colores-de-la-danza-por-el-ballet-nacional-dominicano","status":"publish","type":"post","link":"https:\/\/casadecampoliving.com\/es\/fusion-de-colores-y-movimientos-los-colores-de-la-danza-por-el-ballet-nacional-dominicano\/","title":{"rendered":"Fusi\u00f3n de colores y movimientos &#8211; \u00abLos colores de la danza\u00bb por el Ballet Nacional Dominicano"},"content":{"rendered":"<div class=\"wp-block-image\">\n<figure class=\"aligncenter is-resized\"><img loading=\"lazy\" decoding=\"async\" src=\"https:\/\/i0.wp.com\/casadecampoliving.com\/wp-content\/uploads\/2022\/10\/dominican_national_ballet2.jpg?resize=650%2C176&amp;ssl=1\" alt=\"dominican national ballet\" class=\"wp-image-62796\" title=\"dominican_national_ballet\" height=\"176\" width=\"650\"\/><\/figure>\n<\/div>\n\n\n<p>Por primera vez, el Ballet Nacional Dominicano se present\u00f3 en el anfiteatro de Altos de Chav\u00f3n este s\u00e1bado pasado, 15 de Diciembre del 2012. El ballet \u201cLos Colores de la Danza\u201d fue una fusi\u00f3n de color y movimiento \u2013 un gran espect\u00e1culo de baile!<\/p>\n\n\n\n<!--more-->\n\n\n\n<p>Los grandes bailarines no son grandiosos por sus t\u00e9cnicas; son grandiosos por la manera en que transmiten su pasi\u00f3n. Pasi\u00f3n \u2013 es la palabra que claramente describe a los bailarines que se presentaron en el ballet \u201cLos Colores de la Danza\u201d. Sus expresiones faciales y corporales mantuvo a la audiencia fascinada en cada escena. La experiencia fue realmente Dominicana, no solamente cultural sino tambi\u00e9n musicalmente. Acabando recientemente de completar una exitosa temporada en el teatro de Bellas Artes en Santo Domingo, \u201cLos colores de la Danza\u201d dirigido por Prof. Marinella, se estreno justo aqu\u00ed en Casa de Campo \u2013 y fue admirado y disfrutado por mas de 1,000 espectadores.<\/p>\n\n\n<div class=\"wp-block-image\">\n<figure class=\"aligncenter is-resized\"><img loading=\"lazy\" decoding=\"async\" src=\"https:\/\/i0.wp.com\/casadecampoliving.com\/wp-content\/uploads\/2022\/10\/dominican_national_ballet3.jpg?resize=650%2C222&amp;ssl=1\" alt=\"dominican national ballet\" class=\"wp-image-62797\" title=\"dominican_national_ballet\" height=\"222\" width=\"650\"\/><\/figure>\n<\/div>\n\n\n<p>El anticuado pero majestuoso anfiteatro (<a href=\"https:\/\/casadecampoliving.com\/es\/2012\/08\/hoy-el-anfiteatro-altos-de-chavon-celebra-su-xxx-aniversario\/\">el cu\u00e1l este a\u00f1o celebr\u00f3 su 30mo cumplea\u00f1os<\/a>) fue iluminado por un hermoso fondo que agreg\u00f3 un toque de color extra al escenario. En el transcurso del espect\u00e1culo este fondo \u00fanico estuvo en continuo movimiento, mostrando el trabajo de artistas pl\u00e1sticos Dominicanos: Jose Miura, Elsa N\u00fa\u00f1ez, Fernando Ure\u00f1a Rib, Aquiles Azar, y Amaya Salazar, y dirigido por Carlos Veit\u00eda, Isadora Bruno y Elizabeth Crooke, estuvo bellamente sincronizado con las coreograf\u00edas de los bailarines.<\/p>\n\n\n<div class=\"wp-block-image\">\n<figure class=\"alignright is-resized\"><img loading=\"lazy\" decoding=\"async\" src=\"https:\/\/i0.wp.com\/casadecampoliving.com\/wp-content\/uploads\/2022\/10\/dominican_national_ballet1.jpg?resize=230%2C323&amp;ssl=1\" alt=\"dominican national ballet\" class=\"wp-image-62795\" title=\"dominican_national_ballet\" height=\"323\" width=\"230\"\/><\/figure>\n<\/div>\n\n\n<p>El p\u00fablico aplaudi\u00f3, con cada escena y con cada nueva actuaci\u00f3n mientras el narrador lentamente nos transportaba de una escena a otra. Los temas del espect\u00e1culo incluyeron: la mujer sola en busca del verdadero amor, tres mujeres peleando por el irrenunciable amor de un hombre, el drama de las parejas y para terminar con una buena nota, el cl\u00e1sico Merengue Dominicano \u2013 indudablemente la pieza favorita del p\u00fablico.<\/p>\n\n\n\n<p>El espect\u00e1culo no pudo terminarse sin las palabras de cierre del se\u00f1or Daniel Hernandez, el gerente general del resort de Casa de Campo, quien agradeci\u00f3 al ministro de cultura de la Rep\u00fablica Dominicana por organizar un evento tan especial \u2013 quien a cambio subi\u00f3 al escenario para agradecer a los bailarines personalmente. Hernandez tambi\u00e9n agradeci\u00f3 al maestro Dante Cucurullo (tambi\u00e9n presente) quien dirigi\u00f3 a la orquesta Juan Pablo Duarte el s\u00e1bado 18 de Diciembre en <a href=\"https:\/\/casadecampoliving.com\/es\/2012\/12\/la-apertura-de-navidad-en-altos-de-chavon-fotos-de-la-diversion\/\">la inauguraci\u00f3n navide\u00f1a en Altos de Chav\u00f3n.<\/a><\/p>\n\n\n<div class=\"wp-block-image\">\n<figure class=\"aligncenter is-resized\"><img loading=\"lazy\" decoding=\"async\" src=\"https:\/\/i0.wp.com\/casadecampoliving.com\/wp-content\/uploads\/2022\/10\/dominican_national_ballet.jpg?resize=650%2C407&amp;ssl=1\" alt=\"dominican national ballet\" class=\"wp-image-62794\" title=\"dominican_national_ballet\" height=\"407\" width=\"650\"\/><\/figure>\n<\/div>\n\n\n<p>El show cerr\u00f3 con una merecida ovaci\u00f3n de pie\u2026..<\/p>\n\n\n<div class=\"wp-block-image\">\n<figure class=\"aligncenter is-resized\"><img loading=\"lazy\" decoding=\"async\" src=\"https:\/\/i0.wp.com\/casadecampoliving.com\/wp-content\/uploads\/2022\/10\/altos_de_chavon_amphitheater.jpg?resize=650%2C248&amp;ssl=1\" alt=\"altos de chavon amphitheater\" class=\"wp-image-62799\" title=\"altos_de_chavon_amphitheater\" height=\"248\" width=\"650\"\/><\/figure>\n<\/div>\n\n\n<p>Y las festividades contin\u00faan! en el transcurso de la siguientes semanas tendremos aun m\u00e1s actividades y eventos que seguir \u2013 en Altos de Chav\u00f3n as\u00ed como a trav\u00e9s del resort completo de Casa de Campo. Por Favor visita: <strong><a href=\"http:\/\/www.todo.fm\" target=\"_blank\" rel=\"noopener\">www.todo.fm<\/a><\/strong> para el calendario de eventos m\u00e1s actualizado.<\/p>\n","protected":false},"excerpt":{"rendered":"<p>Por primera vez, el Ballet Nacional Dominicano se present\u00f3 en el anfiteatro de Altos de Chav\u00f3n este s\u00e1bado pasado, 15 de Diciembre del 2012. El ballet \u201cLos Colores de la Danza\u201d fue una fusi\u00f3n de color y movimiento \u2013 un gran espect\u00e1culo de baile!<\/p>\n","protected":false},"author":31,"featured_media":245395,"comment_status":"closed","ping_status":"closed","sticky":false,"template":"","format":"standard","meta":{"newspack_ads_suppress_ads":false,"newspack_popups_has_disabled_popups":false,"newspack_sponsor_sponsorship_scope":"","newspack_sponsor_native_byline_display":"inherit","newspack_sponsor_native_category_display":"inherit","newspack_sponsor_underwriter_style":"inherit","newspack_sponsor_underwriter_placement":"inherit","_newspack_byline_active":false,"_newspack_byline":"","newspack_hide_updated_date":false,"newspack_show_updated_date":false,"newspack_content_restriction_is_exempt":false,"newspack_featured_image_position":"","newspack_post_subtitle":"","newspack_article_summary_title":"Overview:","newspack_article_summary":"","_jetpack_memberships_contains_paid_content":false,"footnotes":"","jetpack_publicize_message":"","jetpack_publicize_feature_enabled":true,"jetpack_social_post_already_shared":false,"jetpack_social_options":{"image_generator_settings":{"template":"highway","default_image_id":0,"font":"","enabled":false},"version":2},"_wpas_customize_per_network":false},"categories":[26819,26823,2518,2524,2522,14625,14627],"tags":[15387,3926,2814,2545,520,5750,1662],"newspack_spnsrs_tax":[],"class_list":["post-340356","post","type-post","status-publish","format-standard","has-post-thumbnail","hentry","category-altos-de-chavon-es","category-arte-y-cultura","category-conciertos-es","category-destacados","category-eventos-es","category-noticias-locales","category-proximamente","tag-altos-de-chavon-es","tag-altos-de-chavones","tag-anfiteatro","tag-anfiteatro-de-altos-de-chavon","tag-ballet","tag-ballet-nacional-dominicano","tag-navidad","entry"],"yoast_head":"<!-- This site is optimized with the Yoast SEO plugin v27.5 - https:\/\/yoast.com\/product\/yoast-seo-wordpress\/ -->\n<title>Fusi\u00f3n de colores y movimientos - &quot;Los colores de la danza&quot; por el Ballet Nacional Dominicano | Casa de Campo Living<\/title>\n<meta name=\"description\" content=\"Por primera vez, el Ballet Nacional Dominicano se present\u00f3 en el anfiteatro de Altos de Chav\u00f3n este s\u00e1bado pasado, 15 de Diciembre del 2012. El ballet\" \/>\n<meta name=\"robots\" content=\"index, follow, max-snippet:-1, max-image-preview:large, max-video-preview:-1\" \/>\n<link rel=\"canonical\" href=\"https:\/\/casadecampoliving.com\/es\/fusion-de-colores-y-movimientos-los-colores-de-la-danza-por-el-ballet-nacional-dominicano\/\" \/>\n<meta property=\"og:locale\" content=\"es_ES\" \/>\n<meta property=\"og:type\" content=\"article\" \/>\n<meta property=\"og:title\" content=\"Fusi\u00f3n de colores y movimientos - &quot;Los colores de la danza&quot; por el Ballet Nacional Dominicano | Casa de Campo Living\" \/>\n<meta property=\"og:description\" content=\"Por primera vez, el Ballet Nacional Dominicano se present\u00f3 en el anfiteatro de Altos de Chav\u00f3n este s\u00e1bado pasado, 15 de Diciembre del 2012. El ballet\" \/>\n<meta property=\"og:url\" content=\"https:\/\/casadecampoliving.com\/es\/fusion-de-colores-y-movimientos-los-colores-de-la-danza-por-el-ballet-nacional-dominicano\/\" \/>\n<meta property=\"og:site_name\" content=\"Casa de Campo Living\" \/>\n<meta property=\"article:publisher\" content=\"https:\/\/www.facebook.com\/casadecampoliving\" \/>\n<meta property=\"article:published_time\" content=\"2012-12-23T04:00:00+00:00\" \/>\n<meta property=\"article:modified_time\" content=\"2022-10-21T22:45:03+00:00\" \/>\n<meta property=\"og:image\" content=\"https:\/\/i0.wp.com\/casadecampoliving.com\/wp-content\/uploads\/2022\/10\/dominican_national_ballet2-1.jpg?fit=650%2C176&ssl=1\" \/>\n\t<meta property=\"og:image:width\" content=\"650\" \/>\n\t<meta property=\"og:image:height\" content=\"176\" \/>\n\t<meta property=\"og:image:type\" content=\"image\/jpeg\" \/>\n<meta name=\"author\" content=\"Rebecca Silvestri\" \/>\n<meta name=\"twitter:card\" content=\"summary_large_image\" \/>\n<meta name=\"twitter:creator\" content=\"@cdcliving\" \/>\n<meta name=\"twitter:site\" content=\"@cdcliving\" \/>\n<meta name=\"twitter:label1\" content=\"Escrito por\" \/>\n\t<meta name=\"twitter:data1\" content=\"Rebecca Silvestri\" \/>\n\t<meta name=\"twitter:label2\" content=\"Tiempo de lectura\" \/>\n\t<meta name=\"twitter:data2\" content=\"2 minutos\" \/>\n<script type=\"application\/ld+json\" class=\"yoast-schema-graph\">{\"@context\":\"https:\\\/\\\/schema.org\",\"@graph\":[{\"@type\":\"Article\",\"@id\":\"https:\\\/\\\/casadecampoliving.com\\\/es\\\/fusion-de-colores-y-movimientos-los-colores-de-la-danza-por-el-ballet-nacional-dominicano\\\/#article\",\"isPartOf\":{\"@id\":\"https:\\\/\\\/casadecampoliving.com\\\/es\\\/fusion-de-colores-y-movimientos-los-colores-de-la-danza-por-el-ballet-nacional-dominicano\\\/\"},\"author\":{\"name\":\"Rebecca Silvestri\",\"@id\":\"https:\\\/\\\/casadecampoliving.com\\\/es\\\/#\\\/schema\\\/person\\\/2b2208f3175fa8761e25b272e096d718\"},\"headline\":\"Fusi\u00f3n de colores y movimientos &#8211; \u00abLos colores de la danza\u00bb por el Ballet Nacional Dominicano\",\"datePublished\":\"2012-12-23T04:00:00+00:00\",\"dateModified\":\"2022-10-21T22:45:03+00:00\",\"mainEntityOfPage\":{\"@id\":\"https:\\\/\\\/casadecampoliving.com\\\/es\\\/fusion-de-colores-y-movimientos-los-colores-de-la-danza-por-el-ballet-nacional-dominicano\\\/\"},\"wordCount\":482,\"publisher\":{\"@id\":\"https:\\\/\\\/casadecampoliving.com\\\/es\\\/#organization\"},\"image\":{\"@id\":\"https:\\\/\\\/casadecampoliving.com\\\/es\\\/fusion-de-colores-y-movimientos-los-colores-de-la-danza-por-el-ballet-nacional-dominicano\\\/#primaryimage\"},\"thumbnailUrl\":\"https:\\\/\\\/i0.wp.com\\\/casadecampoliving.com\\\/wp-content\\\/uploads\\\/2022\\\/10\\\/dominican_national_ballet2-1.jpg?fit=650%2C176&ssl=1\",\"keywords\":[\"Altos de Chavon\",\"altos de chavon@es\",\"anfiteatro\",\"anfiteatro de altos de chavon\",\"ballet\",\"ballet nacional dominicano\",\"navidad\"],\"articleSection\":[\"Altos de Chavon @es\",\"Arte y cultura\",\"Conciertos\",\"Destacados\",\"Eventos\",\"Noticias Locales\",\"Proximamente\"],\"inLanguage\":\"es\"},{\"@type\":\"WebPage\",\"@id\":\"https:\\\/\\\/casadecampoliving.com\\\/es\\\/fusion-de-colores-y-movimientos-los-colores-de-la-danza-por-el-ballet-nacional-dominicano\\\/\",\"url\":\"https:\\\/\\\/casadecampoliving.com\\\/es\\\/fusion-de-colores-y-movimientos-los-colores-de-la-danza-por-el-ballet-nacional-dominicano\\\/\",\"name\":\"Fusi\u00f3n de colores y movimientos - \\\"Los colores de la danza\\\" por el Ballet Nacional Dominicano | Casa de Campo Living\",\"isPartOf\":{\"@id\":\"https:\\\/\\\/casadecampoliving.com\\\/es\\\/#website\"},\"primaryImageOfPage\":{\"@id\":\"https:\\\/\\\/casadecampoliving.com\\\/es\\\/fusion-de-colores-y-movimientos-los-colores-de-la-danza-por-el-ballet-nacional-dominicano\\\/#primaryimage\"},\"image\":{\"@id\":\"https:\\\/\\\/casadecampoliving.com\\\/es\\\/fusion-de-colores-y-movimientos-los-colores-de-la-danza-por-el-ballet-nacional-dominicano\\\/#primaryimage\"},\"thumbnailUrl\":\"https:\\\/\\\/i0.wp.com\\\/casadecampoliving.com\\\/wp-content\\\/uploads\\\/2022\\\/10\\\/dominican_national_ballet2-1.jpg?fit=650%2C176&ssl=1\",\"datePublished\":\"2012-12-23T04:00:00+00:00\",\"dateModified\":\"2022-10-21T22:45:03+00:00\",\"description\":\"Por primera vez, el Ballet Nacional Dominicano se present\u00f3 en el anfiteatro de Altos de Chav\u00f3n este s\u00e1bado pasado, 15 de Diciembre del 2012. El ballet\",\"breadcrumb\":{\"@id\":\"https:\\\/\\\/casadecampoliving.com\\\/es\\\/fusion-de-colores-y-movimientos-los-colores-de-la-danza-por-el-ballet-nacional-dominicano\\\/#breadcrumb\"},\"inLanguage\":\"es\",\"potentialAction\":[{\"@type\":\"ReadAction\",\"target\":[\"https:\\\/\\\/casadecampoliving.com\\\/es\\\/fusion-de-colores-y-movimientos-los-colores-de-la-danza-por-el-ballet-nacional-dominicano\\\/\"]}]},{\"@type\":\"ImageObject\",\"inLanguage\":\"es\",\"@id\":\"https:\\\/\\\/casadecampoliving.com\\\/es\\\/fusion-de-colores-y-movimientos-los-colores-de-la-danza-por-el-ballet-nacional-dominicano\\\/#primaryimage\",\"url\":\"https:\\\/\\\/i0.wp.com\\\/casadecampoliving.com\\\/wp-content\\\/uploads\\\/2022\\\/10\\\/dominican_national_ballet2-1.jpg?fit=650%2C176&ssl=1\",\"contentUrl\":\"https:\\\/\\\/i0.wp.com\\\/casadecampoliving.com\\\/wp-content\\\/uploads\\\/2022\\\/10\\\/dominican_national_ballet2-1.jpg?fit=650%2C176&ssl=1\",\"width\":650,\"height\":176,\"caption\":\"dominican national ballet\"},{\"@type\":\"BreadcrumbList\",\"@id\":\"https:\\\/\\\/casadecampoliving.com\\\/es\\\/fusion-de-colores-y-movimientos-los-colores-de-la-danza-por-el-ballet-nacional-dominicano\\\/#breadcrumb\",\"itemListElement\":[{\"@type\":\"ListItem\",\"position\":1,\"name\":\"Home\",\"item\":\"https:\\\/\\\/casadecampoliving.com\\\/es\\\/\"},{\"@type\":\"ListItem\",\"position\":2,\"name\":\"Fusi\u00f3n de colores y movimientos &#8211; &#8220;Los colores de la danza&#8221; por el Ballet Nacional Dominicano\"}]},{\"@type\":\"WebSite\",\"@id\":\"https:\\\/\\\/casadecampoliving.com\\\/es\\\/#website\",\"url\":\"https:\\\/\\\/casadecampoliving.com\\\/es\\\/\",\"name\":\"Casa de Campo Living\",\"description\":\"Resort community news and resources.\",\"publisher\":{\"@id\":\"https:\\\/\\\/casadecampoliving.com\\\/es\\\/#organization\"},\"potentialAction\":[{\"@type\":\"SearchAction\",\"target\":{\"@type\":\"EntryPoint\",\"urlTemplate\":\"https:\\\/\\\/casadecampoliving.com\\\/es\\\/?s={search_term_string}\"},\"query-input\":{\"@type\":\"PropertyValueSpecification\",\"valueRequired\":true,\"valueName\":\"search_term_string\"}}],\"inLanguage\":\"es\"},{\"@type\":\"Organization\",\"@id\":\"https:\\\/\\\/casadecampoliving.com\\\/es\\\/#organization\",\"name\":\"Casa de Campo Living\",\"url\":\"https:\\\/\\\/casadecampoliving.com\\\/es\\\/\",\"logo\":{\"@type\":\"ImageObject\",\"inLanguage\":\"es\",\"@id\":\"https:\\\/\\\/casadecampoliving.com\\\/es\\\/#\\\/schema\\\/logo\\\/image\\\/\",\"url\":\"https:\\\/\\\/i0.wp.com\\\/casadecampoliving.com\\\/wp-content\\\/uploads\\\/2022\\\/07\\\/CDCLivingLogo_V1-white-sized.png?fit=800%2C214&ssl=1\",\"contentUrl\":\"https:\\\/\\\/i0.wp.com\\\/casadecampoliving.com\\\/wp-content\\\/uploads\\\/2022\\\/07\\\/CDCLivingLogo_V1-white-sized.png?fit=800%2C214&ssl=1\",\"width\":800,\"height\":214,\"caption\":\"Casa de Campo Living\"},\"image\":{\"@id\":\"https:\\\/\\\/casadecampoliving.com\\\/es\\\/#\\\/schema\\\/logo\\\/image\\\/\"},\"sameAs\":[\"https:\\\/\\\/www.facebook.com\\\/casadecampoliving\",\"https:\\\/\\\/x.com\\\/cdcliving\"]},{\"@type\":\"Person\",\"@id\":\"https:\\\/\\\/casadecampoliving.com\\\/es\\\/#\\\/schema\\\/person\\\/2b2208f3175fa8761e25b272e096d718\",\"name\":\"Rebecca Silvestri\",\"image\":{\"@type\":\"ImageObject\",\"inLanguage\":\"es\",\"@id\":\"https:\\\/\\\/secure.gravatar.com\\\/avatar\\\/2d937fd6c1769fb718dbf8dce9e82bf5f89e97bd028f9b3ea10b931dc7df95c6?s=96&d=mm&r=g\",\"url\":\"https:\\\/\\\/secure.gravatar.com\\\/avatar\\\/2d937fd6c1769fb718dbf8dce9e82bf5f89e97bd028f9b3ea10b931dc7df95c6?s=96&d=mm&r=g\",\"contentUrl\":\"https:\\\/\\\/secure.gravatar.com\\\/avatar\\\/2d937fd6c1769fb718dbf8dce9e82bf5f89e97bd028f9b3ea10b931dc7df95c6?s=96&d=mm&r=g\",\"caption\":\"Rebecca Silvestri\"},\"url\":\"https:\\\/\\\/casadecampoliving.com\\\/es\\\/author\\\/madamehuge\\\/\"}]}<\/script>\n<!-- \/ Yoast SEO plugin. -->","yoast_head_json":{"title":"Fusi\u00f3n de colores y movimientos - \"Los colores de la danza\" por el Ballet Nacional Dominicano | Casa de Campo Living","description":"Por primera vez, el Ballet Nacional Dominicano se present\u00f3 en el anfiteatro de Altos de Chav\u00f3n este s\u00e1bado pasado, 15 de Diciembre del 2012. El ballet","robots":{"index":"index","follow":"follow","max-snippet":"max-snippet:-1","max-image-preview":"max-image-preview:large","max-video-preview":"max-video-preview:-1"},"canonical":"https:\/\/casadecampoliving.com\/es\/fusion-de-colores-y-movimientos-los-colores-de-la-danza-por-el-ballet-nacional-dominicano\/","og_locale":"es_ES","og_type":"article","og_title":"Fusi\u00f3n de colores y movimientos - \"Los colores de la danza\" por el Ballet Nacional Dominicano | Casa de Campo Living","og_description":"Por primera vez, el Ballet Nacional Dominicano se present\u00f3 en el anfiteatro de Altos de Chav\u00f3n este s\u00e1bado pasado, 15 de Diciembre del 2012. El ballet","og_url":"https:\/\/casadecampoliving.com\/es\/fusion-de-colores-y-movimientos-los-colores-de-la-danza-por-el-ballet-nacional-dominicano\/","og_site_name":"Casa de Campo Living","article_publisher":"https:\/\/www.facebook.com\/casadecampoliving","article_published_time":"2012-12-23T04:00:00+00:00","article_modified_time":"2022-10-21T22:45:03+00:00","og_image":[{"width":650,"height":176,"url":"https:\/\/i0.wp.com\/casadecampoliving.com\/wp-content\/uploads\/2022\/10\/dominican_national_ballet2-1.jpg?fit=650%2C176&ssl=1","type":"image\/jpeg"}],"author":"Rebecca Silvestri","twitter_card":"summary_large_image","twitter_creator":"@cdcliving","twitter_site":"@cdcliving","twitter_misc":{"Escrito por":"Rebecca Silvestri","Tiempo de lectura":"2 minutos"},"schema":{"@context":"https:\/\/schema.org","@graph":[{"@type":"Article","@id":"https:\/\/casadecampoliving.com\/es\/fusion-de-colores-y-movimientos-los-colores-de-la-danza-por-el-ballet-nacional-dominicano\/#article","isPartOf":{"@id":"https:\/\/casadecampoliving.com\/es\/fusion-de-colores-y-movimientos-los-colores-de-la-danza-por-el-ballet-nacional-dominicano\/"},"author":{"name":"Rebecca Silvestri","@id":"https:\/\/casadecampoliving.com\/es\/#\/schema\/person\/2b2208f3175fa8761e25b272e096d718"},"headline":"Fusi\u00f3n de colores y movimientos &#8211; \u00abLos colores de la danza\u00bb por el Ballet Nacional Dominicano","datePublished":"2012-12-23T04:00:00+00:00","dateModified":"2022-10-21T22:45:03+00:00","mainEntityOfPage":{"@id":"https:\/\/casadecampoliving.com\/es\/fusion-de-colores-y-movimientos-los-colores-de-la-danza-por-el-ballet-nacional-dominicano\/"},"wordCount":482,"publisher":{"@id":"https:\/\/casadecampoliving.com\/es\/#organization"},"image":{"@id":"https:\/\/casadecampoliving.com\/es\/fusion-de-colores-y-movimientos-los-colores-de-la-danza-por-el-ballet-nacional-dominicano\/#primaryimage"},"thumbnailUrl":"https:\/\/i0.wp.com\/casadecampoliving.com\/wp-content\/uploads\/2022\/10\/dominican_national_ballet2-1.jpg?fit=650%2C176&ssl=1","keywords":["Altos de Chavon","altos de chavon@es","anfiteatro","anfiteatro de altos de chavon","ballet","ballet nacional dominicano","navidad"],"articleSection":["Altos de Chavon @es","Arte y cultura","Conciertos","Destacados","Eventos","Noticias Locales","Proximamente"],"inLanguage":"es"},{"@type":"WebPage","@id":"https:\/\/casadecampoliving.com\/es\/fusion-de-colores-y-movimientos-los-colores-de-la-danza-por-el-ballet-nacional-dominicano\/","url":"https:\/\/casadecampoliving.com\/es\/fusion-de-colores-y-movimientos-los-colores-de-la-danza-por-el-ballet-nacional-dominicano\/","name":"Fusi\u00f3n de colores y movimientos - \"Los colores de la danza\" por el Ballet Nacional Dominicano | Casa de Campo Living","isPartOf":{"@id":"https:\/\/casadecampoliving.com\/es\/#website"},"primaryImageOfPage":{"@id":"https:\/\/casadecampoliving.com\/es\/fusion-de-colores-y-movimientos-los-colores-de-la-danza-por-el-ballet-nacional-dominicano\/#primaryimage"},"image":{"@id":"https:\/\/casadecampoliving.com\/es\/fusion-de-colores-y-movimientos-los-colores-de-la-danza-por-el-ballet-nacional-dominicano\/#primaryimage"},"thumbnailUrl":"https:\/\/i0.wp.com\/casadecampoliving.com\/wp-content\/uploads\/2022\/10\/dominican_national_ballet2-1.jpg?fit=650%2C176&ssl=1","datePublished":"2012-12-23T04:00:00+00:00","dateModified":"2022-10-21T22:45:03+00:00","description":"Por primera vez, el Ballet Nacional Dominicano se present\u00f3 en el anfiteatro de Altos de Chav\u00f3n este s\u00e1bado pasado, 15 de Diciembre del 2012. El ballet","breadcrumb":{"@id":"https:\/\/casadecampoliving.com\/es\/fusion-de-colores-y-movimientos-los-colores-de-la-danza-por-el-ballet-nacional-dominicano\/#breadcrumb"},"inLanguage":"es","potentialAction":[{"@type":"ReadAction","target":["https:\/\/casadecampoliving.com\/es\/fusion-de-colores-y-movimientos-los-colores-de-la-danza-por-el-ballet-nacional-dominicano\/"]}]},{"@type":"ImageObject","inLanguage":"es","@id":"https:\/\/casadecampoliving.com\/es\/fusion-de-colores-y-movimientos-los-colores-de-la-danza-por-el-ballet-nacional-dominicano\/#primaryimage","url":"https:\/\/i0.wp.com\/casadecampoliving.com\/wp-content\/uploads\/2022\/10\/dominican_national_ballet2-1.jpg?fit=650%2C176&ssl=1","contentUrl":"https:\/\/i0.wp.com\/casadecampoliving.com\/wp-content\/uploads\/2022\/10\/dominican_national_ballet2-1.jpg?fit=650%2C176&ssl=1","width":650,"height":176,"caption":"dominican national ballet"},{"@type":"BreadcrumbList","@id":"https:\/\/casadecampoliving.com\/es\/fusion-de-colores-y-movimientos-los-colores-de-la-danza-por-el-ballet-nacional-dominicano\/#breadcrumb","itemListElement":[{"@type":"ListItem","position":1,"name":"Home","item":"https:\/\/casadecampoliving.com\/es\/"},{"@type":"ListItem","position":2,"name":"Fusi\u00f3n de colores y movimientos &#8211; &#8220;Los colores de la danza&#8221; por el Ballet Nacional Dominicano"}]},{"@type":"WebSite","@id":"https:\/\/casadecampoliving.com\/es\/#website","url":"https:\/\/casadecampoliving.com\/es\/","name":"Casa de Campo Living","description":"Resort community news and resources.","publisher":{"@id":"https:\/\/casadecampoliving.com\/es\/#organization"},"potentialAction":[{"@type":"SearchAction","target":{"@type":"EntryPoint","urlTemplate":"https:\/\/casadecampoliving.com\/es\/?s={search_term_string}"},"query-input":{"@type":"PropertyValueSpecification","valueRequired":true,"valueName":"search_term_string"}}],"inLanguage":"es"},{"@type":"Organization","@id":"https:\/\/casadecampoliving.com\/es\/#organization","name":"Casa de Campo Living","url":"https:\/\/casadecampoliving.com\/es\/","logo":{"@type":"ImageObject","inLanguage":"es","@id":"https:\/\/casadecampoliving.com\/es\/#\/schema\/logo\/image\/","url":"https:\/\/i0.wp.com\/casadecampoliving.com\/wp-content\/uploads\/2022\/07\/CDCLivingLogo_V1-white-sized.png?fit=800%2C214&ssl=1","contentUrl":"https:\/\/i0.wp.com\/casadecampoliving.com\/wp-content\/uploads\/2022\/07\/CDCLivingLogo_V1-white-sized.png?fit=800%2C214&ssl=1","width":800,"height":214,"caption":"Casa de Campo Living"},"image":{"@id":"https:\/\/casadecampoliving.com\/es\/#\/schema\/logo\/image\/"},"sameAs":["https:\/\/www.facebook.com\/casadecampoliving","https:\/\/x.com\/cdcliving"]},{"@type":"Person","@id":"https:\/\/casadecampoliving.com\/es\/#\/schema\/person\/2b2208f3175fa8761e25b272e096d718","name":"Rebecca Silvestri","image":{"@type":"ImageObject","inLanguage":"es","@id":"https:\/\/secure.gravatar.com\/avatar\/2d937fd6c1769fb718dbf8dce9e82bf5f89e97bd028f9b3ea10b931dc7df95c6?s=96&d=mm&r=g","url":"https:\/\/secure.gravatar.com\/avatar\/2d937fd6c1769fb718dbf8dce9e82bf5f89e97bd028f9b3ea10b931dc7df95c6?s=96&d=mm&r=g","contentUrl":"https:\/\/secure.gravatar.com\/avatar\/2d937fd6c1769fb718dbf8dce9e82bf5f89e97bd028f9b3ea10b931dc7df95c6?s=96&d=mm&r=g","caption":"Rebecca Silvestri"},"url":"https:\/\/casadecampoliving.com\/es\/author\/madamehuge\/"}]}},"parsely":{"version":"1.1.0","canonical_url":"https:\/\/casadecampoliving.com\/es\/fusion-de-colores-y-movimientos-los-colores-de-la-danza-por-el-ballet-nacional-dominicano\/","smart_links":{"inbound":0,"outbound":0},"traffic_boost_suggestions_count":0,"meta":{"@context":"https:\/\/schema.org","@type":"NewsArticle","headline":"Fusi\u00f3n de colores y movimientos &#8211; \u00abLos colores de la danza\u00bb por el Ballet Nacional Dominicano","url":"http:\/\/casadecampoliving.com\/es\/fusion-de-colores-y-movimientos-los-colores-de-la-danza-por-el-ballet-nacional-dominicano\/","mainEntityOfPage":{"@type":"WebPage","@id":"http:\/\/casadecampoliving.com\/es\/fusion-de-colores-y-movimientos-los-colores-de-la-danza-por-el-ballet-nacional-dominicano\/"},"thumbnailUrl":"https:\/\/i0.wp.com\/casadecampoliving.com\/wp-content\/uploads\/2022\/10\/dominican_national_ballet2-1.jpg?resize=150%2C150&ssl=1","image":{"@type":"ImageObject","url":"https:\/\/i0.wp.com\/casadecampoliving.com\/wp-content\/uploads\/2022\/10\/dominican_national_ballet2-1.jpg?fit=650%2C176&ssl=1"},"articleSection":"Altos de Chavon @es","author":[{"@type":"Person","name":"Rebecca Silvestri"}],"creator":["Rebecca Silvestri"],"publisher":{"@type":"Organization","name":"Casa de Campo Living","logo":"https:\/\/casadecampoliving.com\/wp-content\/uploads\/2022\/07\/CDCLivingLogo_V1-white-sized.png"},"keywords":["altos de chavon","altos de chavon@es","anfiteatro","anfiteatro de altos de chavon","ballet","ballet nacional dominicano","navidad"],"dateCreated":"2012-12-23T04:00:00Z","datePublished":"2012-12-23T04:00:00Z","dateModified":"2022-10-21T22:45:03Z"},"rendered":"<script type=\"application\/ld+json\" class=\"wp-parsely-metadata\">{\"@context\":\"https:\\\/\\\/schema.org\",\"@type\":\"NewsArticle\",\"headline\":\"Fusi\\u00f3n de colores y movimientos &#8211; \\u00abLos colores de la danza\\u00bb por el Ballet Nacional Dominicano\",\"url\":\"http:\\\/\\\/casadecampoliving.com\\\/es\\\/fusion-de-colores-y-movimientos-los-colores-de-la-danza-por-el-ballet-nacional-dominicano\\\/\",\"mainEntityOfPage\":{\"@type\":\"WebPage\",\"@id\":\"http:\\\/\\\/casadecampoliving.com\\\/es\\\/fusion-de-colores-y-movimientos-los-colores-de-la-danza-por-el-ballet-nacional-dominicano\\\/\"},\"thumbnailUrl\":\"https:\\\/\\\/i0.wp.com\\\/casadecampoliving.com\\\/wp-content\\\/uploads\\\/2022\\\/10\\\/dominican_national_ballet2-1.jpg?resize=150%2C150&ssl=1\",\"image\":{\"@type\":\"ImageObject\",\"url\":\"https:\\\/\\\/i0.wp.com\\\/casadecampoliving.com\\\/wp-content\\\/uploads\\\/2022\\\/10\\\/dominican_national_ballet2-1.jpg?fit=650%2C176&ssl=1\"},\"articleSection\":\"Altos de Chavon @es\",\"author\":[{\"@type\":\"Person\",\"name\":\"Rebecca Silvestri\"}],\"creator\":[\"Rebecca Silvestri\"],\"publisher\":{\"@type\":\"Organization\",\"name\":\"Casa de Campo Living\",\"logo\":\"https:\\\/\\\/casadecampoliving.com\\\/wp-content\\\/uploads\\\/2022\\\/07\\\/CDCLivingLogo_V1-white-sized.png\"},\"keywords\":[\"altos de chavon\",\"altos de chavon@es\",\"anfiteatro\",\"anfiteatro de altos de chavon\",\"ballet\",\"ballet nacional dominicano\",\"navidad\"],\"dateCreated\":\"2012-12-23T04:00:00Z\",\"datePublished\":\"2012-12-23T04:00:00Z\",\"dateModified\":\"2022-10-21T22:45:03Z\"}<\/script>","tracker_url":"https:\/\/cdn.parsely.com\/keys\/casadecampoliving.com\/p.js"},"jetpack_publicize_connections":[],"jetpack_featured_media_url":"https:\/\/i0.wp.com\/casadecampoliving.com\/wp-content\/uploads\/2022\/10\/dominican_national_ballet2-1.jpg?fit=650%2C176&ssl=1","jetpack-related-posts":[{"id":433460,"url":"https:\/\/casadecampoliving.com\/es\/no-se-pierdan-el-increible-tributo-a-frank-sinatra-para-celebrar-el-40-aniversario-del-anfiteatro-altos-de-chavon\/","url_meta":{"origin":340356,"position":0},"title":"No se pierdan el incre\u00edble tributo a Frank Sinatra para celebrar el 40 aniversario del\u00a0Anfiteatro Altos de Chav\u00f3n","author":"Casa de Campo Living","date":"20 Oct, 2022","format":false,"excerpt":"Siendo uno de los escenarios m\u00e1s emblem\u00e1ticos del pa\u00eds, Casa de Campo Resort\u00ae & Villas celebra las cuatro d\u00e9cadas de aniversario de Altos de Chav\u00f3n con un tributo al gran Frank Sinatra, protagonizado por artistas invitados y una big band tal cual la que acompa\u00f1\u00f3 al artista hace 40 a\u00f1os\u2026","rel":"","context":"En \u00abUncategorized @es\u00bb","block_context":{"text":"Uncategorized @es","link":"https:\/\/casadecampoliving.com\/es\/category\/uncategorized-es\/"},"img":{"alt_text":"","src":"https:\/\/i0.wp.com\/casadecampoliving.com\/wp-content\/uploads\/2022\/10\/Tributo-Frank-Sinatra-Foto-Principal-Amaury-Sanchez-Danilo-Ginebra-Andres-Pichardo-y-Jose-Gabriel-Perez-.jpg?fit=1200%2C873&ssl=1&resize=350%2C200","width":350,"height":200,"srcset":"https:\/\/i0.wp.com\/casadecampoliving.com\/wp-content\/uploads\/2022\/10\/Tributo-Frank-Sinatra-Foto-Principal-Amaury-Sanchez-Danilo-Ginebra-Andres-Pichardo-y-Jose-Gabriel-Perez-.jpg?fit=1200%2C873&ssl=1&resize=350%2C200 1x, https:\/\/i0.wp.com\/casadecampoliving.com\/wp-content\/uploads\/2022\/10\/Tributo-Frank-Sinatra-Foto-Principal-Amaury-Sanchez-Danilo-Ginebra-Andres-Pichardo-y-Jose-Gabriel-Perez-.jpg?fit=1200%2C873&ssl=1&resize=525%2C300 1.5x, https:\/\/i0.wp.com\/casadecampoliving.com\/wp-content\/uploads\/2022\/10\/Tributo-Frank-Sinatra-Foto-Principal-Amaury-Sanchez-Danilo-Ginebra-Andres-Pichardo-y-Jose-Gabriel-Perez-.jpg?fit=1200%2C873&ssl=1&resize=700%2C400 2x, https:\/\/i0.wp.com\/casadecampoliving.com\/wp-content\/uploads\/2022\/10\/Tributo-Frank-Sinatra-Foto-Principal-Amaury-Sanchez-Danilo-Ginebra-Andres-Pichardo-y-Jose-Gabriel-Perez-.jpg?fit=1200%2C873&ssl=1&resize=1050%2C600 3x"},"classes":[]},{"id":340526,"url":"https:\/\/casadecampoliving.com\/es\/desde-altos-de-chavon-a-nueva-york-bailerin-de-kandela-reclutado-por-el-ballet-hispanico\/","url_meta":{"origin":340356,"position":1},"title":"Desde Altos de Chav\u00f3n a Nueva York! Bailerin de \u00abKandela!\u00bb reclutado por el Ballet Hisp\u00e1nico","author":"Rebecca Silvestri","date":"27 Ene, 2013","format":false,"excerpt":"Alejandro Duval, bailarin dominicano del espect\u00e1culo \u201cKandela!\u201d\u00a0 del anfiteatro de\u00a0Altos de Chav\u00f3n y miembro del Ballet Nacional Dominicano, quienes recientemente realiz\u00f3 \u201cLos Colores de la Danza\u201d en el anfiteatro, acaba de ser reclutado por el grupo Ballet Hisp\u00e1nico de Nueva York. Aqu\u00ed les compartimos un art\u00edculo contribuido por Ana Pereya,\u2026","rel":"","context":"En \u00abAltos de Chavon @es\u00bb","block_context":{"text":"Altos de Chavon @es","link":"https:\/\/casadecampoliving.com\/category\/altos-de-chavon-es\/"},"img":{"alt_text":"ballet","src":"https:\/\/i0.wp.com\/casadecampoliving.com\/wp-content\/uploads\/2022\/10\/ballet-9.jpg?fit=650%2C400&ssl=1&resize=350%2C200","width":350,"height":200,"srcset":"https:\/\/i0.wp.com\/casadecampoliving.com\/wp-content\/uploads\/2022\/10\/ballet-9.jpg?fit=650%2C400&ssl=1&resize=350%2C200 1x, https:\/\/i0.wp.com\/casadecampoliving.com\/wp-content\/uploads\/2022\/10\/ballet-9.jpg?fit=650%2C400&ssl=1&resize=525%2C300 1.5x"},"classes":[]},{"id":340324,"url":"https:\/\/casadecampoliving.com\/es\/ya-tienen-sus-entradas-ballet-nacional-dominicano-sabado-15-de-diciembre-en-el-anfiteatro\/","url_meta":{"origin":340356,"position":2},"title":"\u00bfYa tienen sus entradas? Ballet Nacional Dominicano &#8211; s\u00e1bado 15 de diciembre en el anfiteatro!","author":"Tere Garcia","date":"12 Dic, 2012","format":false,"excerpt":"Ma\u00f1ana s\u00e1bado 15 de diciembre, el Ballet Nacional Dominicano se presentar\u00e1 en el anfiteatro de Altos de Chav\u00f3n en un gran espect\u00e1culo llamado \u201cLos colores de la Danza\u201d \u2013 y usted, su familia y amigos est\u00e1n invitados a disfrutar de esta ocasi\u00f3n magn\u00edfica ! Aunque las entradas son gratuitas \u2013\u2026","rel":"","context":"En \u00abAltos de Chavon @es\u00bb","block_context":{"text":"Altos de Chavon @es","link":"https:\/\/casadecampoliving.com\/category\/altos-de-chavon-es\/"},"img":{"alt_text":"ballet altos de chavon","src":"https:\/\/i0.wp.com\/casadecampoliving.com\/wp-content\/uploads\/2022\/10\/ballet_altos_de_chavon-4.jpg?fit=650%2C343&ssl=1&resize=350%2C200","width":350,"height":200,"srcset":"https:\/\/i0.wp.com\/casadecampoliving.com\/wp-content\/uploads\/2022\/10\/ballet_altos_de_chavon-4.jpg?fit=650%2C343&ssl=1&resize=350%2C200 1x, https:\/\/i0.wp.com\/casadecampoliving.com\/wp-content\/uploads\/2022\/10\/ballet_altos_de_chavon-4.jpg?fit=650%2C343&ssl=1&resize=525%2C300 1.5x"},"classes":[]},{"id":340246,"url":"https:\/\/casadecampoliving.com\/es\/los-colores-de-la-danza-presentado-por-el-ballet-nacional-dominicano-sabado-15-de-diciembre\/","url_meta":{"origin":340356,"position":3},"title":"Los Colores de la Danza presentado por el Ballet Nacional Dominicano: s\u00e1bado 15 de diciembre","author":"Tere Garcia","date":"9 Dic, 2012","format":false,"excerpt":"El s\u00e1bado 15 de diciembre del 2012, Casa de Campo, Altos de Chav\u00f3n y el Ministerio de la Rep\u00fablica Dominicana de la Cultura te invitan a un espect\u00e1culo m\u00e1gico de ballet en el anfiteatro en Altos de Chav\u00f3n- \u201cLos colores de la Danza\u201d ballet realizado por el Ballet Nacional Dominicano.\u2026","rel":"","context":"En \u00abAltos de Chavon @es\u00bb","block_context":{"text":"Altos de Chavon @es","link":"https:\/\/casadecampoliving.com\/category\/altos-de-chavon-es\/"},"img":{"alt_text":"ballet","src":"https:\/\/i0.wp.com\/casadecampoliving.com\/wp-content\/uploads\/2022\/10\/ballet-5.jpg?fit=650%2C373&ssl=1&resize=350%2C200","width":350,"height":200,"srcset":"https:\/\/i0.wp.com\/casadecampoliving.com\/wp-content\/uploads\/2022\/10\/ballet-5.jpg?fit=650%2C373&ssl=1&resize=350%2C200 1x, https:\/\/i0.wp.com\/casadecampoliving.com\/wp-content\/uploads\/2022\/10\/ballet-5.jpg?fit=650%2C373&ssl=1&resize=525%2C300 1.5x"},"classes":[]},{"id":343466,"url":"https:\/\/casadecampoliving.com\/es\/entrevista-marinella-sallent\/","url_meta":{"origin":340356,"position":4},"title":"Entrevista a Marinella Sallent, directora del Ballet Nacional Dominicano","author":"Perkin Agramonte","date":"12 Dic, 2013","format":false,"excerpt":"Previo a la esperada presentaci\u00f3n de ballet \u201cOto\u00f1o Danza\u201d este s\u00e1bado 14 de diciembre, estamos ansiosos por saber con que nos sorprender\u00e1 el Ballet Nacional Dominicano, por lo cual nos juntamos con su directora Marinella Sallent. Considerando el ballet como la forma m\u00e1s desarrollada de entrenamiento f\u00edsico en el mundo,\u2026","rel":"","context":"En \u00abAltos de Chavon @es\u00bb","block_context":{"text":"Altos de Chavon @es","link":"https:\/\/casadecampoliving.com\/category\/altos-de-chavon-es\/"},"img":{"alt_text":"Dominican National Ballet","src":"https:\/\/i0.wp.com\/casadecampoliving.com\/wp-content\/uploads\/2022\/10\/Ballet-Agua-Viva-1.jpg?fit=650%2C403&ssl=1&resize=350%2C200","width":350,"height":200,"srcset":"https:\/\/i0.wp.com\/casadecampoliving.com\/wp-content\/uploads\/2022\/10\/Ballet-Agua-Viva-1.jpg?fit=650%2C403&ssl=1&resize=350%2C200 1x, https:\/\/i0.wp.com\/casadecampoliving.com\/wp-content\/uploads\/2022\/10\/Ballet-Agua-Viva-1.jpg?fit=650%2C403&ssl=1&resize=525%2C300 1.5x"},"classes":[]},{"id":343456,"url":"https:\/\/casadecampoliving.com\/es\/otono-danza-ballet-nacional-dominicano\/","url_meta":{"origin":340356,"position":5},"title":"Presentaci\u00f3n \u00abOto\u00f1o Danza\u00bb por el Ballet Nacional Dominicano","author":"Perkin Agramonte","date":"10 Dic, 2013","format":false,"excerpt":"Este s\u00e1bado 14 de diciembre, Casa de Campo y Altos de Chav\u00f3n cordialmente les invita al ballet \u201cOto\u00f1o Danza\u201d, la \u00faltima gala del a\u00f1o para el Ballet Dominicano Nacional, que se presentar\u00e1 en el espectacular anfiteatro de Altos de Chav\u00f3n. Con \u201cOto\u00f1o Danza\u201d el Ballet Nacional ofrece la clausura de\u2026","rel":"","context":"En \u00abAltos de Chavon @es\u00bb","block_context":{"text":"Altos de Chavon @es","link":"https:\/\/casadecampoliving.com\/category\/altos-de-chavon-es\/"},"img":{"alt_text":"Oto\u00f1o Danza Ballet","src":"https:\/\/i0.wp.com\/casadecampoliving.com\/wp-content\/uploads\/2022\/10\/otono_danza_ballet-1.jpg?fit=650%2C369&ssl=1&resize=350%2C200","width":350,"height":200,"srcset":"https:\/\/i0.wp.com\/casadecampoliving.com\/wp-content\/uploads\/2022\/10\/otono_danza_ballet-1.jpg?fit=650%2C369&ssl=1&resize=350%2C200 1x, https:\/\/i0.wp.com\/casadecampoliving.com\/wp-content\/uploads\/2022\/10\/otono_danza_ballet-1.jpg?fit=650%2C369&ssl=1&resize=525%2C300 1.5x"},"classes":[]}],"jetpack_sharing_enabled":true,"_links":{"self":[{"href":"https:\/\/casadecampoliving.com\/es\/wp-json\/wp\/v2\/posts\/340356","targetHints":{"allow":["GET"]}}],"collection":[{"href":"https:\/\/casadecampoliving.com\/es\/wp-json\/wp\/v2\/posts"}],"about":[{"href":"https:\/\/casadecampoliving.com\/es\/wp-json\/wp\/v2\/types\/post"}],"author":[{"embeddable":true,"href":"https:\/\/casadecampoliving.com\/es\/wp-json\/wp\/v2\/users\/31"}],"replies":[{"embeddable":true,"href":"https:\/\/casadecampoliving.com\/es\/wp-json\/wp\/v2\/comments?post=340356"}],"version-history":[{"count":1,"href":"https:\/\/casadecampoliving.com\/es\/wp-json\/wp\/v2\/posts\/340356\/revisions"}],"predecessor-version":[{"id":340357,"href":"https:\/\/casadecampoliving.com\/es\/wp-json\/wp\/v2\/posts\/340356\/revisions\/340357"}],"wp:featuredmedia":[{"embeddable":true,"href":"https:\/\/casadecampoliving.com\/es\/wp-json\/wp\/v2\/media\/245395"}],"wp:attachment":[{"href":"https:\/\/casadecampoliving.com\/es\/wp-json\/wp\/v2\/media?parent=340356"}],"wp:term":[{"taxonomy":"category","embeddable":true,"href":"https:\/\/casadecampoliving.com\/es\/wp-json\/wp\/v2\/categories?post=340356"},{"taxonomy":"post_tag","embeddable":true,"href":"https:\/\/casadecampoliving.com\/es\/wp-json\/wp\/v2\/tags?post=340356"},{"taxonomy":"newspack_spnsrs_tax","embeddable":true,"href":"https:\/\/casadecampoliving.com\/es\/wp-json\/wp\/v2\/newspack_spnsrs_tax?post=340356"}],"curies":[{"name":"wp","href":"https:\/\/api.w.org\/{rel}","templated":true}]}}