{"id":340318,"date":"2012-12-12T00:00:00","date_gmt":"2012-12-12T04:00:00","guid":{"rendered":"https:\/\/casadecampoliving.com\/este-fin-de-semana-en-casa-de-campo-dic-14-16\/"},"modified":"2022-10-21T18:52:32","modified_gmt":"2022-10-21T22:52:32","slug":"este-fin-de-semana-en-casa-de-campo-dic-14-16","status":"publish","type":"post","link":"https:\/\/casadecampoliving.com\/es\/este-fin-de-semana-en-casa-de-campo-dic-14-16\/","title":{"rendered":"Este fin de semana en Casa de Campo: Dic. 14 &#8211; 16"},"content":{"rendered":"<div class=\"wp-block-image\">\n<figure class=\"aligncenter is-resized\"><img loading=\"lazy\" decoding=\"async\" src=\"https:\/\/i0.wp.com\/casadecampoliving.com\/wp-content\/uploads\/2022\/10\/este-fin-de-semana-en-casa1-2.jpg?resize=650%2C400&amp;ssl=1\" alt=\"este fin de semana casa de campo\" class=\"wp-image-62407\" title=\"este-fin-de-semana-en-casa1\" height=\"400\" width=\"650\"\/><\/figure>\n<\/div>\n\n\n<p class=\"wp-block-paragraph\">Esta semana en Casa de Campo, les invitamos a disfrutar de las numerosas actividades festivas de esta temporada en la ciudad de los artistas, Altos de Chav\u00f3n! Ya casi llega la Navidad!<\/p>\n\n\n\n<!--more-->\n\n\n\n<h2 class=\"wp-block-heading\">Lunes 10 de Dic \u2013 Domingo 16 de Dic<\/h2>\n\n\n\n<p class=\"wp-block-paragraph\"><strong>Las pr\u00f3ximas actividades son:<\/strong><\/p>\n\n\n\n<p class=\"wp-block-paragraph\">\u2022 <a href=\"http:\/\/todo.fm\/en\/node\/854\">Antonia Chabebe en Concierto!<\/a><\/p>\n\n\n\n<div>\u2022<a href=\"http:\/\/todo.fm\/es\/node\/687\"> Concierto de Julio Iglesias: 28 de diciembre! <\/a><\/div>\n\n\n\n<p class=\"wp-block-paragraph\">\u2022 <a href=\"http:\/\/todo.fm\/es\/node\/560\">Cartier Benefit: 29 de diciembre!<\/a><\/p>\n\n\n\n<h3 class=\"wp-block-heading\"><a href=\"http:\/\/www.todocasadecampo.com\/es\"><em>HAGA CLICK AQU\u00cd para el calendario completo!<\/em><\/a><\/h3>\n\n\n\n<p class=\"wp-block-paragraph\"><strong><a href=\"http:\/\/wp.me\/p1kvEy-abH\">Haga click para ver la cartelera de cine y los trailers<\/a><\/strong><strong><strong><a href=\"https:\/\/i0.wp.com\/casadecampoliving.com\/wp-content\/uploads\/2022\/10\/casa_de_campo4-9.jpg?ssl=1\"><img decoding=\"async\" loading=\"lazy\" title=\"casa_de_campo\" src=\"https:\/\/i0.wp.com\/casadecampoliving.com\/wp-content\/uploads\/2022\/10\/casa_de_campo4-9.jpg?resize=550%2C32&amp;ssl=1\" alt=\"\" width=\"550\" height=\"32\"><\/a><\/strong><\/strong><\/p>\n\n\n\n<p class=\"wp-block-paragraph\"><strong><strong><strong><strong><a href=\"http:\/\/todo.fm\/es\/node\/776\">E<\/a><\/strong><\/strong><\/strong><strong><strong><strong><strong><strong><strong><strong><a href=\"http:\/\/todo.fm\/es\/node\/776\">xhibici\u00f3n de arte: <strong><strong><strong><strong><strong><strong><strong><strong><strong><strong><strong>\u201cArtistas en Residencia\u201d<\/strong><\/strong><\/strong><\/strong><\/strong><\/strong><\/strong><\/strong><\/strong><\/strong><\/strong><\/a><br>\n<strong><strong><strong>D\u00f3nde: <\/strong><\/strong><\/strong>Galer\u00eda de arte, Altos de Chav\u00f3n<strong><strong><strong><strong><strong><strong><strong><strong><strong><strong><strong><strong><a href=\"http:\/\/www.todo.fm\/es\/node\/166\"><strong><br>\n<\/strong><\/a><strong>Horario: <\/strong><\/strong><\/strong>8am \u2013 6pm<strong><strong><strong><strong><strong><strong><strong><strong><strong><strong><strong><strong><strong><strong><strong><strong><strong><strong><strong><strong><a href=\"http:\/\/www.todo.fm\/es\/node\/166\"><strong><br>\n<\/strong><\/a><strong><strong><a href=\"http:\/\/todo.fm\/es\/node\/776\">Haga click aqu\u00ed para m\u00e1s info!<\/a><\/strong><\/strong><\/strong><\/strong><\/strong><\/strong><\/strong><\/strong><\/strong><\/strong><\/strong><\/strong><\/strong><\/strong><\/strong><\/strong><\/strong><\/strong><\/strong><\/strong><\/strong><\/strong><\/strong><\/strong><\/strong><\/strong><\/strong><\/strong><\/strong><\/strong><\/strong><\/strong><\/strong><\/strong><\/strong><\/strong><\/strong><\/strong><\/strong><\/strong><\/p>\n\n\n\n<p class=\"wp-block-paragraph\"><a href=\"http:\/\/todo.fm\/es\/node\/768\"><strong>Exhibici\u00f3n de arte \u201cNatividad: Santos de Palo de Bonao\u201d<\/strong><\/a><br>\n<strong>D\u00f3nde<\/strong>: Galer\u00eda de arte, Altos de Chav\u00f3n (2do nivel)<br>\n<strong>Horario<\/strong>: 8am \u2013 5pm<br>\n<a href=\"http:\/\/todo.fm\/es\/node\/768\"><strong>Haga click aqu\u00ed para m\u00e1s info!<\/strong><\/a><\/p>\n\n\n\n<p class=\"wp-block-paragraph\"><a href=\"http:\/\/todo.fm\/es\/node\/726\"><strong>Escuela de Golf Jim McLean<\/strong><\/a><br>\n<strong>D\u00f3nde<\/strong>: Casa de Campo Golf<br>\n<a href=\"http:\/\/todo.fm\/es\/node\/726\"><strong>Haga click aqu\u00ed para m\u00e1s info!<\/strong><\/a><\/p>\n\n\n\n<p class=\"wp-block-paragraph\"><a href=\"http:\/\/todo.fm\/en\/node\/1007\"><strong>Cl\u00ednicas Complementarias con Jim McLean<\/strong><\/a><br>\n<strong>D\u00f3nde<\/strong>: Casa de Campo Golf<br>\n<a href=\"http:\/\/todo.fm\/en\/node\/1007\"><strong>Haga click aqu\u00ed para m\u00e1s info!<\/strong><\/a><\/p>\n\n\n\n<p class=\"wp-block-paragraph\"><a href=\"http:\/\/todo.fm\/es\/node\/977\"><strong>Exhibici\u00f3n de arte por Fernando Varela<\/strong><\/a><br>\n<strong>D\u00f3nde<\/strong>: Paseo del Mar, Marina Casa de Campo<br>\n<a href=\"http:\/\/todo.fm\/es\/node\/977\"><strong>Haga click aqu\u00ed para m\u00e1s info!<\/strong><\/a><\/p>\n\n\n\n<p class=\"wp-block-paragraph\"><a href=\"http:\/\/todo.fm\/es\/node\/869\"><strong>Presentaci\u00f3n del Teatro Rodante Dominicano<\/strong><\/a><br>\n<strong>D\u00f3nde<\/strong>: Plaza Chav\u00f3n<br>\n<a href=\"http:\/\/todo.fm\/es\/node\/869\"><strong>Haga click aqu\u00ed para m\u00e1s info!<\/strong><\/a><\/p>\n\n\n\n<p class=\"wp-block-paragraph\"><a href=\"http:\/\/todo.fm\/es\/node\/796\"><strong>M\u00fasica en vivo por Victor Mitrov<\/strong><\/a><br>\n<strong>D\u00f3nde<\/strong>: La Ca\u00f1a Restaurant &amp; Lounge by Il Circo<br>\n<a href=\"http:\/\/todo.fm\/es\/node\/796\"><strong>Haga click aqu\u00ed para m\u00e1s info!<\/strong> <\/a><\/p>\n\n\n\n<p class=\"wp-block-paragraph\"><a href=\"http:\/\/todo.fm\/es\/node\/871\"><strong>Santa Claus llega a Chav\u00f3n<\/strong><\/a><br>\n<strong>D\u00f3nde<\/strong>: Plaza Chav\u00f3n, 7pm<br>\n<a href=\"http:\/\/todo.fm\/es\/node\/871\"><strong>Haga click aqu\u00ed para m\u00e1s info!<\/strong><\/a><\/p>\n\n\n\n<p class=\"wp-block-paragraph\"><a href=\"http:\/\/todo.fm\/es\/node\/1006\"><strong>Aguinaldo: Parranda T\u00edpica Navide\u00f1a<\/strong><\/a><br>\n<strong>D\u00f3nde<\/strong>: Altos de Chav\u00f3n<br>\n<a href=\"http:\/\/todo.fm\/es\/node\/1006\"><strong>Haga click aqu\u00ed para m\u00e1s info!<\/strong><\/a><\/p>\n\n\n\n<p class=\"wp-block-paragraph\"><strong><strong><a href=\"http:\/\/wp.me\/p1kvEy-d0b\">\u201cMen\u00fa Especial de Fin de semana\u201d<\/a><br>\nD\u00f3nde: <\/strong><\/strong> Restaurante y Lounge La Ca\u00f1a by Il Circo<strong><br>\n<strong><a href=\"http:\/\/wp.me\/p1kvEy-d0b\">Haga click aqu\u00ed para m\u00e1s info!<\/a> <\/strong><\/strong><\/p>\n\n\n\n<figure class=\"wp-block-image is-resized\"><img loading=\"lazy\" decoding=\"async\" src=\"https:\/\/i0.wp.com\/casadecampoliving.com\/wp-content\/uploads\/2022\/10\/casa_de_campo21-2.jpg?resize=550%2C32&amp;ssl=1\" alt=\"\" title=\"casa_de_campo2\" height=\"32\" width=\"550\"\/><\/figure>\n\n\n\n<p class=\"wp-block-paragraph\"><a href=\"https:\/\/casadecampoliving.com\/wp-content\/uploads\/2022\/10\/casa_de_campo21-2.jpg\"><strong><strong><\/strong><\/strong><\/a><\/p>\n\n\n\n<p class=\"wp-block-paragraph\"><strong><strong><strong><strong><a href=\"http:\/\/todo.fm\/es\/node\/776\">E<\/a><\/strong><\/strong><\/strong><strong><strong><strong><strong><strong><strong><strong><a href=\"http:\/\/todo.fm\/es\/node\/776\">xhibici\u00f3n de arte: <strong><strong><strong><strong><strong><strong><strong><strong><strong><strong><strong>\u201cArtistas en Residencia\u201d<\/strong><\/strong><\/strong><\/strong><\/strong><\/strong><\/strong><\/strong><\/strong><\/strong><\/strong><\/a><br>\n<strong>D\u00f3nde: <\/strong>Galer\u00eda de arte, Altos de Chav\u00f3n<strong><strong><strong><strong><strong><strong><strong><strong><strong><strong><strong><strong><strong><strong><strong><strong><strong><strong><strong><strong><a href=\"http:\/\/www.todo.fm\/es\/node\/166\"><strong><br>\n<\/strong><\/a><strong>Horario: <\/strong><\/strong><\/strong>8am \u2013 6pm<strong><strong><strong><strong><strong><strong><strong><strong><strong><strong><strong><strong><strong><strong><strong><strong><strong><strong><strong><strong><strong><strong><strong><strong><strong><strong><strong><strong><strong><strong><strong><strong><strong><strong><strong><strong><strong><strong><a href=\"http:\/\/www.todo.fm\/es\/node\/166\"><strong><br>\n<\/strong><\/a><strong><strong><a href=\"http:\/\/todo.fm\/es\/node\/776\">Haga click aqu\u00ed para m\u00e1s info!<\/a><\/strong><\/strong><\/strong><\/strong><\/strong><\/strong><\/strong><\/strong><\/strong><\/strong><\/strong><\/strong><\/strong><\/strong><\/strong><\/strong><\/strong><\/strong><\/strong><\/strong><\/strong><\/strong><\/strong><\/strong><\/strong><\/strong><\/strong><\/strong><\/strong><\/strong><\/strong><\/strong><\/strong><\/strong><\/strong><\/strong><\/strong><\/strong><\/strong><\/strong><\/strong><\/strong><\/strong><\/strong><\/strong><\/strong><\/strong><\/strong><\/strong><\/strong><\/strong><\/strong><\/strong><\/strong><\/strong><\/strong><\/strong><\/strong><\/strong><\/strong><\/strong><\/strong><\/strong><\/strong><\/strong><\/strong><\/p>\n\n\n\n<p class=\"wp-block-paragraph\"><a href=\"http:\/\/todo.fm\/es\/node\/768\"><strong>Exhibici\u00f3n de arte \u201cNatividad: Santos de Palo de Bonao\u201d<\/strong><\/a><br>\n<strong>D\u00f3nde<\/strong>: Galer\u00eda de arte, Altos de Chav\u00f3n (2do nivel)<br>\n<strong>Horario<\/strong>: 8am \u2013 5pm<br>\n<a href=\"http:\/\/todo.fm\/es\/node\/768\"><strong>Haga click aqu\u00ed para m\u00e1s info!<\/strong><\/a><\/p>\n\n\n\n<p class=\"wp-block-paragraph\"><a href=\"http:\/\/todo.fm\/es\/node\/977\"><strong>Exhibici\u00f3n de arte por Fernando Varela<\/strong><\/a><br>\n<strong>D\u00f3nde<\/strong>: Paseo del Mar, Marina Casa de Campo<br>\n<a href=\"http:\/\/todo.fm\/es\/node\/977\"><strong>Haga click aqu\u00ed para m\u00e1s info!<\/strong><\/a><\/p>\n\n\n\n<p class=\"wp-block-paragraph\"><a href=\"http:\/\/todo.fm\/es\/node\/726\"><strong>Escuela de Golf Jim McLean<\/strong><\/a><br>\n<strong>D\u00f3nde<\/strong>: Casa de Campo Golf<br>\n<a href=\"http:\/\/todo.fm\/es\/node\/726\"><strong>Haga click aqu\u00ed para m\u00e1s info!<\/strong><\/a><\/p>\n\n\n\n<p class=\"wp-block-paragraph\"><a href=\"http:\/\/todo.fm\/es\/node\/875\"><strong>Celebraci\u00f3n Eucar\u00edstica<\/strong><\/a><br>\n<strong>D\u00f3nde<\/strong>: Iglesia San Estanislao<br>\n<a href=\"http:\/\/todo.fm\/es\/node\/875\"><strong>Haga click aqu\u00ed para m\u00e1s info!<\/strong><\/a><\/p>\n\n\n\n<p class=\"wp-block-paragraph\"><a href=\"http:\/\/todo.fm\/es\/node\/990\"><strong>M\u00fasica en vivo con Alexandro Segui<\/strong><\/a><br>\n<strong>D\u00f3nde<\/strong>: La Ca\u00f1a Restaurant &amp; Lounge by Il Circo<br>\n<a href=\"http:\/\/todo.fm\/es\/node\/990\"><strong>Haga click aqu\u00ed para m\u00e1s info!<\/strong> <\/a><\/p>\n\n\n\n<p class=\"wp-block-paragraph\"><a href=\"http:\/\/todo.fm\/es\/node\/879\"><strong>Los Colores de la Danza<\/strong><\/a><br>\n<strong>D\u00f3nde<\/strong>: Anfiteatro Altos de Chav\u00f3n<br>\n<a href=\"http:\/\/todo.fm\/es\/node\/879\"><strong>Haga click aqu\u00ed para m\u00e1s info!<\/strong><\/a><\/p>\n\n\n\n<p class=\"wp-block-paragraph\"><strong><a href=\"http:\/\/wp.me\/p1kvEy-d0b\">\u201cMen\u00fa Especial de Fin de semana\u201d<\/a><br>\nD\u00f3nde: <\/strong> Restaurante y Lounge La Ca\u00f1a by Il Circo<strong><br>\n<strong><a href=\"http:\/\/wp.me\/p1kvEy-d0b\">Haga click aqu\u00ed para m\u00e1s info!<\/a><\/strong><\/strong><\/p>\n\n\n\n<p class=\"wp-block-paragraph\"><a href=\"http:\/\/todo.fm\/es\/node\/983\"><strong>Fiesta de los 80\u2019s por Praia<\/strong><\/a><br>\n<strong>D\u00f3nde<\/strong>: Discoteca G\u00e9nesis<br>\n<a href=\"http:\/\/todo.fm\/es\/node\/983\"><strong>Haga click aqu\u00ed para m\u00e1s info!<\/strong><\/a><\/p>\n\n\n\n<figure class=\"wp-block-image is-resized\"><a href=\"https:\/\/i0.wp.com\/casadecampoliving.com\/wp-content\/uploads\/2022\/10\/casa_de_campo31-2.jpg?ssl=1\"><img loading=\"lazy\" decoding=\"async\" src=\"https:\/\/i0.wp.com\/casadecampoliving.com\/wp-content\/uploads\/2022\/10\/casa_de_campo31-2.jpg?resize=550%2C32&amp;ssl=1\" alt=\"\" title=\"casa_de_campo3\" height=\"32\" width=\"550\"\/><\/a><\/figure>\n\n\n\n<p class=\"wp-block-paragraph\"><strong><strong><strong><strong><a href=\"http:\/\/todo.fm\/es\/node\/776\">E<\/a><\/strong><\/strong><\/strong><strong><strong><strong><strong><strong><strong><strong><a href=\"http:\/\/todo.fm\/es\/node\/776\">xhibici\u00f3n de arte: <strong><strong><strong><strong><strong><strong><strong><strong><strong><strong><strong>\u201cArtistas en Residencia\u201d<\/strong><\/strong><\/strong><\/strong><\/strong><\/strong><\/strong><\/strong><\/strong><\/strong><\/strong><\/a><br>\n<strong>D\u00f3nde: <\/strong>Galer\u00eda de arte, Altos de Chav\u00f3n<strong><strong><strong><strong><strong><strong><strong><strong><strong><strong><strong><strong><strong><strong><strong><strong><strong><strong><strong><strong><a href=\"http:\/\/www.todo.fm\/es\/node\/166\"><strong><br>\n<\/strong><\/a><strong>Horario: <\/strong><\/strong><\/strong>8am \u2013 6pm<strong><strong><strong><strong><strong><strong><strong><strong><strong><strong><strong><strong><strong><strong><strong><strong><strong><strong><strong><strong><strong><strong><strong><strong><strong><strong><strong><strong><strong><strong><strong><strong><strong><strong><strong><strong><strong><strong><a href=\"http:\/\/www.todo.fm\/es\/node\/166\"><strong><br>\n<\/strong><\/a><strong><strong><a href=\"http:\/\/todo.fm\/es\/node\/776\">Haga click aqu\u00ed para m\u00e1s info!<\/a><\/strong><\/strong><\/strong><\/strong><\/strong><\/strong><\/strong><\/strong><\/strong><\/strong><\/strong><\/strong><\/strong><\/strong><\/strong><\/strong><\/strong><\/strong><\/strong><\/strong><\/strong><\/strong><\/strong><\/strong><\/strong><\/strong><\/strong><\/strong><\/strong><\/strong><\/strong><\/strong><\/strong><\/strong><\/strong><\/strong><\/strong><\/strong><\/strong><\/strong><\/strong><\/strong><\/strong><\/strong><\/strong><\/strong><\/strong><\/strong><\/strong><\/strong><\/strong><\/strong><\/strong><\/strong><\/strong><\/strong><\/strong><\/strong><\/strong><\/strong><\/strong><\/strong><\/strong><\/strong><\/strong><\/strong><\/p>\n\n\n\n<p class=\"wp-block-paragraph\"><a href=\"http:\/\/todo.fm\/es\/node\/768\"><strong>Exhibici\u00f3n de arte \u201cNatividad: Santos de Palo de Bonao\u201d<\/strong><\/a><br>\n<strong>D\u00f3nde<\/strong>: Galer\u00eda de arte, Altos de Chav\u00f3n (2do nivel)<br>\n<strong>Horario<\/strong>: 8am \u2013 5pm<br>\n<a href=\"http:\/\/todo.fm\/es\/node\/768\"><strong>Haga click aqu\u00ed para m\u00e1s info!<\/strong><\/a><\/p>\n\n\n\n<p class=\"wp-block-paragraph\"><a href=\"http:\/\/todo.fm\/es\/node\/977\"><strong>Exhibici\u00f3n de arte por Fernando Varela<\/strong><\/a><br>\n<strong>D\u00f3nde<\/strong>: Paseo del Mar, Marina Casa de Campo<br>\n<a href=\"http:\/\/todo.fm\/es\/node\/977\"><strong>Haga click aqu\u00ed para m\u00e1s info!<\/strong><\/a><\/p>\n\n\n\n<p class=\"wp-block-paragraph\"><a href=\"http:\/\/todo.fm\/es\/node\/883\"><strong>Celebraci\u00f3n Eucar\u00edstica<\/strong><\/a><br>\n<strong>D\u00f3nde<\/strong>: Iglesia San Estanislao<br>\n<a href=\"http:\/\/todo.fm\/es\/node\/883\"><strong>Haga click aqu\u00ed para m\u00e1s info!<\/strong><\/a><\/p>\n\n\n\n<p class=\"wp-block-paragraph\"><strong><a href=\"http:\/\/todo.fm\/es\/node\/989\">Noches de Soul y Disco: DJ Kambax y Chris Blizzard<\/a><br>\nD\u00f3nde: <\/strong>Restaurante y Lounge La Ca\u00f1a by Il Circo<strong><strong><br>\n<a href=\"http:\/\/todo.fm\/es\/node\/989\">Haga click aqu\u00ed para m\u00e1s info!<\/a><\/strong><br>\n<\/strong><\/p>\n\n\n\n<blockquote><p><strong>Mant\u00e9ngase al d\u00eda con T O D O Casa de Campo!<\/strong><\/p><figure><img decoding=\"async\" loading=\"lazy\" class=\"aligncenter size-full wp-image-62404\" title=\"TODO_casa_de_campo\" src=\"https:\/\/i0.wp.com\/casadecampoliving.com\/wp-content\/uploads\/2022\/10\/TODO_casa_de_campo-8.jpg?resize=620%2C536&amp;ssl=1\" alt=\"TODO Casa de campo\" width=\"620\" height=\"536\"><\/figure><p>Silgon Inc. (los creadores de la revista CasaLife y Casa de Campo Living) acaban de lanzar \u201cT O D O Casa de Campo\u201d, la oficial gu\u00ed bilingue de Casa de Campo; una invaluable herramienta para disfrutar de Casa de Campo, con un calendario de eventos, mapas, tarifas, horarios, n\u00fameros telef\u00f3nicos y mucho m\u00e1s.<\/p><p><strong><a href=\"http:\/\/www.todocasadecampo.com\/es\">Haga click aqu\u00ed para ver la versi\u00f3n en l\u00ednea de \u201cT O D O Casa de Campo\u201d <\/a><\/strong><\/p><\/blockquote>\n","protected":false},"excerpt":{"rendered":"<p>Esta semana en Casa de Campo, les invitamos a disfrutar de las numerosas actividades festivas de esta temporada en la ciudad de los artistas, Altos de Chav\u00f3n! Ya casi llega la Navidad!<\/p>\n","protected":false},"author":31,"featured_media":244448,"comment_status":"closed","ping_status":"closed","sticky":false,"template":"","format":"standard","meta":{"newspack_ads_suppress_ads":false,"newspack_popups_has_disabled_popups":false,"newspack_sponsor_sponsorship_scope":"","newspack_sponsor_native_byline_display":"inherit","newspack_sponsor_native_category_display":"inherit","newspack_sponsor_underwriter_style":"inherit","newspack_sponsor_underwriter_placement":"inherit","_newspack_byline_active":false,"_newspack_byline":"","newspack_hide_updated_date":false,"newspack_show_updated_date":false,"newspack_featured_image_position":"","newspack_post_subtitle":"","newspack_article_summary_title":"Overview:","newspack_article_summary":"","_jetpack_memberships_contains_paid_content":false,"footnotes":"","jetpack_publicize_message":"{title}\n\n{excerpt}\n\n{url}","jetpack_publicize_feature_enabled":true,"jetpack_social_post_already_shared":false,"jetpack_social_options":{"image_generator_settings":{"template":"highway","default_image_id":0,"font":"","enabled":false},"version":2},"_wpas_customize_per_network":false},"categories":[2522,14627],"tags":[3058,2740],"newspack_spnsrs_tax":[],"class_list":["post-340318","post","type-post","status-publish","format-standard","has-post-thumbnail","hentry","category-eventos-es","category-proximamente","tag-actividades","tag-eventos","entry"],"yoast_head":"<!-- This site is optimized with the Yoast SEO plugin v28.4 - https:\/\/yoast.com\/product\/yoast-seo-wordpress\/ -->\n<title>Este fin de semana en Casa de Campo: Dic. 14 - 16 | Casa de Campo Living<\/title>\n<meta name=\"description\" content=\"Esta semana en Casa de Campo, les invitamos a disfrutar de las numerosas actividades festivas de esta temporada en la ciudad de los artistas, Altos de\" \/>\n<meta name=\"robots\" content=\"index, follow, max-snippet:-1, max-image-preview:large, max-video-preview:-1\" \/>\n<link rel=\"canonical\" href=\"https:\/\/casadecampoliving.com\/es\/este-fin-de-semana-en-casa-de-campo-dic-14-16\/\" \/>\n<meta property=\"og:locale\" content=\"es_ES\" \/>\n<meta property=\"og:type\" content=\"article\" \/>\n<meta property=\"og:title\" content=\"Este fin de semana en Casa de Campo: Dic. 14 - 16 | Casa de Campo Living\" \/>\n<meta property=\"og:description\" content=\"Esta semana en Casa de Campo, les invitamos a disfrutar de las numerosas actividades festivas de esta temporada en la ciudad de los artistas, Altos de\" \/>\n<meta property=\"og:url\" content=\"https:\/\/casadecampoliving.com\/es\/este-fin-de-semana-en-casa-de-campo-dic-14-16\/\" \/>\n<meta property=\"og:site_name\" content=\"Casa de Campo Living\" \/>\n<meta property=\"article:publisher\" content=\"https:\/\/www.facebook.com\/casadecampoliving\" \/>\n<meta property=\"article:published_time\" content=\"2012-12-12T04:00:00+00:00\" \/>\n<meta property=\"article:modified_time\" content=\"2022-10-21T22:52:32+00:00\" \/>\n<meta property=\"og:image\" content=\"https:\/\/i0.wp.com\/casadecampoliving.com\/wp-content\/uploads\/2022\/10\/this-weekend-in-casa1-1.jpg?fit=650%2C400&ssl=1\" \/>\n\t<meta property=\"og:image:width\" content=\"650\" \/>\n\t<meta property=\"og:image:height\" content=\"400\" \/>\n\t<meta property=\"og:image:type\" content=\"image\/jpeg\" \/>\n<meta name=\"author\" content=\"Rebecca Silvestri\" \/>\n<meta name=\"twitter:card\" content=\"summary_large_image\" \/>\n<meta name=\"twitter:creator\" content=\"@cdcliving\" \/>\n<meta name=\"twitter:site\" content=\"@cdcliving\" \/>\n<meta name=\"twitter:label1\" content=\"Escrito por\" \/>\n\t<meta name=\"twitter:data1\" content=\"Rebecca Silvestri\" \/>\n\t<meta name=\"twitter:label2\" content=\"Tiempo de lectura\" \/>\n\t<meta name=\"twitter:data2\" content=\"4 minutos\" \/>\n<script type=\"application\/ld+json\" class=\"yoast-schema-graph\">{\"@context\":\"https:\\\/\\\/schema.org\",\"@graph\":[{\"@type\":\"Article\",\"@id\":\"https:\\\/\\\/casadecampoliving.com\\\/es\\\/este-fin-de-semana-en-casa-de-campo-dic-14-16\\\/#article\",\"isPartOf\":{\"@id\":\"https:\\\/\\\/casadecampoliving.com\\\/es\\\/este-fin-de-semana-en-casa-de-campo-dic-14-16\\\/\"},\"author\":{\"name\":\"Rebecca Silvestri\",\"@id\":\"https:\\\/\\\/casadecampoliving.com\\\/es\\\/#\\\/schema\\\/person\\\/2b2208f3175fa8761e25b272e096d718\"},\"headline\":\"Este fin de semana en Casa de Campo: Dic. 14 &#8211; 16\",\"datePublished\":\"2012-12-12T04:00:00+00:00\",\"dateModified\":\"2022-10-21T22:52:32+00:00\",\"mainEntityOfPage\":{\"@id\":\"https:\\\/\\\/casadecampoliving.com\\\/es\\\/este-fin-de-semana-en-casa-de-campo-dic-14-16\\\/\"},\"wordCount\":729,\"publisher\":{\"@id\":\"https:\\\/\\\/casadecampoliving.com\\\/es\\\/#organization\"},\"image\":{\"@id\":\"https:\\\/\\\/casadecampoliving.com\\\/es\\\/este-fin-de-semana-en-casa-de-campo-dic-14-16\\\/#primaryimage\"},\"thumbnailUrl\":\"https:\\\/\\\/i0.wp.com\\\/casadecampoliving.com\\\/wp-content\\\/uploads\\\/2022\\\/10\\\/this-weekend-in-casa1-1.jpg?fit=650%2C400&ssl=1\",\"keywords\":[\"actividades\",\"eventos\"],\"articleSection\":[\"Eventos\",\"Proximamente\"],\"inLanguage\":\"es\"},{\"@type\":\"WebPage\",\"@id\":\"https:\\\/\\\/casadecampoliving.com\\\/es\\\/este-fin-de-semana-en-casa-de-campo-dic-14-16\\\/\",\"url\":\"https:\\\/\\\/casadecampoliving.com\\\/es\\\/este-fin-de-semana-en-casa-de-campo-dic-14-16\\\/\",\"name\":\"Este fin de semana en Casa de Campo: Dic. 14 - 16 | Casa de Campo Living\",\"isPartOf\":{\"@id\":\"https:\\\/\\\/casadecampoliving.com\\\/es\\\/#website\"},\"primaryImageOfPage\":{\"@id\":\"https:\\\/\\\/casadecampoliving.com\\\/es\\\/este-fin-de-semana-en-casa-de-campo-dic-14-16\\\/#primaryimage\"},\"image\":{\"@id\":\"https:\\\/\\\/casadecampoliving.com\\\/es\\\/este-fin-de-semana-en-casa-de-campo-dic-14-16\\\/#primaryimage\"},\"thumbnailUrl\":\"https:\\\/\\\/i0.wp.com\\\/casadecampoliving.com\\\/wp-content\\\/uploads\\\/2022\\\/10\\\/this-weekend-in-casa1-1.jpg?fit=650%2C400&ssl=1\",\"datePublished\":\"2012-12-12T04:00:00+00:00\",\"dateModified\":\"2022-10-21T22:52:32+00:00\",\"description\":\"Esta semana en Casa de Campo, les invitamos a disfrutar de las numerosas actividades festivas de esta temporada en la ciudad de los artistas, Altos de\",\"breadcrumb\":{\"@id\":\"https:\\\/\\\/casadecampoliving.com\\\/es\\\/este-fin-de-semana-en-casa-de-campo-dic-14-16\\\/#breadcrumb\"},\"inLanguage\":\"es\",\"potentialAction\":[{\"@type\":\"ReadAction\",\"target\":[\"https:\\\/\\\/casadecampoliving.com\\\/es\\\/este-fin-de-semana-en-casa-de-campo-dic-14-16\\\/\"]}]},{\"@type\":\"ImageObject\",\"inLanguage\":\"es\",\"@id\":\"https:\\\/\\\/casadecampoliving.com\\\/es\\\/este-fin-de-semana-en-casa-de-campo-dic-14-16\\\/#primaryimage\",\"url\":\"https:\\\/\\\/i0.wp.com\\\/casadecampoliving.com\\\/wp-content\\\/uploads\\\/2022\\\/10\\\/this-weekend-in-casa1-1.jpg?fit=650%2C400&ssl=1\",\"contentUrl\":\"https:\\\/\\\/i0.wp.com\\\/casadecampoliving.com\\\/wp-content\\\/uploads\\\/2022\\\/10\\\/this-weekend-in-casa1-1.jpg?fit=650%2C400&ssl=1\",\"width\":650,\"height\":400},{\"@type\":\"BreadcrumbList\",\"@id\":\"https:\\\/\\\/casadecampoliving.com\\\/es\\\/este-fin-de-semana-en-casa-de-campo-dic-14-16\\\/#breadcrumb\",\"itemListElement\":[{\"@type\":\"ListItem\",\"position\":1,\"name\":\"Home\",\"item\":\"https:\\\/\\\/casadecampoliving.com\\\/es\\\/\"},{\"@type\":\"ListItem\",\"position\":2,\"name\":\"Este fin de semana en Casa de Campo: Dic. 14 &#8211; 16\"}]},{\"@type\":\"WebSite\",\"@id\":\"https:\\\/\\\/casadecampoliving.com\\\/es\\\/#website\",\"url\":\"https:\\\/\\\/casadecampoliving.com\\\/es\\\/\",\"name\":\"Casa de Campo Living\",\"description\":\"Resort community news and resources.\",\"publisher\":{\"@id\":\"https:\\\/\\\/casadecampoliving.com\\\/es\\\/#organization\"},\"potentialAction\":[{\"@type\":\"SearchAction\",\"target\":{\"@type\":\"EntryPoint\",\"urlTemplate\":\"https:\\\/\\\/casadecampoliving.com\\\/es\\\/?s={search_term_string}\"},\"query-input\":{\"@type\":\"PropertyValueSpecification\",\"valueRequired\":true,\"valueName\":\"search_term_string\"}}],\"inLanguage\":\"es\"},{\"@type\":\"Organization\",\"@id\":\"https:\\\/\\\/casadecampoliving.com\\\/es\\\/#organization\",\"name\":\"Casa de Campo Living\",\"url\":\"https:\\\/\\\/casadecampoliving.com\\\/es\\\/\",\"logo\":{\"@type\":\"ImageObject\",\"inLanguage\":\"es\",\"@id\":\"https:\\\/\\\/casadecampoliving.com\\\/es\\\/#\\\/schema\\\/logo\\\/image\\\/\",\"url\":\"https:\\\/\\\/i0.wp.com\\\/casadecampoliving.com\\\/wp-content\\\/uploads\\\/2022\\\/07\\\/CDCLivingLogo_V1-white-sized.png?fit=800%2C214&ssl=1\",\"contentUrl\":\"https:\\\/\\\/i0.wp.com\\\/casadecampoliving.com\\\/wp-content\\\/uploads\\\/2022\\\/07\\\/CDCLivingLogo_V1-white-sized.png?fit=800%2C214&ssl=1\",\"width\":800,\"height\":214,\"caption\":\"Casa de Campo Living\"},\"image\":{\"@id\":\"https:\\\/\\\/casadecampoliving.com\\\/es\\\/#\\\/schema\\\/logo\\\/image\\\/\"},\"sameAs\":[\"https:\\\/\\\/www.facebook.com\\\/casadecampoliving\",\"https:\\\/\\\/x.com\\\/cdcliving\"]},{\"@type\":\"Person\",\"@id\":\"https:\\\/\\\/casadecampoliving.com\\\/es\\\/#\\\/schema\\\/person\\\/2b2208f3175fa8761e25b272e096d718\",\"name\":\"Rebecca Silvestri\",\"image\":{\"@type\":\"ImageObject\",\"inLanguage\":\"es\",\"@id\":\"https:\\\/\\\/secure.gravatar.com\\\/avatar\\\/2d937fd6c1769fb718dbf8dce9e82bf5f89e97bd028f9b3ea10b931dc7df95c6?s=96&d=mm&r=g\",\"url\":\"https:\\\/\\\/secure.gravatar.com\\\/avatar\\\/2d937fd6c1769fb718dbf8dce9e82bf5f89e97bd028f9b3ea10b931dc7df95c6?s=96&d=mm&r=g\",\"contentUrl\":\"https:\\\/\\\/secure.gravatar.com\\\/avatar\\\/2d937fd6c1769fb718dbf8dce9e82bf5f89e97bd028f9b3ea10b931dc7df95c6?s=96&d=mm&r=g\",\"caption\":\"Rebecca Silvestri\"},\"url\":\"https:\\\/\\\/casadecampoliving.com\\\/es\\\/author\\\/madamehuge\\\/\"}]}<\/script>\n<!-- \/ Yoast SEO plugin. -->","yoast_head_json":{"title":"Este fin de semana en Casa de Campo: Dic. 14 - 16 | Casa de Campo Living","description":"Esta semana en Casa de Campo, les invitamos a disfrutar de las numerosas actividades festivas de esta temporada en la ciudad de los artistas, Altos de","robots":{"index":"index","follow":"follow","max-snippet":"max-snippet:-1","max-image-preview":"max-image-preview:large","max-video-preview":"max-video-preview:-1"},"canonical":"https:\/\/casadecampoliving.com\/es\/este-fin-de-semana-en-casa-de-campo-dic-14-16\/","og_locale":"es_ES","og_type":"article","og_title":"Este fin de semana en Casa de Campo: Dic. 14 - 16 | Casa de Campo Living","og_description":"Esta semana en Casa de Campo, les invitamos a disfrutar de las numerosas actividades festivas de esta temporada en la ciudad de los artistas, Altos de","og_url":"https:\/\/casadecampoliving.com\/es\/este-fin-de-semana-en-casa-de-campo-dic-14-16\/","og_site_name":"Casa de Campo Living","article_publisher":"https:\/\/www.facebook.com\/casadecampoliving","article_published_time":"2012-12-12T04:00:00+00:00","article_modified_time":"2022-10-21T22:52:32+00:00","og_image":[{"width":650,"height":400,"url":"https:\/\/i0.wp.com\/casadecampoliving.com\/wp-content\/uploads\/2022\/10\/this-weekend-in-casa1-1.jpg?fit=650%2C400&ssl=1","type":"image\/jpeg"}],"author":"Rebecca Silvestri","twitter_card":"summary_large_image","twitter_creator":"@cdcliving","twitter_site":"@cdcliving","twitter_misc":{"Escrito por":"Rebecca Silvestri","Tiempo de lectura":"4 minutos"},"schema":{"@context":"https:\/\/schema.org","@graph":[{"@type":"Article","@id":"https:\/\/casadecampoliving.com\/es\/este-fin-de-semana-en-casa-de-campo-dic-14-16\/#article","isPartOf":{"@id":"https:\/\/casadecampoliving.com\/es\/este-fin-de-semana-en-casa-de-campo-dic-14-16\/"},"author":{"name":"Rebecca Silvestri","@id":"https:\/\/casadecampoliving.com\/es\/#\/schema\/person\/2b2208f3175fa8761e25b272e096d718"},"headline":"Este fin de semana en Casa de Campo: Dic. 14 &#8211; 16","datePublished":"2012-12-12T04:00:00+00:00","dateModified":"2022-10-21T22:52:32+00:00","mainEntityOfPage":{"@id":"https:\/\/casadecampoliving.com\/es\/este-fin-de-semana-en-casa-de-campo-dic-14-16\/"},"wordCount":729,"publisher":{"@id":"https:\/\/casadecampoliving.com\/es\/#organization"},"image":{"@id":"https:\/\/casadecampoliving.com\/es\/este-fin-de-semana-en-casa-de-campo-dic-14-16\/#primaryimage"},"thumbnailUrl":"https:\/\/i0.wp.com\/casadecampoliving.com\/wp-content\/uploads\/2022\/10\/this-weekend-in-casa1-1.jpg?fit=650%2C400&ssl=1","keywords":["actividades","eventos"],"articleSection":["Eventos","Proximamente"],"inLanguage":"es"},{"@type":"WebPage","@id":"https:\/\/casadecampoliving.com\/es\/este-fin-de-semana-en-casa-de-campo-dic-14-16\/","url":"https:\/\/casadecampoliving.com\/es\/este-fin-de-semana-en-casa-de-campo-dic-14-16\/","name":"Este fin de semana en Casa de Campo: Dic. 14 - 16 | Casa de Campo Living","isPartOf":{"@id":"https:\/\/casadecampoliving.com\/es\/#website"},"primaryImageOfPage":{"@id":"https:\/\/casadecampoliving.com\/es\/este-fin-de-semana-en-casa-de-campo-dic-14-16\/#primaryimage"},"image":{"@id":"https:\/\/casadecampoliving.com\/es\/este-fin-de-semana-en-casa-de-campo-dic-14-16\/#primaryimage"},"thumbnailUrl":"https:\/\/i0.wp.com\/casadecampoliving.com\/wp-content\/uploads\/2022\/10\/this-weekend-in-casa1-1.jpg?fit=650%2C400&ssl=1","datePublished":"2012-12-12T04:00:00+00:00","dateModified":"2022-10-21T22:52:32+00:00","description":"Esta semana en Casa de Campo, les invitamos a disfrutar de las numerosas actividades festivas de esta temporada en la ciudad de los artistas, Altos de","breadcrumb":{"@id":"https:\/\/casadecampoliving.com\/es\/este-fin-de-semana-en-casa-de-campo-dic-14-16\/#breadcrumb"},"inLanguage":"es","potentialAction":[{"@type":"ReadAction","target":["https:\/\/casadecampoliving.com\/es\/este-fin-de-semana-en-casa-de-campo-dic-14-16\/"]}]},{"@type":"ImageObject","inLanguage":"es","@id":"https:\/\/casadecampoliving.com\/es\/este-fin-de-semana-en-casa-de-campo-dic-14-16\/#primaryimage","url":"https:\/\/i0.wp.com\/casadecampoliving.com\/wp-content\/uploads\/2022\/10\/this-weekend-in-casa1-1.jpg?fit=650%2C400&ssl=1","contentUrl":"https:\/\/i0.wp.com\/casadecampoliving.com\/wp-content\/uploads\/2022\/10\/this-weekend-in-casa1-1.jpg?fit=650%2C400&ssl=1","width":650,"height":400},{"@type":"BreadcrumbList","@id":"https:\/\/casadecampoliving.com\/es\/este-fin-de-semana-en-casa-de-campo-dic-14-16\/#breadcrumb","itemListElement":[{"@type":"ListItem","position":1,"name":"Home","item":"https:\/\/casadecampoliving.com\/es\/"},{"@type":"ListItem","position":2,"name":"Este fin de semana en Casa de Campo: Dic. 14 &#8211; 16"}]},{"@type":"WebSite","@id":"https:\/\/casadecampoliving.com\/es\/#website","url":"https:\/\/casadecampoliving.com\/es\/","name":"Casa de Campo Living","description":"Resort community news and resources.","publisher":{"@id":"https:\/\/casadecampoliving.com\/es\/#organization"},"potentialAction":[{"@type":"SearchAction","target":{"@type":"EntryPoint","urlTemplate":"https:\/\/casadecampoliving.com\/es\/?s={search_term_string}"},"query-input":{"@type":"PropertyValueSpecification","valueRequired":true,"valueName":"search_term_string"}}],"inLanguage":"es"},{"@type":"Organization","@id":"https:\/\/casadecampoliving.com\/es\/#organization","name":"Casa de Campo Living","url":"https:\/\/casadecampoliving.com\/es\/","logo":{"@type":"ImageObject","inLanguage":"es","@id":"https:\/\/casadecampoliving.com\/es\/#\/schema\/logo\/image\/","url":"https:\/\/i0.wp.com\/casadecampoliving.com\/wp-content\/uploads\/2022\/07\/CDCLivingLogo_V1-white-sized.png?fit=800%2C214&ssl=1","contentUrl":"https:\/\/i0.wp.com\/casadecampoliving.com\/wp-content\/uploads\/2022\/07\/CDCLivingLogo_V1-white-sized.png?fit=800%2C214&ssl=1","width":800,"height":214,"caption":"Casa de Campo Living"},"image":{"@id":"https:\/\/casadecampoliving.com\/es\/#\/schema\/logo\/image\/"},"sameAs":["https:\/\/www.facebook.com\/casadecampoliving","https:\/\/x.com\/cdcliving"]},{"@type":"Person","@id":"https:\/\/casadecampoliving.com\/es\/#\/schema\/person\/2b2208f3175fa8761e25b272e096d718","name":"Rebecca Silvestri","image":{"@type":"ImageObject","inLanguage":"es","@id":"https:\/\/secure.gravatar.com\/avatar\/2d937fd6c1769fb718dbf8dce9e82bf5f89e97bd028f9b3ea10b931dc7df95c6?s=96&d=mm&r=g","url":"https:\/\/secure.gravatar.com\/avatar\/2d937fd6c1769fb718dbf8dce9e82bf5f89e97bd028f9b3ea10b931dc7df95c6?s=96&d=mm&r=g","contentUrl":"https:\/\/secure.gravatar.com\/avatar\/2d937fd6c1769fb718dbf8dce9e82bf5f89e97bd028f9b3ea10b931dc7df95c6?s=96&d=mm&r=g","caption":"Rebecca Silvestri"},"url":"https:\/\/casadecampoliving.com\/es\/author\/madamehuge\/"}]}},"parsely":{"version":"1.1.0","canonical_url":"https:\/\/casadecampoliving.com\/es\/este-fin-de-semana-en-casa-de-campo-dic-14-16\/","smart_links":{"inbound":0,"outbound":0},"traffic_boost_suggestions_count":0,"meta":{"@context":"https:\/\/schema.org","@type":"NewsArticle","headline":"Este fin de semana en Casa de Campo: Dic. 14 &#8211; 16","url":"http:\/\/casadecampoliving.com\/es\/este-fin-de-semana-en-casa-de-campo-dic-14-16\/","mainEntityOfPage":{"@type":"WebPage","@id":"http:\/\/casadecampoliving.com\/es\/este-fin-de-semana-en-casa-de-campo-dic-14-16\/"},"thumbnailUrl":"https:\/\/i0.wp.com\/casadecampoliving.com\/wp-content\/uploads\/2022\/10\/this-weekend-in-casa1-1.jpg?resize=150%2C150&ssl=1","image":{"@type":"ImageObject","url":"https:\/\/i0.wp.com\/casadecampoliving.com\/wp-content\/uploads\/2022\/10\/this-weekend-in-casa1-1.jpg?fit=650%2C400&ssl=1"},"articleSection":"Eventos","author":[{"@type":"Person","name":"Rebecca Silvestri"}],"creator":["Rebecca Silvestri"],"publisher":{"@type":"Organization","name":"Casa de Campo Living","logo":"https:\/\/casadecampoliving.com\/wp-content\/uploads\/2022\/07\/CDCLivingLogo_V1-white-sized.png"},"keywords":["actividades","eventos"],"dateCreated":"2012-12-12T04:00:00Z","datePublished":"2012-12-12T04:00:00Z","dateModified":"2022-10-21T22:52:32Z"},"rendered":"<meta name=\"parsely-title\" content=\"Este fin de semana en Casa de Campo: Dic. 14 &#8211; 16\" \/>\n<meta name=\"parsely-link\" content=\"http:\/\/casadecampoliving.com\/es\/este-fin-de-semana-en-casa-de-campo-dic-14-16\/\" \/>\n<meta name=\"parsely-type\" content=\"post\" \/>\n<meta name=\"parsely-image-url\" content=\"https:\/\/i0.wp.com\/casadecampoliving.com\/wp-content\/uploads\/2022\/10\/this-weekend-in-casa1-1.jpg?resize=150%2C150&amp;ssl=1\" \/>\n<meta name=\"parsely-pub-date\" content=\"2012-12-12T04:00:00Z\" \/>\n<meta name=\"parsely-section\" content=\"Eventos\" \/>\n<meta name=\"parsely-tags\" content=\"actividades,eventos\" \/>\n<meta name=\"parsely-author\" content=\"Rebecca Silvestri\" \/>","tracker_url":"https:\/\/cdn.parsely.com\/keys\/casadecampoliving.com\/p.js"},"jetpack_publicize_connections":[],"jetpack-related-posts":[{"id":337581,"url":"https:\/\/casadecampoliving.com\/es\/este-fin-de-semana-en-casa-de-campo-2-4-de-dic\/","url_meta":{"origin":340318,"position":0},"title":"Este fin de semana en Casa de Campo: 2-4 de Dic.","author":"","date":"2 Dic, 2011","format":false,"excerpt":"Este fin de semana en Casa de Campo es un tiempo ideal para relajarse y disfrutar del esplendor de la Playa Minitas o de los campos de golf. De esta manera, estar\u00e1 m\u00e1s que listos para el pr\u00f3ximo fin de semana que viene cargado de muchas actividades, como el Caf\u00e9\u2026","rel":"","context":"En \u00abEventos\u00bb","block_context":{"text":"Eventos","link":"https:\/\/casadecampoliving.com\/es\/category\/eventos-es\/"},"img":{"alt_text":"","src":"https:\/\/i0.wp.com\/casadecampoliving.com\/wp-content\/uploads\/2022\/10\/Thisweekincasa1-2.jpg?fit=550%2C200&ssl=1&resize=350%2C200","width":350,"height":200,"srcset":"https:\/\/i0.wp.com\/casadecampoliving.com\/wp-content\/uploads\/2022\/10\/Thisweekincasa1-2.jpg?fit=550%2C200&ssl=1&resize=350%2C200 1x, https:\/\/i0.wp.com\/casadecampoliving.com\/wp-content\/uploads\/2022\/10\/Thisweekincasa1-2.jpg?fit=550%2C200&ssl=1&resize=525%2C300 1.5x"},"classes":[]},{"id":337981,"url":"https:\/\/casadecampoliving.com\/es\/este-fin-de-semana-de-fiesta-en-casa-30-dic-1-ene\/","url_meta":{"origin":340318,"position":1},"title":"Este Fin de Semana de Fiesta en Casa: 30 dic &#8211; 1 ene!","author":"","date":"30 Dic, 2011","format":false,"excerpt":"Es tiempo de fiestar!!!! En este fin de semana, Casa de Campo celebrar\u00e1 sin parar, y es que el bonche de a\u00f1o nuevo comienza desde temprano este s\u00e1bado 31, con un viaje en barco hacia Palmilla con PALMILLASO 2011, seguido de los Men\u00fas Especiales de Fin de A\u00f1o preparado para\u2026","rel":"","context":"En \u00abNoticias Locales\u00bb","block_context":{"text":"Noticias Locales","link":"https:\/\/casadecampoliving.com\/es\/category\/noticias-locales\/"},"img":{"alt_text":"","src":"https:\/\/i0.wp.com\/casadecampoliving.com\/wp-content\/uploads\/2022\/10\/altos_de_chavon-3.jpg?fit=650%2C350&ssl=1&resize=350%2C200","width":350,"height":200,"srcset":"https:\/\/i0.wp.com\/casadecampoliving.com\/wp-content\/uploads\/2022\/10\/altos_de_chavon-3.jpg?fit=650%2C350&ssl=1&resize=350%2C200 1x, https:\/\/i0.wp.com\/casadecampoliving.com\/wp-content\/uploads\/2022\/10\/altos_de_chavon-3.jpg?fit=650%2C350&ssl=1&resize=525%2C300 1.5x"},"classes":[]},{"id":337672,"url":"https:\/\/casadecampoliving.com\/es\/este-fin-de-semana-en-casa-de-campo-9-11-dic\/","url_meta":{"origin":340318,"position":2},"title":"Este Fin de Semana en Casa de Campo: 9-11 Dic.","author":"","date":"9 Dic, 2011","format":false,"excerpt":"Este fin de semana en Casa de Campo tenemos bastantes actividades para usted, pues este ser\u00e1 un fin de semana navide\u00f1o, repleto de diversi\u00f3n, ya que hoy tenemos el tradicional\u00a0Caf\u00e9 de la Leche Navide\u00f1o\u00a0y el\u00a0Festival de la Paella en La Casita de Casa de Campo, mientras que ma\u00f1ana (s\u00e1bado) tenemos\u2026","rel":"","context":"En \u00abAltos de Chavon @es\u00bb","block_context":{"text":"Altos de Chavon @es","link":"https:\/\/casadecampoliving.com\/category\/altos-de-chavon-es\/"},"img":{"alt_text":"","src":"https:\/\/i0.wp.com\/casadecampoliving.com\/wp-content\/uploads\/2022\/10\/altos_de_chavon-3.jpg?fit=650%2C350&ssl=1&resize=350%2C200","width":350,"height":200,"srcset":"https:\/\/i0.wp.com\/casadecampoliving.com\/wp-content\/uploads\/2022\/10\/altos_de_chavon-3.jpg?fit=650%2C350&ssl=1&resize=350%2C200 1x, https:\/\/i0.wp.com\/casadecampoliving.com\/wp-content\/uploads\/2022\/10\/altos_de_chavon-3.jpg?fit=650%2C350&ssl=1&resize=525%2C300 1.5x"},"classes":[]},{"id":346210,"url":"https:\/\/casadecampoliving.com\/es\/play-offs-finales-de-la-copa-mundial-fip-en-casa\/","url_meta":{"origin":340318,"position":3},"title":"\u00a1Play-offs finales de la Copa Mundial FIP en Casa!","author":"Daniela Medina","date":"8 Dic, 2014","format":false,"excerpt":"\u00a1El momento que todos hemos estado esperando ha llegado! El\u00a0play-off de la Copa Mundial del FIP se est\u00e1n jugando en Casa de Campo esta semana. Esta semana Casa de Campo le invita a abrazar la pasi\u00f3n del polo r\u00e1pido y furioso en su m\u00e1xima expresi\u00f3n \u2013 con algunos de los\u2026","rel":"","context":"En \u00abCasa de Campo Living @es\u00bb","block_context":{"text":"Casa de Campo Living @es","link":"https:\/\/casadecampoliving.com\/category\/casa-de-campo-living-es\/"},"img":{"alt_text":"","src":"https:\/\/i0.wp.com\/casadecampoliving.com\/wp-content\/uploads\/2022\/10\/polo_casa_de_campo-23.jpg?fit=650%2C434&ssl=1&resize=350%2C200","width":350,"height":200,"srcset":"https:\/\/i0.wp.com\/casadecampoliving.com\/wp-content\/uploads\/2022\/10\/polo_casa_de_campo-23.jpg?fit=650%2C434&ssl=1&resize=350%2C200 1x, https:\/\/i0.wp.com\/casadecampoliving.com\/wp-content\/uploads\/2022\/10\/polo_casa_de_campo-23.jpg?fit=650%2C434&ssl=1&resize=525%2C300 1.5x"},"classes":[]},{"id":337378,"url":"https:\/\/casadecampoliving.com\/es\/casi-llega-la-temporada-conciertos-y-actividades-en-altos-de-chavon\/","url_meta":{"origin":340318,"position":4},"title":"Casi llega la temporada! Conciertos y actividades en Altos de Chav\u00f3n","author":"","date":"22 Nov, 2011","format":false,"excerpt":"Las fiestas\u00a0navide\u00f1as\u00a02011 de Altos de Chavon\u00a0ser\u00e1n\u00a0celebradas al puro estilo de las tradiciones dominicanas. Un extensivo programa de actividades culturales y artisticas se estar\u00e1n desarrollando en Altos de\u00a0Chav\u00f3n, resaltando la\u00a0m\u00fasica, arte y folklore\u00a0t\u00edpicos\u00a0de esta temporada. Espect\u00e1culos\u00a0en el Anfiteatro de Altos de Chav\u00f3n KANDELA!Una\u00a0selecci\u00f3n\u00a0de\u00a0m\u00fasica\u00a0en vivo y 50 bailarines en escena contagiar\u00e1n a\u2026","rel":"","context":"En \u00abAltos de Chavon @es\u00bb","block_context":{"text":"Altos de Chavon @es","link":"https:\/\/casadecampoliving.com\/category\/altos-de-chavon-es\/"},"img":{"alt_text":"","src":"https:\/\/i0.wp.com\/casadecampoliving.com\/wp-content\/uploads\/2022\/10\/christmas_tree_altosdechavon-1.jpg?fit=565%2C320&ssl=1&resize=350%2C200","width":350,"height":200,"srcset":"https:\/\/i0.wp.com\/casadecampoliving.com\/wp-content\/uploads\/2022\/10\/christmas_tree_altosdechavon-1.jpg?fit=565%2C320&ssl=1&resize=350%2C200 1x, https:\/\/i0.wp.com\/casadecampoliving.com\/wp-content\/uploads\/2022\/10\/christmas_tree_altosdechavon-1.jpg?fit=565%2C320&ssl=1&resize=525%2C300 1.5x"},"classes":[]},{"id":337806,"url":"https:\/\/casadecampoliving.com\/es\/esta-semana-en-casa-de-campo-19th-25th-dec\/","url_meta":{"origin":340318,"position":5},"title":"Esta Semana en Casa de Campo: 19th &#8211; 25th Dic!","author":"","date":"19 Dic, 2011","format":false,"excerpt":"Qu\u00e9 fin de semana tan intenso y maravilloso, verdad? Despu\u00e9s de disfrutar de un espectacular comienzo de las celebraciones de Navidad en Altos de Chav\u00f3n, Casa de Campo, las m\u00faltiples actividades continuar\u00e1n durante esta semana. La Navidad est\u00e1 cerca, disfrutemos! Estos eventos, actividades y especiales aplican para la semana de:Lunes\u2026","rel":"","context":"En \u00abAltos de Chavon @es\u00bb","block_context":{"text":"Altos de Chavon @es","link":"https:\/\/casadecampoliving.com\/category\/altos-de-chavon-es\/"},"img":{"alt_text":"","src":"https:\/\/i0.wp.com\/casadecampoliving.com\/wp-content\/uploads\/2022\/10\/christmas_altos_de_chavon1-1.jpg?fit=650%2C350&ssl=1&resize=350%2C200","width":350,"height":200,"srcset":"https:\/\/i0.wp.com\/casadecampoliving.com\/wp-content\/uploads\/2022\/10\/christmas_altos_de_chavon1-1.jpg?fit=650%2C350&ssl=1&resize=350%2C200 1x, https:\/\/i0.wp.com\/casadecampoliving.com\/wp-content\/uploads\/2022\/10\/christmas_altos_de_chavon1-1.jpg?fit=650%2C350&ssl=1&resize=525%2C300 1.5x"},"classes":[]}],"jetpack_sharing_enabled":true,"jetpack_featured_media_url":"https:\/\/i0.wp.com\/casadecampoliving.com\/wp-content\/uploads\/2022\/10\/this-weekend-in-casa1-1.jpg?fit=650%2C400&ssl=1","_links":{"self":[{"href":"https:\/\/casadecampoliving.com\/es\/wp-json\/wp\/v2\/posts\/340318","targetHints":{"allow":["GET"]}}],"collection":[{"href":"https:\/\/casadecampoliving.com\/es\/wp-json\/wp\/v2\/posts"}],"about":[{"href":"https:\/\/casadecampoliving.com\/es\/wp-json\/wp\/v2\/types\/post"}],"author":[{"embeddable":true,"href":"https:\/\/casadecampoliving.com\/es\/wp-json\/wp\/v2\/users\/31"}],"replies":[{"embeddable":true,"href":"https:\/\/casadecampoliving.com\/es\/wp-json\/wp\/v2\/comments?post=340318"}],"version-history":[{"count":1,"href":"https:\/\/casadecampoliving.com\/es\/wp-json\/wp\/v2\/posts\/340318\/revisions"}],"predecessor-version":[{"id":340321,"href":"https:\/\/casadecampoliving.com\/es\/wp-json\/wp\/v2\/posts\/340318\/revisions\/340321"}],"wp:featuredmedia":[{"embeddable":true,"href":"https:\/\/casadecampoliving.com\/es\/wp-json\/wp\/v2\/media\/244448"}],"wp:attachment":[{"href":"https:\/\/casadecampoliving.com\/es\/wp-json\/wp\/v2\/media?parent=340318"}],"wp:term":[{"taxonomy":"category","embeddable":true,"href":"https:\/\/casadecampoliving.com\/es\/wp-json\/wp\/v2\/categories?post=340318"},{"taxonomy":"post_tag","embeddable":true,"href":"https:\/\/casadecampoliving.com\/es\/wp-json\/wp\/v2\/tags?post=340318"},{"taxonomy":"newspack_spnsrs_tax","embeddable":true,"href":"https:\/\/casadecampoliving.com\/es\/wp-json\/wp\/v2\/newspack_spnsrs_tax?post=340318"}],"curies":[{"name":"wp","href":"https:\/\/api.w.org\/{rel}","templated":true}]}}