{"id":340281,"date":"2012-12-12T00:00:00","date_gmt":"2012-12-12T04:00:00","guid":{"rendered":"https:\/\/casadecampoliving.com\/mark-lineweaver-poco-comun-por-stephen-kaplan\/"},"modified":"2022-10-21T18:51:10","modified_gmt":"2022-10-21T22:51:10","slug":"mark-lineweaver-poco-comun-por-stephen-kaplan","status":"publish","type":"post","link":"https:\/\/casadecampoliving.com\/es\/mark-lineweaver-poco-comun-por-stephen-kaplan\/","title":{"rendered":"\u00abMark Lineweaver poco com\u00fan\u00bb por Stephen Kaplan"},"content":{"rendered":"<div class=\"wp-block-image\">\n<figure class=\"aligncenter is-resized\"><img loading=\"lazy\" decoding=\"async\" src=\"https:\/\/i0.wp.com\/casadecampoliving.com\/wp-content\/uploads\/2022\/10\/mark_lineweaver-1.jpg?resize=650%2C219&amp;ssl=1\" alt=\"mark lineweaver\" class=\"wp-image-61807\" height=\"219\" width=\"650\"\/><\/figure>\n<\/div>\n\n\n<p>El jueves 20 diciembre de 2012, a las 7:30 pm, el artista Mark Lineweaver, quien tambi\u00e9n es profesor en la Escuela de Altos de Chav\u00f3n de Arte y Dise\u00f1o celebrar\u00e1 la inauguraci\u00f3n de su nueva exposici\u00f3n de arte <strong>\u201cFlora y Fauna \u2013 La Experiencia Dominicana\u201d<\/strong>, en la galer\u00eda de arte de Altos de Chav\u00f3n \u2013 y usted est\u00e1 cordialmente invitado a unirse a la celebraci\u00f3n. Antes de la gran apertura, aqu\u00ed le traemos una pieza escrita por Stephen Kaplan, rector de la Escuela de Dise\u00f1o de Altos de Chav\u00f3n, que le dar\u00e1 una idea de quien es Mark y su arte.<\/p>\n\n\n\n<!--more-->\n\n\n\n<blockquote><p><strong>\u201cMark Lineweaver en la Galer\u00eda de Altos de Chav\u00f3n\u201d por Stephen Kaplan\u201d<\/strong><\/p><p>De cualquier manera que se pueda mirar, Mark Lineweaver es poco com\u00fan. \u00c9l ha sido profesor por m\u00e1s de 20 a\u00f1os en la escuela de Altos de Altos de Chav\u00f3n, donde imparte clases de dise\u00f1o de dibujo, escultura y tambi\u00e9n, fundamentos del dise\u00f1o tridimensional a todos los estudiantes de primer a\u00f1o. El llega a Altos de Chav\u00f3n como artista en residencia en 1990 y poco despu\u00e9s regresa como un instructor. Desde entonces \u00e9l ha permanecido siendo un miembro de Casa de Campo y la comunidad de la Escuela de Arte y Dise\u00f1o de Altos de Chav\u00f3n.<\/p><p><strong>Una exposici\u00f3n \u201cFlora y Fauna \u2013 La Experiencia Dominicana\u201d de su obra reciente abre en la Galer\u00eda de Altos de Chav\u00f3n, el 20 de diciembre.<\/strong><\/p><p>Mi primer encuentro con el trabajo de Mark fue en la prestigiosa Academia de Arte en Nueva York en 1989 en el show de la tesis del Master, donde indiscutiblemente sus esculturas figurativas fueron los que robaron el \u201cshow\u201d de la noche. Mark, mejor conocido por su obras figurativas, ha sido el destinatario de varias comisiones. Entre ellos hay un busto de la revista del magnate Malcolm Forbes y varias figuras de tama\u00f1os reales, tales como el encargado por el arquitecto Michael Graves, que animan el campus de Richard Stockton College en Galloway, New Jersey.<\/p><figure><img decoding=\"async\" loading=\"lazy\" class=\"alignright size-full wp-image-61808\" style=\"margin-left: 15px; margin-right: 15px;\" src=\"https:\/\/i0.wp.com\/casadecampoliving.com\/wp-content\/uploads\/2022\/10\/mark_lineweaver1.jpg?resize=230%2C229&amp;ssl=1\" alt=\"mark lineweaver\" width=\"230\" height=\"229\"><\/figure><p>A pesar de su formaci\u00f3n en la figura humana, las piezas de este nuevo espect\u00e1culo \u201cFlora y Fauna \u2013 La Experiencia Dominicana\u201d, se basan m\u00e1s en la materia vegetal que carne. Los grandes lienzos que explota con la vida vegetal \u2013 ramas, lianas y colores florales.<\/p><p>La esposa de Mark es del coraz\u00f3n de una exuberante zona Dominicana, donde el bosque rodea la finca, y la administraci\u00f3n de sus bienes, en Los Cacaos de Tenares lo ha puesto en contacto cercano con la fecundidad de la naturaleza. Esta interfaz le da forma a la obra en este espect\u00e1culo: las im\u00e1genes de rizado zarcillos de plantas y flores sin rubor son la esencia de las pinturas que brillan bastante con la perfecci\u00f3n de su t\u00e9cnica, mientras que forma un di\u00e1logo que llena el cuarto con im\u00e1genes rom\u00e1nticas de la naturaleza.<\/p><p>En la vida anterior de Mark llena de aventura incluy\u00f3 trabajos donde tal vez \u00e9l era el \u00fanico trabajador no-tatuado. Viaj\u00f3 por todo el mundo despu\u00e9s de sus estudios universitarios, perdi\u00e9ndose mientras se encontraba a \u00e9l mismo. La fuerza f\u00edsica es la se\u00f1a de su identidad. Este es un tipo que trabajaba plataformas petrol\u00edferas frente a las costas de Camer\u00fan y en el Golfo P\u00e9rsico. \u00c9l era un miembro del equipo de decatl\u00f3n nacional de EE.UU., y a\u00fan puede sacarle mucha ventaja a muchos que tienen la mitad de su edad en las \u00e1reas de correr, nataci\u00f3n y bicicleta . El es de las personas m\u00e1s filos\u00f3fica y ingeniosas que conozco. Marcado contraste con el lado m\u00e1s duro de su vida, \u00e9l siempre ha estado involucrado en todo lo relacionado con el cerebro y c\u00f3mo funciona, y c\u00f3mo ha evolucionado.<\/p><figure><img decoding=\"async\" loading=\"lazy\" class=\"aligncenter  wp-image-61810\" src=\"https:\/\/i0.wp.com\/casadecampoliving.com\/wp-content\/uploads\/2022\/10\/mark_lineweaver2-2.jpg?resize=585%2C315&amp;ssl=1\" alt=\"mark lineweaver\" width=\"585\" height=\"315\"><\/figure><p style=\"text-align: center;\"><strong>Mark Lineweaver con sus estudiantes en Altos de Chav\u00f3n<\/strong><br>\n<\/p><figure><img decoding=\"async\" loading=\"lazy\" class=\"size-full wp-image-61809 alignright\" style=\"margin-left: 15px; margin-right: 15px;\" src=\"https:\/\/i0.wp.com\/casadecampoliving.com\/wp-content\/uploads\/2022\/10\/mark_lineweaver11-1.jpg?resize=230%2C236&amp;ssl=1\" alt=\"mark lineweaver\" width=\"230\" height=\"236\"><\/figure><p>MMark es un maestro espl\u00e9ndido que ha sabido llevar a todos sus estudiantes ya que tienen una gran variedad de atributos e intereses. Sus estudiantes aprenden la base te\u00f3rica as\u00ed como el proceso de todo lo que hacen. Sus tareas son siempre un reto de adivinanzas.<\/p><p>Verlo ense\u00f1ar en una clase de escultura creando una imagen tridimensional es ser testigo de un milagro al ver los trabajos de ese gran maestro. Pacientemente pasea de estudiante a estudiante, analiza el trabajo de cada uno de ellos en lo que parece ser una fracci\u00f3n de segundo, y sobre la base de esa evaluaci\u00f3n instant\u00e1nea, prescribe el siguiente paso, luego lo demuestra. Los suspiros de reconocimiento son audibles, el trabajo se convierte y el estudiante siente la emoci\u00f3n de un momento \u00a1Aj\u00e1!\u201d.<\/p><p>As\u00ed que aqu\u00ed lo tenemos: una galer\u00eda llena de temas florales que demanda la atenci\u00f3n, producido por un maestro extraordinario, un ser humano excepcional y una persona perfeccionista y muy trabajadora que impregna sus cuadros con energ\u00eda, formaci\u00f3n, habilidad y dedicaci\u00f3n. El espect\u00e1culo es una rareza que deleita los ojos, la mente y el coraz\u00f3n.<\/p><\/blockquote>\n\n\n\n<blockquote><figure><img decoding=\"async\" loading=\"lazy\" class=\"wp-image-50907 alignright\" style=\"margin-left: 15px; margin-right: 15px;\" src=\"https:\/\/i0.wp.com\/casadecampoliving.com\/wp-content\/uploads\/2022\/10\/stephen_kaplan1.jpg?resize=97%2C122&amp;ssl=1\" alt=\"stephen kaplan\" width=\"97\" height=\"122\"><\/figure><p><strong>Articulo contribuido por Stephen Kaplan<br>\n<\/strong><strong>\u2013 Gracias Stephen!<\/strong><\/p><p>Stephen Kaplan es el Rector de la Escuela de Arte y Dise\u00f1o en Altos de Chav\u00f3n<\/p><\/blockquote>\n\n\n\n<blockquote class=\"wp-block-quote is-layout-flow wp-block-quote-is-layout-flow\"><p><strong>Inauguraci\u00f3n de \u201cFlora y Fauna \u2013 la Experiencia Dominicana\u201d<\/strong><\/p><p><strong>Cu\u00e1ndo:<\/strong>&nbsp;Jueves 20 de diciembre, 7:30 pm<\/p><p><strong>D\u00f3nde:<\/strong> Galer\u00eda de arte en Altos de Chav\u00f3n<\/p><p><strong>Contacto:<\/strong> (809) 523-8470<\/p><p>Tras la inauguraci\u00f3n esta exposici\u00f3n estar\u00e1 abierta todos los d\u00edas 9 a.m.-6 p.m. (cerrado los mi\u00e9rcoles) hasta el 21 de enero 2013<\/p><\/blockquote>\n\n\n\n<blockquote><p><strong><strong><a href=\"https:\/\/casadecampoliving.com\/chavon\/\">Acerca de la Escuela de Altos de Chav\u00f3n de Arte y Dise\u00f1o<\/a><\/strong><\/strong><\/p><figure><a href=\"https:\/\/casadecampoliving.com\/2010\/09\/discovering-the-altos-de-chavon-school-of-art-and-design\/altos_de_chavon_school_of_design\/\" rel=\"attachment wp-att-19426\"><img decoding=\"async\" loading=\"lazy\" class=\"aligncenter size-full wp-image-19426\" src=\"https:\/\/i0.wp.com\/casadecampoliving.com\/wp-content\/uploads\/2022\/10\/altos_de_chavon_school_of_design.jpg?resize=565%2C354&amp;ssl=1\" alt=\"altos_de_chavon_school_of_design\" width=\"565\" height=\"354\"><\/a><\/figure><p>Un componente de la Fundaci\u00f3n Centro Cultural de Altos de Chav\u00f3n, una organizaci\u00f3n 501 de EE.UU. (c) (3) caridad p\u00fablica. La escuela de Altos de Chav\u00f3n de Arte y Dise\u00f1o ha estado graduando a estudiantes de su programa afiliado con la Escuela Parsons (prestigiosa universidad en Nueva York) un programa dos a\u00f1os desde 1983.<\/p><p>La escuela ofrece tres carreras: Dise\u00f1o gr\u00e1fico, Dise\u00f1o de Moda y Bellas Artes \/ Ilustraci\u00f3n. Adem\u00e1s, la escuela ha desarrollado un Programa de Certificados de lo mejor en Dise\u00f1o Digital.<\/p><p><a href=\"https:\/\/casadecampoliving.com\/chavon\/\">Haga clic aqu\u00ed para m\u00e1s art\u00edculos, fotos e informaci\u00f3n sobre la Escuela de Altos de Chav\u00f3n de Arte y Dise\u00f1o!<\/a><\/p><\/blockquote>\n","protected":false},"excerpt":{"rendered":"<p>El jueves 20 diciembre de 2012, a las 7:30 pm, el artista Mark Lineweaver, quien tambi\u00e9n es profesor en la Escuela de Altos de Chav\u00f3n de Arte y Dise\u00f1o celebrar\u00e1 la inauguraci\u00f3n de su nueva exposici\u00f3n de arte \u201cFlora y Fauna \u2013 La Experiencia Dominicana\u201d, en la galer\u00eda de arte de Altos de Chav\u00f3n \u2013 [&hellip;]<\/p>\n","protected":false},"author":384,"featured_media":241064,"comment_status":"closed","ping_status":"closed","sticky":false,"template":"","format":"standard","meta":{"newspack_ads_suppress_ads":false,"newspack_popups_has_disabled_popups":false,"newspack_sponsor_sponsorship_scope":"","newspack_sponsor_native_byline_display":"inherit","newspack_sponsor_native_category_display":"inherit","newspack_sponsor_underwriter_style":"inherit","newspack_sponsor_underwriter_placement":"inherit","_newspack_byline_active":false,"_newspack_byline":"","newspack_hide_updated_date":false,"newspack_show_updated_date":false,"newspack_content_restriction_is_exempt":false,"newspack_featured_image_position":"","newspack_post_subtitle":"","newspack_article_summary_title":"Overview:","newspack_article_summary":"","_jetpack_memberships_contains_paid_content":false,"footnotes":"","jetpack_publicize_message":"","jetpack_publicize_feature_enabled":true,"jetpack_social_post_already_shared":false,"jetpack_social_options":{"image_generator_settings":{"template":"highway","default_image_id":0,"font":"","enabled":false},"version":2},"_wpas_customize_per_network":false},"categories":[26819,26823,2524,14631,2522,14627],"tags":[15387,2536,5724,5726,5725,2682],"newspack_spnsrs_tax":[],"class_list":["post-340281","post","type-post","status-publish","format-standard","has-post-thumbnail","hentry","category-altos-de-chavon-es","category-arte-y-cultura","category-destacados","category-estilo-de-vida","category-eventos-es","category-proximamente","tag-altos-de-chavon-es","tag-arte","tag-escuela-de-altos-de-chavon","tag-exposicion","tag-exposicion-de-arte","tag-stephen-kaplan","entry"],"yoast_head":"<!-- This site is optimized with the Yoast SEO plugin v27.5 - https:\/\/yoast.com\/product\/yoast-seo-wordpress\/ -->\n<title>&quot;Mark Lineweaver poco com\u00fan&quot; por Stephen Kaplan | Casa de Campo Living<\/title>\n<meta name=\"description\" content=\"El jueves 20 diciembre de 2012, a las 7:30 pm, el artista Mark Lineweaver, quien tambi\u00e9n es profesor en la Escuela de Altos de Chav\u00f3n de Arte y Dise\u00f1o\" \/>\n<meta name=\"robots\" content=\"index, follow, max-snippet:-1, max-image-preview:large, max-video-preview:-1\" \/>\n<link rel=\"canonical\" href=\"https:\/\/casadecampoliving.com\/es\/mark-lineweaver-poco-comun-por-stephen-kaplan\/\" \/>\n<meta property=\"og:locale\" content=\"es_ES\" \/>\n<meta property=\"og:type\" content=\"article\" \/>\n<meta property=\"og:title\" content=\"&quot;Mark Lineweaver poco com\u00fan&quot; por Stephen Kaplan | Casa de Campo Living\" \/>\n<meta property=\"og:description\" content=\"El jueves 20 diciembre de 2012, a las 7:30 pm, el artista Mark Lineweaver, quien tambi\u00e9n es profesor en la Escuela de Altos de Chav\u00f3n de Arte y Dise\u00f1o\" \/>\n<meta property=\"og:url\" content=\"https:\/\/casadecampoliving.com\/es\/mark-lineweaver-poco-comun-por-stephen-kaplan\/\" \/>\n<meta property=\"og:site_name\" content=\"Casa de Campo Living\" \/>\n<meta property=\"article:publisher\" content=\"https:\/\/www.facebook.com\/casadecampoliving\" \/>\n<meta property=\"article:published_time\" content=\"2012-12-12T04:00:00+00:00\" \/>\n<meta property=\"article:modified_time\" content=\"2022-10-21T22:51:10+00:00\" \/>\n<meta property=\"og:image\" content=\"https:\/\/i0.wp.com\/casadecampoliving.com\/wp-content\/uploads\/2022\/10\/mark_lineweaver-2.jpg?fit=650%2C219&ssl=1\" \/>\n\t<meta property=\"og:image:width\" content=\"650\" \/>\n\t<meta property=\"og:image:height\" content=\"219\" \/>\n\t<meta property=\"og:image:type\" content=\"image\/jpeg\" \/>\n<meta name=\"author\" content=\"Tere Garcia\" \/>\n<meta name=\"twitter:card\" content=\"summary_large_image\" \/>\n<meta name=\"twitter:creator\" content=\"@cdcliving\" \/>\n<meta name=\"twitter:site\" content=\"@cdcliving\" \/>\n<meta name=\"twitter:label1\" content=\"Escrito por\" \/>\n\t<meta name=\"twitter:data1\" content=\"Tere Garcia\" \/>\n\t<meta name=\"twitter:label2\" content=\"Tiempo de lectura\" \/>\n\t<meta name=\"twitter:data2\" content=\"5 minutos\" \/>\n<script type=\"application\/ld+json\" class=\"yoast-schema-graph\">{\"@context\":\"https:\\\/\\\/schema.org\",\"@graph\":[{\"@type\":\"Article\",\"@id\":\"https:\\\/\\\/casadecampoliving.com\\\/es\\\/mark-lineweaver-poco-comun-por-stephen-kaplan\\\/#article\",\"isPartOf\":{\"@id\":\"https:\\\/\\\/casadecampoliving.com\\\/es\\\/mark-lineweaver-poco-comun-por-stephen-kaplan\\\/\"},\"author\":{\"name\":\"Tere Garcia\",\"@id\":\"https:\\\/\\\/casadecampoliving.com\\\/es\\\/#\\\/schema\\\/person\\\/aaa019e57912071f2ff8672cb7b2cd4a\"},\"headline\":\"\u00abMark Lineweaver poco com\u00fan\u00bb por Stephen Kaplan\",\"datePublished\":\"2012-12-12T04:00:00+00:00\",\"dateModified\":\"2022-10-21T22:51:10+00:00\",\"mainEntityOfPage\":{\"@id\":\"https:\\\/\\\/casadecampoliving.com\\\/es\\\/mark-lineweaver-poco-comun-por-stephen-kaplan\\\/\"},\"wordCount\":1080,\"publisher\":{\"@id\":\"https:\\\/\\\/casadecampoliving.com\\\/es\\\/#organization\"},\"image\":{\"@id\":\"https:\\\/\\\/casadecampoliving.com\\\/es\\\/mark-lineweaver-poco-comun-por-stephen-kaplan\\\/#primaryimage\"},\"thumbnailUrl\":\"https:\\\/\\\/i0.wp.com\\\/casadecampoliving.com\\\/wp-content\\\/uploads\\\/2022\\\/10\\\/mark_lineweaver-2.jpg?fit=650%2C219&ssl=1\",\"keywords\":[\"Altos de Chavon\",\"arte\",\"Escuela de Altos de Chav\u00f3n\",\"exposici\u00f3n\",\"exposici\u00f3n de arte\",\"stephen kaplan\"],\"articleSection\":[\"Altos de Chavon @es\",\"Arte y cultura\",\"Destacados\",\"Estilo de Vida\",\"Eventos\",\"Proximamente\"],\"inLanguage\":\"es\"},{\"@type\":\"WebPage\",\"@id\":\"https:\\\/\\\/casadecampoliving.com\\\/es\\\/mark-lineweaver-poco-comun-por-stephen-kaplan\\\/\",\"url\":\"https:\\\/\\\/casadecampoliving.com\\\/es\\\/mark-lineweaver-poco-comun-por-stephen-kaplan\\\/\",\"name\":\"\\\"Mark Lineweaver poco com\u00fan\\\" por Stephen Kaplan | Casa de Campo Living\",\"isPartOf\":{\"@id\":\"https:\\\/\\\/casadecampoliving.com\\\/es\\\/#website\"},\"primaryImageOfPage\":{\"@id\":\"https:\\\/\\\/casadecampoliving.com\\\/es\\\/mark-lineweaver-poco-comun-por-stephen-kaplan\\\/#primaryimage\"},\"image\":{\"@id\":\"https:\\\/\\\/casadecampoliving.com\\\/es\\\/mark-lineweaver-poco-comun-por-stephen-kaplan\\\/#primaryimage\"},\"thumbnailUrl\":\"https:\\\/\\\/i0.wp.com\\\/casadecampoliving.com\\\/wp-content\\\/uploads\\\/2022\\\/10\\\/mark_lineweaver-2.jpg?fit=650%2C219&ssl=1\",\"datePublished\":\"2012-12-12T04:00:00+00:00\",\"dateModified\":\"2022-10-21T22:51:10+00:00\",\"description\":\"El jueves 20 diciembre de 2012, a las 7:30 pm, el artista Mark Lineweaver, quien tambi\u00e9n es profesor en la Escuela de Altos de Chav\u00f3n de Arte y Dise\u00f1o\",\"breadcrumb\":{\"@id\":\"https:\\\/\\\/casadecampoliving.com\\\/es\\\/mark-lineweaver-poco-comun-por-stephen-kaplan\\\/#breadcrumb\"},\"inLanguage\":\"es\",\"potentialAction\":[{\"@type\":\"ReadAction\",\"target\":[\"https:\\\/\\\/casadecampoliving.com\\\/es\\\/mark-lineweaver-poco-comun-por-stephen-kaplan\\\/\"]}]},{\"@type\":\"ImageObject\",\"inLanguage\":\"es\",\"@id\":\"https:\\\/\\\/casadecampoliving.com\\\/es\\\/mark-lineweaver-poco-comun-por-stephen-kaplan\\\/#primaryimage\",\"url\":\"https:\\\/\\\/i0.wp.com\\\/casadecampoliving.com\\\/wp-content\\\/uploads\\\/2022\\\/10\\\/mark_lineweaver-2.jpg?fit=650%2C219&ssl=1\",\"contentUrl\":\"https:\\\/\\\/i0.wp.com\\\/casadecampoliving.com\\\/wp-content\\\/uploads\\\/2022\\\/10\\\/mark_lineweaver-2.jpg?fit=650%2C219&ssl=1\",\"width\":650,\"height\":219,\"caption\":\"mark lineweaver\"},{\"@type\":\"BreadcrumbList\",\"@id\":\"https:\\\/\\\/casadecampoliving.com\\\/es\\\/mark-lineweaver-poco-comun-por-stephen-kaplan\\\/#breadcrumb\",\"itemListElement\":[{\"@type\":\"ListItem\",\"position\":1,\"name\":\"Home\",\"item\":\"https:\\\/\\\/casadecampoliving.com\\\/es\\\/\"},{\"@type\":\"ListItem\",\"position\":2,\"name\":\"&#8220;Mark Lineweaver poco com\u00fan&#8221; por Stephen Kaplan\"}]},{\"@type\":\"WebSite\",\"@id\":\"https:\\\/\\\/casadecampoliving.com\\\/es\\\/#website\",\"url\":\"https:\\\/\\\/casadecampoliving.com\\\/es\\\/\",\"name\":\"Casa de Campo Living\",\"description\":\"Resort community news and resources.\",\"publisher\":{\"@id\":\"https:\\\/\\\/casadecampoliving.com\\\/es\\\/#organization\"},\"potentialAction\":[{\"@type\":\"SearchAction\",\"target\":{\"@type\":\"EntryPoint\",\"urlTemplate\":\"https:\\\/\\\/casadecampoliving.com\\\/es\\\/?s={search_term_string}\"},\"query-input\":{\"@type\":\"PropertyValueSpecification\",\"valueRequired\":true,\"valueName\":\"search_term_string\"}}],\"inLanguage\":\"es\"},{\"@type\":\"Organization\",\"@id\":\"https:\\\/\\\/casadecampoliving.com\\\/es\\\/#organization\",\"name\":\"Casa de Campo Living\",\"url\":\"https:\\\/\\\/casadecampoliving.com\\\/es\\\/\",\"logo\":{\"@type\":\"ImageObject\",\"inLanguage\":\"es\",\"@id\":\"https:\\\/\\\/casadecampoliving.com\\\/es\\\/#\\\/schema\\\/logo\\\/image\\\/\",\"url\":\"https:\\\/\\\/i0.wp.com\\\/casadecampoliving.com\\\/wp-content\\\/uploads\\\/2022\\\/07\\\/CDCLivingLogo_V1-white-sized.png?fit=800%2C214&ssl=1\",\"contentUrl\":\"https:\\\/\\\/i0.wp.com\\\/casadecampoliving.com\\\/wp-content\\\/uploads\\\/2022\\\/07\\\/CDCLivingLogo_V1-white-sized.png?fit=800%2C214&ssl=1\",\"width\":800,\"height\":214,\"caption\":\"Casa de Campo Living\"},\"image\":{\"@id\":\"https:\\\/\\\/casadecampoliving.com\\\/es\\\/#\\\/schema\\\/logo\\\/image\\\/\"},\"sameAs\":[\"https:\\\/\\\/www.facebook.com\\\/casadecampoliving\",\"https:\\\/\\\/x.com\\\/cdcliving\"]},{\"@type\":\"Person\",\"@id\":\"https:\\\/\\\/casadecampoliving.com\\\/es\\\/#\\\/schema\\\/person\\\/aaa019e57912071f2ff8672cb7b2cd4a\",\"name\":\"Tere Garcia\",\"image\":{\"@type\":\"ImageObject\",\"inLanguage\":\"es\",\"@id\":\"https:\\\/\\\/secure.gravatar.com\\\/avatar\\\/95a4c98da1234da7035dc8ec8fadd3cad5a2cb5e187b80794baa199bf723f5a5?s=96&d=mm&r=g\",\"url\":\"https:\\\/\\\/secure.gravatar.com\\\/avatar\\\/95a4c98da1234da7035dc8ec8fadd3cad5a2cb5e187b80794baa199bf723f5a5?s=96&d=mm&r=g\",\"contentUrl\":\"https:\\\/\\\/secure.gravatar.com\\\/avatar\\\/95a4c98da1234da7035dc8ec8fadd3cad5a2cb5e187b80794baa199bf723f5a5?s=96&d=mm&r=g\",\"caption\":\"Tere Garcia\"},\"sameAs\":[\"http:\\\/\\\/www.silgon.net\"],\"url\":\"https:\\\/\\\/casadecampoliving.com\\\/es\\\/author\\\/tgarciasilgon-net\\\/\"}]}<\/script>\n<!-- \/ Yoast SEO plugin. -->","yoast_head_json":{"title":"\"Mark Lineweaver poco com\u00fan\" por Stephen Kaplan | Casa de Campo Living","description":"El jueves 20 diciembre de 2012, a las 7:30 pm, el artista Mark Lineweaver, quien tambi\u00e9n es profesor en la Escuela de Altos de Chav\u00f3n de Arte y Dise\u00f1o","robots":{"index":"index","follow":"follow","max-snippet":"max-snippet:-1","max-image-preview":"max-image-preview:large","max-video-preview":"max-video-preview:-1"},"canonical":"https:\/\/casadecampoliving.com\/es\/mark-lineweaver-poco-comun-por-stephen-kaplan\/","og_locale":"es_ES","og_type":"article","og_title":"\"Mark Lineweaver poco com\u00fan\" por Stephen Kaplan | Casa de Campo Living","og_description":"El jueves 20 diciembre de 2012, a las 7:30 pm, el artista Mark Lineweaver, quien tambi\u00e9n es profesor en la Escuela de Altos de Chav\u00f3n de Arte y Dise\u00f1o","og_url":"https:\/\/casadecampoliving.com\/es\/mark-lineweaver-poco-comun-por-stephen-kaplan\/","og_site_name":"Casa de Campo Living","article_publisher":"https:\/\/www.facebook.com\/casadecampoliving","article_published_time":"2012-12-12T04:00:00+00:00","article_modified_time":"2022-10-21T22:51:10+00:00","og_image":[{"width":650,"height":219,"url":"https:\/\/i0.wp.com\/casadecampoliving.com\/wp-content\/uploads\/2022\/10\/mark_lineweaver-2.jpg?fit=650%2C219&ssl=1","type":"image\/jpeg"}],"author":"Tere Garcia","twitter_card":"summary_large_image","twitter_creator":"@cdcliving","twitter_site":"@cdcliving","twitter_misc":{"Escrito por":"Tere Garcia","Tiempo de lectura":"5 minutos"},"schema":{"@context":"https:\/\/schema.org","@graph":[{"@type":"Article","@id":"https:\/\/casadecampoliving.com\/es\/mark-lineweaver-poco-comun-por-stephen-kaplan\/#article","isPartOf":{"@id":"https:\/\/casadecampoliving.com\/es\/mark-lineweaver-poco-comun-por-stephen-kaplan\/"},"author":{"name":"Tere Garcia","@id":"https:\/\/casadecampoliving.com\/es\/#\/schema\/person\/aaa019e57912071f2ff8672cb7b2cd4a"},"headline":"\u00abMark Lineweaver poco com\u00fan\u00bb por Stephen Kaplan","datePublished":"2012-12-12T04:00:00+00:00","dateModified":"2022-10-21T22:51:10+00:00","mainEntityOfPage":{"@id":"https:\/\/casadecampoliving.com\/es\/mark-lineweaver-poco-comun-por-stephen-kaplan\/"},"wordCount":1080,"publisher":{"@id":"https:\/\/casadecampoliving.com\/es\/#organization"},"image":{"@id":"https:\/\/casadecampoliving.com\/es\/mark-lineweaver-poco-comun-por-stephen-kaplan\/#primaryimage"},"thumbnailUrl":"https:\/\/i0.wp.com\/casadecampoliving.com\/wp-content\/uploads\/2022\/10\/mark_lineweaver-2.jpg?fit=650%2C219&ssl=1","keywords":["Altos de Chavon","arte","Escuela de Altos de Chav\u00f3n","exposici\u00f3n","exposici\u00f3n de arte","stephen kaplan"],"articleSection":["Altos de Chavon @es","Arte y cultura","Destacados","Estilo de Vida","Eventos","Proximamente"],"inLanguage":"es"},{"@type":"WebPage","@id":"https:\/\/casadecampoliving.com\/es\/mark-lineweaver-poco-comun-por-stephen-kaplan\/","url":"https:\/\/casadecampoliving.com\/es\/mark-lineweaver-poco-comun-por-stephen-kaplan\/","name":"\"Mark Lineweaver poco com\u00fan\" por Stephen Kaplan | Casa de Campo Living","isPartOf":{"@id":"https:\/\/casadecampoliving.com\/es\/#website"},"primaryImageOfPage":{"@id":"https:\/\/casadecampoliving.com\/es\/mark-lineweaver-poco-comun-por-stephen-kaplan\/#primaryimage"},"image":{"@id":"https:\/\/casadecampoliving.com\/es\/mark-lineweaver-poco-comun-por-stephen-kaplan\/#primaryimage"},"thumbnailUrl":"https:\/\/i0.wp.com\/casadecampoliving.com\/wp-content\/uploads\/2022\/10\/mark_lineweaver-2.jpg?fit=650%2C219&ssl=1","datePublished":"2012-12-12T04:00:00+00:00","dateModified":"2022-10-21T22:51:10+00:00","description":"El jueves 20 diciembre de 2012, a las 7:30 pm, el artista Mark Lineweaver, quien tambi\u00e9n es profesor en la Escuela de Altos de Chav\u00f3n de Arte y Dise\u00f1o","breadcrumb":{"@id":"https:\/\/casadecampoliving.com\/es\/mark-lineweaver-poco-comun-por-stephen-kaplan\/#breadcrumb"},"inLanguage":"es","potentialAction":[{"@type":"ReadAction","target":["https:\/\/casadecampoliving.com\/es\/mark-lineweaver-poco-comun-por-stephen-kaplan\/"]}]},{"@type":"ImageObject","inLanguage":"es","@id":"https:\/\/casadecampoliving.com\/es\/mark-lineweaver-poco-comun-por-stephen-kaplan\/#primaryimage","url":"https:\/\/i0.wp.com\/casadecampoliving.com\/wp-content\/uploads\/2022\/10\/mark_lineweaver-2.jpg?fit=650%2C219&ssl=1","contentUrl":"https:\/\/i0.wp.com\/casadecampoliving.com\/wp-content\/uploads\/2022\/10\/mark_lineweaver-2.jpg?fit=650%2C219&ssl=1","width":650,"height":219,"caption":"mark lineweaver"},{"@type":"BreadcrumbList","@id":"https:\/\/casadecampoliving.com\/es\/mark-lineweaver-poco-comun-por-stephen-kaplan\/#breadcrumb","itemListElement":[{"@type":"ListItem","position":1,"name":"Home","item":"https:\/\/casadecampoliving.com\/es\/"},{"@type":"ListItem","position":2,"name":"&#8220;Mark Lineweaver poco com\u00fan&#8221; por Stephen Kaplan"}]},{"@type":"WebSite","@id":"https:\/\/casadecampoliving.com\/es\/#website","url":"https:\/\/casadecampoliving.com\/es\/","name":"Casa de Campo Living","description":"Resort community news and resources.","publisher":{"@id":"https:\/\/casadecampoliving.com\/es\/#organization"},"potentialAction":[{"@type":"SearchAction","target":{"@type":"EntryPoint","urlTemplate":"https:\/\/casadecampoliving.com\/es\/?s={search_term_string}"},"query-input":{"@type":"PropertyValueSpecification","valueRequired":true,"valueName":"search_term_string"}}],"inLanguage":"es"},{"@type":"Organization","@id":"https:\/\/casadecampoliving.com\/es\/#organization","name":"Casa de Campo Living","url":"https:\/\/casadecampoliving.com\/es\/","logo":{"@type":"ImageObject","inLanguage":"es","@id":"https:\/\/casadecampoliving.com\/es\/#\/schema\/logo\/image\/","url":"https:\/\/i0.wp.com\/casadecampoliving.com\/wp-content\/uploads\/2022\/07\/CDCLivingLogo_V1-white-sized.png?fit=800%2C214&ssl=1","contentUrl":"https:\/\/i0.wp.com\/casadecampoliving.com\/wp-content\/uploads\/2022\/07\/CDCLivingLogo_V1-white-sized.png?fit=800%2C214&ssl=1","width":800,"height":214,"caption":"Casa de Campo Living"},"image":{"@id":"https:\/\/casadecampoliving.com\/es\/#\/schema\/logo\/image\/"},"sameAs":["https:\/\/www.facebook.com\/casadecampoliving","https:\/\/x.com\/cdcliving"]},{"@type":"Person","@id":"https:\/\/casadecampoliving.com\/es\/#\/schema\/person\/aaa019e57912071f2ff8672cb7b2cd4a","name":"Tere Garcia","image":{"@type":"ImageObject","inLanguage":"es","@id":"https:\/\/secure.gravatar.com\/avatar\/95a4c98da1234da7035dc8ec8fadd3cad5a2cb5e187b80794baa199bf723f5a5?s=96&d=mm&r=g","url":"https:\/\/secure.gravatar.com\/avatar\/95a4c98da1234da7035dc8ec8fadd3cad5a2cb5e187b80794baa199bf723f5a5?s=96&d=mm&r=g","contentUrl":"https:\/\/secure.gravatar.com\/avatar\/95a4c98da1234da7035dc8ec8fadd3cad5a2cb5e187b80794baa199bf723f5a5?s=96&d=mm&r=g","caption":"Tere Garcia"},"sameAs":["http:\/\/www.silgon.net"],"url":"https:\/\/casadecampoliving.com\/es\/author\/tgarciasilgon-net\/"}]}},"parsely":{"version":"1.1.0","canonical_url":"https:\/\/casadecampoliving.com\/es\/mark-lineweaver-poco-comun-por-stephen-kaplan\/","smart_links":{"inbound":0,"outbound":0},"traffic_boost_suggestions_count":0,"meta":{"@context":"https:\/\/schema.org","@type":"NewsArticle","headline":"\u00abMark Lineweaver poco com\u00fan\u00bb por Stephen Kaplan","url":"http:\/\/casadecampoliving.com\/es\/mark-lineweaver-poco-comun-por-stephen-kaplan\/","mainEntityOfPage":{"@type":"WebPage","@id":"http:\/\/casadecampoliving.com\/es\/mark-lineweaver-poco-comun-por-stephen-kaplan\/"},"thumbnailUrl":"https:\/\/i0.wp.com\/casadecampoliving.com\/wp-content\/uploads\/2022\/10\/mark_lineweaver-2.jpg?resize=150%2C150&ssl=1","image":{"@type":"ImageObject","url":"https:\/\/i0.wp.com\/casadecampoliving.com\/wp-content\/uploads\/2022\/10\/mark_lineweaver-2.jpg?fit=650%2C219&ssl=1"},"articleSection":"Altos de Chavon @es","author":[{"@type":"Person","name":"Tere Garcia"}],"creator":["Tere Garcia"],"publisher":{"@type":"Organization","name":"Casa de Campo Living","logo":"https:\/\/casadecampoliving.com\/wp-content\/uploads\/2022\/07\/CDCLivingLogo_V1-white-sized.png"},"keywords":["altos de chavon","arte","escuela de altos de chav\u00f3n","exposici\u00f3n","exposici\u00f3n de arte","stephen kaplan"],"dateCreated":"2012-12-12T04:00:00Z","datePublished":"2012-12-12T04:00:00Z","dateModified":"2022-10-21T22:51:10Z"},"rendered":"<script type=\"application\/ld+json\" class=\"wp-parsely-metadata\">{\"@context\":\"https:\\\/\\\/schema.org\",\"@type\":\"NewsArticle\",\"headline\":\"\\u00abMark Lineweaver poco com\\u00fan\\u00bb por Stephen Kaplan\",\"url\":\"http:\\\/\\\/casadecampoliving.com\\\/es\\\/mark-lineweaver-poco-comun-por-stephen-kaplan\\\/\",\"mainEntityOfPage\":{\"@type\":\"WebPage\",\"@id\":\"http:\\\/\\\/casadecampoliving.com\\\/es\\\/mark-lineweaver-poco-comun-por-stephen-kaplan\\\/\"},\"thumbnailUrl\":\"https:\\\/\\\/i0.wp.com\\\/casadecampoliving.com\\\/wp-content\\\/uploads\\\/2022\\\/10\\\/mark_lineweaver-2.jpg?resize=150%2C150&ssl=1\",\"image\":{\"@type\":\"ImageObject\",\"url\":\"https:\\\/\\\/i0.wp.com\\\/casadecampoliving.com\\\/wp-content\\\/uploads\\\/2022\\\/10\\\/mark_lineweaver-2.jpg?fit=650%2C219&ssl=1\"},\"articleSection\":\"Altos de Chavon @es\",\"author\":[{\"@type\":\"Person\",\"name\":\"Tere Garcia\"}],\"creator\":[\"Tere Garcia\"],\"publisher\":{\"@type\":\"Organization\",\"name\":\"Casa de Campo Living\",\"logo\":\"https:\\\/\\\/casadecampoliving.com\\\/wp-content\\\/uploads\\\/2022\\\/07\\\/CDCLivingLogo_V1-white-sized.png\"},\"keywords\":[\"altos de chavon\",\"arte\",\"escuela de altos de chav\\u00f3n\",\"exposici\\u00f3n\",\"exposici\\u00f3n de arte\",\"stephen kaplan\"],\"dateCreated\":\"2012-12-12T04:00:00Z\",\"datePublished\":\"2012-12-12T04:00:00Z\",\"dateModified\":\"2022-10-21T22:51:10Z\"}<\/script>","tracker_url":"https:\/\/cdn.parsely.com\/keys\/casadecampoliving.com\/p.js"},"jetpack_publicize_connections":[],"jetpack_featured_media_url":"https:\/\/i0.wp.com\/casadecampoliving.com\/wp-content\/uploads\/2022\/10\/mark_lineweaver-2.jpg?fit=650%2C219&ssl=1","jetpack-related-posts":[{"id":340865,"url":"https:\/\/casadecampoliving.com\/es\/art-chavon-2013-una-demostracion-de-escultura-con-mark-lineweaver\/","url_meta":{"origin":340281,"position":0},"title":"Art Chav\u00f3n 2013: Una demostraci\u00f3n de escultura con Mark Lineweaver","author":"lperdomo","date":"25 Mar, 2013","format":false,"excerpt":"El componente final de \"Art Chav\u00f3n 2013\", un evento de recaudaci\u00f3n de fondos para la Escuela de Arte y Dise\u00f1o de Altos de Chav\u00f3n 2013, fue una charla con Mark Lineweaver de escultura, que se realiz\u00f3 en la galer\u00eda el viernes 8 de Marzo - \u00a1y estuvo incre\u00edble! Tras 2\u2026","rel":"","context":"En \u00abAltos de Chavon @es\u00bb","block_context":{"text":"Altos de Chavon @es","link":"https:\/\/casadecampoliving.com\/category\/altos-de-chavon-es\/"},"img":{"alt_text":"mark lineweaver","src":"https:\/\/i0.wp.com\/casadecampoliving.com\/wp-content\/uploads\/2022\/10\/mark_lineweaver-3.jpg?fit=650%2C418&ssl=1&resize=350%2C200","width":350,"height":200,"srcset":"https:\/\/i0.wp.com\/casadecampoliving.com\/wp-content\/uploads\/2022\/10\/mark_lineweaver-3.jpg?fit=650%2C418&ssl=1&resize=350%2C200 1x, https:\/\/i0.wp.com\/casadecampoliving.com\/wp-content\/uploads\/2022\/10\/mark_lineweaver-3.jpg?fit=650%2C418&ssl=1&resize=525%2C300 1.5x"},"classes":[]},{"id":433460,"url":"https:\/\/casadecampoliving.com\/es\/no-se-pierdan-el-increible-tributo-a-frank-sinatra-para-celebrar-el-40-aniversario-del-anfiteatro-altos-de-chavon\/","url_meta":{"origin":340281,"position":1},"title":"No se pierdan el incre\u00edble tributo a Frank Sinatra para celebrar el 40 aniversario del\u00a0Anfiteatro Altos de Chav\u00f3n","author":"Casa de Campo Living","date":"20 Oct, 2022","format":false,"excerpt":"Siendo uno de los escenarios m\u00e1s emblem\u00e1ticos del pa\u00eds, Casa de Campo Resort\u00ae & Villas celebra las cuatro d\u00e9cadas de aniversario de Altos de Chav\u00f3n con un tributo al gran Frank Sinatra, protagonizado por artistas invitados y una big band tal cual la que acompa\u00f1\u00f3 al artista hace 40 a\u00f1os\u2026","rel":"","context":"En \u00abUncategorized @es\u00bb","block_context":{"text":"Uncategorized @es","link":"https:\/\/casadecampoliving.com\/es\/category\/uncategorized-es\/"},"img":{"alt_text":"","src":"https:\/\/i0.wp.com\/casadecampoliving.com\/wp-content\/uploads\/2022\/10\/Tributo-Frank-Sinatra-Foto-Principal-Amaury-Sanchez-Danilo-Ginebra-Andres-Pichardo-y-Jose-Gabriel-Perez-.jpg?fit=1200%2C873&ssl=1&resize=350%2C200","width":350,"height":200,"srcset":"https:\/\/i0.wp.com\/casadecampoliving.com\/wp-content\/uploads\/2022\/10\/Tributo-Frank-Sinatra-Foto-Principal-Amaury-Sanchez-Danilo-Ginebra-Andres-Pichardo-y-Jose-Gabriel-Perez-.jpg?fit=1200%2C873&ssl=1&resize=350%2C200 1x, https:\/\/i0.wp.com\/casadecampoliving.com\/wp-content\/uploads\/2022\/10\/Tributo-Frank-Sinatra-Foto-Principal-Amaury-Sanchez-Danilo-Ginebra-Andres-Pichardo-y-Jose-Gabriel-Perez-.jpg?fit=1200%2C873&ssl=1&resize=525%2C300 1.5x, https:\/\/i0.wp.com\/casadecampoliving.com\/wp-content\/uploads\/2022\/10\/Tributo-Frank-Sinatra-Foto-Principal-Amaury-Sanchez-Danilo-Ginebra-Andres-Pichardo-y-Jose-Gabriel-Perez-.jpg?fit=1200%2C873&ssl=1&resize=700%2C400 2x, https:\/\/i0.wp.com\/casadecampoliving.com\/wp-content\/uploads\/2022\/10\/Tributo-Frank-Sinatra-Foto-Principal-Amaury-Sanchez-Danilo-Ginebra-Andres-Pichardo-y-Jose-Gabriel-Perez-.jpg?fit=1200%2C873&ssl=1&resize=1050%2C600 3x"},"classes":[]},{"id":340416,"url":"https:\/\/casadecampoliving.com\/es\/celebrando-la-apertura-de-flora-y-fauna-por-mark-lineweaver-en-altos-de-chavon\/","url_meta":{"origin":340281,"position":2},"title":"Celebrando la apertura de \u00abFlora y Fauna\u00bb por Mark Lineweaver en Altos de Chav\u00f3n!","author":"lperdomo","date":"1 Ene, 2013","format":false,"excerpt":"El jueves 20 de Diciembre pasado, el artista Mark Lineweaver, quien es tambi\u00e9n profesor en la Escuela de Arte y Dise\u00f1o de Altos de Chav\u00f3n celebr\u00f3 la apertura de su nueva exhibici\u00f3n Flora y Fauna en la galer\u00eda de arte de Altos de Chav\u00f3n entre una multitud muy impresionada \u00a0de\u2026","rel":"","context":"En \u00abAltos de Chavon @es\u00bb","block_context":{"text":"Altos de Chavon @es","link":"https:\/\/casadecampoliving.com\/category\/altos-de-chavon-es\/"},"img":{"alt_text":"mark lineweaver art","src":"https:\/\/i0.wp.com\/casadecampoliving.com\/wp-content\/uploads\/2022\/10\/mark_lineweaver_art-1.jpg?fit=650%2C436&ssl=1&resize=350%2C200","width":350,"height":200,"srcset":"https:\/\/i0.wp.com\/casadecampoliving.com\/wp-content\/uploads\/2022\/10\/mark_lineweaver_art-1.jpg?fit=650%2C436&ssl=1&resize=350%2C200 1x, https:\/\/i0.wp.com\/casadecampoliving.com\/wp-content\/uploads\/2022\/10\/mark_lineweaver_art-1.jpg?fit=650%2C436&ssl=1&resize=525%2C300 1.5x"},"classes":[]},{"id":340897,"url":"https:\/\/casadecampoliving.com\/es\/piernas-espectaculares-nuestra-contribucion-a-art-chavon-2013\/","url_meta":{"origin":340281,"position":3},"title":"Piernas espectaculares! Nuestra contribuci\u00f3n a Art Chav\u00f3n 2013!","author":"lperdomo","date":"28 Mar, 2013","format":false,"excerpt":"!Mira mis piernas! No crees que son hermosas? Estas piernas realmente son nuestras \u2013 Philip Silvestri y yo las compramos en el evento ben\u00e9fico \u201cArt Chavon 2013\u201d la exhibici\u00f3n de estudiantes actualmente expuesta en la galer\u00eda de Altos de Chav\u00f3n \u2013 \u00a1y muchos otros due\u00f1os de villa de Casa de\u2026","rel":"","context":"En \u00abAltos de Chavon @es\u00bb","block_context":{"text":"Altos de Chavon @es","link":"https:\/\/casadecampoliving.com\/category\/altos-de-chavon-es\/"},"img":{"alt_text":"legs","src":"https:\/\/i0.wp.com\/casadecampoliving.com\/wp-content\/uploads\/2022\/10\/legs-1.jpg?fit=650%2C500&ssl=1&resize=350%2C200","width":350,"height":200,"srcset":"https:\/\/i0.wp.com\/casadecampoliving.com\/wp-content\/uploads\/2022\/10\/legs-1.jpg?fit=650%2C500&ssl=1&resize=350%2C200 1x, https:\/\/i0.wp.com\/casadecampoliving.com\/wp-content\/uploads\/2022\/10\/legs-1.jpg?fit=650%2C500&ssl=1&resize=525%2C300 1.5x"},"classes":[]},{"id":341759,"url":"https:\/\/casadecampoliving.com\/es\/la-historia-del-escultor-mark-lineweaver\/","url_meta":{"origin":340281,"position":4},"title":"La incre\u00edble historia del escultor Mark Lineweaver","author":"Mairobi Herrera","date":"4 Jun, 2013","format":false,"excerpt":"El artista Mark Lineweaver, profesor en la Escuela de \u00a0Arte y Dise\u00f1o Altos de Chav\u00f3n lleva 19 a\u00f1os ense\u00f1ando escultura, dibujo y dise\u00f1o de tridimensional a los estudiantes. Considerado asimismo como un escultor, pero con un profundo inter\u00e9s en la pintura, \u00e9l comparte con nosotros la historia de c\u00f3mo inici\u00f3\u2026","rel":"","context":"En \u00abAltos de Chavon @es\u00bb","block_context":{"text":"Altos de Chavon @es","link":"https:\/\/casadecampoliving.com\/category\/altos-de-chavon-es\/"},"img":{"alt_text":"mark lineweavver","src":"https:\/\/i0.wp.com\/casadecampoliving.com\/wp-content\/uploads\/2022\/10\/mark_lineweaver2-1.jpg?fit=650%2C350&ssl=1&resize=350%2C200","width":350,"height":200,"srcset":"https:\/\/i0.wp.com\/casadecampoliving.com\/wp-content\/uploads\/2022\/10\/mark_lineweaver2-1.jpg?fit=650%2C350&ssl=1&resize=350%2C200 1x, https:\/\/i0.wp.com\/casadecampoliving.com\/wp-content\/uploads\/2022\/10\/mark_lineweaver2-1.jpg?fit=650%2C350&ssl=1&resize=525%2C300 1.5x"},"classes":[]},{"id":321871,"url":"https:\/\/casadecampoliving.com\/mark-lineweaver-is-a-rarity-by-stephen-kaplan\/","url_meta":{"origin":340281,"position":5},"title":"\u00abMark Lineweaver is a rarity\u00bb by Stephen Kaplan","author":"Stephen Kaplan","date":"12 Dic, 2012","format":false,"excerpt":"On Thursday December the 20th 2012, from 7:30pm, artist Mark Lineweaver, who is also a teacher at the Altos de Chav\u00f3n School of Art and Design is celebrating the inauguration of his new art exhibit\u00a0\u201cFlora and Fauna \u2013 The Dominican Experience\u201d at the Altos de Chav\u00f3n art gallery \u2013 and\u2026","rel":"","context":"En \u00abAltos de Chavon\u00bb","block_context":{"text":"Altos de Chavon","link":"https:\/\/casadecampoliving.com\/category\/altos-de-chavon\/"},"img":{"alt_text":"mark lineweaver","src":"https:\/\/i0.wp.com\/casadecampoliving.com\/wp-content\/uploads\/2022\/10\/mark_lineweaver-2.jpg?fit=650%2C219&ssl=1&resize=350%2C200","width":350,"height":200,"srcset":"https:\/\/i0.wp.com\/casadecampoliving.com\/wp-content\/uploads\/2022\/10\/mark_lineweaver-2.jpg?fit=650%2C219&ssl=1&resize=350%2C200 1x, https:\/\/i0.wp.com\/casadecampoliving.com\/wp-content\/uploads\/2022\/10\/mark_lineweaver-2.jpg?fit=650%2C219&ssl=1&resize=525%2C300 1.5x"},"classes":[]}],"jetpack_sharing_enabled":true,"_links":{"self":[{"href":"https:\/\/casadecampoliving.com\/es\/wp-json\/wp\/v2\/posts\/340281","targetHints":{"allow":["GET"]}}],"collection":[{"href":"https:\/\/casadecampoliving.com\/es\/wp-json\/wp\/v2\/posts"}],"about":[{"href":"https:\/\/casadecampoliving.com\/es\/wp-json\/wp\/v2\/types\/post"}],"author":[{"embeddable":true,"href":"https:\/\/casadecampoliving.com\/es\/wp-json\/wp\/v2\/users\/384"}],"replies":[{"embeddable":true,"href":"https:\/\/casadecampoliving.com\/es\/wp-json\/wp\/v2\/comments?post=340281"}],"version-history":[{"count":1,"href":"https:\/\/casadecampoliving.com\/es\/wp-json\/wp\/v2\/posts\/340281\/revisions"}],"predecessor-version":[{"id":340282,"href":"https:\/\/casadecampoliving.com\/es\/wp-json\/wp\/v2\/posts\/340281\/revisions\/340282"}],"wp:featuredmedia":[{"embeddable":true,"href":"https:\/\/casadecampoliving.com\/es\/wp-json\/wp\/v2\/media\/241064"}],"wp:attachment":[{"href":"https:\/\/casadecampoliving.com\/es\/wp-json\/wp\/v2\/media?parent=340281"}],"wp:term":[{"taxonomy":"category","embeddable":true,"href":"https:\/\/casadecampoliving.com\/es\/wp-json\/wp\/v2\/categories?post=340281"},{"taxonomy":"post_tag","embeddable":true,"href":"https:\/\/casadecampoliving.com\/es\/wp-json\/wp\/v2\/tags?post=340281"},{"taxonomy":"newspack_spnsrs_tax","embeddable":true,"href":"https:\/\/casadecampoliving.com\/es\/wp-json\/wp\/v2\/newspack_spnsrs_tax?post=340281"}],"curies":[{"name":"wp","href":"https:\/\/api.w.org\/{rel}","templated":true}]}}