{"id":340277,"date":"2012-12-10T00:00:00","date_gmt":"2012-12-10T04:00:00","guid":{"rendered":"https:\/\/casadecampoliving.com\/una-inauguracion-majestuosa-en-altos-de-chavon-da-comienzo-a-la-temporada-navidena-en-casa-de-campo\/"},"modified":"2022-10-21T18:51:00","modified_gmt":"2022-10-21T22:51:00","slug":"una-inauguracion-majestuosa-en-altos-de-chavon-da-comienzo-a-la-temporada-navidena-en-casa-de-campo","status":"publish","type":"post","link":"https:\/\/casadecampoliving.com\/es\/una-inauguracion-majestuosa-en-altos-de-chavon-da-comienzo-a-la-temporada-navidena-en-casa-de-campo\/","title":{"rendered":"\u00a1Una inauguraci\u00f3n majestuosa en Altos de Chav\u00f3n da comienzo a la temporada navide\u00f1a en Casa de Campo!"},"content":{"rendered":"<div class=\"wp-block-image\">\n<figure class=\"aligncenter is-resized\"><img loading=\"lazy\" decoding=\"async\" src=\"https:\/\/i0.wp.com\/casadecampoliving.com\/wp-content\/uploads\/2022\/10\/altos_de_chavon_christmas2-2.jpg?resize=650%2C382&amp;ssl=1\" alt=\"altos de chavon christmas\" class=\"wp-image-61964\" height=\"382\" width=\"650\"\/><\/figure>\n<\/div>\n\n<div class=\"wp-block-image\">\n<figure class=\"alignright is-resized\"><img loading=\"lazy\" decoding=\"async\" src=\"https:\/\/i0.wp.com\/casadecampoliving.com\/wp-content\/uploads\/2022\/10\/altos_de_chavon_christmas3.jpg?resize=230%2C294&amp;ssl=1\" alt=\"altos de chavon christmas \" class=\"wp-image-61970\" height=\"294\" width=\"230\"\/><\/figure>\n<\/div>\n\n\n<p>Este pasado s\u00e1bado 8 diciembre 2012, Casa de Campo y la comunidad de La Romana nos trajeron una experiencia fuera de este mundo dando inicio a las Navidades en Altos de Chav\u00f3n. La inauguraci\u00f3n comenz\u00f3 con la iluminaci\u00f3n del \u00e1rbol de Navidad y las luces navide\u00f1as de la plaza, un concierto con la orquesta sinf\u00f3nica de Juan Pablo Duarte (con la actuaci\u00f3n sorpresiva de Santa que estuvo magn\u00edfica!) As\u00ed como la inauguraci\u00f3n de la nueva tienda \u2013 Shine \u201cconcept store\u201d, una presentaci\u00f3n de \u201cArte Furtivo\u201d por Thimo Pimentel en el Museo Arqueol\u00f3gico Regional de Altos de Chav\u00f3n y una exposici\u00f3n de arte en La Cantina por parte de los alumnos de la Escuela de de Arte y Dise\u00f1o de&nbsp;Altos de Chav\u00f3n. Todos estos eventos fueron la combinaci\u00f3n perfecta para comenzar la navidad, <strong>\u00a1Felices Fiestas!<\/strong><\/p>\n\n\n\n<!--more-->\n\n\n\n<p>Y lo que falta por venir! Como hemos anticipado para esta \u00e9poca en Altos de Chavon habr\u00e1n muchas actividades para poder disfrutar con la familia entera. Para un listado completo de todas las festividades, eventos, y lo que pasa en Casa de Campo, visite: <strong><a href=\"http:\/\/www.todo.fm\">www.todo.fm<\/a><\/strong><\/p>\n\n\n\n<p>El pasado s\u00e1bado fue una noche llena de eventos de todo tipo, desde inauguraci\u00f3n a exposiciones, aqu\u00ed les traemos un peque\u00f1o resumen de la magia que todos vivimos \u2013 mas fotos por venir muy pronto!<\/p>\n\n\n\n<blockquote><p style=\"text-align: center;\"><strong><a href=\"https:\/\/casadecampoliving.com\/es\/2012\/12\/la-apertura-de-navidad-en-altos-de-chavon-fotos-de-la-diversion\/\"> La iluminaci\u00f3n del \u00c1rbol de Navidad<\/a><br>\n<\/strong><\/p><figure><img decoding=\"async\" loading=\"lazy\" class=\"aligncenter size-full wp-image-61963\" src=\"https:\/\/i0.wp.com\/casadecampoliving.com\/wp-content\/uploads\/2022\/10\/altos_de_chavon_christmas1-2.jpg?resize=620%2C357&amp;ssl=1\" alt=\"altos de chavon christmas\" width=\"620\" height=\"357\"><\/figure><p style=\"text-align: center;\"><\/p><p style=\"text-align: left;\">Que manera de comenzar la temporada navide\u00f1a con la iluminacion del arbol de navidad en la plaza central. La inauguraci\u00f3n fue dirigida por el Dr. Claudio Silvestri, Presidente y CEO de Casa de Campo junto con el Maestro Dante Cucurullo en representaci\u00f3n del Ministerio de Cultura, que ha patrocinado el evento. Despu\u00e9s de una cuenta regresiva que nos puso a todos de pie, rodeados por una muralla de fuegos artificiales se ilumina la plaza central de Altos de Chav\u00f3n como un acto de magia!<\/p><p style=\"text-align: left;\"><em><strong><a href=\"https:\/\/casadecampoliving.com\/es\/2012\/12\/la-apertura-de-navidad-en-altos-de-chavon-fotos-de-la-diversion\/\">Haga click aqu\u00ed para ver m\u00e1s fotos de la celebraci\u00f3n!<\/a><\/strong><\/em><\/p><\/blockquote>\n\n\n\n<blockquote><p style=\"text-align: center;\"><strong><a href=\"https:\/\/casadecampoliving.com\/es\/2012\/12\/la-apertura-de-navidad-en-altos-de-chavon-fotos-de-la-diversion\/\">\u201cLa navidad llega a Chav\u00f3n\u201d con&nbsp;Orquesta de Juan Pablo Duarte<\/a><\/strong><\/p><figure><img decoding=\"async\" loading=\"lazy\" class=\"aligncenter size-full wp-image-61959\" src=\"https:\/\/i0.wp.com\/casadecampoliving.com\/wp-content\/uploads\/2022\/10\/altos_de_chavon_christmas-4.jpg?resize=620%2C436&amp;ssl=1\" alt=\"altos de chavon christmas\" width=\"620\" height=\"436\"><\/figure><p style=\"text-align: center;\"><\/p><p style=\"text-align: left;\">\u00a1Qu\u00e9 espect\u00e1culo! Para una audiencia de m\u00e1s de 300 personas donde se encontraban due\u00f1os de villas, residentes e invitados, la m\u00fasica hermosa de la Orquesta de Juan Pablo Duarte traen vida a la Navidad en Altos de Chav\u00f3n! Dirigida por el talentoso y muy entretenido Maestro Dante Cucurullo, la Orquesta de Juan Pablo Duarte acompa\u00f1ada por el coro del Conservatorio Nacional de M\u00fasica fue fenomenal \u2013 especialmente cuando Santa Claus se subi\u00f3 al escenario y dirigi\u00f3 el espect\u00e1culo \u2013 jo, jo, jo con barba y todo!<\/p><p style=\"text-align: left;\"><em><strong><a href=\"https:\/\/casadecampoliving.com\/es\/2012\/12\/la-apertura-de-navidad-en-altos-de-chavon-fotos-de-la-diversion\/\">Haga click aqu\u00ed para ver m\u00e1s fotos de la celebraci\u00f3n!<\/a><\/strong><\/em><\/p><\/blockquote>\n\n\n\n<blockquote><p style=\"text-align: center;\"><strong>Santa en Altos de Chav\u00f3n!<\/strong><\/p><figure><img decoding=\"async\" loading=\"lazy\" class=\"aligncenter size-full wp-image-61958\" src=\"https:\/\/i0.wp.com\/casadecampoliving.com\/wp-content\/uploads\/2022\/10\/santa_altos_de_chavon2-2.jpg?resize=620%2C388&amp;ssl=1\" alt=\"santa altos de chavon\" width=\"620\" height=\"388\"><\/figure><p style=\"text-align: center;\"><\/p><p style=\"text-align: left;\">Santa Claus lleg\u00f3 desde el Polo Norte especialmete para la ocasi\u00f3n! Posando para las fotos debajo del \u00e1rbol de Navidad y despu\u00e9s tomando el escenario como parte de la actuaci\u00f3n de la Orquesta Sinfonica de Juan Pablo Duarte que sin duda fue la estrella de show!<\/p><p style=\"text-align: left;\">Perdieron a Santa? &nbsp;Santa estar\u00e1 de vuelta en Altos de Chav\u00f3n en muchas ocasiones a lo largo de la temporada!&nbsp;<a href=\"https:\/\/casadecampoliving.com\/es\/2012\/12\/jo-jo-jo-feliz-navidad-santa-claus-llega-a-altos-de-chavon\/\">Clic aqui para el horario completo de Santa!&nbsp;<\/a><\/p><\/blockquote>\n\n\n\n<blockquote><p style=\"text-align: center;\"><strong><a href=\"https:\/\/casadecampoliving.com\/es\/2012\/12\/todos-merecemos-brillar-shine-celebra-su-gran-inauguracion-en-altos-de-chavon\/\">La apertura de Shine!<\/a><\/strong><\/p><figure><img decoding=\"async\" loading=\"lazy\" class=\"aligncenter size-full wp-image-61962\" src=\"https:\/\/i0.wp.com\/casadecampoliving.com\/wp-content\/uploads\/2022\/10\/shine_altos_de_chavon.jpg?resize=620%2C382&amp;ssl=1\" alt=\"shine altos de chavon\" width=\"620\" height=\"382\"><\/figure><p style=\"text-align: center;\"><\/p><p style=\"text-align: left;\">Dandole a todas las mujeres de Casa de Campo la oportunidad de \u201cBrillar como un diamante\u201d \u2013<a href=\"https:\/\/casadecampoliving.com\/es\/2012\/12\/brilla-como-una-estrella-shine-concept-store-abrira-en-altos-de-chavon\/\">Shine<\/a> \u201cConcept store\u201d (la primera en la Rep\u00fablica Dominicana),&nbsp;bajo la supervisi\u00f3n de las expertas, co-propietarios y residentes de Casa de Campo, Consuelo Matos y Yovanka Saladino celebraron su inauguraci\u00f3n el s\u00e1bado por la noche \u2013 recibiendo invitados con una copa de vino y una gran variedad de hors d\u2019oeuvres. En la tienda podr\u00e1s encontrar no s\u00f3lo una magn\u00edfica colecci\u00f3n de art\u00edculos de consumo en casa, sino tambi\u00e9n joyas y accesorios, as\u00ed como un sal\u00f3n de belleza, maquillaje y mani y pedi, y si faltaba poco \u201cEndermolab LPG\u201d m\u00e1quina que promete remover la celulitis y la grasa para siempre !<\/p><p style=\"text-align: left;\"><em><strong><a href=\"https:\/\/casadecampoliving.com\/es\/2012\/12\/todos-merecemos-brillar-shine-celebra-su-gran-inauguracion-en-altos-de-chavon\/\">Haga click aqu\u00ed para m\u00e1s fotos de la apertura!<\/a><\/strong><\/em><\/p><\/blockquote>\n\n\n\n<blockquote><p style=\"text-align: center;\"><strong><a href=\"https:\/\/casadecampoliving.com\/es\/2012\/12\/el-museo-arqueologico-regional-de-altos-de-chavon-presenta-arte-furtivo-por-thimo-pimentel\/\">Art Furtivo\u2026Arte de Calle \u2013 por Thimo Pimentel&nbsp;<\/a><\/strong><\/p><figure><img decoding=\"async\" loading=\"lazy\" class=\"aligncenter size-full wp-image-61961\" src=\"https:\/\/i0.wp.com\/casadecampoliving.com\/wp-content\/uploads\/2022\/10\/thimo_pimentel.jpg?resize=620%2C352&amp;ssl=1\" alt=\"thimo pimentel\" width=\"620\" height=\"352\"><\/figure><p style=\"text-align: left;\"><\/p><p style=\"text-align: left;\">El sabado a las 6 de la tarde, el distinguido artista grafico y ceramista Dominicano, Thimo Pimentel organiz\u00f3 una presentaci\u00f3n art\u00edstica \u201cEl arte invisible\u201d, como parte de la \u201cNoche Larga de los Museos\u201d en el Museo Arqueol\u00f3gico Regional de Altos de Chav\u00f3n&nbsp;\u2013 tras lo cual los asistentes fueron invitados a una b\u00fasqueda de tesoros alrededor de Altos de Chav\u00f3n, donde habian escondidos 3 cilindros de cer\u00e1mica decorados y firmados por Thimo Pimentel.<\/p><p style=\"text-align: left;\"><em><strong><a href=\"https:\/\/casadecampoliving.com\/es\/2012\/12\/el-museo-arqueologico-regional-de-altos-de-chavon-presenta-arte-furtivo-por-thimo-pimentel\/\">Haga click aqu\u00ed para fotos del evento!<\/a><\/strong><\/em><\/p><\/blockquote>\n\n\n\n<blockquote><p style=\"text-align: left;\"><strong><a href=\"https:\/\/casadecampoliving.com\/es\/2012\/12\/os-estudiantes-de-la-escuela-de-arte-y-diseno-de-altos-de-chavon-presentan-un-rediseno-para-el-vino-yellow-tail-por-stephen-kaplan\/\">Exposici\u00f3n de Arte \u201cThe Power of Illustration Bu$ine$$\u201d &nbsp;<\/a><\/strong><\/p><figure><img decoding=\"async\" loading=\"lazy\" class=\"aligncenter size-full wp-image-61960\" src=\"https:\/\/i0.wp.com\/casadecampoliving.com\/wp-content\/uploads\/2022\/10\/arte_altos_de_chavon-4.jpg?resize=620%2C308&amp;ssl=1\" alt=\"art altos de chavon\" width=\"620\" height=\"308\"><\/figure><p style=\"text-align: left;\"><strong><\/strong><\/p><p style=\"text-align: left;\">Tambi\u00e9n el s\u00e1bado por la noche, en Altos de Chav\u00f3n la Fundaci\u00f3n de la Escuela de Arte y Dise\u00f1o de Altos de Chav\u00f3n organiz\u00f3 una fiesta para celebrar la finalizaci\u00f3n de un proyecto de un grupo de estudiantes que es \u2013 &nbsp;\u201cThe Power of Illustration Bu$ine$$\u201d, impartido por Mar\u00eda Batlle. El grupo de j\u00f3venes artistas, acompa\u00f1ado por el rector de la Escuela de Arte y Dise\u00f1o de&nbsp;Altos de Chav\u00f3n, Stephen Kaplan, muestran con orgullo sus dise\u00f1os creados para el vino australiano de cola amarilla, Yellow Tail. &nbsp;Tanto la celebraci\u00f3n y exhibici\u00f3n tuvieron lugar en La Cantina Latin Bistro.<\/p><p style=\"text-align: left;\"><em><strong><a href=\"https:\/\/casadecampoliving.com\/es\/2012\/12\/os-estudiantes-de-la-escuela-de-arte-y-diseno-de-altos-de-chavon-presentan-un-rediseno-para-el-vino-yellow-tail-por-stephen-kaplan\/\">Haga click aqu\u00ed para m\u00e1s fotos y el art\u00edculo completo!<\/a><\/strong><\/em><\/p><p style=\"text-align: left;\">Photo por:&nbsp;<a href=\"http:\/\/www.facebook.com\/mariabatllemanukyan\">Supermaria VisualArtist<\/a><\/p><\/blockquote>\n\n\n\n<blockquote><p style=\"text-align: left;\"><strong>Muy pronto en Altos de Chav\u00f3n<\/strong><\/p><figure><img decoding=\"async\" loading=\"lazy\" class=\"aligncenter  wp-image-45236\" src=\"https:\/\/i0.wp.com\/casadecampoliving.com\/wp-content\/uploads\/2022\/10\/rusticos_y_mas_muebles-2.jpg?resize=585%2C342&amp;ssl=1\" alt=\"rusticos y mas muebles\" width=\"585\" height=\"342\"><\/figure><p style=\"text-align: left;\"><\/p><p style=\"text-align: left;\">Mientras su inauguraci\u00f3n no fue el&nbsp;s\u00e1bado, los visitantes lograron dar un vistazo a algunas de las adiciones a Altos de Chav\u00f3n \u2013 lo cual todo se abrir\u00e1 este mes de diciembre, es decir, muy pronto! R\u00fasticos y M\u00e1s, creadores de muebles a medida pronto abrir\u00e1 una sala de exposiciones, <em>coffee shop<\/em> junto a Caf\u00e9 Santo Domingo&nbsp;y taller creativo, mientras que Gino in Trastevere pizzer\u00eda ser\u00e1 oficialmente reabierta a partir de este mi\u00e9rcoles 12 de diciembre y \u201cThe Club\u201d Restaurant and Grill se abrir\u00e1 en breve en Casa del R\u00edo!<\/p><\/blockquote>\n\n\n\n<p class=\"has-text-align-left\"><strong><strong>M\u00e1s&nbsp;<\/strong>fotos y &nbsp;cobertura completa de todas estas actividades, muy pronto!!<\/strong><\/p>\n\n\n\n<p class=\"has-text-align-left\">Para un listado completo de todas las festividades, eventos, y lo que pasa en Casa de Campo, no se olvide de visitar:&nbsp;<strong><a href=\"http:\/\/www.todo.fm\" target=\"_blank\" rel=\"noopener\">www.todo.fm<\/a>, <\/strong>para no perderse de ning\u00fan&nbsp;otro evento!<\/p>\n","protected":false},"excerpt":{"rendered":"<p>Este pasado s\u00e1bado 8 diciembre 2012, Casa de Campo y la comunidad de La Romana nos trajeron una experiencia fuera de este mundo dando inicio a las Navidades en Altos de Chav\u00f3n. La inauguraci\u00f3n comenz\u00f3 con la iluminaci\u00f3n del \u00e1rbol de Navidad y las luces navide\u00f1as de la plaza, un concierto con la orquesta sinf\u00f3nica [&hellip;]<\/p>\n","protected":false},"author":384,"featured_media":241944,"comment_status":"closed","ping_status":"closed","sticky":false,"template":"","format":"standard","meta":{"newspack_ads_suppress_ads":false,"newspack_popups_has_disabled_popups":false,"newspack_sponsor_sponsorship_scope":"","newspack_sponsor_native_byline_display":"inherit","newspack_sponsor_native_category_display":"inherit","newspack_sponsor_underwriter_style":"inherit","newspack_sponsor_underwriter_placement":"inherit","_newspack_byline_active":false,"_newspack_byline":"","newspack_hide_updated_date":false,"newspack_show_updated_date":false,"newspack_content_restriction_is_exempt":false,"newspack_featured_image_position":"","newspack_post_subtitle":"","newspack_article_summary_title":"Overview:","newspack_article_summary":"","_jetpack_memberships_contains_paid_content":false,"footnotes":"","jetpack_publicize_message":"","jetpack_publicize_feature_enabled":true,"jetpack_social_post_already_shared":false,"jetpack_social_options":{"image_generator_settings":{"template":"highway","default_image_id":0,"font":"","enabled":false},"version":2},"_wpas_customize_per_network":false},"categories":[26819,26823,2518,2524,2522,14625,14627,26822,2526],"tags":[15387,2536,5423,5714,5634,1662,5713,5613,2962],"newspack_spnsrs_tax":[],"class_list":["post-340277","post","type-post","status-publish","format-standard","has-post-thumbnail","hentry","category-altos-de-chavon-es","category-arte-y-cultura","category-conciertos-es","category-destacados","category-eventos-es","category-noticias-locales","category-proximamente","category-resort-casa-de-campo","category-titulares-es","tag-altos-de-chavon-es","tag-arte","tag-duenos-de-villa","tag-inauguracion","tag-museo","tag-navidad","tag-shine","tag-thimo-pimentel","tag-tienda","entry"],"yoast_head":"<!-- This site is optimized with the Yoast SEO plugin v27.5 - https:\/\/yoast.com\/product\/yoast-seo-wordpress\/ -->\n<title>\u00a1Una inauguraci\u00f3n majestuosa en Altos de Chav\u00f3n da comienzo a la temporada navide\u00f1a en Casa de Campo! | Casa de Campo Living<\/title>\n<meta name=\"description\" content=\"Este pasado s\u00e1bado 8 diciembre 2012, Casa de Campo y la comunidad de La Romana nos trajeron una experiencia fuera de este mundo dando inicio a las\" \/>\n<meta name=\"robots\" content=\"index, follow, max-snippet:-1, max-image-preview:large, max-video-preview:-1\" \/>\n<link rel=\"canonical\" href=\"https:\/\/casadecampoliving.com\/es\/una-inauguracion-majestuosa-en-altos-de-chavon-da-comienzo-a-la-temporada-navidena-en-casa-de-campo\/\" \/>\n<meta property=\"og:locale\" content=\"es_ES\" \/>\n<meta property=\"og:type\" content=\"article\" \/>\n<meta property=\"og:title\" content=\"\u00a1Una inauguraci\u00f3n majestuosa en Altos de Chav\u00f3n da comienzo a la temporada navide\u00f1a en Casa de Campo! | Casa de Campo Living\" \/>\n<meta property=\"og:description\" content=\"Este pasado s\u00e1bado 8 diciembre 2012, Casa de Campo y la comunidad de La Romana nos trajeron una experiencia fuera de este mundo dando inicio a las\" \/>\n<meta property=\"og:url\" content=\"https:\/\/casadecampoliving.com\/es\/una-inauguracion-majestuosa-en-altos-de-chavon-da-comienzo-a-la-temporada-navidena-en-casa-de-campo\/\" \/>\n<meta property=\"og:site_name\" content=\"Casa de Campo Living\" \/>\n<meta property=\"article:publisher\" content=\"https:\/\/www.facebook.com\/casadecampoliving\" \/>\n<meta property=\"article:published_time\" content=\"2012-12-10T04:00:00+00:00\" \/>\n<meta property=\"article:modified_time\" content=\"2022-10-21T22:51:00+00:00\" \/>\n<meta property=\"og:image\" content=\"https:\/\/i0.wp.com\/casadecampoliving.com\/wp-content\/uploads\/2022\/10\/altos_de_chavon_christmas2-3.jpg?fit=650%2C382&ssl=1\" \/>\n\t<meta property=\"og:image:width\" content=\"650\" \/>\n\t<meta property=\"og:image:height\" content=\"382\" \/>\n\t<meta property=\"og:image:type\" content=\"image\/jpeg\" \/>\n<meta name=\"author\" content=\"Tere Garcia\" \/>\n<meta name=\"twitter:card\" content=\"summary_large_image\" \/>\n<meta name=\"twitter:creator\" content=\"@cdcliving\" \/>\n<meta name=\"twitter:site\" content=\"@cdcliving\" \/>\n<meta name=\"twitter:label1\" content=\"Escrito por\" \/>\n\t<meta name=\"twitter:data1\" content=\"Tere Garcia\" \/>\n\t<meta name=\"twitter:label2\" content=\"Tiempo de lectura\" \/>\n\t<meta name=\"twitter:data2\" content=\"5 minutos\" \/>\n<script type=\"application\/ld+json\" class=\"yoast-schema-graph\">{\"@context\":\"https:\\\/\\\/schema.org\",\"@graph\":[{\"@type\":\"Article\",\"@id\":\"https:\\\/\\\/casadecampoliving.com\\\/es\\\/una-inauguracion-majestuosa-en-altos-de-chavon-da-comienzo-a-la-temporada-navidena-en-casa-de-campo\\\/#article\",\"isPartOf\":{\"@id\":\"https:\\\/\\\/casadecampoliving.com\\\/es\\\/una-inauguracion-majestuosa-en-altos-de-chavon-da-comienzo-a-la-temporada-navidena-en-casa-de-campo\\\/\"},\"author\":{\"name\":\"Tere Garcia\",\"@id\":\"https:\\\/\\\/casadecampoliving.com\\\/es\\\/#\\\/schema\\\/person\\\/aaa019e57912071f2ff8672cb7b2cd4a\"},\"headline\":\"\u00a1Una inauguraci\u00f3n majestuosa en Altos de Chav\u00f3n da comienzo a la temporada navide\u00f1a en Casa de Campo!\",\"datePublished\":\"2012-12-10T04:00:00+00:00\",\"dateModified\":\"2022-10-21T22:51:00+00:00\",\"mainEntityOfPage\":{\"@id\":\"https:\\\/\\\/casadecampoliving.com\\\/es\\\/una-inauguracion-majestuosa-en-altos-de-chavon-da-comienzo-a-la-temporada-navidena-en-casa-de-campo\\\/\"},\"wordCount\":1101,\"publisher\":{\"@id\":\"https:\\\/\\\/casadecampoliving.com\\\/es\\\/#organization\"},\"image\":{\"@id\":\"https:\\\/\\\/casadecampoliving.com\\\/es\\\/una-inauguracion-majestuosa-en-altos-de-chavon-da-comienzo-a-la-temporada-navidena-en-casa-de-campo\\\/#primaryimage\"},\"thumbnailUrl\":\"https:\\\/\\\/i0.wp.com\\\/casadecampoliving.com\\\/wp-content\\\/uploads\\\/2022\\\/10\\\/altos_de_chavon_christmas2-3.jpg?fit=650%2C382&ssl=1\",\"keywords\":[\"Altos de Chavon\",\"arte\",\"duenos de villa\",\"inauguraci\u00f3n\",\"Museo\",\"navidad\",\"shine\",\"thimo pimentel\",\"tienda\"],\"articleSection\":[\"Altos de Chavon @es\",\"Arte y cultura\",\"Conciertos\",\"Destacados\",\"Eventos\",\"Noticias Locales\",\"Proximamente\",\"Resort Casa de Campo\",\"Titulares\"],\"inLanguage\":\"es\"},{\"@type\":\"WebPage\",\"@id\":\"https:\\\/\\\/casadecampoliving.com\\\/es\\\/una-inauguracion-majestuosa-en-altos-de-chavon-da-comienzo-a-la-temporada-navidena-en-casa-de-campo\\\/\",\"url\":\"https:\\\/\\\/casadecampoliving.com\\\/es\\\/una-inauguracion-majestuosa-en-altos-de-chavon-da-comienzo-a-la-temporada-navidena-en-casa-de-campo\\\/\",\"name\":\"\u00a1Una inauguraci\u00f3n majestuosa en Altos de Chav\u00f3n da comienzo a la temporada navide\u00f1a en Casa de Campo! | Casa de Campo Living\",\"isPartOf\":{\"@id\":\"https:\\\/\\\/casadecampoliving.com\\\/es\\\/#website\"},\"primaryImageOfPage\":{\"@id\":\"https:\\\/\\\/casadecampoliving.com\\\/es\\\/una-inauguracion-majestuosa-en-altos-de-chavon-da-comienzo-a-la-temporada-navidena-en-casa-de-campo\\\/#primaryimage\"},\"image\":{\"@id\":\"https:\\\/\\\/casadecampoliving.com\\\/es\\\/una-inauguracion-majestuosa-en-altos-de-chavon-da-comienzo-a-la-temporada-navidena-en-casa-de-campo\\\/#primaryimage\"},\"thumbnailUrl\":\"https:\\\/\\\/i0.wp.com\\\/casadecampoliving.com\\\/wp-content\\\/uploads\\\/2022\\\/10\\\/altos_de_chavon_christmas2-3.jpg?fit=650%2C382&ssl=1\",\"datePublished\":\"2012-12-10T04:00:00+00:00\",\"dateModified\":\"2022-10-21T22:51:00+00:00\",\"description\":\"Este pasado s\u00e1bado 8 diciembre 2012, Casa de Campo y la comunidad de La Romana nos trajeron una experiencia fuera de este mundo dando inicio a las\",\"breadcrumb\":{\"@id\":\"https:\\\/\\\/casadecampoliving.com\\\/es\\\/una-inauguracion-majestuosa-en-altos-de-chavon-da-comienzo-a-la-temporada-navidena-en-casa-de-campo\\\/#breadcrumb\"},\"inLanguage\":\"es\",\"potentialAction\":[{\"@type\":\"ReadAction\",\"target\":[\"https:\\\/\\\/casadecampoliving.com\\\/es\\\/una-inauguracion-majestuosa-en-altos-de-chavon-da-comienzo-a-la-temporada-navidena-en-casa-de-campo\\\/\"]}]},{\"@type\":\"ImageObject\",\"inLanguage\":\"es\",\"@id\":\"https:\\\/\\\/casadecampoliving.com\\\/es\\\/una-inauguracion-majestuosa-en-altos-de-chavon-da-comienzo-a-la-temporada-navidena-en-casa-de-campo\\\/#primaryimage\",\"url\":\"https:\\\/\\\/i0.wp.com\\\/casadecampoliving.com\\\/wp-content\\\/uploads\\\/2022\\\/10\\\/altos_de_chavon_christmas2-3.jpg?fit=650%2C382&ssl=1\",\"contentUrl\":\"https:\\\/\\\/i0.wp.com\\\/casadecampoliving.com\\\/wp-content\\\/uploads\\\/2022\\\/10\\\/altos_de_chavon_christmas2-3.jpg?fit=650%2C382&ssl=1\",\"width\":650,\"height\":382,\"caption\":\"altos de chavon christmas\"},{\"@type\":\"BreadcrumbList\",\"@id\":\"https:\\\/\\\/casadecampoliving.com\\\/es\\\/una-inauguracion-majestuosa-en-altos-de-chavon-da-comienzo-a-la-temporada-navidena-en-casa-de-campo\\\/#breadcrumb\",\"itemListElement\":[{\"@type\":\"ListItem\",\"position\":1,\"name\":\"Home\",\"item\":\"https:\\\/\\\/casadecampoliving.com\\\/es\\\/\"},{\"@type\":\"ListItem\",\"position\":2,\"name\":\"\u00a1Una inauguraci\u00f3n majestuosa en Altos de Chav\u00f3n da comienzo a la temporada navide\u00f1a en Casa de Campo!\"}]},{\"@type\":\"WebSite\",\"@id\":\"https:\\\/\\\/casadecampoliving.com\\\/es\\\/#website\",\"url\":\"https:\\\/\\\/casadecampoliving.com\\\/es\\\/\",\"name\":\"Casa de Campo Living\",\"description\":\"Resort community news and resources.\",\"publisher\":{\"@id\":\"https:\\\/\\\/casadecampoliving.com\\\/es\\\/#organization\"},\"potentialAction\":[{\"@type\":\"SearchAction\",\"target\":{\"@type\":\"EntryPoint\",\"urlTemplate\":\"https:\\\/\\\/casadecampoliving.com\\\/es\\\/?s={search_term_string}\"},\"query-input\":{\"@type\":\"PropertyValueSpecification\",\"valueRequired\":true,\"valueName\":\"search_term_string\"}}],\"inLanguage\":\"es\"},{\"@type\":\"Organization\",\"@id\":\"https:\\\/\\\/casadecampoliving.com\\\/es\\\/#organization\",\"name\":\"Casa de Campo Living\",\"url\":\"https:\\\/\\\/casadecampoliving.com\\\/es\\\/\",\"logo\":{\"@type\":\"ImageObject\",\"inLanguage\":\"es\",\"@id\":\"https:\\\/\\\/casadecampoliving.com\\\/es\\\/#\\\/schema\\\/logo\\\/image\\\/\",\"url\":\"https:\\\/\\\/i0.wp.com\\\/casadecampoliving.com\\\/wp-content\\\/uploads\\\/2022\\\/07\\\/CDCLivingLogo_V1-white-sized.png?fit=800%2C214&ssl=1\",\"contentUrl\":\"https:\\\/\\\/i0.wp.com\\\/casadecampoliving.com\\\/wp-content\\\/uploads\\\/2022\\\/07\\\/CDCLivingLogo_V1-white-sized.png?fit=800%2C214&ssl=1\",\"width\":800,\"height\":214,\"caption\":\"Casa de Campo Living\"},\"image\":{\"@id\":\"https:\\\/\\\/casadecampoliving.com\\\/es\\\/#\\\/schema\\\/logo\\\/image\\\/\"},\"sameAs\":[\"https:\\\/\\\/www.facebook.com\\\/casadecampoliving\",\"https:\\\/\\\/x.com\\\/cdcliving\"]},{\"@type\":\"Person\",\"@id\":\"https:\\\/\\\/casadecampoliving.com\\\/es\\\/#\\\/schema\\\/person\\\/aaa019e57912071f2ff8672cb7b2cd4a\",\"name\":\"Tere Garcia\",\"image\":{\"@type\":\"ImageObject\",\"inLanguage\":\"es\",\"@id\":\"https:\\\/\\\/secure.gravatar.com\\\/avatar\\\/95a4c98da1234da7035dc8ec8fadd3cad5a2cb5e187b80794baa199bf723f5a5?s=96&d=mm&r=g\",\"url\":\"https:\\\/\\\/secure.gravatar.com\\\/avatar\\\/95a4c98da1234da7035dc8ec8fadd3cad5a2cb5e187b80794baa199bf723f5a5?s=96&d=mm&r=g\",\"contentUrl\":\"https:\\\/\\\/secure.gravatar.com\\\/avatar\\\/95a4c98da1234da7035dc8ec8fadd3cad5a2cb5e187b80794baa199bf723f5a5?s=96&d=mm&r=g\",\"caption\":\"Tere Garcia\"},\"sameAs\":[\"http:\\\/\\\/www.silgon.net\"],\"url\":\"https:\\\/\\\/casadecampoliving.com\\\/es\\\/author\\\/tgarciasilgon-net\\\/\"}]}<\/script>\n<!-- \/ Yoast SEO plugin. -->","yoast_head_json":{"title":"\u00a1Una inauguraci\u00f3n majestuosa en Altos de Chav\u00f3n da comienzo a la temporada navide\u00f1a en Casa de Campo! | Casa de Campo Living","description":"Este pasado s\u00e1bado 8 diciembre 2012, Casa de Campo y la comunidad de La Romana nos trajeron una experiencia fuera de este mundo dando inicio a las","robots":{"index":"index","follow":"follow","max-snippet":"max-snippet:-1","max-image-preview":"max-image-preview:large","max-video-preview":"max-video-preview:-1"},"canonical":"https:\/\/casadecampoliving.com\/es\/una-inauguracion-majestuosa-en-altos-de-chavon-da-comienzo-a-la-temporada-navidena-en-casa-de-campo\/","og_locale":"es_ES","og_type":"article","og_title":"\u00a1Una inauguraci\u00f3n majestuosa en Altos de Chav\u00f3n da comienzo a la temporada navide\u00f1a en Casa de Campo! | Casa de Campo Living","og_description":"Este pasado s\u00e1bado 8 diciembre 2012, Casa de Campo y la comunidad de La Romana nos trajeron una experiencia fuera de este mundo dando inicio a las","og_url":"https:\/\/casadecampoliving.com\/es\/una-inauguracion-majestuosa-en-altos-de-chavon-da-comienzo-a-la-temporada-navidena-en-casa-de-campo\/","og_site_name":"Casa de Campo Living","article_publisher":"https:\/\/www.facebook.com\/casadecampoliving","article_published_time":"2012-12-10T04:00:00+00:00","article_modified_time":"2022-10-21T22:51:00+00:00","og_image":[{"width":650,"height":382,"url":"https:\/\/i0.wp.com\/casadecampoliving.com\/wp-content\/uploads\/2022\/10\/altos_de_chavon_christmas2-3.jpg?fit=650%2C382&ssl=1","type":"image\/jpeg"}],"author":"Tere Garcia","twitter_card":"summary_large_image","twitter_creator":"@cdcliving","twitter_site":"@cdcliving","twitter_misc":{"Escrito por":"Tere Garcia","Tiempo de lectura":"5 minutos"},"schema":{"@context":"https:\/\/schema.org","@graph":[{"@type":"Article","@id":"https:\/\/casadecampoliving.com\/es\/una-inauguracion-majestuosa-en-altos-de-chavon-da-comienzo-a-la-temporada-navidena-en-casa-de-campo\/#article","isPartOf":{"@id":"https:\/\/casadecampoliving.com\/es\/una-inauguracion-majestuosa-en-altos-de-chavon-da-comienzo-a-la-temporada-navidena-en-casa-de-campo\/"},"author":{"name":"Tere Garcia","@id":"https:\/\/casadecampoliving.com\/es\/#\/schema\/person\/aaa019e57912071f2ff8672cb7b2cd4a"},"headline":"\u00a1Una inauguraci\u00f3n majestuosa en Altos de Chav\u00f3n da comienzo a la temporada navide\u00f1a en Casa de Campo!","datePublished":"2012-12-10T04:00:00+00:00","dateModified":"2022-10-21T22:51:00+00:00","mainEntityOfPage":{"@id":"https:\/\/casadecampoliving.com\/es\/una-inauguracion-majestuosa-en-altos-de-chavon-da-comienzo-a-la-temporada-navidena-en-casa-de-campo\/"},"wordCount":1101,"publisher":{"@id":"https:\/\/casadecampoliving.com\/es\/#organization"},"image":{"@id":"https:\/\/casadecampoliving.com\/es\/una-inauguracion-majestuosa-en-altos-de-chavon-da-comienzo-a-la-temporada-navidena-en-casa-de-campo\/#primaryimage"},"thumbnailUrl":"https:\/\/i0.wp.com\/casadecampoliving.com\/wp-content\/uploads\/2022\/10\/altos_de_chavon_christmas2-3.jpg?fit=650%2C382&ssl=1","keywords":["Altos de Chavon","arte","duenos de villa","inauguraci\u00f3n","Museo","navidad","shine","thimo pimentel","tienda"],"articleSection":["Altos de Chavon @es","Arte y cultura","Conciertos","Destacados","Eventos","Noticias Locales","Proximamente","Resort Casa de Campo","Titulares"],"inLanguage":"es"},{"@type":"WebPage","@id":"https:\/\/casadecampoliving.com\/es\/una-inauguracion-majestuosa-en-altos-de-chavon-da-comienzo-a-la-temporada-navidena-en-casa-de-campo\/","url":"https:\/\/casadecampoliving.com\/es\/una-inauguracion-majestuosa-en-altos-de-chavon-da-comienzo-a-la-temporada-navidena-en-casa-de-campo\/","name":"\u00a1Una inauguraci\u00f3n majestuosa en Altos de Chav\u00f3n da comienzo a la temporada navide\u00f1a en Casa de Campo! | Casa de Campo Living","isPartOf":{"@id":"https:\/\/casadecampoliving.com\/es\/#website"},"primaryImageOfPage":{"@id":"https:\/\/casadecampoliving.com\/es\/una-inauguracion-majestuosa-en-altos-de-chavon-da-comienzo-a-la-temporada-navidena-en-casa-de-campo\/#primaryimage"},"image":{"@id":"https:\/\/casadecampoliving.com\/es\/una-inauguracion-majestuosa-en-altos-de-chavon-da-comienzo-a-la-temporada-navidena-en-casa-de-campo\/#primaryimage"},"thumbnailUrl":"https:\/\/i0.wp.com\/casadecampoliving.com\/wp-content\/uploads\/2022\/10\/altos_de_chavon_christmas2-3.jpg?fit=650%2C382&ssl=1","datePublished":"2012-12-10T04:00:00+00:00","dateModified":"2022-10-21T22:51:00+00:00","description":"Este pasado s\u00e1bado 8 diciembre 2012, Casa de Campo y la comunidad de La Romana nos trajeron una experiencia fuera de este mundo dando inicio a las","breadcrumb":{"@id":"https:\/\/casadecampoliving.com\/es\/una-inauguracion-majestuosa-en-altos-de-chavon-da-comienzo-a-la-temporada-navidena-en-casa-de-campo\/#breadcrumb"},"inLanguage":"es","potentialAction":[{"@type":"ReadAction","target":["https:\/\/casadecampoliving.com\/es\/una-inauguracion-majestuosa-en-altos-de-chavon-da-comienzo-a-la-temporada-navidena-en-casa-de-campo\/"]}]},{"@type":"ImageObject","inLanguage":"es","@id":"https:\/\/casadecampoliving.com\/es\/una-inauguracion-majestuosa-en-altos-de-chavon-da-comienzo-a-la-temporada-navidena-en-casa-de-campo\/#primaryimage","url":"https:\/\/i0.wp.com\/casadecampoliving.com\/wp-content\/uploads\/2022\/10\/altos_de_chavon_christmas2-3.jpg?fit=650%2C382&ssl=1","contentUrl":"https:\/\/i0.wp.com\/casadecampoliving.com\/wp-content\/uploads\/2022\/10\/altos_de_chavon_christmas2-3.jpg?fit=650%2C382&ssl=1","width":650,"height":382,"caption":"altos de chavon christmas"},{"@type":"BreadcrumbList","@id":"https:\/\/casadecampoliving.com\/es\/una-inauguracion-majestuosa-en-altos-de-chavon-da-comienzo-a-la-temporada-navidena-en-casa-de-campo\/#breadcrumb","itemListElement":[{"@type":"ListItem","position":1,"name":"Home","item":"https:\/\/casadecampoliving.com\/es\/"},{"@type":"ListItem","position":2,"name":"\u00a1Una inauguraci\u00f3n majestuosa en Altos de Chav\u00f3n da comienzo a la temporada navide\u00f1a en Casa de Campo!"}]},{"@type":"WebSite","@id":"https:\/\/casadecampoliving.com\/es\/#website","url":"https:\/\/casadecampoliving.com\/es\/","name":"Casa de Campo Living","description":"Resort community news and resources.","publisher":{"@id":"https:\/\/casadecampoliving.com\/es\/#organization"},"potentialAction":[{"@type":"SearchAction","target":{"@type":"EntryPoint","urlTemplate":"https:\/\/casadecampoliving.com\/es\/?s={search_term_string}"},"query-input":{"@type":"PropertyValueSpecification","valueRequired":true,"valueName":"search_term_string"}}],"inLanguage":"es"},{"@type":"Organization","@id":"https:\/\/casadecampoliving.com\/es\/#organization","name":"Casa de Campo Living","url":"https:\/\/casadecampoliving.com\/es\/","logo":{"@type":"ImageObject","inLanguage":"es","@id":"https:\/\/casadecampoliving.com\/es\/#\/schema\/logo\/image\/","url":"https:\/\/i0.wp.com\/casadecampoliving.com\/wp-content\/uploads\/2022\/07\/CDCLivingLogo_V1-white-sized.png?fit=800%2C214&ssl=1","contentUrl":"https:\/\/i0.wp.com\/casadecampoliving.com\/wp-content\/uploads\/2022\/07\/CDCLivingLogo_V1-white-sized.png?fit=800%2C214&ssl=1","width":800,"height":214,"caption":"Casa de Campo Living"},"image":{"@id":"https:\/\/casadecampoliving.com\/es\/#\/schema\/logo\/image\/"},"sameAs":["https:\/\/www.facebook.com\/casadecampoliving","https:\/\/x.com\/cdcliving"]},{"@type":"Person","@id":"https:\/\/casadecampoliving.com\/es\/#\/schema\/person\/aaa019e57912071f2ff8672cb7b2cd4a","name":"Tere Garcia","image":{"@type":"ImageObject","inLanguage":"es","@id":"https:\/\/secure.gravatar.com\/avatar\/95a4c98da1234da7035dc8ec8fadd3cad5a2cb5e187b80794baa199bf723f5a5?s=96&d=mm&r=g","url":"https:\/\/secure.gravatar.com\/avatar\/95a4c98da1234da7035dc8ec8fadd3cad5a2cb5e187b80794baa199bf723f5a5?s=96&d=mm&r=g","contentUrl":"https:\/\/secure.gravatar.com\/avatar\/95a4c98da1234da7035dc8ec8fadd3cad5a2cb5e187b80794baa199bf723f5a5?s=96&d=mm&r=g","caption":"Tere Garcia"},"sameAs":["http:\/\/www.silgon.net"],"url":"https:\/\/casadecampoliving.com\/es\/author\/tgarciasilgon-net\/"}]}},"parsely":{"version":"1.1.0","canonical_url":"https:\/\/casadecampoliving.com\/es\/una-inauguracion-majestuosa-en-altos-de-chavon-da-comienzo-a-la-temporada-navidena-en-casa-de-campo\/","smart_links":{"inbound":0,"outbound":0},"traffic_boost_suggestions_count":0,"meta":{"@context":"https:\/\/schema.org","@type":"NewsArticle","headline":"\u00a1Una inauguraci\u00f3n majestuosa en Altos de Chav\u00f3n da comienzo a la temporada navide\u00f1a en Casa de Campo!","url":"http:\/\/casadecampoliving.com\/es\/una-inauguracion-majestuosa-en-altos-de-chavon-da-comienzo-a-la-temporada-navidena-en-casa-de-campo\/","mainEntityOfPage":{"@type":"WebPage","@id":"http:\/\/casadecampoliving.com\/es\/una-inauguracion-majestuosa-en-altos-de-chavon-da-comienzo-a-la-temporada-navidena-en-casa-de-campo\/"},"thumbnailUrl":"https:\/\/i0.wp.com\/casadecampoliving.com\/wp-content\/uploads\/2022\/10\/altos_de_chavon_christmas2-3.jpg?resize=150%2C150&ssl=1","image":{"@type":"ImageObject","url":"https:\/\/i0.wp.com\/casadecampoliving.com\/wp-content\/uploads\/2022\/10\/altos_de_chavon_christmas2-3.jpg?fit=650%2C382&ssl=1"},"articleSection":"Altos de Chavon @es","author":[{"@type":"Person","name":"Tere Garcia"}],"creator":["Tere Garcia"],"publisher":{"@type":"Organization","name":"Casa de Campo Living","logo":"https:\/\/casadecampoliving.com\/wp-content\/uploads\/2022\/07\/CDCLivingLogo_V1-white-sized.png"},"keywords":["altos de chavon","arte","duenos de villa","inauguraci\u00f3n","museo","navidad","shine","thimo pimentel","tienda"],"dateCreated":"2012-12-10T04:00:00Z","datePublished":"2012-12-10T04:00:00Z","dateModified":"2022-10-21T22:51:00Z"},"rendered":"<script type=\"application\/ld+json\" class=\"wp-parsely-metadata\">{\"@context\":\"https:\\\/\\\/schema.org\",\"@type\":\"NewsArticle\",\"headline\":\"\\u00a1Una inauguraci\\u00f3n majestuosa en Altos de Chav\\u00f3n da comienzo a la temporada navide\\u00f1a en Casa de Campo!\",\"url\":\"http:\\\/\\\/casadecampoliving.com\\\/es\\\/una-inauguracion-majestuosa-en-altos-de-chavon-da-comienzo-a-la-temporada-navidena-en-casa-de-campo\\\/\",\"mainEntityOfPage\":{\"@type\":\"WebPage\",\"@id\":\"http:\\\/\\\/casadecampoliving.com\\\/es\\\/una-inauguracion-majestuosa-en-altos-de-chavon-da-comienzo-a-la-temporada-navidena-en-casa-de-campo\\\/\"},\"thumbnailUrl\":\"https:\\\/\\\/i0.wp.com\\\/casadecampoliving.com\\\/wp-content\\\/uploads\\\/2022\\\/10\\\/altos_de_chavon_christmas2-3.jpg?resize=150%2C150&ssl=1\",\"image\":{\"@type\":\"ImageObject\",\"url\":\"https:\\\/\\\/i0.wp.com\\\/casadecampoliving.com\\\/wp-content\\\/uploads\\\/2022\\\/10\\\/altos_de_chavon_christmas2-3.jpg?fit=650%2C382&ssl=1\"},\"articleSection\":\"Altos de Chavon @es\",\"author\":[{\"@type\":\"Person\",\"name\":\"Tere Garcia\"}],\"creator\":[\"Tere Garcia\"],\"publisher\":{\"@type\":\"Organization\",\"name\":\"Casa de Campo Living\",\"logo\":\"https:\\\/\\\/casadecampoliving.com\\\/wp-content\\\/uploads\\\/2022\\\/07\\\/CDCLivingLogo_V1-white-sized.png\"},\"keywords\":[\"altos de chavon\",\"arte\",\"duenos de villa\",\"inauguraci\\u00f3n\",\"museo\",\"navidad\",\"shine\",\"thimo pimentel\",\"tienda\"],\"dateCreated\":\"2012-12-10T04:00:00Z\",\"datePublished\":\"2012-12-10T04:00:00Z\",\"dateModified\":\"2022-10-21T22:51:00Z\"}<\/script>","tracker_url":"https:\/\/cdn.parsely.com\/keys\/casadecampoliving.com\/p.js"},"jetpack_publicize_connections":[],"jetpack_featured_media_url":"https:\/\/i0.wp.com\/casadecampoliving.com\/wp-content\/uploads\/2022\/10\/altos_de_chavon_christmas2-3.jpg?fit=650%2C382&ssl=1","jetpack-related-posts":[{"id":433460,"url":"https:\/\/casadecampoliving.com\/es\/no-se-pierdan-el-increible-tributo-a-frank-sinatra-para-celebrar-el-40-aniversario-del-anfiteatro-altos-de-chavon\/","url_meta":{"origin":340277,"position":0},"title":"No se pierdan el incre\u00edble tributo a Frank Sinatra para celebrar el 40 aniversario del\u00a0Anfiteatro Altos de Chav\u00f3n","author":"Casa de Campo Living","date":"20 Oct, 2022","format":false,"excerpt":"Siendo uno de los escenarios m\u00e1s emblem\u00e1ticos del pa\u00eds, Casa de Campo Resort\u00ae & Villas celebra las cuatro d\u00e9cadas de aniversario de Altos de Chav\u00f3n con un tributo al gran Frank Sinatra, protagonizado por artistas invitados y una big band tal cual la que acompa\u00f1\u00f3 al artista hace 40 a\u00f1os\u2026","rel":"","context":"En \u00abUncategorized @es\u00bb","block_context":{"text":"Uncategorized @es","link":"https:\/\/casadecampoliving.com\/es\/category\/uncategorized-es\/"},"img":{"alt_text":"","src":"https:\/\/i0.wp.com\/casadecampoliving.com\/wp-content\/uploads\/2022\/10\/Tributo-Frank-Sinatra-Foto-Principal-Amaury-Sanchez-Danilo-Ginebra-Andres-Pichardo-y-Jose-Gabriel-Perez-.jpg?fit=1200%2C873&ssl=1&resize=350%2C200","width":350,"height":200,"srcset":"https:\/\/i0.wp.com\/casadecampoliving.com\/wp-content\/uploads\/2022\/10\/Tributo-Frank-Sinatra-Foto-Principal-Amaury-Sanchez-Danilo-Ginebra-Andres-Pichardo-y-Jose-Gabriel-Perez-.jpg?fit=1200%2C873&ssl=1&resize=350%2C200 1x, https:\/\/i0.wp.com\/casadecampoliving.com\/wp-content\/uploads\/2022\/10\/Tributo-Frank-Sinatra-Foto-Principal-Amaury-Sanchez-Danilo-Ginebra-Andres-Pichardo-y-Jose-Gabriel-Perez-.jpg?fit=1200%2C873&ssl=1&resize=525%2C300 1.5x, https:\/\/i0.wp.com\/casadecampoliving.com\/wp-content\/uploads\/2022\/10\/Tributo-Frank-Sinatra-Foto-Principal-Amaury-Sanchez-Danilo-Ginebra-Andres-Pichardo-y-Jose-Gabriel-Perez-.jpg?fit=1200%2C873&ssl=1&resize=700%2C400 2x, https:\/\/i0.wp.com\/casadecampoliving.com\/wp-content\/uploads\/2022\/10\/Tributo-Frank-Sinatra-Foto-Principal-Amaury-Sanchez-Danilo-Ginebra-Andres-Pichardo-y-Jose-Gabriel-Perez-.jpg?fit=1200%2C873&ssl=1&resize=1050%2C600 3x"},"classes":[]},{"id":346192,"url":"https:\/\/casadecampoliving.com\/es\/ho-ho-ho-felices-fiestas-inauguracion-de-la-navidad-este-sabado-en-altos-de-chavon\/","url_meta":{"origin":340277,"position":1},"title":"Ho ho ho \u00a1Felices Fiestas! Inauguraci\u00f3n de la Navidad este s\u00e1bado en Altos de Chav\u00f3n","author":"Daniela Medina","date":"8 Dic, 2014","format":false,"excerpt":"Este s\u00e1bado 13 de diciembre 2014, Casa de Campo y Altos de Chav\u00f3n te invita a celebrar el inicio oficial de la temporada de navidad con la primera aparici\u00f3n de Santa Claus, la ceremonia de iluminaci\u00f3n del \u00e1rbol de Navidad y hasta un concierto navide\u00f1o \u2013 \u00a1todo en la plaza\u2026","rel":"","context":"En \u00abAltos de Chavon @es\u00bb","block_context":{"text":"Altos de Chavon @es","link":"https:\/\/casadecampoliving.com\/category\/altos-de-chavon-es\/"},"img":{"alt_text":"Christmas Altos de Chavon","src":"https:\/\/i0.wp.com\/casadecampoliving.com\/wp-content\/uploads\/2014\/12\/Christmas_Altos_de_Chavon.jpg?resize=350%2C200&ssl=1","width":350,"height":200,"srcset":"https:\/\/i0.wp.com\/casadecampoliving.com\/wp-content\/uploads\/2014\/12\/Christmas_Altos_de_Chavon.jpg?resize=350%2C200&ssl=1 1x, https:\/\/i0.wp.com\/casadecampoliving.com\/wp-content\/uploads\/2014\/12\/Christmas_Altos_de_Chavon.jpg?resize=525%2C300&ssl=1 1.5x"},"classes":[]},{"id":343432,"url":"https:\/\/casadecampoliving.com\/es\/epoca-navidena-altos-de-chavon\/","url_meta":{"origin":340277,"position":2},"title":"\u00a1Inauguraci\u00f3n de la \u00e9poca navide\u00f1a en Altos de Chav\u00f3n este viernes!","author":"Genesis Perdomo","date":"9 Dic, 2013","format":false,"excerpt":"Este viernes 13 de diciembre, marcar\u00e1 el inicio oficial de la temporada navide\u00f1a en Casa de Campo, una ocasi\u00f3n la cual ser\u00e1 celebrada en Altos de Chav\u00f3n con la primera aparici\u00f3n de Santa Claus, la ceremonia de encendida del \u00e1rbol navide\u00f1o y hasta un concierto. La celebraci\u00f3n comenzar\u00e1 con la\u2026","rel":"","context":"En \u00abAltos de Chavon @es\u00bb","block_context":{"text":"Altos de Chavon @es","link":"https:\/\/casadecampoliving.com\/category\/altos-de-chavon-es\/"},"img":{"alt_text":"Holidays Altos de Chavon","src":"https:\/\/i0.wp.com\/casadecampoliving.com\/wp-content\/uploads\/2022\/10\/holidays_altos_de_chavon-1.jpg?fit=650%2C455&ssl=1&resize=350%2C200","width":350,"height":200,"srcset":"https:\/\/i0.wp.com\/casadecampoliving.com\/wp-content\/uploads\/2022\/10\/holidays_altos_de_chavon-1.jpg?fit=650%2C455&ssl=1&resize=350%2C200 1x, https:\/\/i0.wp.com\/casadecampoliving.com\/wp-content\/uploads\/2022\/10\/holidays_altos_de_chavon-1.jpg?fit=650%2C455&ssl=1&resize=525%2C300 1.5x"},"classes":[]},{"id":346439,"url":"https:\/\/casadecampoliving.com\/es\/hermoso-video-de-encendido-de-luces-navidenas-en-altos-de-chavon\/","url_meta":{"origin":340277,"position":3},"title":"Hermoso video del encendido de luces navide\u00f1as en Altos de Chav\u00f3n","author":"Rebecca Hughes","date":"3 Ene, 2015","format":false,"excerpt":"A medida que las celebraciones de las fiestas llegan a su fin, aqu\u00ed les traemos lo mejor de la temporada de fiestas en Casa de Campo \u2013 y es nuestro favorito \u2013 la inauguraci\u00f3n de la Navidad en Altos de Chav\u00f3n, \u00a1la majestuosa Ceremonia de Encendido de Luces Navide\u00f1as! La\u2026","rel":"","context":"En \u00abAltos de Chavon @es\u00bb","block_context":{"text":"Altos de Chavon @es","link":"https:\/\/casadecampoliving.com\/category\/altos-de-chavon-es\/"},"img":{"alt_text":"Altos de Chavon Christmas","src":"https:\/\/i0.wp.com\/casadecampoliving.com\/wp-content\/uploads\/2022\/10\/Altos_de_Chavon_Christmas-1.jpg?fit=650%2C375&ssl=1&resize=350%2C200","width":350,"height":200,"srcset":"https:\/\/i0.wp.com\/casadecampoliving.com\/wp-content\/uploads\/2022\/10\/Altos_de_Chavon_Christmas-1.jpg?fit=650%2C375&ssl=1&resize=350%2C200 1x, https:\/\/i0.wp.com\/casadecampoliving.com\/wp-content\/uploads\/2022\/10\/Altos_de_Chavon_Christmas-1.jpg?fit=650%2C375&ssl=1&resize=525%2C300 1.5x"},"classes":[]},{"id":340206,"url":"https:\/\/casadecampoliving.com\/es\/y-se-vienen-las-navidades-la-inauguracion-de-la-navidad-en-altos-de-chavon-este-sabado-8-de-diciembre\/","url_meta":{"origin":340277,"position":4},"title":"Y se vienen las Navidades! La inauguraci\u00f3n de la Navidad en Altos de Chav\u00f3n \u2013 este s\u00e1bado 8 de diciembre!","author":"Rebecca Silvestri","date":"4 Dic, 2012","format":false,"excerpt":"Este s\u00e1bado 8 diciembre 2012, Casa de Campo y Altos de Chav\u00f3n te invita a celebrar el inicio oficial de la temporada de navidad con la primera aparici\u00f3n de Santa Claus, la ceremonia de iluminaci\u00f3n del \u00e1rbol de Navidad y hasta un concierto navide\u00f1o \u2013 todo en la plaza principal\u2026","rel":"","context":"En \u00abAltos de Chavon @es\u00bb","block_context":{"text":"Altos de Chavon @es","link":"https:\/\/casadecampoliving.com\/category\/altos-de-chavon-es\/"},"img":{"alt_text":"christmas altos de chavon","src":"https:\/\/i0.wp.com\/casadecampoliving.com\/wp-content\/uploads\/2022\/10\/christmas_altos_de_chavon-3.jpg?fit=650%2C347&ssl=1&resize=350%2C200","width":350,"height":200,"srcset":"https:\/\/i0.wp.com\/casadecampoliving.com\/wp-content\/uploads\/2022\/10\/christmas_altos_de_chavon-3.jpg?fit=650%2C347&ssl=1&resize=350%2C200 1x, https:\/\/i0.wp.com\/casadecampoliving.com\/wp-content\/uploads\/2022\/10\/christmas_altos_de_chavon-3.jpg?fit=650%2C347&ssl=1&resize=525%2C300 1.5x"},"classes":[]},{"id":340048,"url":"https:\/\/casadecampoliving.com\/es\/navidad-en-altos-de-chavon-casa-de-campo-anuncia-el-programa-de-actividades-navidenas\/","url_meta":{"origin":340277,"position":5},"title":"Navidad en Altos de Chav\u00f3n &#8211; Casa de Campo anuncia el programa de actividades navide\u00f1as!","author":"","date":"2 Nov, 2012","format":false,"excerpt":"La cuenta regresiva para la temporada navide\u00f1a ha comenzado y hoy les traemos una maravillosa noticia; el programa de celebraciones festivas y diversi\u00f3n en Altos de Chav\u00f3n ha sido confirmado \u2013 por lo que aqu\u00ed les traemos los agradables detalles! Por tercer a\u00f1o consecutivo, la temporada navide\u00f1a ser\u00e1 oficialmente abierta\u2026","rel":"","context":"En \u00abAltos de Chavon @es\u00bb","block_context":{"text":"Altos de Chavon @es","link":"https:\/\/casadecampoliving.com\/category\/altos-de-chavon-es\/"},"img":{"alt_text":"","src":"https:\/\/i0.wp.com\/casadecampoliving.com\/wp-content\/uploads\/2022\/10\/altos_de_chavon21-1.gif?fit=650%2C389&ssl=1&resize=350%2C200","width":350,"height":200,"srcset":"https:\/\/i0.wp.com\/casadecampoliving.com\/wp-content\/uploads\/2022\/10\/altos_de_chavon21-1.gif?fit=650%2C389&ssl=1&resize=350%2C200 1x, https:\/\/i0.wp.com\/casadecampoliving.com\/wp-content\/uploads\/2022\/10\/altos_de_chavon21-1.gif?fit=650%2C389&ssl=1&resize=525%2C300 1.5x"},"classes":[]}],"jetpack_sharing_enabled":true,"_links":{"self":[{"href":"https:\/\/casadecampoliving.com\/es\/wp-json\/wp\/v2\/posts\/340277","targetHints":{"allow":["GET"]}}],"collection":[{"href":"https:\/\/casadecampoliving.com\/es\/wp-json\/wp\/v2\/posts"}],"about":[{"href":"https:\/\/casadecampoliving.com\/es\/wp-json\/wp\/v2\/types\/post"}],"author":[{"embeddable":true,"href":"https:\/\/casadecampoliving.com\/es\/wp-json\/wp\/v2\/users\/384"}],"replies":[{"embeddable":true,"href":"https:\/\/casadecampoliving.com\/es\/wp-json\/wp\/v2\/comments?post=340277"}],"version-history":[{"count":1,"href":"https:\/\/casadecampoliving.com\/es\/wp-json\/wp\/v2\/posts\/340277\/revisions"}],"predecessor-version":[{"id":340278,"href":"https:\/\/casadecampoliving.com\/es\/wp-json\/wp\/v2\/posts\/340277\/revisions\/340278"}],"wp:featuredmedia":[{"embeddable":true,"href":"https:\/\/casadecampoliving.com\/es\/wp-json\/wp\/v2\/media\/241944"}],"wp:attachment":[{"href":"https:\/\/casadecampoliving.com\/es\/wp-json\/wp\/v2\/media?parent=340277"}],"wp:term":[{"taxonomy":"category","embeddable":true,"href":"https:\/\/casadecampoliving.com\/es\/wp-json\/wp\/v2\/categories?post=340277"},{"taxonomy":"post_tag","embeddable":true,"href":"https:\/\/casadecampoliving.com\/es\/wp-json\/wp\/v2\/tags?post=340277"},{"taxonomy":"newspack_spnsrs_tax","embeddable":true,"href":"https:\/\/casadecampoliving.com\/es\/wp-json\/wp\/v2\/newspack_spnsrs_tax?post=340277"}],"curies":[{"name":"wp","href":"https:\/\/api.w.org\/{rel}","templated":true}]}}