{"id":340240,"date":"2012-12-25T00:00:00","date_gmt":"2012-12-25T04:00:00","guid":{"rendered":"https:\/\/casadecampoliving.com\/jornada-creativa-navidena-talleres-para-ninos-en-el-museo-arqueologico-regional-en-altos-de-chavon\/"},"modified":"2022-10-21T18:49:58","modified_gmt":"2022-10-21T22:49:58","slug":"jornada-creativa-navidena-talleres-para-ninos-en-el-museo-arqueologico-regional-en-altos-de-chavon","status":"publish","type":"post","link":"https:\/\/casadecampoliving.com\/es\/jornada-creativa-navidena-talleres-para-ninos-en-el-museo-arqueologico-regional-en-altos-de-chavon\/","title":{"rendered":"\u00abJornada Creativa Navide\u00f1a\u00bb talleres para ni\u00f1os en el  Museo Arqueol\u00f3gico Regional en Altos de Chav\u00f3n"},"content":{"rendered":"<div class=\"wp-block-image\">\n<figure class=\"aligncenter is-resized\"><img loading=\"lazy\" decoding=\"async\" src=\"https:\/\/i0.wp.com\/casadecampoliving.com\/wp-content\/uploads\/2022\/10\/altos_de_chavon_museum-2.jpg?resize=650%2C453&amp;ssl=1\" alt=\"altos de chavon museum\" class=\"wp-image-61674\" height=\"453\" width=\"650\"\/><\/figure>\n<\/div>\n\n\n<p>El Museo Arqueol\u00f3gico Regional en Altos de Chav\u00f3n contiene m\u00e1s de 3,000 artefactos precolombinos y ta\u00ednos \u2013 un gran lugar para aprender sobre el patrimonio \u00fanico de la Rep\u00fablica Dominicana \u2013 y en estas fechas los m\u00e1s peque\u00f1os de Casa de Campo pueden aprender y divertirse en un taller especial \u201cJornada Creativa Navide\u00f1a\u201d.<\/p>\n\n\n\n<!--more-->\n\n\n\n<p>Las jornadas creativas se comprometen a educar a los ni\u00f1os en las \u00e1reas de historia, arte, conservaci\u00f3n de patrimonio y la identidad cultural mientras disfrutan con divertidas manualidades como la pintura y la cer\u00e1mica.<\/p>\n\n\n\n<p>Estos talleres creativos se llevaran acabo en 2 d\u00edas diferentes, el jueves 27 y s\u00e1bado 29 de diciembre, adecuado para ni\u00f1os de 3 a 10 a\u00f1os de edad.<\/p>\n\n\n\n<p>Para el calendario completo de eventos festivos y la actividades:<strong><a href=\"http:\/\/www.todo.fm\" target=\"_blank\" rel=\"noopener\">&nbsp;www.todo.fm<\/a><\/strong><\/p>\n\n\n\n<blockquote class=\"wp-block-quote is-layout-flow wp-block-quote-is-layout-flow\"><p><strong>Talleres de \u201cJornada Creativa Navide\u00f1a\u201d<\/strong><\/p><p><strong>Cuando:&nbsp;<\/strong> jueves 27 y s\u00e1bado 29 de diciembre, 9am \u2013 12pm<\/p><p><strong>D\u00f3nde:<\/strong>&nbsp;Museo Arqueol\u00f3gico Regional en Altos de Chav\u00f3n<\/p><p><strong> Costo: <\/strong> US$15 por ni\u00f1o<\/p><p><strong>Contacte:<\/strong> (809) 523-8554<\/p><p><strong>Reservaciones son requeridas.&nbsp;<\/strong><\/p><\/blockquote>\n\n\n\n<blockquote><p><strong>El Museo Arqueol\u00f3gico Regional en Altos de Chav\u00f3n <\/strong><\/p><figure><img decoding=\"async\" loading=\"lazy\" class=\"aligncenter size-full wp-image-61675\" src=\"https:\/\/i0.wp.com\/casadecampoliving.com\/wp-content\/uploads\/2022\/10\/altos_de_chavon_museum1.jpg?resize=620%2C337&amp;ssl=1\" alt=\"altos de chavon museum\" width=\"620\" height=\"337\"><\/figure><p>El Museo Arqueol\u00f3gico Regional en Altos de Chav\u00f3n, que abri\u00f3 sus puertas en 1981, documenta el legado ind\u00edgena m\u00e1s importante de la Rep\u00fablica Dominicana y funciona como una valiosa fuente de informaci\u00f3n para los estudiantes y los que lo visitan. La colecci\u00f3n magn\u00edfica de obras ind\u00edgenas bajo custodia en el Museo por el coleccionista Samuel Pi\u00f3n, se han reunido por lo largo de 40 a\u00f1os por el y consta de m\u00e1s de 6,000 piezas encontradas en la regi\u00f3n. Estos objetos rituales y utilitarios demuestran la evoluci\u00f3n de la cultura de las sociedades ind\u00edgenas de la \u00e9poca pre-agr\u00edcola hasta la \u00e9poca de los ta\u00ednos, la cultura predominante en la isla cuando los conquistadores espa\u00f1oles llegaron. El museo forma parte del centro cultural de los Altos de Chav\u00f3n, una instituci\u00f3n sin fines de lucro, que ha contribuido al enriquecimiento del panorama intelectual, art\u00edstico y cultural de la Rep\u00fablica Dominicana.<br>\n<strong>Horario:&nbsp;<\/strong>todos los dias, 9am to 9pm.<\/p><p><strong>Tel:<\/strong> (809) 523-8554<\/p><\/blockquote>\n","protected":false},"excerpt":{"rendered":"<p>El Museo Arqueol\u00f3gico Regional en Altos de Chav\u00f3n contiene m\u00e1s de 3,000 artefactos precolombinos y ta\u00ednos \u2013 un gran lugar para aprender sobre el patrimonio \u00fanico de la Rep\u00fablica Dominicana \u2013 y en estas fechas los m\u00e1s peque\u00f1os de Casa de Campo pueden aprender y divertirse en un taller especial \u201cJornada Creativa Navide\u00f1a\u201d.<\/p>\n","protected":false},"author":384,"featured_media":240673,"comment_status":"closed","ping_status":"closed","sticky":false,"template":"","format":"standard","meta":{"newspack_ads_suppress_ads":false,"newspack_popups_has_disabled_popups":false,"newspack_sponsor_sponsorship_scope":"","newspack_sponsor_native_byline_display":"inherit","newspack_sponsor_native_category_display":"inherit","newspack_sponsor_underwriter_style":"inherit","newspack_sponsor_underwriter_placement":"inherit","_newspack_byline_active":false,"_newspack_byline":"","newspack_hide_updated_date":false,"newspack_show_updated_date":false,"newspack_content_restriction_is_exempt":false,"newspack_featured_image_position":"","newspack_post_subtitle":"","newspack_article_summary_title":"Overview:","newspack_article_summary":"","_jetpack_memberships_contains_paid_content":false,"footnotes":"","jetpack_publicize_message":"","jetpack_publicize_feature_enabled":true,"jetpack_social_post_already_shared":false,"jetpack_social_options":{"image_generator_settings":{"template":"highway","default_image_id":0,"font":"","enabled":false},"version":2},"_wpas_customize_per_network":false},"categories":[26819,26823,2524,2522,14627,2498],"tags":[15387,4110,1662],"newspack_spnsrs_tax":[],"class_list":["post-340240","post","type-post","status-publish","format-standard","has-post-thumbnail","hentry","category-altos-de-chavon-es","category-arte-y-cultura","category-destacados","category-eventos-es","category-proximamente","category-uncategorized-es","tag-altos-de-chavon-es","tag-museo-arquelogico-regional-altos-de-chavon","tag-navidad","entry"],"yoast_head":"<!-- This site is optimized with the Yoast SEO plugin v27.5 - https:\/\/yoast.com\/product\/yoast-seo-wordpress\/ -->\n<title>&quot;Jornada Creativa Navide\u00f1a&quot; talleres para ni\u00f1os en el Museo Arqueol\u00f3gico Regional en Altos de Chav\u00f3n | Casa de Campo Living<\/title>\n<meta name=\"description\" content=\"El Museo Arqueol\u00f3gico Regional en Altos de Chav\u00f3n contiene m\u00e1s de 3,000 artefactos precolombinos y ta\u00ednos \u2013 un gran lugar para aprender sobre el\" \/>\n<meta name=\"robots\" content=\"index, follow, max-snippet:-1, max-image-preview:large, max-video-preview:-1\" \/>\n<link rel=\"canonical\" href=\"https:\/\/casadecampoliving.com\/es\/jornada-creativa-navidena-talleres-para-ninos-en-el-museo-arqueologico-regional-en-altos-de-chavon\/\" \/>\n<meta property=\"og:locale\" content=\"es_ES\" \/>\n<meta property=\"og:type\" content=\"article\" \/>\n<meta property=\"og:title\" content=\"&quot;Jornada Creativa Navide\u00f1a&quot; talleres para ni\u00f1os en el Museo Arqueol\u00f3gico Regional en Altos de Chav\u00f3n | Casa de Campo Living\" \/>\n<meta property=\"og:description\" content=\"El Museo Arqueol\u00f3gico Regional en Altos de Chav\u00f3n contiene m\u00e1s de 3,000 artefactos precolombinos y ta\u00ednos \u2013 un gran lugar para aprender sobre el\" \/>\n<meta property=\"og:url\" content=\"https:\/\/casadecampoliving.com\/es\/jornada-creativa-navidena-talleres-para-ninos-en-el-museo-arqueologico-regional-en-altos-de-chavon\/\" \/>\n<meta property=\"og:site_name\" content=\"Casa de Campo Living\" \/>\n<meta property=\"article:publisher\" content=\"https:\/\/www.facebook.com\/casadecampoliving\" \/>\n<meta property=\"article:published_time\" content=\"2012-12-25T04:00:00+00:00\" \/>\n<meta property=\"article:modified_time\" content=\"2022-10-21T22:49:58+00:00\" \/>\n<meta property=\"og:image\" content=\"https:\/\/i0.wp.com\/casadecampoliving.com\/wp-content\/uploads\/2022\/10\/altos_de_chavon_museum-3.jpg?fit=650%2C453&ssl=1\" \/>\n\t<meta property=\"og:image:width\" content=\"650\" \/>\n\t<meta property=\"og:image:height\" content=\"453\" \/>\n\t<meta property=\"og:image:type\" content=\"image\/jpeg\" \/>\n<meta name=\"author\" content=\"Tere Garcia\" \/>\n<meta name=\"twitter:card\" content=\"summary_large_image\" \/>\n<meta name=\"twitter:creator\" content=\"@cdcliving\" \/>\n<meta name=\"twitter:site\" content=\"@cdcliving\" \/>\n<meta name=\"twitter:label1\" content=\"Escrito por\" \/>\n\t<meta name=\"twitter:data1\" content=\"Tere Garcia\" \/>\n\t<meta name=\"twitter:label2\" content=\"Tiempo de lectura\" \/>\n\t<meta name=\"twitter:data2\" content=\"2 minutos\" \/>\n<script type=\"application\/ld+json\" class=\"yoast-schema-graph\">{\"@context\":\"https:\\\/\\\/schema.org\",\"@graph\":[{\"@type\":\"Article\",\"@id\":\"https:\\\/\\\/casadecampoliving.com\\\/es\\\/jornada-creativa-navidena-talleres-para-ninos-en-el-museo-arqueologico-regional-en-altos-de-chavon\\\/#article\",\"isPartOf\":{\"@id\":\"https:\\\/\\\/casadecampoliving.com\\\/es\\\/jornada-creativa-navidena-talleres-para-ninos-en-el-museo-arqueologico-regional-en-altos-de-chavon\\\/\"},\"author\":{\"name\":\"Tere Garcia\",\"@id\":\"https:\\\/\\\/casadecampoliving.com\\\/es\\\/#\\\/schema\\\/person\\\/aaa019e57912071f2ff8672cb7b2cd4a\"},\"headline\":\"\u00abJornada Creativa Navide\u00f1a\u00bb talleres para ni\u00f1os en el Museo Arqueol\u00f3gico Regional en Altos de Chav\u00f3n\",\"datePublished\":\"2012-12-25T04:00:00+00:00\",\"dateModified\":\"2022-10-21T22:49:58+00:00\",\"mainEntityOfPage\":{\"@id\":\"https:\\\/\\\/casadecampoliving.com\\\/es\\\/jornada-creativa-navidena-talleres-para-ninos-en-el-museo-arqueologico-regional-en-altos-de-chavon\\\/\"},\"wordCount\":380,\"publisher\":{\"@id\":\"https:\\\/\\\/casadecampoliving.com\\\/es\\\/#organization\"},\"image\":{\"@id\":\"https:\\\/\\\/casadecampoliving.com\\\/es\\\/jornada-creativa-navidena-talleres-para-ninos-en-el-museo-arqueologico-regional-en-altos-de-chavon\\\/#primaryimage\"},\"thumbnailUrl\":\"https:\\\/\\\/i0.wp.com\\\/casadecampoliving.com\\\/wp-content\\\/uploads\\\/2022\\\/10\\\/altos_de_chavon_museum-3.jpg?fit=650%2C453&ssl=1\",\"keywords\":[\"Altos de Chavon\",\"museo arquelogico regional altos de chavon\",\"navidad\"],\"articleSection\":[\"Altos de Chavon @es\",\"Arte y cultura\",\"Destacados\",\"Eventos\",\"Proximamente\",\"Uncategorized @es\"],\"inLanguage\":\"es\"},{\"@type\":\"WebPage\",\"@id\":\"https:\\\/\\\/casadecampoliving.com\\\/es\\\/jornada-creativa-navidena-talleres-para-ninos-en-el-museo-arqueologico-regional-en-altos-de-chavon\\\/\",\"url\":\"https:\\\/\\\/casadecampoliving.com\\\/es\\\/jornada-creativa-navidena-talleres-para-ninos-en-el-museo-arqueologico-regional-en-altos-de-chavon\\\/\",\"name\":\"\\\"Jornada Creativa Navide\u00f1a\\\" talleres para ni\u00f1os en el Museo Arqueol\u00f3gico Regional en Altos de Chav\u00f3n | Casa de Campo Living\",\"isPartOf\":{\"@id\":\"https:\\\/\\\/casadecampoliving.com\\\/es\\\/#website\"},\"primaryImageOfPage\":{\"@id\":\"https:\\\/\\\/casadecampoliving.com\\\/es\\\/jornada-creativa-navidena-talleres-para-ninos-en-el-museo-arqueologico-regional-en-altos-de-chavon\\\/#primaryimage\"},\"image\":{\"@id\":\"https:\\\/\\\/casadecampoliving.com\\\/es\\\/jornada-creativa-navidena-talleres-para-ninos-en-el-museo-arqueologico-regional-en-altos-de-chavon\\\/#primaryimage\"},\"thumbnailUrl\":\"https:\\\/\\\/i0.wp.com\\\/casadecampoliving.com\\\/wp-content\\\/uploads\\\/2022\\\/10\\\/altos_de_chavon_museum-3.jpg?fit=650%2C453&ssl=1\",\"datePublished\":\"2012-12-25T04:00:00+00:00\",\"dateModified\":\"2022-10-21T22:49:58+00:00\",\"description\":\"El Museo Arqueol\u00f3gico Regional en Altos de Chav\u00f3n contiene m\u00e1s de 3,000 artefactos precolombinos y ta\u00ednos \u2013 un gran lugar para aprender sobre el\",\"breadcrumb\":{\"@id\":\"https:\\\/\\\/casadecampoliving.com\\\/es\\\/jornada-creativa-navidena-talleres-para-ninos-en-el-museo-arqueologico-regional-en-altos-de-chavon\\\/#breadcrumb\"},\"inLanguage\":\"es\",\"potentialAction\":[{\"@type\":\"ReadAction\",\"target\":[\"https:\\\/\\\/casadecampoliving.com\\\/es\\\/jornada-creativa-navidena-talleres-para-ninos-en-el-museo-arqueologico-regional-en-altos-de-chavon\\\/\"]}]},{\"@type\":\"ImageObject\",\"inLanguage\":\"es\",\"@id\":\"https:\\\/\\\/casadecampoliving.com\\\/es\\\/jornada-creativa-navidena-talleres-para-ninos-en-el-museo-arqueologico-regional-en-altos-de-chavon\\\/#primaryimage\",\"url\":\"https:\\\/\\\/i0.wp.com\\\/casadecampoliving.com\\\/wp-content\\\/uploads\\\/2022\\\/10\\\/altos_de_chavon_museum-3.jpg?fit=650%2C453&ssl=1\",\"contentUrl\":\"https:\\\/\\\/i0.wp.com\\\/casadecampoliving.com\\\/wp-content\\\/uploads\\\/2022\\\/10\\\/altos_de_chavon_museum-3.jpg?fit=650%2C453&ssl=1\",\"width\":650,\"height\":453,\"caption\":\"altos de chavon museum\"},{\"@type\":\"BreadcrumbList\",\"@id\":\"https:\\\/\\\/casadecampoliving.com\\\/es\\\/jornada-creativa-navidena-talleres-para-ninos-en-el-museo-arqueologico-regional-en-altos-de-chavon\\\/#breadcrumb\",\"itemListElement\":[{\"@type\":\"ListItem\",\"position\":1,\"name\":\"Home\",\"item\":\"https:\\\/\\\/casadecampoliving.com\\\/es\\\/\"},{\"@type\":\"ListItem\",\"position\":2,\"name\":\"&#8220;Jornada Creativa Navide\u00f1a&#8221; talleres para ni\u00f1os en el Museo Arqueol\u00f3gico Regional en Altos de Chav\u00f3n\"}]},{\"@type\":\"WebSite\",\"@id\":\"https:\\\/\\\/casadecampoliving.com\\\/es\\\/#website\",\"url\":\"https:\\\/\\\/casadecampoliving.com\\\/es\\\/\",\"name\":\"Casa de Campo Living\",\"description\":\"Resort community news and resources.\",\"publisher\":{\"@id\":\"https:\\\/\\\/casadecampoliving.com\\\/es\\\/#organization\"},\"potentialAction\":[{\"@type\":\"SearchAction\",\"target\":{\"@type\":\"EntryPoint\",\"urlTemplate\":\"https:\\\/\\\/casadecampoliving.com\\\/es\\\/?s={search_term_string}\"},\"query-input\":{\"@type\":\"PropertyValueSpecification\",\"valueRequired\":true,\"valueName\":\"search_term_string\"}}],\"inLanguage\":\"es\"},{\"@type\":\"Organization\",\"@id\":\"https:\\\/\\\/casadecampoliving.com\\\/es\\\/#organization\",\"name\":\"Casa de Campo Living\",\"url\":\"https:\\\/\\\/casadecampoliving.com\\\/es\\\/\",\"logo\":{\"@type\":\"ImageObject\",\"inLanguage\":\"es\",\"@id\":\"https:\\\/\\\/casadecampoliving.com\\\/es\\\/#\\\/schema\\\/logo\\\/image\\\/\",\"url\":\"https:\\\/\\\/i0.wp.com\\\/casadecampoliving.com\\\/wp-content\\\/uploads\\\/2022\\\/07\\\/CDCLivingLogo_V1-white-sized.png?fit=800%2C214&ssl=1\",\"contentUrl\":\"https:\\\/\\\/i0.wp.com\\\/casadecampoliving.com\\\/wp-content\\\/uploads\\\/2022\\\/07\\\/CDCLivingLogo_V1-white-sized.png?fit=800%2C214&ssl=1\",\"width\":800,\"height\":214,\"caption\":\"Casa de Campo Living\"},\"image\":{\"@id\":\"https:\\\/\\\/casadecampoliving.com\\\/es\\\/#\\\/schema\\\/logo\\\/image\\\/\"},\"sameAs\":[\"https:\\\/\\\/www.facebook.com\\\/casadecampoliving\",\"https:\\\/\\\/x.com\\\/cdcliving\"]},{\"@type\":\"Person\",\"@id\":\"https:\\\/\\\/casadecampoliving.com\\\/es\\\/#\\\/schema\\\/person\\\/aaa019e57912071f2ff8672cb7b2cd4a\",\"name\":\"Tere Garcia\",\"image\":{\"@type\":\"ImageObject\",\"inLanguage\":\"es\",\"@id\":\"https:\\\/\\\/secure.gravatar.com\\\/avatar\\\/95a4c98da1234da7035dc8ec8fadd3cad5a2cb5e187b80794baa199bf723f5a5?s=96&d=mm&r=g\",\"url\":\"https:\\\/\\\/secure.gravatar.com\\\/avatar\\\/95a4c98da1234da7035dc8ec8fadd3cad5a2cb5e187b80794baa199bf723f5a5?s=96&d=mm&r=g\",\"contentUrl\":\"https:\\\/\\\/secure.gravatar.com\\\/avatar\\\/95a4c98da1234da7035dc8ec8fadd3cad5a2cb5e187b80794baa199bf723f5a5?s=96&d=mm&r=g\",\"caption\":\"Tere Garcia\"},\"sameAs\":[\"http:\\\/\\\/www.silgon.net\"],\"url\":\"https:\\\/\\\/casadecampoliving.com\\\/es\\\/author\\\/tgarciasilgon-net\\\/\"}]}<\/script>\n<!-- \/ Yoast SEO plugin. -->","yoast_head_json":{"title":"\"Jornada Creativa Navide\u00f1a\" talleres para ni\u00f1os en el Museo Arqueol\u00f3gico Regional en Altos de Chav\u00f3n | Casa de Campo Living","description":"El Museo Arqueol\u00f3gico Regional en Altos de Chav\u00f3n contiene m\u00e1s de 3,000 artefactos precolombinos y ta\u00ednos \u2013 un gran lugar para aprender sobre el","robots":{"index":"index","follow":"follow","max-snippet":"max-snippet:-1","max-image-preview":"max-image-preview:large","max-video-preview":"max-video-preview:-1"},"canonical":"https:\/\/casadecampoliving.com\/es\/jornada-creativa-navidena-talleres-para-ninos-en-el-museo-arqueologico-regional-en-altos-de-chavon\/","og_locale":"es_ES","og_type":"article","og_title":"\"Jornada Creativa Navide\u00f1a\" talleres para ni\u00f1os en el Museo Arqueol\u00f3gico Regional en Altos de Chav\u00f3n | Casa de Campo Living","og_description":"El Museo Arqueol\u00f3gico Regional en Altos de Chav\u00f3n contiene m\u00e1s de 3,000 artefactos precolombinos y ta\u00ednos \u2013 un gran lugar para aprender sobre el","og_url":"https:\/\/casadecampoliving.com\/es\/jornada-creativa-navidena-talleres-para-ninos-en-el-museo-arqueologico-regional-en-altos-de-chavon\/","og_site_name":"Casa de Campo Living","article_publisher":"https:\/\/www.facebook.com\/casadecampoliving","article_published_time":"2012-12-25T04:00:00+00:00","article_modified_time":"2022-10-21T22:49:58+00:00","og_image":[{"width":650,"height":453,"url":"https:\/\/i0.wp.com\/casadecampoliving.com\/wp-content\/uploads\/2022\/10\/altos_de_chavon_museum-3.jpg?fit=650%2C453&ssl=1","type":"image\/jpeg"}],"author":"Tere Garcia","twitter_card":"summary_large_image","twitter_creator":"@cdcliving","twitter_site":"@cdcliving","twitter_misc":{"Escrito por":"Tere Garcia","Tiempo de lectura":"2 minutos"},"schema":{"@context":"https:\/\/schema.org","@graph":[{"@type":"Article","@id":"https:\/\/casadecampoliving.com\/es\/jornada-creativa-navidena-talleres-para-ninos-en-el-museo-arqueologico-regional-en-altos-de-chavon\/#article","isPartOf":{"@id":"https:\/\/casadecampoliving.com\/es\/jornada-creativa-navidena-talleres-para-ninos-en-el-museo-arqueologico-regional-en-altos-de-chavon\/"},"author":{"name":"Tere Garcia","@id":"https:\/\/casadecampoliving.com\/es\/#\/schema\/person\/aaa019e57912071f2ff8672cb7b2cd4a"},"headline":"\u00abJornada Creativa Navide\u00f1a\u00bb talleres para ni\u00f1os en el Museo Arqueol\u00f3gico Regional en Altos de Chav\u00f3n","datePublished":"2012-12-25T04:00:00+00:00","dateModified":"2022-10-21T22:49:58+00:00","mainEntityOfPage":{"@id":"https:\/\/casadecampoliving.com\/es\/jornada-creativa-navidena-talleres-para-ninos-en-el-museo-arqueologico-regional-en-altos-de-chavon\/"},"wordCount":380,"publisher":{"@id":"https:\/\/casadecampoliving.com\/es\/#organization"},"image":{"@id":"https:\/\/casadecampoliving.com\/es\/jornada-creativa-navidena-talleres-para-ninos-en-el-museo-arqueologico-regional-en-altos-de-chavon\/#primaryimage"},"thumbnailUrl":"https:\/\/i0.wp.com\/casadecampoliving.com\/wp-content\/uploads\/2022\/10\/altos_de_chavon_museum-3.jpg?fit=650%2C453&ssl=1","keywords":["Altos de Chavon","museo arquelogico regional altos de chavon","navidad"],"articleSection":["Altos de Chavon @es","Arte y cultura","Destacados","Eventos","Proximamente","Uncategorized @es"],"inLanguage":"es"},{"@type":"WebPage","@id":"https:\/\/casadecampoliving.com\/es\/jornada-creativa-navidena-talleres-para-ninos-en-el-museo-arqueologico-regional-en-altos-de-chavon\/","url":"https:\/\/casadecampoliving.com\/es\/jornada-creativa-navidena-talleres-para-ninos-en-el-museo-arqueologico-regional-en-altos-de-chavon\/","name":"\"Jornada Creativa Navide\u00f1a\" talleres para ni\u00f1os en el Museo Arqueol\u00f3gico Regional en Altos de Chav\u00f3n | Casa de Campo Living","isPartOf":{"@id":"https:\/\/casadecampoliving.com\/es\/#website"},"primaryImageOfPage":{"@id":"https:\/\/casadecampoliving.com\/es\/jornada-creativa-navidena-talleres-para-ninos-en-el-museo-arqueologico-regional-en-altos-de-chavon\/#primaryimage"},"image":{"@id":"https:\/\/casadecampoliving.com\/es\/jornada-creativa-navidena-talleres-para-ninos-en-el-museo-arqueologico-regional-en-altos-de-chavon\/#primaryimage"},"thumbnailUrl":"https:\/\/i0.wp.com\/casadecampoliving.com\/wp-content\/uploads\/2022\/10\/altos_de_chavon_museum-3.jpg?fit=650%2C453&ssl=1","datePublished":"2012-12-25T04:00:00+00:00","dateModified":"2022-10-21T22:49:58+00:00","description":"El Museo Arqueol\u00f3gico Regional en Altos de Chav\u00f3n contiene m\u00e1s de 3,000 artefactos precolombinos y ta\u00ednos \u2013 un gran lugar para aprender sobre el","breadcrumb":{"@id":"https:\/\/casadecampoliving.com\/es\/jornada-creativa-navidena-talleres-para-ninos-en-el-museo-arqueologico-regional-en-altos-de-chavon\/#breadcrumb"},"inLanguage":"es","potentialAction":[{"@type":"ReadAction","target":["https:\/\/casadecampoliving.com\/es\/jornada-creativa-navidena-talleres-para-ninos-en-el-museo-arqueologico-regional-en-altos-de-chavon\/"]}]},{"@type":"ImageObject","inLanguage":"es","@id":"https:\/\/casadecampoliving.com\/es\/jornada-creativa-navidena-talleres-para-ninos-en-el-museo-arqueologico-regional-en-altos-de-chavon\/#primaryimage","url":"https:\/\/i0.wp.com\/casadecampoliving.com\/wp-content\/uploads\/2022\/10\/altos_de_chavon_museum-3.jpg?fit=650%2C453&ssl=1","contentUrl":"https:\/\/i0.wp.com\/casadecampoliving.com\/wp-content\/uploads\/2022\/10\/altos_de_chavon_museum-3.jpg?fit=650%2C453&ssl=1","width":650,"height":453,"caption":"altos de chavon museum"},{"@type":"BreadcrumbList","@id":"https:\/\/casadecampoliving.com\/es\/jornada-creativa-navidena-talleres-para-ninos-en-el-museo-arqueologico-regional-en-altos-de-chavon\/#breadcrumb","itemListElement":[{"@type":"ListItem","position":1,"name":"Home","item":"https:\/\/casadecampoliving.com\/es\/"},{"@type":"ListItem","position":2,"name":"&#8220;Jornada Creativa Navide\u00f1a&#8221; talleres para ni\u00f1os en el Museo Arqueol\u00f3gico Regional en Altos de Chav\u00f3n"}]},{"@type":"WebSite","@id":"https:\/\/casadecampoliving.com\/es\/#website","url":"https:\/\/casadecampoliving.com\/es\/","name":"Casa de Campo Living","description":"Resort community news and resources.","publisher":{"@id":"https:\/\/casadecampoliving.com\/es\/#organization"},"potentialAction":[{"@type":"SearchAction","target":{"@type":"EntryPoint","urlTemplate":"https:\/\/casadecampoliving.com\/es\/?s={search_term_string}"},"query-input":{"@type":"PropertyValueSpecification","valueRequired":true,"valueName":"search_term_string"}}],"inLanguage":"es"},{"@type":"Organization","@id":"https:\/\/casadecampoliving.com\/es\/#organization","name":"Casa de Campo Living","url":"https:\/\/casadecampoliving.com\/es\/","logo":{"@type":"ImageObject","inLanguage":"es","@id":"https:\/\/casadecampoliving.com\/es\/#\/schema\/logo\/image\/","url":"https:\/\/i0.wp.com\/casadecampoliving.com\/wp-content\/uploads\/2022\/07\/CDCLivingLogo_V1-white-sized.png?fit=800%2C214&ssl=1","contentUrl":"https:\/\/i0.wp.com\/casadecampoliving.com\/wp-content\/uploads\/2022\/07\/CDCLivingLogo_V1-white-sized.png?fit=800%2C214&ssl=1","width":800,"height":214,"caption":"Casa de Campo Living"},"image":{"@id":"https:\/\/casadecampoliving.com\/es\/#\/schema\/logo\/image\/"},"sameAs":["https:\/\/www.facebook.com\/casadecampoliving","https:\/\/x.com\/cdcliving"]},{"@type":"Person","@id":"https:\/\/casadecampoliving.com\/es\/#\/schema\/person\/aaa019e57912071f2ff8672cb7b2cd4a","name":"Tere Garcia","image":{"@type":"ImageObject","inLanguage":"es","@id":"https:\/\/secure.gravatar.com\/avatar\/95a4c98da1234da7035dc8ec8fadd3cad5a2cb5e187b80794baa199bf723f5a5?s=96&d=mm&r=g","url":"https:\/\/secure.gravatar.com\/avatar\/95a4c98da1234da7035dc8ec8fadd3cad5a2cb5e187b80794baa199bf723f5a5?s=96&d=mm&r=g","contentUrl":"https:\/\/secure.gravatar.com\/avatar\/95a4c98da1234da7035dc8ec8fadd3cad5a2cb5e187b80794baa199bf723f5a5?s=96&d=mm&r=g","caption":"Tere Garcia"},"sameAs":["http:\/\/www.silgon.net"],"url":"https:\/\/casadecampoliving.com\/es\/author\/tgarciasilgon-net\/"}]}},"parsely":{"version":"1.1.0","canonical_url":"https:\/\/casadecampoliving.com\/es\/jornada-creativa-navidena-talleres-para-ninos-en-el-museo-arqueologico-regional-en-altos-de-chavon\/","smart_links":{"inbound":0,"outbound":0},"traffic_boost_suggestions_count":0,"meta":{"@context":"https:\/\/schema.org","@type":"NewsArticle","headline":"\u00abJornada Creativa Navide\u00f1a\u00bb talleres para ni\u00f1os en el  Museo Arqueol\u00f3gico Regional en Altos de Chav\u00f3n","url":"http:\/\/casadecampoliving.com\/es\/jornada-creativa-navidena-talleres-para-ninos-en-el-museo-arqueologico-regional-en-altos-de-chavon\/","mainEntityOfPage":{"@type":"WebPage","@id":"http:\/\/casadecampoliving.com\/es\/jornada-creativa-navidena-talleres-para-ninos-en-el-museo-arqueologico-regional-en-altos-de-chavon\/"},"thumbnailUrl":"https:\/\/i0.wp.com\/casadecampoliving.com\/wp-content\/uploads\/2022\/10\/altos_de_chavon_museum-3.jpg?resize=150%2C150&ssl=1","image":{"@type":"ImageObject","url":"https:\/\/i0.wp.com\/casadecampoliving.com\/wp-content\/uploads\/2022\/10\/altos_de_chavon_museum-3.jpg?fit=650%2C453&ssl=1"},"articleSection":"Altos de Chavon @es","author":[{"@type":"Person","name":"Tere Garcia"}],"creator":["Tere Garcia"],"publisher":{"@type":"Organization","name":"Casa de Campo Living","logo":"https:\/\/casadecampoliving.com\/wp-content\/uploads\/2022\/07\/CDCLivingLogo_V1-white-sized.png"},"keywords":["altos de chavon","museo arquelogico regional altos de chavon","navidad"],"dateCreated":"2012-12-25T04:00:00Z","datePublished":"2012-12-25T04:00:00Z","dateModified":"2022-10-21T22:49:58Z"},"rendered":"<script type=\"application\/ld+json\" class=\"wp-parsely-metadata\">{\"@context\":\"https:\\\/\\\/schema.org\",\"@type\":\"NewsArticle\",\"headline\":\"\\u00abJornada Creativa Navide\\u00f1a\\u00bb talleres para ni\\u00f1os en el  Museo Arqueol\\u00f3gico Regional en Altos de Chav\\u00f3n\",\"url\":\"http:\\\/\\\/casadecampoliving.com\\\/es\\\/jornada-creativa-navidena-talleres-para-ninos-en-el-museo-arqueologico-regional-en-altos-de-chavon\\\/\",\"mainEntityOfPage\":{\"@type\":\"WebPage\",\"@id\":\"http:\\\/\\\/casadecampoliving.com\\\/es\\\/jornada-creativa-navidena-talleres-para-ninos-en-el-museo-arqueologico-regional-en-altos-de-chavon\\\/\"},\"thumbnailUrl\":\"https:\\\/\\\/i0.wp.com\\\/casadecampoliving.com\\\/wp-content\\\/uploads\\\/2022\\\/10\\\/altos_de_chavon_museum-3.jpg?resize=150%2C150&ssl=1\",\"image\":{\"@type\":\"ImageObject\",\"url\":\"https:\\\/\\\/i0.wp.com\\\/casadecampoliving.com\\\/wp-content\\\/uploads\\\/2022\\\/10\\\/altos_de_chavon_museum-3.jpg?fit=650%2C453&ssl=1\"},\"articleSection\":\"Altos de Chavon @es\",\"author\":[{\"@type\":\"Person\",\"name\":\"Tere Garcia\"}],\"creator\":[\"Tere Garcia\"],\"publisher\":{\"@type\":\"Organization\",\"name\":\"Casa de Campo Living\",\"logo\":\"https:\\\/\\\/casadecampoliving.com\\\/wp-content\\\/uploads\\\/2022\\\/07\\\/CDCLivingLogo_V1-white-sized.png\"},\"keywords\":[\"altos de chavon\",\"museo arquelogico regional altos de chavon\",\"navidad\"],\"dateCreated\":\"2012-12-25T04:00:00Z\",\"datePublished\":\"2012-12-25T04:00:00Z\",\"dateModified\":\"2022-10-21T22:49:58Z\"}<\/script>","tracker_url":"https:\/\/cdn.parsely.com\/keys\/casadecampoliving.com\/p.js"},"jetpack_publicize_connections":[],"jetpack_featured_media_url":"https:\/\/i0.wp.com\/casadecampoliving.com\/wp-content\/uploads\/2022\/10\/altos_de_chavon_museum-3.jpg?fit=650%2C453&ssl=1","jetpack-related-posts":[{"id":339669,"url":"https:\/\/casadecampoliving.com\/es\/el-museo-arqueologico-regional-de-altos-de-chavon-promueve-educacion-cultural-en-r-d-a-traves-de-su-jornada-creativa-comunitaria\/","url_meta":{"origin":340240,"position":0},"title":"El Museo Arqueol\u00f3gico Regional de Altos de Chav\u00f3n promueve educaci\u00f3n cultural en R.D a trav\u00e9s de su \u00abJornada Creativa Comunitaria\u00bb","author":"","date":"4 Sep, 2012","format":false,"excerpt":"Por segundo a\u00f1o consecutivo el Museo Arqueol\u00f3gico Regional de Altos de Chav\u00f3n llev\u00f3 a cabo su Jornada Creativa Comunitaria en la ciudad de La Vega el pasado Mi\u00e9rcoles 8 de Agosto junto al grupo Acci\u00f3n Cultural Vegana. Un grupo de m\u00e1s de 100 ni\u00f1os y ni\u00f1as de diferentes edades provenientes\u2026","rel":"","context":"En \u00abAltos de Chavon @es\u00bb","block_context":{"text":"Altos de Chavon @es","link":"https:\/\/casadecampoliving.com\/category\/altos-de-chavon-es\/"},"img":{"alt_text":"altos de chavon museum","src":"https:\/\/i0.wp.com\/casadecampoliving.com\/wp-content\/uploads\/2022\/10\/altos_de_chavon_museum-8.jpg?fit=650%2C488&ssl=1&resize=350%2C200","width":350,"height":200,"srcset":"https:\/\/i0.wp.com\/casadecampoliving.com\/wp-content\/uploads\/2022\/10\/altos_de_chavon_museum-8.jpg?fit=650%2C488&ssl=1&resize=350%2C200 1x, https:\/\/i0.wp.com\/casadecampoliving.com\/wp-content\/uploads\/2022\/10\/altos_de_chavon_museum-8.jpg?fit=650%2C488&ssl=1&resize=525%2C300 1.5x"},"classes":[]},{"id":341821,"url":"https:\/\/casadecampoliving.com\/es\/taller-de-planificacion-creativa-de-campamentos-del-12-al-13-de-junio-en-el-museo-arqueologico-regional-altos-de-chavon\/","url_meta":{"origin":340240,"position":1},"title":"Taller de Planificaci\u00f3n Creativa de Campamentos- del 12 al 13 de Junio en el Museo Arqueol\u00f3gico Regional Altos de Chav\u00f3n","author":"Mairobi Herrera","date":"9 Jun, 2013","format":false,"excerpt":"\u00a0Desde el mi\u00e9rcoles 12 hasta el jueves 13 de junio se realizar\u00e1 en el Museo Arqueol\u00f3gico Regional Altos de Chav\u00f3n un taller de planificaci\u00f3n creativa de campamentos dirigido a gu\u00edas y facilitadores. El taller es\u00a0una jornada creativa para ayudar a dise\u00f1ar propuestas de campamentos atendiendo a diferentes grupos de edades,\u2026","rel":"","context":"En \u00abAltos de Chavon @es\u00bb","block_context":{"text":"Altos de Chavon @es","link":"https:\/\/casadecampoliving.com\/category\/altos-de-chavon-es\/"},"img":{"alt_text":"planificacion creativa campamentos","src":"https:\/\/i0.wp.com\/casadecampoliving.com\/wp-content\/uploads\/2022\/10\/planificacion_creativa_campamentos-1.jpg?fit=650%2C514&ssl=1&resize=350%2C200","width":350,"height":200,"srcset":"https:\/\/i0.wp.com\/casadecampoliving.com\/wp-content\/uploads\/2022\/10\/planificacion_creativa_campamentos-1.jpg?fit=650%2C514&ssl=1&resize=350%2C200 1x, https:\/\/i0.wp.com\/casadecampoliving.com\/wp-content\/uploads\/2022\/10\/planificacion_creativa_campamentos-1.jpg?fit=650%2C514&ssl=1&resize=525%2C300 1.5x"},"classes":[]},{"id":433460,"url":"https:\/\/casadecampoliving.com\/es\/no-se-pierdan-el-increible-tributo-a-frank-sinatra-para-celebrar-el-40-aniversario-del-anfiteatro-altos-de-chavon\/","url_meta":{"origin":340240,"position":2},"title":"No se pierdan el incre\u00edble tributo a Frank Sinatra para celebrar el 40 aniversario del\u00a0Anfiteatro Altos de Chav\u00f3n","author":"Casa de Campo Living","date":"20 Oct, 2022","format":false,"excerpt":"Siendo uno de los escenarios m\u00e1s emblem\u00e1ticos del pa\u00eds, Casa de Campo Resort\u00ae & Villas celebra las cuatro d\u00e9cadas de aniversario de Altos de Chav\u00f3n con un tributo al gran Frank Sinatra, protagonizado por artistas invitados y una big band tal cual la que acompa\u00f1\u00f3 al artista hace 40 a\u00f1os\u2026","rel":"","context":"En \u00abUncategorized @es\u00bb","block_context":{"text":"Uncategorized @es","link":"https:\/\/casadecampoliving.com\/es\/category\/uncategorized-es\/"},"img":{"alt_text":"","src":"https:\/\/i0.wp.com\/casadecampoliving.com\/wp-content\/uploads\/2022\/10\/Tributo-Frank-Sinatra-Foto-Principal-Amaury-Sanchez-Danilo-Ginebra-Andres-Pichardo-y-Jose-Gabriel-Perez-.jpg?fit=1200%2C873&ssl=1&resize=350%2C200","width":350,"height":200,"srcset":"https:\/\/i0.wp.com\/casadecampoliving.com\/wp-content\/uploads\/2022\/10\/Tributo-Frank-Sinatra-Foto-Principal-Amaury-Sanchez-Danilo-Ginebra-Andres-Pichardo-y-Jose-Gabriel-Perez-.jpg?fit=1200%2C873&ssl=1&resize=350%2C200 1x, https:\/\/i0.wp.com\/casadecampoliving.com\/wp-content\/uploads\/2022\/10\/Tributo-Frank-Sinatra-Foto-Principal-Amaury-Sanchez-Danilo-Ginebra-Andres-Pichardo-y-Jose-Gabriel-Perez-.jpg?fit=1200%2C873&ssl=1&resize=525%2C300 1.5x, https:\/\/i0.wp.com\/casadecampoliving.com\/wp-content\/uploads\/2022\/10\/Tributo-Frank-Sinatra-Foto-Principal-Amaury-Sanchez-Danilo-Ginebra-Andres-Pichardo-y-Jose-Gabriel-Perez-.jpg?fit=1200%2C873&ssl=1&resize=700%2C400 2x, https:\/\/i0.wp.com\/casadecampoliving.com\/wp-content\/uploads\/2022\/10\/Tributo-Frank-Sinatra-Foto-Principal-Amaury-Sanchez-Danilo-Ginebra-Andres-Pichardo-y-Jose-Gabriel-Perez-.jpg?fit=1200%2C873&ssl=1&resize=1050%2C600 3x"},"classes":[]},{"id":350224,"url":"https:\/\/casadecampoliving.com\/es\/pelicula-en-la-ultima-entrega-de-cine-pequeno-de-verano-aqui-les-tenemos-pistas\/","url_meta":{"origin":340240,"position":3},"title":"\u00bfPueden adivinar cu\u00e1l pel\u00edcula estar\u00e1n presentando en la ultima entrega de Cine Peque\u00f1o de Verano este viernes? \u00a1Aqu\u00ed les tenemos pistas!","author":"Carla Campos","date":"20 Jul, 2016","format":false,"excerpt":"Esta semana es su\u00a0\u00faltima oportunidad de llevar a sus hijos a \u201cCine Peque\u00f1o \u00a0de Verano\u201d organizado por el Museo Arqueol\u00f3gico Regional de Altos de Chav\u00f3n donde se estar\u00e1 proyectando\u00a0un favorito de todos los tiempos \u2013 (\u00a1no podemos revelar el nombre!). Esta es tambi\u00e9n la \u00faltima semana de sus talleres de\u2026","rel":"","context":"En \u00abAltos de Chavon @es\u00bb","block_context":{"text":"Altos de Chavon @es","link":"https:\/\/casadecampoliving.com\/category\/altos-de-chavon-es\/"},"img":{"alt_text":"Little Summer Cinema","src":"https:\/\/i0.wp.com\/casadecampoliving.com\/wp-content\/uploads\/2022\/10\/shutterstock_303306602-e1469032988614.jpg?fit=1000%2C600&ssl=1&resize=350%2C200","width":350,"height":200,"srcset":"https:\/\/i0.wp.com\/casadecampoliving.com\/wp-content\/uploads\/2022\/10\/shutterstock_303306602-e1469032988614.jpg?fit=1000%2C600&ssl=1&resize=350%2C200 1x, https:\/\/i0.wp.com\/casadecampoliving.com\/wp-content\/uploads\/2022\/10\/shutterstock_303306602-e1469032988614.jpg?fit=1000%2C600&ssl=1&resize=525%2C300 1.5x, https:\/\/i0.wp.com\/casadecampoliving.com\/wp-content\/uploads\/2022\/10\/shutterstock_303306602-e1469032988614.jpg?fit=1000%2C600&ssl=1&resize=700%2C400 2x"},"classes":[]},{"id":339133,"url":"https:\/\/casadecampoliving.com\/es\/campamento-de-verano-para-ninos-en-el-museo-arquelogico-de-altos-de-chavon-6-13-de-julio\/","url_meta":{"origin":340240,"position":4},"title":"\u00a1Campamento de Verano para ni\u00f1os en el Museo Arquel\u00f3gico de Altos de Chav\u00f3n: 2 &#8211; 13 de julio!","author":"","date":"10 Jun, 2012","format":false,"excerpt":"Cada a\u00f1o el Museo Arquel\u00f3gico Regional de Altos de Chav\u00f3n, organiza el campamento de verano para ni\u00f1os, y este a\u00f1o regresa con el campamento \u201cTU HISTORIA EN EL TIEMPO\u201d, del 6 al 13 de julio con muchas actividades educativas y divertidas, lo que promete ser una grandiosa actividad para sus\u2026","rel":"","context":"En \u00abAltos de Chavon @es\u00bb","block_context":{"text":"Altos de Chavon @es","link":"https:\/\/casadecampoliving.com\/category\/altos-de-chavon-es\/"},"img":{"alt_text":"altos de chavon museum","src":"https:\/\/i0.wp.com\/casadecampoliving.com\/wp-content\/uploads\/2022\/10\/altos_de_chavon_museum11-1.jpg?fit=650%2C480&ssl=1&resize=350%2C200","width":350,"height":200,"srcset":"https:\/\/i0.wp.com\/casadecampoliving.com\/wp-content\/uploads\/2022\/10\/altos_de_chavon_museum11-1.jpg?fit=650%2C480&ssl=1&resize=350%2C200 1x, https:\/\/i0.wp.com\/casadecampoliving.com\/wp-content\/uploads\/2022\/10\/altos_de_chavon_museum11-1.jpg?fit=650%2C480&ssl=1&resize=525%2C300 1.5x"},"classes":[]},{"id":350140,"url":"https:\/\/casadecampoliving.com\/es\/cine-pequeno-museo-arqueologico-regional\/","url_meta":{"origin":340240,"position":5},"title":"CINE PEQUE\u00d1O este viernes en el mejor teatro de Casa de Campo (\u00a1aqu\u00ed les decimos d\u00f3nde&#8230;!!)","author":"Marlenys Guzm\u00e1n Casta\u00f1os","date":"7 Jul, 2016","format":false,"excerpt":"Hace unas semanas anunciamos que el Museo Arqueol\u00f3gico Regional de Altos de Chav\u00f3n ha preparado unos incre\u00edbles talleres para ni\u00f1os este verano, y hay un evento semanal muy especial, \u201cCine Peque\u00f1o de Verano \u201d por tan solo RD$100! Es para ni\u00f1os de 5 a\u00f1os en adelante y contar\u00e1 con pel\u00edculas\u2026","rel":"","context":"En \u00abAltos de Chavon @es\u00bb","block_context":{"text":"Altos de Chavon @es","link":"https:\/\/casadecampoliving.com\/category\/altos-de-chavon-es\/"},"img":{"alt_text":"","src":"https:\/\/i0.wp.com\/casadecampoliving.com\/wp-content\/uploads\/2022\/10\/shutterstock_314007290-1.jpg?fit=1000%2C592&ssl=1&resize=350%2C200","width":350,"height":200,"srcset":"https:\/\/i0.wp.com\/casadecampoliving.com\/wp-content\/uploads\/2022\/10\/shutterstock_314007290-1.jpg?fit=1000%2C592&ssl=1&resize=350%2C200 1x, https:\/\/i0.wp.com\/casadecampoliving.com\/wp-content\/uploads\/2022\/10\/shutterstock_314007290-1.jpg?fit=1000%2C592&ssl=1&resize=525%2C300 1.5x, https:\/\/i0.wp.com\/casadecampoliving.com\/wp-content\/uploads\/2022\/10\/shutterstock_314007290-1.jpg?fit=1000%2C592&ssl=1&resize=700%2C400 2x"},"classes":[]}],"jetpack_sharing_enabled":true,"_links":{"self":[{"href":"https:\/\/casadecampoliving.com\/es\/wp-json\/wp\/v2\/posts\/340240","targetHints":{"allow":["GET"]}}],"collection":[{"href":"https:\/\/casadecampoliving.com\/es\/wp-json\/wp\/v2\/posts"}],"about":[{"href":"https:\/\/casadecampoliving.com\/es\/wp-json\/wp\/v2\/types\/post"}],"author":[{"embeddable":true,"href":"https:\/\/casadecampoliving.com\/es\/wp-json\/wp\/v2\/users\/384"}],"replies":[{"embeddable":true,"href":"https:\/\/casadecampoliving.com\/es\/wp-json\/wp\/v2\/comments?post=340240"}],"version-history":[{"count":1,"href":"https:\/\/casadecampoliving.com\/es\/wp-json\/wp\/v2\/posts\/340240\/revisions"}],"predecessor-version":[{"id":340241,"href":"https:\/\/casadecampoliving.com\/es\/wp-json\/wp\/v2\/posts\/340240\/revisions\/340241"}],"wp:featuredmedia":[{"embeddable":true,"href":"https:\/\/casadecampoliving.com\/es\/wp-json\/wp\/v2\/media\/240673"}],"wp:attachment":[{"href":"https:\/\/casadecampoliving.com\/es\/wp-json\/wp\/v2\/media?parent=340240"}],"wp:term":[{"taxonomy":"category","embeddable":true,"href":"https:\/\/casadecampoliving.com\/es\/wp-json\/wp\/v2\/categories?post=340240"},{"taxonomy":"post_tag","embeddable":true,"href":"https:\/\/casadecampoliving.com\/es\/wp-json\/wp\/v2\/tags?post=340240"},{"taxonomy":"newspack_spnsrs_tax","embeddable":true,"href":"https:\/\/casadecampoliving.com\/es\/wp-json\/wp\/v2\/newspack_spnsrs_tax?post=340240"}],"curies":[{"name":"wp","href":"https:\/\/api.w.org\/{rel}","templated":true}]}}