{"id":340218,"date":"2012-12-05T00:00:00","date_gmt":"2012-12-05T04:00:00","guid":{"rendered":"https:\/\/casadecampoliving.com\/confirmado-la-fiesta-de-ano-nuevo-sera-en-la-playa-minitas\/"},"modified":"2022-10-21T18:49:08","modified_gmt":"2022-10-21T22:49:08","slug":"confirmado-la-fiesta-de-ano-nuevo-sera-en-la-playa-minitas","status":"publish","type":"post","link":"https:\/\/casadecampoliving.com\/es\/confirmado-la-fiesta-de-ano-nuevo-sera-en-la-playa-minitas\/","title":{"rendered":"CONFIRMADO! La Fiesta de A\u00f1o Nuevo ser\u00e1 en la playa Minitas!"},"content":{"rendered":"<div class=\"wp-block-image\">\n<figure class=\"aligncenter is-resized\"><img loading=\"lazy\" decoding=\"async\" src=\"https:\/\/i0.wp.com\/casadecampoliving.com\/wp-content\/uploads\/2022\/10\/casa_de_campo_party2.jpg?resize=650%2C365&amp;ssl=1\" alt=\"casa de campo party\" class=\"wp-image-48781\" title=\"casa_de_campo_party\" height=\"365\" width=\"650\"\/><\/figure>\n<\/div>\n\n\n<p>Excelentes noticias! La m\u00e1s popular fiesta de todo el a\u00f1o, ha sido confirmada \u2013 la fiesta de A\u00f1o Nuevo en la playa, una vez m\u00e1s nos tendr\u00e1 a todos bailando hasta el amanecer en la playa Minitas!<\/p>\n\n\n\n<!--more-->\n\n\n<div class=\"wp-block-image\">\n<figure class=\"alignright is-resized\"><img loading=\"lazy\" decoding=\"async\" src=\"https:\/\/i0.wp.com\/casadecampoliving.com\/wp-content\/uploads\/2022\/10\/sixto.jpg?resize=230%2C303&amp;ssl=1\" alt=\"sixto\" class=\"wp-image-61424\" title=\"sixto\" height=\"303\" width=\"230\"\/><\/figure>\n<\/div>\n\n\n<p>Siendo, desde luego, la mejor semana de todo el a\u00f1o en Casa de Campo, se trata de unos d\u00edas repletos de diversi\u00f3n entre la Navidad y A\u00f1o Nuevo \u2013 cuando los due\u00f1os de villas, residentes y visitantes de Casa de Campo, desde distintas partes del mundo que nos acompa\u00f1an en una serie de fiestas, celebraciones y eventos que, nos complace confirmarles que se estar\u00e1n llevando a cabo una vez m\u00e1s, cerrando con un gran ginal, la Fiesta Playera de A\u00f1o Nuevo en la playa Minitas!!!<br>\n[Por favor visite: <a href=\"http:\/\/www.todocasadecampo.com\/es\" target=\"_blank\" rel=\"noopener\">www.todo.fm<\/a> para ver el completo calendario de eventos].<\/p>\n\n\n\n<p>Este a\u00f1o, la Fiesta Playera de A\u00f1o Nuevo ser\u00e1 organizada una vez m\u00e1s por Praia, organizadores de fiestas ubicados en Santo Domingo, y que \u00e9ste a\u00f1o tendr\u00e1n como invitado a los DJs; DJ Guize desde Rock-It Scientist en Los Angeles, DJ Willy desde South Beach, Miami, as\u00ed como a Omar Andino, Conrad Wittkop, Looie G y un show de fuegos artificiales!<\/p>\n\n\n\n<p>Para culminar&nbsp; las fiestas \u2013 o para recargar las bater\u00edas y continuar con la fiesta, el Beach Club by Le Cirque (ubicado al lado de la fiesta), estar\u00e1 ofreciendo un sancocho t\u00edpico desde las 3am, por s\u00f3lo US$20 por persona.<\/p>\n\n\n<div class=\"wp-block-image\">\n<figure class=\"aligncenter is-resized\"><img loading=\"lazy\" decoding=\"async\" src=\"https:\/\/i0.wp.com\/casadecampoliving.com\/wp-content\/uploads\/2022\/10\/new_years_eve_casa_de_campo.jpg?resize=650%2C438&amp;ssl=1\" alt=\"new years eve casa de campo \" class=\"wp-image-60586\" title=\"new_years_eve_casa_de_campo\" height=\"438\" width=\"650\"\/><\/figure>\n<\/div>\n\n\n<blockquote><p><strong>La Fiesta Playera de A\u00f1o Nuevo de Casa de Campo por Praia<\/strong><\/p><figure><a href=\"https:\/\/i0.wp.com\/casadecampoliving.com\/wp-content\/uploads\/2022\/10\/New-Years-Party-20131.jpg?ssl=1\"><img decoding=\"async\" loading=\"lazy\" class=\"aligncenter size-full wp-image-61422\" title=\"New-Years-Party-2013\" src=\"https:\/\/i0.wp.com\/casadecampoliving.com\/wp-content\/uploads\/2022\/10\/New-Years-Party-20131.jpg?resize=620%2C554&amp;ssl=1\" alt=\"new years eve party\" width=\"620\" height=\"554\"><\/a><\/figure><p><strong>Cu\u00e1ndo: <\/strong>A\u00f1o Nuevo, 11:30PM \u2013 amanecer (la fiesta no comienza realmente hasta la 1am)<\/p><p><strong>D\u00f3nde:<\/strong> Playa Minitas \u2013 \u00e1rea privada, en donde el Beach Club by Le Cirque tiene caba\u00f1as privadas<\/p><p><strong>Costo:<\/strong>&nbsp;USD$100 (open bar)<\/p><p><strong>Boletas: <\/strong>Las boletas a\u00fan no se encuentran a la venta -tan pronto tengamos m\u00e1s informaci\u00f3n, les dejaremos saber.<\/p><p><strong>Caba\u00f1as y mesas privadas: <\/strong><br>\nCada a\u00f1o, hay una disponibilidad limitada de mesas y caba\u00f1as \u2013 por favor, llame a Jean Pierre Bassa al:&nbsp;809-705-5555 para m\u00e1s informaci\u00f3n y reservaciones.<\/p><\/blockquote>\n\n\n\n<blockquote><p><strong>New Years Eve 2011: Las celebraciones desde el barco a la playa!<br>\n<\/strong><\/p><figure><img decoding=\"async\" loading=\"lazy\" class=\"aligncenter size-full wp-image-60587\" title=\"new_years_eve_casa_de_campo\" src=\"https:\/\/i0.wp.com\/casadecampoliving.com\/wp-content\/uploads\/2022\/10\/new_years_eve_casa_de_campo1.jpg?resize=620%2C348&amp;ssl=1\" alt=\"new years eve casa de campo\" width=\"620\" height=\"348\"><\/figure><p>El Fin de A\u00f1o de 2011 en Casa de Campo estuvo FABULOSO \u2013 desde el barco a la playa y todos la pasamos muy bien!<\/p><p><em><strong><a href=\"https:\/\/casadecampoliving.com\/es\/2012\/01\/fin-de-ano-2011-del-barco-a-las-celebraciones-de-ano-nuevo-de-casa-de-campo\/\" target=\"_blank\" rel=\"noopener\">Haga click aqu\u00ed para ver las fotos de todos los buenos momentos!<\/a><\/strong><\/em><\/p><\/blockquote>\n","protected":false},"excerpt":{"rendered":"<p>Excelentes noticias! La m\u00e1s popular fiesta de todo el a\u00f1o, ha sido confirmada \u2013 la fiesta de A\u00f1o Nuevo en la playa, una vez m\u00e1s nos tendr\u00e1 a todos bailando hasta el amanecer en la playa Minitas!<\/p>\n","protected":false},"author":21,"featured_media":239137,"comment_status":"closed","ping_status":"closed","sticky":false,"template":"","format":"standard","meta":{"newspack_ads_suppress_ads":false,"newspack_popups_has_disabled_popups":false,"newspack_sponsor_sponsorship_scope":"","newspack_sponsor_native_byline_display":"inherit","newspack_sponsor_native_category_display":"inherit","newspack_sponsor_underwriter_style":"inherit","newspack_sponsor_underwriter_placement":"inherit","_newspack_byline_active":false,"_newspack_byline":"","newspack_hide_updated_date":false,"newspack_show_updated_date":false,"newspack_content_restriction_is_exempt":false,"newspack_featured_image_position":"","newspack_post_subtitle":"","newspack_article_summary_title":"Overview:","newspack_article_summary":"","_jetpack_memberships_contains_paid_content":false,"footnotes":"","jetpack_publicize_message":"","jetpack_publicize_feature_enabled":true,"jetpack_social_post_already_shared":false,"jetpack_social_options":{"image_generator_settings":{"template":"highway","default_image_id":0,"font":"","enabled":false},"version":2},"_wpas_customize_per_network":false},"categories":[14629,2524,2522,14625,14627,26822,2520,2501],"tags":[3139,3437,174,2561],"newspack_spnsrs_tax":[],"class_list":["post-340218","post","type-post","status-publish","format-standard","has-post-thumbnail","hentry","category-comidas-bebidas","category-destacados","category-eventos-es","category-noticias-locales","category-proximamente","category-resort-casa-de-campo","category-restaurantes-es","category-vida-nocturna-es","tag-ano-nuevo","tag-fin-de-ano","tag-praia","tag-resort-casa-de-campo","entry"],"yoast_head":"<!-- This site is optimized with the Yoast SEO plugin v27.5 - https:\/\/yoast.com\/product\/yoast-seo-wordpress\/ -->\n<title>CONFIRMADO! La Fiesta de A\u00f1o Nuevo ser\u00e1 en la playa Minitas! | Casa de Campo Living<\/title>\n<meta name=\"description\" content=\"Excelentes noticias! La m\u00e1s popular fiesta de todo el a\u00f1o, ha sido confirmada \u2013 la fiesta de A\u00f1o Nuevo en la playa, una vez m\u00e1s nos tendr\u00e1 a todos\" \/>\n<meta name=\"robots\" content=\"index, follow, max-snippet:-1, max-image-preview:large, max-video-preview:-1\" \/>\n<link rel=\"canonical\" href=\"https:\/\/casadecampoliving.com\/es\/confirmado-la-fiesta-de-ano-nuevo-sera-en-la-playa-minitas\/\" \/>\n<meta property=\"og:locale\" content=\"es_ES\" \/>\n<meta property=\"og:type\" content=\"article\" \/>\n<meta property=\"og:title\" content=\"CONFIRMADO! La Fiesta de A\u00f1o Nuevo ser\u00e1 en la playa Minitas! | Casa de Campo Living\" \/>\n<meta property=\"og:description\" content=\"Excelentes noticias! La m\u00e1s popular fiesta de todo el a\u00f1o, ha sido confirmada \u2013 la fiesta de A\u00f1o Nuevo en la playa, una vez m\u00e1s nos tendr\u00e1 a todos\" \/>\n<meta property=\"og:url\" content=\"https:\/\/casadecampoliving.com\/es\/confirmado-la-fiesta-de-ano-nuevo-sera-en-la-playa-minitas\/\" \/>\n<meta property=\"og:site_name\" content=\"Casa de Campo Living\" \/>\n<meta property=\"article:publisher\" content=\"https:\/\/www.facebook.com\/casadecampoliving\" \/>\n<meta property=\"article:published_time\" content=\"2012-12-05T04:00:00+00:00\" \/>\n<meta property=\"article:modified_time\" content=\"2022-10-21T22:49:08+00:00\" \/>\n<meta property=\"og:image\" content=\"https:\/\/i0.wp.com\/casadecampoliving.com\/wp-content\/uploads\/2022\/10\/New-Years-Party-20131-1.jpg?fit=620%2C554&ssl=1\" \/>\n\t<meta property=\"og:image:width\" content=\"620\" \/>\n\t<meta property=\"og:image:height\" content=\"554\" \/>\n\t<meta property=\"og:image:type\" content=\"image\/jpeg\" \/>\n<meta name=\"twitter:card\" content=\"summary_large_image\" \/>\n<meta name=\"twitter:creator\" content=\"@cdcliving\" \/>\n<meta name=\"twitter:site\" content=\"@cdcliving\" \/>\n<meta name=\"twitter:label1\" content=\"Escrito por\" \/>\n\t<meta name=\"twitter:data1\" content=\"\" \/>\n\t<meta name=\"twitter:label2\" content=\"Tiempo de lectura\" \/>\n\t<meta name=\"twitter:data2\" content=\"2 minutos\" \/>\n<script type=\"application\/ld+json\" class=\"yoast-schema-graph\">{\"@context\":\"https:\\\/\\\/schema.org\",\"@graph\":[{\"@type\":\"Article\",\"@id\":\"https:\\\/\\\/casadecampoliving.com\\\/es\\\/confirmado-la-fiesta-de-ano-nuevo-sera-en-la-playa-minitas\\\/#article\",\"isPartOf\":{\"@id\":\"https:\\\/\\\/casadecampoliving.com\\\/es\\\/confirmado-la-fiesta-de-ano-nuevo-sera-en-la-playa-minitas\\\/\"},\"author\":{\"name\":\"\",\"@id\":\"https:\\\/\\\/casadecampoliving.com\\\/es\\\/#\\\/schema\\\/person\\\/7e3b975d584a5f6ac0fd7128a81b0bc5\"},\"headline\":\"CONFIRMADO! La Fiesta de A\u00f1o Nuevo ser\u00e1 en la playa Minitas!\",\"datePublished\":\"2012-12-05T04:00:00+00:00\",\"dateModified\":\"2022-10-21T22:49:08+00:00\",\"mainEntityOfPage\":{\"@id\":\"https:\\\/\\\/casadecampoliving.com\\\/es\\\/confirmado-la-fiesta-de-ano-nuevo-sera-en-la-playa-minitas\\\/\"},\"wordCount\":421,\"publisher\":{\"@id\":\"https:\\\/\\\/casadecampoliving.com\\\/es\\\/#organization\"},\"image\":{\"@id\":\"https:\\\/\\\/casadecampoliving.com\\\/es\\\/confirmado-la-fiesta-de-ano-nuevo-sera-en-la-playa-minitas\\\/#primaryimage\"},\"thumbnailUrl\":\"https:\\\/\\\/i0.wp.com\\\/casadecampoliving.com\\\/wp-content\\\/uploads\\\/2022\\\/10\\\/New-Years-Party-20131-1.jpg?fit=620%2C554&ssl=1\",\"keywords\":[\"ano nuevo\",\"fin de ano\",\"Praia\",\"resort casa de campo\"],\"articleSection\":[\"Comidas &amp; Bebidas\",\"Destacados\",\"Eventos\",\"Noticias Locales\",\"Proximamente\",\"Resort Casa de Campo\",\"Restaurantes\",\"Vida Nocturna\"],\"inLanguage\":\"es\"},{\"@type\":\"WebPage\",\"@id\":\"https:\\\/\\\/casadecampoliving.com\\\/es\\\/confirmado-la-fiesta-de-ano-nuevo-sera-en-la-playa-minitas\\\/\",\"url\":\"https:\\\/\\\/casadecampoliving.com\\\/es\\\/confirmado-la-fiesta-de-ano-nuevo-sera-en-la-playa-minitas\\\/\",\"name\":\"CONFIRMADO! La Fiesta de A\u00f1o Nuevo ser\u00e1 en la playa Minitas! | Casa de Campo Living\",\"isPartOf\":{\"@id\":\"https:\\\/\\\/casadecampoliving.com\\\/es\\\/#website\"},\"primaryImageOfPage\":{\"@id\":\"https:\\\/\\\/casadecampoliving.com\\\/es\\\/confirmado-la-fiesta-de-ano-nuevo-sera-en-la-playa-minitas\\\/#primaryimage\"},\"image\":{\"@id\":\"https:\\\/\\\/casadecampoliving.com\\\/es\\\/confirmado-la-fiesta-de-ano-nuevo-sera-en-la-playa-minitas\\\/#primaryimage\"},\"thumbnailUrl\":\"https:\\\/\\\/i0.wp.com\\\/casadecampoliving.com\\\/wp-content\\\/uploads\\\/2022\\\/10\\\/New-Years-Party-20131-1.jpg?fit=620%2C554&ssl=1\",\"datePublished\":\"2012-12-05T04:00:00+00:00\",\"dateModified\":\"2022-10-21T22:49:08+00:00\",\"description\":\"Excelentes noticias! La m\u00e1s popular fiesta de todo el a\u00f1o, ha sido confirmada \u2013 la fiesta de A\u00f1o Nuevo en la playa, una vez m\u00e1s nos tendr\u00e1 a todos\",\"breadcrumb\":{\"@id\":\"https:\\\/\\\/casadecampoliving.com\\\/es\\\/confirmado-la-fiesta-de-ano-nuevo-sera-en-la-playa-minitas\\\/#breadcrumb\"},\"inLanguage\":\"es\",\"potentialAction\":[{\"@type\":\"ReadAction\",\"target\":[\"https:\\\/\\\/casadecampoliving.com\\\/es\\\/confirmado-la-fiesta-de-ano-nuevo-sera-en-la-playa-minitas\\\/\"]}]},{\"@type\":\"ImageObject\",\"inLanguage\":\"es\",\"@id\":\"https:\\\/\\\/casadecampoliving.com\\\/es\\\/confirmado-la-fiesta-de-ano-nuevo-sera-en-la-playa-minitas\\\/#primaryimage\",\"url\":\"https:\\\/\\\/i0.wp.com\\\/casadecampoliving.com\\\/wp-content\\\/uploads\\\/2022\\\/10\\\/New-Years-Party-20131-1.jpg?fit=620%2C554&ssl=1\",\"contentUrl\":\"https:\\\/\\\/i0.wp.com\\\/casadecampoliving.com\\\/wp-content\\\/uploads\\\/2022\\\/10\\\/New-Years-Party-20131-1.jpg?fit=620%2C554&ssl=1\",\"width\":620,\"height\":554},{\"@type\":\"BreadcrumbList\",\"@id\":\"https:\\\/\\\/casadecampoliving.com\\\/es\\\/confirmado-la-fiesta-de-ano-nuevo-sera-en-la-playa-minitas\\\/#breadcrumb\",\"itemListElement\":[{\"@type\":\"ListItem\",\"position\":1,\"name\":\"Home\",\"item\":\"https:\\\/\\\/casadecampoliving.com\\\/es\\\/\"},{\"@type\":\"ListItem\",\"position\":2,\"name\":\"CONFIRMADO! La Fiesta de A\u00f1o Nuevo ser\u00e1 en la playa Minitas!\"}]},{\"@type\":\"WebSite\",\"@id\":\"https:\\\/\\\/casadecampoliving.com\\\/es\\\/#website\",\"url\":\"https:\\\/\\\/casadecampoliving.com\\\/es\\\/\",\"name\":\"Casa de Campo Living\",\"description\":\"Resort community news and resources.\",\"publisher\":{\"@id\":\"https:\\\/\\\/casadecampoliving.com\\\/es\\\/#organization\"},\"potentialAction\":[{\"@type\":\"SearchAction\",\"target\":{\"@type\":\"EntryPoint\",\"urlTemplate\":\"https:\\\/\\\/casadecampoliving.com\\\/es\\\/?s={search_term_string}\"},\"query-input\":{\"@type\":\"PropertyValueSpecification\",\"valueRequired\":true,\"valueName\":\"search_term_string\"}}],\"inLanguage\":\"es\"},{\"@type\":\"Organization\",\"@id\":\"https:\\\/\\\/casadecampoliving.com\\\/es\\\/#organization\",\"name\":\"Casa de Campo Living\",\"url\":\"https:\\\/\\\/casadecampoliving.com\\\/es\\\/\",\"logo\":{\"@type\":\"ImageObject\",\"inLanguage\":\"es\",\"@id\":\"https:\\\/\\\/casadecampoliving.com\\\/es\\\/#\\\/schema\\\/logo\\\/image\\\/\",\"url\":\"https:\\\/\\\/i0.wp.com\\\/casadecampoliving.com\\\/wp-content\\\/uploads\\\/2022\\\/07\\\/CDCLivingLogo_V1-white-sized.png?fit=800%2C214&ssl=1\",\"contentUrl\":\"https:\\\/\\\/i0.wp.com\\\/casadecampoliving.com\\\/wp-content\\\/uploads\\\/2022\\\/07\\\/CDCLivingLogo_V1-white-sized.png?fit=800%2C214&ssl=1\",\"width\":800,\"height\":214,\"caption\":\"Casa de Campo Living\"},\"image\":{\"@id\":\"https:\\\/\\\/casadecampoliving.com\\\/es\\\/#\\\/schema\\\/logo\\\/image\\\/\"},\"sameAs\":[\"https:\\\/\\\/www.facebook.com\\\/casadecampoliving\",\"https:\\\/\\\/x.com\\\/cdcliving\"]},{\"@type\":\"Person\",\"@id\":\"https:\\\/\\\/casadecampoliving.com\\\/es\\\/#\\\/schema\\\/person\\\/7e3b975d584a5f6ac0fd7128a81b0bc5\",\"name\":\"\",\"image\":{\"@type\":\"ImageObject\",\"inLanguage\":\"es\",\"@id\":\"https:\\\/\\\/secure.gravatar.com\\\/avatar\\\/?s=96&d=mm&r=g\",\"url\":\"https:\\\/\\\/secure.gravatar.com\\\/avatar\\\/?s=96&d=mm&r=g\",\"contentUrl\":\"https:\\\/\\\/secure.gravatar.com\\\/avatar\\\/?s=96&d=mm&r=g\"},\"url\":\"https:\\\/\\\/casadecampoliving.com\\\/es\\\/author\\\/ \\\/\"}]}<\/script>\n<!-- \/ Yoast SEO plugin. -->","yoast_head_json":{"title":"CONFIRMADO! La Fiesta de A\u00f1o Nuevo ser\u00e1 en la playa Minitas! | Casa de Campo Living","description":"Excelentes noticias! La m\u00e1s popular fiesta de todo el a\u00f1o, ha sido confirmada \u2013 la fiesta de A\u00f1o Nuevo en la playa, una vez m\u00e1s nos tendr\u00e1 a todos","robots":{"index":"index","follow":"follow","max-snippet":"max-snippet:-1","max-image-preview":"max-image-preview:large","max-video-preview":"max-video-preview:-1"},"canonical":"https:\/\/casadecampoliving.com\/es\/confirmado-la-fiesta-de-ano-nuevo-sera-en-la-playa-minitas\/","og_locale":"es_ES","og_type":"article","og_title":"CONFIRMADO! La Fiesta de A\u00f1o Nuevo ser\u00e1 en la playa Minitas! | Casa de Campo Living","og_description":"Excelentes noticias! La m\u00e1s popular fiesta de todo el a\u00f1o, ha sido confirmada \u2013 la fiesta de A\u00f1o Nuevo en la playa, una vez m\u00e1s nos tendr\u00e1 a todos","og_url":"https:\/\/casadecampoliving.com\/es\/confirmado-la-fiesta-de-ano-nuevo-sera-en-la-playa-minitas\/","og_site_name":"Casa de Campo Living","article_publisher":"https:\/\/www.facebook.com\/casadecampoliving","article_published_time":"2012-12-05T04:00:00+00:00","article_modified_time":"2022-10-21T22:49:08+00:00","og_image":[{"width":620,"height":554,"url":"https:\/\/i0.wp.com\/casadecampoliving.com\/wp-content\/uploads\/2022\/10\/New-Years-Party-20131-1.jpg?fit=620%2C554&ssl=1","type":"image\/jpeg"}],"twitter_card":"summary_large_image","twitter_creator":"@cdcliving","twitter_site":"@cdcliving","twitter_misc":{"Escrito por":"","Tiempo de lectura":"2 minutos"},"schema":{"@context":"https:\/\/schema.org","@graph":[{"@type":"Article","@id":"https:\/\/casadecampoliving.com\/es\/confirmado-la-fiesta-de-ano-nuevo-sera-en-la-playa-minitas\/#article","isPartOf":{"@id":"https:\/\/casadecampoliving.com\/es\/confirmado-la-fiesta-de-ano-nuevo-sera-en-la-playa-minitas\/"},"author":{"name":"","@id":"https:\/\/casadecampoliving.com\/es\/#\/schema\/person\/7e3b975d584a5f6ac0fd7128a81b0bc5"},"headline":"CONFIRMADO! La Fiesta de A\u00f1o Nuevo ser\u00e1 en la playa Minitas!","datePublished":"2012-12-05T04:00:00+00:00","dateModified":"2022-10-21T22:49:08+00:00","mainEntityOfPage":{"@id":"https:\/\/casadecampoliving.com\/es\/confirmado-la-fiesta-de-ano-nuevo-sera-en-la-playa-minitas\/"},"wordCount":421,"publisher":{"@id":"https:\/\/casadecampoliving.com\/es\/#organization"},"image":{"@id":"https:\/\/casadecampoliving.com\/es\/confirmado-la-fiesta-de-ano-nuevo-sera-en-la-playa-minitas\/#primaryimage"},"thumbnailUrl":"https:\/\/i0.wp.com\/casadecampoliving.com\/wp-content\/uploads\/2022\/10\/New-Years-Party-20131-1.jpg?fit=620%2C554&ssl=1","keywords":["ano nuevo","fin de ano","Praia","resort casa de campo"],"articleSection":["Comidas &amp; Bebidas","Destacados","Eventos","Noticias Locales","Proximamente","Resort Casa de Campo","Restaurantes","Vida Nocturna"],"inLanguage":"es"},{"@type":"WebPage","@id":"https:\/\/casadecampoliving.com\/es\/confirmado-la-fiesta-de-ano-nuevo-sera-en-la-playa-minitas\/","url":"https:\/\/casadecampoliving.com\/es\/confirmado-la-fiesta-de-ano-nuevo-sera-en-la-playa-minitas\/","name":"CONFIRMADO! La Fiesta de A\u00f1o Nuevo ser\u00e1 en la playa Minitas! | Casa de Campo Living","isPartOf":{"@id":"https:\/\/casadecampoliving.com\/es\/#website"},"primaryImageOfPage":{"@id":"https:\/\/casadecampoliving.com\/es\/confirmado-la-fiesta-de-ano-nuevo-sera-en-la-playa-minitas\/#primaryimage"},"image":{"@id":"https:\/\/casadecampoliving.com\/es\/confirmado-la-fiesta-de-ano-nuevo-sera-en-la-playa-minitas\/#primaryimage"},"thumbnailUrl":"https:\/\/i0.wp.com\/casadecampoliving.com\/wp-content\/uploads\/2022\/10\/New-Years-Party-20131-1.jpg?fit=620%2C554&ssl=1","datePublished":"2012-12-05T04:00:00+00:00","dateModified":"2022-10-21T22:49:08+00:00","description":"Excelentes noticias! La m\u00e1s popular fiesta de todo el a\u00f1o, ha sido confirmada \u2013 la fiesta de A\u00f1o Nuevo en la playa, una vez m\u00e1s nos tendr\u00e1 a todos","breadcrumb":{"@id":"https:\/\/casadecampoliving.com\/es\/confirmado-la-fiesta-de-ano-nuevo-sera-en-la-playa-minitas\/#breadcrumb"},"inLanguage":"es","potentialAction":[{"@type":"ReadAction","target":["https:\/\/casadecampoliving.com\/es\/confirmado-la-fiesta-de-ano-nuevo-sera-en-la-playa-minitas\/"]}]},{"@type":"ImageObject","inLanguage":"es","@id":"https:\/\/casadecampoliving.com\/es\/confirmado-la-fiesta-de-ano-nuevo-sera-en-la-playa-minitas\/#primaryimage","url":"https:\/\/i0.wp.com\/casadecampoliving.com\/wp-content\/uploads\/2022\/10\/New-Years-Party-20131-1.jpg?fit=620%2C554&ssl=1","contentUrl":"https:\/\/i0.wp.com\/casadecampoliving.com\/wp-content\/uploads\/2022\/10\/New-Years-Party-20131-1.jpg?fit=620%2C554&ssl=1","width":620,"height":554},{"@type":"BreadcrumbList","@id":"https:\/\/casadecampoliving.com\/es\/confirmado-la-fiesta-de-ano-nuevo-sera-en-la-playa-minitas\/#breadcrumb","itemListElement":[{"@type":"ListItem","position":1,"name":"Home","item":"https:\/\/casadecampoliving.com\/es\/"},{"@type":"ListItem","position":2,"name":"CONFIRMADO! La Fiesta de A\u00f1o Nuevo ser\u00e1 en la playa Minitas!"}]},{"@type":"WebSite","@id":"https:\/\/casadecampoliving.com\/es\/#website","url":"https:\/\/casadecampoliving.com\/es\/","name":"Casa de Campo Living","description":"Resort community news and resources.","publisher":{"@id":"https:\/\/casadecampoliving.com\/es\/#organization"},"potentialAction":[{"@type":"SearchAction","target":{"@type":"EntryPoint","urlTemplate":"https:\/\/casadecampoliving.com\/es\/?s={search_term_string}"},"query-input":{"@type":"PropertyValueSpecification","valueRequired":true,"valueName":"search_term_string"}}],"inLanguage":"es"},{"@type":"Organization","@id":"https:\/\/casadecampoliving.com\/es\/#organization","name":"Casa de Campo Living","url":"https:\/\/casadecampoliving.com\/es\/","logo":{"@type":"ImageObject","inLanguage":"es","@id":"https:\/\/casadecampoliving.com\/es\/#\/schema\/logo\/image\/","url":"https:\/\/i0.wp.com\/casadecampoliving.com\/wp-content\/uploads\/2022\/07\/CDCLivingLogo_V1-white-sized.png?fit=800%2C214&ssl=1","contentUrl":"https:\/\/i0.wp.com\/casadecampoliving.com\/wp-content\/uploads\/2022\/07\/CDCLivingLogo_V1-white-sized.png?fit=800%2C214&ssl=1","width":800,"height":214,"caption":"Casa de Campo Living"},"image":{"@id":"https:\/\/casadecampoliving.com\/es\/#\/schema\/logo\/image\/"},"sameAs":["https:\/\/www.facebook.com\/casadecampoliving","https:\/\/x.com\/cdcliving"]},{"@type":"Person","@id":"https:\/\/casadecampoliving.com\/es\/#\/schema\/person\/7e3b975d584a5f6ac0fd7128a81b0bc5","name":"","image":{"@type":"ImageObject","inLanguage":"es","@id":"https:\/\/secure.gravatar.com\/avatar\/?s=96&d=mm&r=g","url":"https:\/\/secure.gravatar.com\/avatar\/?s=96&d=mm&r=g","contentUrl":"https:\/\/secure.gravatar.com\/avatar\/?s=96&d=mm&r=g"},"url":"https:\/\/casadecampoliving.com\/es\/author\/ \/"}]}},"parsely":{"version":"1.1.0","canonical_url":"https:\/\/casadecampoliving.com\/es\/confirmado-la-fiesta-de-ano-nuevo-sera-en-la-playa-minitas\/","smart_links":{"inbound":0,"outbound":0},"traffic_boost_suggestions_count":0,"meta":{"@context":"https:\/\/schema.org","@type":"NewsArticle","headline":"CONFIRMADO! La Fiesta de A\u00f1o Nuevo ser\u00e1 en la playa Minitas!","url":"http:\/\/casadecampoliving.com\/es\/confirmado-la-fiesta-de-ano-nuevo-sera-en-la-playa-minitas\/","mainEntityOfPage":{"@type":"WebPage","@id":"http:\/\/casadecampoliving.com\/es\/confirmado-la-fiesta-de-ano-nuevo-sera-en-la-playa-minitas\/"},"thumbnailUrl":"https:\/\/i0.wp.com\/casadecampoliving.com\/wp-content\/uploads\/2022\/10\/New-Years-Party-20131-1.jpg?resize=150%2C150&ssl=1","image":{"@type":"ImageObject","url":"https:\/\/i0.wp.com\/casadecampoliving.com\/wp-content\/uploads\/2022\/10\/New-Years-Party-20131-1.jpg?fit=620%2C554&ssl=1"},"articleSection":"Comidas &amp; Bebidas","author":[{"@type":"Person","name":"FB_515917546"}],"creator":["FB_515917546"],"publisher":{"@type":"Organization","name":"Casa de Campo Living","logo":"https:\/\/casadecampoliving.com\/wp-content\/uploads\/2022\/07\/CDCLivingLogo_V1-white-sized.png"},"keywords":["ano nuevo","fin de ano","praia","resort casa de campo"],"dateCreated":"2012-12-05T04:00:00Z","datePublished":"2012-12-05T04:00:00Z","dateModified":"2022-10-21T22:49:08Z"},"rendered":"<script type=\"application\/ld+json\" class=\"wp-parsely-metadata\">{\"@context\":\"https:\\\/\\\/schema.org\",\"@type\":\"NewsArticle\",\"headline\":\"CONFIRMADO! La Fiesta de A\\u00f1o Nuevo ser\\u00e1 en la playa Minitas!\",\"url\":\"http:\\\/\\\/casadecampoliving.com\\\/es\\\/confirmado-la-fiesta-de-ano-nuevo-sera-en-la-playa-minitas\\\/\",\"mainEntityOfPage\":{\"@type\":\"WebPage\",\"@id\":\"http:\\\/\\\/casadecampoliving.com\\\/es\\\/confirmado-la-fiesta-de-ano-nuevo-sera-en-la-playa-minitas\\\/\"},\"thumbnailUrl\":\"https:\\\/\\\/i0.wp.com\\\/casadecampoliving.com\\\/wp-content\\\/uploads\\\/2022\\\/10\\\/New-Years-Party-20131-1.jpg?resize=150%2C150&ssl=1\",\"image\":{\"@type\":\"ImageObject\",\"url\":\"https:\\\/\\\/i0.wp.com\\\/casadecampoliving.com\\\/wp-content\\\/uploads\\\/2022\\\/10\\\/New-Years-Party-20131-1.jpg?fit=620%2C554&ssl=1\"},\"articleSection\":\"Comidas &amp; Bebidas\",\"author\":[{\"@type\":\"Person\",\"name\":\"FB_515917546\"}],\"creator\":[\"FB_515917546\"],\"publisher\":{\"@type\":\"Organization\",\"name\":\"Casa de Campo Living\",\"logo\":\"https:\\\/\\\/casadecampoliving.com\\\/wp-content\\\/uploads\\\/2022\\\/07\\\/CDCLivingLogo_V1-white-sized.png\"},\"keywords\":[\"ano nuevo\",\"fin de ano\",\"praia\",\"resort casa de campo\"],\"dateCreated\":\"2012-12-05T04:00:00Z\",\"datePublished\":\"2012-12-05T04:00:00Z\",\"dateModified\":\"2022-10-21T22:49:08Z\"}<\/script>","tracker_url":"https:\/\/cdn.parsely.com\/keys\/casadecampoliving.com\/p.js"},"jetpack_publicize_connections":[],"jetpack_featured_media_url":"https:\/\/i0.wp.com\/casadecampoliving.com\/wp-content\/uploads\/2022\/10\/New-Years-Party-20131-1.jpg?fit=620%2C554&ssl=1","jetpack-related-posts":[{"id":340100,"url":"https:\/\/casadecampoliving.com\/es\/alerta-de-rumor-la-fiesta-de-fin-de-ano-llega-a-la-playa-minitas\/","url_meta":{"origin":340218,"position":0},"title":"Alerta de Rumor: La Fiesta de Fin de A\u00f1o llega a la playa Minitas?","author":"","date":"13 Nov, 2012","format":false,"excerpt":"GRANDIOSAS noticias!\u00a0Despu\u00e9s de escuchar rumores de que no habr\u00eda una gran fiesta de A\u00f1o Nuevo en la playa Minitas este a\u00f1o \u2013 hemos escuchado recientes rumores de que esta legendaria fiesta s\u00ed se estar\u00e1 realizando como ha ocurrido durante los \u00faltimos tres a\u00f1os!\u00a0 Desafortunadamente, en estos momentos, esto s\u00f3lo es\u2026","rel":"","context":"En \u00abEventos\u00bb","block_context":{"text":"Eventos","link":"https:\/\/casadecampoliving.com\/es\/category\/eventos-es\/"},"img":{"alt_text":"new years eve casa de campo","src":"https:\/\/i0.wp.com\/casadecampoliving.com\/wp-content\/uploads\/2022\/10\/new_years_eve_casa_de_campo-1.jpg?fit=650%2C438&ssl=1&resize=350%2C200","width":350,"height":200,"srcset":"https:\/\/i0.wp.com\/casadecampoliving.com\/wp-content\/uploads\/2022\/10\/new_years_eve_casa_de_campo-1.jpg?fit=650%2C438&ssl=1&resize=350%2C200 1x, https:\/\/i0.wp.com\/casadecampoliving.com\/wp-content\/uploads\/2022\/10\/new_years_eve_casa_de_campo-1.jpg?fit=650%2C438&ssl=1&resize=525%2C300 1.5x"},"classes":[]},{"id":340473,"url":"https:\/\/casadecampoliving.com\/es\/feliz-ano-nuevo-miles-se-unen-hasta-el-amanecer-en-la-playa-minitas\/","url_meta":{"origin":340218,"position":1},"title":"Feliz A\u00f1o Nuevo! Miles se unen hasta el amanecer en la playa Minitas!","author":"","date":"12 Ene, 2013","format":false,"excerpt":"El pasado lunes 31 de diciembre de 2012, las celebraciones de A\u00f1o Nuevo comenzaron (para algunos \u2013 incluy\u00e9ndome), bastante temprano con la fiesta anual del Palmillaso en el mar (haga click aqu\u00ed para ver las fotos), mientras muchos otros se unieron a la celebraci\u00f3n de A\u00f1o Nuevo con sus familias\u2026","rel":"","context":"En \u00abComidas &amp; Bebidas\u00bb","block_context":{"text":"Comidas &amp; Bebidas","link":"https:\/\/casadecampoliving.com\/es\/category\/comidas-bebidas\/"},"img":{"alt_text":"minitas beach new years eve","src":"https:\/\/i0.wp.com\/casadecampoliving.com\/wp-content\/uploads\/2022\/10\/minitas_beach_new_years_eve-1.jpg?fit=650%2C308&ssl=1&resize=350%2C200","width":350,"height":200,"srcset":"https:\/\/i0.wp.com\/casadecampoliving.com\/wp-content\/uploads\/2022\/10\/minitas_beach_new_years_eve-1.jpg?fit=650%2C308&ssl=1&resize=350%2C200 1x, https:\/\/i0.wp.com\/casadecampoliving.com\/wp-content\/uploads\/2022\/10\/minitas_beach_new_years_eve-1.jpg?fit=650%2C308&ssl=1&resize=525%2C300 1.5x"},"classes":[]},{"id":337905,"url":"https:\/\/casadecampoliving.com\/es\/la-fiesta-de-ano-nuevo-de-praia-en-playa-minitas\/","url_meta":{"origin":340218,"position":2},"title":"La fiesta de A\u00f1o Nuevo de Praia en Playa Minitas!","author":"","date":"25 Dic, 2011","format":false,"excerpt":"Como cada a\u00f1o, Praia organiza la fiesta del a\u00f1o, la FIESTA DE FIN DE A\u00d1O de Casa de Campo, la cual ser\u00e1 realizada por tercer a\u00f1o consecutivo en la Playa Minitas! Este a\u00f1o, la legendaria fiesta de a\u00f1o nuevo incluir\u00e1 una presentaci\u00f3n en vivo de \u201cMaluk\u201d, al igual que DJ\u2026","rel":"","context":"En \u00abComidas &amp; Bebidas\u00bb","block_context":{"text":"Comidas &amp; Bebidas","link":"https:\/\/casadecampoliving.com\/es\/category\/comidas-bebidas\/"},"img":{"alt_text":"new years eve casa de campo","src":"https:\/\/i0.wp.com\/casadecampoliving.com\/wp-content\/uploads\/2022\/10\/new_years_eve_casa_de_campo-3.jpg?fit=650%2C316&ssl=1&resize=350%2C200","width":350,"height":200,"srcset":"https:\/\/i0.wp.com\/casadecampoliving.com\/wp-content\/uploads\/2022\/10\/new_years_eve_casa_de_campo-3.jpg?fit=650%2C316&ssl=1&resize=350%2C200 1x, https:\/\/i0.wp.com\/casadecampoliving.com\/wp-content\/uploads\/2022\/10\/new_years_eve_casa_de_campo-3.jpg?fit=650%2C316&ssl=1&resize=525%2C300 1.5x"},"classes":[]},{"id":343682,"url":"https:\/\/casadecampoliving.com\/es\/festejando-el-ano-nuevo-en-playa-minitas\/","url_meta":{"origin":340218,"position":3},"title":"Festejando el a\u00f1o nuevo en Playa Minitas","author":"Genesis Perdomo","date":"11 Ene, 2014","format":false,"excerpt":"Para muchos, celebrar el fin de a\u00f1o en Casa de Campo es seguir la t\u00edpica linea; bote, cena y playa. Un combo el cual marca una legendaria celebraci\u00f3n con miles de visitantes alrededor de toda la Rep\u00fablica Dominicana y de otras partes del mundo que descienden en el resort de\u2026","rel":"","context":"En \u00abCasa de Campo Living @es\u00bb","block_context":{"text":"Casa de Campo Living @es","link":"https:\/\/casadecampoliving.com\/category\/casa-de-campo-living-es\/"},"img":{"alt_text":"New Years Eve Minitas Beach Casa de Campo","src":"https:\/\/i0.wp.com\/casadecampoliving.com\/wp-content\/uploads\/2022\/10\/new-years-eve_minitas_beach_casa-de-campo-1.jpg?fit=650%2C488&ssl=1&resize=350%2C200","width":350,"height":200,"srcset":"https:\/\/i0.wp.com\/casadecampoliving.com\/wp-content\/uploads\/2022\/10\/new-years-eve_minitas_beach_casa-de-campo-1.jpg?fit=650%2C488&ssl=1&resize=350%2C200 1x, https:\/\/i0.wp.com\/casadecampoliving.com\/wp-content\/uploads\/2022\/10\/new-years-eve_minitas_beach_casa-de-campo-1.jpg?fit=650%2C488&ssl=1&resize=525%2C300 1.5x"},"classes":[]},{"id":346053,"url":"https:\/\/casadecampoliving.com\/es\/casa-de-campo-anuncia-fiesta-de-ano-nuevo-en-la-playa\/","url_meta":{"origin":340218,"position":4},"title":"Casa de Campo anuncia Fiesta de A\u00f1o Nuevo en la Playa","author":"Rebecca Hughes","date":"26 Nov, 2014","format":false,"excerpt":"\u00a1Es tiempo de celebrar!\u00a0Casa de Campo acaba de anunciar su tan esperada Fiesta de Fin de A\u00f1o en la Playa Minitas, sin dudas la mejor fiesta del a\u00f1o\u2026 \u00a1as\u00ed que escoja su mejor vestuario y nos vemos all\u00ed! Con la mejor m\u00fasica de DJ WILLY, DJ OBSCENE y DJ ZEA\u2026","rel":"","context":"En \u00abCasa de Campo Living @es\u00bb","block_context":{"text":"Casa de Campo Living @es","link":"https:\/\/casadecampoliving.com\/category\/casa-de-campo-living-es\/"},"img":{"alt_text":"New Years Eve Minitas Beach","src":"https:\/\/i0.wp.com\/casadecampoliving.com\/wp-content\/uploads\/2022\/10\/new_years_eve_Minitas_Beach.jpg?fit=800%2C600&ssl=1&resize=350%2C200","width":350,"height":200,"srcset":"https:\/\/i0.wp.com\/casadecampoliving.com\/wp-content\/uploads\/2022\/10\/new_years_eve_Minitas_Beach.jpg?fit=800%2C600&ssl=1&resize=350%2C200 1x, https:\/\/i0.wp.com\/casadecampoliving.com\/wp-content\/uploads\/2022\/10\/new_years_eve_Minitas_Beach.jpg?fit=800%2C600&ssl=1&resize=525%2C300 1.5x, https:\/\/i0.wp.com\/casadecampoliving.com\/wp-content\/uploads\/2022\/10\/new_years_eve_Minitas_Beach.jpg?fit=800%2C600&ssl=1&resize=700%2C400 2x"},"classes":[]},{"id":346194,"url":"https:\/\/casadecampoliving.com\/es\/fiestas-de-ano-nuevo-en-casa-de-campo\/","url_meta":{"origin":340218,"position":5},"title":"Fiestas de A\u00f1o Nuevo en Casa de Campo","author":"Daniela Medina","date":"19 Dic, 2014","format":false,"excerpt":"\u00a1Aqu\u00ed, en Casa de Campo, las celebraciones de A\u00f1o Nuevo son grandes, extravagantes y divertidas, muy divertidas! Y a\u00f1o tras a\u00f1o Nochevieja se pone cada vez m\u00e1s grande y mejor \u2013 este a\u00f1o ya hay 3 Fiestas de A\u00f1o Nuevo planificadas en todo el complejo, as\u00ed que revise sus opciones,\u2026","rel":"","context":"En \u00abCasa de Campo Living @es\u00bb","block_context":{"text":"Casa de Campo Living @es","link":"https:\/\/casadecampoliving.com\/category\/casa-de-campo-living-es\/"},"img":{"alt_text":"","src":"https:\/\/i0.wp.com\/casadecampoliving.com\/wp-content\/uploads\/2022\/10\/new_years_eve_minitas_beach-1.jpg?fit=650%2C488&ssl=1&resize=350%2C200","width":350,"height":200,"srcset":"https:\/\/i0.wp.com\/casadecampoliving.com\/wp-content\/uploads\/2022\/10\/new_years_eve_minitas_beach-1.jpg?fit=650%2C488&ssl=1&resize=350%2C200 1x, https:\/\/i0.wp.com\/casadecampoliving.com\/wp-content\/uploads\/2022\/10\/new_years_eve_minitas_beach-1.jpg?fit=650%2C488&ssl=1&resize=525%2C300 1.5x"},"classes":[]}],"jetpack_sharing_enabled":true,"_links":{"self":[{"href":"https:\/\/casadecampoliving.com\/es\/wp-json\/wp\/v2\/posts\/340218","targetHints":{"allow":["GET"]}}],"collection":[{"href":"https:\/\/casadecampoliving.com\/es\/wp-json\/wp\/v2\/posts"}],"about":[{"href":"https:\/\/casadecampoliving.com\/es\/wp-json\/wp\/v2\/types\/post"}],"author":[{"embeddable":true,"href":"https:\/\/casadecampoliving.com\/es\/wp-json\/wp\/v2\/users\/21"}],"replies":[{"embeddable":true,"href":"https:\/\/casadecampoliving.com\/es\/wp-json\/wp\/v2\/comments?post=340218"}],"version-history":[{"count":1,"href":"https:\/\/casadecampoliving.com\/es\/wp-json\/wp\/v2\/posts\/340218\/revisions"}],"predecessor-version":[{"id":340219,"href":"https:\/\/casadecampoliving.com\/es\/wp-json\/wp\/v2\/posts\/340218\/revisions\/340219"}],"wp:featuredmedia":[{"embeddable":true,"href":"https:\/\/casadecampoliving.com\/es\/wp-json\/wp\/v2\/media\/239137"}],"wp:attachment":[{"href":"https:\/\/casadecampoliving.com\/es\/wp-json\/wp\/v2\/media?parent=340218"}],"wp:term":[{"taxonomy":"category","embeddable":true,"href":"https:\/\/casadecampoliving.com\/es\/wp-json\/wp\/v2\/categories?post=340218"},{"taxonomy":"post_tag","embeddable":true,"href":"https:\/\/casadecampoliving.com\/es\/wp-json\/wp\/v2\/tags?post=340218"},{"taxonomy":"newspack_spnsrs_tax","embeddable":true,"href":"https:\/\/casadecampoliving.com\/es\/wp-json\/wp\/v2\/newspack_spnsrs_tax?post=340218"}],"curies":[{"name":"wp","href":"https:\/\/api.w.org\/{rel}","templated":true}]}}