{"id":340132,"date":"2012-11-20T00:00:00","date_gmt":"2012-11-20T04:00:00","guid":{"rendered":"https:\/\/casadecampoliving.com\/un-coctel-con-jenny-polanco-y-mima-a-beneficio-del-hogar-del-nino\/"},"modified":"2022-11-10T10:35:16","modified_gmt":"2022-11-10T14:35:16","slug":"un-coctel-con-jenny-polanco-y-mima-a-beneficio-del-hogar-del-nino","status":"publish","type":"post","link":"https:\/\/casadecampoliving.com\/es\/un-coctel-con-jenny-polanco-y-mima-a-beneficio-del-hogar-del-nino\/","title":{"rendered":"Un c\u00f3ctel con Jenny Polanco y MIMA a beneficio del Hogar del Ni\u00f1o"},"content":{"rendered":"<img data-recalc-dims=\"1\" loading=\"lazy\" decoding=\"async\" class=\"aligncenter size-full wp-image-60850\" title=\"jenny_polanco\" src=\"https:\/\/i0.wp.com\/casadecampoliving.com\/wp-content\/uploads\/2022\/10\/jenny_polanco1-4.jpg?resize=650%2C419&#038;ssl=1\" alt=\"jenny polanco\" width=\"650\" height=\"419\" \/>En la noche del pasado s\u00e1bado 10 de noviembre de 2012, la famosa dise\u00f1adora dominicana, Jenny Polanco, invit\u00f3 a los due\u00f1os de villa de Casa de Campo a la celebraci\u00f3n de un c\u00f3ctel previo a la fiesta bailable del evento <a href=\"https:\/\/casadecampoliving.com\/es\/2012\/11\/duenos-2012-una-legendaria-celebracion-para-los-duenos-de-villa-de-casa-de-campo\/\">Due\u00f1os 2012<\/a>, en su tienda Jenny Polanco Project, ubicada en Altos de Chav\u00f3n, en donde fueron presentados, solamente por esa noche, las joyas dise\u00f1adas por una invitada especial, Marimerce Santiago.\n\n<img data-recalc-dims=\"1\" loading=\"lazy\" decoding=\"async\" class=\"alignright size-full wp-image-60852\" style=\"margin-left: 15px; margin-right: 15px;\" title=\"jenny_polanco_jewellery\" src=\"https:\/\/i0.wp.com\/casadecampoliving.com\/wp-content\/uploads\/2022\/10\/jenny_polanco_jewellery.jpg?resize=230%2C307&#038;ssl=1\" alt=\"jenny polanco jewellery\" width=\"230\" height=\"307\" \/>El recibimiento de los invitados estuvo a cargo de Jenny Polanco, acompa\u00f1ada por Marimerce Santiago, quien estuvo presentando su colecci\u00f3n \u00abMIMA\u00bb, una selecci\u00f3n de finas joyas de moda &#8211; con cada una de estas piezas mostrando dise\u00f1os \u00fanicos e inigualables, creados con piedras semi preciosas.\u00a0 Mientras los invitados realizaban sus compras y admiraban la colecci\u00f3n, no s\u00f3lo se deleitaban con las nuevas piezas, tambi\u00e9n apoyaban al Hogar del Ni\u00f1o, un centro educacional y de cuidado ubicado en La Romana, el cual recibi\u00f3 un porcentaje del total de las ganancias de la noche.\u00a0 Jenny Polanco tambi\u00e9n estuvo mostrando su trabajo con motivo del reciente lanzamiento de su colecci\u00f3n \u00abBlanco\u00bb, dise\u00f1os geom\u00e9tricos de lino que destaca la silueta de la mujer con el uso de diferentes texturas y materiales tales como el lino, algod\u00f3n y encajes.<img data-recalc-dims=\"1\" loading=\"lazy\" decoding=\"async\" class=\"aligncenter size-full wp-image-60851\" title=\"jenny_polanco\" src=\"https:\/\/i0.wp.com\/casadecampoliving.com\/wp-content\/uploads\/2022\/10\/jenny_polanco2-2.jpg?resize=650%2C446&#038;ssl=1\" alt=\"jenny polanco\" width=\"650\" height=\"446\" \/> A\u00fan cuando la colecci\u00f3n de joyas MIMA, en estos momentos no se encuentra disponible en la tienda Jenny Polanco Project en Altos de Chav\u00f3n, la tienda brilla, no s\u00f3lo con los maravillosos dise\u00f1os refrescantes y resort wear de Jenny Polanco con una variedad de shorts, vestidos y blusas, tambi\u00e9n con maravillosas y \u00fanicas carteras, joyas y otros accesorios de moda, as\u00ed como con una variedad de souvenirs dominicanos y haitianos. La siguiente colecci\u00f3n de fotos fueron tomadas durante el c\u00f3ctel inaugural el s\u00e1bado 10 de noviembre de 2012 en el Jenny Polanco Project de Altos de Chav\u00f3n:\u00a0 <strong>\n<figure class=\"wp-block-gallery has-nested-images columns-default is-cropped wp-block-gallery-1 is-layout-flex wp-block-gallery-is-layout-flex\">\n<figure class=\"wp-block-image size-large\"><img data-recalc-dims=\"1\" loading=\"lazy\" decoding=\"async\" width=\"800\" height=\"637\" data-id=\"484698\" src=\"https:\/\/i0.wp.com\/casadecampoliving.com\/wp-content\/uploads\/2022\/10\/img_4520-1.jpg?resize=800%2C637&#038;ssl=1\" alt=\"\" class=\"wp-image-484698\" srcset=\"https:\/\/i0.wp.com\/casadecampoliving.com\/wp-content\/uploads\/2022\/10\/img_4520-1.jpg?w=800&amp;ssl=1 800w, https:\/\/i0.wp.com\/casadecampoliving.com\/wp-content\/uploads\/2022\/10\/img_4520-1.jpg?resize=300%2C239&amp;ssl=1 300w, https:\/\/i0.wp.com\/casadecampoliving.com\/wp-content\/uploads\/2022\/10\/img_4520-1.jpg?resize=768%2C612&amp;ssl=1 768w, https:\/\/i0.wp.com\/casadecampoliving.com\/wp-content\/uploads\/2022\/10\/img_4520-1.jpg?resize=400%2C319&amp;ssl=1 400w, https:\/\/i0.wp.com\/casadecampoliving.com\/wp-content\/uploads\/2022\/10\/img_4520-1.jpg?resize=706%2C562&amp;ssl=1 706w, https:\/\/i0.wp.com\/casadecampoliving.com\/wp-content\/uploads\/2022\/10\/img_4520-1.jpg?resize=150%2C119&amp;ssl=1 150w, https:\/\/i0.wp.com\/casadecampoliving.com\/wp-content\/uploads\/2022\/10\/img_4520-1.jpg?w=370&amp;ssl=1 370w\" sizes=\"auto, (max-width: 800px) 100vw, 800px\" \/><\/figure>\n\n\n\n<figure class=\"wp-block-image size-large\"><img data-recalc-dims=\"1\" loading=\"lazy\" decoding=\"async\" width=\"800\" height=\"600\" data-id=\"484707\" src=\"https:\/\/i0.wp.com\/casadecampoliving.com\/wp-content\/uploads\/2022\/10\/img_4536-1.jpg?resize=800%2C600&#038;ssl=1\" alt=\"\" class=\"wp-image-484707\" srcset=\"https:\/\/i0.wp.com\/casadecampoliving.com\/wp-content\/uploads\/2022\/10\/img_4536-1.jpg?w=800&amp;ssl=1 800w, https:\/\/i0.wp.com\/casadecampoliving.com\/wp-content\/uploads\/2022\/10\/img_4536-1.jpg?resize=300%2C225&amp;ssl=1 300w, https:\/\/i0.wp.com\/casadecampoliving.com\/wp-content\/uploads\/2022\/10\/img_4536-1.jpg?resize=768%2C576&amp;ssl=1 768w, https:\/\/i0.wp.com\/casadecampoliving.com\/wp-content\/uploads\/2022\/10\/img_4536-1.jpg?resize=400%2C300&amp;ssl=1 400w, https:\/\/i0.wp.com\/casadecampoliving.com\/wp-content\/uploads\/2022\/10\/img_4536-1.jpg?resize=200%2C150&amp;ssl=1 200w, https:\/\/i0.wp.com\/casadecampoliving.com\/wp-content\/uploads\/2022\/10\/img_4536-1.jpg?resize=706%2C530&amp;ssl=1 706w, https:\/\/i0.wp.com\/casadecampoliving.com\/wp-content\/uploads\/2022\/10\/img_4536-1.jpg?resize=150%2C113&amp;ssl=1 150w, https:\/\/i0.wp.com\/casadecampoliving.com\/wp-content\/uploads\/2022\/10\/img_4536-1.jpg?w=370&amp;ssl=1 370w\" sizes=\"auto, (max-width: 800px) 100vw, 800px\" \/><\/figure>\n\n\n\n<figure class=\"wp-block-image size-large\"><img data-recalc-dims=\"1\" loading=\"lazy\" decoding=\"async\" width=\"800\" height=\"600\" data-id=\"484714\" src=\"https:\/\/i0.wp.com\/casadecampoliving.com\/wp-content\/uploads\/2022\/10\/img_4539-1.jpg?resize=800%2C600&#038;ssl=1\" alt=\"\" class=\"wp-image-484714\" srcset=\"https:\/\/i0.wp.com\/casadecampoliving.com\/wp-content\/uploads\/2022\/10\/img_4539-1.jpg?w=800&amp;ssl=1 800w, https:\/\/i0.wp.com\/casadecampoliving.com\/wp-content\/uploads\/2022\/10\/img_4539-1.jpg?resize=300%2C225&amp;ssl=1 300w, https:\/\/i0.wp.com\/casadecampoliving.com\/wp-content\/uploads\/2022\/10\/img_4539-1.jpg?resize=768%2C576&amp;ssl=1 768w, https:\/\/i0.wp.com\/casadecampoliving.com\/wp-content\/uploads\/2022\/10\/img_4539-1.jpg?resize=400%2C300&amp;ssl=1 400w, https:\/\/i0.wp.com\/casadecampoliving.com\/wp-content\/uploads\/2022\/10\/img_4539-1.jpg?resize=200%2C150&amp;ssl=1 200w, https:\/\/i0.wp.com\/casadecampoliving.com\/wp-content\/uploads\/2022\/10\/img_4539-1.jpg?resize=706%2C530&amp;ssl=1 706w, https:\/\/i0.wp.com\/casadecampoliving.com\/wp-content\/uploads\/2022\/10\/img_4539-1.jpg?resize=150%2C113&amp;ssl=1 150w, https:\/\/i0.wp.com\/casadecampoliving.com\/wp-content\/uploads\/2022\/10\/img_4539-1.jpg?w=370&amp;ssl=1 370w\" sizes=\"auto, (max-width: 800px) 100vw, 800px\" \/><\/figure>\n\n\n\n<figure class=\"wp-block-image size-large\"><img data-recalc-dims=\"1\" loading=\"lazy\" decoding=\"async\" width=\"800\" height=\"550\" data-id=\"484722\" src=\"https:\/\/i0.wp.com\/casadecampoliving.com\/wp-content\/uploads\/2022\/10\/img_4542-1.jpg?resize=800%2C550&#038;ssl=1\" alt=\"\" class=\"wp-image-484722\" srcset=\"https:\/\/i0.wp.com\/casadecampoliving.com\/wp-content\/uploads\/2022\/10\/img_4542-1.jpg?w=800&amp;ssl=1 800w, https:\/\/i0.wp.com\/casadecampoliving.com\/wp-content\/uploads\/2022\/10\/img_4542-1.jpg?resize=300%2C206&amp;ssl=1 300w, https:\/\/i0.wp.com\/casadecampoliving.com\/wp-content\/uploads\/2022\/10\/img_4542-1.jpg?resize=768%2C528&amp;ssl=1 768w, https:\/\/i0.wp.com\/casadecampoliving.com\/wp-content\/uploads\/2022\/10\/img_4542-1.jpg?resize=400%2C275&amp;ssl=1 400w, https:\/\/i0.wp.com\/casadecampoliving.com\/wp-content\/uploads\/2022\/10\/img_4542-1.jpg?resize=706%2C485&amp;ssl=1 706w, https:\/\/i0.wp.com\/casadecampoliving.com\/wp-content\/uploads\/2022\/10\/img_4542-1.jpg?resize=150%2C103&amp;ssl=1 150w, https:\/\/i0.wp.com\/casadecampoliving.com\/wp-content\/uploads\/2022\/10\/img_4542-1.jpg?w=370&amp;ssl=1 370w\" sizes=\"auto, (max-width: 800px) 100vw, 800px\" \/><\/figure>\n\n\n\n<figure class=\"wp-block-image size-large\"><img data-recalc-dims=\"1\" loading=\"lazy\" decoding=\"async\" width=\"800\" height=\"764\" data-id=\"484731\" src=\"https:\/\/i0.wp.com\/casadecampoliving.com\/wp-content\/uploads\/2022\/10\/img_4546-1.jpg?resize=800%2C764&#038;ssl=1\" alt=\"\" class=\"wp-image-484731\" srcset=\"https:\/\/i0.wp.com\/casadecampoliving.com\/wp-content\/uploads\/2022\/10\/img_4546-1.jpg?w=800&amp;ssl=1 800w, https:\/\/i0.wp.com\/casadecampoliving.com\/wp-content\/uploads\/2022\/10\/img_4546-1.jpg?resize=300%2C287&amp;ssl=1 300w, https:\/\/i0.wp.com\/casadecampoliving.com\/wp-content\/uploads\/2022\/10\/img_4546-1.jpg?resize=768%2C733&amp;ssl=1 768w, https:\/\/i0.wp.com\/casadecampoliving.com\/wp-content\/uploads\/2022\/10\/img_4546-1.jpg?resize=400%2C382&amp;ssl=1 400w, https:\/\/i0.wp.com\/casadecampoliving.com\/wp-content\/uploads\/2022\/10\/img_4546-1.jpg?resize=706%2C674&amp;ssl=1 706w, https:\/\/i0.wp.com\/casadecampoliving.com\/wp-content\/uploads\/2022\/10\/img_4546-1.jpg?resize=150%2C143&amp;ssl=1 150w, https:\/\/i0.wp.com\/casadecampoliving.com\/wp-content\/uploads\/2022\/10\/img_4546-1.jpg?w=370&amp;ssl=1 370w\" sizes=\"auto, (max-width: 800px) 100vw, 800px\" \/><\/figure>\n<\/figure>\n<\/strong>\n\n<strong>Jenny Polanco Project: donde la moda se encuentra con el arte tradicional<\/strong> <img data-recalc-dims=\"1\" loading=\"lazy\" decoding=\"async\" class=\"aligncenter size-full wp-image-55751\" title=\"jenny_polanco\" src=\"https:\/\/i0.wp.com\/casadecampoliving.com\/wp-content\/uploads\/2022\/10\/jenny_polanco3.jpg?resize=620%2C465&#038;ssl=1\" alt=\"jenny polanco\" width=\"620\" height=\"465\" \/>En la tienda Jenny Polanco Project en Altos de Chav\u00f3n, encontrar\u00e1 todo desde los dise\u00f1os cl\u00e1sicos de Jenny Polanco, las joyas y carteras hasta los trajes de ba\u00f1o y bolsas de playa. A los mejores dise\u00f1os caribe\u00f1os de Jenny Polanco, se suman la asombrosa artesan\u00eda dominicana y haitiana; m\u00e1scaras de carnaval, vasijas, canastas, decoraciones de mesa en madera y mucho m\u00e1s &#8211; haciendo de Jenny Polanco project la mejor tienda para la compra de genuinos souvenirs y regalos.\n<p style=\"padding-left: 30px;\"><em><strong>\u201cProject es un espacio de arte dise\u00f1ado para apoyar la artesan\u00eda del Caribe, con el fin de promover los dise\u00f1os hechos a mano por los artesanos de nuestros pa\u00edses\u00bb.<\/strong><\/em><\/p>\n<p style=\"padding-left: 30px;\">\u2014 Jenny Polanco, dise\u00f1adora dominicana<\/p>\nJunto a los dise\u00f1os y artesan\u00eda tradicional, Jenny Polanco se enorgullece en presentar, tambi\u00e9n, sus propios dise\u00f1os de moda; vestidos tropicales blancos hechos en lino, blusas con detalles realizados en ambar, perfectos para el clima del Caribe, as\u00ed como carteras de moda y joyas. <strong><\/strong>\n\n<strong>Jenny Polanco Project<\/strong>\n\nCasa del Rio, Altos de Chav\u00f3n\nOpen daily: 9am &#8211; 6pm\nTel: 809-925-1899\n<blockquote><img data-recalc-dims=\"1\" loading=\"lazy\" decoding=\"async\" class=\"alignright size-full wp-image-54277\" style=\"margin-left: 15px; margin-right: 15px;\" title=\"jenny_polanco\" src=\"https:\/\/i0.wp.com\/casadecampoliving.com\/wp-content\/uploads\/2022\/10\/jenny_polanco8.jpg?resize=200%2C320&#038;ssl=1\" alt=\"jenny polanco\" width=\"200\" height=\"320\" \/><strong><a href=\"http:\/\/wp.me\/P1kvEy-e7K\">Sobre Jenny Polanco<\/a><\/strong><\/blockquote>\n<blockquote>Jenny Polanco es una dise\u00f1adora dominicana con m\u00e1s de 30 a\u00f1os de experiencia en la Rep\u00fablica Dominicana, Puerto Rico, Paris y Nueva York. Sus dise\u00f1os \u00abPret a Porter\u00bb (listos para usar) son destacados por ser sofisticados, sencillos, cl\u00e1sicos y f\u00e1ciles de usar &#8211; adornados con t\u00edpicos toques dominicanos, como botones de ambar, larimar, perlas y corales.<\/blockquote>\n<blockquote>Puede realizar sus compras en Jenny Polanco en las tiendas de Casa de Campo, ubicadas en la Marina y Altos de Chav\u00f3n, as\u00ed como en Santo Domingo, en Blue Mall, Casa Virginia, Bella Vista Mall y en la Zona Colonial.<\/blockquote>\n<blockquote><em><strong><a href=\"http:\/\/wp.me\/P1kvEy-e7K\">Haga click aqu\u00ed para leer m\u00e1s sobre Jenny Polanco y sus dise\u00f1os.<\/a><\/strong><\/em><\/blockquote>","protected":false},"excerpt":{"rendered":"<p>En la noche del pasado s\u00e1bado 10 de noviembre de 2012, la famosa dise\u00f1adora dominicana, Jenny Polanco, invit\u00f3 a los due\u00f1os de villa de Casa de Campo a la celebraci\u00f3n de un c\u00f3ctel previo a la fiesta bailable del evento Due\u00f1os 2012, en su tienda Jenny Polanco Project, ubicada en Altos de Chav\u00f3n, en donde [&hellip;]<\/p>\n","protected":false},"author":21,"featured_media":235141,"comment_status":"closed","ping_status":"closed","sticky":false,"template":"","format":"standard","meta":{"newspack_ads_suppress_ads":false,"newspack_popups_has_disabled_popups":false,"newspack_sponsor_sponsorship_scope":"","newspack_sponsor_native_byline_display":"inherit","newspack_sponsor_native_category_display":"inherit","newspack_sponsor_underwriter_style":"inherit","newspack_sponsor_underwriter_placement":"inherit","_newspack_byline_active":false,"_newspack_byline":"","newspack_hide_updated_date":false,"newspack_show_updated_date":false,"newspack_content_restriction_is_exempt":false,"newspack_featured_image_position":"","newspack_post_subtitle":"","newspack_article_summary_title":"Overview:","newspack_article_summary":"","_jetpack_memberships_contains_paid_content":false,"footnotes":"","jetpack_publicize_message":"","jetpack_publicize_feature_enabled":true,"jetpack_social_post_already_shared":false,"jetpack_social_options":{"image_generator_settings":{"template":"highway","default_image_id":0,"font":"","enabled":false},"version":2},"_wpas_customize_per_network":false},"categories":[26819,26823,2522,2526,2516,14631,14625,2514,14627],"tags":[3575,15387,5609,4507,14876,4903,1614],"newspack_spnsrs_tax":[],"class_list":["post-340132","post","type-post","status-publish","format-standard","has-post-thumbnail","hentry","category-altos-de-chavon-es","category-arte-y-cultura","category-eventos-es","category-titulares-es","category-hogar-del-nino-es","category-estilo-de-vida","category-noticias-locales","category-fundaciones-es","category-proximamente","tag-altos-de-chavon-es-2","tag-altos-de-chavon-es","tag-diseno-de-moda","tag-duenos-2012","tag-hogar-del-nino-es","tag-jenny-polanco-es","tag-jenny-polanco-project","entry"],"yoast_head":"<!-- This site is optimized with the Yoast SEO plugin v27.5 - https:\/\/yoast.com\/product\/yoast-seo-wordpress\/ -->\n<title>Un c\u00f3ctel con Jenny Polanco y MIMA a beneficio del Hogar del Ni\u00f1o | Casa de Campo Living<\/title>\n<meta name=\"description\" content=\"En la noche del pasado s\u00e1bado 10 de noviembre de 2012, la famosa dise\u00f1adora dominicana, Jenny Polanco, invit\u00f3 a los due\u00f1os de villa de Casa de Campo a la\" \/>\n<meta name=\"robots\" content=\"index, follow, max-snippet:-1, max-image-preview:large, max-video-preview:-1\" \/>\n<link rel=\"canonical\" href=\"https:\/\/casadecampoliving.com\/es\/un-coctel-con-jenny-polanco-y-mima-a-beneficio-del-hogar-del-nino\/\" \/>\n<meta property=\"og:locale\" content=\"es_ES\" \/>\n<meta property=\"og:type\" content=\"article\" \/>\n<meta property=\"og:title\" content=\"Un c\u00f3ctel con Jenny Polanco y MIMA a beneficio del Hogar del Ni\u00f1o | Casa de Campo Living\" \/>\n<meta property=\"og:description\" content=\"En la noche del pasado s\u00e1bado 10 de noviembre de 2012, la famosa dise\u00f1adora dominicana, Jenny Polanco, invit\u00f3 a los due\u00f1os de villa de Casa de Campo a la\" \/>\n<meta property=\"og:url\" content=\"https:\/\/casadecampoliving.com\/es\/un-coctel-con-jenny-polanco-y-mima-a-beneficio-del-hogar-del-nino\/\" \/>\n<meta property=\"og:site_name\" content=\"Casa de Campo Living\" \/>\n<meta property=\"article:publisher\" content=\"https:\/\/www.facebook.com\/casadecampoliving\" \/>\n<meta property=\"article:published_time\" content=\"2012-11-20T04:00:00+00:00\" \/>\n<meta property=\"article:modified_time\" content=\"2022-11-10T14:35:16+00:00\" \/>\n<meta property=\"og:image\" content=\"https:\/\/i0.wp.com\/casadecampoliving.com\/wp-content\/uploads\/2022\/10\/jenny_polanco1-5.jpg?fit=650%2C419&ssl=1\" \/>\n\t<meta property=\"og:image:width\" content=\"650\" \/>\n\t<meta property=\"og:image:height\" content=\"419\" \/>\n\t<meta property=\"og:image:type\" content=\"image\/jpeg\" \/>\n<meta name=\"twitter:card\" content=\"summary_large_image\" \/>\n<meta name=\"twitter:creator\" content=\"@cdcliving\" \/>\n<meta name=\"twitter:site\" content=\"@cdcliving\" \/>\n<meta name=\"twitter:label1\" content=\"Escrito por\" \/>\n\t<meta name=\"twitter:data1\" content=\"\" \/>\n\t<meta name=\"twitter:label2\" content=\"Tiempo de lectura\" \/>\n\t<meta name=\"twitter:data2\" content=\"3 minutos\" \/>\n<script type=\"application\/ld+json\" class=\"yoast-schema-graph\">{\"@context\":\"https:\\\/\\\/schema.org\",\"@graph\":[{\"@type\":\"Article\",\"@id\":\"https:\\\/\\\/casadecampoliving.com\\\/es\\\/un-coctel-con-jenny-polanco-y-mima-a-beneficio-del-hogar-del-nino\\\/#article\",\"isPartOf\":{\"@id\":\"https:\\\/\\\/casadecampoliving.com\\\/es\\\/un-coctel-con-jenny-polanco-y-mima-a-beneficio-del-hogar-del-nino\\\/\"},\"author\":{\"name\":\"\",\"@id\":\"https:\\\/\\\/casadecampoliving.com\\\/es\\\/#\\\/schema\\\/person\\\/7e3b975d584a5f6ac0fd7128a81b0bc5\"},\"headline\":\"Un c\u00f3ctel con Jenny Polanco y MIMA a beneficio del Hogar del Ni\u00f1o\",\"datePublished\":\"2012-11-20T04:00:00+00:00\",\"dateModified\":\"2022-11-10T14:35:16+00:00\",\"mainEntityOfPage\":{\"@id\":\"https:\\\/\\\/casadecampoliving.com\\\/es\\\/un-coctel-con-jenny-polanco-y-mima-a-beneficio-del-hogar-del-nino\\\/\"},\"wordCount\":666,\"publisher\":{\"@id\":\"https:\\\/\\\/casadecampoliving.com\\\/es\\\/#organization\"},\"image\":{\"@id\":\"https:\\\/\\\/casadecampoliving.com\\\/es\\\/un-coctel-con-jenny-polanco-y-mima-a-beneficio-del-hogar-del-nino\\\/#primaryimage\"},\"thumbnailUrl\":\"https:\\\/\\\/i0.wp.com\\\/casadecampoliving.com\\\/wp-content\\\/uploads\\\/2022\\\/10\\\/jenny_polanco1-5.jpg?fit=650%2C419&ssl=1\",\"keywords\":[\"Altos de Chavon -es\",\"Altos de Chavon\",\"diseno de moda\",\"duenos 2012\",\"hogar del nino\",\"jenny polanco @es\",\"jenny polanco project\"],\"articleSection\":[\"Altos de Chavon @es\",\"Arte y cultura\",\"Eventos\",\"Titulares\",\"Hogar del Ni\u00f1o @es\",\"Estilo de Vida\",\"Noticias Locales\",\"Fundaciones\",\"Proximamente\"],\"inLanguage\":\"es\"},{\"@type\":\"WebPage\",\"@id\":\"https:\\\/\\\/casadecampoliving.com\\\/es\\\/un-coctel-con-jenny-polanco-y-mima-a-beneficio-del-hogar-del-nino\\\/\",\"url\":\"https:\\\/\\\/casadecampoliving.com\\\/es\\\/un-coctel-con-jenny-polanco-y-mima-a-beneficio-del-hogar-del-nino\\\/\",\"name\":\"Un c\u00f3ctel con Jenny Polanco y MIMA a beneficio del Hogar del Ni\u00f1o | Casa de Campo Living\",\"isPartOf\":{\"@id\":\"https:\\\/\\\/casadecampoliving.com\\\/es\\\/#website\"},\"primaryImageOfPage\":{\"@id\":\"https:\\\/\\\/casadecampoliving.com\\\/es\\\/un-coctel-con-jenny-polanco-y-mima-a-beneficio-del-hogar-del-nino\\\/#primaryimage\"},\"image\":{\"@id\":\"https:\\\/\\\/casadecampoliving.com\\\/es\\\/un-coctel-con-jenny-polanco-y-mima-a-beneficio-del-hogar-del-nino\\\/#primaryimage\"},\"thumbnailUrl\":\"https:\\\/\\\/i0.wp.com\\\/casadecampoliving.com\\\/wp-content\\\/uploads\\\/2022\\\/10\\\/jenny_polanco1-5.jpg?fit=650%2C419&ssl=1\",\"datePublished\":\"2012-11-20T04:00:00+00:00\",\"dateModified\":\"2022-11-10T14:35:16+00:00\",\"description\":\"En la noche del pasado s\u00e1bado 10 de noviembre de 2012, la famosa dise\u00f1adora dominicana, Jenny Polanco, invit\u00f3 a los due\u00f1os de villa de Casa de Campo a la\",\"breadcrumb\":{\"@id\":\"https:\\\/\\\/casadecampoliving.com\\\/es\\\/un-coctel-con-jenny-polanco-y-mima-a-beneficio-del-hogar-del-nino\\\/#breadcrumb\"},\"inLanguage\":\"es\",\"potentialAction\":[{\"@type\":\"ReadAction\",\"target\":[\"https:\\\/\\\/casadecampoliving.com\\\/es\\\/un-coctel-con-jenny-polanco-y-mima-a-beneficio-del-hogar-del-nino\\\/\"]}]},{\"@type\":\"ImageObject\",\"inLanguage\":\"es\",\"@id\":\"https:\\\/\\\/casadecampoliving.com\\\/es\\\/un-coctel-con-jenny-polanco-y-mima-a-beneficio-del-hogar-del-nino\\\/#primaryimage\",\"url\":\"https:\\\/\\\/i0.wp.com\\\/casadecampoliving.com\\\/wp-content\\\/uploads\\\/2022\\\/10\\\/jenny_polanco1-5.jpg?fit=650%2C419&ssl=1\",\"contentUrl\":\"https:\\\/\\\/i0.wp.com\\\/casadecampoliving.com\\\/wp-content\\\/uploads\\\/2022\\\/10\\\/jenny_polanco1-5.jpg?fit=650%2C419&ssl=1\",\"width\":650,\"height\":419,\"caption\":\"jenny polanco\"},{\"@type\":\"BreadcrumbList\",\"@id\":\"https:\\\/\\\/casadecampoliving.com\\\/es\\\/un-coctel-con-jenny-polanco-y-mima-a-beneficio-del-hogar-del-nino\\\/#breadcrumb\",\"itemListElement\":[{\"@type\":\"ListItem\",\"position\":1,\"name\":\"Home\",\"item\":\"https:\\\/\\\/casadecampoliving.com\\\/es\\\/\"},{\"@type\":\"ListItem\",\"position\":2,\"name\":\"Un c\u00f3ctel con Jenny Polanco y MIMA a beneficio del Hogar del Ni\u00f1o\"}]},{\"@type\":\"WebSite\",\"@id\":\"https:\\\/\\\/casadecampoliving.com\\\/es\\\/#website\",\"url\":\"https:\\\/\\\/casadecampoliving.com\\\/es\\\/\",\"name\":\"Casa de Campo Living\",\"description\":\"Resort community news and resources.\",\"publisher\":{\"@id\":\"https:\\\/\\\/casadecampoliving.com\\\/es\\\/#organization\"},\"potentialAction\":[{\"@type\":\"SearchAction\",\"target\":{\"@type\":\"EntryPoint\",\"urlTemplate\":\"https:\\\/\\\/casadecampoliving.com\\\/es\\\/?s={search_term_string}\"},\"query-input\":{\"@type\":\"PropertyValueSpecification\",\"valueRequired\":true,\"valueName\":\"search_term_string\"}}],\"inLanguage\":\"es\"},{\"@type\":\"Organization\",\"@id\":\"https:\\\/\\\/casadecampoliving.com\\\/es\\\/#organization\",\"name\":\"Casa de Campo Living\",\"url\":\"https:\\\/\\\/casadecampoliving.com\\\/es\\\/\",\"logo\":{\"@type\":\"ImageObject\",\"inLanguage\":\"es\",\"@id\":\"https:\\\/\\\/casadecampoliving.com\\\/es\\\/#\\\/schema\\\/logo\\\/image\\\/\",\"url\":\"https:\\\/\\\/i0.wp.com\\\/casadecampoliving.com\\\/wp-content\\\/uploads\\\/2022\\\/07\\\/CDCLivingLogo_V1-white-sized.png?fit=800%2C214&ssl=1\",\"contentUrl\":\"https:\\\/\\\/i0.wp.com\\\/casadecampoliving.com\\\/wp-content\\\/uploads\\\/2022\\\/07\\\/CDCLivingLogo_V1-white-sized.png?fit=800%2C214&ssl=1\",\"width\":800,\"height\":214,\"caption\":\"Casa de Campo Living\"},\"image\":{\"@id\":\"https:\\\/\\\/casadecampoliving.com\\\/es\\\/#\\\/schema\\\/logo\\\/image\\\/\"},\"sameAs\":[\"https:\\\/\\\/www.facebook.com\\\/casadecampoliving\",\"https:\\\/\\\/x.com\\\/cdcliving\"]},{\"@type\":\"Person\",\"@id\":\"https:\\\/\\\/casadecampoliving.com\\\/es\\\/#\\\/schema\\\/person\\\/7e3b975d584a5f6ac0fd7128a81b0bc5\",\"name\":\"\",\"image\":{\"@type\":\"ImageObject\",\"inLanguage\":\"es\",\"@id\":\"https:\\\/\\\/secure.gravatar.com\\\/avatar\\\/?s=96&d=mm&r=g\",\"url\":\"https:\\\/\\\/secure.gravatar.com\\\/avatar\\\/?s=96&d=mm&r=g\",\"contentUrl\":\"https:\\\/\\\/secure.gravatar.com\\\/avatar\\\/?s=96&d=mm&r=g\"},\"url\":\"https:\\\/\\\/casadecampoliving.com\\\/es\\\/author\\\/ \\\/\"}]}<\/script>\n<!-- \/ Yoast SEO plugin. -->","yoast_head_json":{"title":"Un c\u00f3ctel con Jenny Polanco y MIMA a beneficio del Hogar del Ni\u00f1o | Casa de Campo Living","description":"En la noche del pasado s\u00e1bado 10 de noviembre de 2012, la famosa dise\u00f1adora dominicana, Jenny Polanco, invit\u00f3 a los due\u00f1os de villa de Casa de Campo a la","robots":{"index":"index","follow":"follow","max-snippet":"max-snippet:-1","max-image-preview":"max-image-preview:large","max-video-preview":"max-video-preview:-1"},"canonical":"https:\/\/casadecampoliving.com\/es\/un-coctel-con-jenny-polanco-y-mima-a-beneficio-del-hogar-del-nino\/","og_locale":"es_ES","og_type":"article","og_title":"Un c\u00f3ctel con Jenny Polanco y MIMA a beneficio del Hogar del Ni\u00f1o | Casa de Campo Living","og_description":"En la noche del pasado s\u00e1bado 10 de noviembre de 2012, la famosa dise\u00f1adora dominicana, Jenny Polanco, invit\u00f3 a los due\u00f1os de villa de Casa de Campo a la","og_url":"https:\/\/casadecampoliving.com\/es\/un-coctel-con-jenny-polanco-y-mima-a-beneficio-del-hogar-del-nino\/","og_site_name":"Casa de Campo Living","article_publisher":"https:\/\/www.facebook.com\/casadecampoliving","article_published_time":"2012-11-20T04:00:00+00:00","article_modified_time":"2022-11-10T14:35:16+00:00","og_image":[{"width":650,"height":419,"url":"https:\/\/i0.wp.com\/casadecampoliving.com\/wp-content\/uploads\/2022\/10\/jenny_polanco1-5.jpg?fit=650%2C419&ssl=1","type":"image\/jpeg"}],"twitter_card":"summary_large_image","twitter_creator":"@cdcliving","twitter_site":"@cdcliving","twitter_misc":{"Escrito por":"","Tiempo de lectura":"3 minutos"},"schema":{"@context":"https:\/\/schema.org","@graph":[{"@type":"Article","@id":"https:\/\/casadecampoliving.com\/es\/un-coctel-con-jenny-polanco-y-mima-a-beneficio-del-hogar-del-nino\/#article","isPartOf":{"@id":"https:\/\/casadecampoliving.com\/es\/un-coctel-con-jenny-polanco-y-mima-a-beneficio-del-hogar-del-nino\/"},"author":{"name":"","@id":"https:\/\/casadecampoliving.com\/es\/#\/schema\/person\/7e3b975d584a5f6ac0fd7128a81b0bc5"},"headline":"Un c\u00f3ctel con Jenny Polanco y MIMA a beneficio del Hogar del Ni\u00f1o","datePublished":"2012-11-20T04:00:00+00:00","dateModified":"2022-11-10T14:35:16+00:00","mainEntityOfPage":{"@id":"https:\/\/casadecampoliving.com\/es\/un-coctel-con-jenny-polanco-y-mima-a-beneficio-del-hogar-del-nino\/"},"wordCount":666,"publisher":{"@id":"https:\/\/casadecampoliving.com\/es\/#organization"},"image":{"@id":"https:\/\/casadecampoliving.com\/es\/un-coctel-con-jenny-polanco-y-mima-a-beneficio-del-hogar-del-nino\/#primaryimage"},"thumbnailUrl":"https:\/\/i0.wp.com\/casadecampoliving.com\/wp-content\/uploads\/2022\/10\/jenny_polanco1-5.jpg?fit=650%2C419&ssl=1","keywords":["Altos de Chavon -es","Altos de Chavon","diseno de moda","duenos 2012","hogar del nino","jenny polanco @es","jenny polanco project"],"articleSection":["Altos de Chavon @es","Arte y cultura","Eventos","Titulares","Hogar del Ni\u00f1o @es","Estilo de Vida","Noticias Locales","Fundaciones","Proximamente"],"inLanguage":"es"},{"@type":"WebPage","@id":"https:\/\/casadecampoliving.com\/es\/un-coctel-con-jenny-polanco-y-mima-a-beneficio-del-hogar-del-nino\/","url":"https:\/\/casadecampoliving.com\/es\/un-coctel-con-jenny-polanco-y-mima-a-beneficio-del-hogar-del-nino\/","name":"Un c\u00f3ctel con Jenny Polanco y MIMA a beneficio del Hogar del Ni\u00f1o | Casa de Campo Living","isPartOf":{"@id":"https:\/\/casadecampoliving.com\/es\/#website"},"primaryImageOfPage":{"@id":"https:\/\/casadecampoliving.com\/es\/un-coctel-con-jenny-polanco-y-mima-a-beneficio-del-hogar-del-nino\/#primaryimage"},"image":{"@id":"https:\/\/casadecampoliving.com\/es\/un-coctel-con-jenny-polanco-y-mima-a-beneficio-del-hogar-del-nino\/#primaryimage"},"thumbnailUrl":"https:\/\/i0.wp.com\/casadecampoliving.com\/wp-content\/uploads\/2022\/10\/jenny_polanco1-5.jpg?fit=650%2C419&ssl=1","datePublished":"2012-11-20T04:00:00+00:00","dateModified":"2022-11-10T14:35:16+00:00","description":"En la noche del pasado s\u00e1bado 10 de noviembre de 2012, la famosa dise\u00f1adora dominicana, Jenny Polanco, invit\u00f3 a los due\u00f1os de villa de Casa de Campo a la","breadcrumb":{"@id":"https:\/\/casadecampoliving.com\/es\/un-coctel-con-jenny-polanco-y-mima-a-beneficio-del-hogar-del-nino\/#breadcrumb"},"inLanguage":"es","potentialAction":[{"@type":"ReadAction","target":["https:\/\/casadecampoliving.com\/es\/un-coctel-con-jenny-polanco-y-mima-a-beneficio-del-hogar-del-nino\/"]}]},{"@type":"ImageObject","inLanguage":"es","@id":"https:\/\/casadecampoliving.com\/es\/un-coctel-con-jenny-polanco-y-mima-a-beneficio-del-hogar-del-nino\/#primaryimage","url":"https:\/\/i0.wp.com\/casadecampoliving.com\/wp-content\/uploads\/2022\/10\/jenny_polanco1-5.jpg?fit=650%2C419&ssl=1","contentUrl":"https:\/\/i0.wp.com\/casadecampoliving.com\/wp-content\/uploads\/2022\/10\/jenny_polanco1-5.jpg?fit=650%2C419&ssl=1","width":650,"height":419,"caption":"jenny polanco"},{"@type":"BreadcrumbList","@id":"https:\/\/casadecampoliving.com\/es\/un-coctel-con-jenny-polanco-y-mima-a-beneficio-del-hogar-del-nino\/#breadcrumb","itemListElement":[{"@type":"ListItem","position":1,"name":"Home","item":"https:\/\/casadecampoliving.com\/es\/"},{"@type":"ListItem","position":2,"name":"Un c\u00f3ctel con Jenny Polanco y MIMA a beneficio del Hogar del Ni\u00f1o"}]},{"@type":"WebSite","@id":"https:\/\/casadecampoliving.com\/es\/#website","url":"https:\/\/casadecampoliving.com\/es\/","name":"Casa de Campo Living","description":"Resort community news and resources.","publisher":{"@id":"https:\/\/casadecampoliving.com\/es\/#organization"},"potentialAction":[{"@type":"SearchAction","target":{"@type":"EntryPoint","urlTemplate":"https:\/\/casadecampoliving.com\/es\/?s={search_term_string}"},"query-input":{"@type":"PropertyValueSpecification","valueRequired":true,"valueName":"search_term_string"}}],"inLanguage":"es"},{"@type":"Organization","@id":"https:\/\/casadecampoliving.com\/es\/#organization","name":"Casa de Campo Living","url":"https:\/\/casadecampoliving.com\/es\/","logo":{"@type":"ImageObject","inLanguage":"es","@id":"https:\/\/casadecampoliving.com\/es\/#\/schema\/logo\/image\/","url":"https:\/\/i0.wp.com\/casadecampoliving.com\/wp-content\/uploads\/2022\/07\/CDCLivingLogo_V1-white-sized.png?fit=800%2C214&ssl=1","contentUrl":"https:\/\/i0.wp.com\/casadecampoliving.com\/wp-content\/uploads\/2022\/07\/CDCLivingLogo_V1-white-sized.png?fit=800%2C214&ssl=1","width":800,"height":214,"caption":"Casa de Campo Living"},"image":{"@id":"https:\/\/casadecampoliving.com\/es\/#\/schema\/logo\/image\/"},"sameAs":["https:\/\/www.facebook.com\/casadecampoliving","https:\/\/x.com\/cdcliving"]},{"@type":"Person","@id":"https:\/\/casadecampoliving.com\/es\/#\/schema\/person\/7e3b975d584a5f6ac0fd7128a81b0bc5","name":"","image":{"@type":"ImageObject","inLanguage":"es","@id":"https:\/\/secure.gravatar.com\/avatar\/?s=96&d=mm&r=g","url":"https:\/\/secure.gravatar.com\/avatar\/?s=96&d=mm&r=g","contentUrl":"https:\/\/secure.gravatar.com\/avatar\/?s=96&d=mm&r=g"},"url":"https:\/\/casadecampoliving.com\/es\/author\/ \/"}]}},"parsely":{"version":"1.1.0","canonical_url":"https:\/\/casadecampoliving.com\/es\/un-coctel-con-jenny-polanco-y-mima-a-beneficio-del-hogar-del-nino\/","smart_links":{"inbound":0,"outbound":0},"traffic_boost_suggestions_count":0,"meta":{"@context":"https:\/\/schema.org","@type":"NewsArticle","headline":"Un c\u00f3ctel con Jenny Polanco y MIMA a beneficio del Hogar del Ni\u00f1o","url":"http:\/\/casadecampoliving.com\/es\/un-coctel-con-jenny-polanco-y-mima-a-beneficio-del-hogar-del-nino\/","mainEntityOfPage":{"@type":"WebPage","@id":"http:\/\/casadecampoliving.com\/es\/un-coctel-con-jenny-polanco-y-mima-a-beneficio-del-hogar-del-nino\/"},"thumbnailUrl":"https:\/\/i0.wp.com\/casadecampoliving.com\/wp-content\/uploads\/2022\/10\/jenny_polanco1-5.jpg?resize=150%2C150&ssl=1","image":{"@type":"ImageObject","url":"https:\/\/i0.wp.com\/casadecampoliving.com\/wp-content\/uploads\/2022\/10\/jenny_polanco1-5.jpg?fit=650%2C419&ssl=1"},"articleSection":"Altos de Chavon @es","author":[{"@type":"Person","name":"FB_515917546"}],"creator":["FB_515917546"],"publisher":{"@type":"Organization","name":"Casa de Campo Living","logo":"https:\/\/casadecampoliving.com\/wp-content\/uploads\/2022\/07\/CDCLivingLogo_V1-white-sized.png"},"keywords":["altos de chavon -es","altos de chavon","diseno de moda","duenos 2012","hogar del nino","jenny polanco @es","jenny polanco project"],"dateCreated":"2012-11-20T04:00:00Z","datePublished":"2012-11-20T04:00:00Z","dateModified":"2022-11-10T14:35:16Z"},"rendered":"<script type=\"application\/ld+json\" class=\"wp-parsely-metadata\">{\"@context\":\"https:\\\/\\\/schema.org\",\"@type\":\"NewsArticle\",\"headline\":\"Un c\\u00f3ctel con Jenny Polanco y MIMA a beneficio del Hogar del Ni\\u00f1o\",\"url\":\"http:\\\/\\\/casadecampoliving.com\\\/es\\\/un-coctel-con-jenny-polanco-y-mima-a-beneficio-del-hogar-del-nino\\\/\",\"mainEntityOfPage\":{\"@type\":\"WebPage\",\"@id\":\"http:\\\/\\\/casadecampoliving.com\\\/es\\\/un-coctel-con-jenny-polanco-y-mima-a-beneficio-del-hogar-del-nino\\\/\"},\"thumbnailUrl\":\"https:\\\/\\\/i0.wp.com\\\/casadecampoliving.com\\\/wp-content\\\/uploads\\\/2022\\\/10\\\/jenny_polanco1-5.jpg?resize=150%2C150&ssl=1\",\"image\":{\"@type\":\"ImageObject\",\"url\":\"https:\\\/\\\/i0.wp.com\\\/casadecampoliving.com\\\/wp-content\\\/uploads\\\/2022\\\/10\\\/jenny_polanco1-5.jpg?fit=650%2C419&ssl=1\"},\"articleSection\":\"Altos de Chavon @es\",\"author\":[{\"@type\":\"Person\",\"name\":\"FB_515917546\"}],\"creator\":[\"FB_515917546\"],\"publisher\":{\"@type\":\"Organization\",\"name\":\"Casa de Campo Living\",\"logo\":\"https:\\\/\\\/casadecampoliving.com\\\/wp-content\\\/uploads\\\/2022\\\/07\\\/CDCLivingLogo_V1-white-sized.png\"},\"keywords\":[\"altos de chavon -es\",\"altos de chavon\",\"diseno de moda\",\"duenos 2012\",\"hogar del nino\",\"jenny polanco @es\",\"jenny polanco project\"],\"dateCreated\":\"2012-11-20T04:00:00Z\",\"datePublished\":\"2012-11-20T04:00:00Z\",\"dateModified\":\"2022-11-10T14:35:16Z\"}<\/script>","tracker_url":"https:\/\/cdn.parsely.com\/keys\/casadecampoliving.com\/p.js"},"jetpack_publicize_connections":[],"jetpack_featured_media_url":"https:\/\/i0.wp.com\/casadecampoliving.com\/wp-content\/uploads\/2022\/10\/jenny_polanco1-5.jpg?fit=650%2C419&ssl=1","jetpack-related-posts":[{"id":339061,"url":"https:\/\/casadecampoliving.com\/es\/un-coctel-para-celebrar-la-apertura-de-la-nueva-tienda-de-jenny-polanco-en-altos-de-chavon\/","url_meta":{"origin":340132,"position":0},"title":"\u00a1Un c\u00f3ctel para celebrar la apertura de la nueva tienda de Jenny Polanco en Altos de Chav\u00f3n!","author":"","date":"23 May, 2012","format":false,"excerpt":"Este viernes 25 de mayo, Jenny Polanco, la ex reina de belleza, famosa dise\u00f1adora dominicana y popular miembro de la comunidad de Casa de Campo, invita a los residentes, visitantes y due\u00f1os de villa de Casa de Campo a unirse a la celebraci\u00f3n de la inauguraci\u00f3n de su nueva tienda\u2026","rel":"","context":"En \u00abAltos de Chavon @es\u00bb","block_context":{"text":"Altos de Chavon @es","link":"https:\/\/casadecampoliving.com\/category\/altos-de-chavon-es\/"},"img":{"alt_text":"jenny polanco","src":"https:\/\/i0.wp.com\/casadecampoliving.com\/wp-content\/uploads\/2022\/10\/JENNYPOLANCO_CASADELRIO_1_350_7801-1.jpg?fit=780%2C350&ssl=1&resize=350%2C200","width":350,"height":200,"srcset":"https:\/\/i0.wp.com\/casadecampoliving.com\/wp-content\/uploads\/2022\/10\/JENNYPOLANCO_CASADELRIO_1_350_7801-1.jpg?fit=780%2C350&ssl=1&resize=350%2C200 1x, https:\/\/i0.wp.com\/casadecampoliving.com\/wp-content\/uploads\/2022\/10\/JENNYPOLANCO_CASADELRIO_1_350_7801-1.jpg?fit=780%2C350&ssl=1&resize=525%2C300 1.5x, https:\/\/i0.wp.com\/casadecampoliving.com\/wp-content\/uploads\/2022\/10\/JENNYPOLANCO_CASADELRIO_1_350_7801-1.jpg?fit=780%2C350&ssl=1&resize=700%2C400 2x"},"classes":[]},{"id":339095,"url":"https:\/\/casadecampoliving.com\/es\/con-artesania-lamparas-recicladas-y-moda-se-inaugura-la-tienda-de-jenny-polanco-a-beneficio-del-hogar-del-nino\/","url_meta":{"origin":340132,"position":1},"title":"Con artesan\u00eda, l\u00e1mparas recicladas y moda se inaugura la tienda de Jenny Polanco a beneficio del Hogar del Ni\u00f1o","author":"","date":"31 May, 2012","format":false,"excerpt":"El pasado viernes 25 de mayo de 2012, Jenny Polanco celebr\u00f3 la apertura de su nueva tienda \"Jenny Polanco Project\", en Altos de Chav\u00f3n, con un c\u00f3ctel a beneficio del Hogar del Ni\u00f1o que incluy\u00f3 incre\u00edbles l\u00e1mparas hechas en material reciclable por Malele Strofer, los dise\u00f1os de Jenny Polanco y\u2026","rel":"","context":"En \u00abAltos de Chavon @es\u00bb","block_context":{"text":"Altos de Chavon @es","link":"https:\/\/casadecampoliving.com\/category\/altos-de-chavon-es\/"},"img":{"alt_text":"jenny polanco","src":"https:\/\/i0.wp.com\/casadecampoliving.com\/wp-content\/uploads\/2022\/10\/jenny_polanco1-8.jpg?fit=650%2C420&ssl=1&resize=350%2C200","width":350,"height":200,"srcset":"https:\/\/i0.wp.com\/casadecampoliving.com\/wp-content\/uploads\/2022\/10\/jenny_polanco1-8.jpg?fit=650%2C420&ssl=1&resize=350%2C200 1x, https:\/\/i0.wp.com\/casadecampoliving.com\/wp-content\/uploads\/2022\/10\/jenny_polanco1-8.jpg?fit=650%2C420&ssl=1&resize=525%2C300 1.5x"},"classes":[]},{"id":321813,"url":"https:\/\/casadecampoliving.com\/a-cocktail-with-jenny-polanco-and-mima-in-support-of-the-hogar-del-nino\/","url_meta":{"origin":340132,"position":2},"title":"A cocktail with Jenny Polanco and MIMA in support of the Hogar del Ni\u00f1o","author":"Rebecca Silvestri","date":"20 Nov, 2012","format":false,"excerpt":"On Saturday evening the 10th of November 2012, famous Dominican designer Jenny Polanco invited Casa de Campo villa owners to a cocktail before the\u00a0Due\u00f1os 2012 dinner-dance at her Jenny Polanco Project Store in Altos de Chav\u00f3n, where for one evening only they were showcasing the\u00a0jewellery\u00a0designs of special guest designer Marimerce\u2026","rel":"","context":"En \u00abAltos de Chavon\u00bb","block_context":{"text":"Altos de Chavon","link":"https:\/\/casadecampoliving.com\/category\/altos-de-chavon\/"},"img":{"alt_text":"jenny polanco","src":"https:\/\/i0.wp.com\/casadecampoliving.com\/wp-content\/uploads\/2022\/10\/jenny_polanco1-5.jpg?fit=650%2C419&ssl=1&resize=350%2C200","width":350,"height":200,"srcset":"https:\/\/i0.wp.com\/casadecampoliving.com\/wp-content\/uploads\/2022\/10\/jenny_polanco1-5.jpg?fit=650%2C419&ssl=1&resize=350%2C200 1x, https:\/\/i0.wp.com\/casadecampoliving.com\/wp-content\/uploads\/2022\/10\/jenny_polanco1-5.jpg?fit=650%2C419&ssl=1&resize=525%2C300 1.5x"},"classes":[]},{"id":321339,"url":"https:\/\/casadecampoliving.com\/with-arts-crafts-recycled-lamps-and-fashion-the-new-jenny-polanco-store-is-inaugurated-in-support-of-the-hogar-del-nino\/","url_meta":{"origin":340132,"position":3},"title":"With arts, crafts, recycled lamps and fashion the new Jenny Polanco store is inaugurated in support of the Hogar del Ni\u00f1o!","author":"Rebecca Silvestri","date":"31 May, 2012","format":false,"excerpt":"Last Friday the 25th of May 2012, Jenny Polanco celebrated the opening of her new store \"Jenny Polanco Project\" in Altos de Chav\u00f3n with a cocktail to raise money for local charity, Hogar del Ni\u00f1o which featured the incredible recycled lamps of Malele Strofer, as well as Jenny's fashion designs\u2026","rel":"","context":"En \u00abAltos de Chavon\u00bb","block_context":{"text":"Altos de Chavon","link":"https:\/\/casadecampoliving.com\/category\/altos-de-chavon\/"},"img":{"alt_text":"jenny polanco","src":"https:\/\/i0.wp.com\/casadecampoliving.com\/wp-content\/uploads\/2022\/10\/jenny_polanco1-8.jpg?fit=650%2C420&ssl=1&resize=350%2C200","width":350,"height":200,"srcset":"https:\/\/i0.wp.com\/casadecampoliving.com\/wp-content\/uploads\/2022\/10\/jenny_polanco1-8.jpg?fit=650%2C420&ssl=1&resize=350%2C200 1x, https:\/\/i0.wp.com\/casadecampoliving.com\/wp-content\/uploads\/2022\/10\/jenny_polanco1-8.jpg?fit=650%2C420&ssl=1&resize=525%2C300 1.5x"},"classes":[]},{"id":321322,"url":"https:\/\/casadecampoliving.com\/opening-cocktail-for-the-new-jenny-polanco-project-store-in-altos-de-chavon\/","url_meta":{"origin":340132,"position":4},"title":"Opening cocktail for the new Jenny Polanco Project store in Altos de Chav\u00f3n!","author":"Rebecca Silvestri","date":"23 May, 2012","format":false,"excerpt":"This Friday the 25th of May, Jenny Polanco, ex beauty queen, famous Dominican designer and popular member of the Casa de Campo community is inviting Casa de Campo villa owners, residents and visitors to join her for the inauguration of her new store in Altos de Chav\u00f3n. The new store\u2026","rel":"","context":"En \u00abAltos de Chavon\u00bb","block_context":{"text":"Altos de Chavon","link":"https:\/\/casadecampoliving.com\/category\/altos-de-chavon\/"},"img":{"alt_text":"jenny polanco","src":"https:\/\/i0.wp.com\/casadecampoliving.com\/wp-content\/uploads\/2022\/10\/JENNYPOLANCO_CASADELRIO_1_350_7801-1.jpg?fit=780%2C350&ssl=1&resize=350%2C200","width":350,"height":200,"srcset":"https:\/\/i0.wp.com\/casadecampoliving.com\/wp-content\/uploads\/2022\/10\/JENNYPOLANCO_CASADELRIO_1_350_7801-1.jpg?fit=780%2C350&ssl=1&resize=350%2C200 1x, https:\/\/i0.wp.com\/casadecampoliving.com\/wp-content\/uploads\/2022\/10\/JENNYPOLANCO_CASADELRIO_1_350_7801-1.jpg?fit=780%2C350&ssl=1&resize=525%2C300 1.5x, https:\/\/i0.wp.com\/casadecampoliving.com\/wp-content\/uploads\/2022\/10\/JENNYPOLANCO_CASADELRIO_1_350_7801-1.jpg?fit=780%2C350&ssl=1&resize=700%2C400 2x"},"classes":[]},{"id":343880,"url":"https:\/\/casadecampoliving.com\/es\/exhibicion-dominicana-de-mascaras-por-jenny-polanco-este-domingo\/","url_meta":{"origin":340132,"position":5},"title":"Exhibici\u00f3n Dominicana de Mascaras por Jenny Polanco &#8211; este domingo","author":"Genesis Perdomo","date":"15 Feb, 2014","format":false,"excerpt":"Este domingo 16 de febrero, la dise\u00f1adora Dominicana, Jenny Polanco les invita a la exhibici\u00f3n Dominicana de m\u00e1scaras en el Jenny Polanco Project en Altos de Chav\u00f3n. Como una apasionada defensora de la artesan\u00eda Dominicana y Haitiana, Jenny comparti\u00f3 con Casa de Campo Living que la motivaci\u00f3n detr\u00e1s de la\u2026","rel":"","context":"En \u00abAltos de Chavon @es\u00bb","block_context":{"text":"Altos de Chavon @es","link":"https:\/\/casadecampoliving.com\/category\/altos-de-chavon-es\/"},"img":{"alt_text":"Jenny Polanco project","src":"https:\/\/i0.wp.com\/casadecampoliving.com\/wp-content\/uploads\/2022\/10\/jenny_polanco_project-1.jpg?fit=650%2C542&ssl=1&resize=350%2C200","width":350,"height":200,"srcset":"https:\/\/i0.wp.com\/casadecampoliving.com\/wp-content\/uploads\/2022\/10\/jenny_polanco_project-1.jpg?fit=650%2C542&ssl=1&resize=350%2C200 1x, https:\/\/i0.wp.com\/casadecampoliving.com\/wp-content\/uploads\/2022\/10\/jenny_polanco_project-1.jpg?fit=650%2C542&ssl=1&resize=525%2C300 1.5x"},"classes":[]}],"jetpack_sharing_enabled":true,"_links":{"self":[{"href":"https:\/\/casadecampoliving.com\/es\/wp-json\/wp\/v2\/posts\/340132","targetHints":{"allow":["GET"]}}],"collection":[{"href":"https:\/\/casadecampoliving.com\/es\/wp-json\/wp\/v2\/posts"}],"about":[{"href":"https:\/\/casadecampoliving.com\/es\/wp-json\/wp\/v2\/types\/post"}],"author":[{"embeddable":true,"href":"https:\/\/casadecampoliving.com\/es\/wp-json\/wp\/v2\/users\/21"}],"replies":[{"embeddable":true,"href":"https:\/\/casadecampoliving.com\/es\/wp-json\/wp\/v2\/comments?post=340132"}],"version-history":[{"count":2,"href":"https:\/\/casadecampoliving.com\/es\/wp-json\/wp\/v2\/posts\/340132\/revisions"}],"predecessor-version":[{"id":507700,"href":"https:\/\/casadecampoliving.com\/es\/wp-json\/wp\/v2\/posts\/340132\/revisions\/507700"}],"wp:featuredmedia":[{"embeddable":true,"href":"https:\/\/casadecampoliving.com\/es\/wp-json\/wp\/v2\/media\/235141"}],"wp:attachment":[{"href":"https:\/\/casadecampoliving.com\/es\/wp-json\/wp\/v2\/media?parent=340132"}],"wp:term":[{"taxonomy":"category","embeddable":true,"href":"https:\/\/casadecampoliving.com\/es\/wp-json\/wp\/v2\/categories?post=340132"},{"taxonomy":"post_tag","embeddable":true,"href":"https:\/\/casadecampoliving.com\/es\/wp-json\/wp\/v2\/tags?post=340132"},{"taxonomy":"newspack_spnsrs_tax","embeddable":true,"href":"https:\/\/casadecampoliving.com\/es\/wp-json\/wp\/v2\/newspack_spnsrs_tax?post=340132"}],"curies":[{"name":"wp","href":"https:\/\/api.w.org\/{rel}","templated":true}]}}