{"id":340096,"date":"2012-11-12T00:00:00","date_gmt":"2012-11-12T04:00:00","guid":{"rendered":"https:\/\/casadecampoliving.com\/duenos-2012-una-legendaria-celebracion-para-los-duenos-de-villa-de-casa-de-campo\/"},"modified":"2022-10-21T18:43:55","modified_gmt":"2022-10-21T22:43:55","slug":"duenos-2012-una-legendaria-celebracion-para-los-duenos-de-villa-de-casa-de-campo","status":"publish","type":"post","link":"https:\/\/casadecampoliving.com\/es\/duenos-2012-una-legendaria-celebracion-para-los-duenos-de-villa-de-casa-de-campo\/","title":{"rendered":"Due\u00f1os 2012: Una legendaria celebraci\u00f3n para los due\u00f1os de villa de Casa de Campo!"},"content":{"rendered":"<div class=\"wp-block-image\">\n<figure class=\"aligncenter is-resized\"><img loading=\"lazy\" decoding=\"async\" src=\"https:\/\/i0.wp.com\/casadecampoliving.com\/wp-content\/uploads\/2022\/10\/duenos_casa_de_campo3.jpg?resize=650%2C358&amp;ssl=1\" alt=\"duenos casa de campo\" class=\"wp-image-60554\" title=\"duenos_casa_de_campo\" height=\"358\" width=\"650\"\/><\/figure>\n<\/div>\n\n\n<p>Este pasado fin de semana, el viernes 9 y s\u00e1bado 10 de noviembre, los due\u00f1os de villa de Casa de Campo disfrutaron del evento anual Due\u00f1os 2012, organizado por Costasur y Casa de Campo \u2013 con una serie de eventos y un sin fin de actividades y celebraciones, que incluyeron todo lo que tiene para ofrecer este maravilloso resort, dando a todos la oportunidad de experimientar literalmente cada uno de ellos! <\/p>\n\n\n\n<!--more-->\n\n\n<div class=\"wp-block-image\">\n<figure class=\"alignright is-resized\"><img loading=\"lazy\" decoding=\"async\" src=\"https:\/\/i0.wp.com\/casadecampoliving.com\/wp-content\/uploads\/2022\/10\/duenos_casa_de_campo4.jpg?resize=230%2C268&amp;ssl=1\" alt=\"duenos casa de campo\" class=\"wp-image-60555\" title=\"duenos_casa_de_campo\" height=\"268\" width=\"230\"\/><\/figure>\n<\/div>\n\n\n<p>La diversi\u00f3n comenz\u00f3 durante el viernes en el Centro de Conferencias de Casa de Campo con la \u201cEntrega de Regalos\u201d, as\u00ed como con el Caf\u00e9 de la Leche que, a\u00fan cuando no es parte del evento Due\u00f1os, sin duda cont\u00f3 con gran asistencia y un gran momento para ser parte de una buena causa.<\/p>\n\n\n\n<p>Los agradables momentos continuaron produci\u00e9ndose durante el s\u00e1bado, empezando a las 7am con Yoga en la playa, seguido de los eventos deportivos que ofrece Casa de Campo (y algunos extra), culmin\u00e1ndolos con un c\u00f3ctel antes de la fiesta, en la tienda Jenny Polanco Project en Altos de Chav\u00f3n, con la presencia de la famosa dise\u00f1adora puertorrique\u00f1a Marimerce Santiago (de nuevo, un evento que no forma parte de Due\u00f1os, pero que fue bastante agradable), seguido de la Fiesta Due\u00f1os, en La Romana Country Club y posteriormente interminables horas de baile en la discoteca Gen\u00e9sis en Altos de Chav\u00f3n \u2013 hasta el amanecer!<\/p>\n\n\n\n<p>Como, literalmente tom\u00e9 800 fotos \u2013 Tengo que hacer un poco de trabajo antes de publicarlas todas, pero aqu\u00ed tenemos una bonita selecci\u00f3n de fotos que ilustra lo incre\u00edble que fue Due\u00f1os 2012!<\/p>\n\n\n\n<p>FELICITACIONES y nuestro AGRADECIMIENTO a Costasur y Casa de Campo por organizar otro gran evento!<\/p>\n\n\n\n<blockquote><p><strong><a href=\"https:\/\/casadecampoliving.com\/es\/2012\/11\/duenos-2012-entrega-de-regalos-diversion-juegos-un-mini-spa-y-un-sin-fin-de-cocteles\/\">Due\u00f1os 2012 \u201cEntrega de Regalos\u201d&nbsp;<\/a><\/strong><\/p><figure><img decoding=\"async\" loading=\"lazy\" class=\"aligncenter size-full wp-image-60540\" title=\"duenos_casa_de_campo\" src=\"https:\/\/i0.wp.com\/casadecampoliving.com\/wp-content\/uploads\/2022\/10\/duenos_casa_de_campo.jpg?resize=620%2C454&amp;ssl=1\" alt=\"duenos casa de campo\" width=\"620\" height=\"454\"><\/figure><p>Este a\u00f1o, como es tradici\u00f3n, durante la \u201c<em>Entrega de Regalos<\/em>\u201c, los due\u00f1os de villas de Casa de Campo recolectaron sus bolsos de regalos y disfrutaron de una feria, con diferentes eventos y actividades ofrecidos por los distintos departamentos de Casa de Campo \u2013 mostrando todo lo que tienen para ofrecer, no s\u00f3lo para los turistas, tambi\u00e9n para due\u00f1os de villa!<\/p><figure><img decoding=\"async\" loading=\"lazy\" class=\"alignright size-full wp-image-60541\" style=\"margin-left: 15px; margin-right: 15px;\" title=\"TODO_casa_de_campo\" src=\"https:\/\/i0.wp.com\/casadecampoliving.com\/wp-content\/uploads\/2022\/10\/TODO_casa_de_campo-5.jpg?resize=230%2C301&amp;ssl=1\" alt=\"TODO casa de campo\" width=\"230\" height=\"301\"><\/figure><p>Obsequiados con nuevos t-shirts (rosa para las damas, azul para los caballeros) y sombrillas, los due\u00f1os disfrutaron de c\u00f3cteles y picaderas servidos por el departamento de Alimentos y Bebidas de Casa de Campo, mientras conoc\u00edan el resto de los departamentos y sus equipos.<\/p><p>Al evento tambi\u00e9n asistieron Rebecca Hughes (autora de este art\u00edculo) y Philip Silvestri, as\u00ed como parte del equipo que representa a Silgon Inc., empresa de Marketing, Desarrollo Web &amp; Servicios Publicitarios, creadores de la revista CasaLife, <a href=\"http:\/\/wp.me\/P1kvEy-fid\">la gu\u00eda TODO Casa de Campo<\/a> y el portal de noticia Casa de Campo Living (<a href=\"https:\/\/www.casadecampoliving.com\/\">www.casadecampoliving.com<\/a>) \u2013 saludando a los amigos y fans, y disfrutando de uno o dos c\u00f3cteles de Absolut Vodka y unos cuantos Chivas a la roca!<\/p><p><em><strong><a href=\"https:\/\/casadecampoliving.com\/es\/2012\/11\/duenos-2012-entrega-de-regalos-diversion-juegos-un-mini-spa-y-un-sin-fin-de-cocteles\/\">HAGA CLICK AQU\u00cd PARA M\u00c1S FOTOS DE LA ENTREGA DE LOS REGALOS!<\/a><\/strong><\/em><\/p><\/blockquote>\n\n\n\n<blockquote><p><strong><a href=\"https:\/\/casadecampoliving.com\/es\/2012\/11\/un-espumante-cafe-de-la-leche-con-yrene-caslini\/\">Caf\u00e9 de la Leche<\/a><\/strong><\/p><figure><img decoding=\"async\" loading=\"lazy\" class=\"aligncenter size-full wp-image-60538\" title=\"cafe_de_la_leche\" src=\"https:\/\/i0.wp.com\/casadecampoliving.com\/wp-content\/uploads\/2022\/10\/cafe_de_la_leche-6.jpg?resize=620%2C400&amp;ssl=1\" alt=\"cafe de la leche\" width=\"620\" height=\"400\"><\/figure><p>El Caf\u00e9 de la Leche, que es una actividad mensual a beneficio del Hogar del Ni\u00f1o, no fue parte de las actividades programadas para Due\u00f1os, pero con elegancia y organizado por la due\u00f1a de villa Yrene Caslini, fue una ocasi\u00f3n maravillosa que reuni\u00f3 a numerosos due\u00f1os de villa en apoyo a la gran causa.<\/p><p><em><strong><a href=\"https:\/\/casadecampoliving.com\/es\/2012\/11\/un-espumante-cafe-de-la-leche-con-yrene-caslini\/\">HAGA CLICK AQU\u00b4I PARA M\u00c1S FOTOS DEL CAF\u00c9 DEL LA LECHE!<\/a><\/strong><\/em><\/p><\/blockquote>\n\n\n\n<blockquote><p><strong>Due\u00f1os 2012 Yoga en la playa<br>\n<\/strong><\/p><figure><img decoding=\"async\" loading=\"lazy\" class=\"aligncenter size-full wp-image-60542\" title=\"yoga_beach\" src=\"https:\/\/i0.wp.com\/casadecampoliving.com\/wp-content\/uploads\/2022\/10\/yoga_beach.jpg?resize=620%2C310&amp;ssl=1\" alt=\"yoga beach\" width=\"620\" height=\"310\"><\/figure><p>Un poco despu\u00e9s del amanecer en la playa Minitas, un gran grupo de due\u00f1os de villa de Casa de Campo, fueron recibidos con una clase de yoga dirigida por la profesora y coach holistic, Kyra Montague.<\/p><\/blockquote>\n\n\n\n<blockquote><p><strong><a href=\"https:\/\/casadecampoliving.com\/es\/2012\/11\/duenos-2012-corredores-del-casaton-el-mini-maraton-de-casa-de-campo\/\"><strong>Due\u00f1os 2012<\/strong>&nbsp;Casat\u00f3n (<strong>mini-marat\u00f3n<\/strong> de 5km )<\/a><\/strong><\/p><figure><img decoding=\"async\" loading=\"lazy\" class=\"aligncenter size-full wp-image-60543\" title=\"casathon\" src=\"https:\/\/i0.wp.com\/casadecampoliving.com\/wp-content\/uploads\/2022\/10\/casathon-1.jpg?resize=620%2C320&amp;ssl=1\" alt=\"casathon\" width=\"620\" height=\"320\"><\/figure><p>Hace tres a\u00f1os, recuerdo que el Casat\u00f3n era una corrida divertida \u2013 con la mayor\u00eda de los participantes que caminaban, trotaban o conversaban con los amigos. No obstante, \u00e9ste a\u00f1o el Casat\u00f3n estuvo m\u00e1s competitivo con todos los competidores comprometidos a ganar!&nbsp; Felicidades a todos los que corrieron \u2013 yo estuve exhausta s\u00f3lo de verles correr!<\/p><p><em><strong><a href=\"https:\/\/casadecampoliving.com\/es\/2012\/11\/duenos-2012-corredores-del-casaton-el-mini-maraton-de-casa-de-campo\/\">HAGA CLICK AQU\u00cd PARA M\u00c1S FOTOS DEL CASAT\u00d3N!<\/a><\/strong><\/em><\/p><\/blockquote>\n\n\n\n<blockquote><p><strong><a href=\"https:\/\/casadecampoliving.com\/es\/2012\/11\/duenos-2012-torneo-de-tenis-y-clinicas-con-la-academia-img-nick-bolletierri\/\"><strong>Due\u00f1os 2012&nbsp;<\/strong>Torneo y Cl\u00ednicas de Tenis<\/a><br>\n<\/strong><\/p><figure><img decoding=\"async\" loading=\"lazy\" class=\"aligncenter size-full wp-image-60544\" title=\"tennis_casa_de_campo\" src=\"https:\/\/i0.wp.com\/casadecampoliving.com\/wp-content\/uploads\/2022\/10\/tennis_casa_de_campo-2.jpg?resize=620%2C390&amp;ssl=1\" alt=\"tennis casa de campo\" width=\"620\" height=\"390\"><\/figure><p>Los tenistas de Casa de Campo se presentaron temprano en el Club de Tenis La Terraza para obtener el t\u00edtulo de Campeones Due\u00f1os 2012 y tambi\u00e9n para disfrutar de las cl\u00ednicas de tenis impartidas por la Academia IMG Nick Bollettieri.<\/p><p><strong><em><a href=\"https:\/\/casadecampoliving.com\/es\/2012\/11\/duenos-2012-torneo-de-tenis-y-clinicas-con-la-academia-img-nick-bolletierri\/\">HAGA CLICK AQU\u00cd PARA M\u00c1S FOTOS DEL TENIS!<\/a><\/em><\/strong><\/p><\/blockquote>\n\n\n\n<blockquote><p><strong><strong>Due\u00f1os 2012 <\/strong>Torneo de Tiro<\/strong><\/p><figure><img decoding=\"async\" loading=\"lazy\" class=\"aligncenter size-full wp-image-60545\" title=\"shooting_casa_de_campo\" src=\"https:\/\/i0.wp.com\/casadecampoliving.com\/wp-content\/uploads\/2022\/10\/shooting_casa_de_campo-2.jpg?resize=620%2C370&amp;ssl=1\" alt=\"shooting casa de campo\" width=\"620\" height=\"370\"><\/figure><p>Cada competidor del torneo de tiro tuvo 25 shots para ser el mejor de Casa de Campo. Para muchos, el torneo de tiro de arcilla de Due\u00f1os 2012, fue el primer intento en este reto deportivo (f\u00edsicamente y mentalmente) \u2013 quiz\u00e1s algunos descubrieron en \u00e9l su pasi\u00f3n y uno que otro talento?<\/p><\/blockquote>\n\n\n\n<blockquote><p><strong><strong>Due\u00f1os 2012 <\/strong>Paseo a Caballo<br>\n<\/strong><\/p><figure><img decoding=\"async\" loading=\"lazy\" class=\"aligncenter size-full wp-image-60536\" title=\"horseback_riding\" src=\"https:\/\/i0.wp.com\/casadecampoliving.com\/wp-content\/uploads\/2022\/10\/horseback_riding.jpg?resize=620%2C433&amp;ssl=1\" alt=\"horseback riding\" width=\"620\" height=\"433\"><\/figure><p>Durante el d\u00eda, algunos grupos de due\u00f1os de villa disfrutaron de paseos a caballo por el resort \u2013 una actividad que se convirti\u00f3 en una de las m\u00e1s populares!<\/p><p>[Foto por Maria Taylor.]<\/p><\/blockquote>\n\n\n\n<blockquote><p><strong><strong>Due\u00f1os 2012<\/strong>: 1er Circuito de Ciclismo!<\/strong><\/p><figure><img decoding=\"async\" loading=\"lazy\" class=\"aligncenter size-full wp-image-60546\" title=\"biking_casa_de_campo\" src=\"https:\/\/i0.wp.com\/casadecampoliving.com\/wp-content\/uploads\/2022\/10\/biking_casa_de_campo.jpg?resize=620%2C310&amp;ssl=1\" alt=\"biking casa de campo\" width=\"620\" height=\"310\"><\/figure><p>El primer Circuito de Ciclismo de Due\u00f1os, organizado por Juan Elmufdi, Carmen Santoni y Simon L\u00f3pez, en conjunto con el Club de Due\u00f1os de Casa de Campo, fue un gran \u00e9xito, con due\u00f1os de villas adultos y (muy) peque\u00f1os siendo parte del evento, conduciendo por la ruta en el resort de Casa de Campo \u2013 desde la playa Minitas hasta Altos de Chav\u00f3n y de regreso \u2013 en s\u00f3lo 30 minutos!<\/p><\/blockquote>\n\n\n\n<blockquote><p><strong><a href=\"https:\/\/casadecampoliving.com\/es\/2012\/11\/duenos-2012-la-copa-de-polo-duenos-por-tania-evans\/\">Due\u00f1os 2012 Polo Tournament&nbsp;<\/a><\/strong><\/p><figure><img decoding=\"async\" loading=\"lazy\" class=\"aligncenter size-full wp-image-60548\" title=\"polo_casa_de_campo\" src=\"https:\/\/i0.wp.com\/casadecampoliving.com\/wp-content\/uploads\/2022\/10\/polo_casa_de_campo-6.jpg?resize=620%2C288&amp;ssl=1\" alt=\"polo casa de campo\" width=\"620\" height=\"288\"><\/figure><p>Luego de haber sido afectado por la lluvia durante los \u00faltimos dos a\u00f1os, fue una gran alegr\u00eda que la comunidad de polo de Casa de Campo por fin pudiera disfrutar del deporte.<\/p><figure><img decoding=\"async\" loading=\"lazy\" class=\"alignright  wp-image-60547\" style=\"margin-left: 15px; margin-right: 15px;\" title=\"alfonso+paniagua\" src=\"https:\/\/i0.wp.com\/casadecampoliving.com\/wp-content\/uploads\/2022\/10\/alfonso-paniagua.jpg?resize=186%2C219&amp;ssl=1\" alt=\"alfonso paniagua\" width=\"186\" height=\"219\"><\/figure><p>Dos equipos batallaron en el campo, adornado por una hermosa tarde soleada y de cielo azul, en un juego que estuvo arbitrado por el director de polo de Casa de Campo, Calixto Garc\u00eda-V\u00e9lez, con Alfonso Paniagua, Vicepresidente y Administrator de Costasur Casa de Campo, acompa\u00f1ado por su esposa, Annie quien se encontraba en los stands, animando a su hijo Luis Alfonso Paniagua. El evento tambi\u00e9n cont\u00f3 con el Dr. Jos\u00e9 Lopez, Vicepresidente de Salud del Central Romana y Director del Centro M\u00e9dico, quien tambi\u00e9n apoyaba a su hijo \u2013 Julio Lopez.<\/p><p><em><strong><a href=\"https:\/\/casadecampoliving.com\/es\/2012\/11\/duenos-2012-la-copa-de-polo-duenos-por-tania-evans\/\">HAGA CLICK AQU\u00cd PARA M\u00c1S FOTOS DEL POLO!<\/a><\/strong><\/em><\/p><\/blockquote>\n\n\n\n<blockquote><p><strong>Muestra de accesorios por MIMA en Jenny Polanco Project en Altos de Chav\u00f3n<\/strong><\/p><figure><img decoding=\"async\" loading=\"lazy\" class=\"aligncenter size-full wp-image-60549\" title=\"jenny_polanco\" src=\"https:\/\/i0.wp.com\/casadecampoliving.com\/wp-content\/uploads\/2022\/10\/jenny_polanco-4.jpg?resize=620%2C405&amp;ssl=1\" alt=\"jenny polanco\" width=\"620\" height=\"405\"><\/figure><p>A\u00fan cuando, oficialmente, no es parte del evento Due\u00f1os 2012, la Muestra de accesorios en los que estaban los dise\u00f1os de la dise\u00f1adora puertorrique\u00f1a, Marimerce Santiago, fue una maravillosa oportunidad para disfrutar de un trago antes de la cena e inclusive hacer compras \u2013 algunos (incluy\u00e9ndome), incluso mejoramos nuestros atuendos con algunas de las hermosas joyas MIMA!<\/p><\/blockquote>\n\n\n\n<blockquote><p><strong>Y el gran final\u2026 FIESTA Due\u00f1os 2012!<br>\n<\/strong><\/p><figure><img decoding=\"async\" loading=\"lazy\" class=\"aligncenter size-full wp-image-60553\" title=\"duenos_casa_de_campo\" src=\"https:\/\/i0.wp.com\/casadecampoliving.com\/wp-content\/uploads\/2022\/10\/duenos_casa_de_campo2.jpg?resize=620%2C379&amp;ssl=1\" alt=\"duenos casa de campo\" width=\"620\" height=\"379\"><\/figure><p>M\u00e1s de 1,000 due\u00f1os de villas de Casa de Campo y sus familiares, disfrutaron de una magn\u00edfica noche en La Romana Country Club con una excelente cena preparada por Casa de Campo \u2013 destacando langosta (que es bastante popular), as\u00ed como los vinos y c\u00f3cteles!<\/p><figure><img decoding=\"async\" loading=\"lazy\" class=\"alignright size-full wp-image-60552\" style=\"margin-left: 15px; margin-right: 15px;\" title=\"eduardo_lima\" src=\"https:\/\/i0.wp.com\/casadecampoliving.com\/wp-content\/uploads\/2022\/10\/eduardo_lima.jpg?resize=230%2C233&amp;ssl=1\" alt=\"eduardo lima\" width=\"230\" height=\"233\"><\/figure><p>Los discursos estuvieron a cargo de&nbsp;Alfonso Paniagua, Vicepresidente y Administrador de Costasur Casa de Campo, y Dr. Claudio Silvestri, Presidente de Premier Resorts &amp; Hotels (empresa de manejo de Casa de Campo), as\u00ed como de Peter Bonell, nuevo Oficial de Marketing de Casa de Campo, tras los cuales continuaron con la entrega de trofeos y bailes al ritmo del famoso grupo merenguero de Los Hermanos Rosario.<\/p><\/blockquote>\n\n\n\n<blockquote><p><strong>Y continu\u00f3 la fiesta\u2026en la discoteca G\u00e9nesis!<\/strong><\/p><figure><img decoding=\"async\" loading=\"lazy\" class=\"aligncenter size-full wp-image-60551\" title=\"genesis\" src=\"https:\/\/i0.wp.com\/casadecampoliving.com\/wp-content\/uploads\/2022\/10\/genesis-2.jpg?resize=620%2C430&amp;ssl=1\" alt=\"genesis\" width=\"620\" height=\"430\"><\/figure><p>Otra actividad celebrada por primera vez en Due\u00f1os, fue la fiesta realizada en la discoteca G\u00e9nesis, con su especial apertura para la ocasi\u00f3n \u2013 QU\u00c9 NOCHE!!!<\/p><\/blockquote>\n\n\n\n<p><strong>M\u00e1s fotos y resultados de los torneos, ser\u00e1n publicados muy pronto!&nbsp;<\/strong><\/p>\n","protected":false},"excerpt":{"rendered":"<p>Este pasado fin de semana, el viernes 9 y s\u00e1bado 10 de noviembre, los due\u00f1os de villa de Casa de Campo disfrutaron del evento anual Due\u00f1os 2012, organizado por Costasur y Casa de Campo \u2013 con una serie de eventos y un sin fin de actividades y celebraciones, que incluyeron todo lo que tiene para [&hellip;]<\/p>\n","protected":false},"author":21,"featured_media":232396,"comment_status":"closed","ping_status":"closed","sticky":false,"template":"","format":"standard","meta":{"newspack_ads_suppress_ads":false,"newspack_popups_has_disabled_popups":false,"newspack_sponsor_sponsorship_scope":"","newspack_sponsor_native_byline_display":"inherit","newspack_sponsor_native_category_display":"inherit","newspack_sponsor_underwriter_style":"inherit","newspack_sponsor_underwriter_placement":"inherit","_newspack_byline_active":false,"_newspack_byline":"","newspack_hide_updated_date":false,"newspack_show_updated_date":false,"newspack_content_restriction_is_exempt":false,"newspack_featured_image_position":"","newspack_post_subtitle":"","newspack_article_summary_title":"Overview:","newspack_article_summary":"","_jetpack_memberships_contains_paid_content":false,"footnotes":"","jetpack_publicize_message":"","jetpack_publicize_feature_enabled":true,"jetpack_social_post_already_shared":false,"jetpack_social_options":{"image_generator_settings":{"template":"highway","default_image_id":0,"font":"","enabled":false},"version":2},"_wpas_customize_per_network":false},"categories":[2519,2525,2522,14625,14627,2526],"tags":[265,659,4686,4507,2403,176,195,2637,4319],"newspack_spnsrs_tax":[],"class_list":["post-340096","post","type-post","status-publish","format-standard","has-post-thumbnail","hentry","category-costasur-dominicana-es","category-golf-deportes-es","category-eventos-es","category-noticias-locales","category-proximamente","category-titulares-es","tag-alfonso-paniagua","tag-costasur","tag-discoteca-genesis","tag-duenos-2012","tag-fiesta-duenos","tag-golf","tag-polo","tag-tenis","tag-tiro","entry"],"yoast_head":"<!-- This site is optimized with the Yoast SEO plugin v27.5 - https:\/\/yoast.com\/product\/yoast-seo-wordpress\/ -->\n<title>Due\u00f1os 2012: Una legendaria celebraci\u00f3n para los due\u00f1os de villa de Casa de Campo! | Casa de Campo Living<\/title>\n<meta name=\"description\" content=\"Este pasado fin de semana, el viernes 9 y s\u00e1bado 10 de noviembre, los due\u00f1os de villa de Casa de Campo disfrutaron del evento anual Due\u00f1os 2012,\" \/>\n<meta name=\"robots\" content=\"index, follow, max-snippet:-1, max-image-preview:large, max-video-preview:-1\" \/>\n<link rel=\"canonical\" href=\"https:\/\/casadecampoliving.com\/es\/duenos-2012-una-legendaria-celebracion-para-los-duenos-de-villa-de-casa-de-campo\/\" \/>\n<meta property=\"og:locale\" content=\"es_ES\" \/>\n<meta property=\"og:type\" content=\"article\" \/>\n<meta property=\"og:title\" content=\"Due\u00f1os 2012: Una legendaria celebraci\u00f3n para los due\u00f1os de villa de Casa de Campo! | Casa de Campo Living\" \/>\n<meta property=\"og:description\" content=\"Este pasado fin de semana, el viernes 9 y s\u00e1bado 10 de noviembre, los due\u00f1os de villa de Casa de Campo disfrutaron del evento anual Due\u00f1os 2012,\" \/>\n<meta property=\"og:url\" content=\"https:\/\/casadecampoliving.com\/es\/duenos-2012-una-legendaria-celebracion-para-los-duenos-de-villa-de-casa-de-campo\/\" \/>\n<meta property=\"og:site_name\" content=\"Casa de Campo Living\" \/>\n<meta property=\"article:publisher\" content=\"https:\/\/www.facebook.com\/casadecampoliving\" \/>\n<meta property=\"article:published_time\" content=\"2012-11-12T04:00:00+00:00\" \/>\n<meta property=\"article:modified_time\" content=\"2022-10-21T22:43:55+00:00\" \/>\n<meta property=\"og:image\" content=\"https:\/\/i0.wp.com\/casadecampoliving.com\/wp-content\/uploads\/2022\/10\/duenos_casa_de_campo3-3.jpg?fit=650%2C358&ssl=1\" \/>\n\t<meta property=\"og:image:width\" content=\"650\" \/>\n\t<meta property=\"og:image:height\" content=\"358\" \/>\n\t<meta property=\"og:image:type\" content=\"image\/jpeg\" \/>\n<meta name=\"twitter:card\" content=\"summary_large_image\" \/>\n<meta name=\"twitter:creator\" content=\"@cdcliving\" \/>\n<meta name=\"twitter:site\" content=\"@cdcliving\" \/>\n<meta name=\"twitter:label1\" content=\"Escrito por\" \/>\n\t<meta name=\"twitter:data1\" content=\"\" \/>\n\t<meta name=\"twitter:label2\" content=\"Tiempo de lectura\" \/>\n\t<meta name=\"twitter:data2\" content=\"7 minutos\" \/>\n<script type=\"application\/ld+json\" class=\"yoast-schema-graph\">{\"@context\":\"https:\\\/\\\/schema.org\",\"@graph\":[{\"@type\":\"Article\",\"@id\":\"https:\\\/\\\/casadecampoliving.com\\\/es\\\/duenos-2012-una-legendaria-celebracion-para-los-duenos-de-villa-de-casa-de-campo\\\/#article\",\"isPartOf\":{\"@id\":\"https:\\\/\\\/casadecampoliving.com\\\/es\\\/duenos-2012-una-legendaria-celebracion-para-los-duenos-de-villa-de-casa-de-campo\\\/\"},\"author\":{\"name\":\"\",\"@id\":\"https:\\\/\\\/casadecampoliving.com\\\/es\\\/#\\\/schema\\\/person\\\/7e3b975d584a5f6ac0fd7128a81b0bc5\"},\"headline\":\"Due\u00f1os 2012: Una legendaria celebraci\u00f3n para los due\u00f1os de villa de Casa de Campo!\",\"datePublished\":\"2012-11-12T04:00:00+00:00\",\"dateModified\":\"2022-10-21T22:43:55+00:00\",\"mainEntityOfPage\":{\"@id\":\"https:\\\/\\\/casadecampoliving.com\\\/es\\\/duenos-2012-una-legendaria-celebracion-para-los-duenos-de-villa-de-casa-de-campo\\\/\"},\"wordCount\":1346,\"publisher\":{\"@id\":\"https:\\\/\\\/casadecampoliving.com\\\/es\\\/#organization\"},\"image\":{\"@id\":\"https:\\\/\\\/casadecampoliving.com\\\/es\\\/duenos-2012-una-legendaria-celebracion-para-los-duenos-de-villa-de-casa-de-campo\\\/#primaryimage\"},\"thumbnailUrl\":\"https:\\\/\\\/i0.wp.com\\\/casadecampoliving.com\\\/wp-content\\\/uploads\\\/2022\\\/10\\\/duenos_casa_de_campo3-3.jpg?fit=650%2C358&ssl=1\",\"keywords\":[\"Alfonso Paniagua\",\"costasur\",\"discoteca genesis\",\"duenos 2012\",\"fiesta duenos\",\"Golf\",\"Polo\",\"tenis\",\"tiro\"],\"articleSection\":[\"Costasur Dominicana @es\",\"Deportes\",\"Eventos\",\"Noticias Locales\",\"Proximamente\",\"Titulares\"],\"inLanguage\":\"es\"},{\"@type\":\"WebPage\",\"@id\":\"https:\\\/\\\/casadecampoliving.com\\\/es\\\/duenos-2012-una-legendaria-celebracion-para-los-duenos-de-villa-de-casa-de-campo\\\/\",\"url\":\"https:\\\/\\\/casadecampoliving.com\\\/es\\\/duenos-2012-una-legendaria-celebracion-para-los-duenos-de-villa-de-casa-de-campo\\\/\",\"name\":\"Due\u00f1os 2012: Una legendaria celebraci\u00f3n para los due\u00f1os de villa de Casa de Campo! | Casa de Campo Living\",\"isPartOf\":{\"@id\":\"https:\\\/\\\/casadecampoliving.com\\\/es\\\/#website\"},\"primaryImageOfPage\":{\"@id\":\"https:\\\/\\\/casadecampoliving.com\\\/es\\\/duenos-2012-una-legendaria-celebracion-para-los-duenos-de-villa-de-casa-de-campo\\\/#primaryimage\"},\"image\":{\"@id\":\"https:\\\/\\\/casadecampoliving.com\\\/es\\\/duenos-2012-una-legendaria-celebracion-para-los-duenos-de-villa-de-casa-de-campo\\\/#primaryimage\"},\"thumbnailUrl\":\"https:\\\/\\\/i0.wp.com\\\/casadecampoliving.com\\\/wp-content\\\/uploads\\\/2022\\\/10\\\/duenos_casa_de_campo3-3.jpg?fit=650%2C358&ssl=1\",\"datePublished\":\"2012-11-12T04:00:00+00:00\",\"dateModified\":\"2022-10-21T22:43:55+00:00\",\"description\":\"Este pasado fin de semana, el viernes 9 y s\u00e1bado 10 de noviembre, los due\u00f1os de villa de Casa de Campo disfrutaron del evento anual Due\u00f1os 2012,\",\"breadcrumb\":{\"@id\":\"https:\\\/\\\/casadecampoliving.com\\\/es\\\/duenos-2012-una-legendaria-celebracion-para-los-duenos-de-villa-de-casa-de-campo\\\/#breadcrumb\"},\"inLanguage\":\"es\",\"potentialAction\":[{\"@type\":\"ReadAction\",\"target\":[\"https:\\\/\\\/casadecampoliving.com\\\/es\\\/duenos-2012-una-legendaria-celebracion-para-los-duenos-de-villa-de-casa-de-campo\\\/\"]}]},{\"@type\":\"ImageObject\",\"inLanguage\":\"es\",\"@id\":\"https:\\\/\\\/casadecampoliving.com\\\/es\\\/duenos-2012-una-legendaria-celebracion-para-los-duenos-de-villa-de-casa-de-campo\\\/#primaryimage\",\"url\":\"https:\\\/\\\/i0.wp.com\\\/casadecampoliving.com\\\/wp-content\\\/uploads\\\/2022\\\/10\\\/duenos_casa_de_campo3-3.jpg?fit=650%2C358&ssl=1\",\"contentUrl\":\"https:\\\/\\\/i0.wp.com\\\/casadecampoliving.com\\\/wp-content\\\/uploads\\\/2022\\\/10\\\/duenos_casa_de_campo3-3.jpg?fit=650%2C358&ssl=1\",\"width\":650,\"height\":358},{\"@type\":\"BreadcrumbList\",\"@id\":\"https:\\\/\\\/casadecampoliving.com\\\/es\\\/duenos-2012-una-legendaria-celebracion-para-los-duenos-de-villa-de-casa-de-campo\\\/#breadcrumb\",\"itemListElement\":[{\"@type\":\"ListItem\",\"position\":1,\"name\":\"Home\",\"item\":\"https:\\\/\\\/casadecampoliving.com\\\/es\\\/\"},{\"@type\":\"ListItem\",\"position\":2,\"name\":\"Due\u00f1os 2012: Una legendaria celebraci\u00f3n para los due\u00f1os de villa de Casa de Campo!\"}]},{\"@type\":\"WebSite\",\"@id\":\"https:\\\/\\\/casadecampoliving.com\\\/es\\\/#website\",\"url\":\"https:\\\/\\\/casadecampoliving.com\\\/es\\\/\",\"name\":\"Casa de Campo Living\",\"description\":\"Resort community news and resources.\",\"publisher\":{\"@id\":\"https:\\\/\\\/casadecampoliving.com\\\/es\\\/#organization\"},\"potentialAction\":[{\"@type\":\"SearchAction\",\"target\":{\"@type\":\"EntryPoint\",\"urlTemplate\":\"https:\\\/\\\/casadecampoliving.com\\\/es\\\/?s={search_term_string}\"},\"query-input\":{\"@type\":\"PropertyValueSpecification\",\"valueRequired\":true,\"valueName\":\"search_term_string\"}}],\"inLanguage\":\"es\"},{\"@type\":\"Organization\",\"@id\":\"https:\\\/\\\/casadecampoliving.com\\\/es\\\/#organization\",\"name\":\"Casa de Campo Living\",\"url\":\"https:\\\/\\\/casadecampoliving.com\\\/es\\\/\",\"logo\":{\"@type\":\"ImageObject\",\"inLanguage\":\"es\",\"@id\":\"https:\\\/\\\/casadecampoliving.com\\\/es\\\/#\\\/schema\\\/logo\\\/image\\\/\",\"url\":\"https:\\\/\\\/i0.wp.com\\\/casadecampoliving.com\\\/wp-content\\\/uploads\\\/2022\\\/07\\\/CDCLivingLogo_V1-white-sized.png?fit=800%2C214&ssl=1\",\"contentUrl\":\"https:\\\/\\\/i0.wp.com\\\/casadecampoliving.com\\\/wp-content\\\/uploads\\\/2022\\\/07\\\/CDCLivingLogo_V1-white-sized.png?fit=800%2C214&ssl=1\",\"width\":800,\"height\":214,\"caption\":\"Casa de Campo Living\"},\"image\":{\"@id\":\"https:\\\/\\\/casadecampoliving.com\\\/es\\\/#\\\/schema\\\/logo\\\/image\\\/\"},\"sameAs\":[\"https:\\\/\\\/www.facebook.com\\\/casadecampoliving\",\"https:\\\/\\\/x.com\\\/cdcliving\"]},{\"@type\":\"Person\",\"@id\":\"https:\\\/\\\/casadecampoliving.com\\\/es\\\/#\\\/schema\\\/person\\\/7e3b975d584a5f6ac0fd7128a81b0bc5\",\"name\":\"\",\"image\":{\"@type\":\"ImageObject\",\"inLanguage\":\"es\",\"@id\":\"https:\\\/\\\/secure.gravatar.com\\\/avatar\\\/?s=96&d=mm&r=g\",\"url\":\"https:\\\/\\\/secure.gravatar.com\\\/avatar\\\/?s=96&d=mm&r=g\",\"contentUrl\":\"https:\\\/\\\/secure.gravatar.com\\\/avatar\\\/?s=96&d=mm&r=g\"},\"url\":\"https:\\\/\\\/casadecampoliving.com\\\/es\\\/author\\\/ \\\/\"}]}<\/script>\n<!-- \/ Yoast SEO plugin. -->","yoast_head_json":{"title":"Due\u00f1os 2012: Una legendaria celebraci\u00f3n para los due\u00f1os de villa de Casa de Campo! | Casa de Campo Living","description":"Este pasado fin de semana, el viernes 9 y s\u00e1bado 10 de noviembre, los due\u00f1os de villa de Casa de Campo disfrutaron del evento anual Due\u00f1os 2012,","robots":{"index":"index","follow":"follow","max-snippet":"max-snippet:-1","max-image-preview":"max-image-preview:large","max-video-preview":"max-video-preview:-1"},"canonical":"https:\/\/casadecampoliving.com\/es\/duenos-2012-una-legendaria-celebracion-para-los-duenos-de-villa-de-casa-de-campo\/","og_locale":"es_ES","og_type":"article","og_title":"Due\u00f1os 2012: Una legendaria celebraci\u00f3n para los due\u00f1os de villa de Casa de Campo! | Casa de Campo Living","og_description":"Este pasado fin de semana, el viernes 9 y s\u00e1bado 10 de noviembre, los due\u00f1os de villa de Casa de Campo disfrutaron del evento anual Due\u00f1os 2012,","og_url":"https:\/\/casadecampoliving.com\/es\/duenos-2012-una-legendaria-celebracion-para-los-duenos-de-villa-de-casa-de-campo\/","og_site_name":"Casa de Campo Living","article_publisher":"https:\/\/www.facebook.com\/casadecampoliving","article_published_time":"2012-11-12T04:00:00+00:00","article_modified_time":"2022-10-21T22:43:55+00:00","og_image":[{"width":650,"height":358,"url":"https:\/\/i0.wp.com\/casadecampoliving.com\/wp-content\/uploads\/2022\/10\/duenos_casa_de_campo3-3.jpg?fit=650%2C358&ssl=1","type":"image\/jpeg"}],"twitter_card":"summary_large_image","twitter_creator":"@cdcliving","twitter_site":"@cdcliving","twitter_misc":{"Escrito por":"","Tiempo de lectura":"7 minutos"},"schema":{"@context":"https:\/\/schema.org","@graph":[{"@type":"Article","@id":"https:\/\/casadecampoliving.com\/es\/duenos-2012-una-legendaria-celebracion-para-los-duenos-de-villa-de-casa-de-campo\/#article","isPartOf":{"@id":"https:\/\/casadecampoliving.com\/es\/duenos-2012-una-legendaria-celebracion-para-los-duenos-de-villa-de-casa-de-campo\/"},"author":{"name":"","@id":"https:\/\/casadecampoliving.com\/es\/#\/schema\/person\/7e3b975d584a5f6ac0fd7128a81b0bc5"},"headline":"Due\u00f1os 2012: Una legendaria celebraci\u00f3n para los due\u00f1os de villa de Casa de Campo!","datePublished":"2012-11-12T04:00:00+00:00","dateModified":"2022-10-21T22:43:55+00:00","mainEntityOfPage":{"@id":"https:\/\/casadecampoliving.com\/es\/duenos-2012-una-legendaria-celebracion-para-los-duenos-de-villa-de-casa-de-campo\/"},"wordCount":1346,"publisher":{"@id":"https:\/\/casadecampoliving.com\/es\/#organization"},"image":{"@id":"https:\/\/casadecampoliving.com\/es\/duenos-2012-una-legendaria-celebracion-para-los-duenos-de-villa-de-casa-de-campo\/#primaryimage"},"thumbnailUrl":"https:\/\/i0.wp.com\/casadecampoliving.com\/wp-content\/uploads\/2022\/10\/duenos_casa_de_campo3-3.jpg?fit=650%2C358&ssl=1","keywords":["Alfonso Paniagua","costasur","discoteca genesis","duenos 2012","fiesta duenos","Golf","Polo","tenis","tiro"],"articleSection":["Costasur Dominicana @es","Deportes","Eventos","Noticias Locales","Proximamente","Titulares"],"inLanguage":"es"},{"@type":"WebPage","@id":"https:\/\/casadecampoliving.com\/es\/duenos-2012-una-legendaria-celebracion-para-los-duenos-de-villa-de-casa-de-campo\/","url":"https:\/\/casadecampoliving.com\/es\/duenos-2012-una-legendaria-celebracion-para-los-duenos-de-villa-de-casa-de-campo\/","name":"Due\u00f1os 2012: Una legendaria celebraci\u00f3n para los due\u00f1os de villa de Casa de Campo! | Casa de Campo Living","isPartOf":{"@id":"https:\/\/casadecampoliving.com\/es\/#website"},"primaryImageOfPage":{"@id":"https:\/\/casadecampoliving.com\/es\/duenos-2012-una-legendaria-celebracion-para-los-duenos-de-villa-de-casa-de-campo\/#primaryimage"},"image":{"@id":"https:\/\/casadecampoliving.com\/es\/duenos-2012-una-legendaria-celebracion-para-los-duenos-de-villa-de-casa-de-campo\/#primaryimage"},"thumbnailUrl":"https:\/\/i0.wp.com\/casadecampoliving.com\/wp-content\/uploads\/2022\/10\/duenos_casa_de_campo3-3.jpg?fit=650%2C358&ssl=1","datePublished":"2012-11-12T04:00:00+00:00","dateModified":"2022-10-21T22:43:55+00:00","description":"Este pasado fin de semana, el viernes 9 y s\u00e1bado 10 de noviembre, los due\u00f1os de villa de Casa de Campo disfrutaron del evento anual Due\u00f1os 2012,","breadcrumb":{"@id":"https:\/\/casadecampoliving.com\/es\/duenos-2012-una-legendaria-celebracion-para-los-duenos-de-villa-de-casa-de-campo\/#breadcrumb"},"inLanguage":"es","potentialAction":[{"@type":"ReadAction","target":["https:\/\/casadecampoliving.com\/es\/duenos-2012-una-legendaria-celebracion-para-los-duenos-de-villa-de-casa-de-campo\/"]}]},{"@type":"ImageObject","inLanguage":"es","@id":"https:\/\/casadecampoliving.com\/es\/duenos-2012-una-legendaria-celebracion-para-los-duenos-de-villa-de-casa-de-campo\/#primaryimage","url":"https:\/\/i0.wp.com\/casadecampoliving.com\/wp-content\/uploads\/2022\/10\/duenos_casa_de_campo3-3.jpg?fit=650%2C358&ssl=1","contentUrl":"https:\/\/i0.wp.com\/casadecampoliving.com\/wp-content\/uploads\/2022\/10\/duenos_casa_de_campo3-3.jpg?fit=650%2C358&ssl=1","width":650,"height":358},{"@type":"BreadcrumbList","@id":"https:\/\/casadecampoliving.com\/es\/duenos-2012-una-legendaria-celebracion-para-los-duenos-de-villa-de-casa-de-campo\/#breadcrumb","itemListElement":[{"@type":"ListItem","position":1,"name":"Home","item":"https:\/\/casadecampoliving.com\/es\/"},{"@type":"ListItem","position":2,"name":"Due\u00f1os 2012: Una legendaria celebraci\u00f3n para los due\u00f1os de villa de Casa de Campo!"}]},{"@type":"WebSite","@id":"https:\/\/casadecampoliving.com\/es\/#website","url":"https:\/\/casadecampoliving.com\/es\/","name":"Casa de Campo Living","description":"Resort community news and resources.","publisher":{"@id":"https:\/\/casadecampoliving.com\/es\/#organization"},"potentialAction":[{"@type":"SearchAction","target":{"@type":"EntryPoint","urlTemplate":"https:\/\/casadecampoliving.com\/es\/?s={search_term_string}"},"query-input":{"@type":"PropertyValueSpecification","valueRequired":true,"valueName":"search_term_string"}}],"inLanguage":"es"},{"@type":"Organization","@id":"https:\/\/casadecampoliving.com\/es\/#organization","name":"Casa de Campo Living","url":"https:\/\/casadecampoliving.com\/es\/","logo":{"@type":"ImageObject","inLanguage":"es","@id":"https:\/\/casadecampoliving.com\/es\/#\/schema\/logo\/image\/","url":"https:\/\/i0.wp.com\/casadecampoliving.com\/wp-content\/uploads\/2022\/07\/CDCLivingLogo_V1-white-sized.png?fit=800%2C214&ssl=1","contentUrl":"https:\/\/i0.wp.com\/casadecampoliving.com\/wp-content\/uploads\/2022\/07\/CDCLivingLogo_V1-white-sized.png?fit=800%2C214&ssl=1","width":800,"height":214,"caption":"Casa de Campo Living"},"image":{"@id":"https:\/\/casadecampoliving.com\/es\/#\/schema\/logo\/image\/"},"sameAs":["https:\/\/www.facebook.com\/casadecampoliving","https:\/\/x.com\/cdcliving"]},{"@type":"Person","@id":"https:\/\/casadecampoliving.com\/es\/#\/schema\/person\/7e3b975d584a5f6ac0fd7128a81b0bc5","name":"","image":{"@type":"ImageObject","inLanguage":"es","@id":"https:\/\/secure.gravatar.com\/avatar\/?s=96&d=mm&r=g","url":"https:\/\/secure.gravatar.com\/avatar\/?s=96&d=mm&r=g","contentUrl":"https:\/\/secure.gravatar.com\/avatar\/?s=96&d=mm&r=g"},"url":"https:\/\/casadecampoliving.com\/es\/author\/ \/"}]}},"parsely":{"version":"1.1.0","canonical_url":"https:\/\/casadecampoliving.com\/es\/duenos-2012-una-legendaria-celebracion-para-los-duenos-de-villa-de-casa-de-campo\/","smart_links":{"inbound":0,"outbound":0},"traffic_boost_suggestions_count":0,"meta":{"@context":"https:\/\/schema.org","@type":"NewsArticle","headline":"Due\u00f1os 2012: Una legendaria celebraci\u00f3n para los due\u00f1os de villa de Casa de Campo!","url":"http:\/\/casadecampoliving.com\/es\/duenos-2012-una-legendaria-celebracion-para-los-duenos-de-villa-de-casa-de-campo\/","mainEntityOfPage":{"@type":"WebPage","@id":"http:\/\/casadecampoliving.com\/es\/duenos-2012-una-legendaria-celebracion-para-los-duenos-de-villa-de-casa-de-campo\/"},"thumbnailUrl":"https:\/\/i0.wp.com\/casadecampoliving.com\/wp-content\/uploads\/2022\/10\/duenos_casa_de_campo3-3.jpg?resize=150%2C150&ssl=1","image":{"@type":"ImageObject","url":"https:\/\/i0.wp.com\/casadecampoliving.com\/wp-content\/uploads\/2022\/10\/duenos_casa_de_campo3-3.jpg?fit=650%2C358&ssl=1"},"articleSection":"Costasur Dominicana @es","author":[{"@type":"Person","name":"FB_515917546"}],"creator":["FB_515917546"],"publisher":{"@type":"Organization","name":"Casa de Campo Living","logo":"https:\/\/casadecampoliving.com\/wp-content\/uploads\/2022\/07\/CDCLivingLogo_V1-white-sized.png"},"keywords":["alfonso paniagua","costasur","discoteca genesis","duenos 2012","fiesta duenos","golf","polo","tenis","tiro"],"dateCreated":"2012-11-12T04:00:00Z","datePublished":"2012-11-12T04:00:00Z","dateModified":"2022-10-21T22:43:55Z"},"rendered":"<script type=\"application\/ld+json\" class=\"wp-parsely-metadata\">{\"@context\":\"https:\\\/\\\/schema.org\",\"@type\":\"NewsArticle\",\"headline\":\"Due\\u00f1os 2012: Una legendaria celebraci\\u00f3n para los due\\u00f1os de villa de Casa de Campo!\",\"url\":\"http:\\\/\\\/casadecampoliving.com\\\/es\\\/duenos-2012-una-legendaria-celebracion-para-los-duenos-de-villa-de-casa-de-campo\\\/\",\"mainEntityOfPage\":{\"@type\":\"WebPage\",\"@id\":\"http:\\\/\\\/casadecampoliving.com\\\/es\\\/duenos-2012-una-legendaria-celebracion-para-los-duenos-de-villa-de-casa-de-campo\\\/\"},\"thumbnailUrl\":\"https:\\\/\\\/i0.wp.com\\\/casadecampoliving.com\\\/wp-content\\\/uploads\\\/2022\\\/10\\\/duenos_casa_de_campo3-3.jpg?resize=150%2C150&ssl=1\",\"image\":{\"@type\":\"ImageObject\",\"url\":\"https:\\\/\\\/i0.wp.com\\\/casadecampoliving.com\\\/wp-content\\\/uploads\\\/2022\\\/10\\\/duenos_casa_de_campo3-3.jpg?fit=650%2C358&ssl=1\"},\"articleSection\":\"Costasur Dominicana @es\",\"author\":[{\"@type\":\"Person\",\"name\":\"FB_515917546\"}],\"creator\":[\"FB_515917546\"],\"publisher\":{\"@type\":\"Organization\",\"name\":\"Casa de Campo Living\",\"logo\":\"https:\\\/\\\/casadecampoliving.com\\\/wp-content\\\/uploads\\\/2022\\\/07\\\/CDCLivingLogo_V1-white-sized.png\"},\"keywords\":[\"alfonso paniagua\",\"costasur\",\"discoteca genesis\",\"duenos 2012\",\"fiesta duenos\",\"golf\",\"polo\",\"tenis\",\"tiro\"],\"dateCreated\":\"2012-11-12T04:00:00Z\",\"datePublished\":\"2012-11-12T04:00:00Z\",\"dateModified\":\"2022-10-21T22:43:55Z\"}<\/script>","tracker_url":"https:\/\/cdn.parsely.com\/keys\/casadecampoliving.com\/p.js"},"jetpack_publicize_connections":[],"jetpack_featured_media_url":"https:\/\/i0.wp.com\/casadecampoliving.com\/wp-content\/uploads\/2022\/10\/duenos_casa_de_campo3-3.jpg?fit=650%2C358&ssl=1","jetpack-related-posts":[{"id":352840,"url":"https:\/\/casadecampoliving.com\/es\/reserven-la-fecha-para-el-fin-de-semana-de-duenos-2018\/","url_meta":{"origin":340096,"position":0},"title":"\u00a1Reserven la fecha para el fin de semana de Due\u00f1os 2018!","author":"Casa de Campo Living","date":"29 Ago, 2018","format":false,"excerpt":"La celebraci\u00f3n anual para los due\u00f1os de villas de Casa de Campo ya tiene fecha \u00a1y ser\u00e1 el mes que viene! El viernes 28 de octubre y el s\u00e1bado 29, ser\u00e1 un fin de semana lleno\u00a0de diversi\u00f3n \u00a1que usted no querr\u00e1 perderse! Organizado por Costasur y Casa de Campo, la\u2026","rel":"","context":"En \u00abCostasur Dominicana @es\u00bb","block_context":{"text":"Costasur Dominicana @es","link":"https:\/\/casadecampoliving.com\/es\/category\/costasur-dominicana-es\/"},"img":{"alt_text":"","src":"https:\/\/i0.wp.com\/casadecampoliving.com\/wp-content\/uploads\/2022\/10\/EJ4B1029-1.jpg?fit=1000%2C667&ssl=1&resize=350%2C200","width":350,"height":200,"srcset":"https:\/\/i0.wp.com\/casadecampoliving.com\/wp-content\/uploads\/2022\/10\/EJ4B1029-1.jpg?fit=1000%2C667&ssl=1&resize=350%2C200 1x, https:\/\/i0.wp.com\/casadecampoliving.com\/wp-content\/uploads\/2022\/10\/EJ4B1029-1.jpg?fit=1000%2C667&ssl=1&resize=525%2C300 1.5x, https:\/\/i0.wp.com\/casadecampoliving.com\/wp-content\/uploads\/2022\/10\/EJ4B1029-1.jpg?fit=1000%2C667&ssl=1&resize=700%2C400 2x"},"classes":[]},{"id":342625,"url":"https:\/\/casadecampoliving.com\/es\/costasur-anuncia-las-fechas-de-duenos-2013\/","url_meta":{"origin":340096,"position":1},"title":"\u00a1Costasur anuncia las fechas de Due\u00f1os 2013!","author":"Eliana Alba","date":"31 Jul, 2013","format":false,"excerpt":"\u00a1Hurrah! La fecha de la anual celebraci\u00f3n de \u201cDue\u00f1os\u201d, organizada por Costasur y Casa de Campoo para los due\u00f1os de villa, acaba de ser anunciada\u2026 ser\u00e1 del 22 al 24 de noviembre del 2013. Lamentablemente todav\u00eda no han anunciado m\u00e1s detalles sobre \u201cDue\u00f1os \u201913\u201d \u2013 pero no cabe duda que\u2026","rel":"","context":"En \u00abCostasur Dominicana @es\u00bb","block_context":{"text":"Costasur Dominicana @es","link":"https:\/\/casadecampoliving.com\/es\/category\/costasur-dominicana-es\/"},"img":{"alt_text":"alfonso paniagua claudio silvestri","src":"https:\/\/i0.wp.com\/casadecampoliving.com\/wp-content\/uploads\/2022\/10\/alfonso_paniagua_claudio_silvestri-1.jpg?fit=650%2C436&ssl=1&resize=350%2C200","width":350,"height":200,"srcset":"https:\/\/i0.wp.com\/casadecampoliving.com\/wp-content\/uploads\/2022\/10\/alfonso_paniagua_claudio_silvestri-1.jpg?fit=650%2C436&ssl=1&resize=350%2C200 1x, https:\/\/i0.wp.com\/casadecampoliving.com\/wp-content\/uploads\/2022\/10\/alfonso_paniagua_claudio_silvestri-1.jpg?fit=650%2C436&ssl=1&resize=525%2C300 1.5x"},"classes":[]},{"id":345223,"url":"https:\/\/casadecampoliving.com\/es\/nueva-fecha-para-duenos-2014\/","url_meta":{"origin":340096,"position":2},"title":"\u00a1Nueva fecha para Due\u00f1os 2014!","author":"Maria Isabel B\u00e1ez","date":"29 Ago, 2014","format":false,"excerpt":"\u00a1Costasur Dominicana y Casa de Campo han anunciado que la fecha de la celebraci\u00f3n de Due\u00f1os 2014 ha sido cambiada! Due\u00f1os 2014 fue planeado originalmente para que fuese celebrado en el fin de semana 14 y 15 de Noviembre \u00a1pero ahora fue confirmado para el Viernes 21 y el S\u00e1bado\u2026","rel":"","context":"En \u00abCostasur Dominicana @es\u00bb","block_context":{"text":"Costasur Dominicana @es","link":"https:\/\/casadecampoliving.com\/es\/category\/costasur-dominicana-es\/"},"img":{"alt_text":"Alfonso Paniagua, Claudio Silvestri","src":"https:\/\/i0.wp.com\/casadecampoliving.com\/wp-content\/uploads\/2022\/10\/alfonso_paniagua_Claudio_silvestri-1.jpg?fit=650%2C436&ssl=1&resize=350%2C200","width":350,"height":200,"srcset":"https:\/\/i0.wp.com\/casadecampoliving.com\/wp-content\/uploads\/2022\/10\/alfonso_paniagua_Claudio_silvestri-1.jpg?fit=650%2C436&ssl=1&resize=350%2C200 1x, https:\/\/i0.wp.com\/casadecampoliving.com\/wp-content\/uploads\/2022\/10\/alfonso_paniagua_Claudio_silvestri-1.jpg?fit=650%2C436&ssl=1&resize=525%2C300 1.5x"},"classes":[]},{"id":339099,"url":"https:\/\/casadecampoliving.com\/es\/costasur-y-casa-de-campo-se-preparan-ya-para-duenos-2012\/","url_meta":{"origin":340096,"position":3},"title":"Costasur y Casa de Campo se preparan ya para \u00abDue\u00f1os 2012\u00bb","author":"","date":"30 May, 2012","format":false,"excerpt":"La celebraci\u00f3n del evento \u201cDue\u00f1os\u201d, realizado para los due\u00f1os de villa por Costasur y Casa de Campo \u2013 ya se est\u00e1 planeando! A\u00fan cuando no hemos recibido muchos detalles todav\u00eda, nos hemos enterado de unos interesantes rumores y hechos que pensamos ustedes disfrutar\u00edan\u2026. FECHA: S\u00e1bado 10 de noviembre El evento\u2026","rel":"","context":"En \u00abNoticias Locales\u00bb","block_context":{"text":"Noticias Locales","link":"https:\/\/casadecampoliving.com\/es\/category\/noticias-locales\/"},"img":{"alt_text":"duenos","src":"https:\/\/i0.wp.com\/casadecampoliving.com\/wp-content\/uploads\/2022\/10\/duenos10-1.jpg?fit=650%2C280&ssl=1&resize=350%2C200","width":350,"height":200,"srcset":"https:\/\/i0.wp.com\/casadecampoliving.com\/wp-content\/uploads\/2022\/10\/duenos10-1.jpg?fit=650%2C280&ssl=1&resize=350%2C200 1x, https:\/\/i0.wp.com\/casadecampoliving.com\/wp-content\/uploads\/2022\/10\/duenos10-1.jpg?fit=650%2C280&ssl=1&resize=525%2C300 1.5x"},"classes":[]},{"id":344421,"url":"https:\/\/casadecampoliving.com\/es\/las-fechas-para-duenos-2014-han-sido-anunciadas\/","url_meta":{"origin":340096,"position":4},"title":"\u00a1Las fechas de Due\u00f1os 2014 han sido anunciadas!","author":"Eliana Alba","date":"21 May, 2014","format":false,"excerpt":"\u00a1Nos entusiasma traerles excelentes noticias! Las fechas de\u00a0uno de nuestros eventos anuales favoritos han sido anunciadas. La celebraci\u00f3n organizada por Costasur y Casa de Campo para los due\u00f1os de villa, \u201cDue\u00f1os 2014\u201d, tomar\u00e1 lugar del 14 a 15 de noviembre.\u00a0 Nos parece que al pasar de los a\u00f1os\u00a0estas celebraciones solamente\u2026","rel":"","context":"En \u00abCostasur Dominicana @es\u00bb","block_context":{"text":"Costasur Dominicana @es","link":"https:\/\/casadecampoliving.com\/es\/category\/costasur-dominicana-es\/"},"img":{"alt_text":"","src":"https:\/\/i0.wp.com\/casadecampoliving.com\/wp-content\/uploads\/2022\/10\/casa_de_campo_villa_owners_duenos_beach_party2-3.jpg?fit=650%2C433&ssl=1&resize=350%2C200","width":350,"height":200,"srcset":"https:\/\/i0.wp.com\/casadecampoliving.com\/wp-content\/uploads\/2022\/10\/casa_de_campo_villa_owners_duenos_beach_party2-3.jpg?fit=650%2C433&ssl=1&resize=350%2C200 1x, https:\/\/i0.wp.com\/casadecampoliving.com\/wp-content\/uploads\/2022\/10\/casa_de_campo_villa_owners_duenos_beach_party2-3.jpg?fit=650%2C433&ssl=1&resize=525%2C300 1.5x"},"classes":[]},{"id":343271,"url":"https:\/\/casadecampoliving.com\/es\/casa-de-campo-costasur-anuncian-barbacoa-argentina-para-duenos-2013\/","url_meta":{"origin":340096,"position":5},"title":"Casa de Campo &#038; Costasur anuncian celebraci\u00f3n de Due\u00f1os 2013 en playa Minitas","author":"Genesis Perdomo","date":"14 Nov, 2013","format":false,"excerpt":"Con Due\u00f1os 2013 programado para ser celebrado en un par de semanas (noviembre 22-23), Casa de Campo & Costasur anuncian su celebraci\u00f3n con una Barbacoa Argentina. La celebraci\u00f3n anual de Due\u00f1os organizada por Casa de Campo & Costasur, es una fabulosa reuni\u00f3n para todos los propietarios de villas en Casa\u2026","rel":"","context":"En \u00abCasa de Campo Living @es\u00bb","block_context":{"text":"Casa de Campo Living @es","link":"https:\/\/casadecampoliving.com\/category\/casa-de-campo-living-es\/"},"img":{"alt_text":"Minitas Beach Casa de Campo","src":"https:\/\/i0.wp.com\/casadecampoliving.com\/wp-content\/uploads\/2022\/10\/img_4334-1-scaled.jpg?fit=1200%2C900&ssl=1&resize=350%2C200","width":350,"height":200,"srcset":"https:\/\/i0.wp.com\/casadecampoliving.com\/wp-content\/uploads\/2022\/10\/img_4334-1-scaled.jpg?fit=1200%2C900&ssl=1&resize=350%2C200 1x, https:\/\/i0.wp.com\/casadecampoliving.com\/wp-content\/uploads\/2022\/10\/img_4334-1-scaled.jpg?fit=1200%2C900&ssl=1&resize=525%2C300 1.5x, https:\/\/i0.wp.com\/casadecampoliving.com\/wp-content\/uploads\/2022\/10\/img_4334-1-scaled.jpg?fit=1200%2C900&ssl=1&resize=700%2C400 2x, https:\/\/i0.wp.com\/casadecampoliving.com\/wp-content\/uploads\/2022\/10\/img_4334-1-scaled.jpg?fit=1200%2C900&ssl=1&resize=1050%2C600 3x"},"classes":[]}],"jetpack_sharing_enabled":true,"_links":{"self":[{"href":"https:\/\/casadecampoliving.com\/es\/wp-json\/wp\/v2\/posts\/340096","targetHints":{"allow":["GET"]}}],"collection":[{"href":"https:\/\/casadecampoliving.com\/es\/wp-json\/wp\/v2\/posts"}],"about":[{"href":"https:\/\/casadecampoliving.com\/es\/wp-json\/wp\/v2\/types\/post"}],"author":[{"embeddable":true,"href":"https:\/\/casadecampoliving.com\/es\/wp-json\/wp\/v2\/users\/21"}],"replies":[{"embeddable":true,"href":"https:\/\/casadecampoliving.com\/es\/wp-json\/wp\/v2\/comments?post=340096"}],"version-history":[{"count":1,"href":"https:\/\/casadecampoliving.com\/es\/wp-json\/wp\/v2\/posts\/340096\/revisions"}],"predecessor-version":[{"id":340097,"href":"https:\/\/casadecampoliving.com\/es\/wp-json\/wp\/v2\/posts\/340096\/revisions\/340097"}],"wp:featuredmedia":[{"embeddable":true,"href":"https:\/\/casadecampoliving.com\/es\/wp-json\/wp\/v2\/media\/232396"}],"wp:attachment":[{"href":"https:\/\/casadecampoliving.com\/es\/wp-json\/wp\/v2\/media?parent=340096"}],"wp:term":[{"taxonomy":"category","embeddable":true,"href":"https:\/\/casadecampoliving.com\/es\/wp-json\/wp\/v2\/categories?post=340096"},{"taxonomy":"post_tag","embeddable":true,"href":"https:\/\/casadecampoliving.com\/es\/wp-json\/wp\/v2\/tags?post=340096"},{"taxonomy":"newspack_spnsrs_tax","embeddable":true,"href":"https:\/\/casadecampoliving.com\/es\/wp-json\/wp\/v2\/newspack_spnsrs_tax?post=340096"}],"curies":[{"name":"wp","href":"https:\/\/api.w.org\/{rel}","templated":true}]}}