{"id":340062,"date":"2012-11-04T00:00:00","date_gmt":"2012-11-04T04:00:00","guid":{"rendered":"https:\/\/casadecampoliving.com\/la-fundacion-mir-recibe-donaciones-de-vestimentas-de-la-disenadora-julissa-peralta\/"},"modified":"2022-10-21T18:53:01","modified_gmt":"2022-10-21T22:53:01","slug":"la-fundacion-mir-recibe-donaciones-de-vestimentas-de-la-disenadora-julissa-peralta","status":"publish","type":"post","link":"https:\/\/casadecampoliving.com\/es\/la-fundacion-mir-recibe-donaciones-de-vestimentas-de-la-disenadora-julissa-peralta\/","title":{"rendered":"La Fundaci\u00f3n MIR recibe donaciones de vestimentas de la dise\u00f1adora Julissa Peralta"},"content":{"rendered":"<div class=\"wp-block-image\">\n<figure class=\"aligncenter is-resized\"><img loading=\"lazy\" decoding=\"async\" src=\"https:\/\/i0.wp.com\/casadecampoliving.com\/wp-content\/uploads\/2022\/10\/fundacion_mir.gif?resize=650%2C444&amp;ssl=1\" alt=\"fundacion MIR\" class=\"wp-image-60266\" title=\"fundacion_mir\" height=\"444\" width=\"650\"\/><\/figure>\n<\/div>\n\n\n<p>Los ni\u00f1os de las escuelas de Fundaci\u00f3n MIR en La Romana, recientemente recibieron un maravillos regalo de preciosas vestimentas donadas por la dise\u00f1adora Julissa Peralta.&nbsp;<\/p>\n\n\n\n<!--more-->\n\n\n<div class=\"wp-block-image\">\n<figure class=\"alignright is-resized\"><img loading=\"lazy\" decoding=\"async\" src=\"https:\/\/i0.wp.com\/casadecampoliving.com\/wp-content\/uploads\/2022\/10\/fundacion_mir1.gif?resize=230%2C388&amp;ssl=1\" alt=\"fundacion MIR\" class=\"wp-image-60268\" title=\"fundacion_mir\" height=\"388\" width=\"230\"\/><\/figure>\n<\/div>\n\n\n<p>La Fundaci\u00f3n MIR, como una organizaci\u00f3n sin fines de lucro que trabaja con el prop\u00f3sito de proveer educaci\u00f3n a los ni\u00f1os de escasos recursos en el \u00e1rea de La Romana \u2013 estuvo feliz de recibir estas donaciones de la dise\u00f1adora Julissa Peralta, propietaria y administradora de su tienda de ni\u00f1os en Santo Domingo. Los atuendos, en su mayor\u00eda, hermosos vestidos de flores, fueron recibidos con entusiasmo por las ni\u00f1as de Primaria MIR \u2013 y qu\u00e9 adorable se ven!<\/p>\n\n\n\n<blockquote class=\"wp-block-quote is-layout-flow wp-block-quote-is-layout-flow\"><p><em>\u201cMe siento muy feliz de ver las fotos y saber que pude poner un granito<br>\nde arena. felicidades a ustedes por esta hermosa labor\u201d.<\/em><\/p><p style=\"padding-left: 30px;\">\u2014 Julissa Peralta<\/p><\/blockquote>\n\n\n\n<p>Si a USTED le gustar\u00eda involucrarse apoyando a la Fundaci\u00f3n MIR, que, al igual que Primaria MIR, tambi\u00e9n tiene las escuelas (vocacional para ni\u00f1os), la Escuela T\u00e9cnica Vocacional&nbsp;Fundaci\u00f3n&nbsp;MIR (de ni\u00f1as), con m\u00e1s de mil ni\u00f1os en total \u2013 usted tambi\u00e9n puede realizar sus donaciones o reservar la fecha para acompa\u00f1arles en el XXII Esplendor M\u00e1gico Por La Vida, un evento ben\u00e9fico a realizarse el pr\u00f3ximo s\u00e1bado 19 de enero de 2013 \u2013 <a href=\"https:\/\/casadecampoliving.com\/es\/2012\/10\/reserve-la-fecha-alfy-y-raysa-fanjul-les-invita-al-xxii-esplendor-magico-por-la-vida-de-mir-sab-19-de-enero-2013\/\">haga click aqu\u00ed para m\u00e1s detalles!<\/a><\/p>\n\n\n\n<blockquote><figure><img decoding=\"async\" loading=\"lazy\" class=\"alignleft  wp-image-46795\" style=\"margin-left: 15px; margin-right: 15px;\" title=\"lian_fanjul_azqueta\" src=\"https:\/\/i0.wp.com\/casadecampoliving.com\/wp-content\/uploads\/2022\/10\/lian_fanjul_azqueta.jpg?resize=119%2C203&amp;ssl=1\" alt=\"lian fanjul de azqueta\" width=\"119\" height=\"203\"><\/figure><p>\u201cLa educaci\u00f3n se ha convertido en nuestro principal objetivo porque esperamos formar j\u00f3venes que se convertir\u00e1n en l\u00edderes en sus familias, comunidades y en su pa\u00eds. Hacer una inversi\u00f3n en la juventud de nuestra naci\u00f3n nos beneficia a todos. Es s\u00f3lo con nuestra generosidad que muchos tienen la oportunidad de participar en esta experiencia educativa\u201d.<\/p><p>\u2014- Lian Fanjul de Azqueta, presidente y fundadora de la Fundaci\u00f3n MIR<\/p><\/blockquote>\n\n\n\n<blockquote><p><strong><a href=\"https:\/\/casadecampoliving.com\/es\/la-fundacion-mir\/\">La Fundaci\u00f3n MIR<\/a><\/strong><\/p><figure><img decoding=\"async\" loading=\"lazy\" title=\"fundacion_MIR\" src=\"https:\/\/i0.wp.com\/casadecampoliving.com\/wp-content\/uploads\/2022\/10\/fundacion_MIR6.jpg?resize=620%2C413&amp;ssl=1\" alt=\"fundacion MIR\" width=\"620\" height=\"413\"><\/figure><figure><img decoding=\"async\" loading=\"lazy\" class=\"alignright\" title=\"fundacion_MIR\" src=\"https:\/\/i0.wp.com\/casadecampoliving.com\/wp-content\/uploads\/2022\/10\/fundacion_MIR.jpg?resize=144%2C138&amp;ssl=1\" alt=\"\" width=\"144\" height=\"138\"><\/figure><p><a href=\"https:\/\/casadecampoliving.com\/es\/la-fundacion-mir\/\">La Fundaci\u00f3n MIR<\/a>&nbsp;ha creado, dise\u00f1ado y mantiene varios proyectos sociales, entre ellos, la Primaria MIR donde se recibe a ni\u00f1os y ni\u00f1as peque\u00f1os a partir de los 5 a\u00f1os de edad; el Polit\u00e9cnico Fundaci\u00f3n MIR, que proporciona educaci\u00f3n desde el 5to grado hasta el 12vo grado, adem\u00e1s de ofrecer carreras t\u00e9cnicas en distintas \u00e1reas; el Polit\u00e9cnico MIR Esperanza, con programas de educaci\u00f3n integral para j\u00f3venes.<\/p><p><a href=\"https:\/\/casadecampoliving.com\/es\/la-fundacion-mir\/\">Para m\u00e1s leer m\u00e1s art\u00edculos y obtener m\u00e1s informaciones sobre la Fundaci\u00f3n MIR haga click aqu\u00ed!<\/a><\/p><p><em><strong><a href=\"https:\/\/casadecampoliving.com\/the-fundacion-mir\/\">Click HERE to read more about the Fundaci\u00f3n MIR!<\/a><\/strong><\/em><\/p><\/blockquote>\n","protected":false},"excerpt":{"rendered":"<p>Los ni\u00f1os de las escuelas de Fundaci\u00f3n MIR en La Romana, recientemente recibieron un maravillos regalo de preciosas vestimentas donadas por la dise\u00f1adora Julissa Peralta.&nbsp;<\/p>\n","protected":false},"author":21,"featured_media":230311,"comment_status":"closed","ping_status":"closed","sticky":false,"template":"","format":"standard","meta":{"newspack_ads_suppress_ads":false,"newspack_popups_has_disabled_popups":false,"newspack_sponsor_sponsorship_scope":"","newspack_sponsor_native_byline_display":"inherit","newspack_sponsor_native_category_display":"inherit","newspack_sponsor_underwriter_style":"inherit","newspack_sponsor_underwriter_placement":"inherit","_newspack_byline_active":false,"_newspack_byline":"","newspack_content_restriction_is_exempt":false,"newspack_featured_image_position":"","newspack_post_subtitle":"","newspack_article_summary_title":"Overview:","newspack_article_summary":"","newspack_hide_updated_date":false,"newspack_show_updated_date":false,"_jetpack_memberships_contains_paid_content":false,"footnotes":"","jetpack_publicize_message":"","jetpack_publicize_feature_enabled":true,"jetpack_social_post_already_shared":false,"jetpack_social_options":{"image_generator_settings":{"template":"highway","default_image_id":0,"font":"","enabled":false},"version":2},"_wpas_customize_per_network":false},"categories":[2524,14631,2522,2515,2514,14625,14627],"tags":[5539,24715,5537,1091,1684],"newspack_spnsrs_tax":[],"class_list":["post-340062","post","type-post","status-publish","format-standard","has-post-thumbnail","hentry","category-destacados","category-estilo-de-vida","category-eventos-es","category-fundacion-mir-es","category-fundaciones-es","category-noticias-locales","category-proximamente","tag-escuelas-mir","tag-fundacion-mir-es","tag-julissa-peralta","tag-mir-esperanza","tag-primaria-mir","entry"],"yoast_head":"<!-- This site is optimized with the Yoast SEO plugin v27.3 - https:\/\/yoast.com\/product\/yoast-seo-wordpress\/ -->\n<title>La Fundaci\u00f3n MIR recibe donaciones de vestimentas de la dise\u00f1adora Julissa Peralta | Casa de Campo Living<\/title>\n<meta name=\"description\" content=\"Los ni\u00f1os de las escuelas de Fundaci\u00f3n MIR en La Romana, recientemente recibieron un maravillos regalo de preciosas vestimentas donadas por la dise\u00f1adora\" \/>\n<meta name=\"robots\" content=\"index, follow, max-snippet:-1, max-image-preview:large, max-video-preview:-1\" \/>\n<link rel=\"canonical\" href=\"https:\/\/casadecampoliving.com\/es\/la-fundacion-mir-recibe-donaciones-de-vestimentas-de-la-disenadora-julissa-peralta\/\" \/>\n<meta property=\"og:locale\" content=\"es_ES\" \/>\n<meta property=\"og:type\" content=\"article\" \/>\n<meta property=\"og:title\" content=\"La Fundaci\u00f3n MIR recibe donaciones de vestimentas de la dise\u00f1adora Julissa Peralta | Casa de Campo Living\" \/>\n<meta property=\"og:description\" content=\"Los ni\u00f1os de las escuelas de Fundaci\u00f3n MIR en La Romana, recientemente recibieron un maravillos regalo de preciosas vestimentas donadas por la dise\u00f1adora\" \/>\n<meta property=\"og:url\" content=\"https:\/\/casadecampoliving.com\/es\/la-fundacion-mir-recibe-donaciones-de-vestimentas-de-la-disenadora-julissa-peralta\/\" \/>\n<meta property=\"og:site_name\" content=\"Casa de Campo Living\" \/>\n<meta property=\"article:publisher\" content=\"https:\/\/www.facebook.com\/casadecampoliving\" \/>\n<meta property=\"article:published_time\" content=\"2012-11-04T04:00:00+00:00\" \/>\n<meta property=\"article:modified_time\" content=\"2022-10-21T22:53:01+00:00\" \/>\n<meta property=\"og:image\" content=\"https:\/\/i0.wp.com\/casadecampoliving.com\/wp-content\/uploads\/2022\/10\/fundacion_mir-1.gif?fit=650%2C444&ssl=1\" \/>\n\t<meta property=\"og:image:width\" content=\"650\" \/>\n\t<meta property=\"og:image:height\" content=\"444\" \/>\n\t<meta property=\"og:image:type\" content=\"image\/gif\" \/>\n<meta name=\"twitter:card\" content=\"summary_large_image\" \/>\n<meta name=\"twitter:creator\" content=\"@cdcliving\" \/>\n<meta name=\"twitter:site\" content=\"@cdcliving\" \/>\n<meta name=\"twitter:label1\" content=\"Escrito por\" \/>\n\t<meta name=\"twitter:data1\" content=\"\" \/>\n\t<meta name=\"twitter:label2\" content=\"Tiempo de lectura\" \/>\n\t<meta name=\"twitter:data2\" content=\"2 minutos\" \/>\n<script type=\"application\/ld+json\" class=\"yoast-schema-graph\">{\"@context\":\"https:\\\/\\\/schema.org\",\"@graph\":[{\"@type\":\"Article\",\"@id\":\"https:\\\/\\\/casadecampoliving.com\\\/es\\\/la-fundacion-mir-recibe-donaciones-de-vestimentas-de-la-disenadora-julissa-peralta\\\/#article\",\"isPartOf\":{\"@id\":\"https:\\\/\\\/casadecampoliving.com\\\/es\\\/la-fundacion-mir-recibe-donaciones-de-vestimentas-de-la-disenadora-julissa-peralta\\\/\"},\"author\":{\"name\":\"\",\"@id\":\"https:\\\/\\\/casadecampoliving.com\\\/es\\\/#\\\/schema\\\/person\\\/7e3b975d584a5f6ac0fd7128a81b0bc5\"},\"headline\":\"La Fundaci\u00f3n MIR recibe donaciones de vestimentas de la dise\u00f1adora Julissa Peralta\",\"datePublished\":\"2012-11-04T04:00:00+00:00\",\"dateModified\":\"2022-10-21T22:53:01+00:00\",\"mainEntityOfPage\":{\"@id\":\"https:\\\/\\\/casadecampoliving.com\\\/es\\\/la-fundacion-mir-recibe-donaciones-de-vestimentas-de-la-disenadora-julissa-peralta\\\/\"},\"wordCount\":439,\"publisher\":{\"@id\":\"https:\\\/\\\/casadecampoliving.com\\\/es\\\/#organization\"},\"image\":{\"@id\":\"https:\\\/\\\/casadecampoliving.com\\\/es\\\/la-fundacion-mir-recibe-donaciones-de-vestimentas-de-la-disenadora-julissa-peralta\\\/#primaryimage\"},\"thumbnailUrl\":\"https:\\\/\\\/i0.wp.com\\\/casadecampoliving.com\\\/wp-content\\\/uploads\\\/2022\\\/10\\\/fundacion_mir-1.gif?fit=650%2C444&ssl=1\",\"keywords\":[\"escuelas mir\",\"Fundacion MIR\",\"julissa peralta\",\"MIR Esperanza\",\"Primaria MIR\"],\"articleSection\":[\"Destacados\",\"Estilo de Vida\",\"Eventos\",\"Fundaci\u00f3n MIR @es\",\"Fundaciones\",\"Noticias Locales\",\"Proximamente\"],\"inLanguage\":\"es\"},{\"@type\":\"WebPage\",\"@id\":\"https:\\\/\\\/casadecampoliving.com\\\/es\\\/la-fundacion-mir-recibe-donaciones-de-vestimentas-de-la-disenadora-julissa-peralta\\\/\",\"url\":\"https:\\\/\\\/casadecampoliving.com\\\/es\\\/la-fundacion-mir-recibe-donaciones-de-vestimentas-de-la-disenadora-julissa-peralta\\\/\",\"name\":\"La Fundaci\u00f3n MIR recibe donaciones de vestimentas de la dise\u00f1adora Julissa Peralta | Casa de Campo Living\",\"isPartOf\":{\"@id\":\"https:\\\/\\\/casadecampoliving.com\\\/es\\\/#website\"},\"primaryImageOfPage\":{\"@id\":\"https:\\\/\\\/casadecampoliving.com\\\/es\\\/la-fundacion-mir-recibe-donaciones-de-vestimentas-de-la-disenadora-julissa-peralta\\\/#primaryimage\"},\"image\":{\"@id\":\"https:\\\/\\\/casadecampoliving.com\\\/es\\\/la-fundacion-mir-recibe-donaciones-de-vestimentas-de-la-disenadora-julissa-peralta\\\/#primaryimage\"},\"thumbnailUrl\":\"https:\\\/\\\/i0.wp.com\\\/casadecampoliving.com\\\/wp-content\\\/uploads\\\/2022\\\/10\\\/fundacion_mir-1.gif?fit=650%2C444&ssl=1\",\"datePublished\":\"2012-11-04T04:00:00+00:00\",\"dateModified\":\"2022-10-21T22:53:01+00:00\",\"description\":\"Los ni\u00f1os de las escuelas de Fundaci\u00f3n MIR en La Romana, recientemente recibieron un maravillos regalo de preciosas vestimentas donadas por la dise\u00f1adora\",\"breadcrumb\":{\"@id\":\"https:\\\/\\\/casadecampoliving.com\\\/es\\\/la-fundacion-mir-recibe-donaciones-de-vestimentas-de-la-disenadora-julissa-peralta\\\/#breadcrumb\"},\"inLanguage\":\"es\",\"potentialAction\":[{\"@type\":\"ReadAction\",\"target\":[\"https:\\\/\\\/casadecampoliving.com\\\/es\\\/la-fundacion-mir-recibe-donaciones-de-vestimentas-de-la-disenadora-julissa-peralta\\\/\"]}]},{\"@type\":\"ImageObject\",\"inLanguage\":\"es\",\"@id\":\"https:\\\/\\\/casadecampoliving.com\\\/es\\\/la-fundacion-mir-recibe-donaciones-de-vestimentas-de-la-disenadora-julissa-peralta\\\/#primaryimage\",\"url\":\"https:\\\/\\\/i0.wp.com\\\/casadecampoliving.com\\\/wp-content\\\/uploads\\\/2022\\\/10\\\/fundacion_mir-1.gif?fit=650%2C444&ssl=1\",\"contentUrl\":\"https:\\\/\\\/i0.wp.com\\\/casadecampoliving.com\\\/wp-content\\\/uploads\\\/2022\\\/10\\\/fundacion_mir-1.gif?fit=650%2C444&ssl=1\",\"width\":650,\"height\":444,\"caption\":\"fundacion MIR\"},{\"@type\":\"BreadcrumbList\",\"@id\":\"https:\\\/\\\/casadecampoliving.com\\\/es\\\/la-fundacion-mir-recibe-donaciones-de-vestimentas-de-la-disenadora-julissa-peralta\\\/#breadcrumb\",\"itemListElement\":[{\"@type\":\"ListItem\",\"position\":1,\"name\":\"Home\",\"item\":\"https:\\\/\\\/casadecampoliving.com\\\/es\\\/\"},{\"@type\":\"ListItem\",\"position\":2,\"name\":\"La Fundaci\u00f3n MIR recibe donaciones de vestimentas de la dise\u00f1adora Julissa Peralta\"}]},{\"@type\":\"WebSite\",\"@id\":\"https:\\\/\\\/casadecampoliving.com\\\/es\\\/#website\",\"url\":\"https:\\\/\\\/casadecampoliving.com\\\/es\\\/\",\"name\":\"Casa de Campo Living\",\"description\":\"Resort community news and resources.\",\"publisher\":{\"@id\":\"https:\\\/\\\/casadecampoliving.com\\\/es\\\/#organization\"},\"potentialAction\":[{\"@type\":\"SearchAction\",\"target\":{\"@type\":\"EntryPoint\",\"urlTemplate\":\"https:\\\/\\\/casadecampoliving.com\\\/es\\\/?s={search_term_string}\"},\"query-input\":{\"@type\":\"PropertyValueSpecification\",\"valueRequired\":true,\"valueName\":\"search_term_string\"}}],\"inLanguage\":\"es\"},{\"@type\":\"Organization\",\"@id\":\"https:\\\/\\\/casadecampoliving.com\\\/es\\\/#organization\",\"name\":\"Casa de Campo Living\",\"url\":\"https:\\\/\\\/casadecampoliving.com\\\/es\\\/\",\"logo\":{\"@type\":\"ImageObject\",\"inLanguage\":\"es\",\"@id\":\"https:\\\/\\\/casadecampoliving.com\\\/es\\\/#\\\/schema\\\/logo\\\/image\\\/\",\"url\":\"https:\\\/\\\/i0.wp.com\\\/casadecampoliving.com\\\/wp-content\\\/uploads\\\/2022\\\/07\\\/CDCLivingLogo_V1-white-sized.png?fit=800%2C214&ssl=1\",\"contentUrl\":\"https:\\\/\\\/i0.wp.com\\\/casadecampoliving.com\\\/wp-content\\\/uploads\\\/2022\\\/07\\\/CDCLivingLogo_V1-white-sized.png?fit=800%2C214&ssl=1\",\"width\":800,\"height\":214,\"caption\":\"Casa de Campo Living\"},\"image\":{\"@id\":\"https:\\\/\\\/casadecampoliving.com\\\/es\\\/#\\\/schema\\\/logo\\\/image\\\/\"},\"sameAs\":[\"https:\\\/\\\/www.facebook.com\\\/casadecampoliving\",\"https:\\\/\\\/x.com\\\/cdcliving\"]},{\"@type\":\"Person\",\"@id\":\"https:\\\/\\\/casadecampoliving.com\\\/es\\\/#\\\/schema\\\/person\\\/7e3b975d584a5f6ac0fd7128a81b0bc5\",\"name\":\"\",\"image\":{\"@type\":\"ImageObject\",\"inLanguage\":\"es\",\"@id\":\"https:\\\/\\\/secure.gravatar.com\\\/avatar\\\/?s=96&d=mm&r=g\",\"url\":\"https:\\\/\\\/secure.gravatar.com\\\/avatar\\\/?s=96&d=mm&r=g\",\"contentUrl\":\"https:\\\/\\\/secure.gravatar.com\\\/avatar\\\/?s=96&d=mm&r=g\"},\"url\":\"https:\\\/\\\/casadecampoliving.com\\\/es\\\/author\\\/ \\\/\"}]}<\/script>\n<!-- \/ Yoast SEO plugin. -->","yoast_head_json":{"title":"La Fundaci\u00f3n MIR recibe donaciones de vestimentas de la dise\u00f1adora Julissa Peralta | Casa de Campo Living","description":"Los ni\u00f1os de las escuelas de Fundaci\u00f3n MIR en La Romana, recientemente recibieron un maravillos regalo de preciosas vestimentas donadas por la dise\u00f1adora","robots":{"index":"index","follow":"follow","max-snippet":"max-snippet:-1","max-image-preview":"max-image-preview:large","max-video-preview":"max-video-preview:-1"},"canonical":"https:\/\/casadecampoliving.com\/es\/la-fundacion-mir-recibe-donaciones-de-vestimentas-de-la-disenadora-julissa-peralta\/","og_locale":"es_ES","og_type":"article","og_title":"La Fundaci\u00f3n MIR recibe donaciones de vestimentas de la dise\u00f1adora Julissa Peralta | Casa de Campo Living","og_description":"Los ni\u00f1os de las escuelas de Fundaci\u00f3n MIR en La Romana, recientemente recibieron un maravillos regalo de preciosas vestimentas donadas por la dise\u00f1adora","og_url":"https:\/\/casadecampoliving.com\/es\/la-fundacion-mir-recibe-donaciones-de-vestimentas-de-la-disenadora-julissa-peralta\/","og_site_name":"Casa de Campo Living","article_publisher":"https:\/\/www.facebook.com\/casadecampoliving","article_published_time":"2012-11-04T04:00:00+00:00","article_modified_time":"2022-10-21T22:53:01+00:00","og_image":[{"width":650,"height":444,"url":"https:\/\/i0.wp.com\/casadecampoliving.com\/wp-content\/uploads\/2022\/10\/fundacion_mir-1.gif?fit=650%2C444&ssl=1","type":"image\/gif"}],"twitter_card":"summary_large_image","twitter_creator":"@cdcliving","twitter_site":"@cdcliving","twitter_misc":{"Escrito por":"","Tiempo de lectura":"2 minutos"},"schema":{"@context":"https:\/\/schema.org","@graph":[{"@type":"Article","@id":"https:\/\/casadecampoliving.com\/es\/la-fundacion-mir-recibe-donaciones-de-vestimentas-de-la-disenadora-julissa-peralta\/#article","isPartOf":{"@id":"https:\/\/casadecampoliving.com\/es\/la-fundacion-mir-recibe-donaciones-de-vestimentas-de-la-disenadora-julissa-peralta\/"},"author":{"name":"","@id":"https:\/\/casadecampoliving.com\/es\/#\/schema\/person\/7e3b975d584a5f6ac0fd7128a81b0bc5"},"headline":"La Fundaci\u00f3n MIR recibe donaciones de vestimentas de la dise\u00f1adora Julissa Peralta","datePublished":"2012-11-04T04:00:00+00:00","dateModified":"2022-10-21T22:53:01+00:00","mainEntityOfPage":{"@id":"https:\/\/casadecampoliving.com\/es\/la-fundacion-mir-recibe-donaciones-de-vestimentas-de-la-disenadora-julissa-peralta\/"},"wordCount":439,"publisher":{"@id":"https:\/\/casadecampoliving.com\/es\/#organization"},"image":{"@id":"https:\/\/casadecampoliving.com\/es\/la-fundacion-mir-recibe-donaciones-de-vestimentas-de-la-disenadora-julissa-peralta\/#primaryimage"},"thumbnailUrl":"https:\/\/i0.wp.com\/casadecampoliving.com\/wp-content\/uploads\/2022\/10\/fundacion_mir-1.gif?fit=650%2C444&ssl=1","keywords":["escuelas mir","Fundacion MIR","julissa peralta","MIR Esperanza","Primaria MIR"],"articleSection":["Destacados","Estilo de Vida","Eventos","Fundaci\u00f3n MIR @es","Fundaciones","Noticias Locales","Proximamente"],"inLanguage":"es"},{"@type":"WebPage","@id":"https:\/\/casadecampoliving.com\/es\/la-fundacion-mir-recibe-donaciones-de-vestimentas-de-la-disenadora-julissa-peralta\/","url":"https:\/\/casadecampoliving.com\/es\/la-fundacion-mir-recibe-donaciones-de-vestimentas-de-la-disenadora-julissa-peralta\/","name":"La Fundaci\u00f3n MIR recibe donaciones de vestimentas de la dise\u00f1adora Julissa Peralta | Casa de Campo Living","isPartOf":{"@id":"https:\/\/casadecampoliving.com\/es\/#website"},"primaryImageOfPage":{"@id":"https:\/\/casadecampoliving.com\/es\/la-fundacion-mir-recibe-donaciones-de-vestimentas-de-la-disenadora-julissa-peralta\/#primaryimage"},"image":{"@id":"https:\/\/casadecampoliving.com\/es\/la-fundacion-mir-recibe-donaciones-de-vestimentas-de-la-disenadora-julissa-peralta\/#primaryimage"},"thumbnailUrl":"https:\/\/i0.wp.com\/casadecampoliving.com\/wp-content\/uploads\/2022\/10\/fundacion_mir-1.gif?fit=650%2C444&ssl=1","datePublished":"2012-11-04T04:00:00+00:00","dateModified":"2022-10-21T22:53:01+00:00","description":"Los ni\u00f1os de las escuelas de Fundaci\u00f3n MIR en La Romana, recientemente recibieron un maravillos regalo de preciosas vestimentas donadas por la dise\u00f1adora","breadcrumb":{"@id":"https:\/\/casadecampoliving.com\/es\/la-fundacion-mir-recibe-donaciones-de-vestimentas-de-la-disenadora-julissa-peralta\/#breadcrumb"},"inLanguage":"es","potentialAction":[{"@type":"ReadAction","target":["https:\/\/casadecampoliving.com\/es\/la-fundacion-mir-recibe-donaciones-de-vestimentas-de-la-disenadora-julissa-peralta\/"]}]},{"@type":"ImageObject","inLanguage":"es","@id":"https:\/\/casadecampoliving.com\/es\/la-fundacion-mir-recibe-donaciones-de-vestimentas-de-la-disenadora-julissa-peralta\/#primaryimage","url":"https:\/\/i0.wp.com\/casadecampoliving.com\/wp-content\/uploads\/2022\/10\/fundacion_mir-1.gif?fit=650%2C444&ssl=1","contentUrl":"https:\/\/i0.wp.com\/casadecampoliving.com\/wp-content\/uploads\/2022\/10\/fundacion_mir-1.gif?fit=650%2C444&ssl=1","width":650,"height":444,"caption":"fundacion MIR"},{"@type":"BreadcrumbList","@id":"https:\/\/casadecampoliving.com\/es\/la-fundacion-mir-recibe-donaciones-de-vestimentas-de-la-disenadora-julissa-peralta\/#breadcrumb","itemListElement":[{"@type":"ListItem","position":1,"name":"Home","item":"https:\/\/casadecampoliving.com\/es\/"},{"@type":"ListItem","position":2,"name":"La Fundaci\u00f3n MIR recibe donaciones de vestimentas de la dise\u00f1adora Julissa Peralta"}]},{"@type":"WebSite","@id":"https:\/\/casadecampoliving.com\/es\/#website","url":"https:\/\/casadecampoliving.com\/es\/","name":"Casa de Campo Living","description":"Resort community news and resources.","publisher":{"@id":"https:\/\/casadecampoliving.com\/es\/#organization"},"potentialAction":[{"@type":"SearchAction","target":{"@type":"EntryPoint","urlTemplate":"https:\/\/casadecampoliving.com\/es\/?s={search_term_string}"},"query-input":{"@type":"PropertyValueSpecification","valueRequired":true,"valueName":"search_term_string"}}],"inLanguage":"es"},{"@type":"Organization","@id":"https:\/\/casadecampoliving.com\/es\/#organization","name":"Casa de Campo Living","url":"https:\/\/casadecampoliving.com\/es\/","logo":{"@type":"ImageObject","inLanguage":"es","@id":"https:\/\/casadecampoliving.com\/es\/#\/schema\/logo\/image\/","url":"https:\/\/i0.wp.com\/casadecampoliving.com\/wp-content\/uploads\/2022\/07\/CDCLivingLogo_V1-white-sized.png?fit=800%2C214&ssl=1","contentUrl":"https:\/\/i0.wp.com\/casadecampoliving.com\/wp-content\/uploads\/2022\/07\/CDCLivingLogo_V1-white-sized.png?fit=800%2C214&ssl=1","width":800,"height":214,"caption":"Casa de Campo Living"},"image":{"@id":"https:\/\/casadecampoliving.com\/es\/#\/schema\/logo\/image\/"},"sameAs":["https:\/\/www.facebook.com\/casadecampoliving","https:\/\/x.com\/cdcliving"]},{"@type":"Person","@id":"https:\/\/casadecampoliving.com\/es\/#\/schema\/person\/7e3b975d584a5f6ac0fd7128a81b0bc5","name":"","image":{"@type":"ImageObject","inLanguage":"es","@id":"https:\/\/secure.gravatar.com\/avatar\/?s=96&d=mm&r=g","url":"https:\/\/secure.gravatar.com\/avatar\/?s=96&d=mm&r=g","contentUrl":"https:\/\/secure.gravatar.com\/avatar\/?s=96&d=mm&r=g"},"url":"https:\/\/casadecampoliving.com\/es\/author\/ \/"}]}},"parsely":{"version":"1.1.0","canonical_url":"https:\/\/casadecampoliving.com\/es\/la-fundacion-mir-recibe-donaciones-de-vestimentas-de-la-disenadora-julissa-peralta\/","smart_links":{"inbound":0,"outbound":0},"traffic_boost_suggestions_count":0,"meta":{"@context":"https:\/\/schema.org","@type":"NewsArticle","headline":"La Fundaci\u00f3n MIR recibe donaciones de vestimentas de la dise\u00f1adora Julissa Peralta","url":"http:\/\/casadecampoliving.com\/es\/la-fundacion-mir-recibe-donaciones-de-vestimentas-de-la-disenadora-julissa-peralta\/","mainEntityOfPage":{"@type":"WebPage","@id":"http:\/\/casadecampoliving.com\/es\/la-fundacion-mir-recibe-donaciones-de-vestimentas-de-la-disenadora-julissa-peralta\/"},"thumbnailUrl":"https:\/\/i0.wp.com\/casadecampoliving.com\/wp-content\/uploads\/2022\/10\/fundacion_mir-1.gif?resize=150%2C150&ssl=1","image":{"@type":"ImageObject","url":"https:\/\/i0.wp.com\/casadecampoliving.com\/wp-content\/uploads\/2022\/10\/fundacion_mir-1.gif?fit=650%2C444&ssl=1"},"articleSection":"Destacados","author":[{"@type":"Person","name":"FB_515917546"}],"creator":["FB_515917546"],"publisher":{"@type":"Organization","name":"Casa de Campo Living","logo":"https:\/\/casadecampoliving.com\/wp-content\/uploads\/2022\/07\/CDCLivingLogo_V1-white-sized.png"},"keywords":["escuelas mir","fundacion mir","julissa peralta","mir esperanza","primaria mir"],"dateCreated":"2012-11-04T04:00:00Z","datePublished":"2012-11-04T04:00:00Z","dateModified":"2022-10-21T22:53:01Z"},"rendered":"<script type=\"application\/ld+json\" class=\"wp-parsely-metadata\">{\"@context\":\"https:\\\/\\\/schema.org\",\"@type\":\"NewsArticle\",\"headline\":\"La Fundaci\\u00f3n MIR recibe donaciones de vestimentas de la dise\\u00f1adora Julissa Peralta\",\"url\":\"http:\\\/\\\/casadecampoliving.com\\\/es\\\/la-fundacion-mir-recibe-donaciones-de-vestimentas-de-la-disenadora-julissa-peralta\\\/\",\"mainEntityOfPage\":{\"@type\":\"WebPage\",\"@id\":\"http:\\\/\\\/casadecampoliving.com\\\/es\\\/la-fundacion-mir-recibe-donaciones-de-vestimentas-de-la-disenadora-julissa-peralta\\\/\"},\"thumbnailUrl\":\"https:\\\/\\\/i0.wp.com\\\/casadecampoliving.com\\\/wp-content\\\/uploads\\\/2022\\\/10\\\/fundacion_mir-1.gif?resize=150%2C150&ssl=1\",\"image\":{\"@type\":\"ImageObject\",\"url\":\"https:\\\/\\\/i0.wp.com\\\/casadecampoliving.com\\\/wp-content\\\/uploads\\\/2022\\\/10\\\/fundacion_mir-1.gif?fit=650%2C444&ssl=1\"},\"articleSection\":\"Destacados\",\"author\":[{\"@type\":\"Person\",\"name\":\"FB_515917546\"}],\"creator\":[\"FB_515917546\"],\"publisher\":{\"@type\":\"Organization\",\"name\":\"Casa de Campo Living\",\"logo\":\"https:\\\/\\\/casadecampoliving.com\\\/wp-content\\\/uploads\\\/2022\\\/07\\\/CDCLivingLogo_V1-white-sized.png\"},\"keywords\":[\"escuelas mir\",\"fundacion mir\",\"julissa peralta\",\"mir esperanza\",\"primaria mir\"],\"dateCreated\":\"2012-11-04T04:00:00Z\",\"datePublished\":\"2012-11-04T04:00:00Z\",\"dateModified\":\"2022-10-21T22:53:01Z\"}<\/script>","tracker_url":"https:\/\/cdn.parsely.com\/keys\/casadecampoliving.com\/p.js"},"jetpack_publicize_connections":[],"jetpack_featured_media_url":"https:\/\/i0.wp.com\/casadecampoliving.com\/wp-content\/uploads\/2022\/10\/fundacion_mir-1.gif?fit=650%2C444&ssl=1","jetpack-related-posts":[{"id":321772,"url":"https:\/\/casadecampoliving.com\/fundacion-mir-receives-clothing-donation-from-dominican-designer-julissa-peralta\/","url_meta":{"origin":340062,"position":0},"title":"Fundaci\u00f3n MIR receives clothing donation from Dominican designer Julissa Peralta","author":"Rebecca Silvestri","date":"4 Nov, 2012","format":false,"excerpt":"The children of the Fundaci\u00f3n MIR schools in La Romana recently received a wonderful gift of beautiful clothes donated by Dominican designer Julissa Peralta.\u00a0 The Fundaci\u00f3n MIR, a non-profit organisation, which works to provide education to the children of the greater La Romana area, who are most in need \u2013\u2026","rel":"","context":"En \u00abBeyond Casa\u00bb","block_context":{"text":"Beyond Casa","link":"https:\/\/casadecampoliving.com\/category\/beyond-casa\/"},"img":{"alt_text":"fundacion MIR","src":"https:\/\/i0.wp.com\/casadecampoliving.com\/wp-content\/uploads\/2022\/10\/fundacion_mir-1.gif?fit=650%2C444&ssl=1&resize=350%2C200","width":350,"height":200,"srcset":"https:\/\/i0.wp.com\/casadecampoliving.com\/wp-content\/uploads\/2022\/10\/fundacion_mir-1.gif?fit=650%2C444&ssl=1&resize=350%2C200 1x, https:\/\/i0.wp.com\/casadecampoliving.com\/wp-content\/uploads\/2022\/10\/fundacion_mir-1.gif?fit=650%2C444&ssl=1&resize=525%2C300 1.5x"},"classes":[]},{"id":327113,"url":"https:\/\/casadecampoliving.com\/save-the-date-fundacion-mir-bazaar-2016\/","url_meta":{"origin":340062,"position":1},"title":"Save the Date: Fundaci\u00f3n MIR Bazaar 2016","author":"Marlenys Guzm\u00e1n Casta\u00f1os","date":"25 Feb, 2016","format":false,"excerpt":"This year the Sugar Golf Tournament, hosted by Alfy Fanjul, will play from March 31st to the 3rd of April and will \u2013 as has been the tradition for many years \u2013 be accompanied by the \u201cMIR Bazaar,\u201d a fabulous opportunity to shop and raise funds for the Fundaci\u00f3n MIR\u2026","rel":"","context":"En \u00abArt and Culture\u00bb","block_context":{"text":"Art and Culture","link":"https:\/\/casadecampoliving.com\/category\/art-and-culture\/"},"img":{"alt_text":"Featured Image - MIR BAzaar 2016","src":"https:\/\/i0.wp.com\/casadecampoliving.com\/wp-content\/uploads\/2022\/10\/Featured-Image-MIR-BAzaar-2016.jpg?fit=650%2C400&ssl=1&resize=350%2C200","width":350,"height":200,"srcset":"https:\/\/i0.wp.com\/casadecampoliving.com\/wp-content\/uploads\/2022\/10\/Featured-Image-MIR-BAzaar-2016.jpg?fit=650%2C400&ssl=1&resize=350%2C200 1x, https:\/\/i0.wp.com\/casadecampoliving.com\/wp-content\/uploads\/2022\/10\/Featured-Image-MIR-BAzaar-2016.jpg?fit=650%2C400&ssl=1&resize=525%2C300 1.5x"},"classes":[]},{"id":344221,"url":"https:\/\/casadecampoliving.com\/es\/compras-compras-y-mas-compras-en-el-mir-bazaar\/","url_meta":{"origin":340062,"position":2},"title":"Compras, compras y m\u00e1s compras en el MIR Bazaar","author":"Perkin Agramonte","date":"22 Abr, 2014","format":false,"excerpt":"Me encanta el MIR Bazaar. Definitivamente es comprar por una buena causa, entonces, \u00bfYa sabes por que me gusta tanto? La semana pasada entre el jueves 10 de abril y el domingo 13 de abril, se dio apertura al MIR Bazaar en La Romana Country Club, como parte del 29\u00ba\u2026","rel":"","context":"En \u00abbusinesses\u00bb","block_context":{"text":"businesses","link":"https:\/\/casadecampoliving.com\/es\/category\/businesses\/"},"img":{"alt_text":"","src":"https:\/\/i0.wp.com\/casadecampoliving.com\/wp-content\/uploads\/2022\/10\/MIR-bazaar-1.jpg?fit=650%2C434&ssl=1&resize=350%2C200","width":350,"height":200,"srcset":"https:\/\/i0.wp.com\/casadecampoliving.com\/wp-content\/uploads\/2022\/10\/MIR-bazaar-1.jpg?fit=650%2C434&ssl=1&resize=350%2C200 1x, https:\/\/i0.wp.com\/casadecampoliving.com\/wp-content\/uploads\/2022\/10\/MIR-bazaar-1.jpg?fit=650%2C434&ssl=1&resize=525%2C300 1.5x"},"classes":[]},{"id":341066,"url":"https:\/\/casadecampoliving.com\/es\/el-bazar-de-mir-recauda-mas-de-us10000-dolares-para-las-escuelas-de-la-fundacion-mir\/","url_meta":{"origin":340062,"position":3},"title":"El Bazar de MIR recauda m\u00e1s de US$10,000 d\u00f3lares para las escuelas de la Fundaci\u00f3n MIR","author":"Mairobi Herrera","date":"19 Abr, 2013","format":false,"excerpt":"Del \u00a04 \u00a0al 7 de abril pasado el Bazar de \u00a0MIR estuvo abierto en el Country Club de la Romana, como parte \u00a0de las actividades del 28avo Torneo anual de Golf Sugar, y \u00a0 recaud\u00f3 m\u00e1s de diez mil d\u00f3lares para la Fundaci\u00f3n MIR, la cual trabaja en la construcci\u00f3n\u2026","rel":"","context":"En \u00abArte y cultura\u00bb","block_context":{"text":"Arte y cultura","link":"https:\/\/casadecampoliving.com\/category\/arte-y-cultura\/"},"img":{"alt_text":"raysa fanjul","src":"https:\/\/i0.wp.com\/casadecampoliving.com\/wp-content\/uploads\/2022\/10\/raysa_fanjul3-1.jpg?fit=650%2C390&ssl=1&resize=350%2C200","width":350,"height":200,"srcset":"https:\/\/i0.wp.com\/casadecampoliving.com\/wp-content\/uploads\/2022\/10\/raysa_fanjul3-1.jpg?fit=650%2C390&ssl=1&resize=350%2C200 1x, https:\/\/i0.wp.com\/casadecampoliving.com\/wp-content\/uploads\/2022\/10\/raysa_fanjul3-1.jpg?fit=650%2C390&ssl=1&resize=525%2C300 1.5x"},"classes":[]},{"id":349577,"url":"https:\/\/casadecampoliving.com\/es\/una-celebracion-del-estilo-y-de-la-caridad-en-el-mir-bazaar\/","url_meta":{"origin":340062,"position":4},"title":"Una celebraci\u00f3n del estilo y de la Caridad en el MIR Bazaar","author":"Heather Lincoln","date":"8 Abr, 2016","format":false,"excerpt":"\u00a1Detalles Detalles Detalles! Este a\u00f1o, el MIR Bazaar 2016 organizado por Lian Fanjul de Azqueta y Raysa Fanjul tuvo lugar el pasado s\u00e1bado 2\u00ba de abril y mostr\u00f3 una gran variedad de proveedores que nos presentaron un tema colectivo lleno de color, desde collares de cuentas y pendientes, a bolsos\u2026","rel":"","context":"En \u00abEventos\u00bb","block_context":{"text":"Eventos","link":"https:\/\/casadecampoliving.com\/es\/category\/eventos-es\/"},"img":{"alt_text":"MIR Bazaar 2016","src":"https:\/\/i0.wp.com\/casadecampoliving.com\/wp-content\/uploads\/2022\/10\/MIRbazaar2016-1-e1460221285423.jpg?fit=955%2C666&ssl=1&resize=350%2C200","width":350,"height":200,"srcset":"https:\/\/i0.wp.com\/casadecampoliving.com\/wp-content\/uploads\/2022\/10\/MIRbazaar2016-1-e1460221285423.jpg?fit=955%2C666&ssl=1&resize=350%2C200 1x, https:\/\/i0.wp.com\/casadecampoliving.com\/wp-content\/uploads\/2022\/10\/MIRbazaar2016-1-e1460221285423.jpg?fit=955%2C666&ssl=1&resize=525%2C300 1.5x, https:\/\/i0.wp.com\/casadecampoliving.com\/wp-content\/uploads\/2022\/10\/MIRbazaar2016-1-e1460221285423.jpg?fit=955%2C666&ssl=1&resize=700%2C400 2x"},"classes":[]},{"id":327305,"url":"https:\/\/casadecampoliving.com\/celebration-style-charity-mir-bazaar\/","url_meta":{"origin":340062,"position":5},"title":"A Celebration of Style and Charity at the MIR Bazaar","author":"Heather Lincoln","date":"8 Abr, 2016","format":false,"excerpt":"Details details details! This year\u2019s MIR Bazaar 2016 and Ladies Luncheon hosted by Lian Fanjul de Azqueta and Raysa Fanjul took place last Saturday\u00a0April 2nd and showcased a variety of vendors presenting an all-around theme of colorfully adorned pieces, from beaded statement necklaces and earrings to embellished handbags, and garments\u2026","rel":"","context":"En \u00abCasa de Campo Resort\u00bb","block_context":{"text":"Casa de Campo Resort","link":"https:\/\/casadecampoliving.com\/category\/casa-de-campo-resort\/"},"img":{"alt_text":"MIR Bazaar 2016","src":"https:\/\/i0.wp.com\/casadecampoliving.com\/wp-content\/uploads\/2022\/10\/MIRbazaar2016-1-e1460221285423.jpg?fit=955%2C666&ssl=1&resize=350%2C200","width":350,"height":200,"srcset":"https:\/\/i0.wp.com\/casadecampoliving.com\/wp-content\/uploads\/2022\/10\/MIRbazaar2016-1-e1460221285423.jpg?fit=955%2C666&ssl=1&resize=350%2C200 1x, https:\/\/i0.wp.com\/casadecampoliving.com\/wp-content\/uploads\/2022\/10\/MIRbazaar2016-1-e1460221285423.jpg?fit=955%2C666&ssl=1&resize=525%2C300 1.5x, https:\/\/i0.wp.com\/casadecampoliving.com\/wp-content\/uploads\/2022\/10\/MIRbazaar2016-1-e1460221285423.jpg?fit=955%2C666&ssl=1&resize=700%2C400 2x"},"classes":[]}],"jetpack_sharing_enabled":true,"_links":{"self":[{"href":"https:\/\/casadecampoliving.com\/es\/wp-json\/wp\/v2\/posts\/340062","targetHints":{"allow":["GET"]}}],"collection":[{"href":"https:\/\/casadecampoliving.com\/es\/wp-json\/wp\/v2\/posts"}],"about":[{"href":"https:\/\/casadecampoliving.com\/es\/wp-json\/wp\/v2\/types\/post"}],"author":[{"embeddable":true,"href":"https:\/\/casadecampoliving.com\/es\/wp-json\/wp\/v2\/users\/21"}],"replies":[{"embeddable":true,"href":"https:\/\/casadecampoliving.com\/es\/wp-json\/wp\/v2\/comments?post=340062"}],"version-history":[{"count":1,"href":"https:\/\/casadecampoliving.com\/es\/wp-json\/wp\/v2\/posts\/340062\/revisions"}],"predecessor-version":[{"id":340063,"href":"https:\/\/casadecampoliving.com\/es\/wp-json\/wp\/v2\/posts\/340062\/revisions\/340063"}],"wp:featuredmedia":[{"embeddable":true,"href":"https:\/\/casadecampoliving.com\/es\/wp-json\/wp\/v2\/media\/230311"}],"wp:attachment":[{"href":"https:\/\/casadecampoliving.com\/es\/wp-json\/wp\/v2\/media?parent=340062"}],"wp:term":[{"taxonomy":"category","embeddable":true,"href":"https:\/\/casadecampoliving.com\/es\/wp-json\/wp\/v2\/categories?post=340062"},{"taxonomy":"post_tag","embeddable":true,"href":"https:\/\/casadecampoliving.com\/es\/wp-json\/wp\/v2\/tags?post=340062"},{"taxonomy":"newspack_spnsrs_tax","embeddable":true,"href":"https:\/\/casadecampoliving.com\/es\/wp-json\/wp\/v2\/newspack_spnsrs_tax?post=340062"}],"curies":[{"name":"wp","href":"https:\/\/api.w.org\/{rel}","templated":true}]}}