{"id":339982,"date":"2012-10-21T00:00:00","date_gmt":"2012-10-21T04:00:00","guid":{"rendered":"https:\/\/casadecampoliving.com\/en-memoria-de-acharat-victoria-un-obituario-personal-por-hc-bueck\/"},"modified":"2022-10-21T18:49:16","modified_gmt":"2022-10-21T22:49:16","slug":"en-memoria-de-acharat-victoria-un-obituario-personal-por-hc-bueck","status":"publish","type":"post","link":"https:\/\/casadecampoliving.com\/es\/en-memoria-de-acharat-victoria-un-obituario-personal-por-hc-bueck\/","title":{"rendered":"En memoria de Acharat Victoria &#8211; un obituario personal por HC Bueck"},"content":{"rendered":"<div class=\"wp-block-image\">\n<figure class=\"aligncenter is-resized\"><img loading=\"lazy\" decoding=\"async\" src=\"https:\/\/i0.wp.com\/casadecampoliving.com\/wp-content\/uploads\/2022\/10\/acharat_victoria.jpg?resize=640%2C426&amp;ssl=1\" alt=\"acharat victoria\" class=\"wp-image-59662\" title=\"acharat_victoria\" height=\"426\" width=\"640\"\/><\/figure>\n<\/div>\n\n\n<p>El mes pasado, mi amigo Acharat Victoria falleci\u00f3. Pudo ser, quiz\u00e1s, el empleado que m\u00e1s tiempo ten\u00eda trabajando para Costasur. Con su esposa Tonita, ten\u00eda 4 hijos Yuri, Ali, Margi y Francisco y viv\u00eda en Vivero II en Casa de Campo y su hija y nuero (Ali y Campos de Moya) viv\u00edan al cruzar la calle. <\/p>\n\n\n\n<!--more-->\n\n\n<div class=\"wp-block-image\">\n<figure class=\"aligncenter is-resized\"><img loading=\"lazy\" decoding=\"async\" src=\"https:\/\/i0.wp.com\/casadecampoliving.com\/wp-content\/uploads\/2022\/10\/acharat_victoria1.jpg?resize=640%2C362&amp;ssl=1\" alt=\"acharat victoria\" class=\"wp-image-59663\" title=\"acharat_victoria\" height=\"362\" width=\"640\"\/><\/figure>\n<\/div>\n\n\n<p class=\"has-text-align-center\"><strong>Acharat Victoria con sus hijas Ali y Margi<\/strong><a href=\"https:\/\/casadecampoliving.com\/wp-content\/uploads\/2022\/10\/acharat_victoria1.jpg\"><br>\n<\/a><\/p>\n\n\n\n<p class=\"has-text-align-left\">Siempre dio el ejemplo del mejor caracter de los dominicanos. Un caballero callado. Un verdadero hombre del Renacimiento. Un artista. Su hogar estaba lleno de sus pinturas, inclusive su mural en la oficina ten\u00eda hermosos dibujos en carboncillo. Era un jardinero. Su jard\u00edn es todo un jard\u00edn bot\u00e1nico con una variedad de \u00e1rboles de frutas, al igual que orqu\u00eddeas y muchas plantas y flores locales. Sobre su casa, est\u00e1n los trabajos de una sofisticada estaci\u00f3n meteorol\u00f3gica, otro hobby.<\/p>\n\n\n<div class=\"wp-block-image\">\n<figure class=\"alignright is-resized\"><img loading=\"lazy\" decoding=\"async\" src=\"https:\/\/i0.wp.com\/casadecampoliving.com\/wp-content\/uploads\/2022\/10\/acharat_victoria6.jpg?resize=225%2C315&amp;ssl=1\" alt=\"acharat victoria\" class=\"wp-image-59722\" title=\"acharat_victoria\" height=\"315\" width=\"225\"\/><\/figure>\n<\/div>\n\n\n<p class=\"has-text-align-left\">En su garaje, un enorme y celestial telescopio estaba disponible para las despejadas noches dominicanas. Estudi\u00f3 astronom\u00eda. Sus gustos musicales eran variados y deleitaban a todos. En su hogar, el piano de Comilo o Enrique Chia era tocado con frecuencia en el fondo. Lo he visto bailar, primero con su esposa, Tonita, hasta que falleci\u00f3, y luego con su hija Margii en el Victory Club hasta pasadas largas horas de la noche sin cansancio. Era un artista del merengue, suave, preciso, correcto, con gracia, y una hipnotizante alegr\u00eda verle bailar.<\/p>\n\n\n<div class=\"wp-block-image\">\n<figure class=\"aligncenter is-resized\"><img loading=\"lazy\" decoding=\"async\" src=\"https:\/\/i0.wp.com\/casadecampoliving.com\/wp-content\/uploads\/2022\/10\/acharat_victoria7.jpg?resize=650%2C391&amp;ssl=1\" alt=\"acharat victoria\" class=\"wp-image-59740\" title=\"acharat_victoria\" height=\"391\" width=\"650\"\/><\/figure>\n<\/div>\n\n\n<p class=\"has-text-align-center\"><strong>Yuri Victoria, Don Acharat Victoria and Michael Rosario<\/strong><br>\n<\/p>\n\n\n<div class=\"wp-block-image\">\n<figure class=\"alignright is-resized\"><img loading=\"lazy\" decoding=\"async\" src=\"https:\/\/i0.wp.com\/casadecampoliving.com\/wp-content\/uploads\/2022\/10\/Yuri-Don-Acharat-and-Charlene.jpg?resize=207%2C243&amp;ssl=1\" alt=\"yuri, acharat, charlene\" class=\"wp-image-59739\" title=\"Yuri-Don-Acharat-and-Charlene\" height=\"243\" width=\"207\"\/><\/figure>\n<\/div>\n\n\n<p>Un anfitri\u00f3n perfecto y con gracia. Mi esposa sol\u00eda disfrutar las cenas en su hogar y las salidas en la noche en sus restaurantes favoritos, Lucas y Chinois (los propietarios y meseros siempre lo cuidaban muy bien). Disfrut\u00e1bamos los viajes con \u00e9l a Bayahibe para almorzar en \u201cthe French&nbsp;Place\u201d o \u201cthe Italian place\u201d, tambi\u00e9n al nuevo Casino por un breve turno en las mesas de juego. Siempre ve\u00eda y nos introduc\u00eda a sus amigos a donde quiera que ibamos. Ten\u00eda muchos amigos.<\/p>\n\n\n<div class=\"wp-block-image\">\n<figure class=\"aligncenter is-resized\"><img loading=\"lazy\" decoding=\"async\" src=\"https:\/\/i0.wp.com\/casadecampoliving.com\/wp-content\/uploads\/2022\/10\/acharat_victoria3.jpg?resize=650%2C610&amp;ssl=1\" alt=\"acharat victoria\" class=\"wp-image-59665\" title=\"acharat_victoria\" height=\"610\" width=\"650\"\/><\/figure>\n<\/div>\n\n\n<p class=\"has-text-align-center\"><strong><a href=\"https:\/\/casadecampoliving.com\/2011\/02\/remembering-the-chichigua-fest-2010\/\">Acharat en el Chichigua fest de 2010<\/a><\/strong><br>\n<\/p>\n\n\n<div class=\"wp-block-image\">\n<figure class=\"alignright is-resized\"><img loading=\"lazy\" decoding=\"async\" src=\"https:\/\/i0.wp.com\/casadecampoliving.com\/wp-content\/uploads\/2022\/10\/Francisco-Victoria.jpg?resize=193%2C208&amp;ssl=1\" alt=\"francisco victoria\" class=\"wp-image-59741\" title=\"Francisco-Victoria\" height=\"208\" width=\"193\"\/><\/figure>\n<\/div>\n\n\n<p>Siempre estaba ansioso por conocer nuestra familia e invitados que ten\u00edamos de los Estados Unidos. Ninguno se retir\u00f3 del pa\u00eds sin antes tener el regalo de un recuerdo de \u00e9l. Cuando nuestro doctor de la familia y nuestros hijos nos visitaban, era un gran placer para \u00e9l introducirle al doctor L\u00f3pez y llevarle a realizar un tour por la cl\u00ednica, discutiend los planes de la nueva cl\u00ednica.<\/p>\n\n\n\n<p>Fue mi verdadera fortuna llegar a conocer a Acharat y lo extra\u00f1ar\u00e9.<\/p>\n\n\n<div class=\"wp-block-image\">\n<figure class=\"aligncenter is-resized\"><img loading=\"lazy\" decoding=\"async\" src=\"https:\/\/i0.wp.com\/casadecampoliving.com\/wp-content\/uploads\/2022\/10\/acharat_victoria5.jpg?resize=650%2C429&amp;ssl=1\" alt=\"acharat victoria\" class=\"wp-image-59670\" title=\"acharat_victoria\" height=\"429\" width=\"650\"\/><\/figure>\n<\/div>\n\n\n<p class=\"has-text-align-center\"><strong>Acharat con H.C en Altos de Chav\u00f3n, Casa de Campo<br>\n<\/strong><\/p>\n","protected":false},"excerpt":{"rendered":"<p>El mes pasado, mi amigo Acharat Victoria falleci\u00f3. Pudo ser, quiz\u00e1s, el empleado que m\u00e1s tiempo ten\u00eda trabajando para Costasur. Con su esposa Tonita, ten\u00eda 4 hijos Yuri, Ali, Margi y Francisco y viv\u00eda en Vivero II en Casa de Campo y su hija y nuero (Ali y Campos de Moya) viv\u00edan al cruzar la [&hellip;]<\/p>\n","protected":false},"author":21,"featured_media":226383,"comment_status":"closed","ping_status":"closed","sticky":false,"template":"","format":"standard","meta":{"newspack_ads_suppress_ads":false,"newspack_popups_has_disabled_popups":false,"newspack_sponsor_sponsorship_scope":"","newspack_sponsor_native_byline_display":"inherit","newspack_sponsor_native_category_display":"inherit","newspack_sponsor_underwriter_style":"inherit","newspack_sponsor_underwriter_placement":"inherit","_newspack_byline_active":false,"_newspack_byline":"","newspack_hide_updated_date":false,"newspack_show_updated_date":false,"newspack_content_restriction_is_exempt":false,"newspack_featured_image_position":"","newspack_post_subtitle":"","newspack_article_summary_title":"Overview:","newspack_article_summary":"","_jetpack_memberships_contains_paid_content":false,"footnotes":"","jetpack_publicize_message":"","jetpack_publicize_feature_enabled":true,"jetpack_social_post_already_shared":false,"jetpack_social_options":{"image_generator_settings":{"template":"highway","default_image_id":0,"font":"","enabled":false},"version":2},"_wpas_customize_per_network":false},"categories":[2524],"tags":[659],"newspack_spnsrs_tax":[],"class_list":["post-339982","post","type-post","status-publish","format-standard","has-post-thumbnail","hentry","category-destacados","tag-costasur","entry"],"yoast_head":"<!-- This site is optimized with the Yoast SEO plugin v27.5 - https:\/\/yoast.com\/product\/yoast-seo-wordpress\/ -->\n<title>En memoria de Acharat Victoria - un obituario personal por HC Bueck | Casa de Campo Living<\/title>\n<meta name=\"description\" content=\"El mes pasado, mi amigo Acharat Victoria falleci\u00f3. Pudo ser, quiz\u00e1s, el empleado que m\u00e1s tiempo ten\u00eda trabajando para Costasur. Con su esposa Tonita,\" \/>\n<meta name=\"robots\" content=\"index, follow, max-snippet:-1, max-image-preview:large, max-video-preview:-1\" \/>\n<link rel=\"canonical\" href=\"https:\/\/casadecampoliving.com\/es\/en-memoria-de-acharat-victoria-un-obituario-personal-por-hc-bueck\/\" \/>\n<meta property=\"og:locale\" content=\"es_ES\" \/>\n<meta property=\"og:type\" content=\"article\" \/>\n<meta property=\"og:title\" content=\"En memoria de Acharat Victoria - un obituario personal por HC Bueck | Casa de Campo Living\" \/>\n<meta property=\"og:description\" content=\"El mes pasado, mi amigo Acharat Victoria falleci\u00f3. Pudo ser, quiz\u00e1s, el empleado que m\u00e1s tiempo ten\u00eda trabajando para Costasur. Con su esposa Tonita,\" \/>\n<meta property=\"og:url\" content=\"https:\/\/casadecampoliving.com\/es\/en-memoria-de-acharat-victoria-un-obituario-personal-por-hc-bueck\/\" \/>\n<meta property=\"og:site_name\" content=\"Casa de Campo Living\" \/>\n<meta property=\"article:publisher\" content=\"https:\/\/www.facebook.com\/casadecampoliving\" \/>\n<meta property=\"article:published_time\" content=\"2012-10-21T04:00:00+00:00\" \/>\n<meta property=\"article:modified_time\" content=\"2022-10-21T22:49:16+00:00\" \/>\n<meta property=\"og:image\" content=\"https:\/\/i0.wp.com\/casadecampoliving.com\/wp-content\/uploads\/2022\/10\/acharat_victoria-1.jpg?fit=640%2C426&ssl=1\" \/>\n\t<meta property=\"og:image:width\" content=\"640\" \/>\n\t<meta property=\"og:image:height\" content=\"426\" \/>\n\t<meta property=\"og:image:type\" content=\"image\/jpeg\" \/>\n<meta name=\"twitter:card\" content=\"summary_large_image\" \/>\n<meta name=\"twitter:creator\" content=\"@cdcliving\" \/>\n<meta name=\"twitter:site\" content=\"@cdcliving\" \/>\n<meta name=\"twitter:label1\" content=\"Escrito por\" \/>\n\t<meta name=\"twitter:data1\" content=\"\" \/>\n\t<meta name=\"twitter:label2\" content=\"Tiempo de lectura\" \/>\n\t<meta name=\"twitter:data2\" content=\"2 minutos\" \/>\n<script type=\"application\/ld+json\" class=\"yoast-schema-graph\">{\"@context\":\"https:\\\/\\\/schema.org\",\"@graph\":[{\"@type\":\"Article\",\"@id\":\"https:\\\/\\\/casadecampoliving.com\\\/es\\\/en-memoria-de-acharat-victoria-un-obituario-personal-por-hc-bueck\\\/#article\",\"isPartOf\":{\"@id\":\"https:\\\/\\\/casadecampoliving.com\\\/es\\\/en-memoria-de-acharat-victoria-un-obituario-personal-por-hc-bueck\\\/\"},\"author\":{\"name\":\"\",\"@id\":\"https:\\\/\\\/casadecampoliving.com\\\/es\\\/#\\\/schema\\\/person\\\/7e3b975d584a5f6ac0fd7128a81b0bc5\"},\"headline\":\"En memoria de Acharat Victoria &#8211; un obituario personal por HC Bueck\",\"datePublished\":\"2012-10-21T04:00:00+00:00\",\"dateModified\":\"2022-10-21T22:49:16+00:00\",\"mainEntityOfPage\":{\"@id\":\"https:\\\/\\\/casadecampoliving.com\\\/es\\\/en-memoria-de-acharat-victoria-un-obituario-personal-por-hc-bueck\\\/\"},\"wordCount\":461,\"publisher\":{\"@id\":\"https:\\\/\\\/casadecampoliving.com\\\/es\\\/#organization\"},\"image\":{\"@id\":\"https:\\\/\\\/casadecampoliving.com\\\/es\\\/en-memoria-de-acharat-victoria-un-obituario-personal-por-hc-bueck\\\/#primaryimage\"},\"thumbnailUrl\":\"https:\\\/\\\/i0.wp.com\\\/casadecampoliving.com\\\/wp-content\\\/uploads\\\/2022\\\/10\\\/acharat_victoria-1.jpg?fit=640%2C426&ssl=1\",\"keywords\":[\"costasur\"],\"articleSection\":[\"Destacados\"],\"inLanguage\":\"es\"},{\"@type\":\"WebPage\",\"@id\":\"https:\\\/\\\/casadecampoliving.com\\\/es\\\/en-memoria-de-acharat-victoria-un-obituario-personal-por-hc-bueck\\\/\",\"url\":\"https:\\\/\\\/casadecampoliving.com\\\/es\\\/en-memoria-de-acharat-victoria-un-obituario-personal-por-hc-bueck\\\/\",\"name\":\"En memoria de Acharat Victoria - un obituario personal por HC Bueck | Casa de Campo Living\",\"isPartOf\":{\"@id\":\"https:\\\/\\\/casadecampoliving.com\\\/es\\\/#website\"},\"primaryImageOfPage\":{\"@id\":\"https:\\\/\\\/casadecampoliving.com\\\/es\\\/en-memoria-de-acharat-victoria-un-obituario-personal-por-hc-bueck\\\/#primaryimage\"},\"image\":{\"@id\":\"https:\\\/\\\/casadecampoliving.com\\\/es\\\/en-memoria-de-acharat-victoria-un-obituario-personal-por-hc-bueck\\\/#primaryimage\"},\"thumbnailUrl\":\"https:\\\/\\\/i0.wp.com\\\/casadecampoliving.com\\\/wp-content\\\/uploads\\\/2022\\\/10\\\/acharat_victoria-1.jpg?fit=640%2C426&ssl=1\",\"datePublished\":\"2012-10-21T04:00:00+00:00\",\"dateModified\":\"2022-10-21T22:49:16+00:00\",\"description\":\"El mes pasado, mi amigo Acharat Victoria falleci\u00f3. Pudo ser, quiz\u00e1s, el empleado que m\u00e1s tiempo ten\u00eda trabajando para Costasur. Con su esposa Tonita,\",\"breadcrumb\":{\"@id\":\"https:\\\/\\\/casadecampoliving.com\\\/es\\\/en-memoria-de-acharat-victoria-un-obituario-personal-por-hc-bueck\\\/#breadcrumb\"},\"inLanguage\":\"es\",\"potentialAction\":[{\"@type\":\"ReadAction\",\"target\":[\"https:\\\/\\\/casadecampoliving.com\\\/es\\\/en-memoria-de-acharat-victoria-un-obituario-personal-por-hc-bueck\\\/\"]}]},{\"@type\":\"ImageObject\",\"inLanguage\":\"es\",\"@id\":\"https:\\\/\\\/casadecampoliving.com\\\/es\\\/en-memoria-de-acharat-victoria-un-obituario-personal-por-hc-bueck\\\/#primaryimage\",\"url\":\"https:\\\/\\\/i0.wp.com\\\/casadecampoliving.com\\\/wp-content\\\/uploads\\\/2022\\\/10\\\/acharat_victoria-1.jpg?fit=640%2C426&ssl=1\",\"contentUrl\":\"https:\\\/\\\/i0.wp.com\\\/casadecampoliving.com\\\/wp-content\\\/uploads\\\/2022\\\/10\\\/acharat_victoria-1.jpg?fit=640%2C426&ssl=1\",\"width\":640,\"height\":426,\"caption\":\"acharat victoria\"},{\"@type\":\"BreadcrumbList\",\"@id\":\"https:\\\/\\\/casadecampoliving.com\\\/es\\\/en-memoria-de-acharat-victoria-un-obituario-personal-por-hc-bueck\\\/#breadcrumb\",\"itemListElement\":[{\"@type\":\"ListItem\",\"position\":1,\"name\":\"Home\",\"item\":\"https:\\\/\\\/casadecampoliving.com\\\/es\\\/\"},{\"@type\":\"ListItem\",\"position\":2,\"name\":\"En memoria de Acharat Victoria &#8211; un obituario personal por HC Bueck\"}]},{\"@type\":\"WebSite\",\"@id\":\"https:\\\/\\\/casadecampoliving.com\\\/es\\\/#website\",\"url\":\"https:\\\/\\\/casadecampoliving.com\\\/es\\\/\",\"name\":\"Casa de Campo Living\",\"description\":\"Resort community news and resources.\",\"publisher\":{\"@id\":\"https:\\\/\\\/casadecampoliving.com\\\/es\\\/#organization\"},\"potentialAction\":[{\"@type\":\"SearchAction\",\"target\":{\"@type\":\"EntryPoint\",\"urlTemplate\":\"https:\\\/\\\/casadecampoliving.com\\\/es\\\/?s={search_term_string}\"},\"query-input\":{\"@type\":\"PropertyValueSpecification\",\"valueRequired\":true,\"valueName\":\"search_term_string\"}}],\"inLanguage\":\"es\"},{\"@type\":\"Organization\",\"@id\":\"https:\\\/\\\/casadecampoliving.com\\\/es\\\/#organization\",\"name\":\"Casa de Campo Living\",\"url\":\"https:\\\/\\\/casadecampoliving.com\\\/es\\\/\",\"logo\":{\"@type\":\"ImageObject\",\"inLanguage\":\"es\",\"@id\":\"https:\\\/\\\/casadecampoliving.com\\\/es\\\/#\\\/schema\\\/logo\\\/image\\\/\",\"url\":\"https:\\\/\\\/i0.wp.com\\\/casadecampoliving.com\\\/wp-content\\\/uploads\\\/2022\\\/07\\\/CDCLivingLogo_V1-white-sized.png?fit=800%2C214&ssl=1\",\"contentUrl\":\"https:\\\/\\\/i0.wp.com\\\/casadecampoliving.com\\\/wp-content\\\/uploads\\\/2022\\\/07\\\/CDCLivingLogo_V1-white-sized.png?fit=800%2C214&ssl=1\",\"width\":800,\"height\":214,\"caption\":\"Casa de Campo Living\"},\"image\":{\"@id\":\"https:\\\/\\\/casadecampoliving.com\\\/es\\\/#\\\/schema\\\/logo\\\/image\\\/\"},\"sameAs\":[\"https:\\\/\\\/www.facebook.com\\\/casadecampoliving\",\"https:\\\/\\\/x.com\\\/cdcliving\"]},{\"@type\":\"Person\",\"@id\":\"https:\\\/\\\/casadecampoliving.com\\\/es\\\/#\\\/schema\\\/person\\\/7e3b975d584a5f6ac0fd7128a81b0bc5\",\"name\":\"\",\"image\":{\"@type\":\"ImageObject\",\"inLanguage\":\"es\",\"@id\":\"https:\\\/\\\/secure.gravatar.com\\\/avatar\\\/?s=96&d=mm&r=g\",\"url\":\"https:\\\/\\\/secure.gravatar.com\\\/avatar\\\/?s=96&d=mm&r=g\",\"contentUrl\":\"https:\\\/\\\/secure.gravatar.com\\\/avatar\\\/?s=96&d=mm&r=g\"},\"url\":\"https:\\\/\\\/casadecampoliving.com\\\/es\\\/author\\\/ \\\/\"}]}<\/script>\n<!-- \/ Yoast SEO plugin. -->","yoast_head_json":{"title":"En memoria de Acharat Victoria - un obituario personal por HC Bueck | Casa de Campo Living","description":"El mes pasado, mi amigo Acharat Victoria falleci\u00f3. Pudo ser, quiz\u00e1s, el empleado que m\u00e1s tiempo ten\u00eda trabajando para Costasur. Con su esposa Tonita,","robots":{"index":"index","follow":"follow","max-snippet":"max-snippet:-1","max-image-preview":"max-image-preview:large","max-video-preview":"max-video-preview:-1"},"canonical":"https:\/\/casadecampoliving.com\/es\/en-memoria-de-acharat-victoria-un-obituario-personal-por-hc-bueck\/","og_locale":"es_ES","og_type":"article","og_title":"En memoria de Acharat Victoria - un obituario personal por HC Bueck | Casa de Campo Living","og_description":"El mes pasado, mi amigo Acharat Victoria falleci\u00f3. Pudo ser, quiz\u00e1s, el empleado que m\u00e1s tiempo ten\u00eda trabajando para Costasur. Con su esposa Tonita,","og_url":"https:\/\/casadecampoliving.com\/es\/en-memoria-de-acharat-victoria-un-obituario-personal-por-hc-bueck\/","og_site_name":"Casa de Campo Living","article_publisher":"https:\/\/www.facebook.com\/casadecampoliving","article_published_time":"2012-10-21T04:00:00+00:00","article_modified_time":"2022-10-21T22:49:16+00:00","og_image":[{"width":640,"height":426,"url":"https:\/\/i0.wp.com\/casadecampoliving.com\/wp-content\/uploads\/2022\/10\/acharat_victoria-1.jpg?fit=640%2C426&ssl=1","type":"image\/jpeg"}],"twitter_card":"summary_large_image","twitter_creator":"@cdcliving","twitter_site":"@cdcliving","twitter_misc":{"Escrito por":"","Tiempo de lectura":"2 minutos"},"schema":{"@context":"https:\/\/schema.org","@graph":[{"@type":"Article","@id":"https:\/\/casadecampoliving.com\/es\/en-memoria-de-acharat-victoria-un-obituario-personal-por-hc-bueck\/#article","isPartOf":{"@id":"https:\/\/casadecampoliving.com\/es\/en-memoria-de-acharat-victoria-un-obituario-personal-por-hc-bueck\/"},"author":{"name":"","@id":"https:\/\/casadecampoliving.com\/es\/#\/schema\/person\/7e3b975d584a5f6ac0fd7128a81b0bc5"},"headline":"En memoria de Acharat Victoria &#8211; un obituario personal por HC Bueck","datePublished":"2012-10-21T04:00:00+00:00","dateModified":"2022-10-21T22:49:16+00:00","mainEntityOfPage":{"@id":"https:\/\/casadecampoliving.com\/es\/en-memoria-de-acharat-victoria-un-obituario-personal-por-hc-bueck\/"},"wordCount":461,"publisher":{"@id":"https:\/\/casadecampoliving.com\/es\/#organization"},"image":{"@id":"https:\/\/casadecampoliving.com\/es\/en-memoria-de-acharat-victoria-un-obituario-personal-por-hc-bueck\/#primaryimage"},"thumbnailUrl":"https:\/\/i0.wp.com\/casadecampoliving.com\/wp-content\/uploads\/2022\/10\/acharat_victoria-1.jpg?fit=640%2C426&ssl=1","keywords":["costasur"],"articleSection":["Destacados"],"inLanguage":"es"},{"@type":"WebPage","@id":"https:\/\/casadecampoliving.com\/es\/en-memoria-de-acharat-victoria-un-obituario-personal-por-hc-bueck\/","url":"https:\/\/casadecampoliving.com\/es\/en-memoria-de-acharat-victoria-un-obituario-personal-por-hc-bueck\/","name":"En memoria de Acharat Victoria - un obituario personal por HC Bueck | Casa de Campo Living","isPartOf":{"@id":"https:\/\/casadecampoliving.com\/es\/#website"},"primaryImageOfPage":{"@id":"https:\/\/casadecampoliving.com\/es\/en-memoria-de-acharat-victoria-un-obituario-personal-por-hc-bueck\/#primaryimage"},"image":{"@id":"https:\/\/casadecampoliving.com\/es\/en-memoria-de-acharat-victoria-un-obituario-personal-por-hc-bueck\/#primaryimage"},"thumbnailUrl":"https:\/\/i0.wp.com\/casadecampoliving.com\/wp-content\/uploads\/2022\/10\/acharat_victoria-1.jpg?fit=640%2C426&ssl=1","datePublished":"2012-10-21T04:00:00+00:00","dateModified":"2022-10-21T22:49:16+00:00","description":"El mes pasado, mi amigo Acharat Victoria falleci\u00f3. Pudo ser, quiz\u00e1s, el empleado que m\u00e1s tiempo ten\u00eda trabajando para Costasur. Con su esposa Tonita,","breadcrumb":{"@id":"https:\/\/casadecampoliving.com\/es\/en-memoria-de-acharat-victoria-un-obituario-personal-por-hc-bueck\/#breadcrumb"},"inLanguage":"es","potentialAction":[{"@type":"ReadAction","target":["https:\/\/casadecampoliving.com\/es\/en-memoria-de-acharat-victoria-un-obituario-personal-por-hc-bueck\/"]}]},{"@type":"ImageObject","inLanguage":"es","@id":"https:\/\/casadecampoliving.com\/es\/en-memoria-de-acharat-victoria-un-obituario-personal-por-hc-bueck\/#primaryimage","url":"https:\/\/i0.wp.com\/casadecampoliving.com\/wp-content\/uploads\/2022\/10\/acharat_victoria-1.jpg?fit=640%2C426&ssl=1","contentUrl":"https:\/\/i0.wp.com\/casadecampoliving.com\/wp-content\/uploads\/2022\/10\/acharat_victoria-1.jpg?fit=640%2C426&ssl=1","width":640,"height":426,"caption":"acharat victoria"},{"@type":"BreadcrumbList","@id":"https:\/\/casadecampoliving.com\/es\/en-memoria-de-acharat-victoria-un-obituario-personal-por-hc-bueck\/#breadcrumb","itemListElement":[{"@type":"ListItem","position":1,"name":"Home","item":"https:\/\/casadecampoliving.com\/es\/"},{"@type":"ListItem","position":2,"name":"En memoria de Acharat Victoria &#8211; un obituario personal por HC Bueck"}]},{"@type":"WebSite","@id":"https:\/\/casadecampoliving.com\/es\/#website","url":"https:\/\/casadecampoliving.com\/es\/","name":"Casa de Campo Living","description":"Resort community news and resources.","publisher":{"@id":"https:\/\/casadecampoliving.com\/es\/#organization"},"potentialAction":[{"@type":"SearchAction","target":{"@type":"EntryPoint","urlTemplate":"https:\/\/casadecampoliving.com\/es\/?s={search_term_string}"},"query-input":{"@type":"PropertyValueSpecification","valueRequired":true,"valueName":"search_term_string"}}],"inLanguage":"es"},{"@type":"Organization","@id":"https:\/\/casadecampoliving.com\/es\/#organization","name":"Casa de Campo Living","url":"https:\/\/casadecampoliving.com\/es\/","logo":{"@type":"ImageObject","inLanguage":"es","@id":"https:\/\/casadecampoliving.com\/es\/#\/schema\/logo\/image\/","url":"https:\/\/i0.wp.com\/casadecampoliving.com\/wp-content\/uploads\/2022\/07\/CDCLivingLogo_V1-white-sized.png?fit=800%2C214&ssl=1","contentUrl":"https:\/\/i0.wp.com\/casadecampoliving.com\/wp-content\/uploads\/2022\/07\/CDCLivingLogo_V1-white-sized.png?fit=800%2C214&ssl=1","width":800,"height":214,"caption":"Casa de Campo Living"},"image":{"@id":"https:\/\/casadecampoliving.com\/es\/#\/schema\/logo\/image\/"},"sameAs":["https:\/\/www.facebook.com\/casadecampoliving","https:\/\/x.com\/cdcliving"]},{"@type":"Person","@id":"https:\/\/casadecampoliving.com\/es\/#\/schema\/person\/7e3b975d584a5f6ac0fd7128a81b0bc5","name":"","image":{"@type":"ImageObject","inLanguage":"es","@id":"https:\/\/secure.gravatar.com\/avatar\/?s=96&d=mm&r=g","url":"https:\/\/secure.gravatar.com\/avatar\/?s=96&d=mm&r=g","contentUrl":"https:\/\/secure.gravatar.com\/avatar\/?s=96&d=mm&r=g"},"url":"https:\/\/casadecampoliving.com\/es\/author\/ \/"}]}},"parsely":{"version":"1.1.0","canonical_url":"https:\/\/casadecampoliving.com\/es\/en-memoria-de-acharat-victoria-un-obituario-personal-por-hc-bueck\/","smart_links":{"inbound":0,"outbound":0},"traffic_boost_suggestions_count":0,"meta":{"@context":"https:\/\/schema.org","@type":"NewsArticle","headline":"En memoria de Acharat Victoria &#8211; un obituario personal por HC Bueck","url":"http:\/\/casadecampoliving.com\/es\/en-memoria-de-acharat-victoria-un-obituario-personal-por-hc-bueck\/","mainEntityOfPage":{"@type":"WebPage","@id":"http:\/\/casadecampoliving.com\/es\/en-memoria-de-acharat-victoria-un-obituario-personal-por-hc-bueck\/"},"thumbnailUrl":"https:\/\/i0.wp.com\/casadecampoliving.com\/wp-content\/uploads\/2022\/10\/acharat_victoria-1.jpg?resize=150%2C150&ssl=1","image":{"@type":"ImageObject","url":"https:\/\/i0.wp.com\/casadecampoliving.com\/wp-content\/uploads\/2022\/10\/acharat_victoria-1.jpg?fit=640%2C426&ssl=1"},"articleSection":"Destacados","author":[{"@type":"Person","name":"FB_515917546"}],"creator":["FB_515917546"],"publisher":{"@type":"Organization","name":"Casa de Campo Living","logo":"https:\/\/casadecampoliving.com\/wp-content\/uploads\/2022\/07\/CDCLivingLogo_V1-white-sized.png"},"keywords":["costasur"],"dateCreated":"2012-10-21T04:00:00Z","datePublished":"2012-10-21T04:00:00Z","dateModified":"2022-10-21T22:49:16Z"},"rendered":"<script type=\"application\/ld+json\" class=\"wp-parsely-metadata\">{\"@context\":\"https:\\\/\\\/schema.org\",\"@type\":\"NewsArticle\",\"headline\":\"En memoria de Acharat Victoria &#8211; un obituario personal por HC Bueck\",\"url\":\"http:\\\/\\\/casadecampoliving.com\\\/es\\\/en-memoria-de-acharat-victoria-un-obituario-personal-por-hc-bueck\\\/\",\"mainEntityOfPage\":{\"@type\":\"WebPage\",\"@id\":\"http:\\\/\\\/casadecampoliving.com\\\/es\\\/en-memoria-de-acharat-victoria-un-obituario-personal-por-hc-bueck\\\/\"},\"thumbnailUrl\":\"https:\\\/\\\/i0.wp.com\\\/casadecampoliving.com\\\/wp-content\\\/uploads\\\/2022\\\/10\\\/acharat_victoria-1.jpg?resize=150%2C150&ssl=1\",\"image\":{\"@type\":\"ImageObject\",\"url\":\"https:\\\/\\\/i0.wp.com\\\/casadecampoliving.com\\\/wp-content\\\/uploads\\\/2022\\\/10\\\/acharat_victoria-1.jpg?fit=640%2C426&ssl=1\"},\"articleSection\":\"Destacados\",\"author\":[{\"@type\":\"Person\",\"name\":\"FB_515917546\"}],\"creator\":[\"FB_515917546\"],\"publisher\":{\"@type\":\"Organization\",\"name\":\"Casa de Campo Living\",\"logo\":\"https:\\\/\\\/casadecampoliving.com\\\/wp-content\\\/uploads\\\/2022\\\/07\\\/CDCLivingLogo_V1-white-sized.png\"},\"keywords\":[\"costasur\"],\"dateCreated\":\"2012-10-21T04:00:00Z\",\"datePublished\":\"2012-10-21T04:00:00Z\",\"dateModified\":\"2022-10-21T22:49:16Z\"}<\/script>","tracker_url":"https:\/\/cdn.parsely.com\/keys\/casadecampoliving.com\/p.js"},"jetpack_publicize_connections":[],"jetpack_featured_media_url":"https:\/\/i0.wp.com\/casadecampoliving.com\/wp-content\/uploads\/2022\/10\/acharat_victoria-1.jpg?fit=640%2C426&ssl=1","jetpack-related-posts":[{"id":321736,"url":"https:\/\/casadecampoliving.com\/acharat-victoria\/","url_meta":{"origin":339982,"position":0},"title":"In loving memory of Acharat Victoria &#8211; a personal obituary by H.C. Bueck","author":"Rebecca Silvestri","date":"21 Oct, 2012","format":false,"excerpt":"Last month my friend Acharat Victoria passed away. He may\u00a0have been the most senior employee still working at Costasur. He and his late wife Tonita had 4 children; Yuri, Ali, Margi and Francisco and he lived in Vivero II in Casa de Campo, with his daughter and son in law\u2026","rel":"","context":"En \u00abFeatured\u00bb","block_context":{"text":"Featured","link":"https:\/\/casadecampoliving.com\/category\/featured\/"},"img":{"alt_text":"acharat victoria","src":"https:\/\/i0.wp.com\/casadecampoliving.com\/wp-content\/uploads\/2022\/10\/acharat_victoria-1.jpg?fit=640%2C426&ssl=1&resize=350%2C200","width":350,"height":200,"srcset":"https:\/\/i0.wp.com\/casadecampoliving.com\/wp-content\/uploads\/2022\/10\/acharat_victoria-1.jpg?fit=640%2C426&ssl=1&resize=350%2C200 1x, https:\/\/i0.wp.com\/casadecampoliving.com\/wp-content\/uploads\/2022\/10\/acharat_victoria-1.jpg?fit=640%2C426&ssl=1&resize=525%2C300 1.5x"},"classes":[]},{"id":433460,"url":"https:\/\/casadecampoliving.com\/es\/no-se-pierdan-el-increible-tributo-a-frank-sinatra-para-celebrar-el-40-aniversario-del-anfiteatro-altos-de-chavon\/","url_meta":{"origin":339982,"position":1},"title":"No se pierdan el incre\u00edble tributo a Frank Sinatra para celebrar el 40 aniversario del\u00a0Anfiteatro Altos de Chav\u00f3n","author":"Casa de Campo Living","date":"20 Oct, 2022","format":false,"excerpt":"Siendo uno de los escenarios m\u00e1s emblem\u00e1ticos del pa\u00eds, Casa de Campo Resort\u00ae & Villas celebra las cuatro d\u00e9cadas de aniversario de Altos de Chav\u00f3n con un tributo al gran Frank Sinatra, protagonizado por artistas invitados y una big band tal cual la que acompa\u00f1\u00f3 al artista hace 40 a\u00f1os\u2026","rel":"","context":"En \u00abUncategorized @es\u00bb","block_context":{"text":"Uncategorized @es","link":"https:\/\/casadecampoliving.com\/es\/category\/uncategorized-es\/"},"img":{"alt_text":"","src":"https:\/\/i0.wp.com\/casadecampoliving.com\/wp-content\/uploads\/2022\/10\/Tributo-Frank-Sinatra-Foto-Principal-Amaury-Sanchez-Danilo-Ginebra-Andres-Pichardo-y-Jose-Gabriel-Perez-.jpg?fit=1200%2C873&ssl=1&resize=350%2C200","width":350,"height":200,"srcset":"https:\/\/i0.wp.com\/casadecampoliving.com\/wp-content\/uploads\/2022\/10\/Tributo-Frank-Sinatra-Foto-Principal-Amaury-Sanchez-Danilo-Ginebra-Andres-Pichardo-y-Jose-Gabriel-Perez-.jpg?fit=1200%2C873&ssl=1&resize=350%2C200 1x, https:\/\/i0.wp.com\/casadecampoliving.com\/wp-content\/uploads\/2022\/10\/Tributo-Frank-Sinatra-Foto-Principal-Amaury-Sanchez-Danilo-Ginebra-Andres-Pichardo-y-Jose-Gabriel-Perez-.jpg?fit=1200%2C873&ssl=1&resize=525%2C300 1.5x, https:\/\/i0.wp.com\/casadecampoliving.com\/wp-content\/uploads\/2022\/10\/Tributo-Frank-Sinatra-Foto-Principal-Amaury-Sanchez-Danilo-Ginebra-Andres-Pichardo-y-Jose-Gabriel-Perez-.jpg?fit=1200%2C873&ssl=1&resize=700%2C400 2x, https:\/\/i0.wp.com\/casadecampoliving.com\/wp-content\/uploads\/2022\/10\/Tributo-Frank-Sinatra-Foto-Principal-Amaury-Sanchez-Danilo-Ginebra-Andres-Pichardo-y-Jose-Gabriel-Perez-.jpg?fit=1200%2C873&ssl=1&resize=1050%2C600 3x"},"classes":[]},{"id":513809,"url":"https:\/\/casadecampoliving.com\/es\/costasur-y-la-romana-country-club-reconocen-los-logros-de-jerry-pate\/","url_meta":{"origin":339982,"position":2},"title":"Costasur y La Romana Country Club reconocen los logros de Jerry Pate","author":"Casa de Campo Living","date":"6 Feb, 2023","format":false,"excerpt":"El 13 de enero se llev\u00f3 a cabo un c\u00f3ctel en La Romana Country Club para reconocer a Jerry Pate, un legendario golfista y empresario que ha obtenido ocho victorias en el PGA Tour y siete victorias en el extranjero, incluyendo el US Open de 1976 y el Torneo Player's\u2026","rel":"","context":"En \u00abNoticias Locales\u00bb","block_context":{"text":"Noticias Locales","link":"https:\/\/casadecampoliving.com\/es\/category\/noticias-locales\/"},"img":{"alt_text":"","src":"https:\/\/i0.wp.com\/casadecampoliving.com\/wp-content\/uploads\/2023\/02\/Jerry-Pate-and-Alfonso-Fanjul.jpg?fit=1200%2C675&ssl=1&resize=350%2C200","width":350,"height":200,"srcset":"https:\/\/i0.wp.com\/casadecampoliving.com\/wp-content\/uploads\/2023\/02\/Jerry-Pate-and-Alfonso-Fanjul.jpg?fit=1200%2C675&ssl=1&resize=350%2C200 1x, https:\/\/i0.wp.com\/casadecampoliving.com\/wp-content\/uploads\/2023\/02\/Jerry-Pate-and-Alfonso-Fanjul.jpg?fit=1200%2C675&ssl=1&resize=525%2C300 1.5x, https:\/\/i0.wp.com\/casadecampoliving.com\/wp-content\/uploads\/2023\/02\/Jerry-Pate-and-Alfonso-Fanjul.jpg?fit=1200%2C675&ssl=1&resize=700%2C400 2x, https:\/\/i0.wp.com\/casadecampoliving.com\/wp-content\/uploads\/2023\/02\/Jerry-Pate-and-Alfonso-Fanjul.jpg?fit=1200%2C675&ssl=1&resize=1050%2C600 3x"},"classes":[]},{"id":352943,"url":"https:\/\/casadecampoliving.com\/es\/costasur-dominicana-y-casa-de-campo-resort-celebraron-exclusiva-fiesta-anual-para-duenos-de-villas\/","url_meta":{"origin":339982,"position":3},"title":"Costasur Dominicana y Casa de Campo Resort celebraron exclusiva fiesta anual para due\u00f1os de villas","author":"Casa de Campo Resort","date":"15 Oct, 2018","format":false,"excerpt":"Con la presencia de m\u00e1s de 1,600 propietarios de villas, Costasur Dominicana y Casa de Campo Resort organizaron un fin de semana lleno de actividades el cual culmin\u00f3 con una espectacular cena bailable, en la que se comparti\u00f3 momentos inolvidables, y donde se aprovech\u00f3 para agradecerles su continuo apoyo y\u2026","rel":"","context":"En \u00abCostasur Dominicana @es\u00bb","block_context":{"text":"Costasur Dominicana @es","link":"https:\/\/casadecampoliving.com\/es\/category\/costasur-dominicana-es\/"},"img":{"alt_text":"Alberto Jimenez, Tania de Jimenez","src":"https:\/\/i0.wp.com\/casadecampoliving.com\/wp-content\/uploads\/2022\/10\/Alberto-Jimenez-Tania-de-Jimenez.jpg?resize=350%2C200","width":350,"height":200,"srcset":"https:\/\/i0.wp.com\/casadecampoliving.com\/wp-content\/uploads\/2022\/10\/Alberto-Jimenez-Tania-de-Jimenez.jpg?resize=350%2C200 1x, https:\/\/i0.wp.com\/casadecampoliving.com\/wp-content\/uploads\/2022\/10\/Alberto-Jimenez-Tania-de-Jimenez.jpg?resize=525%2C300 1.5x"},"classes":[]},{"id":352241,"url":"https:\/\/casadecampoliving.com\/es\/costasur-y-casa-de-campo-agradecen-los-duenos-en-grande-para-celebrar-el-ano\/","url_meta":{"origin":339982,"position":4},"title":"\u00a1Costasur y Casa de Campo agradecen a los Due\u00f1os en grande para celebrar el a\u00f1o!","author":"Heather Lincoln","date":"27 Nov, 2017","format":false,"excerpt":"M\u00e1s de 1,600 propietarios de villas asistieron a la celebraci\u00f3n de la cena Due\u00f1os en La Romana Country Club, organizada por Costasur y Casa de Campo para conmemorar el final del fin de semana Due\u00f1os 2017. Con invitados arriba y abajo, el Country Club, el cual fue decorado por Omar\u2026","rel":"","context":"En \u00abCostasur Dominicana @es\u00bb","block_context":{"text":"Costasur Dominicana @es","link":"https:\/\/casadecampoliving.com\/es\/category\/costasur-dominicana-es\/"},"img":{"alt_text":"Due\u00f1os dinner celebration","src":"https:\/\/i0.wp.com\/casadecampoliving.com\/wp-content\/uploads\/2022\/10\/Lia-Joubert-Virginia-de-Joubert-Rony-Joubert-Karla-Troncoso-Rosa-Joubert-e1511808461915.jpg?fit=1000%2C600&ssl=1&resize=350%2C200","width":350,"height":200,"srcset":"https:\/\/i0.wp.com\/casadecampoliving.com\/wp-content\/uploads\/2022\/10\/Lia-Joubert-Virginia-de-Joubert-Rony-Joubert-Karla-Troncoso-Rosa-Joubert-e1511808461915.jpg?fit=1000%2C600&ssl=1&resize=350%2C200 1x, https:\/\/i0.wp.com\/casadecampoliving.com\/wp-content\/uploads\/2022\/10\/Lia-Joubert-Virginia-de-Joubert-Rony-Joubert-Karla-Troncoso-Rosa-Joubert-e1511808461915.jpg?fit=1000%2C600&ssl=1&resize=525%2C300 1.5x, https:\/\/i0.wp.com\/casadecampoliving.com\/wp-content\/uploads\/2022\/10\/Lia-Joubert-Virginia-de-Joubert-Rony-Joubert-Karla-Troncoso-Rosa-Joubert-e1511808461915.jpg?fit=1000%2C600&ssl=1&resize=700%2C400 2x"},"classes":[]},{"id":340368,"url":"https:\/\/casadecampoliving.com\/es\/costasur-reconoce-los-principales-productores-en-una-fiesta-de-navidad-para-sus-broker\/","url_meta":{"origin":339982,"position":5},"title":"Costasur reconoce los principales productores en una fiesta de Navidad para sus broker","author":"lperdomo","date":"22 Dic, 2012","format":false,"excerpt":"El pasado\u00a0jueves 13 de Diciembre, Costasur Dominicana Real Estate dirigi\u00f3 una celebraci\u00f3n especial navide\u00f1a para todo su personal y su brokers,\u00a0durante la cual los Top Producers (productores principales) de la compa\u00f1\u00eda para el a\u00f1o 2012 fueron reconocidos. La reuni\u00f3n comenz\u00f3 en las oficinas de Costasur en el \u00e1rea principal del\u2026","rel":"","context":"En \u00abBienes raices Casa de Campo\u00bb","block_context":{"text":"Bienes raices Casa de Campo","link":"https:\/\/casadecampoliving.com\/es\/category\/bienes-raices-casa-de-campo-es\/"},"img":{"alt_text":"costasur real estate","src":"https:\/\/i0.wp.com\/casadecampoliving.com\/wp-content\/uploads\/2022\/10\/costasur_real_estate-1.jpg?fit=650%2C365&ssl=1&resize=350%2C200","width":350,"height":200,"srcset":"https:\/\/i0.wp.com\/casadecampoliving.com\/wp-content\/uploads\/2022\/10\/costasur_real_estate-1.jpg?fit=650%2C365&ssl=1&resize=350%2C200 1x, https:\/\/i0.wp.com\/casadecampoliving.com\/wp-content\/uploads\/2022\/10\/costasur_real_estate-1.jpg?fit=650%2C365&ssl=1&resize=525%2C300 1.5x"},"classes":[]}],"jetpack_sharing_enabled":true,"_links":{"self":[{"href":"https:\/\/casadecampoliving.com\/es\/wp-json\/wp\/v2\/posts\/339982","targetHints":{"allow":["GET"]}}],"collection":[{"href":"https:\/\/casadecampoliving.com\/es\/wp-json\/wp\/v2\/posts"}],"about":[{"href":"https:\/\/casadecampoliving.com\/es\/wp-json\/wp\/v2\/types\/post"}],"author":[{"embeddable":true,"href":"https:\/\/casadecampoliving.com\/es\/wp-json\/wp\/v2\/users\/21"}],"replies":[{"embeddable":true,"href":"https:\/\/casadecampoliving.com\/es\/wp-json\/wp\/v2\/comments?post=339982"}],"version-history":[{"count":1,"href":"https:\/\/casadecampoliving.com\/es\/wp-json\/wp\/v2\/posts\/339982\/revisions"}],"predecessor-version":[{"id":339983,"href":"https:\/\/casadecampoliving.com\/es\/wp-json\/wp\/v2\/posts\/339982\/revisions\/339983"}],"wp:featuredmedia":[{"embeddable":true,"href":"https:\/\/casadecampoliving.com\/es\/wp-json\/wp\/v2\/media\/226383"}],"wp:attachment":[{"href":"https:\/\/casadecampoliving.com\/es\/wp-json\/wp\/v2\/media?parent=339982"}],"wp:term":[{"taxonomy":"category","embeddable":true,"href":"https:\/\/casadecampoliving.com\/es\/wp-json\/wp\/v2\/categories?post=339982"},{"taxonomy":"post_tag","embeddable":true,"href":"https:\/\/casadecampoliving.com\/es\/wp-json\/wp\/v2\/tags?post=339982"},{"taxonomy":"newspack_spnsrs_tax","embeddable":true,"href":"https:\/\/casadecampoliving.com\/es\/wp-json\/wp\/v2\/newspack_spnsrs_tax?post=339982"}],"curies":[{"name":"wp","href":"https:\/\/api.w.org\/{rel}","templated":true}]}}