{"id":339978,"date":"2012-10-20T00:00:00","date_gmt":"2012-10-20T04:00:00","guid":{"rendered":"https:\/\/casadecampoliving.com\/yo-soy-toro-y-tu-la-experiencia-de-una-nueva-visitante-en-el-beisbol-dominicano-por-jorien-breur\/"},"modified":"2022-10-21T18:49:06","modified_gmt":"2022-10-21T22:49:06","slug":"yo-soy-toro-y-tu-la-experiencia-de-una-nueva-visitante-en-el-beisbol-dominicano-por-jorien-breur","status":"publish","type":"post","link":"https:\/\/casadecampoliving.com\/es\/yo-soy-toro-y-tu-la-experiencia-de-una-nueva-visitante-en-el-beisbol-dominicano-por-jorien-breur\/","title":{"rendered":"Yo soy Toro, y t\u00fa? La experiencia de una nueva visitante en el b\u00e9isbol dominicano &#8211; por Jorien Breur"},"content":{"rendered":"<div class=\"wp-block-image\">\n<figure class=\"aligncenter is-resized\"><img loading=\"lazy\" decoding=\"async\" src=\"https:\/\/i0.wp.com\/casadecampoliving.com\/wp-content\/uploads\/2022\/10\/los_toros_del_este1-1.jpg?resize=650%2C320&amp;ssl=1\" alt=\"los toros del este\" class=\"wp-image-59711\" title=\"los_toros_del_este\" height=\"320\" width=\"650\"\/><\/figure>\n<\/div>\n\n\n<p>Como nueva visitante de la Rep\u00fablica Dominicana, en donde el b\u00e9isbol es considerado un modo de vida, me tom\u00f3 poco tiempo para llamarme, con ojos cerrados, una fan de Los Toros. No s\u00f3lo me impresion\u00f3 el esp\u00edritu de la fanaticada de Los Toros en La Romana, tambi\u00e9n esta zona del pa\u00eds produce la mayor cantidad de peloteros que se dedican a esto de manera profesional. Qu\u00e9 pod\u00eda ir mal? <\/p>\n\n\n\n<!--more-->\n\n\n<div class=\"wp-block-image\">\n<figure class=\"alignright is-resized\"><img loading=\"lazy\" decoding=\"async\" src=\"https:\/\/i0.wp.com\/casadecampoliving.com\/wp-content\/uploads\/2022\/10\/los_toros_del_este5.jpg?resize=230%2C198&amp;ssl=1\" alt=\"los toros del este\" class=\"wp-image-59715\" title=\"los_toros_del_este\" height=\"198\" width=\"230\"\/><\/figure>\n<\/div>\n\n\n<p>En la noche del mi\u00e9rcoles 18 de octubre de 2012, la temporada de b\u00e9isbol invernal comenz\u00f3 para el \u00e1rea de La Romana en el Estadio Francisco A. Micheli (luego de que comenzara oficialmente el domingo 14 de octubre en otros estadios del pa\u00eds). La apertura de la temporada en la localidad de La Romana se present\u00f3 con el juego entre Los Toros del Este y los Gigantes de San Francisco. Esta era mi oportunidad de decidir si realmente era una fan de Los Toros.<\/p>\n\n\n<div class=\"wp-block-image\">\n<figure class=\"aligncenter is-resized\"><img loading=\"lazy\" decoding=\"async\" src=\"https:\/\/i0.wp.com\/casadecampoliving.com\/wp-content\/uploads\/2022\/10\/los_toros_del_este2-3.jpg?resize=650%2C315&amp;ssl=1\" alt=\"los toros del este\" class=\"wp-image-59712\" title=\"los_toros_del_este\" height=\"315\" width=\"650\"\/><\/figure>\n<\/div>\n\n\n<p>Arribamos bastante temprano al Estadio Francisco A. Micheli para poder obtener los codiciados asientos ubicados directamente frente al stand de Dom Ham, ese que sirve deliciosas hamburguesas para los hambrientos fan\u00e1ticos. Desde ah\u00ed disfrutamos la jovial ceremonia inaugural. Estaba repleto de personalidades nacionales e incluy\u00f3 fuegos artificiales, una entrada triunfal de los jugadores y por supuesto la famosa mascota de Los Toros del Este que atravesaba el estadio en una motocicleta.<\/p>\n\n\n<div class=\"wp-block-image\">\n<figure class=\"aligncenter is-resized\"><img loading=\"lazy\" decoding=\"async\" src=\"https:\/\/i0.wp.com\/casadecampoliving.com\/wp-content\/uploads\/2022\/10\/los_toros_del_este3-3.jpg?resize=650%2C467&amp;ssl=1\" alt=\"los toros del este\" class=\"wp-image-59713\" title=\"los_toros_del_este\" height=\"467\" width=\"650\"\/><\/figure>\n<\/div>\n\n\n<p>Las carreras se mantuvieron bastante justas durante todo el juego. Al final del sexto inning, Los Toros llevaban la delantera con 1-0. Y luego, como dir\u00edan aqu\u00ed \u2014 \u201cse fue la luz\u201d \u2014 estabamos experimentando un corte de electricidad!<\/p>\n\n\n<div class=\"wp-block-image\">\n<figure class=\"alignright is-resized\"><img loading=\"lazy\" decoding=\"async\" src=\"https:\/\/i0.wp.com\/casadecampoliving.com\/wp-content\/uploads\/2022\/10\/los_toros_del_este6.jpg?resize=230%2C285&amp;ssl=1\" alt=\"los toros del este\" class=\"wp-image-59716\" title=\"los_toros_del_este\" height=\"285\" width=\"230\"\/><\/figure>\n<\/div>\n\n\n<p>Fue en este momento cuando me convert\u00ed en una verdadera fan\u00e1tica de Los Toros. En la m\u00e1s completa oscuridad, el p\u00fablico vestido orgullosamente de naranja elevaron a\u00fan m\u00e1s su entusiasmo. De acuerdo a las luces de los celulares y las de las salidas de emergencia, los alegres fan\u00e1ticos de Los Toros&nbsp; saltaron de sus asientos, haciendo una ovaci\u00f3n infinita con sus pitos y botellas de pleasticos recicladas, mientras la banda enloqueci\u00f3 en la parte trasera. En medio del p\u00fablico estaba \u201cEl Toro\u201d, bailando al ritmo de los tambores, mientras el p\u00fablico repet\u00eda con pasi\u00f3n:<\/p>\n\n\n\n<h1 class=\"wp-block-heading\"><strong>Aqui to\u2019somos Toros!!<\/strong><\/h1>\n\n\n\n<p>Para el deleite de los fans, la luz volvi\u00f3 luego de 45 minutos; desafortunadamente las cosas parec\u00edan no ir muy bien para Los Toros. Marcell Ozuna, center fielder para Los Gigantes, asegur\u00f3 la victoria para su equipo con un homerun en el 8vo inning. A\u00fan cuando Los Gigantes terminaron ganando 4-1, estoy orgullosa de reportar que Los Toros no fueron motivo de desilusi\u00f3n! Ahora puedo decir con orgullo, \u201c<em><strong>yo soy Toro,&nbsp;y t\u00fa?<\/strong><\/em>\u201d<\/p>\n\n\n\n<blockquote><p><strong>Este art\u00edculo fue contribuido por Jorien Breur<\/strong><\/p><figure><a href=\"https:\/\/i0.wp.com\/casadecampoliving.com\/wp-content\/uploads\/2022\/10\/jorien_breur.jpg?ssl=1\"><img decoding=\"async\" loading=\"lazy\" class=\"aligncenter size-full wp-image-59689\" title=\"jorien_breur\" src=\"https:\/\/i0.wp.com\/casadecampoliving.com\/wp-content\/uploads\/2022\/10\/jorien_breur.jpg?resize=620%2C351&amp;ssl=1\" alt=\"\" width=\"620\" height=\"351\"><\/a><\/figure><figure><img decoding=\"async\" loading=\"lazy\" class=\"alignright  wp-image-59714\" style=\"margin-left: 15px; margin-right: 15px;\" title=\"los_toros_del_este\" src=\"https:\/\/i0.wp.com\/casadecampoliving.com\/wp-content\/uploads\/2022\/10\/los_toros_del_este4.jpg?resize=129%2C181&amp;ssl=1\" alt=\"los toros del este\" width=\"129\" height=\"181\"><\/figure><p><br>\nJorien Breur es una estudiante de cuarto a\u00f1o de medicina en la Albert Einstein College of Medicine en el Bronx, NY. Fue reconocida con un \u201cDoris Duke Clinical Research Fellowship\u201d, que le permite tomar un a\u00f1o fuera del curso tradicional de sus estudios y experimentar una invesitgaci\u00f3n cl\u00ednica de primera mano. Estar\u00e1 empleando su tiempo en realizar investigaciones en la Cl\u00ednica de Familia La Romana as\u00ed como viviendo toda una experiencia en la Rep\u00fablica Dominicana.<\/p><\/blockquote>\n\n\n\n<p><strong>No se pierda la emoci\u00f3n! <\/strong>A continuaci\u00f3n encontrar\u00e1 el calendario de juegos pautados para esta temporada de b\u00e9isbol invernal 2012 en la Rep\u00fablica Dominicana:<\/p>\n\n\n\n<blockquote><h2><strong>Calendario de juegos<\/strong><\/h2><h2><span style=\"color: #ff6600;\"><strong>Octubre<\/strong><\/span><\/h2><p><strong>Estrellas Vs. Toros<\/strong><br>\n<strong>Cu\u00e1ndo<\/strong>: domingo 14 de oct, 5pm.<br>\n<strong>D\u00f3nde<\/strong>: San Pedro de Macor\u00eds<\/p><p><strong>Licey Vs. Toros<\/strong><br>\n<strong>Cu\u00e1ndo:<\/strong>&nbsp;martes 16 de oct, 7:30pm<br>\n<strong>D\u00f3nde:<\/strong>&nbsp;Quisqueya Stadium, Santo Domingo<\/p><p><strong>Gigantes Vs. Toros<\/strong><br>\n<strong>Cu\u00e1ndo<\/strong>: mi\u00e9rcoles 17 de oct, 7:30pm<br>\n<strong>D\u00f3nde<\/strong>: Frank Micheli Stadium, La Romana<\/p><p><strong>Licey Vs. Toros<\/strong><br>\n<strong>Cu\u00e1ndo<\/strong>: viernes 19 de oct, 7:30pm<br>\n<strong>D\u00f3nde<\/strong>: Frank Micheli Stadium, La Romana<\/p><p><strong>Gigantes Vs. Toros<\/strong><br>\n<strong>Cu\u00e1ndo:<\/strong>&nbsp;s\u00e1bado 20 de oct, 5pm<br>\n<strong>D\u00f3nde:<\/strong>&nbsp;San Francisco de Macor\u00eds<\/p><p><strong>Escogido Vs. Toros<\/strong><br>\n<strong>Cu\u00e1ndo:<\/strong>&nbsp;domingo 21 de oct, 5pm<br>\n<strong>D\u00f3nde:<\/strong>&nbsp;Quisqueya, Santo Domingo<\/p><p><strong>Escogido Vs. Toros<\/strong><br>\n<strong>D\u00f3nde<\/strong>: martes 23 de oct, 7:30pm<br>\n<strong>Cu\u00e1ndo<\/strong>: Frank Micheli Stadium, La Romana<\/p><p><strong>Aguilas Vs. Toros<\/strong><br>\n<strong>Cu\u00e1ndo:<\/strong>&nbsp;mi\u00e9rcoles 24 de oct, 7:30pm<br>\n<strong>D\u00f3nde:<\/strong>&nbsp;Cibao, Santiago<\/p><p><strong>Estrellas Vs. Toros<\/strong><br>\n<strong>Cu\u00e1ndo:<\/strong>&nbsp;viernes 26 de oct, 8pm.<br>\n<strong>D\u00f3nde:<\/strong>&nbsp;San Pedro de Macor\u00eds<\/p><p><strong>Aguilas Vs. Toros<\/strong><br>\n<strong>Cu\u00e1ndo<\/strong>:&nbsp;s\u00e1bado 27 de oct, 7:30pm<br>\n<strong>D\u00f3nde<\/strong>:&nbsp;Cibao, Santiago<\/p><p><strong>Gigantes Vs. Toros<\/strong><br>\n<strong>Cu\u00e1ndo<\/strong>: mi\u00e9rcoles 31 de oct, 5pm<br>\n<strong>D\u00f3nde<\/strong>: San Francisco de Macor\u00eds<\/p><h2><span style=\"color: #ff6600;\"><strong>Noviembre<\/strong><\/span><\/h2><p><strong>Licey Vs. Toros<\/strong><br>\n<strong>Cu\u00e1ndo<\/strong>: viernes 2 de nov, 7:30pm<br>\n<strong>D\u00f3nde<\/strong>: Quisqueya, Santo Domingo<\/p><p><strong>Gigantes Vs. Toros<\/strong><br>\n<strong>Cu\u00e1ndo<\/strong>: s\u00e1bado 3 de nov, 7:30pm<br>\n<strong>D\u00f3nde:<\/strong>&nbsp;Frank Micheli Stadium, La Romana<\/p><p><strong>Escogidos Vs. Toros<\/strong><br>\n<strong>Cu\u00e1ndo<\/strong>: domingo 4 de nov, 5pm<br>\n<strong>D\u00f3nde<\/strong>: Frank Micheli Stadium, La Romana<\/p><p><strong>Escogidos Vs. Toros<\/strong><br>\n<strong>Cu\u00e1ndo<\/strong>: lunes 5 de nov, 5pm<br>\n<strong>D\u00f3nde<\/strong>: Quisqueya, Santo Domingo<\/p><p><strong>Estrellas Vs. Toros<\/strong><br>\n<strong>Cu\u00e1ndo<\/strong>: martes 6 de nov, 7:30pm<br>\n<strong>D\u00f3nde<\/strong>: Frank Micheli Stadium, La Romana<\/p><p><strong>Licey Vs. Toros<\/strong><br>\n<strong>Cu\u00e1ndo<\/strong>: mi\u00e9rcoles 7 de nov, 7:30pm<br>\n<strong>D\u00f3nde<\/strong>: Quisqueya, Santo Domingo<\/p><p><strong>Estrellas Vs. Toros<\/strong><br>\n<strong>Cu\u00e1ndo<\/strong>: viernes 9 de nov, 7:30pm<br>\n<strong>D\u00f3nde<\/strong>: Frank Micheli Stadium, La Romana<\/p><p><strong>Aguilas Vs. Toros<\/strong><br>\n<strong>Cu\u00e1ndo<\/strong>: s\u00e1bado 10 de nov, 7:30pm<br>\n<strong>D\u00f3nde<\/strong>: Frank Micheli Stadium, La Romana<\/p><p><strong>Estrellas Vs. Toros<\/strong><br>\n<strong>Cu\u00e1ndo<\/strong>: domingo 11 de nov, 5pm<br>\n<strong>D\u00f3nde<\/strong>: San Pedro de Macor\u00eds<\/p><p><strong>Aguilas Vs. Toros<\/strong><br>\n<strong>Cu\u00e1ndo<\/strong>: martes 13 de nov, 7:30pm<br>\n<strong>D\u00f3nde<\/strong>: Frank Micheli Stadium, La Romana<\/p><p><strong>Gigantes Vs. Toros<\/strong><br>\n<strong>Cu\u00e1ndo<\/strong>: mi\u00e9rcoles 14 de nov, 7:30pm<br>\n<strong>D\u00f3nde<\/strong>: Frank Micheli Stadium, La Romana<\/p><p><strong>Escogidos Vs. Toros<\/strong><br>\n<strong>Cu\u00e1ndo<\/strong>: viernes 15 de nov, 7:30pm<br>\n<strong>D\u00f3nde<\/strong>: Quisqueya, Santo Domingo<\/p><p><strong>Gigantes Vs. Toros<\/strong><br>\n<strong>Cu\u00e1ndo<\/strong>: s\u00e1bado 16 de nov, 7:30pm<br>\n<strong>D\u00f3nde<\/strong>: San Francisco de Macor\u00eds<\/p><p><strong>Licey Vs. Toros<\/strong><br>\n<strong>Cu\u00e1ndo<\/strong>: s\u00e1bado 17 de nov, 7:30pm<br>\n<strong>D\u00f3nde<\/strong>: Frank Micheli Stadium, La Romana<\/p><p><strong>Escogidos Vs. Toros<\/strong><br>\n<strong><strong>Cu\u00e1ndo<\/strong><\/strong>: martes 20 de nov, 7:30pm<br>\n<strong>D\u00f3nde<\/strong>: Frank Micheli Stadium, La Romana<\/p><p><strong>Aguilas Vs. Toros<\/strong><br>\n<strong>Cu\u00e1ndo<\/strong>: mi\u00e9rcoles 21 de nov, 7:30pm<br>\n<strong>D\u00f3nde<\/strong>: Cibao, Santiago<\/p><p><strong>Estrellas Vs. Toros<\/strong><br>\n<strong>Cu\u00e1ndo<\/strong>: viernes 23 de nov, 8pm<br>\n<strong>D\u00f3nde<\/strong>: San Pedro<\/p><p><strong>Estrellas Vs. Toros<\/strong><br>\n<strong>Cu\u00e1ndo<\/strong>: domingo 25 de nov, 5pm<br>\n<strong>D\u00f3nde<\/strong>: Frank Micheli Stadium, La Romana<\/p><p><strong>Licey Vs. Toros<\/strong><br>\n<strong>Cu\u00e1ndo<\/strong>: martes 27 de nov, 7:30pm<br>\n<strong>D\u00f3nde<\/strong>: Frank Micheli Stadium, La Romana<\/p><p><strong>Gigantes Vs. Toros<\/strong><br>\n<strong>Cu\u00e1ndo<\/strong>: mi\u00e9rcoles 28 de nov, 7:30pm<br>\n<strong>D\u00f3nde<\/strong>: San Francisco de Macor\u00eds<\/p><p><strong>Licey Vs. Toros<\/strong><br>\n<strong>Cu\u00e1ndo<\/strong>: viernes 30 de nov, 7:30pm<br>\n<strong>D\u00f3nde<\/strong>: Quisqueya, Santo Domingo<\/p><h2><span style=\"color: #ff6600;\"><strong>Diciembre<\/strong><\/span><\/h2><p><strong>Gigantes Vs. Toros<\/strong><br>\n<strong>Cu\u00e1ndo<\/strong>: s\u00e1bado 1 de dic, 7:30pm<br>\n<strong>D\u00f3nde<\/strong>: Frank Micheli Stadium, La Romana<\/p><p><strong>Escogidos Vs. Toros<\/strong><br>\n<strong>Cu\u00e1ndo<\/strong>: domingo 2 de dic, 5pm<br>\n<strong>D\u00f3nde<\/strong>: Frank Micheli Stadium, La Romana<\/p><p><strong>Aguilas Vs. Toros<\/strong><br>\n<strong>Cu\u00e1ndo<\/strong>: martes 4 de dic, 7:30pm<br>\n<strong>D\u00f3nde<\/strong>: Frank Micheli Stadium, La Romana<\/p><p><strong>Escogidos Vs. Toros<\/strong><br>\n<strong>Cu\u00e1ndo<\/strong>: mi\u00e9rcoles 5 de dic, 7:30pm<br>\n<strong>D\u00f3nde<\/strong>: Quisqueya, Santo Domingo<\/p><p><strong>Aguilas Vs. Toros<\/strong><br>\n<strong>Cu\u00e1ndo<\/strong>: viernes 7 de dic, 7:30pm<br>\n<strong>D\u00f3nde<\/strong>: Frank Micheli Stadium, La Romana<\/p><p><strong>Estrellas Vs. Toros<\/strong><br>\n<strong>Cu\u00e1ndo<\/strong>: s\u00e1bado 8 de dic, 8pm<br>\n<strong>D\u00f3nde<\/strong>: San Pedro<\/p><p><strong>Gigantes Vs. Toros<\/strong><br>\n<strong>Cu\u00e1ndo<\/strong>: domingo 9 de dic, 5pm<br>\n<strong>D\u00f3nde<\/strong>: Frank Micheli Stadium, La Romana<\/p><p><strong>Licey Vs. Toros<\/strong><br>\n<strong>Cu\u00e1ndo<\/strong>: jueves 13 de dic, 7:30pm<br>\n<strong>D\u00f3nde<\/strong>: Quisqueya, Santo Domingo<\/p><p><strong>Licey Vs. Toros<\/strong><br>\n<strong>Cu\u00e1ndo<\/strong>: viernes 14 de dic, 7:30pm<br>\n<strong>D\u00f3nde<\/strong>: Frank Micheli Stadium, La Romana<\/p><p><strong>Gigantes Vs. Toros<\/strong><br>\n<strong>Cu\u00e1ndo<\/strong>: s\u00e1bado 15 de dic, 5pm<br>\n<strong>D\u00f3nde<\/strong>: San Francisco de Macor\u00eds<\/p><p><strong>Escogidos Vs. Toros<\/strong><br>\n<strong>Cu\u00e1ndo<\/strong>: domingo 16th, 5pm<br>\n<strong>D\u00f3nde<\/strong>: Quisqueya, Santo Domingo<\/p><p><strong>Escogidos Vs. Toros<\/strong><br>\n<strong>Cu\u00e1ndo<\/strong>: martes 18 de dic, 7:30pm<br>\n<strong>D\u00f3nde<\/strong>: Frank Micheli Stadium, La Romana<\/p><p><strong>Aguilas Vs. Toros<\/strong><br>\n<strong>Cu\u00e1ndo<\/strong>: Wednesday December 19th<br>\n<strong>D\u00f3nde<\/strong>: Cibao, Santiago<\/p><p><strong>Estrellas Vs. Toros<\/strong><br>\n<strong>Cu\u00e1ndo<\/strong>: viernes 21 de dic, 7:30pm<br>\n<strong>D\u00f3nde<\/strong>: Frank Micheli Stadium, La Romana<\/p><\/blockquote>\n","protected":false},"excerpt":{"rendered":"<p>Como nueva visitante de la Rep\u00fablica Dominicana, en donde el b\u00e9isbol es considerado un modo de vida, me tom\u00f3 poco tiempo para llamarme, con ojos cerrados, una fan de Los Toros. No s\u00f3lo me impresion\u00f3 el esp\u00edritu de la fanaticada de Los Toros en La Romana, tambi\u00e9n esta zona del pa\u00eds produce la mayor cantidad [&hellip;]<\/p>\n","protected":false},"author":21,"featured_media":226117,"comment_status":"closed","ping_status":"closed","sticky":false,"template":"","format":"standard","meta":{"newspack_ads_suppress_ads":false,"newspack_popups_has_disabled_popups":false,"newspack_sponsor_sponsorship_scope":"","newspack_sponsor_native_byline_display":"inherit","newspack_sponsor_native_category_display":"inherit","newspack_sponsor_underwriter_style":"inherit","newspack_sponsor_underwriter_placement":"inherit","_newspack_byline_active":false,"_newspack_byline":"","newspack_hide_updated_date":false,"newspack_show_updated_date":false,"newspack_content_restriction_is_exempt":false,"newspack_featured_image_position":"","newspack_post_subtitle":"","newspack_article_summary_title":"Overview:","newspack_article_summary":"","_jetpack_memberships_contains_paid_content":false,"footnotes":"","jetpack_publicize_message":"","jetpack_publicize_feature_enabled":true,"jetpack_social_post_already_shared":false,"jetpack_social_options":{"image_generator_settings":{"template":"highway","default_image_id":0,"font":"","enabled":false},"version":2},"_wpas_customize_per_network":false},"categories":[14631,2522,2507,2506,14625,14627,2521,2526],"tags":[5442,5440,913,618],"newspack_spnsrs_tax":[],"class_list":["post-339978","post","type-post","status-publish","format-standard","has-post-thumbnail","hentry","category-estilo-de-vida","category-eventos-es","category-la-romana-es","category-mas-alla-de-casa-es","category-noticias-locales","category-proximamente","category-republica-dominicana-2","category-titulares-es","tag-estadio-francisco-a-micheli","tag-jorien-breur","tag-los-toros","tag-los-toros-del-este","entry"],"yoast_head":"<!-- This site is optimized with the Yoast SEO plugin v27.4 - https:\/\/yoast.com\/product\/yoast-seo-wordpress\/ -->\n<title>Yo soy Toro, y t\u00fa? La experiencia de una nueva visitante en el b\u00e9isbol dominicano - por Jorien Breur | Casa de Campo Living<\/title>\n<meta name=\"description\" content=\"Como nueva visitante de la Rep\u00fablica Dominicana, en donde el b\u00e9isbol es considerado un modo de vida, me tom\u00f3 poco tiempo para llamarme, con ojos cerrados,\" \/>\n<meta name=\"robots\" content=\"index, follow, max-snippet:-1, max-image-preview:large, max-video-preview:-1\" \/>\n<link rel=\"canonical\" href=\"https:\/\/casadecampoliving.com\/es\/yo-soy-toro-y-tu-la-experiencia-de-una-nueva-visitante-en-el-beisbol-dominicano-por-jorien-breur\/\" \/>\n<meta property=\"og:locale\" content=\"es_ES\" \/>\n<meta property=\"og:type\" content=\"article\" \/>\n<meta property=\"og:title\" content=\"Yo soy Toro, y t\u00fa? La experiencia de una nueva visitante en el b\u00e9isbol dominicano - por Jorien Breur | Casa de Campo Living\" \/>\n<meta property=\"og:description\" content=\"Como nueva visitante de la Rep\u00fablica Dominicana, en donde el b\u00e9isbol es considerado un modo de vida, me tom\u00f3 poco tiempo para llamarme, con ojos cerrados,\" \/>\n<meta property=\"og:url\" content=\"https:\/\/casadecampoliving.com\/es\/yo-soy-toro-y-tu-la-experiencia-de-una-nueva-visitante-en-el-beisbol-dominicano-por-jorien-breur\/\" \/>\n<meta property=\"og:site_name\" content=\"Casa de Campo Living\" \/>\n<meta property=\"article:publisher\" content=\"https:\/\/www.facebook.com\/casadecampoliving\" \/>\n<meta property=\"article:published_time\" content=\"2012-10-20T04:00:00+00:00\" \/>\n<meta property=\"article:modified_time\" content=\"2022-10-21T22:49:06+00:00\" \/>\n<meta property=\"og:image\" content=\"https:\/\/i0.wp.com\/casadecampoliving.com\/wp-content\/uploads\/2022\/10\/los_toros_del_este1-2.jpg?fit=650%2C320&ssl=1\" \/>\n\t<meta property=\"og:image:width\" content=\"650\" \/>\n\t<meta property=\"og:image:height\" content=\"320\" \/>\n\t<meta property=\"og:image:type\" content=\"image\/jpeg\" \/>\n<meta name=\"twitter:card\" content=\"summary_large_image\" \/>\n<meta name=\"twitter:creator\" content=\"@cdcliving\" \/>\n<meta name=\"twitter:site\" content=\"@cdcliving\" \/>\n<meta name=\"twitter:label1\" content=\"Escrito por\" \/>\n\t<meta name=\"twitter:data1\" content=\"\" \/>\n\t<meta name=\"twitter:label2\" content=\"Tiempo de lectura\" \/>\n\t<meta name=\"twitter:data2\" content=\"6 minutos\" \/>\n<script type=\"application\/ld+json\" class=\"yoast-schema-graph\">{\"@context\":\"https:\\\/\\\/schema.org\",\"@graph\":[{\"@type\":\"Article\",\"@id\":\"https:\\\/\\\/casadecampoliving.com\\\/es\\\/yo-soy-toro-y-tu-la-experiencia-de-una-nueva-visitante-en-el-beisbol-dominicano-por-jorien-breur\\\/#article\",\"isPartOf\":{\"@id\":\"https:\\\/\\\/casadecampoliving.com\\\/es\\\/yo-soy-toro-y-tu-la-experiencia-de-una-nueva-visitante-en-el-beisbol-dominicano-por-jorien-breur\\\/\"},\"author\":{\"name\":\"\",\"@id\":\"https:\\\/\\\/casadecampoliving.com\\\/es\\\/#\\\/schema\\\/person\\\/7e3b975d584a5f6ac0fd7128a81b0bc5\"},\"headline\":\"Yo soy Toro, y t\u00fa? La experiencia de una nueva visitante en el b\u00e9isbol dominicano &#8211; por Jorien Breur\",\"datePublished\":\"2012-10-20T04:00:00+00:00\",\"dateModified\":\"2022-10-21T22:49:06+00:00\",\"mainEntityOfPage\":{\"@id\":\"https:\\\/\\\/casadecampoliving.com\\\/es\\\/yo-soy-toro-y-tu-la-experiencia-de-una-nueva-visitante-en-el-beisbol-dominicano-por-jorien-breur\\\/\"},\"wordCount\":1325,\"publisher\":{\"@id\":\"https:\\\/\\\/casadecampoliving.com\\\/es\\\/#organization\"},\"image\":{\"@id\":\"https:\\\/\\\/casadecampoliving.com\\\/es\\\/yo-soy-toro-y-tu-la-experiencia-de-una-nueva-visitante-en-el-beisbol-dominicano-por-jorien-breur\\\/#primaryimage\"},\"thumbnailUrl\":\"https:\\\/\\\/i0.wp.com\\\/casadecampoliving.com\\\/wp-content\\\/uploads\\\/2022\\\/10\\\/los_toros_del_este1-2.jpg?fit=650%2C320&ssl=1\",\"keywords\":[\"estadio francisco a micheli\",\"jorien breur\",\"Los Toros\",\"Los Toros del Este\"],\"articleSection\":[\"Estilo de Vida\",\"Eventos\",\"La Romana @es\",\"M\u00e1s all\u00e1 de Casa\",\"Noticias Locales\",\"Proximamente\",\"Rep\u00fablica Dominicana @es\",\"Titulares\"],\"inLanguage\":\"es\"},{\"@type\":\"WebPage\",\"@id\":\"https:\\\/\\\/casadecampoliving.com\\\/es\\\/yo-soy-toro-y-tu-la-experiencia-de-una-nueva-visitante-en-el-beisbol-dominicano-por-jorien-breur\\\/\",\"url\":\"https:\\\/\\\/casadecampoliving.com\\\/es\\\/yo-soy-toro-y-tu-la-experiencia-de-una-nueva-visitante-en-el-beisbol-dominicano-por-jorien-breur\\\/\",\"name\":\"Yo soy Toro, y t\u00fa? La experiencia de una nueva visitante en el b\u00e9isbol dominicano - por Jorien Breur | Casa de Campo Living\",\"isPartOf\":{\"@id\":\"https:\\\/\\\/casadecampoliving.com\\\/es\\\/#website\"},\"primaryImageOfPage\":{\"@id\":\"https:\\\/\\\/casadecampoliving.com\\\/es\\\/yo-soy-toro-y-tu-la-experiencia-de-una-nueva-visitante-en-el-beisbol-dominicano-por-jorien-breur\\\/#primaryimage\"},\"image\":{\"@id\":\"https:\\\/\\\/casadecampoliving.com\\\/es\\\/yo-soy-toro-y-tu-la-experiencia-de-una-nueva-visitante-en-el-beisbol-dominicano-por-jorien-breur\\\/#primaryimage\"},\"thumbnailUrl\":\"https:\\\/\\\/i0.wp.com\\\/casadecampoliving.com\\\/wp-content\\\/uploads\\\/2022\\\/10\\\/los_toros_del_este1-2.jpg?fit=650%2C320&ssl=1\",\"datePublished\":\"2012-10-20T04:00:00+00:00\",\"dateModified\":\"2022-10-21T22:49:06+00:00\",\"description\":\"Como nueva visitante de la Rep\u00fablica Dominicana, en donde el b\u00e9isbol es considerado un modo de vida, me tom\u00f3 poco tiempo para llamarme, con ojos cerrados,\",\"breadcrumb\":{\"@id\":\"https:\\\/\\\/casadecampoliving.com\\\/es\\\/yo-soy-toro-y-tu-la-experiencia-de-una-nueva-visitante-en-el-beisbol-dominicano-por-jorien-breur\\\/#breadcrumb\"},\"inLanguage\":\"es\",\"potentialAction\":[{\"@type\":\"ReadAction\",\"target\":[\"https:\\\/\\\/casadecampoliving.com\\\/es\\\/yo-soy-toro-y-tu-la-experiencia-de-una-nueva-visitante-en-el-beisbol-dominicano-por-jorien-breur\\\/\"]}]},{\"@type\":\"ImageObject\",\"inLanguage\":\"es\",\"@id\":\"https:\\\/\\\/casadecampoliving.com\\\/es\\\/yo-soy-toro-y-tu-la-experiencia-de-una-nueva-visitante-en-el-beisbol-dominicano-por-jorien-breur\\\/#primaryimage\",\"url\":\"https:\\\/\\\/i0.wp.com\\\/casadecampoliving.com\\\/wp-content\\\/uploads\\\/2022\\\/10\\\/los_toros_del_este1-2.jpg?fit=650%2C320&ssl=1\",\"contentUrl\":\"https:\\\/\\\/i0.wp.com\\\/casadecampoliving.com\\\/wp-content\\\/uploads\\\/2022\\\/10\\\/los_toros_del_este1-2.jpg?fit=650%2C320&ssl=1\",\"width\":650,\"height\":320,\"caption\":\"los toros del este\"},{\"@type\":\"BreadcrumbList\",\"@id\":\"https:\\\/\\\/casadecampoliving.com\\\/es\\\/yo-soy-toro-y-tu-la-experiencia-de-una-nueva-visitante-en-el-beisbol-dominicano-por-jorien-breur\\\/#breadcrumb\",\"itemListElement\":[{\"@type\":\"ListItem\",\"position\":1,\"name\":\"Home\",\"item\":\"https:\\\/\\\/casadecampoliving.com\\\/es\\\/\"},{\"@type\":\"ListItem\",\"position\":2,\"name\":\"Yo soy Toro, y t\u00fa? La experiencia de una nueva visitante en el b\u00e9isbol dominicano &#8211; por Jorien Breur\"}]},{\"@type\":\"WebSite\",\"@id\":\"https:\\\/\\\/casadecampoliving.com\\\/es\\\/#website\",\"url\":\"https:\\\/\\\/casadecampoliving.com\\\/es\\\/\",\"name\":\"Casa de Campo Living\",\"description\":\"Resort community news and resources.\",\"publisher\":{\"@id\":\"https:\\\/\\\/casadecampoliving.com\\\/es\\\/#organization\"},\"potentialAction\":[{\"@type\":\"SearchAction\",\"target\":{\"@type\":\"EntryPoint\",\"urlTemplate\":\"https:\\\/\\\/casadecampoliving.com\\\/es\\\/?s={search_term_string}\"},\"query-input\":{\"@type\":\"PropertyValueSpecification\",\"valueRequired\":true,\"valueName\":\"search_term_string\"}}],\"inLanguage\":\"es\"},{\"@type\":\"Organization\",\"@id\":\"https:\\\/\\\/casadecampoliving.com\\\/es\\\/#organization\",\"name\":\"Casa de Campo Living\",\"url\":\"https:\\\/\\\/casadecampoliving.com\\\/es\\\/\",\"logo\":{\"@type\":\"ImageObject\",\"inLanguage\":\"es\",\"@id\":\"https:\\\/\\\/casadecampoliving.com\\\/es\\\/#\\\/schema\\\/logo\\\/image\\\/\",\"url\":\"https:\\\/\\\/i0.wp.com\\\/casadecampoliving.com\\\/wp-content\\\/uploads\\\/2022\\\/07\\\/CDCLivingLogo_V1-white-sized.png?fit=800%2C214&ssl=1\",\"contentUrl\":\"https:\\\/\\\/i0.wp.com\\\/casadecampoliving.com\\\/wp-content\\\/uploads\\\/2022\\\/07\\\/CDCLivingLogo_V1-white-sized.png?fit=800%2C214&ssl=1\",\"width\":800,\"height\":214,\"caption\":\"Casa de Campo Living\"},\"image\":{\"@id\":\"https:\\\/\\\/casadecampoliving.com\\\/es\\\/#\\\/schema\\\/logo\\\/image\\\/\"},\"sameAs\":[\"https:\\\/\\\/www.facebook.com\\\/casadecampoliving\",\"https:\\\/\\\/x.com\\\/cdcliving\"]},{\"@type\":\"Person\",\"@id\":\"https:\\\/\\\/casadecampoliving.com\\\/es\\\/#\\\/schema\\\/person\\\/7e3b975d584a5f6ac0fd7128a81b0bc5\",\"name\":\"\",\"image\":{\"@type\":\"ImageObject\",\"inLanguage\":\"es\",\"@id\":\"https:\\\/\\\/secure.gravatar.com\\\/avatar\\\/?s=96&d=mm&r=g\",\"url\":\"https:\\\/\\\/secure.gravatar.com\\\/avatar\\\/?s=96&d=mm&r=g\",\"contentUrl\":\"https:\\\/\\\/secure.gravatar.com\\\/avatar\\\/?s=96&d=mm&r=g\"},\"url\":\"https:\\\/\\\/casadecampoliving.com\\\/es\\\/author\\\/ \\\/\"}]}<\/script>\n<!-- \/ Yoast SEO plugin. -->","yoast_head_json":{"title":"Yo soy Toro, y t\u00fa? La experiencia de una nueva visitante en el b\u00e9isbol dominicano - por Jorien Breur | Casa de Campo Living","description":"Como nueva visitante de la Rep\u00fablica Dominicana, en donde el b\u00e9isbol es considerado un modo de vida, me tom\u00f3 poco tiempo para llamarme, con ojos cerrados,","robots":{"index":"index","follow":"follow","max-snippet":"max-snippet:-1","max-image-preview":"max-image-preview:large","max-video-preview":"max-video-preview:-1"},"canonical":"https:\/\/casadecampoliving.com\/es\/yo-soy-toro-y-tu-la-experiencia-de-una-nueva-visitante-en-el-beisbol-dominicano-por-jorien-breur\/","og_locale":"es_ES","og_type":"article","og_title":"Yo soy Toro, y t\u00fa? La experiencia de una nueva visitante en el b\u00e9isbol dominicano - por Jorien Breur | Casa de Campo Living","og_description":"Como nueva visitante de la Rep\u00fablica Dominicana, en donde el b\u00e9isbol es considerado un modo de vida, me tom\u00f3 poco tiempo para llamarme, con ojos cerrados,","og_url":"https:\/\/casadecampoliving.com\/es\/yo-soy-toro-y-tu-la-experiencia-de-una-nueva-visitante-en-el-beisbol-dominicano-por-jorien-breur\/","og_site_name":"Casa de Campo Living","article_publisher":"https:\/\/www.facebook.com\/casadecampoliving","article_published_time":"2012-10-20T04:00:00+00:00","article_modified_time":"2022-10-21T22:49:06+00:00","og_image":[{"width":650,"height":320,"url":"https:\/\/i0.wp.com\/casadecampoliving.com\/wp-content\/uploads\/2022\/10\/los_toros_del_este1-2.jpg?fit=650%2C320&ssl=1","type":"image\/jpeg"}],"twitter_card":"summary_large_image","twitter_creator":"@cdcliving","twitter_site":"@cdcliving","twitter_misc":{"Escrito por":"","Tiempo de lectura":"6 minutos"},"schema":{"@context":"https:\/\/schema.org","@graph":[{"@type":"Article","@id":"https:\/\/casadecampoliving.com\/es\/yo-soy-toro-y-tu-la-experiencia-de-una-nueva-visitante-en-el-beisbol-dominicano-por-jorien-breur\/#article","isPartOf":{"@id":"https:\/\/casadecampoliving.com\/es\/yo-soy-toro-y-tu-la-experiencia-de-una-nueva-visitante-en-el-beisbol-dominicano-por-jorien-breur\/"},"author":{"name":"","@id":"https:\/\/casadecampoliving.com\/es\/#\/schema\/person\/7e3b975d584a5f6ac0fd7128a81b0bc5"},"headline":"Yo soy Toro, y t\u00fa? La experiencia de una nueva visitante en el b\u00e9isbol dominicano &#8211; por Jorien Breur","datePublished":"2012-10-20T04:00:00+00:00","dateModified":"2022-10-21T22:49:06+00:00","mainEntityOfPage":{"@id":"https:\/\/casadecampoliving.com\/es\/yo-soy-toro-y-tu-la-experiencia-de-una-nueva-visitante-en-el-beisbol-dominicano-por-jorien-breur\/"},"wordCount":1325,"publisher":{"@id":"https:\/\/casadecampoliving.com\/es\/#organization"},"image":{"@id":"https:\/\/casadecampoliving.com\/es\/yo-soy-toro-y-tu-la-experiencia-de-una-nueva-visitante-en-el-beisbol-dominicano-por-jorien-breur\/#primaryimage"},"thumbnailUrl":"https:\/\/i0.wp.com\/casadecampoliving.com\/wp-content\/uploads\/2022\/10\/los_toros_del_este1-2.jpg?fit=650%2C320&ssl=1","keywords":["estadio francisco a micheli","jorien breur","Los Toros","Los Toros del Este"],"articleSection":["Estilo de Vida","Eventos","La Romana @es","M\u00e1s all\u00e1 de Casa","Noticias Locales","Proximamente","Rep\u00fablica Dominicana @es","Titulares"],"inLanguage":"es"},{"@type":"WebPage","@id":"https:\/\/casadecampoliving.com\/es\/yo-soy-toro-y-tu-la-experiencia-de-una-nueva-visitante-en-el-beisbol-dominicano-por-jorien-breur\/","url":"https:\/\/casadecampoliving.com\/es\/yo-soy-toro-y-tu-la-experiencia-de-una-nueva-visitante-en-el-beisbol-dominicano-por-jorien-breur\/","name":"Yo soy Toro, y t\u00fa? La experiencia de una nueva visitante en el b\u00e9isbol dominicano - por Jorien Breur | Casa de Campo Living","isPartOf":{"@id":"https:\/\/casadecampoliving.com\/es\/#website"},"primaryImageOfPage":{"@id":"https:\/\/casadecampoliving.com\/es\/yo-soy-toro-y-tu-la-experiencia-de-una-nueva-visitante-en-el-beisbol-dominicano-por-jorien-breur\/#primaryimage"},"image":{"@id":"https:\/\/casadecampoliving.com\/es\/yo-soy-toro-y-tu-la-experiencia-de-una-nueva-visitante-en-el-beisbol-dominicano-por-jorien-breur\/#primaryimage"},"thumbnailUrl":"https:\/\/i0.wp.com\/casadecampoliving.com\/wp-content\/uploads\/2022\/10\/los_toros_del_este1-2.jpg?fit=650%2C320&ssl=1","datePublished":"2012-10-20T04:00:00+00:00","dateModified":"2022-10-21T22:49:06+00:00","description":"Como nueva visitante de la Rep\u00fablica Dominicana, en donde el b\u00e9isbol es considerado un modo de vida, me tom\u00f3 poco tiempo para llamarme, con ojos cerrados,","breadcrumb":{"@id":"https:\/\/casadecampoliving.com\/es\/yo-soy-toro-y-tu-la-experiencia-de-una-nueva-visitante-en-el-beisbol-dominicano-por-jorien-breur\/#breadcrumb"},"inLanguage":"es","potentialAction":[{"@type":"ReadAction","target":["https:\/\/casadecampoliving.com\/es\/yo-soy-toro-y-tu-la-experiencia-de-una-nueva-visitante-en-el-beisbol-dominicano-por-jorien-breur\/"]}]},{"@type":"ImageObject","inLanguage":"es","@id":"https:\/\/casadecampoliving.com\/es\/yo-soy-toro-y-tu-la-experiencia-de-una-nueva-visitante-en-el-beisbol-dominicano-por-jorien-breur\/#primaryimage","url":"https:\/\/i0.wp.com\/casadecampoliving.com\/wp-content\/uploads\/2022\/10\/los_toros_del_este1-2.jpg?fit=650%2C320&ssl=1","contentUrl":"https:\/\/i0.wp.com\/casadecampoliving.com\/wp-content\/uploads\/2022\/10\/los_toros_del_este1-2.jpg?fit=650%2C320&ssl=1","width":650,"height":320,"caption":"los toros del este"},{"@type":"BreadcrumbList","@id":"https:\/\/casadecampoliving.com\/es\/yo-soy-toro-y-tu-la-experiencia-de-una-nueva-visitante-en-el-beisbol-dominicano-por-jorien-breur\/#breadcrumb","itemListElement":[{"@type":"ListItem","position":1,"name":"Home","item":"https:\/\/casadecampoliving.com\/es\/"},{"@type":"ListItem","position":2,"name":"Yo soy Toro, y t\u00fa? La experiencia de una nueva visitante en el b\u00e9isbol dominicano &#8211; por Jorien Breur"}]},{"@type":"WebSite","@id":"https:\/\/casadecampoliving.com\/es\/#website","url":"https:\/\/casadecampoliving.com\/es\/","name":"Casa de Campo Living","description":"Resort community news and resources.","publisher":{"@id":"https:\/\/casadecampoliving.com\/es\/#organization"},"potentialAction":[{"@type":"SearchAction","target":{"@type":"EntryPoint","urlTemplate":"https:\/\/casadecampoliving.com\/es\/?s={search_term_string}"},"query-input":{"@type":"PropertyValueSpecification","valueRequired":true,"valueName":"search_term_string"}}],"inLanguage":"es"},{"@type":"Organization","@id":"https:\/\/casadecampoliving.com\/es\/#organization","name":"Casa de Campo Living","url":"https:\/\/casadecampoliving.com\/es\/","logo":{"@type":"ImageObject","inLanguage":"es","@id":"https:\/\/casadecampoliving.com\/es\/#\/schema\/logo\/image\/","url":"https:\/\/i0.wp.com\/casadecampoliving.com\/wp-content\/uploads\/2022\/07\/CDCLivingLogo_V1-white-sized.png?fit=800%2C214&ssl=1","contentUrl":"https:\/\/i0.wp.com\/casadecampoliving.com\/wp-content\/uploads\/2022\/07\/CDCLivingLogo_V1-white-sized.png?fit=800%2C214&ssl=1","width":800,"height":214,"caption":"Casa de Campo Living"},"image":{"@id":"https:\/\/casadecampoliving.com\/es\/#\/schema\/logo\/image\/"},"sameAs":["https:\/\/www.facebook.com\/casadecampoliving","https:\/\/x.com\/cdcliving"]},{"@type":"Person","@id":"https:\/\/casadecampoliving.com\/es\/#\/schema\/person\/7e3b975d584a5f6ac0fd7128a81b0bc5","name":"","image":{"@type":"ImageObject","inLanguage":"es","@id":"https:\/\/secure.gravatar.com\/avatar\/?s=96&d=mm&r=g","url":"https:\/\/secure.gravatar.com\/avatar\/?s=96&d=mm&r=g","contentUrl":"https:\/\/secure.gravatar.com\/avatar\/?s=96&d=mm&r=g"},"url":"https:\/\/casadecampoliving.com\/es\/author\/ \/"}]}},"parsely":{"version":"1.1.0","canonical_url":"https:\/\/casadecampoliving.com\/es\/yo-soy-toro-y-tu-la-experiencia-de-una-nueva-visitante-en-el-beisbol-dominicano-por-jorien-breur\/","smart_links":{"inbound":0,"outbound":0},"traffic_boost_suggestions_count":0,"meta":{"@context":"https:\/\/schema.org","@type":"NewsArticle","headline":"Yo soy Toro, y t\u00fa? La experiencia de una nueva visitante en el b\u00e9isbol dominicano &#8211; por Jorien Breur","url":"http:\/\/casadecampoliving.com\/es\/yo-soy-toro-y-tu-la-experiencia-de-una-nueva-visitante-en-el-beisbol-dominicano-por-jorien-breur\/","mainEntityOfPage":{"@type":"WebPage","@id":"http:\/\/casadecampoliving.com\/es\/yo-soy-toro-y-tu-la-experiencia-de-una-nueva-visitante-en-el-beisbol-dominicano-por-jorien-breur\/"},"thumbnailUrl":"https:\/\/i0.wp.com\/casadecampoliving.com\/wp-content\/uploads\/2022\/10\/los_toros_del_este1-2.jpg?resize=150%2C150&ssl=1","image":{"@type":"ImageObject","url":"https:\/\/i0.wp.com\/casadecampoliving.com\/wp-content\/uploads\/2022\/10\/los_toros_del_este1-2.jpg?fit=650%2C320&ssl=1"},"articleSection":"Estilo de Vida","author":[{"@type":"Person","name":"FB_515917546"}],"creator":["FB_515917546"],"publisher":{"@type":"Organization","name":"Casa de Campo Living","logo":"https:\/\/casadecampoliving.com\/wp-content\/uploads\/2022\/07\/CDCLivingLogo_V1-white-sized.png"},"keywords":["estadio francisco a micheli","jorien breur","los toros","los toros del este"],"dateCreated":"2012-10-20T04:00:00Z","datePublished":"2012-10-20T04:00:00Z","dateModified":"2022-10-21T22:49:06Z"},"rendered":"<script type=\"application\/ld+json\" class=\"wp-parsely-metadata\">{\"@context\":\"https:\\\/\\\/schema.org\",\"@type\":\"NewsArticle\",\"headline\":\"Yo soy Toro, y t\\u00fa? La experiencia de una nueva visitante en el b\\u00e9isbol dominicano &#8211; por Jorien Breur\",\"url\":\"http:\\\/\\\/casadecampoliving.com\\\/es\\\/yo-soy-toro-y-tu-la-experiencia-de-una-nueva-visitante-en-el-beisbol-dominicano-por-jorien-breur\\\/\",\"mainEntityOfPage\":{\"@type\":\"WebPage\",\"@id\":\"http:\\\/\\\/casadecampoliving.com\\\/es\\\/yo-soy-toro-y-tu-la-experiencia-de-una-nueva-visitante-en-el-beisbol-dominicano-por-jorien-breur\\\/\"},\"thumbnailUrl\":\"https:\\\/\\\/i0.wp.com\\\/casadecampoliving.com\\\/wp-content\\\/uploads\\\/2022\\\/10\\\/los_toros_del_este1-2.jpg?resize=150%2C150&ssl=1\",\"image\":{\"@type\":\"ImageObject\",\"url\":\"https:\\\/\\\/i0.wp.com\\\/casadecampoliving.com\\\/wp-content\\\/uploads\\\/2022\\\/10\\\/los_toros_del_este1-2.jpg?fit=650%2C320&ssl=1\"},\"articleSection\":\"Estilo de Vida\",\"author\":[{\"@type\":\"Person\",\"name\":\"FB_515917546\"}],\"creator\":[\"FB_515917546\"],\"publisher\":{\"@type\":\"Organization\",\"name\":\"Casa de Campo Living\",\"logo\":\"https:\\\/\\\/casadecampoliving.com\\\/wp-content\\\/uploads\\\/2022\\\/07\\\/CDCLivingLogo_V1-white-sized.png\"},\"keywords\":[\"estadio francisco a micheli\",\"jorien breur\",\"los toros\",\"los toros del este\"],\"dateCreated\":\"2012-10-20T04:00:00Z\",\"datePublished\":\"2012-10-20T04:00:00Z\",\"dateModified\":\"2022-10-21T22:49:06Z\"}<\/script>","tracker_url":"https:\/\/cdn.parsely.com\/keys\/casadecampoliving.com\/p.js"},"jetpack_publicize_connections":[],"jetpack_featured_media_url":"https:\/\/i0.wp.com\/casadecampoliving.com\/wp-content\/uploads\/2022\/10\/los_toros_del_este1-2.jpg?fit=650%2C320&ssl=1","jetpack-related-posts":[{"id":340044,"url":"https:\/\/casadecampoliving.com\/es\/notas-vestidas-en-bata-blanca-primera-impresion-de-la-clinica-de-familia-por-jorien-breur\/","url_meta":{"origin":339978,"position":0},"title":"Notas vestidas en Bata Blanca: Primera impresi\u00f3n de la Cl\u00ednica de Familia por Jorien Breur","author":"","date":"15 Nov, 2012","format":false,"excerpt":"Alguna vez ha despertado en un lugar y se ha preguntado c\u00f3mo lleg\u00f3 ah\u00ed? Durante el \u00faltimo mes, he estado despertando en medio de la belleza y bullicio de La Romana. A pesar de lo maravilloso de mi experiencia hasta el momento ahora, no s\u00f3lo estoy aqu\u00ed por \u00f3cio. Debido\u2026","rel":"","context":"En \u00abDestacados\u00bb","block_context":{"text":"Destacados","link":"https:\/\/casadecampoliving.com\/es\/category\/destacados\/"},"img":{"alt_text":"jorien breur","src":"https:\/\/i0.wp.com\/casadecampoliving.com\/wp-content\/uploads\/2022\/10\/jorien_breur1-1.jpg?fit=650%2C485&ssl=1&resize=350%2C200","width":350,"height":200,"srcset":"https:\/\/i0.wp.com\/casadecampoliving.com\/wp-content\/uploads\/2022\/10\/jorien_breur1-1.jpg?fit=650%2C485&ssl=1&resize=350%2C200 1x, https:\/\/i0.wp.com\/casadecampoliving.com\/wp-content\/uploads\/2022\/10\/jorien_breur1-1.jpg?fit=650%2C485&ssl=1&resize=525%2C300 1.5x"},"classes":[]},{"id":321734,"url":"https:\/\/casadecampoliving.com\/yo-soy-toro-y-tu-a-newbies-first-experience-of-dominican-baseball-by-jorien-breur\/","url_meta":{"origin":339978,"position":1},"title":"Yo soy Toro, y t\u00fa? A newbie&#8217;s first experience of Dominican Baseball &#8211; by Jorien Breur","author":"Rebecca Silvestri","date":"20 Oct, 2012","format":false,"excerpt":"As a newcomer to a country where baseball is considered a way of life, I was\u00a0quick to blindly declare myself a Los Toros fan. Not only was I impressed with the\u00a0spirit of the die-hard Toros fans in La Romana, but this area of the country\u00a0also happens to produce the greatest\u2026","rel":"","context":"En \u00abBeyond Casa\u00bb","block_context":{"text":"Beyond Casa","link":"https:\/\/casadecampoliving.com\/category\/beyond-casa\/"},"img":{"alt_text":"los toros del este","src":"https:\/\/i0.wp.com\/casadecampoliving.com\/wp-content\/uploads\/2022\/10\/los_toros_del_este1-2.jpg?fit=650%2C320&ssl=1&resize=350%2C200","width":350,"height":200,"srcset":"https:\/\/i0.wp.com\/casadecampoliving.com\/wp-content\/uploads\/2022\/10\/los_toros_del_este1-2.jpg?fit=650%2C320&ssl=1&resize=350%2C200 1x, https:\/\/i0.wp.com\/casadecampoliving.com\/wp-content\/uploads\/2022\/10\/los_toros_del_este1-2.jpg?fit=650%2C320&ssl=1&resize=525%2C300 1.5x"},"classes":[]},{"id":352041,"url":"https:\/\/casadecampoliving.com\/es\/apoya-a-los-toros-del-este-esta-temporada-de-beisbol-2017-2018\/","url_meta":{"origin":339978,"position":2},"title":"El equipo de b\u00e9isbol de Los Toros ha comenzado a entrenar &#8211; \u00a1Apoya a nuestro equipo local esta temporada de b\u00e9isbol 2017-2018!","author":"Marlenys Guzm\u00e1n Casta\u00f1os","date":"30 Sep, 2017","format":false,"excerpt":"\u00a1Atenci\u00f3n aficionados al b\u00e9isbol! \u00bfEst\u00e1n listos para la temporada de b\u00e9isbol de este a\u00f1o? El pasado lunes 25 de septiembre, despu\u00e9s de algunos contratiempos debido a las alertas de hurac\u00e1n que hemos tenido recientemente, los Toros del Este comenzaron su entrenamiento para la nueva temporada de b\u00e9isbol invernal en la\u2026","rel":"","context":"En \u00abDeportes\u00bb","block_context":{"text":"Deportes","link":"https:\/\/casadecampoliving.com\/es\/category\/golf-deportes-es\/"},"img":{"alt_text":"","src":"https:\/\/i0.wp.com\/casadecampoliving.com\/wp-content\/uploads\/2022\/10\/37292086816_b2a39b0bb4_o.jpg?fit=1000%2C600&ssl=1&resize=350%2C200","width":350,"height":200,"srcset":"https:\/\/i0.wp.com\/casadecampoliving.com\/wp-content\/uploads\/2022\/10\/37292086816_b2a39b0bb4_o.jpg?fit=1000%2C600&ssl=1&resize=350%2C200 1x, https:\/\/i0.wp.com\/casadecampoliving.com\/wp-content\/uploads\/2022\/10\/37292086816_b2a39b0bb4_o.jpg?fit=1000%2C600&ssl=1&resize=525%2C300 1.5x, https:\/\/i0.wp.com\/casadecampoliving.com\/wp-content\/uploads\/2022\/10\/37292086816_b2a39b0bb4_o.jpg?fit=1000%2C600&ssl=1&resize=700%2C400 2x"},"classes":[]},{"id":341359,"url":"https:\/\/casadecampoliving.com\/es\/cruzando-la-linea-final-para-crear-conciencia-del-vih-tuberculosis-tb-co-infeccion\/","url_meta":{"origin":339978,"position":3},"title":"Cruzando la Linea Final para crear conciencia del VIH-tuberculosis (TB) co-infecci\u00f3n","author":"lperdomo","date":"14 May, 2013","format":false,"excerpt":"El s\u00e1bado 27 de abril del 2013, 10 entusiastas y apasionados miembros del equipo de Cl\u00ednica de la Familia La Romana cruzaron con \u00e9xito la meta en el Marat\u00f3n de Punta Cana y 10K. Estuvieron sonriendo \u00a0de oreja a oreja y fueron recibidos por una multitud \u2013 race nirvana. La\u2026","rel":"","context":"En \u00abDestacados\u00bb","block_context":{"text":"Destacados","link":"https:\/\/casadecampoliving.com\/es\/category\/destacados\/"},"img":{"alt_text":"punta cana marathon","src":"https:\/\/i0.wp.com\/casadecampoliving.com\/wp-content\/uploads\/2022\/10\/punta_cana_marathon2-1.jpg?fit=650%2C488&ssl=1&resize=350%2C200","width":350,"height":200,"srcset":"https:\/\/i0.wp.com\/casadecampoliving.com\/wp-content\/uploads\/2022\/10\/punta_cana_marathon2-1.jpg?fit=650%2C488&ssl=1&resize=350%2C200 1x, https:\/\/i0.wp.com\/casadecampoliving.com\/wp-content\/uploads\/2022\/10\/punta_cana_marathon2-1.jpg?fit=650%2C488&ssl=1&resize=525%2C300 1.5x"},"classes":[]},{"id":353563,"url":"https:\/\/casadecampoliving.com\/es\/la-temporada-dominicana-de-beisbol-2019-2020-comenzara-pronto-apoya-a-nuestros-toros-del-este\/","url_meta":{"origin":339978,"position":4},"title":"\u00a1La temporada dominicana de b\u00e9isbol 2019-2020 comenzar\u00e1 pronto! \u00a1Apoya a nuestros Toros del Este!","author":"Casa de Campo Living","date":"3 Oct, 2019","format":false,"excerpt":"Preparados, listos\u2026 \u00a1A jugar pelota! Mantenga cerca sus atuendos y cornetas anaranjados, porque la temporada dominicana de b\u00e9isbol de invierno 2019-2020 est\u00e1 a la vuelta de la esquina. El campeonato comenzar\u00e1 oficialmente el s\u00e1bado 12 de octubre, con el primer juego en Santo Domingo, Licey vs. Leones del Escogido a\u2026","rel":"","context":"En \u00abDeportes\u00bb","block_context":{"text":"Deportes","link":"https:\/\/casadecampoliving.com\/es\/category\/golf-deportes-es\/"},"img":{"alt_text":"","src":"https:\/\/i0.wp.com\/casadecampoliving.com\/wp-content\/uploads\/2022\/10\/DSC_0704_2-Toros-del-este.jpg?fit=1000%2C601&ssl=1&resize=350%2C200","width":350,"height":200,"srcset":"https:\/\/i0.wp.com\/casadecampoliving.com\/wp-content\/uploads\/2022\/10\/DSC_0704_2-Toros-del-este.jpg?fit=1000%2C601&ssl=1&resize=350%2C200 1x, https:\/\/i0.wp.com\/casadecampoliving.com\/wp-content\/uploads\/2022\/10\/DSC_0704_2-Toros-del-este.jpg?fit=1000%2C601&ssl=1&resize=525%2C300 1.5x, https:\/\/i0.wp.com\/casadecampoliving.com\/wp-content\/uploads\/2022\/10\/DSC_0704_2-Toros-del-este.jpg?fit=1000%2C601&ssl=1&resize=700%2C400 2x"},"classes":[]},{"id":340532,"url":"https:\/\/casadecampoliving.com\/es\/dia-mundial-del-sida-que-depara-el-futuro-por-jorien-breur\/","url_meta":{"origin":339978,"position":5},"title":"Dia Mundial del SIDA: \u00bfQu\u00e9 depara el futuro? por Jorien Breur","author":"","date":"28 Ene, 2013","format":false,"excerpt":"El primero de diciembre de 2012, Jorien Breur, una estudiante de cuarto a\u00f1o de Medicina de la universidad Albert Einstein College en el Bronx, NY, y quien en la actualidad se encuentra laborando en la Cl\u00ednica de Familia en La Romana, particip\u00f3 en un evento de concienciaci\u00f3n como parte de\u2026","rel":"","context":"En \u00abEstilo de Vida\u00bb","block_context":{"text":"Estilo de Vida","link":"https:\/\/casadecampoliving.com\/es\/category\/estilo-de-vida\/"},"img":{"alt_text":"world aids day","src":"https:\/\/i0.wp.com\/casadecampoliving.com\/wp-content\/uploads\/2022\/10\/world_aids_day-1.jpg?fit=650%2C427&ssl=1&resize=350%2C200","width":350,"height":200,"srcset":"https:\/\/i0.wp.com\/casadecampoliving.com\/wp-content\/uploads\/2022\/10\/world_aids_day-1.jpg?fit=650%2C427&ssl=1&resize=350%2C200 1x, https:\/\/i0.wp.com\/casadecampoliving.com\/wp-content\/uploads\/2022\/10\/world_aids_day-1.jpg?fit=650%2C427&ssl=1&resize=525%2C300 1.5x"},"classes":[]}],"jetpack_sharing_enabled":true,"_links":{"self":[{"href":"https:\/\/casadecampoliving.com\/es\/wp-json\/wp\/v2\/posts\/339978","targetHints":{"allow":["GET"]}}],"collection":[{"href":"https:\/\/casadecampoliving.com\/es\/wp-json\/wp\/v2\/posts"}],"about":[{"href":"https:\/\/casadecampoliving.com\/es\/wp-json\/wp\/v2\/types\/post"}],"author":[{"embeddable":true,"href":"https:\/\/casadecampoliving.com\/es\/wp-json\/wp\/v2\/users\/21"}],"replies":[{"embeddable":true,"href":"https:\/\/casadecampoliving.com\/es\/wp-json\/wp\/v2\/comments?post=339978"}],"version-history":[{"count":1,"href":"https:\/\/casadecampoliving.com\/es\/wp-json\/wp\/v2\/posts\/339978\/revisions"}],"predecessor-version":[{"id":339979,"href":"https:\/\/casadecampoliving.com\/es\/wp-json\/wp\/v2\/posts\/339978\/revisions\/339979"}],"wp:featuredmedia":[{"embeddable":true,"href":"https:\/\/casadecampoliving.com\/es\/wp-json\/wp\/v2\/media\/226117"}],"wp:attachment":[{"href":"https:\/\/casadecampoliving.com\/es\/wp-json\/wp\/v2\/media?parent=339978"}],"wp:term":[{"taxonomy":"category","embeddable":true,"href":"https:\/\/casadecampoliving.com\/es\/wp-json\/wp\/v2\/categories?post=339978"},{"taxonomy":"post_tag","embeddable":true,"href":"https:\/\/casadecampoliving.com\/es\/wp-json\/wp\/v2\/tags?post=339978"},{"taxonomy":"newspack_spnsrs_tax","embeddable":true,"href":"https:\/\/casadecampoliving.com\/es\/wp-json\/wp\/v2\/newspack_spnsrs_tax?post=339978"}],"curies":[{"name":"wp","href":"https:\/\/api.w.org\/{rel}","templated":true}]}}