{"id":339925,"date":"2012-10-14T00:00:00","date_gmt":"2012-10-14T04:00:00","guid":{"rendered":"https:\/\/casadecampoliving.com\/foto-de-la-semana-cielo-rosa-en-una-noche-caribena\/"},"modified":"2022-10-21T18:46:40","modified_gmt":"2022-10-21T22:46:40","slug":"foto-de-la-semana-cielo-rosa-en-una-noche-caribena","status":"publish","type":"post","link":"https:\/\/casadecampoliving.com\/es\/foto-de-la-semana-cielo-rosa-en-una-noche-caribena\/","title":{"rendered":"Foto de la Semana: Cielo rosa en una noche caribe\u00f1a"},"content":{"rendered":"<div class=\"wp-block-image\">\n<figure class=\"aligncenter is-resized\"><img loading=\"lazy\" decoding=\"async\" src=\"https:\/\/i0.wp.com\/casadecampoliving.com\/wp-content\/uploads\/2022\/10\/sunset_teeth_of_the_dog.jpg?resize=650%2C439&amp;ssl=1\" alt=\"sunset teeth of the dog\" class=\"wp-image-59230\" title=\"sunset_teeth_of_the_dog\" height=\"439\" width=\"650\"\/><\/figure>\n<\/div>\n\n\n<p>Sencillamente amo tomar fotos de los atardeceres \u2013 lo que es una gran noticia para nuestra perrita, ya que significa que tiene la oportunidad de acompa\u00f1arme a caminar el campo de golf Teeth of the Dog cada tarde \u2013 que es sin duda el mejor lugar para tomar fotos del atardecer en Casa de Campo.<\/p>\n\n\n\n<!--more-->\n\n\n<div class=\"wp-block-image\">\n<figure class=\"alignright is-resized\"><img loading=\"lazy\" decoding=\"async\" src=\"https:\/\/i0.wp.com\/casadecampoliving.com\/wp-content\/uploads\/2022\/10\/sunset_teeth_of_the_dog1.jpg?resize=230%2C307&amp;ssl=1\" alt=\"sunset teeth of the dog\" class=\"wp-image-59233\" title=\"sunset_teeth_of_the_dog\" height=\"307\" width=\"230\"\/><\/figure>\n<\/div>\n\n\n<p>Esta foto fue tomada al final de un d\u00eda lluvioso y no pudo ser un atardecer m\u00e1s espectacular. El cielo brillaba en tonos rosa, naranja y azul a la vez y en todas las direcciones. La foto mostrada a la derecha fue tomada con mi c\u00e1mara mirando al sur con vista del mar Caribe.<\/p>\n\n\n\n<p>Un gran tip para disfrutarlo y para tomarle fotos es: ser paciente! Con frecuencia veo a otras personas en el Teeth of the Dog (hoyo #8 como punto favorito)- que ven el atardecer y luego se retiran, PERO, con frecuencia los colores m\u00e1s hermosos aparecen alrededor de 10 minutos despu\u00e9s que el sol desaparece y contin\u00faan brillando durante 30 minutos. La foto principal fue tomada un tiempo despu\u00e9s de que el sol se escondiera en el horizonte \u2013 por lo que creo que usted estar\u00e1 de acuerdo en que vale la pena quedarse un tiempito m\u00e1s!<\/p>\n\n\n\n<p>Otro gran lugar para disfrutar de los atardeceres es la localidad de Bayahibe (gracias a la nueva autopista, a solo 20 minutos de Casa de Campo) \u2013 <a href=\"https:\/\/casadecampoliving.com\/es\/2012\/10\/tips-para-disfrutar-de-legendarios-atardeceres-en-bayahibe\/\">haga click aqu\u00ed para ver m\u00e1s fotos y tips sobre el disfrute del atardecer en Bayahibe!<\/a><\/p>\n\n\n\n<p><strong>Escrito por<\/strong>: Rebecca Hughes<br>\n<strong>Traducido por<\/strong>: Paola Marte<\/p>\n","protected":false},"excerpt":{"rendered":"<p>Sencillamente amo tomar fotos de los atardeceres \u2013 lo que es una gran noticia para nuestra perrita, ya que significa que tiene la oportunidad de acompa\u00f1arme a caminar el campo de golf Teeth of the Dog cada tarde \u2013 que es sin duda el mejor lugar para tomar fotos del atardecer en Casa de Campo.<\/p>\n","protected":false},"author":21,"featured_media":224391,"comment_status":"closed","ping_status":"closed","sticky":false,"template":"","format":"standard","meta":{"newspack_ads_suppress_ads":false,"newspack_popups_has_disabled_popups":false,"newspack_sponsor_sponsorship_scope":"","newspack_sponsor_native_byline_display":"inherit","newspack_sponsor_native_category_display":"inherit","newspack_sponsor_underwriter_style":"inherit","newspack_sponsor_underwriter_placement":"inherit","_newspack_byline_active":false,"_newspack_byline":"","newspack_hide_updated_date":false,"newspack_show_updated_date":false,"newspack_content_restriction_is_exempt":false,"newspack_featured_image_position":"","newspack_post_subtitle":"","newspack_article_summary_title":"Overview:","newspack_article_summary":"","_jetpack_memberships_contains_paid_content":false,"footnotes":"","jetpack_publicize_message":"","jetpack_publicize_feature_enabled":true,"jetpack_social_post_already_shared":false,"jetpack_social_options":{"image_generator_settings":{"template":"highway","default_image_id":0,"font":"","enabled":false},"version":2},"_wpas_customize_per_network":false},"categories":[2525,2524,14631,14625,2521,26822],"tags":[2707,139,2848,2561,177],"newspack_spnsrs_tax":[],"class_list":["post-339925","post","type-post","status-publish","format-standard","has-post-thumbnail","hentry","category-golf-deportes-es","category-destacados","category-estilo-de-vida","category-noticias-locales","category-republica-dominicana-2","category-resort-casa-de-campo","tag-atardecer","tag-bayahibe","tag-foto-de-la-semana","tag-resort-casa-de-campo","tag-teeth-of-the-dog","entry"],"yoast_head":"<!-- This site is optimized with the Yoast SEO plugin v27.5 - https:\/\/yoast.com\/product\/yoast-seo-wordpress\/ -->\n<title>Foto de la Semana: Cielo rosa en una noche caribe\u00f1a | Casa de Campo Living<\/title>\n<meta name=\"description\" content=\"Sencillamente amo tomar fotos de los atardeceres \u2013 lo que es una gran noticia para nuestra perrita, ya que significa que tiene la oportunidad de\" \/>\n<meta name=\"robots\" content=\"index, follow, max-snippet:-1, max-image-preview:large, max-video-preview:-1\" \/>\n<link rel=\"canonical\" href=\"https:\/\/casadecampoliving.com\/es\/foto-de-la-semana-cielo-rosa-en-una-noche-caribena\/\" \/>\n<meta property=\"og:locale\" content=\"es_ES\" \/>\n<meta property=\"og:type\" content=\"article\" \/>\n<meta property=\"og:title\" content=\"Foto de la Semana: Cielo rosa en una noche caribe\u00f1a | Casa de Campo Living\" \/>\n<meta property=\"og:description\" content=\"Sencillamente amo tomar fotos de los atardeceres \u2013 lo que es una gran noticia para nuestra perrita, ya que significa que tiene la oportunidad de\" \/>\n<meta property=\"og:url\" content=\"https:\/\/casadecampoliving.com\/es\/foto-de-la-semana-cielo-rosa-en-una-noche-caribena\/\" \/>\n<meta property=\"og:site_name\" content=\"Casa de Campo Living\" \/>\n<meta property=\"article:publisher\" content=\"https:\/\/www.facebook.com\/casadecampoliving\" \/>\n<meta property=\"article:published_time\" content=\"2012-10-14T04:00:00+00:00\" \/>\n<meta property=\"article:modified_time\" content=\"2022-10-21T22:46:40+00:00\" \/>\n<meta property=\"og:image\" content=\"https:\/\/i0.wp.com\/casadecampoliving.com\/wp-content\/uploads\/2022\/10\/sunset_teeth_of_the_dog-1.jpg?fit=650%2C439&ssl=1\" \/>\n\t<meta property=\"og:image:width\" content=\"650\" \/>\n\t<meta property=\"og:image:height\" content=\"439\" \/>\n\t<meta property=\"og:image:type\" content=\"image\/jpeg\" \/>\n<meta name=\"twitter:card\" content=\"summary_large_image\" \/>\n<meta name=\"twitter:creator\" content=\"@cdcliving\" \/>\n<meta name=\"twitter:site\" content=\"@cdcliving\" \/>\n<meta name=\"twitter:label1\" content=\"Escrito por\" \/>\n\t<meta name=\"twitter:data1\" content=\"\" \/>\n\t<meta name=\"twitter:label2\" content=\"Tiempo de lectura\" \/>\n\t<meta name=\"twitter:data2\" content=\"1 minuto\" \/>\n<script type=\"application\/ld+json\" class=\"yoast-schema-graph\">{\"@context\":\"https:\\\/\\\/schema.org\",\"@graph\":[{\"@type\":\"Article\",\"@id\":\"https:\\\/\\\/casadecampoliving.com\\\/es\\\/foto-de-la-semana-cielo-rosa-en-una-noche-caribena\\\/#article\",\"isPartOf\":{\"@id\":\"https:\\\/\\\/casadecampoliving.com\\\/es\\\/foto-de-la-semana-cielo-rosa-en-una-noche-caribena\\\/\"},\"author\":{\"name\":\"\",\"@id\":\"https:\\\/\\\/casadecampoliving.com\\\/es\\\/#\\\/schema\\\/person\\\/7e3b975d584a5f6ac0fd7128a81b0bc5\"},\"headline\":\"Foto de la Semana: Cielo rosa en una noche caribe\u00f1a\",\"datePublished\":\"2012-10-14T04:00:00+00:00\",\"dateModified\":\"2022-10-21T22:46:40+00:00\",\"mainEntityOfPage\":{\"@id\":\"https:\\\/\\\/casadecampoliving.com\\\/es\\\/foto-de-la-semana-cielo-rosa-en-una-noche-caribena\\\/\"},\"wordCount\":270,\"publisher\":{\"@id\":\"https:\\\/\\\/casadecampoliving.com\\\/es\\\/#organization\"},\"image\":{\"@id\":\"https:\\\/\\\/casadecampoliving.com\\\/es\\\/foto-de-la-semana-cielo-rosa-en-una-noche-caribena\\\/#primaryimage\"},\"thumbnailUrl\":\"https:\\\/\\\/i0.wp.com\\\/casadecampoliving.com\\\/wp-content\\\/uploads\\\/2022\\\/10\\\/sunset_teeth_of_the_dog-1.jpg?fit=650%2C439&ssl=1\",\"keywords\":[\"atardecer\",\"Bayahibe\",\"foto de la semana\",\"resort casa de campo\",\"Teeth of the Dog\"],\"articleSection\":[\"Deportes\",\"Destacados\",\"Estilo de Vida\",\"Noticias Locales\",\"Rep\u00fablica Dominicana @es\",\"Resort Casa de Campo\"],\"inLanguage\":\"es\"},{\"@type\":\"WebPage\",\"@id\":\"https:\\\/\\\/casadecampoliving.com\\\/es\\\/foto-de-la-semana-cielo-rosa-en-una-noche-caribena\\\/\",\"url\":\"https:\\\/\\\/casadecampoliving.com\\\/es\\\/foto-de-la-semana-cielo-rosa-en-una-noche-caribena\\\/\",\"name\":\"Foto de la Semana: Cielo rosa en una noche caribe\u00f1a | Casa de Campo Living\",\"isPartOf\":{\"@id\":\"https:\\\/\\\/casadecampoliving.com\\\/es\\\/#website\"},\"primaryImageOfPage\":{\"@id\":\"https:\\\/\\\/casadecampoliving.com\\\/es\\\/foto-de-la-semana-cielo-rosa-en-una-noche-caribena\\\/#primaryimage\"},\"image\":{\"@id\":\"https:\\\/\\\/casadecampoliving.com\\\/es\\\/foto-de-la-semana-cielo-rosa-en-una-noche-caribena\\\/#primaryimage\"},\"thumbnailUrl\":\"https:\\\/\\\/i0.wp.com\\\/casadecampoliving.com\\\/wp-content\\\/uploads\\\/2022\\\/10\\\/sunset_teeth_of_the_dog-1.jpg?fit=650%2C439&ssl=1\",\"datePublished\":\"2012-10-14T04:00:00+00:00\",\"dateModified\":\"2022-10-21T22:46:40+00:00\",\"description\":\"Sencillamente amo tomar fotos de los atardeceres \u2013 lo que es una gran noticia para nuestra perrita, ya que significa que tiene la oportunidad de\",\"breadcrumb\":{\"@id\":\"https:\\\/\\\/casadecampoliving.com\\\/es\\\/foto-de-la-semana-cielo-rosa-en-una-noche-caribena\\\/#breadcrumb\"},\"inLanguage\":\"es\",\"potentialAction\":[{\"@type\":\"ReadAction\",\"target\":[\"https:\\\/\\\/casadecampoliving.com\\\/es\\\/foto-de-la-semana-cielo-rosa-en-una-noche-caribena\\\/\"]}]},{\"@type\":\"ImageObject\",\"inLanguage\":\"es\",\"@id\":\"https:\\\/\\\/casadecampoliving.com\\\/es\\\/foto-de-la-semana-cielo-rosa-en-una-noche-caribena\\\/#primaryimage\",\"url\":\"https:\\\/\\\/i0.wp.com\\\/casadecampoliving.com\\\/wp-content\\\/uploads\\\/2022\\\/10\\\/sunset_teeth_of_the_dog-1.jpg?fit=650%2C439&ssl=1\",\"contentUrl\":\"https:\\\/\\\/i0.wp.com\\\/casadecampoliving.com\\\/wp-content\\\/uploads\\\/2022\\\/10\\\/sunset_teeth_of_the_dog-1.jpg?fit=650%2C439&ssl=1\",\"width\":650,\"height\":439,\"caption\":\"sunset teeth of the dog\"},{\"@type\":\"BreadcrumbList\",\"@id\":\"https:\\\/\\\/casadecampoliving.com\\\/es\\\/foto-de-la-semana-cielo-rosa-en-una-noche-caribena\\\/#breadcrumb\",\"itemListElement\":[{\"@type\":\"ListItem\",\"position\":1,\"name\":\"Home\",\"item\":\"https:\\\/\\\/casadecampoliving.com\\\/es\\\/\"},{\"@type\":\"ListItem\",\"position\":2,\"name\":\"Foto de la Semana: Cielo rosa en una noche caribe\u00f1a\"}]},{\"@type\":\"WebSite\",\"@id\":\"https:\\\/\\\/casadecampoliving.com\\\/es\\\/#website\",\"url\":\"https:\\\/\\\/casadecampoliving.com\\\/es\\\/\",\"name\":\"Casa de Campo Living\",\"description\":\"Resort community news and resources.\",\"publisher\":{\"@id\":\"https:\\\/\\\/casadecampoliving.com\\\/es\\\/#organization\"},\"potentialAction\":[{\"@type\":\"SearchAction\",\"target\":{\"@type\":\"EntryPoint\",\"urlTemplate\":\"https:\\\/\\\/casadecampoliving.com\\\/es\\\/?s={search_term_string}\"},\"query-input\":{\"@type\":\"PropertyValueSpecification\",\"valueRequired\":true,\"valueName\":\"search_term_string\"}}],\"inLanguage\":\"es\"},{\"@type\":\"Organization\",\"@id\":\"https:\\\/\\\/casadecampoliving.com\\\/es\\\/#organization\",\"name\":\"Casa de Campo Living\",\"url\":\"https:\\\/\\\/casadecampoliving.com\\\/es\\\/\",\"logo\":{\"@type\":\"ImageObject\",\"inLanguage\":\"es\",\"@id\":\"https:\\\/\\\/casadecampoliving.com\\\/es\\\/#\\\/schema\\\/logo\\\/image\\\/\",\"url\":\"https:\\\/\\\/i0.wp.com\\\/casadecampoliving.com\\\/wp-content\\\/uploads\\\/2022\\\/07\\\/CDCLivingLogo_V1-white-sized.png?fit=800%2C214&ssl=1\",\"contentUrl\":\"https:\\\/\\\/i0.wp.com\\\/casadecampoliving.com\\\/wp-content\\\/uploads\\\/2022\\\/07\\\/CDCLivingLogo_V1-white-sized.png?fit=800%2C214&ssl=1\",\"width\":800,\"height\":214,\"caption\":\"Casa de Campo Living\"},\"image\":{\"@id\":\"https:\\\/\\\/casadecampoliving.com\\\/es\\\/#\\\/schema\\\/logo\\\/image\\\/\"},\"sameAs\":[\"https:\\\/\\\/www.facebook.com\\\/casadecampoliving\",\"https:\\\/\\\/x.com\\\/cdcliving\"]},{\"@type\":\"Person\",\"@id\":\"https:\\\/\\\/casadecampoliving.com\\\/es\\\/#\\\/schema\\\/person\\\/7e3b975d584a5f6ac0fd7128a81b0bc5\",\"name\":\"\",\"image\":{\"@type\":\"ImageObject\",\"inLanguage\":\"es\",\"@id\":\"https:\\\/\\\/secure.gravatar.com\\\/avatar\\\/?s=96&d=mm&r=g\",\"url\":\"https:\\\/\\\/secure.gravatar.com\\\/avatar\\\/?s=96&d=mm&r=g\",\"contentUrl\":\"https:\\\/\\\/secure.gravatar.com\\\/avatar\\\/?s=96&d=mm&r=g\"},\"url\":\"https:\\\/\\\/casadecampoliving.com\\\/es\\\/author\\\/ \\\/\"}]}<\/script>\n<!-- \/ Yoast SEO plugin. -->","yoast_head_json":{"title":"Foto de la Semana: Cielo rosa en una noche caribe\u00f1a | Casa de Campo Living","description":"Sencillamente amo tomar fotos de los atardeceres \u2013 lo que es una gran noticia para nuestra perrita, ya que significa que tiene la oportunidad de","robots":{"index":"index","follow":"follow","max-snippet":"max-snippet:-1","max-image-preview":"max-image-preview:large","max-video-preview":"max-video-preview:-1"},"canonical":"https:\/\/casadecampoliving.com\/es\/foto-de-la-semana-cielo-rosa-en-una-noche-caribena\/","og_locale":"es_ES","og_type":"article","og_title":"Foto de la Semana: Cielo rosa en una noche caribe\u00f1a | Casa de Campo Living","og_description":"Sencillamente amo tomar fotos de los atardeceres \u2013 lo que es una gran noticia para nuestra perrita, ya que significa que tiene la oportunidad de","og_url":"https:\/\/casadecampoliving.com\/es\/foto-de-la-semana-cielo-rosa-en-una-noche-caribena\/","og_site_name":"Casa de Campo Living","article_publisher":"https:\/\/www.facebook.com\/casadecampoliving","article_published_time":"2012-10-14T04:00:00+00:00","article_modified_time":"2022-10-21T22:46:40+00:00","og_image":[{"width":650,"height":439,"url":"https:\/\/i0.wp.com\/casadecampoliving.com\/wp-content\/uploads\/2022\/10\/sunset_teeth_of_the_dog-1.jpg?fit=650%2C439&ssl=1","type":"image\/jpeg"}],"twitter_card":"summary_large_image","twitter_creator":"@cdcliving","twitter_site":"@cdcliving","twitter_misc":{"Escrito por":"","Tiempo de lectura":"1 minuto"},"schema":{"@context":"https:\/\/schema.org","@graph":[{"@type":"Article","@id":"https:\/\/casadecampoliving.com\/es\/foto-de-la-semana-cielo-rosa-en-una-noche-caribena\/#article","isPartOf":{"@id":"https:\/\/casadecampoliving.com\/es\/foto-de-la-semana-cielo-rosa-en-una-noche-caribena\/"},"author":{"name":"","@id":"https:\/\/casadecampoliving.com\/es\/#\/schema\/person\/7e3b975d584a5f6ac0fd7128a81b0bc5"},"headline":"Foto de la Semana: Cielo rosa en una noche caribe\u00f1a","datePublished":"2012-10-14T04:00:00+00:00","dateModified":"2022-10-21T22:46:40+00:00","mainEntityOfPage":{"@id":"https:\/\/casadecampoliving.com\/es\/foto-de-la-semana-cielo-rosa-en-una-noche-caribena\/"},"wordCount":270,"publisher":{"@id":"https:\/\/casadecampoliving.com\/es\/#organization"},"image":{"@id":"https:\/\/casadecampoliving.com\/es\/foto-de-la-semana-cielo-rosa-en-una-noche-caribena\/#primaryimage"},"thumbnailUrl":"https:\/\/i0.wp.com\/casadecampoliving.com\/wp-content\/uploads\/2022\/10\/sunset_teeth_of_the_dog-1.jpg?fit=650%2C439&ssl=1","keywords":["atardecer","Bayahibe","foto de la semana","resort casa de campo","Teeth of the Dog"],"articleSection":["Deportes","Destacados","Estilo de Vida","Noticias Locales","Rep\u00fablica Dominicana @es","Resort Casa de Campo"],"inLanguage":"es"},{"@type":"WebPage","@id":"https:\/\/casadecampoliving.com\/es\/foto-de-la-semana-cielo-rosa-en-una-noche-caribena\/","url":"https:\/\/casadecampoliving.com\/es\/foto-de-la-semana-cielo-rosa-en-una-noche-caribena\/","name":"Foto de la Semana: Cielo rosa en una noche caribe\u00f1a | Casa de Campo Living","isPartOf":{"@id":"https:\/\/casadecampoliving.com\/es\/#website"},"primaryImageOfPage":{"@id":"https:\/\/casadecampoliving.com\/es\/foto-de-la-semana-cielo-rosa-en-una-noche-caribena\/#primaryimage"},"image":{"@id":"https:\/\/casadecampoliving.com\/es\/foto-de-la-semana-cielo-rosa-en-una-noche-caribena\/#primaryimage"},"thumbnailUrl":"https:\/\/i0.wp.com\/casadecampoliving.com\/wp-content\/uploads\/2022\/10\/sunset_teeth_of_the_dog-1.jpg?fit=650%2C439&ssl=1","datePublished":"2012-10-14T04:00:00+00:00","dateModified":"2022-10-21T22:46:40+00:00","description":"Sencillamente amo tomar fotos de los atardeceres \u2013 lo que es una gran noticia para nuestra perrita, ya que significa que tiene la oportunidad de","breadcrumb":{"@id":"https:\/\/casadecampoliving.com\/es\/foto-de-la-semana-cielo-rosa-en-una-noche-caribena\/#breadcrumb"},"inLanguage":"es","potentialAction":[{"@type":"ReadAction","target":["https:\/\/casadecampoliving.com\/es\/foto-de-la-semana-cielo-rosa-en-una-noche-caribena\/"]}]},{"@type":"ImageObject","inLanguage":"es","@id":"https:\/\/casadecampoliving.com\/es\/foto-de-la-semana-cielo-rosa-en-una-noche-caribena\/#primaryimage","url":"https:\/\/i0.wp.com\/casadecampoliving.com\/wp-content\/uploads\/2022\/10\/sunset_teeth_of_the_dog-1.jpg?fit=650%2C439&ssl=1","contentUrl":"https:\/\/i0.wp.com\/casadecampoliving.com\/wp-content\/uploads\/2022\/10\/sunset_teeth_of_the_dog-1.jpg?fit=650%2C439&ssl=1","width":650,"height":439,"caption":"sunset teeth of the dog"},{"@type":"BreadcrumbList","@id":"https:\/\/casadecampoliving.com\/es\/foto-de-la-semana-cielo-rosa-en-una-noche-caribena\/#breadcrumb","itemListElement":[{"@type":"ListItem","position":1,"name":"Home","item":"https:\/\/casadecampoliving.com\/es\/"},{"@type":"ListItem","position":2,"name":"Foto de la Semana: Cielo rosa en una noche caribe\u00f1a"}]},{"@type":"WebSite","@id":"https:\/\/casadecampoliving.com\/es\/#website","url":"https:\/\/casadecampoliving.com\/es\/","name":"Casa de Campo Living","description":"Resort community news and resources.","publisher":{"@id":"https:\/\/casadecampoliving.com\/es\/#organization"},"potentialAction":[{"@type":"SearchAction","target":{"@type":"EntryPoint","urlTemplate":"https:\/\/casadecampoliving.com\/es\/?s={search_term_string}"},"query-input":{"@type":"PropertyValueSpecification","valueRequired":true,"valueName":"search_term_string"}}],"inLanguage":"es"},{"@type":"Organization","@id":"https:\/\/casadecampoliving.com\/es\/#organization","name":"Casa de Campo Living","url":"https:\/\/casadecampoliving.com\/es\/","logo":{"@type":"ImageObject","inLanguage":"es","@id":"https:\/\/casadecampoliving.com\/es\/#\/schema\/logo\/image\/","url":"https:\/\/i0.wp.com\/casadecampoliving.com\/wp-content\/uploads\/2022\/07\/CDCLivingLogo_V1-white-sized.png?fit=800%2C214&ssl=1","contentUrl":"https:\/\/i0.wp.com\/casadecampoliving.com\/wp-content\/uploads\/2022\/07\/CDCLivingLogo_V1-white-sized.png?fit=800%2C214&ssl=1","width":800,"height":214,"caption":"Casa de Campo Living"},"image":{"@id":"https:\/\/casadecampoliving.com\/es\/#\/schema\/logo\/image\/"},"sameAs":["https:\/\/www.facebook.com\/casadecampoliving","https:\/\/x.com\/cdcliving"]},{"@type":"Person","@id":"https:\/\/casadecampoliving.com\/es\/#\/schema\/person\/7e3b975d584a5f6ac0fd7128a81b0bc5","name":"","image":{"@type":"ImageObject","inLanguage":"es","@id":"https:\/\/secure.gravatar.com\/avatar\/?s=96&d=mm&r=g","url":"https:\/\/secure.gravatar.com\/avatar\/?s=96&d=mm&r=g","contentUrl":"https:\/\/secure.gravatar.com\/avatar\/?s=96&d=mm&r=g"},"url":"https:\/\/casadecampoliving.com\/es\/author\/ \/"}]}},"parsely":{"version":"1.1.0","canonical_url":"https:\/\/casadecampoliving.com\/es\/foto-de-la-semana-cielo-rosa-en-una-noche-caribena\/","smart_links":{"inbound":0,"outbound":0},"traffic_boost_suggestions_count":0,"meta":{"@context":"https:\/\/schema.org","@type":"NewsArticle","headline":"Foto de la Semana: Cielo rosa en una noche caribe\u00f1a","url":"http:\/\/casadecampoliving.com\/es\/foto-de-la-semana-cielo-rosa-en-una-noche-caribena\/","mainEntityOfPage":{"@type":"WebPage","@id":"http:\/\/casadecampoliving.com\/es\/foto-de-la-semana-cielo-rosa-en-una-noche-caribena\/"},"thumbnailUrl":"https:\/\/i0.wp.com\/casadecampoliving.com\/wp-content\/uploads\/2022\/10\/sunset_teeth_of_the_dog-1.jpg?resize=150%2C150&ssl=1","image":{"@type":"ImageObject","url":"https:\/\/i0.wp.com\/casadecampoliving.com\/wp-content\/uploads\/2022\/10\/sunset_teeth_of_the_dog-1.jpg?fit=650%2C439&ssl=1"},"articleSection":"Deportes","author":[{"@type":"Person","name":"FB_515917546"}],"creator":["FB_515917546"],"publisher":{"@type":"Organization","name":"Casa de Campo Living","logo":"https:\/\/casadecampoliving.com\/wp-content\/uploads\/2022\/07\/CDCLivingLogo_V1-white-sized.png"},"keywords":["atardecer","bayahibe","foto de la semana","resort casa de campo","teeth of the dog"],"dateCreated":"2012-10-14T04:00:00Z","datePublished":"2012-10-14T04:00:00Z","dateModified":"2022-10-21T22:46:40Z"},"rendered":"<script type=\"application\/ld+json\" class=\"wp-parsely-metadata\">{\"@context\":\"https:\\\/\\\/schema.org\",\"@type\":\"NewsArticle\",\"headline\":\"Foto de la Semana: Cielo rosa en una noche caribe\\u00f1a\",\"url\":\"http:\\\/\\\/casadecampoliving.com\\\/es\\\/foto-de-la-semana-cielo-rosa-en-una-noche-caribena\\\/\",\"mainEntityOfPage\":{\"@type\":\"WebPage\",\"@id\":\"http:\\\/\\\/casadecampoliving.com\\\/es\\\/foto-de-la-semana-cielo-rosa-en-una-noche-caribena\\\/\"},\"thumbnailUrl\":\"https:\\\/\\\/i0.wp.com\\\/casadecampoliving.com\\\/wp-content\\\/uploads\\\/2022\\\/10\\\/sunset_teeth_of_the_dog-1.jpg?resize=150%2C150&ssl=1\",\"image\":{\"@type\":\"ImageObject\",\"url\":\"https:\\\/\\\/i0.wp.com\\\/casadecampoliving.com\\\/wp-content\\\/uploads\\\/2022\\\/10\\\/sunset_teeth_of_the_dog-1.jpg?fit=650%2C439&ssl=1\"},\"articleSection\":\"Deportes\",\"author\":[{\"@type\":\"Person\",\"name\":\"FB_515917546\"}],\"creator\":[\"FB_515917546\"],\"publisher\":{\"@type\":\"Organization\",\"name\":\"Casa de Campo Living\",\"logo\":\"https:\\\/\\\/casadecampoliving.com\\\/wp-content\\\/uploads\\\/2022\\\/07\\\/CDCLivingLogo_V1-white-sized.png\"},\"keywords\":[\"atardecer\",\"bayahibe\",\"foto de la semana\",\"resort casa de campo\",\"teeth of the dog\"],\"dateCreated\":\"2012-10-14T04:00:00Z\",\"datePublished\":\"2012-10-14T04:00:00Z\",\"dateModified\":\"2022-10-21T22:46:40Z\"}<\/script>","tracker_url":"https:\/\/cdn.parsely.com\/keys\/casadecampoliving.com\/p.js"},"jetpack_publicize_connections":[],"jetpack_featured_media_url":"https:\/\/i0.wp.com\/casadecampoliving.com\/wp-content\/uploads\/2022\/10\/sunset_teeth_of_the_dog-1.jpg?fit=650%2C439&ssl=1","jetpack-related-posts":[{"id":337937,"url":"https:\/\/casadecampoliving.com\/es\/foto-de-la-semana-reencuentro-con-playa-minitas\/","url_meta":{"origin":339925,"position":0},"title":"Foto de la Semana: \u00abReencuentro con Playa Minitas\u00bb","author":"","date":"19 Feb, 2012","format":false,"excerpt":"Resulta sorprendente (y hasta embarazoso) darme cuenta que, siendo romanense, hace muchos a\u00f1os no disfrutaba de esta particular belleza del aut\u00e9ntico para\u00edso de Casa de Campo durante esta bella puesta de sol\u2026\u00a0 Y es que podr\u00eda decir con toda certeza que desde aquel a\u00f1o en que hice mi graduaci\u00f3n de\u2026","rel":"","context":"En \u00abNoticias Locales\u00bb","block_context":{"text":"Noticias Locales","link":"https:\/\/casadecampoliving.com\/es\/category\/noticias-locales\/"},"img":{"alt_text":"minitas beach casa de campo","src":"https:\/\/i0.wp.com\/casadecampoliving.com\/wp-content\/uploads\/2022\/10\/minitas_beach_casa_de_campo-3.jpg?fit=650%2C410&ssl=1&resize=350%2C200","width":350,"height":200,"srcset":"https:\/\/i0.wp.com\/casadecampoliving.com\/wp-content\/uploads\/2022\/10\/minitas_beach_casa_de_campo-3.jpg?fit=650%2C410&ssl=1&resize=350%2C200 1x, https:\/\/i0.wp.com\/casadecampoliving.com\/wp-content\/uploads\/2022\/10\/minitas_beach_casa_de_campo-3.jpg?fit=650%2C410&ssl=1&resize=525%2C300 1.5x"},"classes":[]},{"id":337261,"url":"https:\/\/casadecampoliving.com\/es\/fotos-de-la-semana-puesta-del-sol-sobre-el-campo-de-golf-teeth-of-the-dog\/","url_meta":{"origin":339925,"position":1},"title":"Fotos de la semana: Puesta del Sol sobre el campo de golf, Teeth of the Dog","author":"","date":"13 Nov, 2011","format":false,"excerpt":"\u00a1La foto de esta semana fue tomada por Rebecca Hughes y es hermosa!\u00a0 La foto fue tomada en el hoyo 8 de Teeth of the Dog (donde Rebecca le encanta pasear a su perrita Leila \u2013 pueden verla en medio de la foto mirando hacia el mar). Si piensan que\u2026","rel":"","context":"En \u00abDestacados\u00bb","block_context":{"text":"Destacados","link":"https:\/\/casadecampoliving.com\/es\/category\/destacados\/"},"img":{"alt_text":"casa de campo sunset","src":"https:\/\/i0.wp.com\/casadecampoliving.com\/wp-content\/uploads\/2022\/10\/casa_de_campo_sunset.jpg?fit=650%2C346&ssl=1&resize=350%2C200","width":350,"height":200,"srcset":"https:\/\/i0.wp.com\/casadecampoliving.com\/wp-content\/uploads\/2022\/10\/casa_de_campo_sunset.jpg?fit=650%2C346&ssl=1&resize=350%2C200 1x, https:\/\/i0.wp.com\/casadecampoliving.com\/wp-content\/uploads\/2022\/10\/casa_de_campo_sunset.jpg?fit=650%2C346&ssl=1&resize=525%2C300 1.5x"},"classes":[]},{"id":345620,"url":"https:\/\/casadecampoliving.com\/es\/fotos-divertidas-para-tomar-en-el-atardecer\/","url_meta":{"origin":339925,"position":2},"title":"Fotos divertidas para tomar en el atardecer","author":"Maria Isabel B\u00e1ez","date":"11 Oct, 2014","format":false,"excerpt":"\u00bfA qui\u00e9n no le gusta ver un hermoso atardecer? Y mejor que eso es poder fotografiarlo (en mi opini\u00f3n), \u00a1as\u00ed que aqu\u00ed les traemos divertidas fotos para tomarse en el atardecer! Estas fotos fueron tomadas en nuestra \u00faltima caminata por el campo de golf Dye Fore, cuando fuimos bendecidos al\u2026","rel":"","context":"En \u00abAltos de Chavon @es\u00bb","block_context":{"text":"Altos de Chavon @es","link":"https:\/\/casadecampoliving.com\/category\/altos-de-chavon-es\/"},"img":{"alt_text":"","src":"https:\/\/i0.wp.com\/casadecampoliving.com\/wp-content\/uploads\/2022\/10\/sunset_casa_de_campo_living-1.jpg?fit=650%2C488&ssl=1&resize=350%2C200","width":350,"height":200,"srcset":"https:\/\/i0.wp.com\/casadecampoliving.com\/wp-content\/uploads\/2022\/10\/sunset_casa_de_campo_living-1.jpg?fit=650%2C488&ssl=1&resize=350%2C200 1x, https:\/\/i0.wp.com\/casadecampoliving.com\/wp-content\/uploads\/2022\/10\/sunset_casa_de_campo_living-1.jpg?fit=650%2C488&ssl=1&resize=525%2C300 1.5x"},"classes":[]},{"id":347094,"url":"https:\/\/casadecampoliving.com\/es\/sunset-moments-en-playa-minitas\/","url_meta":{"origin":339925,"position":3},"title":"Disfrute un \u00abSunset Moment\u00bb en Playa Minitas este viernes","author":"Perkin Agramonte","date":"1 Abr, 2015","format":false,"excerpt":"Le invitamos a vivir la maravillosa experiencia de un \u201cSunset Moment\u201d este viernes 3 de abril de 5 a 7 pm en Playa Minitas. \u00bfQu\u00e9 mejor forma de comenzar la Semana Santa que con m\u00fasica en vivo y c\u00f3cteles al atardecer en Playa Minitas? Los atardeceres en Casa de Campo\u2026","rel":"","context":"En \u00abCasa de Campo Living @es\u00bb","block_context":{"text":"Casa de Campo Living @es","link":"https:\/\/casadecampoliving.com\/category\/casa-de-campo-living-es\/"},"img":{"alt_text":"","src":"https:\/\/i0.wp.com\/casadecampoliving.com\/wp-content\/uploads\/2022\/10\/Sunset_Minitas_Beach_3-1.jpg?fit=1023%2C768&ssl=1&resize=350%2C200","width":350,"height":200,"srcset":"https:\/\/i0.wp.com\/casadecampoliving.com\/wp-content\/uploads\/2022\/10\/Sunset_Minitas_Beach_3-1.jpg?fit=1023%2C768&ssl=1&resize=350%2C200 1x, https:\/\/i0.wp.com\/casadecampoliving.com\/wp-content\/uploads\/2022\/10\/Sunset_Minitas_Beach_3-1.jpg?fit=1023%2C768&ssl=1&resize=525%2C300 1.5x, https:\/\/i0.wp.com\/casadecampoliving.com\/wp-content\/uploads\/2022\/10\/Sunset_Minitas_Beach_3-1.jpg?fit=1023%2C768&ssl=1&resize=700%2C400 2x"},"classes":[]},{"id":339435,"url":"https:\/\/casadecampoliving.com\/es\/foto-de-la-semana-atardecer-palma-y-poste-de-luz-en-la-marinca-casa-de-campo\/","url_meta":{"origin":339925,"position":4},"title":"Foto de la semana: Atardecer, palma y poste de luz en la Marina Casa de Campo!","author":"","date":"5 Ago, 2012","format":false,"excerpt":"Esta magn\u00edfica foto fue tomada en la Marina Casa de Campo el pasado juves 18 de julio mientras iba caminando hacia el \u201cAtardecer con Sabor a M\u00fasica\u201d en el Azimut Caf\u00e9 \u2013 y fue una de las razones por las cuales llegamos un poco m\u00e1s tarde de lo planeado, pero\u2026","rel":"","context":"En \u00abDestacados\u00bb","block_context":{"text":"Destacados","link":"https:\/\/casadecampoliving.com\/es\/category\/destacados\/"},"img":{"alt_text":"marina casa de campo","src":"https:\/\/i0.wp.com\/casadecampoliving.com\/wp-content\/uploads\/2022\/10\/marina_casa_de_campo3-13.jpg?fit=650%2C867&ssl=1&resize=350%2C200","width":350,"height":200,"srcset":"https:\/\/i0.wp.com\/casadecampoliving.com\/wp-content\/uploads\/2022\/10\/marina_casa_de_campo3-13.jpg?fit=650%2C867&ssl=1&resize=350%2C200 1x, https:\/\/i0.wp.com\/casadecampoliving.com\/wp-content\/uploads\/2022\/10\/marina_casa_de_campo3-13.jpg?fit=650%2C867&ssl=1&resize=525%2C300 1.5x"},"classes":[]},{"id":337742,"url":"https:\/\/casadecampoliving.com\/es\/foto-de-la-semana-una-maravillosa-puesta-del-sol-tomada-por-ramses-montes\/","url_meta":{"origin":339925,"position":5},"title":"Foto de la semana: Una maravillosa puesta del sol, tomada por Ramses Montes","author":"","date":"18 Dic, 2011","format":false,"excerpt":"La foto de Casa de Campo de esta semana es una hermosa puesta de sol cortes\u00eda de Ramses Montes.\u00a0 Aunque en realidad no fue tomada en Casa de Campo, esta espectacular fotograf\u00eda fue tomada en el Club de la Costa en el Central Romana, un punto ubicado a lo largo\u2026","rel":"","context":"En \u00abDestacados\u00bb","block_context":{"text":"Destacados","link":"https:\/\/casadecampoliving.com\/es\/category\/destacados\/"},"img":{"alt_text":"sunset dominican republic","src":"https:\/\/i0.wp.com\/casadecampoliving.com\/wp-content\/uploads\/2022\/10\/sunset_dominican_republic-1.jpg?fit=650%2C432&ssl=1&resize=350%2C200","width":350,"height":200,"srcset":"https:\/\/i0.wp.com\/casadecampoliving.com\/wp-content\/uploads\/2022\/10\/sunset_dominican_republic-1.jpg?fit=650%2C432&ssl=1&resize=350%2C200 1x, https:\/\/i0.wp.com\/casadecampoliving.com\/wp-content\/uploads\/2022\/10\/sunset_dominican_republic-1.jpg?fit=650%2C432&ssl=1&resize=525%2C300 1.5x"},"classes":[]}],"jetpack_sharing_enabled":true,"_links":{"self":[{"href":"https:\/\/casadecampoliving.com\/es\/wp-json\/wp\/v2\/posts\/339925","targetHints":{"allow":["GET"]}}],"collection":[{"href":"https:\/\/casadecampoliving.com\/es\/wp-json\/wp\/v2\/posts"}],"about":[{"href":"https:\/\/casadecampoliving.com\/es\/wp-json\/wp\/v2\/types\/post"}],"author":[{"embeddable":true,"href":"https:\/\/casadecampoliving.com\/es\/wp-json\/wp\/v2\/users\/21"}],"replies":[{"embeddable":true,"href":"https:\/\/casadecampoliving.com\/es\/wp-json\/wp\/v2\/comments?post=339925"}],"version-history":[{"count":1,"href":"https:\/\/casadecampoliving.com\/es\/wp-json\/wp\/v2\/posts\/339925\/revisions"}],"predecessor-version":[{"id":339926,"href":"https:\/\/casadecampoliving.com\/es\/wp-json\/wp\/v2\/posts\/339925\/revisions\/339926"}],"wp:featuredmedia":[{"embeddable":true,"href":"https:\/\/casadecampoliving.com\/es\/wp-json\/wp\/v2\/media\/224391"}],"wp:attachment":[{"href":"https:\/\/casadecampoliving.com\/es\/wp-json\/wp\/v2\/media?parent=339925"}],"wp:term":[{"taxonomy":"category","embeddable":true,"href":"https:\/\/casadecampoliving.com\/es\/wp-json\/wp\/v2\/categories?post=339925"},{"taxonomy":"post_tag","embeddable":true,"href":"https:\/\/casadecampoliving.com\/es\/wp-json\/wp\/v2\/tags?post=339925"},{"taxonomy":"newspack_spnsrs_tax","embeddable":true,"href":"https:\/\/casadecampoliving.com\/es\/wp-json\/wp\/v2\/newspack_spnsrs_tax?post=339925"}],"curies":[{"name":"wp","href":"https:\/\/api.w.org\/{rel}","templated":true}]}}