{"id":339879,"date":"2012-10-07T00:00:00","date_gmt":"2012-10-07T04:00:00","guid":{"rendered":"https:\/\/casadecampoliving.com\/reserve-la-fecha-alfy-y-raysa-fanjul-les-invita-al-xxii-esplendor-magico-por-la-vida-de-mir-sab-19-de-enero-2013\/"},"modified":"2022-10-21T18:44:37","modified_gmt":"2022-10-21T22:44:37","slug":"reserve-la-fecha-alfy-y-raysa-fanjul-les-invita-al-xxii-esplendor-magico-por-la-vida-de-mir-sab-19-de-enero-2013","status":"publish","type":"post","link":"https:\/\/casadecampoliving.com\/es\/reserve-la-fecha-alfy-y-raysa-fanjul-les-invita-al-xxii-esplendor-magico-por-la-vida-de-mir-sab-19-de-enero-2013\/","title":{"rendered":"Reserve la fecha! Alfy y Raysa Fanjul les invita al XXII Esplendor M\u00e1gico por la Vida de MIR: s\u00e1b 19 de enero, 2013"},"content":{"rendered":"<div class=\"wp-block-image\">\n<figure class=\"aligncenter is-resized\"><img loading=\"lazy\" decoding=\"async\" src=\"https:\/\/i0.wp.com\/casadecampoliving.com\/wp-content\/uploads\/2022\/10\/fundacion_MIR-2.jpg?resize=650%2C445&amp;ssl=1\" alt=\"fundacion MIR\" class=\"wp-image-58837\" title=\"fundacion_MIR\" height=\"445\" width=\"650\"\/><\/figure>\n<\/div>\n\n\n<p>Reserve la fecha! El XXII Esplendor M\u00e1gico Por La Vida de la Fundaci\u00f3n MIR est\u00e1 pautado para el s\u00e1bado 19 de enero de 2013. <\/p>\n\n\n\n<!--more-->\n\n\n\n<p>Este a\u00f1o, el Esplendor M\u00e1gico Por La Vida de la Fundaci\u00f3n MIR, uno de los eventos sociales y ocasiones ben\u00e9ficas de Casa de Campo m\u00e1s elegantes, ser\u00e1 m\u00e1s glamuroso que nunca \u2013 con el principal evento organizado por primera vez por Alfy y Raysa Fanjul en su residencia de Casa de Campo; Casa Grande.<\/p>\n\n\n\n<p>El evento, que recaudar\u00e1 fondos para continuar con el crecimiento de los muchos proyectos de la Fundaci\u00f3n MIR, incluyendo sus tres escuelas ubicadas en La Romana, tendr\u00e1 comienzo con un torneo de golf en La Romana Country Club, seguido de una cena-gala en Casa Grande, una vez m\u00e1s auspiciada con su Misteriosa Caja de Tiffany &amp; Co., y por tercer a\u00f1o consecutivo con un fashion show por los dise\u00f1adores e invitados especiales; Badgley Mischka.<\/p>\n\n\n<div class=\"wp-block-image\">\n<figure class=\"aligncenter is-resized\"><img loading=\"lazy\" decoding=\"async\" src=\"https:\/\/i0.wp.com\/casadecampoliving.com\/wp-content\/uploads\/2022\/10\/Badgley_mischka.jpg?resize=650%2C366&amp;ssl=1\" alt=\"badgley mischka\" class=\"wp-image-58845\" title=\"Badgley_mischka\" height=\"366\" width=\"650\"\/><\/figure>\n<\/div>\n\n\n<p class=\"has-text-align-center\"><strong><a href=\"https:\/\/casadecampoliving.com\/es\/2012\/02\/el-fashion-show-de-badgley-mischka-en-el-esplendor-magico-por-la-vida-de-la-fundacion-mir\/\"><strong>Fashion show por Badgley Mischka, Esplendor M\u00e1gico por la Vida, 2012<\/strong><\/a><br>\n<\/strong><\/p>\n\n\n\n<p><strong>M\u00e1s detalles quedan pendientes \u2013 por ahora, por favor reserve la fecha!<\/strong><\/p>\n\n\n\n<p>Tambi\u00e9n se aproxima el Cartier Benefit, un elegante evento ben\u00e9fico que ser\u00e1 celebrado el s\u00e1bado 29 de diciembre de 2012, tambi\u00e9n en Casa Grande, en el que los fondos ser\u00e1n destinados a la Fundaci\u00f3n MIR y el Hogar del Ni\u00f1o, centro educativo y de cuidados en La Romana.<br>\n<a href=\"https:\/\/casadecampoliving.com\/2012\/09\/cartier-benefit-casa-de-camp\/\">Para m\u00e1s detalles, haga click aqu\u00ed.<\/a><\/p>\n\n\n\n<blockquote><figure><img decoding=\"async\" loading=\"lazy\" class=\"aligncenter  wp-image-43931\" title=\"fundacion_MIR_minitas_beach\" src=\"https:\/\/i0.wp.com\/casadecampoliving.com\/wp-content\/uploads\/2022\/10\/fundacion_MIR_minitas_beach.jpg?resize=585%2C329&amp;ssl=1\" alt=\"fundacion MIR minitas beach\" width=\"585\" height=\"329\"><\/figure><p style=\"text-align: left;\"><strong>Esplendor M\u00e1gico Por La Vida 2012 de la Fundaci\u00f3n MIR<\/strong><br>\n<\/p><p>El XXI Esplendor M\u00e1gico Por La Vida de la Fundaci\u00f3n MIR, fue realizado el viernes 27 y s\u00e1bado 28 de enero de 2012 con una fabulosa gala en la que se present\u00f3 un fashion show por Badgley Mischka, un torneo de golf y una exclusiva cena VIP.<\/p><p><em><strong><a href=\"https:\/\/casadecampoliving.com\/es\/2012\/01\/el-xxi-esplendor-magico-por-la-vida-un-maravilloso-fin-de-semana\/\">Haga click aqu\u00ed para leer m\u00e1s sobre este glamuroso evento en Casa de Campo!<br>\n<\/a><\/strong><\/em><\/p><\/blockquote>\n\n\n\n<blockquote><blockquote><p><strong><a href=\"https:\/\/casadecampoliving.com\/es\/la-fundacion-mir\/\">La Fundaci\u00f3n MIR<\/a><\/strong><\/p><figure><img decoding=\"async\" loading=\"lazy\" title=\"fundacion_MIR\" src=\"https:\/\/i0.wp.com\/casadecampoliving.com\/wp-content\/uploads\/2022\/10\/fundacion_MIR6.jpg?resize=620%2C413&amp;ssl=1\" alt=\"fundacion MIR\" width=\"620\" height=\"413\"><\/figure><figure><img decoding=\"async\" loading=\"lazy\" class=\"alignright\" title=\"fundacion_MIR\" src=\"https:\/\/i0.wp.com\/casadecampoliving.com\/wp-content\/uploads\/2022\/10\/fundacion_MIR.jpg?resize=144%2C138&amp;ssl=1\" alt=\"\" width=\"144\" height=\"138\"><\/figure><p><a href=\"https:\/\/casadecampoliving.com\/es\/la-fundacion-mir\/\">La Fundaci\u00f3n MIR<\/a>&nbsp;ha creado, dise\u00f1ado y mantiene varios proyectos sociales, entre ellos, la Primaria MIR donde se recibe a ni\u00f1os y ni\u00f1as peque\u00f1os a partir de los 5 a\u00f1os de edad; el Polit\u00e9cnico Fundaci\u00f3n MIR, que proporciona educaci\u00f3n desde el 5to grado hasta el 12vo grado, adem\u00e1s de ofrecer carreras t\u00e9cnicas en distintas \u00e1reas; el Polit\u00e9cnico MIR Esperanza, con programas de educaci\u00f3n integral para j\u00f3venes.<\/p><p><a href=\"https:\/\/casadecampoliving.com\/es\/la-fundacion-mir\/\">Para m\u00e1s leer m\u00e1s art\u00edculos y obtener m\u00e1s informaciones sobre la Fundaci\u00f3n MIR haga click aqu\u00ed!<\/a><\/p><\/blockquote><p><em title=\"fundacion_MIR\"><strong><br>\n<\/strong><\/em><\/p><\/blockquote>\n","protected":false},"excerpt":{"rendered":"<p>Reserve la fecha! El XXII Esplendor M\u00e1gico Por La Vida de la Fundaci\u00f3n MIR est\u00e1 pautado para el s\u00e1bado 19 de enero de 2013.<\/p>\n","protected":false},"author":21,"featured_media":222631,"comment_status":"closed","ping_status":"closed","sticky":false,"template":"","format":"standard","meta":{"newspack_ads_suppress_ads":false,"newspack_popups_has_disabled_popups":false,"newspack_sponsor_sponsorship_scope":"","newspack_sponsor_native_byline_display":"inherit","newspack_sponsor_native_category_display":"inherit","newspack_sponsor_underwriter_style":"inherit","newspack_sponsor_underwriter_placement":"inherit","_newspack_byline_active":false,"_newspack_byline":"","newspack_hide_updated_date":false,"newspack_show_updated_date":false,"newspack_content_restriction_is_exempt":false,"newspack_featured_image_position":"","newspack_post_subtitle":"","newspack_article_summary_title":"Overview:","newspack_article_summary":"","_jetpack_memberships_contains_paid_content":false,"footnotes":"","jetpack_publicize_message":"","jetpack_publicize_feature_enabled":true,"jetpack_social_post_already_shared":false,"jetpack_social_options":{"image_generator_settings":{"template":"highway","default_image_id":0,"font":"","enabled":false},"version":2},"_wpas_customize_per_network":false},"categories":[14631,2522,2515,2514,14625,14627,2521,2526],"tags":[718,3227,24715],"newspack_spnsrs_tax":[],"class_list":["post-339879","post","type-post","status-publish","format-standard","has-post-thumbnail","hentry","category-estilo-de-vida","category-eventos-es","category-fundacion-mir-es","category-fundaciones-es","category-noticias-locales","category-proximamente","category-republica-dominicana-2","category-titulares-es","tag-casa-grande","tag-esplendor-magico-por-la-vida","tag-fundacion-mir-es","entry"],"yoast_head":"<!-- This site is optimized with the Yoast SEO plugin v27.5 - https:\/\/yoast.com\/product\/yoast-seo-wordpress\/ -->\n<title>Reserve la fecha! Alfy y Raysa Fanjul les invita al XXII Esplendor M\u00e1gico por la Vida de MIR: s\u00e1b 19 de enero, 2013 | Casa de Campo Living<\/title>\n<meta name=\"description\" content=\"Reserve la fecha! El XXII Esplendor M\u00e1gico Por La Vida de la Fundaci\u00f3n MIR est\u00e1 pautado para el s\u00e1bado 19 de enero de 2013. Este a\u00f1o, el Esplendor M\u00e1gico\" \/>\n<meta name=\"robots\" content=\"index, follow, max-snippet:-1, max-image-preview:large, max-video-preview:-1\" \/>\n<link rel=\"canonical\" href=\"https:\/\/casadecampoliving.com\/es\/reserve-la-fecha-alfy-y-raysa-fanjul-les-invita-al-xxii-esplendor-magico-por-la-vida-de-mir-sab-19-de-enero-2013\/\" \/>\n<meta property=\"og:locale\" content=\"es_ES\" \/>\n<meta property=\"og:type\" content=\"article\" \/>\n<meta property=\"og:title\" content=\"Reserve la fecha! Alfy y Raysa Fanjul les invita al XXII Esplendor M\u00e1gico por la Vida de MIR: s\u00e1b 19 de enero, 2013 | Casa de Campo Living\" \/>\n<meta property=\"og:description\" content=\"Reserve la fecha! El XXII Esplendor M\u00e1gico Por La Vida de la Fundaci\u00f3n MIR est\u00e1 pautado para el s\u00e1bado 19 de enero de 2013. Este a\u00f1o, el Esplendor M\u00e1gico\" \/>\n<meta property=\"og:url\" content=\"https:\/\/casadecampoliving.com\/es\/reserve-la-fecha-alfy-y-raysa-fanjul-les-invita-al-xxii-esplendor-magico-por-la-vida-de-mir-sab-19-de-enero-2013\/\" \/>\n<meta property=\"og:site_name\" content=\"Casa de Campo Living\" \/>\n<meta property=\"article:publisher\" content=\"https:\/\/www.facebook.com\/casadecampoliving\" \/>\n<meta property=\"article:published_time\" content=\"2012-10-07T04:00:00+00:00\" \/>\n<meta property=\"article:modified_time\" content=\"2022-10-21T22:44:37+00:00\" \/>\n<meta property=\"og:image\" content=\"https:\/\/i0.wp.com\/casadecampoliving.com\/wp-content\/uploads\/2022\/10\/fundacion_MIR-3.jpg?fit=650%2C445&ssl=1\" \/>\n\t<meta property=\"og:image:width\" content=\"650\" \/>\n\t<meta property=\"og:image:height\" content=\"445\" \/>\n\t<meta property=\"og:image:type\" content=\"image\/jpeg\" \/>\n<meta name=\"twitter:card\" content=\"summary_large_image\" \/>\n<meta name=\"twitter:creator\" content=\"@cdcliving\" \/>\n<meta name=\"twitter:site\" content=\"@cdcliving\" \/>\n<meta name=\"twitter:label1\" content=\"Escrito por\" \/>\n\t<meta name=\"twitter:data1\" content=\"\" \/>\n\t<meta name=\"twitter:label2\" content=\"Tiempo de lectura\" \/>\n\t<meta name=\"twitter:data2\" content=\"2 minutos\" \/>\n<script type=\"application\/ld+json\" class=\"yoast-schema-graph\">{\"@context\":\"https:\\\/\\\/schema.org\",\"@graph\":[{\"@type\":\"Article\",\"@id\":\"https:\\\/\\\/casadecampoliving.com\\\/es\\\/reserve-la-fecha-alfy-y-raysa-fanjul-les-invita-al-xxii-esplendor-magico-por-la-vida-de-mir-sab-19-de-enero-2013\\\/#article\",\"isPartOf\":{\"@id\":\"https:\\\/\\\/casadecampoliving.com\\\/es\\\/reserve-la-fecha-alfy-y-raysa-fanjul-les-invita-al-xxii-esplendor-magico-por-la-vida-de-mir-sab-19-de-enero-2013\\\/\"},\"author\":{\"name\":\"\",\"@id\":\"https:\\\/\\\/casadecampoliving.com\\\/es\\\/#\\\/schema\\\/person\\\/7e3b975d584a5f6ac0fd7128a81b0bc5\"},\"headline\":\"Reserve la fecha! Alfy y Raysa Fanjul les invita al XXII Esplendor M\u00e1gico por la Vida de MIR: s\u00e1b 19 de enero, 2013\",\"datePublished\":\"2012-10-07T04:00:00+00:00\",\"dateModified\":\"2022-10-21T22:44:37+00:00\",\"mainEntityOfPage\":{\"@id\":\"https:\\\/\\\/casadecampoliving.com\\\/es\\\/reserve-la-fecha-alfy-y-raysa-fanjul-les-invita-al-xxii-esplendor-magico-por-la-vida-de-mir-sab-19-de-enero-2013\\\/\"},\"wordCount\":446,\"publisher\":{\"@id\":\"https:\\\/\\\/casadecampoliving.com\\\/es\\\/#organization\"},\"image\":{\"@id\":\"https:\\\/\\\/casadecampoliving.com\\\/es\\\/reserve-la-fecha-alfy-y-raysa-fanjul-les-invita-al-xxii-esplendor-magico-por-la-vida-de-mir-sab-19-de-enero-2013\\\/#primaryimage\"},\"thumbnailUrl\":\"https:\\\/\\\/i0.wp.com\\\/casadecampoliving.com\\\/wp-content\\\/uploads\\\/2022\\\/10\\\/fundacion_MIR-3.jpg?fit=650%2C445&ssl=1\",\"keywords\":[\"Casa Grande\",\"esplendor magico por la vida\",\"Fundacion MIR\"],\"articleSection\":[\"Estilo de Vida\",\"Eventos\",\"Fundaci\u00f3n MIR @es\",\"Fundaciones\",\"Noticias Locales\",\"Proximamente\",\"Rep\u00fablica Dominicana @es\",\"Titulares\"],\"inLanguage\":\"es\"},{\"@type\":\"WebPage\",\"@id\":\"https:\\\/\\\/casadecampoliving.com\\\/es\\\/reserve-la-fecha-alfy-y-raysa-fanjul-les-invita-al-xxii-esplendor-magico-por-la-vida-de-mir-sab-19-de-enero-2013\\\/\",\"url\":\"https:\\\/\\\/casadecampoliving.com\\\/es\\\/reserve-la-fecha-alfy-y-raysa-fanjul-les-invita-al-xxii-esplendor-magico-por-la-vida-de-mir-sab-19-de-enero-2013\\\/\",\"name\":\"Reserve la fecha! Alfy y Raysa Fanjul les invita al XXII Esplendor M\u00e1gico por la Vida de MIR: s\u00e1b 19 de enero, 2013 | Casa de Campo Living\",\"isPartOf\":{\"@id\":\"https:\\\/\\\/casadecampoliving.com\\\/es\\\/#website\"},\"primaryImageOfPage\":{\"@id\":\"https:\\\/\\\/casadecampoliving.com\\\/es\\\/reserve-la-fecha-alfy-y-raysa-fanjul-les-invita-al-xxii-esplendor-magico-por-la-vida-de-mir-sab-19-de-enero-2013\\\/#primaryimage\"},\"image\":{\"@id\":\"https:\\\/\\\/casadecampoliving.com\\\/es\\\/reserve-la-fecha-alfy-y-raysa-fanjul-les-invita-al-xxii-esplendor-magico-por-la-vida-de-mir-sab-19-de-enero-2013\\\/#primaryimage\"},\"thumbnailUrl\":\"https:\\\/\\\/i0.wp.com\\\/casadecampoliving.com\\\/wp-content\\\/uploads\\\/2022\\\/10\\\/fundacion_MIR-3.jpg?fit=650%2C445&ssl=1\",\"datePublished\":\"2012-10-07T04:00:00+00:00\",\"dateModified\":\"2022-10-21T22:44:37+00:00\",\"description\":\"Reserve la fecha! El XXII Esplendor M\u00e1gico Por La Vida de la Fundaci\u00f3n MIR est\u00e1 pautado para el s\u00e1bado 19 de enero de 2013. Este a\u00f1o, el Esplendor M\u00e1gico\",\"breadcrumb\":{\"@id\":\"https:\\\/\\\/casadecampoliving.com\\\/es\\\/reserve-la-fecha-alfy-y-raysa-fanjul-les-invita-al-xxii-esplendor-magico-por-la-vida-de-mir-sab-19-de-enero-2013\\\/#breadcrumb\"},\"inLanguage\":\"es\",\"potentialAction\":[{\"@type\":\"ReadAction\",\"target\":[\"https:\\\/\\\/casadecampoliving.com\\\/es\\\/reserve-la-fecha-alfy-y-raysa-fanjul-les-invita-al-xxii-esplendor-magico-por-la-vida-de-mir-sab-19-de-enero-2013\\\/\"]}]},{\"@type\":\"ImageObject\",\"inLanguage\":\"es\",\"@id\":\"https:\\\/\\\/casadecampoliving.com\\\/es\\\/reserve-la-fecha-alfy-y-raysa-fanjul-les-invita-al-xxii-esplendor-magico-por-la-vida-de-mir-sab-19-de-enero-2013\\\/#primaryimage\",\"url\":\"https:\\\/\\\/i0.wp.com\\\/casadecampoliving.com\\\/wp-content\\\/uploads\\\/2022\\\/10\\\/fundacion_MIR-3.jpg?fit=650%2C445&ssl=1\",\"contentUrl\":\"https:\\\/\\\/i0.wp.com\\\/casadecampoliving.com\\\/wp-content\\\/uploads\\\/2022\\\/10\\\/fundacion_MIR-3.jpg?fit=650%2C445&ssl=1\",\"width\":650,\"height\":445,\"caption\":\"fundacion MIR\"},{\"@type\":\"BreadcrumbList\",\"@id\":\"https:\\\/\\\/casadecampoliving.com\\\/es\\\/reserve-la-fecha-alfy-y-raysa-fanjul-les-invita-al-xxii-esplendor-magico-por-la-vida-de-mir-sab-19-de-enero-2013\\\/#breadcrumb\",\"itemListElement\":[{\"@type\":\"ListItem\",\"position\":1,\"name\":\"Home\",\"item\":\"https:\\\/\\\/casadecampoliving.com\\\/es\\\/\"},{\"@type\":\"ListItem\",\"position\":2,\"name\":\"Reserve la fecha! Alfy y Raysa Fanjul les invita al XXII Esplendor M\u00e1gico por la Vida de MIR: s\u00e1b 19 de enero, 2013\"}]},{\"@type\":\"WebSite\",\"@id\":\"https:\\\/\\\/casadecampoliving.com\\\/es\\\/#website\",\"url\":\"https:\\\/\\\/casadecampoliving.com\\\/es\\\/\",\"name\":\"Casa de Campo Living\",\"description\":\"Resort community news and resources.\",\"publisher\":{\"@id\":\"https:\\\/\\\/casadecampoliving.com\\\/es\\\/#organization\"},\"potentialAction\":[{\"@type\":\"SearchAction\",\"target\":{\"@type\":\"EntryPoint\",\"urlTemplate\":\"https:\\\/\\\/casadecampoliving.com\\\/es\\\/?s={search_term_string}\"},\"query-input\":{\"@type\":\"PropertyValueSpecification\",\"valueRequired\":true,\"valueName\":\"search_term_string\"}}],\"inLanguage\":\"es\"},{\"@type\":\"Organization\",\"@id\":\"https:\\\/\\\/casadecampoliving.com\\\/es\\\/#organization\",\"name\":\"Casa de Campo Living\",\"url\":\"https:\\\/\\\/casadecampoliving.com\\\/es\\\/\",\"logo\":{\"@type\":\"ImageObject\",\"inLanguage\":\"es\",\"@id\":\"https:\\\/\\\/casadecampoliving.com\\\/es\\\/#\\\/schema\\\/logo\\\/image\\\/\",\"url\":\"https:\\\/\\\/i0.wp.com\\\/casadecampoliving.com\\\/wp-content\\\/uploads\\\/2022\\\/07\\\/CDCLivingLogo_V1-white-sized.png?fit=800%2C214&ssl=1\",\"contentUrl\":\"https:\\\/\\\/i0.wp.com\\\/casadecampoliving.com\\\/wp-content\\\/uploads\\\/2022\\\/07\\\/CDCLivingLogo_V1-white-sized.png?fit=800%2C214&ssl=1\",\"width\":800,\"height\":214,\"caption\":\"Casa de Campo Living\"},\"image\":{\"@id\":\"https:\\\/\\\/casadecampoliving.com\\\/es\\\/#\\\/schema\\\/logo\\\/image\\\/\"},\"sameAs\":[\"https:\\\/\\\/www.facebook.com\\\/casadecampoliving\",\"https:\\\/\\\/x.com\\\/cdcliving\"]},{\"@type\":\"Person\",\"@id\":\"https:\\\/\\\/casadecampoliving.com\\\/es\\\/#\\\/schema\\\/person\\\/7e3b975d584a5f6ac0fd7128a81b0bc5\",\"name\":\"\",\"image\":{\"@type\":\"ImageObject\",\"inLanguage\":\"es\",\"@id\":\"https:\\\/\\\/secure.gravatar.com\\\/avatar\\\/?s=96&d=mm&r=g\",\"url\":\"https:\\\/\\\/secure.gravatar.com\\\/avatar\\\/?s=96&d=mm&r=g\",\"contentUrl\":\"https:\\\/\\\/secure.gravatar.com\\\/avatar\\\/?s=96&d=mm&r=g\"},\"url\":\"https:\\\/\\\/casadecampoliving.com\\\/es\\\/author\\\/ \\\/\"}]}<\/script>\n<!-- \/ Yoast SEO plugin. -->","yoast_head_json":{"title":"Reserve la fecha! Alfy y Raysa Fanjul les invita al XXII Esplendor M\u00e1gico por la Vida de MIR: s\u00e1b 19 de enero, 2013 | Casa de Campo Living","description":"Reserve la fecha! El XXII Esplendor M\u00e1gico Por La Vida de la Fundaci\u00f3n MIR est\u00e1 pautado para el s\u00e1bado 19 de enero de 2013. Este a\u00f1o, el Esplendor M\u00e1gico","robots":{"index":"index","follow":"follow","max-snippet":"max-snippet:-1","max-image-preview":"max-image-preview:large","max-video-preview":"max-video-preview:-1"},"canonical":"https:\/\/casadecampoliving.com\/es\/reserve-la-fecha-alfy-y-raysa-fanjul-les-invita-al-xxii-esplendor-magico-por-la-vida-de-mir-sab-19-de-enero-2013\/","og_locale":"es_ES","og_type":"article","og_title":"Reserve la fecha! Alfy y Raysa Fanjul les invita al XXII Esplendor M\u00e1gico por la Vida de MIR: s\u00e1b 19 de enero, 2013 | Casa de Campo Living","og_description":"Reserve la fecha! El XXII Esplendor M\u00e1gico Por La Vida de la Fundaci\u00f3n MIR est\u00e1 pautado para el s\u00e1bado 19 de enero de 2013. Este a\u00f1o, el Esplendor M\u00e1gico","og_url":"https:\/\/casadecampoliving.com\/es\/reserve-la-fecha-alfy-y-raysa-fanjul-les-invita-al-xxii-esplendor-magico-por-la-vida-de-mir-sab-19-de-enero-2013\/","og_site_name":"Casa de Campo Living","article_publisher":"https:\/\/www.facebook.com\/casadecampoliving","article_published_time":"2012-10-07T04:00:00+00:00","article_modified_time":"2022-10-21T22:44:37+00:00","og_image":[{"width":650,"height":445,"url":"https:\/\/i0.wp.com\/casadecampoliving.com\/wp-content\/uploads\/2022\/10\/fundacion_MIR-3.jpg?fit=650%2C445&ssl=1","type":"image\/jpeg"}],"twitter_card":"summary_large_image","twitter_creator":"@cdcliving","twitter_site":"@cdcliving","twitter_misc":{"Escrito por":"","Tiempo de lectura":"2 minutos"},"schema":{"@context":"https:\/\/schema.org","@graph":[{"@type":"Article","@id":"https:\/\/casadecampoliving.com\/es\/reserve-la-fecha-alfy-y-raysa-fanjul-les-invita-al-xxii-esplendor-magico-por-la-vida-de-mir-sab-19-de-enero-2013\/#article","isPartOf":{"@id":"https:\/\/casadecampoliving.com\/es\/reserve-la-fecha-alfy-y-raysa-fanjul-les-invita-al-xxii-esplendor-magico-por-la-vida-de-mir-sab-19-de-enero-2013\/"},"author":{"name":"","@id":"https:\/\/casadecampoliving.com\/es\/#\/schema\/person\/7e3b975d584a5f6ac0fd7128a81b0bc5"},"headline":"Reserve la fecha! Alfy y Raysa Fanjul les invita al XXII Esplendor M\u00e1gico por la Vida de MIR: s\u00e1b 19 de enero, 2013","datePublished":"2012-10-07T04:00:00+00:00","dateModified":"2022-10-21T22:44:37+00:00","mainEntityOfPage":{"@id":"https:\/\/casadecampoliving.com\/es\/reserve-la-fecha-alfy-y-raysa-fanjul-les-invita-al-xxii-esplendor-magico-por-la-vida-de-mir-sab-19-de-enero-2013\/"},"wordCount":446,"publisher":{"@id":"https:\/\/casadecampoliving.com\/es\/#organization"},"image":{"@id":"https:\/\/casadecampoliving.com\/es\/reserve-la-fecha-alfy-y-raysa-fanjul-les-invita-al-xxii-esplendor-magico-por-la-vida-de-mir-sab-19-de-enero-2013\/#primaryimage"},"thumbnailUrl":"https:\/\/i0.wp.com\/casadecampoliving.com\/wp-content\/uploads\/2022\/10\/fundacion_MIR-3.jpg?fit=650%2C445&ssl=1","keywords":["Casa Grande","esplendor magico por la vida","Fundacion MIR"],"articleSection":["Estilo de Vida","Eventos","Fundaci\u00f3n MIR @es","Fundaciones","Noticias Locales","Proximamente","Rep\u00fablica Dominicana @es","Titulares"],"inLanguage":"es"},{"@type":"WebPage","@id":"https:\/\/casadecampoliving.com\/es\/reserve-la-fecha-alfy-y-raysa-fanjul-les-invita-al-xxii-esplendor-magico-por-la-vida-de-mir-sab-19-de-enero-2013\/","url":"https:\/\/casadecampoliving.com\/es\/reserve-la-fecha-alfy-y-raysa-fanjul-les-invita-al-xxii-esplendor-magico-por-la-vida-de-mir-sab-19-de-enero-2013\/","name":"Reserve la fecha! Alfy y Raysa Fanjul les invita al XXII Esplendor M\u00e1gico por la Vida de MIR: s\u00e1b 19 de enero, 2013 | Casa de Campo Living","isPartOf":{"@id":"https:\/\/casadecampoliving.com\/es\/#website"},"primaryImageOfPage":{"@id":"https:\/\/casadecampoliving.com\/es\/reserve-la-fecha-alfy-y-raysa-fanjul-les-invita-al-xxii-esplendor-magico-por-la-vida-de-mir-sab-19-de-enero-2013\/#primaryimage"},"image":{"@id":"https:\/\/casadecampoliving.com\/es\/reserve-la-fecha-alfy-y-raysa-fanjul-les-invita-al-xxii-esplendor-magico-por-la-vida-de-mir-sab-19-de-enero-2013\/#primaryimage"},"thumbnailUrl":"https:\/\/i0.wp.com\/casadecampoliving.com\/wp-content\/uploads\/2022\/10\/fundacion_MIR-3.jpg?fit=650%2C445&ssl=1","datePublished":"2012-10-07T04:00:00+00:00","dateModified":"2022-10-21T22:44:37+00:00","description":"Reserve la fecha! El XXII Esplendor M\u00e1gico Por La Vida de la Fundaci\u00f3n MIR est\u00e1 pautado para el s\u00e1bado 19 de enero de 2013. Este a\u00f1o, el Esplendor M\u00e1gico","breadcrumb":{"@id":"https:\/\/casadecampoliving.com\/es\/reserve-la-fecha-alfy-y-raysa-fanjul-les-invita-al-xxii-esplendor-magico-por-la-vida-de-mir-sab-19-de-enero-2013\/#breadcrumb"},"inLanguage":"es","potentialAction":[{"@type":"ReadAction","target":["https:\/\/casadecampoliving.com\/es\/reserve-la-fecha-alfy-y-raysa-fanjul-les-invita-al-xxii-esplendor-magico-por-la-vida-de-mir-sab-19-de-enero-2013\/"]}]},{"@type":"ImageObject","inLanguage":"es","@id":"https:\/\/casadecampoliving.com\/es\/reserve-la-fecha-alfy-y-raysa-fanjul-les-invita-al-xxii-esplendor-magico-por-la-vida-de-mir-sab-19-de-enero-2013\/#primaryimage","url":"https:\/\/i0.wp.com\/casadecampoliving.com\/wp-content\/uploads\/2022\/10\/fundacion_MIR-3.jpg?fit=650%2C445&ssl=1","contentUrl":"https:\/\/i0.wp.com\/casadecampoliving.com\/wp-content\/uploads\/2022\/10\/fundacion_MIR-3.jpg?fit=650%2C445&ssl=1","width":650,"height":445,"caption":"fundacion MIR"},{"@type":"BreadcrumbList","@id":"https:\/\/casadecampoliving.com\/es\/reserve-la-fecha-alfy-y-raysa-fanjul-les-invita-al-xxii-esplendor-magico-por-la-vida-de-mir-sab-19-de-enero-2013\/#breadcrumb","itemListElement":[{"@type":"ListItem","position":1,"name":"Home","item":"https:\/\/casadecampoliving.com\/es\/"},{"@type":"ListItem","position":2,"name":"Reserve la fecha! Alfy y Raysa Fanjul les invita al XXII Esplendor M\u00e1gico por la Vida de MIR: s\u00e1b 19 de enero, 2013"}]},{"@type":"WebSite","@id":"https:\/\/casadecampoliving.com\/es\/#website","url":"https:\/\/casadecampoliving.com\/es\/","name":"Casa de Campo Living","description":"Resort community news and resources.","publisher":{"@id":"https:\/\/casadecampoliving.com\/es\/#organization"},"potentialAction":[{"@type":"SearchAction","target":{"@type":"EntryPoint","urlTemplate":"https:\/\/casadecampoliving.com\/es\/?s={search_term_string}"},"query-input":{"@type":"PropertyValueSpecification","valueRequired":true,"valueName":"search_term_string"}}],"inLanguage":"es"},{"@type":"Organization","@id":"https:\/\/casadecampoliving.com\/es\/#organization","name":"Casa de Campo Living","url":"https:\/\/casadecampoliving.com\/es\/","logo":{"@type":"ImageObject","inLanguage":"es","@id":"https:\/\/casadecampoliving.com\/es\/#\/schema\/logo\/image\/","url":"https:\/\/i0.wp.com\/casadecampoliving.com\/wp-content\/uploads\/2022\/07\/CDCLivingLogo_V1-white-sized.png?fit=800%2C214&ssl=1","contentUrl":"https:\/\/i0.wp.com\/casadecampoliving.com\/wp-content\/uploads\/2022\/07\/CDCLivingLogo_V1-white-sized.png?fit=800%2C214&ssl=1","width":800,"height":214,"caption":"Casa de Campo Living"},"image":{"@id":"https:\/\/casadecampoliving.com\/es\/#\/schema\/logo\/image\/"},"sameAs":["https:\/\/www.facebook.com\/casadecampoliving","https:\/\/x.com\/cdcliving"]},{"@type":"Person","@id":"https:\/\/casadecampoliving.com\/es\/#\/schema\/person\/7e3b975d584a5f6ac0fd7128a81b0bc5","name":"","image":{"@type":"ImageObject","inLanguage":"es","@id":"https:\/\/secure.gravatar.com\/avatar\/?s=96&d=mm&r=g","url":"https:\/\/secure.gravatar.com\/avatar\/?s=96&d=mm&r=g","contentUrl":"https:\/\/secure.gravatar.com\/avatar\/?s=96&d=mm&r=g"},"url":"https:\/\/casadecampoliving.com\/es\/author\/ \/"}]}},"parsely":{"version":"1.1.0","canonical_url":"https:\/\/casadecampoliving.com\/es\/reserve-la-fecha-alfy-y-raysa-fanjul-les-invita-al-xxii-esplendor-magico-por-la-vida-de-mir-sab-19-de-enero-2013\/","smart_links":{"inbound":0,"outbound":0},"traffic_boost_suggestions_count":0,"meta":{"@context":"https:\/\/schema.org","@type":"NewsArticle","headline":"Reserve la fecha! Alfy y Raysa Fanjul les invita al XXII Esplendor M\u00e1gico por la Vida de MIR: s\u00e1b 19 de enero, 2013","url":"http:\/\/casadecampoliving.com\/es\/reserve-la-fecha-alfy-y-raysa-fanjul-les-invita-al-xxii-esplendor-magico-por-la-vida-de-mir-sab-19-de-enero-2013\/","mainEntityOfPage":{"@type":"WebPage","@id":"http:\/\/casadecampoliving.com\/es\/reserve-la-fecha-alfy-y-raysa-fanjul-les-invita-al-xxii-esplendor-magico-por-la-vida-de-mir-sab-19-de-enero-2013\/"},"thumbnailUrl":"https:\/\/i0.wp.com\/casadecampoliving.com\/wp-content\/uploads\/2022\/10\/fundacion_MIR-3.jpg?resize=150%2C150&ssl=1","image":{"@type":"ImageObject","url":"https:\/\/i0.wp.com\/casadecampoliving.com\/wp-content\/uploads\/2022\/10\/fundacion_MIR-3.jpg?fit=650%2C445&ssl=1"},"articleSection":"Estilo de Vida","author":[{"@type":"Person","name":"FB_515917546"}],"creator":["FB_515917546"],"publisher":{"@type":"Organization","name":"Casa de Campo Living","logo":"https:\/\/casadecampoliving.com\/wp-content\/uploads\/2022\/07\/CDCLivingLogo_V1-white-sized.png"},"keywords":["casa grande","esplendor magico por la vida","fundacion mir"],"dateCreated":"2012-10-07T04:00:00Z","datePublished":"2012-10-07T04:00:00Z","dateModified":"2022-10-21T22:44:37Z"},"rendered":"<script type=\"application\/ld+json\" class=\"wp-parsely-metadata\">{\"@context\":\"https:\\\/\\\/schema.org\",\"@type\":\"NewsArticle\",\"headline\":\"Reserve la fecha! Alfy y Raysa Fanjul les invita al XXII Esplendor M\\u00e1gico por la Vida de MIR: s\\u00e1b 19 de enero, 2013\",\"url\":\"http:\\\/\\\/casadecampoliving.com\\\/es\\\/reserve-la-fecha-alfy-y-raysa-fanjul-les-invita-al-xxii-esplendor-magico-por-la-vida-de-mir-sab-19-de-enero-2013\\\/\",\"mainEntityOfPage\":{\"@type\":\"WebPage\",\"@id\":\"http:\\\/\\\/casadecampoliving.com\\\/es\\\/reserve-la-fecha-alfy-y-raysa-fanjul-les-invita-al-xxii-esplendor-magico-por-la-vida-de-mir-sab-19-de-enero-2013\\\/\"},\"thumbnailUrl\":\"https:\\\/\\\/i0.wp.com\\\/casadecampoliving.com\\\/wp-content\\\/uploads\\\/2022\\\/10\\\/fundacion_MIR-3.jpg?resize=150%2C150&ssl=1\",\"image\":{\"@type\":\"ImageObject\",\"url\":\"https:\\\/\\\/i0.wp.com\\\/casadecampoliving.com\\\/wp-content\\\/uploads\\\/2022\\\/10\\\/fundacion_MIR-3.jpg?fit=650%2C445&ssl=1\"},\"articleSection\":\"Estilo de Vida\",\"author\":[{\"@type\":\"Person\",\"name\":\"FB_515917546\"}],\"creator\":[\"FB_515917546\"],\"publisher\":{\"@type\":\"Organization\",\"name\":\"Casa de Campo Living\",\"logo\":\"https:\\\/\\\/casadecampoliving.com\\\/wp-content\\\/uploads\\\/2022\\\/07\\\/CDCLivingLogo_V1-white-sized.png\"},\"keywords\":[\"casa grande\",\"esplendor magico por la vida\",\"fundacion mir\"],\"dateCreated\":\"2012-10-07T04:00:00Z\",\"datePublished\":\"2012-10-07T04:00:00Z\",\"dateModified\":\"2022-10-21T22:44:37Z\"}<\/script>","tracker_url":"https:\/\/cdn.parsely.com\/keys\/casadecampoliving.com\/p.js"},"jetpack_publicize_connections":[],"jetpack_featured_media_url":"https:\/\/i0.wp.com\/casadecampoliving.com\/wp-content\/uploads\/2022\/10\/fundacion_MIR-3.jpg?fit=650%2C445&ssl=1","jetpack-related-posts":[{"id":345664,"url":"https:\/\/casadecampoliving.com\/es\/raysa-alfy-fanjul-los-invita-celebrar-xxv-aniversario\/","url_meta":{"origin":339879,"position":0},"title":"Raysa &#038; Alfy Fanjul los invita a celebrar el XXV aniversario de Fundaci\u00f3n MIR","author":"Maria Isabel B\u00e1ez","date":"15 Oct, 2014","format":false,"excerpt":"Algo grandioso y muy especial se aproxima\u2026 \u00a1es el vigesimoquinto aniversario de Fundaci\u00f3n MIR! En enero del 2015, el s\u00e1bado 17 de Enero para ser m\u00e1s exactos, la Fundaci\u00f3n MIR estar\u00e1 celebrando su aniversario n\u00famero 25 \u00a0con su gala y desfile de modas Esplendor M\u00e1gico Por la Vida, que en\u2026","rel":"","context":"En \u00abCasa de Campo Living @es\u00bb","block_context":{"text":"Casa de Campo Living @es","link":"https:\/\/casadecampoliving.com\/category\/casa-de-campo-living-es\/"},"img":{"alt_text":"Lian Fanjul de Azqueta Alfy Fanjul Raysa Fanjul","src":"https:\/\/i0.wp.com\/casadecampoliving.com\/wp-content\/uploads\/2022\/10\/lian_fanjul_de_azqueta-alfy_fanjul-raysa_fanjul-1.png?fit=721%2C516&ssl=1&resize=350%2C200","width":350,"height":200,"srcset":"https:\/\/i0.wp.com\/casadecampoliving.com\/wp-content\/uploads\/2022\/10\/lian_fanjul_de_azqueta-alfy_fanjul-raysa_fanjul-1.png?fit=721%2C516&ssl=1&resize=350%2C200 1x, https:\/\/i0.wp.com\/casadecampoliving.com\/wp-content\/uploads\/2022\/10\/lian_fanjul_de_azqueta-alfy_fanjul-raysa_fanjul-1.png?fit=721%2C516&ssl=1&resize=525%2C300 1.5x, https:\/\/i0.wp.com\/casadecampoliving.com\/wp-content\/uploads\/2022\/10\/lian_fanjul_de_azqueta-alfy_fanjul-raysa_fanjul-1.png?fit=721%2C516&ssl=1&resize=700%2C400 2x"},"classes":[]},{"id":343416,"url":"https:\/\/casadecampoliving.com\/es\/raysa-alfy-franjul-esplendor-magico\/","url_meta":{"origin":339879,"position":1},"title":"Raysa y Alfy Fanjul los invitan al Esplendor M\u00e1gico por la Vida","author":"Perkin Agramonte","date":"9 Dic, 2013","format":false,"excerpt":"\u00a1Anota la fecha! Porque la vig\u00e9simo tercera entrega de Esplendor M\u00e1gico por la Vida por la Fundaci\u00f3n MIR esta pactado para el 18 de enero del 2014. Este a\u00f1o, Esplendor M\u00e1gico por la Vida Fundaci\u00f3n MIR, uno de los eventos sociales m\u00e1s elegantes y que m\u00e1s fondos recauda para la\u2026","rel":"","context":"En \u00abDestacados\u00bb","block_context":{"text":"Destacados","link":"https:\/\/casadecampoliving.com\/es\/category\/destacados\/"},"img":{"alt_text":"Fundacion MIR Angel Sanchez fashion show","src":"https:\/\/i0.wp.com\/casadecampoliving.com\/wp-content\/uploads\/2022\/10\/fundacion_MIR_angel_sanchez1-1.jpg?fit=650%2C550&ssl=1&resize=350%2C200","width":350,"height":200,"srcset":"https:\/\/i0.wp.com\/casadecampoliving.com\/wp-content\/uploads\/2022\/10\/fundacion_MIR_angel_sanchez1-1.jpg?fit=650%2C550&ssl=1&resize=350%2C200 1x, https:\/\/i0.wp.com\/casadecampoliving.com\/wp-content\/uploads\/2022\/10\/fundacion_MIR_angel_sanchez1-1.jpg?fit=650%2C550&ssl=1&resize=525%2C300 1.5x"},"classes":[]},{"id":345908,"url":"https:\/\/casadecampoliving.com\/es\/una-carta-de-raysa-alfy-fanjul\/","url_meta":{"origin":339879,"position":2},"title":"Una carta de Raysa &#038; Alfy Fanjul","author":"Perkin Agramonte","date":"10 Nov, 2014","format":false,"excerpt":"El pr\u00f3ximo a\u00f1o la Fundaci\u00f3n MIR celebrar\u00e1 su 25 aniversario, y en el d\u00eda de hoy antes de esta ocasi\u00f3n tan especial le traemos una carta de Raysa y Alfy Fanjul, presidentes del Esplendor M\u00e1gico Fundaci\u00f3n MIR que se llevar\u00e1 a cabo\u00a0el s\u00e1bado 17 de enero. Estimados amigos, Es un\u2026","rel":"","context":"En \u00abCasa de Campo Living @es\u00bb","block_context":{"text":"Casa de Campo Living @es","link":"https:\/\/casadecampoliving.com\/category\/casa-de-campo-living-es\/"},"img":{"alt_text":"Alfy Fanjul, Raysa Fanjul","src":"https:\/\/i0.wp.com\/casadecampoliving.com\/wp-content\/uploads\/2022\/10\/Alfy_Fanjul_Raysa_Fanjul-1.jpg?fit=650%2C461&ssl=1&resize=350%2C200","width":350,"height":200,"srcset":"https:\/\/i0.wp.com\/casadecampoliving.com\/wp-content\/uploads\/2022\/10\/Alfy_Fanjul_Raysa_Fanjul-1.jpg?fit=650%2C461&ssl=1&resize=350%2C200 1x, https:\/\/i0.wp.com\/casadecampoliving.com\/wp-content\/uploads\/2022\/10\/Alfy_Fanjul_Raysa_Fanjul-1.jpg?fit=650%2C461&ssl=1&resize=525%2C300 1.5x"},"classes":[]},{"id":348297,"url":"https:\/\/casadecampoliving.com\/es\/reserve-la-fecha-gala-esplendor-magico-fundacion-mir\/","url_meta":{"origin":339879,"position":3},"title":"Reserve la Fecha: Gala Esplendor M\u00e1gico Fundaci\u00f3n MIR","author":"Perkin Agramonte","date":"22 Sep, 2015","format":false,"excerpt":"Reserve la fecha! La\u00a026\u00ba edici\u00f3n del\u00a0Esplendor M\u00e1gico Fundaci\u00f3n MIR est\u00e1 pautado para el s\u00e1bado 23 de enero de 2016. Este a\u00f1o, el Esplendor M\u00e1gico Fundaci\u00f3n MIR, uno de los eventos sociales y ocasiones ben\u00e9ficas de Casa de Campo m\u00e1s elegantes, ser\u00e1 m\u00e1s glamuroso que nunca \u2013 con el principal evento\u2026","rel":"","context":"En \u00abCasa de Campo Living @es\u00bb","block_context":{"text":"Casa de Campo Living @es","link":"https:\/\/casadecampoliving.com\/category\/casa-de-campo-living-es\/"},"img":{"alt_text":"","src":"https:\/\/i0.wp.com\/casadecampoliving.com\/wp-content\/uploads\/2022\/10\/Magical_Splendor-1.png?fit=650%2C450&ssl=1&resize=350%2C200","width":350,"height":200,"srcset":"https:\/\/i0.wp.com\/casadecampoliving.com\/wp-content\/uploads\/2022\/10\/Magical_Splendor-1.png?fit=650%2C450&ssl=1&resize=350%2C200 1x, https:\/\/i0.wp.com\/casadecampoliving.com\/wp-content\/uploads\/2022\/10\/Magical_Splendor-1.png?fit=650%2C450&ssl=1&resize=525%2C300 1.5x"},"classes":[]},{"id":354184,"url":"https:\/\/casadecampoliving.com\/es\/reserve-la-fecha-31a-gala-esplendor-magico-por-la-vida-de-la-fundacion-mir-en-enero-de-2022\/","url_meta":{"origin":339879,"position":4},"title":"POSPUESTO: 31a Gala Esplendor M\u00e1gico por la Vida de la Fundaci\u00f3n MIR 2022","author":"Casa de Campo Living","date":"28 Oct, 2021","format":false,"excerpt":"ACTUALIZACI\u00d3N: Desafortunadamente, debido a la \u00faltima ola de Covid, la Gala se pospone hasta que el evento pueda llevarse a cabo de manera segura. Le informaremos tan pronto como tengamos una nueva fecha. \u00a1Reserva la fecha! El 31\u00ba Gala Esplendor M\u00e1gico por la Vida de la Fundaci\u00f3n MIR est\u00e1 programado\u2026","rel":"","context":"En \u00abCasa de Campo Living @es\u00bb","block_context":{"text":"Casa de Campo Living @es","link":"https:\/\/casadecampoliving.com\/category\/casa-de-campo-living-es\/"},"img":{"alt_text":"","src":"https:\/\/i0.wp.com\/casadecampoliving.com\/wp-content\/uploads\/2022\/10\/BDC_3686-1.jpg?fit=1000%2C667&ssl=1&resize=350%2C200","width":350,"height":200,"srcset":"https:\/\/i0.wp.com\/casadecampoliving.com\/wp-content\/uploads\/2022\/10\/BDC_3686-1.jpg?fit=1000%2C667&ssl=1&resize=350%2C200 1x, https:\/\/i0.wp.com\/casadecampoliving.com\/wp-content\/uploads\/2022\/10\/BDC_3686-1.jpg?fit=1000%2C667&ssl=1&resize=525%2C300 1.5x, https:\/\/i0.wp.com\/casadecampoliving.com\/wp-content\/uploads\/2022\/10\/BDC_3686-1.jpg?fit=1000%2C667&ssl=1&resize=700%2C400 2x"},"classes":[]},{"id":350808,"url":"https:\/\/casadecampoliving.com\/es\/gala-esplendor-magico-de-la-fundacion-mir-en-enero\/","url_meta":{"origin":339879,"position":5},"title":"\u00a1Marquen la fecha en su calendario para la Gala Esplendor M\u00e1gico de la Fundaci\u00f3n MIR en enero!","author":"Heather Lincoln","date":"14 Nov, 2016","format":false,"excerpt":"El evento anual de recaudaci\u00f3n de fondos Gala Esplendor M\u00e1gico por la Vida, organizado por Alfy y Raysa Fanjul, atrae a un sin n\u00famero de personas de la comunidad y de las areas cercanas al\u00a0resort de Casa de Campo. Entre las actividades de ese d\u00eda, est\u00e1n\u00a0un torneo de golf que\u2026","rel":"","context":"En \u00abArte y cultura\u00bb","block_context":{"text":"Arte y cultura","link":"https:\/\/casadecampoliving.com\/category\/arte-y-cultura\/"},"img":{"alt_text":"Magical Splendor for Life Gala 2016","src":"https:\/\/i0.wp.com\/casadecampoliving.com\/wp-content\/uploads\/2022\/10\/Raysa_Alfy_Lian_Fanjul-e1479155290644.jpg?fit=1000%2C666&ssl=1&resize=350%2C200","width":350,"height":200,"srcset":"https:\/\/i0.wp.com\/casadecampoliving.com\/wp-content\/uploads\/2022\/10\/Raysa_Alfy_Lian_Fanjul-e1479155290644.jpg?fit=1000%2C666&ssl=1&resize=350%2C200 1x, https:\/\/i0.wp.com\/casadecampoliving.com\/wp-content\/uploads\/2022\/10\/Raysa_Alfy_Lian_Fanjul-e1479155290644.jpg?fit=1000%2C666&ssl=1&resize=525%2C300 1.5x, https:\/\/i0.wp.com\/casadecampoliving.com\/wp-content\/uploads\/2022\/10\/Raysa_Alfy_Lian_Fanjul-e1479155290644.jpg?fit=1000%2C666&ssl=1&resize=700%2C400 2x"},"classes":[]}],"jetpack_sharing_enabled":true,"_links":{"self":[{"href":"https:\/\/casadecampoliving.com\/es\/wp-json\/wp\/v2\/posts\/339879","targetHints":{"allow":["GET"]}}],"collection":[{"href":"https:\/\/casadecampoliving.com\/es\/wp-json\/wp\/v2\/posts"}],"about":[{"href":"https:\/\/casadecampoliving.com\/es\/wp-json\/wp\/v2\/types\/post"}],"author":[{"embeddable":true,"href":"https:\/\/casadecampoliving.com\/es\/wp-json\/wp\/v2\/users\/21"}],"replies":[{"embeddable":true,"href":"https:\/\/casadecampoliving.com\/es\/wp-json\/wp\/v2\/comments?post=339879"}],"version-history":[{"count":1,"href":"https:\/\/casadecampoliving.com\/es\/wp-json\/wp\/v2\/posts\/339879\/revisions"}],"predecessor-version":[{"id":339880,"href":"https:\/\/casadecampoliving.com\/es\/wp-json\/wp\/v2\/posts\/339879\/revisions\/339880"}],"wp:featuredmedia":[{"embeddable":true,"href":"https:\/\/casadecampoliving.com\/es\/wp-json\/wp\/v2\/media\/222631"}],"wp:attachment":[{"href":"https:\/\/casadecampoliving.com\/es\/wp-json\/wp\/v2\/media?parent=339879"}],"wp:term":[{"taxonomy":"category","embeddable":true,"href":"https:\/\/casadecampoliving.com\/es\/wp-json\/wp\/v2\/categories?post=339879"},{"taxonomy":"post_tag","embeddable":true,"href":"https:\/\/casadecampoliving.com\/es\/wp-json\/wp\/v2\/tags?post=339879"},{"taxonomy":"newspack_spnsrs_tax","embeddable":true,"href":"https:\/\/casadecampoliving.com\/es\/wp-json\/wp\/v2\/newspack_spnsrs_tax?post=339879"}],"curies":[{"name":"wp","href":"https:\/\/api.w.org\/{rel}","templated":true}]}}